{"id":77270,"date":"2023-08-18T15:47:51","date_gmt":"2023-08-18T13:47:51","guid":{"rendered":"https:\/\/visionarymarketing.com\/?p=77270"},"modified":"2023-10-05T09:09:41","modified_gmt":"2023-10-05T07:09:41","slug":"ia-generative-photographie","status":"publish","type":"post","link":"https:\/\/visionarymarketing.com\/fr\/2023\/08\/18\/ia-generative-photographie\/","title":{"rendered":"L&rsquo;IA g\u00e9n\u00e9rative et son impact sur la photographie"},"content":{"rendered":"<p><em>L&rsquo;IA g\u00e9n\u00e9rative pourrait-elle changer la donne pour la photographie et les photographes ? La photographie existe depuis plus d&rsquo;un si\u00e8cle et repose sur la cr\u00e9ativit\u00e9 et le savoir-faire des photographes. Mais que se passera-t-il avec l&rsquo;arriv\u00e9e d&rsquo;applications d&rsquo;IA g\u00e9n\u00e9rative qui peuvent <a href=\"https:\/\/visionarymarketing.com\/fr\/2023\/06\/ia-et-marketing\/\">cr\u00e9er des photos<\/a> en quelques secondes ? Voici un billet de r\u00e9flexion sur le sujet \u00e9crit par Emilie L\u00e9ger sous notre supervision.<\/em><\/p>\n<h2>IA, intelligence artificielle g\u00e9n\u00e9rative et photographie<\/h2>\n<figure id=\"attachment_15114\" aria-describedby=\"caption-attachment-15114\" style=\"width: 960px\" class=\"wp-caption aligncenter\"><img decoding=\"async\" class=\"wp-image-15114 size-large\" src=\"https:\/\/visionarymarketing.com\/wp-content\/uploads\/2023\/08\/ygourven-the-impact-of-gen-ai-on-photography-3-ba058169-2ade-446f-b2c9-206b419217dd-e1692366628978.jpg\" alt=\"IA g\u00e9n\u00e9rative et photographie\" width=\"960\" height=\"640\" \/><figcaption id=\"caption-attachment-15114\" class=\"wp-caption-text\">Nous avons demand\u00e9 \u00e0 Midjourney de traiter le sujet de \u00ab\u00a0l&rsquo;impact de l&rsquo;IA sur la photographie\u00a0\u00bb. J&rsquo;ai choisi cette image parmi les quatre g\u00e9n\u00e9r\u00e9es par l&rsquo;IA. Bien que la qualit\u00e9 visuelle soit ind\u00e9niable et que la vitesse de cr\u00e9ation d&rsquo;images soit impressionnante, j&rsquo;ai encore des doutes concernant l&rsquo;esth\u00e9tique, le ressenti et la valeur artistique de ces images produites par l&rsquo;IA. Il y a quelque chose dans les photographies authentiques que l&rsquo;IA semble ne pas saisir. Cela dit, j&rsquo;appr\u00e9cie particuli\u00e8rement l&rsquo;effet des p\u00e9tales en mouvement, si c&rsquo;est bien ce que cela repr\u00e9sente.<\/figcaption><\/figure>\n<p><!--more--><\/p>\n<h3>IA g\u00e9n\u00e9rative pour cr\u00e9ation rapide de contenus divers<\/h3>\n<p>\u00ab <a href=\"https:\/\/www.nvidia.com\/en-us\/glossary\/data-science\/generative-ai\/#:~:text=What%20is%20Generative%20AI%3F,or%20other%20types%20of%20data.\">L\u2019IA Generative<\/a> permet aux utilisateurs de g\u00e9n\u00e9rer rapidement de nouveaux contenus sur la base d\u2019une vari\u00e9t\u00e9 de crit\u00e8res (prompt et switches). Les entr\u00e9es et sorties de ces mod\u00e8les peuvent inclure du texte, des images, des sons, des animations, des mod\u00e8les 3D ou d\u2019autres types de donn\u00e9es \u00bb [source : Nvidia.com] En utilisant des donn\u00e9es existantes et r\u00e9centes, cette IA combine ces informations pour g\u00e9n\u00e9rer des r\u00e9sultats. Initialement form\u00e9e sur des donn\u00e9es existantes, l&rsquo;IA g\u00e9n\u00e9rative \u00e9volue ensuite en autonomie. Bien que cette notion puisse sembler nouvelle, certaines formes d&rsquo;IA remontent aux ann\u00e9es 1960. Par exemple, le programme ELIZA, cr\u00e9\u00e9 par Joseph Weizenbaum au MIT, a marqu\u00e9 le d\u00e9but de la communication humain-machine. Cependant, les progr\u00e8s depuis lors sont notables : en 2014, l&rsquo;av\u00e8nement des r\u00e9seaux antagonistes g\u00e9n\u00e9ratifs a lanc\u00e9 une \u00e8re d&rsquo;innovation. Ces r\u00e9seaux ont permis aux machines d&rsquo;\u00e9laborer leurs propres algorithmes d&rsquo;apprentissage, autorisant la cr\u00e9ation d&rsquo;images, de sons et d&rsquo;animations, r\u00e9alisant ainsi un tour de force technologique.<\/p>\n<p><a href=\"https:\/\/antimuseum.com\/fr\/2023\/08\/18\/impact-de-lia-sur-la-photographie-et-au-dela\/\" target=\"_blank\" rel=\"noopener\">Lire la suite<\/a> sur l&rsquo;Antimus\u00e9e.<\/p>\n","protected":false},"excerpt":{"rendered":"<p>L&rsquo;IA g\u00e9n\u00e9rative pourrait-elle changer la donne pour la photographie et les photographes ? La photographie existe depuis plus d&rsquo;un si\u00e8cle et repose sur la cr\u00e9ativit\u00e9 et le savoir-faire des photographes. Mais que se passera-t-il avec l&rsquo;arriv\u00e9e d&rsquo;applications d&rsquo;IA g\u00e9n\u00e9rative qui peuvent cr\u00e9er des photos en quelques secondes ? Voici un billet de r\u00e9flexion sur le &hellip;<\/p>\n","protected":false},"author":2,"featured_media":77276,"comment_status":"open","ping_status":"open","sticky":false,"template":"","format":"standard","meta":{"footnotes":""},"categories":[2852],"tags":[],"class_list":["post-77270","post","type-post","status-publish","format-standard","has-post-thumbnail","hentry","category-content-marketing"],"yoast_head":"<!-- This site is optimized with the Yoast SEO plugin v27.4 - https:\/\/yoast.com\/product\/yoast-seo-wordpress\/ -->\n<title>IA g\u00e9n\u00e9rative photographie : impact et cons\u00e9quences ?<\/title>\n<meta name=\"description\" content=\"L&#039;IA g\u00e9n\u00e9rative pourrait-elle changer la donne pour la photographie ? La photographie repose sur la cr\u00e9ativit\u00e9 des photographes\" \/>\n<meta name=\"robots\" content=\"index, follow, max-snippet:-1, max-image-preview:large, max-video-preview:-1\" \/>\n<link rel=\"canonical\" href=\"https:\/\/visionarymarketing.com\/fr\/2023\/08\/18\/ia-generative-photographie\/\" \/>\n<meta property=\"og:locale\" content=\"fr_FR\" \/>\n<meta property=\"og:type\" content=\"article\" \/>\n<meta property=\"og:title\" content=\"IA g\u00e9n\u00e9rative photographie : impact et cons\u00e9quences ?\" \/>\n<meta property=\"og:description\" content=\"L&#039;IA g\u00e9n\u00e9rative pourrait-elle changer la donne pour la photographie ? La photographie repose sur la cr\u00e9ativit\u00e9 des photographes\" \/>\n<meta property=\"og:url\" content=\"https:\/\/visionarymarketing.com\/fr\/2023\/08\/18\/ia-generative-photographie\/\" \/>\n<meta property=\"og:site_name\" content=\"Marketing and Innovation\" \/>\n<meta property=\"article:publisher\" content=\"https:\/\/www.facebook.com\/vismktg\" \/>\n<meta property=\"article:author\" content=\"http:\/\/facebook.com\/ygourven\" \/>\n<meta property=\"article:published_time\" content=\"2023-08-18T13:47:51+00:00\" \/>\n<meta property=\"article:modified_time\" content=\"2023-10-05T07:09:41+00:00\" \/>\n<meta property=\"og:image\" content=\"https:\/\/visionarymarketing.com\/wp-content\/uploads\/2023\/08\/ygourven-the-impact-of-gen-ai-on-photography-3-ba058169-2ade-446f-b2c9-206b419217dd-e1692366628978.jpg\" \/>\n\t<meta property=\"og:image:width\" content=\"520\" \/>\n\t<meta property=\"og:image:height\" content=\"347\" \/>\n\t<meta property=\"og:image:type\" content=\"image\/jpeg\" \/>\n<meta name=\"author\" content=\"Yann Gourvennec\" \/>\n<meta name=\"twitter:card\" content=\"summary_large_image\" \/>\n<meta name=\"twitter:creator\" content=\"@ygourven\" \/>\n<meta name=\"twitter:site\" content=\"@ygourven\" \/>\n<meta name=\"twitter:label1\" content=\"\u00c9crit par\" \/>\n\t<meta name=\"twitter:data1\" content=\"Yann Gourvennec\" \/>\n\t<meta name=\"twitter:label2\" content=\"Dur\u00e9e de lecture estim\u00e9e\" \/>\n\t<meta name=\"twitter:data2\" content=\"2 minutes\" \/>\n<script type=\"application\/ld+json\" class=\"yoast-schema-graph\">{\"@context\":\"https:\\\/\\\/schema.org\",\"@graph\":[{\"@type\":\"NewsArticle\",\"@id\":\"https:\\\/\\\/visionarymarketing.com\\\/fr\\\/2023\\\/08\\\/18\\\/ia-generative-photographie\\\/#article\",\"isPartOf\":{\"@id\":\"https:\\\/\\\/visionarymarketing.com\\\/fr\\\/2023\\\/08\\\/18\\\/ia-generative-photographie\\\/\"},\"author\":{\"name\":\"Yann Gourvennec\",\"@id\":\"https:\\\/\\\/visionarymarketing.com\\\/fr\\\/#\\\/schema\\\/person\\\/3754fee1e558f47b8deb46f53c37423e\"},\"headline\":\"L&rsquo;IA g\u00e9n\u00e9rative et son impact sur la photographie\",\"datePublished\":\"2023-08-18T13:47:51+00:00\",\"dateModified\":\"2023-10-05T07:09:41+00:00\",\"mainEntityOfPage\":{\"@id\":\"https:\\\/\\\/visionarymarketing.com\\\/fr\\\/2023\\\/08\\\/18\\\/ia-generative-photographie\\\/\"},\"wordCount\":423,\"commentCount\":1,\"image\":{\"@id\":\"https:\\\/\\\/visionarymarketing.com\\\/fr\\\/2023\\\/08\\\/18\\\/ia-generative-photographie\\\/#primaryimage\"},\"thumbnailUrl\":\"https:\\\/\\\/visionarymarketing.com\\\/wp-content\\\/uploads\\\/2023\\\/08\\\/ygourven-the-impact-of-gen-ai-on-photography-3-ba058169-2ade-446f-b2c9-206b419217dd-e1692366628978.jpg\",\"articleSection\":[\"Content Marketing\"],\"inLanguage\":\"fr-FR\",\"potentialAction\":[{\"@type\":\"CommentAction\",\"name\":\"Comment\",\"target\":[\"https:\\\/\\\/visionarymarketing.com\\\/fr\\\/2023\\\/08\\\/18\\\/ia-generative-photographie\\\/#respond\"]}]},{\"@type\":\"WebPage\",\"@id\":\"https:\\\/\\\/visionarymarketing.com\\\/fr\\\/2023\\\/08\\\/18\\\/ia-generative-photographie\\\/\",\"url\":\"https:\\\/\\\/visionarymarketing.com\\\/fr\\\/2023\\\/08\\\/18\\\/ia-generative-photographie\\\/\",\"name\":\"IA g\u00e9n\u00e9rative photographie : impact et cons\u00e9quences ?\",\"isPartOf\":{\"@id\":\"https:\\\/\\\/visionarymarketing.com\\\/fr\\\/#website\"},\"primaryImageOfPage\":{\"@id\":\"https:\\\/\\\/visionarymarketing.com\\\/fr\\\/2023\\\/08\\\/18\\\/ia-generative-photographie\\\/#primaryimage\"},\"image\":{\"@id\":\"https:\\\/\\\/visionarymarketing.com\\\/fr\\\/2023\\\/08\\\/18\\\/ia-generative-photographie\\\/#primaryimage\"},\"thumbnailUrl\":\"https:\\\/\\\/visionarymarketing.com\\\/wp-content\\\/uploads\\\/2023\\\/08\\\/ygourven-the-impact-of-gen-ai-on-photography-3-ba058169-2ade-446f-b2c9-206b419217dd-e1692366628978.jpg\",\"datePublished\":\"2023-08-18T13:47:51+00:00\",\"dateModified\":\"2023-10-05T07:09:41+00:00\",\"author\":{\"@id\":\"https:\\\/\\\/visionarymarketing.com\\\/fr\\\/#\\\/schema\\\/person\\\/3754fee1e558f47b8deb46f53c37423e\"},\"description\":\"L'IA g\u00e9n\u00e9rative pourrait-elle changer la donne pour la photographie ? La photographie repose sur la cr\u00e9ativit\u00e9 des photographes\",\"breadcrumb\":{\"@id\":\"https:\\\/\\\/visionarymarketing.com\\\/fr\\\/2023\\\/08\\\/18\\\/ia-generative-photographie\\\/#breadcrumb\"},\"inLanguage\":\"fr-FR\",\"potentialAction\":[{\"@type\":\"ReadAction\",\"target\":[\"https:\\\/\\\/visionarymarketing.com\\\/fr\\\/2023\\\/08\\\/18\\\/ia-generative-photographie\\\/\"]}]},{\"@type\":\"ImageObject\",\"inLanguage\":\"fr-FR\",\"@id\":\"https:\\\/\\\/visionarymarketing.com\\\/fr\\\/2023\\\/08\\\/18\\\/ia-generative-photographie\\\/#primaryimage\",\"url\":\"https:\\\/\\\/visionarymarketing.com\\\/wp-content\\\/uploads\\\/2023\\\/08\\\/ygourven-the-impact-of-gen-ai-on-photography-3-ba058169-2ade-446f-b2c9-206b419217dd-e1692366628978.jpg\",\"contentUrl\":\"https:\\\/\\\/visionarymarketing.com\\\/wp-content\\\/uploads\\\/2023\\\/08\\\/ygourven-the-impact-of-gen-ai-on-photography-3-ba058169-2ade-446f-b2c9-206b419217dd-e1692366628978.jpg\",\"width\":520,\"height\":347},{\"@type\":\"BreadcrumbList\",\"@id\":\"https:\\\/\\\/visionarymarketing.com\\\/fr\\\/2023\\\/08\\\/18\\\/ia-generative-photographie\\\/#breadcrumb\",\"itemListElement\":[{\"@type\":\"ListItem\",\"position\":1,\"name\":\"Home\",\"item\":\"https:\\\/\\\/visionarymarketing.com\\\/fr\\\/\"},{\"@type\":\"ListItem\",\"position\":2,\"name\":\"L&rsquo;IA g\u00e9n\u00e9rative et son impact sur la photographie\"}]},{\"@type\":\"WebSite\",\"@id\":\"https:\\\/\\\/visionarymarketing.com\\\/fr\\\/#website\",\"url\":\"https:\\\/\\\/visionarymarketing.com\\\/fr\\\/\",\"name\":\"Marketing and Innovation\",\"description\":\"Site d&#039;infos ind\u00e9pendant, depuis 1996\",\"potentialAction\":[{\"@type\":\"SearchAction\",\"target\":{\"@type\":\"EntryPoint\",\"urlTemplate\":\"https:\\\/\\\/visionarymarketing.com\\\/fr\\\/?s={search_term_string}\"},\"query-input\":{\"@type\":\"PropertyValueSpecification\",\"valueRequired\":true,\"valueName\":\"search_term_string\"}}],\"inLanguage\":\"fr-FR\"},{\"@type\":\"Person\",\"@id\":\"https:\\\/\\\/visionarymarketing.com\\\/fr\\\/#\\\/schema\\\/person\\\/3754fee1e558f47b8deb46f53c37423e\",\"name\":\"Yann Gourvennec\",\"image\":{\"@type\":\"ImageObject\",\"inLanguage\":\"fr-FR\",\"@id\":\"https:\\\/\\\/secure.gravatar.com\\\/avatar\\\/5972001801e8de5692a3e31224e85769f50a55fb8b679749f9c8d1868cceff14?s=96&d=initials&r=g&initials=yg\",\"url\":\"https:\\\/\\\/secure.gravatar.com\\\/avatar\\\/5972001801e8de5692a3e31224e85769f50a55fb8b679749f9c8d1868cceff14?s=96&d=initials&r=g&initials=yg\",\"contentUrl\":\"https:\\\/\\\/secure.gravatar.com\\\/avatar\\\/5972001801e8de5692a3e31224e85769f50a55fb8b679749f9c8d1868cceff14?s=96&d=initials&r=g&initials=yg\",\"caption\":\"Yann Gourvennec\"},\"description\":\"Yann Gourvennec created visionarymarketing.com in 1996. He is a speaker and author of many books. In 2014 he went from intrapreneur to entrepreneur, when he created his digital marketing agency. Yann Gourvennec a cr\u00e9\u00e9 visionarymarketing.com en 1996. Il est conf\u00e9rencier et auteur de plusieurs livres. En 2014, il est pass\u00e9 d'intrapreneur \u00e0 entrepreneur en cr\u00e9ant son agence de marketing num\u00e9rique.\",\"sameAs\":[\"https:\\\/\\\/visionarymarketing.com\",\"http:\\\/\\\/facebook.com\\\/ygourven\",\"http:\\\/\\\/linkedin.com\\\/in\\\/ygourven\",\"https:\\\/\\\/x.com\\\/ygourven\",\"https:\\\/\\\/www.youtube.com\\\/c\\\/visionarymarketingagency\"],\"url\":\"https:\\\/\\\/visionarymarketing.com\\\/fr\\\/author\\\/yann-gourvennec\\\/\"}]}<\/script>\n<!-- \/ Yoast SEO plugin. -->","yoast_head_json":{"title":"IA g\u00e9n\u00e9rative photographie : impact et cons\u00e9quences ?","description":"L'IA g\u00e9n\u00e9rative pourrait-elle changer la donne pour la photographie ? La photographie repose sur la cr\u00e9ativit\u00e9 des photographes","robots":{"index":"index","follow":"follow","max-snippet":"max-snippet:-1","max-image-preview":"max-image-preview:large","max-video-preview":"max-video-preview:-1"},"canonical":"https:\/\/visionarymarketing.com\/fr\/2023\/08\/18\/ia-generative-photographie\/","og_locale":"fr_FR","og_type":"article","og_title":"IA g\u00e9n\u00e9rative photographie : impact et cons\u00e9quences ?","og_description":"L'IA g\u00e9n\u00e9rative pourrait-elle changer la donne pour la photographie ? La photographie repose sur la cr\u00e9ativit\u00e9 des photographes","og_url":"https:\/\/visionarymarketing.com\/fr\/2023\/08\/18\/ia-generative-photographie\/","og_site_name":"Marketing and Innovation","article_publisher":"https:\/\/www.facebook.com\/vismktg","article_author":"http:\/\/facebook.com\/ygourven","article_published_time":"2023-08-18T13:47:51+00:00","article_modified_time":"2023-10-05T07:09:41+00:00","og_image":[{"width":520,"height":347,"url":"https:\/\/visionarymarketing.com\/wp-content\/uploads\/2023\/08\/ygourven-the-impact-of-gen-ai-on-photography-3-ba058169-2ade-446f-b2c9-206b419217dd-e1692366628978.jpg","type":"image\/jpeg"}],"author":"Yann Gourvennec","twitter_card":"summary_large_image","twitter_creator":"@ygourven","twitter_site":"@ygourven","twitter_misc":{"\u00c9crit par":"Yann Gourvennec","Dur\u00e9e de lecture estim\u00e9e":"2 minutes"},"schema":{"@context":"https:\/\/schema.org","@graph":[{"@type":"NewsArticle","@id":"https:\/\/visionarymarketing.com\/fr\/2023\/08\/18\/ia-generative-photographie\/#article","isPartOf":{"@id":"https:\/\/visionarymarketing.com\/fr\/2023\/08\/18\/ia-generative-photographie\/"},"author":{"name":"Yann Gourvennec","@id":"https:\/\/visionarymarketing.com\/fr\/#\/schema\/person\/3754fee1e558f47b8deb46f53c37423e"},"headline":"L&rsquo;IA g\u00e9n\u00e9rative et son impact sur la photographie","datePublished":"2023-08-18T13:47:51+00:00","dateModified":"2023-10-05T07:09:41+00:00","mainEntityOfPage":{"@id":"https:\/\/visionarymarketing.com\/fr\/2023\/08\/18\/ia-generative-photographie\/"},"wordCount":423,"commentCount":1,"image":{"@id":"https:\/\/visionarymarketing.com\/fr\/2023\/08\/18\/ia-generative-photographie\/#primaryimage"},"thumbnailUrl":"https:\/\/visionarymarketing.com\/wp-content\/uploads\/2023\/08\/ygourven-the-impact-of-gen-ai-on-photography-3-ba058169-2ade-446f-b2c9-206b419217dd-e1692366628978.jpg","articleSection":["Content Marketing"],"inLanguage":"fr-FR","potentialAction":[{"@type":"CommentAction","name":"Comment","target":["https:\/\/visionarymarketing.com\/fr\/2023\/08\/18\/ia-generative-photographie\/#respond"]}]},{"@type":"WebPage","@id":"https:\/\/visionarymarketing.com\/fr\/2023\/08\/18\/ia-generative-photographie\/","url":"https:\/\/visionarymarketing.com\/fr\/2023\/08\/18\/ia-generative-photographie\/","name":"IA g\u00e9n\u00e9rative photographie : impact et cons\u00e9quences ?","isPartOf":{"@id":"https:\/\/visionarymarketing.com\/fr\/#website"},"primaryImageOfPage":{"@id":"https:\/\/visionarymarketing.com\/fr\/2023\/08\/18\/ia-generative-photographie\/#primaryimage"},"image":{"@id":"https:\/\/visionarymarketing.com\/fr\/2023\/08\/18\/ia-generative-photographie\/#primaryimage"},"thumbnailUrl":"https:\/\/visionarymarketing.com\/wp-content\/uploads\/2023\/08\/ygourven-the-impact-of-gen-ai-on-photography-3-ba058169-2ade-446f-b2c9-206b419217dd-e1692366628978.jpg","datePublished":"2023-08-18T13:47:51+00:00","dateModified":"2023-10-05T07:09:41+00:00","author":{"@id":"https:\/\/visionarymarketing.com\/fr\/#\/schema\/person\/3754fee1e558f47b8deb46f53c37423e"},"description":"L'IA g\u00e9n\u00e9rative pourrait-elle changer la donne pour la photographie ? La photographie repose sur la cr\u00e9ativit\u00e9 des photographes","breadcrumb":{"@id":"https:\/\/visionarymarketing.com\/fr\/2023\/08\/18\/ia-generative-photographie\/#breadcrumb"},"inLanguage":"fr-FR","potentialAction":[{"@type":"ReadAction","target":["https:\/\/visionarymarketing.com\/fr\/2023\/08\/18\/ia-generative-photographie\/"]}]},{"@type":"ImageObject","inLanguage":"fr-FR","@id":"https:\/\/visionarymarketing.com\/fr\/2023\/08\/18\/ia-generative-photographie\/#primaryimage","url":"https:\/\/visionarymarketing.com\/wp-content\/uploads\/2023\/08\/ygourven-the-impact-of-gen-ai-on-photography-3-ba058169-2ade-446f-b2c9-206b419217dd-e1692366628978.jpg","contentUrl":"https:\/\/visionarymarketing.com\/wp-content\/uploads\/2023\/08\/ygourven-the-impact-of-gen-ai-on-photography-3-ba058169-2ade-446f-b2c9-206b419217dd-e1692366628978.jpg","width":520,"height":347},{"@type":"BreadcrumbList","@id":"https:\/\/visionarymarketing.com\/fr\/2023\/08\/18\/ia-generative-photographie\/#breadcrumb","itemListElement":[{"@type":"ListItem","position":1,"name":"Home","item":"https:\/\/visionarymarketing.com\/fr\/"},{"@type":"ListItem","position":2,"name":"L&rsquo;IA g\u00e9n\u00e9rative et son impact sur la photographie"}]},{"@type":"WebSite","@id":"https:\/\/visionarymarketing.com\/fr\/#website","url":"https:\/\/visionarymarketing.com\/fr\/","name":"Marketing and Innovation","description":"Site d&#039;infos ind\u00e9pendant, depuis 1996","potentialAction":[{"@type":"SearchAction","target":{"@type":"EntryPoint","urlTemplate":"https:\/\/visionarymarketing.com\/fr\/?s={search_term_string}"},"query-input":{"@type":"PropertyValueSpecification","valueRequired":true,"valueName":"search_term_string"}}],"inLanguage":"fr-FR"},{"@type":"Person","@id":"https:\/\/visionarymarketing.com\/fr\/#\/schema\/person\/3754fee1e558f47b8deb46f53c37423e","name":"Yann Gourvennec","image":{"@type":"ImageObject","inLanguage":"fr-FR","@id":"https:\/\/secure.gravatar.com\/avatar\/5972001801e8de5692a3e31224e85769f50a55fb8b679749f9c8d1868cceff14?s=96&d=initials&r=g&initials=yg","url":"https:\/\/secure.gravatar.com\/avatar\/5972001801e8de5692a3e31224e85769f50a55fb8b679749f9c8d1868cceff14?s=96&d=initials&r=g&initials=yg","contentUrl":"https:\/\/secure.gravatar.com\/avatar\/5972001801e8de5692a3e31224e85769f50a55fb8b679749f9c8d1868cceff14?s=96&d=initials&r=g&initials=yg","caption":"Yann Gourvennec"},"description":"Yann Gourvennec created visionarymarketing.com in 1996. He is a speaker and author of many books. In 2014 he went from intrapreneur to entrepreneur, when he created his digital marketing agency. Yann Gourvennec a cr\u00e9\u00e9 visionarymarketing.com en 1996. Il est conf\u00e9rencier et auteur de plusieurs livres. En 2014, il est pass\u00e9 d'intrapreneur \u00e0 entrepreneur en cr\u00e9ant son agence de marketing num\u00e9rique.","sameAs":["https:\/\/visionarymarketing.com","http:\/\/facebook.com\/ygourven","http:\/\/linkedin.com\/in\/ygourven","https:\/\/x.com\/ygourven","https:\/\/www.youtube.com\/c\/visionarymarketingagency"],"url":"https:\/\/visionarymarketing.com\/fr\/author\/yann-gourvennec\/"}]}},"_links":{"self":[{"href":"https:\/\/visionarymarketing.com\/fr\/wp-json\/wp\/v2\/posts\/77270","targetHints":{"allow":["GET"]}}],"collection":[{"href":"https:\/\/visionarymarketing.com\/fr\/wp-json\/wp\/v2\/posts"}],"about":[{"href":"https:\/\/visionarymarketing.com\/fr\/wp-json\/wp\/v2\/types\/post"}],"author":[{"embeddable":true,"href":"https:\/\/visionarymarketing.com\/fr\/wp-json\/wp\/v2\/users\/2"}],"replies":[{"embeddable":true,"href":"https:\/\/visionarymarketing.com\/fr\/wp-json\/wp\/v2\/comments?post=77270"}],"version-history":[{"count":0,"href":"https:\/\/visionarymarketing.com\/fr\/wp-json\/wp\/v2\/posts\/77270\/revisions"}],"wp:featuredmedia":[{"embeddable":true,"href":"https:\/\/visionarymarketing.com\/fr\/wp-json\/wp\/v2\/media\/77276"}],"wp:attachment":[{"href":"https:\/\/visionarymarketing.com\/fr\/wp-json\/wp\/v2\/media?parent=77270"}],"wp:term":[{"taxonomy":"category","embeddable":true,"href":"https:\/\/visionarymarketing.com\/fr\/wp-json\/wp\/v2\/categories?post=77270"},{"taxonomy":"post_tag","embeddable":true,"href":"https:\/\/visionarymarketing.com\/fr\/wp-json\/wp\/v2\/tags?post=77270"}],"curies":[{"name":"wp","href":"https:\/\/api.w.org\/{rel}","templated":true}]}}