{"id":76921,"date":"2023-07-03T09:42:56","date_gmt":"2023-07-03T07:42:56","guid":{"rendered":"https:\/\/visionarymarketing.com\/?p=76921"},"modified":"2023-07-03T09:42:56","modified_gmt":"2023-07-03T07:42:56","slug":"digital-nomad","status":"publish","type":"post","link":"https:\/\/visionarymarketing.com\/fr\/2023\/07\/03\/digital-nomad\/","title":{"rendered":"Dans la peau d&rsquo;un \u00ab\u00a0digital nomad \u00bb"},"content":{"rendered":"<p><em>J\u2019ai r\u00e9ussi \u00e0 attraper Mony Chhim entre deux voyages, car Mony est un \u00ab\u2009digital nomad\u2009\u00bb. Mony est auteur d\u2019un podcast bien connu dans le domaine du marketing\u00a0B2B et j\u2019ai d\u2019ailleurs eu la chance d\u2019y participer. Mony fait partie de cette nouvelle g\u00e9n\u00e9ration de travailleurs nomades qu\u2019on appelle \u00ab\u2009digital nomads\u2009\u00bb. J\u2019ai voulu qu\u2019il m\u2019explique sa vie de nomade et pourquoi pas, de nous encourager \u00e0 faire de m\u00eame.<\/em><\/p>\n<h2>Dans la peau d\u2019un \u00ab\u2009digital nomad\u2009\u00bb avec Mony Chhim<\/h2>\n<figure id=\"attachment_76923\" aria-describedby=\"caption-attachment-76923\" style=\"width: 519px\" class=\"wp-caption aligncenter\"><img decoding=\"async\" class=\"size-full wp-image-76923\" src=\"https:\/\/visionarymarketing.com\/wp-content\/uploads\/2023\/07\/digital-nomad-v1-e1688366364287.jpg\" alt=\"Digital Nomad\" width=\"519\" height=\"340\" srcset=\"https:\/\/visionarymarketing.com\/wp-content\/uploads\/2023\/07\/digital-nomad-v1-e1688366364287.jpg 519w, https:\/\/visionarymarketing.com\/wp-content\/uploads\/2023\/07\/digital-nomad-v1-e1688366364287-458x300.jpg 458w\" sizes=\"(max-width: 519px) 100vw, 519px\" \/><figcaption id=\"caption-attachment-76923\" class=\"wp-caption-text\">Pour beaucoup, la vie d\u2019un digital nomad est la caricature d\u2019un touriste qui fait semblant de travailler depuis la plage, mais la r\u00e9alit\u00e9 est tout autre. C\u2019est ce que nous a expliqu\u00e9 Mony Chhim, auteur du podcast du marketing\u00a0B2B \u2014 image produite avec Midjourney.<\/figcaption><\/figure>\n<h3>Alors, un digital nomad, est-ce un touriste qui fait semblant de travailler\u2009?<\/h3>\n<p><strong>MC<\/strong>. (Rires) il y en a qui croient qu\u2019un digital nomad c\u2019est quelqu\u2019un qui travaille au bord de la piscine en buvant des cocktails. Mais ce n\u2019est pas la v\u00e9rit\u00e9.<\/p>\n<p><!--more--><\/p>\n<p>Ce qui m\u2019a pouss\u00e9 \u00e0 devenir digital nomad, c\u2019est la lecture du livre la semaine de 4\u00a0h de Timothy Ferriss. Il y parlait de la possibilit\u00e9 de vivre et de travailler \u00e0 distance [NDLR dans le langage des nomades, on dit \u00ab\u2009en remote\u2009\u00bb].<\/p>\n<p>C\u2019est un livre qui est sorti en 2007 et depuis cinq ans j\u2019ai adopt\u00e9 ce style de vie.<\/p>\n<figure id=\"attachment_76924\" aria-describedby=\"caption-attachment-76924\" style=\"width: 520px\" class=\"wp-caption aligncenter\"><img decoding=\"async\" class=\"size-full wp-image-76924\" src=\"https:\/\/visionarymarketing.com\/wp-content\/uploads\/2023\/07\/digital-nomad-v2.jpg\" alt=\"digital nomad\" width=\"520\" height=\"340\" srcset=\"https:\/\/visionarymarketing.com\/wp-content\/uploads\/2023\/07\/digital-nomad-v2.jpg 520w, https:\/\/visionarymarketing.com\/wp-content\/uploads\/2023\/07\/digital-nomad-v2-459x300.jpg 459w\" sizes=\"(max-width: 520px) 100vw, 520px\" \/><figcaption id=\"caption-attachment-76924\" class=\"wp-caption-text\">Une image plus r\u00e9aliste, plus po\u00e9tique et sans doute aussi plus proche de la v\u00e9rit\u00e9. Une digital nomad tr\u00e8s concentr\u00e9e qui travaille dans le patio d\u2019une maison orientale. Cela ne vous fait-il pas r\u00eaver\u2009? \u2014 image produite avec Midjourney.<\/figcaption><\/figure>\n<h3>As-tu r\u00e9ussi \u00e0 travailler 4\u00a0heures par semaine\u2009?<\/h3>\n<p><strong>MC.<\/strong> J\u2019avoue que j\u2019ai eu quelques semaines de 4\u00a0h par moment. Cela m\u2019est arriv\u00e9 et c\u2019\u00e9tait chouette. Mais je pense que pour bien d\u00e9velopper un business, bien s\u2019occuper de ses clients, g\u00e9rer son podcast, et cetera il faut travailler plus.<\/p>\n<blockquote class=\"quote-light\"><p>Pour bien d\u00e9velopper son business, il faut travailler plus de 4\u00a0heures et j\u2019aime travailler\u2009!<\/p><\/blockquote>\n<p><iframe style=\"border-radius: 12px;\" src=\"https:\/\/open.spotify.com\/embed\/show\/0WkW5QsYrF94Af6U1hDdYO?utm_source=generator\" width=\"850\" height=\"352\" frameborder=\"0\" allowfullscreen=\"allowfullscreen\"><span data-mce-type=\"bookmark\" style=\"display: inline-block; width: 0px; overflow: hidden; line-height: 0;\" class=\"mce_SELRES_start\">\ufeff<\/span><\/iframe><\/p>\n<p>Ce qui me plaisait c\u2019\u00e9tait la notion de faire un job digital qui me plaise \u00e9norm\u00e9ment et en m\u00eame temps pouvoir vivre dans diff\u00e9rents pays. Pas juste passer des vacances \u00e0 un endroit, mais vivre plusieurs mois \u00e0 l\u2019\u00e9tranger et me sentir presque comme un natif du pays.<\/p>\n<h3>Dans quels pays as-tu travaill\u00e9\u2009?<\/h3>\n<p><strong>MC.<\/strong> Je ne suis pas un digital nomad fou qui change de pays tous les mois. Moi j\u2019ai plus \u00e9t\u00e9 un \u00ab\u2009slowmad\u2009\u00bb. Je suis plus du genre \u00e0 rester plusieurs mois, voire plusieurs ann\u00e9es \u00e0 un endroit.<\/p>\n<p>Je suis all\u00e9 en Ukraine, avant le conflit, j\u2019ai pass\u00e9 du temps en Espagne aussi, \u00e0 Valence, c\u2019est une superbe ville. J\u2019ai pass\u00e9 pas mal de temps en Europe centrale aussi, notamment en Pologne, en Hongrie et en Tch\u00e9quie. Le Portugal a \u00e9t\u00e9 ma base pendant quatre ans. J\u2019ai pass\u00e9 beaucoup de temps \u00e0 Lisbonne qui est en quelque sorte le San Francisco europ\u00e9en.<\/p>\n<p>Il y fait chaud, il fait beau, il y a du surf, et en m\u00eame temps, il y a un \u00e9cosyst\u00e8me d\u2019entrepreneurs, et beaucoup de dynamisme autour du digital. Donc pour moi, c\u2019est vraiment une super exp\u00e9rience.<\/p>\n<h3>Le soleil, un inconv\u00e9nient pour se motiver \u00e0 travailler\u2009?<\/h3>\n<p><strong>MC.<\/strong> Au d\u00e9but de ma vie de digital nomad, j\u2019avais un peu de mal \u00e0 me discipliner et j\u2019avais tendance \u00e0 faire moins d\u2019heures (sans faire 4\u00a0h quand m\u00eame).<\/p>\n<p>\u00c0 un moment donn\u00e9, je me suis rendu compte qu\u2019il \u00e9tait important de se structurer, de se discipliner.<\/p>\n<h3>Que faisais-tu avant \u00e7a\u2009?<\/h3>\n<p><strong>MC.<\/strong> Je suis marketeur depuis sept ans. Avant, j\u2019\u00e9tais ing\u00e9nieur en m\u00e9canique, ce qui n\u2019a rien \u00e0 voir. Un jour, je me suis dit que calculer des structures ce n\u2019\u00e9tait pas assez int\u00e9ressant. C\u2019\u00e9tait un peu trop \u00ab\u2009scientifique et technique\u2009\u00bb pour moi et il me fallait un peu plus de marketing, de Com, un peu plus de business. Et c\u2019est pour cela que je me suis mis dans le marketing digital il y a sept ans.<\/p>\n<p>J\u2019ai appris en autodidacte puis j\u2019ai int\u00e9gr\u00e9 une start up, puis une agence digitale. J\u2019ai appris sur le tas.<\/p>\n<h3>N\u2019est-ce pas un long moment de solitude\u2009?<\/h3>\n<p><strong>MC.<\/strong> Justement, mon truc c\u2019est que je rentre en France assez souvent quand m\u00eame, pour voir ma famille, mais aussi pour aller voir des clients potentiels rencontrer pour la premi\u00e8re fois une deuxi\u00e8me fois et c\u2019est tr\u00e8s bon. C\u2019est chouette.<\/p>\n<p>Tu fais bien d\u2019amener ce sujet. On peut se sentir un peu seul des fois. J\u2019ai plusieurs moyens pour me sentir moins seul. Le premier est d\u2019aller dans des espaces de coworking. On y rencontre des gens, on va d\u00e9jeuner ou d\u00eener avec eux et on se fait des amis. Ensuite, j\u2019ai particip\u00e9 \u00e0 beaucoup de meetups o\u00f9 on rencontre beaucoup de gens qui sont dans le m\u00eame domaine et on va aussi se faire des amis.<\/p>\n<p>Enfin, j\u2019ai int\u00e9gr\u00e9 des collectifs de free-lances et le fait de bosser en \u00e9quipe, on retrouve cette ambiance entreprise. Et du coup, \u00e7a permet de rompre avec la solitude. Effectivement.<\/p>\n<p>Avec mon podcast \u00e9galement je me suis fait beaucoup d\u2019amis et de coll\u00e8gues, j\u2019ai aussi rencontr\u00e9 virtuellement beaucoup de personnes et fait du business gr\u00e2ce \u00e0 LinkedIn. J\u2019ai ainsi eu des rapports avec beaucoup de gens que je n\u2019ai jamais vus dans la vraie vie, c\u2019est marrant cette \u00e9poque quand m\u00eame\u2009!<\/p>\n<h3>Digital nomad, un m\u00e9tier pour tous\u2009?<\/h3>\n<p><strong>MC.<\/strong> Je pense que non. J\u2019ai des amis qui aiment bien leur confort de vie, ils aiment leur canap\u00e9, leurs meubles et ils auraient du mal \u00e0 s\u2019imaginer en digital nomads.<\/p>\n<p>Pour ma part, je suis assez sto\u00efcien, un environnement spartiate ne me d\u00e9range pas du tout, mais ce n\u2019est pas le cas pour tout le monde. Je n\u2019ai plus de livres, je les ai donn\u00e9s ou vendus, je n\u2019ai plus que mon Kindle.<\/p>\n<h3>O\u00f9 as-tu domicili\u00e9 ta soci\u00e9t\u00e9, au Delaware, \u00e0 Dubai\u2009?<\/h3>\n<p><strong>MC.<\/strong> Pas du tout, elle est domicili\u00e9e dans le 8e\u00a0arrondissement de Paris. Tout est digitalis\u00e9. Si, par hasard, je re\u00e7ois des courriers physiques, la soci\u00e9t\u00e9 qui me propose la domiciliation scanne les courriers et me les envoie sur mon espace digital.<\/p>\n<h3>N\u2019y a-t-il pas un peu de jalousie envers les digital nomads\u2009?<\/h3>\n<p><strong>MC.<\/strong> Peut-\u00eatre, mais de mon point de vue, \u00e0 une \u00e9poque j\u2019avais un boulot que je d\u00e9testais. Et pour en sortir, j\u2019ai travaill\u00e9 et pris des risques. Je dirais donc que la plupart des gens peuvent apprendre ce genre de m\u00e9tiers, mais cela n\u00e9cessite une transition. Dans mon cas, cela m\u2019a pris deux ans.<\/p>\n<p>Et puis j\u2019ai appris \u00e0 vivre modestement, en dessous de mes moyens et de temps en temps de me faire plaisir avec une exp\u00e9rience un peu sp\u00e9ciale. Je mets de l\u2019argent de c\u00f4t\u00e9 et je me satisfais de peu.<\/p>\n<p>Il y a des digital nomads qui, avec de tout petits salaires, vivent tr\u00e8s bien en Tha\u00eflande ou ailleurs. Pour ma part, je pr\u00e9f\u00e8re gagner plus. Devenir digital nomad et gagner autant qu\u2019on en a envie n\u2019est pas antinomique.<\/p>\n<div itemscope itemtype=\"http:\/\/schema.org\/AudioObject\"><meta itemprop=\"name\" content=\"Dans la peau d&amp;rsquo;un \u00ab\u00a0digital nomad \u00bb\" \/><meta itemprop=\"uploadDate\" content=\"2023-07-03T09:42:56+02:00\" \/><meta itemprop=\"encodingFormat\" content=\"audio\/mpeg\" \/><meta itemprop=\"duration\" content=\"PT30M29S\" \/><meta itemprop=\"description\" content=\"J\u2019ai r\u00e9ussi \u00e0 attraper Mony Chhim entre deux voyages, car Mony est un \u00ab\u2009digital nomad\u2009\u00bb. Mony est auteur d\u2019un podcast bien connu dans le domaine du marketing\u00a0B2B et j\u2019ai d\u2019ailleurs eu la chance d\u2019y participer. Mony fait partie de cette nouvelle g\u00e9n\u00e9r...\" \/><meta itemprop=\"contentUrl\" content=\"https:\/\/media.blubrry.com\/visionarymarketing_les\/agence.visionarymarketing.com\/files\/podcasts\/2023-07-03-Mony-Chihm-Digital-Nomad.mp3\" \/><meta itemprop=\"contentSize\" content=\"17.6\" \/><div class=\"powerpress_player\" id=\"powerpress_player_2166\"><audio class=\"wp-audio-shortcode\" id=\"audio-76921-1\" preload=\"none\" style=\"width: 100%;\" controls=\"controls\"><source type=\"audio\/mpeg\" src=\"https:\/\/media.blubrry.com\/visionarymarketing_les\/agence.visionarymarketing.com\/files\/podcasts\/2023-07-03-Mony-Chihm-Digital-Nomad.mp3?_=1\" \/><a href=\"https:\/\/media.blubrry.com\/visionarymarketing_les\/agence.visionarymarketing.com\/files\/podcasts\/2023-07-03-Mony-Chihm-Digital-Nomad.mp3\">https:\/\/media.blubrry.com\/visionarymarketing_les\/agence.visionarymarketing.com\/files\/podcasts\/2023-07-03-Mony-Chihm-Digital-Nomad.mp3<\/a><\/audio><\/div><\/div><p class=\"powerpress_links powerpress_links_mp3\" style=\"margin-bottom: 1px !important;\">Podcast: <a href=\"https:\/\/media.blubrry.com\/visionarymarketing_les\/agence.visionarymarketing.com\/files\/podcasts\/2023-07-03-Mony-Chihm-Digital-Nomad.mp3\" class=\"powerpress_link_pinw\" target=\"_blank\" title=\"Play in new window\" onclick=\"return powerpress_pinw('https:\/\/visionarymarketing.com\/fr\/\/?powerpress_pinw=76921-podcast');\" rel=\"nofollow\">Play in new window<\/a> | <a href=\"https:\/\/media.blubrry.com\/visionarymarketing_les\/agence.visionarymarketing.com\/files\/podcasts\/2023-07-03-Mony-Chihm-Digital-Nomad.mp3\" class=\"powerpress_link_d\" title=\"Download\" rel=\"nofollow\" download=\"2023-07-03-Mony-Chihm-Digital-Nomad.mp3\">Download<\/a> (Duration: 30:29 &#8212; 17.6MB)<\/p><p class=\"powerpress_links powerpress_subscribe_links\">Subscribe: <a href=\"https:\/\/itunes.apple.com\/us\/podcast\/visionarymarketing-les-interviews\/id731295319?mt=2&amp;ls=1#episodeGuid=https%3A%2F%2Fvisionarymarketing.com%2F%3Fp%3D76921\" class=\"powerpress_link_subscribe powerpress_link_subscribe_itunes\" target=\"_blank\" title=\"Subscribe on Apple Podcasts\" rel=\"nofollow\">Apple Podcasts<\/a> | <a href=\"https:\/\/open.spotify.com\/show\/52VnZ1mhVSnDs4tQOx7Vuc\" class=\"powerpress_link_subscribe powerpress_link_subscribe_spotify\" target=\"_blank\" title=\"Subscribe on Spotify\" rel=\"nofollow\">Spotify<\/a> | <a href=\"https:\/\/subscribeonandroid.com\/visionarymarketing.com\/fr\/feed\/podcast\/\" class=\"powerpress_link_subscribe powerpress_link_subscribe_android\" target=\"_blank\" title=\"Subscribe on Android\" rel=\"nofollow\">Android<\/a> | <a href=\"https:\/\/visionarymarketing.com\/fr\/feed\/podcast\/\" class=\"powerpress_link_subscribe powerpress_link_subscribe_rss\" target=\"_blank\" title=\"Subscribe via RSS\" rel=\"nofollow\">RSS<\/a><\/p>","protected":false},"excerpt":{"rendered":"<p>J\u2019ai r\u00e9ussi \u00e0 attraper Mony Chhim entre deux voyages, car Mony est un \u00ab\u2009digital nomad\u2009\u00bb. Mony est auteur d\u2019un podcast bien connu dans le domaine du marketing\u00a0B2B et j\u2019ai d\u2019ailleurs eu la chance d\u2019y participer. Mony fait partie de cette nouvelle g\u00e9n\u00e9ration de travailleurs nomades qu\u2019on appelle \u00ab\u2009digital nomads\u2009\u00bb. J\u2019ai voulu qu\u2019il m\u2019explique sa vie &hellip;<\/p>\n","protected":false},"author":2,"featured_media":76924,"comment_status":"open","ping_status":"open","sticky":false,"template":"","format":"standard","meta":{"footnotes":""},"categories":[10],"tags":[],"class_list":["post-76921","post","type-post","status-publish","format-standard","has-post-thumbnail","hentry","category-collaboration-et-teletravail"],"yoast_head":"<!-- This site is optimized with the Yoast SEO plugin v27.5 - https:\/\/yoast.com\/product\/yoast-seo-wordpress\/ -->\n<title>Digital nomad : la vie d&#039;un travailleur nomade vue de l&#039;int\u00e9rieur<\/title>\n<meta name=\"description\" content=\"J&#039;ai r\u00e9ussi \u00e0 attraper Mony Chihm entre deux voyages car Mony est un \u00ab digital nomad \u00bb. Mony est auteur d&#039;un podcast bien connu...\" \/>\n<meta name=\"robots\" content=\"index, follow, max-snippet:-1, max-image-preview:large, max-video-preview:-1\" \/>\n<link rel=\"canonical\" href=\"https:\/\/visionarymarketing.com\/fr\/2023\/07\/03\/digital-nomad\/\" \/>\n<meta property=\"og:locale\" content=\"fr_FR\" \/>\n<meta property=\"og:type\" content=\"article\" \/>\n<meta property=\"og:title\" content=\"Digital nomad : la vie d&#039;un travailleur nomade vue de l&#039;int\u00e9rieur\" \/>\n<meta property=\"og:description\" content=\"J&#039;ai r\u00e9ussi \u00e0 attraper Mony Chihm entre deux voyages car Mony est un \u00ab digital nomad \u00bb. Mony est auteur d&#039;un podcast bien connu...\" \/>\n<meta property=\"og:url\" content=\"https:\/\/visionarymarketing.com\/fr\/2023\/07\/03\/digital-nomad\/\" \/>\n<meta property=\"og:site_name\" content=\"Marketing and Innovation\" \/>\n<meta property=\"article:publisher\" content=\"https:\/\/www.facebook.com\/vismktg\" \/>\n<meta property=\"article:author\" content=\"http:\/\/facebook.com\/ygourven\" \/>\n<meta property=\"article:published_time\" content=\"2023-07-03T07:42:56+00:00\" \/>\n<meta property=\"og:image\" content=\"https:\/\/visionarymarketing.com\/wp-content\/uploads\/2023\/07\/digital-nomad-v2.jpg\" \/>\n\t<meta property=\"og:image:width\" content=\"520\" \/>\n\t<meta property=\"og:image:height\" content=\"340\" \/>\n\t<meta property=\"og:image:type\" content=\"image\/jpeg\" \/>\n<meta name=\"author\" content=\"Yann Gourvennec\" \/>\n<meta name=\"twitter:card\" content=\"summary_large_image\" \/>\n<meta name=\"twitter:creator\" content=\"@ygourven\" \/>\n<meta name=\"twitter:site\" content=\"@ygourven\" \/>\n<meta name=\"twitter:label1\" content=\"\u00c9crit par\" \/>\n\t<meta name=\"twitter:data1\" content=\"Yann Gourvennec\" \/>\n\t<meta name=\"twitter:label2\" content=\"Dur\u00e9e de lecture estim\u00e9e\" \/>\n\t<meta name=\"twitter:data2\" content=\"6 minutes\" \/>\n<script type=\"application\/ld+json\" class=\"yoast-schema-graph\">{\"@context\":\"https:\\\/\\\/schema.org\",\"@graph\":[{\"@type\":\"NewsArticle\",\"@id\":\"https:\\\/\\\/visionarymarketing.com\\\/fr\\\/2023\\\/07\\\/03\\\/digital-nomad\\\/#article\",\"isPartOf\":{\"@id\":\"https:\\\/\\\/visionarymarketing.com\\\/fr\\\/2023\\\/07\\\/03\\\/digital-nomad\\\/\"},\"author\":{\"name\":\"Yann Gourvennec\",\"@id\":\"https:\\\/\\\/visionarymarketing.com\\\/fr\\\/#\\\/schema\\\/person\\\/3754fee1e558f47b8deb46f53c37423e\"},\"headline\":\"Dans la peau d&rsquo;un \u00ab\u00a0digital nomad \u00bb\",\"datePublished\":\"2023-07-03T07:42:56+00:00\",\"mainEntityOfPage\":{\"@id\":\"https:\\\/\\\/visionarymarketing.com\\\/fr\\\/2023\\\/07\\\/03\\\/digital-nomad\\\/\"},\"wordCount\":1286,\"commentCount\":0,\"image\":{\"@id\":\"https:\\\/\\\/visionarymarketing.com\\\/fr\\\/2023\\\/07\\\/03\\\/digital-nomad\\\/#primaryimage\"},\"thumbnailUrl\":\"https:\\\/\\\/visionarymarketing.com\\\/wp-content\\\/uploads\\\/2023\\\/07\\\/digital-nomad-v2.jpg\",\"articleSection\":[\"collaboration \\\/ t\u00e9l\u00e9travail\"],\"inLanguage\":\"fr-FR\",\"potentialAction\":[{\"@type\":\"CommentAction\",\"name\":\"Comment\",\"target\":[\"https:\\\/\\\/visionarymarketing.com\\\/fr\\\/2023\\\/07\\\/03\\\/digital-nomad\\\/#respond\"]}]},{\"@type\":\"WebPage\",\"@id\":\"https:\\\/\\\/visionarymarketing.com\\\/fr\\\/2023\\\/07\\\/03\\\/digital-nomad\\\/\",\"url\":\"https:\\\/\\\/visionarymarketing.com\\\/fr\\\/2023\\\/07\\\/03\\\/digital-nomad\\\/\",\"name\":\"Digital nomad : la vie d'un travailleur nomade vue de l'int\u00e9rieur\",\"isPartOf\":{\"@id\":\"https:\\\/\\\/visionarymarketing.com\\\/fr\\\/#website\"},\"primaryImageOfPage\":{\"@id\":\"https:\\\/\\\/visionarymarketing.com\\\/fr\\\/2023\\\/07\\\/03\\\/digital-nomad\\\/#primaryimage\"},\"image\":{\"@id\":\"https:\\\/\\\/visionarymarketing.com\\\/fr\\\/2023\\\/07\\\/03\\\/digital-nomad\\\/#primaryimage\"},\"thumbnailUrl\":\"https:\\\/\\\/visionarymarketing.com\\\/wp-content\\\/uploads\\\/2023\\\/07\\\/digital-nomad-v2.jpg\",\"datePublished\":\"2023-07-03T07:42:56+00:00\",\"author\":{\"@id\":\"https:\\\/\\\/visionarymarketing.com\\\/fr\\\/#\\\/schema\\\/person\\\/3754fee1e558f47b8deb46f53c37423e\"},\"description\":\"J'ai r\u00e9ussi \u00e0 attraper Mony Chihm entre deux voyages car Mony est un \u00ab digital nomad \u00bb. Mony est auteur d'un podcast bien connu...\",\"breadcrumb\":{\"@id\":\"https:\\\/\\\/visionarymarketing.com\\\/fr\\\/2023\\\/07\\\/03\\\/digital-nomad\\\/#breadcrumb\"},\"inLanguage\":\"fr-FR\",\"potentialAction\":[{\"@type\":\"ReadAction\",\"target\":[\"https:\\\/\\\/visionarymarketing.com\\\/fr\\\/2023\\\/07\\\/03\\\/digital-nomad\\\/\"]}]},{\"@type\":\"ImageObject\",\"inLanguage\":\"fr-FR\",\"@id\":\"https:\\\/\\\/visionarymarketing.com\\\/fr\\\/2023\\\/07\\\/03\\\/digital-nomad\\\/#primaryimage\",\"url\":\"https:\\\/\\\/visionarymarketing.com\\\/wp-content\\\/uploads\\\/2023\\\/07\\\/digital-nomad-v2.jpg\",\"contentUrl\":\"https:\\\/\\\/visionarymarketing.com\\\/wp-content\\\/uploads\\\/2023\\\/07\\\/digital-nomad-v2.jpg\",\"width\":520,\"height\":340,\"caption\":\"digital nomad\"},{\"@type\":\"BreadcrumbList\",\"@id\":\"https:\\\/\\\/visionarymarketing.com\\\/fr\\\/2023\\\/07\\\/03\\\/digital-nomad\\\/#breadcrumb\",\"itemListElement\":[{\"@type\":\"ListItem\",\"position\":1,\"name\":\"Home\",\"item\":\"https:\\\/\\\/visionarymarketing.com\\\/fr\\\/\"},{\"@type\":\"ListItem\",\"position\":2,\"name\":\"Dans la peau d&rsquo;un \u00ab\u00a0digital nomad \u00bb\"}]},{\"@type\":\"WebSite\",\"@id\":\"https:\\\/\\\/visionarymarketing.com\\\/fr\\\/#website\",\"url\":\"https:\\\/\\\/visionarymarketing.com\\\/fr\\\/\",\"name\":\"Marketing and Innovation\",\"description\":\"Site d&#039;infos ind\u00e9pendant, depuis 1996\",\"potentialAction\":[{\"@type\":\"SearchAction\",\"target\":{\"@type\":\"EntryPoint\",\"urlTemplate\":\"https:\\\/\\\/visionarymarketing.com\\\/fr\\\/?s={search_term_string}\"},\"query-input\":{\"@type\":\"PropertyValueSpecification\",\"valueRequired\":true,\"valueName\":\"search_term_string\"}}],\"inLanguage\":\"fr-FR\"},{\"@type\":\"Person\",\"@id\":\"https:\\\/\\\/visionarymarketing.com\\\/fr\\\/#\\\/schema\\\/person\\\/3754fee1e558f47b8deb46f53c37423e\",\"name\":\"Yann Gourvennec\",\"image\":{\"@type\":\"ImageObject\",\"inLanguage\":\"fr-FR\",\"@id\":\"https:\\\/\\\/secure.gravatar.com\\\/avatar\\\/5972001801e8de5692a3e31224e85769f50a55fb8b679749f9c8d1868cceff14?s=96&d=initials&r=g&initials=yg\",\"url\":\"https:\\\/\\\/secure.gravatar.com\\\/avatar\\\/5972001801e8de5692a3e31224e85769f50a55fb8b679749f9c8d1868cceff14?s=96&d=initials&r=g&initials=yg\",\"contentUrl\":\"https:\\\/\\\/secure.gravatar.com\\\/avatar\\\/5972001801e8de5692a3e31224e85769f50a55fb8b679749f9c8d1868cceff14?s=96&d=initials&r=g&initials=yg\",\"caption\":\"Yann Gourvennec\"},\"description\":\"Yann Gourvennec created visionarymarketing.com in 1996. He is a speaker and author of many books. In 2014 he went from intrapreneur to entrepreneur, when he created his digital marketing agency. Yann Gourvennec a cr\u00e9\u00e9 visionarymarketing.com en 1996. Il est conf\u00e9rencier et auteur de plusieurs livres. En 2014, il est pass\u00e9 d'intrapreneur \u00e0 entrepreneur en cr\u00e9ant son agence de marketing num\u00e9rique.\",\"sameAs\":[\"https:\\\/\\\/visionarymarketing.com\",\"http:\\\/\\\/facebook.com\\\/ygourven\",\"http:\\\/\\\/linkedin.com\\\/in\\\/ygourven\",\"https:\\\/\\\/x.com\\\/ygourven\",\"https:\\\/\\\/www.youtube.com\\\/c\\\/visionarymarketingagency\"],\"url\":\"https:\\\/\\\/visionarymarketing.com\\\/fr\\\/author\\\/yann-gourvennec\\\/\"}]}<\/script>\n<!-- \/ Yoast SEO plugin. -->","yoast_head_json":{"title":"Digital nomad : la vie d'un travailleur nomade vue de l'int\u00e9rieur","description":"J'ai r\u00e9ussi \u00e0 attraper Mony Chihm entre deux voyages car Mony est un \u00ab digital nomad \u00bb. Mony est auteur d'un podcast bien connu...","robots":{"index":"index","follow":"follow","max-snippet":"max-snippet:-1","max-image-preview":"max-image-preview:large","max-video-preview":"max-video-preview:-1"},"canonical":"https:\/\/visionarymarketing.com\/fr\/2023\/07\/03\/digital-nomad\/","og_locale":"fr_FR","og_type":"article","og_title":"Digital nomad : la vie d'un travailleur nomade vue de l'int\u00e9rieur","og_description":"J'ai r\u00e9ussi \u00e0 attraper Mony Chihm entre deux voyages car Mony est un \u00ab digital nomad \u00bb. Mony est auteur d'un podcast bien connu...","og_url":"https:\/\/visionarymarketing.com\/fr\/2023\/07\/03\/digital-nomad\/","og_site_name":"Marketing and Innovation","article_publisher":"https:\/\/www.facebook.com\/vismktg","article_author":"http:\/\/facebook.com\/ygourven","article_published_time":"2023-07-03T07:42:56+00:00","og_image":[{"width":520,"height":340,"url":"https:\/\/visionarymarketing.com\/wp-content\/uploads\/2023\/07\/digital-nomad-v2.jpg","type":"image\/jpeg"}],"author":"Yann Gourvennec","twitter_card":"summary_large_image","twitter_creator":"@ygourven","twitter_site":"@ygourven","twitter_misc":{"\u00c9crit par":"Yann Gourvennec","Dur\u00e9e de lecture estim\u00e9e":"6 minutes"},"schema":{"@context":"https:\/\/schema.org","@graph":[{"@type":"NewsArticle","@id":"https:\/\/visionarymarketing.com\/fr\/2023\/07\/03\/digital-nomad\/#article","isPartOf":{"@id":"https:\/\/visionarymarketing.com\/fr\/2023\/07\/03\/digital-nomad\/"},"author":{"name":"Yann Gourvennec","@id":"https:\/\/visionarymarketing.com\/fr\/#\/schema\/person\/3754fee1e558f47b8deb46f53c37423e"},"headline":"Dans la peau d&rsquo;un \u00ab\u00a0digital nomad \u00bb","datePublished":"2023-07-03T07:42:56+00:00","mainEntityOfPage":{"@id":"https:\/\/visionarymarketing.com\/fr\/2023\/07\/03\/digital-nomad\/"},"wordCount":1286,"commentCount":0,"image":{"@id":"https:\/\/visionarymarketing.com\/fr\/2023\/07\/03\/digital-nomad\/#primaryimage"},"thumbnailUrl":"https:\/\/visionarymarketing.com\/wp-content\/uploads\/2023\/07\/digital-nomad-v2.jpg","articleSection":["collaboration \/ t\u00e9l\u00e9travail"],"inLanguage":"fr-FR","potentialAction":[{"@type":"CommentAction","name":"Comment","target":["https:\/\/visionarymarketing.com\/fr\/2023\/07\/03\/digital-nomad\/#respond"]}]},{"@type":"WebPage","@id":"https:\/\/visionarymarketing.com\/fr\/2023\/07\/03\/digital-nomad\/","url":"https:\/\/visionarymarketing.com\/fr\/2023\/07\/03\/digital-nomad\/","name":"Digital nomad : la vie d'un travailleur nomade vue de l'int\u00e9rieur","isPartOf":{"@id":"https:\/\/visionarymarketing.com\/fr\/#website"},"primaryImageOfPage":{"@id":"https:\/\/visionarymarketing.com\/fr\/2023\/07\/03\/digital-nomad\/#primaryimage"},"image":{"@id":"https:\/\/visionarymarketing.com\/fr\/2023\/07\/03\/digital-nomad\/#primaryimage"},"thumbnailUrl":"https:\/\/visionarymarketing.com\/wp-content\/uploads\/2023\/07\/digital-nomad-v2.jpg","datePublished":"2023-07-03T07:42:56+00:00","author":{"@id":"https:\/\/visionarymarketing.com\/fr\/#\/schema\/person\/3754fee1e558f47b8deb46f53c37423e"},"description":"J'ai r\u00e9ussi \u00e0 attraper Mony Chihm entre deux voyages car Mony est un \u00ab digital nomad \u00bb. Mony est auteur d'un podcast bien connu...","breadcrumb":{"@id":"https:\/\/visionarymarketing.com\/fr\/2023\/07\/03\/digital-nomad\/#breadcrumb"},"inLanguage":"fr-FR","potentialAction":[{"@type":"ReadAction","target":["https:\/\/visionarymarketing.com\/fr\/2023\/07\/03\/digital-nomad\/"]}]},{"@type":"ImageObject","inLanguage":"fr-FR","@id":"https:\/\/visionarymarketing.com\/fr\/2023\/07\/03\/digital-nomad\/#primaryimage","url":"https:\/\/visionarymarketing.com\/wp-content\/uploads\/2023\/07\/digital-nomad-v2.jpg","contentUrl":"https:\/\/visionarymarketing.com\/wp-content\/uploads\/2023\/07\/digital-nomad-v2.jpg","width":520,"height":340,"caption":"digital nomad"},{"@type":"BreadcrumbList","@id":"https:\/\/visionarymarketing.com\/fr\/2023\/07\/03\/digital-nomad\/#breadcrumb","itemListElement":[{"@type":"ListItem","position":1,"name":"Home","item":"https:\/\/visionarymarketing.com\/fr\/"},{"@type":"ListItem","position":2,"name":"Dans la peau d&rsquo;un \u00ab\u00a0digital nomad \u00bb"}]},{"@type":"WebSite","@id":"https:\/\/visionarymarketing.com\/fr\/#website","url":"https:\/\/visionarymarketing.com\/fr\/","name":"Marketing and Innovation","description":"Site d&#039;infos ind\u00e9pendant, depuis 1996","potentialAction":[{"@type":"SearchAction","target":{"@type":"EntryPoint","urlTemplate":"https:\/\/visionarymarketing.com\/fr\/?s={search_term_string}"},"query-input":{"@type":"PropertyValueSpecification","valueRequired":true,"valueName":"search_term_string"}}],"inLanguage":"fr-FR"},{"@type":"Person","@id":"https:\/\/visionarymarketing.com\/fr\/#\/schema\/person\/3754fee1e558f47b8deb46f53c37423e","name":"Yann Gourvennec","image":{"@type":"ImageObject","inLanguage":"fr-FR","@id":"https:\/\/secure.gravatar.com\/avatar\/5972001801e8de5692a3e31224e85769f50a55fb8b679749f9c8d1868cceff14?s=96&d=initials&r=g&initials=yg","url":"https:\/\/secure.gravatar.com\/avatar\/5972001801e8de5692a3e31224e85769f50a55fb8b679749f9c8d1868cceff14?s=96&d=initials&r=g&initials=yg","contentUrl":"https:\/\/secure.gravatar.com\/avatar\/5972001801e8de5692a3e31224e85769f50a55fb8b679749f9c8d1868cceff14?s=96&d=initials&r=g&initials=yg","caption":"Yann Gourvennec"},"description":"Yann Gourvennec created visionarymarketing.com in 1996. He is a speaker and author of many books. In 2014 he went from intrapreneur to entrepreneur, when he created his digital marketing agency. Yann Gourvennec a cr\u00e9\u00e9 visionarymarketing.com en 1996. Il est conf\u00e9rencier et auteur de plusieurs livres. En 2014, il est pass\u00e9 d'intrapreneur \u00e0 entrepreneur en cr\u00e9ant son agence de marketing num\u00e9rique.","sameAs":["https:\/\/visionarymarketing.com","http:\/\/facebook.com\/ygourven","http:\/\/linkedin.com\/in\/ygourven","https:\/\/x.com\/ygourven","https:\/\/www.youtube.com\/c\/visionarymarketingagency"],"url":"https:\/\/visionarymarketing.com\/fr\/author\/yann-gourvennec\/"}]}},"_links":{"self":[{"href":"https:\/\/visionarymarketing.com\/fr\/wp-json\/wp\/v2\/posts\/76921","targetHints":{"allow":["GET"]}}],"collection":[{"href":"https:\/\/visionarymarketing.com\/fr\/wp-json\/wp\/v2\/posts"}],"about":[{"href":"https:\/\/visionarymarketing.com\/fr\/wp-json\/wp\/v2\/types\/post"}],"author":[{"embeddable":true,"href":"https:\/\/visionarymarketing.com\/fr\/wp-json\/wp\/v2\/users\/2"}],"replies":[{"embeddable":true,"href":"https:\/\/visionarymarketing.com\/fr\/wp-json\/wp\/v2\/comments?post=76921"}],"version-history":[{"count":0,"href":"https:\/\/visionarymarketing.com\/fr\/wp-json\/wp\/v2\/posts\/76921\/revisions"}],"wp:featuredmedia":[{"embeddable":true,"href":"https:\/\/visionarymarketing.com\/fr\/wp-json\/wp\/v2\/media\/76924"}],"wp:attachment":[{"href":"https:\/\/visionarymarketing.com\/fr\/wp-json\/wp\/v2\/media?parent=76921"}],"wp:term":[{"taxonomy":"category","embeddable":true,"href":"https:\/\/visionarymarketing.com\/fr\/wp-json\/wp\/v2\/categories?post=76921"},{"taxonomy":"post_tag","embeddable":true,"href":"https:\/\/visionarymarketing.com\/fr\/wp-json\/wp\/v2\/tags?post=76921"}],"curies":[{"name":"wp","href":"https:\/\/api.w.org\/{rel}","templated":true}]}}