{"id":76554,"date":"2023-06-06T08:00:08","date_gmt":"2023-06-06T06:00:08","guid":{"rendered":"https:\/\/visionarymarketing.com\/?p=76554"},"modified":"2023-07-17T10:46:56","modified_gmt":"2023-07-17T08:46:56","slug":"evenement-adobe","status":"publish","type":"post","link":"https:\/\/visionarymarketing.com\/fr\/2023\/06\/06\/evenement-adobe\/","title":{"rendered":"L&rsquo;\u00e9v\u00e9nement de l&rsquo;ann\u00e9e : Adobe Summit 2023"},"content":{"rendered":"<p><em>Voici venir l&rsquo;\u00e9v\u00e9nement Adobe de l&rsquo;ann\u00e9e : Adobe Summit 2023. Il se tiendra les 8 et 9 juin \u00e0 Londres et Visionary Marketing y sera en tant que #adobepartner (transparence*). Apr\u00e8s quelques ann\u00e9es o\u00f9 l&rsquo;\u00e9v\u00e9nement se d\u00e9roulait uniquement en ligne, il s&rsquo;agit d\u00e9sormais d&rsquo;un \u00e9v\u00e9nement hybride qui se d\u00e9roule \u00e0 la fois en ligne et en pr\u00e9sentiel. Alors que nous pr\u00e9parons nos bagages pour l&rsquo;\u00e9v\u00e9nement, avec le stabilisateur, l&rsquo;appareil photo num\u00e9rique, l&rsquo;iPad, l&rsquo;iPhone et le bon vieil ordinateur personnel, nous sommes ravis de partager avec vous ce matin quelques-uns des points qui nous enthousiasment le plus dans cet \u00e9v\u00e9nement.<\/em><\/p>\n<h2>Pr\u00e9paration de l&rsquo;\u00e9v\u00e9nement Adobe Summit 2023<\/h2>\n<figure id=\"attachment_76540\" aria-describedby=\"caption-attachment-76540\" style=\"width: 1024px\" class=\"wp-caption aligncenter\"><img decoding=\"async\" class=\"size-large wp-image-76540\" src=\"https:\/\/visionarymarketing.com\/wp-content\/uploads\/2023\/06\/adobe-summit-2023-1024x683.jpg\" alt=\"Adobe Summit 2023\" width=\"1024\" height=\"683\" srcset=\"https:\/\/visionarymarketing.com\/wp-content\/uploads\/2023\/06\/adobe-summit-2023-1024x683.jpg 1024w, https:\/\/visionarymarketing.com\/wp-content\/uploads\/2023\/06\/adobe-summit-2023-450x300.jpg 450w, https:\/\/visionarymarketing.com\/wp-content\/uploads\/2023\/06\/adobe-summit-2023-768x512.jpg 768w, https:\/\/visionarymarketing.com\/wp-content\/uploads\/2023\/06\/adobe-summit-2023-1536x1024.jpg 1536w, https:\/\/visionarymarketing.com\/wp-content\/uploads\/2023\/06\/adobe-summit-2023.jpg 1920w\" sizes=\"(max-width: 1024px) 100vw, 1024px\" \/><figcaption id=\"caption-attachment-76540\" class=\"wp-caption-text\">Adobe Summit 2023 &#8211; online<\/figcaption><\/figure>\n<p><i>* Divulgation, Adobe est un client de Visionary Marketing<\/i><\/p>\n<h3>Reportage en direct de Londres sur l&rsquo;Adobe Summit 2023<\/h3>\n<p>Cette ann\u00e9e, nous rendrons compte en direct de l&rsquo;\u00e9v\u00e9nement \u00e0 Londres avec des m\u00e9dias sociaux et des extraits vid\u00e9o. Ils seront publi\u00e9s en ligne sur Twitter, LinkedIn et autres plateformes. Et, bien s\u00fbr, sur ce blog. Vous pouvez donc vous attendre \u00e0 des comptes rendus en direct du sommet sur notre page d\u00e9di\u00e9e \u00e0 Adobe, \u00e0 l&rsquo;adresse <a href=\"https:\/\/vismktg.info\/adobe23fr\" target=\"_blank\" rel=\"noopener\">vismktg.info\/adobe23fr<\/a>.<\/p>\n<figure id=\"attachment_76547\" aria-describedby=\"caption-attachment-76547\" style=\"width: 1000px\" class=\"wp-caption aligncenter\"><a href=\"http:\/\/adobe.ly\/43K31Zp\"><img decoding=\"async\" class=\"wp-image-76547 size-full\" src=\"https:\/\/visionarymarketing.com\/wp-content\/uploads\/2023\/06\/adobe-summit-page.png\" alt=\"Adobe Summit 2023\" width=\"1000\" height=\"688\" srcset=\"https:\/\/visionarymarketing.com\/wp-content\/uploads\/2023\/06\/adobe-summit-page.png 1000w, https:\/\/visionarymarketing.com\/wp-content\/uploads\/2023\/06\/adobe-summit-page-436x300.png 436w, https:\/\/visionarymarketing.com\/wp-content\/uploads\/2023\/06\/adobe-summit-page-768x528.png 768w\" sizes=\"(max-width: 1000px) 100vw, 1000px\" \/><\/a><figcaption id=\"caption-attachment-76547\" class=\"wp-caption-text\">Le Sommet Adobe 2023 <a href=\"http:\/\/adobe.ly\/43K31Zp\" target=\"_blank\" rel=\"noopener\">Page<\/a>. l&rsquo;\u00e9v\u00e9nement Adobe Summit 2023.<\/figcaption><\/figure>\n<p>Chez Visionary Marketing, nous sommes tr\u00e8s enthousiastes. C&rsquo;est l&rsquo;un des moments o\u00f9 nous allons pouvoir parler et \u00e9changer avec certaines des personnes les plus brillantes de notre secteur. Il n&rsquo;y a pas moyen d&rsquo;y \u00e9chapper. Cette ann\u00e9e sera l&rsquo;ann\u00e9e de l&rsquo;IA g\u00e9n\u00e9rative. Et Adobe est \u00e9galement un acteur majeur dans ce domaine. Il est beaucoup plus prudent que d&rsquo;autres, mais les progr\u00e8s r\u00e9alis\u00e9s au cours des derni\u00e8res semaines sont \u00e9tonnants.<\/p>\n<h3>La production de contenu dans les entreprises ne sera plus jamais comme avant<\/h3>\n<p>Ici, je parle de l&rsquo;utilisation de ces nouvelles technologies dans le cadre de la production de contenus. Demain, je publierai une d\u00e9monstration d&rsquo;Adobe firefly et de l&rsquo;int\u00e9gration de firefly dans Photoshop. Probablement \u00a0ce que j&rsquo;ai vu de plus \u00e9tonnant au cours des 10 derni\u00e8res ann\u00e9es.<\/p>\n<p><!--more--><\/p>\n<p>Ces outils ne sont pas de simples ajouts de fonctionnalit\u00e9s \u00e0 la suite Adobe. Ils conf\u00e8rent des pouvoirs cr\u00e9atifs accrus aux professionnels du marketing qui souhaitent agr\u00e9menter leurs contenus d&rsquo;images pertinentes et percutantes.<\/p>\n<p>L&rsquo;utilisation de l&rsquo;IA g\u00e9n\u00e9rative pour produire des images a d\u00e9j\u00e0 eu un impact important sur la production de contenu. Et les entreprises n&rsquo;y \u00e9chappent pas. Si nous regardons les choses de mani\u00e8re positive, nous pensons que l&rsquo;IA g\u00e9n\u00e9rative pour la production d&rsquo;images, lorsqu&rsquo;elle est utilis\u00e9e de mani\u00e8re responsable et cr\u00e9ative, peut \u00eatre un moyen pour les sp\u00e9cialistes du marketing de cr\u00e9er des exp\u00e9riences plus percutantes et plus passionnantes pour leurs clients.<\/p>\n<p>Chez Visionary Marketing, nous avons d\u00e9j\u00e0 eu recours \u00e0 divers outils d&rsquo;images g\u00e9n\u00e9r\u00e9es par l&rsquo;IA pour alimenter nos blogs au cours des derniers mois. Mais il y a des limites \u00e0 cela. Tout d&rsquo;abord, les questions de droits d&rsquo;auteur.<\/p>\n<h3>Quelques questions et la voie \u00e0 suivre<\/h3>\n<p>L&rsquo;IA g\u00e9n\u00e9rative utilise le pr\u00e9-entra\u00eenement (d&rsquo;o\u00f9 le PT dans chatG \u00ab\u00a0PT\u00a0\u00bb) et cet entra\u00eenement se fait \u00e0 partir d&rsquo;une base de donn\u00e9es existante (et tr\u00e8s bient\u00f4t la base de donn\u00e9es qui est la copie \u00e0 jour du web conserv\u00e9e par les moteurs de recherche). M\u00eame si ces images ne sont pas exactement copi\u00e9es de l&rsquo;original, elles s&rsquo;en inspirent. Cette situation a soulev\u00e9 de nombreuses questions d&rsquo;un point de vue juridique et a donn\u00e9 lieu \u00e0 quelques proc\u00e8s.<\/p>\n<figure id=\"attachment_76541\" aria-describedby=\"caption-attachment-76541\" style=\"width: 819px\" class=\"wp-caption aligncenter\"><img decoding=\"async\" class=\"wp-image-76541 size-large\" src=\"https:\/\/visionarymarketing.com\/wp-content\/uploads\/2023\/06\/most-excited-for-yag-fr-1-819x1024.jpg\" alt=\"Mes points - a priori - les plus int\u00e9ressants \" width=\"819\" height=\"1024\" srcset=\"https:\/\/visionarymarketing.com\/wp-content\/uploads\/2023\/06\/most-excited-for-yag-fr-1-819x1024.jpg 819w, https:\/\/visionarymarketing.com\/wp-content\/uploads\/2023\/06\/most-excited-for-yag-fr-1-240x300.jpg 240w, https:\/\/visionarymarketing.com\/wp-content\/uploads\/2023\/06\/most-excited-for-yag-fr-1-768x960.jpg 768w, https:\/\/visionarymarketing.com\/wp-content\/uploads\/2023\/06\/most-excited-for-yag-fr-1.jpg 1080w\" sizes=\"(max-width: 819px) 100vw, 819px\" \/><figcaption id=\"caption-attachment-76541\" class=\"wp-caption-text\">Mes points &#8211; a priori &#8211; les plus int\u00e9ressants<\/figcaption><\/figure>\n<p>Adobe a suivi une voie diff\u00e9rente. La soci\u00e9t\u00e9 a lanc\u00e9 une nouvelle application au sein de sa suite cr\u00e9ative, qui est actuellement disponible en version b\u00eata. Elle s&rsquo;appelle firefly et ceux qui veulent l&rsquo;essayer peuvent se rendre sur firefly.adobe.com.<\/p>\n<p>L&rsquo;Adobe Summit 2023 sera un excellent moyen pour nous de c\u00f4toyer ceux qui fa\u00e7onnent notre industrie et l&rsquo;avenir de nos \u00e9quipes de marketing et de la profession dans son ensemble. La cr\u00e9ation de contenu sera confront\u00e9e \u00e0 des d\u00e9fis incroyables aujourd&rsquo;hui et dans les ann\u00e9es \u00e0 venir. Si nous adoptons ces technologies et les utilisons de mani\u00e8re responsable, nous aurons d&rsquo;immenses possibilit\u00e9s de cr\u00e9ativit\u00e9 et de r\u00e9invention du marketing de contenu.<\/p>\n<p>Cet \u00e9v\u00e9nement est pour nous \u00a0une excellente occasion de comprendre les tendances qui se dessinent dans le secteur du marketing.<\/p>\n<p>Nous nous entretiendrons notamment avec Luc Damann, pr\u00e9sident de la r\u00e9gion EMEA, et Jamie Brighton, directeur du marketing produit et de l&rsquo;exp\u00e9rience num\u00e9rique, et nous assisterons \u00e0 de nombreuses sessions en direct.<\/p>\n<p>Nous assisterons \u00e9galement \u00e0 des r\u00e9unions de presse concernant l'\u00a0\u00bbexp\u00e9rience immersive de la vente au d\u00e9tail\u00a0\u00bb. Enfin, <a href=\"https:\/\/visionarymarketing.com\/en\/2022\/03\/rise-of-digital\/\" target=\"_blank\" rel=\"noopener\">Adobe sneaks<\/a>, qui montre les innovations propos\u00e9es par les employ\u00e9s d&rsquo;Adobe est toujours le clou du spectable de ce Sommet Adobe.<\/p>\n<p>Restez donc \u00e0 l&rsquo;\u00e9coute et inscrivez-vous d\u00e8s maintenant \u00e0 cet \u00e9v\u00e9nement exceptionnel.<\/p>\n<p><a href=\"http:\/\/adobe.ly\/43K31Zp\" target=\"_blank\" rel=\"noopener\"><img decoding=\"async\" class=\"aligncenter wp-image-73186 size-full\" src=\"https:\/\/visionarymarketing.com\/wp-content\/uploads\/2023\/01\/tous-boutons-orange-sinscrire.png\" alt=\"s'inscrire\" width=\"326\" height=\"75\" \/><\/a><\/p>\n<div itemscope itemtype=\"http:\/\/schema.org\/AudioObject\"><meta itemprop=\"name\" content=\"L&amp;rsquo;\u00e9v\u00e9nement de l&amp;rsquo;ann\u00e9e : Adobe Summit 2023\" \/><meta itemprop=\"uploadDate\" content=\"2023-06-06T08:00:08+02:00\" \/><meta itemprop=\"encodingFormat\" content=\"audio\/mpeg\" \/><meta itemprop=\"duration\" content=\"PT5M33S\" \/><meta itemprop=\"description\" content=\"Voici venir l&#039;\u00e9v\u00e9nement Adobe de l&#039;ann\u00e9e : Adobe Summit 2023. Il se tiendra les 8 et 9 juin \u00e0 Londres et Visionary Marketing y sera en tant que #adobepartner (transparence*). Apr\u00e8s quelques ann\u00e9es o\u00f9 l&#039;\u00e9v\u00e9nement se d\u00e9roulait uniquement en ligne, il s...\" \/><meta itemprop=\"contentUrl\" content=\"https:\/\/media.blubrry.com\/visionarymarketing_les\/agence.visionarymarketing.com\/files\/podcasts\/2023-06-06-Adobe-Summit-Prep-FR-Mixdown.mp3\" \/><meta itemprop=\"contentSize\" content=\"5.1\" \/><div class=\"powerpress_player\" id=\"powerpress_player_3642\"><audio class=\"wp-audio-shortcode\" id=\"audio-76554-1\" preload=\"none\" style=\"width: 100%;\" controls=\"controls\"><source type=\"audio\/mpeg\" src=\"https:\/\/media.blubrry.com\/visionarymarketing_les\/agence.visionarymarketing.com\/files\/podcasts\/2023-06-06-Adobe-Summit-Prep-FR-Mixdown.mp3?_=1\" \/><a href=\"https:\/\/media.blubrry.com\/visionarymarketing_les\/agence.visionarymarketing.com\/files\/podcasts\/2023-06-06-Adobe-Summit-Prep-FR-Mixdown.mp3\">https:\/\/media.blubrry.com\/visionarymarketing_les\/agence.visionarymarketing.com\/files\/podcasts\/2023-06-06-Adobe-Summit-Prep-FR-Mixdown.mp3<\/a><\/audio><\/div><\/div><p class=\"powerpress_links powerpress_links_mp3\" style=\"margin-bottom: 1px !important;\">Podcast: <a href=\"https:\/\/media.blubrry.com\/visionarymarketing_les\/agence.visionarymarketing.com\/files\/podcasts\/2023-06-06-Adobe-Summit-Prep-FR-Mixdown.mp3\" class=\"powerpress_link_pinw\" target=\"_blank\" title=\"Play in new window\" onclick=\"return powerpress_pinw('https:\/\/visionarymarketing.com\/fr\/\/?powerpress_pinw=76554-podcast');\" rel=\"nofollow\">Play in new window<\/a> | <a href=\"https:\/\/media.blubrry.com\/visionarymarketing_les\/agence.visionarymarketing.com\/files\/podcasts\/2023-06-06-Adobe-Summit-Prep-FR-Mixdown.mp3\" class=\"powerpress_link_d\" title=\"Download\" rel=\"nofollow\" download=\"2023-06-06-Adobe-Summit-Prep-FR-Mixdown.mp3\">Download<\/a> (Duration: 5:33 &#8212; 5.1MB)<\/p><p class=\"powerpress_links powerpress_subscribe_links\">Subscribe: <a href=\"https:\/\/itunes.apple.com\/us\/podcast\/visionarymarketing-les-interviews\/id731295319?mt=2&amp;ls=1#episodeGuid=https%3A%2F%2Fvisionarymarketing.com%2F%3Fp%3D76554\" class=\"powerpress_link_subscribe powerpress_link_subscribe_itunes\" target=\"_blank\" title=\"Subscribe on Apple Podcasts\" rel=\"nofollow\">Apple Podcasts<\/a> | <a href=\"https:\/\/open.spotify.com\/show\/52VnZ1mhVSnDs4tQOx7Vuc\" class=\"powerpress_link_subscribe powerpress_link_subscribe_spotify\" target=\"_blank\" title=\"Subscribe on Spotify\" rel=\"nofollow\">Spotify<\/a> | <a href=\"https:\/\/subscribeonandroid.com\/visionarymarketing.com\/fr\/feed\/podcast\/\" class=\"powerpress_link_subscribe powerpress_link_subscribe_android\" target=\"_blank\" title=\"Subscribe on Android\" rel=\"nofollow\">Android<\/a> | <a href=\"https:\/\/visionarymarketing.com\/fr\/feed\/podcast\/\" class=\"powerpress_link_subscribe powerpress_link_subscribe_rss\" target=\"_blank\" title=\"Subscribe via RSS\" rel=\"nofollow\">RSS<\/a><\/p>","protected":false},"excerpt":{"rendered":"<p>Voici venir l&rsquo;\u00e9v\u00e9nement Adobe de l&rsquo;ann\u00e9e : Adobe Summit 2023. Il se tiendra les 8 et 9 juin \u00e0 Londres et Visionary Marketing y sera en tant que #adobepartner (transparence*). Apr\u00e8s quelques ann\u00e9es o\u00f9 l&rsquo;\u00e9v\u00e9nement se d\u00e9roulait uniquement en ligne, il s&rsquo;agit d\u00e9sormais d&rsquo;un \u00e9v\u00e9nement hybride qui se d\u00e9roule \u00e0 la fois en ligne et &hellip;<\/p>\n","protected":false},"author":2,"featured_media":76540,"comment_status":"open","ping_status":"open","sticky":false,"template":"","format":"standard","meta":{"footnotes":""},"categories":[5084],"tags":[],"class_list":["post-76554","post","type-post","status-publish","format-standard","has-post-thumbnail","hentry","category-adobe-marketing"],"yoast_head":"<!-- This site is optimized with the Yoast SEO plugin v27.5 - https:\/\/yoast.com\/product\/yoast-seo-wordpress\/ -->\n<title>\u00c9v\u00e9nement Adobe de l&#039;ann\u00e9e : Adobe Summit 2023 online et offline<\/title>\n<meta name=\"description\" content=\"Voici venir l&#039;\u00e9v\u00e9nement Adobe de l&#039;ann\u00e9e : Adobe summit 2023. Il se tiendra les 8 et 9 juin \u00e0 Londres et Visionary Marketing y sera\" \/>\n<meta name=\"robots\" content=\"index, follow, max-snippet:-1, max-image-preview:large, max-video-preview:-1\" \/>\n<link rel=\"canonical\" href=\"https:\/\/visionarymarketing.com\/fr\/2023\/06\/06\/evenement-adobe\/\" \/>\n<meta property=\"og:locale\" content=\"fr_FR\" \/>\n<meta property=\"og:type\" content=\"article\" \/>\n<meta property=\"og:title\" content=\"\u00c9v\u00e9nement Adobe de l&#039;ann\u00e9e : Adobe Summit 2023 online et offline\" \/>\n<meta property=\"og:description\" content=\"Voici venir l&#039;\u00e9v\u00e9nement Adobe de l&#039;ann\u00e9e : Adobe summit 2023. Il se tiendra les 8 et 9 juin \u00e0 Londres et Visionary Marketing y sera\" \/>\n<meta property=\"og:url\" content=\"https:\/\/visionarymarketing.com\/fr\/2023\/06\/06\/evenement-adobe\/\" \/>\n<meta property=\"og:site_name\" content=\"Marketing and Innovation\" \/>\n<meta property=\"article:publisher\" content=\"https:\/\/www.facebook.com\/vismktg\" \/>\n<meta property=\"article:author\" content=\"http:\/\/facebook.com\/ygourven\" \/>\n<meta property=\"article:published_time\" content=\"2023-06-06T06:00:08+00:00\" \/>\n<meta property=\"article:modified_time\" content=\"2023-07-17T08:46:56+00:00\" \/>\n<meta property=\"og:image\" content=\"https:\/\/visionarymarketing.com\/wp-content\/uploads\/2023\/06\/adobe-summit-2023.jpg\" \/>\n\t<meta property=\"og:image:width\" content=\"1920\" \/>\n\t<meta property=\"og:image:height\" content=\"1280\" \/>\n\t<meta property=\"og:image:type\" content=\"image\/jpeg\" \/>\n<meta name=\"author\" content=\"Yann Gourvennec\" \/>\n<meta name=\"twitter:card\" content=\"summary_large_image\" \/>\n<meta name=\"twitter:creator\" content=\"@ygourven\" \/>\n<meta name=\"twitter:site\" content=\"@ygourven\" \/>\n<meta name=\"twitter:label1\" content=\"\u00c9crit par\" \/>\n\t<meta name=\"twitter:data1\" content=\"Yann Gourvennec\" \/>\n\t<meta name=\"twitter:label2\" content=\"Dur\u00e9e de lecture estim\u00e9e\" \/>\n\t<meta name=\"twitter:data2\" content=\"5 minutes\" \/>\n<script type=\"application\/ld+json\" class=\"yoast-schema-graph\">{\"@context\":\"https:\\\/\\\/schema.org\",\"@graph\":[{\"@type\":\"NewsArticle\",\"@id\":\"https:\\\/\\\/visionarymarketing.com\\\/fr\\\/2023\\\/06\\\/06\\\/evenement-adobe\\\/#article\",\"isPartOf\":{\"@id\":\"https:\\\/\\\/visionarymarketing.com\\\/fr\\\/2023\\\/06\\\/06\\\/evenement-adobe\\\/\"},\"author\":{\"name\":\"Yann Gourvennec\",\"@id\":\"https:\\\/\\\/visionarymarketing.com\\\/fr\\\/#\\\/schema\\\/person\\\/3754fee1e558f47b8deb46f53c37423e\"},\"headline\":\"L&rsquo;\u00e9v\u00e9nement de l&rsquo;ann\u00e9e : Adobe Summit 2023\",\"datePublished\":\"2023-06-06T06:00:08+00:00\",\"dateModified\":\"2023-07-17T08:46:56+00:00\",\"mainEntityOfPage\":{\"@id\":\"https:\\\/\\\/visionarymarketing.com\\\/fr\\\/2023\\\/06\\\/06\\\/evenement-adobe\\\/\"},\"wordCount\":925,\"commentCount\":1,\"image\":{\"@id\":\"https:\\\/\\\/visionarymarketing.com\\\/fr\\\/2023\\\/06\\\/06\\\/evenement-adobe\\\/#primaryimage\"},\"thumbnailUrl\":\"https:\\\/\\\/visionarymarketing.com\\\/wp-content\\\/uploads\\\/2023\\\/06\\\/adobe-summit-2023.jpg\",\"articleSection\":[\"Adobe\"],\"inLanguage\":\"fr-FR\",\"potentialAction\":[{\"@type\":\"CommentAction\",\"name\":\"Comment\",\"target\":[\"https:\\\/\\\/visionarymarketing.com\\\/fr\\\/2023\\\/06\\\/06\\\/evenement-adobe\\\/#respond\"]}]},{\"@type\":\"WebPage\",\"@id\":\"https:\\\/\\\/visionarymarketing.com\\\/fr\\\/2023\\\/06\\\/06\\\/evenement-adobe\\\/\",\"url\":\"https:\\\/\\\/visionarymarketing.com\\\/fr\\\/2023\\\/06\\\/06\\\/evenement-adobe\\\/\",\"name\":\"\u00c9v\u00e9nement Adobe de l'ann\u00e9e : Adobe Summit 2023 online et offline\",\"isPartOf\":{\"@id\":\"https:\\\/\\\/visionarymarketing.com\\\/fr\\\/#website\"},\"primaryImageOfPage\":{\"@id\":\"https:\\\/\\\/visionarymarketing.com\\\/fr\\\/2023\\\/06\\\/06\\\/evenement-adobe\\\/#primaryimage\"},\"image\":{\"@id\":\"https:\\\/\\\/visionarymarketing.com\\\/fr\\\/2023\\\/06\\\/06\\\/evenement-adobe\\\/#primaryimage\"},\"thumbnailUrl\":\"https:\\\/\\\/visionarymarketing.com\\\/wp-content\\\/uploads\\\/2023\\\/06\\\/adobe-summit-2023.jpg\",\"datePublished\":\"2023-06-06T06:00:08+00:00\",\"dateModified\":\"2023-07-17T08:46:56+00:00\",\"author\":{\"@id\":\"https:\\\/\\\/visionarymarketing.com\\\/fr\\\/#\\\/schema\\\/person\\\/3754fee1e558f47b8deb46f53c37423e\"},\"description\":\"Voici venir l'\u00e9v\u00e9nement Adobe de l'ann\u00e9e : Adobe summit 2023. Il se tiendra les 8 et 9 juin \u00e0 Londres et Visionary Marketing y sera\",\"breadcrumb\":{\"@id\":\"https:\\\/\\\/visionarymarketing.com\\\/fr\\\/2023\\\/06\\\/06\\\/evenement-adobe\\\/#breadcrumb\"},\"inLanguage\":\"fr-FR\",\"potentialAction\":[{\"@type\":\"ReadAction\",\"target\":[\"https:\\\/\\\/visionarymarketing.com\\\/fr\\\/2023\\\/06\\\/06\\\/evenement-adobe\\\/\"]}]},{\"@type\":\"ImageObject\",\"inLanguage\":\"fr-FR\",\"@id\":\"https:\\\/\\\/visionarymarketing.com\\\/fr\\\/2023\\\/06\\\/06\\\/evenement-adobe\\\/#primaryimage\",\"url\":\"https:\\\/\\\/visionarymarketing.com\\\/wp-content\\\/uploads\\\/2023\\\/06\\\/adobe-summit-2023.jpg\",\"contentUrl\":\"https:\\\/\\\/visionarymarketing.com\\\/wp-content\\\/uploads\\\/2023\\\/06\\\/adobe-summit-2023.jpg\",\"width\":1920,\"height\":1280,\"caption\":\"Adobe Summit 2023\"},{\"@type\":\"BreadcrumbList\",\"@id\":\"https:\\\/\\\/visionarymarketing.com\\\/fr\\\/2023\\\/06\\\/06\\\/evenement-adobe\\\/#breadcrumb\",\"itemListElement\":[{\"@type\":\"ListItem\",\"position\":1,\"name\":\"Home\",\"item\":\"https:\\\/\\\/visionarymarketing.com\\\/fr\\\/\"},{\"@type\":\"ListItem\",\"position\":2,\"name\":\"L&rsquo;\u00e9v\u00e9nement de l&rsquo;ann\u00e9e : Adobe Summit 2023\"}]},{\"@type\":\"WebSite\",\"@id\":\"https:\\\/\\\/visionarymarketing.com\\\/fr\\\/#website\",\"url\":\"https:\\\/\\\/visionarymarketing.com\\\/fr\\\/\",\"name\":\"Marketing and Innovation\",\"description\":\"Site d&#039;infos ind\u00e9pendant, depuis 1996\",\"potentialAction\":[{\"@type\":\"SearchAction\",\"target\":{\"@type\":\"EntryPoint\",\"urlTemplate\":\"https:\\\/\\\/visionarymarketing.com\\\/fr\\\/?s={search_term_string}\"},\"query-input\":{\"@type\":\"PropertyValueSpecification\",\"valueRequired\":true,\"valueName\":\"search_term_string\"}}],\"inLanguage\":\"fr-FR\"},{\"@type\":\"Person\",\"@id\":\"https:\\\/\\\/visionarymarketing.com\\\/fr\\\/#\\\/schema\\\/person\\\/3754fee1e558f47b8deb46f53c37423e\",\"name\":\"Yann Gourvennec\",\"image\":{\"@type\":\"ImageObject\",\"inLanguage\":\"fr-FR\",\"@id\":\"https:\\\/\\\/secure.gravatar.com\\\/avatar\\\/5972001801e8de5692a3e31224e85769f50a55fb8b679749f9c8d1868cceff14?s=96&d=initials&r=g&initials=yg\",\"url\":\"https:\\\/\\\/secure.gravatar.com\\\/avatar\\\/5972001801e8de5692a3e31224e85769f50a55fb8b679749f9c8d1868cceff14?s=96&d=initials&r=g&initials=yg\",\"contentUrl\":\"https:\\\/\\\/secure.gravatar.com\\\/avatar\\\/5972001801e8de5692a3e31224e85769f50a55fb8b679749f9c8d1868cceff14?s=96&d=initials&r=g&initials=yg\",\"caption\":\"Yann Gourvennec\"},\"description\":\"Yann Gourvennec created visionarymarketing.com in 1996. He is a speaker and author of many books. In 2014 he went from intrapreneur to entrepreneur, when he created his digital marketing agency. Yann Gourvennec a cr\u00e9\u00e9 visionarymarketing.com en 1996. Il est conf\u00e9rencier et auteur de plusieurs livres. En 2014, il est pass\u00e9 d'intrapreneur \u00e0 entrepreneur en cr\u00e9ant son agence de marketing num\u00e9rique.\",\"sameAs\":[\"https:\\\/\\\/visionarymarketing.com\",\"http:\\\/\\\/facebook.com\\\/ygourven\",\"http:\\\/\\\/linkedin.com\\\/in\\\/ygourven\",\"https:\\\/\\\/x.com\\\/ygourven\",\"https:\\\/\\\/www.youtube.com\\\/c\\\/visionarymarketingagency\"],\"url\":\"https:\\\/\\\/visionarymarketing.com\\\/fr\\\/author\\\/yann-gourvennec\\\/\"}]}<\/script>\n<!-- \/ Yoast SEO plugin. -->","yoast_head_json":{"title":"\u00c9v\u00e9nement Adobe de l'ann\u00e9e : Adobe Summit 2023 online et offline","description":"Voici venir l'\u00e9v\u00e9nement Adobe de l'ann\u00e9e : Adobe summit 2023. Il se tiendra les 8 et 9 juin \u00e0 Londres et Visionary Marketing y sera","robots":{"index":"index","follow":"follow","max-snippet":"max-snippet:-1","max-image-preview":"max-image-preview:large","max-video-preview":"max-video-preview:-1"},"canonical":"https:\/\/visionarymarketing.com\/fr\/2023\/06\/06\/evenement-adobe\/","og_locale":"fr_FR","og_type":"article","og_title":"\u00c9v\u00e9nement Adobe de l'ann\u00e9e : Adobe Summit 2023 online et offline","og_description":"Voici venir l'\u00e9v\u00e9nement Adobe de l'ann\u00e9e : Adobe summit 2023. Il se tiendra les 8 et 9 juin \u00e0 Londres et Visionary Marketing y sera","og_url":"https:\/\/visionarymarketing.com\/fr\/2023\/06\/06\/evenement-adobe\/","og_site_name":"Marketing and Innovation","article_publisher":"https:\/\/www.facebook.com\/vismktg","article_author":"http:\/\/facebook.com\/ygourven","article_published_time":"2023-06-06T06:00:08+00:00","article_modified_time":"2023-07-17T08:46:56+00:00","og_image":[{"width":1920,"height":1280,"url":"https:\/\/visionarymarketing.com\/wp-content\/uploads\/2023\/06\/adobe-summit-2023.jpg","type":"image\/jpeg"}],"author":"Yann Gourvennec","twitter_card":"summary_large_image","twitter_creator":"@ygourven","twitter_site":"@ygourven","twitter_misc":{"\u00c9crit par":"Yann Gourvennec","Dur\u00e9e de lecture estim\u00e9e":"5 minutes"},"schema":{"@context":"https:\/\/schema.org","@graph":[{"@type":"NewsArticle","@id":"https:\/\/visionarymarketing.com\/fr\/2023\/06\/06\/evenement-adobe\/#article","isPartOf":{"@id":"https:\/\/visionarymarketing.com\/fr\/2023\/06\/06\/evenement-adobe\/"},"author":{"name":"Yann Gourvennec","@id":"https:\/\/visionarymarketing.com\/fr\/#\/schema\/person\/3754fee1e558f47b8deb46f53c37423e"},"headline":"L&rsquo;\u00e9v\u00e9nement de l&rsquo;ann\u00e9e : Adobe Summit 2023","datePublished":"2023-06-06T06:00:08+00:00","dateModified":"2023-07-17T08:46:56+00:00","mainEntityOfPage":{"@id":"https:\/\/visionarymarketing.com\/fr\/2023\/06\/06\/evenement-adobe\/"},"wordCount":925,"commentCount":1,"image":{"@id":"https:\/\/visionarymarketing.com\/fr\/2023\/06\/06\/evenement-adobe\/#primaryimage"},"thumbnailUrl":"https:\/\/visionarymarketing.com\/wp-content\/uploads\/2023\/06\/adobe-summit-2023.jpg","articleSection":["Adobe"],"inLanguage":"fr-FR","potentialAction":[{"@type":"CommentAction","name":"Comment","target":["https:\/\/visionarymarketing.com\/fr\/2023\/06\/06\/evenement-adobe\/#respond"]}]},{"@type":"WebPage","@id":"https:\/\/visionarymarketing.com\/fr\/2023\/06\/06\/evenement-adobe\/","url":"https:\/\/visionarymarketing.com\/fr\/2023\/06\/06\/evenement-adobe\/","name":"\u00c9v\u00e9nement Adobe de l'ann\u00e9e : Adobe Summit 2023 online et offline","isPartOf":{"@id":"https:\/\/visionarymarketing.com\/fr\/#website"},"primaryImageOfPage":{"@id":"https:\/\/visionarymarketing.com\/fr\/2023\/06\/06\/evenement-adobe\/#primaryimage"},"image":{"@id":"https:\/\/visionarymarketing.com\/fr\/2023\/06\/06\/evenement-adobe\/#primaryimage"},"thumbnailUrl":"https:\/\/visionarymarketing.com\/wp-content\/uploads\/2023\/06\/adobe-summit-2023.jpg","datePublished":"2023-06-06T06:00:08+00:00","dateModified":"2023-07-17T08:46:56+00:00","author":{"@id":"https:\/\/visionarymarketing.com\/fr\/#\/schema\/person\/3754fee1e558f47b8deb46f53c37423e"},"description":"Voici venir l'\u00e9v\u00e9nement Adobe de l'ann\u00e9e : Adobe summit 2023. Il se tiendra les 8 et 9 juin \u00e0 Londres et Visionary Marketing y sera","breadcrumb":{"@id":"https:\/\/visionarymarketing.com\/fr\/2023\/06\/06\/evenement-adobe\/#breadcrumb"},"inLanguage":"fr-FR","potentialAction":[{"@type":"ReadAction","target":["https:\/\/visionarymarketing.com\/fr\/2023\/06\/06\/evenement-adobe\/"]}]},{"@type":"ImageObject","inLanguage":"fr-FR","@id":"https:\/\/visionarymarketing.com\/fr\/2023\/06\/06\/evenement-adobe\/#primaryimage","url":"https:\/\/visionarymarketing.com\/wp-content\/uploads\/2023\/06\/adobe-summit-2023.jpg","contentUrl":"https:\/\/visionarymarketing.com\/wp-content\/uploads\/2023\/06\/adobe-summit-2023.jpg","width":1920,"height":1280,"caption":"Adobe Summit 2023"},{"@type":"BreadcrumbList","@id":"https:\/\/visionarymarketing.com\/fr\/2023\/06\/06\/evenement-adobe\/#breadcrumb","itemListElement":[{"@type":"ListItem","position":1,"name":"Home","item":"https:\/\/visionarymarketing.com\/fr\/"},{"@type":"ListItem","position":2,"name":"L&rsquo;\u00e9v\u00e9nement de l&rsquo;ann\u00e9e : Adobe Summit 2023"}]},{"@type":"WebSite","@id":"https:\/\/visionarymarketing.com\/fr\/#website","url":"https:\/\/visionarymarketing.com\/fr\/","name":"Marketing and Innovation","description":"Site d&#039;infos ind\u00e9pendant, depuis 1996","potentialAction":[{"@type":"SearchAction","target":{"@type":"EntryPoint","urlTemplate":"https:\/\/visionarymarketing.com\/fr\/?s={search_term_string}"},"query-input":{"@type":"PropertyValueSpecification","valueRequired":true,"valueName":"search_term_string"}}],"inLanguage":"fr-FR"},{"@type":"Person","@id":"https:\/\/visionarymarketing.com\/fr\/#\/schema\/person\/3754fee1e558f47b8deb46f53c37423e","name":"Yann Gourvennec","image":{"@type":"ImageObject","inLanguage":"fr-FR","@id":"https:\/\/secure.gravatar.com\/avatar\/5972001801e8de5692a3e31224e85769f50a55fb8b679749f9c8d1868cceff14?s=96&d=initials&r=g&initials=yg","url":"https:\/\/secure.gravatar.com\/avatar\/5972001801e8de5692a3e31224e85769f50a55fb8b679749f9c8d1868cceff14?s=96&d=initials&r=g&initials=yg","contentUrl":"https:\/\/secure.gravatar.com\/avatar\/5972001801e8de5692a3e31224e85769f50a55fb8b679749f9c8d1868cceff14?s=96&d=initials&r=g&initials=yg","caption":"Yann Gourvennec"},"description":"Yann Gourvennec created visionarymarketing.com in 1996. He is a speaker and author of many books. In 2014 he went from intrapreneur to entrepreneur, when he created his digital marketing agency. Yann Gourvennec a cr\u00e9\u00e9 visionarymarketing.com en 1996. Il est conf\u00e9rencier et auteur de plusieurs livres. En 2014, il est pass\u00e9 d'intrapreneur \u00e0 entrepreneur en cr\u00e9ant son agence de marketing num\u00e9rique.","sameAs":["https:\/\/visionarymarketing.com","http:\/\/facebook.com\/ygourven","http:\/\/linkedin.com\/in\/ygourven","https:\/\/x.com\/ygourven","https:\/\/www.youtube.com\/c\/visionarymarketingagency"],"url":"https:\/\/visionarymarketing.com\/fr\/author\/yann-gourvennec\/"}]}},"_links":{"self":[{"href":"https:\/\/visionarymarketing.com\/fr\/wp-json\/wp\/v2\/posts\/76554","targetHints":{"allow":["GET"]}}],"collection":[{"href":"https:\/\/visionarymarketing.com\/fr\/wp-json\/wp\/v2\/posts"}],"about":[{"href":"https:\/\/visionarymarketing.com\/fr\/wp-json\/wp\/v2\/types\/post"}],"author":[{"embeddable":true,"href":"https:\/\/visionarymarketing.com\/fr\/wp-json\/wp\/v2\/users\/2"}],"replies":[{"embeddable":true,"href":"https:\/\/visionarymarketing.com\/fr\/wp-json\/wp\/v2\/comments?post=76554"}],"version-history":[{"count":0,"href":"https:\/\/visionarymarketing.com\/fr\/wp-json\/wp\/v2\/posts\/76554\/revisions"}],"wp:featuredmedia":[{"embeddable":true,"href":"https:\/\/visionarymarketing.com\/fr\/wp-json\/wp\/v2\/media\/76540"}],"wp:attachment":[{"href":"https:\/\/visionarymarketing.com\/fr\/wp-json\/wp\/v2\/media?parent=76554"}],"wp:term":[{"taxonomy":"category","embeddable":true,"href":"https:\/\/visionarymarketing.com\/fr\/wp-json\/wp\/v2\/categories?post=76554"},{"taxonomy":"post_tag","embeddable":true,"href":"https:\/\/visionarymarketing.com\/fr\/wp-json\/wp\/v2\/tags?post=76554"}],"curies":[{"name":"wp","href":"https:\/\/api.w.org\/{rel}","templated":true}]}}