{"id":7589,"date":"2013-01-16T09:26:30","date_gmt":"2013-01-16T08:26:30","guid":{"rendered":"http:\/\/visionary.wordpress.com\/?p=7589"},"modified":"2021-03-13T19:03:50","modified_gmt":"2021-03-13T18:03:50","slug":"reseaux-sociaux-entreprise","status":"publish","type":"post","link":"https:\/\/visionarymarketing.com\/fr\/2013\/01\/16\/reseaux-sociaux-entreprise\/","title":{"rendered":"R\u00e9seaux sociaux en entreprise : un atout pour ses collaborateurs"},"content":{"rendered":"<p><em>R\u00e9seaux sociaux en entreprise : un atout pour ses collaborateurs. La s\u00e9lection du jour, est une interview \u00e0 laquelle j&rsquo;ai eu le plaisir de participer, et qui est parue, non dans une revue publique, mais dans le cadre d&rsquo;un journal d&rsquo;entreprise, celui d\u2019<a href=\"https:\/\/web.archive.org\/web\/20150328071316\/http:\/\/erdfdistribution.fr:80\/Accueil\" target=\"_blank\" rel=\"noopener noreferrer\">ERDF<\/a>. ERDF, filiale \u00e0 infrastructure \u00e0 100% d\u2019EDF, est charg\u00e9 de la gestion du r\u00e9seau public de distribution d\u2019\u00e9lectricit\u00e9 sur 95 % du territoire fran\u00e7ais continental. Dans cette\u00a0 interview, je donne la r\u00e9plique \u00e0 Dominique Wolton, le sociologue bien connu, qui d\u00e9cid\u00e9ment, me semble pas aimer beaucoup les <a href=\"https:\/\/visionarymarketing.com\/fr\/2021\/02\/barometre-medias-sociaux-2021-2\/\">m\u00e9dias sociaux<\/a>. J&rsquo;essaie dans cet exercice de donner une vision optimiste, sans \u00eatre na\u00efve, de ces outils que 10 ans apr\u00e8s, nous ne pouvons plus qualifier de \u201cnouveaux\u201d. Je remercie particuli\u00e8rement l&rsquo;agence <a href=\"http:\/\/makheia.com\" target=\"_blank\" rel=\"noopener noreferrer\">Makheia<\/a>, et notamment <span title=\"http:\/\/www.linkedin.com\/in\/sandrineandro\">Sandrine Andro, Directrice du planning strat\u00e9gique de l\u2019agence<\/span>, pour l&rsquo;organisation de cette superbe interview.<\/em><\/p>\n<h2>R\u00e9seaux sociaux en entreprise : un atout pour ses collaborateurs<\/h2>\n<p><em><span style=\"color: #646b86;\">\u201cLes r\u00e9seaux sociaux ont pris une place d\u00e9terminante dans notre vie quotidienne. Ont-ils cependant leur place dans l\u2019entreprise ? En quoi sont-ils utiles ? Yann Gourvennec, l\u2019un des tout premiers responsables de m\u00e9dias sociaux en France, et le sociologue Dominique Wolton en d\u00e9battent.<\/span><\/em><\/p>\n<figure id=\"attachment_7597\" aria-describedby=\"caption-attachment-7597\" style=\"width: 519px\" class=\"wp-caption aligncenter\"><img decoding=\"async\" class=\"wp-image-7597 size-full\" src=\"https:\/\/visionarymarketing.com\/wp-content\/uploads\/2013\/01\/image_thumb-e1615658363100.jpg\" alt=\"r\u00e9seaux sociaux en entreprise\" width=\"519\" height=\"340\" \/><figcaption id=\"caption-attachment-7597\" class=\"wp-caption-text\">R\u00e9seaux sociaux en entreprise : un atout pour ses collaborateurs<\/figcaption><\/figure>\n<p>Le boom des r\u00e9seaux sociaux du type Facebook, Viadeo ou LinkedIn est-il une simple mode ou une vraie r\u00e9volution ? Les r\u00e9seaux sociaux ont pris une place d\u00e9terminante dans notre vie quotidienne. Ont-ils cependant leur place dans l\u2019entreprise ? En quoi sont ils utiles ? Yann Gourvennec, l\u2019un des tout premiers responsables de m\u00e9dias sociaux en France, et le sociologue Dominique Wolton en d\u00e9battent.<!--more--><\/p>\n<p><b>Le boom des r\u00e9seaux sociaux du type Facebook, Viadeo ou LinkedIn est-il une simple mode ou une vraie r\u00e9volution en entreprise ? <\/b><\/p>\n<p><strong>Yann Gourvennec :<\/strong> Ni l\u2019un, ni l\u2019autre ! Ce sont des outils. De formidables outils qui offrent de multiples opportunit\u00e9s aux individus comme aux entreprises mais qui restent des outils. Et comme tous les outils, il faut apprendre \u00e0 les manier pour les utiliser \u00e0 bon escient. Apr\u00e8s tout, il ne vous viendrait pas \u00e0 l\u2019id\u00e9e de prendre un tournevis pour enfoncer un clou ! Il en est de m\u00eame des r\u00e9seaux sociaux. Ceux-ci sui- vent d\u2019ailleurs le m\u00eame cheminement que toute nouvelle technologie mise \u00e0 la disposition du public, d\u00e9crite par Gartner dans une classification bien connue : une phase de d\u00e9collage plus ou moins laborieuse avec des sceptiques, puis une phase d\u2019engouement excessif, presque de \u00ab technol\u00e2trie \u00bb, o\u00f9 l\u2019on pense que ces nouveaux outils sont une panac\u00e9e. Lui succ\u00e8de une phase de relative d\u00e9sillusion \u2013 \u00ab non, \u00e7a ne r\u00e9sout pas tout \u00bb. Enfin, vient une phase d\u2019apaisement et d\u2019appropriation par le plus grand nombre ; l\u2019outil a trouv\u00e9 sa place. En 2012, nous sommes clairement entr\u00e9s dans cette derni\u00e8re phase.<!--more--><\/p>\n<p><strong>Dominique Wolton :<\/strong> J\u2019y vois surtout une r\u00e9elle extension des possibilit\u00e9s d\u2019expression des individus. Y compris dans l\u2019entreprise. Et c\u2019est bien l\u00e0 que commencent les probl\u00e8mes. Les salari\u00e9s, et notamment les jeunes embauch\u00e9s, vont avoir tendance \u00e0 transposer \u00e0 l\u2019int\u00e9rieur de l\u2019entreprise les habitudes de libert\u00e9 d\u2019expression, voire de babillage, qu\u2019ils ont prises \u00e0 l\u2019ext\u00e9rieur. Or l\u2019entreprise, pas plus que l\u2019\u00e9cole ou l\u2019arm\u00e9e, ce n\u2019est pas \u00ab l\u2019ext\u00e9rieur \u00bb. Le risque serait de chercher \u00e0 la transformer en un lieu de d\u00e9lib\u00e9ration, de critique \u00e9chevel\u00e9e, de libre expression \u2013 ce qu\u2019elle n\u2019est pas. En outre, \u00e0 quoi cela sert-il de s\u2019exprimer sur tout et sur rien si l\u2019on ne peut pas changer le cours des choses ? Il y a un risque de frustration.<\/p>\n<p><strong>Justement, pensez-vous que ces r\u00e9seaux vont faire \u00e9voluer la gouvernance des entreprises ?<\/strong><\/p>\n<p><strong>Dominique Wolton :<\/strong> Il ne faut pas trop compter sur les r\u00e9seaux sociaux pour changer les rapports hi\u00e9rarchiques. Ils ne modifient l\u2019atmosph\u00e8re collective que dans un premier temps et plut\u00f4t superficiellement : toutes les entreprises ne sont pas des start-up du Net et la France n\u2019est pas la Californie ! D\u2019ailleurs, seul un na\u00eff peut croire que la multiplication des r\u00e9seaux sociaux va faire de chacun, y compris en entreprise, quelqu\u2019un d\u2019ouvert, de sympathique, sans myst\u00e8res, totalement transparent. Le secret, la rumeur sont intrins\u00e8ques \u00e0 la nature humaine. La transparence totale n\u2019existe pas et n\u2019est pas souhaitable. A fortiori \u00e0 l\u2019int\u00e9rieur de l\u2019entreprise.<\/p>\n<p><strong>M\u00eame pour les jeunes, qui ont grandi avec Facebook et Twitter ?<\/strong><\/p>\n<p><strong>Yann Gourvennec : <\/strong>Malgr\u00e9 les poncifs, la fameuse \u00ab g\u00e9n\u00e9ration Y \u00bb (les 18-30 ans) se cale tr\u00e8s vite sur les usages existants lorsqu\u2019elle arrive en entreprise. Elle sait en principe manier les outils informatiques un peu mieux que ses devanci\u00e8res, mais il ne faudrait pas surestimer son aisance technique. Plusieurs \u00e9tudes (voir sur mon blog <span class=\"removed_link\" title=\"http:\/\/oran.ge\/genyetudes\">http:\/\/oran.ge\/genyetudes<\/span>) nous ont permis de nuancer les propos. Sur le terrain, les jeunes, une fois embauch\u00e9s, se ruent sur le \u00ab vieux \u00bb mail pour communiquer avec leurs coll\u00e8gues plut\u00f4t que sur les outils synchrones (chat, messagerie instantan\u00e9e, web conf\u00e9rence, etc.) qui offrent pourtant une communication directe et efficace. C\u2019est d\u2019ailleurs bien dommage pour l\u2019entreprise : on peut \u00eatre un adepte de Facebook ou un virtuose des jeux vid\u00e9o, sans avoir la capacit\u00e9 ni le don d\u2019en faire profiter l\u2019entreprise. En conclusion, je crois plus \u00e0 l\u2019apport interg\u00e9n\u00e9rationnel qu\u2019aux clich\u00e9s. C\u2019est avec l\u2019\u00e9ducation de tous \u2013 jeunes et moins jeunes \u2013 que les bons usages vont se d\u00e9velopper. Est-il possible de mettre ces r\u00e9seaux sociaux au service de l\u2019entreprise et de ceux qui y travaillent ?<\/p>\n<p><strong>Dominique Wolton :<\/strong> Bien s\u00fbr. Ils fournissent un outil suppl\u00e9mentaire de communication, aussi bien interne qu\u2019externe. C\u2019est un progr\u00e8s ind\u00e9niable. Encore faut-il ma\u00eetriser correctement leur usage. Par exemple, \u00e9viter les fuites (qu\u2019ils facilitent), l\u2019isolement (pourquoi passer par Facebook pour communiquer avec un voisin de bureau ?), la fracture num\u00e9rique jeunes-vieux ou le d\u00e9veloppement d\u2019une nouvelle langue de bois.<\/p>\n<p><strong>Yann Gourvennec :<\/strong> Toutes les fonctions de l\u2019entreprise peuvent en tirer profit : depuis la DRH, en mati\u00e8re de formation ou de recrutement (gr\u00e2ce \u00e0 des r\u00e9seaux sociaux professionnels, comme LinkedIn, qui lui permettent d\u2019\u00e9largir au monde entier la consultation de CV pertinents et m\u00eame avec Facebook, fortement implant\u00e9 parmi la population \u00e9tudiante),jusqu\u2019au commercial ou au marketing. Dans ce domaine, l\u2019usage des r\u00e9seaux sociaux dans une optique de \u00ab e-r\u00e9putation \u00bb n\u2019est pas r\u00e9serv\u00e9 \u00e0 des marques connues du grand public comme Orange. ERDF aussi, comme toutes les entreprises du business to business, peut elle aussi y trouver des ressources formidables. Il est m\u00eame plus ais\u00e9 pour les entreprises de ces secteurs professionnels de tirer parti pleinement des m\u00e9dias sociaux car le marketing du B2B, \u00e0 l\u2019instar de ce qui se passe dans les m\u00e9dias sociaux, fonctionne \u00e0 plein sur une logique communautaire et de bouche \u00e0 oreille ; m\u00eame si les communaut\u00e9s sont petites, elles sont sou- vent passionn\u00e9es. De m\u00eame, pour faire comprendre et conna\u00eetre l\u2019aspect infrastructure de l\u2019op\u00e9rateur, a priori moins populaire, il est possible, gr\u00e2ce aux m\u00e9dias sociaux, de changer la perception habituelle : c\u2019est la d\u00e9marche que nous d\u00e9veloppons en ce moment au travers d\u2019un \u00ab <span class=\"removed_link\" title=\"http:\/\/hellopolys.orange.com\">serious game<\/span> \u00bb, o\u00f9 le joueur devra g\u00e9rer un r\u00e9seau t\u00e9l\u00e9phonique et Internet, \u00e0 la mani\u00e8re du c\u00e9l\u00e8bre jeu Sim City. Les possibilit\u00e9s sont infinies, il suffit de les saisir et d\u2019inventer le futur !\u201d<\/p>\n<p>DOMINIQUE WOLTON, 65 ANS, EST DIRECTEUR DE L\u2019INSTITUT DES SCIENCES DE LA COMMUNICATION (CNRS). CE SP\u00c9CIALISTE DE LIMPACT DES NOUVELLES TECHNOLOGIES VIENT DE PUBLIER INDISCIPLIN\u00c9, 35 ANS DE RECHERCHES CHEZ ODILE JACOB.<\/p>\n<p>YANN GOURVENNEC, 50 ANS, EST DIRECTEUR INTERNET ET M\u00c9DIAS SOCIAUX CHEZ ORANGE. IL EST LE CR\u00c9ATEUR DU SITE VISIONARYMARKETING.COM. AVEC HERV\u00c9 KABLA, IL A PUBLI\u00c9 <a href=\"http:\/\/amonboss.com\" target=\"_blank\" rel=\"noopener noreferrer\">LES M\u00c9DIAS SOCIAUX EXPLIQU\u00c9S \u00c0 MON BOSS AUX \u00c9DITIONS KAWA<\/a>.<\/p>\n","protected":false},"excerpt":{"rendered":"<p>R\u00e9seaux sociaux en entreprise : un atout pour ses collaborateurs. La s\u00e9lection du jour, est une interview \u00e0 laquelle j&rsquo;ai eu le plaisir de participer, et qui est parue, non dans une revue publique, mais dans le cadre d&rsquo;un journal d&rsquo;entreprise, celui d\u2019ERDF. ERDF, filiale \u00e0 infrastructure \u00e0 100% d\u2019EDF, est charg\u00e9 de la gestion &hellip;<\/p>\n","protected":false},"author":2,"featured_media":7597,"comment_status":"open","ping_status":"open","sticky":false,"template":"","format":"standard","meta":{"footnotes":""},"categories":[25],"tags":[],"class_list":["post-7589","post","type-post","status-publish","format-standard","has-post-thumbnail","hentry","category-medias-sociaux"],"yoast_head":"<!-- This site is optimized with the Yoast SEO plugin v27.4 - https:\/\/yoast.com\/product\/yoast-seo-wordpress\/ -->\n<title>R\u00e9seaux sociaux en entreprise : un atout pour ses collaborateurs<\/title>\n<meta name=\"description\" content=\"R\u00e9seaux sociaux en entreprise : un atout pour ses collaborateurs. Voici une interview \u00e0 laquelle j&#039;ai eu le plaisir de participer\" \/>\n<meta name=\"robots\" content=\"index, follow, max-snippet:-1, max-image-preview:large, max-video-preview:-1\" \/>\n<link rel=\"canonical\" href=\"https:\/\/visionarymarketing.com\/fr\/2013\/01\/16\/reseaux-sociaux-entreprise\/\" \/>\n<meta property=\"og:locale\" content=\"fr_FR\" \/>\n<meta property=\"og:type\" content=\"article\" \/>\n<meta property=\"og:title\" content=\"R\u00e9seaux sociaux en entreprise : un atout pour ses collaborateurs\" \/>\n<meta property=\"og:description\" content=\"R\u00e9seaux sociaux en entreprise : un atout pour ses collaborateurs. Voici une interview \u00e0 laquelle j&#039;ai eu le plaisir de participer\" \/>\n<meta property=\"og:url\" content=\"https:\/\/visionarymarketing.com\/fr\/2013\/01\/16\/reseaux-sociaux-entreprise\/\" \/>\n<meta property=\"og:site_name\" content=\"Marketing and Innovation\" \/>\n<meta property=\"article:publisher\" content=\"https:\/\/www.facebook.com\/vismktg\" \/>\n<meta property=\"article:author\" content=\"http:\/\/facebook.com\/ygourven\" \/>\n<meta property=\"article:published_time\" content=\"2013-01-16T08:26:30+00:00\" \/>\n<meta property=\"article:modified_time\" content=\"2021-03-13T18:03:50+00:00\" \/>\n<meta property=\"og:image\" content=\"https:\/\/visionarymarketing.com\/wp-content\/uploads\/2013\/01\/image_thumb-e1615658363100.jpg\" \/>\n\t<meta property=\"og:image:width\" content=\"575\" \/>\n\t<meta property=\"og:image:height\" content=\"484\" \/>\n\t<meta property=\"og:image:type\" content=\"image\/jpeg\" \/>\n<meta name=\"author\" content=\"Yann Gourvennec\" \/>\n<meta name=\"twitter:card\" content=\"summary_large_image\" \/>\n<meta name=\"twitter:creator\" content=\"@ygourven\" \/>\n<meta name=\"twitter:site\" content=\"@ygourven\" \/>\n<meta name=\"twitter:label1\" content=\"\u00c9crit par\" \/>\n\t<meta name=\"twitter:data1\" content=\"Yann Gourvennec\" \/>\n\t<meta name=\"twitter:label2\" content=\"Dur\u00e9e de lecture estim\u00e9e\" \/>\n\t<meta name=\"twitter:data2\" content=\"6 minutes\" \/>\n<script type=\"application\/ld+json\" class=\"yoast-schema-graph\">{\"@context\":\"https:\\\/\\\/schema.org\",\"@graph\":[{\"@type\":\"NewsArticle\",\"@id\":\"https:\\\/\\\/visionarymarketing.com\\\/fr\\\/2013\\\/01\\\/16\\\/reseaux-sociaux-entreprise\\\/#article\",\"isPartOf\":{\"@id\":\"https:\\\/\\\/visionarymarketing.com\\\/fr\\\/2013\\\/01\\\/16\\\/reseaux-sociaux-entreprise\\\/\"},\"author\":{\"name\":\"Yann Gourvennec\",\"@id\":\"https:\\\/\\\/visionarymarketing.com\\\/fr\\\/#\\\/schema\\\/person\\\/3754fee1e558f47b8deb46f53c37423e\"},\"headline\":\"R\u00e9seaux sociaux en entreprise : un atout pour ses collaborateurs\",\"datePublished\":\"2013-01-16T08:26:30+00:00\",\"dateModified\":\"2021-03-13T18:03:50+00:00\",\"mainEntityOfPage\":{\"@id\":\"https:\\\/\\\/visionarymarketing.com\\\/fr\\\/2013\\\/01\\\/16\\\/reseaux-sociaux-entreprise\\\/\"},\"wordCount\":1397,\"commentCount\":29,\"image\":{\"@id\":\"https:\\\/\\\/visionarymarketing.com\\\/fr\\\/2013\\\/01\\\/16\\\/reseaux-sociaux-entreprise\\\/#primaryimage\"},\"thumbnailUrl\":\"https:\\\/\\\/visionarymarketing.com\\\/wp-content\\\/uploads\\\/2013\\\/01\\\/image_thumb-e1615658363100.jpg\",\"articleSection\":[\"m\u00e9dias \\\/ r\u00e9seaux sociaux\"],\"inLanguage\":\"fr-FR\",\"potentialAction\":[{\"@type\":\"CommentAction\",\"name\":\"Comment\",\"target\":[\"https:\\\/\\\/visionarymarketing.com\\\/fr\\\/2013\\\/01\\\/16\\\/reseaux-sociaux-entreprise\\\/#respond\"]}]},{\"@type\":\"WebPage\",\"@id\":\"https:\\\/\\\/visionarymarketing.com\\\/fr\\\/2013\\\/01\\\/16\\\/reseaux-sociaux-entreprise\\\/\",\"url\":\"https:\\\/\\\/visionarymarketing.com\\\/fr\\\/2013\\\/01\\\/16\\\/reseaux-sociaux-entreprise\\\/\",\"name\":\"R\u00e9seaux sociaux en entreprise : un atout pour ses collaborateurs\",\"isPartOf\":{\"@id\":\"https:\\\/\\\/visionarymarketing.com\\\/fr\\\/#website\"},\"primaryImageOfPage\":{\"@id\":\"https:\\\/\\\/visionarymarketing.com\\\/fr\\\/2013\\\/01\\\/16\\\/reseaux-sociaux-entreprise\\\/#primaryimage\"},\"image\":{\"@id\":\"https:\\\/\\\/visionarymarketing.com\\\/fr\\\/2013\\\/01\\\/16\\\/reseaux-sociaux-entreprise\\\/#primaryimage\"},\"thumbnailUrl\":\"https:\\\/\\\/visionarymarketing.com\\\/wp-content\\\/uploads\\\/2013\\\/01\\\/image_thumb-e1615658363100.jpg\",\"datePublished\":\"2013-01-16T08:26:30+00:00\",\"dateModified\":\"2021-03-13T18:03:50+00:00\",\"author\":{\"@id\":\"https:\\\/\\\/visionarymarketing.com\\\/fr\\\/#\\\/schema\\\/person\\\/3754fee1e558f47b8deb46f53c37423e\"},\"description\":\"R\u00e9seaux sociaux en entreprise : un atout pour ses collaborateurs. Voici une interview \u00e0 laquelle j'ai eu le plaisir de participer\",\"breadcrumb\":{\"@id\":\"https:\\\/\\\/visionarymarketing.com\\\/fr\\\/2013\\\/01\\\/16\\\/reseaux-sociaux-entreprise\\\/#breadcrumb\"},\"inLanguage\":\"fr-FR\",\"potentialAction\":[{\"@type\":\"ReadAction\",\"target\":[\"https:\\\/\\\/visionarymarketing.com\\\/fr\\\/2013\\\/01\\\/16\\\/reseaux-sociaux-entreprise\\\/\"]}]},{\"@type\":\"ImageObject\",\"inLanguage\":\"fr-FR\",\"@id\":\"https:\\\/\\\/visionarymarketing.com\\\/fr\\\/2013\\\/01\\\/16\\\/reseaux-sociaux-entreprise\\\/#primaryimage\",\"url\":\"https:\\\/\\\/visionarymarketing.com\\\/wp-content\\\/uploads\\\/2013\\\/01\\\/image_thumb-e1615658363100.jpg\",\"contentUrl\":\"https:\\\/\\\/visionarymarketing.com\\\/wp-content\\\/uploads\\\/2013\\\/01\\\/image_thumb-e1615658363100.jpg\",\"width\":575,\"height\":484},{\"@type\":\"BreadcrumbList\",\"@id\":\"https:\\\/\\\/visionarymarketing.com\\\/fr\\\/2013\\\/01\\\/16\\\/reseaux-sociaux-entreprise\\\/#breadcrumb\",\"itemListElement\":[{\"@type\":\"ListItem\",\"position\":1,\"name\":\"Home\",\"item\":\"https:\\\/\\\/visionarymarketing.com\\\/fr\\\/\"},{\"@type\":\"ListItem\",\"position\":2,\"name\":\"R\u00e9seaux sociaux en entreprise : un atout pour ses collaborateurs\"}]},{\"@type\":\"WebSite\",\"@id\":\"https:\\\/\\\/visionarymarketing.com\\\/fr\\\/#website\",\"url\":\"https:\\\/\\\/visionarymarketing.com\\\/fr\\\/\",\"name\":\"Marketing and Innovation\",\"description\":\"Site d&#039;infos ind\u00e9pendant, depuis 1996\",\"potentialAction\":[{\"@type\":\"SearchAction\",\"target\":{\"@type\":\"EntryPoint\",\"urlTemplate\":\"https:\\\/\\\/visionarymarketing.com\\\/fr\\\/?s={search_term_string}\"},\"query-input\":{\"@type\":\"PropertyValueSpecification\",\"valueRequired\":true,\"valueName\":\"search_term_string\"}}],\"inLanguage\":\"fr-FR\"},{\"@type\":\"Person\",\"@id\":\"https:\\\/\\\/visionarymarketing.com\\\/fr\\\/#\\\/schema\\\/person\\\/3754fee1e558f47b8deb46f53c37423e\",\"name\":\"Yann Gourvennec\",\"image\":{\"@type\":\"ImageObject\",\"inLanguage\":\"fr-FR\",\"@id\":\"https:\\\/\\\/secure.gravatar.com\\\/avatar\\\/5972001801e8de5692a3e31224e85769f50a55fb8b679749f9c8d1868cceff14?s=96&d=initials&r=g&initials=yg\",\"url\":\"https:\\\/\\\/secure.gravatar.com\\\/avatar\\\/5972001801e8de5692a3e31224e85769f50a55fb8b679749f9c8d1868cceff14?s=96&d=initials&r=g&initials=yg\",\"contentUrl\":\"https:\\\/\\\/secure.gravatar.com\\\/avatar\\\/5972001801e8de5692a3e31224e85769f50a55fb8b679749f9c8d1868cceff14?s=96&d=initials&r=g&initials=yg\",\"caption\":\"Yann Gourvennec\"},\"description\":\"Yann Gourvennec created visionarymarketing.com in 1996. He is a speaker and author of many books. In 2014 he went from intrapreneur to entrepreneur, when he created his digital marketing agency. Yann Gourvennec a cr\u00e9\u00e9 visionarymarketing.com en 1996. Il est conf\u00e9rencier et auteur de plusieurs livres. En 2014, il est pass\u00e9 d'intrapreneur \u00e0 entrepreneur en cr\u00e9ant son agence de marketing num\u00e9rique.\",\"sameAs\":[\"https:\\\/\\\/visionarymarketing.com\",\"http:\\\/\\\/facebook.com\\\/ygourven\",\"http:\\\/\\\/linkedin.com\\\/in\\\/ygourven\",\"https:\\\/\\\/x.com\\\/ygourven\",\"https:\\\/\\\/www.youtube.com\\\/c\\\/visionarymarketingagency\"],\"url\":\"https:\\\/\\\/visionarymarketing.com\\\/fr\\\/author\\\/yann-gourvennec\\\/\"}]}<\/script>\n<!-- \/ Yoast SEO plugin. -->","yoast_head_json":{"title":"R\u00e9seaux sociaux en entreprise : un atout pour ses collaborateurs","description":"R\u00e9seaux sociaux en entreprise : un atout pour ses collaborateurs. Voici une interview \u00e0 laquelle j'ai eu le plaisir de participer","robots":{"index":"index","follow":"follow","max-snippet":"max-snippet:-1","max-image-preview":"max-image-preview:large","max-video-preview":"max-video-preview:-1"},"canonical":"https:\/\/visionarymarketing.com\/fr\/2013\/01\/16\/reseaux-sociaux-entreprise\/","og_locale":"fr_FR","og_type":"article","og_title":"R\u00e9seaux sociaux en entreprise : un atout pour ses collaborateurs","og_description":"R\u00e9seaux sociaux en entreprise : un atout pour ses collaborateurs. Voici une interview \u00e0 laquelle j'ai eu le plaisir de participer","og_url":"https:\/\/visionarymarketing.com\/fr\/2013\/01\/16\/reseaux-sociaux-entreprise\/","og_site_name":"Marketing and Innovation","article_publisher":"https:\/\/www.facebook.com\/vismktg","article_author":"http:\/\/facebook.com\/ygourven","article_published_time":"2013-01-16T08:26:30+00:00","article_modified_time":"2021-03-13T18:03:50+00:00","og_image":[{"width":575,"height":484,"url":"https:\/\/visionarymarketing.com\/wp-content\/uploads\/2013\/01\/image_thumb-e1615658363100.jpg","type":"image\/jpeg"}],"author":"Yann Gourvennec","twitter_card":"summary_large_image","twitter_creator":"@ygourven","twitter_site":"@ygourven","twitter_misc":{"\u00c9crit par":"Yann Gourvennec","Dur\u00e9e de lecture estim\u00e9e":"6 minutes"},"schema":{"@context":"https:\/\/schema.org","@graph":[{"@type":"NewsArticle","@id":"https:\/\/visionarymarketing.com\/fr\/2013\/01\/16\/reseaux-sociaux-entreprise\/#article","isPartOf":{"@id":"https:\/\/visionarymarketing.com\/fr\/2013\/01\/16\/reseaux-sociaux-entreprise\/"},"author":{"name":"Yann Gourvennec","@id":"https:\/\/visionarymarketing.com\/fr\/#\/schema\/person\/3754fee1e558f47b8deb46f53c37423e"},"headline":"R\u00e9seaux sociaux en entreprise : un atout pour ses collaborateurs","datePublished":"2013-01-16T08:26:30+00:00","dateModified":"2021-03-13T18:03:50+00:00","mainEntityOfPage":{"@id":"https:\/\/visionarymarketing.com\/fr\/2013\/01\/16\/reseaux-sociaux-entreprise\/"},"wordCount":1397,"commentCount":29,"image":{"@id":"https:\/\/visionarymarketing.com\/fr\/2013\/01\/16\/reseaux-sociaux-entreprise\/#primaryimage"},"thumbnailUrl":"https:\/\/visionarymarketing.com\/wp-content\/uploads\/2013\/01\/image_thumb-e1615658363100.jpg","articleSection":["m\u00e9dias \/ r\u00e9seaux sociaux"],"inLanguage":"fr-FR","potentialAction":[{"@type":"CommentAction","name":"Comment","target":["https:\/\/visionarymarketing.com\/fr\/2013\/01\/16\/reseaux-sociaux-entreprise\/#respond"]}]},{"@type":"WebPage","@id":"https:\/\/visionarymarketing.com\/fr\/2013\/01\/16\/reseaux-sociaux-entreprise\/","url":"https:\/\/visionarymarketing.com\/fr\/2013\/01\/16\/reseaux-sociaux-entreprise\/","name":"R\u00e9seaux sociaux en entreprise : un atout pour ses collaborateurs","isPartOf":{"@id":"https:\/\/visionarymarketing.com\/fr\/#website"},"primaryImageOfPage":{"@id":"https:\/\/visionarymarketing.com\/fr\/2013\/01\/16\/reseaux-sociaux-entreprise\/#primaryimage"},"image":{"@id":"https:\/\/visionarymarketing.com\/fr\/2013\/01\/16\/reseaux-sociaux-entreprise\/#primaryimage"},"thumbnailUrl":"https:\/\/visionarymarketing.com\/wp-content\/uploads\/2013\/01\/image_thumb-e1615658363100.jpg","datePublished":"2013-01-16T08:26:30+00:00","dateModified":"2021-03-13T18:03:50+00:00","author":{"@id":"https:\/\/visionarymarketing.com\/fr\/#\/schema\/person\/3754fee1e558f47b8deb46f53c37423e"},"description":"R\u00e9seaux sociaux en entreprise : un atout pour ses collaborateurs. Voici une interview \u00e0 laquelle j'ai eu le plaisir de participer","breadcrumb":{"@id":"https:\/\/visionarymarketing.com\/fr\/2013\/01\/16\/reseaux-sociaux-entreprise\/#breadcrumb"},"inLanguage":"fr-FR","potentialAction":[{"@type":"ReadAction","target":["https:\/\/visionarymarketing.com\/fr\/2013\/01\/16\/reseaux-sociaux-entreprise\/"]}]},{"@type":"ImageObject","inLanguage":"fr-FR","@id":"https:\/\/visionarymarketing.com\/fr\/2013\/01\/16\/reseaux-sociaux-entreprise\/#primaryimage","url":"https:\/\/visionarymarketing.com\/wp-content\/uploads\/2013\/01\/image_thumb-e1615658363100.jpg","contentUrl":"https:\/\/visionarymarketing.com\/wp-content\/uploads\/2013\/01\/image_thumb-e1615658363100.jpg","width":575,"height":484},{"@type":"BreadcrumbList","@id":"https:\/\/visionarymarketing.com\/fr\/2013\/01\/16\/reseaux-sociaux-entreprise\/#breadcrumb","itemListElement":[{"@type":"ListItem","position":1,"name":"Home","item":"https:\/\/visionarymarketing.com\/fr\/"},{"@type":"ListItem","position":2,"name":"R\u00e9seaux sociaux en entreprise : un atout pour ses collaborateurs"}]},{"@type":"WebSite","@id":"https:\/\/visionarymarketing.com\/fr\/#website","url":"https:\/\/visionarymarketing.com\/fr\/","name":"Marketing and Innovation","description":"Site d&#039;infos ind\u00e9pendant, depuis 1996","potentialAction":[{"@type":"SearchAction","target":{"@type":"EntryPoint","urlTemplate":"https:\/\/visionarymarketing.com\/fr\/?s={search_term_string}"},"query-input":{"@type":"PropertyValueSpecification","valueRequired":true,"valueName":"search_term_string"}}],"inLanguage":"fr-FR"},{"@type":"Person","@id":"https:\/\/visionarymarketing.com\/fr\/#\/schema\/person\/3754fee1e558f47b8deb46f53c37423e","name":"Yann Gourvennec","image":{"@type":"ImageObject","inLanguage":"fr-FR","@id":"https:\/\/secure.gravatar.com\/avatar\/5972001801e8de5692a3e31224e85769f50a55fb8b679749f9c8d1868cceff14?s=96&d=initials&r=g&initials=yg","url":"https:\/\/secure.gravatar.com\/avatar\/5972001801e8de5692a3e31224e85769f50a55fb8b679749f9c8d1868cceff14?s=96&d=initials&r=g&initials=yg","contentUrl":"https:\/\/secure.gravatar.com\/avatar\/5972001801e8de5692a3e31224e85769f50a55fb8b679749f9c8d1868cceff14?s=96&d=initials&r=g&initials=yg","caption":"Yann Gourvennec"},"description":"Yann Gourvennec created visionarymarketing.com in 1996. He is a speaker and author of many books. In 2014 he went from intrapreneur to entrepreneur, when he created his digital marketing agency. Yann Gourvennec a cr\u00e9\u00e9 visionarymarketing.com en 1996. Il est conf\u00e9rencier et auteur de plusieurs livres. En 2014, il est pass\u00e9 d'intrapreneur \u00e0 entrepreneur en cr\u00e9ant son agence de marketing num\u00e9rique.","sameAs":["https:\/\/visionarymarketing.com","http:\/\/facebook.com\/ygourven","http:\/\/linkedin.com\/in\/ygourven","https:\/\/x.com\/ygourven","https:\/\/www.youtube.com\/c\/visionarymarketingagency"],"url":"https:\/\/visionarymarketing.com\/fr\/author\/yann-gourvennec\/"}]}},"_links":{"self":[{"href":"https:\/\/visionarymarketing.com\/fr\/wp-json\/wp\/v2\/posts\/7589","targetHints":{"allow":["GET"]}}],"collection":[{"href":"https:\/\/visionarymarketing.com\/fr\/wp-json\/wp\/v2\/posts"}],"about":[{"href":"https:\/\/visionarymarketing.com\/fr\/wp-json\/wp\/v2\/types\/post"}],"author":[{"embeddable":true,"href":"https:\/\/visionarymarketing.com\/fr\/wp-json\/wp\/v2\/users\/2"}],"replies":[{"embeddable":true,"href":"https:\/\/visionarymarketing.com\/fr\/wp-json\/wp\/v2\/comments?post=7589"}],"version-history":[{"count":0,"href":"https:\/\/visionarymarketing.com\/fr\/wp-json\/wp\/v2\/posts\/7589\/revisions"}],"wp:featuredmedia":[{"embeddable":true,"href":"https:\/\/visionarymarketing.com\/fr\/wp-json\/wp\/v2\/media\/7597"}],"wp:attachment":[{"href":"https:\/\/visionarymarketing.com\/fr\/wp-json\/wp\/v2\/media?parent=7589"}],"wp:term":[{"taxonomy":"category","embeddable":true,"href":"https:\/\/visionarymarketing.com\/fr\/wp-json\/wp\/v2\/categories?post=7589"},{"taxonomy":"post_tag","embeddable":true,"href":"https:\/\/visionarymarketing.com\/fr\/wp-json\/wp\/v2\/tags?post=7589"}],"curies":[{"name":"wp","href":"https:\/\/api.w.org\/{rel}","templated":true}]}}