{"id":75631,"date":"2023-04-24T16:10:48","date_gmt":"2023-04-24T14:10:48","guid":{"rendered":"https:\/\/visionarymarketing.com\/?p=75631"},"modified":"2023-04-24T19:45:20","modified_gmt":"2023-04-24T17:45:20","slug":"empreinte-carbone-publicite-digitale","status":"publish","type":"post","link":"https:\/\/visionarymarketing.com\/fr\/2023\/04\/24\/empreinte-carbone-publicite-digitale\/","title":{"rendered":"Comment r\u00e9duire l&#8217;empreinte carbone de la publicit\u00e9 digitale ?"},"content":{"rendered":"<p><em>Le digital est souvent point\u00e9 du doigt, et en particulier la publicit\u00e9 programmatique, pour son empreinte carbone. De combien est-elle\u2009? Quelle est l\u2019attitude des annonceurs\u2009? Comment r\u00e9duire cette empreinte\u2009? Une \u00e9tude de Scope3 nous \u00e9claire sur ce sujet et ouvre des perspectives. Elle montre notamment que l\u2019industrie du marketing digital peut elle aussi contribuer \u00e0 l\u2019effort commun. C\u2019est ce que m\u2019a confi\u00e9 Fabien Omont d\u2019Adform, fournisseur danois de solutions pour la publicit\u00e9 digitale.<\/em><\/p>\n<h2>Comment r\u00e9duire l\u2019empreinte \u00e9cologique de la publicit\u00e9 digitale<\/h2>\n<figure id=\"attachment_75632\" aria-describedby=\"caption-attachment-75632\" style=\"width: 520px\" class=\"wp-caption aligncenter\"><img decoding=\"async\" class=\"wp-image-75632 size-full\" src=\"https:\/\/visionarymarketing.com\/wp-content\/uploads\/2023\/04\/empreinte-carbone-pub-digitale.jpg\" alt=\"\" width=\"520\" height=\"340\" srcset=\"https:\/\/visionarymarketing.com\/wp-content\/uploads\/2023\/04\/empreinte-carbone-pub-digitale.jpg 520w, https:\/\/visionarymarketing.com\/wp-content\/uploads\/2023\/04\/empreinte-carbone-pub-digitale-459x300.jpg 459w\" sizes=\"(max-width: 520px) 100vw, 520px\" \/><figcaption id=\"caption-attachment-75632\" class=\"wp-caption-text\">Scope3 vient de faire para\u00eetre un dossier de 2023 qui plaide en faveur d\u2019une industrie de la publicit\u00e9 digitale plus responsable. Le lien vers l\u2019\u00e9tude est en fin de billet.<\/figcaption><\/figure>\n<hr \/>\n<p class=\"p4\"><i style=\"color: green; font-size: 15px;\">Transparence\u00a0: Ce podcast est r\u00e9alis\u00e9 en partenariat avec <a href=\"https:\/\/ecranmobile.fr\" target=\"_blank\" rel=\"noopener\">\u00c9cran mobile<\/a>\u00a0pour le compte de <a href=\"https:\/\/adform.com\" target=\"_blank\" rel=\"noopener\">Adform<\/a>, fournisseur de solutions pour la publicit\u00e9 digitale. Nous avons r\u00e9dig\u00e9 ce\u00a0<\/i><span style=\"color: #008000;\"><span style=\"caret-color: #008000; font-size: 15px;\"><i>billet<\/i><\/span><\/span><i style=\"color: green; font-size: 15px;\">\u00a0avec notre\u00a0<\/i><span style=\"color: #008000;\"><i style=\"caret-color: #008000; font-size: 15px;\">objectif\u00a0<\/i><span style=\"font-size: 15px;\"><i>habituel<\/i><\/span><i style=\"caret-color: #008000; font-size: 15px;\"> d\u2019ind\u00e9pendance et <\/i><span style=\"font-size: 15px;\"><i>d\u2019authenticit\u00e9.<\/i><\/span><\/span><\/p>\n<p><!--more--><\/p>\n<p><a href=\"https:\/\/www.linkedin.com\/in\/fabienomont\/\" target=\"_blank\" rel=\"noopener\">Fabien Omont<\/a> est Product Marketing Director chez Adform. La soci\u00e9t\u00e9 d\u2019Adtech travaille avec Scope3. Cette derni\u00e8re vient de publier son rapport sur l\u2019\u00e9tat des lieux de la publicit\u00e9 digitale durable. <a href=\"https:\/\/www.scope3.com\" target=\"_blank\" rel=\"noopener\">Scope3<\/a> est \u00ab\u2009la seule entreprise qui mesure les \u00e9missions de bout en bout de la cha\u00eene d\u2019approvisionnement des m\u00e9dias et de la publicit\u00e9\u2009\u00bb.<\/p>\n<h3>L\u2019empreinte carbone de la publicit\u00e9 digitale<\/h3>\n<p>Scope3 a \u00e9valu\u00e9 les \u00e9missions de CO2 de la publicit\u00e9 digitale (publicit\u00e9 programmatique) \u00e0 215\u2009000\u00a0tonnes de CO2 par mois sur 5\u00a0pays uniquement. Il s\u2019agit de l\u2019Australie, la France, la Grande-Bretagne, l\u2019Allemagne et les USA.<\/p>\n<blockquote class=\"quote-light\"><p>Les USA repr\u00e9sentent \u00e0 eux seuls pr\u00e8s de la moiti\u00e9 de ces \u00e9missions<\/p><\/blockquote>\n<figure id=\"attachment_75634\" aria-describedby=\"caption-attachment-75634\" style=\"width: 1024px\" class=\"wp-caption aligncenter\"><a href=\"https:\/\/visionarymarketing.com\/wp-content\/uploads\/2023\/04\/screenshot-2023-04-24-at-082009.jpg\" target=\"_blank\" rel=\"noopener\"><img decoding=\"async\" class=\"wp-image-75634 size-large\" src=\"https:\/\/visionarymarketing.com\/wp-content\/uploads\/2023\/04\/screenshot-2023-04-24-at-082009-1024x578.jpg\" alt=\"Empreinte carbone publicit\u00e9 digitale\" width=\"1024\" height=\"578\" srcset=\"https:\/\/visionarymarketing.com\/wp-content\/uploads\/2023\/04\/screenshot-2023-04-24-at-082009-1024x578.jpg 1024w, https:\/\/visionarymarketing.com\/wp-content\/uploads\/2023\/04\/screenshot-2023-04-24-at-082009-500x282.jpg 500w, https:\/\/visionarymarketing.com\/wp-content\/uploads\/2023\/04\/screenshot-2023-04-24-at-082009-768x433.jpg 768w, https:\/\/visionarymarketing.com\/wp-content\/uploads\/2023\/04\/screenshot-2023-04-24-at-082009-390x220.jpg 390w, https:\/\/visionarymarketing.com\/wp-content\/uploads\/2023\/04\/screenshot-2023-04-24-at-082009.jpg 1227w\" sizes=\"(max-width: 1024px) 100vw, 1024px\" \/><\/a><figcaption id=\"caption-attachment-75634\" class=\"wp-caption-text\">La mesure de l\u2019empreinte carbone de la publicit\u00e9 digitale de Scope3 montre que celle-ci \u00e9met 215\u2009000\u00a0tonnes de CO2 chaque mois dans 5\u00a0pays (Australie, France, Grande-Bretagne, Allemagne et \u00c9tats-Unis). Cela correspondrait \u00e0 la consommation de pr\u00e8s de 91\u00a0millions de litres d\u2019essence (24\u00a0millions de gallons) chaque mois. Cliquer pour agrandir.<\/figcaption><\/figure>\n<blockquote class=\"quote-light\"><p>En France, chaque mois la publicit\u00e9 programmatique \u00e9mettrait 22,7 mille tonnes de CO2<\/p><\/blockquote>\n<p>\u00ab\u2009Or la publicit\u00e9 digitale a pris une place consid\u00e9rable\u2009\u00bb, explique Fabien. Celle-ci est m\u00eame chiffr\u00e9e tr\u00e8s pr\u00e9cis\u00e9ment \u00e0 65,15\u00a0% du total des d\u00e9penses publicitaires (toutes d\u00e9penses Internet confondues) pour un total de plus de 550\u00a0milliards de $ US. Cela est en effet consid\u00e9rable.<\/p>\n<div id='gallery-1' class='gallery galleryid-75631 gallery-columns-1 gallery-size-large'><figure class='gallery-item'>\n\t\t\t<div class='gallery-icon landscape'>\n\t\t\t\t<a href='https:\/\/visionarymarketing.com\/fr\/2023\/04\/24\/empreinte-carbone-publicite-digitale\/statistic-id275806-programmatic-ad-spend-worldwide-2017-2026\/'><img decoding=\"async\" width=\"1000\" height=\"743\" src=\"https:\/\/visionarymarketing.com\/wp-content\/uploads\/2023\/04\/statistic-id275806-programmatic-ad-spend-worldwide-2017-2026.png\" class=\"attachment-large size-large\" alt=\"\" aria-describedby=\"gallery-1-75636\" srcset=\"https:\/\/visionarymarketing.com\/wp-content\/uploads\/2023\/04\/statistic-id275806-programmatic-ad-spend-worldwide-2017-2026.png 1000w, https:\/\/visionarymarketing.com\/wp-content\/uploads\/2023\/04\/statistic-id275806-programmatic-ad-spend-worldwide-2017-2026-404x300.png 404w, https:\/\/visionarymarketing.com\/wp-content\/uploads\/2023\/04\/statistic-id275806-programmatic-ad-spend-worldwide-2017-2026-768x571.png 768w\" sizes=\"(max-width: 1000px) 100vw, 1000px\" \/><\/a>\n\t\t\t<\/div>\n\t\t\t\t<figcaption class='wp-caption-text gallery-caption' id='gallery-1-75636'>\n\t\t\t\tEvolution des d\u00e9penses publicitaires programmatiques &#8211; Statista 2023\n\t\t\t\t<\/figcaption><\/figure><figure class='gallery-item'>\n\t\t\t<div class='gallery-icon landscape'>\n\t\t\t\t<a href='https:\/\/visionarymarketing.com\/fr\/2023\/04\/24\/empreinte-carbone-publicite-digitale\/statistic-id269333-distribution-of-global-advertising-spending-2024-by-medium\/'><img decoding=\"async\" width=\"1000\" height=\"743\" src=\"https:\/\/visionarymarketing.com\/wp-content\/uploads\/2023\/04\/statistic-id269333-distribution-of-global-advertising-spending-2024-by-medium.png\" class=\"attachment-large size-large\" alt=\"Empreinte cabone de la publicit\u00e9 digitale\" aria-describedby=\"gallery-1-75635\" srcset=\"https:\/\/visionarymarketing.com\/wp-content\/uploads\/2023\/04\/statistic-id269333-distribution-of-global-advertising-spending-2024-by-medium.png 1000w, https:\/\/visionarymarketing.com\/wp-content\/uploads\/2023\/04\/statistic-id269333-distribution-of-global-advertising-spending-2024-by-medium-404x300.png 404w, https:\/\/visionarymarketing.com\/wp-content\/uploads\/2023\/04\/statistic-id269333-distribution-of-global-advertising-spending-2024-by-medium-768x571.png 768w\" sizes=\"(max-width: 1000px) 100vw, 1000px\" \/><\/a>\n\t\t\t<\/div>\n\t\t\t\t<figcaption class='wp-caption-text gallery-caption' id='gallery-1-75635'>\n\t\t\t\tDistribution des d\u00e9penses publicitaires dans le monde &#8211; Statista 2023\n\t\t\t\t<\/figcaption><\/figure>\n\t\t<\/div>\n\n<p>Mais au-del\u00e0 de ces chiffres, il convient de comprendre les \u00ab\u2009facteurs d\u00e9clencheurs de cette empreinte carbone de la publicit\u00e9 digitale\u2009\u00bb, poursuit Fabien.<\/p>\n<h3>Les 4\u00a0facteurs principaux de l\u2019empreinte carbone de la publicit\u00e9 programmatique<\/h3>\n<ol>\n<li><strong>Le premier, il est li\u00e9 au consommateur<\/strong>, c\u2019est la consommation des terminaux utilis\u00e9s par les internautes.<\/li>\n<li><strong>Le deuxi\u00e8me facteur, c\u2019est la mani\u00e8re dont les \u00e9diteurs vont distribuer le contenu \u00e0 travers le monde<\/strong>. Si une personne consomme un article, o\u00f9 celui-ci a-t-il \u00e9t\u00e9 charg\u00e9\u2009? Comment a-t-il \u00e9t\u00e9 distribu\u00e9 par les r\u00e9seaux jusqu\u2019au terminal de l\u2019internaute\u2009? C\u2019est le deuxi\u00e8me facteur.<\/li>\n<li><strong>Le troisi\u00e8me facteur est la distribution de la cr\u00e9a publicitaire<\/strong>. A-t-elle \u00e9t\u00e9 optimis\u00e9e et quel est son poids sur la bande passante\u2009? Au fil des ans, alors que la bande passante s\u2019est am\u00e9lior\u00e9e, les cr\u00e9a se sont alourdies. Cela a un co\u00fbt \u00e9cologique ind\u00e9niable.<\/li>\n<li><strong>Le quatri\u00e8me et dernier facteur est celui de la s\u00e9lection publicitaire<\/strong> (\u00ab\u2009Ad selection\u2009\u00bb en anglais). C\u2019est le processus mis en place pour que l\u2019internaute re\u00e7oive une publicit\u00e9.<\/li>\n<\/ol>\n<h3>La s\u00e9lection publicitaire est point\u00e9e du doigt<\/h3>\n<figure id=\"attachment_75640\" aria-describedby=\"caption-attachment-75640\" style=\"width: 1024px\" class=\"wp-caption aligncenter\"><a href=\"https:\/\/visionarymarketing.com\/wp-content\/uploads\/2023\/04\/screenshot-2023-04-24-at-085139.jpg\" target=\"_blank\" rel=\"noopener\"><img decoding=\"async\" class=\"wp-image-75640 size-large\" src=\"https:\/\/visionarymarketing.com\/wp-content\/uploads\/2023\/04\/screenshot-2023-04-24-at-085139-1024x578.jpg\" alt=\"Ad selection\" width=\"1024\" height=\"578\" srcset=\"https:\/\/visionarymarketing.com\/wp-content\/uploads\/2023\/04\/screenshot-2023-04-24-at-085139-1024x578.jpg 1024w, https:\/\/visionarymarketing.com\/wp-content\/uploads\/2023\/04\/screenshot-2023-04-24-at-085139-500x282.jpg 500w, https:\/\/visionarymarketing.com\/wp-content\/uploads\/2023\/04\/screenshot-2023-04-24-at-085139-768x433.jpg 768w, https:\/\/visionarymarketing.com\/wp-content\/uploads\/2023\/04\/screenshot-2023-04-24-at-085139-390x220.jpg 390w, https:\/\/visionarymarketing.com\/wp-content\/uploads\/2023\/04\/screenshot-2023-04-24-at-085139.jpg 1228w\" sizes=\"(max-width: 1024px) 100vw, 1024px\" \/><\/a><figcaption id=\"caption-attachment-75640\" class=\"wp-caption-text\">Le crit\u00e8re de s\u00e9lection des publicit\u00e9s est le responsable num\u00e9ro\u00a01 de l\u2019empreinte carbone des publicit\u00e9s digitales. C\u2019est ce que nous apprend le rapport\u00a0Scope3 dont cette image est tir\u00e9e. Cliquer pour agrandir.<\/figcaption><\/figure>\n<p>\u00ab\u2009C\u2019est ce dernier facteur, <strong>la s\u00e9lection publicitaire<\/strong>, qui est point\u00e9 du doigt comme \u00e9tant le principal facteur d\u2019\u00e9mission carbone de la publicit\u00e9 digitale\u2009\u00bb. Il repr\u00e9sente bien plus que la part due \u00e0 la cr\u00e9a ou le terminal de l\u2019internaute, explique Fabien.<\/p>\n<blockquote class=\"quote-light\"><p>60\u00a0% de l\u2019empreinte carbone des publicit\u00e9s programmatiques est d\u00fb \u00e0 la s\u00e9lection publicitaire<\/p><\/blockquote>\n<figure id=\"attachment_75641\" aria-describedby=\"caption-attachment-75641\" style=\"width: 1000px\" class=\"wp-caption aligncenter\"><img decoding=\"async\" class=\"size-full wp-image-75641\" src=\"https:\/\/visionarymarketing.com\/wp-content\/uploads\/2023\/04\/artboard-1.png\" alt=\"Programmatiquea\" width=\"1000\" height=\"610\" srcset=\"https:\/\/visionarymarketing.com\/wp-content\/uploads\/2023\/04\/artboard-1.png 1000w, https:\/\/visionarymarketing.com\/wp-content\/uploads\/2023\/04\/artboard-1-492x300.png 492w, https:\/\/visionarymarketing.com\/wp-content\/uploads\/2023\/04\/artboard-1-768x468.png 768w\" sizes=\"(max-width: 1000px) 100vw, 1000px\" \/><figcaption id=\"caption-attachment-75641\" class=\"wp-caption-text\">La publicit\u00e9 programmatique n\u2019est pas seulement complexe, elle est aussi fortement consommatrice de ressources. Heureusement, des solutions existent pour r\u00e9duire cette empreinte carbone.<\/figcaption><\/figure>\n<p>\u00ab\u2009La r\u00e9alit\u00e9 de la publicit\u00e9 digitale\u2009\u00bb, explique Fabien, \u00ab\u2009c\u2019est que la pratique du header-bidding s\u2019est quasiment g\u00e9n\u00e9ralis\u00e9e du c\u00f4t\u00e9 des \u00e9diteurs\u2009\u00bb.<\/p>\n<figure id=\"attachment_75642\" aria-describedby=\"caption-attachment-75642\" style=\"width: 615px\" class=\"wp-caption aligncenter\"><img decoding=\"async\" class=\"wp-image-75642 size-large\" src=\"https:\/\/visionarymarketing.com\/wp-content\/uploads\/2023\/04\/sortable-header-bidding-infographic-615x1024.png\" alt=\"Empreinte carbone pub digitale\" width=\"615\" height=\"1024\" srcset=\"https:\/\/visionarymarketing.com\/wp-content\/uploads\/2023\/04\/sortable-header-bidding-infographic-615x1024.png 615w, https:\/\/visionarymarketing.com\/wp-content\/uploads\/2023\/04\/sortable-header-bidding-infographic-180x300.png 180w, https:\/\/visionarymarketing.com\/wp-content\/uploads\/2023\/04\/sortable-header-bidding-infographic-768x1280.png 768w, https:\/\/visionarymarketing.com\/wp-content\/uploads\/2023\/04\/sortable-header-bidding-infographic-922x1536.png 922w, https:\/\/visionarymarketing.com\/wp-content\/uploads\/2023\/04\/sortable-header-bidding-infographic-1229x2048.png 1229w, https:\/\/visionarymarketing.com\/wp-content\/uploads\/2023\/04\/sortable-header-bidding-infographic.png 1920w\" sizes=\"(max-width: 615px) 100vw, 615px\" \/><figcaption id=\"caption-attachment-75642\" class=\"wp-caption-text\">Le header-bidding en infographie \u2014 source <a href=\"https:\/\/sortable.com\/ad-ops\/what-you-need-to-know-about-header-bidding\/\" target=\"_blank\" rel=\"noopener\">Sortable<\/a><\/figcaption><\/figure>\n<h3>D\u00e9multiplication des appels publicitaires<\/h3>\n<p>\u00ab\u2009C\u2019est une pratique qui, pour vulgariser, consiste \u00e0 d\u00e9multiplier les appels publicitaires pour optimiser la mon\u00e9tisation, c\u2019est-\u00e0-dire g\u00e9n\u00e9rer de doubles ou triples mises aux ench\u00e8res, ce qui va permettre de faire gonfler le prix de l\u2019ench\u00e8re gagnante et donc de gagner plus d\u2019argent in fine\u2009\u00bb.<\/p>\n<p>Cette approche est tout \u00e0 fait louable du point de vue de la mon\u00e9tisation et de l\u2019optimisation du revenu de l\u2019\u00e9diteur a expliqu\u00e9 Fabien, mais son impact n\u2019est pas neutre en mati\u00e8re d\u2019empreinte carbone.<\/p>\n<h3>Une prise de conscience de la part des annonceurs<\/h3>\n<p>Il y a cependant une prise de conscience salutaire de la part des annonceurs.<\/p>\n<blockquote class=\"quote-light\"><p>Les annonceurs sont en train de bouger et c\u2019est une bonne nouvelle<\/p><\/blockquote>\n<p>\u00ab\u2009Les annonceurs sont tr\u00e8s curieux de ce qui se passe et des initiatives qui sont prises par des start-ups comme Scope3 et d\u2019autres d\u2019acteurs de la Tech comme Adform\u2009\u00bb, explique Fabien.<\/p>\n<p>\u00ab\u2009Il y a surtout un travail fantastique qui est r\u00e9alis\u00e9 par les associations publicitaires et les agences m\u00e9dia qui ont \u00e9t\u00e9 les premi\u00e8res \u00e0 sensibiliser les annonceurs\u2009\u00bb.<\/p>\n<p>Par ailleurs, la l\u00e9gislation se renforcera sur le sujet. La publication des chiffres de l\u2019empreinte carbone de la publicit\u00e9 digitale devrait \u00eatre soumise \u00e0 une contrainte r\u00e9glementaire dans un futur proche.<\/p>\n<h3>Il n\u2019est pas si compliqu\u00e9 d\u2019obtenir des r\u00e9sultats positifs<\/h3>\n<p>\u00ab\u2009Nous avons d\u00e9velopp\u00e9 une solution d\u2019optimisation de r\u00e9duction de l\u2019empreinte carbone\u2009\u00bb, a poursuivi Fabien Omont. \u00ab\u2009Et la bonne nouvelle, c\u2019est qu\u2019il est tr\u00e8s facile d\u2019obtenir des r\u00e9sultats positifs\u2009\u00bb.<\/p>\n<blockquote class=\"quote-light\"><p>On peut tr\u00e8s facilement r\u00e9duire de moiti\u00e9 les \u00e9missions de carbone de la publicit\u00e9 digitale<\/p><\/blockquote>\n<p>\u00ab\u2009L\u2019amplitude de l\u2019impact carbone publicitaire d\u2019un \u00e9diteur est consid\u00e9rable. Les annonceurs les plus vertueux vont \u00e9mettre 55 grammes de CO2 par millier d\u2019impressions\u2009\u00bb, explique Fabien, \u00ab\u2009le seuil le plus \u00e9lev\u00e9, va jusque 4\u2009782 grammes\u2009\u00bb.<\/p>\n<p>Or, Adform a remarqu\u00e9 que la grande majorit\u00e9 des \u00e9diteurs se situe bien en dessous de ces extr\u00eames poursuit Fabien.<\/p>\n<p>\u00ab\u2009Si l\u2019on s\u2019attaque aux 10\u00a0% les plus \u00e9metteurs de CO2, nous allons vite observer un impact de r\u00e9duction total de 40 \u00e0 50\u00a0% des \u00e9missions carbone de la publicit\u00e9 digitale\u2009\u00bb.<\/p>\n<p>En conclusion, la situation est grave, mais elle n\u2019est pas d\u00e9sesp\u00e9r\u00e9e. Des am\u00e9liorations sont possibles, il suffit d\u2019am\u00e9liorer les pratiques sur le terrain pour obtenir des r\u00e9sultats satisfaisants.<\/p>\n<p><a href=\"https:\/\/h6w3mw87iyl.typeform.com\/to\/z0pJTDXU?typeform-source=www.scope3.com\" target=\"_blank\" rel=\"noopener\"><img decoding=\"async\" class=\"aligncenter wp-image-71915 size-full\" src=\"https:\/\/visionarymarketing.com\/wp-content\/uploads\/2022\/10\/je-telecharge-l-etude.png\" alt=\"empreinte carbone de la publicit\u00e9 en ligne\" width=\"450\" height=\"75\" \/><\/a><\/p>\n<hr \/>\n<h4><em>NDLR sur la place du num\u00e9rique dans les \u00e9missions carbone de la France<\/em><\/h4>\n<p><em>Pr\u00e9cisons \u00e9galement que le num\u00e9rique, dans son ensemble, serait responsable de 2\u00a0% de l\u2019empreinte carbone de la France. La forte augmentation des usages laisse pr\u00e9sager, si rien n\u2019est fait pour la limiter, une augmentation de 60\u00a0% d\u2019ici \u00e0 2040. Soit 6,7\u00a0% de l\u2019empreinte carbone nationale. Les chiffres sont issus d\u2019une \u00e9tude de l\u2019Ademe de janvier 2022. Or fin\u00a02022, l\u2019Ademe a lanc\u00e9 un outil permettant de calculer l\u2019empreinte carbone de nos usages num\u00e9riques. <\/em><\/p>\n<p><em>Celui-ci montre que le poids relatif du num\u00e9rique serait beaucoup moins \u00e9lev\u00e9 que la perception qui nous en a \u00e9t\u00e9 donn\u00e9e ces derni\u00e8res ann\u00e9es. Il ne faudrait donc pas \u00eatre tent\u00e9 de rejeter toute la faute de nos mauvais comportements sur le num\u00e9rique. Celui-ci est bien moins fautif que les coupables habituels que sont les transports, l\u2019industrie \u2014 dont l\u2019agriculture \u2014 et le chauffage. <\/em><\/p>\n<p><em>\u00c0 noter \u00e9galement que nous n\u2019\u00e9voquons ici que les \u00e9missions carbone qui ne repr\u00e9sentent qu\u2019une partie de la pollution. Quoi qu\u2019il en soit, chaque geste compte. Et les efforts r\u00e9alis\u00e9s par l\u2019industrie du num\u00e9rique sont \u00e0 saluer et \u00e0 encourager. <a href=\"https:\/\/visionarymarketing.com\/fr\/2022\/11\/sobriete-numerique\/\">Pour en savoir plus sur la sobri\u00e9t\u00e9 num\u00e9rique, voir notre billet de 2022.<\/a><\/em><\/p>\n<div itemscope itemtype=\"http:\/\/schema.org\/AudioObject\"><meta itemprop=\"name\" content=\"Comment r\u00e9duire l&amp;#8217;empreinte carbone de la publicit\u00e9 digitale ?\" \/><meta itemprop=\"uploadDate\" content=\"2023-04-24T16:10:48+02:00\" \/><meta itemprop=\"encodingFormat\" content=\"audio\/mpeg\" \/><meta itemprop=\"duration\" content=\"PT19M33S\" \/><meta itemprop=\"description\" content=\"Le digital est souvent point\u00e9 du doigt, et en particulier la publicit\u00e9 programmatique, pour son empreinte carbone. De combien est-elle\u2009? Quelle est l\u2019attitude des annonceurs\u2009? Comment r\u00e9duire cette empreinte\u2009? Une \u00e9tude de Scope3 nous \u00e9claire sur ce ...\" \/><meta itemprop=\"contentUrl\" content=\"https:\/\/media.blubrry.com\/visionarymarketing_les\/agence.visionarymarketing.com\/files\/podcasts\/2023-04-24-empreinte-carbone-adform-mixdown.mp3\" \/><meta itemprop=\"contentSize\" content=\"11.2\" \/><div class=\"powerpress_player\" id=\"powerpress_player_8968\"><audio class=\"wp-audio-shortcode\" id=\"audio-75631-1\" preload=\"none\" style=\"width: 100%;\" controls=\"controls\"><source type=\"audio\/mpeg\" src=\"https:\/\/media.blubrry.com\/visionarymarketing_les\/agence.visionarymarketing.com\/files\/podcasts\/2023-04-24-empreinte-carbone-adform-mixdown.mp3?_=1\" \/><a href=\"https:\/\/media.blubrry.com\/visionarymarketing_les\/agence.visionarymarketing.com\/files\/podcasts\/2023-04-24-empreinte-carbone-adform-mixdown.mp3\">https:\/\/media.blubrry.com\/visionarymarketing_les\/agence.visionarymarketing.com\/files\/podcasts\/2023-04-24-empreinte-carbone-adform-mixdown.mp3<\/a><\/audio><\/div><\/div><p class=\"powerpress_links powerpress_links_mp3\" style=\"margin-bottom: 1px !important;\">Podcast: <a href=\"https:\/\/media.blubrry.com\/visionarymarketing_les\/agence.visionarymarketing.com\/files\/podcasts\/2023-04-24-empreinte-carbone-adform-mixdown.mp3\" class=\"powerpress_link_pinw\" target=\"_blank\" title=\"Play in new window\" onclick=\"return powerpress_pinw('https:\/\/visionarymarketing.com\/fr\/\/?powerpress_pinw=75631-podcast');\" rel=\"nofollow\">Play in new window<\/a> | <a href=\"https:\/\/media.blubrry.com\/visionarymarketing_les\/agence.visionarymarketing.com\/files\/podcasts\/2023-04-24-empreinte-carbone-adform-mixdown.mp3\" class=\"powerpress_link_d\" title=\"Download\" rel=\"nofollow\" download=\"2023-04-24-empreinte-carbone-adform-mixdown.mp3\">Download<\/a> (Duration: 19:33 &#8212; 11.2MB)<\/p><p class=\"powerpress_links powerpress_subscribe_links\">Subscribe: <a href=\"https:\/\/itunes.apple.com\/us\/podcast\/visionarymarketing-les-interviews\/id731295319?mt=2&amp;ls=1#episodeGuid=https%3A%2F%2Fvisionarymarketing.com%2F%3Fp%3D75631\" class=\"powerpress_link_subscribe powerpress_link_subscribe_itunes\" target=\"_blank\" title=\"Subscribe on Apple Podcasts\" rel=\"nofollow\">Apple Podcasts<\/a> | <a href=\"https:\/\/open.spotify.com\/show\/52VnZ1mhVSnDs4tQOx7Vuc\" class=\"powerpress_link_subscribe powerpress_link_subscribe_spotify\" target=\"_blank\" title=\"Subscribe on Spotify\" rel=\"nofollow\">Spotify<\/a> | <a href=\"https:\/\/subscribeonandroid.com\/visionarymarketing.com\/fr\/feed\/podcast\/\" class=\"powerpress_link_subscribe powerpress_link_subscribe_android\" target=\"_blank\" title=\"Subscribe on Android\" rel=\"nofollow\">Android<\/a> | <a href=\"https:\/\/visionarymarketing.com\/fr\/feed\/podcast\/\" class=\"powerpress_link_subscribe powerpress_link_subscribe_rss\" target=\"_blank\" title=\"Subscribe via RSS\" rel=\"nofollow\">RSS<\/a><\/p>","protected":false},"excerpt":{"rendered":"<p>Le digital est souvent point\u00e9 du doigt, et en particulier la publicit\u00e9 programmatique, pour son empreinte carbone. De combien est-elle\u2009? Quelle est l\u2019attitude des annonceurs\u2009? Comment r\u00e9duire cette empreinte\u2009? Une \u00e9tude de Scope3 nous \u00e9claire sur ce sujet et ouvre des perspectives. Elle montre notamment que l\u2019industrie du marketing digital peut elle aussi contribuer \u00e0 &hellip;<\/p>\n","protected":false},"author":2,"featured_media":75632,"comment_status":"open","ping_status":"open","sticky":false,"template":"","format":"standard","meta":{"footnotes":""},"categories":[4062,1613],"tags":[],"class_list":["post-75631","post","type-post","status-publish","format-standard","has-post-thumbnail","hentry","category-a-la-une","category-marketing-digital-marketing"],"yoast_head":"<!-- This site is optimized with the Yoast SEO plugin v27.4 - https:\/\/yoast.com\/product\/yoast-seo-wordpress\/ -->\n<title>Empreinte carbone publicit\u00e9 digitale : comment la r\u00e9duire<\/title>\n<meta name=\"description\" content=\"La publicit\u00e9 digitale, alias pub programmatique est point\u00e9e du doigt pour son empreinte carbone. Quelle est-elle et comment la r\u00e9duire ?\" \/>\n<meta name=\"robots\" content=\"index, follow, max-snippet:-1, max-image-preview:large, max-video-preview:-1\" \/>\n<link rel=\"canonical\" href=\"https:\/\/visionarymarketing.com\/fr\/2023\/04\/24\/empreinte-carbone-publicite-digitale\/\" \/>\n<meta property=\"og:locale\" content=\"fr_FR\" \/>\n<meta property=\"og:type\" content=\"article\" \/>\n<meta property=\"og:title\" content=\"Empreinte carbone publicit\u00e9 digitale : comment la r\u00e9duire\" \/>\n<meta property=\"og:description\" content=\"La publicit\u00e9 digitale, alias pub programmatique est point\u00e9e du doigt pour son empreinte carbone. Quelle est-elle et comment la r\u00e9duire ?\" \/>\n<meta property=\"og:url\" content=\"https:\/\/visionarymarketing.com\/fr\/2023\/04\/24\/empreinte-carbone-publicite-digitale\/\" \/>\n<meta property=\"og:site_name\" content=\"Marketing and Innovation\" \/>\n<meta property=\"article:publisher\" content=\"https:\/\/www.facebook.com\/vismktg\" \/>\n<meta property=\"article:author\" content=\"http:\/\/facebook.com\/ygourven\" \/>\n<meta property=\"article:published_time\" content=\"2023-04-24T14:10:48+00:00\" \/>\n<meta property=\"article:modified_time\" content=\"2023-04-24T17:45:20+00:00\" \/>\n<meta property=\"og:image\" content=\"https:\/\/visionarymarketing.com\/wp-content\/uploads\/2023\/04\/empreinte-carbone-pub-digitale.jpg\" \/>\n\t<meta property=\"og:image:width\" content=\"520\" \/>\n\t<meta property=\"og:image:height\" content=\"340\" \/>\n\t<meta property=\"og:image:type\" content=\"image\/jpeg\" \/>\n<meta name=\"author\" content=\"Yann Gourvennec\" \/>\n<meta name=\"twitter:card\" content=\"summary_large_image\" \/>\n<meta name=\"twitter:creator\" content=\"@ygourven\" \/>\n<meta name=\"twitter:site\" content=\"@ygourven\" \/>\n<meta name=\"twitter:label1\" content=\"\u00c9crit par\" \/>\n\t<meta name=\"twitter:data1\" content=\"Yann Gourvennec\" \/>\n\t<meta name=\"twitter:label2\" content=\"Dur\u00e9e de lecture estim\u00e9e\" \/>\n\t<meta name=\"twitter:data2\" content=\"7 minutes\" \/>\n<script type=\"application\/ld+json\" class=\"yoast-schema-graph\">{\"@context\":\"https:\\\/\\\/schema.org\",\"@graph\":[{\"@type\":\"NewsArticle\",\"@id\":\"https:\\\/\\\/visionarymarketing.com\\\/fr\\\/2023\\\/04\\\/24\\\/empreinte-carbone-publicite-digitale\\\/#article\",\"isPartOf\":{\"@id\":\"https:\\\/\\\/visionarymarketing.com\\\/fr\\\/2023\\\/04\\\/24\\\/empreinte-carbone-publicite-digitale\\\/\"},\"author\":{\"name\":\"Yann Gourvennec\",\"@id\":\"https:\\\/\\\/visionarymarketing.com\\\/fr\\\/#\\\/schema\\\/person\\\/3754fee1e558f47b8deb46f53c37423e\"},\"headline\":\"Comment r\u00e9duire l&#8217;empreinte carbone de la publicit\u00e9 digitale ?\",\"datePublished\":\"2023-04-24T14:10:48+00:00\",\"dateModified\":\"2023-04-24T17:45:20+00:00\",\"mainEntityOfPage\":{\"@id\":\"https:\\\/\\\/visionarymarketing.com\\\/fr\\\/2023\\\/04\\\/24\\\/empreinte-carbone-publicite-digitale\\\/\"},\"wordCount\":1435,\"commentCount\":3,\"image\":{\"@id\":\"https:\\\/\\\/visionarymarketing.com\\\/fr\\\/2023\\\/04\\\/24\\\/empreinte-carbone-publicite-digitale\\\/#primaryimage\"},\"thumbnailUrl\":\"https:\\\/\\\/visionarymarketing.com\\\/wp-content\\\/uploads\\\/2023\\\/04\\\/empreinte-carbone-pub-digitale.jpg\",\"articleSection\":[\"A la une\",\"marketing digital\"],\"inLanguage\":\"fr-FR\",\"potentialAction\":[{\"@type\":\"CommentAction\",\"name\":\"Comment\",\"target\":[\"https:\\\/\\\/visionarymarketing.com\\\/fr\\\/2023\\\/04\\\/24\\\/empreinte-carbone-publicite-digitale\\\/#respond\"]}]},{\"@type\":\"WebPage\",\"@id\":\"https:\\\/\\\/visionarymarketing.com\\\/fr\\\/2023\\\/04\\\/24\\\/empreinte-carbone-publicite-digitale\\\/\",\"url\":\"https:\\\/\\\/visionarymarketing.com\\\/fr\\\/2023\\\/04\\\/24\\\/empreinte-carbone-publicite-digitale\\\/\",\"name\":\"Empreinte carbone publicit\u00e9 digitale : comment la r\u00e9duire\",\"isPartOf\":{\"@id\":\"https:\\\/\\\/visionarymarketing.com\\\/fr\\\/#website\"},\"primaryImageOfPage\":{\"@id\":\"https:\\\/\\\/visionarymarketing.com\\\/fr\\\/2023\\\/04\\\/24\\\/empreinte-carbone-publicite-digitale\\\/#primaryimage\"},\"image\":{\"@id\":\"https:\\\/\\\/visionarymarketing.com\\\/fr\\\/2023\\\/04\\\/24\\\/empreinte-carbone-publicite-digitale\\\/#primaryimage\"},\"thumbnailUrl\":\"https:\\\/\\\/visionarymarketing.com\\\/wp-content\\\/uploads\\\/2023\\\/04\\\/empreinte-carbone-pub-digitale.jpg\",\"datePublished\":\"2023-04-24T14:10:48+00:00\",\"dateModified\":\"2023-04-24T17:45:20+00:00\",\"author\":{\"@id\":\"https:\\\/\\\/visionarymarketing.com\\\/fr\\\/#\\\/schema\\\/person\\\/3754fee1e558f47b8deb46f53c37423e\"},\"description\":\"La publicit\u00e9 digitale, alias pub programmatique est point\u00e9e du doigt pour son empreinte carbone. Quelle est-elle et comment la r\u00e9duire ?\",\"breadcrumb\":{\"@id\":\"https:\\\/\\\/visionarymarketing.com\\\/fr\\\/2023\\\/04\\\/24\\\/empreinte-carbone-publicite-digitale\\\/#breadcrumb\"},\"inLanguage\":\"fr-FR\",\"potentialAction\":[{\"@type\":\"ReadAction\",\"target\":[\"https:\\\/\\\/visionarymarketing.com\\\/fr\\\/2023\\\/04\\\/24\\\/empreinte-carbone-publicite-digitale\\\/\"]}]},{\"@type\":\"ImageObject\",\"inLanguage\":\"fr-FR\",\"@id\":\"https:\\\/\\\/visionarymarketing.com\\\/fr\\\/2023\\\/04\\\/24\\\/empreinte-carbone-publicite-digitale\\\/#primaryimage\",\"url\":\"https:\\\/\\\/visionarymarketing.com\\\/wp-content\\\/uploads\\\/2023\\\/04\\\/empreinte-carbone-pub-digitale.jpg\",\"contentUrl\":\"https:\\\/\\\/visionarymarketing.com\\\/wp-content\\\/uploads\\\/2023\\\/04\\\/empreinte-carbone-pub-digitale.jpg\",\"width\":520,\"height\":340},{\"@type\":\"BreadcrumbList\",\"@id\":\"https:\\\/\\\/visionarymarketing.com\\\/fr\\\/2023\\\/04\\\/24\\\/empreinte-carbone-publicite-digitale\\\/#breadcrumb\",\"itemListElement\":[{\"@type\":\"ListItem\",\"position\":1,\"name\":\"Home\",\"item\":\"https:\\\/\\\/visionarymarketing.com\\\/fr\\\/\"},{\"@type\":\"ListItem\",\"position\":2,\"name\":\"Comment r\u00e9duire l&#8217;empreinte carbone de la publicit\u00e9 digitale ?\"}]},{\"@type\":\"WebSite\",\"@id\":\"https:\\\/\\\/visionarymarketing.com\\\/fr\\\/#website\",\"url\":\"https:\\\/\\\/visionarymarketing.com\\\/fr\\\/\",\"name\":\"Marketing and Innovation\",\"description\":\"Site d&#039;infos ind\u00e9pendant, depuis 1996\",\"potentialAction\":[{\"@type\":\"SearchAction\",\"target\":{\"@type\":\"EntryPoint\",\"urlTemplate\":\"https:\\\/\\\/visionarymarketing.com\\\/fr\\\/?s={search_term_string}\"},\"query-input\":{\"@type\":\"PropertyValueSpecification\",\"valueRequired\":true,\"valueName\":\"search_term_string\"}}],\"inLanguage\":\"fr-FR\"},{\"@type\":\"Person\",\"@id\":\"https:\\\/\\\/visionarymarketing.com\\\/fr\\\/#\\\/schema\\\/person\\\/3754fee1e558f47b8deb46f53c37423e\",\"name\":\"Yann Gourvennec\",\"image\":{\"@type\":\"ImageObject\",\"inLanguage\":\"fr-FR\",\"@id\":\"https:\\\/\\\/secure.gravatar.com\\\/avatar\\\/5972001801e8de5692a3e31224e85769f50a55fb8b679749f9c8d1868cceff14?s=96&d=initials&r=g&initials=yg\",\"url\":\"https:\\\/\\\/secure.gravatar.com\\\/avatar\\\/5972001801e8de5692a3e31224e85769f50a55fb8b679749f9c8d1868cceff14?s=96&d=initials&r=g&initials=yg\",\"contentUrl\":\"https:\\\/\\\/secure.gravatar.com\\\/avatar\\\/5972001801e8de5692a3e31224e85769f50a55fb8b679749f9c8d1868cceff14?s=96&d=initials&r=g&initials=yg\",\"caption\":\"Yann Gourvennec\"},\"description\":\"Yann Gourvennec created visionarymarketing.com in 1996. He is a speaker and author of many books. In 2014 he went from intrapreneur to entrepreneur, when he created his digital marketing agency. Yann Gourvennec a cr\u00e9\u00e9 visionarymarketing.com en 1996. Il est conf\u00e9rencier et auteur de plusieurs livres. En 2014, il est pass\u00e9 d'intrapreneur \u00e0 entrepreneur en cr\u00e9ant son agence de marketing num\u00e9rique.\",\"sameAs\":[\"https:\\\/\\\/visionarymarketing.com\",\"http:\\\/\\\/facebook.com\\\/ygourven\",\"http:\\\/\\\/linkedin.com\\\/in\\\/ygourven\",\"https:\\\/\\\/x.com\\\/ygourven\",\"https:\\\/\\\/www.youtube.com\\\/c\\\/visionarymarketingagency\"],\"url\":\"https:\\\/\\\/visionarymarketing.com\\\/fr\\\/author\\\/yann-gourvennec\\\/\"}]}<\/script>\n<!-- \/ Yoast SEO plugin. -->","yoast_head_json":{"title":"Empreinte carbone publicit\u00e9 digitale : comment la r\u00e9duire","description":"La publicit\u00e9 digitale, alias pub programmatique est point\u00e9e du doigt pour son empreinte carbone. Quelle est-elle et comment la r\u00e9duire ?","robots":{"index":"index","follow":"follow","max-snippet":"max-snippet:-1","max-image-preview":"max-image-preview:large","max-video-preview":"max-video-preview:-1"},"canonical":"https:\/\/visionarymarketing.com\/fr\/2023\/04\/24\/empreinte-carbone-publicite-digitale\/","og_locale":"fr_FR","og_type":"article","og_title":"Empreinte carbone publicit\u00e9 digitale : comment la r\u00e9duire","og_description":"La publicit\u00e9 digitale, alias pub programmatique est point\u00e9e du doigt pour son empreinte carbone. Quelle est-elle et comment la r\u00e9duire ?","og_url":"https:\/\/visionarymarketing.com\/fr\/2023\/04\/24\/empreinte-carbone-publicite-digitale\/","og_site_name":"Marketing and Innovation","article_publisher":"https:\/\/www.facebook.com\/vismktg","article_author":"http:\/\/facebook.com\/ygourven","article_published_time":"2023-04-24T14:10:48+00:00","article_modified_time":"2023-04-24T17:45:20+00:00","og_image":[{"width":520,"height":340,"url":"https:\/\/visionarymarketing.com\/wp-content\/uploads\/2023\/04\/empreinte-carbone-pub-digitale.jpg","type":"image\/jpeg"}],"author":"Yann Gourvennec","twitter_card":"summary_large_image","twitter_creator":"@ygourven","twitter_site":"@ygourven","twitter_misc":{"\u00c9crit par":"Yann Gourvennec","Dur\u00e9e de lecture estim\u00e9e":"7 minutes"},"schema":{"@context":"https:\/\/schema.org","@graph":[{"@type":"NewsArticle","@id":"https:\/\/visionarymarketing.com\/fr\/2023\/04\/24\/empreinte-carbone-publicite-digitale\/#article","isPartOf":{"@id":"https:\/\/visionarymarketing.com\/fr\/2023\/04\/24\/empreinte-carbone-publicite-digitale\/"},"author":{"name":"Yann Gourvennec","@id":"https:\/\/visionarymarketing.com\/fr\/#\/schema\/person\/3754fee1e558f47b8deb46f53c37423e"},"headline":"Comment r\u00e9duire l&#8217;empreinte carbone de la publicit\u00e9 digitale ?","datePublished":"2023-04-24T14:10:48+00:00","dateModified":"2023-04-24T17:45:20+00:00","mainEntityOfPage":{"@id":"https:\/\/visionarymarketing.com\/fr\/2023\/04\/24\/empreinte-carbone-publicite-digitale\/"},"wordCount":1435,"commentCount":3,"image":{"@id":"https:\/\/visionarymarketing.com\/fr\/2023\/04\/24\/empreinte-carbone-publicite-digitale\/#primaryimage"},"thumbnailUrl":"https:\/\/visionarymarketing.com\/wp-content\/uploads\/2023\/04\/empreinte-carbone-pub-digitale.jpg","articleSection":["A la une","marketing digital"],"inLanguage":"fr-FR","potentialAction":[{"@type":"CommentAction","name":"Comment","target":["https:\/\/visionarymarketing.com\/fr\/2023\/04\/24\/empreinte-carbone-publicite-digitale\/#respond"]}]},{"@type":"WebPage","@id":"https:\/\/visionarymarketing.com\/fr\/2023\/04\/24\/empreinte-carbone-publicite-digitale\/","url":"https:\/\/visionarymarketing.com\/fr\/2023\/04\/24\/empreinte-carbone-publicite-digitale\/","name":"Empreinte carbone publicit\u00e9 digitale : comment la r\u00e9duire","isPartOf":{"@id":"https:\/\/visionarymarketing.com\/fr\/#website"},"primaryImageOfPage":{"@id":"https:\/\/visionarymarketing.com\/fr\/2023\/04\/24\/empreinte-carbone-publicite-digitale\/#primaryimage"},"image":{"@id":"https:\/\/visionarymarketing.com\/fr\/2023\/04\/24\/empreinte-carbone-publicite-digitale\/#primaryimage"},"thumbnailUrl":"https:\/\/visionarymarketing.com\/wp-content\/uploads\/2023\/04\/empreinte-carbone-pub-digitale.jpg","datePublished":"2023-04-24T14:10:48+00:00","dateModified":"2023-04-24T17:45:20+00:00","author":{"@id":"https:\/\/visionarymarketing.com\/fr\/#\/schema\/person\/3754fee1e558f47b8deb46f53c37423e"},"description":"La publicit\u00e9 digitale, alias pub programmatique est point\u00e9e du doigt pour son empreinte carbone. Quelle est-elle et comment la r\u00e9duire ?","breadcrumb":{"@id":"https:\/\/visionarymarketing.com\/fr\/2023\/04\/24\/empreinte-carbone-publicite-digitale\/#breadcrumb"},"inLanguage":"fr-FR","potentialAction":[{"@type":"ReadAction","target":["https:\/\/visionarymarketing.com\/fr\/2023\/04\/24\/empreinte-carbone-publicite-digitale\/"]}]},{"@type":"ImageObject","inLanguage":"fr-FR","@id":"https:\/\/visionarymarketing.com\/fr\/2023\/04\/24\/empreinte-carbone-publicite-digitale\/#primaryimage","url":"https:\/\/visionarymarketing.com\/wp-content\/uploads\/2023\/04\/empreinte-carbone-pub-digitale.jpg","contentUrl":"https:\/\/visionarymarketing.com\/wp-content\/uploads\/2023\/04\/empreinte-carbone-pub-digitale.jpg","width":520,"height":340},{"@type":"BreadcrumbList","@id":"https:\/\/visionarymarketing.com\/fr\/2023\/04\/24\/empreinte-carbone-publicite-digitale\/#breadcrumb","itemListElement":[{"@type":"ListItem","position":1,"name":"Home","item":"https:\/\/visionarymarketing.com\/fr\/"},{"@type":"ListItem","position":2,"name":"Comment r\u00e9duire l&#8217;empreinte carbone de la publicit\u00e9 digitale ?"}]},{"@type":"WebSite","@id":"https:\/\/visionarymarketing.com\/fr\/#website","url":"https:\/\/visionarymarketing.com\/fr\/","name":"Marketing and Innovation","description":"Site d&#039;infos ind\u00e9pendant, depuis 1996","potentialAction":[{"@type":"SearchAction","target":{"@type":"EntryPoint","urlTemplate":"https:\/\/visionarymarketing.com\/fr\/?s={search_term_string}"},"query-input":{"@type":"PropertyValueSpecification","valueRequired":true,"valueName":"search_term_string"}}],"inLanguage":"fr-FR"},{"@type":"Person","@id":"https:\/\/visionarymarketing.com\/fr\/#\/schema\/person\/3754fee1e558f47b8deb46f53c37423e","name":"Yann Gourvennec","image":{"@type":"ImageObject","inLanguage":"fr-FR","@id":"https:\/\/secure.gravatar.com\/avatar\/5972001801e8de5692a3e31224e85769f50a55fb8b679749f9c8d1868cceff14?s=96&d=initials&r=g&initials=yg","url":"https:\/\/secure.gravatar.com\/avatar\/5972001801e8de5692a3e31224e85769f50a55fb8b679749f9c8d1868cceff14?s=96&d=initials&r=g&initials=yg","contentUrl":"https:\/\/secure.gravatar.com\/avatar\/5972001801e8de5692a3e31224e85769f50a55fb8b679749f9c8d1868cceff14?s=96&d=initials&r=g&initials=yg","caption":"Yann Gourvennec"},"description":"Yann Gourvennec created visionarymarketing.com in 1996. He is a speaker and author of many books. In 2014 he went from intrapreneur to entrepreneur, when he created his digital marketing agency. Yann Gourvennec a cr\u00e9\u00e9 visionarymarketing.com en 1996. Il est conf\u00e9rencier et auteur de plusieurs livres. En 2014, il est pass\u00e9 d'intrapreneur \u00e0 entrepreneur en cr\u00e9ant son agence de marketing num\u00e9rique.","sameAs":["https:\/\/visionarymarketing.com","http:\/\/facebook.com\/ygourven","http:\/\/linkedin.com\/in\/ygourven","https:\/\/x.com\/ygourven","https:\/\/www.youtube.com\/c\/visionarymarketingagency"],"url":"https:\/\/visionarymarketing.com\/fr\/author\/yann-gourvennec\/"}]}},"_links":{"self":[{"href":"https:\/\/visionarymarketing.com\/fr\/wp-json\/wp\/v2\/posts\/75631","targetHints":{"allow":["GET"]}}],"collection":[{"href":"https:\/\/visionarymarketing.com\/fr\/wp-json\/wp\/v2\/posts"}],"about":[{"href":"https:\/\/visionarymarketing.com\/fr\/wp-json\/wp\/v2\/types\/post"}],"author":[{"embeddable":true,"href":"https:\/\/visionarymarketing.com\/fr\/wp-json\/wp\/v2\/users\/2"}],"replies":[{"embeddable":true,"href":"https:\/\/visionarymarketing.com\/fr\/wp-json\/wp\/v2\/comments?post=75631"}],"version-history":[{"count":0,"href":"https:\/\/visionarymarketing.com\/fr\/wp-json\/wp\/v2\/posts\/75631\/revisions"}],"wp:featuredmedia":[{"embeddable":true,"href":"https:\/\/visionarymarketing.com\/fr\/wp-json\/wp\/v2\/media\/75632"}],"wp:attachment":[{"href":"https:\/\/visionarymarketing.com\/fr\/wp-json\/wp\/v2\/media?parent=75631"}],"wp:term":[{"taxonomy":"category","embeddable":true,"href":"https:\/\/visionarymarketing.com\/fr\/wp-json\/wp\/v2\/categories?post=75631"},{"taxonomy":"post_tag","embeddable":true,"href":"https:\/\/visionarymarketing.com\/fr\/wp-json\/wp\/v2\/tags?post=75631"}],"curies":[{"name":"wp","href":"https:\/\/api.w.org\/{rel}","templated":true}]}}