{"id":7555,"date":"2013-01-09T06:01:36","date_gmt":"2013-01-09T05:01:36","guid":{"rendered":"http:\/\/visionary.wordpress.com\/?p=7555"},"modified":"2023-09-28T13:06:21","modified_gmt":"2023-09-28T11:06:21","slug":"le-web-de-demain","status":"publish","type":"post","link":"https:\/\/visionarymarketing.com\/fr\/2013\/01\/09\/le-web-de-demain\/","title":{"rendered":"Le Web de demain est d\u00e9j\u00e0 l\u00e0 aujourd&rsquo;hui"},"content":{"rendered":"<p><em>Et si le Web de demain \u00e9tait d\u00e9j\u00e0 devant nos yeux ? Suite des interviews du Web2Connect, mais cette fois-ci c&rsquo;est moi qui m&rsquo;y colle, dans un exercice pas facile qui est celui des sables mouvants de la pr\u00e9diction. Certes, quand je dis que des changements sont pr\u00e9visibles, je ne fais que<span class=\"removed_link\" title=\"http:\/\/live.orange.com\/english-5-major-trends-for-the-future-of-it-and-of-the-web-blogbus\/\"> me faire l&rsquo;\u00e9cho de notes \u00e9mises ici et l\u00e0<\/span>, <a href=\"http:\/\/frenchweb.fr\/expert-la-fin-des-reseaux-sociaux-entreprise-par-bertrand-duperrin\/93289\" target=\"_blank\" rel=\"noopener noreferrer\">hier par exemple<\/a> <a href=\"https:\/\/adage.com\/article\/the-media-guy\/facebook-siege-grow\/239002\/?fb_action_ids=10151424175183689&amp;fb_action_types=og.likes&amp;fb_source=aggregation&amp;fb_aggregation_id=246965925417366\" target=\"_blank\" rel=\"noopener noreferrer\">et encore aujourd&rsquo;hui<\/a>, qui corroborent mon propos. <\/em><\/p>\n<h2>Le Web de demain est d\u00e9j\u00e0 l\u00e0 aujourd&rsquo;hui<\/h2>\n<figure id=\"attachment_56607\" aria-describedby=\"caption-attachment-56607\" style=\"width: 520px\" class=\"wp-caption aligncenter\"><img decoding=\"async\" class=\"wp-image-56607 size-full\" src=\"https:\/\/visionarymarketing.com\/wp-content\/uploads\/2008\/01\/web2-11-1.jpg\" alt=\"Le Web de demain est d\u00e9j\u00e0 l\u00e0 aujourd'hui\" width=\"520\" height=\"340\" srcset=\"https:\/\/visionarymarketing.com\/wp-content\/uploads\/2008\/01\/web2-11-1.jpg 520w, https:\/\/visionarymarketing.com\/wp-content\/uploads\/2008\/01\/web2-11-1-459x300.jpg 459w\" sizes=\"(max-width: 520px) 100vw, 520px\" \/><figcaption id=\"caption-attachment-56607\" class=\"wp-caption-text\">Un T-shirt du Web 2 Connect : Le Web de demain est d\u00e9j\u00e0 l\u00e0 aujourd&rsquo;hui<\/figcaption><\/figure>\n<p>Les outils vont donc \u00e9voluer, m\u00fbrir, fusionner &#8230; jusqu&rsquo;\u00e0 ce que la fonction sociale soit enti\u00e8rement int\u00e9gr\u00e9e aux flux d&rsquo;entreprise (RSE) et Web (socialisation des sites). Il ne faut cependant pas surestimer la rapidit\u00e9 des changements, et surtout ne pas croire que les changements observ\u00e9s aujourd&rsquo;hui sont le fruit d&rsquo;une r\u00e9volution instantan\u00e9e. Bon nombre de ces changements sont en effet le fruit d&rsquo;une longue maturation.<\/p>\n<p><a href=\"https:\/\/adage.com\/article\/the-media-guy\/facebook-siege-grow\/239002\/?fb_action_ids=10151424175183689&amp;fb_action_types=og.likes&amp;fb_source=aggregation&amp;fb_aggregation_id=246965925417366\" target=\"_blank\" rel=\"noopener noreferrer\">Comme le remarque Adage<\/a>, et comme je l&rsquo;ai moi-m\u00eame indiqu\u00e9 \u00e0 de nombreuses reprises lors de mes conf\u00e9rences, Facebook aura 9 ans l&rsquo;an prochain et n&rsquo;est plus du tout une start-up. Que dire alors de LinkedIn qui soufflera quant \u00e0 lui sa dixi\u00e8me bougie &#8230; Mais le point qui est le plus marquant \u00e0 mon avis est celui li\u00e9 \u00e0 la \u00ab\u00a0mobilit\u00e9\u00a0\u00bbou plus exactement, l&rsquo;usage du Web en \u00ab\u00a0situation de mobilit\u00e9\u00a0\u00bb (c\u2019est-\u00e0-dire statiquement, mais via un appareil mobile) qui va reconfigurer totalement la fa\u00e7on dont nous concevons le Web, le contenu et les partages. De jolis d\u00e9fis en perspective.<\/p>\n<h3>Interview Le Web du futur est d\u00e9j\u00e0 l\u00e0 aujourd&rsquo;hui<\/h3>\n<p><em>Transcription brute de cette interview sur le Web de demain<\/em><\/p>\n<p>Je suis Yann Gourvennec, je suis directeur du web et des m\u00e9dias sociaux chez Orange groupe et je suis un v\u00e9t\u00e9ran de l&rsquo;internet. \u00c7a fera 18 ans l&rsquo;ann\u00e9e prochaine que je fais de l&rsquo;internet professionnel. Je suis venu au Web 2 Connect pour la premi\u00e8re fois en 2007.<\/p>\n<p>C&rsquo;est l&rsquo;\u00e9v\u00e9nement incontournable des startups en France et de tous les professionnels du web. D&rsquo;ailleurs, c&rsquo;est pour \u00e7a qu&rsquo;on en est sponsor et je dirais que c&rsquo;est un \u00e9v\u00e9nement de networking fantastique.<\/p>\n<p>D&rsquo;ailleurs, je suis arriv\u00e9 avec deux heures. Je n&rsquo;ai pas encore d\u00e9coll\u00e9 parce que je n&rsquo;arr\u00eate pas de rencontrer des gens. C&rsquo;est aussi beaucoup de conf\u00e9rences, mais c&rsquo;est essentiellement un \u00e9v\u00e9nement de networking. C&rsquo;est incontournable.<\/p>\n<blockquote class=\"quote-light\"><p>Le Web de demain, c&rsquo;est le Web d&rsquo;aujourd&rsquo;hui parce qu&rsquo;il est d\u00e9j\u00e0 en train de changer. C&rsquo;est un web en reconfiguration.<\/p><\/blockquote>\n<p>D&rsquo;ailleurs, nous allons annoncer bient\u00f4t <a href=\"https:\/\/visionarymarketing.com\/fr\/livres-marketing\/\">notre nouveau livre<\/a>, La suite des m\u00e9dias sociaux, expliqu\u00e9s \u00e0 mon Boss qui a \u00e9t\u00e9 \u00e9lu livre influent digital de l&rsquo;ann\u00e9e. Et en fait, ce ne sera pas sur les m\u00e9dias sociaux parce que le paysage est en train de vraiment changer.<\/p>\n<p>Je pense que les fondamentaux du Web sont l\u00e0 pour rester, par contre. Le Web, est social, il restera social. Le Web va devenir de plus en plus mobile. Le Web, est international et local, Glocal plus exactement comme on l&rsquo;a dit dans une derni\u00e8re conf\u00e9rence m\u00e9dia aces.<\/p>\n<p>\u00c7a ne changera pas. Mais par contre, les technologies \u00e9voluent, les techniques \u00e9voluent, les outils changent.<\/p>\n<p>Je ne serais pas \u00e9tonn\u00e9 qu&rsquo;on voit beaucoup d&rsquo;outils qui sont aujourd&rsquo;hui consid\u00e9r\u00e9s comme incontournables, voire h\u00e9g\u00e9moniques, bouscul\u00e9 par des nouveaux d&rsquo;ici peu.<\/p>\n<p>D\u00e8s qu&rsquo;on voit \u00e9galement les outils, les usages ont chang\u00e9 par rapport \u00e0 ces outils. On voit certains usages dispara\u00eetre et d&rsquo;autres usages arriver. Je crois qu&rsquo;on va se pr\u00e9parer \u00e0 beaucoup de changements et surtout \u00e0 une mobilisation totale du Web.<\/p>\n<p>Alors attention, ce n&rsquo;est pas forc\u00e9ment de la mobilisation. En d\u00e9placement, on parle de mobilit\u00e9. Les gens imaginent que je vais regarder le web dans le train. Alors oui, bien s\u00fbr, on va regarder le web dans le train, c&rsquo;est \u00e9vident. \u00c7a se fait d\u00e9j\u00e0, mais \u00e7a se fera peut-\u00eatre de plus en plus.<\/p>\n<p>Mais la mobilit\u00e9, c&rsquo;est plus le site Web en usage de mobilit\u00e9, c\u2019est-\u00e0-dire avec un appareil mobile, mais pas forc\u00e9ment en mobilit\u00e9, essentiellement chez soi., \u00e7a, c&rsquo;est quelque chose qui va se g\u00e9n\u00e9raliser.<\/p>\n<p>Sans vouloir faire de tr\u00e8s grosse pr\u00e9diction, je ne pense pas trop me tromper en me disant que si je reviens dans cinq ans maintenant trois ans aujourd&rsquo;hui, on fait un site web et on l&rsquo;adapte pour le mobile. Je pense que dans trois ans, \u00e0 l&rsquo;inverse.<\/p>\n<p>https:\/\/youtu.be\/lTWF_B68Vgg<\/p>\n","protected":false},"excerpt":{"rendered":"<p>Et si le Web de demain \u00e9tait d\u00e9j\u00e0 devant nos yeux ? Suite des interviews du Web2Connect, mais cette fois-ci c&rsquo;est moi qui m&rsquo;y colle, dans un exercice pas facile qui est celui des sables mouvants de la pr\u00e9diction. Certes, quand je dis que des changements sont pr\u00e9visibles, je ne fais que me faire l&rsquo;\u00e9cho &hellip;<\/p>\n","protected":false},"author":2,"featured_media":56607,"comment_status":"open","ping_status":"open","sticky":false,"template":"","format":"standard","meta":{"footnotes":""},"categories":[134],"tags":[],"class_list":["post-7555","post","type-post","status-publish","format-standard","has-post-thumbnail","hentry","category-economie"],"yoast_head":"<!-- This site is optimized with the Yoast SEO plugin v27.4 - https:\/\/yoast.com\/product\/yoast-seo-wordpress\/ -->\n<title>Le Web de demain est d\u00e9j\u00e0 l\u00e0 aujourd&#039;hui devant nos yeux<\/title>\n<meta name=\"description\" content=\"Et si le Web de demain \u00e9tait d\u00e9j\u00e0 devant nos yeux ? Suite des interviews du Web2Connect, mais cette fois-ci c&#039;est moi qui m&#039;y colle\" \/>\n<meta name=\"robots\" content=\"index, follow, max-snippet:-1, max-image-preview:large, max-video-preview:-1\" \/>\n<link rel=\"canonical\" href=\"https:\/\/visionarymarketing.com\/fr\/2013\/01\/09\/le-web-de-demain\/\" \/>\n<meta property=\"og:locale\" content=\"fr_FR\" \/>\n<meta property=\"og:type\" content=\"article\" \/>\n<meta property=\"og:title\" content=\"Le Web de demain est d\u00e9j\u00e0 l\u00e0 aujourd&#039;hui devant nos yeux\" \/>\n<meta property=\"og:description\" content=\"Et si le Web de demain \u00e9tait d\u00e9j\u00e0 devant nos yeux ? Suite des interviews du Web2Connect, mais cette fois-ci c&#039;est moi qui m&#039;y colle\" \/>\n<meta property=\"og:url\" content=\"https:\/\/visionarymarketing.com\/fr\/2013\/01\/09\/le-web-de-demain\/\" \/>\n<meta property=\"og:site_name\" content=\"Marketing and Innovation\" \/>\n<meta property=\"article:publisher\" content=\"https:\/\/www.facebook.com\/vismktg\" \/>\n<meta property=\"article:author\" content=\"http:\/\/facebook.com\/ygourven\" \/>\n<meta property=\"article:published_time\" content=\"2013-01-09T05:01:36+00:00\" \/>\n<meta property=\"article:modified_time\" content=\"2023-09-28T11:06:21+00:00\" \/>\n<meta property=\"og:image\" content=\"https:\/\/visionarymarketing.com\/wp-content\/uploads\/2008\/01\/web2-11-1.jpg\" \/>\n\t<meta property=\"og:image:width\" content=\"520\" \/>\n\t<meta property=\"og:image:height\" content=\"340\" \/>\n\t<meta property=\"og:image:type\" content=\"image\/jpeg\" \/>\n<meta name=\"author\" content=\"Yann Gourvennec\" \/>\n<meta name=\"twitter:card\" content=\"summary_large_image\" \/>\n<meta name=\"twitter:creator\" content=\"@ygourven\" \/>\n<meta name=\"twitter:site\" content=\"@ygourven\" \/>\n<meta name=\"twitter:label1\" content=\"\u00c9crit par\" \/>\n\t<meta name=\"twitter:data1\" content=\"Yann Gourvennec\" \/>\n\t<meta name=\"twitter:label2\" content=\"Dur\u00e9e de lecture estim\u00e9e\" \/>\n\t<meta name=\"twitter:data2\" content=\"4 minutes\" \/>\n<script type=\"application\/ld+json\" class=\"yoast-schema-graph\">{\"@context\":\"https:\\\/\\\/schema.org\",\"@graph\":[{\"@type\":\"NewsArticle\",\"@id\":\"https:\\\/\\\/visionarymarketing.com\\\/fr\\\/2013\\\/01\\\/09\\\/le-web-de-demain\\\/#article\",\"isPartOf\":{\"@id\":\"https:\\\/\\\/visionarymarketing.com\\\/fr\\\/2013\\\/01\\\/09\\\/le-web-de-demain\\\/\"},\"author\":{\"name\":\"Yann Gourvennec\",\"@id\":\"https:\\\/\\\/visionarymarketing.com\\\/fr\\\/#\\\/schema\\\/person\\\/3754fee1e558f47b8deb46f53c37423e\"},\"headline\":\"Le Web de demain est d\u00e9j\u00e0 l\u00e0 aujourd&rsquo;hui\",\"datePublished\":\"2013-01-09T05:01:36+00:00\",\"dateModified\":\"2023-09-28T11:06:21+00:00\",\"mainEntityOfPage\":{\"@id\":\"https:\\\/\\\/visionarymarketing.com\\\/fr\\\/2013\\\/01\\\/09\\\/le-web-de-demain\\\/\"},\"wordCount\":841,\"commentCount\":0,\"image\":{\"@id\":\"https:\\\/\\\/visionarymarketing.com\\\/fr\\\/2013\\\/01\\\/09\\\/le-web-de-demain\\\/#primaryimage\"},\"thumbnailUrl\":\"https:\\\/\\\/visionarymarketing.com\\\/wp-content\\\/uploads\\\/2008\\\/01\\\/web2-11-1.jpg\",\"articleSection\":[\"\u00e9conomie et num\u00e9rique\"],\"inLanguage\":\"fr-FR\",\"potentialAction\":[{\"@type\":\"CommentAction\",\"name\":\"Comment\",\"target\":[\"https:\\\/\\\/visionarymarketing.com\\\/fr\\\/2013\\\/01\\\/09\\\/le-web-de-demain\\\/#respond\"]}]},{\"@type\":\"WebPage\",\"@id\":\"https:\\\/\\\/visionarymarketing.com\\\/fr\\\/2013\\\/01\\\/09\\\/le-web-de-demain\\\/\",\"url\":\"https:\\\/\\\/visionarymarketing.com\\\/fr\\\/2013\\\/01\\\/09\\\/le-web-de-demain\\\/\",\"name\":\"Le Web de demain est d\u00e9j\u00e0 l\u00e0 aujourd'hui devant nos yeux\",\"isPartOf\":{\"@id\":\"https:\\\/\\\/visionarymarketing.com\\\/fr\\\/#website\"},\"primaryImageOfPage\":{\"@id\":\"https:\\\/\\\/visionarymarketing.com\\\/fr\\\/2013\\\/01\\\/09\\\/le-web-de-demain\\\/#primaryimage\"},\"image\":{\"@id\":\"https:\\\/\\\/visionarymarketing.com\\\/fr\\\/2013\\\/01\\\/09\\\/le-web-de-demain\\\/#primaryimage\"},\"thumbnailUrl\":\"https:\\\/\\\/visionarymarketing.com\\\/wp-content\\\/uploads\\\/2008\\\/01\\\/web2-11-1.jpg\",\"datePublished\":\"2013-01-09T05:01:36+00:00\",\"dateModified\":\"2023-09-28T11:06:21+00:00\",\"author\":{\"@id\":\"https:\\\/\\\/visionarymarketing.com\\\/fr\\\/#\\\/schema\\\/person\\\/3754fee1e558f47b8deb46f53c37423e\"},\"description\":\"Et si le Web de demain \u00e9tait d\u00e9j\u00e0 devant nos yeux ? Suite des interviews du Web2Connect, mais cette fois-ci c'est moi qui m'y colle\",\"breadcrumb\":{\"@id\":\"https:\\\/\\\/visionarymarketing.com\\\/fr\\\/2013\\\/01\\\/09\\\/le-web-de-demain\\\/#breadcrumb\"},\"inLanguage\":\"fr-FR\",\"potentialAction\":[{\"@type\":\"ReadAction\",\"target\":[\"https:\\\/\\\/visionarymarketing.com\\\/fr\\\/2013\\\/01\\\/09\\\/le-web-de-demain\\\/\"]}]},{\"@type\":\"ImageObject\",\"inLanguage\":\"fr-FR\",\"@id\":\"https:\\\/\\\/visionarymarketing.com\\\/fr\\\/2013\\\/01\\\/09\\\/le-web-de-demain\\\/#primaryimage\",\"url\":\"https:\\\/\\\/visionarymarketing.com\\\/wp-content\\\/uploads\\\/2008\\\/01\\\/web2-11-1.jpg\",\"contentUrl\":\"https:\\\/\\\/visionarymarketing.com\\\/wp-content\\\/uploads\\\/2008\\\/01\\\/web2-11-1.jpg\",\"width\":520,\"height\":340},{\"@type\":\"BreadcrumbList\",\"@id\":\"https:\\\/\\\/visionarymarketing.com\\\/fr\\\/2013\\\/01\\\/09\\\/le-web-de-demain\\\/#breadcrumb\",\"itemListElement\":[{\"@type\":\"ListItem\",\"position\":1,\"name\":\"Home\",\"item\":\"https:\\\/\\\/visionarymarketing.com\\\/fr\\\/\"},{\"@type\":\"ListItem\",\"position\":2,\"name\":\"Le Web de demain est d\u00e9j\u00e0 l\u00e0 aujourd&rsquo;hui\"}]},{\"@type\":\"WebSite\",\"@id\":\"https:\\\/\\\/visionarymarketing.com\\\/fr\\\/#website\",\"url\":\"https:\\\/\\\/visionarymarketing.com\\\/fr\\\/\",\"name\":\"Marketing and Innovation\",\"description\":\"Site d&#039;infos ind\u00e9pendant, depuis 1996\",\"potentialAction\":[{\"@type\":\"SearchAction\",\"target\":{\"@type\":\"EntryPoint\",\"urlTemplate\":\"https:\\\/\\\/visionarymarketing.com\\\/fr\\\/?s={search_term_string}\"},\"query-input\":{\"@type\":\"PropertyValueSpecification\",\"valueRequired\":true,\"valueName\":\"search_term_string\"}}],\"inLanguage\":\"fr-FR\"},{\"@type\":\"Person\",\"@id\":\"https:\\\/\\\/visionarymarketing.com\\\/fr\\\/#\\\/schema\\\/person\\\/3754fee1e558f47b8deb46f53c37423e\",\"name\":\"Yann Gourvennec\",\"image\":{\"@type\":\"ImageObject\",\"inLanguage\":\"fr-FR\",\"@id\":\"https:\\\/\\\/secure.gravatar.com\\\/avatar\\\/5972001801e8de5692a3e31224e85769f50a55fb8b679749f9c8d1868cceff14?s=96&d=initials&r=g&initials=yg\",\"url\":\"https:\\\/\\\/secure.gravatar.com\\\/avatar\\\/5972001801e8de5692a3e31224e85769f50a55fb8b679749f9c8d1868cceff14?s=96&d=initials&r=g&initials=yg\",\"contentUrl\":\"https:\\\/\\\/secure.gravatar.com\\\/avatar\\\/5972001801e8de5692a3e31224e85769f50a55fb8b679749f9c8d1868cceff14?s=96&d=initials&r=g&initials=yg\",\"caption\":\"Yann Gourvennec\"},\"description\":\"Yann Gourvennec created visionarymarketing.com in 1996. He is a speaker and author of many books. In 2014 he went from intrapreneur to entrepreneur, when he created his digital marketing agency. Yann Gourvennec a cr\u00e9\u00e9 visionarymarketing.com en 1996. Il est conf\u00e9rencier et auteur de plusieurs livres. En 2014, il est pass\u00e9 d'intrapreneur \u00e0 entrepreneur en cr\u00e9ant son agence de marketing num\u00e9rique.\",\"sameAs\":[\"https:\\\/\\\/visionarymarketing.com\",\"http:\\\/\\\/facebook.com\\\/ygourven\",\"http:\\\/\\\/linkedin.com\\\/in\\\/ygourven\",\"https:\\\/\\\/x.com\\\/ygourven\",\"https:\\\/\\\/www.youtube.com\\\/c\\\/visionarymarketingagency\"],\"url\":\"https:\\\/\\\/visionarymarketing.com\\\/fr\\\/author\\\/yann-gourvennec\\\/\"}]}<\/script>\n<!-- \/ Yoast SEO plugin. -->","yoast_head_json":{"title":"Le Web de demain est d\u00e9j\u00e0 l\u00e0 aujourd'hui devant nos yeux","description":"Et si le Web de demain \u00e9tait d\u00e9j\u00e0 devant nos yeux ? Suite des interviews du Web2Connect, mais cette fois-ci c'est moi qui m'y colle","robots":{"index":"index","follow":"follow","max-snippet":"max-snippet:-1","max-image-preview":"max-image-preview:large","max-video-preview":"max-video-preview:-1"},"canonical":"https:\/\/visionarymarketing.com\/fr\/2013\/01\/09\/le-web-de-demain\/","og_locale":"fr_FR","og_type":"article","og_title":"Le Web de demain est d\u00e9j\u00e0 l\u00e0 aujourd'hui devant nos yeux","og_description":"Et si le Web de demain \u00e9tait d\u00e9j\u00e0 devant nos yeux ? Suite des interviews du Web2Connect, mais cette fois-ci c'est moi qui m'y colle","og_url":"https:\/\/visionarymarketing.com\/fr\/2013\/01\/09\/le-web-de-demain\/","og_site_name":"Marketing and Innovation","article_publisher":"https:\/\/www.facebook.com\/vismktg","article_author":"http:\/\/facebook.com\/ygourven","article_published_time":"2013-01-09T05:01:36+00:00","article_modified_time":"2023-09-28T11:06:21+00:00","og_image":[{"width":520,"height":340,"url":"https:\/\/visionarymarketing.com\/wp-content\/uploads\/2008\/01\/web2-11-1.jpg","type":"image\/jpeg"}],"author":"Yann Gourvennec","twitter_card":"summary_large_image","twitter_creator":"@ygourven","twitter_site":"@ygourven","twitter_misc":{"\u00c9crit par":"Yann Gourvennec","Dur\u00e9e de lecture estim\u00e9e":"4 minutes"},"schema":{"@context":"https:\/\/schema.org","@graph":[{"@type":"NewsArticle","@id":"https:\/\/visionarymarketing.com\/fr\/2013\/01\/09\/le-web-de-demain\/#article","isPartOf":{"@id":"https:\/\/visionarymarketing.com\/fr\/2013\/01\/09\/le-web-de-demain\/"},"author":{"name":"Yann Gourvennec","@id":"https:\/\/visionarymarketing.com\/fr\/#\/schema\/person\/3754fee1e558f47b8deb46f53c37423e"},"headline":"Le Web de demain est d\u00e9j\u00e0 l\u00e0 aujourd&rsquo;hui","datePublished":"2013-01-09T05:01:36+00:00","dateModified":"2023-09-28T11:06:21+00:00","mainEntityOfPage":{"@id":"https:\/\/visionarymarketing.com\/fr\/2013\/01\/09\/le-web-de-demain\/"},"wordCount":841,"commentCount":0,"image":{"@id":"https:\/\/visionarymarketing.com\/fr\/2013\/01\/09\/le-web-de-demain\/#primaryimage"},"thumbnailUrl":"https:\/\/visionarymarketing.com\/wp-content\/uploads\/2008\/01\/web2-11-1.jpg","articleSection":["\u00e9conomie et num\u00e9rique"],"inLanguage":"fr-FR","potentialAction":[{"@type":"CommentAction","name":"Comment","target":["https:\/\/visionarymarketing.com\/fr\/2013\/01\/09\/le-web-de-demain\/#respond"]}]},{"@type":"WebPage","@id":"https:\/\/visionarymarketing.com\/fr\/2013\/01\/09\/le-web-de-demain\/","url":"https:\/\/visionarymarketing.com\/fr\/2013\/01\/09\/le-web-de-demain\/","name":"Le Web de demain est d\u00e9j\u00e0 l\u00e0 aujourd'hui devant nos yeux","isPartOf":{"@id":"https:\/\/visionarymarketing.com\/fr\/#website"},"primaryImageOfPage":{"@id":"https:\/\/visionarymarketing.com\/fr\/2013\/01\/09\/le-web-de-demain\/#primaryimage"},"image":{"@id":"https:\/\/visionarymarketing.com\/fr\/2013\/01\/09\/le-web-de-demain\/#primaryimage"},"thumbnailUrl":"https:\/\/visionarymarketing.com\/wp-content\/uploads\/2008\/01\/web2-11-1.jpg","datePublished":"2013-01-09T05:01:36+00:00","dateModified":"2023-09-28T11:06:21+00:00","author":{"@id":"https:\/\/visionarymarketing.com\/fr\/#\/schema\/person\/3754fee1e558f47b8deb46f53c37423e"},"description":"Et si le Web de demain \u00e9tait d\u00e9j\u00e0 devant nos yeux ? Suite des interviews du Web2Connect, mais cette fois-ci c'est moi qui m'y colle","breadcrumb":{"@id":"https:\/\/visionarymarketing.com\/fr\/2013\/01\/09\/le-web-de-demain\/#breadcrumb"},"inLanguage":"fr-FR","potentialAction":[{"@type":"ReadAction","target":["https:\/\/visionarymarketing.com\/fr\/2013\/01\/09\/le-web-de-demain\/"]}]},{"@type":"ImageObject","inLanguage":"fr-FR","@id":"https:\/\/visionarymarketing.com\/fr\/2013\/01\/09\/le-web-de-demain\/#primaryimage","url":"https:\/\/visionarymarketing.com\/wp-content\/uploads\/2008\/01\/web2-11-1.jpg","contentUrl":"https:\/\/visionarymarketing.com\/wp-content\/uploads\/2008\/01\/web2-11-1.jpg","width":520,"height":340},{"@type":"BreadcrumbList","@id":"https:\/\/visionarymarketing.com\/fr\/2013\/01\/09\/le-web-de-demain\/#breadcrumb","itemListElement":[{"@type":"ListItem","position":1,"name":"Home","item":"https:\/\/visionarymarketing.com\/fr\/"},{"@type":"ListItem","position":2,"name":"Le Web de demain est d\u00e9j\u00e0 l\u00e0 aujourd&rsquo;hui"}]},{"@type":"WebSite","@id":"https:\/\/visionarymarketing.com\/fr\/#website","url":"https:\/\/visionarymarketing.com\/fr\/","name":"Marketing and Innovation","description":"Site d&#039;infos ind\u00e9pendant, depuis 1996","potentialAction":[{"@type":"SearchAction","target":{"@type":"EntryPoint","urlTemplate":"https:\/\/visionarymarketing.com\/fr\/?s={search_term_string}"},"query-input":{"@type":"PropertyValueSpecification","valueRequired":true,"valueName":"search_term_string"}}],"inLanguage":"fr-FR"},{"@type":"Person","@id":"https:\/\/visionarymarketing.com\/fr\/#\/schema\/person\/3754fee1e558f47b8deb46f53c37423e","name":"Yann Gourvennec","image":{"@type":"ImageObject","inLanguage":"fr-FR","@id":"https:\/\/secure.gravatar.com\/avatar\/5972001801e8de5692a3e31224e85769f50a55fb8b679749f9c8d1868cceff14?s=96&d=initials&r=g&initials=yg","url":"https:\/\/secure.gravatar.com\/avatar\/5972001801e8de5692a3e31224e85769f50a55fb8b679749f9c8d1868cceff14?s=96&d=initials&r=g&initials=yg","contentUrl":"https:\/\/secure.gravatar.com\/avatar\/5972001801e8de5692a3e31224e85769f50a55fb8b679749f9c8d1868cceff14?s=96&d=initials&r=g&initials=yg","caption":"Yann Gourvennec"},"description":"Yann Gourvennec created visionarymarketing.com in 1996. He is a speaker and author of many books. In 2014 he went from intrapreneur to entrepreneur, when he created his digital marketing agency. Yann Gourvennec a cr\u00e9\u00e9 visionarymarketing.com en 1996. Il est conf\u00e9rencier et auteur de plusieurs livres. En 2014, il est pass\u00e9 d'intrapreneur \u00e0 entrepreneur en cr\u00e9ant son agence de marketing num\u00e9rique.","sameAs":["https:\/\/visionarymarketing.com","http:\/\/facebook.com\/ygourven","http:\/\/linkedin.com\/in\/ygourven","https:\/\/x.com\/ygourven","https:\/\/www.youtube.com\/c\/visionarymarketingagency"],"url":"https:\/\/visionarymarketing.com\/fr\/author\/yann-gourvennec\/"}]}},"_links":{"self":[{"href":"https:\/\/visionarymarketing.com\/fr\/wp-json\/wp\/v2\/posts\/7555","targetHints":{"allow":["GET"]}}],"collection":[{"href":"https:\/\/visionarymarketing.com\/fr\/wp-json\/wp\/v2\/posts"}],"about":[{"href":"https:\/\/visionarymarketing.com\/fr\/wp-json\/wp\/v2\/types\/post"}],"author":[{"embeddable":true,"href":"https:\/\/visionarymarketing.com\/fr\/wp-json\/wp\/v2\/users\/2"}],"replies":[{"embeddable":true,"href":"https:\/\/visionarymarketing.com\/fr\/wp-json\/wp\/v2\/comments?post=7555"}],"version-history":[{"count":0,"href":"https:\/\/visionarymarketing.com\/fr\/wp-json\/wp\/v2\/posts\/7555\/revisions"}],"wp:featuredmedia":[{"embeddable":true,"href":"https:\/\/visionarymarketing.com\/fr\/wp-json\/wp\/v2\/media\/56607"}],"wp:attachment":[{"href":"https:\/\/visionarymarketing.com\/fr\/wp-json\/wp\/v2\/media?parent=7555"}],"wp:term":[{"taxonomy":"category","embeddable":true,"href":"https:\/\/visionarymarketing.com\/fr\/wp-json\/wp\/v2\/categories?post=7555"},{"taxonomy":"post_tag","embeddable":true,"href":"https:\/\/visionarymarketing.com\/fr\/wp-json\/wp\/v2\/tags?post=7555"}],"curies":[{"name":"wp","href":"https:\/\/api.w.org\/{rel}","templated":true}]}}