{"id":74521,"date":"2023-02-20T08:30:38","date_gmt":"2023-02-20T07:30:38","guid":{"rendered":"https:\/\/visionarymarketing.com\/?p=74521"},"modified":"2023-02-20T08:05:27","modified_gmt":"2023-02-20T07:05:27","slug":"crise-de-lit","status":"publish","type":"post","link":"https:\/\/visionarymarketing.com\/fr\/2023\/02\/20\/crise-de-lit\/","title":{"rendered":"Crise de l&rsquo;IT ou crise de l&rsquo;innovation ? Et comment s&rsquo;en sortir"},"content":{"rendered":"<p><i>La crise de l&rsquo;IT a des cons\u00e9quences tr\u00e8s graves et pas seulement <\/i><a style=\"font-style: italic;\" href=\"https:\/\/visionarymarketing.com\/fr\/2023\/02\/silicon-valley-licenciements\/\">dans la Silicon Valley<\/a><i>. Mais s&rsquo;agit-il d&rsquo;une crise de l&rsquo;informatique ou d&rsquo;une crise de l&rsquo;innovation ? Pour Alain Lefebvre, auteur de \u00ab\u00a0<a href=\"https:\/\/www.amazon.fr\/crise-lIT-ann\u00e9es-2020-comment-ebook\/dp\/B0BPYTW2T2\/ref=sr_1_2?__mk_fr_FR=\u00c5M\u00c5\u017d\u00d5\u00d1&amp;crid=3SIYHTEVWMHKZ&amp;keywords=la+crise+de+l%27IT&amp;qid=1676718261&amp;sprefix=la+crise+de+l%27it%2Caps%2C86&amp;sr=8-2\" target=\"_blank\" rel=\"noopener\">La Crise de l&rsquo;IT et comment s&rsquo;en sortir<\/a>\u00ab\u00a0, il convient d&rsquo;abandonner les modes technologiques et les effets d\u00e9mo et de se concentrer sur une vision raisonn\u00e9e de\u00a0l&rsquo;informatique o\u00f9 bon sens et pragmatisme r\u00e8gnent en ma\u00eetre. Voici la transcription\u00a0d&rsquo;un\u00a0\u00e9v\u00e9nement en direct r\u00e9alis\u00e9 avec Alain sur LinkedIn en fin d&rsquo;ann\u00e9e\u00a0derni\u00e8re. Notons, pour ce qui concerne\u00a0l&rsquo;effet d\u00e9mo, la\u00a0r\u00e9f\u00e9rence \u00e0 la m\u00e8re de toutes les d\u00e9mos de Douglas Engelbart que vous pourrez revoir ici.\u00a0<\/i><\/p>\n<h2>Crise de l&rsquo;IT ou crise de l&rsquo;innovation ? Et comment s&rsquo;en sortir ?<\/h2>\n<figure id=\"attachment_74523\" aria-describedby=\"caption-attachment-74523\" style=\"width: 520px\" class=\"wp-caption aligncenter\"><img decoding=\"async\" class=\"wp-image-74523 size-full\" src=\"https:\/\/visionarymarketing.com\/wp-content\/uploads\/2023\/02\/crite-delit-a.jpg\" alt=\"crise de l'IT\" width=\"520\" height=\"340\" srcset=\"https:\/\/visionarymarketing.com\/wp-content\/uploads\/2023\/02\/crite-delit-a.jpg 520w, https:\/\/visionarymarketing.com\/wp-content\/uploads\/2023\/02\/crite-delit-a-459x300.jpg 459w\" sizes=\"(max-width: 520px) 100vw, 520px\" \/><figcaption id=\"caption-attachment-74523\" class=\"wp-caption-text\">La crise de l&rsquo;IT n&rsquo;est pas que le fait de la Silicon Valley. \u00c0 une crise conjoncturelle en sortie de Covid, s&rsquo;est ajout\u00e9e une crise morale et structurelle selon Alain Lefebvre \u2014 Image r\u00e9alis\u00e9e avec Midjourney.<\/figcaption><\/figure>\n<h3 style=\"font-weight: 400;\">Une grande crise qui rappelle la crise de l&rsquo;informatique des ann\u00e9es 90 ? Un hiver nucl\u00e9aire de l&rsquo;informatique ?<\/h3>\n<p style=\"font-weight: 400;\">N&rsquo;allons pas jusque l\u00e0. En fait, la crise est bien plus profonde. Elle est multifactorielle. Certains parlent m\u00eame de permacrise. On peut dire que c&rsquo;est une crise permanente. Il y a aussi une crise morale et il y a aussi des \u00e9l\u00e9ments techniques.<\/p>\n<p style=\"font-weight: 400;\">D&rsquo;abord le fait que la loi de Moore ne se v\u00e9rifie plus m\u00eame si certains contestent cette assertion, mais c&rsquo;est la v\u00e9rit\u00e9. Or, cela fait plus de 40 ans que la loi de Moore \u00e9tait la locomotive qui tirait le train.<\/p>\n<figure id=\"attachment_74522\" aria-describedby=\"caption-attachment-74522\" style=\"width: 520px\" class=\"wp-caption aligncenter\"><img decoding=\"async\" class=\"wp-image-74522 size-full\" src=\"https:\/\/visionarymarketing.com\/wp-content\/uploads\/2023\/02\/crite-delit-b.jpg\" alt=\"Crise de l'IT\" width=\"520\" height=\"340\" srcset=\"https:\/\/visionarymarketing.com\/wp-content\/uploads\/2023\/02\/crite-delit-b.jpg 520w, https:\/\/visionarymarketing.com\/wp-content\/uploads\/2023\/02\/crite-delit-b-459x300.jpg 459w\" sizes=\"(max-width: 520px) 100vw, 520px\" \/><figcaption id=\"caption-attachment-74522\" class=\"wp-caption-text\">Voici comment Midjourney \u00ab\u00a0per\u00e7oit\u00a0\u00bb la crise de l&rsquo;IT dans la Silicon Valley<\/figcaption><\/figure>\n<p style=\"font-weight: 400;\">C&rsquo;\u00e9tait elle qui amenait la croissance, d&rsquo;abord une croissance technique puis une croissance \u00e9conomique. Tout d&rsquo;un coup, \u00e7a s&rsquo;arr\u00eate. Cela ne marque pas la fin des progr\u00e8s techniques, mais une certaine automaticit\u00e9 du progr\u00e8s.<\/p>\n<p style=\"font-weight: 400;\">On est donc entr\u00e9s dans un mode panique, avec cette attente de la prochaine innovation qui va relancer toute la machine et nous sauver.<\/p>\n<figure id=\"attachment_74528\" aria-describedby=\"caption-attachment-74528\" style=\"width: 520px\" class=\"wp-caption aligncenter\"><img decoding=\"async\" class=\"wp-image-74528 size-full\" src=\"https:\/\/visionarymarketing.com\/wp-content\/uploads\/2023\/02\/computer-demo-3223108-e1676718435814.jpg\" alt=\"Crise de l'IT\" width=\"520\" height=\"347\" \/><figcaption id=\"caption-attachment-74528\" class=\"wp-caption-text\">3 clics sur un \u00e9cran et hop ! ChatGPT va r\u00e9soudre tous les probl\u00e8mes du monde. Voici comment on peut r\u00e9sumer l&rsquo;effet d\u00e9mo.<\/figcaption><\/figure>\n<p style=\"font-weight: 400;\">Car pour le moment, tous les candidats qui nous ont \u00e9t\u00e9 propos\u00e9s ne font pas l&rsquo;affaire. Parfois, ce sont m\u00eame des fraudes manifestes comme le <a href=\"https:\/\/visionarymarketing.com\/fr\/2023\/02\/le-web3\/\">Web3<\/a>. Il y a d\u00e9j\u00e0 eu des modes techniques qui \u00e9taient discutables tout au long de l&rsquo;histoire de l&rsquo;informatique.<\/p>\n<p style=\"font-weight: 400;\">Je pense \u00e0 Java \u00e0 la fin des ann\u00e9es 90 par exemple que j&rsquo;ai beaucoup combattu. Mais m\u00eame Java, il y avait quand m\u00eame un fond ! On assiste n\u00e9anmoins \u00e0 un renouveau du web autour d&rsquo;innovations et du web immersif. Oui, il y a des choses qui arriveront, un jour.<\/p>\n<h3 style=\"font-weight: 400;\">Pourquoi regarde-t-on ces innovations sans esprit critique? C&rsquo;est qu&rsquo;on aime les contes de f\u00e9es ? Est-ce d\u00fb \u00e0 l&rsquo;effet d\u00e9mo ?<\/h3>\n<p style=\"font-weight: 400;\">Dans le cas du Web3 ce n&rsquo;est pas tellement l\u00e0 le facteur critique ni l&rsquo;effet d\u00e9mo, car il n&rsquo;y a pas de d\u00e9mo. C&rsquo;est autre chose. C&rsquo;est la ru\u00e9e vers l&rsquo;or qui aveugle. Mais revenons \u00e0 l&rsquo;effet d\u00e9mo.<\/p>\n<p style=\"font-weight: 400;\">L&rsquo;effet d\u00e9mo est \u00e9galement une de nos plaies. Cela remonte \u00e0 1968 avec ce qu&rsquo;on appelle la <a href=\"https:\/\/www.youtube.com\/watch?v=B6rKUf9DWRI\" target=\"_blank\" rel=\"noopener\">m\u00e8re de toutes les d\u00e9mos o\u00f9 Douglas Engelbart<\/a> a d\u00e9montr\u00e9 un des syst\u00e8mes distribu\u00e9s, des syst\u00e8mes graphiques, une interface \u00e0 base de souris, etc. C&rsquo;\u00e9tait une d\u00e9mo absolument extraordinaire. Tr\u00e8s en avance sur son temps et qui effectivement, apr\u00e8s coup, s&rsquo;est r\u00e9alis\u00e9e.<\/p>\n<p><iframe title=\"1968 \u201cMother of All Demos\u201d by SRI\u2019s Doug Engelbart and Team\" width=\"500\" height=\"281\" src=\"https:\/\/www.youtube.com\/embed\/B6rKUf9DWRI?feature=oembed\" frameborder=\"0\" allow=\"accelerometer; autoplay; clipboard-write; encrypted-media; gyroscope; picture-in-picture; web-share\" referrerpolicy=\"strict-origin-when-cross-origin\" allowfullscreen><\/iframe><\/p>\n<p style=\"font-weight: 400;\">Et en quelque sorte l&rsquo;\u00e9merveillement et la conviction qu&rsquo;\u00e0 partir du moment o\u00f9 on voit une d\u00e9mo convaincante, effectivement \u00e7a va arriver sur nos postes de travail. Or nous manquons de recul pour faire la diff\u00e9rence entre l&rsquo;effet d\u00e9mo et la r\u00e9alit\u00e9 du terrain. Le meilleur exemple, mon pr\u00e9f\u00e9r\u00e9, ce sont les voitures autonomes.<\/p>\n<p style=\"font-weight: 400;\">Il y a une dizaine d&rsquo;ann\u00e9es, on nous disait que les voitures autonomes arriveraient d\u00e8s 2016. 7 ans plus tard, il y a de plus en plus d&rsquo;articles qui nous disent \u00e0 mots couverts, <a href=\"https:\/\/www.usine-digitale.fr\/article\/vehicules-autonomes-fin-de-la-hype-et-retour-a-la-realite.N2079471\" target=\"_blank\" rel=\"noopener\">comme ce billet de l&rsquo;Usine Digitale<\/a>, que rien ne se passera avant 2030, avant qu&rsquo;une voiture de niveau 4 ou 5 soit homologu\u00e9e par les assurances en Europe.<\/p>\n<figure id=\"attachment_74533\" aria-describedby=\"caption-attachment-74533\" style=\"width: 519px\" class=\"wp-caption aligncenter\"><img decoding=\"async\" class=\"wp-image-74533 size-full\" src=\"https:\/\/visionarymarketing.com\/wp-content\/uploads\/2023\/02\/crise-de-l-it-30-e1676718704378.jpg\" alt=\"\" width=\"519\" height=\"340\" srcset=\"https:\/\/visionarymarketing.com\/wp-content\/uploads\/2023\/02\/crise-de-l-it-30-e1676718704378.jpg 519w, https:\/\/visionarymarketing.com\/wp-content\/uploads\/2023\/02\/crise-de-l-it-30-e1676718704378-458x300.jpg 458w\" sizes=\"(max-width: 519px) 100vw, 519px\" \/><figcaption id=\"caption-attachment-74533\" class=\"wp-caption-text\">Autre version de la crise de l&rsquo;IT selon Midjourney. L\u00e9g\u00e8rement dramatisante<\/figcaption><\/figure>\n<p style=\"font-weight: 400;\"><a href=\"https:\/\/www.usine-digitale.fr\/article\/vehicules-autonomes-fin-de-la-hype-et-retour-a-la-realite.N2079471\" target=\"_blank\" rel=\"noopener\">Le journal ajoute m\u00eame que 2030 est un objectif inatteignable<\/a>. 2030, c&rsquo;est loin, mais il n&rsquo;y a rien d&rsquo;anormal \u00e0 cela, rien de choquant.<\/p>\n<blockquote class=\"quote-light\">\n<p style=\"font-weight: 400;\">On n&rsquo;accorde jamais assez de temps pour laisser les innovations rentrer dans leur phase de maturit\u00e9. Or elles ne sont utilisables que dans leur phase de maturit\u00e9<\/p>\n<\/blockquote>\n<p><iframe title=\"[Fr] La crise IT des ann\u00e9es 2020 et comment s en sortir  avec Alain Lefebvre\" width=\"500\" height=\"281\" src=\"https:\/\/www.youtube.com\/embed\/HR15FO-6fKs?feature=oembed\" frameborder=\"0\" allow=\"accelerometer; autoplay; clipboard-write; encrypted-media; gyroscope; picture-in-picture; web-share\" referrerpolicy=\"strict-origin-when-cross-origin\" allowfullscreen><\/iframe><\/p>\n<h3 style=\"font-weight: 400;\">Sommes-nous en train de revivre \u00e7a avec l&rsquo;IA ?<\/h3>\n<p style=\"font-weight: 400;\">Exactement. Pour l&rsquo;IA, il y a de la ferveur et de l&rsquo;hyst\u00e9rie. Cela s&rsquo;\u00e9tait un peu calm\u00e9, et puis avec\u00a0les applications d&rsquo;OpenAI, Dall-E ou un GPT3, CHATGPT, etc. nous sommes repartis pour un tour avec l&rsquo;effet d\u00e9mo. Et de dire que Google est fini, qu&rsquo;ils sont \u201cfoutus\u201d&#8230; Qu&rsquo;on fera des recherches avec un chatbot qui nous r\u00e9pondra pr\u00e9cis\u00e9ment au lieu de nous envoyer des dizaines de milliers de liens web.<\/p>\n<p style=\"font-weight: 400;\">Google, un jour, \u00e9videmment, basculera et sera remplac\u00e9, renvers\u00e9, submerg\u00e9, comme IBM a fini par l&rsquo;\u00eatre, comme Microsoft finira par l&rsquo;\u00eatre. Mais ce n&rsquo;est pas pour demain.<\/p>\n<p style=\"font-weight: 400;\">Parce que m\u00eame si les r\u00e9sultats de Google l\u00e0 sont plut\u00f4t en berne, c&rsquo;est quand m\u00eame un des g\u00e9ants du pr\u00e9sent.<\/p>\n<h3 style=\"font-weight: 400;\">Alors, que proposes-tu comme vision de l&rsquo;innovation, en opposition \u00e0 ces r\u00e9actions hyst\u00e9riques ?<\/h3>\n<p style=\"font-weight: 400;\">Ce que je propose, c&rsquo;est ce que j&rsquo;appelle l&rsquo;informatique raisonn\u00e9e. Elle est bas\u00e9e sur trois principes.<\/p>\n<ol>\n<li style=\"font-weight: 400;\">arr\u00eater les projets trop longs<\/li>\n<li style=\"font-weight: 400;\">\u00eatre agile sans dogmatisme<\/li>\n<li style=\"font-weight: 400;\">arr\u00eater de s&rsquo;arrimer aux modes techniques nocives.<\/li>\n<\/ol>\n<p style=\"font-weight: 400;\">L&rsquo;id\u00e9e est de revenir sur terre, d&rsquo;utiliser le bon sens et de comprendre que puisque les grands projets ont un taux de mortalit\u00e9 important, il faut arr\u00eater d&rsquo;en faire. Deuxi\u00e8mement,\u00a0\u00eatre agile ne veut pas dire adopter de fa\u00e7on rigide le vocabulaire et les rythmes des m\u00e9thodes agiles. C&rsquo;est comprendre qu&rsquo;il faut faire des projets courts. Enfin il faut arr\u00eater de croire aux modes miracles.<\/p>\n<figure id=\"attachment_74534\" aria-describedby=\"caption-attachment-74534\" style=\"width: 519px\" class=\"wp-caption aligncenter\"><img decoding=\"async\" class=\"wp-image-74534 size-full\" src=\"https:\/\/visionarymarketing.com\/wp-content\/uploads\/2023\/02\/demo-effet-midjourney-e1676718871401.jpg\" alt=\"\" width=\"519\" height=\"340\" srcset=\"https:\/\/visionarymarketing.com\/wp-content\/uploads\/2023\/02\/demo-effet-midjourney-e1676718871401.jpg 519w, https:\/\/visionarymarketing.com\/wp-content\/uploads\/2023\/02\/demo-effet-midjourney-e1676718871401-458x300.jpg 458w\" sizes=\"(max-width: 519px) 100vw, 519px\" \/><figcaption id=\"caption-attachment-74534\" class=\"wp-caption-text\">La fa\u00e7on dont Midjourney imagine l&rsquo;effet d\u00e9mo est assez confondante, mais finalement pas si \u00e9loign\u00e9e de cela de la vision d&rsquo;Alain Lefebvre<\/figcaption><\/figure>\n<h3>En guise de conclusion de notre entretien<\/h3>\n<p style=\"font-weight: 400;\">Ce qui se passe avec ChatGPT, c&rsquo;est une fois de plus l&rsquo;attente de la nouvelle grande affaire et une attitude hyst\u00e9rique face \u00e0 l&rsquo;innovation. Il est vrai que c&rsquo;est bluffant par certains aspects, mais il faut bien comprendre que ChatGPT n&rsquo;est finalement que de la statistique appliqu\u00e9e au texte et qu&rsquo;il va vous r\u00e9pondre ce qui lui para\u00eet sens\u00e9 sur un plan statistique.<\/p>\n<p style=\"font-weight: 400;\">C&rsquo;est uniquement un travail de statistique sur des textes, donc il ne peut pas y avoir de fond. Pour le moment, on est \u201cbluff\u00e9s\u201d quand on joue avec l\u2019algorithme. Mais les applications concr\u00e8tes de ces programmes sont faibles.<\/p>\n<p style=\"font-weight: 400;\">Google duplex (cf. la vid\u00e9o de la fameuse d\u00e9mo ci-dessous) n&rsquo;a pas donn\u00e9 ce qu&rsquo;on attendait <a href=\"https:\/\/www.engadget.com\/google-duplex-on-the-web-shutdown-announced-225937564.html?guccounter=1&amp;guce_referrer=aHR0cHM6Ly9kdWNrZHVja2dvLmNvbS8&amp;guce_referrer_sig=AQAAACLp4Y0PlPwUhB374H_P_bETscHtk8XkM8mHz37r0NTL1523Wa28VIW7QD4nhyz8V5JojthVRFvygz4ecovYnhrFuIufqaprQcDg9iuxlMN0DFelgQGFoLjeuH-fa9n0tYo4ysrLkuD-V8lioILd1TMFyh_2BfBuDBGSPSrgE26g\" target=\"_blank\" rel=\"noopener\">et a \u00e9t\u00e9 arr\u00eat\u00e9<\/a>, mais on en parle peu. On ne parle que rarement des \u00e9checs. R\u00e9cemment, IBM et Maersk <a href=\"https:\/\/www.theregister.com\/2022\/11\/30\/ibm_and_maersk_tradelens_shutdown\/\" target=\"_blank\" rel=\"noopener\">ont arr\u00eat\u00e9 leur syst\u00e8me Tradelens<\/a> de la logistique sur blockchain. Mais cet arr\u00eat a eu peu d&rsquo;\u00e9cho \u00e9galement.<\/p>\n<p><iframe title=\"Google Duplex: A.I. Assistant Calls Local Businesses To Make Appointments\" width=\"500\" height=\"281\" src=\"https:\/\/www.youtube.com\/embed\/D5VN56jQMWM?feature=oembed\" frameborder=\"0\" allow=\"accelerometer; autoplay; clipboard-write; encrypted-media; gyroscope; picture-in-picture; web-share\" referrerpolicy=\"strict-origin-when-cross-origin\" allowfullscreen><\/iframe><\/p>\n<p>Pr\u00e9cisons n\u00e9anmoins qu&rsquo;il n&rsquo;y a\u00a0pas forc\u00e9ment de mauvaises intentions derri\u00e8re \u00e7a. Ce n&rsquo;est pas une th\u00e9orie du complot, c&rsquo;est simplement que les gens ont envie de r\u00eaver.<\/p>\n<p><a href=\"https:\/\/www.amazon.fr\/crise-lIT-ann\u00e9es-2020-comment-ebook\/dp\/B0BPYTW2T2\/ref=sr_1_2?__mk_fr_FR=\u00c5M\u00c5\u017d\u00d5\u00d1&amp;crid=3SIYHTEVWMHKZ&amp;keywords=la+crise+de+l%27IT&amp;qid=1676718261&amp;sprefix=la+crise+de+l%27it%2Caps%2C86&amp;sr=8-2\" target=\"_blank\" rel=\"noopener\"><img decoding=\"async\" class=\"aligncenter wp-image-23414 size-full\" src=\"https:\/\/visionarymarketing.com\/wp-content\/uploads\/2017\/02\/tous-boutons.png\" alt=\"acheter le livre\" width=\"450\" height=\"75\" \/><\/a><\/p>\n<hr \/>\n<p>&nbsp;<\/p>\n<h3>Post-scriptum \u00e0 ce billet sur la crise de l&rsquo;IT : test Chatgpt3<\/h3>\n<figure id=\"attachment_74538\" aria-describedby=\"caption-attachment-74538\" style=\"width: 1024px\" class=\"wp-caption aligncenter\"><a href=\"https:\/\/visionarymarketing.com\/wp-content\/uploads\/2023\/02\/screenshot-2023-02-18-at-111816.png\" target=\"_blank\" rel=\"noopener\"><img decoding=\"async\" class=\"wp-image-74538 size-large\" src=\"https:\/\/visionarymarketing.com\/wp-content\/uploads\/2023\/02\/screenshot-2023-02-18-at-111816-1024x569.png\" alt=\"ChatGPT\" width=\"1024\" height=\"569\" srcset=\"https:\/\/visionarymarketing.com\/wp-content\/uploads\/2023\/02\/screenshot-2023-02-18-at-111816-1024x569.png 1024w, https:\/\/visionarymarketing.com\/wp-content\/uploads\/2023\/02\/screenshot-2023-02-18-at-111816-500x278.png 500w, https:\/\/visionarymarketing.com\/wp-content\/uploads\/2023\/02\/screenshot-2023-02-18-at-111816-768x426.png 768w, https:\/\/visionarymarketing.com\/wp-content\/uploads\/2023\/02\/screenshot-2023-02-18-at-111816-1536x853.png 1536w, https:\/\/visionarymarketing.com\/wp-content\/uploads\/2023\/02\/screenshot-2023-02-18-at-111816.png 1646w\" sizes=\"(max-width: 1024px) 100vw, 1024px\" \/><\/a><figcaption id=\"caption-attachment-74538\" class=\"wp-caption-text\">ChatGPT3 recommande-t-il aux b\u00e9b\u00e9s de manger de la porcelaine pil\u00e9e ? Interpell\u00e9 par l&rsquo;exemple choisi par Alain dans notre Live j&rsquo;ai pos\u00e9 la question \u00e0 la fois \u00e0 GTP3 (la version payante) et ChatGPT3 (bas\u00e9e sur GPT2).<\/figcaption><\/figure>\n<p>Il est \u00e0 noter que la version ChatGPT \u00e9tant meilleure, c&rsquo;est celle que j&rsquo;ai choisie.<\/p>\n<p>J&rsquo;avais entendu cette histoire de porcelaine dans la nourriture pour b\u00e9b\u00e9s m\u00eame si je n&rsquo;ai pu en trouver trace dans les moteurs de recherche. Probablement une rumeur urbaine. Par contre, ce qui n&rsquo;est pas une rumeur c&rsquo;est que le robot va remplir la page b\u00eatement en essayant de faire des phrases comme un \u00e9tudiant idiot qui remplirait sa copie alors qu&rsquo;il ne conna\u00eet pas son sujet.<\/p>\n<p>La machine n&rsquo;est pas capable \u2014 sauf si on lui apprend et \u00e7a arrivera sans doute plus vite qu&rsquo;on croit \u2014 de \u00ab\u00a0juger\u00a0\u00bb la question. Elle ne fait qu&rsquo;y r\u00e9pondre de mani\u00e8re statistique en racontant des histoires sans int\u00e9r\u00eat, mais justes (\u00ab\u00a0la porcelaine est un mat\u00e9riau dur et cassant\u00a0\u00bb) et se met \u00e0 \u00e9lucubrer sur une proposition idiote (\u00ab\u00a0si votre b\u00e9b\u00e9 ing\u00e8re accidentellement&#8230;).<\/p>\n<p>Un humain aurait sans doute tap\u00e9 en touche en entendant la question : \u00ab\u00a0Question idiote, n&rsquo;escomptez pas une r\u00e9ponse !\u00a0\u00bb<\/p>\n<p>Par contre, croire que l&rsquo;humain est syst\u00e9matiquement plus \u00ab\u00a0intelligent\u00a0\u00bb que la machine n&rsquo;est pas vrai non plus. Nombre d&rsquo;humains raisonnent comme des machines et ne voient pas bien plus loin que leur nez. Ce seront sans doute les premiers \u00e0 dispara\u00eetre au profit de ces robots statistiques.<\/p>\n<p>Et si votre m\u00e9tier consiste juste \u00e0 compiler des chiffres ou des donn\u00e9es (et Dieu sait qu&rsquo;il en existe de ces jobs d&rsquo;OS du 21e si\u00e8cle), vous pouvez commencer \u00e0 trembler \u00e9galement. M\u00eame si, comme l&rsquo;explique Alain, le changement n&rsquo;arrivera pas demain mais au bout d&rsquo;une longue p\u00e9riode de maturation.<\/p>\n<div itemscope itemtype=\"http:\/\/schema.org\/AudioObject\"><meta itemprop=\"name\" content=\"Crise de l&amp;rsquo;IT ou crise de l&amp;rsquo;innovation ? Et comment s&amp;rsquo;en sortir\" \/><meta itemprop=\"uploadDate\" content=\"2023-02-20T08:30:38+01:00\" \/><meta itemprop=\"encodingFormat\" content=\"audio\/mpeg\" \/><meta itemprop=\"duration\" content=\"PT51M57S\" \/><meta itemprop=\"description\" content=\"La crise de l&#039;IT a des cons\u00e9quences tr\u00e8s graves et pas seulement dans la Silicon Valley. Mais s&#039;agit-il d&#039;une crise de l&#039;informatique ou d&#039;une crise de l&#039;innovation ? Pour Alain Lefebvre, auteur de &quot;La Crise de l&#039;IT et comment s&#039;en sortir&quot;, il convie...\" \/><meta itemprop=\"contentUrl\" content=\"https:\/\/media.blubrry.com\/visionarymarketing_les\/agence.visionarymarketing.com\/files\/podcasts\/2023-02-Crise-de-lIT-Mixdown.mp3\" \/><meta itemprop=\"contentSize\" content=\"24.9\" \/><div class=\"powerpress_player\" id=\"powerpress_player_1634\"><audio class=\"wp-audio-shortcode\" id=\"audio-74521-1\" preload=\"none\" style=\"width: 100%;\" controls=\"controls\"><source type=\"audio\/mpeg\" src=\"https:\/\/media.blubrry.com\/visionarymarketing_les\/agence.visionarymarketing.com\/files\/podcasts\/2023-02-Crise-de-lIT-Mixdown.mp3?_=1\" \/><a href=\"https:\/\/media.blubrry.com\/visionarymarketing_les\/agence.visionarymarketing.com\/files\/podcasts\/2023-02-Crise-de-lIT-Mixdown.mp3\">https:\/\/media.blubrry.com\/visionarymarketing_les\/agence.visionarymarketing.com\/files\/podcasts\/2023-02-Crise-de-lIT-Mixdown.mp3<\/a><\/audio><\/div><\/div><p class=\"powerpress_links powerpress_links_mp3\" style=\"margin-bottom: 1px !important;\">Podcast: <a href=\"https:\/\/media.blubrry.com\/visionarymarketing_les\/agence.visionarymarketing.com\/files\/podcasts\/2023-02-Crise-de-lIT-Mixdown.mp3\" class=\"powerpress_link_pinw\" target=\"_blank\" title=\"Play in new window\" onclick=\"return powerpress_pinw('https:\/\/visionarymarketing.com\/fr\/\/?powerpress_pinw=74521-podcast');\" rel=\"nofollow\">Play in new window<\/a> | <a href=\"https:\/\/media.blubrry.com\/visionarymarketing_les\/agence.visionarymarketing.com\/files\/podcasts\/2023-02-Crise-de-lIT-Mixdown.mp3\" class=\"powerpress_link_d\" title=\"Download\" rel=\"nofollow\" download=\"2023-02-Crise-de-lIT-Mixdown.mp3\">Download<\/a> (Duration: 51:57 &#8212; 24.9MB)<\/p><p class=\"powerpress_links powerpress_subscribe_links\">Subscribe: <a href=\"https:\/\/itunes.apple.com\/us\/podcast\/visionarymarketing-les-interviews\/id731295319?mt=2&amp;ls=1#episodeGuid=https%3A%2F%2Fvisionarymarketing.com%2F%3Fp%3D74521\" class=\"powerpress_link_subscribe powerpress_link_subscribe_itunes\" target=\"_blank\" title=\"Subscribe on Apple Podcasts\" rel=\"nofollow\">Apple Podcasts<\/a> | <a href=\"https:\/\/open.spotify.com\/show\/52VnZ1mhVSnDs4tQOx7Vuc\" class=\"powerpress_link_subscribe powerpress_link_subscribe_spotify\" target=\"_blank\" title=\"Subscribe on Spotify\" rel=\"nofollow\">Spotify<\/a> | <a href=\"https:\/\/subscribeonandroid.com\/visionarymarketing.com\/fr\/feed\/podcast\/\" class=\"powerpress_link_subscribe powerpress_link_subscribe_android\" target=\"_blank\" title=\"Subscribe on Android\" rel=\"nofollow\">Android<\/a> | <a href=\"https:\/\/visionarymarketing.com\/fr\/feed\/podcast\/\" class=\"powerpress_link_subscribe powerpress_link_subscribe_rss\" target=\"_blank\" title=\"Subscribe via RSS\" rel=\"nofollow\">RSS<\/a><\/p>","protected":false},"excerpt":{"rendered":"<p>La crise de l&rsquo;IT a des cons\u00e9quences tr\u00e8s graves et pas seulement dans la Silicon Valley. Mais s&rsquo;agit-il d&rsquo;une crise de l&rsquo;informatique ou d&rsquo;une crise de l&rsquo;innovation ? Pour Alain Lefebvre, auteur de \u00ab\u00a0La Crise de l&rsquo;IT et comment s&rsquo;en sortir\u00ab\u00a0, il convient d&rsquo;abandonner les modes technologiques et les effets d\u00e9mo et de se concentrer &hellip;<\/p>\n","protected":false},"author":2,"featured_media":74546,"comment_status":"open","ping_status":"open","sticky":false,"template":"","format":"standard","meta":{"footnotes":""},"categories":[134],"tags":[],"class_list":["post-74521","post","type-post","status-publish","format-standard","has-post-thumbnail","hentry","category-economie"],"yoast_head":"<!-- This site is optimized with the Yoast SEO plugin v27.5 - https:\/\/yoast.com\/product\/yoast-seo-wordpress\/ -->\n<title>Crise de l&#039;IT ou crise de l&#039;innovation ? Et comment s&#039;en sortir<\/title>\n<meta name=\"description\" content=\"La crise de l&#039;IT a des cons\u00e9quences tr\u00e8s graves et pas seulement dans la Silicon Valley. Crise de l&#039;informatique ou de l&#039;innovation ?\" \/>\n<meta name=\"robots\" content=\"index, follow, max-snippet:-1, max-image-preview:large, max-video-preview:-1\" \/>\n<link rel=\"canonical\" href=\"https:\/\/visionarymarketing.com\/fr\/2023\/02\/20\/crise-de-lit\/\" \/>\n<meta property=\"og:locale\" content=\"fr_FR\" \/>\n<meta property=\"og:type\" content=\"article\" \/>\n<meta property=\"og:title\" content=\"Crise de l&#039;IT ou crise de l&#039;innovation ? Et comment s&#039;en sortir\" \/>\n<meta property=\"og:description\" content=\"La crise de l&#039;IT a des cons\u00e9quences tr\u00e8s graves et pas seulement dans la Silicon Valley. Crise de l&#039;informatique ou de l&#039;innovation ?\" \/>\n<meta property=\"og:url\" content=\"https:\/\/visionarymarketing.com\/fr\/2023\/02\/20\/crise-de-lit\/\" \/>\n<meta property=\"og:site_name\" content=\"Marketing and Innovation\" \/>\n<meta property=\"article:publisher\" content=\"https:\/\/www.facebook.com\/vismktg\" \/>\n<meta property=\"article:author\" content=\"http:\/\/facebook.com\/ygourven\" \/>\n<meta property=\"article:published_time\" content=\"2023-02-20T07:30:38+00:00\" \/>\n<meta property=\"og:image\" content=\"https:\/\/visionarymarketing.com\/wp-content\/uploads\/2023\/02\/computer-demo-thumbnail.jpg\" \/>\n\t<meta property=\"og:image:width\" content=\"520\" \/>\n\t<meta property=\"og:image:height\" content=\"347\" \/>\n\t<meta property=\"og:image:type\" content=\"image\/jpeg\" \/>\n<meta name=\"author\" content=\"Yann Gourvennec\" \/>\n<meta name=\"twitter:card\" content=\"summary_large_image\" \/>\n<meta name=\"twitter:creator\" content=\"@ygourven\" \/>\n<meta name=\"twitter:site\" content=\"@ygourven\" \/>\n<meta name=\"twitter:label1\" content=\"\u00c9crit par\" \/>\n\t<meta name=\"twitter:data1\" content=\"Yann Gourvennec\" \/>\n\t<meta name=\"twitter:label2\" content=\"Dur\u00e9e de lecture estim\u00e9e\" \/>\n\t<meta name=\"twitter:data2\" content=\"9 minutes\" \/>\n<script type=\"application\/ld+json\" class=\"yoast-schema-graph\">{\"@context\":\"https:\\\/\\\/schema.org\",\"@graph\":[{\"@type\":\"NewsArticle\",\"@id\":\"https:\\\/\\\/visionarymarketing.com\\\/fr\\\/2023\\\/02\\\/20\\\/crise-de-lit\\\/#article\",\"isPartOf\":{\"@id\":\"https:\\\/\\\/visionarymarketing.com\\\/fr\\\/2023\\\/02\\\/20\\\/crise-de-lit\\\/\"},\"author\":{\"name\":\"Yann Gourvennec\",\"@id\":\"https:\\\/\\\/visionarymarketing.com\\\/fr\\\/#\\\/schema\\\/person\\\/3754fee1e558f47b8deb46f53c37423e\"},\"headline\":\"Crise de l&rsquo;IT ou crise de l&rsquo;innovation ? Et comment s&rsquo;en sortir\",\"datePublished\":\"2023-02-20T07:30:38+00:00\",\"mainEntityOfPage\":{\"@id\":\"https:\\\/\\\/visionarymarketing.com\\\/fr\\\/2023\\\/02\\\/20\\\/crise-de-lit\\\/\"},\"wordCount\":1798,\"commentCount\":0,\"image\":{\"@id\":\"https:\\\/\\\/visionarymarketing.com\\\/fr\\\/2023\\\/02\\\/20\\\/crise-de-lit\\\/#primaryimage\"},\"thumbnailUrl\":\"https:\\\/\\\/visionarymarketing.com\\\/wp-content\\\/uploads\\\/2023\\\/02\\\/computer-demo-thumbnail.jpg\",\"articleSection\":[\"\u00e9conomie et num\u00e9rique\"],\"inLanguage\":\"fr-FR\",\"potentialAction\":[{\"@type\":\"CommentAction\",\"name\":\"Comment\",\"target\":[\"https:\\\/\\\/visionarymarketing.com\\\/fr\\\/2023\\\/02\\\/20\\\/crise-de-lit\\\/#respond\"]}]},{\"@type\":\"WebPage\",\"@id\":\"https:\\\/\\\/visionarymarketing.com\\\/fr\\\/2023\\\/02\\\/20\\\/crise-de-lit\\\/\",\"url\":\"https:\\\/\\\/visionarymarketing.com\\\/fr\\\/2023\\\/02\\\/20\\\/crise-de-lit\\\/\",\"name\":\"Crise de l'IT ou crise de l'innovation ? Et comment s'en sortir\",\"isPartOf\":{\"@id\":\"https:\\\/\\\/visionarymarketing.com\\\/fr\\\/#website\"},\"primaryImageOfPage\":{\"@id\":\"https:\\\/\\\/visionarymarketing.com\\\/fr\\\/2023\\\/02\\\/20\\\/crise-de-lit\\\/#primaryimage\"},\"image\":{\"@id\":\"https:\\\/\\\/visionarymarketing.com\\\/fr\\\/2023\\\/02\\\/20\\\/crise-de-lit\\\/#primaryimage\"},\"thumbnailUrl\":\"https:\\\/\\\/visionarymarketing.com\\\/wp-content\\\/uploads\\\/2023\\\/02\\\/computer-demo-thumbnail.jpg\",\"datePublished\":\"2023-02-20T07:30:38+00:00\",\"author\":{\"@id\":\"https:\\\/\\\/visionarymarketing.com\\\/fr\\\/#\\\/schema\\\/person\\\/3754fee1e558f47b8deb46f53c37423e\"},\"description\":\"La crise de l'IT a des cons\u00e9quences tr\u00e8s graves et pas seulement dans la Silicon Valley. Crise de l'informatique ou de l'innovation ?\",\"breadcrumb\":{\"@id\":\"https:\\\/\\\/visionarymarketing.com\\\/fr\\\/2023\\\/02\\\/20\\\/crise-de-lit\\\/#breadcrumb\"},\"inLanguage\":\"fr-FR\",\"potentialAction\":[{\"@type\":\"ReadAction\",\"target\":[\"https:\\\/\\\/visionarymarketing.com\\\/fr\\\/2023\\\/02\\\/20\\\/crise-de-lit\\\/\"]}]},{\"@type\":\"ImageObject\",\"inLanguage\":\"fr-FR\",\"@id\":\"https:\\\/\\\/visionarymarketing.com\\\/fr\\\/2023\\\/02\\\/20\\\/crise-de-lit\\\/#primaryimage\",\"url\":\"https:\\\/\\\/visionarymarketing.com\\\/wp-content\\\/uploads\\\/2023\\\/02\\\/computer-demo-thumbnail.jpg\",\"contentUrl\":\"https:\\\/\\\/visionarymarketing.com\\\/wp-content\\\/uploads\\\/2023\\\/02\\\/computer-demo-thumbnail.jpg\",\"width\":520,\"height\":347,\"caption\":\"Crise de l'IT\"},{\"@type\":\"BreadcrumbList\",\"@id\":\"https:\\\/\\\/visionarymarketing.com\\\/fr\\\/2023\\\/02\\\/20\\\/crise-de-lit\\\/#breadcrumb\",\"itemListElement\":[{\"@type\":\"ListItem\",\"position\":1,\"name\":\"Home\",\"item\":\"https:\\\/\\\/visionarymarketing.com\\\/fr\\\/\"},{\"@type\":\"ListItem\",\"position\":2,\"name\":\"Crise de l&rsquo;IT ou crise de l&rsquo;innovation ? Et comment s&rsquo;en sortir\"}]},{\"@type\":\"WebSite\",\"@id\":\"https:\\\/\\\/visionarymarketing.com\\\/fr\\\/#website\",\"url\":\"https:\\\/\\\/visionarymarketing.com\\\/fr\\\/\",\"name\":\"Marketing and Innovation\",\"description\":\"Site d&#039;infos ind\u00e9pendant, depuis 1996\",\"potentialAction\":[{\"@type\":\"SearchAction\",\"target\":{\"@type\":\"EntryPoint\",\"urlTemplate\":\"https:\\\/\\\/visionarymarketing.com\\\/fr\\\/?s={search_term_string}\"},\"query-input\":{\"@type\":\"PropertyValueSpecification\",\"valueRequired\":true,\"valueName\":\"search_term_string\"}}],\"inLanguage\":\"fr-FR\"},{\"@type\":\"Person\",\"@id\":\"https:\\\/\\\/visionarymarketing.com\\\/fr\\\/#\\\/schema\\\/person\\\/3754fee1e558f47b8deb46f53c37423e\",\"name\":\"Yann Gourvennec\",\"image\":{\"@type\":\"ImageObject\",\"inLanguage\":\"fr-FR\",\"@id\":\"https:\\\/\\\/secure.gravatar.com\\\/avatar\\\/5972001801e8de5692a3e31224e85769f50a55fb8b679749f9c8d1868cceff14?s=96&d=initials&r=g&initials=yg\",\"url\":\"https:\\\/\\\/secure.gravatar.com\\\/avatar\\\/5972001801e8de5692a3e31224e85769f50a55fb8b679749f9c8d1868cceff14?s=96&d=initials&r=g&initials=yg\",\"contentUrl\":\"https:\\\/\\\/secure.gravatar.com\\\/avatar\\\/5972001801e8de5692a3e31224e85769f50a55fb8b679749f9c8d1868cceff14?s=96&d=initials&r=g&initials=yg\",\"caption\":\"Yann Gourvennec\"},\"description\":\"Yann Gourvennec created visionarymarketing.com in 1996. He is a speaker and author of many books. In 2014 he went from intrapreneur to entrepreneur, when he created his digital marketing agency. Yann Gourvennec a cr\u00e9\u00e9 visionarymarketing.com en 1996. Il est conf\u00e9rencier et auteur de plusieurs livres. En 2014, il est pass\u00e9 d'intrapreneur \u00e0 entrepreneur en cr\u00e9ant son agence de marketing num\u00e9rique.\",\"sameAs\":[\"https:\\\/\\\/visionarymarketing.com\",\"http:\\\/\\\/facebook.com\\\/ygourven\",\"http:\\\/\\\/linkedin.com\\\/in\\\/ygourven\",\"https:\\\/\\\/x.com\\\/ygourven\",\"https:\\\/\\\/www.youtube.com\\\/c\\\/visionarymarketingagency\"],\"url\":\"https:\\\/\\\/visionarymarketing.com\\\/fr\\\/author\\\/yann-gourvennec\\\/\"}]}<\/script>\n<!-- \/ Yoast SEO plugin. -->","yoast_head_json":{"title":"Crise de l'IT ou crise de l'innovation ? Et comment s'en sortir","description":"La crise de l'IT a des cons\u00e9quences tr\u00e8s graves et pas seulement dans la Silicon Valley. Crise de l'informatique ou de l'innovation ?","robots":{"index":"index","follow":"follow","max-snippet":"max-snippet:-1","max-image-preview":"max-image-preview:large","max-video-preview":"max-video-preview:-1"},"canonical":"https:\/\/visionarymarketing.com\/fr\/2023\/02\/20\/crise-de-lit\/","og_locale":"fr_FR","og_type":"article","og_title":"Crise de l'IT ou crise de l'innovation ? Et comment s'en sortir","og_description":"La crise de l'IT a des cons\u00e9quences tr\u00e8s graves et pas seulement dans la Silicon Valley. Crise de l'informatique ou de l'innovation ?","og_url":"https:\/\/visionarymarketing.com\/fr\/2023\/02\/20\/crise-de-lit\/","og_site_name":"Marketing and Innovation","article_publisher":"https:\/\/www.facebook.com\/vismktg","article_author":"http:\/\/facebook.com\/ygourven","article_published_time":"2023-02-20T07:30:38+00:00","og_image":[{"width":520,"height":347,"url":"https:\/\/visionarymarketing.com\/wp-content\/uploads\/2023\/02\/computer-demo-thumbnail.jpg","type":"image\/jpeg"}],"author":"Yann Gourvennec","twitter_card":"summary_large_image","twitter_creator":"@ygourven","twitter_site":"@ygourven","twitter_misc":{"\u00c9crit par":"Yann Gourvennec","Dur\u00e9e de lecture estim\u00e9e":"9 minutes"},"schema":{"@context":"https:\/\/schema.org","@graph":[{"@type":"NewsArticle","@id":"https:\/\/visionarymarketing.com\/fr\/2023\/02\/20\/crise-de-lit\/#article","isPartOf":{"@id":"https:\/\/visionarymarketing.com\/fr\/2023\/02\/20\/crise-de-lit\/"},"author":{"name":"Yann Gourvennec","@id":"https:\/\/visionarymarketing.com\/fr\/#\/schema\/person\/3754fee1e558f47b8deb46f53c37423e"},"headline":"Crise de l&rsquo;IT ou crise de l&rsquo;innovation ? Et comment s&rsquo;en sortir","datePublished":"2023-02-20T07:30:38+00:00","mainEntityOfPage":{"@id":"https:\/\/visionarymarketing.com\/fr\/2023\/02\/20\/crise-de-lit\/"},"wordCount":1798,"commentCount":0,"image":{"@id":"https:\/\/visionarymarketing.com\/fr\/2023\/02\/20\/crise-de-lit\/#primaryimage"},"thumbnailUrl":"https:\/\/visionarymarketing.com\/wp-content\/uploads\/2023\/02\/computer-demo-thumbnail.jpg","articleSection":["\u00e9conomie et num\u00e9rique"],"inLanguage":"fr-FR","potentialAction":[{"@type":"CommentAction","name":"Comment","target":["https:\/\/visionarymarketing.com\/fr\/2023\/02\/20\/crise-de-lit\/#respond"]}]},{"@type":"WebPage","@id":"https:\/\/visionarymarketing.com\/fr\/2023\/02\/20\/crise-de-lit\/","url":"https:\/\/visionarymarketing.com\/fr\/2023\/02\/20\/crise-de-lit\/","name":"Crise de l'IT ou crise de l'innovation ? Et comment s'en sortir","isPartOf":{"@id":"https:\/\/visionarymarketing.com\/fr\/#website"},"primaryImageOfPage":{"@id":"https:\/\/visionarymarketing.com\/fr\/2023\/02\/20\/crise-de-lit\/#primaryimage"},"image":{"@id":"https:\/\/visionarymarketing.com\/fr\/2023\/02\/20\/crise-de-lit\/#primaryimage"},"thumbnailUrl":"https:\/\/visionarymarketing.com\/wp-content\/uploads\/2023\/02\/computer-demo-thumbnail.jpg","datePublished":"2023-02-20T07:30:38+00:00","author":{"@id":"https:\/\/visionarymarketing.com\/fr\/#\/schema\/person\/3754fee1e558f47b8deb46f53c37423e"},"description":"La crise de l'IT a des cons\u00e9quences tr\u00e8s graves et pas seulement dans la Silicon Valley. Crise de l'informatique ou de l'innovation ?","breadcrumb":{"@id":"https:\/\/visionarymarketing.com\/fr\/2023\/02\/20\/crise-de-lit\/#breadcrumb"},"inLanguage":"fr-FR","potentialAction":[{"@type":"ReadAction","target":["https:\/\/visionarymarketing.com\/fr\/2023\/02\/20\/crise-de-lit\/"]}]},{"@type":"ImageObject","inLanguage":"fr-FR","@id":"https:\/\/visionarymarketing.com\/fr\/2023\/02\/20\/crise-de-lit\/#primaryimage","url":"https:\/\/visionarymarketing.com\/wp-content\/uploads\/2023\/02\/computer-demo-thumbnail.jpg","contentUrl":"https:\/\/visionarymarketing.com\/wp-content\/uploads\/2023\/02\/computer-demo-thumbnail.jpg","width":520,"height":347,"caption":"Crise de l'IT"},{"@type":"BreadcrumbList","@id":"https:\/\/visionarymarketing.com\/fr\/2023\/02\/20\/crise-de-lit\/#breadcrumb","itemListElement":[{"@type":"ListItem","position":1,"name":"Home","item":"https:\/\/visionarymarketing.com\/fr\/"},{"@type":"ListItem","position":2,"name":"Crise de l&rsquo;IT ou crise de l&rsquo;innovation ? Et comment s&rsquo;en sortir"}]},{"@type":"WebSite","@id":"https:\/\/visionarymarketing.com\/fr\/#website","url":"https:\/\/visionarymarketing.com\/fr\/","name":"Marketing and Innovation","description":"Site d&#039;infos ind\u00e9pendant, depuis 1996","potentialAction":[{"@type":"SearchAction","target":{"@type":"EntryPoint","urlTemplate":"https:\/\/visionarymarketing.com\/fr\/?s={search_term_string}"},"query-input":{"@type":"PropertyValueSpecification","valueRequired":true,"valueName":"search_term_string"}}],"inLanguage":"fr-FR"},{"@type":"Person","@id":"https:\/\/visionarymarketing.com\/fr\/#\/schema\/person\/3754fee1e558f47b8deb46f53c37423e","name":"Yann Gourvennec","image":{"@type":"ImageObject","inLanguage":"fr-FR","@id":"https:\/\/secure.gravatar.com\/avatar\/5972001801e8de5692a3e31224e85769f50a55fb8b679749f9c8d1868cceff14?s=96&d=initials&r=g&initials=yg","url":"https:\/\/secure.gravatar.com\/avatar\/5972001801e8de5692a3e31224e85769f50a55fb8b679749f9c8d1868cceff14?s=96&d=initials&r=g&initials=yg","contentUrl":"https:\/\/secure.gravatar.com\/avatar\/5972001801e8de5692a3e31224e85769f50a55fb8b679749f9c8d1868cceff14?s=96&d=initials&r=g&initials=yg","caption":"Yann Gourvennec"},"description":"Yann Gourvennec created visionarymarketing.com in 1996. He is a speaker and author of many books. In 2014 he went from intrapreneur to entrepreneur, when he created his digital marketing agency. Yann Gourvennec a cr\u00e9\u00e9 visionarymarketing.com en 1996. Il est conf\u00e9rencier et auteur de plusieurs livres. En 2014, il est pass\u00e9 d'intrapreneur \u00e0 entrepreneur en cr\u00e9ant son agence de marketing num\u00e9rique.","sameAs":["https:\/\/visionarymarketing.com","http:\/\/facebook.com\/ygourven","http:\/\/linkedin.com\/in\/ygourven","https:\/\/x.com\/ygourven","https:\/\/www.youtube.com\/c\/visionarymarketingagency"],"url":"https:\/\/visionarymarketing.com\/fr\/author\/yann-gourvennec\/"}]}},"_links":{"self":[{"href":"https:\/\/visionarymarketing.com\/fr\/wp-json\/wp\/v2\/posts\/74521","targetHints":{"allow":["GET"]}}],"collection":[{"href":"https:\/\/visionarymarketing.com\/fr\/wp-json\/wp\/v2\/posts"}],"about":[{"href":"https:\/\/visionarymarketing.com\/fr\/wp-json\/wp\/v2\/types\/post"}],"author":[{"embeddable":true,"href":"https:\/\/visionarymarketing.com\/fr\/wp-json\/wp\/v2\/users\/2"}],"replies":[{"embeddable":true,"href":"https:\/\/visionarymarketing.com\/fr\/wp-json\/wp\/v2\/comments?post=74521"}],"version-history":[{"count":0,"href":"https:\/\/visionarymarketing.com\/fr\/wp-json\/wp\/v2\/posts\/74521\/revisions"}],"wp:featuredmedia":[{"embeddable":true,"href":"https:\/\/visionarymarketing.com\/fr\/wp-json\/wp\/v2\/media\/74546"}],"wp:attachment":[{"href":"https:\/\/visionarymarketing.com\/fr\/wp-json\/wp\/v2\/media?parent=74521"}],"wp:term":[{"taxonomy":"category","embeddable":true,"href":"https:\/\/visionarymarketing.com\/fr\/wp-json\/wp\/v2\/categories?post=74521"},{"taxonomy":"post_tag","embeddable":true,"href":"https:\/\/visionarymarketing.com\/fr\/wp-json\/wp\/v2\/tags?post=74521"}],"curies":[{"name":"wp","href":"https:\/\/api.w.org\/{rel}","templated":true}]}}