{"id":73680,"date":"2024-10-16T11:25:22","date_gmt":"2024-10-16T09:25:22","guid":{"rendered":"https:\/\/visionarymarketing.com\/?p=73680"},"modified":"2025-02-10T18:28:04","modified_gmt":"2025-02-10T17:28:04","slug":"digital-natives-nexistent-pas","status":"publish","type":"post","link":"https:\/\/visionarymarketing.com\/fr\/2024\/10\/16\/digital-natives-nexistent-pas\/","title":{"rendered":"Une \u00e9tude d\u00e9montre que les \u00ab\u00a0digital natives\u00a0\u00bb n&rsquo;existent pas"},"content":{"rendered":"<p><em>Une \u00e9tude a d\u00e9montr\u00e9 que les \u00ab\u00a0digital natives\u00a0\u00bb n&rsquo;existent pas : les digital natives, les g\u00e9n\u00e9rations X, Y, Z et maintenant alpha, sont un th\u00e8me r\u00e9current du Web et dans les m\u00e9dias. OK, boomer ! Je sais. Pourtant, les faits sont plus forts que la fiction.<\/em><\/p>\n<h2>Une \u00e9tude de l&rsquo;ECDL d\u00e9montre que les \u00ab\u00a0digital natives\u00a0\u00bb n&rsquo;existent pas<\/h2>\n<figure id=\"attachment_81602\" aria-describedby=\"caption-attachment-81602\" style=\"width: 1200px\" class=\"wp-caption aligncenter\"><img decoding=\"async\" class=\"wp-image-81602 size-full\" src=\"https:\/\/visionarymarketing.com\/wp-content\/uploads\/2023\/01\/ygourven-arty-and-elegant-rendering-of-a-crowd-of-youngsters-lo-f40a6fec-d77e-4e37-b195-8a7b4d3b4795.jpg\" alt=\"Une \u00e9tude d\u00e9montre que les &quot;digital natives&quot; n'existent pas\" width=\"1200\" height=\"673\" srcset=\"https:\/\/visionarymarketing.com\/wp-content\/uploads\/2023\/01\/ygourven-arty-and-elegant-rendering-of-a-crowd-of-youngsters-lo-f40a6fec-d77e-4e37-b195-8a7b4d3b4795.jpg 1200w, https:\/\/visionarymarketing.com\/wp-content\/uploads\/2023\/01\/ygourven-arty-and-elegant-rendering-of-a-crowd-of-youngsters-lo-f40a6fec-d77e-4e37-b195-8a7b4d3b4795-500x280.jpg 500w, https:\/\/visionarymarketing.com\/wp-content\/uploads\/2023\/01\/ygourven-arty-and-elegant-rendering-of-a-crowd-of-youngsters-lo-f40a6fec-d77e-4e37-b195-8a7b4d3b4795-1024x574.jpg 1024w, https:\/\/visionarymarketing.com\/wp-content\/uploads\/2023\/01\/ygourven-arty-and-elegant-rendering-of-a-crowd-of-youngsters-lo-f40a6fec-d77e-4e37-b195-8a7b4d3b4795-768x431.jpg 768w, https:\/\/visionarymarketing.com\/wp-content\/uploads\/2023\/01\/ygourven-arty-and-elegant-rendering-of-a-crowd-of-youngsters-lo-f40a6fec-d77e-4e37-b195-8a7b4d3b4795-390x220.jpg 390w\" sizes=\"(max-width: 1200px) 100vw, 1200px\" \/><figcaption id=\"caption-attachment-81602\" class=\"wp-caption-text\">Une \u00e9tude montre que les digital natives n&rsquo;existent pas &#8211; Midjourney a une vision plut\u00f4t dystopique des natifs du num\u00e9rique qui est loin de la r\u00e9alit\u00e9. On a eu chaud&#8230;<\/figcaption><\/figure>\n<p><!--more--><\/p>\n<p>Les digital natives sont un <a href=\"https:\/\/visionarymarketing.com\/fr\/2012\/11\/mythe-digital-natives\/\">th\u00e8me r\u00e9current chez Visionary Marketing<\/a> depuis des ann\u00e9es. Une \u00e9tude r\u00e9alis\u00e9e par <a href=\"http:\/\/www.ecdl.ch\/fr\/ecdl\/news\/detail\/ ?tx_news_pi1%5Bnews%5D=56&amp;tx_news_pi1%5Bcontroller%5D=News&amp;tx_news_pi1%5Baction%5D=detail&amp;cHash=7e51e48b04addd36f1d1dddf1b3589c1\" target=\"_blank\" rel=\"noopener noreferrer\">la fondation ECDL (European Computer Driving Licence)<\/a> apporte un \u00e9clairage suppl\u00e9mentaire.<\/p>\n<p>Comme j&rsquo;en ai assez d&rsquo;entendre que les jeunes sont dou\u00e9s en informatique et que les plus \u00e2g\u00e9s sont tous victimes <a href=\"https:\/\/visionarymarketing.com\/fr\/2018\/10\/illectronisme\/\">d&rsquo;illectronisme<\/a>, je partage cette \u00e9tude avec vous et j&rsquo;esp\u00e8re qu&rsquo;elle vous sera utile.<\/p>\n<h3>Pr\u00e9jug\u00e9s interg\u00e9n\u00e9rationnels et \u00e2gisme<\/h3>\n<p><i>Il faut\u00a0indiquer\u00a0que, charg\u00e9 de cours en marketing num\u00e9rique depuis plus de 20 ans, je suis un fervent d\u00e9fenseur des \u00e9changes entre les g\u00e9n\u00e9rations. Pour moi, tout pr\u00e9jug\u00e9 \u00e0 l&rsquo;encontre d&rsquo;une g\u00e9n\u00e9ration s&rsquo;apparente \u00e0 de l&rsquo;\u00e2gisme, soit une forme de racisme. <\/i><\/p>\n<p>Pour en revenir aux digital natives, les faits et les chiffres de cette \u00e9tude contredisent le mythe. Les \u00ab\u00a0natifs du num\u00e9rique\u00a0\u00bb n&rsquo;existent pas.<\/p>\n<h3>Une \u00e9tude ECDL d\u00e9boulonne un mythe<\/h3>\n<figure id=\"attachment_19021\" aria-describedby=\"caption-attachment-19021\" style=\"width: 1024px\" class=\"wp-caption aligncenter\"><a href=\"https:\/\/www.youtube.com\/watch?v=NRUcm9Qw9io\" target=\"_blank\" rel=\"noopener noreferrer\"><img decoding=\"async\" class=\"wp-image-19021 size-large\" src=\"https:\/\/visionarymarketing.com\/wp-content\/uploads\/2015\/07\/maxresdefault-1024x576.jpg\" alt=\"digital natives\" width=\"1024\" height=\"576\" \/><\/a><figcaption id=\"caption-attachment-19021\" class=\"wp-caption-text\">While we&rsquo;re Young est un film de 2014 qui montre deux g\u00e9n\u00e9rations \u00e0 l&rsquo;oppos\u00e9 du st\u00e9r\u00e9otype. Les plus \u00e2g\u00e9s obs\u00e9d\u00e9s par la jeunesse et la techno. Les jeunes attir\u00e9s par tout ce qui est vintage (v\u00e9los, disques HI-FI et vinyles, vieux t\u00e9l\u00e9viseurs, meubles faits main, etc.) Un peu caricatural, avec une pointe de v\u00e9rit\u00e9 et d&rsquo;ironie<\/figcaption><\/figure>\n<figure id=\"attachment_73673\" aria-describedby=\"caption-attachment-73673\" style=\"width: 579px\" class=\"wp-caption aligncenter\"><img decoding=\"async\" class=\"size-full wp-image-73673\" src=\"https:\/\/visionarymarketing.com\/wp-content\/uploads\/2023\/01\/generation-y.jpg\" alt=\"Digital natives do not exist\" width=\"579\" height=\"449\" srcset=\"https:\/\/visionarymarketing.com\/wp-content\/uploads\/2023\/01\/generation-y.jpg 579w, https:\/\/visionarymarketing.com\/wp-content\/uploads\/2023\/01\/generation-y-387x300.jpg 387w\" sizes=\"(max-width: 579px) 100vw, 579px\" \/><figcaption id=\"caption-attachment-73673\" class=\"wp-caption-text\">Les digital natives n&rsquo;existent pas, selon une \u00e9tude de l&rsquo;ECDL.<\/figcaption><\/figure>\n<p>Quelle que soit la g\u00e9n\u00e9ration, dont les dates sont plus ou moins pr\u00e9cises, les pr\u00e9misses sont les m\u00eames. Les digital natives (g\u00e9n\u00e9ration Y, Z, alpha, etc.) ma\u00eetrisent l&rsquo;informatique.<\/p>\n<p>Les autres sont des \u00ab\u00a0immigrants num\u00e9riques\u00a0\u00bb (&lsquo;digital immigrants&rsquo;)<\/p>\n<h3>Prensky a invent\u00e9 le vocable de \u00ab\u00a0digital natives\u00a0\u00bb<\/h3>\n<p><a href=\"https:\/\/en.wikipedia.org\/wiki\/Marc_Prensky\" target=\"_blank\" rel=\"noopener\">Marc Prensky<\/a>, lui-m\u00eame natif du num\u00e9rique, a invent\u00e9 cette terminologie farfelue.<\/p>\n<p>Je trouve le terme \u00ab\u00a0immigrant num\u00e9rique\u00a0\u00bb particuli\u00e8rement insultant. Surtout quand on est un v\u00e9t\u00e9ran de l&rsquo;informatique et un pionnier de l&rsquo;Internet.<\/p>\n<p>C&rsquo;est doublement insultant, \u00e0 la fois pour tous les dinosaures de plus de cinquante ans (y compris Prensky lui-m\u00eame), et pour les immigrants qui ne sont pas moins humains que ceux qui peuplent les pays vers lesquels ils \u00e9migrent.<\/p>\n<p>Les infographies et les clich\u00e9s abondent sur le Web. Aucune <a href=\"https:\/\/visionarymarketing.com\/fr\/2012\/11\/mythe-digital-natives\/\">des anecdotes commun\u00e9ment racont\u00e9es<\/a> ne passe l&rsquo;\u00e9preuve de l&rsquo;examen.<\/p>\n<figure id=\"attachment_73676\" aria-describedby=\"caption-attachment-73676\" style=\"width: 799px\" class=\"wp-caption aligncenter\"><img decoding=\"async\" class=\"wp-image-73676 size-full\" src=\"https:\/\/visionarymarketing.com\/wp-content\/uploads\/2023\/01\/difference-between-digital-natives-and-digital-immigrants-comparison-summary.jpg\" alt=\"pediaa\" width=\"799\" height=\"955\" srcset=\"https:\/\/visionarymarketing.com\/wp-content\/uploads\/2023\/01\/difference-between-digital-natives-and-digital-immigrants-comparison-summary.jpg 799w, https:\/\/visionarymarketing.com\/wp-content\/uploads\/2023\/01\/difference-between-digital-natives-and-digital-immigrants-comparison-summary-251x300.jpg 251w, https:\/\/visionarymarketing.com\/wp-content\/uploads\/2023\/01\/difference-between-digital-natives-and-digital-immigrants-comparison-summary-768x918.jpg 768w\" sizes=\"(max-width: 799px) 100vw, 799px\" \/><figcaption id=\"caption-attachment-73676\" class=\"wp-caption-text\">Les jeunes de 20 ans sont des vedettes de l&rsquo;Internet et tous les autres sont \u00e0 l&rsquo;\u00e2ge de pierre et utilisent des tablettes de cire et des stylets pour communiquer. Les signaux de fum\u00e9e aussi &#8211; <a href=\"https:\/\/pediaa.com\/what-is-the-difference-between-digital-natives-and-digital-immigrants\/\" target=\"_blank\" rel=\"noopener\">source.<\/a><\/figcaption><\/figure>\n<p>Il est temps de remettre les pendules \u00e0 l&rsquo;heure, gr\u00e2ce \u00e0 cette \u00e9tude de l&rsquo;ECDL, qui souligne l&rsquo;urgence de former les jeunes au num\u00e9rique.<\/p>\n<p>En tant que formateur dans ce domaine, mon exp\u00e9rience est que, m\u00eame dans les classes de marketing digital, il y a du travail !<\/p>\n<p>L&rsquo;\u00e9tude montre \u00e0 quel point certains des \u00ab\u00a0digital natives\u00a0\u00bb sont \u00e0 la tra\u00eene de l&rsquo;informatique. Dans certains pays, l&rsquo;Autriche par exemple, plus que d&rsquo;autres.<\/p>\n<h3>L&rsquo;impact sur la soci\u00e9t\u00e9 et les entreprises<\/h3>\n<p>Comme le souligne l&rsquo;\u00e9tude ECDL, les id\u00e9es fausses sur la g\u00e9n\u00e9ration Y\/les digital natives ne sont pas d\u00e9nu\u00e9es d&rsquo;impacts.<\/p>\n<p><strong>Des impacts\u00a0s\u00e9rieux pour la soci\u00e9t\u00e9, l&rsquo;\u00e9ducation et les entreprises.<\/strong><\/p>\n<p>Par ailleurs, comme je l&rsquo;ai d\u00e9j\u00e0 soulign\u00e9, l&rsquo;\u00e2gisme a un <a href=\"https:\/\/www.leisurecare.com\/resources\/ageism-in-america\/\" target=\"_blank\" rel=\"noopener\">s\u00e9rieux impact sur la vie des gens<\/a>. En Europe, o\u00f9 l&rsquo;on demande aux seniors de travailler jusqu&rsquo;\u00e0 67 ans (en Italie, par exemple), l&rsquo;\u00e2gisme rend difficile le maintien en activit\u00e9 de nombre d&rsquo;entre eux.<\/p>\n<p>En France, pas plus de 30\u00a0% des travailleurs de plus de 60 ans ont un emploi \u00e0 temps plein. Et obtenir un entretien d&#8217;embauche lorsque votre CV indique que vous avez plus de 50 ans est mission impossible. Sauf si vous poss\u00e9dez certaines comp\u00e9tences extr\u00eamement pointues.<\/p>\n<h3>L&rsquo;\u00e2gisme est nuisible<\/h3>\n<p>Sans parler de la pression entre les g\u00e9n\u00e9rations au sein des entreprises.<\/p>\n<p>Tout cela est tr\u00e8s dommageable et va \u00e0 l&rsquo;encontre de la n\u00e9cessaire et saine coop\u00e9ration entre les diff\u00e9rentes g\u00e9n\u00e9rations. Et nous avons tous besoin de personnes autour de nous, certaines plus jeunes, d&rsquo;autres plus \u00e2g\u00e9es, pour changer de point de vue et favoriser la diversit\u00e9.<\/p>\n<p>Les \u00e9changes interg\u00e9n\u00e9rationnels favorisent l&rsquo;harmonie, l&rsquo;am\u00e9lioration personnelle et collective, et surtout l&rsquo;efficacit\u00e9 des entreprises.<\/p>\n<h3>Une \u00e9tude sur le caract\u00e8re fallacieux du terme \u00ab\u00a0digital natives\u00a0\u00bb<\/h3>\n<p>J&rsquo;ai remarqu\u00e9 une autre chose. Plus les chefs d&rsquo;entreprise sont d\u00e9connect\u00e9s du num\u00e9rique, plus ils chantent les louanges des \u00ab\u00a0digital natives\u00a0\u00bb.<\/p>\n<p>Je me demande pourquoi. Est-ce pour cantonner les jeunes dans un r\u00f4le de\u00a0\u00ab\u00a0geeks\u00a0\u00bb ? Cela signifie-t-il qu&rsquo;ils ne sont pas aptes pour les postes de management ?<\/p>\n<p>Quoi qu&rsquo;il en soit, le concept de \u00ab\u00a0digital natives\u00a0\u00bb ne r\u00e9siste pas \u00e0 l&rsquo;\u00e9preuve du temps.<\/p>\n<p><iframe style=\"border: 1px solid #CCC; border-width: 1px; margin-bottom: 5px; max-width: 100%;\" src=\"\/\/www.slideshare.net\/slideshow\/embed_code\/key\/mo3HS4vTJ3aaHW\" width=\"100%\" height=\"714\" frameborder=\"0\" marginwidth=\"0\" marginheight=\"0\" scrolling=\"no\" data-mce-frag=\"1\"> <\/iframe><\/p>\n<div style=\"margin-bottom: 5px;\"><strong> <a title=\"[En] ECDL The Fallacy of the 'Digital Native'\" href=\"\/\/www.slideshare.net\/ygourven\/enecdl-the-fallacy-of-the-digital-native\" target=\"_blank\" rel=\"noopener noreferrer\">ECDL The Fallacy of the &lsquo;Digital Native&rsquo;<\/a><\/strong><\/div>\n<p>L&rsquo;\u00e9tude ECDL va \u00e0 contre-courant de ce mythe des digital natives.<\/p>\n<p><strong>Elle conclut que le manque de formation des jeunes aux comp\u00e9tences num\u00e9riques est un danger. <\/strong><strong>L&rsquo;exposition \u00e0 la technologie, m\u00eame d\u00e8s le plus jeune \u00e2ge, ne signifie pas du tout que l&rsquo;on sache l&rsquo;utiliser correctement. Encore moins, \u00e0 bon escient<\/strong>.<\/p>\n<h3>Les utilisateurs avanc\u00e9s sont une minorit\u00e9 en Australie, en Autriche et ailleurs<\/h3>\n<p>Par exemple, en Australie, selon l&rsquo;\u00e9tude ECDL, une minorit\u00e9 de jeunes peuvent faire un usage avanc\u00e9 des technologies de l&rsquo;information. <strong>Pas plus de 15\u00a0% de la population \u00e9tudiante<\/strong>. Alors que seulement 45\u00a0% de ces \u00e9tudiants ont des comp\u00e9tences rudimentaires dans ce domaine.<\/p>\n<p>Il s&rsquo;agit d&rsquo;une \u00e9tude de 2015. J&rsquo;ai l&rsquo;intuition que les choses ont plut\u00f4t empir\u00e9 depuis lors.<\/p>\n<h3>Un d\u00e9sastre \u00e9ducatif<\/h3>\n<p><strong>En Autriche, les chiffres sont encore pires. \u00c0 peine 7\u00a0% des 15-29 ans sont consid\u00e9r\u00e9s comme poss\u00e9dant de bonnes comp\u00e9tences informatiques.<\/strong> Dieu merci, je crois qu&rsquo;ils doivent \u00eatre bons en r\u00e9daction de prompts ChatGPT3.<\/p>\n<p><strong>En Italie, les r\u00e9sultats sont encore plus <\/strong><b>d\u00e9sastreux<\/b>.<\/p>\n<h3>une autre \u00e9tude sur les digital natives par ICLS<\/h3>\n<p>Selon une \u00e9tude du <a href=\"http:\/\/icls.com\/\">Centre international d&rsquo;\u00e9tudes linguistiques<\/a> (ICLS), r\u00e9alis\u00e9e sur un grand \u00e9chantillon, <strong>seulement 2\u00a0% des \u00e9tudiants poss\u00e8dent un esprit critique lorsqu&rsquo;ils recherchent des informations en ligne<\/strong>.<\/p>\n<p>Tous ceux qui enseignent connaissent le fl\u00e9au du plagiat et du copier-coller. Le risque, souligne l&rsquo;ECDL, est \u00e9lev\u00e9.<\/p>\n<p>ChatGPT3 et ses semblables vont certainement porter tout cela au niveau sup\u00e9rieur.<\/p>\n<p>La situation n&rsquo;est cependant pas d\u00e9sesp\u00e9r\u00e9e. Certains pays font mieux que d&rsquo;autres. En R\u00e9publique tch\u00e8que et au Danemark, les r\u00e9sultats des jeunes en mati\u00e8re de connaissances informatiques sont un peu meilleurs.<\/p>\n<p>Avant de rejoindre la foule des idol\u00e2tres de la tribu des \u00ab\u00a0digital natives\u00a0\u00bb, faites-moi plaisir et lisez la suite de l&rsquo;\u00e9tude ECDL.<\/p>\n<ul>\n<li style=\"list-style-type: none;\">\n<ul>\n<li><a href=\"https:\/\/visionarymarketing.com\/wp-content\/uploads\/2015\/07\/the-fallacy-of-the-digitalnative-ecdl-foundation.pdf\" target=\"_blank\" rel=\"noopener\">T\u00e9l\u00e9charger l&rsquo;\u00e9tude ECDL<\/a> sur les natifs num\u00e9riques<\/li>\n<\/ul>\n<\/li>\n<\/ul>\n","protected":false},"excerpt":{"rendered":"<p>Une \u00e9tude a d\u00e9montr\u00e9 que les \u00ab\u00a0digital natives\u00a0\u00bb n&rsquo;existent pas : les digital natives, les g\u00e9n\u00e9rations X, Y, Z et maintenant alpha, sont un th\u00e8me r\u00e9current du Web et dans les m\u00e9dias. OK, boomer ! Je sais. Pourtant, les faits sont plus forts que la fiction. Une \u00e9tude de l&rsquo;ECDL d\u00e9montre que les \u00ab\u00a0digital natives\u00a0\u00bb &hellip;<\/p>\n","protected":false},"author":2,"featured_media":81602,"comment_status":"closed","ping_status":"closed","sticky":false,"template":"","format":"standard","meta":{"footnotes":""},"categories":[1613],"tags":[],"class_list":["post-73680","post","type-post","status-publish","format-standard","has-post-thumbnail","hentry","category-marketing-digital-marketing"],"yoast_head":"<!-- This site is optimized with the Yoast SEO plugin v27.5 - https:\/\/yoast.com\/product\/yoast-seo-wordpress\/ -->\n<title>Etude digital natives : le terme &quot;digital natives&quot; est fallacieux<\/title>\n<meta name=\"description\" content=\"Une \u00e9tude a d\u00e9montr\u00e9 que les &quot;digital natives&quot; n&#039;existent pas : les digital natives, les g\u00e9n\u00e9rations X, Y, Z sont un th\u00e8me r\u00e9current du Web\" \/>\n<meta name=\"robots\" content=\"index, follow, max-snippet:-1, max-image-preview:large, max-video-preview:-1\" \/>\n<link rel=\"canonical\" href=\"https:\/\/visionarymarketing.com\/fr\/2024\/10\/16\/digital-natives-nexistent-pas\/\" \/>\n<meta property=\"og:locale\" content=\"fr_FR\" \/>\n<meta property=\"og:type\" content=\"article\" \/>\n<meta property=\"og:title\" content=\"Etude digital natives : le terme &quot;digital natives&quot; est fallacieux\" \/>\n<meta property=\"og:description\" content=\"Une \u00e9tude a d\u00e9montr\u00e9 que les &quot;digital natives&quot; n&#039;existent pas : les digital natives, les g\u00e9n\u00e9rations X, Y, Z sont un th\u00e8me r\u00e9current du Web\" \/>\n<meta property=\"og:url\" content=\"https:\/\/visionarymarketing.com\/fr\/2024\/10\/16\/digital-natives-nexistent-pas\/\" \/>\n<meta property=\"og:site_name\" content=\"Marketing and Innovation\" \/>\n<meta property=\"article:publisher\" content=\"https:\/\/www.facebook.com\/vismktg\" \/>\n<meta property=\"article:author\" content=\"http:\/\/facebook.com\/ygourven\" \/>\n<meta property=\"article:published_time\" content=\"2024-10-16T09:25:22+00:00\" \/>\n<meta property=\"article:modified_time\" content=\"2025-02-10T17:28:04+00:00\" \/>\n<meta property=\"og:image\" content=\"https:\/\/visionarymarketing.com\/wp-content\/uploads\/2023\/01\/ygourven-arty-and-elegant-rendering-of-a-crowd-of-youngsters-lo-f40a6fec-d77e-4e37-b195-8a7b4d3b4795.jpg\" \/>\n\t<meta property=\"og:image:width\" content=\"1200\" \/>\n\t<meta property=\"og:image:height\" content=\"673\" \/>\n\t<meta property=\"og:image:type\" content=\"image\/jpeg\" \/>\n<meta name=\"author\" content=\"Yann Gourvennec\" \/>\n<meta name=\"twitter:card\" content=\"summary_large_image\" \/>\n<meta name=\"twitter:creator\" content=\"@ygourven\" \/>\n<meta name=\"twitter:site\" content=\"@ygourven\" \/>\n<meta name=\"twitter:label1\" content=\"\u00c9crit par\" \/>\n\t<meta name=\"twitter:data1\" content=\"Yann Gourvennec\" \/>\n\t<meta name=\"twitter:label2\" content=\"Dur\u00e9e de lecture estim\u00e9e\" \/>\n\t<meta name=\"twitter:data2\" content=\"6 minutes\" \/>\n<script type=\"application\/ld+json\" class=\"yoast-schema-graph\">{\"@context\":\"https:\\\/\\\/schema.org\",\"@graph\":[{\"@type\":\"NewsArticle\",\"@id\":\"https:\\\/\\\/visionarymarketing.com\\\/fr\\\/2024\\\/10\\\/16\\\/digital-natives-nexistent-pas\\\/#article\",\"isPartOf\":{\"@id\":\"https:\\\/\\\/visionarymarketing.com\\\/fr\\\/2024\\\/10\\\/16\\\/digital-natives-nexistent-pas\\\/\"},\"author\":{\"name\":\"Yann Gourvennec\",\"@id\":\"https:\\\/\\\/visionarymarketing.com\\\/fr\\\/#\\\/schema\\\/person\\\/3754fee1e558f47b8deb46f53c37423e\"},\"headline\":\"Une \u00e9tude d\u00e9montre que les \u00ab\u00a0digital natives\u00a0\u00bb n&rsquo;existent pas\",\"datePublished\":\"2024-10-16T09:25:22+00:00\",\"dateModified\":\"2025-02-10T17:28:04+00:00\",\"mainEntityOfPage\":{\"@id\":\"https:\\\/\\\/visionarymarketing.com\\\/fr\\\/2024\\\/10\\\/16\\\/digital-natives-nexistent-pas\\\/\"},\"wordCount\":1318,\"image\":{\"@id\":\"https:\\\/\\\/visionarymarketing.com\\\/fr\\\/2024\\\/10\\\/16\\\/digital-natives-nexistent-pas\\\/#primaryimage\"},\"thumbnailUrl\":\"https:\\\/\\\/visionarymarketing.com\\\/wp-content\\\/uploads\\\/2023\\\/01\\\/ygourven-arty-and-elegant-rendering-of-a-crowd-of-youngsters-lo-f40a6fec-d77e-4e37-b195-8a7b4d3b4795.jpg\",\"articleSection\":[\"marketing digital\"],\"inLanguage\":\"fr-FR\"},{\"@type\":\"WebPage\",\"@id\":\"https:\\\/\\\/visionarymarketing.com\\\/fr\\\/2024\\\/10\\\/16\\\/digital-natives-nexistent-pas\\\/\",\"url\":\"https:\\\/\\\/visionarymarketing.com\\\/fr\\\/2024\\\/10\\\/16\\\/digital-natives-nexistent-pas\\\/\",\"name\":\"Etude digital natives : le terme \\\"digital natives\\\" est fallacieux\",\"isPartOf\":{\"@id\":\"https:\\\/\\\/visionarymarketing.com\\\/fr\\\/#website\"},\"primaryImageOfPage\":{\"@id\":\"https:\\\/\\\/visionarymarketing.com\\\/fr\\\/2024\\\/10\\\/16\\\/digital-natives-nexistent-pas\\\/#primaryimage\"},\"image\":{\"@id\":\"https:\\\/\\\/visionarymarketing.com\\\/fr\\\/2024\\\/10\\\/16\\\/digital-natives-nexistent-pas\\\/#primaryimage\"},\"thumbnailUrl\":\"https:\\\/\\\/visionarymarketing.com\\\/wp-content\\\/uploads\\\/2023\\\/01\\\/ygourven-arty-and-elegant-rendering-of-a-crowd-of-youngsters-lo-f40a6fec-d77e-4e37-b195-8a7b4d3b4795.jpg\",\"datePublished\":\"2024-10-16T09:25:22+00:00\",\"dateModified\":\"2025-02-10T17:28:04+00:00\",\"author\":{\"@id\":\"https:\\\/\\\/visionarymarketing.com\\\/fr\\\/#\\\/schema\\\/person\\\/3754fee1e558f47b8deb46f53c37423e\"},\"description\":\"Une \u00e9tude a d\u00e9montr\u00e9 que les \\\"digital natives\\\" n'existent pas : les digital natives, les g\u00e9n\u00e9rations X, Y, Z sont un th\u00e8me r\u00e9current du Web\",\"breadcrumb\":{\"@id\":\"https:\\\/\\\/visionarymarketing.com\\\/fr\\\/2024\\\/10\\\/16\\\/digital-natives-nexistent-pas\\\/#breadcrumb\"},\"inLanguage\":\"fr-FR\",\"potentialAction\":[{\"@type\":\"ReadAction\",\"target\":[\"https:\\\/\\\/visionarymarketing.com\\\/fr\\\/2024\\\/10\\\/16\\\/digital-natives-nexistent-pas\\\/\"]}]},{\"@type\":\"ImageObject\",\"inLanguage\":\"fr-FR\",\"@id\":\"https:\\\/\\\/visionarymarketing.com\\\/fr\\\/2024\\\/10\\\/16\\\/digital-natives-nexistent-pas\\\/#primaryimage\",\"url\":\"https:\\\/\\\/visionarymarketing.com\\\/wp-content\\\/uploads\\\/2023\\\/01\\\/ygourven-arty-and-elegant-rendering-of-a-crowd-of-youngsters-lo-f40a6fec-d77e-4e37-b195-8a7b4d3b4795.jpg\",\"contentUrl\":\"https:\\\/\\\/visionarymarketing.com\\\/wp-content\\\/uploads\\\/2023\\\/01\\\/ygourven-arty-and-elegant-rendering-of-a-crowd-of-youngsters-lo-f40a6fec-d77e-4e37-b195-8a7b4d3b4795.jpg\",\"width\":1200,\"height\":673,\"caption\":\"Une \u00e9tude montre que les digital natives n'existent pas - Midjourney a une vision plut\u00f4t dystopique des natifs du num\u00e9rique qui est loin de la r\u00e9alit\u00e9. On a eu chaud...\"},{\"@type\":\"BreadcrumbList\",\"@id\":\"https:\\\/\\\/visionarymarketing.com\\\/fr\\\/2024\\\/10\\\/16\\\/digital-natives-nexistent-pas\\\/#breadcrumb\",\"itemListElement\":[{\"@type\":\"ListItem\",\"position\":1,\"name\":\"Home\",\"item\":\"https:\\\/\\\/visionarymarketing.com\\\/fr\\\/\"},{\"@type\":\"ListItem\",\"position\":2,\"name\":\"Une \u00e9tude d\u00e9montre que les &#8220;digital natives&#8221; n&#8217;existent pas\"}]},{\"@type\":\"WebSite\",\"@id\":\"https:\\\/\\\/visionarymarketing.com\\\/fr\\\/#website\",\"url\":\"https:\\\/\\\/visionarymarketing.com\\\/fr\\\/\",\"name\":\"Marketing and Innovation\",\"description\":\"Site d&#039;infos ind\u00e9pendant, depuis 1996\",\"potentialAction\":[{\"@type\":\"SearchAction\",\"target\":{\"@type\":\"EntryPoint\",\"urlTemplate\":\"https:\\\/\\\/visionarymarketing.com\\\/fr\\\/?s={search_term_string}\"},\"query-input\":{\"@type\":\"PropertyValueSpecification\",\"valueRequired\":true,\"valueName\":\"search_term_string\"}}],\"inLanguage\":\"fr-FR\"},{\"@type\":\"Person\",\"@id\":\"https:\\\/\\\/visionarymarketing.com\\\/fr\\\/#\\\/schema\\\/person\\\/3754fee1e558f47b8deb46f53c37423e\",\"name\":\"Yann Gourvennec\",\"image\":{\"@type\":\"ImageObject\",\"inLanguage\":\"fr-FR\",\"@id\":\"https:\\\/\\\/secure.gravatar.com\\\/avatar\\\/5972001801e8de5692a3e31224e85769f50a55fb8b679749f9c8d1868cceff14?s=96&d=initials&r=g&initials=yg\",\"url\":\"https:\\\/\\\/secure.gravatar.com\\\/avatar\\\/5972001801e8de5692a3e31224e85769f50a55fb8b679749f9c8d1868cceff14?s=96&d=initials&r=g&initials=yg\",\"contentUrl\":\"https:\\\/\\\/secure.gravatar.com\\\/avatar\\\/5972001801e8de5692a3e31224e85769f50a55fb8b679749f9c8d1868cceff14?s=96&d=initials&r=g&initials=yg\",\"caption\":\"Yann Gourvennec\"},\"description\":\"Yann Gourvennec created visionarymarketing.com in 1996. He is a speaker and author of many books. In 2014 he went from intrapreneur to entrepreneur, when he created his digital marketing agency. Yann Gourvennec a cr\u00e9\u00e9 visionarymarketing.com en 1996. Il est conf\u00e9rencier et auteur de plusieurs livres. En 2014, il est pass\u00e9 d'intrapreneur \u00e0 entrepreneur en cr\u00e9ant son agence de marketing num\u00e9rique.\",\"sameAs\":[\"https:\\\/\\\/visionarymarketing.com\",\"http:\\\/\\\/facebook.com\\\/ygourven\",\"http:\\\/\\\/linkedin.com\\\/in\\\/ygourven\",\"https:\\\/\\\/x.com\\\/ygourven\",\"https:\\\/\\\/www.youtube.com\\\/c\\\/visionarymarketingagency\"],\"url\":\"https:\\\/\\\/visionarymarketing.com\\\/fr\\\/author\\\/yann-gourvennec\\\/\"}]}<\/script>\n<!-- \/ Yoast SEO plugin. -->","yoast_head_json":{"title":"Etude digital natives : le terme \"digital natives\" est fallacieux","description":"Une \u00e9tude a d\u00e9montr\u00e9 que les \"digital natives\" n'existent pas : les digital natives, les g\u00e9n\u00e9rations X, Y, Z sont un th\u00e8me r\u00e9current du Web","robots":{"index":"index","follow":"follow","max-snippet":"max-snippet:-1","max-image-preview":"max-image-preview:large","max-video-preview":"max-video-preview:-1"},"canonical":"https:\/\/visionarymarketing.com\/fr\/2024\/10\/16\/digital-natives-nexistent-pas\/","og_locale":"fr_FR","og_type":"article","og_title":"Etude digital natives : le terme \"digital natives\" est fallacieux","og_description":"Une \u00e9tude a d\u00e9montr\u00e9 que les \"digital natives\" n'existent pas : les digital natives, les g\u00e9n\u00e9rations X, Y, Z sont un th\u00e8me r\u00e9current du Web","og_url":"https:\/\/visionarymarketing.com\/fr\/2024\/10\/16\/digital-natives-nexistent-pas\/","og_site_name":"Marketing and Innovation","article_publisher":"https:\/\/www.facebook.com\/vismktg","article_author":"http:\/\/facebook.com\/ygourven","article_published_time":"2024-10-16T09:25:22+00:00","article_modified_time":"2025-02-10T17:28:04+00:00","og_image":[{"width":1200,"height":673,"url":"https:\/\/visionarymarketing.com\/wp-content\/uploads\/2023\/01\/ygourven-arty-and-elegant-rendering-of-a-crowd-of-youngsters-lo-f40a6fec-d77e-4e37-b195-8a7b4d3b4795.jpg","type":"image\/jpeg"}],"author":"Yann Gourvennec","twitter_card":"summary_large_image","twitter_creator":"@ygourven","twitter_site":"@ygourven","twitter_misc":{"\u00c9crit par":"Yann Gourvennec","Dur\u00e9e de lecture estim\u00e9e":"6 minutes"},"schema":{"@context":"https:\/\/schema.org","@graph":[{"@type":"NewsArticle","@id":"https:\/\/visionarymarketing.com\/fr\/2024\/10\/16\/digital-natives-nexistent-pas\/#article","isPartOf":{"@id":"https:\/\/visionarymarketing.com\/fr\/2024\/10\/16\/digital-natives-nexistent-pas\/"},"author":{"name":"Yann Gourvennec","@id":"https:\/\/visionarymarketing.com\/fr\/#\/schema\/person\/3754fee1e558f47b8deb46f53c37423e"},"headline":"Une \u00e9tude d\u00e9montre que les \u00ab\u00a0digital natives\u00a0\u00bb n&rsquo;existent pas","datePublished":"2024-10-16T09:25:22+00:00","dateModified":"2025-02-10T17:28:04+00:00","mainEntityOfPage":{"@id":"https:\/\/visionarymarketing.com\/fr\/2024\/10\/16\/digital-natives-nexistent-pas\/"},"wordCount":1318,"image":{"@id":"https:\/\/visionarymarketing.com\/fr\/2024\/10\/16\/digital-natives-nexistent-pas\/#primaryimage"},"thumbnailUrl":"https:\/\/visionarymarketing.com\/wp-content\/uploads\/2023\/01\/ygourven-arty-and-elegant-rendering-of-a-crowd-of-youngsters-lo-f40a6fec-d77e-4e37-b195-8a7b4d3b4795.jpg","articleSection":["marketing digital"],"inLanguage":"fr-FR"},{"@type":"WebPage","@id":"https:\/\/visionarymarketing.com\/fr\/2024\/10\/16\/digital-natives-nexistent-pas\/","url":"https:\/\/visionarymarketing.com\/fr\/2024\/10\/16\/digital-natives-nexistent-pas\/","name":"Etude digital natives : le terme \"digital natives\" est fallacieux","isPartOf":{"@id":"https:\/\/visionarymarketing.com\/fr\/#website"},"primaryImageOfPage":{"@id":"https:\/\/visionarymarketing.com\/fr\/2024\/10\/16\/digital-natives-nexistent-pas\/#primaryimage"},"image":{"@id":"https:\/\/visionarymarketing.com\/fr\/2024\/10\/16\/digital-natives-nexistent-pas\/#primaryimage"},"thumbnailUrl":"https:\/\/visionarymarketing.com\/wp-content\/uploads\/2023\/01\/ygourven-arty-and-elegant-rendering-of-a-crowd-of-youngsters-lo-f40a6fec-d77e-4e37-b195-8a7b4d3b4795.jpg","datePublished":"2024-10-16T09:25:22+00:00","dateModified":"2025-02-10T17:28:04+00:00","author":{"@id":"https:\/\/visionarymarketing.com\/fr\/#\/schema\/person\/3754fee1e558f47b8deb46f53c37423e"},"description":"Une \u00e9tude a d\u00e9montr\u00e9 que les \"digital natives\" n'existent pas : les digital natives, les g\u00e9n\u00e9rations X, Y, Z sont un th\u00e8me r\u00e9current du Web","breadcrumb":{"@id":"https:\/\/visionarymarketing.com\/fr\/2024\/10\/16\/digital-natives-nexistent-pas\/#breadcrumb"},"inLanguage":"fr-FR","potentialAction":[{"@type":"ReadAction","target":["https:\/\/visionarymarketing.com\/fr\/2024\/10\/16\/digital-natives-nexistent-pas\/"]}]},{"@type":"ImageObject","inLanguage":"fr-FR","@id":"https:\/\/visionarymarketing.com\/fr\/2024\/10\/16\/digital-natives-nexistent-pas\/#primaryimage","url":"https:\/\/visionarymarketing.com\/wp-content\/uploads\/2023\/01\/ygourven-arty-and-elegant-rendering-of-a-crowd-of-youngsters-lo-f40a6fec-d77e-4e37-b195-8a7b4d3b4795.jpg","contentUrl":"https:\/\/visionarymarketing.com\/wp-content\/uploads\/2023\/01\/ygourven-arty-and-elegant-rendering-of-a-crowd-of-youngsters-lo-f40a6fec-d77e-4e37-b195-8a7b4d3b4795.jpg","width":1200,"height":673,"caption":"Une \u00e9tude montre que les digital natives n'existent pas - Midjourney a une vision plut\u00f4t dystopique des natifs du num\u00e9rique qui est loin de la r\u00e9alit\u00e9. On a eu chaud..."},{"@type":"BreadcrumbList","@id":"https:\/\/visionarymarketing.com\/fr\/2024\/10\/16\/digital-natives-nexistent-pas\/#breadcrumb","itemListElement":[{"@type":"ListItem","position":1,"name":"Home","item":"https:\/\/visionarymarketing.com\/fr\/"},{"@type":"ListItem","position":2,"name":"Une \u00e9tude d\u00e9montre que les &#8220;digital natives&#8221; n&#8217;existent pas"}]},{"@type":"WebSite","@id":"https:\/\/visionarymarketing.com\/fr\/#website","url":"https:\/\/visionarymarketing.com\/fr\/","name":"Marketing and Innovation","description":"Site d&#039;infos ind\u00e9pendant, depuis 1996","potentialAction":[{"@type":"SearchAction","target":{"@type":"EntryPoint","urlTemplate":"https:\/\/visionarymarketing.com\/fr\/?s={search_term_string}"},"query-input":{"@type":"PropertyValueSpecification","valueRequired":true,"valueName":"search_term_string"}}],"inLanguage":"fr-FR"},{"@type":"Person","@id":"https:\/\/visionarymarketing.com\/fr\/#\/schema\/person\/3754fee1e558f47b8deb46f53c37423e","name":"Yann Gourvennec","image":{"@type":"ImageObject","inLanguage":"fr-FR","@id":"https:\/\/secure.gravatar.com\/avatar\/5972001801e8de5692a3e31224e85769f50a55fb8b679749f9c8d1868cceff14?s=96&d=initials&r=g&initials=yg","url":"https:\/\/secure.gravatar.com\/avatar\/5972001801e8de5692a3e31224e85769f50a55fb8b679749f9c8d1868cceff14?s=96&d=initials&r=g&initials=yg","contentUrl":"https:\/\/secure.gravatar.com\/avatar\/5972001801e8de5692a3e31224e85769f50a55fb8b679749f9c8d1868cceff14?s=96&d=initials&r=g&initials=yg","caption":"Yann Gourvennec"},"description":"Yann Gourvennec created visionarymarketing.com in 1996. He is a speaker and author of many books. In 2014 he went from intrapreneur to entrepreneur, when he created his digital marketing agency. Yann Gourvennec a cr\u00e9\u00e9 visionarymarketing.com en 1996. Il est conf\u00e9rencier et auteur de plusieurs livres. En 2014, il est pass\u00e9 d'intrapreneur \u00e0 entrepreneur en cr\u00e9ant son agence de marketing num\u00e9rique.","sameAs":["https:\/\/visionarymarketing.com","http:\/\/facebook.com\/ygourven","http:\/\/linkedin.com\/in\/ygourven","https:\/\/x.com\/ygourven","https:\/\/www.youtube.com\/c\/visionarymarketingagency"],"url":"https:\/\/visionarymarketing.com\/fr\/author\/yann-gourvennec\/"}]}},"_links":{"self":[{"href":"https:\/\/visionarymarketing.com\/fr\/wp-json\/wp\/v2\/posts\/73680","targetHints":{"allow":["GET"]}}],"collection":[{"href":"https:\/\/visionarymarketing.com\/fr\/wp-json\/wp\/v2\/posts"}],"about":[{"href":"https:\/\/visionarymarketing.com\/fr\/wp-json\/wp\/v2\/types\/post"}],"author":[{"embeddable":true,"href":"https:\/\/visionarymarketing.com\/fr\/wp-json\/wp\/v2\/users\/2"}],"replies":[{"embeddable":true,"href":"https:\/\/visionarymarketing.com\/fr\/wp-json\/wp\/v2\/comments?post=73680"}],"version-history":[{"count":0,"href":"https:\/\/visionarymarketing.com\/fr\/wp-json\/wp\/v2\/posts\/73680\/revisions"}],"wp:featuredmedia":[{"embeddable":true,"href":"https:\/\/visionarymarketing.com\/fr\/wp-json\/wp\/v2\/media\/81602"}],"wp:attachment":[{"href":"https:\/\/visionarymarketing.com\/fr\/wp-json\/wp\/v2\/media?parent=73680"}],"wp:term":[{"taxonomy":"category","embeddable":true,"href":"https:\/\/visionarymarketing.com\/fr\/wp-json\/wp\/v2\/categories?post=73680"},{"taxonomy":"post_tag","embeddable":true,"href":"https:\/\/visionarymarketing.com\/fr\/wp-json\/wp\/v2\/tags?post=73680"}],"curies":[{"name":"wp","href":"https:\/\/api.w.org\/{rel}","templated":true}]}}