{"id":72433,"date":"2022-11-24T09:00:16","date_gmt":"2022-11-24T08:00:16","guid":{"rendered":"https:\/\/visionarymarketing.com\/?p=72433"},"modified":"2025-01-28T06:41:13","modified_gmt":"2025-01-28T05:41:13","slug":"sobriete-numerique","status":"publish","type":"post","link":"https:\/\/visionarymarketing.com\/fr\/2022\/11\/24\/sobriete-numerique\/","title":{"rendered":"Choisir la sobri\u00e9t\u00e9 num\u00e9rique plut\u00f4t que la subir"},"content":{"rendered":"<p><em>La sobri\u00e9t\u00e9 num\u00e9rique \u00e9tait parmi les sujets trait\u00e9s le 16 novembre dernier lors de la soir\u00e9e de pr\u00e9sentation de la <strong>12\u00e8me \u00e9dition du Panorama Top 250 des \u00e9diteurs de logiciels fran\u00e7ais<\/strong>, pr\u00e9sent\u00e9e par <a href=\"https:\/\/numeum.fr\/\" target=\"_blank\" rel=\"noopener\">Numeum<\/a> et <a href=\"https:\/\/www.ey.com\/fr_fr\/services-aux-entrepreneurs\/top-250-editeurs-logiciels-francais\" target=\"_blank\" rel=\"noopener\">EY<\/a>, qui a rassembl\u00e9 plus de 300 personnes. La conf\u00e9rence, anim\u00e9e par <a href=\"https:\/\/www.linkedin.com\/in\/fsimottel\/\" target=\"_blank\" rel=\"noopener\">Fr\u00e9d\u00e9ric Simottel<\/a>, a commenc\u00e9 par la pr\u00e9sentation des r\u00e9sultats de ce panorama, dont vous pouvez voir les principaux chiffres et que vous pouvez t\u00e9l\u00e9charger\u00a0<a href=\"https:\/\/numeum.fr\/actu-informatique\/12eme-edition-du-panorama-top-250-des-editeurs-de-logiciels-francais\" target=\"_blank\" rel=\"noopener\">ici<\/a>. Puis\u00a0<a href=\"https:\/\/www.linkedin.com\/in\/fabricebonnifet\/\" target=\"_blank\" rel=\"noopener\">Fabrice Bonnifet<\/a>, Directeur du D\u00e9veloppement durable et QSE du Groupe Bouygues, Pr\u00e9sident du C3D et administrateur de The Shift Project, et invit\u00e9 d&rsquo;honneur de cet \u00e9v\u00e9nement, a fait une intervention particuli\u00e8rement int\u00e9ressante. Sans langue de bois, il encourage \u00e0 regarder la v\u00e9rit\u00e9 en face, et \u00e0 <strong>choisir la sobri\u00e9t\u00e9 num\u00e9rique plut\u00f4t que la subir<\/strong>. Je reprends dans cet article les grandes lignes de son intervention, puis quelques extraits des t\u00e9moignages recueillis lors de la table-ronde qui a suivi, dont le sujet \u00e9tait : \u00ab\u00a0<strong>Comment faire de la RSE un acc\u00e9l\u00e9rateur de croissance ?*\u00a0\u00bb<\/strong> La conf\u00e9rence s&rsquo;est termin\u00e9e avec des\u00a0informations relatives \u00e0 la <strong>nouvelle directive de la Commission Europ\u00e9enne pour le reporting RSE<\/strong>.<\/em><\/p>\n<p>[*Addendum 30\/11\/22 NDLR : Suite \u00e0 divers \u00e9changes sur Twitter je tiens \u00e0 pr\u00e9ciser qu&rsquo;il s&rsquo;agit du titre de la table ronde et non de mon affirmation. Mon intention dans cet article est simplement de faire un compte-rendu et non de donner un point de vue d&rsquo;experte que je ne suis pas]<\/p>\n<h2>Choisir la sobri\u00e9t\u00e9 num\u00e9rique plut\u00f4t que la subir<\/h2>\n<figure id=\"attachment_72577\" aria-describedby=\"caption-attachment-72577\" style=\"width: 1280px\" class=\"wp-caption aligncenter\"><img decoding=\"async\" class=\"wp-image-72577 size-full\" src=\"https:\/\/visionarymarketing.com\/wp-content\/uploads\/2022\/11\/ciel.jpg\" alt=\"sobri\u00e9t\u00e9 num\u00e9rique\" width=\"1280\" height=\"853\" srcset=\"https:\/\/visionarymarketing.com\/wp-content\/uploads\/2022\/11\/ciel.jpg 1280w, https:\/\/visionarymarketing.com\/wp-content\/uploads\/2022\/11\/ciel-450x300.jpg 450w, https:\/\/visionarymarketing.com\/wp-content\/uploads\/2022\/11\/ciel-1024x682.jpg 1024w, https:\/\/visionarymarketing.com\/wp-content\/uploads\/2022\/11\/ciel-768x512.jpg 768w\" sizes=\"(max-width: 1280px) 100vw, 1280px\" \/><figcaption id=\"caption-attachment-72577\" class=\"wp-caption-text\">Choisir la sobri\u00e9t\u00e9 num\u00e9rique plut\u00f4t que la subir<\/figcaption><\/figure>\n<h3>Il n&rsquo;y aura pas de retour en arri\u00e8re pour le climat<\/h3>\n<p>\u00ab\u00a0Nous devons \u00eatre conscients que m\u00eame si nous arr\u00eations d&rsquo;\u00e9mettre du CO2 aujourd&rsquo;hui, le climat d\u00e9riverait encore pendant 20 ans avant, \u00e9ventuellement, de se stabiliser\u00a0\u00bb, explique Fabrice Bonnifet.<\/p>\n<p><!--more--><\/p>\n<figure id=\"attachment_72618\" aria-describedby=\"caption-attachment-72618\" style=\"width: 1024px\" class=\"wp-caption aligncenter\"><img decoding=\"async\" class=\"wp-image-72618 size-large\" src=\"https:\/\/visionarymarketing.com\/wp-content\/uploads\/2022\/11\/jumpstory-download20221123-210444-1024x819.jpg\" alt=\"sobri\u00e9t\u00e9 num\u00e9rique\" width=\"1024\" height=\"819\" \/><figcaption id=\"caption-attachment-72618\" class=\"wp-caption-text\">Empreinte carbone : l&rsquo;objectif est de faire z\u00e9ro \u00e9mission de CO2 en 2050<\/figcaption><\/figure>\n<blockquote class=\"quote-light\"><p>Le climat d&rsquo;aujourd&rsquo;hui est perdu pour toujours. En 2030, un \u00e9t\u00e9 similaire \u00e0 celui de 2022 sera consid\u00e9r\u00e9 comme un \u00e9t\u00e9 frais !<\/p><\/blockquote>\n<p>L&rsquo;objectif est de faire <strong>z\u00e9ro \u00e9mission de CO2 en 2050<\/strong>, dans seulement 28 ans.<\/p>\n<p>\u00ab\u00a0Il faut tout d&rsquo;abord <strong>se donner des seuils<\/strong> \u00e0 ne pas d\u00e9passer en consommation \u00e9nerg\u00e9tique. Ensuite, il faut travailler avec notre intelligence \u00e0 la mise en place de <strong>d\u00e9marches d&rsquo;am\u00e9lioration continues<\/strong> pour progresser, par rapport \u00e0 des seuils qu&rsquo;on refuse de d\u00e9passer\u00a0\u00bb, explique-t-il.<\/p>\n<h3>Sobri\u00e9t\u00e9 num\u00e9rique : 3 choses \u00e0 faire<\/h3>\n<ul>\n<li>La premi\u00e8re question \u00e0 se poser, poursuit-il, est celle de <strong>l&rsquo;utilit\u00e9<\/strong> des logiciels, des applications, de tout ce qui est produit et utilis\u00e9. Est-ce vraiment utile au bien commun ? Est-ce important ? Faut-il continuer de le faire ?<\/li>\n<li>Ensuite, il faut <strong>allonger la dur\u00e9e de vie des terminaux<\/strong>. Dans un smartphone, l&#8217;empreinte carbone n&rsquo;est pas l&rsquo;utilisation, mais la fabrication.<\/li>\n<\/ul>\n<blockquote class=\"quote-light\"><p>Les fabricants doivent revoir leur fa\u00e7on de faire, avec l&rsquo;obsolescence programm\u00e9e, y compris dans le logiciel<\/p><\/blockquote>\n<ul>\n<li>Enfin, les \u00e9diteurs de logiciels doivent <strong>aider leurs clients \u00e0 d\u00e9carbonner<\/strong> leurs mod\u00e8les \u00e9conomiques.<\/li>\n<\/ul>\n<h3>Deux ouvrages pour accompagner les entreprises vers la sobri\u00e9t\u00e9 num\u00e9rique<\/h3>\n<p><img decoding=\"async\" class=\"wp-image-72605 size-medium alignleft\" src=\"https:\/\/visionarymarketing.com\/wp-content\/uploads\/2022\/11\/entreprise-contributive-195x300.jpeg\" alt=\"sobri\u00e9t\u00e9 num\u00e9rique - entreprise contributive\" width=\"195\" height=\"300\" srcset=\"https:\/\/visionarymarketing.com\/wp-content\/uploads\/2022\/11\/entreprise-contributive-195x300.jpeg 195w, https:\/\/visionarymarketing.com\/wp-content\/uploads\/2022\/11\/entreprise-contributive.jpeg 331w\" sizes=\"(max-width: 195px) 100vw, 195px\" \/>Dans le cadre du <a href=\"https:\/\/www.cddd.fr\/\" target=\"_blank\" rel=\"noopener\">C3D<\/a> (Coll\u00e8ge des Directeurs du D\u00e9veloppement Durable), qui r\u00e9unit plus de 200 directeurs du d\u00e9veloppement durable et de la RSE,\u00a0Fabrice Bonnifet et C\u00e9line Puff Ardichvili ont \u00e9crit <a href=\"https:\/\/www.dunod.com\/entreprise-et-economie\/entreprise-contributive-concilier-monde-affaires-et-limites-planetaires-0\" target=\"_blank\" rel=\"noopener\">L&rsquo;entreprise contributive : concilier monde des affaires et limites plan\u00e9taires.<\/a><\/p>\n<p>Ce livre est le fruit de leur analyse sur le constat que, depuis plusieurs ann\u00e9es, de nombreuses entreprises sortent du mod\u00e8le lin\u00e9aire pour aller vers un mod\u00e8le d&rsquo;\u00e9conomie de la fonctionnalit\u00e9 bas\u00e9 sur l&rsquo;usage.<\/p>\n<p><img decoding=\"async\" class=\"alignright wp-image-72606 size-medium\" src=\"https:\/\/visionarymarketing.com\/wp-content\/uploads\/2022\/11\/ptf-couverture-198x300.jpg\" alt=\"sobri\u00e9t\u00e9 num\u00e9rique - plan de transformation de l'\u00e9conomie fran\u00e7aise\" width=\"198\" height=\"300\" srcset=\"https:\/\/visionarymarketing.com\/wp-content\/uploads\/2022\/11\/ptf-couverture-198x300.jpg 198w, https:\/\/visionarymarketing.com\/wp-content\/uploads\/2022\/11\/ptf-couverture.jpg 527w\" sizes=\"(max-width: 198px) 100vw, 198px\" \/>Le deuxi\u00e8me ouvrage est publi\u00e9 par le\u00a0<a href=\"https:\/\/theshiftproject.org\/\" target=\"_blank\" rel=\"noopener\">Shift Project<\/a>. Il s&rsquo;agit du\u00a0<a href=\"https:\/\/ilnousfautunplan.fr\/\" target=\"_blank\" rel=\"noopener\">PTF<\/a>\u00a0(Plan de transformation de l&rsquo;\u00e9conomie fran\u00e7aise), un guide pour aider les d\u00e9cideurs publics \u00e0 savoir quoi faire dans diff\u00e9rents secteurs comme l&rsquo;automobile, l&rsquo;IT, le b\u00e2timent, etc., pour mettre la France dans une trajectoire de d\u00e9carbonation bas\u00e9e sur la science cr\u00e9dible.<\/p>\n<p>Le PTF incite \u00e0 faire preuve de lucidit\u00e9 sur le fait qu&rsquo;on ne pourra pas cro\u00eetre \u00e0 l&rsquo;infini avec des ressources qui sont finies.<\/p>\n<blockquote class=\"quote-light\"><p>Lucidit\u00e9 ne veut pas dire abandon de confort mat\u00e9riel. Lucidit\u00e9 veut dire faire preuve de courage, pour regarder r\u00e9ellement les choses en face, et surtout le temps qu&rsquo;il nous reste pour agir : tr\u00e8s peu de temps<\/p><\/blockquote>\n<h3>Modifier les modes de consommation des citoyens et r\u00e9inventer le narratif du vivre ensemble sans carbone<\/h3>\n<p>\u00ab\u00a0Il va falloir <strong>rendre d\u00e9sirable un monde d\u00e9carbon\u00e9<\/strong> dans lequel nous irons moins vite et consommerons moins\u00a0\u00bb, explique-t-il.<\/p>\n<p>Afin que cela n&rsquo;apparaisse pas comme une punition, nous devons <strong>inventer de nouveaux mod\u00e8les<\/strong>, de nouveaux modes de vie, o\u00f9 nous irons moins loin en vacances, o\u00f9 nous ach\u00e8terons moins de produits \u00e9lectroniques.<\/p>\n<p>L&rsquo;industrie textile plan\u00e9taire par exemple est pass\u00e9e de 7,5 milliards de pi\u00e8ces fabriqu\u00e9es en 1991 \u00e0 100 milliards de pi\u00e8ces en 2022 !<\/p>\n<p>En ai-je vraiment besoin ? <strong>La sobri\u00e9t\u00e9 c&rsquo;est faire preuve de lucidit\u00e9<\/strong>. Il faut chasser le superficiel.<\/p>\n<blockquote class=\"quote-light\"><p>Nous devons r\u00e9duire d&rsquo;une fa\u00e7on ou d&rsquo;une autre notre consommation tout en essayant de continuer de bien vivre. Et ce n&rsquo;est pas impossible<\/p><\/blockquote>\n<blockquote class=\"twitter-tweet\">\n<p dir=\"ltr\" lang=\"fr\">\u00ab\u00a02050, ouvrons les yeux\u00a0\u00bb: comment le <a href=\"https:\/\/twitter.com\/hashtag\/r%C3%A9chauffementclimatique?src=hash&amp;ref_src=twsrc%5Etfw\">#r\u00e9chauffementclimatique<\/a> va bouleverser nos vies&#8230;en mieux<br \/>\nSuper \u00e9mission de <a href=\"https:\/\/twitter.com\/BFMTV?ref_src=twsrc%5Etfw\">@BFMTV<\/a>, positive, concr\u00e8te, p\u00e9dagogique<br \/>\nFranchement \u00e7a fait envie.<br \/>\nMerci <a href=\"https:\/\/twitter.com\/Bruce_Toussaint?ref_src=twsrc%5Etfw\">@Bruce_Toussaint<\/a> <a href=\"https:\/\/t.co\/bHCxpN2aew\">https:\/\/t.co\/bHCxpN2aew<\/a> via <a href=\"https:\/\/twitter.com\/BFMTV?ref_src=twsrc%5Etfw\">@BFMTV<\/a><\/p>\n<p>\u2014 Fabrice Bonnifet (@FBonnifet) <a href=\"https:\/\/twitter.com\/FBonnifet\/status\/1593704033193267200?ref_src=twsrc%5Etfw\">November 18, 2022<\/a><\/p><\/blockquote>\n<p><script async src=\"https:\/\/platform.twitter.com\/widgets.js\" charset=\"utf-8\"><\/script><\/p>\n<h3>Comment faire de la RSE un acc\u00e9l\u00e9rateur de croissance ?<\/h3>\n<p>Cette question \u00e9tait le sujet de la table-ronde organis\u00e9e lors de cette soir\u00e9e Top 250, qui a r\u00e9uni :<\/p>\n<ul>\n<li><a href=\"https:\/\/www.linkedin.com\/in\/frederic-papon-719395154\/\" target=\"_blank\" rel=\"noopener\">Fr\u00e9d\u00e9ric Papon<\/a>, associ\u00e9 du d\u00e9partement Climate Change and Sustainability, EY<\/li>\n<li><a href=\"https:\/\/www.linkedin.com\/in\/caroline-comet-fraigneau-b059526\/\" target=\"_blank\" rel=\"noopener\">Caroline Comet-Fraigneau<\/a>, VP France &amp; Benelux &amp; Africa, OVHcloud<\/li>\n<li><a href=\"https:\/\/www.linkedin.com\/in\/fabrice-morel-a63506\/\" target=\"_blank\" rel=\"noopener\">Fabrice Morel<\/a>, Directeur D\u00e9l\u00e9gu\u00e9 Strat\u00e9gie Achats, SNCF<\/li>\n<li><a href=\"https:\/\/www.linkedin.com\/in\/laurencemedioni\/\" target=\"_blank\" rel=\"noopener\">Laurence Medioni<\/a>, Directrice RSE &amp; Transformation, Ubitransport<\/li>\n<\/ul>\n<figure id=\"attachment_73024\" aria-describedby=\"caption-attachment-73024\" style=\"width: 650px\" class=\"wp-caption aligncenter\"><img decoding=\"async\" class=\"wp-image-73024 size-full\" src=\"https:\/\/visionarymarketing.com\/wp-content\/uploads\/2022\/12\/top250-tableronde.jpg\" alt=\"Table-ronde organis\u00e9e lors de la soir\u00e9e Top 250 le 16 novembre 2022 par Numeum : Comment faire de la RSE un acc\u00e9l\u00e9rateur de croissance ?\" width=\"650\" height=\"488\" srcset=\"https:\/\/visionarymarketing.com\/wp-content\/uploads\/2022\/12\/top250-tableronde.jpg 650w, https:\/\/visionarymarketing.com\/wp-content\/uploads\/2022\/12\/top250-tableronde-400x300.jpg 400w\" sizes=\"(max-width: 650px) 100vw, 650px\" \/><figcaption id=\"caption-attachment-73024\" class=\"wp-caption-text\">Table-ronde organis\u00e9e lors de la soir\u00e9e Top 250 le 16 novembre 2022 par Numeum : Comment faire de la RSE un acc\u00e9l\u00e9rateur de croissance ?<\/figcaption><\/figure>\n<h4><strong>Sur quelles bases, sur quelles normes, sur quels r\u00e9f\u00e9rentiels partir pour r\u00e9duire son empreinte carbone\u00a0?<\/strong><\/h4>\n<p>Le r\u00e9f\u00e9rentiel qui s&rsquo;est impos\u00e9 depuis plusieurs ann\u00e9es est le <a href=\"https:\/\/sciencebasedtargets.org\/\">SBTI (Science Based Targets)<\/a>, explique Fr\u00e9d\u00e9ric Papon.<\/p>\n<blockquote class=\"quote-light\"><p>Le SBTI est un r\u00e9f\u00e9rentiel que vous pouvez consid\u00e9rer pour vous doter d&rsquo;une ambition de r\u00e9duction de votre empreinte carbone<\/p><\/blockquote>\n<p>Les points importants sont\u00a0:<\/p>\n<ul>\n<li>Un point de d\u00e9part suffisamment clair et ambitieux en termes de p\u00e9rim\u00e8tre<\/li>\n<li>Un niveau d&rsquo;ambition qui doit, dans la mesure du possible, aller vers un alignement vers les accords de Paris<\/li>\n<li>La communication pour donner de la visibilit\u00e9 \u00e0 la d\u00e9marche, et apporter du positionnement en interne.<\/li>\n<\/ul>\n<p>Les salari\u00e9s ont de plus en plus d&rsquo;attentes sur l&rsquo;<strong>exemplarit\u00e9 de l&rsquo;entreprise pour laquelle ils travaillent<\/strong>.<\/p>\n<p>Les entreprises doivent communiquer en interne pour expliquer la d\u00e9marche.<\/p>\n<p>La communication externe permettra de r\u00e9pondre aux attentes des clients qui se posent des questions sur l&#8217;empreinte carbone des produits ou services.<\/p>\n<p>\u00ab\u00a0Elle permettra aussi d\u2019anticiper les questions de vos clients qui arriveront certainement dans les ann\u00e9es \u00e0 venir, pour pouvoir r\u00e9pondre aux appels d&rsquo;offres en apportant les \u00e9l\u00e9ments de votre d\u00e9marche\u00a0\u00bb, souligne Fr\u00e9d\u00e9ric Papon.<\/p>\n<p>Cela motivera les salari\u00e9s. Des initiatives comme <a href=\"https:\/\/fresqueduclimat.org\/projet\/\">La fresque du climat<\/a>\u00a0permettent une mont\u00e9e en comp\u00e9tence collective, avec diff\u00e9rents niveaux dans la hi\u00e9rarchie, d&rsquo;un ensemble d&#8217;employ\u00e9s sur ces questions.<\/p>\n<p>\u00ab\u00a0L&rsquo;exp\u00e9rimenter ensemble cr\u00e9e l&rsquo;\u00e9motion, soude, et permet de faire bouger les lignes sur ces sujets\u00a0\u00bb, pr\u00e9cise-t-il.<\/p>\n<p><iframe title=\"Pr\u00e9sentation de l&#039;atelier la Fresque du Climat\" width=\"500\" height=\"281\" src=\"https:\/\/www.youtube.com\/embed\/HK4pRFnv2UY?feature=oembed\" frameborder=\"0\" allow=\"accelerometer; autoplay; clipboard-write; encrypted-media; gyroscope; picture-in-picture; web-share\" referrerpolicy=\"strict-origin-when-cross-origin\" allowfullscreen><\/iframe><\/p>\n<h4><strong>Extrait du t\u00e9moignage de la SNCF<\/strong><\/h4>\n<p>\u00ab\u00a0Depuis plusieurs ann\u00e9es, la SNCF a pris le parti d&rsquo;utiliser la contrainte des <strong>notations d&rsquo;appel d&rsquo;offres<\/strong> pour isoler la RSE au sein des notations\u00a0\u00bb, explique Fabrice Morel.<\/p>\n<p>A c\u00f4t\u00e9 des crit\u00e8res techniques et financiers, la SNCF r\u00e9serve syst\u00e9matiquement 20\u00a0% de la notation \u00e0 des crit\u00e8res RSE de tous types.<\/p>\n<p>\u00ab\u00a0Ce qui nous permet d&rsquo;abord d&rsquo;\u00eatre certains que les dimensions RSE sont prises en compte dans l&rsquo;objet du march\u00e9. Mais c&rsquo;est en plus un puissant vecteur de changement culturel \u00e0 l&rsquo;int\u00e9rieur de l&rsquo;entreprise. Cela oblige les populations achats et les donneurs d&rsquo;ordres en interne \u00e0 r\u00e9fl\u00e9chir ensemble sur ces sujets, et comment mettre en place des crit\u00e8res RSE diff\u00e9renciants \u00e0 l&rsquo;int\u00e9rieur d&rsquo;une consultation\u00a0\u00bb, souligne Fabrice Morel.<\/p>\n<p><em>Pour plus d&rsquo;informations, <a href=\"https:\/\/www.sncf.com\/fr\/engagements\/developpement-durable\" target=\"_blank\" rel=\"noopener\">la SNCF d\u00e9taille ici ses\u00a0engagements au service de la sobri\u00e9t\u00e9 \u00e9nerg\u00e9tique<\/a>.<\/em><\/p>\n<h4><strong>Extrait du t\u00e9moignage de OVHCloud\u00a0<\/strong><\/h4>\n<p>Caroline Comet-Fraigneau t\u00e9moigne sur la partie refroidissement des serveurs et optimisation de l\u2019usage de l\u2019\u00e9lectricit\u00e9.<\/p>\n<p>\u00ab\u00a0D\u00e8s le d\u00e9part, OVH Cloud a \u00e9t\u00e9 con\u00e7u de mani\u00e8re \u00e0 optimiser l&rsquo;ensemble de ses co\u00fbts, et optimiser son empreinte sur l&rsquo;environnement. La soci\u00e9t\u00e9 construit ses propres serveurs, dans ses deux usines, l&rsquo;une dans le nord de la France et une au Canada, pour couvrir le continent am\u00e9ricain.<\/p>\n<p>Cela nous permet d&rsquo;avoir notre propre <a href=\"https:\/\/corporate.ovhcloud.com\/fr\/newsroom\/news\/immersioncooling-ocp\/\" target=\"_blank\" rel=\"noopener\">technologie de cooling<\/a>, nous faisons du <strong>watercooling<\/strong>, en faisant circuler de l&rsquo;eau en circuit ferm\u00e9. C&rsquo;est un double int\u00e9r\u00eat\u00a0: cela permet de ne pas avoir d&rsquo;air conditionn\u00e9 dans nos datacenters, et aussi d&rsquo;avoir une eau en circuit ferm\u00e9.<\/p>\n<p>Ce mod\u00e8le permet d\u2019utiliser 10 fois moins d\u2019eau qu\u2019une solution traditionnelle de refroidissement\u00a0\u00bb, explique Caroline Comet-Fraigneau.<\/p>\n<p>Elle t\u00e9moigne \u00e9galement sur le fait de construire leurs propres serveurs.\u00a0\u00ab\u00a0Cela nous permet de leur donner une deuxi\u00e8me, une troisi\u00e8me et m\u00eame une quatri\u00e8me vie\u00a0\u00bb.<\/p>\n<p><em>Pour plus d&rsquo;informations, OVH d\u00e9taille <a href=\"https:\/\/corporate.ovhcloud.com\/fr\/sustainability\/environment\/\" target=\"_blank\" rel=\"noopener\">ici la gestion de son impact environnemental<\/a>.<\/em><\/p>\n<h4><strong>Extrait du t<\/strong><strong>\u00e9moignage d&rsquo;Ubitransport<\/strong><\/h4>\n<p>\u00ab\u00a0Nous en sommes \u00e0 la deuxi\u00e8me feuille de route, mise en place \u00e0 partir de 2021 et r\u00e9fl\u00e9chie autour de 5 enjeux : 1 interne et 4 externes\u00a0\u00bb, pr\u00e9cise Laurence Medioni.<\/p>\n<p>L&rsquo;enjeu interne porte sur la gouvernance et la transformation. \u00ab\u00a0Nous r\u00e9fl\u00e9chissons \u00e0 comment structurer, changer les process, accueillir des cultures diff\u00e9rentes d&rsquo;entreprises diff\u00e9rentes dans notre politique d&rsquo;acquisition\u00a0\u00bb, explique-t-elle.<\/p>\n<p>Les 4 enjeux externes viennent en r\u00e9percussion de celui-ci, poursuit-elle :<\/p>\n<ul>\n<li>Le premier est le Climat Num\u00e9rique Environnement\u00a0: comment contribuer pour r\u00e9duire leur propre impact carbone ?<\/li>\n<li>Le deuxi\u00e8me axe\u00a0porte sur les finances responsables\u00a0: comment se pr\u00e9parer pour proposer des KPI adapt\u00e9es aux attentes des investisseurs ?<\/li>\n<li>Le troisi\u00e8me enjeu est l\u2019accessibilit\u00e9 sociale\u00a0: depuis 2021, une trentaine d&rsquo;actions tr\u00e8s vari\u00e9es ont \u00e9t\u00e9 mises en place. Elles vont de la sensibilisation des enjeux en interne, \u00e0 des r\u00e9flexions d&rsquo;\u00e9co-conception du num\u00e9rique responsable, jusqu&rsquo;\u00e0 travailler avec des acteurs locaux.<\/li>\n<\/ul>\n<p><em>En 2022, <a href=\"https:\/\/www.ubitransport.com\/ubitransport-signataire-du-global-compact\/\" target=\"_blank\" rel=\"noopener\">Ubitransport devient signataire du Global Compact, initiative mondialement reconnue et cr\u00e9\u00e9e par l\u2019Organisation des Nations.<\/a><\/em><\/p>\n<h3>La CSRD : nouvelle directive de la Commission Europ\u00e9enne pour le reporting RSE<\/h3>\n<p>Fr\u00e9d\u00e9ric Papon a pr\u00e9sent\u00e9 ensuite la <a href=\"https:\/\/www.cci-paris-idf.fr\/fr\/prospective\/creda\/reporting-extra-financier-directive-CSRD\" target=\"_blank\" rel=\"noopener\">directive CSRD (Corporate Sustainability Reporting Directive)<\/a>, qui remplace \u00e0 partir de 2023 la NFRD actuellement en vigueur. Elle \u00e9tendra l&rsquo;obligation de reporting RSE \u00e0 un plus grand nombre d&rsquo;entreprises.<\/p>\n<figure id=\"attachment_72579\" aria-describedby=\"caption-attachment-72579\" style=\"width: 1280px\" class=\"wp-caption aligncenter\"><img decoding=\"async\" class=\"wp-image-72579 size-full\" src=\"https:\/\/visionarymarketing.com\/wp-content\/uploads\/2022\/11\/drapeaux-europe-1.jpg\" alt=\"sobri\u00e9t\u00e9 num\u00e9rique\" width=\"1280\" height=\"853\" srcset=\"https:\/\/visionarymarketing.com\/wp-content\/uploads\/2022\/11\/drapeaux-europe-1.jpg 1280w, https:\/\/visionarymarketing.com\/wp-content\/uploads\/2022\/11\/drapeaux-europe-1-450x300.jpg 450w, https:\/\/visionarymarketing.com\/wp-content\/uploads\/2022\/11\/drapeaux-europe-1-1024x682.jpg 1024w, https:\/\/visionarymarketing.com\/wp-content\/uploads\/2022\/11\/drapeaux-europe-1-768x512.jpg 768w\" sizes=\"(max-width: 1280px) 100vw, 1280px\" \/><figcaption id=\"caption-attachment-72579\" class=\"wp-caption-text\">Sobri\u00e9t\u00e9 num\u00e9rique : la CSRD, nouvelle directive de la Commission Europ\u00e9enne pour le reporting RSE<\/figcaption><\/figure>\n<p>\u00ab\u00a0En d\u00e9but d&rsquo;\u00e9t\u00e9, environ 140 informations \u00e9taient obligatoires \u00e0 communiquer pour les entreprises cot\u00e9es \u00e0 partir de 2024. Une consultation importante a eu lieu cet \u00e9t\u00e9 impliquant les entreprises, un certain nombre de parties prenantes, et on arrive maintenant \u00e0 environ <strong>80 informations<\/strong> sur le social, l&rsquo;environnement et la gouvernance.<\/p>\n<p>Cela concerne les entreprises cot\u00e9es \u00e0 partir de 2024, et va progressivement concerner les PME, avec une dur\u00e9e de trois ans pour int\u00e9grer compl\u00e8tement cette nouvelle r\u00e9glementation\u00a0\u00bb, explique Fr\u00e9d\u00e9ric Papon. \u00ab\u00a0La commission pousse pour plus de transparence, de pertinence et de coh\u00e9rence sur les informations RSE que les entreprises devront publier\u00a0\u00bb.<\/p>\n<p>L&rsquo;autre \u00e9l\u00e9ment \u00e0 garder en t\u00eate est la <a href=\"https:\/\/www.vie-publique.fr\/questions-reponses\/283166-neutralite-carbone-la-taxonomie-europeenne-en-six-questions\">taxonomie verte europ\u00e9enne,<\/a>\u00a0qui est un outil de classification fournissant \u00e0 tous les acteurs financiers une compr\u00e9hension commune de ce qui est doit \u00eatre consid\u00e9r\u00e9 comme une activit\u00e9 \u00ab verte \u00bb ou \u00ab durable \u00bb.<\/p>\n<p>Elle vient du Green Deal europ\u00e9en et a pour objectif de <strong>fl\u00e9cher des activit\u00e9s identifi\u00e9es comme vertes par le r\u00e9gulateur europ\u00e9en,<\/strong> pour allouer les capitaux vers ces activit\u00e9s \u00e0 travers les investisseurs et les banques.<\/p>\n<p>Les entreprises cot\u00e9es pour l&rsquo;instant, sont tenues de publier leur chiffre d&rsquo;affaires verts, leur CAPEX et leur PROPEX verts, au regard de cette liste d&rsquo;activit\u00e9.<\/p>\n<p>Deux activit\u00e9s sont concern\u00e9es pour le num\u00e9rique\u00a0:<\/p>\n<ul>\n<li><strong>Le Green IT<\/strong>, dont l&rsquo;objectif est de verdir les infrastructures existantes, notamment les datacenters<\/li>\n<li>Et \u00ab\u00a0<strong>l&rsquo;enabling<\/strong>\u00ab\u00a0, c&rsquo;est-\u00e0-dire la contribution des solutions digitales num\u00e9riques \u00e0 la d\u00e9carbonisation de l&rsquo;\u00e9conomie au sens large.<\/li>\n<\/ul>\n<blockquote class=\"quote-light\"><p>La taxonomie verte reconna\u00eet les b\u00e9n\u00e9fices des produits et services li\u00e9s au num\u00e9rique<\/p><\/blockquote>\n<p>\u00ab\u00a0Le sujet est complexe, mais cela va dans le bon sens. La Commission a reconnu la contribution indirecte du num\u00e9rique dans la d\u00e9carbonisation de l&rsquo;\u00e9conomie europ\u00e9enne et a des ambitions tr\u00e8s importantes\u00a0\u00bb, conclut Fr\u00e9d\u00e9ric Papon.<\/p>\n<hr \/>\n<p><em>Le num\u00e9rique serait responsable de 2 % de l\u2019empreinte carbone de la France et consommateur de ressources non renouvelables. La forte augmentation des usages laisse pr\u00e9sager, si rien n&rsquo;est fait pour la limiter, une augmentation de\u00a060 % d\u2019ici \u00e0 2040 soit 6,7 % de l\u2019empreinte carbone nationale (<a href=\"https:\/\/www.arcep.fr\/uploads\/tx_gspublication\/etude-numerique-environnement-ademe-arcep-note-synthese_janv2022.pdf\" target=\"_blank\" rel=\"noopener\">source Ademe Arcep<\/a>). Cette \u00e9tude date de janvier 2022. Mais il y a quelques jours, l\u2019Ademe a lanc\u00e9 un outil permettant de <a href=\"https:\/\/agirpourlatransition.ademe.fr\/particuliers\/bureau\/numerique\/calculez-lempreinte-carbone-usages-numeriques\" target=\"_blank\" rel=\"noopener\">calculer l\u2019empreinte carbone de nos usages num\u00e9riques<\/a>. Celui-ci montre que le poids relatif du num\u00e9rique serait beaucoup moins \u00e9lev\u00e9 que la perception qui nous en a \u00e9t\u00e9 donn\u00e9e ces derni\u00e8res ann\u00e9es.<\/em><\/p>\n<hr \/>\n<p><em>Sur le sujet du D\u00e9veloppement num\u00e9rique durable (= Faire mieux avec moins), nous conseillons \u00e0 nos lecteurs cet article tr\u00e8s complet de Fr\u00e9d\u00e9ric Cavazza :\u00a0<a href=\"https:\/\/fredcavazza.net\/2022\/11\/20\/une-transformation-digitale-vertueuse-a-travers-la-responsabilite-numerique-des-entreprises\/\" target=\"_blank\" rel=\"noopener\">Une transformation digitale vertueuse \u00e0 travers la responsabilit\u00e9 num\u00e9rique des entreprises<\/a><\/em><\/p>\n<hr \/>\n<p style=\"text-align: center;\"><strong>Vid\u00e9o de la table-ronde de la soir\u00e9e Top 250 :<br \/>\nComment faire de la RSE un acc\u00e9l\u00e9rateur de croissance ?<\/strong><\/p>\n<p><iframe title=\"TOP 250_2022_ TABLE RONDE\" width=\"500\" height=\"281\" src=\"https:\/\/www.youtube.com\/embed\/MYU4sni6a4s?feature=oembed\" frameborder=\"0\" allow=\"accelerometer; autoplay; clipboard-write; encrypted-media; gyroscope; picture-in-picture; web-share\" referrerpolicy=\"strict-origin-when-cross-origin\" allowfullscreen><\/iframe><\/p>\n<p>&nbsp;<\/p>\n","protected":false},"excerpt":{"rendered":"<p>La sobri\u00e9t\u00e9 num\u00e9rique \u00e9tait parmi les sujets trait\u00e9s le 16 novembre dernier lors de la soir\u00e9e de pr\u00e9sentation de la 12\u00e8me \u00e9dition du Panorama Top 250 des \u00e9diteurs de logiciels fran\u00e7ais, pr\u00e9sent\u00e9e par Numeum et EY, qui a rassembl\u00e9 plus de 300 personnes. La conf\u00e9rence, anim\u00e9e par Fr\u00e9d\u00e9ric Simottel, a commenc\u00e9 par la pr\u00e9sentation des &hellip;<\/p>\n","protected":false},"author":41,"featured_media":72577,"comment_status":"open","ping_status":"open","sticky":false,"template":"","format":"standard","meta":{"footnotes":""},"categories":[4062,134],"tags":[],"class_list":["post-72433","post","type-post","status-publish","format-standard","has-post-thumbnail","hentry","category-a-la-une","category-economie"],"yoast_head":"<!-- This site is optimized with the Yoast SEO plugin v27.4 - https:\/\/yoast.com\/product\/yoast-seo-wordpress\/ -->\n<title>sobri\u00e9t\u00e9 num\u00e9rique : la choisir plut\u00f4t que la subir<\/title>\n<meta name=\"description\" content=\"sobri\u00e9t\u00e9 num\u00e9rique : regardons la v\u00e9rit\u00e9 en face, et choisissons l\u00e0 plut\u00f4t que la subir. Soir\u00e9e Top 250 organis\u00e9e par Numeum\" \/>\n<meta name=\"robots\" content=\"index, follow, max-snippet:-1, max-image-preview:large, max-video-preview:-1\" \/>\n<link rel=\"canonical\" href=\"https:\/\/visionarymarketing.com\/fr\/2022\/11\/24\/sobriete-numerique\/\" \/>\n<meta property=\"og:locale\" content=\"fr_FR\" \/>\n<meta property=\"og:type\" content=\"article\" \/>\n<meta property=\"og:title\" content=\"sobri\u00e9t\u00e9 num\u00e9rique : la choisir plut\u00f4t que la subir\" \/>\n<meta property=\"og:description\" content=\"sobri\u00e9t\u00e9 num\u00e9rique : regardons la v\u00e9rit\u00e9 en face, et choisissons l\u00e0 plut\u00f4t que la subir. Soir\u00e9e Top 250 organis\u00e9e par Numeum\" \/>\n<meta property=\"og:url\" content=\"https:\/\/visionarymarketing.com\/fr\/2022\/11\/24\/sobriete-numerique\/\" \/>\n<meta property=\"og:site_name\" content=\"Marketing and Innovation\" \/>\n<meta property=\"article:publisher\" content=\"https:\/\/www.facebook.com\/vismktg\" \/>\n<meta property=\"article:published_time\" content=\"2022-11-24T08:00:16+00:00\" \/>\n<meta property=\"article:modified_time\" content=\"2025-01-28T05:41:13+00:00\" \/>\n<meta property=\"og:image\" content=\"https:\/\/visionarymarketing.com\/wp-content\/uploads\/2022\/11\/ciel.jpg\" \/>\n\t<meta property=\"og:image:width\" content=\"1280\" \/>\n\t<meta property=\"og:image:height\" content=\"853\" \/>\n\t<meta property=\"og:image:type\" content=\"image\/jpeg\" \/>\n<meta name=\"author\" content=\"Isabelle Lefaucheur\" \/>\n<meta name=\"twitter:card\" content=\"summary_large_image\" \/>\n<meta name=\"twitter:creator\" content=\"@isalef75\" \/>\n<meta name=\"twitter:site\" content=\"@ygourven\" \/>\n<meta name=\"twitter:label1\" content=\"\u00c9crit par\" \/>\n\t<meta name=\"twitter:data1\" content=\"Isabelle Lefaucheur\" \/>\n\t<meta name=\"twitter:label2\" content=\"Dur\u00e9e de lecture estim\u00e9e\" \/>\n\t<meta name=\"twitter:data2\" content=\"11 minutes\" \/>\n<script type=\"application\/ld+json\" class=\"yoast-schema-graph\">{\"@context\":\"https:\\\/\\\/schema.org\",\"@graph\":[{\"@type\":\"NewsArticle\",\"@id\":\"https:\\\/\\\/visionarymarketing.com\\\/fr\\\/2022\\\/11\\\/24\\\/sobriete-numerique\\\/#article\",\"isPartOf\":{\"@id\":\"https:\\\/\\\/visionarymarketing.com\\\/fr\\\/2022\\\/11\\\/24\\\/sobriete-numerique\\\/\"},\"author\":{\"name\":\"Isabelle Lefaucheur\",\"@id\":\"https:\\\/\\\/visionarymarketing.com\\\/fr\\\/#\\\/schema\\\/person\\\/dd8adec3ca792a408ff6b4bea5fea497\"},\"headline\":\"Choisir la sobri\u00e9t\u00e9 num\u00e9rique plut\u00f4t que la subir\",\"datePublished\":\"2022-11-24T08:00:16+00:00\",\"dateModified\":\"2025-01-28T05:41:13+00:00\",\"mainEntityOfPage\":{\"@id\":\"https:\\\/\\\/visionarymarketing.com\\\/fr\\\/2022\\\/11\\\/24\\\/sobriete-numerique\\\/\"},\"wordCount\":2462,\"commentCount\":1,\"image\":{\"@id\":\"https:\\\/\\\/visionarymarketing.com\\\/fr\\\/2022\\\/11\\\/24\\\/sobriete-numerique\\\/#primaryimage\"},\"thumbnailUrl\":\"https:\\\/\\\/visionarymarketing.com\\\/wp-content\\\/uploads\\\/2022\\\/11\\\/ciel.jpg\",\"articleSection\":[\"A la une\",\"\u00e9conomie et num\u00e9rique\"],\"inLanguage\":\"fr-FR\",\"potentialAction\":[{\"@type\":\"CommentAction\",\"name\":\"Comment\",\"target\":[\"https:\\\/\\\/visionarymarketing.com\\\/fr\\\/2022\\\/11\\\/24\\\/sobriete-numerique\\\/#respond\"]}]},{\"@type\":\"WebPage\",\"@id\":\"https:\\\/\\\/visionarymarketing.com\\\/fr\\\/2022\\\/11\\\/24\\\/sobriete-numerique\\\/\",\"url\":\"https:\\\/\\\/visionarymarketing.com\\\/fr\\\/2022\\\/11\\\/24\\\/sobriete-numerique\\\/\",\"name\":\"sobri\u00e9t\u00e9 num\u00e9rique : la choisir plut\u00f4t que la subir\",\"isPartOf\":{\"@id\":\"https:\\\/\\\/visionarymarketing.com\\\/fr\\\/#website\"},\"primaryImageOfPage\":{\"@id\":\"https:\\\/\\\/visionarymarketing.com\\\/fr\\\/2022\\\/11\\\/24\\\/sobriete-numerique\\\/#primaryimage\"},\"image\":{\"@id\":\"https:\\\/\\\/visionarymarketing.com\\\/fr\\\/2022\\\/11\\\/24\\\/sobriete-numerique\\\/#primaryimage\"},\"thumbnailUrl\":\"https:\\\/\\\/visionarymarketing.com\\\/wp-content\\\/uploads\\\/2022\\\/11\\\/ciel.jpg\",\"datePublished\":\"2022-11-24T08:00:16+00:00\",\"dateModified\":\"2025-01-28T05:41:13+00:00\",\"author\":{\"@id\":\"https:\\\/\\\/visionarymarketing.com\\\/fr\\\/#\\\/schema\\\/person\\\/dd8adec3ca792a408ff6b4bea5fea497\"},\"description\":\"sobri\u00e9t\u00e9 num\u00e9rique : regardons la v\u00e9rit\u00e9 en face, et choisissons l\u00e0 plut\u00f4t que la subir. Soir\u00e9e Top 250 organis\u00e9e par Numeum\",\"breadcrumb\":{\"@id\":\"https:\\\/\\\/visionarymarketing.com\\\/fr\\\/2022\\\/11\\\/24\\\/sobriete-numerique\\\/#breadcrumb\"},\"inLanguage\":\"fr-FR\",\"potentialAction\":[{\"@type\":\"ReadAction\",\"target\":[\"https:\\\/\\\/visionarymarketing.com\\\/fr\\\/2022\\\/11\\\/24\\\/sobriete-numerique\\\/\"]}]},{\"@type\":\"ImageObject\",\"inLanguage\":\"fr-FR\",\"@id\":\"https:\\\/\\\/visionarymarketing.com\\\/fr\\\/2022\\\/11\\\/24\\\/sobriete-numerique\\\/#primaryimage\",\"url\":\"https:\\\/\\\/visionarymarketing.com\\\/wp-content\\\/uploads\\\/2022\\\/11\\\/ciel.jpg\",\"contentUrl\":\"https:\\\/\\\/visionarymarketing.com\\\/wp-content\\\/uploads\\\/2022\\\/11\\\/ciel.jpg\",\"width\":1280,\"height\":853,\"caption\":\"sobri\u00e9t\u00e9 num\u00e9rique\"},{\"@type\":\"BreadcrumbList\",\"@id\":\"https:\\\/\\\/visionarymarketing.com\\\/fr\\\/2022\\\/11\\\/24\\\/sobriete-numerique\\\/#breadcrumb\",\"itemListElement\":[{\"@type\":\"ListItem\",\"position\":1,\"name\":\"Home\",\"item\":\"https:\\\/\\\/visionarymarketing.com\\\/fr\\\/\"},{\"@type\":\"ListItem\",\"position\":2,\"name\":\"Choisir la sobri\u00e9t\u00e9 num\u00e9rique plut\u00f4t que la subir\"}]},{\"@type\":\"WebSite\",\"@id\":\"https:\\\/\\\/visionarymarketing.com\\\/fr\\\/#website\",\"url\":\"https:\\\/\\\/visionarymarketing.com\\\/fr\\\/\",\"name\":\"Marketing and Innovation\",\"description\":\"Site d&#039;infos ind\u00e9pendant, depuis 1996\",\"potentialAction\":[{\"@type\":\"SearchAction\",\"target\":{\"@type\":\"EntryPoint\",\"urlTemplate\":\"https:\\\/\\\/visionarymarketing.com\\\/fr\\\/?s={search_term_string}\"},\"query-input\":{\"@type\":\"PropertyValueSpecification\",\"valueRequired\":true,\"valueName\":\"search_term_string\"}}],\"inLanguage\":\"fr-FR\"},{\"@type\":\"Person\",\"@id\":\"https:\\\/\\\/visionarymarketing.com\\\/fr\\\/#\\\/schema\\\/person\\\/dd8adec3ca792a408ff6b4bea5fea497\",\"name\":\"Isabelle Lefaucheur\",\"image\":{\"@type\":\"ImageObject\",\"inLanguage\":\"fr-FR\",\"@id\":\"https:\\\/\\\/secure.gravatar.com\\\/avatar\\\/17257f8c913015ac1ff23a9254cbe68f18f6e8c09e28e59af054b328d494d779?s=96&d=initials&r=g&initials=is\",\"url\":\"https:\\\/\\\/secure.gravatar.com\\\/avatar\\\/17257f8c913015ac1ff23a9254cbe68f18f6e8c09e28e59af054b328d494d779?s=96&d=initials&r=g&initials=is\",\"contentUrl\":\"https:\\\/\\\/secure.gravatar.com\\\/avatar\\\/17257f8c913015ac1ff23a9254cbe68f18f6e8c09e28e59af054b328d494d779?s=96&d=initials&r=g&initials=is\",\"caption\":\"Isabelle Lefaucheur\"},\"description\":\"Isabelle est consultante en organisation et suivi des projets chez Visionary Marketing. Elle a une exp\u00e9rience de 15 ann\u00e9es dans le web marketing \u00e0 la co-direction de la Web Agency Medianet (cr\u00e9\u00e9e en 1998, et sp\u00e9cialis\u00e9e dans la cr\u00e9ation et l'h\u00e9bergement de sites internet orient\u00e9s Tourisme). Elle a rejoint Visionary Marketing au d\u00e9but de 2016. https:\\\/\\\/www.linkedin.com\\\/in\\\/isabelle-lefaucheur-42523346\\\/\",\"sameAs\":[\"http:\\\/\\\/visionarymarketing.com\",\"https:\\\/\\\/x.com\\\/isalef75\"],\"url\":\"https:\\\/\\\/visionarymarketing.com\\\/fr\\\/author\\\/isabelle-lefaucheur\\\/\"}]}<\/script>\n<!-- \/ Yoast SEO plugin. -->","yoast_head_json":{"title":"sobri\u00e9t\u00e9 num\u00e9rique : la choisir plut\u00f4t que la subir","description":"sobri\u00e9t\u00e9 num\u00e9rique : regardons la v\u00e9rit\u00e9 en face, et choisissons l\u00e0 plut\u00f4t que la subir. Soir\u00e9e Top 250 organis\u00e9e par Numeum","robots":{"index":"index","follow":"follow","max-snippet":"max-snippet:-1","max-image-preview":"max-image-preview:large","max-video-preview":"max-video-preview:-1"},"canonical":"https:\/\/visionarymarketing.com\/fr\/2022\/11\/24\/sobriete-numerique\/","og_locale":"fr_FR","og_type":"article","og_title":"sobri\u00e9t\u00e9 num\u00e9rique : la choisir plut\u00f4t que la subir","og_description":"sobri\u00e9t\u00e9 num\u00e9rique : regardons la v\u00e9rit\u00e9 en face, et choisissons l\u00e0 plut\u00f4t que la subir. Soir\u00e9e Top 250 organis\u00e9e par Numeum","og_url":"https:\/\/visionarymarketing.com\/fr\/2022\/11\/24\/sobriete-numerique\/","og_site_name":"Marketing and Innovation","article_publisher":"https:\/\/www.facebook.com\/vismktg","article_published_time":"2022-11-24T08:00:16+00:00","article_modified_time":"2025-01-28T05:41:13+00:00","og_image":[{"width":1280,"height":853,"url":"https:\/\/visionarymarketing.com\/wp-content\/uploads\/2022\/11\/ciel.jpg","type":"image\/jpeg"}],"author":"Isabelle Lefaucheur","twitter_card":"summary_large_image","twitter_creator":"@isalef75","twitter_site":"@ygourven","twitter_misc":{"\u00c9crit par":"Isabelle Lefaucheur","Dur\u00e9e de lecture estim\u00e9e":"11 minutes"},"schema":{"@context":"https:\/\/schema.org","@graph":[{"@type":"NewsArticle","@id":"https:\/\/visionarymarketing.com\/fr\/2022\/11\/24\/sobriete-numerique\/#article","isPartOf":{"@id":"https:\/\/visionarymarketing.com\/fr\/2022\/11\/24\/sobriete-numerique\/"},"author":{"name":"Isabelle Lefaucheur","@id":"https:\/\/visionarymarketing.com\/fr\/#\/schema\/person\/dd8adec3ca792a408ff6b4bea5fea497"},"headline":"Choisir la sobri\u00e9t\u00e9 num\u00e9rique plut\u00f4t que la subir","datePublished":"2022-11-24T08:00:16+00:00","dateModified":"2025-01-28T05:41:13+00:00","mainEntityOfPage":{"@id":"https:\/\/visionarymarketing.com\/fr\/2022\/11\/24\/sobriete-numerique\/"},"wordCount":2462,"commentCount":1,"image":{"@id":"https:\/\/visionarymarketing.com\/fr\/2022\/11\/24\/sobriete-numerique\/#primaryimage"},"thumbnailUrl":"https:\/\/visionarymarketing.com\/wp-content\/uploads\/2022\/11\/ciel.jpg","articleSection":["A la une","\u00e9conomie et num\u00e9rique"],"inLanguage":"fr-FR","potentialAction":[{"@type":"CommentAction","name":"Comment","target":["https:\/\/visionarymarketing.com\/fr\/2022\/11\/24\/sobriete-numerique\/#respond"]}]},{"@type":"WebPage","@id":"https:\/\/visionarymarketing.com\/fr\/2022\/11\/24\/sobriete-numerique\/","url":"https:\/\/visionarymarketing.com\/fr\/2022\/11\/24\/sobriete-numerique\/","name":"sobri\u00e9t\u00e9 num\u00e9rique : la choisir plut\u00f4t que la subir","isPartOf":{"@id":"https:\/\/visionarymarketing.com\/fr\/#website"},"primaryImageOfPage":{"@id":"https:\/\/visionarymarketing.com\/fr\/2022\/11\/24\/sobriete-numerique\/#primaryimage"},"image":{"@id":"https:\/\/visionarymarketing.com\/fr\/2022\/11\/24\/sobriete-numerique\/#primaryimage"},"thumbnailUrl":"https:\/\/visionarymarketing.com\/wp-content\/uploads\/2022\/11\/ciel.jpg","datePublished":"2022-11-24T08:00:16+00:00","dateModified":"2025-01-28T05:41:13+00:00","author":{"@id":"https:\/\/visionarymarketing.com\/fr\/#\/schema\/person\/dd8adec3ca792a408ff6b4bea5fea497"},"description":"sobri\u00e9t\u00e9 num\u00e9rique : regardons la v\u00e9rit\u00e9 en face, et choisissons l\u00e0 plut\u00f4t que la subir. Soir\u00e9e Top 250 organis\u00e9e par Numeum","breadcrumb":{"@id":"https:\/\/visionarymarketing.com\/fr\/2022\/11\/24\/sobriete-numerique\/#breadcrumb"},"inLanguage":"fr-FR","potentialAction":[{"@type":"ReadAction","target":["https:\/\/visionarymarketing.com\/fr\/2022\/11\/24\/sobriete-numerique\/"]}]},{"@type":"ImageObject","inLanguage":"fr-FR","@id":"https:\/\/visionarymarketing.com\/fr\/2022\/11\/24\/sobriete-numerique\/#primaryimage","url":"https:\/\/visionarymarketing.com\/wp-content\/uploads\/2022\/11\/ciel.jpg","contentUrl":"https:\/\/visionarymarketing.com\/wp-content\/uploads\/2022\/11\/ciel.jpg","width":1280,"height":853,"caption":"sobri\u00e9t\u00e9 num\u00e9rique"},{"@type":"BreadcrumbList","@id":"https:\/\/visionarymarketing.com\/fr\/2022\/11\/24\/sobriete-numerique\/#breadcrumb","itemListElement":[{"@type":"ListItem","position":1,"name":"Home","item":"https:\/\/visionarymarketing.com\/fr\/"},{"@type":"ListItem","position":2,"name":"Choisir la sobri\u00e9t\u00e9 num\u00e9rique plut\u00f4t que la subir"}]},{"@type":"WebSite","@id":"https:\/\/visionarymarketing.com\/fr\/#website","url":"https:\/\/visionarymarketing.com\/fr\/","name":"Marketing and Innovation","description":"Site d&#039;infos ind\u00e9pendant, depuis 1996","potentialAction":[{"@type":"SearchAction","target":{"@type":"EntryPoint","urlTemplate":"https:\/\/visionarymarketing.com\/fr\/?s={search_term_string}"},"query-input":{"@type":"PropertyValueSpecification","valueRequired":true,"valueName":"search_term_string"}}],"inLanguage":"fr-FR"},{"@type":"Person","@id":"https:\/\/visionarymarketing.com\/fr\/#\/schema\/person\/dd8adec3ca792a408ff6b4bea5fea497","name":"Isabelle Lefaucheur","image":{"@type":"ImageObject","inLanguage":"fr-FR","@id":"https:\/\/secure.gravatar.com\/avatar\/17257f8c913015ac1ff23a9254cbe68f18f6e8c09e28e59af054b328d494d779?s=96&d=initials&r=g&initials=is","url":"https:\/\/secure.gravatar.com\/avatar\/17257f8c913015ac1ff23a9254cbe68f18f6e8c09e28e59af054b328d494d779?s=96&d=initials&r=g&initials=is","contentUrl":"https:\/\/secure.gravatar.com\/avatar\/17257f8c913015ac1ff23a9254cbe68f18f6e8c09e28e59af054b328d494d779?s=96&d=initials&r=g&initials=is","caption":"Isabelle Lefaucheur"},"description":"Isabelle est consultante en organisation et suivi des projets chez Visionary Marketing. Elle a une exp\u00e9rience de 15 ann\u00e9es dans le web marketing \u00e0 la co-direction de la Web Agency Medianet (cr\u00e9\u00e9e en 1998, et sp\u00e9cialis\u00e9e dans la cr\u00e9ation et l'h\u00e9bergement de sites internet orient\u00e9s Tourisme). Elle a rejoint Visionary Marketing au d\u00e9but de 2016. https:\/\/www.linkedin.com\/in\/isabelle-lefaucheur-42523346\/","sameAs":["http:\/\/visionarymarketing.com","https:\/\/x.com\/isalef75"],"url":"https:\/\/visionarymarketing.com\/fr\/author\/isabelle-lefaucheur\/"}]}},"_links":{"self":[{"href":"https:\/\/visionarymarketing.com\/fr\/wp-json\/wp\/v2\/posts\/72433","targetHints":{"allow":["GET"]}}],"collection":[{"href":"https:\/\/visionarymarketing.com\/fr\/wp-json\/wp\/v2\/posts"}],"about":[{"href":"https:\/\/visionarymarketing.com\/fr\/wp-json\/wp\/v2\/types\/post"}],"author":[{"embeddable":true,"href":"https:\/\/visionarymarketing.com\/fr\/wp-json\/wp\/v2\/users\/41"}],"replies":[{"embeddable":true,"href":"https:\/\/visionarymarketing.com\/fr\/wp-json\/wp\/v2\/comments?post=72433"}],"version-history":[{"count":0,"href":"https:\/\/visionarymarketing.com\/fr\/wp-json\/wp\/v2\/posts\/72433\/revisions"}],"wp:featuredmedia":[{"embeddable":true,"href":"https:\/\/visionarymarketing.com\/fr\/wp-json\/wp\/v2\/media\/72577"}],"wp:attachment":[{"href":"https:\/\/visionarymarketing.com\/fr\/wp-json\/wp\/v2\/media?parent=72433"}],"wp:term":[{"taxonomy":"category","embeddable":true,"href":"https:\/\/visionarymarketing.com\/fr\/wp-json\/wp\/v2\/categories?post=72433"},{"taxonomy":"post_tag","embeddable":true,"href":"https:\/\/visionarymarketing.com\/fr\/wp-json\/wp\/v2\/tags?post=72433"}],"curies":[{"name":"wp","href":"https:\/\/api.w.org\/{rel}","templated":true}]}}