{"id":72100,"date":"2022-12-07T06:20:31","date_gmt":"2022-12-07T05:20:31","guid":{"rendered":"https:\/\/visionarymarketing.com\/?p=72100"},"modified":"2022-12-21T16:29:24","modified_gmt":"2022-12-21T15:29:24","slug":"barometre-omnivisibilite-2022","status":"publish","type":"post","link":"https:\/\/visionarymarketing.com\/fr\/2022\/12\/07\/barometre-omnivisibilite-2022\/","title":{"rendered":"Usages photo \/ vid\u00e9o des entreprises fran\u00e7aises"},"content":{"rendered":"<p><i>Le <\/i><strong style=\"font-style: italic;\">Barom\u00e8tre Omnivisibilit\u00e9 : <a href=\"http:\/\/vismktg.info\/omni22\" target=\"_blank\" rel=\"noopener\">usages de la photo et de la vid\u00e9o par les\u00a0entreprises\u00a0fran\u00e7aises <\/a>en 2022, <\/strong>a \u00e9t\u00e9\u00a0<i>r\u00e9alis\u00e9 \u00e0 partir d&rsquo;une enqu\u00eate en ligne men\u00e9e par Visionary Marketing pour le compte de Ooshot, a \u00e9t\u00e9 lanc\u00e9 au printemps dernier. Alors que l&rsquo;ann\u00e9e se termine nous vous proposons une r\u00e9trospective ici sur ce Barom\u00e8tre, et le webinaire participatif de restitution des r\u00e9sultats, au cours\u00a0duquel 11 des t\u00e9moins et experts ayant particip\u00e9 au Barom\u00e8tre ont\u00a0t\u00e9moign\u00e9 de leur exp\u00e9rience.\u00a0<\/i><\/p>\n<h2>Barom\u00e8tre Omnivisibilit\u00e9 2022 : usages de la photographie et de la vid\u00e9o par les entreprises fran\u00e7aises<\/h2>\n<p><img decoding=\"async\" class=\"aligncenter wp-image-72123 size-full\" src=\"https:\/\/visionarymarketing.com\/wp-content\/uploads\/2022\/10\/barometre-omnivisibilite-2022-e1670390589118.jpg\" alt=\"Barom\u00e8tre omnivisibilit\u00e9 2022\" width=\"520\" height=\"340\" srcset=\"https:\/\/visionarymarketing.com\/wp-content\/uploads\/2022\/10\/barometre-omnivisibilite-2022-e1670390589118.jpg 520w, https:\/\/visionarymarketing.com\/wp-content\/uploads\/2022\/10\/barometre-omnivisibilite-2022-e1670390589118-459x300.jpg 459w\" sizes=\"(max-width: 520px) 100vw, 520px\" \/><\/p>\n<p>Avec ce barom\u00e8tre de l&rsquo;omnivisibilit\u00e9, nous nous sommes donn\u00e9 pour but d&rsquo;analyser l&rsquo;<strong>usage de la photo et de la vid\u00e9o par les marques et les entreprises en France<\/strong>.<!--more--><\/p>\n<p>Ce terme d&rsquo;omnivisibilit\u00e9 ne vient pas de nulle part<\/p>\n<figure id=\"attachment_69985\" aria-describedby=\"caption-attachment-69985\" style=\"width: 520px\" class=\"wp-caption aligncenter\"><img decoding=\"async\" class=\"wp-image-69985 size-full\" src=\"https:\/\/visionarymarketing.com\/wp-content\/uploads\/2022\/06\/vignette-520-340jumpstory-download20220225-151335-copy-1.jpg\" alt=\"Omnivisibilit\u00e9\" width=\"520\" height=\"340\" srcset=\"https:\/\/visionarymarketing.com\/wp-content\/uploads\/2022\/06\/vignette-520-340jumpstory-download20220225-151335-copy-1.jpg 520w, https:\/\/visionarymarketing.com\/wp-content\/uploads\/2022\/06\/vignette-520-340jumpstory-download20220225-151335-copy-1-459x300.jpg 459w\" sizes=\"(max-width: 520px) 100vw, 520px\" \/><figcaption id=\"caption-attachment-69985\" class=\"wp-caption-text\">Ce terme d&rsquo;omnivisibilit\u00e9 ne vient pas de nulle part, il est issu d&rsquo;une vid\u00e9o interview de Thierry Maillet r\u00e9alis\u00e9e l&rsquo;an dernier et que vous trouverez \u00e0 nouveau en fin d&rsquo;article<\/figcaption><\/figure>\n<h3>Un barom\u00e8tre et un webinaire sur l&rsquo;usage de la photo et de la vid\u00e9o<\/h3>\n<p>Tout a d\u00e9marr\u00e9 par une <a href=\"https:\/\/visionarymarketing.com\/fr\/2021\/06\/omnivisibilite\/\" target=\"_blank\" rel=\"noopener\">interview de Thierry Maillet, cofondateur et directeur g\u00e9n\u00e9ral d\u2019Ooshot<\/a>, r\u00e9alis\u00e9e dans les locaux de Visionary Marketing.<\/p>\n<p>Lors de cet entretien film\u00e9, Thierry y d\u00e9taillait les tenants et aboutissants de ce qu&rsquo;il appelait l&rsquo;omnivisibilit\u00e9.<\/p>\n<h4>Une place primordiale<\/h4>\n<p style=\"font-weight: 400;\">La photo et la vid\u00e9o ont pris une place primordiale dans les usages des entreprises<\/p>\n<blockquote class=\"quote-light\">\n<p style=\"font-weight: 400;\">Nous avons voulu avec cette \u00e9tude v\u00e9rifier une intuition : les photos et vid\u00e9os ne sont plus le seul fait de photographes ni de vid\u00e9astes, mais de tout un chacun dans l\u2019entreprise, influenceur, voire client ou partenaire de cette entreprise<\/p>\n<\/blockquote>\n<p style=\"font-weight: 400;\">Nous avons r\u00e9alis\u00e9 cette \u00e9tude aupr\u00e8s de professionnels, principalement du marketing et de la communication, en exercice.<\/p>\n<h3>Les objectifs du Barom\u00e8tre de l&rsquo;Omnivisiblit\u00e9<\/h3>\n<p>Nous nous sommes concentr\u00e9s sur 3 objectifs :<\/p>\n<p>Le premier objectif consistait \u00e0 essayer de mieux comprendre les modes de production auxquels recourent les entreprises :<\/p>\n<ul>\n<li>le <strong>BGC<\/strong> : Brand Generated Content ou contenu de marque<\/li>\n<li><strong>l&rsquo;IGC<\/strong> : Influencer-Generated Content ou contenu g\u00e9n\u00e9r\u00e9 par des influenceurs, en g\u00e9n\u00e9ral sur les m\u00e9dias sociaux<\/li>\n<li><strong>l&rsquo;UGC<\/strong> : User-Generated Content ou contenu g\u00e9n\u00e9r\u00e9 par les utilisateurs<\/li>\n<li><strong>l&rsquo;EGC<\/strong> : Employee-Generated Content ou contenu \u00e9manant des employ\u00e9s<\/li>\n<li>les images ou vid\u00e9os de <strong>stocks<\/strong> [vendues par Getty Images, iStock, Adobe, etc.]<\/li>\n<\/ul>\n<figure id=\"attachment_72135\" aria-describedby=\"caption-attachment-72135\" style=\"width: 1920px\" class=\"wp-caption aligncenter\"><img decoding=\"async\" class=\"wp-image-72135 size-full\" src=\"https:\/\/visionarymarketing.com\/wp-content\/uploads\/2022\/10\/matrice-prinicipale-ooshot.png\" alt=\"\" width=\"1920\" height=\"1080\" srcset=\"https:\/\/visionarymarketing.com\/wp-content\/uploads\/2022\/10\/matrice-prinicipale-ooshot.png 1920w, https:\/\/visionarymarketing.com\/wp-content\/uploads\/2022\/10\/matrice-prinicipale-ooshot-500x281.png 500w, https:\/\/visionarymarketing.com\/wp-content\/uploads\/2022\/10\/matrice-prinicipale-ooshot-1024x576.png 1024w, https:\/\/visionarymarketing.com\/wp-content\/uploads\/2022\/10\/matrice-prinicipale-ooshot-768x432.png 768w, https:\/\/visionarymarketing.com\/wp-content\/uploads\/2022\/10\/matrice-prinicipale-ooshot-1536x864.png 1536w\" sizes=\"(max-width: 1920px) 100vw, 1920px\" \/><figcaption id=\"caption-attachment-72135\" class=\"wp-caption-text\">La matrice de l&rsquo;omnivisibilit\u00e9 permet de surveiller son mix d&rsquo; UGC\/IGC\/EGC et BGC<\/figcaption><\/figure>\n<p>Notre deuxi\u00e8me objectif consistait \u00e0 croiser ces modes de production avec les usages. Certains modes de production sont-ils privil\u00e9gi\u00e9s pour les sites Web et les blogs par exemple ? Ou les r\u00e9seaux sociaux ?<\/p>\n<h4>L&rsquo;essor des content factories<\/h4>\n<p>Notre troisi\u00e8me objectif consistait \u00e0 \u00e9tudier l\u2019essor des \u00ab content factories \u00bb (ou usines \u00e0 contenus) dans les entreprises fran\u00e7aises.<\/p>\n<h3>Les 3 enseignements principaux du Barom\u00e8tre de l&rsquo;omnivisibilit\u00e9<\/h3>\n<h4>Enseignement n\u00b01 : les diff\u00e9rents modes de production photo et vid\u00e9o sont tous utilis\u00e9s par les entreprises r\u00e9pondantes<\/h4>\n<p>Cependant, ce point de vue est \u00e0 nuancer en fonction des usages et des profils des r\u00e9pondants. L\u2019omnivisibilit\u00e9 est donc bien une r\u00e9alit\u00e9 du terrain, mais celle-ci n\u2019est pas uniforme.<\/p>\n<h4>Enseignement n\u00b02 : l&rsquo;hypoth\u00e8se pr\u00e9alable de la sous-utilisation de l\u2019EGC et l\u2019UGC par les entreprises ne tient pas<\/h4>\n<p>Ces modes de production photographique et vid\u00e9o se sont r\u00e9ellement d\u00e9mocratis\u00e9s.<\/p>\n<h4>Enseignement n\u00b03 : la professionnalisation des contenus et de leur gestion \u00e0 l\u2019int\u00e9rieur des entreprises n\u2019est pas nouvelle<\/h4>\n<p>Le barom\u00e8tre de l\u2019omnivisibilit\u00e9 2022 d\u00e9montre que d\u00e9sormais, la constitution d\u2019usines de contenus (ou content factories en anglais) est \u00e9galement une r\u00e9alit\u00e9 en France, sur laquelle il nous faudra compter dans le futur.<\/p>\n<p><a href=\"http:\/\/vismktg.info\/omni22 \"><img decoding=\"async\" class=\"aligncenter wp-image-71915 size-full\" src=\"https:\/\/visionarymarketing.com\/wp-content\/uploads\/2022\/10\/je-telecharge-l-etude.png\" alt=\"Je t\u00e9l\u00e9charge l'\u00e9tude\" width=\"450\" height=\"75\" \/><\/a><\/p>\n<h3>Un Barom\u00e8tre avec de nombreux t\u00e9moins et experts<\/h3>\n<p style=\"font-weight: 400;\">Les vues quantitatives obtenues pour ce Barom\u00e8tre ont \u00e9t\u00e9 compl\u00e9t\u00e9es par trois focus groups constitu\u00e9s d&rsquo;influenceurs, d\u2019entrepreneurs ou consultants du marketing B2B :<\/p>\n<ul>\n<li style=\"font-weight: 400;\"><a href=\"https:\/\/www.linkedin.com\/in\/christellealexandre\/\" target=\"_blank\" rel=\"noopener\">Christelle Alexandre<\/a>, Consultante Marketing &#8211; Cx Addict<\/li>\n<li style=\"font-weight: 400;\"><a href=\"https:\/\/www.linkedin.com\/in\/anthonyrochand\/\" target=\"_blank\" rel=\"noopener\">Anthony Rochand<\/a>, CEO et Co-fondateur de LEW<\/li>\n<li style=\"font-weight: 400;\"><a href=\"https:\/\/www.linkedin.com\/in\/cyrilbladier\/\" target=\"_blank\" rel=\"noopener\">Cyril Bladier<\/a>, DG Business-on-line<\/li>\n<li style=\"font-weight: 400;\"><a href=\"https:\/\/www.linkedin.com\/in\/pierreblancathling\/\" target=\"_blank\" rel=\"noopener\">Pierre Blanc<\/a>, Pr\u00e9sident Athling<\/li>\n<li style=\"font-weight: 400;\"><a href=\"https:\/\/www.linkedin.com\/in\/bldfrancois\/\" target=\"_blank\" rel=\"noopener\">Fran\u00e7ois Boulard<\/a>, Responsable Digital Corporate Ellisphere<\/li>\n<li style=\"font-weight: 400;\"><a href=\"https:\/\/www.linkedin.com\/in\/fr\u00e9d\u00e9ric-canevet-conseilsmarketing\/\" target=\"_blank\" rel=\"noopener\">Fr\u00e9d\u00e9ric Canevet<\/a>, Product Manager chez Eloquant &amp; Blogueur sur ConseilsMarketing.com<\/li>\n<li style=\"font-weight: 400;\"><a href=\"https:\/\/www.linkedin.com\/in\/fayon\/\" target=\"_blank\" rel=\"noopener\">David Fayon<\/a>, Auteur &amp; Consultant Transformation Digitale<\/li>\n<li style=\"font-weight: 400;\"><a href=\"https:\/\/www.linkedin.com\/in\/brunofridlansky\/\" target=\"_blank\" rel=\"noopener\">Bruno Fridlansky<\/a>, CEO Consonaute<\/li>\n<li style=\"font-weight: 400;\"><a href=\"https:\/\/www.linkedin.com\/in\/maellegarrido\/\" target=\"_blank\" rel=\"noopener\">Ma\u00eblle Garrido<\/a>, Directrice Conseil et Fondatrice \u2013 Agence Naskas<\/li>\n<li style=\"font-weight: 400;\"><a href=\"https:\/\/www.linkedin.com\/in\/annepierreguignard\/\" target=\"_blank\" rel=\"noopener\">Anne-Pierre Guignard<\/a>, Directrice Marketing Rapid7 et Administratrice du CMIT<\/li>\n<li style=\"font-weight: 400;\"><a href=\"https:\/\/www.linkedin.com\/in\/thierrymaillet\/\" target=\"_blank\" rel=\"noopener\">Thierry Maillet<\/a>, Co-fondateur et Directeur G\u00e9n\u00e9ral d\u2019Ooshot<\/li>\n<li style=\"font-weight: 400;\"><a href=\"https:\/\/www.linkedin.com\/in\/emiliemarquois\/\" target=\"_blank\" rel=\"noopener\">Emilie Marquois<\/a>, Formatrice et Conf\u00e9renci\u00e8re en M\u00e9dias Sociaux<\/li>\n<li style=\"font-weight: 400;\"><a href=\"https:\/\/www.linkedin.com\/in\/benoit-martin-digiobs\/\" target=\"_blank\" rel=\"noopener\">Benoit Martin<\/a>, Co-fondateur de DigiObs<\/li>\n<li style=\"font-weight: 400;\"><a href=\"https:\/\/www.linkedin.com\/in\/veroniquemoulin\/\" target=\"_blank\" rel=\"noopener\">V\u00e9ronique Moulin<\/a>, CEO Storytude<\/li>\n<li style=\"font-weight: 400;\"><a href=\"https:\/\/www.linkedin.com\/in\/herv\u00e9-nougier-616189\/\" target=\"_blank\" rel=\"noopener\">Herv\u00e9 Nougier<\/a>, Pr\u00e9sident Mediatech-Streamlike<\/li>\n<li style=\"font-weight: 400;\"><a href=\"https:\/\/www.linkedin.com\/in\/saintleger\/\" target=\"_blank\" rel=\"noopener\">Olivier Saint-L\u00e9ger<\/a>, CEO Neuromass<\/li>\n<li style=\"font-weight: 400;\"><a href=\"https:\/\/www.linkedin.com\/in\/oliviersauvage\/\" target=\"_blank\" rel=\"noopener\">Olivier Sauvage<\/a>, CEO Wexperience<\/li>\n<li style=\"font-weight: 400;\"><a href=\"https:\/\/www.linkedin.com\/in\/emiliedantzikian\/\" target=\"_blank\" rel=\"noopener\">Emilie Tartaglione Dantzikian<\/a>, Directrice Marketing &#8211; Msc Software<\/li>\n<\/ul>\n<p>Ils nous ont permis d\u2019ajouter de la profondeur \u00e0 nos analyses ainsi que de les agr\u00e9menter de points de vue compl\u00e9mentaires et pointus sur des sous-domaines du marketing dont ces contributeurs sont experts.<\/p>\n<h3>Un barom\u00e8tre bourr\u00e9 de t\u00e9moignages<\/h3>\n<p>Vous trouverez leurs t\u00e9moignages au fil des pages du Barom\u00e8tre (<a href=\"http:\/\/vismktg.info\/omni22\" target=\"_blank\" rel=\"noopener\">t\u00e9l\u00e9chargeable ici<\/a>).<\/p>\n<p>11 d&rsquo;entres eux ont\u00a0t\u00e9moign\u00e9 en direct de leur exp\u00e9rience lors du webinaire participatif du 28 juin dernier, dont vous pouvez voir le replay ci-dessous.<\/p>\n<p><iframe title=\"[Fr]\u00a0Webinaire de l&#039;omnivisibilit\u00e9 : usage des photos et vid\u00e9os en entreprise\" width=\"500\" height=\"281\" src=\"https:\/\/www.youtube.com\/embed\/phwEKQS2LyY?list=PL32v4sqVbHxvIqFWcFZ-irZEGWIIvfVjL\" frameborder=\"0\" allow=\"accelerometer; autoplay; clipboard-write; encrypted-media; gyroscope; picture-in-picture; web-share\" referrerpolicy=\"strict-origin-when-cross-origin\" allowfullscreen><\/iframe><\/p>\n<ul>\n<li>Le monde de l\u2019image est devenu bipolaire ? par Fred Can\u00e9vet<\/li>\n<li>L\u2019image \u00e0 l\u2019heure de la transformation num\u00e9rique,\u00a0par\u00a0Anne-Pierre Guignard<\/li>\n<li>De l\u2019omnivisibilit\u00e9 dans le m\u00e9tavers, par David Fayon<\/li>\n<li>5 conseils pour rendre votre contenu instagrammable, par Christelle Alexandre<\/li>\n<li>Une image, pour quoi faire ? par Cyril Bladier<\/li>\n<li>3 conseils pour mettre en place sa content factory internalis\u00e9e, par Fran\u00e7ois Boulard<\/li>\n<li>Conseils pratiques pour bien maximiser l&rsquo;impact des images dans Twitter, par Emilie Marquois<\/li>\n<li>L&rsquo;omnivisibilit\u00e9 \u00e0 l&rsquo;\u00e9preuve des chiffres, par Thierry Maillet<\/li>\n<li>Le design visuel, un \u00e9l\u00e9ment majeur de la communication BtoB, par Benoit Martin<\/li>\n<li>10 raisons pour que vous repreniez le contr\u00f4le de vos contenus, par Herv\u00e9 Nougier<\/li>\n<li>Conseils en strat\u00e9gie de contenus photos et vid\u00e9os pour les marques, par Anthony Rochand<\/li>\n<\/ul>\n<div id='gallery-1' class='gallery galleryid-72100 gallery-columns-3 gallery-size-large'><figure class='gallery-item'>\n\t\t\t<div class='gallery-icon landscape'>\n\t\t\t\t<a href='https:\/\/visionarymarketing.com\/fr\/2022\/12\/07\/barometre-omnivisibilite-2022\/omnivisibilite-12\/'><img decoding=\"async\" width=\"1024\" height=\"683\" src=\"https:\/\/visionarymarketing.com\/wp-content\/uploads\/2022\/10\/omnivisibilite-12-1024x683.jpg\" class=\"attachment-large size-large\" alt=\"\" srcset=\"https:\/\/visionarymarketing.com\/wp-content\/uploads\/2022\/10\/omnivisibilite-12-1024x683.jpg 1024w, https:\/\/visionarymarketing.com\/wp-content\/uploads\/2022\/10\/omnivisibilite-12-450x300.jpg 450w, https:\/\/visionarymarketing.com\/wp-content\/uploads\/2022\/10\/omnivisibilite-12-768x512.jpg 768w, https:\/\/visionarymarketing.com\/wp-content\/uploads\/2022\/10\/omnivisibilite-12.jpg 1104w\" sizes=\"(max-width: 1024px) 100vw, 1024px\" \/><\/a>\n\t\t\t<\/div><\/figure><figure class='gallery-item'>\n\t\t\t<div class='gallery-icon landscape'>\n\t\t\t\t<a href='https:\/\/visionarymarketing.com\/fr\/2022\/12\/07\/barometre-omnivisibilite-2022\/omnivisibilite-1\/'><img decoding=\"async\" width=\"1024\" height=\"683\" src=\"https:\/\/visionarymarketing.com\/wp-content\/uploads\/2022\/10\/omnivisibilite-1-1024x683.jpg\" class=\"attachment-large size-large\" alt=\"\" srcset=\"https:\/\/visionarymarketing.com\/wp-content\/uploads\/2022\/10\/omnivisibilite-1-1024x683.jpg 1024w, https:\/\/visionarymarketing.com\/wp-content\/uploads\/2022\/10\/omnivisibilite-1-450x300.jpg 450w, https:\/\/visionarymarketing.com\/wp-content\/uploads\/2022\/10\/omnivisibilite-1-768x512.jpg 768w, https:\/\/visionarymarketing.com\/wp-content\/uploads\/2022\/10\/omnivisibilite-1.jpg 1104w\" sizes=\"(max-width: 1024px) 100vw, 1024px\" \/><\/a>\n\t\t\t<\/div><\/figure><figure class='gallery-item'>\n\t\t\t<div class='gallery-icon landscape'>\n\t\t\t\t<a href='https:\/\/visionarymarketing.com\/fr\/2022\/12\/07\/barometre-omnivisibilite-2022\/omnivisibilite-2\/'><img decoding=\"async\" width=\"1024\" height=\"683\" src=\"https:\/\/visionarymarketing.com\/wp-content\/uploads\/2022\/10\/omnivisibilite-2-1024x683.jpg\" class=\"attachment-large size-large\" alt=\"\" srcset=\"https:\/\/visionarymarketing.com\/wp-content\/uploads\/2022\/10\/omnivisibilite-2-1024x683.jpg 1024w, https:\/\/visionarymarketing.com\/wp-content\/uploads\/2022\/10\/omnivisibilite-2-450x300.jpg 450w, https:\/\/visionarymarketing.com\/wp-content\/uploads\/2022\/10\/omnivisibilite-2-768x512.jpg 768w, https:\/\/visionarymarketing.com\/wp-content\/uploads\/2022\/10\/omnivisibilite-2.jpg 1104w\" sizes=\"(max-width: 1024px) 100vw, 1024px\" \/><\/a>\n\t\t\t<\/div><\/figure><figure class='gallery-item'>\n\t\t\t<div class='gallery-icon landscape'>\n\t\t\t\t<a href='https:\/\/visionarymarketing.com\/fr\/2022\/12\/07\/barometre-omnivisibilite-2022\/omnivisibilite-3\/'><img decoding=\"async\" width=\"1024\" height=\"683\" src=\"https:\/\/visionarymarketing.com\/wp-content\/uploads\/2022\/10\/omnivisibilite-3-1024x683.jpg\" class=\"attachment-large size-large\" alt=\"\" srcset=\"https:\/\/visionarymarketing.com\/wp-content\/uploads\/2022\/10\/omnivisibilite-3-1024x683.jpg 1024w, https:\/\/visionarymarketing.com\/wp-content\/uploads\/2022\/10\/omnivisibilite-3-450x300.jpg 450w, https:\/\/visionarymarketing.com\/wp-content\/uploads\/2022\/10\/omnivisibilite-3-768x512.jpg 768w, https:\/\/visionarymarketing.com\/wp-content\/uploads\/2022\/10\/omnivisibilite-3.jpg 1104w\" sizes=\"(max-width: 1024px) 100vw, 1024px\" \/><\/a>\n\t\t\t<\/div><\/figure><figure class='gallery-item'>\n\t\t\t<div class='gallery-icon landscape'>\n\t\t\t\t<a href='https:\/\/visionarymarketing.com\/fr\/2022\/12\/07\/barometre-omnivisibilite-2022\/omnivisibilite-4\/'><img decoding=\"async\" width=\"1024\" height=\"683\" src=\"https:\/\/visionarymarketing.com\/wp-content\/uploads\/2022\/10\/omnivisibilite-4-1024x683.jpg\" class=\"attachment-large size-large\" alt=\"\" srcset=\"https:\/\/visionarymarketing.com\/wp-content\/uploads\/2022\/10\/omnivisibilite-4-1024x683.jpg 1024w, https:\/\/visionarymarketing.com\/wp-content\/uploads\/2022\/10\/omnivisibilite-4-450x300.jpg 450w, https:\/\/visionarymarketing.com\/wp-content\/uploads\/2022\/10\/omnivisibilite-4-768x512.jpg 768w, https:\/\/visionarymarketing.com\/wp-content\/uploads\/2022\/10\/omnivisibilite-4.jpg 1104w\" sizes=\"(max-width: 1024px) 100vw, 1024px\" \/><\/a>\n\t\t\t<\/div><\/figure><figure class='gallery-item'>\n\t\t\t<div class='gallery-icon landscape'>\n\t\t\t\t<a href='https:\/\/visionarymarketing.com\/fr\/2022\/12\/07\/barometre-omnivisibilite-2022\/omnivisibilite-5\/'><img decoding=\"async\" width=\"1024\" height=\"683\" src=\"https:\/\/visionarymarketing.com\/wp-content\/uploads\/2022\/10\/omnivisibilite-5-1024x683.jpg\" class=\"attachment-large size-large\" alt=\"\" srcset=\"https:\/\/visionarymarketing.com\/wp-content\/uploads\/2022\/10\/omnivisibilite-5-1024x683.jpg 1024w, https:\/\/visionarymarketing.com\/wp-content\/uploads\/2022\/10\/omnivisibilite-5-450x300.jpg 450w, https:\/\/visionarymarketing.com\/wp-content\/uploads\/2022\/10\/omnivisibilite-5-768x512.jpg 768w, https:\/\/visionarymarketing.com\/wp-content\/uploads\/2022\/10\/omnivisibilite-5.jpg 1104w\" sizes=\"(max-width: 1024px) 100vw, 1024px\" \/><\/a>\n\t\t\t<\/div><\/figure><figure class='gallery-item'>\n\t\t\t<div class='gallery-icon landscape'>\n\t\t\t\t<a href='https:\/\/visionarymarketing.com\/fr\/2022\/12\/07\/barometre-omnivisibilite-2022\/omnivisibilite-6\/'><img decoding=\"async\" width=\"1024\" height=\"683\" src=\"https:\/\/visionarymarketing.com\/wp-content\/uploads\/2022\/10\/omnivisibilite-6-1024x683.jpg\" class=\"attachment-large size-large\" alt=\"\" srcset=\"https:\/\/visionarymarketing.com\/wp-content\/uploads\/2022\/10\/omnivisibilite-6-1024x683.jpg 1024w, https:\/\/visionarymarketing.com\/wp-content\/uploads\/2022\/10\/omnivisibilite-6-450x300.jpg 450w, https:\/\/visionarymarketing.com\/wp-content\/uploads\/2022\/10\/omnivisibilite-6-768x512.jpg 768w, https:\/\/visionarymarketing.com\/wp-content\/uploads\/2022\/10\/omnivisibilite-6.jpg 1104w\" sizes=\"(max-width: 1024px) 100vw, 1024px\" \/><\/a>\n\t\t\t<\/div><\/figure><figure class='gallery-item'>\n\t\t\t<div class='gallery-icon landscape'>\n\t\t\t\t<a href='https:\/\/visionarymarketing.com\/fr\/2022\/12\/07\/barometre-omnivisibilite-2022\/omnivisibilite-7\/'><img decoding=\"async\" width=\"1024\" height=\"683\" src=\"https:\/\/visionarymarketing.com\/wp-content\/uploads\/2022\/10\/omnivisibilite-7-1024x683.jpg\" class=\"attachment-large size-large\" alt=\"\" srcset=\"https:\/\/visionarymarketing.com\/wp-content\/uploads\/2022\/10\/omnivisibilite-7-1024x683.jpg 1024w, https:\/\/visionarymarketing.com\/wp-content\/uploads\/2022\/10\/omnivisibilite-7-450x300.jpg 450w, https:\/\/visionarymarketing.com\/wp-content\/uploads\/2022\/10\/omnivisibilite-7-768x512.jpg 768w, https:\/\/visionarymarketing.com\/wp-content\/uploads\/2022\/10\/omnivisibilite-7.jpg 1104w\" sizes=\"(max-width: 1024px) 100vw, 1024px\" \/><\/a>\n\t\t\t<\/div><\/figure><figure class='gallery-item'>\n\t\t\t<div class='gallery-icon landscape'>\n\t\t\t\t<a href='https:\/\/visionarymarketing.com\/fr\/2022\/12\/07\/barometre-omnivisibilite-2022\/omnivisibilite-8\/'><img decoding=\"async\" width=\"1024\" height=\"683\" src=\"https:\/\/visionarymarketing.com\/wp-content\/uploads\/2022\/10\/omnivisibilite-8-1024x683.jpg\" class=\"attachment-large size-large\" alt=\"\" srcset=\"https:\/\/visionarymarketing.com\/wp-content\/uploads\/2022\/10\/omnivisibilite-8-1024x683.jpg 1024w, https:\/\/visionarymarketing.com\/wp-content\/uploads\/2022\/10\/omnivisibilite-8-450x300.jpg 450w, https:\/\/visionarymarketing.com\/wp-content\/uploads\/2022\/10\/omnivisibilite-8-768x512.jpg 768w, https:\/\/visionarymarketing.com\/wp-content\/uploads\/2022\/10\/omnivisibilite-8.jpg 1104w\" sizes=\"(max-width: 1024px) 100vw, 1024px\" \/><\/a>\n\t\t\t<\/div><\/figure><figure class='gallery-item'>\n\t\t\t<div class='gallery-icon landscape'>\n\t\t\t\t<a href='https:\/\/visionarymarketing.com\/fr\/2022\/12\/07\/barometre-omnivisibilite-2022\/omnivisibilite-9\/'><img decoding=\"async\" width=\"1024\" height=\"683\" src=\"https:\/\/visionarymarketing.com\/wp-content\/uploads\/2022\/10\/omnivisibilite-9-1024x683.jpg\" class=\"attachment-large size-large\" alt=\"\" srcset=\"https:\/\/visionarymarketing.com\/wp-content\/uploads\/2022\/10\/omnivisibilite-9-1024x683.jpg 1024w, https:\/\/visionarymarketing.com\/wp-content\/uploads\/2022\/10\/omnivisibilite-9-450x300.jpg 450w, https:\/\/visionarymarketing.com\/wp-content\/uploads\/2022\/10\/omnivisibilite-9-768x512.jpg 768w, https:\/\/visionarymarketing.com\/wp-content\/uploads\/2022\/10\/omnivisibilite-9.jpg 1104w\" sizes=\"(max-width: 1024px) 100vw, 1024px\" \/><\/a>\n\t\t\t<\/div><\/figure><figure class='gallery-item'>\n\t\t\t<div class='gallery-icon landscape'>\n\t\t\t\t<a href='https:\/\/visionarymarketing.com\/fr\/2022\/12\/07\/barometre-omnivisibilite-2022\/omnivisibilite-10\/'><img decoding=\"async\" width=\"1024\" height=\"683\" src=\"https:\/\/visionarymarketing.com\/wp-content\/uploads\/2022\/10\/omnivisibilite-10-1024x683.jpg\" class=\"attachment-large size-large\" alt=\"\" srcset=\"https:\/\/visionarymarketing.com\/wp-content\/uploads\/2022\/10\/omnivisibilite-10-1024x683.jpg 1024w, https:\/\/visionarymarketing.com\/wp-content\/uploads\/2022\/10\/omnivisibilite-10-450x300.jpg 450w, https:\/\/visionarymarketing.com\/wp-content\/uploads\/2022\/10\/omnivisibilite-10-768x512.jpg 768w, https:\/\/visionarymarketing.com\/wp-content\/uploads\/2022\/10\/omnivisibilite-10.jpg 1104w\" sizes=\"(max-width: 1024px) 100vw, 1024px\" \/><\/a>\n\t\t\t<\/div><\/figure><figure class='gallery-item'>\n\t\t\t<div class='gallery-icon landscape'>\n\t\t\t\t<a href='https:\/\/visionarymarketing.com\/fr\/2022\/12\/07\/barometre-omnivisibilite-2022\/omnivisibilite-11\/'><img decoding=\"async\" width=\"1024\" height=\"683\" src=\"https:\/\/visionarymarketing.com\/wp-content\/uploads\/2022\/10\/omnivisibilite-11-1024x683.jpg\" class=\"attachment-large size-large\" alt=\"\" srcset=\"https:\/\/visionarymarketing.com\/wp-content\/uploads\/2022\/10\/omnivisibilite-11-1024x683.jpg 1024w, https:\/\/visionarymarketing.com\/wp-content\/uploads\/2022\/10\/omnivisibilite-11-450x300.jpg 450w, https:\/\/visionarymarketing.com\/wp-content\/uploads\/2022\/10\/omnivisibilite-11-768x512.jpg 768w, https:\/\/visionarymarketing.com\/wp-content\/uploads\/2022\/10\/omnivisibilite-11.jpg 1104w\" sizes=\"(max-width: 1024px) 100vw, 1024px\" \/><\/a>\n\t\t\t<\/div><\/figure>\n\t\t<\/div>\n\n<h3>Le barom\u00e8tre de l&rsquo;omnivisibilit\u00e9 2022 : 60 d&rsquo;infos sur la photo et la vid\u00e9o<\/h3>\n<p>Le <a href=\"http:\/\/vismktg.info\/omni22\" target=\"_blank\" rel=\"noopener\">Barom\u00e8tre de l&rsquo;Omnivisibilit\u00e9<\/a> met \u00e0 disposition des marketeurs et communicants, comme aux professionnels de l\u2019image, un outil de travail de 60 pages, qui, nous l\u2019esp\u00e9rons, leur sera utile.<\/p>\n<p><a href=\"http:\/\/vismktg.info\/omni22 \"><img decoding=\"async\" class=\"aligncenter wp-image-71915 size-full\" src=\"https:\/\/visionarymarketing.com\/wp-content\/uploads\/2022\/10\/je-telecharge-l-etude.png\" alt=\"Je t\u00e9l\u00e9charge l'\u00e9tude\" width=\"450\" height=\"75\" \/><\/a><\/p>\n<p><em>Ce terme d&rsquo;omnivisibilit\u00e9 ne vient pas de nulle part, il est issu d&rsquo;une vid\u00e9o interview de Thierry Maillet r\u00e9alis\u00e9e l&rsquo;an dernier :\u00a0<\/em><\/p>\n<p><iframe title=\"[FR] L&#039;ominivisibilit\u00e9 et les 4 m\u00e9thodes de production d&#039;images pour les marques\" width=\"500\" height=\"281\" src=\"https:\/\/www.youtube.com\/embed\/CkwPQgQ82_w?feature=oembed\" frameborder=\"0\" allow=\"accelerometer; autoplay; clipboard-write; encrypted-media; gyroscope; picture-in-picture; web-share\" referrerpolicy=\"strict-origin-when-cross-origin\" allowfullscreen><\/iframe><\/p>\n<p>&nbsp;<\/p>\n","protected":false},"excerpt":{"rendered":"<p>Le Barom\u00e8tre Omnivisibilit\u00e9 : usages de la photo et de la vid\u00e9o par les\u00a0entreprises\u00a0fran\u00e7aises en 2022, a \u00e9t\u00e9\u00a0r\u00e9alis\u00e9 \u00e0 partir d&rsquo;une enqu\u00eate en ligne men\u00e9e par Visionary Marketing pour le compte de Ooshot, a \u00e9t\u00e9 lanc\u00e9 au printemps dernier. Alors que l&rsquo;ann\u00e9e se termine nous vous proposons une r\u00e9trospective ici sur ce Barom\u00e8tre, et le &hellip;<\/p>\n","protected":false},"author":41,"featured_media":72123,"comment_status":"open","ping_status":"open","sticky":false,"template":"","format":"standard","meta":{"footnotes":""},"categories":[1613],"tags":[],"class_list":["post-72100","post","type-post","status-publish","format-standard","has-post-thumbnail","hentry","category-marketing-digital-marketing"],"yoast_head":"<!-- This site is optimized with the Yoast SEO plugin v27.5 - https:\/\/yoast.com\/product\/yoast-seo-wordpress\/ -->\n<title>Barom\u00e8tre Omnivisibilit\u00e9 : usages de la photographie et de la vid\u00e9o<\/title>\n<meta name=\"description\" content=\"Barom\u00e8tre Omnivisibilit\u00e9 : usages de la photographie et de la vid\u00e9o par les entreprises fran\u00e7aises en 2022\" \/>\n<meta name=\"robots\" content=\"index, follow, max-snippet:-1, max-image-preview:large, max-video-preview:-1\" \/>\n<link rel=\"canonical\" href=\"https:\/\/visionarymarketing.com\/fr\/2022\/12\/07\/barometre-omnivisibilite-2022\/\" \/>\n<meta property=\"og:locale\" content=\"fr_FR\" \/>\n<meta property=\"og:type\" content=\"article\" \/>\n<meta property=\"og:title\" content=\"Barom\u00e8tre Omnivisibilit\u00e9 : usages de la photographie et de la vid\u00e9o\" \/>\n<meta property=\"og:description\" content=\"Barom\u00e8tre Omnivisibilit\u00e9 : usages de la photographie et de la vid\u00e9o par les entreprises fran\u00e7aises en 2022\" \/>\n<meta property=\"og:url\" content=\"https:\/\/visionarymarketing.com\/fr\/2022\/12\/07\/barometre-omnivisibilite-2022\/\" \/>\n<meta property=\"og:site_name\" content=\"Marketing and Innovation\" \/>\n<meta property=\"article:publisher\" content=\"https:\/\/www.facebook.com\/vismktg\" \/>\n<meta property=\"article:published_time\" content=\"2022-12-07T05:20:31+00:00\" \/>\n<meta property=\"article:modified_time\" content=\"2022-12-21T15:29:24+00:00\" \/>\n<meta property=\"og:image\" content=\"https:\/\/visionarymarketing.com\/wp-content\/uploads\/2022\/10\/barometre-omnivisibilite-2022-e1670390589118.jpg\" \/>\n\t<meta property=\"og:image:width\" content=\"520\" \/>\n\t<meta property=\"og:image:height\" content=\"340\" \/>\n\t<meta property=\"og:image:type\" content=\"image\/jpeg\" \/>\n<meta name=\"author\" content=\"Isabelle Lefaucheur\" \/>\n<meta name=\"twitter:card\" content=\"summary_large_image\" \/>\n<meta name=\"twitter:creator\" content=\"@isalef75\" \/>\n<meta name=\"twitter:site\" content=\"@ygourven\" \/>\n<meta name=\"twitter:label1\" content=\"\u00c9crit par\" \/>\n\t<meta name=\"twitter:data1\" content=\"Isabelle Lefaucheur\" \/>\n\t<meta name=\"twitter:label2\" content=\"Dur\u00e9e de lecture estim\u00e9e\" \/>\n\t<meta name=\"twitter:data2\" content=\"6 minutes\" \/>\n<script type=\"application\/ld+json\" class=\"yoast-schema-graph\">{\"@context\":\"https:\\\/\\\/schema.org\",\"@graph\":[{\"@type\":\"NewsArticle\",\"@id\":\"https:\\\/\\\/visionarymarketing.com\\\/fr\\\/2022\\\/12\\\/07\\\/barometre-omnivisibilite-2022\\\/#article\",\"isPartOf\":{\"@id\":\"https:\\\/\\\/visionarymarketing.com\\\/fr\\\/2022\\\/12\\\/07\\\/barometre-omnivisibilite-2022\\\/\"},\"author\":{\"name\":\"Isabelle Lefaucheur\",\"@id\":\"https:\\\/\\\/visionarymarketing.com\\\/fr\\\/#\\\/schema\\\/person\\\/dd8adec3ca792a408ff6b4bea5fea497\"},\"headline\":\"Usages photo \\\/ vid\u00e9o des entreprises fran\u00e7aises\",\"datePublished\":\"2022-12-07T05:20:31+00:00\",\"dateModified\":\"2022-12-21T15:29:24+00:00\",\"mainEntityOfPage\":{\"@id\":\"https:\\\/\\\/visionarymarketing.com\\\/fr\\\/2022\\\/12\\\/07\\\/barometre-omnivisibilite-2022\\\/\"},\"wordCount\":1168,\"commentCount\":0,\"image\":{\"@id\":\"https:\\\/\\\/visionarymarketing.com\\\/fr\\\/2022\\\/12\\\/07\\\/barometre-omnivisibilite-2022\\\/#primaryimage\"},\"thumbnailUrl\":\"https:\\\/\\\/visionarymarketing.com\\\/wp-content\\\/uploads\\\/2022\\\/10\\\/barometre-omnivisibilite-2022-e1670390589118.jpg\",\"articleSection\":[\"marketing digital\"],\"inLanguage\":\"fr-FR\",\"potentialAction\":[{\"@type\":\"CommentAction\",\"name\":\"Comment\",\"target\":[\"https:\\\/\\\/visionarymarketing.com\\\/fr\\\/2022\\\/12\\\/07\\\/barometre-omnivisibilite-2022\\\/#respond\"]}]},{\"@type\":\"WebPage\",\"@id\":\"https:\\\/\\\/visionarymarketing.com\\\/fr\\\/2022\\\/12\\\/07\\\/barometre-omnivisibilite-2022\\\/\",\"url\":\"https:\\\/\\\/visionarymarketing.com\\\/fr\\\/2022\\\/12\\\/07\\\/barometre-omnivisibilite-2022\\\/\",\"name\":\"Barom\u00e8tre Omnivisibilit\u00e9 : usages de la photographie et de la vid\u00e9o\",\"isPartOf\":{\"@id\":\"https:\\\/\\\/visionarymarketing.com\\\/fr\\\/#website\"},\"primaryImageOfPage\":{\"@id\":\"https:\\\/\\\/visionarymarketing.com\\\/fr\\\/2022\\\/12\\\/07\\\/barometre-omnivisibilite-2022\\\/#primaryimage\"},\"image\":{\"@id\":\"https:\\\/\\\/visionarymarketing.com\\\/fr\\\/2022\\\/12\\\/07\\\/barometre-omnivisibilite-2022\\\/#primaryimage\"},\"thumbnailUrl\":\"https:\\\/\\\/visionarymarketing.com\\\/wp-content\\\/uploads\\\/2022\\\/10\\\/barometre-omnivisibilite-2022-e1670390589118.jpg\",\"datePublished\":\"2022-12-07T05:20:31+00:00\",\"dateModified\":\"2022-12-21T15:29:24+00:00\",\"author\":{\"@id\":\"https:\\\/\\\/visionarymarketing.com\\\/fr\\\/#\\\/schema\\\/person\\\/dd8adec3ca792a408ff6b4bea5fea497\"},\"description\":\"Barom\u00e8tre Omnivisibilit\u00e9 : usages de la photographie et de la vid\u00e9o par les entreprises fran\u00e7aises en 2022\",\"breadcrumb\":{\"@id\":\"https:\\\/\\\/visionarymarketing.com\\\/fr\\\/2022\\\/12\\\/07\\\/barometre-omnivisibilite-2022\\\/#breadcrumb\"},\"inLanguage\":\"fr-FR\",\"potentialAction\":[{\"@type\":\"ReadAction\",\"target\":[\"https:\\\/\\\/visionarymarketing.com\\\/fr\\\/2022\\\/12\\\/07\\\/barometre-omnivisibilite-2022\\\/\"]}]},{\"@type\":\"ImageObject\",\"inLanguage\":\"fr-FR\",\"@id\":\"https:\\\/\\\/visionarymarketing.com\\\/fr\\\/2022\\\/12\\\/07\\\/barometre-omnivisibilite-2022\\\/#primaryimage\",\"url\":\"https:\\\/\\\/visionarymarketing.com\\\/wp-content\\\/uploads\\\/2022\\\/10\\\/barometre-omnivisibilite-2022-e1670390589118.jpg\",\"contentUrl\":\"https:\\\/\\\/visionarymarketing.com\\\/wp-content\\\/uploads\\\/2022\\\/10\\\/barometre-omnivisibilite-2022-e1670390589118.jpg\",\"width\":520,\"height\":340},{\"@type\":\"BreadcrumbList\",\"@id\":\"https:\\\/\\\/visionarymarketing.com\\\/fr\\\/2022\\\/12\\\/07\\\/barometre-omnivisibilite-2022\\\/#breadcrumb\",\"itemListElement\":[{\"@type\":\"ListItem\",\"position\":1,\"name\":\"Home\",\"item\":\"https:\\\/\\\/visionarymarketing.com\\\/fr\\\/\"},{\"@type\":\"ListItem\",\"position\":2,\"name\":\"Usages photo \\\/ vid\u00e9o des entreprises fran\u00e7aises\"}]},{\"@type\":\"WebSite\",\"@id\":\"https:\\\/\\\/visionarymarketing.com\\\/fr\\\/#website\",\"url\":\"https:\\\/\\\/visionarymarketing.com\\\/fr\\\/\",\"name\":\"Marketing and Innovation\",\"description\":\"Site d&#039;infos ind\u00e9pendant, depuis 1996\",\"potentialAction\":[{\"@type\":\"SearchAction\",\"target\":{\"@type\":\"EntryPoint\",\"urlTemplate\":\"https:\\\/\\\/visionarymarketing.com\\\/fr\\\/?s={search_term_string}\"},\"query-input\":{\"@type\":\"PropertyValueSpecification\",\"valueRequired\":true,\"valueName\":\"search_term_string\"}}],\"inLanguage\":\"fr-FR\"},{\"@type\":\"Person\",\"@id\":\"https:\\\/\\\/visionarymarketing.com\\\/fr\\\/#\\\/schema\\\/person\\\/dd8adec3ca792a408ff6b4bea5fea497\",\"name\":\"Isabelle Lefaucheur\",\"image\":{\"@type\":\"ImageObject\",\"inLanguage\":\"fr-FR\",\"@id\":\"https:\\\/\\\/secure.gravatar.com\\\/avatar\\\/17257f8c913015ac1ff23a9254cbe68f18f6e8c09e28e59af054b328d494d779?s=96&d=initials&r=g&initials=is\",\"url\":\"https:\\\/\\\/secure.gravatar.com\\\/avatar\\\/17257f8c913015ac1ff23a9254cbe68f18f6e8c09e28e59af054b328d494d779?s=96&d=initials&r=g&initials=is\",\"contentUrl\":\"https:\\\/\\\/secure.gravatar.com\\\/avatar\\\/17257f8c913015ac1ff23a9254cbe68f18f6e8c09e28e59af054b328d494d779?s=96&d=initials&r=g&initials=is\",\"caption\":\"Isabelle Lefaucheur\"},\"description\":\"Isabelle est consultante en organisation et suivi des projets chez Visionary Marketing. Elle a une exp\u00e9rience de 15 ann\u00e9es dans le web marketing \u00e0 la co-direction de la Web Agency Medianet (cr\u00e9\u00e9e en 1998, et sp\u00e9cialis\u00e9e dans la cr\u00e9ation et l'h\u00e9bergement de sites internet orient\u00e9s Tourisme). Elle a rejoint Visionary Marketing au d\u00e9but de 2016. https:\\\/\\\/www.linkedin.com\\\/in\\\/isabelle-lefaucheur-42523346\\\/\",\"sameAs\":[\"http:\\\/\\\/visionarymarketing.com\",\"https:\\\/\\\/x.com\\\/isalef75\"],\"url\":\"https:\\\/\\\/visionarymarketing.com\\\/fr\\\/author\\\/isabelle-lefaucheur\\\/\"}]}<\/script>\n<!-- \/ Yoast SEO plugin. -->","yoast_head_json":{"title":"Barom\u00e8tre Omnivisibilit\u00e9 : usages de la photographie et de la vid\u00e9o","description":"Barom\u00e8tre Omnivisibilit\u00e9 : usages de la photographie et de la vid\u00e9o par les entreprises fran\u00e7aises en 2022","robots":{"index":"index","follow":"follow","max-snippet":"max-snippet:-1","max-image-preview":"max-image-preview:large","max-video-preview":"max-video-preview:-1"},"canonical":"https:\/\/visionarymarketing.com\/fr\/2022\/12\/07\/barometre-omnivisibilite-2022\/","og_locale":"fr_FR","og_type":"article","og_title":"Barom\u00e8tre Omnivisibilit\u00e9 : usages de la photographie et de la vid\u00e9o","og_description":"Barom\u00e8tre Omnivisibilit\u00e9 : usages de la photographie et de la vid\u00e9o par les entreprises fran\u00e7aises en 2022","og_url":"https:\/\/visionarymarketing.com\/fr\/2022\/12\/07\/barometre-omnivisibilite-2022\/","og_site_name":"Marketing and Innovation","article_publisher":"https:\/\/www.facebook.com\/vismktg","article_published_time":"2022-12-07T05:20:31+00:00","article_modified_time":"2022-12-21T15:29:24+00:00","og_image":[{"width":520,"height":340,"url":"https:\/\/visionarymarketing.com\/wp-content\/uploads\/2022\/10\/barometre-omnivisibilite-2022-e1670390589118.jpg","type":"image\/jpeg"}],"author":"Isabelle Lefaucheur","twitter_card":"summary_large_image","twitter_creator":"@isalef75","twitter_site":"@ygourven","twitter_misc":{"\u00c9crit par":"Isabelle Lefaucheur","Dur\u00e9e de lecture estim\u00e9e":"6 minutes"},"schema":{"@context":"https:\/\/schema.org","@graph":[{"@type":"NewsArticle","@id":"https:\/\/visionarymarketing.com\/fr\/2022\/12\/07\/barometre-omnivisibilite-2022\/#article","isPartOf":{"@id":"https:\/\/visionarymarketing.com\/fr\/2022\/12\/07\/barometre-omnivisibilite-2022\/"},"author":{"name":"Isabelle Lefaucheur","@id":"https:\/\/visionarymarketing.com\/fr\/#\/schema\/person\/dd8adec3ca792a408ff6b4bea5fea497"},"headline":"Usages photo \/ vid\u00e9o des entreprises fran\u00e7aises","datePublished":"2022-12-07T05:20:31+00:00","dateModified":"2022-12-21T15:29:24+00:00","mainEntityOfPage":{"@id":"https:\/\/visionarymarketing.com\/fr\/2022\/12\/07\/barometre-omnivisibilite-2022\/"},"wordCount":1168,"commentCount":0,"image":{"@id":"https:\/\/visionarymarketing.com\/fr\/2022\/12\/07\/barometre-omnivisibilite-2022\/#primaryimage"},"thumbnailUrl":"https:\/\/visionarymarketing.com\/wp-content\/uploads\/2022\/10\/barometre-omnivisibilite-2022-e1670390589118.jpg","articleSection":["marketing digital"],"inLanguage":"fr-FR","potentialAction":[{"@type":"CommentAction","name":"Comment","target":["https:\/\/visionarymarketing.com\/fr\/2022\/12\/07\/barometre-omnivisibilite-2022\/#respond"]}]},{"@type":"WebPage","@id":"https:\/\/visionarymarketing.com\/fr\/2022\/12\/07\/barometre-omnivisibilite-2022\/","url":"https:\/\/visionarymarketing.com\/fr\/2022\/12\/07\/barometre-omnivisibilite-2022\/","name":"Barom\u00e8tre Omnivisibilit\u00e9 : usages de la photographie et de la vid\u00e9o","isPartOf":{"@id":"https:\/\/visionarymarketing.com\/fr\/#website"},"primaryImageOfPage":{"@id":"https:\/\/visionarymarketing.com\/fr\/2022\/12\/07\/barometre-omnivisibilite-2022\/#primaryimage"},"image":{"@id":"https:\/\/visionarymarketing.com\/fr\/2022\/12\/07\/barometre-omnivisibilite-2022\/#primaryimage"},"thumbnailUrl":"https:\/\/visionarymarketing.com\/wp-content\/uploads\/2022\/10\/barometre-omnivisibilite-2022-e1670390589118.jpg","datePublished":"2022-12-07T05:20:31+00:00","dateModified":"2022-12-21T15:29:24+00:00","author":{"@id":"https:\/\/visionarymarketing.com\/fr\/#\/schema\/person\/dd8adec3ca792a408ff6b4bea5fea497"},"description":"Barom\u00e8tre Omnivisibilit\u00e9 : usages de la photographie et de la vid\u00e9o par les entreprises fran\u00e7aises en 2022","breadcrumb":{"@id":"https:\/\/visionarymarketing.com\/fr\/2022\/12\/07\/barometre-omnivisibilite-2022\/#breadcrumb"},"inLanguage":"fr-FR","potentialAction":[{"@type":"ReadAction","target":["https:\/\/visionarymarketing.com\/fr\/2022\/12\/07\/barometre-omnivisibilite-2022\/"]}]},{"@type":"ImageObject","inLanguage":"fr-FR","@id":"https:\/\/visionarymarketing.com\/fr\/2022\/12\/07\/barometre-omnivisibilite-2022\/#primaryimage","url":"https:\/\/visionarymarketing.com\/wp-content\/uploads\/2022\/10\/barometre-omnivisibilite-2022-e1670390589118.jpg","contentUrl":"https:\/\/visionarymarketing.com\/wp-content\/uploads\/2022\/10\/barometre-omnivisibilite-2022-e1670390589118.jpg","width":520,"height":340},{"@type":"BreadcrumbList","@id":"https:\/\/visionarymarketing.com\/fr\/2022\/12\/07\/barometre-omnivisibilite-2022\/#breadcrumb","itemListElement":[{"@type":"ListItem","position":1,"name":"Home","item":"https:\/\/visionarymarketing.com\/fr\/"},{"@type":"ListItem","position":2,"name":"Usages photo \/ vid\u00e9o des entreprises fran\u00e7aises"}]},{"@type":"WebSite","@id":"https:\/\/visionarymarketing.com\/fr\/#website","url":"https:\/\/visionarymarketing.com\/fr\/","name":"Marketing and Innovation","description":"Site d&#039;infos ind\u00e9pendant, depuis 1996","potentialAction":[{"@type":"SearchAction","target":{"@type":"EntryPoint","urlTemplate":"https:\/\/visionarymarketing.com\/fr\/?s={search_term_string}"},"query-input":{"@type":"PropertyValueSpecification","valueRequired":true,"valueName":"search_term_string"}}],"inLanguage":"fr-FR"},{"@type":"Person","@id":"https:\/\/visionarymarketing.com\/fr\/#\/schema\/person\/dd8adec3ca792a408ff6b4bea5fea497","name":"Isabelle Lefaucheur","image":{"@type":"ImageObject","inLanguage":"fr-FR","@id":"https:\/\/secure.gravatar.com\/avatar\/17257f8c913015ac1ff23a9254cbe68f18f6e8c09e28e59af054b328d494d779?s=96&d=initials&r=g&initials=is","url":"https:\/\/secure.gravatar.com\/avatar\/17257f8c913015ac1ff23a9254cbe68f18f6e8c09e28e59af054b328d494d779?s=96&d=initials&r=g&initials=is","contentUrl":"https:\/\/secure.gravatar.com\/avatar\/17257f8c913015ac1ff23a9254cbe68f18f6e8c09e28e59af054b328d494d779?s=96&d=initials&r=g&initials=is","caption":"Isabelle Lefaucheur"},"description":"Isabelle est consultante en organisation et suivi des projets chez Visionary Marketing. Elle a une exp\u00e9rience de 15 ann\u00e9es dans le web marketing \u00e0 la co-direction de la Web Agency Medianet (cr\u00e9\u00e9e en 1998, et sp\u00e9cialis\u00e9e dans la cr\u00e9ation et l'h\u00e9bergement de sites internet orient\u00e9s Tourisme). Elle a rejoint Visionary Marketing au d\u00e9but de 2016. https:\/\/www.linkedin.com\/in\/isabelle-lefaucheur-42523346\/","sameAs":["http:\/\/visionarymarketing.com","https:\/\/x.com\/isalef75"],"url":"https:\/\/visionarymarketing.com\/fr\/author\/isabelle-lefaucheur\/"}]}},"_links":{"self":[{"href":"https:\/\/visionarymarketing.com\/fr\/wp-json\/wp\/v2\/posts\/72100","targetHints":{"allow":["GET"]}}],"collection":[{"href":"https:\/\/visionarymarketing.com\/fr\/wp-json\/wp\/v2\/posts"}],"about":[{"href":"https:\/\/visionarymarketing.com\/fr\/wp-json\/wp\/v2\/types\/post"}],"author":[{"embeddable":true,"href":"https:\/\/visionarymarketing.com\/fr\/wp-json\/wp\/v2\/users\/41"}],"replies":[{"embeddable":true,"href":"https:\/\/visionarymarketing.com\/fr\/wp-json\/wp\/v2\/comments?post=72100"}],"version-history":[{"count":0,"href":"https:\/\/visionarymarketing.com\/fr\/wp-json\/wp\/v2\/posts\/72100\/revisions"}],"wp:featuredmedia":[{"embeddable":true,"href":"https:\/\/visionarymarketing.com\/fr\/wp-json\/wp\/v2\/media\/72123"}],"wp:attachment":[{"href":"https:\/\/visionarymarketing.com\/fr\/wp-json\/wp\/v2\/media?parent=72100"}],"wp:term":[{"taxonomy":"category","embeddable":true,"href":"https:\/\/visionarymarketing.com\/fr\/wp-json\/wp\/v2\/categories?post=72100"},{"taxonomy":"post_tag","embeddable":true,"href":"https:\/\/visionarymarketing.com\/fr\/wp-json\/wp\/v2\/tags?post=72100"}],"curies":[{"name":"wp","href":"https:\/\/api.w.org\/{rel}","templated":true}]}}