{"id":71003,"date":"2022-08-18T08:00:52","date_gmt":"2022-08-18T06:00:52","guid":{"rendered":"https:\/\/visionarymarketing.com\/?p=71003"},"modified":"2025-01-20T15:47:18","modified_gmt":"2025-01-20T14:47:18","slug":"b2b-et-b2c","status":"publish","type":"post","link":"https:\/\/visionarymarketing.com\/fr\/2022\/08\/18\/b2b-et-b2c\/","title":{"rendered":"Le B2B m\u00e9rite une plus grande couverture m\u00e9diatique"},"content":{"rendered":"<p><i>B2B et B2C ont-ils\u00a0droit \u00e0 une exposition m\u00e9diatique proportionnelle \u00e0 leur importance ? J&rsquo;observe au contraire que la couverture\u00a0m\u00e9dia\u00a0du B2C est disproportionn\u00e9e, notamment dans le domaine des\u00a0hautes technologies. Ceci s&rsquo;explique sans doute par le fait\u00a0que les m\u00e9dias,\u00a0pour\u00a0plaire au\u00a0lecteur, se focalisent sur des anecdotes faciles \u00e0 comprendre,\u00a0embellies de titres\u00a0accrocheurs et \u00e9vocateurs pour ces publics. Pour mieux comprendre la raison de ce d\u00e9s\u00e9quilibre, Visionary Marketing a interview\u00e9 Dave Sobel. Dave est l&rsquo;animateur du podcast Business of Tech et un acteur reconnu des services informatiques aux entreprises. [NDLR Cet article a \u00e9t\u00e9 r\u00e9dig\u00e9 par Mandy Phillips, \u00e9tudiante am\u00e9ricaine, dans le cadre de son\u00a0stage chez\u00a0Visionary Marketing durant l&rsquo;\u00e9t\u00e9 2022]<\/i><\/p>\n<h2>B2B et B2C : Pourquoi le B2B compte et m\u00e9rite une plus grande couverture m\u00e9diatique<\/h2>\n<figure id=\"attachment_82467\" aria-describedby=\"caption-attachment-82467\" style=\"width: 1920px\" class=\"wp-caption aligncenter\"><img decoding=\"async\" class=\"wp-image-82467 size-full\" src=\"https:\/\/visionarymarketing.com\/wp-content\/uploads\/2022\/08\/wsj-le-monde-newspapers.jpg\" alt=\"B2B et B2C : Pourquoi le B2B compte et m\u00e9rite une plus grande couverture m\u00e9diatique\" width=\"1920\" height=\"1080\" srcset=\"https:\/\/visionarymarketing.com\/wp-content\/uploads\/2022\/08\/wsj-le-monde-newspapers.jpg 1920w, https:\/\/visionarymarketing.com\/wp-content\/uploads\/2022\/08\/wsj-le-monde-newspapers-500x281.jpg 500w, https:\/\/visionarymarketing.com\/wp-content\/uploads\/2022\/08\/wsj-le-monde-newspapers-1024x576.jpg 1024w, https:\/\/visionarymarketing.com\/wp-content\/uploads\/2022\/08\/wsj-le-monde-newspapers-768x432.jpg 768w, https:\/\/visionarymarketing.com\/wp-content\/uploads\/2022\/08\/wsj-le-monde-newspapers-1536x864.jpg 1536w, https:\/\/visionarymarketing.com\/wp-content\/uploads\/2022\/08\/wsj-le-monde-newspapers-390x220.jpg 390w\" sizes=\"(max-width: 1920px) 100vw, 1920px\" \/><figcaption id=\"caption-attachment-82467\" class=\"wp-caption-text\">B2B et B2C ne sont pas forc\u00e9ment repr\u00e9sent\u00e9s de mani\u00e8re \u00e9quitable dans la presse nous dit Mandy Phillips, sauf peut-\u00eatre dans quelques publications tr\u00e8s s\u00e9rieuses comme le Wall Street Journal<\/figcaption><\/figure>\n<h3>Une situation tendue<\/h3>\n<p>Je suis actuellement \u00e9tudiante \u00e0 l&rsquo;universit\u00e9, sur le point d&rsquo;obtenir mon dipl\u00f4me, et l&rsquo;heure est venue de trouver un emploi lucratif dans un secteur porteur. Tous les \u00e9tudiants sont confront\u00e9s \u00e0 cette situation et je ne dois pas \u00eatre la seule \u00e0 \u00eatre un peu tendue.<br \/>\n<!--more--><br \/>\nC&rsquo;est en effet l&rsquo;aboutissement de toutes mes ann\u00e9es d&rsquo;\u00e9tudes. Et je vois mes amis plus \u00e2g\u00e9s d\u00e9crocher des emplois dans des entreprises telles qu&rsquo;Apple et Facebook. J&rsquo;admets ind\u00e9niablement que le fait de dire que l&rsquo;on travaille pour un g\u00e9ant de la technologie a de l&rsquo;allure et fait tourner les t\u00eates.<\/p>\n<p>Mais ce podcast sur les services informatiques B2B (et leur comparaison au B2C) m&rsquo;a incit\u00e9 \u00e0 approfondir mes recherches et \u00e0 remettre en question mes objectifs de recherche d&#8217;emploi, largement influenc\u00e9s par ce que j&rsquo;ai entendu r\u00e9p\u00e9ter autour de moi.<\/p>\n<h3>Pourquoi sommes-nous tous obnubil\u00e9s par le marketing au consommateur ?<\/h3>\n<p>Tout au long de mes \u00e9tudes de commerce, on m&rsquo;a appris \u00e0 penser uniquement en r\u00e9f\u00e9rence aux consommateurs.<\/p>\n<p>Que veulent-ils ? De quoi ont-ils besoin ? Ce mod\u00e8le commercial est commun\u00e9ment appel\u00e9 <a href=\"https:\/\/www.thesmbguide.com\/business-to-consumer\"><b>Business-to-Consumer (B2C)<\/b><\/a> ou Direct-to-Consumer, un mod\u00e8le o\u00f9 une entreprise se concentre sur la vente de produits ou services directement aux clients finals.<\/p>\n<p>Je n&rsquo;avais auparavant jamais pens\u00e9 aux services interentreprises, notamment dans le secteur des technologies. Le\u00a0<b><a href=\"https:\/\/www.techtarget.com\/searchcio\/definition\/B2B\">Business-to-Business (B2B<\/a>) <\/b>concerne les\u00a0entreprises qui effectuent une transaction commerciale avec une autre entreprise, qu&rsquo;il s&rsquo;agisse d&rsquo;un service, d&rsquo;un produit ou d&rsquo;une collaboration.<\/p>\n<p>Vous trouverez ci-dessous <strong><a href=\"https:\/\/customerthink.com\/4-key-differences-between-b2b-and-b2c-to-consider-when-strategizing\/\">des diff\u00e9rences cl\u00e9s<\/a><\/strong> entre les deux mod\u00e8les.<\/p>\n<figure id=\"attachment_71021\" aria-describedby=\"caption-attachment-71021\" style=\"width: 800px\" class=\"wp-caption alignright\"><img decoding=\"async\" class=\"wp-image-71021 size-full\" src=\"https:\/\/visionarymarketing.com\/wp-content\/uploads\/2022\/08\/fr-b2bvsb2c-com-59160517.png\" alt=\"B2B et B2C\" width=\"800\" height=\"1529\" srcset=\"https:\/\/visionarymarketing.com\/wp-content\/uploads\/2022\/08\/fr-b2bvsb2c-com-59160517.png 800w, https:\/\/visionarymarketing.com\/wp-content\/uploads\/2022\/08\/fr-b2bvsb2c-com-59160517-157x300.png 157w, https:\/\/visionarymarketing.com\/wp-content\/uploads\/2022\/08\/fr-b2bvsb2c-com-59160517-536x1024.png 536w, https:\/\/visionarymarketing.com\/wp-content\/uploads\/2022\/08\/fr-b2bvsb2c-com-59160517-768x1468.png 768w\" sizes=\"(max-width: 800px) 100vw, 800px\" \/><figcaption id=\"caption-attachment-71021\" class=\"wp-caption-text\">Infographie comparative B2B et B2C par Mandy Phillips<\/figcaption><\/figure>\n<h3>Le BtoB dans l&rsquo;esprit du grand public<\/h3>\n<blockquote class=\"quote-light\"><p>Je me souviens vaguement d&rsquo;un de mes professeurs qui a mentionn\u00e9 ce mot \u00ab\u00a0B2B\u00a0\u00bb, bri\u00e8vement, au milieu d&rsquo;une phrase en passant, puis a poursuivi sa le\u00e7on<\/p><\/blockquote>\n<p>Il ne m&rsquo;a pas aid\u00e9 \u00e0 \u00e9valuer l&rsquo;importance du B2B. Ajoutons que personne dans cette classe n&rsquo;a eu l&rsquo;id\u00e9e de se poser la question non plus.<\/p>\n<p>Les \u00e9tudiants apprennent comment les entreprises s&rsquo;approvisionnent en mat\u00e9riaux pour leur production ou comment elles externalisent la fabrication des produits&#8230; Mais cela semble toujours \u00e9voqu\u00e9 comme un simple prologue \u00e0 la sortie d&rsquo;un produit destin\u00e9 \u00e0 un consommateur.<\/p>\n<p>Mes camarades et moi-m\u00eame sommes donc encourag\u00e9s \u00e0 intervenir au point culminant de l&rsquo;histoire du produit et \u00e0 commercialiser, vendre et livrer au consommateur.<\/p>\n<h3>B2B vs B2C : on parle trop peu du business to business<\/h3>\n<p>On parle peu des services B2B apr\u00e8s la fabrication du produit et on ne met pas l&rsquo;accent sur les opportunit\u00e9s B2B actuelles.<\/p>\n<p>En outre, les m\u00e9dias grand public qui parlent de ces sujets ne sont pas l\u00e9gion.<\/p>\n<p>Je pense que si je n&rsquo;ai pas re\u00e7u un enseignement suffisamment approfondi sur le B2B, c&rsquo;est peut-\u00eatre aussi parce que les m\u00e9dias n&rsquo;y pr\u00eatent pas suffisamment attention.<\/p>\n<p>En effet, ces derniers <a href=\"https:\/\/unctad.org\/press-material\/global-e-commerce-jumps-267-trillion-covid-19-boosts-online-retail-sales\">ont tendance \u00e0 se concentrer sur le B2C<\/a> et comme celui-ci concentre l&rsquo;attention du plus grand nombre, on pense \u00e0 tort qu&rsquo;il est le v\u00e9ritable moteur du commerce, qu&rsquo;il g\u00e9n\u00e8re plus de revenus et donc qu&rsquo;il est donc plus important.<\/p>\n<h3>Dave Sobel : Le B2B demande beaucoup d&rsquo;attention et de recherche<\/h3>\n<p><strong><a href=\"https:\/\/www.linkedin.com\/in\/davesobel\">Dave Sobel<\/a><\/strong>, animateur de l&rsquo;\u00e9mission <strong><a href=\"https:\/\/www.mspradio.com\">Business of Tech<\/a>,<\/strong>\u00a0un acteur de premier plan dans la prestation de services informatiques, a fait de cette disparit\u00e9 son m\u00e9tier.<\/p>\n<p>Dans ce podcast, Sobel explique que ce ph\u00e9nom\u00e8ne s&rsquo;explique par le fait que le B2B est \u00ab\u00a0plus ardu\u00a0\u00bb.<\/p>\n<p>Comprendre les niches au sein du B2B est tr\u00e8s complexe. Il y a aussi le d\u00e9fi suppl\u00e9mentaire de rendre ces sujets professionnels \u00ab\u00a0digestes\u00a0\u00bb pour le grand public.<\/p>\n<blockquote class=\"quote-light\"><p>Le B2B est d&rsquo;abord difficile et demande beaucoup de temps, d&rsquo;attention et de travail. Ce n&rsquo;est pas n\u00e9cessairement la tasse de th\u00e9 des journalistes qui essaient de toucher les masses et d&rsquo;int\u00e9resser le consommateur final<\/p><\/blockquote>\n<p>Le monde de la high-tech en particulier est attir\u00e9 par les sujets universels, qu&rsquo;il s&rsquo;agisse des<strong> <a href=\"https:\/\/www.sciencefocus.com\/future-technology\/cool-gadgets\/\">derniers gadgets \u00e0 la mode<\/a><\/strong> ou l&rsquo;endroit <strong><a href=\"https:\/\/electrek.co\/2022\/06\/13\/tesla-considering-sites-new-factory-canada-mexico-us\/\">o\u00f9 sera implant\u00e9e la prochaine usine Tesla<\/a><\/strong>.<\/p>\n<p>Les gens adorent lire des articles sur les start-ups et les\u00a0bidules technologiques, mais ont tendance \u00e0 ignorer le secteur des services et en particulier ceux qui s&rsquo;adressent aux entreprises.<\/p>\n<p>Le fait de se concentrer sur des sujets g\u00e9n\u00e9ralistes rend marginale la publication de billets sur des sujets de niche. En particulier ceux qui sont relatifs aux services B2B.<\/p>\n<h3>B2B et B2C dans le secteur de la haute technologie<\/h3>\n<p>Afin de mieux comprendre les services B2B, Sobel sugg\u00e8re un test.<\/p>\n<p>Demandez \u00e0 n&rsquo;importe quelle entreprise de d\u00e9crire qui l&rsquo;accompagne dans sa mise en place des technologies logicielles ou mat\u00e9rielles.<\/p>\n<p>Vous vous rendrez ainsi compte que \u00ab\u00a0ces m\u00e9tiers concernent un nombre incroyable d&rsquo;entreprises, petites ou grandes\u00a0\u00bb, nous dit-il.<\/p>\n<p>Dans ces entreprises, le travail implique un leadership fort, une gestion de projet au cordeau, des comp\u00e9tences techniques. Aussi bien en ventes qu&rsquo;en marketing.<\/p>\n<p>En particulier, \u00ab\u00a0c&rsquo;est dans le domaine des comp\u00e9tences techniques que les besoins en recrutements sont incroyablement nombreux\u00a0\u00bb. Les besoins de nouveaux profils y sont aussi tr\u00e8s cons\u00e9quents.<\/p>\n<p>Il peut \u00e9galement \u00eatre int\u00e9ressant de commencer dans l&rsquo;une de ces petites organisations, puis de gravir rapidement les \u00e9chelons.<\/p>\n<blockquote class=\"quote-light\"><p>Pour chaque dollar vendu, il n&rsquo;y a que 8\u00a0$ de services en moyenne. Mais pour une entreprise comme Microsoft, c&rsquo;est 12\u00a0$ de services pour chaque dollar vendu !<\/p><\/blockquote>\n<p>Dans l&rsquo;ensemble, <strong><a href=\"https:\/\/thrivemyway.com\/b2b-marketing-stats\/\">les entreprises B2B ont tendance \u00e0 \u00eatre plus performantes<\/a><\/strong> que les entreprises B2C.<\/p>\n<figure id=\"attachment_71019\" aria-describedby=\"caption-attachment-71019\" style=\"width: 800px\" class=\"wp-caption alignright\"><img decoding=\"async\" class=\"wp-image-71019 size-full\" src=\"https:\/\/visionarymarketing.com\/wp-content\/uploads\/2022\/08\/fr-6-chiffres-b-59352906-2.png\" alt=\"B2B et B2C\" width=\"800\" height=\"1222\" srcset=\"https:\/\/visionarymarketing.com\/wp-content\/uploads\/2022\/08\/fr-6-chiffres-b-59352906-2.png 800w, https:\/\/visionarymarketing.com\/wp-content\/uploads\/2022\/08\/fr-6-chiffres-b-59352906-2-196x300.png 196w, https:\/\/visionarymarketing.com\/wp-content\/uploads\/2022\/08\/fr-6-chiffres-b-59352906-2-670x1024.png 670w, https:\/\/visionarymarketing.com\/wp-content\/uploads\/2022\/08\/fr-6-chiffres-b-59352906-2-768x1173.png 768w\" sizes=\"(max-width: 800px) 100vw, 800px\" \/><figcaption id=\"caption-attachment-71019\" class=\"wp-caption-text\">Les chiffres importants \u00e0 conna\u00eetre sur l&rsquo;importance du B2B par Mandy Phillips pour Visionary Marketing<\/figcaption><\/figure>\n<figure id=\"attachment_71415\" aria-describedby=\"caption-attachment-71415\" style=\"width: 161px\" class=\"wp-caption alignright\"><img decoding=\"async\" class=\" wp-image-71415\" src=\"https:\/\/visionarymarketing.com\/wp-content\/uploads\/2022\/08\/b2b-vsbec-podcast.jpg\" alt=\"B2B vs B2C \" width=\"161\" height=\"131\" \/><figcaption id=\"caption-attachment-71415\" class=\"wp-caption-text\">Le podcast de Dave Sobel <a href=\"https:\/\/www.mspradio.com\/show\/business-of-tech\/\" target=\"_blank\" rel=\"noopener\">Business of Tech<\/a><\/figcaption><\/figure>\n<p>Dave Sobel fait remarquer que le secteur des services en B2B offre \u00e9galement de nombreux d\u00e9fis intellectuels \u00e0 relever.<\/p>\n<p>Par exemple, en surface, les projets d&rsquo;int\u00e9gration autour des donn\u00e9es de sant\u00e9 peuvent sembler terriblement ennuyeux.<\/p>\n<p>Pourtant, une autre mani\u00e8re de regarder ce th\u00e8me est d&rsquo;y entrevoir le d\u00e9fi de rendre disponibles des donn\u00e9es vitales. Tout en pr\u00e9servant la confidentialit\u00e9 des donn\u00e9es priv\u00e9es qui transitent d&rsquo;un syst\u00e8me d&rsquo;information \u00e0 un autre.<\/p>\n<p>Voil\u00e0 un exemple de r\u00e9solution d&rsquo;une question complexe dans le cadre des services B2B.<\/p>\n<h3>Le B2B offre plus de valeur<\/h3>\n<p>Une telle solution permet d&rsquo;aider les nombreux acteurs d&rsquo;un processus professionnel. \u00ab\u00a0<strong>Elle a plus de valeur qu&rsquo;une application jetable de retouche de photos<\/strong>\u00ab\u00a0.<\/p>\n<p>Les apparences sont parfois trompeuses.<\/p>\n<blockquote class=\"quote-light\"><p>Pour la m\u00eame raison que nous ne pouvons tous devenir des joueurs de football professionnels, il est n\u00e9cessaire de comprendre que des opportunit\u00e9s r\u00e9elles se cachent derri\u00e8re des sujets apparemment ennuyeux. C&rsquo;est quand on d\u00e9cide de les approfondir que ces sujets-l\u00e0 deviennent passionnants<\/p><\/blockquote>\n<p>Les emplois dans les services en B2B peuvent \u00eatre lucratifs et int\u00e9ressants. Il y a de la beaut\u00e9 dans la complexit\u00e9 et un avenir \u00e0 saisir dans la compr\u00e9hension de cette complexit\u00e9.<\/p>\n<p>Une fois que j&rsquo;aurai obtenu mon dipl\u00f4me, j&rsquo;ai l&rsquo;intention de me tourner vers une carri\u00e8re dans les services B2B. Les \u00e9tudiants qui me lisent feraient bien d&rsquo;en faire de m\u00eame.<\/p>\n<p>Ne manquez pas le podcast de Dave Sobel, The Business of Tech, <a href=\"https:\/\/www.mspradio.com\/show\/business-of-tech\/\">ici<\/a> ou sur la plupart des plateformes d&rsquo;h\u00e9bergement de podcasts.<\/p>\n<h4>Pour en savoir plus sur le B2B, consultez ces articles :<\/h4>\n<ul>\n<li style=\"list-style-type: none;\">\n<ul>\n<li><a href=\"https:\/\/visionarymarketing.com\/fr\/2022\/04\/economie-du-partage-b2b\/\">L&rsquo;\u00e9conomie du partage B2B : Un march\u00e9 de plusieurs trillions de dollars<\/a><\/li>\n<li><a href=\"https:\/\/visionarymarketing.com\/fr\/2021\/10\/networking-b2b\/\">R\u00e9seautage et d\u00e9veloppement de votre activit\u00e9 B2B avec LinkedIn<\/a><\/li>\n<li><a href=\"https:\/\/visionarymarketing.com\/fr\/2021\/07\/leaders-dopinion-btob\/\">Marketing B2B : sommes-nous tous des leaders d&rsquo;opinion potentiels ?<\/a><\/li>\n<\/ul>\n<\/li>\n<\/ul>\n<ul>\n<li style=\"list-style-type: none;\"><\/li>\n<\/ul>\n<ul>\n<li style=\"list-style-type: none;\"><\/li>\n<\/ul>\n<div itemscope itemtype=\"http:\/\/schema.org\/AudioObject\"><meta itemprop=\"name\" content=\"Le B2B m\u00e9rite une plus grande couverture m\u00e9diatique\" \/><meta itemprop=\"uploadDate\" content=\"2022-08-18T08:00:52+02:00\" \/><meta itemprop=\"encodingFormat\" content=\"audio\/mpeg\" \/><meta itemprop=\"duration\" content=\"PT19M42S\" \/><meta itemprop=\"description\" content=\"B2B et B2C ont-ils\u00a0droit \u00e0 une exposition m\u00e9diatique proportionnelle \u00e0 leur importance ? J&#039;observe au contraire que la couverture\u00a0m\u00e9dia\u00a0du B2C est disproportionn\u00e9e, notamment dans le domaine des\u00a0hautes technologies. Ceci s&#039;explique sans doute par le ...\" \/><meta itemprop=\"contentUrl\" content=\"https:\/\/media.blubrry.com\/visionarymarketing_les\/agence.visionarymarketing.com\/files\/podcasts\/2022-08-18-FR-dave-sobel-b2bvsb2c-mixdown.mp3\" \/><meta itemprop=\"contentSize\" content=\"9.7\" \/><div class=\"powerpress_player\" id=\"powerpress_player_3978\"><audio class=\"wp-audio-shortcode\" id=\"audio-71003-1\" preload=\"none\" style=\"width: 100%;\" controls=\"controls\"><source type=\"audio\/mpeg\" src=\"https:\/\/media.blubrry.com\/visionarymarketing_les\/agence.visionarymarketing.com\/files\/podcasts\/2022-08-18-FR-dave-sobel-b2bvsb2c-mixdown.mp3?_=1\" \/><a href=\"https:\/\/media.blubrry.com\/visionarymarketing_les\/agence.visionarymarketing.com\/files\/podcasts\/2022-08-18-FR-dave-sobel-b2bvsb2c-mixdown.mp3\">https:\/\/media.blubrry.com\/visionarymarketing_les\/agence.visionarymarketing.com\/files\/podcasts\/2022-08-18-FR-dave-sobel-b2bvsb2c-mixdown.mp3<\/a><\/audio><\/div><\/div><p class=\"powerpress_links powerpress_links_mp3\" style=\"margin-bottom: 1px !important;\">Podcast: <a href=\"https:\/\/media.blubrry.com\/visionarymarketing_les\/agence.visionarymarketing.com\/files\/podcasts\/2022-08-18-FR-dave-sobel-b2bvsb2c-mixdown.mp3\" class=\"powerpress_link_pinw\" target=\"_blank\" title=\"Play in new window\" onclick=\"return powerpress_pinw('https:\/\/visionarymarketing.com\/fr\/\/?powerpress_pinw=71003-podcast');\" rel=\"nofollow\">Play in new window<\/a> | <a href=\"https:\/\/media.blubrry.com\/visionarymarketing_les\/agence.visionarymarketing.com\/files\/podcasts\/2022-08-18-FR-dave-sobel-b2bvsb2c-mixdown.mp3\" class=\"powerpress_link_d\" title=\"Download\" rel=\"nofollow\" download=\"2022-08-18-FR-dave-sobel-b2bvsb2c-mixdown.mp3\">Download<\/a> (Duration: 19:42 &#8212; 9.7MB)<\/p><p class=\"powerpress_links powerpress_subscribe_links\">Subscribe: <a href=\"https:\/\/itunes.apple.com\/us\/podcast\/visionarymarketing-les-interviews\/id731295319?mt=2&amp;ls=1#episodeGuid=https%3A%2F%2Fvisionarymarketing.com%2F%3Fp%3D71003\" class=\"powerpress_link_subscribe powerpress_link_subscribe_itunes\" target=\"_blank\" title=\"Subscribe on Apple Podcasts\" rel=\"nofollow\">Apple Podcasts<\/a> | <a href=\"https:\/\/open.spotify.com\/show\/52VnZ1mhVSnDs4tQOx7Vuc\" class=\"powerpress_link_subscribe powerpress_link_subscribe_spotify\" target=\"_blank\" title=\"Subscribe on Spotify\" rel=\"nofollow\">Spotify<\/a> | <a href=\"https:\/\/subscribeonandroid.com\/visionarymarketing.com\/fr\/feed\/podcast\/\" class=\"powerpress_link_subscribe powerpress_link_subscribe_android\" target=\"_blank\" title=\"Subscribe on Android\" rel=\"nofollow\">Android<\/a> | <a href=\"https:\/\/visionarymarketing.com\/fr\/feed\/podcast\/\" class=\"powerpress_link_subscribe powerpress_link_subscribe_rss\" target=\"_blank\" title=\"Subscribe via RSS\" rel=\"nofollow\">RSS<\/a><\/p>","protected":false},"excerpt":{"rendered":"<p>B2B et B2C ont-ils\u00a0droit \u00e0 une exposition m\u00e9diatique proportionnelle \u00e0 leur importance ? J&rsquo;observe au contraire que la couverture\u00a0m\u00e9dia\u00a0du B2C est disproportionn\u00e9e, notamment dans le domaine des\u00a0hautes technologies. Ceci s&rsquo;explique sans doute par le fait\u00a0que les m\u00e9dias,\u00a0pour\u00a0plaire au\u00a0lecteur, se focalisent sur des anecdotes faciles \u00e0 comprendre,\u00a0embellies de titres\u00a0accrocheurs et \u00e9vocateurs pour ces publics. Pour mieux &hellip;<\/p>\n","protected":false},"author":111,"featured_media":71414,"comment_status":"open","ping_status":"open","sticky":false,"template":"","format":"standard","meta":{"footnotes":""},"categories":[744],"tags":[],"class_list":["post-71003","post","type-post","status-publish","format-standard","has-post-thumbnail","hentry","category-marketing-b2b"],"yoast_head":"<!-- This site is optimized with the Yoast SEO plugin v27.5 - https:\/\/yoast.com\/product\/yoast-seo-wordpress\/ -->\n<title>B2B et B2C : Le B2B m\u00e9rite une plus grande couverture m\u00e9diatique<\/title>\n<meta name=\"description\" content=\"B2B et B2C ont-ils\u00a0droit \u00e0 une exposition m\u00e9diatique \u00e9quitable ? J&#039;observe au contraire que la couverture\u00a0m\u00e9dias\u00a0du B2C est disproportionn\u00e9e\" \/>\n<meta name=\"robots\" content=\"index, follow, max-snippet:-1, max-image-preview:large, max-video-preview:-1\" \/>\n<link rel=\"canonical\" href=\"https:\/\/visionarymarketing.com\/fr\/2022\/08\/18\/b2b-et-b2c\/\" \/>\n<meta property=\"og:locale\" content=\"fr_FR\" \/>\n<meta property=\"og:type\" content=\"article\" \/>\n<meta property=\"og:title\" content=\"B2B et B2C : Le B2B m\u00e9rite une plus grande couverture m\u00e9diatique\" \/>\n<meta property=\"og:description\" content=\"B2B et B2C ont-ils\u00a0droit \u00e0 une exposition m\u00e9diatique \u00e9quitable ? J&#039;observe au contraire que la couverture\u00a0m\u00e9dias\u00a0du B2C est disproportionn\u00e9e\" \/>\n<meta property=\"og:url\" content=\"https:\/\/visionarymarketing.com\/fr\/2022\/08\/18\/b2b-et-b2c\/\" \/>\n<meta property=\"og:site_name\" content=\"Marketing and Innovation\" \/>\n<meta property=\"article:publisher\" content=\"https:\/\/www.facebook.com\/vismktg\" \/>\n<meta property=\"article:published_time\" content=\"2022-08-18T06:00:52+00:00\" \/>\n<meta property=\"article:modified_time\" content=\"2025-01-20T14:47:18+00:00\" \/>\n<meta property=\"og:image\" content=\"https:\/\/visionarymarketing.com\/wp-content\/uploads\/2022\/08\/b2bvsb2c.jpg\" \/>\n\t<meta property=\"og:image:width\" content=\"519\" \/>\n\t<meta property=\"og:image:height\" content=\"340\" \/>\n\t<meta property=\"og:image:type\" content=\"image\/jpeg\" \/>\n<meta name=\"author\" content=\"Mandy Phillips\" \/>\n<meta name=\"twitter:card\" content=\"summary_large_image\" \/>\n<meta name=\"twitter:creator\" content=\"@ygourven\" \/>\n<meta name=\"twitter:site\" content=\"@ygourven\" \/>\n<meta name=\"twitter:label1\" content=\"\u00c9crit par\" \/>\n\t<meta name=\"twitter:data1\" content=\"Mandy Phillips\" \/>\n\t<meta name=\"twitter:label2\" content=\"Dur\u00e9e de lecture estim\u00e9e\" \/>\n\t<meta name=\"twitter:data2\" content=\"7 minutes\" \/>\n<script type=\"application\/ld+json\" class=\"yoast-schema-graph\">{\"@context\":\"https:\\\/\\\/schema.org\",\"@graph\":[{\"@type\":\"NewsArticle\",\"@id\":\"https:\\\/\\\/visionarymarketing.com\\\/fr\\\/2022\\\/08\\\/18\\\/b2b-et-b2c\\\/#article\",\"isPartOf\":{\"@id\":\"https:\\\/\\\/visionarymarketing.com\\\/fr\\\/2022\\\/08\\\/18\\\/b2b-et-b2c\\\/\"},\"author\":{\"name\":\"Mandy Phillips\",\"@id\":\"https:\\\/\\\/visionarymarketing.com\\\/fr\\\/#\\\/schema\\\/person\\\/5d18e6257193844c440d37f49db095eb\"},\"headline\":\"Le B2B m\u00e9rite une plus grande couverture m\u00e9diatique\",\"datePublished\":\"2022-08-18T06:00:52+00:00\",\"dateModified\":\"2025-01-20T14:47:18+00:00\",\"mainEntityOfPage\":{\"@id\":\"https:\\\/\\\/visionarymarketing.com\\\/fr\\\/2022\\\/08\\\/18\\\/b2b-et-b2c\\\/\"},\"wordCount\":1571,\"commentCount\":1,\"image\":{\"@id\":\"https:\\\/\\\/visionarymarketing.com\\\/fr\\\/2022\\\/08\\\/18\\\/b2b-et-b2c\\\/#primaryimage\"},\"thumbnailUrl\":\"https:\\\/\\\/visionarymarketing.com\\\/wp-content\\\/uploads\\\/2022\\\/08\\\/b2bvsb2c.jpg\",\"articleSection\":[\"marketing b2b\"],\"inLanguage\":\"fr-FR\",\"potentialAction\":[{\"@type\":\"CommentAction\",\"name\":\"Comment\",\"target\":[\"https:\\\/\\\/visionarymarketing.com\\\/fr\\\/2022\\\/08\\\/18\\\/b2b-et-b2c\\\/#respond\"]}]},{\"@type\":\"WebPage\",\"@id\":\"https:\\\/\\\/visionarymarketing.com\\\/fr\\\/2022\\\/08\\\/18\\\/b2b-et-b2c\\\/\",\"url\":\"https:\\\/\\\/visionarymarketing.com\\\/fr\\\/2022\\\/08\\\/18\\\/b2b-et-b2c\\\/\",\"name\":\"B2B et B2C : Le B2B m\u00e9rite une plus grande couverture m\u00e9diatique\",\"isPartOf\":{\"@id\":\"https:\\\/\\\/visionarymarketing.com\\\/fr\\\/#website\"},\"primaryImageOfPage\":{\"@id\":\"https:\\\/\\\/visionarymarketing.com\\\/fr\\\/2022\\\/08\\\/18\\\/b2b-et-b2c\\\/#primaryimage\"},\"image\":{\"@id\":\"https:\\\/\\\/visionarymarketing.com\\\/fr\\\/2022\\\/08\\\/18\\\/b2b-et-b2c\\\/#primaryimage\"},\"thumbnailUrl\":\"https:\\\/\\\/visionarymarketing.com\\\/wp-content\\\/uploads\\\/2022\\\/08\\\/b2bvsb2c.jpg\",\"datePublished\":\"2022-08-18T06:00:52+00:00\",\"dateModified\":\"2025-01-20T14:47:18+00:00\",\"author\":{\"@id\":\"https:\\\/\\\/visionarymarketing.com\\\/fr\\\/#\\\/schema\\\/person\\\/5d18e6257193844c440d37f49db095eb\"},\"description\":\"B2B et B2C ont-ils\u00a0droit \u00e0 une exposition m\u00e9diatique \u00e9quitable ? J'observe au contraire que la couverture\u00a0m\u00e9dias\u00a0du B2C est disproportionn\u00e9e\",\"breadcrumb\":{\"@id\":\"https:\\\/\\\/visionarymarketing.com\\\/fr\\\/2022\\\/08\\\/18\\\/b2b-et-b2c\\\/#breadcrumb\"},\"inLanguage\":\"fr-FR\",\"potentialAction\":[{\"@type\":\"ReadAction\",\"target\":[\"https:\\\/\\\/visionarymarketing.com\\\/fr\\\/2022\\\/08\\\/18\\\/b2b-et-b2c\\\/\"]}]},{\"@type\":\"ImageObject\",\"inLanguage\":\"fr-FR\",\"@id\":\"https:\\\/\\\/visionarymarketing.com\\\/fr\\\/2022\\\/08\\\/18\\\/b2b-et-b2c\\\/#primaryimage\",\"url\":\"https:\\\/\\\/visionarymarketing.com\\\/wp-content\\\/uploads\\\/2022\\\/08\\\/b2bvsb2c.jpg\",\"contentUrl\":\"https:\\\/\\\/visionarymarketing.com\\\/wp-content\\\/uploads\\\/2022\\\/08\\\/b2bvsb2c.jpg\",\"width\":519,\"height\":340,\"caption\":\"B2B vs B2C\"},{\"@type\":\"BreadcrumbList\",\"@id\":\"https:\\\/\\\/visionarymarketing.com\\\/fr\\\/2022\\\/08\\\/18\\\/b2b-et-b2c\\\/#breadcrumb\",\"itemListElement\":[{\"@type\":\"ListItem\",\"position\":1,\"name\":\"Home\",\"item\":\"https:\\\/\\\/visionarymarketing.com\\\/fr\\\/\"},{\"@type\":\"ListItem\",\"position\":2,\"name\":\"Le B2B m\u00e9rite une plus grande couverture m\u00e9diatique\"}]},{\"@type\":\"WebSite\",\"@id\":\"https:\\\/\\\/visionarymarketing.com\\\/fr\\\/#website\",\"url\":\"https:\\\/\\\/visionarymarketing.com\\\/fr\\\/\",\"name\":\"Marketing and Innovation\",\"description\":\"Site d&#039;infos ind\u00e9pendant, depuis 1996\",\"potentialAction\":[{\"@type\":\"SearchAction\",\"target\":{\"@type\":\"EntryPoint\",\"urlTemplate\":\"https:\\\/\\\/visionarymarketing.com\\\/fr\\\/?s={search_term_string}\"},\"query-input\":{\"@type\":\"PropertyValueSpecification\",\"valueRequired\":true,\"valueName\":\"search_term_string\"}}],\"inLanguage\":\"fr-FR\"},{\"@type\":\"Person\",\"@id\":\"https:\\\/\\\/visionarymarketing.com\\\/fr\\\/#\\\/schema\\\/person\\\/5d18e6257193844c440d37f49db095eb\",\"name\":\"Mandy Phillips\",\"image\":{\"@type\":\"ImageObject\",\"inLanguage\":\"fr-FR\",\"@id\":\"https:\\\/\\\/secure.gravatar.com\\\/avatar\\\/9fe1fd520b3755442228425e82894aca1b5f43e96ce52b46369436ac878a5f8f?s=96&d=initials&r=g&initials=ma\",\"url\":\"https:\\\/\\\/secure.gravatar.com\\\/avatar\\\/9fe1fd520b3755442228425e82894aca1b5f43e96ce52b46369436ac878a5f8f?s=96&d=initials&r=g&initials=ma\",\"contentUrl\":\"https:\\\/\\\/secure.gravatar.com\\\/avatar\\\/9fe1fd520b3755442228425e82894aca1b5f43e96ce52b46369436ac878a5f8f?s=96&d=initials&r=g&initials=ma\",\"caption\":\"Mandy Phillips\"},\"sameAs\":[\"http:\\\/\\\/visionarymarketing.com\",\"https:\\\/\\\/www.linkedin.com\\\/in\\\/mandy-phillips\"],\"url\":\"https:\\\/\\\/visionarymarketing.com\\\/fr\\\/author\\\/mandy\\\/\"}]}<\/script>\n<!-- \/ Yoast SEO plugin. -->","yoast_head_json":{"title":"B2B et B2C : Le B2B m\u00e9rite une plus grande couverture m\u00e9diatique","description":"B2B et B2C ont-ils\u00a0droit \u00e0 une exposition m\u00e9diatique \u00e9quitable ? J'observe au contraire que la couverture\u00a0m\u00e9dias\u00a0du B2C est disproportionn\u00e9e","robots":{"index":"index","follow":"follow","max-snippet":"max-snippet:-1","max-image-preview":"max-image-preview:large","max-video-preview":"max-video-preview:-1"},"canonical":"https:\/\/visionarymarketing.com\/fr\/2022\/08\/18\/b2b-et-b2c\/","og_locale":"fr_FR","og_type":"article","og_title":"B2B et B2C : Le B2B m\u00e9rite une plus grande couverture m\u00e9diatique","og_description":"B2B et B2C ont-ils\u00a0droit \u00e0 une exposition m\u00e9diatique \u00e9quitable ? J'observe au contraire que la couverture\u00a0m\u00e9dias\u00a0du B2C est disproportionn\u00e9e","og_url":"https:\/\/visionarymarketing.com\/fr\/2022\/08\/18\/b2b-et-b2c\/","og_site_name":"Marketing and Innovation","article_publisher":"https:\/\/www.facebook.com\/vismktg","article_published_time":"2022-08-18T06:00:52+00:00","article_modified_time":"2025-01-20T14:47:18+00:00","og_image":[{"width":519,"height":340,"url":"https:\/\/visionarymarketing.com\/wp-content\/uploads\/2022\/08\/b2bvsb2c.jpg","type":"image\/jpeg"}],"author":"Mandy Phillips","twitter_card":"summary_large_image","twitter_creator":"@ygourven","twitter_site":"@ygourven","twitter_misc":{"\u00c9crit par":"Mandy Phillips","Dur\u00e9e de lecture estim\u00e9e":"7 minutes"},"schema":{"@context":"https:\/\/schema.org","@graph":[{"@type":"NewsArticle","@id":"https:\/\/visionarymarketing.com\/fr\/2022\/08\/18\/b2b-et-b2c\/#article","isPartOf":{"@id":"https:\/\/visionarymarketing.com\/fr\/2022\/08\/18\/b2b-et-b2c\/"},"author":{"name":"Mandy Phillips","@id":"https:\/\/visionarymarketing.com\/fr\/#\/schema\/person\/5d18e6257193844c440d37f49db095eb"},"headline":"Le B2B m\u00e9rite une plus grande couverture m\u00e9diatique","datePublished":"2022-08-18T06:00:52+00:00","dateModified":"2025-01-20T14:47:18+00:00","mainEntityOfPage":{"@id":"https:\/\/visionarymarketing.com\/fr\/2022\/08\/18\/b2b-et-b2c\/"},"wordCount":1571,"commentCount":1,"image":{"@id":"https:\/\/visionarymarketing.com\/fr\/2022\/08\/18\/b2b-et-b2c\/#primaryimage"},"thumbnailUrl":"https:\/\/visionarymarketing.com\/wp-content\/uploads\/2022\/08\/b2bvsb2c.jpg","articleSection":["marketing b2b"],"inLanguage":"fr-FR","potentialAction":[{"@type":"CommentAction","name":"Comment","target":["https:\/\/visionarymarketing.com\/fr\/2022\/08\/18\/b2b-et-b2c\/#respond"]}]},{"@type":"WebPage","@id":"https:\/\/visionarymarketing.com\/fr\/2022\/08\/18\/b2b-et-b2c\/","url":"https:\/\/visionarymarketing.com\/fr\/2022\/08\/18\/b2b-et-b2c\/","name":"B2B et B2C : Le B2B m\u00e9rite une plus grande couverture m\u00e9diatique","isPartOf":{"@id":"https:\/\/visionarymarketing.com\/fr\/#website"},"primaryImageOfPage":{"@id":"https:\/\/visionarymarketing.com\/fr\/2022\/08\/18\/b2b-et-b2c\/#primaryimage"},"image":{"@id":"https:\/\/visionarymarketing.com\/fr\/2022\/08\/18\/b2b-et-b2c\/#primaryimage"},"thumbnailUrl":"https:\/\/visionarymarketing.com\/wp-content\/uploads\/2022\/08\/b2bvsb2c.jpg","datePublished":"2022-08-18T06:00:52+00:00","dateModified":"2025-01-20T14:47:18+00:00","author":{"@id":"https:\/\/visionarymarketing.com\/fr\/#\/schema\/person\/5d18e6257193844c440d37f49db095eb"},"description":"B2B et B2C ont-ils\u00a0droit \u00e0 une exposition m\u00e9diatique \u00e9quitable ? J'observe au contraire que la couverture\u00a0m\u00e9dias\u00a0du B2C est disproportionn\u00e9e","breadcrumb":{"@id":"https:\/\/visionarymarketing.com\/fr\/2022\/08\/18\/b2b-et-b2c\/#breadcrumb"},"inLanguage":"fr-FR","potentialAction":[{"@type":"ReadAction","target":["https:\/\/visionarymarketing.com\/fr\/2022\/08\/18\/b2b-et-b2c\/"]}]},{"@type":"ImageObject","inLanguage":"fr-FR","@id":"https:\/\/visionarymarketing.com\/fr\/2022\/08\/18\/b2b-et-b2c\/#primaryimage","url":"https:\/\/visionarymarketing.com\/wp-content\/uploads\/2022\/08\/b2bvsb2c.jpg","contentUrl":"https:\/\/visionarymarketing.com\/wp-content\/uploads\/2022\/08\/b2bvsb2c.jpg","width":519,"height":340,"caption":"B2B vs B2C"},{"@type":"BreadcrumbList","@id":"https:\/\/visionarymarketing.com\/fr\/2022\/08\/18\/b2b-et-b2c\/#breadcrumb","itemListElement":[{"@type":"ListItem","position":1,"name":"Home","item":"https:\/\/visionarymarketing.com\/fr\/"},{"@type":"ListItem","position":2,"name":"Le B2B m\u00e9rite une plus grande couverture m\u00e9diatique"}]},{"@type":"WebSite","@id":"https:\/\/visionarymarketing.com\/fr\/#website","url":"https:\/\/visionarymarketing.com\/fr\/","name":"Marketing and Innovation","description":"Site d&#039;infos ind\u00e9pendant, depuis 1996","potentialAction":[{"@type":"SearchAction","target":{"@type":"EntryPoint","urlTemplate":"https:\/\/visionarymarketing.com\/fr\/?s={search_term_string}"},"query-input":{"@type":"PropertyValueSpecification","valueRequired":true,"valueName":"search_term_string"}}],"inLanguage":"fr-FR"},{"@type":"Person","@id":"https:\/\/visionarymarketing.com\/fr\/#\/schema\/person\/5d18e6257193844c440d37f49db095eb","name":"Mandy Phillips","image":{"@type":"ImageObject","inLanguage":"fr-FR","@id":"https:\/\/secure.gravatar.com\/avatar\/9fe1fd520b3755442228425e82894aca1b5f43e96ce52b46369436ac878a5f8f?s=96&d=initials&r=g&initials=ma","url":"https:\/\/secure.gravatar.com\/avatar\/9fe1fd520b3755442228425e82894aca1b5f43e96ce52b46369436ac878a5f8f?s=96&d=initials&r=g&initials=ma","contentUrl":"https:\/\/secure.gravatar.com\/avatar\/9fe1fd520b3755442228425e82894aca1b5f43e96ce52b46369436ac878a5f8f?s=96&d=initials&r=g&initials=ma","caption":"Mandy Phillips"},"sameAs":["http:\/\/visionarymarketing.com","https:\/\/www.linkedin.com\/in\/mandy-phillips"],"url":"https:\/\/visionarymarketing.com\/fr\/author\/mandy\/"}]}},"_links":{"self":[{"href":"https:\/\/visionarymarketing.com\/fr\/wp-json\/wp\/v2\/posts\/71003","targetHints":{"allow":["GET"]}}],"collection":[{"href":"https:\/\/visionarymarketing.com\/fr\/wp-json\/wp\/v2\/posts"}],"about":[{"href":"https:\/\/visionarymarketing.com\/fr\/wp-json\/wp\/v2\/types\/post"}],"author":[{"embeddable":true,"href":"https:\/\/visionarymarketing.com\/fr\/wp-json\/wp\/v2\/users\/111"}],"replies":[{"embeddable":true,"href":"https:\/\/visionarymarketing.com\/fr\/wp-json\/wp\/v2\/comments?post=71003"}],"version-history":[{"count":0,"href":"https:\/\/visionarymarketing.com\/fr\/wp-json\/wp\/v2\/posts\/71003\/revisions"}],"wp:featuredmedia":[{"embeddable":true,"href":"https:\/\/visionarymarketing.com\/fr\/wp-json\/wp\/v2\/media\/71414"}],"wp:attachment":[{"href":"https:\/\/visionarymarketing.com\/fr\/wp-json\/wp\/v2\/media?parent=71003"}],"wp:term":[{"taxonomy":"category","embeddable":true,"href":"https:\/\/visionarymarketing.com\/fr\/wp-json\/wp\/v2\/categories?post=71003"},{"taxonomy":"post_tag","embeddable":true,"href":"https:\/\/visionarymarketing.com\/fr\/wp-json\/wp\/v2\/tags?post=71003"}],"curies":[{"name":"wp","href":"https:\/\/api.w.org\/{rel}","templated":true}]}}