{"id":70899,"date":"2022-09-12T07:00:17","date_gmt":"2022-09-12T05:00:17","guid":{"rendered":"https:\/\/visionarymarketing.com\/?p=70899"},"modified":"2022-11-04T16:37:47","modified_gmt":"2022-11-04T15:37:47","slug":"marques-et-medias-sociaux","status":"publish","type":"post","link":"https:\/\/visionarymarketing.com\/fr\/2022\/09\/12\/marques-et-medias-sociaux\/","title":{"rendered":"Marques et m\u00e9dias sociaux : les d\u00e9fis pos\u00e9s par l&rsquo;essor de TikTok et de l&rsquo;UGC"},"content":{"rendered":"<p><i>Les marques et les m\u00e9dias\u00a0sociaux en 2022, c&rsquo;est une histoire d&rsquo;amour qui dure depuis\u00a0longtemps, mais qui se complique quelque peu. Nous sommes \u00e0 une p\u00e9riode charni\u00e8re de l&rsquo;avenir de ces \u00ab\u00a0nouveaux\u00a0\u00bb m\u00e9dias dont les\u00a0pionniers vont f\u00eater leur 20e anniversaire. TikTok a pris son envol et les usages des plateformes se diversifient, la pression sur les entreprises s&rsquo;accentue. Mais\u00a0des solutions existent. C\u2019est ce que m&rsquo;a expliqu\u00e9\u00a0<\/i><a style=\"font-style: italic;\" href=\"https:\/\/www.linkedin.com\/in\/rominagonzalezgaletto\/\" target=\"_blank\" rel=\"noopener\">Romina Gonzalez Galetto<\/a><i>, directrice g\u00e9n\u00e9rale de <a href=\"https:\/\/hootsuite.com\" target=\"_blank\" rel=\"noopener\">Hootsuite<\/a> France dans ce podcast [transparence, Hootsuite a \u00e9t\u00e9 notre client \u00e0 plusieurs reprises, dans le cadre du <a href=\"https:\/\/visionarymarketing.com\/fr\/2021\/06\/barometre-hootsuite-2021-new\/\">barom\u00e8tre des r\u00e9seaux sociaux<\/a>].<\/i><\/p>\n<h2>Marques et m\u00e9dias sociaux : les d\u00e9fis pos\u00e9s par l&rsquo;essor de TikTok et de l&rsquo;UGC<\/h2>\n<figure id=\"attachment_71346\" aria-describedby=\"caption-attachment-71346\" style=\"width: 520px\" class=\"wp-caption aligncenter\"><img decoding=\"async\" class=\"wp-image-71346 size-full\" src=\"https:\/\/visionarymarketing.com\/wp-content\/uploads\/2022\/09\/quel-avenir-medias-sociaux-hootsuite-owly.png\" alt=\"Marques et m\u00e9dias sociaux\" width=\"520\" height=\"340\" srcset=\"https:\/\/visionarymarketing.com\/wp-content\/uploads\/2022\/09\/quel-avenir-medias-sociaux-hootsuite-owly.png 520w, https:\/\/visionarymarketing.com\/wp-content\/uploads\/2022\/09\/quel-avenir-medias-sociaux-hootsuite-owly-459x300.png 459w\" sizes=\"(max-width: 520px) 100vw, 520px\" \/><figcaption id=\"caption-attachment-71346\" class=\"wp-caption-text\">Pour conna\u00eetre les d\u00e9fis des marques face au paysage renouvel\u00e9 des m\u00e9dias sociaux, j&rsquo;ai pos\u00e9 mes questions \u00e0 Romina Gonzalez Galetto, nouvelle DG de Hootsuite France.<\/figcaption><\/figure>\n<h3>Les marques face \u00e0 l&rsquo;\u00e9volution des m\u00e9dias sociaux<\/h3>\n<p>TikTok engrange sans cesse de nouveaux utilisateurs (voir les chiffres ci-dessous). Son usage est tr\u00e8s l\u00e9 aux cr\u00e9ateurs de contenus. Et face \u00e0 cela, \u00ab\u00a0les marques sur ce r\u00e9seau se cherchent encore\u00a0\u00bb nous explique Romina.<!--more--><\/p>\n<p>Parall\u00e8lement, <a href=\"https:\/\/siecledigital.fr\/2022\/07\/28\/meta-q2-2022\" target=\"_blank\" rel=\"noopener\">Facebook et Instagram perdent des recettes pour la premi\u00e8re fois<\/a>, mais ces m\u00e9dias sont toujours indispensables pour les entreprises, nous dit la patronne fran\u00e7aise de l&rsquo;\u00e9diteur canadien.<\/p>\n<figure id=\"attachment_71350\" aria-describedby=\"caption-attachment-71350\" style=\"width: 1000px\" class=\"wp-caption aligncenter\"><a href=\"https:\/\/visionarymarketing.com\/wp-content\/uploads\/2022\/09\/study-id70013-tiktok.png\" target=\"_blank\" rel=\"noopener\"><img decoding=\"async\" class=\"wp-image-71350 size-full\" src=\"https:\/\/visionarymarketing.com\/wp-content\/uploads\/2022\/09\/study-id70013-tiktok.png\" alt=\"Marques et m\u00e9dias sociaux\" width=\"1000\" height=\"563\" srcset=\"https:\/\/visionarymarketing.com\/wp-content\/uploads\/2022\/09\/study-id70013-tiktok.png 1000w, https:\/\/visionarymarketing.com\/wp-content\/uploads\/2022\/09\/study-id70013-tiktok-500x282.png 500w, https:\/\/visionarymarketing.com\/wp-content\/uploads\/2022\/09\/study-id70013-tiktok-768x432.png 768w\" sizes=\"(max-width: 1000px) 100vw, 1000px\" \/><\/a><figcaption id=\"caption-attachment-71350\" class=\"wp-caption-text\">TikTok est dans le peloton de t\u00eate des r\u00e9seaux sociaux mondiaux &#8211; source <a href=\"https:\/\/www.statista.com\/topics\/6077\/tiktok\/\" target=\"_blank\" rel=\"noopener\">Statista<\/a> 2022 (cliquer pour agrandir)<\/figcaption><\/figure>\n<p>\u00ab Nous avons constat\u00e9, apr\u00e8s la pand\u00e9mie, que <strong>les utilisateurs avaient besoin de converser avec les marques<\/strong> \u00bb, souligne Romina. \u00ab\u00a0Les consommateurs pl\u00e9biscitent ces espaces d\u2019\u00e9change en \u00ab\u00a0one-to-one\u00a0\u00bb, Facebook Messenger, WhatsApp ou Instagram\u00a0\u00bb.<\/p>\n<figure id=\"attachment_71365\" aria-describedby=\"caption-attachment-71365\" style=\"width: 1000px\" class=\"wp-caption aligncenter\"><img decoding=\"async\" class=\"wp-image-71365 size-full\" src=\"https:\/\/visionarymarketing.com\/wp-content\/uploads\/2022\/09\/statistic-id946338-most-used-social-networks-and-messaging-apps-for-news-in-france-2021.png\" alt=\"Marques et m\u00e9dias sociaux\" width=\"1000\" height=\"743\" srcset=\"https:\/\/visionarymarketing.com\/wp-content\/uploads\/2022\/09\/statistic-id946338-most-used-social-networks-and-messaging-apps-for-news-in-france-2021.png 1000w, https:\/\/visionarymarketing.com\/wp-content\/uploads\/2022\/09\/statistic-id946338-most-used-social-networks-and-messaging-apps-for-news-in-france-2021-404x300.png 404w, https:\/\/visionarymarketing.com\/wp-content\/uploads\/2022\/09\/statistic-id946338-most-used-social-networks-and-messaging-apps-for-news-in-france-2021-768x571.png 768w\" sizes=\"(max-width: 1000px) 100vw, 1000px\" \/><figcaption id=\"caption-attachment-71365\" class=\"wp-caption-text\">Les applications de messagerie en 2021 : Meta (ex-Facebook) est encore en pole position.<\/figcaption><\/figure>\n<p>Avec WhatsApp, par exemple, une entreprise peut envoyer des notifications \u00e0 ses clients et nourrir un contact plus personnalis\u00e9. Les soci\u00e9t\u00e9s recourent sans cesse davantage \u00e0 ces techniques.<\/p>\n<blockquote class=\"quote-light\"><p>On observe un changement dans le nombre d\u2019abonn\u00e9s, mais d&rsquo;autres cas d&rsquo;usages apparaissent, ce qui rend possible un \u00e9quilibre certain dans l\u2019utilisation des r\u00e9seaux<\/p><\/blockquote>\n<figure id=\"attachment_71348\" aria-describedby=\"caption-attachment-71348\" style=\"width: 600px\" class=\"wp-caption aligncenter\"><img decoding=\"async\" class=\"wp-image-71348 size-full\" src=\"https:\/\/visionarymarketing.com\/wp-content\/uploads\/2022\/09\/time-magazine-delete-facebook-cover-couverture-e1662808948466.jpg\" alt=\"Marques et m\u00e9dias sociaux\" width=\"600\" height=\"803\" srcset=\"https:\/\/visionarymarketing.com\/wp-content\/uploads\/2022\/09\/time-magazine-delete-facebook-cover-couverture-e1662808948466.jpg 600w, https:\/\/visionarymarketing.com\/wp-content\/uploads\/2022\/09\/time-magazine-delete-facebook-cover-couverture-e1662808948466-224x300.jpg 224w\" sizes=\"(max-width: 600px) 100vw, 600px\" \/><figcaption id=\"caption-attachment-71348\" class=\"wp-caption-text\">La couverture de Time magazine en novembre 2021 : les journalistes vont-ils trop vite en besogne alors que Meta gagne toujours des utilisateurs dans le monde ?<\/figcaption><\/figure>\n<p>On remarque \u00e9galement un changement concernant l&rsquo;\u00e2ge des usagers de Facebook. \u00ab\u00a0Les tr\u00e8s jeunes donnent la priorit\u00e9 \u00e0 TikTok, les plus seniors sont sans cesse plus pr\u00e9sents sur Facebook\u00a0\u00bb.<\/p>\n<p>Mais les volumes de connexions et surtout les conversations, l&rsquo;engagement client continuent \u00e0 \u00eatre importants, notamment avec Messenger.<\/p>\n<h3>Un changement de perception<\/h3>\n<p>Si l&rsquo;utilisation des m\u00e9dias sociaux \u00e9volue vers la conversation \u2014 entre abonn\u00e9s et entre marques \u2014 leur importance ne faiblit pas selon Romina.<\/p>\n<p>On observe aussi des diff\u00e9rences d&rsquo;usages selon les services, voire des cloisonnements, comme nous <a href=\"https:\/\/visionarymarketing.com\/fr\/2018\/03\/reseaux-sociaux-business\/\">l&rsquo;avions soulign\u00e9 d\u00e8s 2018<\/a>.<\/p>\n<figure id=\"attachment_27084\" aria-describedby=\"caption-attachment-27084\" style=\"width: 945px\" class=\"wp-caption aligncenter\"><a href=\"http:\/\/vismktg.info\/rspro \"><img decoding=\"async\" class=\"wp-image-27084 size-full\" src=\"https:\/\/visionarymarketing.com\/wp-content\/uploads\/2018\/02\/Picture2.png\" alt=\"sp\u00e9cialisation \" width=\"945\" height=\"474\" srcset=\"https:\/\/visionarymarketing.com\/wp-content\/uploads\/2018\/02\/Picture2.png 945w, https:\/\/visionarymarketing.com\/wp-content\/uploads\/2018\/02\/Picture2-500x251.png 500w, https:\/\/visionarymarketing.com\/wp-content\/uploads\/2018\/02\/Picture2-768x385.png 768w\" sizes=\"(max-width: 945px) 100vw, 945px\" \/><\/a><figcaption id=\"caption-attachment-27084\" class=\"wp-caption-text\">La sp\u00e9cialisation des plateformes, d\u00e9j\u00e0 pr\u00e9sente en 2018, n&rsquo;a fait que se renforcer depuis lors \u2014 infographie par Visionary Marketing. \u00c0 noter que TikTok ne faisait pas partie du panel \u00e0 cette \u00e9poque.<\/figcaption><\/figure>\n<h3>Pas de disparition des m\u00e9dias sociaux \u00e0 l&rsquo;horizon<\/h3>\n<p>Malgr\u00e9 les nombreux appels <a href=\"https:\/\/economictimes.indiatimes.com\/opinion\/et-commentary\/view-delete-account-to-boycott-social-media\/articleshow\/93973288.cms\" target=\"_blank\" rel=\"noopener\">ici et l\u00e0<\/a> \u00e0 supprimer ses comptes,\u00a0\u00ab dans l\u2019imm\u00e9diat, la disparition des r\u00e9seaux sociaux n&rsquo;est pas \u00e0 l&rsquo;ordre du jour. Au contraire, nous avons soulign\u00e9 l&rsquo;\u00e9tonnante vitalit\u00e9 de ces plateformes dans le rapport <a href=\"https:\/\/www.hootsuite.com\/fr\/research\/social-trends\" target=\"_blank\" rel=\"noopener\">\u201ctendances 2022\u201d<\/a> \u00bb, ajoute Romina.<\/p>\n<figure id=\"attachment_71388\" aria-describedby=\"caption-attachment-71388\" style=\"width: 850px\" class=\"wp-caption aligncenter\"><a href=\"https:\/\/www.hootsuite.com\/fr\/research\/social-trends\" target=\"_blank\" rel=\"noopener\"><img decoding=\"async\" class=\"wp-image-71388 size-full\" src=\"https:\/\/visionarymarketing.com\/wp-content\/uploads\/2022\/09\/rapport-tendances-hootsuite-2022-e1662957355864.jpg\" alt=\"marques et m\u00e9dias sociaux\" width=\"850\" height=\"433\" srcset=\"https:\/\/visionarymarketing.com\/wp-content\/uploads\/2022\/09\/rapport-tendances-hootsuite-2022-e1662957355864.jpg 850w, https:\/\/visionarymarketing.com\/wp-content\/uploads\/2022\/09\/rapport-tendances-hootsuite-2022-e1662957355864-500x255.jpg 500w, https:\/\/visionarymarketing.com\/wp-content\/uploads\/2022\/09\/rapport-tendances-hootsuite-2022-e1662957355864-768x391.jpg 768w\" sizes=\"(max-width: 850px) 100vw, 850px\" \/><\/a><figcaption id=\"caption-attachment-71388\" class=\"wp-caption-text\">Le <a href=\"https:\/\/www.hootsuite.com\/fr\/research\/social-trends\" target=\"_blank\" rel=\"noopener\">rapport des tendances m\u00e9dias sociaux<\/a> 2022<\/figcaption><\/figure>\n<h3>Se tourner vers les r\u00e9seaux adapt\u00e9s \u00e0 vos publics<\/h3>\n<p>La conclusion \u00e0 tirer de ce constat : les marques doivent s\u00e9lectionner les r\u00e9seaux qui leur conviennent le mieux. Et surtout ceux qui sont le plus en phase avec leurs publics.<\/p>\n<p>Le temps de la pr\u00e9sence fr\u00e9n\u00e9tique tous azimuts est bel et bien termin\u00e9.<\/p>\n<blockquote class=\"quote-light\"><p>Bien que l\u2019utilisation de TikTok soit tr\u00e8s r\u00e9pandue, ce r\u00e9seau n\u2019est peut-\u00eatre pas adapt\u00e9 \u00e0 toutes les marques<\/p><\/blockquote>\n<p>\u00ab\u00a0Les marques doivent donc r\u00e9fl\u00e9chir si elles sont capables, en fonction de leur ADN, secteur ou sp\u00e9cialit\u00e9, de cr\u00e9er des contenus engageants sur TikTok\u00a0\u00bb.<\/p>\n<blockquote class=\"quote-light\"><p>Chaque r\u00e9seau social a un usage sp\u00e9cifique<\/p><\/blockquote>\n<p>\u00ab\u00a0Si l&rsquo;on d\u00e9sire, par exemple, proposer de l&rsquo;information \u00e0 sa communaut\u00e9,\u00a0Facebook ou Instagram seront plus adapt\u00e9s que TikTok\u00a0\u00bb ajoute Romina.<\/p>\n<p>\u00ab\u00a0Une marque doit d\u2019abord d\u00e9finir ses objectifs et sa strat\u00e9gie sur les m\u00e9dias sociaux\u00a0\u00bb.<\/p>\n<p>Elle doit identifier ensuite les r\u00e9seaux qui lui permettront d&rsquo;atteindre ces objectifs, particuli\u00e8rement pour ce qui est de l\u2019\u00ab\u00a0engagement\u00a0\u00bb.<\/p>\n<blockquote class=\"quote-light\"><p>Les marques ne doivent pas adopter un r\u00e9seau social uniquement parce qu\u2019il est \u00e0 la mode<\/p><\/blockquote>\n<p>Dans un sens, ceci n&rsquo;est pas r\u00e9volutionnaire, nous le r\u00e9p\u00e9tons depuis assez longtemps. Mais la nouveaut\u00e9 est que ce choix strat\u00e9gique est d\u00e9sormais un passage oblig\u00e9.<\/p>\n<h3>Marques et m\u00e9dias sociaux en 2022 : un rappel du dernier barom\u00e8tre Hootsuite<\/h3>\n<p>On retrouve ici ce que nous avions observ\u00e9 dans les <a href=\"https:\/\/visionarymarketing.com\/fr\/2021\/06\/barometre-hootsuite-2021-new\/\" target=\"_blank\" rel=\"noopener\">barom\u00e8tres Hootsuite, notamment celui de 2021<\/a>.<\/p>\n<p>\u00c0 savoir que d&rsquo;un c\u00f4t\u00e9, on trouve les utilisateurs qui sont en train de migrer vers les nouvelles plateformes (on parlait de Snapchat \u00e0 cette \u00e9poque-l\u00e0, mais on \u00e9voque beaucoup plus TikTok d\u00e9sormais). Et de l&rsquo;autre c\u00f4t\u00e9, on remarque que les entreprises sont moins capables de produire des contenus pour ces plateformes.<\/p>\n<p>M\u00eame si les choses changent, sous l&rsquo;impulsion des agences de communication.<\/p>\n<h3>La place centrale des cr\u00e9ateurs de contenus dans les m\u00e9dias sociaux<\/h3>\n<p>\u00ab\u00a0Les entreprises sont plus \u00e0 m\u00eame d&rsquo;alimenter les r\u00e9seaux plus traditionnels comme LinkedIn, Facebook, Instagram\u00a0\u00bb, explique Romina.<\/p>\n<blockquote class=\"quote-light\"><p>Animer une communaut\u00e9 sur TikTok avec des contenus vraiment attractifs est beaucoup plus difficile<\/p><\/blockquote>\n<p>Mais cette difficult\u00e9 n&rsquo;est pas r\u00e9dhibitoire.<\/p>\n<p>Il est en effet possible de \u00ab\u00a0s\u2019allier \u00e0 une communaut\u00e9 de <a href=\"https:\/\/visionarymarketing.com\/fr\/2021\/01\/createurs-de-contenus\/\">cr\u00e9ateurs de contenus<\/a>\u00ab\u00a0.<\/p>\n<p>\u00ab\u00a0Notre <a href=\"https:\/\/www.hootsuite.com\/fr\/research\/social-trends\" target=\"_blank\" rel=\"noopener\">rapport de tendances<\/a> de cette ann\u00e9e a fait ressortir l&rsquo;importance de ces influenceurs : les marques les plus m\u00fbres se tournent vers eux en priorit\u00e9 quand elles d\u00e9sirent rendre leurs publications plus engageantes et faire en sorte qu\u2019elles soient plus adapt\u00e9es au public vis\u00e9 par l\u2019entreprise\u00a0\u00bb.<\/p>\n<p>\u00ab\u00a0Ceci est \u00e0 la fois plus facile et plus enrichissant\u00a0\u00bb, souligne la DG de Hootsuite France.<\/p>\n<p>Les professionnels doivent donc g\u00e9rer ce mix de r\u00e9seaux : ceux \u00e0 animer soi-m\u00eame et les plateformes \u00e0 d\u00e9l\u00e9guer \u00e0 des cr\u00e9ateurs de contenus.<\/p>\n<blockquote class=\"quote-light\"><p>Cette nouvelle donne transforme compl\u00e8tement le travail des entreprises sur les m\u00e9dias sociaux<\/p><\/blockquote>\n<h3>La mont\u00e9e irr\u00e9sistible de l&rsquo;UGC<\/h3>\n<p>Nous constatons dans les entreprises plus matures que les usages des r\u00e9seaux vont au-del\u00e0 de l&rsquo;\u00e9quipe marketing. Ils englobent, entre autres choses, la marque employeur.<\/p>\n<blockquote class=\"quote-light\"><p>Les marques mobilisent leurs employ\u00e9s autour de leurs strat\u00e9gies m\u00e9dias sociaux<\/p><\/blockquote>\n<p>\u00ab\u00a0Nous remarquons aussi une explosion de l&rsquo;UGC\u00a0\u00bb, souligne Romina.<\/p>\n<p>\u00ab\u00a0Nous assistons \u00e0 une complexification du paysage des m\u00e9dias sociaux, ce qui implique de savoir diversifier ses techniques et ses moyens en fonction des diff\u00e9rents usages\u00a0\u00bb.<\/p>\n<h3>Quel est l&rsquo;avenir de Twitter\u00a0? Seul le temps le dira<\/h3>\n<p>M\u00eame si 2022 a \u00e9t\u00e9 une ann\u00e9e riche en rebondissements pour Twitter \u2014 <a href=\"https:\/\/www.wsj.com\/articles\/elon-musk-allowed-to-amend-twitter-countersuit-to-add-whistleblower-claims-11662558676\" target=\"_blank\" rel=\"noopener\">et ce n&rsquo;est pas fini<\/a> \u2014 le r\u00e9seau \u00e0 l&rsquo;oiseau est encore bien vivant.<\/p>\n<blockquote class=\"quote-light\"><p>Les utilisateurs consid\u00e8rent Twitter comme r\u00e9seau d&rsquo;information et de communication interpersonnelle<\/p><\/blockquote>\n<p>\u00ab\u00a0Twitter est\u00a0encore bien pr\u00e9sent, son usage reste important, m\u00eame s\u2019il est un peu moindre qu\u2019avant\u201d, constate la\u00a0directrice g\u00e9n\u00e9rale de Hootsuite France.<\/p>\n<figure id=\"attachment_71392\" aria-describedby=\"caption-attachment-71392\" style=\"width: 1000px\" class=\"wp-caption aligncenter\"><img decoding=\"async\" class=\"wp-image-71392 size-full\" src=\"https:\/\/visionarymarketing.com\/wp-content\/uploads\/2022\/09\/statistic-id998298-social-network-usage-by-brand-in-france-2022.png\" alt=\"\" width=\"1000\" height=\"1114\" srcset=\"https:\/\/visionarymarketing.com\/wp-content\/uploads\/2022\/09\/statistic-id998298-social-network-usage-by-brand-in-france-2022.png 1000w, https:\/\/visionarymarketing.com\/wp-content\/uploads\/2022\/09\/statistic-id998298-social-network-usage-by-brand-in-france-2022-269x300.png 269w, https:\/\/visionarymarketing.com\/wp-content\/uploads\/2022\/09\/statistic-id998298-social-network-usage-by-brand-in-france-2022-919x1024.png 919w, https:\/\/visionarymarketing.com\/wp-content\/uploads\/2022\/09\/statistic-id998298-social-network-usage-by-brand-in-france-2022-768x856.png 768w\" sizes=\"(max-width: 1000px) 100vw, 1000px\" \/><figcaption id=\"caption-attachment-71392\" class=\"wp-caption-text\">Utilisation des m\u00e9dias sociaux en France en 2022. Si Twitter est toujours bien plac\u00e9, il s&rsquo;est n\u00e9anmoins fait d\u00e9passer par TikTok et m\u00eame Snapchat \u2014 source Statista 2022 <a href=\"https:\/\/www.statista.com\/forecasts\/998298\/social-network-usage-by-brand-in-france\" target=\"_blank\" rel=\"noopener\">Global Consumer Survey<\/a><\/figcaption><\/figure>\n<p>Rien n&rsquo;est s\u00fbr et l&rsquo;avenir nous r\u00e9serve de belles surprises. Attendons donc que le temps fasse son action pour voir ce que deviennent Twitter, Meta et les autres.<\/p>\n<p>\u00c0 court et moyen termes, les plateformes se transformeront, mais ne dispara\u00eetront pas.<\/p>\n<p>&nbsp;<\/p>\n<div itemscope itemtype=\"http:\/\/schema.org\/AudioObject\"><meta itemprop=\"name\" content=\"Marques et m\u00e9dias sociaux : les d\u00e9fis pos\u00e9s par l&amp;rsquo;essor de TikTok et de l&amp;rsquo;UGC\" \/><meta itemprop=\"uploadDate\" content=\"2022-09-12T07:00:17+02:00\" \/><meta itemprop=\"encodingFormat\" content=\"audio\/mpeg\" \/><meta itemprop=\"duration\" content=\"PT20M58S\" \/><meta itemprop=\"description\" content=\"Les marques et les m\u00e9dias\u00a0sociaux en 2022, c&#039;est une histoire d&#039;amour qui dure depuis\u00a0longtemps, mais qui se complique quelque peu. Nous sommes \u00e0 une p\u00e9riode charni\u00e8re de l&#039;avenir de ces &quot;nouveaux&quot; m\u00e9dias dont les\u00a0pionniers vont f\u00eater leur 20e annive...\" \/><meta itemprop=\"contentUrl\" content=\"https:\/\/media.blubrry.com\/visionarymarketing_les\/agence.visionarymarketing.com\/files\/podcasts\/2022-09-12-avenir-MS-Hootsite-RAW-mixdown.mp3\" \/><meta itemprop=\"contentSize\" content=\"10.8\" \/><div class=\"powerpress_player\" id=\"powerpress_player_4906\"><audio class=\"wp-audio-shortcode\" id=\"audio-70899-1\" preload=\"none\" style=\"width: 100%;\" controls=\"controls\"><source type=\"audio\/mpeg\" src=\"https:\/\/media.blubrry.com\/visionarymarketing_les\/agence.visionarymarketing.com\/files\/podcasts\/2022-09-12-avenir-MS-Hootsite-RAW-mixdown.mp3?_=1\" \/><a href=\"https:\/\/media.blubrry.com\/visionarymarketing_les\/agence.visionarymarketing.com\/files\/podcasts\/2022-09-12-avenir-MS-Hootsite-RAW-mixdown.mp3\">https:\/\/media.blubrry.com\/visionarymarketing_les\/agence.visionarymarketing.com\/files\/podcasts\/2022-09-12-avenir-MS-Hootsite-RAW-mixdown.mp3<\/a><\/audio><\/div><\/div><p class=\"powerpress_links powerpress_links_mp3\" style=\"margin-bottom: 1px !important;\">Podcast: <a href=\"https:\/\/media.blubrry.com\/visionarymarketing_les\/agence.visionarymarketing.com\/files\/podcasts\/2022-09-12-avenir-MS-Hootsite-RAW-mixdown.mp3\" class=\"powerpress_link_pinw\" target=\"_blank\" title=\"Play in new window\" onclick=\"return powerpress_pinw('https:\/\/visionarymarketing.com\/fr\/\/?powerpress_pinw=70899-podcast');\" rel=\"nofollow\">Play in new window<\/a> | <a href=\"https:\/\/media.blubrry.com\/visionarymarketing_les\/agence.visionarymarketing.com\/files\/podcasts\/2022-09-12-avenir-MS-Hootsite-RAW-mixdown.mp3\" class=\"powerpress_link_d\" title=\"Download\" rel=\"nofollow\" download=\"2022-09-12-avenir-MS-Hootsite-RAW-mixdown.mp3\">Download<\/a> (Duration: 20:58 &#8212; 10.8MB)<\/p><p class=\"powerpress_links powerpress_subscribe_links\">Subscribe: <a href=\"https:\/\/itunes.apple.com\/us\/podcast\/visionarymarketing-les-interviews\/id731295319?mt=2&amp;ls=1#episodeGuid=https%3A%2F%2Fvisionarymarketing.com%2F%3Fp%3D70899\" class=\"powerpress_link_subscribe powerpress_link_subscribe_itunes\" target=\"_blank\" title=\"Subscribe on Apple Podcasts\" rel=\"nofollow\">Apple Podcasts<\/a> | <a href=\"https:\/\/open.spotify.com\/show\/52VnZ1mhVSnDs4tQOx7Vuc\" class=\"powerpress_link_subscribe powerpress_link_subscribe_spotify\" target=\"_blank\" title=\"Subscribe on Spotify\" rel=\"nofollow\">Spotify<\/a> | <a href=\"https:\/\/subscribeonandroid.com\/visionarymarketing.com\/fr\/feed\/podcast\/\" class=\"powerpress_link_subscribe powerpress_link_subscribe_android\" target=\"_blank\" title=\"Subscribe on Android\" rel=\"nofollow\">Android<\/a> | <a href=\"https:\/\/visionarymarketing.com\/fr\/feed\/podcast\/\" class=\"powerpress_link_subscribe powerpress_link_subscribe_rss\" target=\"_blank\" title=\"Subscribe via RSS\" rel=\"nofollow\">RSS<\/a><\/p>","protected":false},"excerpt":{"rendered":"<p>Les marques et les m\u00e9dias\u00a0sociaux en 2022, c&rsquo;est une histoire d&rsquo;amour qui dure depuis\u00a0longtemps, mais qui se complique quelque peu. Nous sommes \u00e0 une p\u00e9riode charni\u00e8re de l&rsquo;avenir de ces \u00ab\u00a0nouveaux\u00a0\u00bb m\u00e9dias dont les\u00a0pionniers vont f\u00eater leur 20e anniversaire. TikTok a pris son envol et les usages des plateformes se diversifient, la pression sur les &hellip;<\/p>\n","protected":false},"author":2,"featured_media":71342,"comment_status":"open","ping_status":"open","sticky":false,"template":"","format":"standard","meta":{"footnotes":""},"categories":[25],"tags":[],"class_list":["post-70899","post","type-post","status-publish","format-standard","has-post-thumbnail","hentry","category-medias-sociaux"],"yoast_head":"<!-- This site is optimized with the Yoast SEO plugin v27.4 - https:\/\/yoast.com\/product\/yoast-seo-wordpress\/ -->\n<title>Marques et m\u00e9dias sociaux : les d\u00e9fis pos\u00e9s par TikTok et l&#039;UGC<\/title>\n<meta name=\"description\" content=\"Marques et les m\u00e9dias\u00a0sociaux en 2022... les d\u00e9fis sont nombreux.\u00a0Pour d\u00e9crire les enjeux des marques j&#039;ai interview\u00e9 Romina Gonzalez Galetto\" \/>\n<meta name=\"robots\" content=\"index, follow, max-snippet:-1, max-image-preview:large, max-video-preview:-1\" \/>\n<link rel=\"canonical\" href=\"https:\/\/visionarymarketing.com\/fr\/2022\/09\/12\/marques-et-medias-sociaux\/\" \/>\n<meta property=\"og:locale\" content=\"fr_FR\" \/>\n<meta property=\"og:type\" content=\"article\" \/>\n<meta property=\"og:title\" content=\"Marques et m\u00e9dias sociaux : les d\u00e9fis pos\u00e9s par TikTok et l&#039;UGC\" \/>\n<meta property=\"og:description\" content=\"Marques et les m\u00e9dias\u00a0sociaux en 2022... les d\u00e9fis sont nombreux.\u00a0Pour d\u00e9crire les enjeux des marques j&#039;ai interview\u00e9 Romina Gonzalez Galetto\" \/>\n<meta property=\"og:url\" content=\"https:\/\/visionarymarketing.com\/fr\/2022\/09\/12\/marques-et-medias-sociaux\/\" \/>\n<meta property=\"og:site_name\" content=\"Marketing and Innovation\" \/>\n<meta property=\"article:publisher\" content=\"https:\/\/www.facebook.com\/vismktg\" \/>\n<meta property=\"article:author\" content=\"http:\/\/facebook.com\/ygourven\" \/>\n<meta property=\"article:published_time\" content=\"2022-09-12T05:00:17+00:00\" \/>\n<meta property=\"article:modified_time\" content=\"2022-11-04T15:37:47+00:00\" \/>\n<meta property=\"og:image\" content=\"https:\/\/visionarymarketing.com\/wp-content\/uploads\/2022\/09\/futur-avenir-owly-medias-sociaux.png\" \/>\n\t<meta property=\"og:image:width\" content=\"520\" \/>\n\t<meta property=\"og:image:height\" content=\"340\" \/>\n\t<meta property=\"og:image:type\" content=\"image\/png\" \/>\n<meta name=\"author\" content=\"Yann Gourvennec\" \/>\n<meta name=\"twitter:card\" content=\"summary_large_image\" \/>\n<meta name=\"twitter:creator\" content=\"@ygourven\" \/>\n<meta name=\"twitter:site\" content=\"@ygourven\" \/>\n<meta name=\"twitter:label1\" content=\"\u00c9crit par\" \/>\n\t<meta name=\"twitter:data1\" content=\"Yann Gourvennec\" \/>\n\t<meta name=\"twitter:label2\" content=\"Dur\u00e9e de lecture estim\u00e9e\" \/>\n\t<meta name=\"twitter:data2\" content=\"7 minutes\" \/>\n<script type=\"application\/ld+json\" class=\"yoast-schema-graph\">{\"@context\":\"https:\\\/\\\/schema.org\",\"@graph\":[{\"@type\":\"NewsArticle\",\"@id\":\"https:\\\/\\\/visionarymarketing.com\\\/fr\\\/2022\\\/09\\\/12\\\/marques-et-medias-sociaux\\\/#article\",\"isPartOf\":{\"@id\":\"https:\\\/\\\/visionarymarketing.com\\\/fr\\\/2022\\\/09\\\/12\\\/marques-et-medias-sociaux\\\/\"},\"author\":{\"name\":\"Yann Gourvennec\",\"@id\":\"https:\\\/\\\/visionarymarketing.com\\\/fr\\\/#\\\/schema\\\/person\\\/3754fee1e558f47b8deb46f53c37423e\"},\"headline\":\"Marques et m\u00e9dias sociaux : les d\u00e9fis pos\u00e9s par l&rsquo;essor de TikTok et de l&rsquo;UGC\",\"datePublished\":\"2022-09-12T05:00:17+00:00\",\"dateModified\":\"2022-11-04T15:37:47+00:00\",\"mainEntityOfPage\":{\"@id\":\"https:\\\/\\\/visionarymarketing.com\\\/fr\\\/2022\\\/09\\\/12\\\/marques-et-medias-sociaux\\\/\"},\"wordCount\":1396,\"commentCount\":1,\"image\":{\"@id\":\"https:\\\/\\\/visionarymarketing.com\\\/fr\\\/2022\\\/09\\\/12\\\/marques-et-medias-sociaux\\\/#primaryimage\"},\"thumbnailUrl\":\"https:\\\/\\\/visionarymarketing.com\\\/wp-content\\\/uploads\\\/2022\\\/09\\\/futur-avenir-owly-medias-sociaux.png\",\"articleSection\":[\"m\u00e9dias \\\/ r\u00e9seaux sociaux\"],\"inLanguage\":\"fr-FR\",\"potentialAction\":[{\"@type\":\"CommentAction\",\"name\":\"Comment\",\"target\":[\"https:\\\/\\\/visionarymarketing.com\\\/fr\\\/2022\\\/09\\\/12\\\/marques-et-medias-sociaux\\\/#respond\"]}]},{\"@type\":\"WebPage\",\"@id\":\"https:\\\/\\\/visionarymarketing.com\\\/fr\\\/2022\\\/09\\\/12\\\/marques-et-medias-sociaux\\\/\",\"url\":\"https:\\\/\\\/visionarymarketing.com\\\/fr\\\/2022\\\/09\\\/12\\\/marques-et-medias-sociaux\\\/\",\"name\":\"Marques et m\u00e9dias sociaux : les d\u00e9fis pos\u00e9s par TikTok et l'UGC\",\"isPartOf\":{\"@id\":\"https:\\\/\\\/visionarymarketing.com\\\/fr\\\/#website\"},\"primaryImageOfPage\":{\"@id\":\"https:\\\/\\\/visionarymarketing.com\\\/fr\\\/2022\\\/09\\\/12\\\/marques-et-medias-sociaux\\\/#primaryimage\"},\"image\":{\"@id\":\"https:\\\/\\\/visionarymarketing.com\\\/fr\\\/2022\\\/09\\\/12\\\/marques-et-medias-sociaux\\\/#primaryimage\"},\"thumbnailUrl\":\"https:\\\/\\\/visionarymarketing.com\\\/wp-content\\\/uploads\\\/2022\\\/09\\\/futur-avenir-owly-medias-sociaux.png\",\"datePublished\":\"2022-09-12T05:00:17+00:00\",\"dateModified\":\"2022-11-04T15:37:47+00:00\",\"author\":{\"@id\":\"https:\\\/\\\/visionarymarketing.com\\\/fr\\\/#\\\/schema\\\/person\\\/3754fee1e558f47b8deb46f53c37423e\"},\"description\":\"Marques et les m\u00e9dias\u00a0sociaux en 2022... les d\u00e9fis sont nombreux.\u00a0Pour d\u00e9crire les enjeux des marques j'ai interview\u00e9 Romina Gonzalez Galetto\",\"breadcrumb\":{\"@id\":\"https:\\\/\\\/visionarymarketing.com\\\/fr\\\/2022\\\/09\\\/12\\\/marques-et-medias-sociaux\\\/#breadcrumb\"},\"inLanguage\":\"fr-FR\",\"potentialAction\":[{\"@type\":\"ReadAction\",\"target\":[\"https:\\\/\\\/visionarymarketing.com\\\/fr\\\/2022\\\/09\\\/12\\\/marques-et-medias-sociaux\\\/\"]}]},{\"@type\":\"ImageObject\",\"inLanguage\":\"fr-FR\",\"@id\":\"https:\\\/\\\/visionarymarketing.com\\\/fr\\\/2022\\\/09\\\/12\\\/marques-et-medias-sociaux\\\/#primaryimage\",\"url\":\"https:\\\/\\\/visionarymarketing.com\\\/wp-content\\\/uploads\\\/2022\\\/09\\\/futur-avenir-owly-medias-sociaux.png\",\"contentUrl\":\"https:\\\/\\\/visionarymarketing.com\\\/wp-content\\\/uploads\\\/2022\\\/09\\\/futur-avenir-owly-medias-sociaux.png\",\"width\":520,\"height\":340,\"caption\":\"Avenir des m\u00e9dias sociaux\"},{\"@type\":\"BreadcrumbList\",\"@id\":\"https:\\\/\\\/visionarymarketing.com\\\/fr\\\/2022\\\/09\\\/12\\\/marques-et-medias-sociaux\\\/#breadcrumb\",\"itemListElement\":[{\"@type\":\"ListItem\",\"position\":1,\"name\":\"Home\",\"item\":\"https:\\\/\\\/visionarymarketing.com\\\/fr\\\/\"},{\"@type\":\"ListItem\",\"position\":2,\"name\":\"Marques et m\u00e9dias sociaux : les d\u00e9fis pos\u00e9s par l&rsquo;essor de TikTok et de l&rsquo;UGC\"}]},{\"@type\":\"WebSite\",\"@id\":\"https:\\\/\\\/visionarymarketing.com\\\/fr\\\/#website\",\"url\":\"https:\\\/\\\/visionarymarketing.com\\\/fr\\\/\",\"name\":\"Marketing and Innovation\",\"description\":\"Site d&#039;infos ind\u00e9pendant, depuis 1996\",\"potentialAction\":[{\"@type\":\"SearchAction\",\"target\":{\"@type\":\"EntryPoint\",\"urlTemplate\":\"https:\\\/\\\/visionarymarketing.com\\\/fr\\\/?s={search_term_string}\"},\"query-input\":{\"@type\":\"PropertyValueSpecification\",\"valueRequired\":true,\"valueName\":\"search_term_string\"}}],\"inLanguage\":\"fr-FR\"},{\"@type\":\"Person\",\"@id\":\"https:\\\/\\\/visionarymarketing.com\\\/fr\\\/#\\\/schema\\\/person\\\/3754fee1e558f47b8deb46f53c37423e\",\"name\":\"Yann Gourvennec\",\"image\":{\"@type\":\"ImageObject\",\"inLanguage\":\"fr-FR\",\"@id\":\"https:\\\/\\\/secure.gravatar.com\\\/avatar\\\/5972001801e8de5692a3e31224e85769f50a55fb8b679749f9c8d1868cceff14?s=96&d=initials&r=g&initials=yg\",\"url\":\"https:\\\/\\\/secure.gravatar.com\\\/avatar\\\/5972001801e8de5692a3e31224e85769f50a55fb8b679749f9c8d1868cceff14?s=96&d=initials&r=g&initials=yg\",\"contentUrl\":\"https:\\\/\\\/secure.gravatar.com\\\/avatar\\\/5972001801e8de5692a3e31224e85769f50a55fb8b679749f9c8d1868cceff14?s=96&d=initials&r=g&initials=yg\",\"caption\":\"Yann Gourvennec\"},\"description\":\"Yann Gourvennec created visionarymarketing.com in 1996. He is a speaker and author of many books. In 2014 he went from intrapreneur to entrepreneur, when he created his digital marketing agency. Yann Gourvennec a cr\u00e9\u00e9 visionarymarketing.com en 1996. Il est conf\u00e9rencier et auteur de plusieurs livres. En 2014, il est pass\u00e9 d'intrapreneur \u00e0 entrepreneur en cr\u00e9ant son agence de marketing num\u00e9rique.\",\"sameAs\":[\"https:\\\/\\\/visionarymarketing.com\",\"http:\\\/\\\/facebook.com\\\/ygourven\",\"http:\\\/\\\/linkedin.com\\\/in\\\/ygourven\",\"https:\\\/\\\/x.com\\\/ygourven\",\"https:\\\/\\\/www.youtube.com\\\/c\\\/visionarymarketingagency\"],\"url\":\"https:\\\/\\\/visionarymarketing.com\\\/fr\\\/author\\\/yann-gourvennec\\\/\"}]}<\/script>\n<!-- \/ Yoast SEO plugin. -->","yoast_head_json":{"title":"Marques et m\u00e9dias sociaux : les d\u00e9fis pos\u00e9s par TikTok et l'UGC","description":"Marques et les m\u00e9dias\u00a0sociaux en 2022... les d\u00e9fis sont nombreux.\u00a0Pour d\u00e9crire les enjeux des marques j'ai interview\u00e9 Romina Gonzalez Galetto","robots":{"index":"index","follow":"follow","max-snippet":"max-snippet:-1","max-image-preview":"max-image-preview:large","max-video-preview":"max-video-preview:-1"},"canonical":"https:\/\/visionarymarketing.com\/fr\/2022\/09\/12\/marques-et-medias-sociaux\/","og_locale":"fr_FR","og_type":"article","og_title":"Marques et m\u00e9dias sociaux : les d\u00e9fis pos\u00e9s par TikTok et l'UGC","og_description":"Marques et les m\u00e9dias\u00a0sociaux en 2022... les d\u00e9fis sont nombreux.\u00a0Pour d\u00e9crire les enjeux des marques j'ai interview\u00e9 Romina Gonzalez Galetto","og_url":"https:\/\/visionarymarketing.com\/fr\/2022\/09\/12\/marques-et-medias-sociaux\/","og_site_name":"Marketing and Innovation","article_publisher":"https:\/\/www.facebook.com\/vismktg","article_author":"http:\/\/facebook.com\/ygourven","article_published_time":"2022-09-12T05:00:17+00:00","article_modified_time":"2022-11-04T15:37:47+00:00","og_image":[{"width":520,"height":340,"url":"https:\/\/visionarymarketing.com\/wp-content\/uploads\/2022\/09\/futur-avenir-owly-medias-sociaux.png","type":"image\/png"}],"author":"Yann Gourvennec","twitter_card":"summary_large_image","twitter_creator":"@ygourven","twitter_site":"@ygourven","twitter_misc":{"\u00c9crit par":"Yann Gourvennec","Dur\u00e9e de lecture estim\u00e9e":"7 minutes"},"schema":{"@context":"https:\/\/schema.org","@graph":[{"@type":"NewsArticle","@id":"https:\/\/visionarymarketing.com\/fr\/2022\/09\/12\/marques-et-medias-sociaux\/#article","isPartOf":{"@id":"https:\/\/visionarymarketing.com\/fr\/2022\/09\/12\/marques-et-medias-sociaux\/"},"author":{"name":"Yann Gourvennec","@id":"https:\/\/visionarymarketing.com\/fr\/#\/schema\/person\/3754fee1e558f47b8deb46f53c37423e"},"headline":"Marques et m\u00e9dias sociaux : les d\u00e9fis pos\u00e9s par l&rsquo;essor de TikTok et de l&rsquo;UGC","datePublished":"2022-09-12T05:00:17+00:00","dateModified":"2022-11-04T15:37:47+00:00","mainEntityOfPage":{"@id":"https:\/\/visionarymarketing.com\/fr\/2022\/09\/12\/marques-et-medias-sociaux\/"},"wordCount":1396,"commentCount":1,"image":{"@id":"https:\/\/visionarymarketing.com\/fr\/2022\/09\/12\/marques-et-medias-sociaux\/#primaryimage"},"thumbnailUrl":"https:\/\/visionarymarketing.com\/wp-content\/uploads\/2022\/09\/futur-avenir-owly-medias-sociaux.png","articleSection":["m\u00e9dias \/ r\u00e9seaux sociaux"],"inLanguage":"fr-FR","potentialAction":[{"@type":"CommentAction","name":"Comment","target":["https:\/\/visionarymarketing.com\/fr\/2022\/09\/12\/marques-et-medias-sociaux\/#respond"]}]},{"@type":"WebPage","@id":"https:\/\/visionarymarketing.com\/fr\/2022\/09\/12\/marques-et-medias-sociaux\/","url":"https:\/\/visionarymarketing.com\/fr\/2022\/09\/12\/marques-et-medias-sociaux\/","name":"Marques et m\u00e9dias sociaux : les d\u00e9fis pos\u00e9s par TikTok et l'UGC","isPartOf":{"@id":"https:\/\/visionarymarketing.com\/fr\/#website"},"primaryImageOfPage":{"@id":"https:\/\/visionarymarketing.com\/fr\/2022\/09\/12\/marques-et-medias-sociaux\/#primaryimage"},"image":{"@id":"https:\/\/visionarymarketing.com\/fr\/2022\/09\/12\/marques-et-medias-sociaux\/#primaryimage"},"thumbnailUrl":"https:\/\/visionarymarketing.com\/wp-content\/uploads\/2022\/09\/futur-avenir-owly-medias-sociaux.png","datePublished":"2022-09-12T05:00:17+00:00","dateModified":"2022-11-04T15:37:47+00:00","author":{"@id":"https:\/\/visionarymarketing.com\/fr\/#\/schema\/person\/3754fee1e558f47b8deb46f53c37423e"},"description":"Marques et les m\u00e9dias\u00a0sociaux en 2022... les d\u00e9fis sont nombreux.\u00a0Pour d\u00e9crire les enjeux des marques j'ai interview\u00e9 Romina Gonzalez Galetto","breadcrumb":{"@id":"https:\/\/visionarymarketing.com\/fr\/2022\/09\/12\/marques-et-medias-sociaux\/#breadcrumb"},"inLanguage":"fr-FR","potentialAction":[{"@type":"ReadAction","target":["https:\/\/visionarymarketing.com\/fr\/2022\/09\/12\/marques-et-medias-sociaux\/"]}]},{"@type":"ImageObject","inLanguage":"fr-FR","@id":"https:\/\/visionarymarketing.com\/fr\/2022\/09\/12\/marques-et-medias-sociaux\/#primaryimage","url":"https:\/\/visionarymarketing.com\/wp-content\/uploads\/2022\/09\/futur-avenir-owly-medias-sociaux.png","contentUrl":"https:\/\/visionarymarketing.com\/wp-content\/uploads\/2022\/09\/futur-avenir-owly-medias-sociaux.png","width":520,"height":340,"caption":"Avenir des m\u00e9dias sociaux"},{"@type":"BreadcrumbList","@id":"https:\/\/visionarymarketing.com\/fr\/2022\/09\/12\/marques-et-medias-sociaux\/#breadcrumb","itemListElement":[{"@type":"ListItem","position":1,"name":"Home","item":"https:\/\/visionarymarketing.com\/fr\/"},{"@type":"ListItem","position":2,"name":"Marques et m\u00e9dias sociaux : les d\u00e9fis pos\u00e9s par l&rsquo;essor de TikTok et de l&rsquo;UGC"}]},{"@type":"WebSite","@id":"https:\/\/visionarymarketing.com\/fr\/#website","url":"https:\/\/visionarymarketing.com\/fr\/","name":"Marketing and Innovation","description":"Site d&#039;infos ind\u00e9pendant, depuis 1996","potentialAction":[{"@type":"SearchAction","target":{"@type":"EntryPoint","urlTemplate":"https:\/\/visionarymarketing.com\/fr\/?s={search_term_string}"},"query-input":{"@type":"PropertyValueSpecification","valueRequired":true,"valueName":"search_term_string"}}],"inLanguage":"fr-FR"},{"@type":"Person","@id":"https:\/\/visionarymarketing.com\/fr\/#\/schema\/person\/3754fee1e558f47b8deb46f53c37423e","name":"Yann Gourvennec","image":{"@type":"ImageObject","inLanguage":"fr-FR","@id":"https:\/\/secure.gravatar.com\/avatar\/5972001801e8de5692a3e31224e85769f50a55fb8b679749f9c8d1868cceff14?s=96&d=initials&r=g&initials=yg","url":"https:\/\/secure.gravatar.com\/avatar\/5972001801e8de5692a3e31224e85769f50a55fb8b679749f9c8d1868cceff14?s=96&d=initials&r=g&initials=yg","contentUrl":"https:\/\/secure.gravatar.com\/avatar\/5972001801e8de5692a3e31224e85769f50a55fb8b679749f9c8d1868cceff14?s=96&d=initials&r=g&initials=yg","caption":"Yann Gourvennec"},"description":"Yann Gourvennec created visionarymarketing.com in 1996. He is a speaker and author of many books. In 2014 he went from intrapreneur to entrepreneur, when he created his digital marketing agency. Yann Gourvennec a cr\u00e9\u00e9 visionarymarketing.com en 1996. Il est conf\u00e9rencier et auteur de plusieurs livres. En 2014, il est pass\u00e9 d'intrapreneur \u00e0 entrepreneur en cr\u00e9ant son agence de marketing num\u00e9rique.","sameAs":["https:\/\/visionarymarketing.com","http:\/\/facebook.com\/ygourven","http:\/\/linkedin.com\/in\/ygourven","https:\/\/x.com\/ygourven","https:\/\/www.youtube.com\/c\/visionarymarketingagency"],"url":"https:\/\/visionarymarketing.com\/fr\/author\/yann-gourvennec\/"}]}},"_links":{"self":[{"href":"https:\/\/visionarymarketing.com\/fr\/wp-json\/wp\/v2\/posts\/70899","targetHints":{"allow":["GET"]}}],"collection":[{"href":"https:\/\/visionarymarketing.com\/fr\/wp-json\/wp\/v2\/posts"}],"about":[{"href":"https:\/\/visionarymarketing.com\/fr\/wp-json\/wp\/v2\/types\/post"}],"author":[{"embeddable":true,"href":"https:\/\/visionarymarketing.com\/fr\/wp-json\/wp\/v2\/users\/2"}],"replies":[{"embeddable":true,"href":"https:\/\/visionarymarketing.com\/fr\/wp-json\/wp\/v2\/comments?post=70899"}],"version-history":[{"count":0,"href":"https:\/\/visionarymarketing.com\/fr\/wp-json\/wp\/v2\/posts\/70899\/revisions"}],"wp:featuredmedia":[{"embeddable":true,"href":"https:\/\/visionarymarketing.com\/fr\/wp-json\/wp\/v2\/media\/71342"}],"wp:attachment":[{"href":"https:\/\/visionarymarketing.com\/fr\/wp-json\/wp\/v2\/media?parent=70899"}],"wp:term":[{"taxonomy":"category","embeddable":true,"href":"https:\/\/visionarymarketing.com\/fr\/wp-json\/wp\/v2\/categories?post=70899"},{"taxonomy":"post_tag","embeddable":true,"href":"https:\/\/visionarymarketing.com\/fr\/wp-json\/wp\/v2\/tags?post=70899"}],"curies":[{"name":"wp","href":"https:\/\/api.w.org\/{rel}","templated":true}]}}