{"id":70063,"date":"2022-06-30T08:30:36","date_gmt":"2022-06-30T06:30:36","guid":{"rendered":"https:\/\/visionarymarketing.com\/?p=70063"},"modified":"2022-06-30T11:20:53","modified_gmt":"2022-06-30T09:20:53","slug":"notes-de-frais-des-entreprises","status":"publish","type":"post","link":"https:\/\/visionarymarketing.com\/fr\/2022\/06\/30\/notes-de-frais-des-entreprises\/","title":{"rendered":"Les d\u00e9penses professionnelles des entreprises transform\u00e9es par la crise"},"content":{"rendered":"<p><em>Et si on \u00e9pluchait les notes de frais des entreprises pour conna\u00eetre les tendances et les comportements des professionnels ? C&rsquo;est justement ce que fait\u00a0<a href=\"http:\/\/app.jenji.io\" target=\"_blank\" rel=\"noopener\">Jenji<\/a>, un \u00e9diteur de solution de saisie des notes de frais qui publie aujourd&rsquo;hui son <strong>3e index des d\u00e9penses professionnelles en exclusivit\u00e9 avec\u00a0Visionary Marketing<\/strong>. Ces notes de frais font bien plus que nous parler de d\u00e9penses professionnelles, elles nous donnent de v\u00e9ritables indications sur les\u00a0tendances de\u00a0fond du monde du travail et de sa transformation. Zoom sur\u00a0cet index des notes de frais avec\u00a0<a href=\"https:\/\/www.linkedin.com\/in\/lucie-de-antoni-9397b689\" target=\"_blank\" rel=\"noopener\">Lucie de Antoni<\/a>, directrice marketing de Jenji.<\/em><\/p>\n<h2>Notes de frais : les d\u00e9penses professionnelles transform\u00e9es par la crise<\/h2>\n<figure id=\"attachment_70167\" aria-describedby=\"caption-attachment-70167\" style=\"width: 520px\" class=\"wp-caption aligncenter\"><img decoding=\"async\" class=\"wp-image-70167 size-full\" src=\"https:\/\/visionarymarketing.com\/wp-content\/uploads\/2022\/06\/new-notes-de-frais-entreprises-e1656580816738.jpg\" alt=\"notes de frais entreprises\" width=\"520\" height=\"367\" \/><figcaption id=\"caption-attachment-70167\" class=\"wp-caption-text\">Le 3e barom\u00e8tre des notes de frais Jenji fait clairement ressortir, au travers de l&rsquo;analyse des donn\u00e9es issues de l&rsquo;application, les bouleversements intervenus dans le fonctionnement des entreprises apr\u00e8s la crise du Covid (si tant est que nous en soyons sortis&#8230;)<\/figcaption><\/figure>\n<h3>L&rsquo;\u00e9volution du monde des entreprises au prisme de leurs notes de frais<\/h3>\n<p>Jenji a lanc\u00e9 son premier barom\u00e8tre des d\u00e9penses professionnelles en 2021 et en publie une mise \u00e0 jour tous les six mois. Dans la p\u00e9riode actuelle, o\u00f9 tout bouge tr\u00e8s vite, ce qui \u00e9tait une tendance forte six mois auparavant peut ne plus du tout l&rsquo;\u00eatre par la suite et c&rsquo;est ce qui justifie ce rythme soutenu de mises \u00e0 jour.<!--more--><\/p>\n<p>Pour cette 3e \u00e9dition de leurs index des d\u00e9penses professionnelles, l&rsquo;\u00e9diteur de l&rsquo;application a confi\u00e9 en exclusivit\u00e9 son rapport \u00e0 Visionary Marketing qui vous le d\u00e9voile aujourd&rsquo;hui, avec cette interview de Lucie de Antoni, directrice marketing de Jenji.<\/p>\n<figure id=\"attachment_70137\" aria-describedby=\"caption-attachment-70137\" style=\"width: 850px\" class=\"wp-caption aligncenter\"><img decoding=\"async\" class=\"wp-image-70137 size-full\" src=\"https:\/\/visionarymarketing.com\/wp-content\/uploads\/2022\/06\/frais-jenji-velo-2022-06-29-at-190923-e1656522653172.jpg\" alt=\"notes de frais\" width=\"850\" height=\"584\" srcset=\"https:\/\/visionarymarketing.com\/wp-content\/uploads\/2022\/06\/frais-jenji-velo-2022-06-29-at-190923-e1656522653172.jpg 850w, https:\/\/visionarymarketing.com\/wp-content\/uploads\/2022\/06\/frais-jenji-velo-2022-06-29-at-190923-e1656522653172-437x300.jpg 437w, https:\/\/visionarymarketing.com\/wp-content\/uploads\/2022\/06\/frais-jenji-velo-2022-06-29-at-190923-e1656522653172-768x528.jpg 768w, https:\/\/visionarymarketing.com\/wp-content\/uploads\/2022\/06\/frais-jenji-velo-2022-06-29-at-190923-e1656522653172-220x150.jpg 220w\" sizes=\"(max-width: 850px) 100vw, 850px\" \/><figcaption id=\"caption-attachment-70137\" class=\"wp-caption-text\">Signe d&rsquo;une volont\u00e9 de se d\u00e9placer de mani\u00e8re plus responsable, on a observ\u00e9 un boom du v\u00e9lo en France entre 2021 et 2022 dans les notes de frais. On voit aussi que Paris a encore un peu d&rsquo;efforts \u00e0 faire pour \u00eatre \u00e9lue ville la plus cyclable de France &#8211; source Jenji<\/figcaption><\/figure>\n<h3>Grandes tendances issues des notes de frais des entreprises<\/h3>\n<p>On peut d\u00e9duire quelques grandes tendances de ce 3e index des notes de frais professionnelles :<\/p>\n<ol>\n<li><strong>Un changement de vision quant \u00e0 l&rsquo;\u00e9cologie et aux approches dites \u00ab\u00a0durables\u00a0\u00bb<\/strong>. On observe un v\u00e9ritable changement dans les notes de frais, et notamment autour du v\u00e9lo. Le forfait mobilit\u00e9s durables a notamment un fort impact en France, mais n&rsquo;existe pas en Allemagne ;<\/li>\n<li>Une <strong>digitalisation accrue des processus<\/strong> de notes de frais ;<\/li>\n<li>Une <strong>stabilisation des remboursements des outils digitaux<\/strong> et forfaits Internet observ\u00e9s lors du 2e index (impact du <a href=\"https:\/\/visionarymarketing.com\/fr\/2020\/03\/teletravail-confinement\/\">d\u00e9veloppement du t\u00e9l\u00e9travail<\/a>), qui sont d\u00e9sormais rentr\u00e9s dans la normalit\u00e9. Les outils phares de la digitalisation sont les outils de Webconf\u00e9rence ;<\/li>\n<li><strong>Stabilisation sur une tendance haute pour les d\u00e9placements en train<\/strong>, dans un esprit de responsabilit\u00e9 soci\u00e9tale des entreprises, <strong>m\u00eame si l&rsquo;avion fait de la r\u00e9sistance en Europe\u00a0<\/strong>;<\/li>\n<li>Enfin, le travail hybride a fait <strong>reculer les d\u00e9penses de livraison de repas en France, mais pas en Allemagne.<\/strong><\/li>\n<\/ol>\n<div class=\"mceTemp\"><\/div>\n<h3>Forte \u00e9volution du nombre de collaborateurs utilisant une solution digitale<\/h3>\n<p>Sur le premier semestre 2022, Jenji a constat\u00e9 une <strong>augmentation de 101\u00a0% de son nombre d&rsquo;utilisateurs<\/strong>\u00a0par rapport \u00e0 la p\u00e9riode pr\u00e9c\u00e9dente. Un signe fort de la digitalisation des notes de frais.<\/p>\n<figure id=\"attachment_70134\" aria-describedby=\"caption-attachment-70134\" style=\"width: 520px\" class=\"wp-caption aligncenter\"><img decoding=\"async\" class=\"wp-image-70134 size-full\" src=\"https:\/\/visionarymarketing.com\/wp-content\/uploads\/2022\/06\/personal-finance_1116290-e1656562571887.jpg\" alt=\"\" width=\"520\" height=\"347\" srcset=\"https:\/\/visionarymarketing.com\/wp-content\/uploads\/2022\/06\/personal-finance_1116290-e1656562571887.jpg 520w, https:\/\/visionarymarketing.com\/wp-content\/uploads\/2022\/06\/personal-finance_1116290-e1656562571887-450x300.jpg 450w\" sizes=\"(max-width: 520px) 100vw, 520px\" \/><figcaption id=\"caption-attachment-70134\" class=\"wp-caption-text\">Finies les notes de frais papier ! Il est \u00e0 noter que Visionary Marketing utilise Jenji depuis 2022 et fait partie des nouveaux utilisateurs recens\u00e9s par l&rsquo;\u00e9diteur.<\/figcaption><\/figure>\n<blockquote class=\"quote-light\"><p>En seulement 3 mois en 2022, Jenji a comptabilis\u00e9 un nombre de notes de frais \u00e9quivalent \u00e0 6 mois de 2021<\/p><\/blockquote>\n<p>Au-del\u00e0 de la digitalisation de leurs processus de notes de frais, <strong>les entreprises ont transform\u00e9 leurs d\u00e9penses<\/strong>.<\/p>\n<h3>Stabilisation du digital dans les notes de frais des entreprises<\/h3>\n<p>Ainsi certains\u00a0<strong>d\u00e9placements en train ont \u00e9t\u00e9 remplac\u00e9s par des d\u00e9penses li\u00e9es \u00e0 des outils digitaux<\/strong>.<\/p>\n<p>Les notes de frais \u00e9taient pr\u00e9c\u00e9demment tr\u00e8s li\u00e9es aux d\u00e9placements, aux voyages d&rsquo;affaires, elles vont d\u00e9sormais au-del\u00e0.<\/p>\n<p>L&rsquo;\u00e9dition num\u00e9ro deux du Barom\u00e8tre faisait ressortir un vrai boom sur les remboursements de forfaits Internet, de mobilier de bureau, de t\u00e9l\u00e9phonie.<\/p>\n<p>Ces d\u00e9penses sont maintenant stabilis\u00e9es, car elles sont rentr\u00e9es dans les m\u0153urs des entreprises.<\/p>\n<div>\n<h3><span lang=\"FR\">L&rsquo;avion fait de la r\u00e9sistance dans les notes de frais des entreprises<\/span><\/h3>\n<\/div>\n<p>Dans la 1re \u00e9dition du barom\u00e8tre, 80\u00a0% des entreprises n&rsquo;avaient pas r\u00e9serv\u00e9 de vols depuis plus d&rsquo;un an et demi.<\/p>\n<figure id=\"attachment_70146\" aria-describedby=\"caption-attachment-70146\" style=\"width: 533px\" class=\"wp-caption aligncenter\"><img decoding=\"async\" class=\"wp-image-70146 size-full\" src=\"https:\/\/visionarymarketing.com\/wp-content\/uploads\/2022\/06\/screenshot-2022-06-30-at-055548.png\" alt=\"notes de frais\" width=\"533\" height=\"287\" srcset=\"https:\/\/visionarymarketing.com\/wp-content\/uploads\/2022\/06\/screenshot-2022-06-30-at-055548.png 533w, https:\/\/visionarymarketing.com\/wp-content\/uploads\/2022\/06\/screenshot-2022-06-30-at-055548-500x269.png 500w\" sizes=\"(max-width: 533px) 100vw, 533px\" \/><figcaption id=\"caption-attachment-70146\" class=\"wp-caption-text\">L&rsquo;ann\u00e9e 2022 a connu un fort rebond par rapport \u00e0 l&rsquo;ann\u00e9e pr\u00e9c\u00e9dente en mati\u00e8re de voyages d&rsquo;affaires. Et les avions ont \u00e0 nouveau quitt\u00e9 les pistes. &#8211; source Jenji<\/figcaption><\/figure>\n<p>Aujourd&rsquo;hui, le nombre de d\u00e9penses li\u00e9 aux vols a augment\u00e9 de 60\u00a0% par rapport \u00e0 la m\u00eame p\u00e9riode de l&rsquo;ann\u00e9e derni\u00e8re.<\/p>\n<p><strong>90\u00a0% de ces vols sont europ\u00e9ens<\/strong>. Il y a encore une petite fragilit\u00e9 sur l&rsquo;international et sur les longs courriers. Mais l&rsquo;a\u00e9rien repart de mani\u00e8re plut\u00f4t dynamique.<\/p>\n<h3>Le train domine encore&#8230;<\/h3>\n<p>Le train avait atteint il y a six mois des pics de d\u00e9penses entre 100 et 150\u00a0%, parfois m\u00eame 200\u00a0%. Aujourd&rsquo;hui, la situation se stabilise. <strong>Le premier semestre 2022 compar\u00e9 \u00e0 l&rsquo;ann\u00e9e pr\u00e9c\u00e9dente montre une augmentation de 51\u00a0%<\/strong>.<\/p>\n<p>Le choix du train n&rsquo;est pas fait uniquement pour des raisons tarifaires, mais aussi pour des <strong>raisons de responsabilit\u00e9 soci\u00e9tale des entreprises<\/strong>.<strong>\u00a0<\/strong><\/p>\n<h3>Une augmentation spectaculaire des notes de frais pour les outils digitaux<\/h3>\n<p>Les outils li\u00e9s aux <strong>r\u00e9unions et aux webinaires<\/strong> arrivent en t\u00eate : Zoom, Microsoft Teams, Livestorm ou Webikeo.<\/p>\n<p>On trouve \u00e9galement Slack, et les outils qui tournent autour de la t\u00e9l\u00e9phonie, de l&rsquo;Internet et du confort que l&rsquo;entreprise souhaite apporter \u00e0 ses collaborateurs.<\/p>\n<blockquote class=\"quote-light\"><p>Les outils digitaux sont d\u00e9sormais totalement inclus dans les strat\u00e9gies d&rsquo;achats des entreprises<\/p><\/blockquote>\n<h3>La livraison de nourriture en baisse<\/h3>\n<p>Avec le d\u00e9veloppement du <a href=\"https:\/\/news.zevillage.net\/p\/le-travail-hybride-libere\" target=\"_blank\" rel=\"noopener\">travail hybride<\/a> dans les entreprises, <strong>les livraisons de repas ont tendance \u00e0 d\u00e9serter les notes de frais<\/strong>.<\/p>\n<p>Jenji observe \u00e9galement une <strong>baisse des r\u00e9unions d&rsquo;\u00e9quipe en physique<\/strong>.<\/p>\n<p>On constate des diff\u00e9rences assez fortes selon les pays. En France, on observe une diminution l\u00e9g\u00e8re, mais certaine de la livraison, mais pas en Allemagne.<\/p>\n<h3>En France, un vrai boom du forfait mobilit\u00e9s durables<\/h3>\n<p>Le <a href=\"https:\/\/www.ecologie.gouv.fr\/faq-forfait-mobilites-durables-fmd\" target=\"_blank\" rel=\"noopener\">forfait mobilit\u00e9s durables<\/a>, mis en place fin 2019, permet aux employeurs de rembourser des forfaits de trottinettes, de v\u00e9lo ou m\u00eame de scooter \u00e9lectrique \u00e0 leurs employ\u00e9s. Il s&rsquo;applique \u00e9galement au covoiturage, aux transports en commun et \u00e0 l&rsquo;autopartage.<\/p>\n<figure id=\"attachment_70151\" aria-describedby=\"caption-attachment-70151\" style=\"width: 1040px\" class=\"wp-caption aligncenter\"><img decoding=\"async\" class=\"wp-image-70151 size-full\" src=\"https:\/\/visionarymarketing.com\/wp-content\/uploads\/2022\/06\/notes-de-frais-forfait-mobilites-durables-infograttttphie2.jpg\" alt=\"notes de frais\" width=\"1040\" height=\"740\" srcset=\"https:\/\/visionarymarketing.com\/wp-content\/uploads\/2022\/06\/notes-de-frais-forfait-mobilites-durables-infograttttphie2.jpg 1040w, https:\/\/visionarymarketing.com\/wp-content\/uploads\/2022\/06\/notes-de-frais-forfait-mobilites-durables-infograttttphie2-422x300.jpg 422w, https:\/\/visionarymarketing.com\/wp-content\/uploads\/2022\/06\/notes-de-frais-forfait-mobilites-durables-infograttttphie2-1024x729.jpg 1024w, https:\/\/visionarymarketing.com\/wp-content\/uploads\/2022\/06\/notes-de-frais-forfait-mobilites-durables-infograttttphie2-768x546.jpg 768w\" sizes=\"(max-width: 1040px) 100vw, 1040px\" \/><figcaption id=\"caption-attachment-70151\" class=\"wp-caption-text\">Infographie <a href=\"https:\/\/www.banquedesterritoires.fr\/forfait-mobilites-durables-le-velo-plebiscite-par-les-employeurs-prives\" target=\"_blank\" rel=\"noopener\">Banquedesterritoires.fr<\/a> (Caisse des d\u00e9p\u00f4ts) \u2014 avril 2021<\/figcaption><\/figure>\n<p><strong>Les grandes entreprises l&rsquo;ont adopt\u00e9 facilement<\/strong>, car il s&rsquo;ins\u00e8re naturellement dans leur strat\u00e9gie RSE, et aussi, car leurs collaborateurs sont tr\u00e8s demandeurs.<\/p>\n<h3>Beaucoup d&rsquo;entreprises n&rsquo;en sont qu&rsquo;au d\u00e9but de leur transformation digitale<\/h3>\n<p>Lucie de Antoni nous a \u00e9galement livr\u00e9 ses r\u00e9flexions sur la <a href=\"https:\/\/visionarymarketing.com\/fr\/2022\/06\/paradoxe-transformation-digitale\/\">transformation digitale des entreprises<\/a>.<\/p>\n<p>\u00ab\u00a0Il y a un vrai besoin d&rsquo;\u00e9ducation, d&rsquo;explication et d&rsquo;accompagnement.<\/p>\n<p>On parle de transition et de transformation digitale parce qu&rsquo;il y a eu la crise Covid, que certaines entreprises disent qu&rsquo;elles ont fait un boom de cinq ou sept ans.<\/p>\n<blockquote class=\"quote-light\"><p>Mais pour beaucoup d&rsquo;organisations, cette transition digitale n&rsquo;en est qu&rsquo;\u00e0 ses d\u00e9buts<\/p><\/blockquote>\n<p>Des sujets tr\u00e8s prospectifs tels que le <a href=\"https:\/\/visionarymarketing.com\/fr\/2022\/03\/metaverse\/\">m\u00e9tavers<\/a> leur font peur, non pas parce qu&rsquo;elles ne veulent pas en entendre parler, mais parce qu&rsquo;elles en sont juste au d\u00e9but de cette transformation.<\/p>\n<p>Il faut donc prendre en compte le degr\u00e9 de maturit\u00e9 et d&rsquo;\u00e9volution de chaque entreprise, c&rsquo;est aussi comme \u00e7a qu&rsquo;on d\u00e9mocratisera ces sujets de transformation digitale.\u00a0\u00bb<\/p>\n<figure id=\"attachment_70138\" aria-describedby=\"caption-attachment-70138\" style=\"width: 850px\" class=\"wp-caption aligncenter\"><a href=\"https:\/\/visionarymarketing.com\/wp-content\/uploads\/2022\/06\/fr-index3-barometre-notes-de-frais.pdf\" target=\"_blank\" rel=\"noopener\"><img decoding=\"async\" class=\"wp-image-70138 size-full\" src=\"https:\/\/visionarymarketing.com\/wp-content\/uploads\/2022\/06\/screenshot-2022-06-29-at-191228-e1656522777200.jpg\" alt=\"3e index Jenji des d\u00e9pendes professionnelles\" width=\"850\" height=\"600\" srcset=\"https:\/\/visionarymarketing.com\/wp-content\/uploads\/2022\/06\/screenshot-2022-06-29-at-191228-e1656522777200.jpg 850w, https:\/\/visionarymarketing.com\/wp-content\/uploads\/2022\/06\/screenshot-2022-06-29-at-191228-e1656522777200-425x300.jpg 425w, https:\/\/visionarymarketing.com\/wp-content\/uploads\/2022\/06\/screenshot-2022-06-29-at-191228-e1656522777200-768x542.jpg 768w\" sizes=\"(max-width: 850px) 100vw, 850px\" \/><\/a><figcaption id=\"caption-attachment-70138\" class=\"wp-caption-text\">T\u00e9l\u00e9charger le rapport sur le <a href=\"https:\/\/visionarymarketing.com\/wp-content\/uploads\/2022\/06\/fr-index3-barometre-notes-de-frais.pdf\" target=\"_blank\" rel=\"noopener\">3e index des notes de frais de Jenji<\/a><\/figcaption><\/figure>\n<hr \/>\n<figure id=\"attachment_70155\" aria-describedby=\"caption-attachment-70155\" style=\"width: 850px\" class=\"wp-caption aligncenter\"><img decoding=\"async\" class=\"size-full wp-image-70155\" src=\"https:\/\/visionarymarketing.com\/wp-content\/uploads\/2022\/06\/screenshot-2022-06-30-at-070029-e1656565285232.png\" alt=\"Jenji notes de frais\" width=\"850\" height=\"634\" srcset=\"https:\/\/visionarymarketing.com\/wp-content\/uploads\/2022\/06\/screenshot-2022-06-30-at-070029-e1656565285232.png 850w, https:\/\/visionarymarketing.com\/wp-content\/uploads\/2022\/06\/screenshot-2022-06-30-at-070029-e1656565285232-402x300.png 402w, https:\/\/visionarymarketing.com\/wp-content\/uploads\/2022\/06\/screenshot-2022-06-30-at-070029-e1656565285232-768x573.png 768w\" sizes=\"(max-width: 850px) 100vw, 850px\" \/><figcaption id=\"caption-attachment-70155\" class=\"wp-caption-text\"><a href=\"https:\/\/app.jenji.io\" target=\"_blank\" rel=\"noopener\">Jenji<\/a> est une application de notes de frais qui permet de saisir, stocker et produire des rapports de d\u00e9penses professionnelles de mani\u00e8re automatis\u00e9e. La reconnaissance OCR permet de pr\u00e9remplir les fiches de frais pour chaque d\u00e9pense. L&rsquo;outil est payant pour les \u00e9quipes, mais est gratuit pour les ind\u00e9pendants. Nous vous recommandons vivement cette solution tr\u00e8s bien con\u00e7ue par un \u00e9diteur fran\u00e7ais.<\/figcaption><\/figure>\n<div itemscope itemtype=\"http:\/\/schema.org\/AudioObject\"><meta itemprop=\"name\" content=\"Les d\u00e9penses professionnelles des entreprises transform\u00e9es par la crise\" \/><meta itemprop=\"uploadDate\" content=\"2022-06-30T08:30:36+02:00\" \/><meta itemprop=\"encodingFormat\" content=\"audio\/mpeg\" \/><meta itemprop=\"duration\" content=\"PT26M10S\" \/><meta itemprop=\"description\" content=\"Et si on \u00e9pluchait les notes de frais des entreprises pour conna\u00eetre les tendances et les comportements des professionnels ? C&#039;est justement ce que fait\u00a0Jenji, un \u00e9diteur de solution de saisie des notes de frais qui publie aujourd&#039;hui son 3e index de...\" \/><meta itemprop=\"contentUrl\" content=\"https:\/\/media.blubrry.com\/visionarymarketing_les\/agence.visionarymarketing.com\/files\/podcasts\/2022-06-30-Jenji-lucie-de-antoni-mixdown.mp3\" \/><meta itemprop=\"contentSize\" content=\"9.7\" \/><div class=\"powerpress_player\" id=\"powerpress_player_9175\"><audio class=\"wp-audio-shortcode\" id=\"audio-70063-1\" preload=\"none\" style=\"width: 100%;\" controls=\"controls\"><source type=\"audio\/mpeg\" src=\"https:\/\/media.blubrry.com\/visionarymarketing_les\/agence.visionarymarketing.com\/files\/podcasts\/2022-06-30-Jenji-lucie-de-antoni-mixdown.mp3?_=1\" \/><a href=\"https:\/\/media.blubrry.com\/visionarymarketing_les\/agence.visionarymarketing.com\/files\/podcasts\/2022-06-30-Jenji-lucie-de-antoni-mixdown.mp3\">https:\/\/media.blubrry.com\/visionarymarketing_les\/agence.visionarymarketing.com\/files\/podcasts\/2022-06-30-Jenji-lucie-de-antoni-mixdown.mp3<\/a><\/audio><\/div><\/div><p class=\"powerpress_links powerpress_links_mp3\" style=\"margin-bottom: 1px !important;\">Podcast: <a href=\"https:\/\/media.blubrry.com\/visionarymarketing_les\/agence.visionarymarketing.com\/files\/podcasts\/2022-06-30-Jenji-lucie-de-antoni-mixdown.mp3\" class=\"powerpress_link_pinw\" target=\"_blank\" title=\"Play in new window\" onclick=\"return powerpress_pinw('https:\/\/visionarymarketing.com\/fr\/\/?powerpress_pinw=70063-podcast');\" rel=\"nofollow\">Play in new window<\/a> | <a href=\"https:\/\/media.blubrry.com\/visionarymarketing_les\/agence.visionarymarketing.com\/files\/podcasts\/2022-06-30-Jenji-lucie-de-antoni-mixdown.mp3\" class=\"powerpress_link_d\" title=\"Download\" rel=\"nofollow\" download=\"2022-06-30-Jenji-lucie-de-antoni-mixdown.mp3\">Download<\/a> (Duration: 26:10 &#8212; 9.7MB)<\/p><p class=\"powerpress_links powerpress_subscribe_links\">Subscribe: <a href=\"https:\/\/itunes.apple.com\/us\/podcast\/visionarymarketing-les-interviews\/id731295319?mt=2&amp;ls=1#episodeGuid=https%3A%2F%2Fvisionarymarketing.com%2F%3Fp%3D70063\" class=\"powerpress_link_subscribe powerpress_link_subscribe_itunes\" target=\"_blank\" title=\"Subscribe on Apple Podcasts\" rel=\"nofollow\">Apple Podcasts<\/a> | <a href=\"https:\/\/open.spotify.com\/show\/52VnZ1mhVSnDs4tQOx7Vuc\" class=\"powerpress_link_subscribe powerpress_link_subscribe_spotify\" target=\"_blank\" title=\"Subscribe on Spotify\" rel=\"nofollow\">Spotify<\/a> | <a href=\"https:\/\/subscribeonandroid.com\/visionarymarketing.com\/fr\/feed\/podcast\/\" class=\"powerpress_link_subscribe powerpress_link_subscribe_android\" target=\"_blank\" title=\"Subscribe on Android\" rel=\"nofollow\">Android<\/a> | <a href=\"https:\/\/visionarymarketing.com\/fr\/feed\/podcast\/\" class=\"powerpress_link_subscribe powerpress_link_subscribe_rss\" target=\"_blank\" title=\"Subscribe via RSS\" rel=\"nofollow\">RSS<\/a><\/p>","protected":false},"excerpt":{"rendered":"<p>Et si on \u00e9pluchait les notes de frais des entreprises pour conna\u00eetre les tendances et les comportements des professionnels ? C&rsquo;est justement ce que fait\u00a0Jenji, un \u00e9diteur de solution de saisie des notes de frais qui publie aujourd&rsquo;hui son 3e index des d\u00e9penses professionnelles en exclusivit\u00e9 avec\u00a0Visionary Marketing. Ces notes de frais font bien plus &hellip;<\/p>\n","protected":false},"author":2,"featured_media":70167,"comment_status":"open","ping_status":"open","sticky":false,"template":"","format":"standard","meta":{"footnotes":""},"categories":[2894],"tags":[],"class_list":["post-70063","post","type-post","status-publish","format-standard","has-post-thumbnail","hentry","category-ia-big-data"],"yoast_head":"<!-- This site is optimized with the Yoast SEO plugin v27.4 - https:\/\/yoast.com\/product\/yoast-seo-wordpress\/ -->\n<title>Notes de frais entreprises, tendances et comportements post Covid<\/title>\n<meta name=\"description\" content=\"3e barom\u00e8tre des d\u00e9penses professionnelles des entreprises Jenji, avec les donn\u00e9es des notes de frais on d\u00e9couvre les tendances nouvelles\" \/>\n<meta name=\"robots\" content=\"index, follow, max-snippet:-1, max-image-preview:large, max-video-preview:-1\" \/>\n<link rel=\"canonical\" href=\"https:\/\/visionarymarketing.com\/fr\/2022\/06\/30\/notes-de-frais-des-entreprises\/\" \/>\n<meta property=\"og:locale\" content=\"fr_FR\" \/>\n<meta property=\"og:type\" content=\"article\" \/>\n<meta property=\"og:title\" content=\"Notes de frais entreprises, tendances et comportements post Covid\" \/>\n<meta property=\"og:description\" content=\"3e barom\u00e8tre des d\u00e9penses professionnelles des entreprises Jenji, avec les donn\u00e9es des notes de frais on d\u00e9couvre les tendances nouvelles\" \/>\n<meta property=\"og:url\" content=\"https:\/\/visionarymarketing.com\/fr\/2022\/06\/30\/notes-de-frais-des-entreprises\/\" \/>\n<meta property=\"og:site_name\" content=\"Marketing and Innovation\" \/>\n<meta property=\"article:publisher\" content=\"https:\/\/www.facebook.com\/vismktg\" \/>\n<meta property=\"article:author\" content=\"http:\/\/facebook.com\/ygourven\" \/>\n<meta property=\"article:published_time\" content=\"2022-06-30T06:30:36+00:00\" \/>\n<meta property=\"article:modified_time\" content=\"2022-06-30T09:20:53+00:00\" \/>\n<meta property=\"og:image\" content=\"https:\/\/visionarymarketing.com\/wp-content\/uploads\/2022\/06\/new-notes-de-frais-entreprises-e1656580816738.jpg\" \/>\n\t<meta property=\"og:image:width\" content=\"519\" \/>\n\t<meta property=\"og:image:height\" content=\"340\" \/>\n\t<meta property=\"og:image:type\" content=\"image\/jpeg\" \/>\n<meta name=\"author\" content=\"Yann Gourvennec\" \/>\n<meta name=\"twitter:card\" content=\"summary_large_image\" \/>\n<meta name=\"twitter:creator\" content=\"@ygourven\" \/>\n<meta name=\"twitter:site\" content=\"@ygourven\" \/>\n<meta name=\"twitter:label1\" content=\"\u00c9crit par\" \/>\n\t<meta name=\"twitter:data1\" content=\"Yann Gourvennec\" \/>\n\t<meta name=\"twitter:label2\" content=\"Dur\u00e9e de lecture estim\u00e9e\" \/>\n\t<meta name=\"twitter:data2\" content=\"8 minutes\" \/>\n<script type=\"application\/ld+json\" class=\"yoast-schema-graph\">{\"@context\":\"https:\\\/\\\/schema.org\",\"@graph\":[{\"@type\":\"NewsArticle\",\"@id\":\"https:\\\/\\\/visionarymarketing.com\\\/fr\\\/2022\\\/06\\\/30\\\/notes-de-frais-des-entreprises\\\/#article\",\"isPartOf\":{\"@id\":\"https:\\\/\\\/visionarymarketing.com\\\/fr\\\/2022\\\/06\\\/30\\\/notes-de-frais-des-entreprises\\\/\"},\"author\":{\"name\":\"Yann Gourvennec\",\"@id\":\"https:\\\/\\\/visionarymarketing.com\\\/fr\\\/#\\\/schema\\\/person\\\/3754fee1e558f47b8deb46f53c37423e\"},\"headline\":\"Les d\u00e9penses professionnelles des entreprises transform\u00e9es par la crise\",\"datePublished\":\"2022-06-30T06:30:36+00:00\",\"dateModified\":\"2022-06-30T09:20:53+00:00\",\"mainEntityOfPage\":{\"@id\":\"https:\\\/\\\/visionarymarketing.com\\\/fr\\\/2022\\\/06\\\/30\\\/notes-de-frais-des-entreprises\\\/\"},\"wordCount\":1444,\"commentCount\":0,\"image\":{\"@id\":\"https:\\\/\\\/visionarymarketing.com\\\/fr\\\/2022\\\/06\\\/30\\\/notes-de-frais-des-entreprises\\\/#primaryimage\"},\"thumbnailUrl\":\"https:\\\/\\\/visionarymarketing.com\\\/wp-content\\\/uploads\\\/2022\\\/06\\\/new-notes-de-frais-entreprises-e1656580816738.jpg\",\"articleSection\":[\"IA et Big Data\"],\"inLanguage\":\"fr-FR\",\"potentialAction\":[{\"@type\":\"CommentAction\",\"name\":\"Comment\",\"target\":[\"https:\\\/\\\/visionarymarketing.com\\\/fr\\\/2022\\\/06\\\/30\\\/notes-de-frais-des-entreprises\\\/#respond\"]}]},{\"@type\":\"WebPage\",\"@id\":\"https:\\\/\\\/visionarymarketing.com\\\/fr\\\/2022\\\/06\\\/30\\\/notes-de-frais-des-entreprises\\\/\",\"url\":\"https:\\\/\\\/visionarymarketing.com\\\/fr\\\/2022\\\/06\\\/30\\\/notes-de-frais-des-entreprises\\\/\",\"name\":\"Notes de frais entreprises, tendances et comportements post Covid\",\"isPartOf\":{\"@id\":\"https:\\\/\\\/visionarymarketing.com\\\/fr\\\/#website\"},\"primaryImageOfPage\":{\"@id\":\"https:\\\/\\\/visionarymarketing.com\\\/fr\\\/2022\\\/06\\\/30\\\/notes-de-frais-des-entreprises\\\/#primaryimage\"},\"image\":{\"@id\":\"https:\\\/\\\/visionarymarketing.com\\\/fr\\\/2022\\\/06\\\/30\\\/notes-de-frais-des-entreprises\\\/#primaryimage\"},\"thumbnailUrl\":\"https:\\\/\\\/visionarymarketing.com\\\/wp-content\\\/uploads\\\/2022\\\/06\\\/new-notes-de-frais-entreprises-e1656580816738.jpg\",\"datePublished\":\"2022-06-30T06:30:36+00:00\",\"dateModified\":\"2022-06-30T09:20:53+00:00\",\"author\":{\"@id\":\"https:\\\/\\\/visionarymarketing.com\\\/fr\\\/#\\\/schema\\\/person\\\/3754fee1e558f47b8deb46f53c37423e\"},\"description\":\"3e barom\u00e8tre des d\u00e9penses professionnelles des entreprises Jenji, avec les donn\u00e9es des notes de frais on d\u00e9couvre les tendances nouvelles\",\"breadcrumb\":{\"@id\":\"https:\\\/\\\/visionarymarketing.com\\\/fr\\\/2022\\\/06\\\/30\\\/notes-de-frais-des-entreprises\\\/#breadcrumb\"},\"inLanguage\":\"fr-FR\",\"potentialAction\":[{\"@type\":\"ReadAction\",\"target\":[\"https:\\\/\\\/visionarymarketing.com\\\/fr\\\/2022\\\/06\\\/30\\\/notes-de-frais-des-entreprises\\\/\"]}]},{\"@type\":\"ImageObject\",\"inLanguage\":\"fr-FR\",\"@id\":\"https:\\\/\\\/visionarymarketing.com\\\/fr\\\/2022\\\/06\\\/30\\\/notes-de-frais-des-entreprises\\\/#primaryimage\",\"url\":\"https:\\\/\\\/visionarymarketing.com\\\/wp-content\\\/uploads\\\/2022\\\/06\\\/new-notes-de-frais-entreprises-e1656580816738.jpg\",\"contentUrl\":\"https:\\\/\\\/visionarymarketing.com\\\/wp-content\\\/uploads\\\/2022\\\/06\\\/new-notes-de-frais-entreprises-e1656580816738.jpg\",\"width\":519,\"height\":340},{\"@type\":\"BreadcrumbList\",\"@id\":\"https:\\\/\\\/visionarymarketing.com\\\/fr\\\/2022\\\/06\\\/30\\\/notes-de-frais-des-entreprises\\\/#breadcrumb\",\"itemListElement\":[{\"@type\":\"ListItem\",\"position\":1,\"name\":\"Home\",\"item\":\"https:\\\/\\\/visionarymarketing.com\\\/fr\\\/\"},{\"@type\":\"ListItem\",\"position\":2,\"name\":\"Les d\u00e9penses professionnelles des entreprises transform\u00e9es par la crise\"}]},{\"@type\":\"WebSite\",\"@id\":\"https:\\\/\\\/visionarymarketing.com\\\/fr\\\/#website\",\"url\":\"https:\\\/\\\/visionarymarketing.com\\\/fr\\\/\",\"name\":\"Marketing and Innovation\",\"description\":\"Site d&#039;infos ind\u00e9pendant, depuis 1996\",\"potentialAction\":[{\"@type\":\"SearchAction\",\"target\":{\"@type\":\"EntryPoint\",\"urlTemplate\":\"https:\\\/\\\/visionarymarketing.com\\\/fr\\\/?s={search_term_string}\"},\"query-input\":{\"@type\":\"PropertyValueSpecification\",\"valueRequired\":true,\"valueName\":\"search_term_string\"}}],\"inLanguage\":\"fr-FR\"},{\"@type\":\"Person\",\"@id\":\"https:\\\/\\\/visionarymarketing.com\\\/fr\\\/#\\\/schema\\\/person\\\/3754fee1e558f47b8deb46f53c37423e\",\"name\":\"Yann Gourvennec\",\"image\":{\"@type\":\"ImageObject\",\"inLanguage\":\"fr-FR\",\"@id\":\"https:\\\/\\\/secure.gravatar.com\\\/avatar\\\/5972001801e8de5692a3e31224e85769f50a55fb8b679749f9c8d1868cceff14?s=96&d=initials&r=g&initials=yg\",\"url\":\"https:\\\/\\\/secure.gravatar.com\\\/avatar\\\/5972001801e8de5692a3e31224e85769f50a55fb8b679749f9c8d1868cceff14?s=96&d=initials&r=g&initials=yg\",\"contentUrl\":\"https:\\\/\\\/secure.gravatar.com\\\/avatar\\\/5972001801e8de5692a3e31224e85769f50a55fb8b679749f9c8d1868cceff14?s=96&d=initials&r=g&initials=yg\",\"caption\":\"Yann Gourvennec\"},\"description\":\"Yann Gourvennec created visionarymarketing.com in 1996. He is a speaker and author of many books. In 2014 he went from intrapreneur to entrepreneur, when he created his digital marketing agency. Yann Gourvennec a cr\u00e9\u00e9 visionarymarketing.com en 1996. Il est conf\u00e9rencier et auteur de plusieurs livres. En 2014, il est pass\u00e9 d'intrapreneur \u00e0 entrepreneur en cr\u00e9ant son agence de marketing num\u00e9rique.\",\"sameAs\":[\"https:\\\/\\\/visionarymarketing.com\",\"http:\\\/\\\/facebook.com\\\/ygourven\",\"http:\\\/\\\/linkedin.com\\\/in\\\/ygourven\",\"https:\\\/\\\/x.com\\\/ygourven\",\"https:\\\/\\\/www.youtube.com\\\/c\\\/visionarymarketingagency\"],\"url\":\"https:\\\/\\\/visionarymarketing.com\\\/fr\\\/author\\\/yann-gourvennec\\\/\"}]}<\/script>\n<!-- \/ Yoast SEO plugin. -->","yoast_head_json":{"title":"Notes de frais entreprises, tendances et comportements post Covid","description":"3e barom\u00e8tre des d\u00e9penses professionnelles des entreprises Jenji, avec les donn\u00e9es des notes de frais on d\u00e9couvre les tendances nouvelles","robots":{"index":"index","follow":"follow","max-snippet":"max-snippet:-1","max-image-preview":"max-image-preview:large","max-video-preview":"max-video-preview:-1"},"canonical":"https:\/\/visionarymarketing.com\/fr\/2022\/06\/30\/notes-de-frais-des-entreprises\/","og_locale":"fr_FR","og_type":"article","og_title":"Notes de frais entreprises, tendances et comportements post Covid","og_description":"3e barom\u00e8tre des d\u00e9penses professionnelles des entreprises Jenji, avec les donn\u00e9es des notes de frais on d\u00e9couvre les tendances nouvelles","og_url":"https:\/\/visionarymarketing.com\/fr\/2022\/06\/30\/notes-de-frais-des-entreprises\/","og_site_name":"Marketing and Innovation","article_publisher":"https:\/\/www.facebook.com\/vismktg","article_author":"http:\/\/facebook.com\/ygourven","article_published_time":"2022-06-30T06:30:36+00:00","article_modified_time":"2022-06-30T09:20:53+00:00","og_image":[{"width":519,"height":340,"url":"https:\/\/visionarymarketing.com\/wp-content\/uploads\/2022\/06\/new-notes-de-frais-entreprises-e1656580816738.jpg","type":"image\/jpeg"}],"author":"Yann Gourvennec","twitter_card":"summary_large_image","twitter_creator":"@ygourven","twitter_site":"@ygourven","twitter_misc":{"\u00c9crit par":"Yann Gourvennec","Dur\u00e9e de lecture estim\u00e9e":"8 minutes"},"schema":{"@context":"https:\/\/schema.org","@graph":[{"@type":"NewsArticle","@id":"https:\/\/visionarymarketing.com\/fr\/2022\/06\/30\/notes-de-frais-des-entreprises\/#article","isPartOf":{"@id":"https:\/\/visionarymarketing.com\/fr\/2022\/06\/30\/notes-de-frais-des-entreprises\/"},"author":{"name":"Yann Gourvennec","@id":"https:\/\/visionarymarketing.com\/fr\/#\/schema\/person\/3754fee1e558f47b8deb46f53c37423e"},"headline":"Les d\u00e9penses professionnelles des entreprises transform\u00e9es par la crise","datePublished":"2022-06-30T06:30:36+00:00","dateModified":"2022-06-30T09:20:53+00:00","mainEntityOfPage":{"@id":"https:\/\/visionarymarketing.com\/fr\/2022\/06\/30\/notes-de-frais-des-entreprises\/"},"wordCount":1444,"commentCount":0,"image":{"@id":"https:\/\/visionarymarketing.com\/fr\/2022\/06\/30\/notes-de-frais-des-entreprises\/#primaryimage"},"thumbnailUrl":"https:\/\/visionarymarketing.com\/wp-content\/uploads\/2022\/06\/new-notes-de-frais-entreprises-e1656580816738.jpg","articleSection":["IA et Big Data"],"inLanguage":"fr-FR","potentialAction":[{"@type":"CommentAction","name":"Comment","target":["https:\/\/visionarymarketing.com\/fr\/2022\/06\/30\/notes-de-frais-des-entreprises\/#respond"]}]},{"@type":"WebPage","@id":"https:\/\/visionarymarketing.com\/fr\/2022\/06\/30\/notes-de-frais-des-entreprises\/","url":"https:\/\/visionarymarketing.com\/fr\/2022\/06\/30\/notes-de-frais-des-entreprises\/","name":"Notes de frais entreprises, tendances et comportements post Covid","isPartOf":{"@id":"https:\/\/visionarymarketing.com\/fr\/#website"},"primaryImageOfPage":{"@id":"https:\/\/visionarymarketing.com\/fr\/2022\/06\/30\/notes-de-frais-des-entreprises\/#primaryimage"},"image":{"@id":"https:\/\/visionarymarketing.com\/fr\/2022\/06\/30\/notes-de-frais-des-entreprises\/#primaryimage"},"thumbnailUrl":"https:\/\/visionarymarketing.com\/wp-content\/uploads\/2022\/06\/new-notes-de-frais-entreprises-e1656580816738.jpg","datePublished":"2022-06-30T06:30:36+00:00","dateModified":"2022-06-30T09:20:53+00:00","author":{"@id":"https:\/\/visionarymarketing.com\/fr\/#\/schema\/person\/3754fee1e558f47b8deb46f53c37423e"},"description":"3e barom\u00e8tre des d\u00e9penses professionnelles des entreprises Jenji, avec les donn\u00e9es des notes de frais on d\u00e9couvre les tendances nouvelles","breadcrumb":{"@id":"https:\/\/visionarymarketing.com\/fr\/2022\/06\/30\/notes-de-frais-des-entreprises\/#breadcrumb"},"inLanguage":"fr-FR","potentialAction":[{"@type":"ReadAction","target":["https:\/\/visionarymarketing.com\/fr\/2022\/06\/30\/notes-de-frais-des-entreprises\/"]}]},{"@type":"ImageObject","inLanguage":"fr-FR","@id":"https:\/\/visionarymarketing.com\/fr\/2022\/06\/30\/notes-de-frais-des-entreprises\/#primaryimage","url":"https:\/\/visionarymarketing.com\/wp-content\/uploads\/2022\/06\/new-notes-de-frais-entreprises-e1656580816738.jpg","contentUrl":"https:\/\/visionarymarketing.com\/wp-content\/uploads\/2022\/06\/new-notes-de-frais-entreprises-e1656580816738.jpg","width":519,"height":340},{"@type":"BreadcrumbList","@id":"https:\/\/visionarymarketing.com\/fr\/2022\/06\/30\/notes-de-frais-des-entreprises\/#breadcrumb","itemListElement":[{"@type":"ListItem","position":1,"name":"Home","item":"https:\/\/visionarymarketing.com\/fr\/"},{"@type":"ListItem","position":2,"name":"Les d\u00e9penses professionnelles des entreprises transform\u00e9es par la crise"}]},{"@type":"WebSite","@id":"https:\/\/visionarymarketing.com\/fr\/#website","url":"https:\/\/visionarymarketing.com\/fr\/","name":"Marketing and Innovation","description":"Site d&#039;infos ind\u00e9pendant, depuis 1996","potentialAction":[{"@type":"SearchAction","target":{"@type":"EntryPoint","urlTemplate":"https:\/\/visionarymarketing.com\/fr\/?s={search_term_string}"},"query-input":{"@type":"PropertyValueSpecification","valueRequired":true,"valueName":"search_term_string"}}],"inLanguage":"fr-FR"},{"@type":"Person","@id":"https:\/\/visionarymarketing.com\/fr\/#\/schema\/person\/3754fee1e558f47b8deb46f53c37423e","name":"Yann Gourvennec","image":{"@type":"ImageObject","inLanguage":"fr-FR","@id":"https:\/\/secure.gravatar.com\/avatar\/5972001801e8de5692a3e31224e85769f50a55fb8b679749f9c8d1868cceff14?s=96&d=initials&r=g&initials=yg","url":"https:\/\/secure.gravatar.com\/avatar\/5972001801e8de5692a3e31224e85769f50a55fb8b679749f9c8d1868cceff14?s=96&d=initials&r=g&initials=yg","contentUrl":"https:\/\/secure.gravatar.com\/avatar\/5972001801e8de5692a3e31224e85769f50a55fb8b679749f9c8d1868cceff14?s=96&d=initials&r=g&initials=yg","caption":"Yann Gourvennec"},"description":"Yann Gourvennec created visionarymarketing.com in 1996. He is a speaker and author of many books. In 2014 he went from intrapreneur to entrepreneur, when he created his digital marketing agency. Yann Gourvennec a cr\u00e9\u00e9 visionarymarketing.com en 1996. Il est conf\u00e9rencier et auteur de plusieurs livres. En 2014, il est pass\u00e9 d'intrapreneur \u00e0 entrepreneur en cr\u00e9ant son agence de marketing num\u00e9rique.","sameAs":["https:\/\/visionarymarketing.com","http:\/\/facebook.com\/ygourven","http:\/\/linkedin.com\/in\/ygourven","https:\/\/x.com\/ygourven","https:\/\/www.youtube.com\/c\/visionarymarketingagency"],"url":"https:\/\/visionarymarketing.com\/fr\/author\/yann-gourvennec\/"}]}},"_links":{"self":[{"href":"https:\/\/visionarymarketing.com\/fr\/wp-json\/wp\/v2\/posts\/70063","targetHints":{"allow":["GET"]}}],"collection":[{"href":"https:\/\/visionarymarketing.com\/fr\/wp-json\/wp\/v2\/posts"}],"about":[{"href":"https:\/\/visionarymarketing.com\/fr\/wp-json\/wp\/v2\/types\/post"}],"author":[{"embeddable":true,"href":"https:\/\/visionarymarketing.com\/fr\/wp-json\/wp\/v2\/users\/2"}],"replies":[{"embeddable":true,"href":"https:\/\/visionarymarketing.com\/fr\/wp-json\/wp\/v2\/comments?post=70063"}],"version-history":[{"count":0,"href":"https:\/\/visionarymarketing.com\/fr\/wp-json\/wp\/v2\/posts\/70063\/revisions"}],"wp:featuredmedia":[{"embeddable":true,"href":"https:\/\/visionarymarketing.com\/fr\/wp-json\/wp\/v2\/media\/70167"}],"wp:attachment":[{"href":"https:\/\/visionarymarketing.com\/fr\/wp-json\/wp\/v2\/media?parent=70063"}],"wp:term":[{"taxonomy":"category","embeddable":true,"href":"https:\/\/visionarymarketing.com\/fr\/wp-json\/wp\/v2\/categories?post=70063"},{"taxonomy":"post_tag","embeddable":true,"href":"https:\/\/visionarymarketing.com\/fr\/wp-json\/wp\/v2\/tags?post=70063"}],"curies":[{"name":"wp","href":"https:\/\/api.w.org\/{rel}","templated":true}]}}