{"id":69495,"date":"2022-06-08T08:58:54","date_gmt":"2022-06-08T06:58:54","guid":{"rendered":"https:\/\/visionarymarketing.com\/?p=69495"},"modified":"2022-10-20T21:15:40","modified_gmt":"2022-10-20T19:15:40","slug":"utilisation-des-donnees","status":"publish","type":"post","link":"https:\/\/visionarymarketing.com\/fr\/2022\/06\/08\/utilisation-des-donnees\/","title":{"rendered":"Utilisation des donn\u00e9es : les 3\/4 des consommateurs inquiets"},"content":{"rendered":"<p><em style=\"font-size: 16px;\">L&rsquo;utilisation des donn\u00e9es par les entreprises pose un grave probl\u00e8me de confiance aux consommateurs. Et de cette baisse de confiance d\u00e9coulent des risques pour les entreprises : risque de divorce avec leurs clients et donc de perte de chiffre d&rsquo;affaires. Nous avons profit\u00e9 de la sortie d&rsquo;une \u00e9tude qui nous a \u00e9t\u00e9 confi\u00e9e par Adobe* pour interviewer <a href=\"https:\/\/www.linkedin.com\/in\/claudia-senik-12919220\" target=\"_blank\" rel=\"noopener\">Claudia Senik<\/a>, professeur \u00e0 Sorbonne Universit\u00e9 et Paris School of Economics et directrice de l&rsquo;Observatoire du bien-\u00eatre (<a href=\"http:\/\/www.cepremap.fr\/\" target=\"_blank\" rel=\"noopener\">Cepremap<\/a>). Ensemble nous avons \u00e9voqu\u00e9 ce sujet de la confiance dans l&rsquo;utilisation des donn\u00e9es des consommateurs par les marques. Une interview riche qui montrera que la situation est complexe et qu&rsquo;elle ne peut \u00eatre r\u00e9duite \u00e0 une caricature manich\u00e9enne o\u00f9 les gentils sont les consommateurs et les m\u00e9chants les \u00ab\u00a0<a href=\"https:\/\/visionarymarketing.com\/fr\/2020\/08\/avenir-internet\/\">GAFAM<\/a>\u00ab\u00a0.<\/em><\/p>\n<h2>Les trois quarts des consommateurs inquiets de l&rsquo;utilisation des donn\u00e9es faite par les marques<\/h2>\n<figure id=\"attachment_69513\" aria-describedby=\"caption-attachment-69513\" style=\"width: 640px\" class=\"wp-caption aligncenter\"><img decoding=\"async\" class=\"size-full wp-image-69513\" src=\"https:\/\/visionarymarketing.com\/wp-content\/uploads\/2022\/06\/jumpstory-download20220607-191201.jpg\" alt=\"utilisation des donn\u00e9es \" width=\"640\" height=\"414\" \/><figcaption id=\"caption-attachment-69513\" class=\"wp-caption-text\">Les trois quarts des consommateurs sont inquiets de l&rsquo;utilisation des donn\u00e9es qui est faite par les marques. Une constatation nous oblige \u00e0 nous poser la question de savoir si cette crainte est rationnelle et si les comportements des utilisateurs eux-m\u00eames sont toujours exemplaires. Un tableau clair et tout en nuance est dress\u00e9 par Claudia Senik, Directrice de l&rsquo;observatoire du bien-\u00eatre et professeur \u00e0 Paris School of Economics, qui nous aide \u00e0 mieux comprendre la situation.<\/figcaption><\/figure>\n<p><i style=\"color: darkblue; font-size: 15px;\">* transparence, il nous arrive de travailler pour <a href=\"https:\/\/visionarymarketing.com\/fr\/category\/marketing-digital-marketing\/adobe-marketing\" target=\"_blank\" rel=\"noopener\">Adobe<\/a> sur certaines missions<\/i><\/p>\n<p><!--more--><\/p>\n<h3>Utilisation des donn\u00e9es : un d\u00e9bat biais\u00e9 ?<\/h3>\n<figure id=\"attachment_69517\" aria-describedby=\"caption-attachment-69517\" style=\"width: 250px\" class=\"wp-caption alignright\"><img decoding=\"async\" class=\"wp-image-69517 size-full\" src=\"https:\/\/visionarymarketing.com\/wp-content\/uploads\/2022\/06\/b3640ab-21375-io9puttjgx-e1654629994315.jpg\" alt=\"\" width=\"250\" height=\"250\" srcset=\"https:\/\/visionarymarketing.com\/wp-content\/uploads\/2022\/06\/b3640ab-21375-io9puttjgx-e1654629994315.jpg 250w, https:\/\/visionarymarketing.com\/wp-content\/uploads\/2022\/06\/b3640ab-21375-io9puttjgx-e1654629994315-150x150.jpg 150w\" sizes=\"(max-width: 250px) 100vw, 250px\" \/><figcaption id=\"caption-attachment-69517\" class=\"wp-caption-text\">Claudia Senik (dessin &#8211; <a href=\"https:\/\/img.lemde.fr\/2018\/05\/22\/468\/365\/1770\/1770\/1328\/0\/45\/0\/b3640ab_21375-io9put.tjgx.jpg\" target=\"_blank\" rel=\"noopener\">Le Monde<\/a>)<\/figcaption><\/figure>\n<p>Quand on \u00e9voque la confiance des consommateurs dans la donn\u00e9e, notamment dans notre beau pays, la discussion s&rsquo;envole tout de suite sur les \u00ab\u00a0GAFAM\u00a0\u00bb. Un acronyme somme toute assez peu utilis\u00e9 outre-Atlantique o\u00f9 on lui pr\u00e9f\u00e8re l&rsquo;expression \u00ab\u00a0Tech giants\u00a0\u00bb.<\/p>\n<p>Le sujet finit par \u00eatre m\u00e9lang\u00e9 avec tout un tas de consid\u00e9rations juridiques, administratives, politiques et culturelles au point qu&rsquo;on n&rsquo;en comprend plus grand-chose, sauf qu&rsquo;il y a d&rsquo;un c\u00f4t\u00e9 des gentils et de l&rsquo;autre des m\u00e9chants. Erreur au-del\u00e0 des Pyr\u00e9n\u00e9es&#8230; e\u00fbt \u00e9crit Pascal, les choses ne changent pas trop \u00e0 travers les si\u00e8cles.<\/p>\n<p>Mais la r\u00e9alit\u00e9 est plus nuanc\u00e9e, avec d&rsquo;un c\u00f4t\u00e9 des marques, de toutes origines, c&rsquo;est l&rsquo;enseignement \u00e0 tirer de l&rsquo;\u00e9tude Adobe, qui doivent absolument redresser la barre pour retrouver la confiance des consommateurs.<\/p>\n<p>Et d&rsquo;autre part des consommateurs qui expriment des craintes, mais ne sont pas non plus exemplaires dans leurs comportements. Sans compter que les Fran\u00e7ais ont un rapport assez ambigu \u00e0 la confiance, comme nous l&rsquo;explique <a href=\"http:\/\/www.cepremap.fr\/depot\/2021\/01\/Le-Bien-etre-en-France-\u2013-Rapport-2020.pdf\" target=\"_blank\" rel=\"noopener\">le rapport 2020<\/a> de l&rsquo;observatoire dirig\u00e9 par Claudia.<\/p>\n<h3>L&rsquo;\u00e9tude Adobe Trust Report EMEA 2022<\/h3>\n<figure id=\"attachment_69501\" aria-describedby=\"caption-attachment-69501\" style=\"width: 1024px\" class=\"wp-caption aligncenter\"><img decoding=\"async\" class=\"wp-image-69501 size-large\" src=\"https:\/\/visionarymarketing.com\/wp-content\/uploads\/2022\/06\/trust-report-emea-fr-incl-page-03-1024x576.png\" alt=\"utilisation des donn\u00e9es\" width=\"1024\" height=\"576\" border=\"2\" srcset=\"https:\/\/visionarymarketing.com\/wp-content\/uploads\/2022\/06\/trust-report-emea-fr-incl-page-03-1024x576.png 1024w, https:\/\/visionarymarketing.com\/wp-content\/uploads\/2022\/06\/trust-report-emea-fr-incl-page-03-500x281.png 500w, https:\/\/visionarymarketing.com\/wp-content\/uploads\/2022\/06\/trust-report-emea-fr-incl-page-03-768x432.png 768w, https:\/\/visionarymarketing.com\/wp-content\/uploads\/2022\/06\/trust-report-emea-fr-incl-page-03-1536x864.png 1536w, https:\/\/visionarymarketing.com\/wp-content\/uploads\/2022\/06\/trust-report-emea-fr-incl-page-03.png 1920w\" sizes=\"(max-width: 1024px) 100vw, 1024px\" \/><figcaption id=\"caption-attachment-69501\" class=\"wp-caption-text\">Une <a href=\"https:\/\/visionarymarketing.com\/wp-content\/uploads\/2022\/06\/trust-report-emea-fr-incl.pdf\" target=\"_blank\" rel=\"noopener\">\u00e9tude men\u00e9e par Adobe<\/a> en partenariat avec Advanis pour mesurer la confiance des consommateurs quant \u00e0 l&rsquo;utilisation de leurs donn\u00e9es par les entreprises. Les consommateurs ne sont pas \u00e9merveill\u00e9s. Cette \u00e9tude s&rsquo;est concentr\u00e9e sur 7 pays : Belgique, Danemark, France, Allemagne, Pays-Bas, Su\u00e8de et Royaume-Uni.<\/figcaption><\/figure>\n<h3>Les consommateurs soucieux de l&rsquo;utilisation des donn\u00e9es personnelles<\/h3>\n<p>La constatation principale qui r\u00e9sulte de cette \u00e9tude est que les consommateurs sont pr\u00e9occup\u00e9s de l&rsquo;utilisation qui est faite de leurs donn\u00e9es par les entreprises. Voyons avec Claudia Senik comment interpr\u00e9ter les r\u00e9sultats de cette \u00e9tude que vous pourrez t\u00e9l\u00e9charger dans son int\u00e9gralit\u00e9 dans ce billet.<\/p>\n<p><strong>Claudia Senik<\/strong> Ce que montre l&rsquo;\u00e9tude, c&rsquo;est que 3\/4 des consommateurs interrog\u00e9s se disent en immense majorit\u00e9 tr\u00e8s soucieux de la mani\u00e8re dont leurs donn\u00e9es sont utilis\u00e9es par les entreprises.<\/p>\n<blockquote class=\"quote-light\"><p>C&rsquo;est la question principale, <strong>celle de la confidentialit\u00e9 d<\/strong>es donn\u00e9es et de la nature des destinataires de ce partage<\/p><\/blockquote>\n<p>Cette inqui\u00e9tude porte sur les types d&rsquo;informations \u00e0 diffuser et avec qui elles sont partag\u00e9es, la certitude d&rsquo;avoir la ma\u00eetrise de ces sujets, le contr\u00f4le de ces donn\u00e9es et le fait d&rsquo;\u00eatre rassur\u00e9 sur ces questions.<\/p>\n<blockquote class=\"quote-light\"><p>78\u00a0% des consommateurs d\u00e9clarent qu&rsquo;il est important de pouvoir choisir la mani\u00e8re dont les entreprises utilisent leurs donn\u00e9es (FR : 74\u00a0%)<br \/>\n<span style=\"font-size: 1.25rem;\">46\u00a0% disent que c&rsquo;est TR\u00c8S important. (FR : 41\u00a0%)<\/span><\/p><\/blockquote>\n<h3>D<span style=\"font-weight: 400;\">es consommateurs pr\u00e9occup\u00e9s, mais sont-ils prudents ?<\/span><\/h3>\n<p style=\"font-weight: 400;\"><strong>CS <\/strong>C&rsquo;est l\u00e0 que c&rsquo;est int\u00e9ressant, parce que l&rsquo;enqu\u00eate mesure uniquement les pr\u00e9occupations d\u00e9clar\u00e9es par les personnes interrog\u00e9es. Mais en r\u00e9alit\u00e9, comme toujours, l&rsquo;individu est cliv\u00e9.<\/p>\n<p style=\"font-weight: 400;\">C&rsquo;est-\u00e0-dire que quand il y pense, il s&rsquo;inqui\u00e8te de savoir comment les donn\u00e9es qui le concernent seront trait\u00e9es et diffus\u00e9es. Mais quand il s&rsquo;agit d&rsquo;agir, finalement, il va cliquer le plus vite possible sur le bouton \u00ab\u00a0J&rsquo;accepte\u00a0\u00bb que le <a href=\"https:\/\/visionarymarketing.com\/fr\/2019\/12\/rgpd-protection-consommateur\/\">RGPD<\/a> impose \u00e0 tous les sites et \u00e0 toutes les applications.<\/p>\n<blockquote class=\"quote-light\">\n<p style=\"font-weight: 400;\">C&rsquo;est un ph\u00e9nom\u00e8ne que l&rsquo;<a href=\"https:\/\/www.exploring-economics.org\/fr\/orientation\/behavioral-economics\/\" target=\"_blank\" rel=\"noopener\">\u00e9conomie comportementale<\/a> a mis en \u00e9vidence : l&rsquo;individu est limit\u00e9 en temps et en ressources cognitives. Quand une action est p\u00e9nible et fastidieuse, il va faire l&rsquo;impasse<\/p>\n<\/blockquote>\n<p style=\"font-weight: 400;\"><strong>Donc le consommateur peut \u00eatre \u00e0 la fois inquiet et insouciant<\/strong>.<\/p>\n<p style=\"font-weight: 400;\">On pourrait repr\u00e9senter \u00e7a comme une sorte de calcul co\u00fbts\/avantages, peut-\u00eatre inconscient.<\/p>\n<blockquote class=\"quote-light\">\n<p style=\"font-weight: 400;\">Le co\u00fbt impos\u00e9 par la v\u00e9rification trop fr\u00e9quente des conditions li\u00e9es \u00e0 l&rsquo;utilisation des donn\u00e9es est inf\u00e9rieur au gain de temps li\u00e9 \u00e0 leur acceptation aveugle<\/p>\n<\/blockquote>\n<p style=\"font-weight: 400;\">Donc en fait on peut en conclure implicitement que les consommateurs acceptent ce risque.<\/p>\n<h3>Une<span style=\"font-weight: 400;\"> peur justifi\u00e9e ou irrationnelle ?<\/span><\/h3>\n<p style=\"font-weight: 400;\"><strong>CS <\/strong>Il y a eu beaucoup de bruit m\u00e9diatique, pas forc\u00e9ment mensonger, sur les fake news et la manipulation des comportements des personnes, notamment lors des \u00e9lections.<\/p>\n<p style=\"font-weight: 400;\">Cela existe, ces bruits ne sont pas compl\u00e8tement irrationnels.<\/p>\n<p style=\"font-weight: 400;\">Il y a aussi le risque de publicit\u00e9 intrusive ou intempestive, m\u00eame si c&rsquo;est rare. Par exemple, r\u00e9cemment, avec le compte de formation professionnelle, nous avons \u00e9t\u00e9 tous harcel\u00e9s par t\u00e9l\u00e9phone.<\/p>\n<figure id=\"attachment_69520\" aria-describedby=\"caption-attachment-69520\" style=\"width: 1024px\" class=\"wp-caption aligncenter\"><img decoding=\"async\" class=\"wp-image-69520 size-large\" src=\"https:\/\/visionarymarketing.com\/wp-content\/uploads\/2022\/06\/trust-report-emea-fr-incl-page-10-1024x576.png\" alt=\"\" width=\"1024\" height=\"576\" border=\"1\" srcset=\"https:\/\/visionarymarketing.com\/wp-content\/uploads\/2022\/06\/trust-report-emea-fr-incl-page-10-1024x576.png 1024w, https:\/\/visionarymarketing.com\/wp-content\/uploads\/2022\/06\/trust-report-emea-fr-incl-page-10-500x281.png 500w, https:\/\/visionarymarketing.com\/wp-content\/uploads\/2022\/06\/trust-report-emea-fr-incl-page-10-768x432.png 768w, https:\/\/visionarymarketing.com\/wp-content\/uploads\/2022\/06\/trust-report-emea-fr-incl-page-10-1536x864.png 1536w, https:\/\/visionarymarketing.com\/wp-content\/uploads\/2022\/06\/trust-report-emea-fr-incl-page-10.png 1920w\" sizes=\"(max-width: 1024px) 100vw, 1024px\" \/><figcaption id=\"caption-attachment-69520\" class=\"wp-caption-text\">Le sondage fait bien ressortir la contradiction : les consommateurs ne sont pas d&rsquo;accord que le b\u00e9n\u00e9fice du partage d&rsquo;informations est plus b\u00e9n\u00e9fique, mais quand il s&rsquo;agit de passer du temps \u00e0 lire les petits caract\u00e8res&#8230;<\/figcaption><\/figure>\n<blockquote class=\"quote-light\"><p>Ces craintes\u00a0<span style=\"font-weight: 400;\">sont tourn\u00e9es vers les entreprises ou organisations qu&rsquo;on peut soup\u00e7onner de vouloir manipuler les gens pour orienter leur consommation en fonction de leur profil ou pour orienter leurs comportements politiques<\/span><\/p><\/blockquote>\n<p><span style=\"font-weight: 400;\">D&rsquo;abord de la part de grandes entreprises issues de pays qui auraient des vis\u00e9es hostiles vis-\u00e0-vis de pays ou de r\u00e9gimes d\u00e9mocratiques. <\/span><\/p>\n<p><span style=\"font-weight: 400;\">Ensuite, des craintes vis-\u00e0-vis de l&rsquo;utilisation par <a href=\"https:\/\/lexpansion.lexpress.fr\/high-tech\/big-data-palantir-avance-ses-pions-en-france-envers-et-contre-tout_2174166.html\" target=\"_blank\" rel=\"noopener\">certaines entreprises qui pourraient devenir mena\u00e7antes<\/a>, notamment si les donn\u00e9es de sant\u00e9 des individus pouvaient \u00eatre r\u00e9cup\u00e9r\u00e9es ou transmises. <\/span><span style=\"font-weight: 400;\">Ce qui pourrait avoir des cons\u00e9quences graves pour l&rsquo;acc\u00e8s au cr\u00e9dit bancaire, par exemple. <\/span><\/p>\n<blockquote class=\"quote-light\"><p><span style=\"font-weight: 400;\">Si jamais les assurances d\u00e9cidaient de discriminer en fonction des risques m\u00e9dicaux, certaines donn\u00e9es deviendraient particuli\u00e8rement sensibles ou critiques<\/span><\/p><\/blockquote>\n<p><span style=\"font-weight: 400;\">Les consommateurs sont donc soucieux de ce que ces donn\u00e9es-l\u00e0 ne soient pas transmises justement \u00e0 certains secteurs qui pourraient les utiliser \u00e0 mauvais escient.<\/span><\/p>\n<h3 style=\"font-weight: 400;\">Cette crainte est-elle rationnelle ?<\/h3>\n<p style=\"font-weight: 400;\"><strong>CS <\/strong>Disons que techniquement et politiquement, dans des pays ou les gouvernements ont les moyens d&rsquo;obtenir des informations.<\/p>\n<p style=\"font-weight: 400;\">Et l&rsquo;intervention de la Russie lors des derni\u00e8res \u00e9lections \u00e9lectorales pr\u00e9sidentielles a montr\u00e9 que c&rsquo;\u00e9tait bien le cas.<\/p>\n<blockquote class=\"quote-light\"><p>Mais en m\u00eame temps, c&rsquo;est\u00a0un risque que les gens prennent de fait<\/p><\/blockquote>\n<p>En fait, avec le d\u00e9veloppement des <a href=\"https:\/\/visionarymarketing.com\/fr\/2016\/04\/banques-big-data\/\">Big Data<\/a>, toutes les informations d\u00e9sormais sont mises en commun et des donn\u00e9es qui \u00e9taient de l&rsquo;ordre priv\u00e9 il y a quelques ann\u00e9es ne le sont plus du tout.<\/p>\n<blockquote class=\"quote-light\"><p>Et donc on passe d&rsquo;une notion de l&rsquo;intimit\u00e9 \u00e0 une notion de transparence et d&rsquo;exposition<\/p><\/blockquote>\n<hr \/>\n<figure id=\"attachment_59579\" aria-describedby=\"caption-attachment-59579\" style=\"width: 519px\" class=\"wp-caption aligncenter\"><img decoding=\"async\" class=\"wp-image-59579 size-full\" src=\"https:\/\/visionarymarketing.com\/wp-content\/uploads\/2019\/06\/facebook-bearing-cross.jpg\" alt=\"Facebook \u00e9thique bearing cross\" width=\"519\" height=\"340\" srcset=\"https:\/\/visionarymarketing.com\/wp-content\/uploads\/2019\/06\/facebook-bearing-cross.jpg 519w, https:\/\/visionarymarketing.com\/wp-content\/uploads\/2019\/06\/facebook-bearing-cross-458x300.jpg 458w\" sizes=\"(max-width: 519px) 100vw, 519px\" \/><figcaption id=\"caption-attachment-59579\" class=\"wp-caption-text\">Graffiti : Zuckerberg portant sa croix &#8211; Paris St Jacques 2019<\/figcaption><\/figure>\n<p><em>\u00ab\u00a0Lorsque j&rsquo;ai commenc\u00e9 dans mon dortoir \u00e0 Harvard, la question que beaucoup de gens se posaient \u00e9tait \u00ab\u00a0pourquoi voudrais-je mettre des informations sur Internet ? Pourquoi aurais-je envie d&rsquo;avoir un site web ? <\/em><em>Et puis, au cours des 5 ou 6 derni\u00e8res ann\u00e9es, les blogs ont pris un essor consid\u00e9rable et tous ces diff\u00e9rents services qui permettent aux gens de partager toutes ces informations. <strong>Les gens se sont vraiment habitu\u00e9s \u00e0 partager non seulement plus d&rsquo;informations et diff\u00e9rents types d&rsquo;informations, mais aussi plus ouvertement et avec plus de personnes<\/strong>. Cette norme sociale est simplement quelque chose qui a \u00e9volu\u00e9 au fil du temps\u00a0\u00bb.<\/em><\/p>\n<p>Mark Zuckerberg<br \/>\n\u00ab\u00a0Zuckerberg d\u00e9clare la fin de l&rsquo;\u00e8re de la donn\u00e9e priv\u00e9e\u00a0\u00bb (2010)<br \/>\n<a href=\"https:\/\/archive.nytimes.com\/www.nytimes.com\/external\/readwriteweb\/2010\/01\/10\/10readwriteweb-facebooks-zuckerberg-says-the-age-of-privac-82963.html\" target=\"_blank\" rel=\"noopener\">New York Times<\/a><\/p>\n<hr \/>\n<h3>C<span style=\"font-weight: 400;\">omment les entreprises r\u00e9pondent-elles \u00e0 ces d\u00e9fis ? Sont-elles \u00e0 la hauteur des attentes ?<\/span><\/h3>\n<p style=\"font-weight: 400;\"><strong>CS <\/strong>Pour r\u00e9pondre \u00e0 ces d\u00e9fis, l&rsquo;entreprise doit devenir responsable.<\/p>\n<figure id=\"attachment_69522\" aria-describedby=\"caption-attachment-69522\" style=\"width: 1024px\" class=\"wp-caption aligncenter\"><img decoding=\"async\" class=\"wp-image-69522 size-large\" src=\"https:\/\/visionarymarketing.com\/wp-content\/uploads\/2022\/06\/trust-report-emea-fr-incl-page-08-1024x576.png\" alt=\"utilisation des donn\u00e9es \" width=\"1024\" height=\"576\" border=\"1\" srcset=\"https:\/\/visionarymarketing.com\/wp-content\/uploads\/2022\/06\/trust-report-emea-fr-incl-page-08-1024x576.png 1024w, https:\/\/visionarymarketing.com\/wp-content\/uploads\/2022\/06\/trust-report-emea-fr-incl-page-08-500x281.png 500w, https:\/\/visionarymarketing.com\/wp-content\/uploads\/2022\/06\/trust-report-emea-fr-incl-page-08-768x432.png 768w, https:\/\/visionarymarketing.com\/wp-content\/uploads\/2022\/06\/trust-report-emea-fr-incl-page-08-1536x864.png 1536w, https:\/\/visionarymarketing.com\/wp-content\/uploads\/2022\/06\/trust-report-emea-fr-incl-page-08.png 2000w\" sizes=\"(max-width: 1024px) 100vw, 1024px\" \/><figcaption id=\"caption-attachment-69522\" class=\"wp-caption-text\">Pour regagner la confiance, les entreprises doivent prioriser les bonnes pratiques autour de la donn\u00e9e&#8230; et l\u00e0 l&rsquo;\u00e9tude montre que le chemin est encore long<\/figcaption><\/figure>\n<p style=\"font-weight: 400;\">Je trouve ce mot assez bien vu parce que responsable. C&rsquo;est l&rsquo;id\u00e9e qu&rsquo;on doit r\u00e9pondre de ses actes devant quelqu&rsquo;un.<\/p>\n<blockquote class=\"quote-light\">\n<p style=\"font-weight: 400;\">Pour r\u00e9pondre \u00e0 ces enjeux, les entreprises doivent s&rsquo;\u00eatre engag\u00e9es en amont sur un certain type de comportement<\/p>\n<\/blockquote>\n<p style=\"font-weight: 400;\">Les entreprises peuvent le faire en d\u00e9clarant en amont quelles donn\u00e9es elles collectent, ce qu&rsquo;elles vont en faire, comment elles vont les g\u00e9rer en interne et en externe au sein de l&rsquo;entreprise, comment elles vont circuler, comment il y aura des pare-feu et des barri\u00e8res pour \u00e9viter que n&rsquo;importe qui les utilise&#8230;<\/p>\n<p style=\"font-weight: 400;\">Ensuite, \u00e9videmment, mettre en \u0153uvre les moyens pour que le consommateur, \u00e9ventuellement, puisse v\u00e9rifier que ces engagements ont \u00e9t\u00e9 respect\u00e9s et que l&rsquo;entreprise sache r\u00e9pondre au besoin de v\u00e9rification du consommateur. C&rsquo;est cela \u00eatre responsable.<\/p>\n<p>Au d\u00e9but, tout cela s&rsquo;est d\u00e9velopp\u00e9 de mani\u00e8re impr\u00e9vue avec une profusion de donn\u00e9es. En fin de compte, c&rsquo;est une nouveaut\u00e9 technologique. Mais l&rsquo;Europe\u00a0se met en ordre de bataille pour\u00a0am\u00e9liorer les choses.<\/p>\n<h3>Quel est le risque pour les\u00a0marques\u00a0si les consommateurs ne sont pas entendus\u00a0?<\/h3>\n<p style=\"font-weight: 400;\"><strong>CS<\/strong>\u00a0Trois quarts des Fran\u00e7ais qui sont interrog\u00e9s par l&rsquo;enqu\u00eate d\u00e9clarent qu&rsquo;une marque qui aurait trahi leur confiance, soit en utilisant leurs donn\u00e9es de mani\u00e8re non conforme, soit on sait qu&rsquo;on n&rsquo;a pas leurs pr\u00e9f\u00e9rences, les perdrait d\u00e9finitivement. C&rsquo;est-\u00e0-dire qu&rsquo;ils d\u00e9clarent pouvoir ne plus faire confiance ni n&rsquo;acheter de produits de cette marque.<\/p>\n<figure id=\"attachment_69523\" aria-describedby=\"caption-attachment-69523\" style=\"width: 1024px\" class=\"wp-caption aligncenter\"><img decoding=\"async\" class=\"wp-image-69523 size-large\" src=\"https:\/\/visionarymarketing.com\/wp-content\/uploads\/2022\/06\/trust-report-emea-fr-incl-page-09-1024x576.png\" alt=\"utilisation des donn\u00e9es \" width=\"1024\" height=\"576\" border=\"1\" srcset=\"https:\/\/visionarymarketing.com\/wp-content\/uploads\/2022\/06\/trust-report-emea-fr-incl-page-09-1024x576.png 1024w, https:\/\/visionarymarketing.com\/wp-content\/uploads\/2022\/06\/trust-report-emea-fr-incl-page-09-500x281.png 500w, https:\/\/visionarymarketing.com\/wp-content\/uploads\/2022\/06\/trust-report-emea-fr-incl-page-09-768x432.png 768w, https:\/\/visionarymarketing.com\/wp-content\/uploads\/2022\/06\/trust-report-emea-fr-incl-page-09-1536x864.png 1536w, https:\/\/visionarymarketing.com\/wp-content\/uploads\/2022\/06\/trust-report-emea-fr-incl-page-09.png 2000w\" sizes=\"(max-width: 1024px) 100vw, 1024px\" \/><figcaption id=\"caption-attachment-69523\" class=\"wp-caption-text\">Si la confiance est rompue, il est possible que les consommateurs votent avec leur porte-monnaie. On remarquera au passage que les Fran\u00e7ais sont plus conciliants que leurs amis europ\u00e9ens<\/figcaption><\/figure>\n<figure id=\"attachment_69524\" aria-describedby=\"caption-attachment-69524\" style=\"width: 1024px\" class=\"wp-caption aligncenter\"><img decoding=\"async\" class=\"wp-image-69524 size-large\" src=\"https:\/\/visionarymarketing.com\/wp-content\/uploads\/2022\/06\/trust-report-emea-fr-incl-page-13-1024x576.png\" alt=\"\" width=\"1024\" height=\"576\" border=\"1\" srcset=\"https:\/\/visionarymarketing.com\/wp-content\/uploads\/2022\/06\/trust-report-emea-fr-incl-page-13-1024x576.png 1024w, https:\/\/visionarymarketing.com\/wp-content\/uploads\/2022\/06\/trust-report-emea-fr-incl-page-13-500x281.png 500w, https:\/\/visionarymarketing.com\/wp-content\/uploads\/2022\/06\/trust-report-emea-fr-incl-page-13-768x432.png 768w, https:\/\/visionarymarketing.com\/wp-content\/uploads\/2022\/06\/trust-report-emea-fr-incl-page-13-1536x864.png 1536w, https:\/\/visionarymarketing.com\/wp-content\/uploads\/2022\/06\/trust-report-emea-fr-incl-page-13.png 2000w\" sizes=\"(max-width: 1024px) 100vw, 1024px\" \/><figcaption id=\"caption-attachment-69524\" class=\"wp-caption-text\">C&rsquo;est l\u00e0 que cela devient int\u00e9ressant. Un billard \u00e0 trois bandes en somme : 1) les consommateurs d\u00e9sirent de la personnalisation (donc l&rsquo;utilisation de leurs donn\u00e9es), mais 2) ils cliquent sur le bouton accepter sans trop regarder, car \u00e7a prend trop de temps et 3) si l&rsquo;entreprise en profite pour faire trop de choses avec ces donn\u00e9es attention aux cons\u00e9quences&#8230; Bref, une situation un peu plus complexe que ce qu&rsquo;on nous pr\u00e9sente habituellement et beaucoup plus proche de la r\u00e9alit\u00e9 et de la complexit\u00e9 inh\u00e9rente aux comportements humains.<\/figcaption><\/figure>\n<h3 style=\"font-weight: 400;\">Quelle est l&rsquo;importance de ce crit\u00e8re de la confiance ?<\/h3>\n<figure id=\"attachment_69526\" aria-describedby=\"caption-attachment-69526\" style=\"width: 184px\" class=\"wp-caption alignright\"><a href=\"https:\/\/www.amazon.fr\/Crises-confiance-Claudia-SENIK\/dp\/234806586X\" target=\"_blank\" rel=\"noopener\"><img decoding=\"async\" class=\"wp-image-69526 size-medium\" src=\"https:\/\/visionarymarketing.com\/wp-content\/uploads\/2022\/06\/9782348065866-2867763958-184x300.jpg\" alt=\"\" width=\"184\" height=\"300\" border=\"1\" srcset=\"https:\/\/visionarymarketing.com\/wp-content\/uploads\/2022\/06\/9782348065866-2867763958-184x300.jpg 184w, https:\/\/visionarymarketing.com\/wp-content\/uploads\/2022\/06\/9782348065866-2867763958-629x1024.jpg 629w, https:\/\/visionarymarketing.com\/wp-content\/uploads\/2022\/06\/9782348065866-2867763958-768x1251.jpg 768w, https:\/\/visionarymarketing.com\/wp-content\/uploads\/2022\/06\/9782348065866-2867763958.jpg 800w\" sizes=\"(max-width: 184px) 100vw, 184px\" \/><\/a><figcaption id=\"caption-attachment-69526\" class=\"wp-caption-text\"><a href=\"https:\/\/www.amazon.fr\/Crises-confiance-Claudia-SENIK\/dp\/234806586X\" target=\"_blank\" rel=\"noopener\">Crises de confiance<\/a>, 2020<\/figcaption><\/figure>\n<p style=\"font-weight: 400;\">Dans un ouvrage que j&rsquo;ai coordonn\u00e9, qui s&rsquo;intitule <em>Crises de confiance<\/em>, il y avait justement un chapitre o\u00f9 un des auteurs avait \u00e9tudi\u00e9 ce genre de crises de confiance et mis en place des exp\u00e9riences.<\/p>\n<blockquote class=\"quote-light\">\n<p style=\"font-weight: 400;\">Plus les consommateurs avaient confiance en une marque \u00e0 laquelle ils \u00e9taient fid\u00e8les, plus ils \u00e9taient susceptibles de prendre des mesures de repr\u00e9sailles\u00a0quand la marque enfreignait ses engagements<\/p>\n<\/blockquote>\n<p style=\"font-weight: 400;\">Ainsi se met en place une forme de r\u00e9action punitive et m\u00eame de boycott \u00e0 la fois pour punir l&rsquo;entreprise elle-m\u00eame et aussi pour envoyer un signal aux autres soci\u00e9t\u00e9s.<\/p>\n<p style=\"font-weight: 400;\">L&rsquo;\u00e9conomiste <a href=\"https:\/\/fr.wikipedia.org\/wiki\/George_Akerlof\" target=\"_blank\" rel=\"noopener\">George Akerlof<\/a> a re\u00e7u le prix Nobel d&rsquo;\u00e9conomie pour un article tr\u00e8s ancien (<a href=\"https:\/\/www.jstor.org\/stable\/1879431\" target=\"_blank\" rel=\"noopener\">The market for &lsquo;lemons&rsquo;<\/a>, 1970) o\u00f9 il \u00e9tudiait le march\u00e9 des voitures d&rsquo;occasion. Il a d\u00e9montr\u00e9 que quand il y a de l&rsquo;incertitude sur le produit et que le consommateur n&rsquo;a plus confiance, le march\u00e9 peut s&rsquo;effondrer.<\/p>\n<blockquote class=\"quote-light\">\n<p style=\"font-weight: 400;\">Dans le domaine du num\u00e9rique, si on arrivait \u00e0 cette perte de confiance, on pourrait voir dispara\u00eetre certains acteurs<\/p>\n<\/blockquote>\n<h3 style=\"font-weight: 400;\">Que signifie v\u00e9ritablement ce terme de confiance?<\/h3>\n<p style=\"font-weight: 400;\"><strong>CS <\/strong>La confiance, c&rsquo;est un pari sur le comportement d&rsquo;autrui.<\/p>\n<p style=\"font-weight: 400;\">Cela caract\u00e9rise une situation o\u00f9 un grand nombre d&rsquo;individus sont interd\u00e9pendants, mais ne savent pas exactement quel va \u00eatre le comportement des autres membres du groupe.<\/p>\n<p style=\"font-weight: 400;\">Ils doivent essayer de deviner, d&rsquo;anticiper le comportement des autres et notamment, si ce comportement va \u00eatre coop\u00e9ratif.<\/p>\n<blockquote class=\"quote-light\">\n<p style=\"font-weight: 400;\"><span style=\"color: #7e7e7e; font-size: 1.25rem;\">La confiance est un capital, quelque chose qui s&rsquo;accumule au cours du temps<\/span><\/p>\n<\/blockquote>\n<p style=\"font-weight: 400;\">La confiance est un stock qui se construit au cours du temps, par l&rsquo;exp\u00e9rience, par la validation p\u00e9riode apr\u00e8s p\u00e9riode, du fait que l&rsquo;entreprise, par exemple, se comporte conform\u00e9ment \u00e0 mes anticipations et de mani\u00e8re coop\u00e9rative.<\/p>\n<h3>Utilisation des donn\u00e9es personnelles : un avertissement \u00e0 entendre<\/h3>\n<p style=\"font-weight: 400;\">Claudia Senik et cette \u00e9tude d&rsquo;Adobe nous ont \u00e9clair\u00e9s sur l&rsquo;importance de ce facteur de confiance et de ses cons\u00e9quences possibles pour les entreprises.<\/p>\n<p style=\"font-weight: 400;\">Entreprises qui ne semblent pas encore avoir compris l&rsquo;importance, malgr\u00e9 des r\u00e9glementations sans cesse plus rigoureuses, du soin \u00e0 apporter dans le traitement de la donn\u00e9e du consommateur.<\/p>\n<p style=\"font-weight: 400;\">Et il est temps que cela change, car les cons\u00e9quences \u00e9conomiques pourraient \u00eatre d\u00e9sastreuses.<\/p>\n<p style=\"font-weight: 400;\">Si les consommateurs sont des \u00eatres complexes et contradictoires, il y a quand m\u00eame des barri\u00e8res qu&rsquo;il ne faut pas franchir. Et l&rsquo;avenir nous dira si certaines de ces marques qui ont oubli\u00e9 d&rsquo;\u00e9couter cet avertissement, et notamment Facebook, en p\u00e2tissent.<\/p>\n<figure id=\"attachment_69504\" aria-describedby=\"caption-attachment-69504\" style=\"width: 1024px\" class=\"wp-caption aligncenter\"><a href=\"https:\/\/visionarymarketing.com\/wp-content\/uploads\/2022\/06\/trust-report-emea-fr-incl.pdf\" target=\"_blank\" rel=\"noopener\"><img decoding=\"async\" class=\"wp-image-69504 size-large\" src=\"https:\/\/visionarymarketing.com\/wp-content\/uploads\/2022\/06\/trust-report-emea-fr-incl-page-01-1024x576.png\" alt=\"\" width=\"1024\" height=\"576\" border=\"1\" srcset=\"https:\/\/visionarymarketing.com\/wp-content\/uploads\/2022\/06\/trust-report-emea-fr-incl-page-01-1024x576.png 1024w, https:\/\/visionarymarketing.com\/wp-content\/uploads\/2022\/06\/trust-report-emea-fr-incl-page-01-500x281.png 500w, https:\/\/visionarymarketing.com\/wp-content\/uploads\/2022\/06\/trust-report-emea-fr-incl-page-01-768x432.png 768w, https:\/\/visionarymarketing.com\/wp-content\/uploads\/2022\/06\/trust-report-emea-fr-incl-page-01-1536x864.png 1536w, https:\/\/visionarymarketing.com\/wp-content\/uploads\/2022\/06\/trust-report-emea-fr-incl-page-01.png 1920w\" sizes=\"(max-width: 1024px) 100vw, 1024px\" \/><\/a><figcaption id=\"caption-attachment-69504\" class=\"wp-caption-text\">T\u00e9l\u00e9charger\u00a0<a href=\"https:\/\/visionarymarketing.com\/wp-content\/uploads\/2022\/06\/trust-report-emea-fr-incl.pdf\" target=\"_blank\" rel=\"noopener\">le rapport sur la confiance en EMEA (Adobe)<\/a><\/figcaption><\/figure>\n<p style=\"font-weight: 400;\">\n<div itemscope itemtype=\"http:\/\/schema.org\/AudioObject\"><meta itemprop=\"name\" content=\"Utilisation des donn\u00e9es : les 3\/4 des consommateurs inquiets\" \/><meta itemprop=\"uploadDate\" content=\"2022-06-08T08:58:54+02:00\" \/><meta itemprop=\"encodingFormat\" content=\"audio\/mpeg\" \/><meta itemprop=\"duration\" content=\"PT25M48S\" \/><meta itemprop=\"description\" content=\"L&#039;utilisation des donn\u00e9es par les entreprises pose un grave probl\u00e8me de confiance aux consommateurs. Et de cette baisse de confiance d\u00e9coulent des risques pour les entreprises : risque de divorce avec leurs clients et donc de perte de chiffre d&#039;affai...\" \/><meta itemprop=\"contentUrl\" content=\"https:\/\/media.blubrry.com\/visionarymarketing_les\/agence.visionarymarketing.com\/files\/podcasts\/2022-06-08-Adobe-trust-Claudia-Senik-mixdown.mp3\" \/><meta itemprop=\"contentSize\" content=\"12.1\" \/><div class=\"powerpress_player\" id=\"powerpress_player_9130\"><audio class=\"wp-audio-shortcode\" id=\"audio-69495-1\" preload=\"none\" style=\"width: 100%;\" controls=\"controls\"><source type=\"audio\/mpeg\" src=\"https:\/\/media.blubrry.com\/visionarymarketing_les\/agence.visionarymarketing.com\/files\/podcasts\/2022-06-08-Adobe-trust-Claudia-Senik-mixdown.mp3?_=1\" \/><a href=\"https:\/\/media.blubrry.com\/visionarymarketing_les\/agence.visionarymarketing.com\/files\/podcasts\/2022-06-08-Adobe-trust-Claudia-Senik-mixdown.mp3\">https:\/\/media.blubrry.com\/visionarymarketing_les\/agence.visionarymarketing.com\/files\/podcasts\/2022-06-08-Adobe-trust-Claudia-Senik-mixdown.mp3<\/a><\/audio><\/div><\/div><p class=\"powerpress_links powerpress_links_mp3\" style=\"margin-bottom: 1px !important;\">Podcast: <a href=\"https:\/\/media.blubrry.com\/visionarymarketing_les\/agence.visionarymarketing.com\/files\/podcasts\/2022-06-08-Adobe-trust-Claudia-Senik-mixdown.mp3\" class=\"powerpress_link_pinw\" target=\"_blank\" title=\"Play in new window\" onclick=\"return powerpress_pinw('https:\/\/visionarymarketing.com\/fr\/\/?powerpress_pinw=69495-podcast');\" rel=\"nofollow\">Play in new window<\/a> | <a href=\"https:\/\/media.blubrry.com\/visionarymarketing_les\/agence.visionarymarketing.com\/files\/podcasts\/2022-06-08-Adobe-trust-Claudia-Senik-mixdown.mp3\" class=\"powerpress_link_d\" title=\"Download\" rel=\"nofollow\" download=\"2022-06-08-Adobe-trust-Claudia-Senik-mixdown.mp3\">Download<\/a> (Duration: 25:48 &#8212; 12.1MB)<\/p><p class=\"powerpress_links powerpress_subscribe_links\">Subscribe: <a href=\"https:\/\/itunes.apple.com\/us\/podcast\/visionarymarketing-les-interviews\/id731295319?mt=2&amp;ls=1#episodeGuid=https%3A%2F%2Fvisionarymarketing.com%2F%3Fp%3D69495\" class=\"powerpress_link_subscribe powerpress_link_subscribe_itunes\" target=\"_blank\" title=\"Subscribe on Apple Podcasts\" rel=\"nofollow\">Apple Podcasts<\/a> | <a href=\"https:\/\/open.spotify.com\/show\/52VnZ1mhVSnDs4tQOx7Vuc\" class=\"powerpress_link_subscribe powerpress_link_subscribe_spotify\" target=\"_blank\" title=\"Subscribe on Spotify\" rel=\"nofollow\">Spotify<\/a> | <a href=\"https:\/\/subscribeonandroid.com\/visionarymarketing.com\/fr\/feed\/podcast\/\" class=\"powerpress_link_subscribe powerpress_link_subscribe_android\" target=\"_blank\" title=\"Subscribe on Android\" rel=\"nofollow\">Android<\/a> | <a href=\"https:\/\/visionarymarketing.com\/fr\/feed\/podcast\/\" class=\"powerpress_link_subscribe powerpress_link_subscribe_rss\" target=\"_blank\" title=\"Subscribe via RSS\" rel=\"nofollow\">RSS<\/a><\/p>","protected":false},"excerpt":{"rendered":"<p>L&rsquo;utilisation des donn\u00e9es par les entreprises pose un grave probl\u00e8me de confiance aux consommateurs. Et de cette baisse de confiance d\u00e9coulent des risques pour les entreprises : risque de divorce avec leurs clients et donc de perte de chiffre d&rsquo;affaires. Nous avons profit\u00e9 de la sortie d&rsquo;une \u00e9tude qui nous a \u00e9t\u00e9 confi\u00e9e par Adobe* &hellip;<\/p>\n","protected":false},"author":2,"featured_media":69513,"comment_status":"open","ping_status":"open","sticky":false,"template":"","format":"standard","meta":{"footnotes":""},"categories":[2894],"tags":[],"class_list":["post-69495","post","type-post","status-publish","format-standard","has-post-thumbnail","hentry","category-ia-big-data"],"yoast_head":"<!-- This site is optimized with the Yoast SEO plugin v27.4 - https:\/\/yoast.com\/product\/yoast-seo-wordpress\/ -->\n<title>Utilisation des donn\u00e9es : les 3\/4 des consommateurs inquiets<\/title>\n<meta name=\"description\" content=\"L&#039;utilisation des donn\u00e9es personnelles pose un grave probl\u00e8me de confiance aux consommateurs. Ce qui peut peser sur les entreprises \u00e0 terme\" \/>\n<meta name=\"robots\" content=\"index, follow, max-snippet:-1, max-image-preview:large, max-video-preview:-1\" \/>\n<link rel=\"canonical\" href=\"https:\/\/visionarymarketing.com\/fr\/2022\/06\/08\/utilisation-des-donnees\/\" \/>\n<meta property=\"og:locale\" content=\"fr_FR\" \/>\n<meta property=\"og:type\" content=\"article\" \/>\n<meta property=\"og:title\" content=\"Utilisation des donn\u00e9es : les 3\/4 des consommateurs inquiets\" \/>\n<meta property=\"og:description\" content=\"L&#039;utilisation des donn\u00e9es personnelles pose un grave probl\u00e8me de confiance aux consommateurs. Ce qui peut peser sur les entreprises \u00e0 terme\" \/>\n<meta property=\"og:url\" content=\"https:\/\/visionarymarketing.com\/fr\/2022\/06\/08\/utilisation-des-donnees\/\" \/>\n<meta property=\"og:site_name\" content=\"Marketing and Innovation\" \/>\n<meta property=\"article:publisher\" content=\"https:\/\/www.facebook.com\/vismktg\" \/>\n<meta property=\"article:author\" content=\"http:\/\/facebook.com\/ygourven\" \/>\n<meta property=\"article:published_time\" content=\"2022-06-08T06:58:54+00:00\" \/>\n<meta property=\"article:modified_time\" content=\"2022-10-20T19:15:40+00:00\" \/>\n<meta property=\"og:image\" content=\"https:\/\/visionarymarketing.com\/wp-content\/uploads\/2022\/06\/jumpstory-download20220607-191201-e1663329077209.jpg\" \/>\n\t<meta property=\"og:image:width\" content=\"519\" \/>\n\t<meta property=\"og:image:height\" content=\"340\" \/>\n\t<meta property=\"og:image:type\" content=\"image\/jpeg\" \/>\n<meta name=\"author\" content=\"Yann Gourvennec\" \/>\n<meta name=\"twitter:card\" content=\"summary_large_image\" \/>\n<meta name=\"twitter:creator\" content=\"@ygourven\" \/>\n<meta name=\"twitter:site\" content=\"@ygourven\" \/>\n<meta name=\"twitter:label1\" content=\"\u00c9crit par\" \/>\n\t<meta name=\"twitter:data1\" content=\"Yann Gourvennec\" \/>\n\t<meta name=\"twitter:label2\" content=\"Dur\u00e9e de lecture estim\u00e9e\" \/>\n\t<meta name=\"twitter:data2\" content=\"12 minutes\" \/>\n<script type=\"application\/ld+json\" class=\"yoast-schema-graph\">{\"@context\":\"https:\\\/\\\/schema.org\",\"@graph\":[{\"@type\":\"NewsArticle\",\"@id\":\"https:\\\/\\\/visionarymarketing.com\\\/fr\\\/2022\\\/06\\\/08\\\/utilisation-des-donnees\\\/#article\",\"isPartOf\":{\"@id\":\"https:\\\/\\\/visionarymarketing.com\\\/fr\\\/2022\\\/06\\\/08\\\/utilisation-des-donnees\\\/\"},\"author\":{\"name\":\"Yann Gourvennec\",\"@id\":\"https:\\\/\\\/visionarymarketing.com\\\/fr\\\/#\\\/schema\\\/person\\\/3754fee1e558f47b8deb46f53c37423e\"},\"headline\":\"Utilisation des donn\u00e9es : les 3\\\/4 des consommateurs inquiets\",\"datePublished\":\"2022-06-08T06:58:54+00:00\",\"dateModified\":\"2022-10-20T19:15:40+00:00\",\"mainEntityOfPage\":{\"@id\":\"https:\\\/\\\/visionarymarketing.com\\\/fr\\\/2022\\\/06\\\/08\\\/utilisation-des-donnees\\\/\"},\"wordCount\":2440,\"commentCount\":3,\"image\":{\"@id\":\"https:\\\/\\\/visionarymarketing.com\\\/fr\\\/2022\\\/06\\\/08\\\/utilisation-des-donnees\\\/#primaryimage\"},\"thumbnailUrl\":\"https:\\\/\\\/visionarymarketing.com\\\/wp-content\\\/uploads\\\/2022\\\/06\\\/jumpstory-download20220607-191201-e1663329077209.jpg\",\"articleSection\":[\"IA et Big Data\"],\"inLanguage\":\"fr-FR\",\"potentialAction\":[{\"@type\":\"CommentAction\",\"name\":\"Comment\",\"target\":[\"https:\\\/\\\/visionarymarketing.com\\\/fr\\\/2022\\\/06\\\/08\\\/utilisation-des-donnees\\\/#respond\"]}]},{\"@type\":\"WebPage\",\"@id\":\"https:\\\/\\\/visionarymarketing.com\\\/fr\\\/2022\\\/06\\\/08\\\/utilisation-des-donnees\\\/\",\"url\":\"https:\\\/\\\/visionarymarketing.com\\\/fr\\\/2022\\\/06\\\/08\\\/utilisation-des-donnees\\\/\",\"name\":\"Utilisation des donn\u00e9es : les 3\\\/4 des consommateurs inquiets\",\"isPartOf\":{\"@id\":\"https:\\\/\\\/visionarymarketing.com\\\/fr\\\/#website\"},\"primaryImageOfPage\":{\"@id\":\"https:\\\/\\\/visionarymarketing.com\\\/fr\\\/2022\\\/06\\\/08\\\/utilisation-des-donnees\\\/#primaryimage\"},\"image\":{\"@id\":\"https:\\\/\\\/visionarymarketing.com\\\/fr\\\/2022\\\/06\\\/08\\\/utilisation-des-donnees\\\/#primaryimage\"},\"thumbnailUrl\":\"https:\\\/\\\/visionarymarketing.com\\\/wp-content\\\/uploads\\\/2022\\\/06\\\/jumpstory-download20220607-191201-e1663329077209.jpg\",\"datePublished\":\"2022-06-08T06:58:54+00:00\",\"dateModified\":\"2022-10-20T19:15:40+00:00\",\"author\":{\"@id\":\"https:\\\/\\\/visionarymarketing.com\\\/fr\\\/#\\\/schema\\\/person\\\/3754fee1e558f47b8deb46f53c37423e\"},\"description\":\"L'utilisation des donn\u00e9es personnelles pose un grave probl\u00e8me de confiance aux consommateurs. Ce qui peut peser sur les entreprises \u00e0 terme\",\"breadcrumb\":{\"@id\":\"https:\\\/\\\/visionarymarketing.com\\\/fr\\\/2022\\\/06\\\/08\\\/utilisation-des-donnees\\\/#breadcrumb\"},\"inLanguage\":\"fr-FR\",\"potentialAction\":[{\"@type\":\"ReadAction\",\"target\":[\"https:\\\/\\\/visionarymarketing.com\\\/fr\\\/2022\\\/06\\\/08\\\/utilisation-des-donnees\\\/\"]}]},{\"@type\":\"ImageObject\",\"inLanguage\":\"fr-FR\",\"@id\":\"https:\\\/\\\/visionarymarketing.com\\\/fr\\\/2022\\\/06\\\/08\\\/utilisation-des-donnees\\\/#primaryimage\",\"url\":\"https:\\\/\\\/visionarymarketing.com\\\/wp-content\\\/uploads\\\/2022\\\/06\\\/jumpstory-download20220607-191201-e1663329077209.jpg\",\"contentUrl\":\"https:\\\/\\\/visionarymarketing.com\\\/wp-content\\\/uploads\\\/2022\\\/06\\\/jumpstory-download20220607-191201-e1663329077209.jpg\",\"width\":519,\"height\":340,\"caption\":\"utilisation des donn\u00e9es Les trois quarts des consommateurs sont inquiets de l'utilisation des donn\u00e9es qui est faite par les marques. Cette crainte est-elle rationnelle et les comportements des utilisateurs sont-ils toujours exemplaires ? Un tableau clair et tout en nuance est dress\u00e9 par Claudia Senik, Directrice de l'observatoire du bien-\u00eatre et professeur \u00e0 Paris School of Economics, qui nous aide \u00e0 mieux comprendre la situation.\"},{\"@type\":\"BreadcrumbList\",\"@id\":\"https:\\\/\\\/visionarymarketing.com\\\/fr\\\/2022\\\/06\\\/08\\\/utilisation-des-donnees\\\/#breadcrumb\",\"itemListElement\":[{\"@type\":\"ListItem\",\"position\":1,\"name\":\"Home\",\"item\":\"https:\\\/\\\/visionarymarketing.com\\\/fr\\\/\"},{\"@type\":\"ListItem\",\"position\":2,\"name\":\"Utilisation des donn\u00e9es : les 3\\\/4 des consommateurs inquiets\"}]},{\"@type\":\"WebSite\",\"@id\":\"https:\\\/\\\/visionarymarketing.com\\\/fr\\\/#website\",\"url\":\"https:\\\/\\\/visionarymarketing.com\\\/fr\\\/\",\"name\":\"Marketing and Innovation\",\"description\":\"Site d&#039;infos ind\u00e9pendant, depuis 1996\",\"potentialAction\":[{\"@type\":\"SearchAction\",\"target\":{\"@type\":\"EntryPoint\",\"urlTemplate\":\"https:\\\/\\\/visionarymarketing.com\\\/fr\\\/?s={search_term_string}\"},\"query-input\":{\"@type\":\"PropertyValueSpecification\",\"valueRequired\":true,\"valueName\":\"search_term_string\"}}],\"inLanguage\":\"fr-FR\"},{\"@type\":\"Person\",\"@id\":\"https:\\\/\\\/visionarymarketing.com\\\/fr\\\/#\\\/schema\\\/person\\\/3754fee1e558f47b8deb46f53c37423e\",\"name\":\"Yann Gourvennec\",\"image\":{\"@type\":\"ImageObject\",\"inLanguage\":\"fr-FR\",\"@id\":\"https:\\\/\\\/secure.gravatar.com\\\/avatar\\\/5972001801e8de5692a3e31224e85769f50a55fb8b679749f9c8d1868cceff14?s=96&d=initials&r=g&initials=yg\",\"url\":\"https:\\\/\\\/secure.gravatar.com\\\/avatar\\\/5972001801e8de5692a3e31224e85769f50a55fb8b679749f9c8d1868cceff14?s=96&d=initials&r=g&initials=yg\",\"contentUrl\":\"https:\\\/\\\/secure.gravatar.com\\\/avatar\\\/5972001801e8de5692a3e31224e85769f50a55fb8b679749f9c8d1868cceff14?s=96&d=initials&r=g&initials=yg\",\"caption\":\"Yann Gourvennec\"},\"description\":\"Yann Gourvennec created visionarymarketing.com in 1996. He is a speaker and author of many books. In 2014 he went from intrapreneur to entrepreneur, when he created his digital marketing agency. Yann Gourvennec a cr\u00e9\u00e9 visionarymarketing.com en 1996. Il est conf\u00e9rencier et auteur de plusieurs livres. En 2014, il est pass\u00e9 d'intrapreneur \u00e0 entrepreneur en cr\u00e9ant son agence de marketing num\u00e9rique.\",\"sameAs\":[\"https:\\\/\\\/visionarymarketing.com\",\"http:\\\/\\\/facebook.com\\\/ygourven\",\"http:\\\/\\\/linkedin.com\\\/in\\\/ygourven\",\"https:\\\/\\\/x.com\\\/ygourven\",\"https:\\\/\\\/www.youtube.com\\\/c\\\/visionarymarketingagency\"],\"url\":\"https:\\\/\\\/visionarymarketing.com\\\/fr\\\/author\\\/yann-gourvennec\\\/\"}]}<\/script>\n<!-- \/ Yoast SEO plugin. -->","yoast_head_json":{"title":"Utilisation des donn\u00e9es : les 3\/4 des consommateurs inquiets","description":"L'utilisation des donn\u00e9es personnelles pose un grave probl\u00e8me de confiance aux consommateurs. Ce qui peut peser sur les entreprises \u00e0 terme","robots":{"index":"index","follow":"follow","max-snippet":"max-snippet:-1","max-image-preview":"max-image-preview:large","max-video-preview":"max-video-preview:-1"},"canonical":"https:\/\/visionarymarketing.com\/fr\/2022\/06\/08\/utilisation-des-donnees\/","og_locale":"fr_FR","og_type":"article","og_title":"Utilisation des donn\u00e9es : les 3\/4 des consommateurs inquiets","og_description":"L'utilisation des donn\u00e9es personnelles pose un grave probl\u00e8me de confiance aux consommateurs. Ce qui peut peser sur les entreprises \u00e0 terme","og_url":"https:\/\/visionarymarketing.com\/fr\/2022\/06\/08\/utilisation-des-donnees\/","og_site_name":"Marketing and Innovation","article_publisher":"https:\/\/www.facebook.com\/vismktg","article_author":"http:\/\/facebook.com\/ygourven","article_published_time":"2022-06-08T06:58:54+00:00","article_modified_time":"2022-10-20T19:15:40+00:00","og_image":[{"width":519,"height":340,"url":"https:\/\/visionarymarketing.com\/wp-content\/uploads\/2022\/06\/jumpstory-download20220607-191201-e1663329077209.jpg","type":"image\/jpeg"}],"author":"Yann Gourvennec","twitter_card":"summary_large_image","twitter_creator":"@ygourven","twitter_site":"@ygourven","twitter_misc":{"\u00c9crit par":"Yann Gourvennec","Dur\u00e9e de lecture estim\u00e9e":"12 minutes"},"schema":{"@context":"https:\/\/schema.org","@graph":[{"@type":"NewsArticle","@id":"https:\/\/visionarymarketing.com\/fr\/2022\/06\/08\/utilisation-des-donnees\/#article","isPartOf":{"@id":"https:\/\/visionarymarketing.com\/fr\/2022\/06\/08\/utilisation-des-donnees\/"},"author":{"name":"Yann Gourvennec","@id":"https:\/\/visionarymarketing.com\/fr\/#\/schema\/person\/3754fee1e558f47b8deb46f53c37423e"},"headline":"Utilisation des donn\u00e9es : les 3\/4 des consommateurs inquiets","datePublished":"2022-06-08T06:58:54+00:00","dateModified":"2022-10-20T19:15:40+00:00","mainEntityOfPage":{"@id":"https:\/\/visionarymarketing.com\/fr\/2022\/06\/08\/utilisation-des-donnees\/"},"wordCount":2440,"commentCount":3,"image":{"@id":"https:\/\/visionarymarketing.com\/fr\/2022\/06\/08\/utilisation-des-donnees\/#primaryimage"},"thumbnailUrl":"https:\/\/visionarymarketing.com\/wp-content\/uploads\/2022\/06\/jumpstory-download20220607-191201-e1663329077209.jpg","articleSection":["IA et Big Data"],"inLanguage":"fr-FR","potentialAction":[{"@type":"CommentAction","name":"Comment","target":["https:\/\/visionarymarketing.com\/fr\/2022\/06\/08\/utilisation-des-donnees\/#respond"]}]},{"@type":"WebPage","@id":"https:\/\/visionarymarketing.com\/fr\/2022\/06\/08\/utilisation-des-donnees\/","url":"https:\/\/visionarymarketing.com\/fr\/2022\/06\/08\/utilisation-des-donnees\/","name":"Utilisation des donn\u00e9es : les 3\/4 des consommateurs inquiets","isPartOf":{"@id":"https:\/\/visionarymarketing.com\/fr\/#website"},"primaryImageOfPage":{"@id":"https:\/\/visionarymarketing.com\/fr\/2022\/06\/08\/utilisation-des-donnees\/#primaryimage"},"image":{"@id":"https:\/\/visionarymarketing.com\/fr\/2022\/06\/08\/utilisation-des-donnees\/#primaryimage"},"thumbnailUrl":"https:\/\/visionarymarketing.com\/wp-content\/uploads\/2022\/06\/jumpstory-download20220607-191201-e1663329077209.jpg","datePublished":"2022-06-08T06:58:54+00:00","dateModified":"2022-10-20T19:15:40+00:00","author":{"@id":"https:\/\/visionarymarketing.com\/fr\/#\/schema\/person\/3754fee1e558f47b8deb46f53c37423e"},"description":"L'utilisation des donn\u00e9es personnelles pose un grave probl\u00e8me de confiance aux consommateurs. Ce qui peut peser sur les entreprises \u00e0 terme","breadcrumb":{"@id":"https:\/\/visionarymarketing.com\/fr\/2022\/06\/08\/utilisation-des-donnees\/#breadcrumb"},"inLanguage":"fr-FR","potentialAction":[{"@type":"ReadAction","target":["https:\/\/visionarymarketing.com\/fr\/2022\/06\/08\/utilisation-des-donnees\/"]}]},{"@type":"ImageObject","inLanguage":"fr-FR","@id":"https:\/\/visionarymarketing.com\/fr\/2022\/06\/08\/utilisation-des-donnees\/#primaryimage","url":"https:\/\/visionarymarketing.com\/wp-content\/uploads\/2022\/06\/jumpstory-download20220607-191201-e1663329077209.jpg","contentUrl":"https:\/\/visionarymarketing.com\/wp-content\/uploads\/2022\/06\/jumpstory-download20220607-191201-e1663329077209.jpg","width":519,"height":340,"caption":"utilisation des donn\u00e9es Les trois quarts des consommateurs sont inquiets de l'utilisation des donn\u00e9es qui est faite par les marques. Cette crainte est-elle rationnelle et les comportements des utilisateurs sont-ils toujours exemplaires ? Un tableau clair et tout en nuance est dress\u00e9 par Claudia Senik, Directrice de l'observatoire du bien-\u00eatre et professeur \u00e0 Paris School of Economics, qui nous aide \u00e0 mieux comprendre la situation."},{"@type":"BreadcrumbList","@id":"https:\/\/visionarymarketing.com\/fr\/2022\/06\/08\/utilisation-des-donnees\/#breadcrumb","itemListElement":[{"@type":"ListItem","position":1,"name":"Home","item":"https:\/\/visionarymarketing.com\/fr\/"},{"@type":"ListItem","position":2,"name":"Utilisation des donn\u00e9es : les 3\/4 des consommateurs inquiets"}]},{"@type":"WebSite","@id":"https:\/\/visionarymarketing.com\/fr\/#website","url":"https:\/\/visionarymarketing.com\/fr\/","name":"Marketing and Innovation","description":"Site d&#039;infos ind\u00e9pendant, depuis 1996","potentialAction":[{"@type":"SearchAction","target":{"@type":"EntryPoint","urlTemplate":"https:\/\/visionarymarketing.com\/fr\/?s={search_term_string}"},"query-input":{"@type":"PropertyValueSpecification","valueRequired":true,"valueName":"search_term_string"}}],"inLanguage":"fr-FR"},{"@type":"Person","@id":"https:\/\/visionarymarketing.com\/fr\/#\/schema\/person\/3754fee1e558f47b8deb46f53c37423e","name":"Yann Gourvennec","image":{"@type":"ImageObject","inLanguage":"fr-FR","@id":"https:\/\/secure.gravatar.com\/avatar\/5972001801e8de5692a3e31224e85769f50a55fb8b679749f9c8d1868cceff14?s=96&d=initials&r=g&initials=yg","url":"https:\/\/secure.gravatar.com\/avatar\/5972001801e8de5692a3e31224e85769f50a55fb8b679749f9c8d1868cceff14?s=96&d=initials&r=g&initials=yg","contentUrl":"https:\/\/secure.gravatar.com\/avatar\/5972001801e8de5692a3e31224e85769f50a55fb8b679749f9c8d1868cceff14?s=96&d=initials&r=g&initials=yg","caption":"Yann Gourvennec"},"description":"Yann Gourvennec created visionarymarketing.com in 1996. He is a speaker and author of many books. In 2014 he went from intrapreneur to entrepreneur, when he created his digital marketing agency. Yann Gourvennec a cr\u00e9\u00e9 visionarymarketing.com en 1996. Il est conf\u00e9rencier et auteur de plusieurs livres. En 2014, il est pass\u00e9 d'intrapreneur \u00e0 entrepreneur en cr\u00e9ant son agence de marketing num\u00e9rique.","sameAs":["https:\/\/visionarymarketing.com","http:\/\/facebook.com\/ygourven","http:\/\/linkedin.com\/in\/ygourven","https:\/\/x.com\/ygourven","https:\/\/www.youtube.com\/c\/visionarymarketingagency"],"url":"https:\/\/visionarymarketing.com\/fr\/author\/yann-gourvennec\/"}]}},"_links":{"self":[{"href":"https:\/\/visionarymarketing.com\/fr\/wp-json\/wp\/v2\/posts\/69495","targetHints":{"allow":["GET"]}}],"collection":[{"href":"https:\/\/visionarymarketing.com\/fr\/wp-json\/wp\/v2\/posts"}],"about":[{"href":"https:\/\/visionarymarketing.com\/fr\/wp-json\/wp\/v2\/types\/post"}],"author":[{"embeddable":true,"href":"https:\/\/visionarymarketing.com\/fr\/wp-json\/wp\/v2\/users\/2"}],"replies":[{"embeddable":true,"href":"https:\/\/visionarymarketing.com\/fr\/wp-json\/wp\/v2\/comments?post=69495"}],"version-history":[{"count":0,"href":"https:\/\/visionarymarketing.com\/fr\/wp-json\/wp\/v2\/posts\/69495\/revisions"}],"wp:featuredmedia":[{"embeddable":true,"href":"https:\/\/visionarymarketing.com\/fr\/wp-json\/wp\/v2\/media\/69513"}],"wp:attachment":[{"href":"https:\/\/visionarymarketing.com\/fr\/wp-json\/wp\/v2\/media?parent=69495"}],"wp:term":[{"taxonomy":"category","embeddable":true,"href":"https:\/\/visionarymarketing.com\/fr\/wp-json\/wp\/v2\/categories?post=69495"},{"taxonomy":"post_tag","embeddable":true,"href":"https:\/\/visionarymarketing.com\/fr\/wp-json\/wp\/v2\/tags?post=69495"}],"curies":[{"name":"wp","href":"https:\/\/api.w.org\/{rel}","templated":true}]}}