{"id":69296,"date":"2022-06-01T07:30:33","date_gmt":"2022-06-01T05:30:33","guid":{"rendered":"https:\/\/visionarymarketing.com\/?p=69296"},"modified":"2024-07-11T14:50:14","modified_gmt":"2024-07-11T12:50:14","slug":"convergence-it-et-telecom","status":"publish","type":"post","link":"https:\/\/visionarymarketing.com\/fr\/2022\/06\/01\/convergence-it-et-telecom\/","title":{"rendered":"Convergence IT et Telecom : l&rsquo;innovation qui a transform\u00e9 l&rsquo;entreprise"},"content":{"rendered":"<p><em>Il y a quelques ann\u00e9es, nous avions \u00e9crit une\u00a0histoire de la convergence IT et Telecom<a href=\"https:\/\/web.archive.org\/web\/20201127031649\/http:\/\/room.sfrbusinessteam.fr\/article\/entreprise-reinventee-convergence-communications\">\u00a0publi\u00e9e sur le blog<\/a> de notre client SFR Business Team, que je red\u00e9couvre avec son infographie (ci-dessous). Cette convergence entre IT et Telecom est sans doute un des ph\u00e9nom\u00e8nes les plus int\u00e9ressants dans le panel de l\u2019innovation de ces derni\u00e8res ann\u00e9es. Cet article ayant \u00e9t\u00e9 chang\u00e9, je republie l&rsquo;original qui explique d&rsquo;o\u00f9 vient ce ph\u00e9nom\u00e8ne, et vous explique surtout d&rsquo;o\u00f9 viennent le cloud, la tablette, la phablette, et le smartphone que vous utilisez tous les jours et qui a (vraiment) invent\u00e9 tout cela (spoiler : non, ce n&rsquo;est pas Steve Jobs).<\/em><\/p>\n<h2>Convergence IT et Telecom : l&rsquo;innovation qui a transform\u00e9 l&rsquo;entreprise<\/h2>\n<figure id=\"attachment_69286\" aria-describedby=\"caption-attachment-69286\" style=\"width: 520px\" class=\"wp-caption aligncenter\"><img decoding=\"async\" class=\"size-full wp-image-69286\" src=\"https:\/\/visionarymarketing.com\/wp-content\/uploads\/2015\/11\/jumpstory-download20220601-050202.jpg\" alt=\"Convergence IT et Telecom\" width=\"520\" height=\"340\" srcset=\"https:\/\/visionarymarketing.com\/wp-content\/uploads\/2015\/11\/jumpstory-download20220601-050202.jpg 520w, https:\/\/visionarymarketing.com\/wp-content\/uploads\/2015\/11\/jumpstory-download20220601-050202-459x300.jpg 459w\" sizes=\"(max-width: 520px) 100vw, 520px\" \/><figcaption id=\"caption-attachment-69286\" class=\"wp-caption-text\">La convergence entre IT et Telecom, une innovation qui ne paraissait pas \u00e9vidente, mais qui a boulevers\u00e9 les entreprises<\/figcaption><\/figure>\n<p>La fusion, ou convergence, entre les r\u00e9seaux (Telecom) et l\u2019informatique (IT) a en effet ouvert des possibilit\u00e9s quasi infinies pour les entreprises du 21e si\u00e8cle.<\/p>\n<p>Il serait impensable de retourner ne serait-ce que 10 ans en arri\u00e8re, et j\u2019imagine ce qu\u2019aurait \u00e9t\u00e9 la cr\u00e9ation de ma soci\u00e9t\u00e9 en 2003, ou encore pire, avant 2000, c\u2019est-\u00e0-dire, sans possibilit\u00e9 d\u2019\u00eatre joint par t\u00e9l\u00e9phone \u00e0 n\u2019importe quel moment.<\/p>\n<p><!--more--><\/p>\n<p>Malgr\u00e9 les \u00a0promesses, on se doute qu&rsquo;il y a encore quelques progr\u00e8s \u00e0 faire pour que les machines mobiles permettent de se d\u00e9barrasser compl\u00e8tement des ordinateurs de bureau.<\/p>\n<p>Mais nous nous en approchons. Une convergence de plus, qui verra certainement son aboutissement dans les 5 ans qui viennent.<\/p>\n<h3>La convergence invent\u00e9e par George du Maurier (ou Robida c&rsquo;est selon)<\/h3>\n<p>C\u2019est sans doute la combinaison r\u00e9seau-informatique que je trouve la plus renversante. Avec tr\u00e8s peu de moyens, un entrepreneur peut transformer son entreprise en \u201cgrande entreprise\u201d.<\/p>\n<p>En fait, je me fais souvent la remarque que mon \u00e9quipement et celui de mes jeunes employ\u00e9s est amplement meilleur que celui dont je b\u00e9n\u00e9ficiais dans le cadre d\u2019une grande soci\u00e9t\u00e9\u00a0(et encore, nous \u00e9tions g\u00e2t\u00e9s par rapport \u00e0 beaucoup).<\/p>\n<p>Une telle constatation aurait \u00e9t\u00e9 impossible il y a quelques ann\u00e9es \u00e0 peine, et en comparant avec ce que j\u2019ai connu il y a encore peu, je suis tous les jours \u00e9merveill\u00e9 par les progr\u00e8s faits dans ce domaine. Et encore, je pense que nous n\u2019avons rien vu.<\/p>\n<p>Dans cet article, j\u2019ai voulu revenir sur les origines de la convergence, sur ses premiers penseurs, sur les inventions qui ont permis d\u2019en arriver l\u00e0, les essais, les erreurs, mais aussi les visions incroyablement justes et avanc\u00e9es de professionnels capables de penser le cloud computing, les tablettes, les Smartphones \u00e0 un moment o\u00f9 rien n\u2019existait.<\/p>\n<p>En cherchant encore ce matin j\u2019ai d\u00e9couvert que Robida (que je cite dans l\u2019infographie ci-dessous) n\u2019\u00e9tait pas seul dans la vision du futur de ce qu\u2019on appellerait un jour la t\u00e9l\u00e9vision (et il est int\u00e9ressant aussi de noter que les premi\u00e8res \u00e9bauches de cette invention faisaient jouer un r\u00f4le au t\u00e9l\u00e9phone dans sa transmission).<\/p>\n<p>George du Maurier, un dessinateur franco-britannique n\u00e9 \u00e0 Paris, a \u00e0 peu pr\u00e8s \u00e0 la m\u00eame \u00e9poque dessin\u00e9 un appareil similaire, qu\u2019il a intitul\u00e9 le \u201ct\u00e9l\u00e9phonoscope d\u2019Edison\u201d m\u00eame si le savant am\u00e9ricain n\u2019a jamais construit cet appareil.<\/p>\n<p>L\u2019innovation est surprenante, nous vivons dans un temps court qui nous fait croire que notre \u00e9poque, certes merveilleuse pour ses innovations, a tout invent\u00e9, mais qui oublie de dire que ce que nous vivons et utilisons aujourd\u2019hui est ce que les savants et les inventeurs d\u2019hier ont r\u00eav\u00e9.<\/p>\n<p>Et parfois m\u00eame plus que r\u00eav\u00e9.<\/p>\n<h4>Les anc\u00eatres de la convergence IT et Telecom<\/h4>\n<p>Qui se souvient par exemple du Th\u00e9atrophone, ce service commercial et op\u00e9rationnel du d\u00e9but du 20e si\u00e8cle, une sorte de <span class=\"removed_link\" title=\"http:\/\/histv2.free.fr\/theatrophone\/proust1.htm\">Deezer de l\u2019\u00e9poque Art nouveau, qui permettait \u00e0 Marcel Proust, \u00e0 la sant\u00e9 fragile, d\u2019\u00e9couter des op\u00e9ras entiers<\/span>.<\/p>\n<p>Tout cela peut para\u00eetre surr\u00e9aliste et pourtant, aujourd\u2019hui encore il est des gens pour se demander ce qu\u2019est la convergence et \u00e0 quoi \u00e7a sert. Ce rappel historiographique me semblait important \u00e0 faire.<\/p>\n<h3>L\u2019entreprise r\u00e9invent\u00e9e par la convergence de l&rsquo;IT et des communications<\/h3>\n<blockquote class=\"quote-light\"><p>Si la convergence des domaines Telecom et IT n\u2019est pas tout de suite apparue comme une \u00e9vidence, elle s\u2019est n\u00e9anmoins impos\u00e9e ces derni\u00e8res ann\u00e9es comme une des \u00e9volutions technologiques incontournables qui ont boulevers\u00e9 &#8211; et celle ci va bouleverser encore longtemps &#8211; le monde de l\u2019entreprise<\/p><\/blockquote>\n<h3>Petit historique de la convergence des communications et perspectives<\/h3>\n<p style=\"font-weight: 400;\">L&rsquo;informatique omnipr\u00e9sente (<a href=\"https:\/\/web.archive.org\/web\/20180604013008\/http:\/\/www.ubiq.com:80\/hypertext\/weiser\/UbiHome.html\">ubiquitous computing<\/a>), r\u00eave des ann\u00e9es 80 d&rsquo;un savant g\u00e9nial du <a href=\"https:\/\/fr.wikipedia.org\/wiki\/Palo_Alto_Research_Center\">Palo Alto Research Center (PARC)<\/a> sera bient\u00f4t, tr\u00e8s bient\u00f4t, le quotidien de millions de professionnels sur la plan\u00e8te. \u00c0 tel point que cela para\u00eet presque naturel de le dire aujourd&rsquo;hui, malgr\u00e9 une histoire chaotique et des difficult\u00e9s d\u2019ancrage du concept dans la population des utilisateurs professionnels. Cette r\u00e9volution technologique \u2013 nous n\u2019en sommes plus tr\u00e8s loin \u2013 sera partout \u00e0 l&rsquo;origine d&rsquo;un bouleversement profond des modes de travail qui pourraient m\u00eame\u00a0nous inciter \u00e0 parler de 3<sup>e<\/sup> r\u00e9volution industrielle.<\/p>\n<h3>D\u00e9finition de la convergence num\u00e9rique<\/h3>\n<p style=\"font-weight: 400;\">La convergence est un terme \u2013 souvent employ\u00e9 dans le domaine des t\u00e9l\u00e9communications \u2013 qui concerne la maturation des domaines r\u00e9seaux et t\u00e9l\u00e9coms et informatiques, au point de [\u2026] \u00ab\u00a0Donner naissance \u00e0 un environnement r\u00e9seau et ordinateur\/terminal sans couture, servant l\u2019utilisateur de bout en bout [\u2026]\u00a0\u00bb pour reprendre la d\u00e9finition de <a href=\"https:\/\/people.eecs.berkeley.edu\/~messer\/\">David G. Messerschmitt Professeur \u00e0 Berkeley<\/a>, et en la simplifiant quelque peu.<\/p>\n<p style=\"font-weight: 400;\">En d\u2019autres termes, il s\u2019agit de la fusion du monde de l\u2019informatique et des t\u00e9l\u00e9communications, permettant un grand nombre d\u2019avanc\u00e9es dans diverses directions\u00a0: t\u00e9l\u00e9communications sans couture, acc\u00e8s \u00e0 l\u2019information, r\u00e9plication, archivage et sauvegarde de cette information, communications entre pairs, \u00ab\u00a0virtualisation\u00a0\u00bb des terminaux au travers de la dissociation de la donn\u00e9e et du terminal (ph\u00e9nom\u00e8ne que le cloud computing a rendu aujourd\u2019hui presque banal).<\/p>\n<p style=\"font-weight: 400;\">Difficile de rendre cette liste exhaustive, car le principe m\u00eame de convergence impose l\u2019agr\u00e9gation d\u2019une myriade de technologies de fa\u00e7on pragmatique et \u00e9volutive.<\/p>\n<h3>Une id\u00e9e n\u00e9e de l\u2019humour\u2026 en toute fin du 19<sup>e<\/sup> si\u00e8cle<\/h3>\n<p style=\"font-weight: 400;\">Dans un sens, l&rsquo;histoire de la convergence des communications* \u00a0pourrait remonter tr\u00e8s loin.<\/p>\n<p style=\"font-weight: 400;\"><a href=\"https:\/\/fr.wikipedia.org\/wiki\/T%C3%A9l%C3%A9phonoscope\">L\u2019humoriste Albert Robida, d\u00e8s 1890, avait en effet imagin\u00e9 un syst\u00e8me qui diffusait des informations t\u00e9l\u00e9visuelles via\u2026 Le t\u00e9l\u00e9phone<\/a>. Il l\u2019appela le t\u00e9l\u00e9phonoscope, et au nom pr\u00e8s, il nous rappelle \u00e9tonnamment la \u00ab\u00a0box\u00a0\u00bb ADSL qui s\u2019est install\u00e9e d\u2019abord dans nos foyers, avant d\u2019envahir nos entreprises.<\/p>\n<figure id=\"attachment_69289\" aria-describedby=\"caption-attachment-69289\" style=\"width: 453px\" class=\"wp-caption aligncenter\"><img decoding=\"async\" class=\"wp-image-69289 size-full\" src=\"https:\/\/visionarymarketing.com\/wp-content\/uploads\/2015\/11\/it-teelcom-robida-1.jpg\" alt=\"Convergence IT et T\u00e9l\u00e9com\" width=\"453\" height=\"323\" srcset=\"https:\/\/visionarymarketing.com\/wp-content\/uploads\/2015\/11\/it-teelcom-robida-1.jpg 453w, https:\/\/visionarymarketing.com\/wp-content\/uploads\/2015\/11\/it-teelcom-robida-1-421x300.jpg 421w\" sizes=\"(max-width: 453px) 100vw, 453px\" \/><figcaption id=\"caption-attachment-69289\" class=\"wp-caption-text\">Figure 1 : Albert Robida, l&rsquo;inventeur de la convergence IT et Telecom\u2026 en 1890 !<\/figcaption><\/figure>\n<p style=\"font-weight: 400;\"><a href=\"http:\/\/editions-kawa.com\/actualites\/quand-le-big-data-fait-son-cinema\/\">Il n&rsquo;est pas rare que l\u2019innovation technologique puise ses id\u00e9es \u00e0 la source des cr\u00e9atifs<\/a>, qu\u2019il s\u2019agisse d\u2019humoristes, <a href=\"http:\/\/visionarymarketing.fr\/blog\/2012\/06\/art-contemporain-quand-digital-veut-dire-tactile\/\">d\u2019artistes<\/a>, <a href=\"http:\/\/www.psmag.com\/nature-and-technology\/can-science-fiction-spur-science-innovation-92665\">d\u2019auteurs de science-fiction<\/a> ou de <a href=\"http:\/\/editions-kawa.com\/actualites\/quand-le-big-data-fait-son-cinema\/\">cin\u00e9astes<\/a>. M\u00eame si leurs motivations sont bien \u00e9loign\u00e9es de celles des hommes d&rsquo;affaires. Tout ceci cependant n\u2019est qu\u2019invention et imagination, il reste encore \u00e0 transformer cela en usage, puis en succ\u00e8s commercial.<\/p>\n<h3>Un g\u00e9nial chercheur invente le monde d\u2019aujourd\u2019hui\u2026 dans les ann\u00e9es 80\u00a0!<\/h3>\n<p style=\"font-weight: 400;\">Le coup de g\u00e9nie arrive, en innovation technologique, lorsque la cr\u00e9ativit\u00e9 rencontre le savoir-faire technique.<\/p>\n<p style=\"font-weight: 400;\">C&rsquo;est ainsi qu&rsquo;au Palo Alto Research Center (PARC), d\u00e8s 1988, <a href=\"https:\/\/web.archive.org\/web\/20180604013131\/http:\/\/www.ubiq.com:80\/weiser\/WeiserPapers.html\">Mark Weiser<\/a> avait d\u00e9j\u00e0 tout invent\u00e9 : les smartphones et les tablettes de diff\u00e9rents formats (nomm\u00e9s par lui les \u00ab\u00a0pads\u00a0\u00bb et les \u00ab\u00a0tabs\u00a0\u00bb, ce qui rappelle bien des choses aux possesseurs de tablettes d&rsquo;aujourd&rsquo;hui), des badges RFID et des communications intimement li\u00e9es au contenu afin de permettre ais\u00e9ment de passer d&rsquo;un appareil \u00e0 un autre, sans que le terminal d\u00e9termine l\u2019acc\u00e8s \u00e0 l\u2019information ; le cloud computing avant l&rsquo;heure en somme.<\/p>\n<p style=\"font-weight: 400;\">Si Mark Weiser a tout invent\u00e9, il n\u2019a cependant jamais rien vendu\u00a0; ce qui est un trait g\u00e9n\u00e9rique qui a marqu\u00e9 le PARC, tout au long de son histoire.<\/p>\n<p style=\"font-weight: 400;\">Il a fallu ensuite des d\u00e9cennies de t\u00e2tonnements, d\u2019essais et d\u2019erreurs, men\u00e9s par des industriels, des op\u00e9rateurs de services et t\u00e9l\u00e9coms, des soci\u00e9t\u00e9s informatiques et des startups, souvent dans l&rsquo;incompr\u00e9hension totale du public, pour en arriver \u00e0 l&rsquo;\u00e9tat des lieux que nous connaissons en ces jours.<\/p>\n<h3>De la communication unifi\u00e9e \u00e0 la convergence, des d\u00e9cennies de t\u00e2tonnement<\/h3>\n<p style=\"font-weight: 400;\">La suite de l\u2019histoire n\u2019est pas simple\u00a0; car de l\u2019id\u00e9e \u00e0 l\u2019usage il y a souvent plus qu\u2019un pas, comme l\u2019a d\u00e9montr\u00e9 d\u00e8s le d\u00e9but <a href=\"http:\/\/www.buschini.com\/crossing-the-chasm-de-geoffrey-a-moore\/\">des ann\u00e9es 1990 Geoffrey Moore dans son ouvrage devenu un classique : \u00ab\u00a0la travers\u00e9e du gouffre\u00a0\u00bb.<\/a> Depuis le milieu des ann\u00e9es 90, les tentatives ont \u00e9t\u00e9 nombreuses, qui se sont traduites par divers essais et erreurs dans des directions fort diff\u00e9rentes parfois.<\/p>\n<p style=\"font-weight: 400;\">On a d\u2019abord parl\u00e9 de \u00ab\u00a0communications unifi\u00e9es\u00a0\u00bb dans les ann\u00e9es 90, puis de convergence fixe mobile dans les ann\u00e9es 2000, mais en fait, et au fur et \u00e0 mesure de l\u2019adoption massive des inventions technologiques (<a href=\"https:\/\/www.sfrbusiness.fr\/internet-et-reseau\/internet-fixe\/haut-debit-sfr-dsl\/\">XDSL<\/a>, <a href=\"https:\/\/www.sfrbusiness.fr\/room\/tag\/voip\/\">Voix et t\u00e9l\u00e9phonie sur IP<\/a>, <a href=\"https:\/\/www.sfrbusiness.fr\/partage-et-collaboration\/reunion-a-distance\/conference-audio-web\/\">visioconf\u00e9rence et Webconf\u00e9rence sur IP<\/a>, triple play, Peer to peer et plus r\u00e9cemment le <a href=\"https:\/\/www.sfrbusiness.fr\/cloud\/\">cloud computing, archivage et stockage synchronis\u00e9 sur le cloud<\/a>), ce qui n\u2019\u00e9tait qu\u2019une id\u00e9e est peu \u00e0 peu devenu une r\u00e9alit\u00e9 frappante de notre environnement.<\/p>\n<p style=\"font-weight: 400;\">\u00c0 tel point qu\u2019il nous serait sans doute difficile d\u2019imaginer un monde du travail qui reviendrait \u00e0 ce que nous connaissions avant 1995\u00a0: monde ferm\u00e9, incapacit\u00e9 \u00e0 communiquer rapidement, pas d\u2019acc\u00e8s aux donn\u00e9es hors de l\u2019entreprise, incapacit\u00e9 d\u2019appeler les clients sans s\u2019arr\u00eater dans un h\u00f4tel ou rentrer au bureau, ressaisie syst\u00e9matique des documents de travail, obligation de retourner \u00e0 la base pour r\u00e9cup\u00e9rer un document\u2026 On se demande bien aujourd\u2019hui comment <a href=\"http:\/\/bit.ly\/evoltravailapec\">nous faisions pour travailler il y a \u00e0 peine trente ans<\/a>.<\/p>\n<figure id=\"attachment_69290\" aria-describedby=\"caption-attachment-69290\" style=\"width: 301px\" class=\"wp-caption aligncenter\"><img decoding=\"async\" class=\"wp-image-69290 size-full\" src=\"https:\/\/visionarymarketing.com\/wp-content\/uploads\/2015\/11\/picture-1.jpg\" alt=\"Convergence IT et Telecom\" width=\"301\" height=\"285\" \/><figcaption id=\"caption-attachment-69290\" class=\"wp-caption-text\">Figure 2 : l\u2019apport de la technologie dans le travail est pl\u00e9biscit\u00e9 par les cadres (\u00e9tude \u00e9volution de l\u2019organisation du travail APEC en 2013)<\/figcaption><\/figure>\n<h2>Au d\u00e9part, un concept moins \u00e9vident pour les utilisateurs que les professionnels<\/h2>\n<p style=\"font-weight: 400;\">Pourtant, les d\u00e9buts de la communication unifi\u00e9e et les diverses tentatives de convergence r\u00e9alis\u00e9es \u00e0 la fois par les \u00e9quipementiers et les op\u00e9rateurs n\u2019ont pas toujours \u00e9t\u00e9, il faut bien l\u2019avouer, \u00e0 la hauteur des esp\u00e9rances des promoteurs du concept, m\u00eame si son \u00e9vidence \u00e9tait patente pour tous les membres de la profession.<\/p>\n<p style=\"font-weight: 400;\">Il peut en effet para\u00eetre logique pour un technologue \u2013 rompu aux usages de l\u2019informatique et des t\u00e9l\u00e9coms \u2013 de fusionner r\u00e9seaux, donn\u00e9es et informatique\u00a0; pour l\u2019utilisateur sur le terrain, cela est beaucoup moins \u00e9vident, car son attention et sa concentration sont tout enti\u00e8res focalis\u00e9es sur ses clients et ses usages, non sur la manipulation des donn\u00e9es, des r\u00e9seaux ou des communications.<\/p>\n<blockquote class=\"quote-light\">\n<p style=\"font-weight: 400;\">Les technologies les plus puissantes sont celles qui se font oublier et se fondent dans la vie de tous les jours au point d\u2019en devenir indissociables<br \/>\nMark Weiser<\/p>\n<\/blockquote>\n<p style=\"font-weight: 400;\">Pour cet utilisateur d\u2019entreprise, la d\u00e9marche est inverse. C\u2019est \u00e0 force d\u2019utiliser l\u2019informatique connect\u00e9e (qui devient omnipr\u00e9sente, on y reviendra) que celle-ci finit par prendre corps, une fois qu\u2019elle a \u00e9t\u00e9 int\u00e9gr\u00e9e dans son quotidien au point de devenir transparente, comme l\u2019avait pressenti Mark Weiser.<\/p>\n<p style=\"font-weight: 400;\">Qui <a href=\"http:\/\/www.journaldunet.com\/economie\/industrie\/stylo-bic\/tonnelage-des-billes.shtml\">se soucie de la technologie n\u00e9cessaire pour fabriquer une pointe Bic aujourd\u2019hui\u00a0? Et pourtant, la production industrielle de billes de tungst\u00e8ne microscopiques qui permettent une \u00e9criture de haute qualit\u00e9 pendant des heures est certainement une prouesse technologique<\/a> de mise au point de machines et de processus industriels.<\/p>\n<p style=\"font-weight: 400;\">Mais cette technologie est devenue transparente et naturelle pour l\u2019utilisateur. L\u2019informatique convergente, quant \u00e0 elle, va encore mettre quelques ann\u00e9es \u00e0 le devenir. Ceci \u00e9tant, nous n\u2019en avons jamais \u00e9t\u00e9 aussi pr\u00e8s. Voici les cinq raisons qui expliquent ce ph\u00e9nom\u00e8ne.<\/p>\n<h3>5 raisons pour lesquelles la convergence IT et Telecom est le futur de l\u2019entreprise<\/h3>\n<ol>\n<li><strong>La familiarisation \u00e0 la convergence par l\u2019usage domestique\u00a0<\/strong>: au premier rang des raisons de l\u2019\u00e9volution des usages, on compte certainement la g\u00e9n\u00e9ralisation des usages convergents \u2013 sans que les utilisateurs connaissent forc\u00e9ment ce terme \u2013 au domicile. La sp\u00e9cificit\u00e9 du march\u00e9 fran\u00e7ais avec l\u2019importance des \u00ab\u00a0box\u00a0\u00bb (<a href=\"https:\/\/web.archive.org\/web\/20160523080306\/http:\/\/www.e-marketing.fr:80\/Thematique\/Medias-1006\/TV-Radio-10028\/Breves\/Television-connectee-un-fort-taux-d-equipement-mais-un-usage-limite-233436.htm\">68\u00a0% des t\u00e9l\u00e9spectateurs fran\u00e7ais disposent d\u2019un t\u00e9l\u00e9viseur connect\u00e9 sur Internet<\/a>) qui permettent de se connecter et de connecter tous ses appareils \u00e0 Internet a pouss\u00e9 l\u2019usage de la convergence de mani\u00e8re spectaculaire et transparente\u00a0: t\u00e9l\u00e9phonie et vid\u00e9o (TV) sur IP, Vid\u00e9o \u00e0 la demande, convergence fixe\/mobile, radio sur Internet, musique et films en streaming et en t\u00e9l\u00e9chargement l\u00e9gal sur Internet\u2026 <a href=\"https:\/\/www.sri-france.org\/2013\/02\/12\/etude-zentih-optimedia-la-france-reste-le-deuxieme-pays-connecte-smartphone-tablette-tv-connectee\/\">les usages sont nombreux et la France en 2016 \u00e9tait en t\u00eate de peloton<\/a>, devant la Norv\u00e8ge et le reste du monde. Alors que les innovations jusque dans le d\u00e9but des ann\u00e9es 90 se diffusaient essentiellement par l\u2019usage d\u2019entreprise pour se r\u00e9pandre ensuite dans le grand public, la r\u00e9alit\u00e9 d\u2019aujourd\u2019hui est invers\u00e9e. D\u2019autant plus que les cadres d\u2019aujourd\u2019hui n\u2019h\u00e9sitent pas \u00e0 rentrer chez eux ou \u00e0 s\u2019installer n\u2019importe o\u00f9 pour travailler\u00a0;<\/li>\n<li><strong>\u00a0Les tablettes (et les\u00a0phablettes)\u00a0<\/strong>: Les tablettes ont connu un v\u00e9ritable essor au milieu des ann\u00e9es 2010, m\u00eame si celui-ci s&rsquo;est un peu ralenti depuis. Elles ont \u00e9t\u00e9 depuis remplac\u00e9es partiellement par des phablettes, ces gros t\u00e9l\u00e9phones presque aussi grands que des iPad mini. Sous la pouss\u00e9e spontan\u00e9e du BYOD (ph\u00e9nom\u00e8ne d\u2019apport volontaire de mat\u00e9riel priv\u00e9 par les employ\u00e9s de l\u2019entreprise soit \u00ab\u00a0Bring Your Own Device\u00a0\u00bb en anglais, c\u2019est-\u00e0-dire \u00ab\u00a0Apportez Votre Propre Mat\u00e9riel\u00a0\u00bb), les cadres se sont empar\u00e9s de la mobilit\u00e9 totale au point de r\u00e9inventer \u2013 sur le terrain \u2013 le r\u00eave de Mark Weiser. Le pari improbable de Steve Jobs en 2010 au lancement de l\u2019iPad, s\u2019est r\u00e9v\u00e9l\u00e9 \u00eatre un pari gagnant, et il a \u00e9t\u00e9 \u00e0 l\u2019origine d\u2019un bouleversement des usages. Les professionnels, notamment de la vente, du marketing et aussi les techniciens, d\u00e9couvrent naturellement une nouvelle fa\u00e7on de travailler, plus libre et plus efficace\u2026 juste en ins\u00e9rant une puce 4G (ou 5G) dans leur tablette. L\u2019arriv\u00e9e dans l\u2019\u00e9t\u00e9 2014 de la suite Office de Microsoft sur toutes les plateformes mobiles (Android\/IOS et Windows) a d\u00e9finitivement chang\u00e9 les choses. Plus que quelques ann\u00e9es \u00e0 attendre et la vie des professionnels en mouvement (\u00e0 l\u2019int\u00e9rieur et l\u2019ext\u00e9rieur de l\u2019entreprise) va changer de fa\u00e7on fondamentale\u00a0;<\/li>\n<li><strong>La g\u00e9n\u00e9ralisation des tr\u00e8s hauts d\u00e9bits mobiles et la mont\u00e9e en charge vers la <\/strong><a href=\"http:\/\/www.zdnet.fr\/actualites\/4g-sfr-inaugure-son-reseau-a-toulon-39808181.htm\">4G+<\/a>\u00a0(puis la 5G, m\u00eame si cette derni\u00e8re ne rencontre qu&rsquo;un succ\u00e8s tr\u00e8s relatif en Europe) : c\u2019est devenu une quasi-banalit\u00e9, et pourtant <a href=\"http:\/\/groupenumericable.sfr.fr\/nous-connaitre\/groupe-numericable-sfr-en-bref\/11272014-2233-numericable-sfr-construisons-le-leader-francais-du-tres-haut-debit-fibre-et-mobile\">les investissements sont consid\u00e9rables<\/a>. Ces investissements ont permis d\u2019amener la t\u00e9l\u00e9phonie mobile \u00e0 des niveaux sans pr\u00e9c\u00e9dent. Il ne s\u2019agit pas seulement d\u2019une augmentation technique de capacit\u00e9, mais d\u2019un v\u00e9ritable changement de contexte. En acc\u00e9dant par la 4G \u00e0 des d\u00e9bits sid\u00e9raux, l\u2019utilisateur professionnel change de dimension, en \u00e9tant capable de donner une connexion mobile \u00e0 ses terminaux (portables ou mobiles) sup\u00e9rieure parfois \u00e0 celle disponible avec l\u2019acc\u00e8s filaire en entreprise (surtout lorsque celui-ci est mutualis\u00e9). Cette \u00e9volution radicale pousse \u00e0 la convergence et \u00e0 la fusion, surtout quand on la combine au ph\u00e9nom\u00e8ne des tablettes que nous avons d\u00e9crit pr\u00e9c\u00e9demment. Pas toujours, voire rarement, conscients de ces prouesses technologiques, les utilisateurs, de plus en plus exigeants (<a href=\"http:\/\/www.sfr.fr\/sfr-et-moi\/reseau-sfr\/4g\/couverture.html\">notamment en termes de couverture<\/a>), les incorporent naturellement dans leur mode de travail et adoptent la convergence sans m\u00eame savoir ce que celle-ci implique et recouvre, \u00e0 la mani\u00e8re de Monsieur Jourdain qui faisait de la prose sans le savoir\u00a0;<\/li>\n<li><strong>La maturation des usages\u00a0<\/strong>: pour que la technologie se fonde dans les usages, il faut que les utilisateurs pratiquent et int\u00e8grent ceux-ci dans leur vie quotidienne. Les smartphones dominent le march\u00e9 mondial des t\u00e9l\u00e9phones mobiles et se sont rapidement immisc\u00e9s dans la vie des professionnels fran\u00e7ais (<a href=\"https:\/\/www.statista.com\/topics\/5707\/smartphone-users-in-france\/#dossierContents__outerWrapper\">80% des mobiles en France<\/a>), qui les ont int\u00e9gr\u00e9s d\u2019abord pour les usages de base comme la messagerie \u00e9lectronique et la t\u00e9l\u00e9phonie, pour int\u00e9grer les acc\u00e8s aux syst\u00e8mes d\u2019information, la prise de commande et le support \u00e0 la vente (notamment depuis l\u2019am\u00e9lioration de l\u2019int\u00e9gration des suites bureautiques sur les plateformes mobiles), sans oublier la prise de rendez-vous, la gestion des contacts et les outils de r\u00e9seautage sociaux professionnels comme LinkedIn. <a href=\"https:\/\/visionarymarketing.com\/wp-content\/uploads\/2024\/02\/b2b-mobile-use-infographic.jpg\">L\u2019utilisation des tablettes dans l\u2019environnement professionnel a d\u00e9pass\u00e9 celui des PC d\u00e8s 2015<\/a> au Royaume-Uni<a href=\"applewebdata:\/\/F3AE1FD7-91D1-4E4C-BE3D-9D351DCE44CC#_ftn1\" name=\"_ftnref1\"> [1]<\/a>, avec <a href=\"https:\/\/visionarymarketing.com\/wp-content\/uploads\/2024\/02\/b2b-mobile-use-infographic.jpg\">des usages de plus en plus vari\u00e9s et complets<\/a>;<\/li>\n<li><strong>Les packages des op\u00e9rateurs\u00a0<\/strong>: <a href=\"https:\/\/www.sfrbusiness.fr\/telephoner\/telephonie-fixe-convergente\/pack-business-entreprise\/\">la modification rapide des offres des op\u00e9rateurs est, elle aussi, un \u00e9l\u00e9ment important de changement des usages<\/a>, car elle permet aux utilisateurs, notamment dans les petites entreprises, de s\u2019\u00e9quiper des outils des grandes entreprises, \u00e0 des tarifs rendus abordables par le cloud computing, sans avoir \u00e0 g\u00e9rer la complexit\u00e9 d\u2019une infrastructure en propre. Le regroupement de fonctionnalit\u00e9s de mobilit\u00e9 avanc\u00e9es gr\u00e2ce \u00e0 la convergence fixe mobile et informatique permet d\u2019accompagner une \u00e9volution du monde du travail qui est radicale et qui n\u2019a pas fini de surprendre les observateurs du monde de l\u2019entreprise dans les ann\u00e9es qui viennent\u00a0: \u00a0d\u00e8s 2015 d\u00e9j\u00e0 35\u00a0% des Am\u00e9ricains \u00e9taient des travailleurs \u00e0 distance (le terme de t\u00e9l\u00e9travail est simple \u00e0 retenir, mais recouvre une r\u00e9alit\u00e9 tr\u00e8s vari\u00e9e, on devrait plut\u00f4t parler de travailleurs mobiles), la France avait quant \u00e0 elle d\u00e9j\u00e0 atteint un taux de 20\u00a0% de ses 20 millions d\u2019actifs<a href=\"applewebdata:\/\/F3AE1FD7-91D1-4E4C-BE3D-9D351DCE44CC#_ftn2\" name=\"_ftnref2\"> [2]<\/a>\u00a0et on conna\u00eet le <a href=\"https:\/\/visionarymarketing.com\/fr\/2020\/03\/teletravail-confinement\/\">d\u00e9veloppement de cette pratique avec le Covid<\/a> . Si l\u2019on retranche les 6 millions de serviteurs de l\u2019\u00c9tat o\u00f9 la pratique de ces nouveaux modes de travail est proche de z\u00e9ro, ce chiffre corrig\u00e9 devient 35\u00a0%. Mais en 2012, <a href=\"http:\/\/bit.ly\/lebtravail\">le rapport Lebreton, remis au gouvernement \u00e0 la ministre de l\u2019\u00e9galit\u00e9 des territoires<\/a> d\u2019alors, pr\u00e9voyait qu\u2019en 2022, soit 10 ans \u00e0 peine apr\u00e8s le d\u00e9p\u00f4t de ce rapport, la proportion de t\u00e9l\u00e9travailleurs fran\u00e7ais serait port\u00e9e \u00e0 50\u00a0%. En 2021, la r\u00e9alit\u00e9 est bien en retrait par rapport \u00e0 ce chiffre (<a href=\"https:\/\/www.insee.fr\/fr\/statistiques\/6209490\">20% selon l&rsquo;Insee<\/a>) mais ici encore cela d\u00e9pend de ce que l&rsquo;on mesure.\u00a0Cette \u00e9volution brutale des modes de travail est avant tout le r\u00e9sultat de la rencontre entre u n besoin net des entreprises de changer l\u2019entreprise \u2013 pour des raisons de gains de productivit\u00e9 \u2013 et une demande forte de la part des employ\u00e9s en termes de souplesse et d\u2019\u00e9quilibre vie professionnelle\/vie personnelle. Il ne faudrait cependant pas minimiser l\u2019importance de la convergence dans cette \u00e9volution. Nous sommes bien loin des d\u00e9buts h\u00e9sitants de la communication unifi\u00e9e du milieu des ann\u00e9es 90.<\/li>\n<\/ol>\n<h3>Un usage plus important que le concept<\/h3>\n<p style=\"font-weight: 400;\">En somme, Mark Weiser avait vu juste, mais le dynamisme de l\u2019usage de la convergence est certainement plus fort que le concept qui lui a donn\u00e9 naissance. Ce sont les utilisateurs, notamment dans le milieu professionnel, mais aussi par leur usage personnel de tous les jours (la fronti\u00e8re est de plus en plus floue), qui se sont appropri\u00e9 la convergence num\u00e9rique et qui en feront un succ\u00e8s qui nous occupera dans les 10 prochaines ann\u00e9es. Au point d\u2019en r\u00e9inventer l\u2019entreprise, nous n&rsquo;avons encore rien vu.<\/p>\n<p><a href=\"applewebdata:\/\/F3AE1FD7-91D1-4E4C-BE3D-9D351DCE44CC#_ftnref1\" name=\"_ftn1\">[1]<\/a> Selon la soci\u00e9t\u00e9 de conseil Marketing britannique Concep <a href=\"http:\/\/concep.com\/\">http:\/\/concep.com<\/a><\/p>\n<p><a href=\"applewebdata:\/\/F3AE1FD7-91D1-4E4C-BE3D-9D351DCE44CC#_ftnref2\" name=\"_ftn2\">[2]<\/a> sources\u00a0: <a href=\"http:\/\/zevillage.net\/categories\/teletravail\/\">Zevillage.net<\/a> observatoire fran\u00e7ais du travail \u00e0 distance<\/p>\n<p><a href=\"https:\/\/web.archive.org\/web\/20201127031649\/http:\/\/room.sfrbusinessteam.fr\/article\/entreprise-reinventee-convergence-communications\" target=\"_blank\" rel=\"noopener\">Source du billet original<\/a> (r\u00e9\u00e9crit entretemps) : <em>L\u2019entreprise r\u00e9invent\u00e9e par la convergence des communications<\/em><\/p>\n<figure id=\"attachment_69311\" aria-describedby=\"caption-attachment-69311\" style=\"width: 850px\" class=\"wp-caption aligncenter\"><img decoding=\"async\" class=\"wp-image-69311 size-full\" src=\"https:\/\/visionarymarketing.com\/wp-content\/uploads\/2022\/06\/sfr-business-infographie-congergence-historique-151110113811-lva1-app6892.jpg\" alt=\"Convergence IT Telecom\" width=\"850\" height=\"3143\" \/><figcaption id=\"caption-attachment-69311\" class=\"wp-caption-text\"><a href=\"https:\/\/visionarymarketing.com\/wp-content\/uploads\/2022\/06\/sfr-business-infographie-congergence-historique-151110113811-lva1-app6892.pdf\" target=\"_blank\" rel=\"noopener\">T\u00e9l\u00e9charger l&rsquo;infographie<\/a> sur la convergence IT et Telecom<\/figcaption><\/figure>\n<p>&nbsp;<\/p>\n<div style=\"margin-bottom: 5px;\"><strong> <a title=\"[Fr] histoire de la convergence de l'IT et des t\u00e9l\u00e9coms\" href=\"\/\/www.slideshare.net\/ygourven\/fr-histoire-de-la-convergence-de-lit-et-des-tlcoms\" target=\"_blank\" rel=\"noopener noreferrer\">[Fr] histoire de la <\/a>convergence de l&rsquo;IT et telecom\u00a0<\/strong>par\u00a0<strong><a href=\"\/\/www.slideshare.net\/ygourven\" target=\"_blank\" rel=\"noopener noreferrer\">Yann Gourvennec<\/a><\/strong><\/div>\n<div itemscope itemtype=\"http:\/\/schema.org\/AudioObject\"><meta itemprop=\"name\" content=\"Convergence IT et Telecom : l&amp;rsquo;innovation qui a transform\u00e9 l&amp;rsquo;entreprise\" \/><meta itemprop=\"uploadDate\" content=\"2022-06-01T07:30:33+02:00\" \/><meta itemprop=\"encodingFormat\" content=\"audio\/mpeg\" \/><meta itemprop=\"duration\" content=\"PT17M49S\" \/><meta itemprop=\"description\" content=\"Il y a quelques ann\u00e9es, nous avions \u00e9crit une\u00a0histoire de la convergence IT et Telecom\u00a0publi\u00e9e sur le blog de notre client SFR Business Team, que je red\u00e9couvre avec son infographie (ci-dessous). Cette convergence entre IT et Telecom est sans doute un...\" \/><meta itemprop=\"contentUrl\" content=\"https:\/\/media.blubrry.com\/visionarymarketing_les\/agence.visionarymarketing.com\/files\/podcasts\/2022-06-01-convergence-IT-Telecom.mp3\" \/><meta itemprop=\"contentSize\" content=\"9.4\" \/><div class=\"powerpress_player\" id=\"powerpress_player_973\"><audio class=\"wp-audio-shortcode\" id=\"audio-69296-1\" preload=\"none\" style=\"width: 100%;\" controls=\"controls\"><source type=\"audio\/mpeg\" src=\"https:\/\/media.blubrry.com\/visionarymarketing_les\/agence.visionarymarketing.com\/files\/podcasts\/2022-06-01-convergence-IT-Telecom.mp3?_=1\" \/><a href=\"https:\/\/media.blubrry.com\/visionarymarketing_les\/agence.visionarymarketing.com\/files\/podcasts\/2022-06-01-convergence-IT-Telecom.mp3\">https:\/\/media.blubrry.com\/visionarymarketing_les\/agence.visionarymarketing.com\/files\/podcasts\/2022-06-01-convergence-IT-Telecom.mp3<\/a><\/audio><\/div><\/div><p class=\"powerpress_links powerpress_links_mp3\" style=\"margin-bottom: 1px !important;\">Podcast: <a href=\"https:\/\/media.blubrry.com\/visionarymarketing_les\/agence.visionarymarketing.com\/files\/podcasts\/2022-06-01-convergence-IT-Telecom.mp3\" class=\"powerpress_link_pinw\" target=\"_blank\" title=\"Play in new window\" onclick=\"return powerpress_pinw('https:\/\/visionarymarketing.com\/fr\/\/?powerpress_pinw=69296-podcast');\" rel=\"nofollow\">Play in new window<\/a> | <a href=\"https:\/\/media.blubrry.com\/visionarymarketing_les\/agence.visionarymarketing.com\/files\/podcasts\/2022-06-01-convergence-IT-Telecom.mp3\" class=\"powerpress_link_d\" title=\"Download\" rel=\"nofollow\" download=\"2022-06-01-convergence-IT-Telecom.mp3\">Download<\/a> (Duration: 17:49 &#8212; 9.4MB)<\/p><p class=\"powerpress_links powerpress_subscribe_links\">Subscribe: <a href=\"https:\/\/itunes.apple.com\/us\/podcast\/visionarymarketing-les-interviews\/id731295319?mt=2&amp;ls=1#episodeGuid=https%3A%2F%2Fvisionarymarketing.com%2F%3Fp%3D69296\" class=\"powerpress_link_subscribe powerpress_link_subscribe_itunes\" target=\"_blank\" title=\"Subscribe on Apple Podcasts\" rel=\"nofollow\">Apple Podcasts<\/a> | <a href=\"https:\/\/open.spotify.com\/show\/52VnZ1mhVSnDs4tQOx7Vuc\" class=\"powerpress_link_subscribe powerpress_link_subscribe_spotify\" target=\"_blank\" title=\"Subscribe on Spotify\" rel=\"nofollow\">Spotify<\/a> | <a href=\"https:\/\/subscribeonandroid.com\/visionarymarketing.com\/fr\/feed\/podcast\/\" class=\"powerpress_link_subscribe powerpress_link_subscribe_android\" target=\"_blank\" title=\"Subscribe on Android\" rel=\"nofollow\">Android<\/a> | <a href=\"https:\/\/visionarymarketing.com\/fr\/feed\/podcast\/\" class=\"powerpress_link_subscribe powerpress_link_subscribe_rss\" target=\"_blank\" title=\"Subscribe via RSS\" rel=\"nofollow\">RSS<\/a><\/p>","protected":false},"excerpt":{"rendered":"<p>Il y a quelques ann\u00e9es, nous avions \u00e9crit une\u00a0histoire de la convergence IT et Telecom\u00a0publi\u00e9e sur le blog de notre client SFR Business Team, que je red\u00e9couvre avec son infographie (ci-dessous). Cette convergence entre IT et Telecom est sans doute un des ph\u00e9nom\u00e8nes les plus int\u00e9ressants dans le panel de l\u2019innovation de ces derni\u00e8res ann\u00e9es. &hellip;<\/p>\n","protected":false},"author":2,"featured_media":69286,"comment_status":"open","ping_status":"open","sticky":false,"template":"","format":"standard","meta":{"footnotes":""},"categories":[4065],"tags":[],"class_list":["post-69296","post","type-post","status-publish","format-standard","has-post-thumbnail","hentry","category-it-du-futur-aujourdhui"],"yoast_head":"<!-- This site is optimized with the Yoast SEO plugin v27.5 - https:\/\/yoast.com\/product\/yoast-seo-wordpress\/ -->\n<title>Convergence IT et Telecom : l&#039;innovation qui a transform\u00e9 l&#039;entreprise<\/title>\n<meta name=\"description\" content=\"Si la convergence des domaines r\u00e9seaux et telecom et informatiques n\u2019est \u00e9vidente, elle s\u2019est n\u00e9anmoins impos\u00e9e ces derni\u00e8res ann\u00e9es\" \/>\n<meta name=\"robots\" content=\"index, follow, max-snippet:-1, max-image-preview:large, max-video-preview:-1\" \/>\n<link rel=\"canonical\" href=\"https:\/\/visionarymarketing.com\/fr\/2022\/06\/01\/convergence-it-et-telecom\/\" \/>\n<meta property=\"og:locale\" content=\"fr_FR\" \/>\n<meta property=\"og:type\" content=\"article\" \/>\n<meta property=\"og:title\" content=\"Convergence IT et Telecom : l&#039;innovation qui a transform\u00e9 l&#039;entreprise\" \/>\n<meta property=\"og:description\" content=\"Si la convergence des domaines r\u00e9seaux et telecom et informatiques n\u2019est \u00e9vidente, elle s\u2019est n\u00e9anmoins impos\u00e9e ces derni\u00e8res ann\u00e9es\" \/>\n<meta property=\"og:url\" content=\"https:\/\/visionarymarketing.com\/fr\/2022\/06\/01\/convergence-it-et-telecom\/\" \/>\n<meta property=\"og:site_name\" content=\"Marketing and Innovation\" \/>\n<meta property=\"article:publisher\" content=\"https:\/\/www.facebook.com\/vismktg\" \/>\n<meta property=\"article:author\" content=\"http:\/\/facebook.com\/ygourven\" \/>\n<meta property=\"article:published_time\" content=\"2022-06-01T05:30:33+00:00\" \/>\n<meta property=\"article:modified_time\" content=\"2024-07-11T12:50:14+00:00\" \/>\n<meta property=\"og:image\" content=\"https:\/\/visionarymarketing.com\/wp-content\/uploads\/2015\/11\/jumpstory-download20220601-050202.jpg\" \/>\n\t<meta property=\"og:image:width\" content=\"520\" \/>\n\t<meta property=\"og:image:height\" content=\"340\" \/>\n\t<meta property=\"og:image:type\" content=\"image\/jpeg\" \/>\n<meta name=\"author\" content=\"Yann Gourvennec\" \/>\n<meta name=\"twitter:card\" content=\"summary_large_image\" \/>\n<meta name=\"twitter:creator\" content=\"@ygourven\" \/>\n<meta name=\"twitter:site\" content=\"@ygourven\" \/>\n<meta name=\"twitter:label1\" content=\"\u00c9crit par\" \/>\n\t<meta name=\"twitter:data1\" content=\"Yann Gourvennec\" \/>\n\t<meta name=\"twitter:label2\" content=\"Dur\u00e9e de lecture estim\u00e9e\" \/>\n\t<meta name=\"twitter:data2\" content=\"15 minutes\" \/>\n<script type=\"application\/ld+json\" class=\"yoast-schema-graph\">{\"@context\":\"https:\\\/\\\/schema.org\",\"@graph\":[{\"@type\":\"NewsArticle\",\"@id\":\"https:\\\/\\\/visionarymarketing.com\\\/fr\\\/2022\\\/06\\\/01\\\/convergence-it-et-telecom\\\/#article\",\"isPartOf\":{\"@id\":\"https:\\\/\\\/visionarymarketing.com\\\/fr\\\/2022\\\/06\\\/01\\\/convergence-it-et-telecom\\\/\"},\"author\":{\"name\":\"Yann Gourvennec\",\"@id\":\"https:\\\/\\\/visionarymarketing.com\\\/fr\\\/#\\\/schema\\\/person\\\/3754fee1e558f47b8deb46f53c37423e\"},\"headline\":\"Convergence IT et Telecom : l&rsquo;innovation qui a transform\u00e9 l&rsquo;entreprise\",\"datePublished\":\"2022-06-01T05:30:33+00:00\",\"dateModified\":\"2024-07-11T12:50:14+00:00\",\"mainEntityOfPage\":{\"@id\":\"https:\\\/\\\/visionarymarketing.com\\\/fr\\\/2022\\\/06\\\/01\\\/convergence-it-et-telecom\\\/\"},\"wordCount\":3506,\"commentCount\":1,\"image\":{\"@id\":\"https:\\\/\\\/visionarymarketing.com\\\/fr\\\/2022\\\/06\\\/01\\\/convergence-it-et-telecom\\\/#primaryimage\"},\"thumbnailUrl\":\"https:\\\/\\\/visionarymarketing.com\\\/wp-content\\\/uploads\\\/2015\\\/11\\\/jumpstory-download20220601-050202.jpg\",\"articleSection\":[\"IT du futur aujourd'hui\"],\"inLanguage\":\"fr-FR\",\"potentialAction\":[{\"@type\":\"CommentAction\",\"name\":\"Comment\",\"target\":[\"https:\\\/\\\/visionarymarketing.com\\\/fr\\\/2022\\\/06\\\/01\\\/convergence-it-et-telecom\\\/#respond\"]}]},{\"@type\":\"WebPage\",\"@id\":\"https:\\\/\\\/visionarymarketing.com\\\/fr\\\/2022\\\/06\\\/01\\\/convergence-it-et-telecom\\\/\",\"url\":\"https:\\\/\\\/visionarymarketing.com\\\/fr\\\/2022\\\/06\\\/01\\\/convergence-it-et-telecom\\\/\",\"name\":\"Convergence IT et Telecom : l'innovation qui a transform\u00e9 l'entreprise\",\"isPartOf\":{\"@id\":\"https:\\\/\\\/visionarymarketing.com\\\/fr\\\/#website\"},\"primaryImageOfPage\":{\"@id\":\"https:\\\/\\\/visionarymarketing.com\\\/fr\\\/2022\\\/06\\\/01\\\/convergence-it-et-telecom\\\/#primaryimage\"},\"image\":{\"@id\":\"https:\\\/\\\/visionarymarketing.com\\\/fr\\\/2022\\\/06\\\/01\\\/convergence-it-et-telecom\\\/#primaryimage\"},\"thumbnailUrl\":\"https:\\\/\\\/visionarymarketing.com\\\/wp-content\\\/uploads\\\/2015\\\/11\\\/jumpstory-download20220601-050202.jpg\",\"datePublished\":\"2022-06-01T05:30:33+00:00\",\"dateModified\":\"2024-07-11T12:50:14+00:00\",\"author\":{\"@id\":\"https:\\\/\\\/visionarymarketing.com\\\/fr\\\/#\\\/schema\\\/person\\\/3754fee1e558f47b8deb46f53c37423e\"},\"description\":\"Si la convergence des domaines r\u00e9seaux et telecom et informatiques n\u2019est \u00e9vidente, elle s\u2019est n\u00e9anmoins impos\u00e9e ces derni\u00e8res ann\u00e9es\",\"breadcrumb\":{\"@id\":\"https:\\\/\\\/visionarymarketing.com\\\/fr\\\/2022\\\/06\\\/01\\\/convergence-it-et-telecom\\\/#breadcrumb\"},\"inLanguage\":\"fr-FR\",\"potentialAction\":[{\"@type\":\"ReadAction\",\"target\":[\"https:\\\/\\\/visionarymarketing.com\\\/fr\\\/2022\\\/06\\\/01\\\/convergence-it-et-telecom\\\/\"]}]},{\"@type\":\"ImageObject\",\"inLanguage\":\"fr-FR\",\"@id\":\"https:\\\/\\\/visionarymarketing.com\\\/fr\\\/2022\\\/06\\\/01\\\/convergence-it-et-telecom\\\/#primaryimage\",\"url\":\"https:\\\/\\\/visionarymarketing.com\\\/wp-content\\\/uploads\\\/2015\\\/11\\\/jumpstory-download20220601-050202.jpg\",\"contentUrl\":\"https:\\\/\\\/visionarymarketing.com\\\/wp-content\\\/uploads\\\/2015\\\/11\\\/jumpstory-download20220601-050202.jpg\",\"width\":520,\"height\":340,\"caption\":\"Convergence IT et Telecom\"},{\"@type\":\"BreadcrumbList\",\"@id\":\"https:\\\/\\\/visionarymarketing.com\\\/fr\\\/2022\\\/06\\\/01\\\/convergence-it-et-telecom\\\/#breadcrumb\",\"itemListElement\":[{\"@type\":\"ListItem\",\"position\":1,\"name\":\"Home\",\"item\":\"https:\\\/\\\/visionarymarketing.com\\\/fr\\\/\"},{\"@type\":\"ListItem\",\"position\":2,\"name\":\"Convergence IT et Telecom : l&#8217;innovation qui a transform\u00e9 l&#8217;entreprise\"}]},{\"@type\":\"WebSite\",\"@id\":\"https:\\\/\\\/visionarymarketing.com\\\/fr\\\/#website\",\"url\":\"https:\\\/\\\/visionarymarketing.com\\\/fr\\\/\",\"name\":\"Marketing and Innovation\",\"description\":\"Site d&#039;infos ind\u00e9pendant, depuis 1996\",\"potentialAction\":[{\"@type\":\"SearchAction\",\"target\":{\"@type\":\"EntryPoint\",\"urlTemplate\":\"https:\\\/\\\/visionarymarketing.com\\\/fr\\\/?s={search_term_string}\"},\"query-input\":{\"@type\":\"PropertyValueSpecification\",\"valueRequired\":true,\"valueName\":\"search_term_string\"}}],\"inLanguage\":\"fr-FR\"},{\"@type\":\"Person\",\"@id\":\"https:\\\/\\\/visionarymarketing.com\\\/fr\\\/#\\\/schema\\\/person\\\/3754fee1e558f47b8deb46f53c37423e\",\"name\":\"Yann Gourvennec\",\"image\":{\"@type\":\"ImageObject\",\"inLanguage\":\"fr-FR\",\"@id\":\"https:\\\/\\\/secure.gravatar.com\\\/avatar\\\/5972001801e8de5692a3e31224e85769f50a55fb8b679749f9c8d1868cceff14?s=96&d=initials&r=g&initials=yg\",\"url\":\"https:\\\/\\\/secure.gravatar.com\\\/avatar\\\/5972001801e8de5692a3e31224e85769f50a55fb8b679749f9c8d1868cceff14?s=96&d=initials&r=g&initials=yg\",\"contentUrl\":\"https:\\\/\\\/secure.gravatar.com\\\/avatar\\\/5972001801e8de5692a3e31224e85769f50a55fb8b679749f9c8d1868cceff14?s=96&d=initials&r=g&initials=yg\",\"caption\":\"Yann Gourvennec\"},\"description\":\"Yann Gourvennec created visionarymarketing.com in 1996. He is a speaker and author of many books. In 2014 he went from intrapreneur to entrepreneur, when he created his digital marketing agency. Yann Gourvennec a cr\u00e9\u00e9 visionarymarketing.com en 1996. Il est conf\u00e9rencier et auteur de plusieurs livres. En 2014, il est pass\u00e9 d'intrapreneur \u00e0 entrepreneur en cr\u00e9ant son agence de marketing num\u00e9rique.\",\"sameAs\":[\"https:\\\/\\\/visionarymarketing.com\",\"http:\\\/\\\/facebook.com\\\/ygourven\",\"http:\\\/\\\/linkedin.com\\\/in\\\/ygourven\",\"https:\\\/\\\/x.com\\\/ygourven\",\"https:\\\/\\\/www.youtube.com\\\/c\\\/visionarymarketingagency\"],\"url\":\"https:\\\/\\\/visionarymarketing.com\\\/fr\\\/author\\\/yann-gourvennec\\\/\"}]}<\/script>\n<!-- \/ Yoast SEO plugin. -->","yoast_head_json":{"title":"Convergence IT et Telecom : l'innovation qui a transform\u00e9 l'entreprise","description":"Si la convergence des domaines r\u00e9seaux et telecom et informatiques n\u2019est \u00e9vidente, elle s\u2019est n\u00e9anmoins impos\u00e9e ces derni\u00e8res ann\u00e9es","robots":{"index":"index","follow":"follow","max-snippet":"max-snippet:-1","max-image-preview":"max-image-preview:large","max-video-preview":"max-video-preview:-1"},"canonical":"https:\/\/visionarymarketing.com\/fr\/2022\/06\/01\/convergence-it-et-telecom\/","og_locale":"fr_FR","og_type":"article","og_title":"Convergence IT et Telecom : l'innovation qui a transform\u00e9 l'entreprise","og_description":"Si la convergence des domaines r\u00e9seaux et telecom et informatiques n\u2019est \u00e9vidente, elle s\u2019est n\u00e9anmoins impos\u00e9e ces derni\u00e8res ann\u00e9es","og_url":"https:\/\/visionarymarketing.com\/fr\/2022\/06\/01\/convergence-it-et-telecom\/","og_site_name":"Marketing and Innovation","article_publisher":"https:\/\/www.facebook.com\/vismktg","article_author":"http:\/\/facebook.com\/ygourven","article_published_time":"2022-06-01T05:30:33+00:00","article_modified_time":"2024-07-11T12:50:14+00:00","og_image":[{"width":520,"height":340,"url":"https:\/\/visionarymarketing.com\/wp-content\/uploads\/2015\/11\/jumpstory-download20220601-050202.jpg","type":"image\/jpeg"}],"author":"Yann Gourvennec","twitter_card":"summary_large_image","twitter_creator":"@ygourven","twitter_site":"@ygourven","twitter_misc":{"\u00c9crit par":"Yann Gourvennec","Dur\u00e9e de lecture estim\u00e9e":"15 minutes"},"schema":{"@context":"https:\/\/schema.org","@graph":[{"@type":"NewsArticle","@id":"https:\/\/visionarymarketing.com\/fr\/2022\/06\/01\/convergence-it-et-telecom\/#article","isPartOf":{"@id":"https:\/\/visionarymarketing.com\/fr\/2022\/06\/01\/convergence-it-et-telecom\/"},"author":{"name":"Yann Gourvennec","@id":"https:\/\/visionarymarketing.com\/fr\/#\/schema\/person\/3754fee1e558f47b8deb46f53c37423e"},"headline":"Convergence IT et Telecom : l&rsquo;innovation qui a transform\u00e9 l&rsquo;entreprise","datePublished":"2022-06-01T05:30:33+00:00","dateModified":"2024-07-11T12:50:14+00:00","mainEntityOfPage":{"@id":"https:\/\/visionarymarketing.com\/fr\/2022\/06\/01\/convergence-it-et-telecom\/"},"wordCount":3506,"commentCount":1,"image":{"@id":"https:\/\/visionarymarketing.com\/fr\/2022\/06\/01\/convergence-it-et-telecom\/#primaryimage"},"thumbnailUrl":"https:\/\/visionarymarketing.com\/wp-content\/uploads\/2015\/11\/jumpstory-download20220601-050202.jpg","articleSection":["IT du futur aujourd'hui"],"inLanguage":"fr-FR","potentialAction":[{"@type":"CommentAction","name":"Comment","target":["https:\/\/visionarymarketing.com\/fr\/2022\/06\/01\/convergence-it-et-telecom\/#respond"]}]},{"@type":"WebPage","@id":"https:\/\/visionarymarketing.com\/fr\/2022\/06\/01\/convergence-it-et-telecom\/","url":"https:\/\/visionarymarketing.com\/fr\/2022\/06\/01\/convergence-it-et-telecom\/","name":"Convergence IT et Telecom : l'innovation qui a transform\u00e9 l'entreprise","isPartOf":{"@id":"https:\/\/visionarymarketing.com\/fr\/#website"},"primaryImageOfPage":{"@id":"https:\/\/visionarymarketing.com\/fr\/2022\/06\/01\/convergence-it-et-telecom\/#primaryimage"},"image":{"@id":"https:\/\/visionarymarketing.com\/fr\/2022\/06\/01\/convergence-it-et-telecom\/#primaryimage"},"thumbnailUrl":"https:\/\/visionarymarketing.com\/wp-content\/uploads\/2015\/11\/jumpstory-download20220601-050202.jpg","datePublished":"2022-06-01T05:30:33+00:00","dateModified":"2024-07-11T12:50:14+00:00","author":{"@id":"https:\/\/visionarymarketing.com\/fr\/#\/schema\/person\/3754fee1e558f47b8deb46f53c37423e"},"description":"Si la convergence des domaines r\u00e9seaux et telecom et informatiques n\u2019est \u00e9vidente, elle s\u2019est n\u00e9anmoins impos\u00e9e ces derni\u00e8res ann\u00e9es","breadcrumb":{"@id":"https:\/\/visionarymarketing.com\/fr\/2022\/06\/01\/convergence-it-et-telecom\/#breadcrumb"},"inLanguage":"fr-FR","potentialAction":[{"@type":"ReadAction","target":["https:\/\/visionarymarketing.com\/fr\/2022\/06\/01\/convergence-it-et-telecom\/"]}]},{"@type":"ImageObject","inLanguage":"fr-FR","@id":"https:\/\/visionarymarketing.com\/fr\/2022\/06\/01\/convergence-it-et-telecom\/#primaryimage","url":"https:\/\/visionarymarketing.com\/wp-content\/uploads\/2015\/11\/jumpstory-download20220601-050202.jpg","contentUrl":"https:\/\/visionarymarketing.com\/wp-content\/uploads\/2015\/11\/jumpstory-download20220601-050202.jpg","width":520,"height":340,"caption":"Convergence IT et Telecom"},{"@type":"BreadcrumbList","@id":"https:\/\/visionarymarketing.com\/fr\/2022\/06\/01\/convergence-it-et-telecom\/#breadcrumb","itemListElement":[{"@type":"ListItem","position":1,"name":"Home","item":"https:\/\/visionarymarketing.com\/fr\/"},{"@type":"ListItem","position":2,"name":"Convergence IT et Telecom : l&#8217;innovation qui a transform\u00e9 l&#8217;entreprise"}]},{"@type":"WebSite","@id":"https:\/\/visionarymarketing.com\/fr\/#website","url":"https:\/\/visionarymarketing.com\/fr\/","name":"Marketing and Innovation","description":"Site d&#039;infos ind\u00e9pendant, depuis 1996","potentialAction":[{"@type":"SearchAction","target":{"@type":"EntryPoint","urlTemplate":"https:\/\/visionarymarketing.com\/fr\/?s={search_term_string}"},"query-input":{"@type":"PropertyValueSpecification","valueRequired":true,"valueName":"search_term_string"}}],"inLanguage":"fr-FR"},{"@type":"Person","@id":"https:\/\/visionarymarketing.com\/fr\/#\/schema\/person\/3754fee1e558f47b8deb46f53c37423e","name":"Yann Gourvennec","image":{"@type":"ImageObject","inLanguage":"fr-FR","@id":"https:\/\/secure.gravatar.com\/avatar\/5972001801e8de5692a3e31224e85769f50a55fb8b679749f9c8d1868cceff14?s=96&d=initials&r=g&initials=yg","url":"https:\/\/secure.gravatar.com\/avatar\/5972001801e8de5692a3e31224e85769f50a55fb8b679749f9c8d1868cceff14?s=96&d=initials&r=g&initials=yg","contentUrl":"https:\/\/secure.gravatar.com\/avatar\/5972001801e8de5692a3e31224e85769f50a55fb8b679749f9c8d1868cceff14?s=96&d=initials&r=g&initials=yg","caption":"Yann Gourvennec"},"description":"Yann Gourvennec created visionarymarketing.com in 1996. He is a speaker and author of many books. In 2014 he went from intrapreneur to entrepreneur, when he created his digital marketing agency. Yann Gourvennec a cr\u00e9\u00e9 visionarymarketing.com en 1996. Il est conf\u00e9rencier et auteur de plusieurs livres. En 2014, il est pass\u00e9 d'intrapreneur \u00e0 entrepreneur en cr\u00e9ant son agence de marketing num\u00e9rique.","sameAs":["https:\/\/visionarymarketing.com","http:\/\/facebook.com\/ygourven","http:\/\/linkedin.com\/in\/ygourven","https:\/\/x.com\/ygourven","https:\/\/www.youtube.com\/c\/visionarymarketingagency"],"url":"https:\/\/visionarymarketing.com\/fr\/author\/yann-gourvennec\/"}]}},"_links":{"self":[{"href":"https:\/\/visionarymarketing.com\/fr\/wp-json\/wp\/v2\/posts\/69296","targetHints":{"allow":["GET"]}}],"collection":[{"href":"https:\/\/visionarymarketing.com\/fr\/wp-json\/wp\/v2\/posts"}],"about":[{"href":"https:\/\/visionarymarketing.com\/fr\/wp-json\/wp\/v2\/types\/post"}],"author":[{"embeddable":true,"href":"https:\/\/visionarymarketing.com\/fr\/wp-json\/wp\/v2\/users\/2"}],"replies":[{"embeddable":true,"href":"https:\/\/visionarymarketing.com\/fr\/wp-json\/wp\/v2\/comments?post=69296"}],"version-history":[{"count":0,"href":"https:\/\/visionarymarketing.com\/fr\/wp-json\/wp\/v2\/posts\/69296\/revisions"}],"wp:featuredmedia":[{"embeddable":true,"href":"https:\/\/visionarymarketing.com\/fr\/wp-json\/wp\/v2\/media\/69286"}],"wp:attachment":[{"href":"https:\/\/visionarymarketing.com\/fr\/wp-json\/wp\/v2\/media?parent=69296"}],"wp:term":[{"taxonomy":"category","embeddable":true,"href":"https:\/\/visionarymarketing.com\/fr\/wp-json\/wp\/v2\/categories?post=69296"},{"taxonomy":"post_tag","embeddable":true,"href":"https:\/\/visionarymarketing.com\/fr\/wp-json\/wp\/v2\/tags?post=69296"}],"curies":[{"name":"wp","href":"https:\/\/api.w.org\/{rel}","templated":true}]}}