{"id":68537,"date":"2022-05-03T08:55:59","date_gmt":"2022-05-03T06:55:59","guid":{"rendered":"https:\/\/visionarymarketing.com\/?p=68537"},"modified":"2022-10-05T08:09:42","modified_gmt":"2022-10-05T06:09:42","slug":"impact-du-teletravail-2022","status":"publish","type":"post","link":"https:\/\/visionarymarketing.com\/fr\/2022\/05\/03\/impact-du-teletravail-2022\/","title":{"rendered":"Impact du t\u00e9l\u00e9travail : jusque 35% de m\u00e8tres carr\u00e9s lib\u00e9r\u00e9s"},"content":{"rendered":"<p><i>L&rsquo;impact de <a href=\"https:\/\/visionarymarketing.com\/fr\/2020\/03\/teletravail-confinement\/\">l&rsquo;essor du t\u00e9l\u00e9travail<\/a> sur les espaces de bureaux a \u00e9t\u00e9 tr\u00e8s net : jusque 35 % de surfaces gagn\u00e9es. De quoi acc\u00e9l\u00e9rer la tendance, largement ant\u00e9rieure \u00e0 la crise du Covid, de\u00a0la transformation des bureaux et des modes de travail. C&rsquo;est ce que nous explique\u00a0<\/i><a style=\"font-style: italic;\" href=\"https:\/\/www.linkedin.com\/in\/antoine-prettre-4bb22646\" target=\"_blank\" rel=\"noopener\">Antoine Prettre,<\/a><i>\u00a0directeur du d\u00e9partement r\u00e9alisation et conception du <\/i><a style=\"font-style: italic;\" href=\"https:\/\/www.groupe-global.fr\" target=\"_blank\" rel=\"noopener\">groupe Global<\/a><i>. Antoine travaille plus particuli\u00e8rement sur des si\u00e8ges sociaux, principalement sur l&rsquo;Ile-de-France. Son c\u0153ur de m\u00e9tier est l&rsquo;am\u00e9nagement d&rsquo;espaces tertiaires, particuli\u00e8rement pour des entreprises traditionnelles. De ce fait, son t\u00e9moignage, captur\u00e9 dans les\u00a0locaux de l&rsquo;entreprise \u00e0 Pantin, est particuli\u00e8rement int\u00e9ressant, car il nous d\u00e9barrasse du biais de l&rsquo;analyse de l&rsquo;impact du t\u00e9l\u00e9travail par les soci\u00e9t\u00e9s du secteur de la haute technologie.\u00a0<\/i><\/p>\n<p><span style=\"color: #222222; font-family: Lato, serif; font-size: 30px;\">Impact du t\u00e9l\u00e9travail et \u00e9volution des espaces de bureaux<\/span><\/p>\n<figure id=\"attachment_68573\" aria-describedby=\"caption-attachment-68573\" style=\"width: 519px\" class=\"wp-caption aligncenter\"><img decoding=\"async\" class=\"size-full wp-image-68573\" src=\"https:\/\/visionarymarketing.com\/wp-content\/uploads\/2022\/05\/impact-du-teletravail-jumpstory-download20220503-063141-e1651559635127.jpg\" alt=\"impact-du-teletravail\" width=\"519\" height=\"340\" srcset=\"https:\/\/visionarymarketing.com\/wp-content\/uploads\/2022\/05\/impact-du-teletravail-jumpstory-download20220503-063141-e1651559635127.jpg 519w, https:\/\/visionarymarketing.com\/wp-content\/uploads\/2022\/05\/impact-du-teletravail-jumpstory-download20220503-063141-e1651559635127-458x300.jpg 458w\" sizes=\"(max-width: 519px) 100vw, 519px\" \/><figcaption id=\"caption-attachment-68573\" class=\"wp-caption-text\">L&rsquo;impact du t\u00e9l\u00e9travail sur les espaces de bureaux a \u00e9t\u00e9 tr\u00e8s net : jusque 35 % de surfaces gagn\u00e9es. Cela a acc\u00e9l\u00e9r\u00e9 la tendance, d\u00e9j\u00e0 largement entam\u00e9e, de la transformation des bureaux et des modes de travail.<\/figcaption><\/figure>\n<p><!--more--><\/p>\n<h3>La nouvelle situation a un fort impact sur l&rsquo;\u00e9volution des espaces de travail<\/h3>\n<p>L&rsquo;am\u00e9nagement d&rsquo;espaces de bureaux a \u00e9norm\u00e9ment \u00e9volu\u00e9 ces derni\u00e8res ann\u00e9es, et la crise du Covid a acc\u00e9l\u00e9r\u00e9 cette transformation.<\/p>\n<blockquote class=\"quote-light\"><p>Le t\u00e9l\u00e9travail g\u00e9n\u00e8re entre 15 et 35\u00a0% d&rsquo;\u00e9conomies de surface<\/p><\/blockquote>\n<figure id=\"attachment_68552\" aria-describedby=\"caption-attachment-68552\" style=\"width: 1280px\" class=\"wp-caption alignright\"><img decoding=\"async\" class=\"wp-image-68552 size-full\" src=\"https:\/\/visionarymarketing.com\/wp-content\/uploads\/2022\/05\/jumpstory-download20220502-144733.jpg\" alt=\"\u00e9volution des espaces de bureaux\" width=\"1280\" height=\"853\" srcset=\"https:\/\/visionarymarketing.com\/wp-content\/uploads\/2022\/05\/jumpstory-download20220502-144733.jpg 1280w, https:\/\/visionarymarketing.com\/wp-content\/uploads\/2022\/05\/jumpstory-download20220502-144733-450x300.jpg 450w, https:\/\/visionarymarketing.com\/wp-content\/uploads\/2022\/05\/jumpstory-download20220502-144733-1024x682.jpg 1024w, https:\/\/visionarymarketing.com\/wp-content\/uploads\/2022\/05\/jumpstory-download20220502-144733-768x512.jpg 768w\" sizes=\"(max-width: 1280px) 100vw, 1280px\" \/><figcaption id=\"caption-attachment-68552\" class=\"wp-caption-text\">L&rsquo;am\u00e9nagement d&rsquo;espaces de bureaux s&rsquo;est \u00e9loign\u00e9 de la r\u00e8gle o\u00f9 \u00ab\u00a0un espace correspond \u00e0 une seule fonction\u00a0\u00bb a expliqu\u00e9 Antoine Prettre<\/figcaption><\/figure>\n<p><!--more-->Ces espaces \u00e9conomis\u00e9s vont \u00eatre d\u00e9di\u00e9s \u00e0 d&rsquo;autres activit\u00e9s, am\u00e8neront les entreprises \u00e0 d\u00e9m\u00e9nager ou \u00e0 travailler sur d&rsquo;autres sujets.<\/p>\n<p><iframe title=\"[Fr] L&#039;\u00e9volution des espaces de travail avec Antoine Prettre - Groupe Global\" width=\"500\" height=\"281\" src=\"https:\/\/www.youtube.com\/embed\/fjM3NIxl4-A?feature=oembed\" frameborder=\"0\" allow=\"accelerometer; autoplay; clipboard-write; encrypted-media; gyroscope; picture-in-picture; web-share\" referrerpolicy=\"strict-origin-when-cross-origin\" allowfullscreen><\/iframe><\/p>\n<p>\u00ab\u00a0Les bureaux tr\u00e8s classiques, o\u00f9 un espace r\u00e9pond \u00e0 une fonction et o\u00f9 on se cantonne \u00e0 quelques espaces, le bureau, la r\u00e9union ou la circulation, se sont compl\u00e8tement transform\u00e9s\u00a0\u00bb nous explique Antoine.<\/p>\n<blockquote class=\"quote-light\"><p>On tend maintenant \u00e0 couper la journ\u00e9e en diff\u00e9rentes t\u00e2ches et on va cr\u00e9er autant d&rsquo;espaces que de t\u00e2ches dans une m\u00eame journ\u00e9e<\/p><\/blockquote>\n<p>L&rsquo;apparition du <a href=\"https:\/\/www.ameublement.com\/article\/le-marche-francais-du-mobilier-contract-en-2021\" target=\"_blank\" rel=\"noopener\">mobilier Contract<\/a> (mobilier cr\u00e9\u00e9 sp\u00e9cifiquement pour les lieux \u00e0 usage collectif, priv\u00e9s ou publics) a amen\u00e9 l&rsquo;habitat dans l&rsquo;espace bureaux. Cela s&rsquo;est tr\u00e8s vite acc\u00e9l\u00e9r\u00e9. Le temps o\u00f9 le bureau \u00e9tait un lieu triste peupl\u00e9 d&rsquo;armoires grises est bel et bien r\u00e9volu.<\/p>\n<figure id=\"attachment_68577\" aria-describedby=\"caption-attachment-68577\" style=\"width: 850px\" class=\"wp-caption aligncenter\"><img decoding=\"async\" class=\"size-full wp-image-68577\" src=\"https:\/\/visionarymarketing.com\/wp-content\/uploads\/2022\/05\/screenshot-2022-04-30-at-212014-e1651560136734.png\" alt=\"impact du t\u00e9l\u00e9travail\" width=\"850\" height=\"707\" \/><figcaption id=\"caption-attachment-68577\" class=\"wp-caption-text\">Le mobilier contract <a href=\"https:\/\/www.meubles-poubeau.com\/contract.html\" target=\"_blank\" rel=\"noopener\">selon la maison Poubeau<\/a> \u00e0 Bourges<\/figcaption><\/figure>\n<p>Le <strong>mobilier Contract<\/strong> a peu \u00e0 peu envahi les bureaux, et cette p\u00e9riode post Covid a compl\u00e8tement act\u00e9 la fusion des tendances venues de l&rsquo;habitat et des am\u00e9nagements de bureaux.<\/p>\n<p>\u00ab\u00a0L&rsquo;h\u00f4tellerie est compl\u00e8tement dans l&rsquo;espace de bureaux\u00a0\u00bb explique Antoine, on<strong> am\u00e9nage d\u00e9sormais les espaces de travail comme on am\u00e9nagerait un h\u00f4tel ou une maison<\/strong>.<\/p>\n<blockquote class=\"quote-light\"><p>Il est extraordinaire pour les architectes de pouvoir d\u00e9velopper des espaces qui m\u00e9langent habitat et \u00a0bureaux<\/p><\/blockquote>\n<h3>Les fournisseurs de mobilier de bureaux s&rsquo;adaptent<\/h3>\n<p>\u00ab\u00a0Ils savent tous faire \u00e9voluer leur gamme plus ou moins vite\u00a0\u00bb ajoute Antoine.<\/p>\n<blockquote class=\"quote-light\"><p>On ne fait plus d&rsquo;am\u00e9nagement de bureau sans se poser la question : \u00ab\u00a0quel est le mobilier qu&rsquo;on va mettre en place ?\u00a0\u00bb<\/p><\/blockquote>\n<h3>Les tendances de styles<\/h3>\n<p>C\u00f4t\u00e9 style, le mobilier su\u00e9dois fabriqu\u00e9 en Chine a moins le vent en poupe selon l&rsquo;expert du groupe Global.<\/p>\n<p>\u00ab\u00a0Nous travaillons essentiellement avec du mobilier europ\u00e9en, fran\u00e7ais de pr\u00e9f\u00e9rence, pour r\u00e9pondre aux attentes du client : le chin\u00e9, le bobo, le nordique, permettent d&rsquo;aller choisir dans toutes les gammes de mobilier\u00a0\u00bb d\u00e9veloppe-t-il.<\/p>\n<figure id=\"attachment_68578\" aria-describedby=\"caption-attachment-68578\" style=\"width: 850px\" class=\"wp-caption aligncenter\"><img decoding=\"async\" class=\"wp-image-68578 size-full\" src=\"https:\/\/visionarymarketing.com\/wp-content\/uploads\/2022\/05\/dizy-design-les-confettis-e1651560542121.jpg\" alt=\"impact du t\u00e9l\u00e9travail\" width=\"850\" height=\"413\" \/><figcaption id=\"caption-attachment-68578\" class=\"wp-caption-text\">Les meubles du fabricant fran\u00e7ais Dizy \u2014\u00a0qui \u00e9quipent les bureaux de Visionary Marketing \u2014 sont labellis\u00e9s \u00e9coresponsables et fabriqu\u00e9s en France \u00e0 partir de bois majoritairement sourc\u00e9s localement. On notera la fusion entre le style des meubles pour le t\u00e9l\u00e9travail et ceux qui sont r\u00e9alis\u00e9s pour les espaces de bureau<\/figcaption><\/figure>\n<p>Prenons quelques exemples de secteurs et leurs diff\u00e9rents besoins en mati\u00e8re d&rsquo;am\u00e9nagement de bureaux.<\/p>\n<p>Les <strong>avocats<\/strong>, par exemple, ont besoin d&rsquo;avoir de grands bureaux isol\u00e9s acoustiquement, pour des notions de confidentialit\u00e9. Malgr\u00e9 tout, ils se posent la question de transformer une partie de leur espace sur des lieux plus communs, qui invitent \u00e0 l&rsquo;\u00e9change et ram\u00e8nent les collaborateurs au bureau.<\/p>\n<p>Les <strong>assureurs<\/strong> ont une approche de l&rsquo;espace compl\u00e8tement oppos\u00e9e \u00e0 celle des avocats, avec de grands services au sein de grands open spaces. Ils ne se posent pas du tout les m\u00eames questions.<\/p>\n<p>L&rsquo;espace va \u00eatre am\u00e9nag\u00e9 de mani\u00e8re tr\u00e8s ouverte, mais avec des petits lieux informels invitant \u00e0 se rencontrer et \u00e0 \u00e9changer, tout\u00a0en servant de s\u00e9paration des diff\u00e9rents espaces.<\/p>\n<blockquote class=\"quote-light\"><p>Les open spaces qui r\u00e9unissaient 80 personnes sur un m\u00eame lieu sont aujourd&rsquo;hui inconcevables<\/p><\/blockquote>\n<p>On se limite maintenant \u00e0 une dizaine ou une quinzaine de personnes maximum, tout en utilisant des espaces de r\u00e9unions ou des espaces informels pour diviser l&rsquo;espace.<\/p>\n<figure id=\"attachment_68579\" aria-describedby=\"caption-attachment-68579\" style=\"width: 850px\" class=\"wp-caption aligncenter\"><img decoding=\"async\" class=\"wp-image-68579 size-full\" src=\"https:\/\/visionarymarketing.com\/wp-content\/uploads\/2022\/05\/jumpstory-download20220502-065202-e1651560723970.jpg\" alt=\"\" width=\"850\" height=\"567\" \/><figcaption id=\"caption-attachment-68579\" class=\"wp-caption-text\">Les open spaces qui r\u00e9unissaient 80 personnes sur un m\u00eame lieu sont aujourd&rsquo;hui inconcevables<\/figcaption><\/figure>\n<p>Les secteurs o\u00f9 le personnel est\u00a0<strong><a href=\"https:\/\/visionarymarketing.com\/fr\/2016\/04\/teletravail-quoi-combien-polemique\/\">nomade<\/a>,<\/strong>\u00a0avec des \u00e9quipes souvent amen\u00e9es \u00e0 \u00eatre \u00e0 distance de l&rsquo;espace de travail, essayent maintenant de faire se rencontrer tous les membres de l&rsquo;entreprise. Les entreprises de ces secteurs cr\u00e9ent des espaces communs qui invitent \u00e0 revenir au bureau. Elles cr\u00e9ent des espaces \u00ab\u00a0place du village\u00a0\u00bb par exemple, ou des espaces communs hybrides, qui ont la fonction de r\u00e9unir les gens au travail.<\/p>\n<figure id=\"attachment_20351\" aria-describedby=\"caption-attachment-20351\" style=\"width: 599px\" class=\"wp-caption aligncenter\"><a href=\"https:\/\/vismktg.info\/yoyos\"><img decoding=\"async\" class=\"wp-image-20351 size-full\" src=\"https:\/\/visionarymarketing.com\/wp-content\/uploads\/2016\/01\/le-marketing-de-la-grenouilleNewImage-7.png\" alt=\"\" width=\"599\" height=\"337\" srcset=\"https:\/\/visionarymarketing.com\/wp-content\/uploads\/2016\/01\/le-marketing-de-la-grenouilleNewImage-7.png 599w, https:\/\/visionarymarketing.com\/wp-content\/uploads\/2016\/01\/le-marketing-de-la-grenouilleNewImage-7-500x281.png 500w\" sizes=\"(max-width: 599px) 100vw, 599px\" \/><\/a><figcaption id=\"caption-attachment-20351\" class=\"wp-caption-text\"><a href=\"https:\/\/vismktg.info\/yoyos\" target=\"_blank\" rel=\"noopener\">Le rapport Star de l&rsquo;UE<\/a> (2006) d\u00e9crivait les diff\u00e9rents types de nomadisme. Des profils tr\u00e8s diff\u00e9rents qui ne sont pas sans rapport avec leurs besoins en termes d&rsquo;espaces de travail.<\/figcaption><\/figure>\n<p>Les espaces de bureau d\u00e9di\u00e9s aux <strong>si\u00e8ges sociaux, <\/strong>avec des entreprises qui se r\u00e9unissent au sein d&rsquo;un m\u00eame espace par les fusions qui arrivent tr\u00e8s r\u00e9guli\u00e8rement, ont \u00e9galement d\u00e9gag\u00e9 de la surface de bureaux de par le t\u00e9l\u00e9travail et le flex office.<\/p>\n<p>Ce secteur a tout int\u00e9r\u00eat \u00e0 regrouper les diff\u00e9rentes entreprises au sein d&rsquo;un m\u00eame espace, dans lequel on travaillera toujours \u00e0 r\u00e9pondre aux diff\u00e9rents besoins et \u00e0 optimiser la surface.<\/p>\n<h3>Un gain en flexibilit\u00e9<\/h3>\n<p>En conclusion, cette lib\u00e9ration d&rsquo;espaces de travail a donn\u00e9 une autre approche aux entreprises.<\/p>\n<blockquote class=\"quote-light\"><p>La crise est tout juste pass\u00e9e, mais les entreprises restent, gr\u00e2ce \u00e0 ces nouveaux am\u00e9nagements, beaucoup plus souples<\/p><\/blockquote>\n<p>Elles appr\u00e9hendent beaucoup plus simplement un flux de personnes qui viendraient ou qui ne viendraient plus au travail. L&rsquo;espace de travail a \u00e9t\u00e9 transform\u00e9 et la capacit\u00e9 \u00e0 s&rsquo;adapter est beaucoup plus forte.<\/p>\n<hr \/>\n<p><em>Le\u00a0<a href=\"https:\/\/www.salon-environnement-de-travail-achats.fr\" target=\"_blank\" rel=\"noopener\">Salon de l&rsquo;environnement de travail et des achats<\/a>, porte de Versailles, les 30, 31 mai et 1er juin, traitera du design, mobilier et am\u00e9nagement des espaces de travail, et ces sujets y feront l&rsquo;objet de nombreuses <a href=\"https:\/\/www.workspace-expo.com\/programmes\/tout-le-programme\" target=\"_blank\" rel=\"noopener\">conf\u00e9rences<\/a>\u00a0et notamment celle intitul\u00e9e : \u00ab\u00a0<a href=\"https:\/\/www.salon-environnement-de-travail-achats.fr\/tout-le-programme-2\" target=\"_blank\" rel=\"noopener\">\u00c0 quoi ressemblera le travail apr\u00e8s la pand\u00e9mie ?<\/a>\u00a0\u00bb\u00a0<\/em><\/p>\n<hr \/>\n<p>&nbsp;<\/p>\n<div itemscope itemtype=\"http:\/\/schema.org\/AudioObject\"><meta itemprop=\"name\" content=\"Impact du t\u00e9l\u00e9travail : jusque 35% de m\u00e8tres carr\u00e9s lib\u00e9r\u00e9s\" \/><meta itemprop=\"uploadDate\" content=\"2022-05-03T08:55:59+02:00\" \/><meta itemprop=\"encodingFormat\" content=\"audio\/mpeg\" \/><meta itemprop=\"duration\" content=\"PT6M28S\" \/><meta itemprop=\"description\" content=\"L&#039;impact de l&#039;essor du t\u00e9l\u00e9travail sur les espaces de bureaux a \u00e9t\u00e9 tr\u00e8s net : jusque 35 % de surfaces gagn\u00e9es. De quoi acc\u00e9l\u00e9rer la tendance, largement ant\u00e9rieure \u00e0 la crise du Covid, de\u00a0la transformation des bureaux et des modes de travail. C&#039;est c...\" \/><meta itemprop=\"contentUrl\" content=\"https:\/\/media.blubrry.com\/visionarymarketing_les\/agence.visionarymarketing.com\/files\/podcasts\/2022-05-03-A-Prettre-impact-teletravail.mp3\" \/><meta itemprop=\"contentSize\" content=\"9.1\" \/><div class=\"powerpress_player\" id=\"powerpress_player_5002\"><audio class=\"wp-audio-shortcode\" id=\"audio-68537-1\" preload=\"none\" style=\"width: 100%;\" controls=\"controls\"><source type=\"audio\/mpeg\" src=\"https:\/\/media.blubrry.com\/visionarymarketing_les\/agence.visionarymarketing.com\/files\/podcasts\/2022-05-03-A-Prettre-impact-teletravail.mp3?_=1\" \/><a href=\"https:\/\/media.blubrry.com\/visionarymarketing_les\/agence.visionarymarketing.com\/files\/podcasts\/2022-05-03-A-Prettre-impact-teletravail.mp3\">https:\/\/media.blubrry.com\/visionarymarketing_les\/agence.visionarymarketing.com\/files\/podcasts\/2022-05-03-A-Prettre-impact-teletravail.mp3<\/a><\/audio><\/div><\/div><p class=\"powerpress_links powerpress_links_mp3\" style=\"margin-bottom: 1px !important;\">Podcast: <a href=\"https:\/\/media.blubrry.com\/visionarymarketing_les\/agence.visionarymarketing.com\/files\/podcasts\/2022-05-03-A-Prettre-impact-teletravail.mp3\" class=\"powerpress_link_pinw\" target=\"_blank\" title=\"Play in new window\" onclick=\"return powerpress_pinw('https:\/\/visionarymarketing.com\/fr\/\/?powerpress_pinw=68537-podcast');\" rel=\"nofollow\">Play in new window<\/a> | <a href=\"https:\/\/media.blubrry.com\/visionarymarketing_les\/agence.visionarymarketing.com\/files\/podcasts\/2022-05-03-A-Prettre-impact-teletravail.mp3\" class=\"powerpress_link_d\" title=\"Download\" rel=\"nofollow\" download=\"2022-05-03-A-Prettre-impact-teletravail.mp3\">Download<\/a> (Duration: 6:28 &#8212; 9.1MB)<\/p><p class=\"powerpress_links powerpress_subscribe_links\">Subscribe: <a href=\"https:\/\/itunes.apple.com\/us\/podcast\/visionarymarketing-les-interviews\/id731295319?mt=2&amp;ls=1#episodeGuid=https%3A%2F%2Fvisionarymarketing.com%2F%3Fp%3D68537\" class=\"powerpress_link_subscribe powerpress_link_subscribe_itunes\" target=\"_blank\" title=\"Subscribe on Apple Podcasts\" rel=\"nofollow\">Apple Podcasts<\/a> | <a href=\"https:\/\/open.spotify.com\/show\/52VnZ1mhVSnDs4tQOx7Vuc\" class=\"powerpress_link_subscribe powerpress_link_subscribe_spotify\" target=\"_blank\" title=\"Subscribe on Spotify\" rel=\"nofollow\">Spotify<\/a> | <a href=\"https:\/\/subscribeonandroid.com\/visionarymarketing.com\/fr\/feed\/podcast\/\" class=\"powerpress_link_subscribe powerpress_link_subscribe_android\" target=\"_blank\" title=\"Subscribe on Android\" rel=\"nofollow\">Android<\/a> | <a href=\"https:\/\/visionarymarketing.com\/fr\/feed\/podcast\/\" class=\"powerpress_link_subscribe powerpress_link_subscribe_rss\" target=\"_blank\" title=\"Subscribe via RSS\" rel=\"nofollow\">RSS<\/a><\/p>","protected":false},"excerpt":{"rendered":"<p>L&rsquo;impact de l&rsquo;essor du t\u00e9l\u00e9travail sur les espaces de bureaux a \u00e9t\u00e9 tr\u00e8s net : jusque 35 % de surfaces gagn\u00e9es. De quoi acc\u00e9l\u00e9rer la tendance, largement ant\u00e9rieure \u00e0 la crise du Covid, de\u00a0la transformation des bureaux et des modes de travail. C&rsquo;est ce que nous explique\u00a0Antoine Prettre,\u00a0directeur du d\u00e9partement r\u00e9alisation et conception du groupe &hellip;<\/p>\n","protected":false},"author":2,"featured_media":68573,"comment_status":"open","ping_status":"open","sticky":false,"template":"","format":"standard","meta":{"footnotes":""},"categories":[10],"tags":[],"class_list":["post-68537","post","type-post","status-publish","format-standard","has-post-thumbnail","hentry","category-collaboration-et-teletravail"],"yoast_head":"<!-- This site is optimized with the Yoast SEO plugin v27.4 - https:\/\/yoast.com\/product\/yoast-seo-wordpress\/ -->\n<title>Impact du t\u00e9l\u00e9travail : jusque 35% de m\u00e8tres carr\u00e9s lib\u00e9r\u00e9s<\/title>\n<meta name=\"description\" content=\"L&#039;\u00e9volution des espaces de bureaux a connu une grande acc\u00e9l\u00e9ration par la crise du Covid, avec\u00a0Antoine Prettre du groupe Global\" \/>\n<meta name=\"robots\" content=\"index, follow, max-snippet:-1, max-image-preview:large, max-video-preview:-1\" \/>\n<link rel=\"canonical\" href=\"https:\/\/visionarymarketing.com\/fr\/2022\/05\/03\/impact-du-teletravail-2022\/\" \/>\n<meta property=\"og:locale\" content=\"fr_FR\" \/>\n<meta property=\"og:type\" content=\"article\" \/>\n<meta property=\"og:title\" content=\"Impact du t\u00e9l\u00e9travail : jusque 35% de m\u00e8tres carr\u00e9s lib\u00e9r\u00e9s\" \/>\n<meta property=\"og:description\" content=\"L&#039;\u00e9volution des espaces de bureaux a connu une grande acc\u00e9l\u00e9ration par la crise du Covid, avec\u00a0Antoine Prettre du groupe Global\" \/>\n<meta property=\"og:url\" content=\"https:\/\/visionarymarketing.com\/fr\/2022\/05\/03\/impact-du-teletravail-2022\/\" \/>\n<meta property=\"og:site_name\" content=\"Marketing and Innovation\" \/>\n<meta property=\"article:publisher\" content=\"https:\/\/www.facebook.com\/vismktg\" \/>\n<meta property=\"article:author\" content=\"http:\/\/facebook.com\/ygourven\" \/>\n<meta property=\"article:published_time\" content=\"2022-05-03T06:55:59+00:00\" \/>\n<meta property=\"article:modified_time\" content=\"2022-10-05T06:09:42+00:00\" \/>\n<meta property=\"og:image\" content=\"https:\/\/visionarymarketing.com\/wp-content\/uploads\/2022\/05\/impact-du-teletravail-jumpstory-download20220503-063141-e1651559635127.jpg\" \/>\n\t<meta property=\"og:image:width\" content=\"519\" \/>\n\t<meta property=\"og:image:height\" content=\"340\" \/>\n\t<meta property=\"og:image:type\" content=\"image\/jpeg\" \/>\n<meta name=\"author\" content=\"Yann Gourvennec\" \/>\n<meta name=\"twitter:card\" content=\"summary_large_image\" \/>\n<meta name=\"twitter:creator\" content=\"@ygourven\" \/>\n<meta name=\"twitter:site\" content=\"@ygourven\" \/>\n<meta name=\"twitter:label1\" content=\"\u00c9crit par\" \/>\n\t<meta name=\"twitter:data1\" content=\"Yann Gourvennec\" \/>\n\t<meta name=\"twitter:label2\" content=\"Dur\u00e9e de lecture estim\u00e9e\" \/>\n\t<meta name=\"twitter:data2\" content=\"6 minutes\" \/>\n<script type=\"application\/ld+json\" class=\"yoast-schema-graph\">{\"@context\":\"https:\\\/\\\/schema.org\",\"@graph\":[{\"@type\":\"NewsArticle\",\"@id\":\"https:\\\/\\\/visionarymarketing.com\\\/fr\\\/2022\\\/05\\\/03\\\/impact-du-teletravail-2022\\\/#article\",\"isPartOf\":{\"@id\":\"https:\\\/\\\/visionarymarketing.com\\\/fr\\\/2022\\\/05\\\/03\\\/impact-du-teletravail-2022\\\/\"},\"author\":{\"name\":\"Yann Gourvennec\",\"@id\":\"https:\\\/\\\/visionarymarketing.com\\\/fr\\\/#\\\/schema\\\/person\\\/3754fee1e558f47b8deb46f53c37423e\"},\"headline\":\"Impact du t\u00e9l\u00e9travail : jusque 35% de m\u00e8tres carr\u00e9s lib\u00e9r\u00e9s\",\"datePublished\":\"2022-05-03T06:55:59+00:00\",\"dateModified\":\"2022-10-05T06:09:42+00:00\",\"mainEntityOfPage\":{\"@id\":\"https:\\\/\\\/visionarymarketing.com\\\/fr\\\/2022\\\/05\\\/03\\\/impact-du-teletravail-2022\\\/\"},\"wordCount\":1270,\"commentCount\":3,\"image\":{\"@id\":\"https:\\\/\\\/visionarymarketing.com\\\/fr\\\/2022\\\/05\\\/03\\\/impact-du-teletravail-2022\\\/#primaryimage\"},\"thumbnailUrl\":\"https:\\\/\\\/visionarymarketing.com\\\/wp-content\\\/uploads\\\/2022\\\/05\\\/impact-du-teletravail-jumpstory-download20220503-063141-e1651559635127.jpg\",\"articleSection\":[\"collaboration \\\/ t\u00e9l\u00e9travail\"],\"inLanguage\":\"fr-FR\",\"potentialAction\":[{\"@type\":\"CommentAction\",\"name\":\"Comment\",\"target\":[\"https:\\\/\\\/visionarymarketing.com\\\/fr\\\/2022\\\/05\\\/03\\\/impact-du-teletravail-2022\\\/#respond\"]}]},{\"@type\":\"WebPage\",\"@id\":\"https:\\\/\\\/visionarymarketing.com\\\/fr\\\/2022\\\/05\\\/03\\\/impact-du-teletravail-2022\\\/\",\"url\":\"https:\\\/\\\/visionarymarketing.com\\\/fr\\\/2022\\\/05\\\/03\\\/impact-du-teletravail-2022\\\/\",\"name\":\"Impact du t\u00e9l\u00e9travail : jusque 35% de m\u00e8tres carr\u00e9s lib\u00e9r\u00e9s\",\"isPartOf\":{\"@id\":\"https:\\\/\\\/visionarymarketing.com\\\/fr\\\/#website\"},\"primaryImageOfPage\":{\"@id\":\"https:\\\/\\\/visionarymarketing.com\\\/fr\\\/2022\\\/05\\\/03\\\/impact-du-teletravail-2022\\\/#primaryimage\"},\"image\":{\"@id\":\"https:\\\/\\\/visionarymarketing.com\\\/fr\\\/2022\\\/05\\\/03\\\/impact-du-teletravail-2022\\\/#primaryimage\"},\"thumbnailUrl\":\"https:\\\/\\\/visionarymarketing.com\\\/wp-content\\\/uploads\\\/2022\\\/05\\\/impact-du-teletravail-jumpstory-download20220503-063141-e1651559635127.jpg\",\"datePublished\":\"2022-05-03T06:55:59+00:00\",\"dateModified\":\"2022-10-05T06:09:42+00:00\",\"author\":{\"@id\":\"https:\\\/\\\/visionarymarketing.com\\\/fr\\\/#\\\/schema\\\/person\\\/3754fee1e558f47b8deb46f53c37423e\"},\"description\":\"L'\u00e9volution des espaces de bureaux a connu une grande acc\u00e9l\u00e9ration par la crise du Covid, avec\u00a0Antoine Prettre du groupe Global\",\"breadcrumb\":{\"@id\":\"https:\\\/\\\/visionarymarketing.com\\\/fr\\\/2022\\\/05\\\/03\\\/impact-du-teletravail-2022\\\/#breadcrumb\"},\"inLanguage\":\"fr-FR\",\"potentialAction\":[{\"@type\":\"ReadAction\",\"target\":[\"https:\\\/\\\/visionarymarketing.com\\\/fr\\\/2022\\\/05\\\/03\\\/impact-du-teletravail-2022\\\/\"]}]},{\"@type\":\"ImageObject\",\"inLanguage\":\"fr-FR\",\"@id\":\"https:\\\/\\\/visionarymarketing.com\\\/fr\\\/2022\\\/05\\\/03\\\/impact-du-teletravail-2022\\\/#primaryimage\",\"url\":\"https:\\\/\\\/visionarymarketing.com\\\/wp-content\\\/uploads\\\/2022\\\/05\\\/impact-du-teletravail-jumpstory-download20220503-063141-e1651559635127.jpg\",\"contentUrl\":\"https:\\\/\\\/visionarymarketing.com\\\/wp-content\\\/uploads\\\/2022\\\/05\\\/impact-du-teletravail-jumpstory-download20220503-063141-e1651559635127.jpg\",\"width\":519,\"height\":340,\"caption\":\"impact-du-teletravail\"},{\"@type\":\"BreadcrumbList\",\"@id\":\"https:\\\/\\\/visionarymarketing.com\\\/fr\\\/2022\\\/05\\\/03\\\/impact-du-teletravail-2022\\\/#breadcrumb\",\"itemListElement\":[{\"@type\":\"ListItem\",\"position\":1,\"name\":\"Home\",\"item\":\"https:\\\/\\\/visionarymarketing.com\\\/fr\\\/\"},{\"@type\":\"ListItem\",\"position\":2,\"name\":\"Impact du t\u00e9l\u00e9travail : jusque 35% de m\u00e8tres carr\u00e9s lib\u00e9r\u00e9s\"}]},{\"@type\":\"WebSite\",\"@id\":\"https:\\\/\\\/visionarymarketing.com\\\/fr\\\/#website\",\"url\":\"https:\\\/\\\/visionarymarketing.com\\\/fr\\\/\",\"name\":\"Marketing and Innovation\",\"description\":\"Site d&#039;infos ind\u00e9pendant, depuis 1996\",\"potentialAction\":[{\"@type\":\"SearchAction\",\"target\":{\"@type\":\"EntryPoint\",\"urlTemplate\":\"https:\\\/\\\/visionarymarketing.com\\\/fr\\\/?s={search_term_string}\"},\"query-input\":{\"@type\":\"PropertyValueSpecification\",\"valueRequired\":true,\"valueName\":\"search_term_string\"}}],\"inLanguage\":\"fr-FR\"},{\"@type\":\"Person\",\"@id\":\"https:\\\/\\\/visionarymarketing.com\\\/fr\\\/#\\\/schema\\\/person\\\/3754fee1e558f47b8deb46f53c37423e\",\"name\":\"Yann Gourvennec\",\"image\":{\"@type\":\"ImageObject\",\"inLanguage\":\"fr-FR\",\"@id\":\"https:\\\/\\\/secure.gravatar.com\\\/avatar\\\/5972001801e8de5692a3e31224e85769f50a55fb8b679749f9c8d1868cceff14?s=96&d=initials&r=g&initials=yg\",\"url\":\"https:\\\/\\\/secure.gravatar.com\\\/avatar\\\/5972001801e8de5692a3e31224e85769f50a55fb8b679749f9c8d1868cceff14?s=96&d=initials&r=g&initials=yg\",\"contentUrl\":\"https:\\\/\\\/secure.gravatar.com\\\/avatar\\\/5972001801e8de5692a3e31224e85769f50a55fb8b679749f9c8d1868cceff14?s=96&d=initials&r=g&initials=yg\",\"caption\":\"Yann Gourvennec\"},\"description\":\"Yann Gourvennec created visionarymarketing.com in 1996. He is a speaker and author of many books. In 2014 he went from intrapreneur to entrepreneur, when he created his digital marketing agency. Yann Gourvennec a cr\u00e9\u00e9 visionarymarketing.com en 1996. Il est conf\u00e9rencier et auteur de plusieurs livres. En 2014, il est pass\u00e9 d'intrapreneur \u00e0 entrepreneur en cr\u00e9ant son agence de marketing num\u00e9rique.\",\"sameAs\":[\"https:\\\/\\\/visionarymarketing.com\",\"http:\\\/\\\/facebook.com\\\/ygourven\",\"http:\\\/\\\/linkedin.com\\\/in\\\/ygourven\",\"https:\\\/\\\/x.com\\\/ygourven\",\"https:\\\/\\\/www.youtube.com\\\/c\\\/visionarymarketingagency\"],\"url\":\"https:\\\/\\\/visionarymarketing.com\\\/fr\\\/author\\\/yann-gourvennec\\\/\"}]}<\/script>\n<!-- \/ Yoast SEO plugin. -->","yoast_head_json":{"title":"Impact du t\u00e9l\u00e9travail : jusque 35% de m\u00e8tres carr\u00e9s lib\u00e9r\u00e9s","description":"L'\u00e9volution des espaces de bureaux a connu une grande acc\u00e9l\u00e9ration par la crise du Covid, avec\u00a0Antoine Prettre du groupe Global","robots":{"index":"index","follow":"follow","max-snippet":"max-snippet:-1","max-image-preview":"max-image-preview:large","max-video-preview":"max-video-preview:-1"},"canonical":"https:\/\/visionarymarketing.com\/fr\/2022\/05\/03\/impact-du-teletravail-2022\/","og_locale":"fr_FR","og_type":"article","og_title":"Impact du t\u00e9l\u00e9travail : jusque 35% de m\u00e8tres carr\u00e9s lib\u00e9r\u00e9s","og_description":"L'\u00e9volution des espaces de bureaux a connu une grande acc\u00e9l\u00e9ration par la crise du Covid, avec\u00a0Antoine Prettre du groupe Global","og_url":"https:\/\/visionarymarketing.com\/fr\/2022\/05\/03\/impact-du-teletravail-2022\/","og_site_name":"Marketing and Innovation","article_publisher":"https:\/\/www.facebook.com\/vismktg","article_author":"http:\/\/facebook.com\/ygourven","article_published_time":"2022-05-03T06:55:59+00:00","article_modified_time":"2022-10-05T06:09:42+00:00","og_image":[{"width":519,"height":340,"url":"https:\/\/visionarymarketing.com\/wp-content\/uploads\/2022\/05\/impact-du-teletravail-jumpstory-download20220503-063141-e1651559635127.jpg","type":"image\/jpeg"}],"author":"Yann Gourvennec","twitter_card":"summary_large_image","twitter_creator":"@ygourven","twitter_site":"@ygourven","twitter_misc":{"\u00c9crit par":"Yann Gourvennec","Dur\u00e9e de lecture estim\u00e9e":"6 minutes"},"schema":{"@context":"https:\/\/schema.org","@graph":[{"@type":"NewsArticle","@id":"https:\/\/visionarymarketing.com\/fr\/2022\/05\/03\/impact-du-teletravail-2022\/#article","isPartOf":{"@id":"https:\/\/visionarymarketing.com\/fr\/2022\/05\/03\/impact-du-teletravail-2022\/"},"author":{"name":"Yann Gourvennec","@id":"https:\/\/visionarymarketing.com\/fr\/#\/schema\/person\/3754fee1e558f47b8deb46f53c37423e"},"headline":"Impact du t\u00e9l\u00e9travail : jusque 35% de m\u00e8tres carr\u00e9s lib\u00e9r\u00e9s","datePublished":"2022-05-03T06:55:59+00:00","dateModified":"2022-10-05T06:09:42+00:00","mainEntityOfPage":{"@id":"https:\/\/visionarymarketing.com\/fr\/2022\/05\/03\/impact-du-teletravail-2022\/"},"wordCount":1270,"commentCount":3,"image":{"@id":"https:\/\/visionarymarketing.com\/fr\/2022\/05\/03\/impact-du-teletravail-2022\/#primaryimage"},"thumbnailUrl":"https:\/\/visionarymarketing.com\/wp-content\/uploads\/2022\/05\/impact-du-teletravail-jumpstory-download20220503-063141-e1651559635127.jpg","articleSection":["collaboration \/ t\u00e9l\u00e9travail"],"inLanguage":"fr-FR","potentialAction":[{"@type":"CommentAction","name":"Comment","target":["https:\/\/visionarymarketing.com\/fr\/2022\/05\/03\/impact-du-teletravail-2022\/#respond"]}]},{"@type":"WebPage","@id":"https:\/\/visionarymarketing.com\/fr\/2022\/05\/03\/impact-du-teletravail-2022\/","url":"https:\/\/visionarymarketing.com\/fr\/2022\/05\/03\/impact-du-teletravail-2022\/","name":"Impact du t\u00e9l\u00e9travail : jusque 35% de m\u00e8tres carr\u00e9s lib\u00e9r\u00e9s","isPartOf":{"@id":"https:\/\/visionarymarketing.com\/fr\/#website"},"primaryImageOfPage":{"@id":"https:\/\/visionarymarketing.com\/fr\/2022\/05\/03\/impact-du-teletravail-2022\/#primaryimage"},"image":{"@id":"https:\/\/visionarymarketing.com\/fr\/2022\/05\/03\/impact-du-teletravail-2022\/#primaryimage"},"thumbnailUrl":"https:\/\/visionarymarketing.com\/wp-content\/uploads\/2022\/05\/impact-du-teletravail-jumpstory-download20220503-063141-e1651559635127.jpg","datePublished":"2022-05-03T06:55:59+00:00","dateModified":"2022-10-05T06:09:42+00:00","author":{"@id":"https:\/\/visionarymarketing.com\/fr\/#\/schema\/person\/3754fee1e558f47b8deb46f53c37423e"},"description":"L'\u00e9volution des espaces de bureaux a connu une grande acc\u00e9l\u00e9ration par la crise du Covid, avec\u00a0Antoine Prettre du groupe Global","breadcrumb":{"@id":"https:\/\/visionarymarketing.com\/fr\/2022\/05\/03\/impact-du-teletravail-2022\/#breadcrumb"},"inLanguage":"fr-FR","potentialAction":[{"@type":"ReadAction","target":["https:\/\/visionarymarketing.com\/fr\/2022\/05\/03\/impact-du-teletravail-2022\/"]}]},{"@type":"ImageObject","inLanguage":"fr-FR","@id":"https:\/\/visionarymarketing.com\/fr\/2022\/05\/03\/impact-du-teletravail-2022\/#primaryimage","url":"https:\/\/visionarymarketing.com\/wp-content\/uploads\/2022\/05\/impact-du-teletravail-jumpstory-download20220503-063141-e1651559635127.jpg","contentUrl":"https:\/\/visionarymarketing.com\/wp-content\/uploads\/2022\/05\/impact-du-teletravail-jumpstory-download20220503-063141-e1651559635127.jpg","width":519,"height":340,"caption":"impact-du-teletravail"},{"@type":"BreadcrumbList","@id":"https:\/\/visionarymarketing.com\/fr\/2022\/05\/03\/impact-du-teletravail-2022\/#breadcrumb","itemListElement":[{"@type":"ListItem","position":1,"name":"Home","item":"https:\/\/visionarymarketing.com\/fr\/"},{"@type":"ListItem","position":2,"name":"Impact du t\u00e9l\u00e9travail : jusque 35% de m\u00e8tres carr\u00e9s lib\u00e9r\u00e9s"}]},{"@type":"WebSite","@id":"https:\/\/visionarymarketing.com\/fr\/#website","url":"https:\/\/visionarymarketing.com\/fr\/","name":"Marketing and Innovation","description":"Site d&#039;infos ind\u00e9pendant, depuis 1996","potentialAction":[{"@type":"SearchAction","target":{"@type":"EntryPoint","urlTemplate":"https:\/\/visionarymarketing.com\/fr\/?s={search_term_string}"},"query-input":{"@type":"PropertyValueSpecification","valueRequired":true,"valueName":"search_term_string"}}],"inLanguage":"fr-FR"},{"@type":"Person","@id":"https:\/\/visionarymarketing.com\/fr\/#\/schema\/person\/3754fee1e558f47b8deb46f53c37423e","name":"Yann Gourvennec","image":{"@type":"ImageObject","inLanguage":"fr-FR","@id":"https:\/\/secure.gravatar.com\/avatar\/5972001801e8de5692a3e31224e85769f50a55fb8b679749f9c8d1868cceff14?s=96&d=initials&r=g&initials=yg","url":"https:\/\/secure.gravatar.com\/avatar\/5972001801e8de5692a3e31224e85769f50a55fb8b679749f9c8d1868cceff14?s=96&d=initials&r=g&initials=yg","contentUrl":"https:\/\/secure.gravatar.com\/avatar\/5972001801e8de5692a3e31224e85769f50a55fb8b679749f9c8d1868cceff14?s=96&d=initials&r=g&initials=yg","caption":"Yann Gourvennec"},"description":"Yann Gourvennec created visionarymarketing.com in 1996. He is a speaker and author of many books. In 2014 he went from intrapreneur to entrepreneur, when he created his digital marketing agency. Yann Gourvennec a cr\u00e9\u00e9 visionarymarketing.com en 1996. Il est conf\u00e9rencier et auteur de plusieurs livres. En 2014, il est pass\u00e9 d'intrapreneur \u00e0 entrepreneur en cr\u00e9ant son agence de marketing num\u00e9rique.","sameAs":["https:\/\/visionarymarketing.com","http:\/\/facebook.com\/ygourven","http:\/\/linkedin.com\/in\/ygourven","https:\/\/x.com\/ygourven","https:\/\/www.youtube.com\/c\/visionarymarketingagency"],"url":"https:\/\/visionarymarketing.com\/fr\/author\/yann-gourvennec\/"}]}},"_links":{"self":[{"href":"https:\/\/visionarymarketing.com\/fr\/wp-json\/wp\/v2\/posts\/68537","targetHints":{"allow":["GET"]}}],"collection":[{"href":"https:\/\/visionarymarketing.com\/fr\/wp-json\/wp\/v2\/posts"}],"about":[{"href":"https:\/\/visionarymarketing.com\/fr\/wp-json\/wp\/v2\/types\/post"}],"author":[{"embeddable":true,"href":"https:\/\/visionarymarketing.com\/fr\/wp-json\/wp\/v2\/users\/2"}],"replies":[{"embeddable":true,"href":"https:\/\/visionarymarketing.com\/fr\/wp-json\/wp\/v2\/comments?post=68537"}],"version-history":[{"count":0,"href":"https:\/\/visionarymarketing.com\/fr\/wp-json\/wp\/v2\/posts\/68537\/revisions"}],"wp:featuredmedia":[{"embeddable":true,"href":"https:\/\/visionarymarketing.com\/fr\/wp-json\/wp\/v2\/media\/68573"}],"wp:attachment":[{"href":"https:\/\/visionarymarketing.com\/fr\/wp-json\/wp\/v2\/media?parent=68537"}],"wp:term":[{"taxonomy":"category","embeddable":true,"href":"https:\/\/visionarymarketing.com\/fr\/wp-json\/wp\/v2\/categories?post=68537"},{"taxonomy":"post_tag","embeddable":true,"href":"https:\/\/visionarymarketing.com\/fr\/wp-json\/wp\/v2\/tags?post=68537"}],"curies":[{"name":"wp","href":"https:\/\/api.w.org\/{rel}","templated":true}]}}