{"id":6809,"date":"2012-08-30T08:41:40","date_gmt":"2012-08-30T08:41:40","guid":{"rendered":"https:\/\/visionary.wordpress.com\/?p=6809"},"modified":"2021-03-14T10:19:41","modified_gmt":"2021-03-14T09:19:41","slug":"travail-souffrance","status":"publish","type":"post","link":"https:\/\/visionarymarketing.com\/fr\/2012\/08\/30\/travail-souffrance\/","title":{"rendered":"Le travail entre souffrance et r\u00e9alisation de soi"},"content":{"rendered":"<p><em>Travail, ce mot d\u00e9riv\u00e9 du mot latin pour d\u00e9crire le supplice \u00ab\u00a0Trepalium\u00a0\u00bb est vu par beaucoup comme une souffrance. Et par beaucoup d&rsquo;autres comme un moyen de r\u00e9alisation de soi. Un d\u00e9bat vieux comme le monde qui me rappelle mes cours de philo pendant les ann\u00e9es de pr\u00e9pa. \u201cLe travail d\u00e9finit ce que nous sommes\u201d a pos\u00e9 comme postulat Fr\u00e9d\u00e9ric Ferrer, le consultant qui pr\u00e9sentait le d\u00e9bat d\u2019aujourd\u2019hui sur le travail. En ces temps de ch\u00f4mage, il est pourtant toujours d\u2019usage que ce soit lui, le travail, qui d\u00e9finisse la personne. La preuve, dans une soir\u00e9e, pour se pr\u00e9senter, la question pos\u00e9e est toujours \u201cque faites-vous dans la vie ?\u201d. Alors, qu\u2019y-a-t-il de plus stressant en 2012, travailler ou ne pas travailler ?<\/em><\/p>\n<h2>Le travail entre souffrance et r\u00e9alisation de soi<\/h2>\n<figure id=\"attachment_6801\" aria-describedby=\"caption-attachment-6801\" style=\"width: 519px\" class=\"wp-caption aligncenter\"><img decoding=\"async\" class=\"wp-image-6801 size-full\" src=\"https:\/\/visionarymarketing.com\/wp-content\/uploads\/2012\/08\/image1-e1615713385753.jpg\" alt=\"Le travail entre souffrance et r\u00e9alisation de soi\" width=\"519\" height=\"339\" \/><figcaption id=\"caption-attachment-6801\" class=\"wp-caption-text\">Le travail entre souffrance et r\u00e9alisation de soi<\/figcaption><\/figure>\n<p><strong>L\u2019arm\u00e9e livre la guerre \u00e0 la fatalit\u00e9 du malaise fran\u00e7ais du travail : qu\u2019attend-on pour r\u00e9pliquer ?<\/strong><!--more--><\/p>\n<p>Le travail, je me souviens, c\u2019\u00e9tait le sujet de philosophie et de sciences humaines de ma premi\u00e8re ann\u00e9e de pr\u00e9pa, il y a maintenant quelques ann\u00e9es. Mais le d\u00e9bat n\u2019a pas chang\u00e9 sur le fond. Certes, le centre de la discussion s\u2019est un peu d\u00e9plac\u00e9 car en 1980 on parlait surtout du \u201ctravail en miettes\u201d (<em>G Friedmann<\/em>) car on n\u2019\u00e9tait pas encore sorti de cette soci\u00e9t\u00e9 industrielle, o\u00f9 la qu\u00eate de sens \u00e9tait le probl\u00e8me de base pos\u00e9 par le taylorisme. Aujourd\u2019hui, dans une soci\u00e9t\u00e9 post-industrielle (78% du PIB dans le service en France en 2010), ce mode de travail\u00a0 \u2013 largement d\u00e9plac\u00e9 en Chine et autres PVD \u2013 n\u2019est plus le centre du d\u00e9bat, mais au lieu de supprimer cette qu\u00eate de sens, celle-ci a \u00e9t\u00e9 au contraire renforc\u00e9e.<\/p>\n<p>Les cadres seraient-ils devenus les OS du 21\u00e8me si\u00e8cle ? Sans aller jusque l\u00e0, les populations d\u2019encadrement, d\u00e9sormais majoritaires, m\u00eame quand elles ne dirigent pas, sont elles-aussi fondamentalement en qu\u00eate de sens ; t\u00e9moins les consultants haut-de-gamme de Ernst &amp; Young qui \u201cn\u2019acceptent plus le bullshit\u201d selon leur patron et se demandent comment et quand ils pourront \u00eatre autre chose que des \u201ccitrons press\u00e9s\u201d.<\/p>\n<p><a href=\"https:\/\/visionarymarketing.com\/wp-content\/uploads\/2012\/08\/image1-e1615713385753.jpg\"><img decoding=\"async\" class=\"alignnone\" style=\"background-image: none; padding-left: 0; padding-right: 0; display: block; float: none; margin-left: auto; margin-right: auto; padding-top: 0; border: 0;\" title=\"image\" src=\"https:\/\/visionarymarketing.com\/wp-content\/uploads\/2012\/08\/image_thumb1.png\" alt=\"Le travail entre souffrance et r\u00e9alisation de soi \" width=\"640\" height=\"360\" border=\"0\" \/><\/a><\/p>\n<p align=\"right\"><em><span style=\"color: #4f81bd;\">[Michel Sapin a livr\u00e9 un r\u00e9quisitoire contre le processus de licenciement jug\u00e9 \u201cins\u00e9curisant pour les entreprises et pour les employ\u00e9s\u201d<\/span><\/em><\/p>\n<p>A l\u2019autre bout du spectre, ce chiffre rappel\u00e9 par Michel Sapin, les populations d\u00e9laiss\u00e9es, comme ces \u201c57% de sans emploi dans les quartiers nord d\u2019Amiens\u201d qui sont \u00e0 aujourd\u2019hui compl\u00e8tement sortis du syst\u00e8me &lsquo;(les \u201cd\u00e9crocheurs\u201d comme les d\u00e9crit le G\u00e9n\u00e9ral Artur). M\u00eame le Ministre a affirm\u00e9 avec conviction \u201cqu\u2019il ne fallait pas avoir peur des mots\u201d et qui a m\u00eame reconnu que \u201cles conditions de licenciement actuelles en France [n\u2019\u00e9taient] s\u00e9curisantes ni pour les employ\u00e9s, ni pour les entreprises\u201d.<\/p>\n<p>Un discours courageux, mais aussi des interrogations lorsqu\u2019on entend ce d\u00e9bat \u2013 tr\u00e8s pluraliste \u2013 o\u00f9 tous les bords m\u00eame oppos\u00e9s semblent \u00eatre d\u2019accord sur les concepts et les termes (flexi-s\u00e9curit\u00e9, dialogue social, formation, respect etc.) mais o\u00f9 peu de r\u00e9alisations concr\u00e8tes ont \u00e9t\u00e9 pr\u00e9sent\u00e9es lors de ce d\u00e9bat \u2026 sauf, et c\u2019est le paradoxe, par le G\u00e9n\u00e9ral Artur, qui d\u2019un ton martial et volontaire, a d\u00e9montr\u00e9 la v\u00e9ritable volont\u00e9 de r\u00e9aliser quelque chose, de sortir de la fatalit\u00e9 et de partir \u00e0 l\u2019assaut de la formation des \u201cjeunes qui ont d\u00e9croch\u00e9\u201d.<\/p>\n<p>Un exemple qu\u2019on aimerait voir r\u00e9pliqu\u00e9 aussi dans les entreprises, sur le terrain, avec une bonne dose d\u2019optimisme et de volontarisme. Apr\u00e8s tout, c\u2019est bien le r\u00f4le des patrons et donc du public des universit\u00e9s du Medef \u2026<\/p>\n<p><strong>Les notes prises lors du d\u00e9bat<\/strong><\/p>\n<p>Michel Sapin a insist\u00e9 sur l\u2019importance de \u201cquantit\u00e9 de travail\u201d car il l\u2019a confirm\u00e9, la r\u00e9alit\u00e9 est la raret\u00e9 du travail, avec \u201cune augmentation du ch\u00f4mage aussi forte qu\u2019au plus fort de la crise en 2008 et 2009\u201d mais avec des niveaux beaucoup plus \u00e9lev\u00e9s a-t-il ajout\u00e9 car \u201con ne peut nier que les 3 millions ont \u00e9t\u00e9 pass\u00e9s\u201d. La 2\u00e8me crise est celle de &lsquo;\u201dl\u2019acc\u00e8s au travail\u201d. Car, les premi\u00e8res victimes sont les jeunes qui n\u2019ont justement <em>jamais <\/em>travaill\u00e9<em>.<\/em> La troisi\u00e8me crise est celle de \u201cla relation au travail\u201d avec le probl\u00e8me du dialogue social \u2013 un point sur lequel Laurence Parisot a plus qu\u2019insist\u00e9 lors de son intervention du matin sur France Culture\u201d. Le Ministre a propos\u00e9 comme rem\u00e8des \u00e0 ces crises:<\/p>\n<ul>\n<li>l\u2019exigence : exigence des partenaires sociaux envers l\u2019Etat et r\u00e9ciproquement ;<\/li>\n<li>l\u2019action : m\u00eame s\u2019il existe \u201cun mythe destructeur des 100 jours\u201d ;<\/li>\n<li>le dialogue : c\u2019est \u201cl\u2019enjeu fondamental de ce que nous voulons mettre en \u0153uvre avec les n\u00e9gociations qui vont s\u2019ouvrir\u201d a pr\u00e9cis\u00e9 le ministre, tout en pr\u00f4nant le \u201cdialogue \u00e0 la fran\u00e7aise\u201d sans pour autant le d\u00e9finir.<\/li>\n<\/ul>\n<p><strong>le secteur de la t\u00e9l\u00e9phonie est un \u201csecteur prot\u00e9g\u00e9\u201d \u2026 mais<\/strong><\/p>\n<p><em><span style=\"color: #4f81bd;\">[transparence : je suis directeur de l\u2019Internet chez Orange]<\/span><\/em><\/p>\n<p><a href=\"https:\/\/visionarymarketing.com\/wp-content\/uploads\/2012\/08\/image2.png\"><img decoding=\"async\" class=\"alignnone\" style=\"background-image: none; padding-left: 0; padding-right: 0; display: inline; padding-top: 0; border: 0;\" title=\"image\" src=\"https:\/\/visionarymarketing.com\/wp-content\/uploads\/2012\/08\/image_thumb2.png\" alt=\"Le travail entre souffrance et r\u00e9alisation de soi \" width=\"644\" height=\"364\" border=\"0\" \/><\/a><\/p>\n<p align=\"right\"><em><span style=\"color: #4f81bd;\">[St\u00e9phane Richard \u00e0 l\u2019universit\u00e9 du MEDEF aujourd\u2019hui]<\/span><\/em><\/p>\n<p><a href=\"http:\/\/orange.com\" target=\"_blank\" rel=\"noopener noreferrer\">St\u00e9phane Richard<\/a> a ensuite pris la parole pour exprimer que cette question de l\u2019emploi, pour tout chef d\u2019entreprise, \u201cest une question prioritaire et qu\u2019il y a un sentiment d\u2019urgence\u201d. \u201cLe travail cr\u00e9e le travail\u201d a-t-il poursuivi en soulignant ainsi que ce qui permettait de cr\u00e9er des emplois, c\u2019\u00e9tait la cr\u00e9ation d\u2019entreprise et \u201cnon du c\u00f4t\u00e9 du secteur public\u201d a-t-il dit (applaudissements spontan\u00e9s de la salle). \u201cil faut distinguer la situation des entreprises plong\u00e9es dans la comp\u00e9tition internationale\u201d et \u201cles secteurs prot\u00e9g\u00e9s, o\u00f9 il y a plus de marges de man\u0153uvre\u201d. \u201cLa t\u00e9l\u00e9phonie mobile fait partie de cette cat\u00e9gorie\u201d a-t-il dit. Interpel\u00e9 sur le lancement du quatri\u00e8me op\u00e9rateur, St\u00e9phane Richard a confirm\u00e9 que \u201ccet \u00e9v\u00e9nement est tr\u00e8s bien pour le consommateur \u00e0 court terme, mais que cela va avoir un impact n\u00e9gatif sur l\u2019emploi en France\u201d.\u00a0 St\u00e9phane Richard a insist\u00e9 sur son engagement \u00e0 soutenir l\u2019emploi et notamment dans le cadre de l\u2019introduction de ce nouvel op\u00e9rateur : \u201cnous accueillons 5000 jeunes en alternance chaque ann\u00e9e et nous allons augmenter ce chiffre\u201d a-t-il pr\u00e9cis\u00e9. \u201cNous allons bient\u00f4t faire des annonces sur notre programme de recrutement dans le futur, m\u00eame si ce n\u2019est pas au niveau de ce qui a \u00e9t\u00e9 fait dans le pass\u00e9\u201d. Une action particuli\u00e8rement n\u00e9cessaire a ajout\u00e9 le patron de France Telecom-Orange car \u201cnotre population est assez \u00e2g\u00e9e\u201d.<\/p>\n<p>Interpel\u00e9 sur le contrat social de France T\u00e9l\u00e9com, St\u00e9phane Richard a indiqu\u00e9 que \u201cle climat social est apais\u00e9 mais qu\u2019il faut toujours rester vigilant\u201d. Le dialogue social est aussi selon lui une pratique quotidienne dans l\u2019entreprise, et que \u201cle progr\u00e8s passera par le respect des uns et des autres, y-compris du respect des patrons qui sont des hommes et des femmes d\u2019engagement\u201d a pr\u00e9cis\u00e9 le patron de l\u2019op\u00e9rateur historique. Et d\u2019ajouter ce probl\u00e8me fran\u00e7ais qui \u201cest fig\u00e9 sur un dialogue agressif et d\u2019un manque de dialogue social\u201d apais\u00e9. Il a \u00e9galement plaid\u00e9 pour \u201cque les entreprises profitables puissent faire des restructurations\u201d car il est plus difficile et souvent trop tard de r\u00e9aliser ces restructurations lorsqu\u2019il est trop tard ; une saillie largement applaudie par la salle qui est acquise \u00e0 la cause.<\/p>\n<p>St\u00e9phane Richard a aussi plaid\u00e9 pour l\u2019usage des t\u00e9l\u00e9phones portables, souvent accus\u00e9s de faire travailler les employ\u00e9s 24 heures sur 24, mais qui sont \u201caussi responsables d\u2019avoir laiss\u00e9 entrer la vie priv\u00e9e dans l\u2019entreprise\u201d, deux ph\u00e9nom\u00e8nes sym\u00e9triques qui ne sont pas un probl\u00e8me si une bonne mesure est gard\u00e9e selon le patron de <a href=\"http:\/\/orange.com\" target=\"_blank\" rel=\"noopener noreferrer\">France Telecom-Orange<\/a>. Une position corrobor\u00e9e par le patron de E&amp;Y, Jean-Pierre Letartre qui a lanc\u00e9 un r\u00e9quisitoire contre \u201cles mails envoy\u00e9s la nuit par les managers\u201d, une position que je partage au point d\u2019avoir <span class=\"removed_link\" title=\"http:\/\/bit.ly\/15conseilsmail\">publi\u00e9 r\u00e9guli\u00e8rement sur ce sujet et encore cette semaine<\/span>.<\/p>\n<p>La CFDT , via son repr\u00e9sentant Patrick Perron, a quant \u00e0 elle reconnu \u201cl\u2019exemplarit\u00e9 de France T\u00e9l\u00e9com qui a pris conscience du travail n\u00e9cessaire quant au r\u00f4le du manager de proximit\u00e9\u201d.<\/p>\n<p><!--more--><\/p>\n<p><strong>La flexi-s\u00e9curit\u00e9 : un terme souvent entendu, une r\u00e9alit\u00e9 peu vue <\/strong><\/p>\n<p>L\u2019avocate Anne B\u00e9n\u00e9dicte Voloir a poursuivi en abordant le sujet \u00e0 la mode, la \u201cflexi-s\u00e9curit\u00e9\u201d, sujet qui est aussi un des chevaux de bataille de Laurence Parisot (cf. son intervention \u00e0 France Culture le 29\/08 au matin). \u201cL\u2019emploi \u00e0 vie n\u2019existe plus\u201d a-t-elle affirm\u00e9. Ce n\u2019est pas une d\u00e9couverte mais c\u2019est un constant maintenant partag\u00e9 de tous. Le deuxi\u00e8me constat de l\u2019avocate a \u00e9t\u00e9 que \u201cla flexibilit\u00e9 n\u2019est plus seulement une chose qu\u2019une entreprise impose aux salari\u00e9s, mais cela constitue \u00e9galement une demande des salari\u00e9s qui \u2013 gr\u00e2ce aux nouvelles technologies \u2013 sont d\u00e9sireux d\u2019obtenir une libert\u00e9 plus grande par rapport \u00e0 l\u2019entreprise\u201d. \u201cLe travail a une notion de torture \u00e9tymologiquement a-t-elle ajout\u00e9, et je lui pr\u00e9f\u00e8re le terme d\u2019activit\u00e9\u201d. C\u2019est pour cela que l\u2019avocate a pr\u00each\u00e9 la \u201cflexi-s\u00e9curit\u00e9\u201d qui a pourtant reconnu que c\u2019\u00e9tait un terme souvent entendu mais que la r\u00e9alit\u00e9 de ce concept avait eu peu d\u2019effets sur le terrain.<\/p>\n<p><strong>Le conseil, ce\u00a0 presse-citron ?<\/strong><\/p>\n<p>Jean Pierre Letartre a d\u00e9fendu E&amp;Y aux attaques de F Ferrer qui a d\u00e9crit le monde du conseil comme un \u201cpresse-citron\u201d. L\u2019entreprise embauche beaucoup mais a aussi v\u00e9cu un changement de paradigme car \u2013 en p\u00e9riode de stagnation \u2013 il est plus difficile de faire \u00e9voluer les consultants vers le statut d\u2019associ\u00e9s. \u201cOn n\u2019est pas au bout de cette \u00e9volution\u201d a-t-il dit et le message change en \u201ctu va devenir associ\u00e9 \u2026 ou client !\u201d. Cela est assum\u00e9 \u201ccomme un acte de management\u201d par lequel E&amp;Y donne une comp\u00e9tence et une employabilit\u00e9 au consultant. \u201cUn nouveau paradigme pas facile \u00e0 vendre\u201d a-t-il reconnu, mais \u201cc\u2019est un discours de v\u00e9rit\u00e9 et le \u00ab\u00a0\u2019bullshit\u2019 n\u2019est plus acceptable dans les entreprises\u201d. Interpel\u00e9 sur le \u201cdiscours de l\u2019Etat\u201d il a ironiquement r\u00e9pondu par une litote en disant \u201cqu\u2019il y a des progr\u00e8s \u00e0 faire !\u201d<\/p>\n<p><strong>la crise du travail, une crise de confiance ?<\/strong><\/p>\n<p>Patrick Perron de la CFDT a indiqu\u00e9 que le syndicat a remis le travail comme axe strat\u00e9gique de son travail lors de son dernier congr\u00e9, car il \u201cfaut se r\u00e9approprier le travail au quotidien et faire sortir le syndicalisme de la revendication\u201d. M. Perron a estim\u00e9 qu\u2019il manquait une crise \u00e0 l\u2019expos\u00e9 du ministre, \u201cc\u2019est la crise de la confiance\u201d. Et de se plaindre \u00e9galement du \u201cmanque de dialogue social d\u00e9centralis\u00e9\u201d.<\/p>\n<p><strong>l\u2019Arm\u00e9e plus humaine que l\u2019entreprise : un paradoxe enthousiasmant<\/strong><\/p>\n<p><a href=\"https:\/\/visionarymarketing.com\/wp-content\/uploads\/2012\/08\/image3.png\"><img decoding=\"async\" class=\"alignnone\" style=\"background-image: none; padding-left: 0; padding-right: 0; display: block; float: none; margin-left: auto; margin-right: auto; padding-top: 0; border: 0;\" title=\"image\" src=\"https:\/\/visionarymarketing.com\/wp-content\/uploads\/2012\/08\/image_thumb3.png\" alt=\"Le travail entre souffrance et r\u00e9alisation de soi \" width=\"644\" height=\"364\" border=\"0\" \/><\/a><\/p>\n<p align=\"right\"><em><span style=\"color: #4f81bd;\">[le g\u00e9n\u00e9ral Artur, dans son uniforme de para anti-ch\u00f4mage citoyen]<\/span><\/em><\/p>\n<p>Le G\u00e9n\u00e9ral Artur a insist\u00e9 sur <em>la notion de solidarit\u00e9<\/em> qui existe dans l\u2019Arm\u00e9e, o\u00f9 \u201cdes jeunes n\u2019h\u00e9sitent pas \u00e0 risquer leur vie pour sauver celle des autres\u201d. C\u2019est pour cela que l\u2019arm\u00e9e propose le dispositif SMA en Outremer et apporte des comp\u00e9tences aux jeunes pour leur apporter des comp\u00e9tences de citoyen. C\u2019est un dispositif qui recrute 30% d\u2019illettr\u00e9s et une majorit\u00e9 de jeunes qui \u201cont d\u00e9croch\u00e9\u201d. \u201cOn travaille sur l\u2019ensemble de la personne, dans la bont\u00e9 et l\u2019autorit\u00e9\u201d. Ce dispositif mis en \u0153uvre en Outremer est crucial dans des r\u00e9gions fortement touch\u00e9es par le ch\u00f4mage. Le militaire a probablement livr\u00e9 le discours le plus simple direct et le plus concret d\u2019un exemple o\u00f9 un corps d\u2019Etat forme des jeunes non seulement en agissant sur les comp\u00e9tences mais aussi sur l\u2019humain. Une approche qu\u2019on aimerait voir plus souvent en entreprise.<\/p>\n<p>Les ultramarins qui sont enr\u00f4l\u00e9s dans ce programme \u201creprennent confiance en eux\u201d et ils se voient offerts un certificat d\u2019aptitude professionnelle \u2013 au bout d\u2019un stage de 6 mois \u00e0 1 an \u2013 qui repose sur 4 UV plus le permis de conduire (s\u2019il le r\u00e9ussissent). L\u2019Arm\u00e9e travaille avec des organismes publics pour la reconnaissance officielle des comp\u00e9tences. Le personnel est essentiellement militaire. En prime, le jeune obtient \u00e9galement le certificat de premier secours. L\u2019Arm\u00e9e travaille \u00e9galement sur un label d\u2019excellence pour les jeunes les plus \u00e9loign\u00e9s de l\u2019emploi. \u201con est \u00e0 peu pr\u00e8s \u00e0 200000 d\u00e9crocheurs identifi\u00e9s en France a indiqu\u00e9 le G\u00e9n\u00e9ral Artur\u201d.\u00a0 Le site du SMA est <a href=\"http:\/\/le-sma.com\">http:\/\/le-sma.com<\/a>.<\/p>\n<p><strong>en vrac<\/strong><\/p>\n<ul>\n<li>Patrick Werquin : \u201cen moyenne, un jeune aura 7 emplois dans sa carri\u00e8re\u201d<\/li>\n<li>Xavier Manzano : \u201cj\u2019ai \u00e9t\u00e9 frapp\u00e9 par ces jeunes qui veulent \u00eatre fonctionnaires, non pour servir l\u2019Etat, mais par simple d\u00e9sir de s\u00e9curit\u00e9. Ces jeunes vont voir leur vie filer devant eux\u201d.<\/li>\n<\/ul>\n<p>avec<\/p>\n<ul>\n<li>le G\u00e9n\u00e9ral Artur (Arm\u00e9e de Terre)<\/li>\n<li>Michel Sapin (ministre du travail)<\/li>\n<li>St\u00e9phane Richard (PDG d\u2019Orange)<\/li>\n<li>AB Voloir (Avocat)<\/li>\n<li>Xavier Manzano (pr\u00eatre et th\u00e9oricien)<\/li>\n<li>JP Letartre (CEO de Ernst &amp; Young)<\/li>\n<li>Patrick Perron (CDFT)<\/li>\n<li>Patrick Werquin (Professeur au Cnam)<\/li>\n<\/ul>\n","protected":false},"excerpt":{"rendered":"<p>Travail, ce mot d\u00e9riv\u00e9 du mot latin pour d\u00e9crire le supplice \u00ab\u00a0Trepalium\u00a0\u00bb est vu par beaucoup comme une souffrance. Et par beaucoup d&rsquo;autres comme un moyen de r\u00e9alisation de soi. Un d\u00e9bat vieux comme le monde qui me rappelle mes cours de philo pendant les ann\u00e9es de pr\u00e9pa. \u201cLe travail d\u00e9finit ce que nous sommes\u201d &hellip;<\/p>\n","protected":false},"author":2,"featured_media":6801,"comment_status":"open","ping_status":"open","sticky":false,"template":"","format":"standard","meta":{"footnotes":""},"categories":[134],"tags":[],"class_list":["post-6809","post","type-post","status-publish","format-standard","has-post-thumbnail","hentry","category-economie"],"yoast_head":"<!-- This site is optimized with the Yoast SEO plugin v27.4 - https:\/\/yoast.com\/product\/yoast-seo-wordpress\/ -->\n<title>Le travail entre souffrance et r\u00e9alisation de soi un d\u00e9bat philosophique<\/title>\n<meta name=\"description\" content=\"Travail, ce mot d\u00e9riv\u00e9 du mot latin pour d\u00e9crire le &quot;Trepalium&quot; est vu par beaucoup comme une souffrance. Et n moyen de r\u00e9alisation de soi\" \/>\n<meta name=\"robots\" content=\"index, follow, max-snippet:-1, max-image-preview:large, max-video-preview:-1\" \/>\n<link rel=\"canonical\" href=\"https:\/\/visionarymarketing.com\/fr\/2012\/08\/30\/travail-souffrance\/\" \/>\n<meta property=\"og:locale\" content=\"fr_FR\" \/>\n<meta property=\"og:type\" content=\"article\" \/>\n<meta property=\"og:title\" content=\"Le travail entre souffrance et r\u00e9alisation de soi un d\u00e9bat philosophique\" \/>\n<meta property=\"og:description\" content=\"Travail, ce mot d\u00e9riv\u00e9 du mot latin pour d\u00e9crire le &quot;Trepalium&quot; est vu par beaucoup comme une souffrance. Et n moyen de r\u00e9alisation de soi\" \/>\n<meta property=\"og:url\" content=\"https:\/\/visionarymarketing.com\/fr\/2012\/08\/30\/travail-souffrance\/\" \/>\n<meta property=\"og:site_name\" content=\"Marketing and Innovation\" \/>\n<meta property=\"article:publisher\" content=\"https:\/\/www.facebook.com\/vismktg\" \/>\n<meta property=\"article:author\" content=\"http:\/\/facebook.com\/ygourven\" \/>\n<meta property=\"article:published_time\" content=\"2012-08-30T08:41:40+00:00\" \/>\n<meta property=\"article:modified_time\" content=\"2021-03-14T09:19:41+00:00\" \/>\n<meta property=\"og:image\" content=\"https:\/\/visionarymarketing.com\/wp-content\/uploads\/2012\/08\/image1-e1615713385753.jpg\" \/>\n\t<meta property=\"og:image:width\" content=\"1024\" \/>\n\t<meta property=\"og:image:height\" content=\"576\" \/>\n\t<meta property=\"og:image:type\" content=\"image\/jpeg\" \/>\n<meta name=\"author\" content=\"Yann Gourvennec\" \/>\n<meta name=\"twitter:card\" content=\"summary_large_image\" \/>\n<meta name=\"twitter:creator\" content=\"@ygourven\" \/>\n<meta name=\"twitter:site\" content=\"@ygourven\" \/>\n<meta name=\"twitter:label1\" content=\"\u00c9crit par\" \/>\n\t<meta name=\"twitter:data1\" content=\"Yann Gourvennec\" \/>\n\t<meta name=\"twitter:label2\" content=\"Dur\u00e9e de lecture estim\u00e9e\" \/>\n\t<meta name=\"twitter:data2\" content=\"10 minutes\" \/>\n<script type=\"application\/ld+json\" class=\"yoast-schema-graph\">{\"@context\":\"https:\\\/\\\/schema.org\",\"@graph\":[{\"@type\":\"NewsArticle\",\"@id\":\"https:\\\/\\\/visionarymarketing.com\\\/fr\\\/2012\\\/08\\\/30\\\/travail-souffrance\\\/#article\",\"isPartOf\":{\"@id\":\"https:\\\/\\\/visionarymarketing.com\\\/fr\\\/2012\\\/08\\\/30\\\/travail-souffrance\\\/\"},\"author\":{\"name\":\"Yann Gourvennec\",\"@id\":\"https:\\\/\\\/visionarymarketing.com\\\/fr\\\/#\\\/schema\\\/person\\\/3754fee1e558f47b8deb46f53c37423e\"},\"headline\":\"Le travail entre souffrance et r\u00e9alisation de soi\",\"datePublished\":\"2012-08-30T08:41:40+00:00\",\"dateModified\":\"2021-03-14T09:19:41+00:00\",\"mainEntityOfPage\":{\"@id\":\"https:\\\/\\\/visionarymarketing.com\\\/fr\\\/2012\\\/08\\\/30\\\/travail-souffrance\\\/\"},\"wordCount\":2304,\"commentCount\":0,\"image\":{\"@id\":\"https:\\\/\\\/visionarymarketing.com\\\/fr\\\/2012\\\/08\\\/30\\\/travail-souffrance\\\/#primaryimage\"},\"thumbnailUrl\":\"https:\\\/\\\/visionarymarketing.com\\\/wp-content\\\/uploads\\\/2012\\\/08\\\/image1-e1615713385753.jpg\",\"articleSection\":[\"\u00e9conomie et num\u00e9rique\"],\"inLanguage\":\"fr-FR\",\"potentialAction\":[{\"@type\":\"CommentAction\",\"name\":\"Comment\",\"target\":[\"https:\\\/\\\/visionarymarketing.com\\\/fr\\\/2012\\\/08\\\/30\\\/travail-souffrance\\\/#respond\"]}]},{\"@type\":\"WebPage\",\"@id\":\"https:\\\/\\\/visionarymarketing.com\\\/fr\\\/2012\\\/08\\\/30\\\/travail-souffrance\\\/\",\"url\":\"https:\\\/\\\/visionarymarketing.com\\\/fr\\\/2012\\\/08\\\/30\\\/travail-souffrance\\\/\",\"name\":\"Le travail entre souffrance et r\u00e9alisation de soi un d\u00e9bat philosophique\",\"isPartOf\":{\"@id\":\"https:\\\/\\\/visionarymarketing.com\\\/fr\\\/#website\"},\"primaryImageOfPage\":{\"@id\":\"https:\\\/\\\/visionarymarketing.com\\\/fr\\\/2012\\\/08\\\/30\\\/travail-souffrance\\\/#primaryimage\"},\"image\":{\"@id\":\"https:\\\/\\\/visionarymarketing.com\\\/fr\\\/2012\\\/08\\\/30\\\/travail-souffrance\\\/#primaryimage\"},\"thumbnailUrl\":\"https:\\\/\\\/visionarymarketing.com\\\/wp-content\\\/uploads\\\/2012\\\/08\\\/image1-e1615713385753.jpg\",\"datePublished\":\"2012-08-30T08:41:40+00:00\",\"dateModified\":\"2021-03-14T09:19:41+00:00\",\"author\":{\"@id\":\"https:\\\/\\\/visionarymarketing.com\\\/fr\\\/#\\\/schema\\\/person\\\/3754fee1e558f47b8deb46f53c37423e\"},\"description\":\"Travail, ce mot d\u00e9riv\u00e9 du mot latin pour d\u00e9crire le \\\"Trepalium\\\" est vu par beaucoup comme une souffrance. Et n moyen de r\u00e9alisation de soi\",\"breadcrumb\":{\"@id\":\"https:\\\/\\\/visionarymarketing.com\\\/fr\\\/2012\\\/08\\\/30\\\/travail-souffrance\\\/#breadcrumb\"},\"inLanguage\":\"fr-FR\",\"potentialAction\":[{\"@type\":\"ReadAction\",\"target\":[\"https:\\\/\\\/visionarymarketing.com\\\/fr\\\/2012\\\/08\\\/30\\\/travail-souffrance\\\/\"]}]},{\"@type\":\"ImageObject\",\"inLanguage\":\"fr-FR\",\"@id\":\"https:\\\/\\\/visionarymarketing.com\\\/fr\\\/2012\\\/08\\\/30\\\/travail-souffrance\\\/#primaryimage\",\"url\":\"https:\\\/\\\/visionarymarketing.com\\\/wp-content\\\/uploads\\\/2012\\\/08\\\/image1-e1615713385753.jpg\",\"contentUrl\":\"https:\\\/\\\/visionarymarketing.com\\\/wp-content\\\/uploads\\\/2012\\\/08\\\/image1-e1615713385753.jpg\",\"width\":1024,\"height\":576},{\"@type\":\"BreadcrumbList\",\"@id\":\"https:\\\/\\\/visionarymarketing.com\\\/fr\\\/2012\\\/08\\\/30\\\/travail-souffrance\\\/#breadcrumb\",\"itemListElement\":[{\"@type\":\"ListItem\",\"position\":1,\"name\":\"Home\",\"item\":\"https:\\\/\\\/visionarymarketing.com\\\/fr\\\/\"},{\"@type\":\"ListItem\",\"position\":2,\"name\":\"Le travail entre souffrance et r\u00e9alisation de soi\"}]},{\"@type\":\"WebSite\",\"@id\":\"https:\\\/\\\/visionarymarketing.com\\\/fr\\\/#website\",\"url\":\"https:\\\/\\\/visionarymarketing.com\\\/fr\\\/\",\"name\":\"Marketing and Innovation\",\"description\":\"Site d&#039;infos ind\u00e9pendant, depuis 1996\",\"potentialAction\":[{\"@type\":\"SearchAction\",\"target\":{\"@type\":\"EntryPoint\",\"urlTemplate\":\"https:\\\/\\\/visionarymarketing.com\\\/fr\\\/?s={search_term_string}\"},\"query-input\":{\"@type\":\"PropertyValueSpecification\",\"valueRequired\":true,\"valueName\":\"search_term_string\"}}],\"inLanguage\":\"fr-FR\"},{\"@type\":\"Person\",\"@id\":\"https:\\\/\\\/visionarymarketing.com\\\/fr\\\/#\\\/schema\\\/person\\\/3754fee1e558f47b8deb46f53c37423e\",\"name\":\"Yann Gourvennec\",\"image\":{\"@type\":\"ImageObject\",\"inLanguage\":\"fr-FR\",\"@id\":\"https:\\\/\\\/secure.gravatar.com\\\/avatar\\\/5972001801e8de5692a3e31224e85769f50a55fb8b679749f9c8d1868cceff14?s=96&d=initials&r=g&initials=yg\",\"url\":\"https:\\\/\\\/secure.gravatar.com\\\/avatar\\\/5972001801e8de5692a3e31224e85769f50a55fb8b679749f9c8d1868cceff14?s=96&d=initials&r=g&initials=yg\",\"contentUrl\":\"https:\\\/\\\/secure.gravatar.com\\\/avatar\\\/5972001801e8de5692a3e31224e85769f50a55fb8b679749f9c8d1868cceff14?s=96&d=initials&r=g&initials=yg\",\"caption\":\"Yann Gourvennec\"},\"description\":\"Yann Gourvennec created visionarymarketing.com in 1996. He is a speaker and author of many books. In 2014 he went from intrapreneur to entrepreneur, when he created his digital marketing agency. Yann Gourvennec a cr\u00e9\u00e9 visionarymarketing.com en 1996. Il est conf\u00e9rencier et auteur de plusieurs livres. En 2014, il est pass\u00e9 d'intrapreneur \u00e0 entrepreneur en cr\u00e9ant son agence de marketing num\u00e9rique.\",\"sameAs\":[\"https:\\\/\\\/visionarymarketing.com\",\"http:\\\/\\\/facebook.com\\\/ygourven\",\"http:\\\/\\\/linkedin.com\\\/in\\\/ygourven\",\"https:\\\/\\\/x.com\\\/ygourven\",\"https:\\\/\\\/www.youtube.com\\\/c\\\/visionarymarketingagency\"],\"url\":\"https:\\\/\\\/visionarymarketing.com\\\/fr\\\/author\\\/yann-gourvennec\\\/\"}]}<\/script>\n<!-- \/ Yoast SEO plugin. -->","yoast_head_json":{"title":"Le travail entre souffrance et r\u00e9alisation de soi un d\u00e9bat philosophique","description":"Travail, ce mot d\u00e9riv\u00e9 du mot latin pour d\u00e9crire le \"Trepalium\" est vu par beaucoup comme une souffrance. Et n moyen de r\u00e9alisation de soi","robots":{"index":"index","follow":"follow","max-snippet":"max-snippet:-1","max-image-preview":"max-image-preview:large","max-video-preview":"max-video-preview:-1"},"canonical":"https:\/\/visionarymarketing.com\/fr\/2012\/08\/30\/travail-souffrance\/","og_locale":"fr_FR","og_type":"article","og_title":"Le travail entre souffrance et r\u00e9alisation de soi un d\u00e9bat philosophique","og_description":"Travail, ce mot d\u00e9riv\u00e9 du mot latin pour d\u00e9crire le \"Trepalium\" est vu par beaucoup comme une souffrance. Et n moyen de r\u00e9alisation de soi","og_url":"https:\/\/visionarymarketing.com\/fr\/2012\/08\/30\/travail-souffrance\/","og_site_name":"Marketing and Innovation","article_publisher":"https:\/\/www.facebook.com\/vismktg","article_author":"http:\/\/facebook.com\/ygourven","article_published_time":"2012-08-30T08:41:40+00:00","article_modified_time":"2021-03-14T09:19:41+00:00","og_image":[{"width":1024,"height":576,"url":"https:\/\/visionarymarketing.com\/wp-content\/uploads\/2012\/08\/image1-e1615713385753.jpg","type":"image\/jpeg"}],"author":"Yann Gourvennec","twitter_card":"summary_large_image","twitter_creator":"@ygourven","twitter_site":"@ygourven","twitter_misc":{"\u00c9crit par":"Yann Gourvennec","Dur\u00e9e de lecture estim\u00e9e":"10 minutes"},"schema":{"@context":"https:\/\/schema.org","@graph":[{"@type":"NewsArticle","@id":"https:\/\/visionarymarketing.com\/fr\/2012\/08\/30\/travail-souffrance\/#article","isPartOf":{"@id":"https:\/\/visionarymarketing.com\/fr\/2012\/08\/30\/travail-souffrance\/"},"author":{"name":"Yann Gourvennec","@id":"https:\/\/visionarymarketing.com\/fr\/#\/schema\/person\/3754fee1e558f47b8deb46f53c37423e"},"headline":"Le travail entre souffrance et r\u00e9alisation de soi","datePublished":"2012-08-30T08:41:40+00:00","dateModified":"2021-03-14T09:19:41+00:00","mainEntityOfPage":{"@id":"https:\/\/visionarymarketing.com\/fr\/2012\/08\/30\/travail-souffrance\/"},"wordCount":2304,"commentCount":0,"image":{"@id":"https:\/\/visionarymarketing.com\/fr\/2012\/08\/30\/travail-souffrance\/#primaryimage"},"thumbnailUrl":"https:\/\/visionarymarketing.com\/wp-content\/uploads\/2012\/08\/image1-e1615713385753.jpg","articleSection":["\u00e9conomie et num\u00e9rique"],"inLanguage":"fr-FR","potentialAction":[{"@type":"CommentAction","name":"Comment","target":["https:\/\/visionarymarketing.com\/fr\/2012\/08\/30\/travail-souffrance\/#respond"]}]},{"@type":"WebPage","@id":"https:\/\/visionarymarketing.com\/fr\/2012\/08\/30\/travail-souffrance\/","url":"https:\/\/visionarymarketing.com\/fr\/2012\/08\/30\/travail-souffrance\/","name":"Le travail entre souffrance et r\u00e9alisation de soi un d\u00e9bat philosophique","isPartOf":{"@id":"https:\/\/visionarymarketing.com\/fr\/#website"},"primaryImageOfPage":{"@id":"https:\/\/visionarymarketing.com\/fr\/2012\/08\/30\/travail-souffrance\/#primaryimage"},"image":{"@id":"https:\/\/visionarymarketing.com\/fr\/2012\/08\/30\/travail-souffrance\/#primaryimage"},"thumbnailUrl":"https:\/\/visionarymarketing.com\/wp-content\/uploads\/2012\/08\/image1-e1615713385753.jpg","datePublished":"2012-08-30T08:41:40+00:00","dateModified":"2021-03-14T09:19:41+00:00","author":{"@id":"https:\/\/visionarymarketing.com\/fr\/#\/schema\/person\/3754fee1e558f47b8deb46f53c37423e"},"description":"Travail, ce mot d\u00e9riv\u00e9 du mot latin pour d\u00e9crire le \"Trepalium\" est vu par beaucoup comme une souffrance. Et n moyen de r\u00e9alisation de soi","breadcrumb":{"@id":"https:\/\/visionarymarketing.com\/fr\/2012\/08\/30\/travail-souffrance\/#breadcrumb"},"inLanguage":"fr-FR","potentialAction":[{"@type":"ReadAction","target":["https:\/\/visionarymarketing.com\/fr\/2012\/08\/30\/travail-souffrance\/"]}]},{"@type":"ImageObject","inLanguage":"fr-FR","@id":"https:\/\/visionarymarketing.com\/fr\/2012\/08\/30\/travail-souffrance\/#primaryimage","url":"https:\/\/visionarymarketing.com\/wp-content\/uploads\/2012\/08\/image1-e1615713385753.jpg","contentUrl":"https:\/\/visionarymarketing.com\/wp-content\/uploads\/2012\/08\/image1-e1615713385753.jpg","width":1024,"height":576},{"@type":"BreadcrumbList","@id":"https:\/\/visionarymarketing.com\/fr\/2012\/08\/30\/travail-souffrance\/#breadcrumb","itemListElement":[{"@type":"ListItem","position":1,"name":"Home","item":"https:\/\/visionarymarketing.com\/fr\/"},{"@type":"ListItem","position":2,"name":"Le travail entre souffrance et r\u00e9alisation de soi"}]},{"@type":"WebSite","@id":"https:\/\/visionarymarketing.com\/fr\/#website","url":"https:\/\/visionarymarketing.com\/fr\/","name":"Marketing and Innovation","description":"Site d&#039;infos ind\u00e9pendant, depuis 1996","potentialAction":[{"@type":"SearchAction","target":{"@type":"EntryPoint","urlTemplate":"https:\/\/visionarymarketing.com\/fr\/?s={search_term_string}"},"query-input":{"@type":"PropertyValueSpecification","valueRequired":true,"valueName":"search_term_string"}}],"inLanguage":"fr-FR"},{"@type":"Person","@id":"https:\/\/visionarymarketing.com\/fr\/#\/schema\/person\/3754fee1e558f47b8deb46f53c37423e","name":"Yann Gourvennec","image":{"@type":"ImageObject","inLanguage":"fr-FR","@id":"https:\/\/secure.gravatar.com\/avatar\/5972001801e8de5692a3e31224e85769f50a55fb8b679749f9c8d1868cceff14?s=96&d=initials&r=g&initials=yg","url":"https:\/\/secure.gravatar.com\/avatar\/5972001801e8de5692a3e31224e85769f50a55fb8b679749f9c8d1868cceff14?s=96&d=initials&r=g&initials=yg","contentUrl":"https:\/\/secure.gravatar.com\/avatar\/5972001801e8de5692a3e31224e85769f50a55fb8b679749f9c8d1868cceff14?s=96&d=initials&r=g&initials=yg","caption":"Yann Gourvennec"},"description":"Yann Gourvennec created visionarymarketing.com in 1996. He is a speaker and author of many books. In 2014 he went from intrapreneur to entrepreneur, when he created his digital marketing agency. Yann Gourvennec a cr\u00e9\u00e9 visionarymarketing.com en 1996. Il est conf\u00e9rencier et auteur de plusieurs livres. En 2014, il est pass\u00e9 d'intrapreneur \u00e0 entrepreneur en cr\u00e9ant son agence de marketing num\u00e9rique.","sameAs":["https:\/\/visionarymarketing.com","http:\/\/facebook.com\/ygourven","http:\/\/linkedin.com\/in\/ygourven","https:\/\/x.com\/ygourven","https:\/\/www.youtube.com\/c\/visionarymarketingagency"],"url":"https:\/\/visionarymarketing.com\/fr\/author\/yann-gourvennec\/"}]}},"_links":{"self":[{"href":"https:\/\/visionarymarketing.com\/fr\/wp-json\/wp\/v2\/posts\/6809","targetHints":{"allow":["GET"]}}],"collection":[{"href":"https:\/\/visionarymarketing.com\/fr\/wp-json\/wp\/v2\/posts"}],"about":[{"href":"https:\/\/visionarymarketing.com\/fr\/wp-json\/wp\/v2\/types\/post"}],"author":[{"embeddable":true,"href":"https:\/\/visionarymarketing.com\/fr\/wp-json\/wp\/v2\/users\/2"}],"replies":[{"embeddable":true,"href":"https:\/\/visionarymarketing.com\/fr\/wp-json\/wp\/v2\/comments?post=6809"}],"version-history":[{"count":0,"href":"https:\/\/visionarymarketing.com\/fr\/wp-json\/wp\/v2\/posts\/6809\/revisions"}],"wp:featuredmedia":[{"embeddable":true,"href":"https:\/\/visionarymarketing.com\/fr\/wp-json\/wp\/v2\/media\/6801"}],"wp:attachment":[{"href":"https:\/\/visionarymarketing.com\/fr\/wp-json\/wp\/v2\/media?parent=6809"}],"wp:term":[{"taxonomy":"category","embeddable":true,"href":"https:\/\/visionarymarketing.com\/fr\/wp-json\/wp\/v2\/categories?post=6809"},{"taxonomy":"post_tag","embeddable":true,"href":"https:\/\/visionarymarketing.com\/fr\/wp-json\/wp\/v2\/tags?post=6809"}],"curies":[{"name":"wp","href":"https:\/\/api.w.org\/{rel}","templated":true}]}}