{"id":67576,"date":"2022-05-09T06:55:14","date_gmt":"2022-05-09T04:55:14","guid":{"rendered":"https:\/\/visionarymarketing.com\/?p=67576"},"modified":"2023-01-13T15:36:39","modified_gmt":"2023-01-13T14:36:39","slug":"l-ecole-du-futur","status":"publish","type":"post","link":"https:\/\/visionarymarketing.com\/fr\/2022\/05\/09\/l-ecole-du-futur\/","title":{"rendered":"L&rsquo;\u00e9cole du futur d\u00e9crite par un pionnier de l&rsquo;Internet"},"content":{"rendered":"<p><em>\u00c0 quoi ressemblera l&rsquo;\u00e9cole du futur ? Pour le savoir, j&rsquo;ai pos\u00e9 la question \u00e0 mon ami <a href=\"https:\/\/www.linkedin.com\/in\/pdewost\/\" target=\"_blank\" rel=\"noopener\">Philippe Dewost<\/a>, directeur g\u00e9n\u00e9ral de l&rsquo;<a href=\"https:\/\/epita.fr\" target=\"_blank\" rel=\"noopener\">Epita<\/a>, qui vient de publier <a href=\"https:\/\/de-memoire-vive-philippe-dewost.epita.fr\" target=\"_blank\" rel=\"noopener\">De m\u00e9moire vive\u00a0&#8211; une histoire de l&rsquo;aventure num\u00e9rique<\/a>. Sorti aux \u00e9ditions Point de bascule il y a quelques mois, son livre est pr\u00e9fac\u00e9 par C\u00e9dric Villani. Il y parle <strong>du futur de l&rsquo;\u00e9ducation et de la place du digital dans les programmes<\/strong>. Un tirage \u00e0 part de 42 exemplaires num\u00e9rot\u00e9s certifi\u00e9s par NFT <a href=\"https:\/\/de-memoire-vive.web.app\" target=\"_blank\" rel=\"noopener\">est m\u00eame accessible ici<\/a>. Le produit de la vente en sera revers\u00e9 \u00e0 des associations de l&rsquo;Epita travaillant au service des plus d\u00e9munis autour du site de l&rsquo;\u00e9cole au Kremlin-Bic\u00eatre. Lors de cette interview, nous avons notamment balay\u00e9 les diff\u00e9rents impacts de la technologie, sans oublier le fameux <a href=\"https:\/\/visionarymarketing.com\/fr\/2022\/03\/metaverse\/\">m\u00e9taverse<\/a>, dont Philippe pense qu&rsquo;il est encore du domaine du fantasme.\u00a0<\/em><\/p>\n<h2>L&rsquo;\u00e9cole du futur d\u00e9crite par un pionnier de l&rsquo;Internet<\/h2>\n<figure id=\"attachment_68751\" aria-describedby=\"caption-attachment-68751\" style=\"width: 520px\" class=\"wp-caption aligncenter\"><img decoding=\"async\" class=\"wp-image-68751 size-full\" src=\"https:\/\/visionarymarketing.com\/wp-content\/uploads\/2022\/05\/l-ecole-du-futur-jumpstory-download20220508-192856.jpg\" alt=\"\u00e9cole du futur\" width=\"520\" height=\"340\" srcset=\"https:\/\/visionarymarketing.com\/wp-content\/uploads\/2022\/05\/l-ecole-du-futur-jumpstory-download20220508-192856.jpg 520w, https:\/\/visionarymarketing.com\/wp-content\/uploads\/2022\/05\/l-ecole-du-futur-jumpstory-download20220508-192856-459x300.jpg 459w\" sizes=\"(max-width: 520px) 100vw, 520px\" \/><figcaption id=\"caption-attachment-68751\" class=\"wp-caption-text\">\u00c0 quoi ressemblera l&rsquo;\u00e9cole du futur ? J&rsquo;ai pos\u00e9 la question \u00e0 Philippe Dewost, d\u00e9sormais directeur g\u00e9n\u00e9ral de l&rsquo;Epita.<\/figcaption><\/figure>\n<h3>La r\u00e9volution num\u00e9rique est achev\u00e9e et la transition est derri\u00e8re nous<\/h3>\n<blockquote class=\"quote-light\"><p>Une r\u00e9volution est ce qui s\u00e9pare un avant et un apr\u00e8s. \u00c7a ne peut pas \u00eatre quelque chose de continu, m\u00eame si le fruit de cette r\u00e9volution num\u00e9rique est un changement continu<\/p><\/blockquote>\n<p><!--more--><\/p>\n<p>Le num\u00e9rique n&rsquo;a aucun secret pour Philippe. Co-fondateur de Wanadoo, il conna\u00eet tous les recoins de la technologie, pour avoir longuement exerc\u00e9 dans ce domaine.<\/p>\n<p>Nous nous croisons r\u00e9guli\u00e8rement depuis plus de 20 et c&rsquo;est toujours avec int\u00e9r\u00eat \u2014 et aussi beaucoup d&rsquo;admiration \u2014 que je suis le parcours de Philippe depuis ces temps pr\u00e9historiques. Une carri\u00e8re v\u00e9ritablement impressionnante, il suffit de jeter un \u0153il sur <a href=\"https:\/\/www.linkedin.com\/in\/pdewost\/?locale=fr_FR\" target=\"_blank\" rel=\"noopener\">son profil LinkedIn<\/a> pour s&rsquo;en rendre compte.<\/p>\n<figure id=\"attachment_68760\" aria-describedby=\"caption-attachment-68760\" style=\"width: 780px\" class=\"wp-caption aligncenter\"><img decoding=\"async\" class=\"size-full wp-image-68760\" src=\"https:\/\/visionarymarketing.com\/wp-content\/uploads\/2022\/05\/livre-de-memoire-vivre-philippe-dewost-numerique-epita-directeur-2022-07.jpeg\" alt=\"Ecole du futur\" width=\"780\" height=\"538\" srcset=\"https:\/\/visionarymarketing.com\/wp-content\/uploads\/2022\/05\/livre-de-memoire-vivre-philippe-dewost-numerique-epita-directeur-2022-07.jpeg 780w, https:\/\/visionarymarketing.com\/wp-content\/uploads\/2022\/05\/livre-de-memoire-vivre-philippe-dewost-numerique-epita-directeur-2022-07-435x300.jpeg 435w, https:\/\/visionarymarketing.com\/wp-content\/uploads\/2022\/05\/livre-de-memoire-vivre-philippe-dewost-numerique-epita-directeur-2022-07-768x530.jpeg 768w\" sizes=\"(max-width: 780px) 100vw, 780px\" \/><figcaption id=\"caption-attachment-68760\" class=\"wp-caption-text\">C\u00e9dric Villani a sign\u00e9 la pr\u00e9face du livre de Philippe Dewost &#8211; photo Epita<\/figcaption><\/figure>\n<p>Depuis octobre 2021 il est directeur g\u00e9n\u00e9ral de l&rsquo;Epita, la grande \u00e9cole d&rsquo;ing\u00e9nieurs bien connue et il a sorti un livre dans la foul\u00e9e. Je l&rsquo;ai donc contact\u00e9 pour t\u00e9moigner sur ce nouvel ouvrage et, avec sa gentillesse habituelle, il a accept\u00e9 de passer dans nos locaux pour enregistrer ce podcast.<\/p>\n<p>Si selon Philippe, nous ne sommes \u00ab\u00a0plus dans une r\u00e9volution num\u00e9rique\u00a0\u00bb qui est derri\u00e8re nous, \u00ab\u00a0c&rsquo;est l&rsquo;ensemble des cons\u00e9quences de cette r\u00e9volution, que nous sommes plus ou moins pr\u00e9par\u00e9s \u00e0 g\u00e9rer et \u00e0 mettre en place\u00a0\u00bb.<\/p>\n<p>\u00ab\u00a0La plupart des m\u00e9tiers qui seront pratiqu\u00e9s dans quinze ans <a href=\"https:\/\/www.linkedin.com\/pulse\/85-jobs-exist-2030-havent-been-invented-yet-leo-salemi\" target=\"_blank\" rel=\"noopener\">restent encore \u00e0 inventer<\/a>*. En revanche, le socle sur lequel ils reposent est d\u00e9j\u00e0 l\u00e0\u00a0\u00bb, nous dit-il. Alors comment allons-nous r\u00e9inventer l&rsquo;\u00e9cole qui y pr\u00e9parera ? Je laisse Philippe r\u00e9pondre \u00e0 cette question.<\/p>\n<figure id=\"attachment_68752\" aria-describedby=\"caption-attachment-68752\" style=\"width: 800px\" class=\"wp-caption aligncenter\"><img decoding=\"async\" class=\"wp-image-68752 size-full\" src=\"https:\/\/visionarymarketing.com\/wp-content\/uploads\/2022\/05\/51927699861-99947dde42-c-1.jpg\" alt=\"\u00e9cole du futur\" width=\"800\" height=\"532\" srcset=\"https:\/\/visionarymarketing.com\/wp-content\/uploads\/2022\/05\/51927699861-99947dde42-c-1.jpg 800w, https:\/\/visionarymarketing.com\/wp-content\/uploads\/2022\/05\/51927699861-99947dde42-c-1-451x300.jpg 451w, https:\/\/visionarymarketing.com\/wp-content\/uploads\/2022\/05\/51927699861-99947dde42-c-1-768x511.jpg 768w\" sizes=\"(max-width: 800px) 100vw, 800px\" \/><figcaption id=\"caption-attachment-68752\" class=\"wp-caption-text\">Philippe Dewost lors de son passage dans le <a href=\"https:\/\/vismktg.info\/studio\" target=\"_blank\" rel=\"noopener\">studio de Visionary Marketing<\/a><\/figcaption><\/figure>\n<p>Philippe Dewost situe le point de bascule autour de 2007 :<\/p>\n<ul>\n<li>La puissance de traitement est telle qu&rsquo;il y a dans nos t\u00e9l\u00e9phones la puissance de calcul de plusieurs supercalculateurs que le CEA utilisait dans les ann\u00e9es 90 pour faire de la simulation nucl\u00e9aire ;<\/li>\n<li>L&rsquo;efficacit\u00e9 des r\u00e9seaux est l\u00e0 ;<\/li>\n<li>Cette puissance se concentre rapidement dans les mains d&rsquo;un tout petit nombre d&rsquo;acteurs. Cela change la donne parce que le monde est moins ouvert qu&rsquo;il ne l&rsquo;a \u00e9t\u00e9 d\u00e8s les d\u00e9buts d&rsquo;Internet sur le plan industriel. Cela ne veut pas dire qu&rsquo;il ne reste pas ouvert, mais les r\u00e8gles du jeu ont chang\u00e9 de mani\u00e8re relativement d\u00e9finitive.<\/li>\n<\/ul>\n<h3>Un manque de perspective historique<\/h3>\n<blockquote class=\"quote-light\"><p>Si la r\u00e9volution digitale est achev\u00e9e, nous avons maintenant \u00e0 entreprendre l&#8217;emploi et l&rsquo;agencement de tous les outils dont nous avons h\u00e9rit\u00e9. Encore faut-il que l\u2019on comprenne \u00e0 quelles fins on les met en \u0153uvre<\/p><\/blockquote>\n<p><a href=\"https:\/\/premierepartie.com\/boutique\/de-memoire-vive\/\"><img decoding=\"async\" class=\"alignright wp-image-68765 size-full\" src=\"https:\/\/visionarymarketing.com\/wp-content\/uploads\/2022\/05\/epp252-couv-1-e1652040326644.jpg\" alt=\"\" width=\"150\" height=\"244\" \/><\/a>Le seul moyen de comprendre comment y arriver est \u00ab\u00a0de prendre un minimum de recul et de se poser la question de savoir pourquoi ces outils ont \u00e9t\u00e9 cr\u00e9\u00e9s et sont comme ils sont\u00a0\u00bb.<\/p>\n<p><em>\u00ab\u00a0Quand j&rsquo;ai commenc\u00e9 \u00e0 \u00e9crire ce livre, je me suis aper\u00e7u qu\u2019il existait des monographies extr\u00eamement compl\u00e8tes de l&rsquo;histoire des protocoles de communication en r\u00e9seau de 1970 \u00e0 nos jours, des monographies tr\u00e8s compl\u00e8tes de l&rsquo;histoire du silicium ou de l&rsquo;histoire de la Silicon Valley, mais tr\u00e8s peu de tableaux synoptiques revisitant ces trente derni\u00e8res ann\u00e9es par grandes p\u00e9riodes, \u00e9clairant un sujet, un enjeu, avec toujours cette question : comment \u2014 ou plut\u00f4t pourquoi \u2014 en sommes-nous arriv\u00e9s l\u00e0 ?\u00a0\u00bb<\/em>, explique Philippe.<\/p>\n<blockquote class=\"quote-light\"><p>Toute la question qui est devant nous est\u00a0: quelle est la r\u00e9ponse la plus adapt\u00e9e \u00e0 la r\u00e9volution num\u00e9rique ?<\/p><\/blockquote>\n<p>La pand\u00e9mie a subitement fait sauter le verrou culturel et permis d&rsquo;envisager, parce qu&rsquo;on n&rsquo;avait pas d&rsquo;autre choix, d&rsquo;utiliser cette technologie pour d\u00e9ployer l&rsquo;enseignement \u00e0 distance, et fait basculer l&rsquo;\u00e9cole dans un mod\u00e8le beaucoup plus individualis\u00e9.<\/p>\n<h3>\u00c0 quoi ressemblera donc l&rsquo;\u00e9cole du futur ?<\/h3>\n<p>L&rsquo;\u00c9cole du futur doit trouver dans chaque domaine et pour chaque type de formation un dosage unique entre :<\/p>\n<ul>\n<li>ce qui peut \u00eatre fait \u00e0 distance ;<\/li>\n<li>les enseignements qu&rsquo;il\u00a0reste opportun de faire en pr\u00e9sentiel avec un intervenant en face des \u00e9l\u00e8ves ;<\/li>\n<li>la facult\u00e9 de faire travailler les \u00e9tudiants ensemble sur des projets.<\/li>\n<\/ul>\n<p>Une partie de la p\u00e9dagogie passe par la pr\u00e9sence, par le regard, par l&rsquo;interaction avec une salle. Les conf\u00e9rences Zoom ou les formations sur mesure sur Teams privent les participants de l&rsquo;\u00e9motion.<\/p>\n<p>L&rsquo;\u00e9motion prend une part non n\u00e9gligeable dans la capacit\u00e9 de transmission, et notamment dans la capacit\u00e9 que le p\u00e9dagogue \u00e0 d&rsquo;inspirer ses \u00e9tudiants pour les mettre en mouvement et les rendre durablement curieux, souligne Philippe.<\/p>\n<blockquote class=\"quote-light\"><p>On ne cr\u00e9e pas la soif d&rsquo;apprendre uniquement avec une vid\u00e9o. En tout cas, on la cr\u00e9era de mani\u00e8re beaucoup moins efficace et beaucoup moins profonde<\/p><\/blockquote>\n<p>Tout est une question de dosage.<\/p>\n<p>Toutes les \u00e9coles dans lesquelles on ne fait que du projet vont produire \u00ab\u00a0des \u00e9tudiants qui sauront faire\u00a0\u00bb, mais qui n&rsquo;auront pas n\u00e9cessairement le recul suffisant sur ce qu&rsquo;ils font.<\/p>\n<h3>La technologie permet de rompre les barri\u00e8res de la distance<\/h3>\n<p>La technologie permet de faire exploser les fronti\u00e8res et de faire intervenir des professeurs r\u00e9partis dans le monde entier.<\/p>\n<p>Des mod\u00e8les d&rsquo;\u00e9coles tr\u00e8s int\u00e9ressantes \u00e9mergent sur ce type de sujet. Elles peuvent aussi s&rsquo;affranchir de r\u00e9gulation nationale ou territoriale. La grande difficult\u00e9 sera de savoir quel type de dipl\u00f4mes elles d\u00e9livrent : quelle reconnaissance sera accord\u00e9e \u00e0 ces dipl\u00f4mes et comment r\u00e9agiront les instances de r\u00e9gulation au fait que la valeur d&rsquo;un dipl\u00f4me puisse leur \u00e9chapper ?<\/p>\n<p>On voit \u00e9merger aussi des \u00e9coles qui permettent \u00e0 des groupes multiculturels de se constituer autour de projets.<\/p>\n<figure id=\"attachment_68764\" aria-describedby=\"caption-attachment-68764\" style=\"width: 850px\" class=\"wp-caption aligncenter\"><img decoding=\"async\" class=\"wp-image-68764 size-full\" src=\"https:\/\/visionarymarketing.com\/wp-content\/uploads\/2022\/05\/epita-app.png\" alt=\"NFT et bouquin\" width=\"850\" height=\"472\" srcset=\"https:\/\/visionarymarketing.com\/wp-content\/uploads\/2022\/05\/epita-app.png 850w, https:\/\/visionarymarketing.com\/wp-content\/uploads\/2022\/05\/epita-app-500x278.png 500w, https:\/\/visionarymarketing.com\/wp-content\/uploads\/2022\/05\/epita-app-768x426.png 768w\" sizes=\"(max-width: 850px) 100vw, 850px\" \/><figcaption id=\"caption-attachment-68764\" class=\"wp-caption-text\">Les \u00e9tudiants de l&rsquo;Epita ont <a href=\"https:\/\/de-memoire-vive.web.app\" target=\"_blank\" rel=\"noopener\">mis en \u0153uvre une application<\/a> permettant de g\u00e9n\u00e9rer une version certifi\u00e9e par NFT de De m\u00e9moire vive, c&rsquo;est d\u00e9j\u00e0 un peu le futur de l&rsquo;\u00e9cole, en attendant l&rsquo;\u00e9cole du futur<\/figcaption><\/figure>\n<p>La vraie question est de savoir quelle est la valeur dans la dur\u00e9e. Il y a aussi quelque chose d&rsquo;important dans certaines \u00e9coles : certains \u00e9l\u00e8ves choisissent certaines \u00e9coles notamment en raison de la puissance du r\u00e9seau d&rsquo;anciens auquel ils vont acc\u00e9der.<\/p>\n<p>C&rsquo;est tr\u00e8s criant dans le cadre des tr\u00e8s grandes universit\u00e9s am\u00e9ricaines de l&rsquo;Ivy League, c&rsquo;est tout \u00e0 fait pertinent aussi dans le contexte de l&rsquo;Epita, souligne Philippe. \u00a0\u00bb Nous avons\u00a0un r\u00e9seau de 8 000 anciens qui sont r\u00e9partis sur toute la plan\u00e8te, et qui fonctionnent en r\u00e9seau, puisque c&rsquo;est une \u00e9cole dans laquelle on fait des computer sciences et qu\u2019il y a notamment la ma\u00eetrise des r\u00e9seaux de t\u00e9l\u00e9coms sans lesquels tout \u00e7a n&rsquo;existerait pas \u00ab\u00a0.<\/p>\n<p>Il est trop t\u00f4t \u00e0 son avis pour juger de la force ou de la puissance d&rsquo;un r\u00e9seau qui s&rsquo;est constitu\u00e9 avec les outils formidables que sont les r\u00e9seaux sociaux, mais dans lesquels la dose entre ce qui est incarn\u00e9 et ce qui est d\u00e9mat\u00e9rialis\u00e9 n&rsquo;a pas assez de recul pour savoir quel est le r\u00e9glage de curseur qui r\u00e9pondra aux attentes des \u00e9tudiants qui rejoignent ces \u00e9coles.<\/p>\n<h3>Le temps de mise en \u0153uvre de l&rsquo;innovation sur le terrain est beaucoup plus long que l&rsquo;arriv\u00e9e des technologies elles-m\u00eames<\/h3>\n<p>Il y a deux raisons \u00e0 cela.<\/p>\n<p>Le plus lent n&rsquo;est pas la technologie, mais la capacit\u00e9 d&rsquo;absorber de mani\u00e8re culturelle ces innovations.<\/p>\n<p>La deuxi\u00e8me chose est propre \u00e0 l&rsquo;enseignement. Enseigner prend du temps, enseigner un corpus de savoir-faire ou de comp\u00e9tences n&rsquo;est pas n\u00e9cessairement compressible.<\/p>\n<blockquote class=\"quote-light\"><p>Autant il est possible de rendre asynchrone l&rsquo;enseignement, autant il est illusoire de former un expert dans un domaine en deux semaines<\/p><\/blockquote>\n<p>Une \u00e9cole fonctionne sur des cycles annuels. Chaque ann\u00e9e, il y a une rentr\u00e9e, un moment d&rsquo;int\u00e9gration des nouveaux \u00e9tudiants et ensuite un d\u00e9roul\u00e9 de projets et de cours qui ne sont pas agenc\u00e9s par hasard.<\/p>\n<p>Tant qu&rsquo;on n&rsquo;a pas les fondamentaux dans certains domaines, on ne peut pas valablement r\u00e9aliser les projets.<\/p>\n<p><iframe title=\"Meudx4   \/\/ Philippe Dewost\" width=\"500\" height=\"281\" src=\"https:\/\/www.youtube.com\/embed\/ErTqsyK3q3g?feature=oembed\" frameborder=\"0\" allow=\"accelerometer; autoplay; clipboard-write; encrypted-media; gyroscope; picture-in-picture; web-share\" referrerpolicy=\"strict-origin-when-cross-origin\" allowfullscreen><\/iframe><\/p>\n<p>R\u00e9ciproquement, on ne peut pas apprendre et d\u00e9couvrir des notions th\u00e9oriques si l&rsquo;on n&rsquo;a pas mis les mains dans le cambouis digital avant.<\/p>\n<p>Tout cela conduit \u00e0 un cycle annuel. Le retour d&rsquo;exp\u00e9rience ne peut se faire \u00e9galement que sur un rythme annuel.<\/p>\n<p>Autant le digital va tr\u00e8s vite sur le plan des outils, autant sur le plan de l&rsquo;apprentissage et de la formation, c&rsquo;est comme les cycles de la nature : il y a des saisons, des moments o\u00f9 des choses germent, des choses poussent, des choses se r\u00e9coltent. Il y a des cycles incompressibles.<\/p>\n<h3>La place des humanit\u00e9s dans le digital<\/h3>\n<p>Cela est cadr\u00e9 par l&rsquo;ensemble des r\u00e9glementations europ\u00e9ennes et fran\u00e7aises qui d\u00e9finissent ce qu&rsquo;est la formation sup\u00e9rieure, ce qu&rsquo;est l&rsquo;enseignement sup\u00e9rieur, ce qui constitue un dipl\u00f4me.<\/p>\n<p>On ne peut pas aujourd&rsquo;hui avoir un dipl\u00f4me d&rsquo;ing\u00e9nieur si on n&rsquo;a pas re\u00e7u un minimum d&rsquo;enseignement en sciences humaines et sociales, d&rsquo;apprentissage de ce qu&rsquo;on appelle \u00ab\u00a0les soft skills\u00a0\u00bb.<\/p>\n<blockquote class=\"quote-light\"><p>C&rsquo;est une chose de savoir d\u00e9velopper du logiciel, de savoir coder, mais c&rsquo;en est une autre d&rsquo;\u00eatre capable d&rsquo;expliquer \u00e0 un client ce qu&rsquo;on a fait, d&rsquo;\u00eatre capable de manager une \u00e9quipe<\/p><\/blockquote>\n<p>C&rsquo;est bien d&rsquo;\u00eatre un tr\u00e8s bon d\u00e9veloppeur logiciel. Mais il est indispensable aussi d&rsquo;avoir int\u00e9gr\u00e9 au cours de sa formation une capacit\u00e9 \u00e0 interagir avec les autres, et notamment avec ceux qui sont moins dou\u00e9s que soi. Le monde du logiciel vu de l&rsquo;ext\u00e9rieur est rest\u00e9 encore sur l&rsquo;image des joyeux hippies de la Californie des ann\u00e9es 70. Le tout le monde il est beau, tout le monde il est gentil, n\u2019est pas compl\u00e8tement vrai.<\/p>\n<h3>L&rsquo;\u00e9cole du futur : pr\u00e9parer les \u00e9l\u00e8ves \u00e0 un monde ultracomp\u00e9titif<\/h3>\n<p>C&rsquo;est un monde ultracomp\u00e9titif, ultra darwinien, dans lequel vous \u00eates au bout de quelques semaines qualifi\u00e9 de g\u00e9nie ou de tocard. Vous devez faire coop\u00e9rer des gens ensemble sur des projets complexes, car tout ne peut pas \u00eatre fait \u00e0 partir d&rsquo;un seul d\u00e9veloppeur. Quand vous devez coop\u00e9rer avec d&rsquo;autres personnes, y compris des gens qui sont plus dou\u00e9s ou moins dou\u00e9s, vous devez apprendre \u00e0 g\u00e9rer les interactions entre des humains qui sont n\u00e9cessairement imparfaits.<\/p>\n<p>Ces fameuses soft skills sont toute la dimension du management. C&rsquo;est d\u00e9j\u00e0 pris en compte dans les \u00e9coles. L&rsquo;enseignement au lyc\u00e9e et l&rsquo;enseignement sup\u00e9rieur en g\u00e9n\u00e9ral a besoin de mettre une petite dose d&rsquo;une composante qui est souvent tr\u00e8s absente de ces enseignements, qui est celle de l&rsquo;histoire.<\/p>\n<blockquote class=\"quote-light\"><p>Seule l&rsquo;histoire vous donne du recul et vous permet d&#8217;embrasser le contexte plus g\u00e9n\u00e9ral dans lequel ont \u00e9t\u00e9 faits les outils que vous utilisez et vous permet de vous projeter<\/p><\/blockquote>\n<p><span style=\"color: #000000;\">Steve Jobs est con<\/span>nu notamment pour avoir utilis\u00e9 \u00e0 plusieurs reprises cette formule \u00a0\u00bb <a href=\"https:\/\/www.youtube.com\/watch?v=UF8uR6Z6KLc\" target=\"_blank\" rel=\"noopener\">connecting the dots<\/a> \u00ab\u00a0. Il disait en termes de marketing que les clients ne savaient pas ce qu&rsquo;ils voulaient. Mais il disait aussi qu&rsquo;il fallait proposer \u00e0 l&rsquo;utilisateur des technologies, des services, des interfaces, qui soient en continuit\u00e9 avec ce qui avait \u00e9t\u00e9 connu auparavant.<\/p>\n<h3>L&rsquo;av\u00e8nement du multitouch n&rsquo;\u00e9tait pas pensable sans conna\u00eetre les tentatives ant\u00e9rieures<\/h3>\n<p>L&rsquo;av\u00e8nement du multitouch sur les \u00e9crans n&rsquo;\u00e9tait pas pensable sans avoir pris en compte auparavant toutes les tentatives d&rsquo;interaction qui avaient \u00e9t\u00e9 faites, notamment via les claviers. C&rsquo;est la grande \u00e9poque du BlackBerry, pour ceux qui s&rsquo;en souviennent. Ces diff\u00e9rents moments de l&rsquo;histoire des technologies s&rsquo;encha\u00eenent. Il y a un lien entre chaque \u00e9tape, et innover, c&rsquo;est prolonger ce lien, parfois en lui faisant subir une inflexion radicale. Mais le point pr\u00e9c\u00e9dent reste connect\u00e9.<\/p>\n<h3>Le m\u00e9tavers peut-il devenir pr\u00e9pond\u00e9rant dans le domaine de l&rsquo;\u00e9ducation et de la formation ?<\/h3>\n<p>C&rsquo;est une question complexe, car cela n&rsquo;est absolument pas stabilis\u00e9, souligne Philippe. Le m\u00e9tavers est devenu un fantasme collectif cristallis\u00e9 autour de quelques g\u00e9ants des technologies num\u00e9riques.<\/p>\n<figure id=\"attachment_68758\" aria-describedby=\"caption-attachment-68758\" style=\"width: 850px\" class=\"wp-caption aligncenter\"><img decoding=\"async\" class=\"wp-image-68758 size-full\" src=\"https:\/\/visionarymarketing.com\/wp-content\/uploads\/2022\/05\/screenshot-2022-05-08-at-215017-e1652039456831.png\" alt=\"\u00e9cole du futur\" width=\"850\" height=\"530\" \/><figcaption id=\"caption-attachment-68758\" class=\"wp-caption-text\">On ne sait pas encore si l&rsquo;\u00e9cole sera dans le m\u00e9tavers, par contre nous sommes capables d&rsquo;affirmer qu&rsquo;il y a d\u00e9j\u00e0 <a href=\"https:\/\/metaverse-school.com\" target=\"_blank\" rel=\"noopener\">une \u00e9cole du m\u00e9tavers<\/a><\/figcaption><\/figure>\n<p>Cela suppose l&rsquo;av\u00e8nement d&rsquo;outils qui sont en gestation, mais dont la fluidit\u00e9 d&rsquo;usage n&rsquo;est pas encore compl\u00e8tement l\u00e0, et cela n\u00e9cessite du temps. Entre le moment o\u00f9 Facebook se renomme en m\u00e9ta, il y a quelques semaines, et le moment ant\u00e9rieur o\u00f9 ils ont rachet\u00e9 Oculus pour commencer \u00e0 travailler sur les casques de r\u00e9alit\u00e9 virtuelle, il s&rsquo;est \u00e9coul\u00e9 plusieurs ann\u00e9es.<\/p>\n<blockquote class=\"quote-light\"><p>On en est au stade du fantasme. Beaucoup de soci\u00e9t\u00e9s explorent les possibilit\u00e9s et on est dans une phase de d\u00e9frichage<\/p><\/blockquote>\n<p>Il y a d\u00e9j\u00e0 eu des tentatives pr\u00e9c\u00e9dentes, comme Second Life, qui ont \u00e9chou\u00e9 pour plusieurs raisons, dont une qui \u00e9tait que la technologie n&rsquo;\u00e9tait pas suffisamment fluide et suffisamment immersive pour le permettre.<\/p>\n<p>Le m\u00e9tavers c&rsquo;est aussi la capacit\u00e9 d&rsquo;effectuer des transactions dans ces univers parall\u00e8les, au moyen notamment des cryptomonnaies et de leur d\u00e9rivation que sont les NFT. C&rsquo;est une r\u00e9volution radicale, qui elle aussi est en gestation depuis fin 2008 &#8211; d\u00e9but 2009 avec le Bitcoin.<\/p>\n<h3>Une \u00e9volution radicale<\/h3>\n<p>C&rsquo;est une r\u00e9volution radicale, car c&rsquo;est la premi\u00e8re fois qu&rsquo;on vient poser sur une infrastructure qui est Internet, quelque chose qui lui est totalement antagoniste.<\/p>\n<p>Internet, si on r\u00e9sume, est une machine \u00e0 copier de l&rsquo;information \u00e0 co\u00fbt marginal nul. Or, d\u00e8s que vous voulez faire des transactions, vous avez besoin au contraire de vous assurer de l&rsquo;unicit\u00e9 de ce qui fait la transaction, que ce soit la contrepartie mon\u00e9taire ou que ce soit l&rsquo;objet qui est \u00e9chang\u00e9 dans la transaction. S&rsquo;il n&rsquo;est pas unique, vous avez un probl\u00e8me.<\/p>\n<h3>Le m\u00e9tavers prend en consid\u00e9ration cette dimension.<\/h3>\n<p>Sur un plan anthropologique, le m\u00e9tavers va permettre des choses extraordinaires dans un tr\u00e8s grand nombre de domaines qui ne sont pas encore bien circonscrits ou bien identifi\u00e9s. Il y a d&rsquo;autres domaines dans lesquels le m\u00e9tavers ne pourra pas se substituer \u00e0 ce qui fait le caract\u00e8re incarn\u00e9, physique, de l&rsquo;interaction sociale et de la pr\u00e9sence.<\/p>\n<p>Les r\u00e9seaux sociaux ont permis de cr\u00e9er du lien \u00e0 distance, surtout dans le temps, et ont permis de rendre des personnes famili\u00e8res les unes aux autres alors qu&rsquo;elles ne s&rsquo;\u00e9taient pas vues tr\u00e8s souvent.<\/p>\n<p>De la m\u00eame mani\u00e8re, l&rsquo;interaction entre deux personnes qui se voient r\u00e9guli\u00e8rement, m\u00eame de mani\u00e8re intermittente, la qualit\u00e9 de pr\u00e9sence n&rsquo;est \u00e9videmment pas la m\u00eame.<\/p>\n<p>Dans le monde de l&rsquo;\u00e9ducation, la qualit\u00e9 de pr\u00e9sence des \u00e9tudiants les uns aux autres et les \u00e9changes entre les \u00e9tudiants et leurs assistants jouent un r\u00f4le important.<\/p>\n<h3>Le futur de l&rsquo;\u00e9cole dans la piscine du m\u00e9tavers ?<\/h3>\n<p>Des \u00e9tudiants de l&rsquo;<a href=\"https:\/\/www.epita.fr\" target=\"_blank\" rel=\"noopener\">Epita<\/a> proposeront certainement de faire des simulations de <a href=\"https:\/\/www.epitech.eu\/fr\/pedagogie-projets\/\" target=\"_blank\" rel=\"noopener\">piscine<\/a> dans le m\u00e9tavers, souligne Philippe. Ce serait assez dr\u00f4le \u00e0 imaginer. La piscine se substituera-t-elle compl\u00e8tement dans sa version virtuelle \u00e0 ce dont les \u00e9tudiants font l\u2019exp\u00e9rience ?<\/p>\n<p>Une piscine \u00e0 l&rsquo;Epita \u00e0 la rentr\u00e9e est un moment extr\u00eamement intense dans lequel tous les \u00e9tudiants sont au m\u00eame endroit, devant des machines identiques. La salle Cisco par exemple permet de travailler en \u00e9coutant de la musique, alors que dans d&rsquo;autres il n&rsquo;y en a pas. Les affinit\u00e9s se cr\u00e9ent entre \u00e9tudiants, par le fait qu&rsquo;ils sont c\u00f4te \u00e0 c\u00f4te en train d&rsquo;affronter leurs projets sur des plages horaires \u00e9tendues, qu&rsquo;ils testent leurs limites, y compris leurs limites physiques, leur r\u00e9sistance \u00e0 la fatigue.<\/p>\n<p>Le but de la piscine dans son intensit\u00e9 n&rsquo;est absolument pas d&rsquo;\u00e9puiser les \u00e9tudiants, pr\u00e9cise Philippe, mais de leur apprendre \u00e0 atteindre leurs limites physiques, de d\u00e9couvrir qu&rsquo;ils ne sont pas tous \u00e9gaux face \u00e0 la fatigue. Certains ont besoin de deux heures de sommeil par nuit, d&rsquo;autres de 8 heures.<\/p>\n<blockquote class=\"quote-light\"><p>L&rsquo;important est d&rsquo;identifier ses limites et d&rsquo;apprendre \u00e0 les g\u00e9rer. Vous ne le faites pas avec une qualit\u00e9 et une proximit\u00e9 identiques si vous n&rsquo;\u00eates pas localis\u00e9s pendant une p\u00e9riode tr\u00e8s intense dans la m\u00eame salle<\/p><\/blockquote>\n<p>L&rsquo;avenir nous dira si ce fameux m\u00e9tavers nous apportera des innovations dans ce domaine ou si, finalement, on restera dans le mode hybride qu&rsquo;on conna\u00eet aujourd&rsquo;hui.<\/p>\n<p><a href=\"https:\/\/premierepartie.com\/boutique\/de-memoire-vive\/\" target=\"_blank\" rel=\"noopener\"><img decoding=\"async\" class=\"aligncenter wp-image-23414 size-full\" src=\"https:\/\/visionarymarketing.com\/wp-content\/uploads\/2017\/02\/tous-boutons.png\" alt=\"acheter le livre\" width=\"450\" height=\"75\" \/><\/a><\/p>\n<p><i>* notons quand-m\u00eame que tout le monde n&rsquo;est pas d&rsquo;accord sur ce chiffre <\/i><a href=\"https:\/\/www.forbes.com\/sites\/dereknewton\/2018\/12\/28\/the-myth-of-jobs-that-dont-exist-yet\/?sh=dfe044a70ec0\" target=\"_blank\" rel=\"noopener\"><i>comme le d\u00e9montre ce billet de Forbes<\/i><\/a><i>. Certainement qu&rsquo;il y a l\u00e0 mati\u00e8re \u00e0 un nouveau billet.<\/i><\/p>\n<div itemscope itemtype=\"http:\/\/schema.org\/AudioObject\"><meta itemprop=\"name\" content=\"L&amp;rsquo;\u00e9cole du futur d\u00e9crite par un pionnier de l&amp;rsquo;Internet\" \/><meta itemprop=\"uploadDate\" content=\"2022-05-09T06:55:14+02:00\" \/><meta itemprop=\"encodingFormat\" content=\"audio\/mpeg\" \/><meta itemprop=\"duration\" content=\"PT48M37S\" \/><meta itemprop=\"description\" content=\"\u00c0 quoi ressemblera l&#039;\u00e9cole du futur ? Pour le savoir, j&#039;ai pos\u00e9 la question \u00e0 mon ami Philippe Dewost, directeur g\u00e9n\u00e9ral de l&#039;Epita, qui vient de publier De m\u00e9moire vive\u00a0- une histoire de l&#039;aventure num\u00e9rique. Sorti aux \u00e9ditions Point de bascule il y...\" \/><meta itemprop=\"contentUrl\" content=\"https:\/\/media.blubrry.com\/visionarymarketing_les\/agence.visionarymarketing.com\/files\/podcasts\/2022-05-09-P-Dewost-dememoirevive-mixdown.mp3\" \/><meta itemprop=\"contentSize\" content=\"66.9\" \/><div class=\"powerpress_player\" id=\"powerpress_player_5634\"><audio class=\"wp-audio-shortcode\" id=\"audio-67576-1\" preload=\"none\" style=\"width: 100%;\" controls=\"controls\"><source type=\"audio\/mpeg\" src=\"https:\/\/media.blubrry.com\/visionarymarketing_les\/agence.visionarymarketing.com\/files\/podcasts\/2022-05-09-P-Dewost-dememoirevive-mixdown.mp3?_=1\" \/><a href=\"https:\/\/media.blubrry.com\/visionarymarketing_les\/agence.visionarymarketing.com\/files\/podcasts\/2022-05-09-P-Dewost-dememoirevive-mixdown.mp3\">https:\/\/media.blubrry.com\/visionarymarketing_les\/agence.visionarymarketing.com\/files\/podcasts\/2022-05-09-P-Dewost-dememoirevive-mixdown.mp3<\/a><\/audio><\/div><\/div><p class=\"powerpress_links powerpress_links_mp3\" style=\"margin-bottom: 1px !important;\">Podcast: <a href=\"https:\/\/media.blubrry.com\/visionarymarketing_les\/agence.visionarymarketing.com\/files\/podcasts\/2022-05-09-P-Dewost-dememoirevive-mixdown.mp3\" class=\"powerpress_link_pinw\" target=\"_blank\" title=\"Play in new window\" onclick=\"return powerpress_pinw('https:\/\/visionarymarketing.com\/fr\/\/?powerpress_pinw=67576-podcast');\" rel=\"nofollow\">Play in new window<\/a> | <a href=\"https:\/\/media.blubrry.com\/visionarymarketing_les\/agence.visionarymarketing.com\/files\/podcasts\/2022-05-09-P-Dewost-dememoirevive-mixdown.mp3\" class=\"powerpress_link_d\" title=\"Download\" rel=\"nofollow\" download=\"2022-05-09-P-Dewost-dememoirevive-mixdown.mp3\">Download<\/a> (Duration: 48:37 &#8212; 66.9MB)<\/p><p class=\"powerpress_links powerpress_subscribe_links\">Subscribe: <a href=\"https:\/\/itunes.apple.com\/us\/podcast\/visionarymarketing-les-interviews\/id731295319?mt=2&amp;ls=1#episodeGuid=https%3A%2F%2Fvisionarymarketing.com%2F%3Fp%3D67576\" class=\"powerpress_link_subscribe powerpress_link_subscribe_itunes\" target=\"_blank\" title=\"Subscribe on Apple Podcasts\" rel=\"nofollow\">Apple Podcasts<\/a> | <a href=\"https:\/\/open.spotify.com\/show\/52VnZ1mhVSnDs4tQOx7Vuc\" class=\"powerpress_link_subscribe powerpress_link_subscribe_spotify\" target=\"_blank\" title=\"Subscribe on Spotify\" rel=\"nofollow\">Spotify<\/a> | <a href=\"https:\/\/subscribeonandroid.com\/visionarymarketing.com\/fr\/feed\/podcast\/\" class=\"powerpress_link_subscribe powerpress_link_subscribe_android\" target=\"_blank\" title=\"Subscribe on Android\" rel=\"nofollow\">Android<\/a> | <a href=\"https:\/\/visionarymarketing.com\/fr\/feed\/podcast\/\" class=\"powerpress_link_subscribe powerpress_link_subscribe_rss\" target=\"_blank\" title=\"Subscribe via RSS\" rel=\"nofollow\">RSS<\/a><\/p>","protected":false},"excerpt":{"rendered":"<p>\u00c0 quoi ressemblera l&rsquo;\u00e9cole du futur ? Pour le savoir, j&rsquo;ai pos\u00e9 la question \u00e0 mon ami Philippe Dewost, directeur g\u00e9n\u00e9ral de l&rsquo;Epita, qui vient de publier De m\u00e9moire vive\u00a0&#8211; une histoire de l&rsquo;aventure num\u00e9rique. Sorti aux \u00e9ditions Point de bascule il y a quelques mois, son livre est pr\u00e9fac\u00e9 par C\u00e9dric Villani. Il y &hellip;<\/p>\n","protected":false},"author":2,"featured_media":68751,"comment_status":"open","ping_status":"open","sticky":false,"template":"","format":"standard","meta":{"footnotes":""},"categories":[4059],"tags":[],"class_list":["post-67576","post","type-post","status-publish","format-standard","has-post-thumbnail","hentry","category-formation-et-elearning"],"yoast_head":"<!-- This site is optimized with the Yoast SEO plugin v27.4 - https:\/\/yoast.com\/product\/yoast-seo-wordpress\/ -->\n<title>L&#039;\u00e9cole du futur d\u00e9crite par un pionnier de l&#039;Internet<\/title>\n<meta name=\"description\" content=\"L&#039;\u00e9cole du futur et l&#039;avenir de l&#039;\u00e9ducation et la place du digital dans les programmes avec Philippe Dewost, directeur g\u00e9n\u00e9ral de l&#039;Epita.\" \/>\n<meta name=\"robots\" content=\"index, follow, max-snippet:-1, max-image-preview:large, max-video-preview:-1\" \/>\n<link rel=\"canonical\" href=\"https:\/\/visionarymarketing.com\/fr\/2022\/05\/09\/l-ecole-du-futur\/\" \/>\n<meta property=\"og:locale\" content=\"fr_FR\" \/>\n<meta property=\"og:type\" content=\"article\" \/>\n<meta property=\"og:title\" content=\"L&#039;\u00e9cole du futur d\u00e9crite par un pionnier de l&#039;Internet\" \/>\n<meta property=\"og:description\" content=\"L&#039;\u00e9cole du futur et l&#039;avenir de l&#039;\u00e9ducation et la place du digital dans les programmes avec Philippe Dewost, directeur g\u00e9n\u00e9ral de l&#039;Epita.\" \/>\n<meta property=\"og:url\" content=\"https:\/\/visionarymarketing.com\/fr\/2022\/05\/09\/l-ecole-du-futur\/\" \/>\n<meta property=\"og:site_name\" content=\"Marketing and Innovation\" \/>\n<meta property=\"article:publisher\" content=\"https:\/\/www.facebook.com\/vismktg\" \/>\n<meta property=\"article:author\" content=\"http:\/\/facebook.com\/ygourven\" \/>\n<meta property=\"article:published_time\" content=\"2022-05-09T04:55:14+00:00\" \/>\n<meta property=\"article:modified_time\" content=\"2023-01-13T14:36:39+00:00\" \/>\n<meta property=\"og:image\" content=\"https:\/\/visionarymarketing.com\/wp-content\/uploads\/2022\/05\/l-ecole-du-futur-jumpstory-download20220508-192856.jpg\" \/>\n\t<meta property=\"og:image:width\" content=\"520\" \/>\n\t<meta property=\"og:image:height\" content=\"340\" \/>\n\t<meta property=\"og:image:type\" content=\"image\/jpeg\" \/>\n<meta name=\"author\" content=\"Yann Gourvennec\" \/>\n<meta name=\"twitter:card\" content=\"summary_large_image\" \/>\n<meta name=\"twitter:creator\" content=\"@ygourven\" \/>\n<meta name=\"twitter:site\" content=\"@ygourven\" \/>\n<meta name=\"twitter:label1\" content=\"\u00c9crit par\" \/>\n\t<meta name=\"twitter:data1\" content=\"Yann Gourvennec\" \/>\n\t<meta name=\"twitter:label2\" content=\"Dur\u00e9e de lecture estim\u00e9e\" \/>\n\t<meta name=\"twitter:data2\" content=\"14 minutes\" \/>\n<script type=\"application\/ld+json\" class=\"yoast-schema-graph\">{\"@context\":\"https:\\\/\\\/schema.org\",\"@graph\":[{\"@type\":\"NewsArticle\",\"@id\":\"https:\\\/\\\/visionarymarketing.com\\\/fr\\\/2022\\\/05\\\/09\\\/l-ecole-du-futur\\\/#article\",\"isPartOf\":{\"@id\":\"https:\\\/\\\/visionarymarketing.com\\\/fr\\\/2022\\\/05\\\/09\\\/l-ecole-du-futur\\\/\"},\"author\":{\"name\":\"Yann Gourvennec\",\"@id\":\"https:\\\/\\\/visionarymarketing.com\\\/fr\\\/#\\\/schema\\\/person\\\/3754fee1e558f47b8deb46f53c37423e\"},\"headline\":\"L&rsquo;\u00e9cole du futur d\u00e9crite par un pionnier de l&rsquo;Internet\",\"datePublished\":\"2022-05-09T04:55:14+00:00\",\"dateModified\":\"2023-01-13T14:36:39+00:00\",\"mainEntityOfPage\":{\"@id\":\"https:\\\/\\\/visionarymarketing.com\\\/fr\\\/2022\\\/05\\\/09\\\/l-ecole-du-futur\\\/\"},\"wordCount\":3192,\"commentCount\":4,\"image\":{\"@id\":\"https:\\\/\\\/visionarymarketing.com\\\/fr\\\/2022\\\/05\\\/09\\\/l-ecole-du-futur\\\/#primaryimage\"},\"thumbnailUrl\":\"https:\\\/\\\/visionarymarketing.com\\\/wp-content\\\/uploads\\\/2022\\\/05\\\/l-ecole-du-futur-jumpstory-download20220508-192856.jpg\",\"articleSection\":[\"formation et elearning\"],\"inLanguage\":\"fr-FR\",\"potentialAction\":[{\"@type\":\"CommentAction\",\"name\":\"Comment\",\"target\":[\"https:\\\/\\\/visionarymarketing.com\\\/fr\\\/2022\\\/05\\\/09\\\/l-ecole-du-futur\\\/#respond\"]}]},{\"@type\":\"WebPage\",\"@id\":\"https:\\\/\\\/visionarymarketing.com\\\/fr\\\/2022\\\/05\\\/09\\\/l-ecole-du-futur\\\/\",\"url\":\"https:\\\/\\\/visionarymarketing.com\\\/fr\\\/2022\\\/05\\\/09\\\/l-ecole-du-futur\\\/\",\"name\":\"L'\u00e9cole du futur d\u00e9crite par un pionnier de l'Internet\",\"isPartOf\":{\"@id\":\"https:\\\/\\\/visionarymarketing.com\\\/fr\\\/#website\"},\"primaryImageOfPage\":{\"@id\":\"https:\\\/\\\/visionarymarketing.com\\\/fr\\\/2022\\\/05\\\/09\\\/l-ecole-du-futur\\\/#primaryimage\"},\"image\":{\"@id\":\"https:\\\/\\\/visionarymarketing.com\\\/fr\\\/2022\\\/05\\\/09\\\/l-ecole-du-futur\\\/#primaryimage\"},\"thumbnailUrl\":\"https:\\\/\\\/visionarymarketing.com\\\/wp-content\\\/uploads\\\/2022\\\/05\\\/l-ecole-du-futur-jumpstory-download20220508-192856.jpg\",\"datePublished\":\"2022-05-09T04:55:14+00:00\",\"dateModified\":\"2023-01-13T14:36:39+00:00\",\"author\":{\"@id\":\"https:\\\/\\\/visionarymarketing.com\\\/fr\\\/#\\\/schema\\\/person\\\/3754fee1e558f47b8deb46f53c37423e\"},\"description\":\"L'\u00e9cole du futur et l'avenir de l'\u00e9ducation et la place du digital dans les programmes avec Philippe Dewost, directeur g\u00e9n\u00e9ral de l'Epita.\",\"breadcrumb\":{\"@id\":\"https:\\\/\\\/visionarymarketing.com\\\/fr\\\/2022\\\/05\\\/09\\\/l-ecole-du-futur\\\/#breadcrumb\"},\"inLanguage\":\"fr-FR\",\"potentialAction\":[{\"@type\":\"ReadAction\",\"target\":[\"https:\\\/\\\/visionarymarketing.com\\\/fr\\\/2022\\\/05\\\/09\\\/l-ecole-du-futur\\\/\"]}]},{\"@type\":\"ImageObject\",\"inLanguage\":\"fr-FR\",\"@id\":\"https:\\\/\\\/visionarymarketing.com\\\/fr\\\/2022\\\/05\\\/09\\\/l-ecole-du-futur\\\/#primaryimage\",\"url\":\"https:\\\/\\\/visionarymarketing.com\\\/wp-content\\\/uploads\\\/2022\\\/05\\\/l-ecole-du-futur-jumpstory-download20220508-192856.jpg\",\"contentUrl\":\"https:\\\/\\\/visionarymarketing.com\\\/wp-content\\\/uploads\\\/2022\\\/05\\\/l-ecole-du-futur-jumpstory-download20220508-192856.jpg\",\"width\":520,\"height\":340,\"caption\":\"l'\u00e9cole du futur\"},{\"@type\":\"BreadcrumbList\",\"@id\":\"https:\\\/\\\/visionarymarketing.com\\\/fr\\\/2022\\\/05\\\/09\\\/l-ecole-du-futur\\\/#breadcrumb\",\"itemListElement\":[{\"@type\":\"ListItem\",\"position\":1,\"name\":\"Home\",\"item\":\"https:\\\/\\\/visionarymarketing.com\\\/fr\\\/\"},{\"@type\":\"ListItem\",\"position\":2,\"name\":\"L&rsquo;\u00e9cole du futur d\u00e9crite par un pionnier de l&rsquo;Internet\"}]},{\"@type\":\"WebSite\",\"@id\":\"https:\\\/\\\/visionarymarketing.com\\\/fr\\\/#website\",\"url\":\"https:\\\/\\\/visionarymarketing.com\\\/fr\\\/\",\"name\":\"Marketing and Innovation\",\"description\":\"Site d&#039;infos ind\u00e9pendant, depuis 1996\",\"potentialAction\":[{\"@type\":\"SearchAction\",\"target\":{\"@type\":\"EntryPoint\",\"urlTemplate\":\"https:\\\/\\\/visionarymarketing.com\\\/fr\\\/?s={search_term_string}\"},\"query-input\":{\"@type\":\"PropertyValueSpecification\",\"valueRequired\":true,\"valueName\":\"search_term_string\"}}],\"inLanguage\":\"fr-FR\"},{\"@type\":\"Person\",\"@id\":\"https:\\\/\\\/visionarymarketing.com\\\/fr\\\/#\\\/schema\\\/person\\\/3754fee1e558f47b8deb46f53c37423e\",\"name\":\"Yann Gourvennec\",\"image\":{\"@type\":\"ImageObject\",\"inLanguage\":\"fr-FR\",\"@id\":\"https:\\\/\\\/secure.gravatar.com\\\/avatar\\\/5972001801e8de5692a3e31224e85769f50a55fb8b679749f9c8d1868cceff14?s=96&d=initials&r=g&initials=yg\",\"url\":\"https:\\\/\\\/secure.gravatar.com\\\/avatar\\\/5972001801e8de5692a3e31224e85769f50a55fb8b679749f9c8d1868cceff14?s=96&d=initials&r=g&initials=yg\",\"contentUrl\":\"https:\\\/\\\/secure.gravatar.com\\\/avatar\\\/5972001801e8de5692a3e31224e85769f50a55fb8b679749f9c8d1868cceff14?s=96&d=initials&r=g&initials=yg\",\"caption\":\"Yann Gourvennec\"},\"description\":\"Yann Gourvennec created visionarymarketing.com in 1996. He is a speaker and author of many books. In 2014 he went from intrapreneur to entrepreneur, when he created his digital marketing agency. Yann Gourvennec a cr\u00e9\u00e9 visionarymarketing.com en 1996. Il est conf\u00e9rencier et auteur de plusieurs livres. En 2014, il est pass\u00e9 d'intrapreneur \u00e0 entrepreneur en cr\u00e9ant son agence de marketing num\u00e9rique.\",\"sameAs\":[\"https:\\\/\\\/visionarymarketing.com\",\"http:\\\/\\\/facebook.com\\\/ygourven\",\"http:\\\/\\\/linkedin.com\\\/in\\\/ygourven\",\"https:\\\/\\\/x.com\\\/ygourven\",\"https:\\\/\\\/www.youtube.com\\\/c\\\/visionarymarketingagency\"],\"url\":\"https:\\\/\\\/visionarymarketing.com\\\/fr\\\/author\\\/yann-gourvennec\\\/\"}]}<\/script>\n<!-- \/ Yoast SEO plugin. -->","yoast_head_json":{"title":"L'\u00e9cole du futur d\u00e9crite par un pionnier de l'Internet","description":"L'\u00e9cole du futur et l'avenir de l'\u00e9ducation et la place du digital dans les programmes avec Philippe Dewost, directeur g\u00e9n\u00e9ral de l'Epita.","robots":{"index":"index","follow":"follow","max-snippet":"max-snippet:-1","max-image-preview":"max-image-preview:large","max-video-preview":"max-video-preview:-1"},"canonical":"https:\/\/visionarymarketing.com\/fr\/2022\/05\/09\/l-ecole-du-futur\/","og_locale":"fr_FR","og_type":"article","og_title":"L'\u00e9cole du futur d\u00e9crite par un pionnier de l'Internet","og_description":"L'\u00e9cole du futur et l'avenir de l'\u00e9ducation et la place du digital dans les programmes avec Philippe Dewost, directeur g\u00e9n\u00e9ral de l'Epita.","og_url":"https:\/\/visionarymarketing.com\/fr\/2022\/05\/09\/l-ecole-du-futur\/","og_site_name":"Marketing and Innovation","article_publisher":"https:\/\/www.facebook.com\/vismktg","article_author":"http:\/\/facebook.com\/ygourven","article_published_time":"2022-05-09T04:55:14+00:00","article_modified_time":"2023-01-13T14:36:39+00:00","og_image":[{"width":520,"height":340,"url":"https:\/\/visionarymarketing.com\/wp-content\/uploads\/2022\/05\/l-ecole-du-futur-jumpstory-download20220508-192856.jpg","type":"image\/jpeg"}],"author":"Yann Gourvennec","twitter_card":"summary_large_image","twitter_creator":"@ygourven","twitter_site":"@ygourven","twitter_misc":{"\u00c9crit par":"Yann Gourvennec","Dur\u00e9e de lecture estim\u00e9e":"14 minutes"},"schema":{"@context":"https:\/\/schema.org","@graph":[{"@type":"NewsArticle","@id":"https:\/\/visionarymarketing.com\/fr\/2022\/05\/09\/l-ecole-du-futur\/#article","isPartOf":{"@id":"https:\/\/visionarymarketing.com\/fr\/2022\/05\/09\/l-ecole-du-futur\/"},"author":{"name":"Yann Gourvennec","@id":"https:\/\/visionarymarketing.com\/fr\/#\/schema\/person\/3754fee1e558f47b8deb46f53c37423e"},"headline":"L&rsquo;\u00e9cole du futur d\u00e9crite par un pionnier de l&rsquo;Internet","datePublished":"2022-05-09T04:55:14+00:00","dateModified":"2023-01-13T14:36:39+00:00","mainEntityOfPage":{"@id":"https:\/\/visionarymarketing.com\/fr\/2022\/05\/09\/l-ecole-du-futur\/"},"wordCount":3192,"commentCount":4,"image":{"@id":"https:\/\/visionarymarketing.com\/fr\/2022\/05\/09\/l-ecole-du-futur\/#primaryimage"},"thumbnailUrl":"https:\/\/visionarymarketing.com\/wp-content\/uploads\/2022\/05\/l-ecole-du-futur-jumpstory-download20220508-192856.jpg","articleSection":["formation et elearning"],"inLanguage":"fr-FR","potentialAction":[{"@type":"CommentAction","name":"Comment","target":["https:\/\/visionarymarketing.com\/fr\/2022\/05\/09\/l-ecole-du-futur\/#respond"]}]},{"@type":"WebPage","@id":"https:\/\/visionarymarketing.com\/fr\/2022\/05\/09\/l-ecole-du-futur\/","url":"https:\/\/visionarymarketing.com\/fr\/2022\/05\/09\/l-ecole-du-futur\/","name":"L'\u00e9cole du futur d\u00e9crite par un pionnier de l'Internet","isPartOf":{"@id":"https:\/\/visionarymarketing.com\/fr\/#website"},"primaryImageOfPage":{"@id":"https:\/\/visionarymarketing.com\/fr\/2022\/05\/09\/l-ecole-du-futur\/#primaryimage"},"image":{"@id":"https:\/\/visionarymarketing.com\/fr\/2022\/05\/09\/l-ecole-du-futur\/#primaryimage"},"thumbnailUrl":"https:\/\/visionarymarketing.com\/wp-content\/uploads\/2022\/05\/l-ecole-du-futur-jumpstory-download20220508-192856.jpg","datePublished":"2022-05-09T04:55:14+00:00","dateModified":"2023-01-13T14:36:39+00:00","author":{"@id":"https:\/\/visionarymarketing.com\/fr\/#\/schema\/person\/3754fee1e558f47b8deb46f53c37423e"},"description":"L'\u00e9cole du futur et l'avenir de l'\u00e9ducation et la place du digital dans les programmes avec Philippe Dewost, directeur g\u00e9n\u00e9ral de l'Epita.","breadcrumb":{"@id":"https:\/\/visionarymarketing.com\/fr\/2022\/05\/09\/l-ecole-du-futur\/#breadcrumb"},"inLanguage":"fr-FR","potentialAction":[{"@type":"ReadAction","target":["https:\/\/visionarymarketing.com\/fr\/2022\/05\/09\/l-ecole-du-futur\/"]}]},{"@type":"ImageObject","inLanguage":"fr-FR","@id":"https:\/\/visionarymarketing.com\/fr\/2022\/05\/09\/l-ecole-du-futur\/#primaryimage","url":"https:\/\/visionarymarketing.com\/wp-content\/uploads\/2022\/05\/l-ecole-du-futur-jumpstory-download20220508-192856.jpg","contentUrl":"https:\/\/visionarymarketing.com\/wp-content\/uploads\/2022\/05\/l-ecole-du-futur-jumpstory-download20220508-192856.jpg","width":520,"height":340,"caption":"l'\u00e9cole du futur"},{"@type":"BreadcrumbList","@id":"https:\/\/visionarymarketing.com\/fr\/2022\/05\/09\/l-ecole-du-futur\/#breadcrumb","itemListElement":[{"@type":"ListItem","position":1,"name":"Home","item":"https:\/\/visionarymarketing.com\/fr\/"},{"@type":"ListItem","position":2,"name":"L&rsquo;\u00e9cole du futur d\u00e9crite par un pionnier de l&rsquo;Internet"}]},{"@type":"WebSite","@id":"https:\/\/visionarymarketing.com\/fr\/#website","url":"https:\/\/visionarymarketing.com\/fr\/","name":"Marketing and Innovation","description":"Site d&#039;infos ind\u00e9pendant, depuis 1996","potentialAction":[{"@type":"SearchAction","target":{"@type":"EntryPoint","urlTemplate":"https:\/\/visionarymarketing.com\/fr\/?s={search_term_string}"},"query-input":{"@type":"PropertyValueSpecification","valueRequired":true,"valueName":"search_term_string"}}],"inLanguage":"fr-FR"},{"@type":"Person","@id":"https:\/\/visionarymarketing.com\/fr\/#\/schema\/person\/3754fee1e558f47b8deb46f53c37423e","name":"Yann Gourvennec","image":{"@type":"ImageObject","inLanguage":"fr-FR","@id":"https:\/\/secure.gravatar.com\/avatar\/5972001801e8de5692a3e31224e85769f50a55fb8b679749f9c8d1868cceff14?s=96&d=initials&r=g&initials=yg","url":"https:\/\/secure.gravatar.com\/avatar\/5972001801e8de5692a3e31224e85769f50a55fb8b679749f9c8d1868cceff14?s=96&d=initials&r=g&initials=yg","contentUrl":"https:\/\/secure.gravatar.com\/avatar\/5972001801e8de5692a3e31224e85769f50a55fb8b679749f9c8d1868cceff14?s=96&d=initials&r=g&initials=yg","caption":"Yann Gourvennec"},"description":"Yann Gourvennec created visionarymarketing.com in 1996. He is a speaker and author of many books. In 2014 he went from intrapreneur to entrepreneur, when he created his digital marketing agency. Yann Gourvennec a cr\u00e9\u00e9 visionarymarketing.com en 1996. Il est conf\u00e9rencier et auteur de plusieurs livres. En 2014, il est pass\u00e9 d'intrapreneur \u00e0 entrepreneur en cr\u00e9ant son agence de marketing num\u00e9rique.","sameAs":["https:\/\/visionarymarketing.com","http:\/\/facebook.com\/ygourven","http:\/\/linkedin.com\/in\/ygourven","https:\/\/x.com\/ygourven","https:\/\/www.youtube.com\/c\/visionarymarketingagency"],"url":"https:\/\/visionarymarketing.com\/fr\/author\/yann-gourvennec\/"}]}},"_links":{"self":[{"href":"https:\/\/visionarymarketing.com\/fr\/wp-json\/wp\/v2\/posts\/67576","targetHints":{"allow":["GET"]}}],"collection":[{"href":"https:\/\/visionarymarketing.com\/fr\/wp-json\/wp\/v2\/posts"}],"about":[{"href":"https:\/\/visionarymarketing.com\/fr\/wp-json\/wp\/v2\/types\/post"}],"author":[{"embeddable":true,"href":"https:\/\/visionarymarketing.com\/fr\/wp-json\/wp\/v2\/users\/2"}],"replies":[{"embeddable":true,"href":"https:\/\/visionarymarketing.com\/fr\/wp-json\/wp\/v2\/comments?post=67576"}],"version-history":[{"count":0,"href":"https:\/\/visionarymarketing.com\/fr\/wp-json\/wp\/v2\/posts\/67576\/revisions"}],"wp:featuredmedia":[{"embeddable":true,"href":"https:\/\/visionarymarketing.com\/fr\/wp-json\/wp\/v2\/media\/68751"}],"wp:attachment":[{"href":"https:\/\/visionarymarketing.com\/fr\/wp-json\/wp\/v2\/media?parent=67576"}],"wp:term":[{"taxonomy":"category","embeddable":true,"href":"https:\/\/visionarymarketing.com\/fr\/wp-json\/wp\/v2\/categories?post=67576"},{"taxonomy":"post_tag","embeddable":true,"href":"https:\/\/visionarymarketing.com\/fr\/wp-json\/wp\/v2\/tags?post=67576"}],"curies":[{"name":"wp","href":"https:\/\/api.w.org\/{rel}","templated":true}]}}