{"id":67005,"date":"2022-04-25T08:50:17","date_gmt":"2022-04-25T06:50:17","guid":{"rendered":"https:\/\/visionarymarketing.com\/?p=67005"},"modified":"2023-03-25T08:02:39","modified_gmt":"2023-03-25T07:02:39","slug":"economie-du-partage-b2b","status":"publish","type":"post","link":"https:\/\/visionarymarketing.com\/fr\/2022\/04\/25\/economie-du-partage-b2b\/","title":{"rendered":"\u00c9conomie de partage en B2B : un march\u00e9 de plusieurs trillions de dollars"},"content":{"rendered":"<p>\u00c9conomie de partage, \u00e9conomie circulaire, \u00e9conomie collaborative offrent des perspectives tr\u00e8s enthousiasmantes en marketing du B2B nous explique <a href=\"https:\/\/visionarymarketing.com\/fr\/2015\/10\/linnovation-frugale-creer-plus-de-valeur-avec-moins-de-ressources\/\">Navi Radjou<\/a> dans une interview vid\u00e9o r\u00e9alis\u00e9e dans le\u00a0<a href=\"https:\/\/vismktg.info\/studio\" target=\"_blank\" rel=\"noopener\">studio de Visionary Marketing<\/a>. Et nous saurons gr\u00e9 \u00e0\u00a0<a href=\"https:\/\/www.linkedin.com\/in\/naviradjou\/\" target=\"_blank\" rel=\"noopener\">Navi<\/a>\u00a0de nous redonner de l\u2019espoir dans un monde un peu gris pour ne pas dire d\u00e9sesp\u00e9rant. Gr\u00e2ce \u00e0 son in\u00e9puisable optimisme, nous savons maintenant que chacun d\u2019entre nous, en business to business comme dans nos vies de consommateurs, peut innover dans le bien commun, tout en participant \u00e0 la cr\u00e9ation d\u2019un march\u00e9 de plusieurs trillions** de dollars US.<\/p>\n<h2>\u00c9conomie de partage en B2B : un march\u00e9 de plusieurs trillions de dollars<\/h2>\n<figure id=\"attachment_67026\" aria-describedby=\"caption-attachment-67026\" style=\"width: 606px\" class=\"wp-caption aligncenter\"><img decoding=\"async\" class=\"wp-image-67026 size-full\" src=\"https:\/\/visionarymarketing.com\/wp-content\/uploads\/2022\/03\/modele-navi-radjou-e1646220652437.jpg\" alt=\"\" width=\"606\" height=\"340\" srcset=\"https:\/\/visionarymarketing.com\/wp-content\/uploads\/2022\/03\/modele-navi-radjou-e1646220652437.jpg 606w, https:\/\/visionarymarketing.com\/wp-content\/uploads\/2022\/03\/modele-navi-radjou-e1646220652437-500x281.jpg 500w, https:\/\/visionarymarketing.com\/wp-content\/uploads\/2022\/03\/modele-navi-radjou-e1646220652437-390x220.jpg 390w\" sizes=\"(max-width: 606px) 100vw, 606px\" \/><figcaption id=\"caption-attachment-67026\" class=\"wp-caption-text\">Les six niveaux du partage en B2B ou partage interentreprises selon Navi Radjou \u2014 Terra Nova &#8211; 2021<\/figcaption><\/figure>\n<p>S\u2019il y a au moins une bonne nouvelle en 2022, c\u2019est celle du retour de notre ami et confr\u00e8re Navi Radjou sur le sol national. Nous avons cruellement besoin de son enthousiasme pour faire face \u00e0 toutes les difficult\u00e9s socio-\u00e9conomiques du moment, continuer \u00e0 entreprendre, innover et penser au bien commun.<\/p>\n<p>On conna\u00eet son engagement depuis de nombreuses ann\u00e9es pour <a href=\"https:\/\/visionarymarketing.com\/fr\/2015\/10\/linnovation-frugale-creer-plus-de-valeur-avec-moins-de-ressources\/\">l\u2019innovation Jugaad (ou frugale)<\/a>, cet esprit de la d\u00e9brouille cr\u00e9ative inspir\u00e9e de l\u2019Inde. Un besoin bien pr\u00e9sent dans cette \u00e9conomie o\u00f9 il va falloir nolens volens apprendre \u00e0 faire plus avec moins.<\/p>\n<figure id=\"attachment_68267\" aria-describedby=\"caption-attachment-68267\" style=\"width: 850px\" class=\"wp-caption aligncenter\"><img decoding=\"async\" class=\"wp-image-68267 size-full\" src=\"https:\/\/visionarymarketing.com\/wp-content\/uploads\/2022\/04\/navi-radjou-video-cover-2022-e1650871053436.jpg\" alt=\"\u00e9conomie du partage en B2B\" width=\"850\" height=\"478\" srcset=\"https:\/\/visionarymarketing.com\/wp-content\/uploads\/2022\/04\/navi-radjou-video-cover-2022-e1650871053436.jpg 850w, https:\/\/visionarymarketing.com\/wp-content\/uploads\/2022\/04\/navi-radjou-video-cover-2022-e1650871053436-500x281.jpg 500w, https:\/\/visionarymarketing.com\/wp-content\/uploads\/2022\/04\/navi-radjou-video-cover-2022-e1650871053436-768x432.jpg 768w, https:\/\/visionarymarketing.com\/wp-content\/uploads\/2022\/04\/navi-radjou-video-cover-2022-e1650871053436-390x220.jpg 390w\" sizes=\"(max-width: 850px) 100vw, 850px\" \/><figcaption id=\"caption-attachment-68267\" class=\"wp-caption-text\">Navi Radjou a rendu visite \u00e0 Visionary Marketing r\u00e9cemment et il nous a d\u00e9taill\u00e9 son travail sur l\u2019\u00e9conomie du partage en B2B<\/figcaption><\/figure>\n<h3>La nouvelle aventure de l&rsquo;\u00e9conomie du partage en B2B<\/h3>\n<p>Dans le m\u00eame esprit, le B2B va aussi s&#8217;embarquer dans une nouvelle aventure, celle de l&rsquo;\u00e9conomie du partage, \u00e0 la mani\u00e8re de ce qui s&rsquo;est pass\u00e9 avec Uber et consorts, mais de mani\u00e8re plus \u00e9thique et surtout, avec un impact bien sup\u00e9rieur et durable.<\/p>\n<p>Navi a publi\u00e9 fin 2021 un <a href=\"https:\/\/tnova.fr\/economie-social\/entreprises-travail-emploi\/la-revolution-du-partage-b2b\/\" target=\"_blank\" rel=\"noopener\">rapport avec le Think Tank Terra Nova sur le partage B2B<\/a>. Celui-ci d\u00e9montre que, de la m\u00eame fa\u00e7on qu&rsquo;apr\u00e8s la crise de 2008 nous avons assist\u00e9 \u00e0 l&rsquo;essor de l&rsquo;\u00e9conomie du partage avec Blablacar ou Uber, la crise actuelle va propulser l&rsquo;\u00e9mergence d&rsquo;une nouvelle \u00e9conomie de partage, mais cette fois-ci dans le B2B.<\/p>\n<h3>\u00c9mergence du partage B2B, ou partage interentreprises<\/h3>\n<p>Nous ne cesserons de nous faire les avocats du B2B, qui constitue, faut-il encore le rappeler, l\u2019essentiel de l\u2019\u00e9conomie. Pour l\u2019\u00e9conomie du partage, il en va de m\u00eame.<\/p>\n<p>Le march\u00e9 de l&rsquo;\u00e9conomie collaborative entre consommateurs est estim\u00e9 \u00e0 335 milliards de dollars d&rsquo;ici 2025, selon le cabinet de consulting PwC d\u00e9taille Navi.<strong> Il estime celui de l\u2019\u00e9conomie du partage en B2B \u00e0 plusieurs trillions<\/strong>**<strong> de dollars<\/strong>.<\/p>\n<figure id=\"attachment_68379\" aria-describedby=\"caption-attachment-68379\" style=\"width: 459px\" class=\"wp-caption aligncenter\"><img decoding=\"async\" class=\"size-medium wp-image-68379\" src=\"https:\/\/visionarymarketing.com\/wp-content\/uploads\/2022\/04\/sharing-economy-visual-thumbnail-459x300.png\" alt=\"Economie du partage\" width=\"459\" height=\"300\" srcset=\"https:\/\/visionarymarketing.com\/wp-content\/uploads\/2022\/04\/sharing-economy-visual-thumbnail-459x300.png 459w, https:\/\/visionarymarketing.com\/wp-content\/uploads\/2022\/04\/sharing-economy-visual-thumbnail.png 520w\" sizes=\"(max-width: 459px) 100vw, 459px\" \/><figcaption id=\"caption-attachment-68379\" class=\"wp-caption-text\">L&rsquo;\u00e9conomie du partage est un march\u00e9 gigantesque dont le B2B est la locomotive<\/figcaption><\/figure>\n<h3>Le mod\u00e8le de maturit\u00e9 de l\u2019\u00e9conomie du partage en B2B selon Navi Radjou<\/h3>\n<p>Navi \u00e9voque trois motivations pour les entreprises \u00e0 d\u00e9velopper le partage B2B\u00a0:<\/p>\n<ul>\n<li><strong>La premi\u00e8re motivation est \u00e9conomique.<\/strong> Avec la crise actuelle, les entreprises cherchent \u00e0 mutualiser un partage de ressources pour pouvoir mieux les rentabiliser\u00a0;<\/li>\n<li><strong>La deuxi\u00e8me motivation est sociale.<\/strong> Ce partage permet notamment aux entreprises de recruter des personnes en difficult\u00e9 pour les ins\u00e9rer dans leur cha\u00eene de valeur de partage de ressources\u00a0;<\/li>\n<li><strong>La troisi\u00e8me motivation est \u00e9cologique.<\/strong> Partager des ressources, les r\u00e9utiliser, permet d&rsquo;en fabriquer de nouvelles, que ce soit des \u00e9quipements, des pi\u00e8ces d\u00e9tach\u00e9es, etc. C&rsquo;est ce qu&rsquo;on appelle l&rsquo;\u00e9conomie circulaire.<\/li>\n<\/ul>\n<p><iframe title=\"[Fr] La r\u00e9volution du partage B2B avec Navi Radjou\" width=\"500\" height=\"281\" src=\"https:\/\/www.youtube.com\/embed\/mPbDg5qxa7A?feature=oembed\" frameborder=\"0\" allow=\"accelerometer; autoplay; clipboard-write; encrypted-media; gyroscope; picture-in-picture; web-share\" referrerpolicy=\"strict-origin-when-cross-origin\" allowfullscreen><\/iframe><\/p>\n<h3>Une \u00e9conomie de partage qui concerne tous les acteurs\u00a0B2B<\/h3>\n<p>Le secteur industriel a \u00e9t\u00e9 le premier secteur \u00e0 adopter le partage B2B, mais il peut \u00eatre pratiqu\u00e9 quasiment par tous les secteurs d&rsquo;activit\u00e9 et par toutes tailles d&rsquo;entreprises.<\/p>\n<p>Navi souligne par exemple l&rsquo;apparition de distributeurs utilisant le partage avec les <a href=\"https:\/\/www.definitions-marketing.com\/definition\/pop-up-store\/\" target=\"_blank\" rel=\"noopener\">pop-up shops<\/a>, qui permettent de promouvoir des marques.<\/p>\n<p>Le partage peut concerner \u00e9galement des bureaux. 60\u00a0% des bureaux \u00e0 New York sont vides. Des entreprises de services peuvent rentabiliser leurs bureaux vides en les partageant.<\/p>\n<h3>Un mod\u00e8le de maturit\u00e9 qui vient de l&rsquo;informatique, avec six niveaux d&rsquo;excellence<\/h3>\n<p>Navi nous partage son mod\u00e8le de maturit\u00e9, une feuille de route avec six niveaux d&rsquo;excellence dans le domaine du partage B2B\u00a0:<\/p>\n<ol>\n<li>Le partage des d\u00e9chets\u00a0;<\/li>\n<li>Le partage des actifs industriels\u00a0;<\/li>\n<li>Le partage des employ\u00e9s\u00a0;<\/li>\n<li>Le partage du pouvoir d&rsquo;achat\u00a0;<\/li>\n<li>Le partage des clients\u00a0;<\/li>\n<li>Et le partage de la propri\u00e9t\u00e9 intellectuelle.<\/li>\n<\/ol>\n<h4>1<sup>er<\/sup> niveau\u00a0: le partage des d\u00e9chets<\/h4>\n<p>Les entreprises peuvent commencer \u00e0 partager leurs d\u00e9chets de fa\u00e7on non comp\u00e9titive, c&rsquo;est ce qu&rsquo;on appelle l&rsquo;\u00e9conomie circulaire.<\/p>\n<p>Navi cite un exemple au Danemark d&rsquo;une douzaine d&rsquo;entreprises co-localis\u00e9es partageant leurs d\u00e9chets, leurs ressources et leur \u00e9nergie. Ainsi rien ne se perd, tout se transforme.<\/p>\n<h4>2e niveau\u00a0: le partage des actifs physiques<\/h4>\n<p>Le deuxi\u00e8me niveau est le partage des actifs physiques, qui peuvent \u00eatre des espaces physiques, des usines, des v\u00e9hicules, des entrep\u00f4ts.<\/p>\n<p>En France, la plateforme <a href=\"https:\/\/www.spacefill.fr\/\" target=\"_blank\" rel=\"noopener\">SpaceFill<\/a>\u00a0permet aux grands groupes de rentabiliser les entrep\u00f4ts vides en les louant \u00e0 d&rsquo;autres entreprises, mais aussi \u00e0 des entrepreneurs issus du monde du e-commerce qui ont besoin d\u2019espaces de stockage par exemple en p\u00e9riode de No\u00ebl.<\/p>\n<figure id=\"attachment_68251\" aria-describedby=\"caption-attachment-68251\" style=\"width: 433px\" class=\"wp-caption aligncenter\"><a href=\"https:\/\/tnova.fr\" target=\"_blank\" rel=\"noopener\"><img decoding=\"async\" class=\"wp-image-68251 size-full\" src=\"https:\/\/visionarymarketing.com\/wp-content\/uploads\/2022\/04\/terra-nova-think-tank.png\" alt=\"\u00e9conomie du partage en B2B\" width=\"433\" height=\"257\" \/><\/a><figcaption id=\"caption-attachment-68251\" class=\"wp-caption-text\">Le Think Tank Terra Nova avec lequel Navi a publi\u00e9 son livre blanc sur l&rsquo;\u00e9conomie de partage en B2B<\/figcaption><\/figure>\n<h4>3e niveau\u00a0: le partage du pouvoir d&rsquo;achat<\/h4>\n<p>Le troisi\u00e8me niveau est le partage de pouvoir d&rsquo;achat, ou la mutualisation de pouvoir d&rsquo;achat. Celui-ci s&rsquo;effectue d\u00e9j\u00e0 dans le monde de la distribution, mais uniquement pour obtenir des gains de co\u00fbts.<\/p>\n<p>Un exemple de partage de pouvoir d&rsquo;achat tr\u00e8s inspirant est aux \u00c9tats-Unis : 1400 h\u00f4pitaux se sont regroup\u00e9s pour cr\u00e9er une association \u00e0 but non lucratif o\u00f9 le pouvoir d&rsquo;achat est mutualiste afin de produire leurs propres m\u00e9dicaments g\u00e9n\u00e9riques. Ils ont produit plus de 50 m\u00e9dicaments g\u00e9n\u00e9riques qui ont sauv\u00e9 ou soutenu la vie de 223 millions de patients aux \u00c9tats-Unis.<\/p>\n<h4>4e niveau\u00a0: le partage de talents et de comp\u00e9tences<\/h4>\n<p>Le quatri\u00e8me niveau est le partage d&#8217;employ\u00e9s. Des plateformes fran\u00e7aises comme <a href=\"https:\/\/www.masolutionemploi.com\/\" target=\"_blank\" rel=\"noopener\">Masolutionemploi<\/a>, <a href=\"https:\/\/www.mobiliwork.com\/\" target=\"_blank\" rel=\"noopener\">Mobiliwork<\/a> ou <a href=\"https:\/\/web.archive.org\/web\/20230130205352\/https:\/\/pilgreem.com\/\" target=\"_blank\" rel=\"noopener\">Pilgreem<\/a> permettent aux employeurs de pr\u00eater temporairement leurs salari\u00e9s \u00e0 d&rsquo;autres employeurs.<\/p>\n<figure id=\"attachment_68247\" aria-describedby=\"caption-attachment-68247\" style=\"width: 1405px\" class=\"wp-caption aligncenter\"><img decoding=\"async\" class=\"wp-image-68247 size-full\" src=\"https:\/\/visionarymarketing.com\/wp-content\/uploads\/2022\/04\/pilgreem2022-04-14-at-193609.png\" alt=\"\u00c9conomie du partage en B2B\" width=\"1405\" height=\"1195\" srcset=\"https:\/\/visionarymarketing.com\/wp-content\/uploads\/2022\/04\/pilgreem2022-04-14-at-193609.png 1405w, https:\/\/visionarymarketing.com\/wp-content\/uploads\/2022\/04\/pilgreem2022-04-14-at-193609-353x300.png 353w, https:\/\/visionarymarketing.com\/wp-content\/uploads\/2022\/04\/pilgreem2022-04-14-at-193609-1024x871.png 1024w, https:\/\/visionarymarketing.com\/wp-content\/uploads\/2022\/04\/pilgreem2022-04-14-at-193609-768x653.png 768w\" sizes=\"(max-width: 1405px) 100vw, 1405px\" \/><figcaption id=\"caption-attachment-68247\" class=\"wp-caption-text\"><a href=\"https:\/\/web.archive.org\/web\/20230130205352\/https:\/\/pilgreem.com\/\" target=\"_blank\" rel=\"noopener\">Pilgreem<\/a> est une plateforme de partage de main-d\u2019\u0153uvre. Comme souvent en \u00e9conomie, au moment o\u00f9 un blocage se cr\u00e9e, comme dans les recrutements en ce moment, se cr\u00e9ent des solutions de contournement.<\/figcaption><\/figure>\n<p>Un industriel qui fait face \u00e0 des difficult\u00e9s financi\u00e8res peut ainsi temporairement pr\u00eater ses salari\u00e9s \u00e0 une autre entreprise qui elle, est en croissance.<\/p>\n<p>L&rsquo;association bretonne <a href=\"https:\/\/www.venetis.fr\/\" target=\"_blank\" rel=\"noopener\">V\u00e9n\u00e9tis<\/a> recrute des experts en CDI et les partage sur la base de projets\u00a0entre ses 360 entreprises membres, rempla\u00e7ant ainsi les emplois pr\u00e9caires \u00e0 temps partiel par des emplois s\u00fbrs \u00e0 temps partag\u00e9. V\u00e9n\u00e9tis permet \u00e0 des PME ou des ETI d&rsquo;avoir acc\u00e8s par exemple \u00e0 des comp\u00e9tences avanc\u00e9es, li\u00e9es \u00e0 l\u2019Intelligence artificielle ou au marketing Web, pour lesquelles elles ne pourraient pas se permettre de recruter quelqu&rsquo;un \u00e0 temps plein.<\/p>\n<h4>5e niveau\u00a0: le partage des clients<\/h4>\n<p>Le niveau 5, le client partag\u00e9, est un sujet beaucoup plus controvers\u00e9, et pourtant, les possibilit\u00e9s sont nombreuses.<\/p>\n<p>McKinsey annonce pour 2025 l&rsquo;\u00e9mergence d&rsquo;\u00e9cosyst\u00e8mes num\u00e9riques intersectoriels. Les fronti\u00e8res entre industries vont s&rsquo;estomper. De plus en plus de solutions, dans des secteurs li\u00e9s \u00e0 la mobilit\u00e9 ou la sant\u00e9, vont \u00eatre transversales.<\/p>\n<p>Ces solutions doivent donc \u00eatre mises en place de fa\u00e7on conjugu\u00e9e par des acteurs issus de plusieurs secteurs.<\/p>\n<p>Les revenus g\u00e9n\u00e9r\u00e9s par ces \u00e9cosyst\u00e8mes intersectoriels sont\u00a0estim\u00e9s \u00e0 60 000 milliards de dollars en 2025,<strong> soit un tiers des revenus totaux des grands groupes mondiaux<\/strong>.<\/p>\n<p>Par exemple, Orange, Kingfisher, Carrefour, Legrand, La Poste, SEB et Pernod-Ricard \u2013 sept grandes entreprises issues de sept secteurs d\u2019activit\u00e9 totalement diff\u00e9rents \u2013 ont cr\u00e9\u00e9 InHome, un incubateur d\u2019innovation interprofessionnel dirig\u00e9 par InProcess, une soci\u00e9t\u00e9 de conseil en innovation.<\/p>\n<p>InHome travaille sur les\u00a0valeurs et les besoins\u00a0l&rsquo;habitat de 2025-2030, puis comment int\u00e9grer leurs comp\u00e9tences respectives pour cr\u00e9er une solution de bout en bout pour y r\u00e9pondre.<\/p>\n<h4>6e et dernier niveau\u00a0: le partage de la propri\u00e9t\u00e9 intellectuelle<\/h4>\n<p>La propri\u00e9t\u00e9 intellectuelle est le dernier niveau de partage.<\/p>\n<p><a href=\"https:\/\/www.danone.com\/fr\/stories\/articles-list\/danone-strains.html\" target=\"_blank\" rel=\"noopener\">Danone par exemple a partag\u00e9 en open source plusieurs milliers de souches de ferments lactiques<\/a>. Des chercheurs et des scientifiques du monde entier peuvent ainsi utiliser ces souches pour d\u00e9velopper des solutions pour combattre la malnutrition et augmenter l&rsquo;acc\u00e8s \u00e0 des aliments sains, r\u00e9pondant aux objectifs de d\u00e9veloppement durable des Nations-Unies.<\/p>\n<p>Le fabricant de jeans <a href=\"https:\/\/fr.fashionnetwork.com\/news\/levi-s-rend-accessibles-ses-techniques-de-reduction-de-la-consommation-d-eau,673970.html\" target=\"_blank\" rel=\"noopener\">L\u00e9vi-Strauss a d\u00e9velopp\u00e9 21 technologies pour r\u00e9duire la consommation d&rsquo;eau jusqu&rsquo;\u00e0 96\u00a0% pour la production des v\u00eatements<\/a>.<\/p>\n<p>Apr\u00e8s avoir utilis\u00e9 avec succ\u00e8s ces technologies dans leur propre cha\u00eene de valeur, ces entreprises les ont rendues accessibles \u00e0 leurs concurrents.<\/p>\n<p>Ce partage permet d\u2019augmenter la performance environnementale de l\u2019ensemble de leur industrie. C&rsquo;est une forme de partage de propri\u00e9t\u00e9 intellectuelle qui vise \u00e0 augmenter la performance \u00e9cologique de tout un secteur.<\/p>\n<h3>Comment faire demain pour d\u00e9velopper ce partage B2B ?<\/h3>\n<p>La premi\u00e8re chose \u00e0 faire par les entreprises pour promouvoir le partage B2B est d&rsquo;identifier quelles sont les ressources les moins rentabilis\u00e9es, les moins utilis\u00e9es. Il peut s&rsquo;agir de ressources physiques ou de ressources intangibles.<\/p>\n<p>Elles doivent ensuite identifier un ou deux partenaires de confiance avec lesquels commencer \u00e0 \u00e9changer, mutualiser, partager, des d\u00e9chets, des actifs industriels, etc. Elles doivent apprendre \u00e0 b\u00e2tir la confiance avec les partenaires avec lesquels elles veulent partager.<\/p>\n<p>Afin de tester le partage d&#8217;employ\u00e9s, une entreprise \u00e0 Boston a permis \u00e0 ses designers industriels d&rsquo;aller travailler dans une autre entreprise tous les vendredis.<\/p>\n<p>C&rsquo;est le concept d&rsquo;innovation ouverte. L&#8217;employ\u00e9 s&rsquo;enrichit de nouvelles perspectives issues d&rsquo;autres secteurs. Et quand il revient dans son entreprise, il apporte ses nouvelles connaissances qui aident aussi \u00e0 valoriser son travail au quotidien.<\/p>\n<h3>T\u00e9l\u00e9charger le livre blanc sur la r\u00e9volution du partage en B2B<\/h3>\n<p><a href=\"https:\/\/tnova.fr\/site\/assets\/files\/18525\/terra-nova_note_la-revolution-du-partage-b2b_181121.pdf?36r5k\" target=\"_blank\" rel=\"noopener\"><img decoding=\"async\" class=\"wp-image-68256 size-full aligncenter\" src=\"https:\/\/visionarymarketing.com\/wp-content\/uploads\/2022\/04\/screenshot-2022-04-24-at-160303.jpg\" alt=\"\" width=\"655\" height=\"840\" srcset=\"https:\/\/visionarymarketing.com\/wp-content\/uploads\/2022\/04\/screenshot-2022-04-24-at-160303.jpg 655w, https:\/\/visionarymarketing.com\/wp-content\/uploads\/2022\/04\/screenshot-2022-04-24-at-160303-234x300.jpg 234w\" sizes=\"(max-width: 655px) 100vw, 655px\" \/><\/a><\/p>\n<p><a href=\"https:\/\/tnova.fr\/site\/assets\/files\/18525\/terra-nova_note_la-revolution-du-partage-b2b_181121.pdf?36r5k\" target=\"_blank\" rel=\"noopener\">T\u00e9l\u00e9charger le rapport : LA R\u00c9VOLUTION DU PARTAGE B2B par Navi Radjou<\/a><\/p>\n<h3>Un march\u00e9 tellement \u00e9norme qu\u2019on n\u2019en parle jamais<\/h3>\n<p><strong>Une chose est frappante, c&rsquo;est l&rsquo;\u00e9normit\u00e9 des chiffres et des opportunit\u00e9s associ\u00e9es au\u00a0business to business. Or, si le B2B repr\u00e9sente la majeure partie de l\u2019\u00e9conomie, pourquoi en parle-t-on si peu ?<\/strong><\/p>\n<p>\u00ab La valeur \u00e9conomique des transactions B2B est en effet 5 \u00e0 10 fois sup\u00e9rieure \u00e0 celle des activit\u00e9s B2C \u00bb, nous explique Navi. Ce march\u00e9 s&rsquo;\u00e9l\u00e8ve \u00e0 des trillions de dollars.<\/p>\n<blockquote class=\"quote-light\"><p>La valeur \u00e9conomique des transactions B2B et de 5 \u00e0 10 fois sup\u00e9rieure \u00e0 celle des activit\u00e9s B2C<\/p><\/blockquote>\n<p>Le partage B2B qui va se d\u00e9velopper d&rsquo;ici 5 \u00e0 10 ans <strong>repr\u00e9sentera un volume de 3 \u00e0 10 trillions de dollars\u00a0<\/strong>selon lui.<\/p>\n<p>Il y a donc ici une \u00e9norme opportunit\u00e9. Parce qu&rsquo;en termes d\u2019efficience, si on cherche effectivement \u00e0 optimiser les interactions B2B, il y a encore \u00e9norm\u00e9ment \u00e0 faire. Et c&rsquo;est l\u00e0 que le partage B2B peut effectivement, selon Navi, \u00eatre \u00e0 l\u2019origine de l&rsquo;\u00e2ge d&rsquo;or de l&rsquo;informatique.<\/p>\n<blockquote class=\"quote-light\"><p>Le partage B2B peut \u00eatre \u00e0 l\u2019origine de l&rsquo;\u00e2ge d&rsquo;or de l&rsquo;informatique<\/p><\/blockquote>\n<p>Finalement, on va voir l&rsquo;\u00e9mergence des marketplaces dont on parlait\u00a0\u00e0 la fin des ann\u00e9es 90. Des plateformes d&rsquo;\u00e9change B2B simplement optimis\u00e9es aujourd&rsquo;hui gr\u00e2ce aux deux grandes technologies que sont l&rsquo;intelligence artificielle et l\u2019Internet des Objets (IoT), qui vont permettre de booster les interactions num\u00e9riques entre acteurs B2B.<\/p>\n<p>Comme souvent en innovation, le grand public a les yeux riv\u00e9s sur des gadgets et passe \u00e0 c\u00f4t\u00e9 de v\u00e9ritables r\u00e9volutions, comme cette r\u00e9volution silencieuse de l\u2019\u00e9conomie du partage en B2B.<\/p>\n<p><em>** note importante : il s&rsquo;agit ici de trillions am\u00e9ricains et non de trillions fran\u00e7ais, donc de trillions de ce que l&rsquo;on appelle \u00ab l&rsquo;\u00e9chelle courte \u00bb, la nomenclature usit\u00e9e dans les ouvrages de vulgarisation am\u00e9ricains. Celle-ci correspond \u00e0 1 millier de milliards (10<sup>12<\/sup>\u00a0soit 1\u00a0000\u00a0000\u00a0000\u00a0000 ) et non \u00e0 1 milliard de milliards (10<sup>18<\/sup>\u00a0ou\u00a01\u00a0000\u00a0000\u00a0000\u00a0000\u00a0000\u00a0000) pour les trillions fran\u00e7ais traditionnellement utilis\u00e9 dans l&rsquo;\u00e9chelle longue). <a href=\"https:\/\/fr.wikipedia.org\/wiki\/Trillion\" target=\"_blank\" rel=\"noopener\">Pour en savoir plus<\/a>.<\/em><\/p>\n<p>&nbsp;<\/p>\n<div itemscope itemtype=\"http:\/\/schema.org\/AudioObject\"><meta itemprop=\"name\" content=\"\u00c9conomie de partage en B2B : un march\u00e9 de plusieurs trillions de dollars\" \/><meta itemprop=\"uploadDate\" content=\"2022-04-25T08:50:17+02:00\" \/><meta itemprop=\"encodingFormat\" content=\"audio\/mpeg\" \/><meta itemprop=\"duration\" content=\"PT12M13S\" \/><meta itemprop=\"description\" content=\"\u00c9conomie de partage, \u00e9conomie circulaire, \u00e9conomie collaborative offrent des perspectives tr\u00e8s enthousiasmantes en marketing du B2B nous explique Navi Radjou dans une interview vid\u00e9o r\u00e9alis\u00e9e dans le\u00a0studio de Visionary Marketing. Et nous saurons gr\u00e9...\" \/><meta itemprop=\"contentUrl\" content=\"https:\/\/media.blubrry.com\/visionarymarketing_les\/agence.visionarymarketing.com\/files\/podcasts\/2022-04-25-partage-B2B-Navi-Radjou.mp3\" \/><meta itemprop=\"contentSize\" content=\"16.9\" \/><div class=\"powerpress_player\" id=\"powerpress_player_4901\"><audio class=\"wp-audio-shortcode\" id=\"audio-67005-1\" preload=\"none\" style=\"width: 100%;\" controls=\"controls\"><source type=\"audio\/mpeg\" src=\"https:\/\/media.blubrry.com\/visionarymarketing_les\/agence.visionarymarketing.com\/files\/podcasts\/2022-04-25-partage-B2B-Navi-Radjou.mp3?_=1\" \/><a href=\"https:\/\/media.blubrry.com\/visionarymarketing_les\/agence.visionarymarketing.com\/files\/podcasts\/2022-04-25-partage-B2B-Navi-Radjou.mp3\">https:\/\/media.blubrry.com\/visionarymarketing_les\/agence.visionarymarketing.com\/files\/podcasts\/2022-04-25-partage-B2B-Navi-Radjou.mp3<\/a><\/audio><\/div><\/div><p class=\"powerpress_links powerpress_links_mp3\" style=\"margin-bottom: 1px !important;\">Podcast: <a href=\"https:\/\/media.blubrry.com\/visionarymarketing_les\/agence.visionarymarketing.com\/files\/podcasts\/2022-04-25-partage-B2B-Navi-Radjou.mp3\" class=\"powerpress_link_pinw\" target=\"_blank\" title=\"Play in new window\" onclick=\"return powerpress_pinw('https:\/\/visionarymarketing.com\/fr\/\/?powerpress_pinw=67005-podcast');\" rel=\"nofollow\">Play in new window<\/a> | <a href=\"https:\/\/media.blubrry.com\/visionarymarketing_les\/agence.visionarymarketing.com\/files\/podcasts\/2022-04-25-partage-B2B-Navi-Radjou.mp3\" class=\"powerpress_link_d\" title=\"Download\" rel=\"nofollow\" download=\"2022-04-25-partage-B2B-Navi-Radjou.mp3\">Download<\/a> (Duration: 12:13 &#8212; 16.9MB)<\/p><p class=\"powerpress_links powerpress_subscribe_links\">Subscribe: <a href=\"https:\/\/itunes.apple.com\/us\/podcast\/visionarymarketing-les-interviews\/id731295319?mt=2&amp;ls=1#episodeGuid=https%3A%2F%2Fvisionarymarketing.com%2F%3Fp%3D67005\" class=\"powerpress_link_subscribe powerpress_link_subscribe_itunes\" target=\"_blank\" title=\"Subscribe on Apple Podcasts\" rel=\"nofollow\">Apple Podcasts<\/a> | <a href=\"https:\/\/open.spotify.com\/show\/52VnZ1mhVSnDs4tQOx7Vuc\" class=\"powerpress_link_subscribe powerpress_link_subscribe_spotify\" target=\"_blank\" title=\"Subscribe on Spotify\" rel=\"nofollow\">Spotify<\/a> | <a href=\"https:\/\/subscribeonandroid.com\/visionarymarketing.com\/fr\/feed\/podcast\/\" class=\"powerpress_link_subscribe powerpress_link_subscribe_android\" target=\"_blank\" title=\"Subscribe on Android\" rel=\"nofollow\">Android<\/a> | <a href=\"https:\/\/visionarymarketing.com\/fr\/feed\/podcast\/\" class=\"powerpress_link_subscribe powerpress_link_subscribe_rss\" target=\"_blank\" title=\"Subscribe via RSS\" rel=\"nofollow\">RSS<\/a><\/p>","protected":false},"excerpt":{"rendered":"<p>\u00c9conomie de partage, \u00e9conomie circulaire, \u00e9conomie collaborative offrent des perspectives tr\u00e8s enthousiasmantes en marketing du B2B nous explique Navi Radjou dans une interview vid\u00e9o r\u00e9alis\u00e9e dans le\u00a0studio de Visionary Marketing. Et nous saurons gr\u00e9 \u00e0\u00a0Navi\u00a0de nous redonner de l\u2019espoir dans un monde un peu gris pour ne pas dire d\u00e9sesp\u00e9rant. Gr\u00e2ce \u00e0 son in\u00e9puisable optimisme, &hellip;<\/p>\n","protected":false},"author":2,"featured_media":68379,"comment_status":"open","ping_status":"open","sticky":false,"template":"","format":"standard","meta":{"footnotes":""},"categories":[744],"tags":[],"class_list":["post-67005","post","type-post","status-publish","format-standard","has-post-thumbnail","hentry","category-marketing-b2b"],"yoast_head":"<!-- This site is optimized with the Yoast SEO plugin v27.4 - https:\/\/yoast.com\/product\/yoast-seo-wordpress\/ -->\n<title>\u00c9conomie de partage B2B : un march\u00e9 de plusieurs trillions de dollars<\/title>\n<meta name=\"description\" content=\"Emergence de l\u2019\u00e9conomie de partage B2B, ou partage interentreprises : un march\u00e9 estim\u00e9 par Navi Radjou de 3-10 trillions de $ d&#039;ici 5-10 ans\" \/>\n<meta name=\"robots\" content=\"index, follow, max-snippet:-1, max-image-preview:large, max-video-preview:-1\" \/>\n<link rel=\"canonical\" href=\"https:\/\/visionarymarketing.com\/fr\/2022\/04\/25\/economie-du-partage-b2b\/\" \/>\n<meta property=\"og:locale\" content=\"fr_FR\" \/>\n<meta property=\"og:type\" content=\"article\" \/>\n<meta property=\"og:title\" content=\"\u00c9conomie de partage B2B : un march\u00e9 de plusieurs trillions de dollars\" \/>\n<meta property=\"og:description\" content=\"Emergence de l\u2019\u00e9conomie de partage B2B, ou partage interentreprises : un march\u00e9 estim\u00e9 par Navi Radjou de 3-10 trillions de $ d&#039;ici 5-10 ans\" \/>\n<meta property=\"og:url\" content=\"https:\/\/visionarymarketing.com\/fr\/2022\/04\/25\/economie-du-partage-b2b\/\" \/>\n<meta property=\"og:site_name\" content=\"Marketing and Innovation\" \/>\n<meta property=\"article:publisher\" content=\"https:\/\/www.facebook.com\/vismktg\" \/>\n<meta property=\"article:author\" content=\"http:\/\/facebook.com\/ygourven\" \/>\n<meta property=\"article:published_time\" content=\"2022-04-25T06:50:17+00:00\" \/>\n<meta property=\"article:modified_time\" content=\"2023-03-25T07:02:39+00:00\" \/>\n<meta property=\"og:image\" content=\"https:\/\/visionarymarketing.com\/wp-content\/uploads\/2022\/04\/sharing-economy-visual-thumbnail.png\" \/>\n\t<meta property=\"og:image:width\" content=\"520\" \/>\n\t<meta property=\"og:image:height\" content=\"340\" \/>\n\t<meta property=\"og:image:type\" content=\"image\/png\" \/>\n<meta name=\"author\" content=\"Yann Gourvennec\" \/>\n<meta name=\"twitter:card\" content=\"summary_large_image\" \/>\n<meta name=\"twitter:creator\" content=\"@ygourven\" \/>\n<meta name=\"twitter:site\" content=\"@ygourven\" \/>\n<meta name=\"twitter:label1\" content=\"\u00c9crit par\" \/>\n\t<meta name=\"twitter:data1\" content=\"Yann Gourvennec\" \/>\n\t<meta name=\"twitter:label2\" content=\"Dur\u00e9e de lecture estim\u00e9e\" \/>\n\t<meta name=\"twitter:data2\" content=\"10 minutes\" \/>\n<script type=\"application\/ld+json\" class=\"yoast-schema-graph\">{\"@context\":\"https:\\\/\\\/schema.org\",\"@graph\":[{\"@type\":\"NewsArticle\",\"@id\":\"https:\\\/\\\/visionarymarketing.com\\\/fr\\\/2022\\\/04\\\/25\\\/economie-du-partage-b2b\\\/#article\",\"isPartOf\":{\"@id\":\"https:\\\/\\\/visionarymarketing.com\\\/fr\\\/2022\\\/04\\\/25\\\/economie-du-partage-b2b\\\/\"},\"author\":{\"name\":\"Yann Gourvennec\",\"@id\":\"https:\\\/\\\/visionarymarketing.com\\\/fr\\\/#\\\/schema\\\/person\\\/3754fee1e558f47b8deb46f53c37423e\"},\"headline\":\"\u00c9conomie de partage en B2B : un march\u00e9 de plusieurs trillions de dollars\",\"datePublished\":\"2022-04-25T06:50:17+00:00\",\"dateModified\":\"2023-03-25T07:02:39+00:00\",\"mainEntityOfPage\":{\"@id\":\"https:\\\/\\\/visionarymarketing.com\\\/fr\\\/2022\\\/04\\\/25\\\/economie-du-partage-b2b\\\/\"},\"wordCount\":2152,\"commentCount\":1,\"image\":{\"@id\":\"https:\\\/\\\/visionarymarketing.com\\\/fr\\\/2022\\\/04\\\/25\\\/economie-du-partage-b2b\\\/#primaryimage\"},\"thumbnailUrl\":\"https:\\\/\\\/visionarymarketing.com\\\/wp-content\\\/uploads\\\/2022\\\/04\\\/sharing-economy-visual-thumbnail.png\",\"articleSection\":[\"marketing b2b\"],\"inLanguage\":\"fr-FR\",\"potentialAction\":[{\"@type\":\"CommentAction\",\"name\":\"Comment\",\"target\":[\"https:\\\/\\\/visionarymarketing.com\\\/fr\\\/2022\\\/04\\\/25\\\/economie-du-partage-b2b\\\/#respond\"]}]},{\"@type\":\"WebPage\",\"@id\":\"https:\\\/\\\/visionarymarketing.com\\\/fr\\\/2022\\\/04\\\/25\\\/economie-du-partage-b2b\\\/\",\"url\":\"https:\\\/\\\/visionarymarketing.com\\\/fr\\\/2022\\\/04\\\/25\\\/economie-du-partage-b2b\\\/\",\"name\":\"\u00c9conomie de partage B2B : un march\u00e9 de plusieurs trillions de dollars\",\"isPartOf\":{\"@id\":\"https:\\\/\\\/visionarymarketing.com\\\/fr\\\/#website\"},\"primaryImageOfPage\":{\"@id\":\"https:\\\/\\\/visionarymarketing.com\\\/fr\\\/2022\\\/04\\\/25\\\/economie-du-partage-b2b\\\/#primaryimage\"},\"image\":{\"@id\":\"https:\\\/\\\/visionarymarketing.com\\\/fr\\\/2022\\\/04\\\/25\\\/economie-du-partage-b2b\\\/#primaryimage\"},\"thumbnailUrl\":\"https:\\\/\\\/visionarymarketing.com\\\/wp-content\\\/uploads\\\/2022\\\/04\\\/sharing-economy-visual-thumbnail.png\",\"datePublished\":\"2022-04-25T06:50:17+00:00\",\"dateModified\":\"2023-03-25T07:02:39+00:00\",\"author\":{\"@id\":\"https:\\\/\\\/visionarymarketing.com\\\/fr\\\/#\\\/schema\\\/person\\\/3754fee1e558f47b8deb46f53c37423e\"},\"description\":\"Emergence de l\u2019\u00e9conomie de partage B2B, ou partage interentreprises : un march\u00e9 estim\u00e9 par Navi Radjou de 3-10 trillions de $ d'ici 5-10 ans\",\"breadcrumb\":{\"@id\":\"https:\\\/\\\/visionarymarketing.com\\\/fr\\\/2022\\\/04\\\/25\\\/economie-du-partage-b2b\\\/#breadcrumb\"},\"inLanguage\":\"fr-FR\",\"potentialAction\":[{\"@type\":\"ReadAction\",\"target\":[\"https:\\\/\\\/visionarymarketing.com\\\/fr\\\/2022\\\/04\\\/25\\\/economie-du-partage-b2b\\\/\"]}]},{\"@type\":\"ImageObject\",\"inLanguage\":\"fr-FR\",\"@id\":\"https:\\\/\\\/visionarymarketing.com\\\/fr\\\/2022\\\/04\\\/25\\\/economie-du-partage-b2b\\\/#primaryimage\",\"url\":\"https:\\\/\\\/visionarymarketing.com\\\/wp-content\\\/uploads\\\/2022\\\/04\\\/sharing-economy-visual-thumbnail.png\",\"contentUrl\":\"https:\\\/\\\/visionarymarketing.com\\\/wp-content\\\/uploads\\\/2022\\\/04\\\/sharing-economy-visual-thumbnail.png\",\"width\":520,\"height\":340,\"caption\":\"Economie du partage\"},{\"@type\":\"BreadcrumbList\",\"@id\":\"https:\\\/\\\/visionarymarketing.com\\\/fr\\\/2022\\\/04\\\/25\\\/economie-du-partage-b2b\\\/#breadcrumb\",\"itemListElement\":[{\"@type\":\"ListItem\",\"position\":1,\"name\":\"Home\",\"item\":\"https:\\\/\\\/visionarymarketing.com\\\/fr\\\/\"},{\"@type\":\"ListItem\",\"position\":2,\"name\":\"\u00c9conomie de partage en B2B : un march\u00e9 de plusieurs trillions de dollars\"}]},{\"@type\":\"WebSite\",\"@id\":\"https:\\\/\\\/visionarymarketing.com\\\/fr\\\/#website\",\"url\":\"https:\\\/\\\/visionarymarketing.com\\\/fr\\\/\",\"name\":\"Marketing and Innovation\",\"description\":\"Site d&#039;infos ind\u00e9pendant, depuis 1996\",\"potentialAction\":[{\"@type\":\"SearchAction\",\"target\":{\"@type\":\"EntryPoint\",\"urlTemplate\":\"https:\\\/\\\/visionarymarketing.com\\\/fr\\\/?s={search_term_string}\"},\"query-input\":{\"@type\":\"PropertyValueSpecification\",\"valueRequired\":true,\"valueName\":\"search_term_string\"}}],\"inLanguage\":\"fr-FR\"},{\"@type\":\"Person\",\"@id\":\"https:\\\/\\\/visionarymarketing.com\\\/fr\\\/#\\\/schema\\\/person\\\/3754fee1e558f47b8deb46f53c37423e\",\"name\":\"Yann Gourvennec\",\"image\":{\"@type\":\"ImageObject\",\"inLanguage\":\"fr-FR\",\"@id\":\"https:\\\/\\\/secure.gravatar.com\\\/avatar\\\/5972001801e8de5692a3e31224e85769f50a55fb8b679749f9c8d1868cceff14?s=96&d=initials&r=g&initials=yg\",\"url\":\"https:\\\/\\\/secure.gravatar.com\\\/avatar\\\/5972001801e8de5692a3e31224e85769f50a55fb8b679749f9c8d1868cceff14?s=96&d=initials&r=g&initials=yg\",\"contentUrl\":\"https:\\\/\\\/secure.gravatar.com\\\/avatar\\\/5972001801e8de5692a3e31224e85769f50a55fb8b679749f9c8d1868cceff14?s=96&d=initials&r=g&initials=yg\",\"caption\":\"Yann Gourvennec\"},\"description\":\"Yann Gourvennec created visionarymarketing.com in 1996. He is a speaker and author of many books. In 2014 he went from intrapreneur to entrepreneur, when he created his digital marketing agency. Yann Gourvennec a cr\u00e9\u00e9 visionarymarketing.com en 1996. Il est conf\u00e9rencier et auteur de plusieurs livres. En 2014, il est pass\u00e9 d'intrapreneur \u00e0 entrepreneur en cr\u00e9ant son agence de marketing num\u00e9rique.\",\"sameAs\":[\"https:\\\/\\\/visionarymarketing.com\",\"http:\\\/\\\/facebook.com\\\/ygourven\",\"http:\\\/\\\/linkedin.com\\\/in\\\/ygourven\",\"https:\\\/\\\/x.com\\\/ygourven\",\"https:\\\/\\\/www.youtube.com\\\/c\\\/visionarymarketingagency\"],\"url\":\"https:\\\/\\\/visionarymarketing.com\\\/fr\\\/author\\\/yann-gourvennec\\\/\"}]}<\/script>\n<!-- \/ Yoast SEO plugin. -->","yoast_head_json":{"title":"\u00c9conomie de partage B2B : un march\u00e9 de plusieurs trillions de dollars","description":"Emergence de l\u2019\u00e9conomie de partage B2B, ou partage interentreprises : un march\u00e9 estim\u00e9 par Navi Radjou de 3-10 trillions de $ d'ici 5-10 ans","robots":{"index":"index","follow":"follow","max-snippet":"max-snippet:-1","max-image-preview":"max-image-preview:large","max-video-preview":"max-video-preview:-1"},"canonical":"https:\/\/visionarymarketing.com\/fr\/2022\/04\/25\/economie-du-partage-b2b\/","og_locale":"fr_FR","og_type":"article","og_title":"\u00c9conomie de partage B2B : un march\u00e9 de plusieurs trillions de dollars","og_description":"Emergence de l\u2019\u00e9conomie de partage B2B, ou partage interentreprises : un march\u00e9 estim\u00e9 par Navi Radjou de 3-10 trillions de $ d'ici 5-10 ans","og_url":"https:\/\/visionarymarketing.com\/fr\/2022\/04\/25\/economie-du-partage-b2b\/","og_site_name":"Marketing and Innovation","article_publisher":"https:\/\/www.facebook.com\/vismktg","article_author":"http:\/\/facebook.com\/ygourven","article_published_time":"2022-04-25T06:50:17+00:00","article_modified_time":"2023-03-25T07:02:39+00:00","og_image":[{"width":520,"height":340,"url":"https:\/\/visionarymarketing.com\/wp-content\/uploads\/2022\/04\/sharing-economy-visual-thumbnail.png","type":"image\/png"}],"author":"Yann Gourvennec","twitter_card":"summary_large_image","twitter_creator":"@ygourven","twitter_site":"@ygourven","twitter_misc":{"\u00c9crit par":"Yann Gourvennec","Dur\u00e9e de lecture estim\u00e9e":"10 minutes"},"schema":{"@context":"https:\/\/schema.org","@graph":[{"@type":"NewsArticle","@id":"https:\/\/visionarymarketing.com\/fr\/2022\/04\/25\/economie-du-partage-b2b\/#article","isPartOf":{"@id":"https:\/\/visionarymarketing.com\/fr\/2022\/04\/25\/economie-du-partage-b2b\/"},"author":{"name":"Yann Gourvennec","@id":"https:\/\/visionarymarketing.com\/fr\/#\/schema\/person\/3754fee1e558f47b8deb46f53c37423e"},"headline":"\u00c9conomie de partage en B2B : un march\u00e9 de plusieurs trillions de dollars","datePublished":"2022-04-25T06:50:17+00:00","dateModified":"2023-03-25T07:02:39+00:00","mainEntityOfPage":{"@id":"https:\/\/visionarymarketing.com\/fr\/2022\/04\/25\/economie-du-partage-b2b\/"},"wordCount":2152,"commentCount":1,"image":{"@id":"https:\/\/visionarymarketing.com\/fr\/2022\/04\/25\/economie-du-partage-b2b\/#primaryimage"},"thumbnailUrl":"https:\/\/visionarymarketing.com\/wp-content\/uploads\/2022\/04\/sharing-economy-visual-thumbnail.png","articleSection":["marketing b2b"],"inLanguage":"fr-FR","potentialAction":[{"@type":"CommentAction","name":"Comment","target":["https:\/\/visionarymarketing.com\/fr\/2022\/04\/25\/economie-du-partage-b2b\/#respond"]}]},{"@type":"WebPage","@id":"https:\/\/visionarymarketing.com\/fr\/2022\/04\/25\/economie-du-partage-b2b\/","url":"https:\/\/visionarymarketing.com\/fr\/2022\/04\/25\/economie-du-partage-b2b\/","name":"\u00c9conomie de partage B2B : un march\u00e9 de plusieurs trillions de dollars","isPartOf":{"@id":"https:\/\/visionarymarketing.com\/fr\/#website"},"primaryImageOfPage":{"@id":"https:\/\/visionarymarketing.com\/fr\/2022\/04\/25\/economie-du-partage-b2b\/#primaryimage"},"image":{"@id":"https:\/\/visionarymarketing.com\/fr\/2022\/04\/25\/economie-du-partage-b2b\/#primaryimage"},"thumbnailUrl":"https:\/\/visionarymarketing.com\/wp-content\/uploads\/2022\/04\/sharing-economy-visual-thumbnail.png","datePublished":"2022-04-25T06:50:17+00:00","dateModified":"2023-03-25T07:02:39+00:00","author":{"@id":"https:\/\/visionarymarketing.com\/fr\/#\/schema\/person\/3754fee1e558f47b8deb46f53c37423e"},"description":"Emergence de l\u2019\u00e9conomie de partage B2B, ou partage interentreprises : un march\u00e9 estim\u00e9 par Navi Radjou de 3-10 trillions de $ d'ici 5-10 ans","breadcrumb":{"@id":"https:\/\/visionarymarketing.com\/fr\/2022\/04\/25\/economie-du-partage-b2b\/#breadcrumb"},"inLanguage":"fr-FR","potentialAction":[{"@type":"ReadAction","target":["https:\/\/visionarymarketing.com\/fr\/2022\/04\/25\/economie-du-partage-b2b\/"]}]},{"@type":"ImageObject","inLanguage":"fr-FR","@id":"https:\/\/visionarymarketing.com\/fr\/2022\/04\/25\/economie-du-partage-b2b\/#primaryimage","url":"https:\/\/visionarymarketing.com\/wp-content\/uploads\/2022\/04\/sharing-economy-visual-thumbnail.png","contentUrl":"https:\/\/visionarymarketing.com\/wp-content\/uploads\/2022\/04\/sharing-economy-visual-thumbnail.png","width":520,"height":340,"caption":"Economie du partage"},{"@type":"BreadcrumbList","@id":"https:\/\/visionarymarketing.com\/fr\/2022\/04\/25\/economie-du-partage-b2b\/#breadcrumb","itemListElement":[{"@type":"ListItem","position":1,"name":"Home","item":"https:\/\/visionarymarketing.com\/fr\/"},{"@type":"ListItem","position":2,"name":"\u00c9conomie de partage en B2B : un march\u00e9 de plusieurs trillions de dollars"}]},{"@type":"WebSite","@id":"https:\/\/visionarymarketing.com\/fr\/#website","url":"https:\/\/visionarymarketing.com\/fr\/","name":"Marketing and Innovation","description":"Site d&#039;infos ind\u00e9pendant, depuis 1996","potentialAction":[{"@type":"SearchAction","target":{"@type":"EntryPoint","urlTemplate":"https:\/\/visionarymarketing.com\/fr\/?s={search_term_string}"},"query-input":{"@type":"PropertyValueSpecification","valueRequired":true,"valueName":"search_term_string"}}],"inLanguage":"fr-FR"},{"@type":"Person","@id":"https:\/\/visionarymarketing.com\/fr\/#\/schema\/person\/3754fee1e558f47b8deb46f53c37423e","name":"Yann Gourvennec","image":{"@type":"ImageObject","inLanguage":"fr-FR","@id":"https:\/\/secure.gravatar.com\/avatar\/5972001801e8de5692a3e31224e85769f50a55fb8b679749f9c8d1868cceff14?s=96&d=initials&r=g&initials=yg","url":"https:\/\/secure.gravatar.com\/avatar\/5972001801e8de5692a3e31224e85769f50a55fb8b679749f9c8d1868cceff14?s=96&d=initials&r=g&initials=yg","contentUrl":"https:\/\/secure.gravatar.com\/avatar\/5972001801e8de5692a3e31224e85769f50a55fb8b679749f9c8d1868cceff14?s=96&d=initials&r=g&initials=yg","caption":"Yann Gourvennec"},"description":"Yann Gourvennec created visionarymarketing.com in 1996. He is a speaker and author of many books. In 2014 he went from intrapreneur to entrepreneur, when he created his digital marketing agency. Yann Gourvennec a cr\u00e9\u00e9 visionarymarketing.com en 1996. Il est conf\u00e9rencier et auteur de plusieurs livres. En 2014, il est pass\u00e9 d'intrapreneur \u00e0 entrepreneur en cr\u00e9ant son agence de marketing num\u00e9rique.","sameAs":["https:\/\/visionarymarketing.com","http:\/\/facebook.com\/ygourven","http:\/\/linkedin.com\/in\/ygourven","https:\/\/x.com\/ygourven","https:\/\/www.youtube.com\/c\/visionarymarketingagency"],"url":"https:\/\/visionarymarketing.com\/fr\/author\/yann-gourvennec\/"}]}},"_links":{"self":[{"href":"https:\/\/visionarymarketing.com\/fr\/wp-json\/wp\/v2\/posts\/67005","targetHints":{"allow":["GET"]}}],"collection":[{"href":"https:\/\/visionarymarketing.com\/fr\/wp-json\/wp\/v2\/posts"}],"about":[{"href":"https:\/\/visionarymarketing.com\/fr\/wp-json\/wp\/v2\/types\/post"}],"author":[{"embeddable":true,"href":"https:\/\/visionarymarketing.com\/fr\/wp-json\/wp\/v2\/users\/2"}],"replies":[{"embeddable":true,"href":"https:\/\/visionarymarketing.com\/fr\/wp-json\/wp\/v2\/comments?post=67005"}],"version-history":[{"count":0,"href":"https:\/\/visionarymarketing.com\/fr\/wp-json\/wp\/v2\/posts\/67005\/revisions"}],"wp:featuredmedia":[{"embeddable":true,"href":"https:\/\/visionarymarketing.com\/fr\/wp-json\/wp\/v2\/media\/68379"}],"wp:attachment":[{"href":"https:\/\/visionarymarketing.com\/fr\/wp-json\/wp\/v2\/media?parent=67005"}],"wp:term":[{"taxonomy":"category","embeddable":true,"href":"https:\/\/visionarymarketing.com\/fr\/wp-json\/wp\/v2\/categories?post=67005"},{"taxonomy":"post_tag","embeddable":true,"href":"https:\/\/visionarymarketing.com\/fr\/wp-json\/wp\/v2\/tags?post=67005"}],"curies":[{"name":"wp","href":"https:\/\/api.w.org\/{rel}","templated":true}]}}