{"id":66507,"date":"2022-04-04T09:00:11","date_gmt":"2022-04-04T07:00:11","guid":{"rendered":"https:\/\/visionarymarketing.com\/?p=66507"},"modified":"2022-05-13T19:46:44","modified_gmt":"2022-05-13T17:46:44","slug":"motivation-au-travail","status":"publish","type":"post","link":"https:\/\/visionarymarketing.com\/fr\/2022\/04\/04\/motivation-au-travail\/","title":{"rendered":"Quand l&rsquo;Art permet de redonner de la motivation au travail"},"content":{"rendered":"<p><i>L&rsquo;Art peut aider \u00e0 redonner aux employ\u00e9s de la motivation et du go\u00fbt au travail, c&rsquo;est que m&rsquo;a expliqu\u00e9\u00a0<\/i><a style=\"font-style: italic;\" href=\"https:\/\/www.linkedin.com\/in\/frederiqueichac\" target=\"_blank\" rel=\"noopener\">Fr\u00e9d\u00e9rique Ichac<\/a><i>, de <\/i><a style=\"font-style: italic;\" href=\"https:\/\/musadecima.com\/\" target=\"_blank\" rel=\"noopener\">Musa Decima<\/a><i> dans cette interview qui marie Art et relations humaines. Fr\u00e9d\u00e9rique a cr\u00e9\u00e9 Musa Decima il y a\u00a0huit ans, suite au constat de l&rsquo;enfermement des employ\u00e9s les uns vis-\u00e0-vis des autres. Enfermement qui ne s&rsquo;est pas\u00a0am\u00e9lior\u00e9 avec la crise de 2020-2021. Mais il n&rsquo;y a pas de fatalisme, c&rsquo;est ce qu&rsquo;elle m&rsquo;a expliqu\u00e9 dans cette interview.<\/i><\/p>\n<h2>Quand l&rsquo;Art permet de redonner de la motivation au travail<\/h2>\n<figure id=\"attachment_67733\" aria-describedby=\"caption-attachment-67733\" style=\"width: 799px\" class=\"wp-caption aligncenter\"><img decoding=\"async\" class=\"wp-image-67733 size-full\" src=\"https:\/\/visionarymarketing.com\/wp-content\/uploads\/2022\/03\/large-21619949673-2b9d31a7ec-c.jpg\" alt=\"Quand l'Art permet de redonner de la motivation au travail\" width=\"799\" height=\"534\" srcset=\"https:\/\/visionarymarketing.com\/wp-content\/uploads\/2022\/03\/large-21619949673-2b9d31a7ec-c.jpg 799w, https:\/\/visionarymarketing.com\/wp-content\/uploads\/2022\/03\/large-21619949673-2b9d31a7ec-c-449x300.jpg 449w, https:\/\/visionarymarketing.com\/wp-content\/uploads\/2022\/03\/large-21619949673-2b9d31a7ec-c-768x513.jpg 768w\" sizes=\"(max-width: 799px) 100vw, 799px\" \/><figcaption id=\"caption-attachment-67733\" class=\"wp-caption-text\">RH et Art peuvent faire bon m\u00e9nage, c&rsquo;est ce que m&rsquo;a d\u00e9montr\u00e9 Fr\u00e9d\u00e9rique Ichac de Musa Decima, qui redonne de la motivation au travail &#8211; photo du 59 rue de Rivoli <a href=\"https:\/\/antimuseum.com\" target=\"_blank\" rel=\"noopener\">antimuseum.com<\/a><\/figcaption><\/figure>\n<p>Alors qu&rsquo;elle \u00e9tait RH d&rsquo;une grande entreprise, Fr\u00e9d\u00e9rique constate que les jeunes femmes de l&rsquo;administration commerciale avec lesquelles elle travaille sont pleines de vie avant de regagner l&rsquo;entreprise.<\/p>\n<p>Puis soudain, quand elles arrivent au bureau, elles posent leur manteau et toute leur \u00e9nergie et leur joie de vivre. Elles se transforment, d\u00e8s qu&rsquo;elles sont au travail, \u00ab\u00a0en des sortes de robots\u00a0\u00bb, et le soir, reprennent leur \u00e9nergie pour d&rsquo;autres activit\u00e9s.<\/p>\n<p>L&rsquo;objectif que s&rsquo;est donn\u00e9 Musa Decima a \u00e9t\u00e9 de remettre l&rsquo;envie d&rsquo;\u00eatre ensemble et de redonner de la motivation au travail \u00e0 l&rsquo;int\u00e9rieur des entreprises. Voyons comment avec Fr\u00e9d\u00e9rique Ichac.<\/p>\n<h3>Motivation au travail des employ\u00e9s : une responsabilit\u00e9 partag\u00e9e<\/h3>\n<blockquote class=\"quote-light\"><p>Quand cinq ans apr\u00e8s avoir \u00e9t\u00e9 embauch\u00e9, un salari\u00e9 n&rsquo;est plus motiv\u00e9 du tout, il n&rsquo;y a pas de myst\u00e8re, c&rsquo;est l&rsquo;entreprise en grande partie qui l&rsquo;a d\u00e9motiv\u00e9<\/p><\/blockquote>\n<p><!--more--><\/p>\n<p>Le manager doit s&rsquo;interroger sur ce qu&rsquo;il fait pour motiver ou d\u00e9motiver ses \u00e9quipes.<\/p>\n<blockquote class=\"quote-light\"><p>Il y a bien s\u00fbr aussi une responsabilit\u00e9 de l&rsquo;\u00eatre humain qui se dit, dans l&rsquo;entreprise finalement, je suis salari\u00e9, peut-\u00eatre que si je donne juste ce qu&rsquo;il faut, \u00e7a va suffire<\/p><\/blockquote>\n<p>De la co-responsabilit\u00e9 entre les entreprises et les salari\u00e9s<\/p>\n<p>Aujourd&rsquo;hui, c&rsquo;est \u00e0 la mode, beaucoup d&rsquo;articles ont \u00e9t\u00e9 \u00e9crits sur <a href=\"https:\/\/www.weforum.org\/agenda\/2021\/11\/what-is-the-great-resignation-and-what-can-we-learn-from-it\/\" target=\"_blank\" rel=\"noopener\"><em>The Great\u00a0<\/em><i>Resignation<\/i><\/a>. Le Covid a amplifi\u00e9 le probl\u00e8me, mais avant cela, il y avait d\u00e9j\u00e0 une tendance au repli sur soi que la crise n&rsquo;a fait qu&rsquo;acc\u00e9l\u00e9rer et mettre en lumi\u00e8re.<\/p>\n<p>L&rsquo;origine peut \u00eatre une peur de l&rsquo;autre, une peur de ne pas \u00eatre au niveau. Dans les grandes entreprises, il y a aussi beaucoup de politique, que ce soit conscient ou inconscient. \u00a0\u00bb <em>Quand je dis une chose dans une r\u00e9union, quel va \u00eatre l&rsquo;Impact pour moi ? Est-ce que je vais para\u00eetre comme je le devrais ?<\/em> \u00a0\u00bb Il y a beaucoup de non-dits.<\/p>\n<p>La question du sens est aussi un sujet dont on parle beaucoup dans l&rsquo;entreprise aujourd&rsquo;hui. Quel est le sens de mon travail ? Est-ce que \u00e7a a du sens que j&rsquo;aille travailler pour y faire ce que j&rsquo;y fais ?<\/p>\n<p>Le travail peut \u00eatre un moyen de s&rsquo;\u00e9panouir, et les prestations que propose Fr\u00e9d\u00e9rique dans les entreprises permettent de d\u00e9caler le propos et de remettre les relations humaines au centre du d\u00e9bat en utilisant l&rsquo;Art.<\/p>\n<p><iframe title=\"T\u00e9moignage Soci\u00e9t\u00e9 G\u00e9n\u00e9rale pour Musa Decima\" width=\"500\" height=\"281\" src=\"https:\/\/www.youtube.com\/embed\/95kQNEb6UmA?feature=oembed\" frameborder=\"0\" allow=\"accelerometer; autoplay; clipboard-write; encrypted-media; gyroscope; picture-in-picture; web-share\" referrerpolicy=\"strict-origin-when-cross-origin\" allowfullscreen><\/iframe><\/p>\n<h3>En quoi l&rsquo;Art peut-il aider \u00e0 retrouver du sens dans le travail et remettre les gens les uns en face des autres ?<\/h3>\n<p>Travailler avec les artistes permet de faire un pas de c\u00f4t\u00e9.<\/p>\n<figure id=\"attachment_67735\" aria-describedby=\"caption-attachment-67735\" style=\"width: 300px\" class=\"wp-caption alignright\"><img decoding=\"async\" class=\"wp-image-67735 size-full\" src=\"https:\/\/visionarymarketing.com\/wp-content\/uploads\/2022\/03\/carre-3-300x300-1.jpg\" alt=\"la motivation au travail\" width=\"300\" height=\"300\" srcset=\"https:\/\/visionarymarketing.com\/wp-content\/uploads\/2022\/03\/carre-3-300x300-1.jpg 300w, https:\/\/visionarymarketing.com\/wp-content\/uploads\/2022\/03\/carre-3-300x300-1-150x150.jpg 150w\" sizes=\"(max-width: 300px) 100vw, 300px\" \/><figcaption id=\"caption-attachment-67735\" class=\"wp-caption-text\">Une composition photographique r\u00e9alis\u00e9e par Musa Decima avec des employ\u00e9s<\/figcaption><\/figure>\n<p>Habituellement, les managers qui veulent am\u00e9liorer les choses \u00e0 l&rsquo;int\u00e9rieur de l&rsquo;entreprise se concentrent sur de vieilles lunes, comme le fait de travailler en silos, de ne pas arriver \u00e0 collaborer.<\/p>\n<blockquote class=\"quote-light\"><p>Amener un artiste dans l&rsquo;entreprise permet de regarder les choses autrement<\/p><\/blockquote>\n<p>Cela permet de se poser des questions et de ne plus utiliser les mots habituels pour traiter toujours des m\u00eames sujets.<\/p>\n<blockquote class=\"quote-light\"><p>L&rsquo;art permet de d\u00e9caler les choses tr\u00e8s l\u00e9g\u00e8rement, pour permettre aux gens de se parler en profondeur<\/p><\/blockquote>\n<h3>Les artistes sont-ils dans un autre monde que les employ\u00e9s des entreprises, \u00e0 moins que ce soit l&rsquo;inverse&#8230; ?<\/h3>\n<p>Ce sont deux mondes diff\u00e9rents, souligne Fr\u00e9d\u00e9rique.<\/p>\n<p>Demander \u00e0 un artiste, qui passe sa journ\u00e9e dans son atelier, avec ses toiles, ses photos, sa musique, de venir dans le monde de l&rsquo;entreprise lui fait un peu peur.<\/p>\n<p>La confrontation des deux mondes permet le questionnement. Il y a \u00e9changes, regards, paroles, il se passe quelque chose qui fait \u00e9merger autre chose.<\/p>\n<p>Les gens quand ils prennent leur job, mettent une esp\u00e8ce de manteau et deviennent le directeur de ceci ou le chef de projet de cela. Alors qu&rsquo;en fait, au d\u00e9marrage, c&rsquo;est Paul, Pierre, Yasmina&#8230; juste des gens, des \u00eatres humains.<\/p>\n<blockquote class=\"quote-light\"><p>Le travail de Musa Decima est de rappeler qu&rsquo;ils sont des \u00eatres humains avant tout et de les faire r\u00e9agir comme des \u00eatres humains, et pas juste avec le manteau de la fonction qu&rsquo;ils portent<\/p><\/blockquote>\n<h3>Redonner de la motivation au travail : quelques exemples concrets<\/h3>\n<p>Fr\u00e9d\u00e9rique fait venir un artiste (peintre, photographe, ou sculpteur), lors de s\u00e9minaires. Il assiste toute la journ\u00e9e aux workshops, observe, s&rsquo;inspire. Ensuite, il cr\u00e9e une \u0153uvre d&rsquo;art \u00e0 partir du s\u00e9minaire qui va parler de ce qu&rsquo;il a vu, ressenti, entendu.<\/p>\n<p>Deux ou trois semaines apr\u00e8s, il pr\u00e9sente l&rsquo;\u0153uvre aux participants. S&rsquo;ensuit un \u00e9change, chacun peut r\u00e9agir sur le regard que l&rsquo;artiste a pos\u00e9 sur le s\u00e9minaire. \u00ab\u00a0<em>C&rsquo;est tr\u00e8s riche, parce que tout de suite les gens vont lire l&rsquo;\u0153uvre, chacun avec son regard, avec sa sensibilit\u00e9. Un vrai dialogue se pose<\/em>\u00a0\u00bb souligne Fr\u00e9d\u00e9rique.<\/p>\n<p>Certains exposent l&rsquo;\u0153uvre dans la salle de r\u00e9union, pour la partager avec tous les visiteurs.<\/p>\n<p>Un r\u00e9cent s\u00e9minaire avait comme objectif d&rsquo;aider les collaborateurs \u00e0 ne plus travailler en silos et donc \u00e0 contribuer au travail de l&rsquo;autre. Fr\u00e9d\u00e9rique a demand\u00e9 aux participants en fin de journ\u00e9e d&rsquo;exprimer le r\u00e9sultat du s\u00e9minaire en chantant. Ils ont restitu\u00e9 en chantant les raisons qui faisaient qu&rsquo;ils travaillaient ensemble, ce qu&rsquo;ils attendaient les uns des autres.<\/p>\n<p>Le s\u00e9minaire s&rsquo;est termin\u00e9 dans un grand \u00e9clat de rire, mais surtout dans une fiert\u00e9 extr\u00eame et de la joie. \u00ab\u00a0<em>Du bonheur et une fin de s\u00e9minaire comme \u00e7a, \u00e7a marque les esprits<\/em>\u00ab\u00a0.<\/p>\n<p>Une fois le DRH du groupe n&rsquo;\u00e9tait pas l\u00e0, et quelqu&rsquo;un lui a envoy\u00e9 la vid\u00e9o de la fin du s\u00e9minaire en chansons. \u00ab\u00a0<em>Il me l&rsquo;a montr\u00e9 quand je suis revenue dans l&rsquo;entreprise, il avait la vid\u00e9o sur son t\u00e9l\u00e9phone, et m&rsquo;a dit c&rsquo;est g\u00e9nial ce que vous avez fait !<\/em>\u00ab\u00a0.<\/p>\n<p>Prochainement, un groupe va se r\u00e9unir pour travailler sur les valeurs de l&rsquo;entreprise. Plut\u00f4t que de les faire r\u00e9fl\u00e9chir avec les mots du business, ils vont faire des matchs d&rsquo;improvisation. Des com\u00e9diens vont les aider \u00e0 faire de l&rsquo;improvisation th\u00e9\u00e2trale, puis le th\u00e8me d&rsquo;improvisation sera sur les valeurs de l&rsquo;entreprise.<\/p>\n<h3>En conclusion, pour redonner de la motivation au travail, et si vous pensiez \u00e0 faire diversion avec l&rsquo;Art ?<\/h3>\n<p>Comme l&rsquo;a expliqu\u00e9 Fr\u00e9d\u00e9rique, on a tant de fois entendu l&rsquo;antienne sur les <a href=\"https:\/\/visionarymarketing.com\/fr\/2015\/04\/casser-les-silos\/\">silos de l&rsquo;organisation<\/a>, que les bras nous en tombent chaque fois qu&rsquo;on l&rsquo;entend. L&rsquo;Art par son c\u00f4t\u00e9 d\u00e9cal\u00e9 et d\u00e9pouill\u00e9 des conventions du monde de l&rsquo;entreprise permet de reposer les bonnes questions. Apr\u00e8s tout, avant d&rsquo;\u00eatre des employ\u00e9s, nous sommes des \u00eatres humains.<\/p>\n<div itemscope itemtype=\"http:\/\/schema.org\/AudioObject\"><meta itemprop=\"name\" content=\"Quand l&amp;rsquo;Art permet de redonner de la motivation au travail\" \/><meta itemprop=\"uploadDate\" content=\"2022-04-04T09:00:11+02:00\" \/><meta itemprop=\"encodingFormat\" content=\"audio\/mpeg\" \/><meta itemprop=\"duration\" content=\"PT19M28S\" \/><meta itemprop=\"description\" content=\"L&#039;Art peut aider \u00e0 redonner aux employ\u00e9s de la motivation et du go\u00fbt au travail, c&#039;est que m&#039;a expliqu\u00e9\u00a0Fr\u00e9d\u00e9rique Ichac, de Musa Decima dans cette interview qui marie Art et relations humaines. Fr\u00e9d\u00e9rique a cr\u00e9\u00e9 Musa Decima il y a\u00a0huit ans, suite au...\" \/><meta itemprop=\"contentUrl\" content=\"https:\/\/media.blubrry.com\/visionarymarketing_les\/agence.visionarymarketing.com\/files\/podcasts\/2022-04-04-motivation-au-travail-F-Ichac-mixdown.mp3\" \/><meta itemprop=\"contentSize\" content=\"26.9\" \/><div class=\"powerpress_player\" id=\"powerpress_player_8991\"><audio class=\"wp-audio-shortcode\" id=\"audio-66507-1\" preload=\"none\" style=\"width: 100%;\" controls=\"controls\"><source type=\"audio\/mpeg\" src=\"https:\/\/media.blubrry.com\/visionarymarketing_les\/agence.visionarymarketing.com\/files\/podcasts\/2022-04-04-motivation-au-travail-F-Ichac-mixdown.mp3?_=1\" \/><a href=\"https:\/\/media.blubrry.com\/visionarymarketing_les\/agence.visionarymarketing.com\/files\/podcasts\/2022-04-04-motivation-au-travail-F-Ichac-mixdown.mp3\">https:\/\/media.blubrry.com\/visionarymarketing_les\/agence.visionarymarketing.com\/files\/podcasts\/2022-04-04-motivation-au-travail-F-Ichac-mixdown.mp3<\/a><\/audio><\/div><\/div><p class=\"powerpress_links powerpress_links_mp3\" style=\"margin-bottom: 1px !important;\">Podcast: <a href=\"https:\/\/media.blubrry.com\/visionarymarketing_les\/agence.visionarymarketing.com\/files\/podcasts\/2022-04-04-motivation-au-travail-F-Ichac-mixdown.mp3\" class=\"powerpress_link_pinw\" target=\"_blank\" title=\"Play in new window\" onclick=\"return powerpress_pinw('https:\/\/visionarymarketing.com\/fr\/\/?powerpress_pinw=66507-podcast');\" rel=\"nofollow\">Play in new window<\/a> | <a href=\"https:\/\/media.blubrry.com\/visionarymarketing_les\/agence.visionarymarketing.com\/files\/podcasts\/2022-04-04-motivation-au-travail-F-Ichac-mixdown.mp3\" class=\"powerpress_link_d\" title=\"Download\" rel=\"nofollow\" download=\"2022-04-04-motivation-au-travail-F-Ichac-mixdown.mp3\">Download<\/a> (Duration: 19:28 &#8212; 26.9MB)<\/p><p class=\"powerpress_links powerpress_subscribe_links\">Subscribe: <a href=\"https:\/\/itunes.apple.com\/us\/podcast\/visionarymarketing-les-interviews\/id731295319?mt=2&amp;ls=1#episodeGuid=https%3A%2F%2Fvisionarymarketing.com%2F%3Fp%3D66507\" class=\"powerpress_link_subscribe powerpress_link_subscribe_itunes\" target=\"_blank\" title=\"Subscribe on Apple Podcasts\" rel=\"nofollow\">Apple Podcasts<\/a> | <a href=\"https:\/\/open.spotify.com\/show\/52VnZ1mhVSnDs4tQOx7Vuc\" class=\"powerpress_link_subscribe powerpress_link_subscribe_spotify\" target=\"_blank\" title=\"Subscribe on Spotify\" rel=\"nofollow\">Spotify<\/a> | <a href=\"https:\/\/subscribeonandroid.com\/visionarymarketing.com\/fr\/feed\/podcast\/\" class=\"powerpress_link_subscribe powerpress_link_subscribe_android\" target=\"_blank\" title=\"Subscribe on Android\" rel=\"nofollow\">Android<\/a> | <a href=\"https:\/\/visionarymarketing.com\/fr\/feed\/podcast\/\" class=\"powerpress_link_subscribe powerpress_link_subscribe_rss\" target=\"_blank\" title=\"Subscribe via RSS\" rel=\"nofollow\">RSS<\/a><\/p>","protected":false},"excerpt":{"rendered":"<p>L&rsquo;Art peut aider \u00e0 redonner aux employ\u00e9s de la motivation et du go\u00fbt au travail, c&rsquo;est que m&rsquo;a expliqu\u00e9\u00a0Fr\u00e9d\u00e9rique Ichac, de Musa Decima dans cette interview qui marie Art et relations humaines. Fr\u00e9d\u00e9rique a cr\u00e9\u00e9 Musa Decima il y a\u00a0huit ans, suite au constat de l&rsquo;enfermement des employ\u00e9s les uns vis-\u00e0-vis des autres. Enfermement qui &hellip;<\/p>\n","protected":false},"author":2,"featured_media":67732,"comment_status":"open","ping_status":"open","sticky":false,"template":"","format":"standard","meta":{"footnotes":""},"categories":[6],"tags":[],"class_list":["post-66507","post","type-post","status-publish","format-standard","has-post-thumbnail","hentry","category-marketing-innovation-fr"],"yoast_head":"<!-- This site is optimized with the Yoast SEO plugin v27.4 - https:\/\/yoast.com\/product\/yoast-seo-wordpress\/ -->\n<title>Motivation au travail des employ\u00e9s : quand Art et RH font bon m\u00e9nage<\/title>\n<meta name=\"description\" content=\"RH et Art peuvent aider \u00e0 redonner aux employ\u00e9s de la motivation au travail, c&#039;est que m&#039;a expliqu\u00e9\u00a0Fr\u00e9d\u00e9rique Ichac, de Musa Decima\" \/>\n<meta name=\"robots\" content=\"index, follow, max-snippet:-1, max-image-preview:large, max-video-preview:-1\" \/>\n<link rel=\"canonical\" href=\"https:\/\/visionarymarketing.com\/fr\/2022\/04\/04\/motivation-au-travail\/\" \/>\n<meta property=\"og:locale\" content=\"fr_FR\" \/>\n<meta property=\"og:type\" content=\"article\" \/>\n<meta property=\"og:title\" content=\"Motivation au travail des employ\u00e9s : quand Art et RH font bon m\u00e9nage\" \/>\n<meta property=\"og:description\" content=\"RH et Art peuvent aider \u00e0 redonner aux employ\u00e9s de la motivation au travail, c&#039;est que m&#039;a expliqu\u00e9\u00a0Fr\u00e9d\u00e9rique Ichac, de Musa Decima\" \/>\n<meta property=\"og:url\" content=\"https:\/\/visionarymarketing.com\/fr\/2022\/04\/04\/motivation-au-travail\/\" \/>\n<meta property=\"og:site_name\" content=\"Marketing and Innovation\" \/>\n<meta property=\"article:publisher\" content=\"https:\/\/www.facebook.com\/vismktg\" \/>\n<meta property=\"article:author\" content=\"http:\/\/facebook.com\/ygourven\" \/>\n<meta property=\"article:published_time\" content=\"2022-04-04T07:00:11+00:00\" \/>\n<meta property=\"article:modified_time\" content=\"2022-05-13T17:46:44+00:00\" \/>\n<meta property=\"og:image\" content=\"https:\/\/visionarymarketing.com\/wp-content\/uploads\/2022\/03\/21619949673-2b9d31a7ec-c.jpg\" \/>\n\t<meta property=\"og:image:width\" content=\"520\" \/>\n\t<meta property=\"og:image:height\" content=\"340\" \/>\n\t<meta property=\"og:image:type\" content=\"image\/jpeg\" \/>\n<meta name=\"author\" content=\"Yann Gourvennec\" \/>\n<meta name=\"twitter:card\" content=\"summary_large_image\" \/>\n<meta name=\"twitter:creator\" content=\"@ygourven\" \/>\n<meta name=\"twitter:site\" content=\"@ygourven\" \/>\n<meta name=\"twitter:label1\" content=\"\u00c9crit par\" \/>\n\t<meta name=\"twitter:data1\" content=\"Yann Gourvennec\" \/>\n\t<meta name=\"twitter:label2\" content=\"Dur\u00e9e de lecture estim\u00e9e\" \/>\n\t<meta name=\"twitter:data2\" content=\"6 minutes\" \/>\n<script type=\"application\/ld+json\" class=\"yoast-schema-graph\">{\"@context\":\"https:\\\/\\\/schema.org\",\"@graph\":[{\"@type\":\"NewsArticle\",\"@id\":\"https:\\\/\\\/visionarymarketing.com\\\/fr\\\/2022\\\/04\\\/04\\\/motivation-au-travail\\\/#article\",\"isPartOf\":{\"@id\":\"https:\\\/\\\/visionarymarketing.com\\\/fr\\\/2022\\\/04\\\/04\\\/motivation-au-travail\\\/\"},\"author\":{\"name\":\"Yann Gourvennec\",\"@id\":\"https:\\\/\\\/visionarymarketing.com\\\/fr\\\/#\\\/schema\\\/person\\\/3754fee1e558f47b8deb46f53c37423e\"},\"headline\":\"Quand l&rsquo;Art permet de redonner de la motivation au travail\",\"datePublished\":\"2022-04-04T07:00:11+00:00\",\"dateModified\":\"2022-05-13T17:46:44+00:00\",\"mainEntityOfPage\":{\"@id\":\"https:\\\/\\\/visionarymarketing.com\\\/fr\\\/2022\\\/04\\\/04\\\/motivation-au-travail\\\/\"},\"wordCount\":1371,\"commentCount\":0,\"image\":{\"@id\":\"https:\\\/\\\/visionarymarketing.com\\\/fr\\\/2022\\\/04\\\/04\\\/motivation-au-travail\\\/#primaryimage\"},\"thumbnailUrl\":\"https:\\\/\\\/visionarymarketing.com\\\/wp-content\\\/uploads\\\/2022\\\/03\\\/21619949673-2b9d31a7ec-c.jpg\",\"articleSection\":[\"Marketing &amp; Innovation\"],\"inLanguage\":\"fr-FR\",\"potentialAction\":[{\"@type\":\"CommentAction\",\"name\":\"Comment\",\"target\":[\"https:\\\/\\\/visionarymarketing.com\\\/fr\\\/2022\\\/04\\\/04\\\/motivation-au-travail\\\/#respond\"]}]},{\"@type\":\"WebPage\",\"@id\":\"https:\\\/\\\/visionarymarketing.com\\\/fr\\\/2022\\\/04\\\/04\\\/motivation-au-travail\\\/\",\"url\":\"https:\\\/\\\/visionarymarketing.com\\\/fr\\\/2022\\\/04\\\/04\\\/motivation-au-travail\\\/\",\"name\":\"Motivation au travail des employ\u00e9s : quand Art et RH font bon m\u00e9nage\",\"isPartOf\":{\"@id\":\"https:\\\/\\\/visionarymarketing.com\\\/fr\\\/#website\"},\"primaryImageOfPage\":{\"@id\":\"https:\\\/\\\/visionarymarketing.com\\\/fr\\\/2022\\\/04\\\/04\\\/motivation-au-travail\\\/#primaryimage\"},\"image\":{\"@id\":\"https:\\\/\\\/visionarymarketing.com\\\/fr\\\/2022\\\/04\\\/04\\\/motivation-au-travail\\\/#primaryimage\"},\"thumbnailUrl\":\"https:\\\/\\\/visionarymarketing.com\\\/wp-content\\\/uploads\\\/2022\\\/03\\\/21619949673-2b9d31a7ec-c.jpg\",\"datePublished\":\"2022-04-04T07:00:11+00:00\",\"dateModified\":\"2022-05-13T17:46:44+00:00\",\"author\":{\"@id\":\"https:\\\/\\\/visionarymarketing.com\\\/fr\\\/#\\\/schema\\\/person\\\/3754fee1e558f47b8deb46f53c37423e\"},\"description\":\"RH et Art peuvent aider \u00e0 redonner aux employ\u00e9s de la motivation au travail, c'est que m'a expliqu\u00e9\u00a0Fr\u00e9d\u00e9rique Ichac, de Musa Decima\",\"breadcrumb\":{\"@id\":\"https:\\\/\\\/visionarymarketing.com\\\/fr\\\/2022\\\/04\\\/04\\\/motivation-au-travail\\\/#breadcrumb\"},\"inLanguage\":\"fr-FR\",\"potentialAction\":[{\"@type\":\"ReadAction\",\"target\":[\"https:\\\/\\\/visionarymarketing.com\\\/fr\\\/2022\\\/04\\\/04\\\/motivation-au-travail\\\/\"]}]},{\"@type\":\"ImageObject\",\"inLanguage\":\"fr-FR\",\"@id\":\"https:\\\/\\\/visionarymarketing.com\\\/fr\\\/2022\\\/04\\\/04\\\/motivation-au-travail\\\/#primaryimage\",\"url\":\"https:\\\/\\\/visionarymarketing.com\\\/wp-content\\\/uploads\\\/2022\\\/03\\\/21619949673-2b9d31a7ec-c.jpg\",\"contentUrl\":\"https:\\\/\\\/visionarymarketing.com\\\/wp-content\\\/uploads\\\/2022\\\/03\\\/21619949673-2b9d31a7ec-c.jpg\",\"width\":520,\"height\":340,\"caption\":\"la motivation au travail\"},{\"@type\":\"BreadcrumbList\",\"@id\":\"https:\\\/\\\/visionarymarketing.com\\\/fr\\\/2022\\\/04\\\/04\\\/motivation-au-travail\\\/#breadcrumb\",\"itemListElement\":[{\"@type\":\"ListItem\",\"position\":1,\"name\":\"Home\",\"item\":\"https:\\\/\\\/visionarymarketing.com\\\/fr\\\/\"},{\"@type\":\"ListItem\",\"position\":2,\"name\":\"Quand l&rsquo;Art permet de redonner de la motivation au travail\"}]},{\"@type\":\"WebSite\",\"@id\":\"https:\\\/\\\/visionarymarketing.com\\\/fr\\\/#website\",\"url\":\"https:\\\/\\\/visionarymarketing.com\\\/fr\\\/\",\"name\":\"Marketing and Innovation\",\"description\":\"Site d&#039;infos ind\u00e9pendant, depuis 1996\",\"potentialAction\":[{\"@type\":\"SearchAction\",\"target\":{\"@type\":\"EntryPoint\",\"urlTemplate\":\"https:\\\/\\\/visionarymarketing.com\\\/fr\\\/?s={search_term_string}\"},\"query-input\":{\"@type\":\"PropertyValueSpecification\",\"valueRequired\":true,\"valueName\":\"search_term_string\"}}],\"inLanguage\":\"fr-FR\"},{\"@type\":\"Person\",\"@id\":\"https:\\\/\\\/visionarymarketing.com\\\/fr\\\/#\\\/schema\\\/person\\\/3754fee1e558f47b8deb46f53c37423e\",\"name\":\"Yann Gourvennec\",\"image\":{\"@type\":\"ImageObject\",\"inLanguage\":\"fr-FR\",\"@id\":\"https:\\\/\\\/secure.gravatar.com\\\/avatar\\\/5972001801e8de5692a3e31224e85769f50a55fb8b679749f9c8d1868cceff14?s=96&d=initials&r=g&initials=yg\",\"url\":\"https:\\\/\\\/secure.gravatar.com\\\/avatar\\\/5972001801e8de5692a3e31224e85769f50a55fb8b679749f9c8d1868cceff14?s=96&d=initials&r=g&initials=yg\",\"contentUrl\":\"https:\\\/\\\/secure.gravatar.com\\\/avatar\\\/5972001801e8de5692a3e31224e85769f50a55fb8b679749f9c8d1868cceff14?s=96&d=initials&r=g&initials=yg\",\"caption\":\"Yann Gourvennec\"},\"description\":\"Yann Gourvennec created visionarymarketing.com in 1996. He is a speaker and author of many books. In 2014 he went from intrapreneur to entrepreneur, when he created his digital marketing agency. Yann Gourvennec a cr\u00e9\u00e9 visionarymarketing.com en 1996. Il est conf\u00e9rencier et auteur de plusieurs livres. En 2014, il est pass\u00e9 d'intrapreneur \u00e0 entrepreneur en cr\u00e9ant son agence de marketing num\u00e9rique.\",\"sameAs\":[\"https:\\\/\\\/visionarymarketing.com\",\"http:\\\/\\\/facebook.com\\\/ygourven\",\"http:\\\/\\\/linkedin.com\\\/in\\\/ygourven\",\"https:\\\/\\\/x.com\\\/ygourven\",\"https:\\\/\\\/www.youtube.com\\\/c\\\/visionarymarketingagency\"],\"url\":\"https:\\\/\\\/visionarymarketing.com\\\/fr\\\/author\\\/yann-gourvennec\\\/\"}]}<\/script>\n<!-- \/ Yoast SEO plugin. -->","yoast_head_json":{"title":"Motivation au travail des employ\u00e9s : quand Art et RH font bon m\u00e9nage","description":"RH et Art peuvent aider \u00e0 redonner aux employ\u00e9s de la motivation au travail, c'est que m'a expliqu\u00e9\u00a0Fr\u00e9d\u00e9rique Ichac, de Musa Decima","robots":{"index":"index","follow":"follow","max-snippet":"max-snippet:-1","max-image-preview":"max-image-preview:large","max-video-preview":"max-video-preview:-1"},"canonical":"https:\/\/visionarymarketing.com\/fr\/2022\/04\/04\/motivation-au-travail\/","og_locale":"fr_FR","og_type":"article","og_title":"Motivation au travail des employ\u00e9s : quand Art et RH font bon m\u00e9nage","og_description":"RH et Art peuvent aider \u00e0 redonner aux employ\u00e9s de la motivation au travail, c'est que m'a expliqu\u00e9\u00a0Fr\u00e9d\u00e9rique Ichac, de Musa Decima","og_url":"https:\/\/visionarymarketing.com\/fr\/2022\/04\/04\/motivation-au-travail\/","og_site_name":"Marketing and Innovation","article_publisher":"https:\/\/www.facebook.com\/vismktg","article_author":"http:\/\/facebook.com\/ygourven","article_published_time":"2022-04-04T07:00:11+00:00","article_modified_time":"2022-05-13T17:46:44+00:00","og_image":[{"width":520,"height":340,"url":"https:\/\/visionarymarketing.com\/wp-content\/uploads\/2022\/03\/21619949673-2b9d31a7ec-c.jpg","type":"image\/jpeg"}],"author":"Yann Gourvennec","twitter_card":"summary_large_image","twitter_creator":"@ygourven","twitter_site":"@ygourven","twitter_misc":{"\u00c9crit par":"Yann Gourvennec","Dur\u00e9e de lecture estim\u00e9e":"6 minutes"},"schema":{"@context":"https:\/\/schema.org","@graph":[{"@type":"NewsArticle","@id":"https:\/\/visionarymarketing.com\/fr\/2022\/04\/04\/motivation-au-travail\/#article","isPartOf":{"@id":"https:\/\/visionarymarketing.com\/fr\/2022\/04\/04\/motivation-au-travail\/"},"author":{"name":"Yann Gourvennec","@id":"https:\/\/visionarymarketing.com\/fr\/#\/schema\/person\/3754fee1e558f47b8deb46f53c37423e"},"headline":"Quand l&rsquo;Art permet de redonner de la motivation au travail","datePublished":"2022-04-04T07:00:11+00:00","dateModified":"2022-05-13T17:46:44+00:00","mainEntityOfPage":{"@id":"https:\/\/visionarymarketing.com\/fr\/2022\/04\/04\/motivation-au-travail\/"},"wordCount":1371,"commentCount":0,"image":{"@id":"https:\/\/visionarymarketing.com\/fr\/2022\/04\/04\/motivation-au-travail\/#primaryimage"},"thumbnailUrl":"https:\/\/visionarymarketing.com\/wp-content\/uploads\/2022\/03\/21619949673-2b9d31a7ec-c.jpg","articleSection":["Marketing &amp; Innovation"],"inLanguage":"fr-FR","potentialAction":[{"@type":"CommentAction","name":"Comment","target":["https:\/\/visionarymarketing.com\/fr\/2022\/04\/04\/motivation-au-travail\/#respond"]}]},{"@type":"WebPage","@id":"https:\/\/visionarymarketing.com\/fr\/2022\/04\/04\/motivation-au-travail\/","url":"https:\/\/visionarymarketing.com\/fr\/2022\/04\/04\/motivation-au-travail\/","name":"Motivation au travail des employ\u00e9s : quand Art et RH font bon m\u00e9nage","isPartOf":{"@id":"https:\/\/visionarymarketing.com\/fr\/#website"},"primaryImageOfPage":{"@id":"https:\/\/visionarymarketing.com\/fr\/2022\/04\/04\/motivation-au-travail\/#primaryimage"},"image":{"@id":"https:\/\/visionarymarketing.com\/fr\/2022\/04\/04\/motivation-au-travail\/#primaryimage"},"thumbnailUrl":"https:\/\/visionarymarketing.com\/wp-content\/uploads\/2022\/03\/21619949673-2b9d31a7ec-c.jpg","datePublished":"2022-04-04T07:00:11+00:00","dateModified":"2022-05-13T17:46:44+00:00","author":{"@id":"https:\/\/visionarymarketing.com\/fr\/#\/schema\/person\/3754fee1e558f47b8deb46f53c37423e"},"description":"RH et Art peuvent aider \u00e0 redonner aux employ\u00e9s de la motivation au travail, c'est que m'a expliqu\u00e9\u00a0Fr\u00e9d\u00e9rique Ichac, de Musa Decima","breadcrumb":{"@id":"https:\/\/visionarymarketing.com\/fr\/2022\/04\/04\/motivation-au-travail\/#breadcrumb"},"inLanguage":"fr-FR","potentialAction":[{"@type":"ReadAction","target":["https:\/\/visionarymarketing.com\/fr\/2022\/04\/04\/motivation-au-travail\/"]}]},{"@type":"ImageObject","inLanguage":"fr-FR","@id":"https:\/\/visionarymarketing.com\/fr\/2022\/04\/04\/motivation-au-travail\/#primaryimage","url":"https:\/\/visionarymarketing.com\/wp-content\/uploads\/2022\/03\/21619949673-2b9d31a7ec-c.jpg","contentUrl":"https:\/\/visionarymarketing.com\/wp-content\/uploads\/2022\/03\/21619949673-2b9d31a7ec-c.jpg","width":520,"height":340,"caption":"la motivation au travail"},{"@type":"BreadcrumbList","@id":"https:\/\/visionarymarketing.com\/fr\/2022\/04\/04\/motivation-au-travail\/#breadcrumb","itemListElement":[{"@type":"ListItem","position":1,"name":"Home","item":"https:\/\/visionarymarketing.com\/fr\/"},{"@type":"ListItem","position":2,"name":"Quand l&rsquo;Art permet de redonner de la motivation au travail"}]},{"@type":"WebSite","@id":"https:\/\/visionarymarketing.com\/fr\/#website","url":"https:\/\/visionarymarketing.com\/fr\/","name":"Marketing and Innovation","description":"Site d&#039;infos ind\u00e9pendant, depuis 1996","potentialAction":[{"@type":"SearchAction","target":{"@type":"EntryPoint","urlTemplate":"https:\/\/visionarymarketing.com\/fr\/?s={search_term_string}"},"query-input":{"@type":"PropertyValueSpecification","valueRequired":true,"valueName":"search_term_string"}}],"inLanguage":"fr-FR"},{"@type":"Person","@id":"https:\/\/visionarymarketing.com\/fr\/#\/schema\/person\/3754fee1e558f47b8deb46f53c37423e","name":"Yann Gourvennec","image":{"@type":"ImageObject","inLanguage":"fr-FR","@id":"https:\/\/secure.gravatar.com\/avatar\/5972001801e8de5692a3e31224e85769f50a55fb8b679749f9c8d1868cceff14?s=96&d=initials&r=g&initials=yg","url":"https:\/\/secure.gravatar.com\/avatar\/5972001801e8de5692a3e31224e85769f50a55fb8b679749f9c8d1868cceff14?s=96&d=initials&r=g&initials=yg","contentUrl":"https:\/\/secure.gravatar.com\/avatar\/5972001801e8de5692a3e31224e85769f50a55fb8b679749f9c8d1868cceff14?s=96&d=initials&r=g&initials=yg","caption":"Yann Gourvennec"},"description":"Yann Gourvennec created visionarymarketing.com in 1996. He is a speaker and author of many books. In 2014 he went from intrapreneur to entrepreneur, when he created his digital marketing agency. Yann Gourvennec a cr\u00e9\u00e9 visionarymarketing.com en 1996. Il est conf\u00e9rencier et auteur de plusieurs livres. En 2014, il est pass\u00e9 d'intrapreneur \u00e0 entrepreneur en cr\u00e9ant son agence de marketing num\u00e9rique.","sameAs":["https:\/\/visionarymarketing.com","http:\/\/facebook.com\/ygourven","http:\/\/linkedin.com\/in\/ygourven","https:\/\/x.com\/ygourven","https:\/\/www.youtube.com\/c\/visionarymarketingagency"],"url":"https:\/\/visionarymarketing.com\/fr\/author\/yann-gourvennec\/"}]}},"_links":{"self":[{"href":"https:\/\/visionarymarketing.com\/fr\/wp-json\/wp\/v2\/posts\/66507","targetHints":{"allow":["GET"]}}],"collection":[{"href":"https:\/\/visionarymarketing.com\/fr\/wp-json\/wp\/v2\/posts"}],"about":[{"href":"https:\/\/visionarymarketing.com\/fr\/wp-json\/wp\/v2\/types\/post"}],"author":[{"embeddable":true,"href":"https:\/\/visionarymarketing.com\/fr\/wp-json\/wp\/v2\/users\/2"}],"replies":[{"embeddable":true,"href":"https:\/\/visionarymarketing.com\/fr\/wp-json\/wp\/v2\/comments?post=66507"}],"version-history":[{"count":0,"href":"https:\/\/visionarymarketing.com\/fr\/wp-json\/wp\/v2\/posts\/66507\/revisions"}],"wp:featuredmedia":[{"embeddable":true,"href":"https:\/\/visionarymarketing.com\/fr\/wp-json\/wp\/v2\/media\/67732"}],"wp:attachment":[{"href":"https:\/\/visionarymarketing.com\/fr\/wp-json\/wp\/v2\/media?parent=66507"}],"wp:term":[{"taxonomy":"category","embeddable":true,"href":"https:\/\/visionarymarketing.com\/fr\/wp-json\/wp\/v2\/categories?post=66507"},{"taxonomy":"post_tag","embeddable":true,"href":"https:\/\/visionarymarketing.com\/fr\/wp-json\/wp\/v2\/tags?post=66507"}],"curies":[{"name":"wp","href":"https:\/\/api.w.org\/{rel}","templated":true}]}}