{"id":66464,"date":"2022-02-08T08:50:20","date_gmt":"2022-02-08T07:50:20","guid":{"rendered":"https:\/\/visionarymarketing.com\/?p=66464"},"modified":"2024-04-15T16:04:40","modified_gmt":"2024-04-15T14:04:40","slug":"manifeste-marketing-adetem","status":"publish","type":"post","link":"https:\/\/visionarymarketing.com\/fr\/2022\/02\/08\/manifeste-marketing-adetem\/","title":{"rendered":"Le manifeste des 36 \u00e9vidences du marketing de l&rsquo;ADETEM"},"content":{"rendered":"<p><em>J&rsquo;ai interview\u00e9 <a href=\"https:\/\/www.linkedin.com\/in\/fran\u00e7ois-laurent-662bbb2\/\" target=\"_blank\" rel=\"noopener\">Fran\u00e7ois Laurent<\/a>\u00a0il y a peu afin d&rsquo;\u00e9voquer le manifeste des \u00ab\u00a036 \u00e9vidences pour demain\u00a0\u00bb, <a href=\"https:\/\/web.archive.org\/web\/20220122200947\/https:\/\/adetem.org\/conseil-scientifique\/\" target=\"_blank\" rel=\"noopener\">du Conseil Scientifique de l\u2019Adetem<\/a>, qui \u00ab\u00a0pose le cadre d&rsquo;un marketing nouveau pour un monde qui se reconstruit\u00a0\u00bb.\u00a0<\/em><\/p>\n<h2>Le manifeste des 36 \u00e9vidences du marketing de l&rsquo;Adetem<\/h2>\n<p><figure id=\"attachment_66737\" aria-describedby=\"caption-attachment-66737\" style=\"width: 520px\" class=\"wp-caption aligncenter\"><a href=\"https:\/\/visionarymarketing.com\/fr\/?attachment_id=66737\" rel=\"attachment wp-att-66730\"><img decoding=\"async\" class=\"wp-image-66737 size-full\" src=\"https:\/\/visionarymarketing.com\/wp-content\/uploads\/2022\/02\/51852959690-b41cf97c3a-c.jpg\" alt=\"Le manifeste des 36 \u00e9vidences du marketing de l'Adetem remet l'\u00e9glise au milieu du village, comme l'a fait le Cluetrain manifesto en son temps pour le marketing digital\u00a0\" width=\"520\" height=\"340\" srcset=\"https:\/\/visionarymarketing.com\/wp-content\/uploads\/2022\/02\/51852959690-b41cf97c3a-c.jpg 520w, https:\/\/visionarymarketing.com\/wp-content\/uploads\/2022\/02\/51852959690-b41cf97c3a-c-459x300.jpg 459w\" sizes=\"(max-width: 520px) 100vw, 520px\" \/><\/a><figcaption id=\"caption-attachment-66737\" class=\"wp-caption-text\">Le manifeste des 36 \u00e9vidences du marketing de l&rsquo;Adetem remet l&rsquo;\u00e9glise au milieu du village, comme l&rsquo;a fait le Cluetrain manifesto en son temps pour le marketing digital [photo : \u00e9glise du Val de Gr\u00e2ce \u00e0 Paris]<\/figcaption><\/figure>Constitu\u00e9 d&rsquo;une douzaine de personnes, chercheurs, professionnels en poste ou universitaires, sociologues, ethnologues, statisticiens ou s\u00e9mioticiens de formation, le Conseil Scientifique de l&rsquo;ADETEM se r\u00e9unit r\u00e9guli\u00e8rement pour anticiper sur les \u00e9volutions soci\u00e9tales et leurs incidences sur le marketing, afin de pouvoir aider le bureau et le conseil d&rsquo;administration \u00e0 d\u00e9finir sa strat\u00e9gie.<\/p>\n<p>Un travail utile \u00e0 un moment o\u00f9 nombre de marketeurs remettent en cause, de l&rsquo;int\u00e9rieur (<a href=\"https:\/\/visionarymarketing.com\/fr\/2021\/04\/enjeux-societaux-marketing\/\">ici<\/a> et <a href=\"https:\/\/visionarymarketing.com\/fr\/2021\/10\/marketing-zero-zero-marketing\/\">ici<\/a> par exemple), les fondements de notre discipline. Un manifeste important pour replacer le marketing \u00e0 sa juste place dans un monde qui change et qui se rel\u00e8ve, \u00e0 peine, d&rsquo;un grand\u00a0choc.<\/p>\n<p>Pour r\u00e9sumer en une phrase ce manifeste du marketing de l&rsquo;Adetem, dont l&rsquo;inspiration vient du <a href=\"https:\/\/cluetrain.com\" target=\"_blank\" rel=\"noopener\">Cluetrain Manifesto<\/a> de Doc Searls et consorts, on peut dire avec Fran\u00e7ois que le marketing a bien pour \u00ab\u00a0r\u00f4le de faire du profit, mais de le faire de mani\u00e8re responsable\u00a0\u00bb. Un vaste programme qui pourrait sauver le marketing, on l&rsquo;esp\u00e8re, car il est menac\u00e9 selon les dires de l&rsquo;ex-Pr\u00e9sident de l&rsquo;Adetem. Voici son interview.<\/p>\n<h3>Le marketing permet aux entreprises de vendre des produits ou des services adapt\u00e9s aux attentes des consommateurs<\/h3>\n<p>Le marketing est la voix du consommateur dans l&rsquo;entreprise. Les entreprises sont de plus sensibilis\u00e9es \u00e0 la n\u00e9cessit\u00e9 de parler correctement aux consommateurs.<!--more--><\/p>\n<p>Il y a quelques ann\u00e9es, les \u00ab\u00a0boards\u00a0\u00bb des grandes soci\u00e9t\u00e9s am\u00e9ricaines avaient d&rsquo;ailleurs une chaise vide, qui repr\u00e9sentait la chaise du consommateur.<\/p>\n<p><a href=\"https:\/\/visionarymarketing.com\/wp-content\/uploads\/2022\/02\/adetem-manifestemarketingdemain.pdf\" target=\"_blank\" rel=\"attachment noopener wp-att-34272\"><img decoding=\"async\" class=\"aligncenter wp-image-34272 size-full\" src=\"https:\/\/visionarymarketing.com\/wp-content\/uploads\/2019\/11\/bouton-lire-le-livre-blanc.png\" alt=\"36 \u00e9vidences du marketing \" width=\"450\" height=\"75\" \/><\/a><\/p>\n<blockquote class=\"quote-light\"><p>Le marketing \u00e0 la Steve Jobs, qui pr\u00f4nait que \u00ab\u00a0parce que \u00e7a me pla\u00eet, \u00e7a va plaire \u00e0 tout le monde\u00a0\u00bb, est un contre-exemple, car proc\u00e9der de la sorte m\u00e8ne souvent \u00e0 l&rsquo;\u00e9chec<\/p><\/blockquote>\n<p>Il ne faut pas pour autant faire que ce que veulent les consommateurs, parce que les consommateurs non plus n&rsquo;ont pas forc\u00e9ment l&rsquo;id\u00e9e de ce qu&rsquo;ils veulent.<\/p>\n<p>Ford disait que s&rsquo;il avait demand\u00e9 aux consommateurs ce qu&rsquo;il devait faire pour les transports, ils auraient r\u00e9pondu de faire des diligences plus rapides.<\/p>\n<p>Au d\u00e9but des ann\u00e9es 90, lorsqu&rsquo;on demandait aux gens ce qu&rsquo;ils pensaient d&rsquo;un t\u00e9l\u00e9phone pour t\u00e9l\u00e9phoner dans la rue, ils trouvaient \u00e7a compl\u00e8tement stupide.<\/p>\n<blockquote class=\"quote-light\"><p>Si chacun reste sur son territoire, les inventeurs d&rsquo;un c\u00f4t\u00e9 et les consommateurs de l&rsquo;autre, \u00e7a ne fonctionne pas. Il faut qu&rsquo;il y ait collaboration et compr\u00e9hension, et le marketing est le facilitateur entre l&rsquo;entreprise et les consommateurs<\/p><\/blockquote>\n<h3>Deux grandes r\u00e9volutions ont marqu\u00e9 la soci\u00e9t\u00e9 du 21e si\u00e8cle : Internet et la crise li\u00e9e au Covid<\/h3>\n<p>La premi\u00e8re r\u00e9volution a \u00e9t\u00e9 l&rsquo;arriv\u00e9e du web chez les consommateurs.<\/p>\n<figure id=\"attachment_66735\" aria-describedby=\"caption-attachment-66735\" style=\"width: 210px\" class=\"wp-caption alignright\"><a href=\"https:\/\/visionarymarketing.com\/fr\/2022\/02\/08\/manifeste-marketing-adetem\/\" rel=\"attachment wp-att-66735\"><img decoding=\"async\" class=\"wp-image-66735 size-medium\" src=\"https:\/\/visionarymarketing.com\/wp-content\/uploads\/2022\/02\/screenshot-2022-02-08-at-080054-210x300.jpg\" alt=\"\" width=\"210\" height=\"300\" srcset=\"https:\/\/visionarymarketing.com\/wp-content\/uploads\/2022\/02\/screenshot-2022-02-08-at-080054-210x300.jpg 210w, https:\/\/visionarymarketing.com\/wp-content\/uploads\/2022\/02\/screenshot-2022-02-08-at-080054.jpg 589w\" sizes=\"(max-width: 210px) 100vw, 210px\" \/><\/a><figcaption id=\"caption-attachment-66735\" class=\"wp-caption-text\">Le manifeste de <a href=\"https:\/\/visionarymarketing.com\/wp-content\/uploads\/2022\/02\/screenshot-2022-02-08-at-080054.jpg\" target=\"_blank\" rel=\"noopener\">l&rsquo;ADETEM<\/a>\u00a0dont le principe est tir\u00e9 du cluetrain manifesto de <a href=\"https:\/\/visionarymarketing.com\/fr\/2015\/02\/rllc\/\">Doc Searls<\/a> et al<\/figcaption><\/figure>\n<p>Alors que les gens continuaient \u00e0 faire du marketing comme avant, quatre chercheurs am\u00e9ricains ont alert\u00e9 sur le fait que les gens discutaient d\u00e9sormais entre eux sur ce qui \u00e9tait \u00e0 l&rsquo;\u00e9poque le premier blog et les premiers forums, et ont sorti <a href=\"https:\/\/www.cluetrain.com\" target=\"_blank\" rel=\"noopener\">95 \u00e9vidences dans le Cluetrain Manifesto<\/a>. Ce fut la premi\u00e8re pierre.<\/p>\n<p>Le deuxi\u00e8me grand chamboulement est la crise que nous venons de passer qui a beaucoup secou\u00e9 les gens.<\/p>\n<p>Se retrouver soudain interdits de sortir de chez soi a remis une certaine forme de pens\u00e9e parmi les Fran\u00e7ais.<\/p>\n<p>Il s&rsquo;agissait pour ce Manifeste des 36 \u00e9vidences pour demain de souligner que le monde ne sera plus le m\u00eame, qu&rsquo;il ne faut pas essayer de continuer \u00e0 faire comme avant.<\/p>\n<h3>Le changement viendra des nouvelles g\u00e9n\u00e9rations de marketeurs<\/h3>\n<p>Le changement ne viendra pas n\u00e9cessairement des marketeurs confirm\u00e9s, mais des nouvelles g\u00e9n\u00e9rations de marketeurs, qui n&rsquo;ont pas les m\u00eames \u0153ill\u00e8res que nous nous sommes mises pendant des ann\u00e9es.<\/p>\n<p>Les jeunes g\u00e9n\u00e9rations se sont aper\u00e7ues que gr\u00e2ce aux gens de notre g\u00e9n\u00e9ration, on consomme aujourd&rsquo;hui 1,7 plan\u00e8te par an, et quand ils auront notre \u00e2ge, au rythme actuel, on en consommera plusieurs.<\/p>\n<p>La consommation des Suisses correspond \u00e0 4 plan\u00e8tes par an, les Japonais font encore mieux. Les jeunes sont pris \u00e0 la gorge, ils ont besoin de changer des choses. Et le marketing a aussi un r\u00f4le soci\u00e9tal, notamment vis-\u00e0-vis de la plan\u00e8te et des citoyens.<\/p>\n<figure id=\"attachment_66746\" aria-describedby=\"caption-attachment-66746\" style=\"width: 734px\" class=\"wp-caption aligncenter\"><a href=\"https:\/\/visionarymarketing.com\/fr\/2022\/02\/08\/manifeste-marketing-adetem\/\" rel=\"attachment wp-att-66746\"><img decoding=\"async\" class=\"wp-image-66746 size-full\" src=\"https:\/\/visionarymarketing.com\/wp-content\/uploads\/2022\/02\/screenshot-2022-02-08-at-082650.jpg\" alt=\"Le manifeste marketing de l'Adetem\" width=\"734\" height=\"728\" srcset=\"https:\/\/visionarymarketing.com\/wp-content\/uploads\/2022\/02\/screenshot-2022-02-08-at-082650.jpg 734w, https:\/\/visionarymarketing.com\/wp-content\/uploads\/2022\/02\/screenshot-2022-02-08-at-082650-302x300.jpg 302w, https:\/\/visionarymarketing.com\/wp-content\/uploads\/2022\/02\/screenshot-2022-02-08-at-082650-150x150.jpg 150w\" sizes=\"(max-width: 734px) 100vw, 734px\" \/><\/a><figcaption id=\"caption-attachment-66746\" class=\"wp-caption-text\">Le jour du d\u00e9passement : comme l&rsquo;a dit Al Gore, <a href=\"https:\/\/www.novethic.fr\/actualite\/environnement\/ressources-naturelles\/isr-rse\/jour-du-depassement-il-faut-1-7-planete-pour-combler-les-besoins-de-l-humanite-146146.html\" target=\"_blank\" rel=\"noopener\">une v\u00e9rit\u00e9 qui d\u00e9range<\/a> et une des pr\u00e9occupations majeures de l&rsquo;Adetem avec son manifeste Marketing<\/figcaption><\/figure>\n<p>La finalit\u00e9 du marketing ne va pas du tout changer, mais puisqu&rsquo;il est le facilitateur entre les consommateurs et l&rsquo;entreprise, il peut \u00eatre celui qui aide \u00e0 comprendre les consommateurs et \u00e0 faire que les produits leur correspondent.<\/p>\n<p>Le consommateur, le citoyen, les individus ont compl\u00e8tement chang\u00e9 et on peut \u00eatre \u00e0 l&rsquo;\u00e9coute des nouvelles attentes.<\/p>\n<p>Le Black Friday est un bon exemple. Il est totalement irrespectueux des consommateurs, qui se sont aper\u00e7us qu&rsquo;il n&rsquo;y a pas de r\u00e9ductions, puisque\u00a0les prix sont gonfl\u00e9s avant pour pouvoir faire des r\u00e9ductions pour cette journ\u00e9e.<\/p>\n<p>Les consommateurs commencent \u00e0 le comprendre.<\/p>\n<p>Certains \u00e9taient en avance de phase, comme <a href=\"https:\/\/www.camif.fr\/blackfriday\/\" target=\"_blank\" rel=\"noopener\">la Camif qui a ferm\u00e9 son site d\u00e8s 2017 ce jour-l\u00e0<\/a>\u00a0et depuis\u00a0<a href=\"https:\/\/www.camif.fr\/lesbelleshistoires\/pas-de-black-friday-deconnecte.html\" target=\"_blank\" rel=\"noopener\">ne participe pas \u00e0 cette mascarade<\/a>.<\/p>\n<blockquote class=\"quote-light\"><p>Le marketing qui avance est celui qui, plut\u00f4t que faire comme tous les autres, dit halte, je respecte les consommateurs parce que les consommateurs ont envie qu&rsquo;on les respecte<\/p><\/blockquote>\n<p>L&rsquo;engouement du Black Friday diminue, et il est devenu artificiel puisqu&rsquo;en d\u00e9finitive, on ne fait que de d\u00e9placer dans le temps, \u00e0 une p\u00e9riode de l&rsquo;ann\u00e9e, des ventes qui pourraient \u00eatre liss\u00e9es tout au long de l&rsquo;ann\u00e9e, souligne Fran\u00e7ois.<\/p>\n<h3>Le r\u00f4le du marketing est de faire des produits plus responsables<\/h3>\n<p>Il y a aujourd&rsquo;hui deux grandes \u00e9coles : les gens qui pensent qu&rsquo;il faut consommer, qu&rsquo;on a besoin de croissance et de toujours plus de profits, et ceux qui pensent qu&rsquo;il faut arr\u00eater, aller sur la d\u00e9croissance, consommer moins.<\/p>\n<blockquote class=\"quote-light\"><p>On ne peut pas priver les gens de la consommation parce que consommer a un c\u00f4t\u00e9 agr\u00e9able, mais on peut consommer bien, sans pour autant d\u00e9truire la plan\u00e8te<\/p><\/blockquote>\n<p>Le r\u00f4le du marketing est de faire des produits plus responsables, qui ne soient pas obsolescents au bout d&rsquo;un an, et qui soient sans empreinte carbone gigantesque.<\/p>\n<p>Il est possible de fabriquer en France des produits qui aujourd&rsquo;hui sont manufactur\u00e9s en Chine ou au Bangladesh.<\/p>\n<p>On peut aussi faire des produits qui ne font pas mourir des milliers de gens au Bangladesh pour pouvoir les vendre 10\u00a0centimes moins chers.<\/p>\n<p>Le changement, c&rsquo;est maintenant : la Camif ne vend que des meubles qui sont fabriqu\u00e9s en France. On commence \u00e0 de plus en plus ramener les produits sur le territoire fran\u00e7ais.<\/p>\n<p>Dans la consommation alimentaire, on peut tr\u00e8s bien vendre uniquement des produits de saison. Carrefour, par exemple, en janvier et f\u00e9vrier, ne vend pas de fraises.<\/p>\n<blockquote class=\"quote-light\"><p>La consommation peut rester festive tout en \u00e9tant respectueuse<\/p><\/blockquote>\n<p>On s&rsquo;est bien gard\u00e9 de dire au consommateur qu&rsquo;en vendant des fraises en hiver, on d\u00e9truisait la plan\u00e8te. On peut tr\u00e8s bien vendre des produits de saison et expliquer pourquoi.<\/p>\n<p>Les distributeurs commencent \u00e0 le faire et g\u00e9n\u00e9ralement, ce que font les distributeurs est tout \u00e0 fait en ligne avec les attentes du consommateur. Parce que, contrairement \u00e0 pas mal de marketeurs, les distributeurs ont le consommateur dans leur magasin.<\/p>\n<p>Ils le voient tous les jours et sont souvent plus en phase avec la soci\u00e9t\u00e9.<\/p>\n<h3>Ne jetons pas le b\u00e9b\u00e9 avec l&rsquo;eau du bain : le marketing a un avenir&#8230; c&rsquo;est donc qu&rsquo;il est menac\u00e9 ?<\/h3>\n<p>Le marketing a fait beaucoup pour se faire menacer, \u00e0 force de faire de fausses promotions, de fausses innovations, ou m\u00eame du mauvais marketing, comme Steve Jobs, par exemple, qui chaque fois qu&rsquo;il lan\u00e7ait un nouveau produit, entra\u00eenait l&rsquo;incompatibilit\u00e9 de la connectique du pr\u00e9c\u00e9dent.<\/p>\n<p>Les gens disaient \u00a0\u00bb c&rsquo;est un produit marketing parce qu&rsquo;il n&rsquo;y a pas de vraie innovation, sauf qu&rsquo;on va payer plus cher \u00ab\u00a0.<\/p>\n<h4>Le marketing a mauvaise presse<\/h4>\n<p>Dans les ann\u00e9es 80, la communication avait mauvaise presse dans le grand public, maintenant, c&rsquo;est le marketing, souligne Fran\u00e7ois.<\/p>\n<p>En entreprise, le marketing aussi est souvent attaqu\u00e9 par la finance, car les op\u00e9rations marketing co\u00fbtent de l&rsquo;argent, on pourrait peut-\u00eatre s&rsquo;en passer. \u00c9tudier le consommateur, passer du temps \u00e0 faire la strat\u00e9gie, est-ce bien raisonnable ?<\/p>\n<p>Il est aussi parfois pris en d\u00e9faut par les ing\u00e9nieurs. Peu de temps avant que j&rsquo;arrive chez Thomson, nous explique Fran\u00e7ois, un designer g\u00e9nial qui s&rsquo;appelait Philippe Starck avait fait une t\u00e9l\u00e9commande en forme de c\u00f4ne de glace. Il y avait \u00e9norm\u00e9ment de retours de ces t\u00e9l\u00e9commandes, les clients indiquant qu&rsquo;elles ne marchaient pas.<\/p>\n<p>Or, dans la mesure o\u00f9 elle \u00e9tait faite comme un c\u00f4ne, il fallait la tenir droite comme un c\u00f4ne, alors que les gens la poussaient devant eux de mani\u00e8re intuitive. Le produit n&rsquo;avait jamais \u00e9t\u00e9 test\u00e9 aupr\u00e8s des consommateurs pour voir s&rsquo;ils seraient capables de l&rsquo;utiliser ou pas, et il avait fait quelque chose de psychologiquement inop\u00e9rant.<\/p>\n<h3>L&rsquo;Intelligence est humaine, pas artificielle : faut-il se d\u00e9barrasser de l&rsquo;intelligence artificielle ?<\/h3>\n<p>Il ne faut pas vouloir arr\u00eater l&rsquo;\u00e9volution technologique. L&rsquo;intelligence artificielle peut servir \u00e0 beaucoup de choses, comme cr\u00e9er des bots qui vont r\u00e9pondre correctement sur les sites Internet. La tendance aujourd&rsquo;hui est de pr\u00e9tendre qu&rsquo;on utilise de l&rsquo;<a href=\"https:\/\/visionarymarketing.com\/fr\/2022\/01\/marche-indien\/\" target=\"_blank\" rel=\"noopener\">intelligence artificielle\u00a0d\u00e8s qu&rsquo;on utilise un algorithme, qui est souvent assez basique.<\/a><\/p>\n<p>Le directeur marketing ne doit pas simplement appuyer sur des boutons ou attendre que l&rsquo;intelligence artificielle fasse tout, il doit y avoir de la r\u00e9flexion. Si on mod\u00e9lisait tout avec les algorithmes et qu&rsquo;on n\u2019avait plus besoin de directeur marketing, on se retrouverait vite dans un monde o\u00f9\u00a0tout le monde ferait la m\u00eame chose.<\/p>\n<p>On a besoin d&rsquo;humanit\u00e9, de compr\u00e9hension, et d&#8217;empathie, ce que n&rsquo;a pas l&rsquo;intelligence artificielle. Aimer les gens \u00e0 qui on veut vendre, et aimer les gens avec qui on travaille.<\/p>\n<blockquote class=\"quote-light\"><p>Il ne s&rsquo;agit pas d&rsquo;interrompre l&rsquo;intelligence artificielle, il s&rsquo;agit de savoir l&rsquo;utiliser \u00e0 bon escient<\/p><\/blockquote>\n<p>Il n&rsquo;y a pas de raison d&rsquo;arr\u00eater un syst\u00e8me de CRM avec de bons algorithmes qui permettra de mieux satisfaire les consommateurs. Mais il y a une r\u00e9flexion \u00e0 faire en mati\u00e8re de strat\u00e9gie, pour savoir jusqu&rsquo;o\u00f9 on peut aller.<\/p>\n<h3>Pas de marques \u00e0 mission sans r\u00e9elle mission de marque<\/h3>\n<p>Les \u201cbullshit brands\u201d n&rsquo;ont pas d&rsquo;avenir. Il y a des choses qui se font de fa\u00e7on positive, comme le cas des nitrates pour le jambon. On peut tr\u00e8s bien les supprimer, et plusieurs entreprises, comme\u00a0Fleury-Michon, les ont d\u00e9j\u00e0 supprim\u00e9s.<\/p>\n<p>Inversement la F\u00e9d\u00e9ration de la Charcuterie fait des proc\u00e8s \u00e0 Yuka. Certains sont donc plus en pointe que d&rsquo;autres. Petit \u00e0 petit, les marques qui sont en retard auront tendance \u00e0 dispara\u00eetre.<\/p>\n<p>M\u00eame si <a href=\"https:\/\/www.lemonde.fr\/planete\/article\/2021\/06\/03\/additifs-nitrites-l-application-yuka-condamnee-en-premiere-instance-face-a-la-federation-des-charcutiers_6082587_3244.html\" target=\"_blank\" rel=\"noopener\">Yuka a \u00e9t\u00e9 condamn\u00e9<\/a>, ind\u00e9pendamment de l&rsquo;appel qui a \u00e9t\u00e9 fait et du soutien des organisations de consommateurs, avec une cagnotte en ligne pour soutenir Yuka financi\u00e8rement et l&rsquo;aider \u00e0 se battre contre l&rsquo;industrie de la charcuterie, aujourd&rsquo;hui, l&rsquo;image de l&rsquo;industrie de la charcuterie n&rsquo;est plus ce qu&rsquo;elle \u00e9tait.<\/p>\n<figure id=\"attachment_66741\" aria-describedby=\"caption-attachment-66741\" style=\"width: 1000px\" class=\"wp-caption aligncenter\"><a href=\"https:\/\/visionarymarketing.com\/fr\/2022\/02\/08\/manifeste-marketing-adetem\/\" rel=\"attachment wp-att-66741\"><img decoding=\"async\" class=\"wp-image-66741 size-full\" src=\"https:\/\/visionarymarketing.com\/wp-content\/uploads\/2022\/02\/screenshot-2022-02-08-at-081752-e1644304717525.png\" alt=\"Le manifeste des 36 \u00e9vidences du marketing de l'Adetem remet l'\u00e9glise au milieu du village, comme l'a fait le Cluetrain manifesto en son temps pour le marketing digital\u00a0\" width=\"1000\" height=\"566\" \/><\/a><figcaption id=\"caption-attachment-66741\" class=\"wp-caption-text\">L&rsquo;impact de <a href=\"https:\/\/yuka.io\" target=\"_blank\" rel=\"noopener\">Yuka<\/a> tel qu&rsquo;il est d\u00e9crit dans le dossier de presse de l&rsquo;application<\/figcaption><\/figure>\n<p>Elle est devenue suspecte, m\u00eame s&rsquo;il y aura toujours des gens qui ach\u00e8teront de la charcuterie pas ch\u00e8re en hypermarch\u00e9, car ils n&rsquo;ont pas les moyens de faire autrement.<\/p>\n<p>C&rsquo;est aussi une des raisons de ce manifeste, souligne Fran\u00e7ois, qui pr\u00e9conise d&rsquo;inclure les consommateurs, m\u00eame les plus pauvres. Le r\u00f4le du marketing est aussi de pouvoir fournir de bons produits \u00e0 des gens qui n&rsquo;ont pas forc\u00e9ment les moyens d&rsquo;acheter des produits chers.<\/p>\n<p>On peut esp\u00e9rer que gr\u00e2ce aux <a href=\"https:\/\/web.archive.org\/web\/20220122200947\/https:\/\/adetem.org\/conseil-scientifique\/\" target=\"_blank\" rel=\"noopener\">36 \u00e9vidences de l&rsquo;Adetem<\/a>, les marketeurs gagnent enfin leurs galons d&rsquo;\u00e9thique et de respect dont nous avons tant besoin.<\/p>\n<p><a href=\"https:\/\/visionarymarketing.com\/wp-content\/uploads\/2022\/02\/adetem-manifestemarketingdemain.pdf\" target=\"_blank\" rel=\"attachment noopener wp-att-34272\"><img decoding=\"async\" class=\"aligncenter wp-image-34272 size-full\" src=\"https:\/\/visionarymarketing.com\/wp-content\/uploads\/2019\/11\/bouton-lire-le-livre-blanc.png\" alt=\"36 \u00e9vidences du marketing \" width=\"450\" height=\"75\" \/><\/a><\/p>\n<div itemscope itemtype=\"http:\/\/schema.org\/AudioObject\"><meta itemprop=\"name\" content=\"Le manifeste des 36 \u00e9vidences du marketing de l&amp;rsquo;ADETEM\" \/><meta itemprop=\"uploadDate\" content=\"2022-02-08T08:50:20+01:00\" \/><meta itemprop=\"encodingFormat\" content=\"audio\/mpeg\" \/><meta itemprop=\"duration\" content=\"PT31M46S\" \/><meta itemprop=\"description\" content=\"J&#039;ai interview\u00e9 Fran\u00e7ois Laurent\u00a0il y a peu afin d&#039;\u00e9voquer le manifeste des &quot;36 \u00e9vidences pour demain&quot;, du Conseil Scientifique de l\u2019Adetem, qui &quot;pose le cadre d&#039;un marketing nouveau pour un monde qui se reconstruit&quot;.\u00a0\n\nLe manifeste des 36 \u00e9vidences ...\" \/><meta itemprop=\"contentUrl\" content=\"https:\/\/media.blubrry.com\/visionarymarketing_les\/agence.visionarymarketing.com\/files\/podcasts\/2022-02-08-F-Laurent-manifeste-ADETEM-mixdown.mp3\" \/><meta itemprop=\"contentSize\" content=\"43.7\" \/><div class=\"powerpress_player\" id=\"powerpress_player_7288\"><audio class=\"wp-audio-shortcode\" id=\"audio-66464-1\" preload=\"none\" style=\"width: 100%;\" controls=\"controls\"><source type=\"audio\/mpeg\" src=\"https:\/\/media.blubrry.com\/visionarymarketing_les\/agence.visionarymarketing.com\/files\/podcasts\/2022-02-08-F-Laurent-manifeste-ADETEM-mixdown.mp3?_=1\" \/><a href=\"https:\/\/media.blubrry.com\/visionarymarketing_les\/agence.visionarymarketing.com\/files\/podcasts\/2022-02-08-F-Laurent-manifeste-ADETEM-mixdown.mp3\">https:\/\/media.blubrry.com\/visionarymarketing_les\/agence.visionarymarketing.com\/files\/podcasts\/2022-02-08-F-Laurent-manifeste-ADETEM-mixdown.mp3<\/a><\/audio><\/div><\/div><p class=\"powerpress_links powerpress_links_mp3\" style=\"margin-bottom: 1px !important;\">Podcast: <a href=\"https:\/\/media.blubrry.com\/visionarymarketing_les\/agence.visionarymarketing.com\/files\/podcasts\/2022-02-08-F-Laurent-manifeste-ADETEM-mixdown.mp3\" class=\"powerpress_link_pinw\" target=\"_blank\" title=\"Play in new window\" onclick=\"return powerpress_pinw('https:\/\/visionarymarketing.com\/fr\/\/?powerpress_pinw=66464-podcast');\" rel=\"nofollow\">Play in new window<\/a> | <a href=\"https:\/\/media.blubrry.com\/visionarymarketing_les\/agence.visionarymarketing.com\/files\/podcasts\/2022-02-08-F-Laurent-manifeste-ADETEM-mixdown.mp3\" class=\"powerpress_link_d\" title=\"Download\" rel=\"nofollow\" download=\"2022-02-08-F-Laurent-manifeste-ADETEM-mixdown.mp3\">Download<\/a> (Duration: 31:46 &#8212; 43.7MB)<\/p><p class=\"powerpress_links powerpress_subscribe_links\">Subscribe: <a href=\"https:\/\/itunes.apple.com\/us\/podcast\/visionarymarketing-les-interviews\/id731295319?mt=2&amp;ls=1#episodeGuid=https%3A%2F%2Fvisionarymarketing.com%2F%3Fp%3D66464\" class=\"powerpress_link_subscribe powerpress_link_subscribe_itunes\" target=\"_blank\" title=\"Subscribe on Apple Podcasts\" rel=\"nofollow\">Apple Podcasts<\/a> | <a href=\"https:\/\/open.spotify.com\/show\/52VnZ1mhVSnDs4tQOx7Vuc\" class=\"powerpress_link_subscribe powerpress_link_subscribe_spotify\" target=\"_blank\" title=\"Subscribe on Spotify\" rel=\"nofollow\">Spotify<\/a> | <a href=\"https:\/\/subscribeonandroid.com\/visionarymarketing.com\/fr\/feed\/podcast\/\" class=\"powerpress_link_subscribe powerpress_link_subscribe_android\" target=\"_blank\" title=\"Subscribe on Android\" rel=\"nofollow\">Android<\/a> | <a href=\"https:\/\/visionarymarketing.com\/fr\/feed\/podcast\/\" class=\"powerpress_link_subscribe powerpress_link_subscribe_rss\" target=\"_blank\" title=\"Subscribe via RSS\" rel=\"nofollow\">RSS<\/a><\/p>","protected":false},"excerpt":{"rendered":"<p>J&rsquo;ai interview\u00e9 Fran\u00e7ois Laurent\u00a0il y a peu afin d&rsquo;\u00e9voquer le manifeste des \u00ab\u00a036 \u00e9vidences pour demain\u00a0\u00bb, du Conseil Scientifique de l\u2019Adetem, qui \u00ab\u00a0pose le cadre d&rsquo;un marketing nouveau pour un monde qui se reconstruit\u00a0\u00bb.\u00a0 Le manifeste des 36 \u00e9vidences du marketing de l&rsquo;Adetem Constitu\u00e9 d&rsquo;une douzaine de personnes, chercheurs, professionnels en poste ou universitaires, sociologues, &hellip;<\/p>\n","protected":false},"author":2,"featured_media":66737,"comment_status":"open","ping_status":"open","sticky":false,"template":"","format":"standard","meta":{"footnotes":""},"categories":[248],"tags":[],"class_list":["post-66464","post","type-post","status-publish","format-standard","has-post-thumbnail","hentry","category-livres-marketing"],"yoast_head":"<!-- This site is optimized with the Yoast SEO plugin v27.5 - https:\/\/yoast.com\/product\/yoast-seo-wordpress\/ -->\n<title>Manifeste marketing : les 36 \u00e9vidences du marketing de l&#039;ADETEM<\/title>\n<meta name=\"description\" content=\"Le manifeste des 36 \u00e9vidences du marketing de l&#039;ADETEM : la consommation reste un bienfait. Merci le Marketing, avec Fran\u00e7ois Laurent\" \/>\n<meta name=\"robots\" content=\"index, follow, max-snippet:-1, max-image-preview:large, max-video-preview:-1\" \/>\n<link rel=\"canonical\" href=\"https:\/\/visionarymarketing.com\/fr\/2022\/02\/08\/manifeste-marketing-adetem\/\" \/>\n<meta property=\"og:locale\" content=\"fr_FR\" \/>\n<meta property=\"og:type\" content=\"article\" \/>\n<meta property=\"og:title\" content=\"Manifeste marketing : les 36 \u00e9vidences du marketing de l&#039;ADETEM\" \/>\n<meta property=\"og:description\" content=\"Le manifeste des 36 \u00e9vidences du marketing de l&#039;ADETEM : la consommation reste un bienfait. Merci le Marketing, avec Fran\u00e7ois Laurent\" \/>\n<meta property=\"og:url\" content=\"https:\/\/visionarymarketing.com\/fr\/2022\/02\/08\/manifeste-marketing-adetem\/\" \/>\n<meta property=\"og:site_name\" content=\"Marketing and Innovation\" \/>\n<meta property=\"article:publisher\" content=\"https:\/\/www.facebook.com\/vismktg\" \/>\n<meta property=\"article:author\" content=\"http:\/\/facebook.com\/ygourven\" \/>\n<meta property=\"article:published_time\" content=\"2022-02-08T07:50:20+00:00\" \/>\n<meta property=\"article:modified_time\" content=\"2024-04-15T14:04:40+00:00\" \/>\n<meta property=\"og:image\" content=\"https:\/\/visionarymarketing.com\/wp-content\/uploads\/2022\/02\/51852959690-b41cf97c3a-c.jpg\" \/>\n\t<meta property=\"og:image:width\" content=\"520\" \/>\n\t<meta property=\"og:image:height\" content=\"340\" \/>\n\t<meta property=\"og:image:type\" content=\"image\/jpeg\" \/>\n<meta name=\"author\" content=\"Yann Gourvennec\" \/>\n<meta name=\"twitter:card\" content=\"summary_large_image\" \/>\n<meta name=\"twitter:creator\" content=\"@ygourven\" \/>\n<meta name=\"twitter:site\" content=\"@ygourven\" \/>\n<meta name=\"twitter:label1\" content=\"\u00c9crit par\" \/>\n\t<meta name=\"twitter:data1\" content=\"Yann Gourvennec\" \/>\n\t<meta name=\"twitter:label2\" content=\"Dur\u00e9e de lecture estim\u00e9e\" \/>\n\t<meta name=\"twitter:data2\" content=\"10 minutes\" \/>\n<script type=\"application\/ld+json\" class=\"yoast-schema-graph\">{\"@context\":\"https:\\\/\\\/schema.org\",\"@graph\":[{\"@type\":\"NewsArticle\",\"@id\":\"https:\\\/\\\/visionarymarketing.com\\\/fr\\\/2022\\\/02\\\/08\\\/manifeste-marketing-adetem\\\/#article\",\"isPartOf\":{\"@id\":\"https:\\\/\\\/visionarymarketing.com\\\/fr\\\/2022\\\/02\\\/08\\\/manifeste-marketing-adetem\\\/\"},\"author\":{\"name\":\"Yann Gourvennec\",\"@id\":\"https:\\\/\\\/visionarymarketing.com\\\/fr\\\/#\\\/schema\\\/person\\\/3754fee1e558f47b8deb46f53c37423e\"},\"headline\":\"Le manifeste des 36 \u00e9vidences du marketing de l&rsquo;ADETEM\",\"datePublished\":\"2022-02-08T07:50:20+00:00\",\"dateModified\":\"2024-04-15T14:04:40+00:00\",\"mainEntityOfPage\":{\"@id\":\"https:\\\/\\\/visionarymarketing.com\\\/fr\\\/2022\\\/02\\\/08\\\/manifeste-marketing-adetem\\\/\"},\"wordCount\":2246,\"commentCount\":3,\"image\":{\"@id\":\"https:\\\/\\\/visionarymarketing.com\\\/fr\\\/2022\\\/02\\\/08\\\/manifeste-marketing-adetem\\\/#primaryimage\"},\"thumbnailUrl\":\"https:\\\/\\\/visionarymarketing.com\\\/wp-content\\\/uploads\\\/2022\\\/02\\\/51852959690-b41cf97c3a-c.jpg\",\"articleSection\":[\"livres marketing\"],\"inLanguage\":\"fr-FR\",\"potentialAction\":[{\"@type\":\"CommentAction\",\"name\":\"Comment\",\"target\":[\"https:\\\/\\\/visionarymarketing.com\\\/fr\\\/2022\\\/02\\\/08\\\/manifeste-marketing-adetem\\\/#respond\"]}]},{\"@type\":\"WebPage\",\"@id\":\"https:\\\/\\\/visionarymarketing.com\\\/fr\\\/2022\\\/02\\\/08\\\/manifeste-marketing-adetem\\\/\",\"url\":\"https:\\\/\\\/visionarymarketing.com\\\/fr\\\/2022\\\/02\\\/08\\\/manifeste-marketing-adetem\\\/\",\"name\":\"Manifeste marketing : les 36 \u00e9vidences du marketing de l'ADETEM\",\"isPartOf\":{\"@id\":\"https:\\\/\\\/visionarymarketing.com\\\/fr\\\/#website\"},\"primaryImageOfPage\":{\"@id\":\"https:\\\/\\\/visionarymarketing.com\\\/fr\\\/2022\\\/02\\\/08\\\/manifeste-marketing-adetem\\\/#primaryimage\"},\"image\":{\"@id\":\"https:\\\/\\\/visionarymarketing.com\\\/fr\\\/2022\\\/02\\\/08\\\/manifeste-marketing-adetem\\\/#primaryimage\"},\"thumbnailUrl\":\"https:\\\/\\\/visionarymarketing.com\\\/wp-content\\\/uploads\\\/2022\\\/02\\\/51852959690-b41cf97c3a-c.jpg\",\"datePublished\":\"2022-02-08T07:50:20+00:00\",\"dateModified\":\"2024-04-15T14:04:40+00:00\",\"author\":{\"@id\":\"https:\\\/\\\/visionarymarketing.com\\\/fr\\\/#\\\/schema\\\/person\\\/3754fee1e558f47b8deb46f53c37423e\"},\"description\":\"Le manifeste des 36 \u00e9vidences du marketing de l'ADETEM : la consommation reste un bienfait. Merci le Marketing, avec Fran\u00e7ois Laurent\",\"breadcrumb\":{\"@id\":\"https:\\\/\\\/visionarymarketing.com\\\/fr\\\/2022\\\/02\\\/08\\\/manifeste-marketing-adetem\\\/#breadcrumb\"},\"inLanguage\":\"fr-FR\",\"potentialAction\":[{\"@type\":\"ReadAction\",\"target\":[\"https:\\\/\\\/visionarymarketing.com\\\/fr\\\/2022\\\/02\\\/08\\\/manifeste-marketing-adetem\\\/\"]}]},{\"@type\":\"ImageObject\",\"inLanguage\":\"fr-FR\",\"@id\":\"https:\\\/\\\/visionarymarketing.com\\\/fr\\\/2022\\\/02\\\/08\\\/manifeste-marketing-adetem\\\/#primaryimage\",\"url\":\"https:\\\/\\\/visionarymarketing.com\\\/wp-content\\\/uploads\\\/2022\\\/02\\\/51852959690-b41cf97c3a-c.jpg\",\"contentUrl\":\"https:\\\/\\\/visionarymarketing.com\\\/wp-content\\\/uploads\\\/2022\\\/02\\\/51852959690-b41cf97c3a-c.jpg\",\"width\":520,\"height\":340,\"caption\":\"Le manifeste des 36 \u00e9vidences du marketing de l'Adetem remet l'\u00e9glise au milieu du village, comme l'a fait le Cluetrain manifesto en son temps pour le marketing digital\u00a0\"},{\"@type\":\"BreadcrumbList\",\"@id\":\"https:\\\/\\\/visionarymarketing.com\\\/fr\\\/2022\\\/02\\\/08\\\/manifeste-marketing-adetem\\\/#breadcrumb\",\"itemListElement\":[{\"@type\":\"ListItem\",\"position\":1,\"name\":\"Home\",\"item\":\"https:\\\/\\\/visionarymarketing.com\\\/fr\\\/\"},{\"@type\":\"ListItem\",\"position\":2,\"name\":\"Le manifeste des 36 \u00e9vidences du marketing de l&#8217;ADETEM\"}]},{\"@type\":\"WebSite\",\"@id\":\"https:\\\/\\\/visionarymarketing.com\\\/fr\\\/#website\",\"url\":\"https:\\\/\\\/visionarymarketing.com\\\/fr\\\/\",\"name\":\"Marketing and Innovation\",\"description\":\"Site d&#039;infos ind\u00e9pendant, depuis 1996\",\"potentialAction\":[{\"@type\":\"SearchAction\",\"target\":{\"@type\":\"EntryPoint\",\"urlTemplate\":\"https:\\\/\\\/visionarymarketing.com\\\/fr\\\/?s={search_term_string}\"},\"query-input\":{\"@type\":\"PropertyValueSpecification\",\"valueRequired\":true,\"valueName\":\"search_term_string\"}}],\"inLanguage\":\"fr-FR\"},{\"@type\":\"Person\",\"@id\":\"https:\\\/\\\/visionarymarketing.com\\\/fr\\\/#\\\/schema\\\/person\\\/3754fee1e558f47b8deb46f53c37423e\",\"name\":\"Yann Gourvennec\",\"image\":{\"@type\":\"ImageObject\",\"inLanguage\":\"fr-FR\",\"@id\":\"https:\\\/\\\/secure.gravatar.com\\\/avatar\\\/5972001801e8de5692a3e31224e85769f50a55fb8b679749f9c8d1868cceff14?s=96&d=initials&r=g&initials=yg\",\"url\":\"https:\\\/\\\/secure.gravatar.com\\\/avatar\\\/5972001801e8de5692a3e31224e85769f50a55fb8b679749f9c8d1868cceff14?s=96&d=initials&r=g&initials=yg\",\"contentUrl\":\"https:\\\/\\\/secure.gravatar.com\\\/avatar\\\/5972001801e8de5692a3e31224e85769f50a55fb8b679749f9c8d1868cceff14?s=96&d=initials&r=g&initials=yg\",\"caption\":\"Yann Gourvennec\"},\"description\":\"Yann Gourvennec created visionarymarketing.com in 1996. He is a speaker and author of many books. In 2014 he went from intrapreneur to entrepreneur, when he created his digital marketing agency. Yann Gourvennec a cr\u00e9\u00e9 visionarymarketing.com en 1996. Il est conf\u00e9rencier et auteur de plusieurs livres. En 2014, il est pass\u00e9 d'intrapreneur \u00e0 entrepreneur en cr\u00e9ant son agence de marketing num\u00e9rique.\",\"sameAs\":[\"https:\\\/\\\/visionarymarketing.com\",\"http:\\\/\\\/facebook.com\\\/ygourven\",\"http:\\\/\\\/linkedin.com\\\/in\\\/ygourven\",\"https:\\\/\\\/x.com\\\/ygourven\",\"https:\\\/\\\/www.youtube.com\\\/c\\\/visionarymarketingagency\"],\"url\":\"https:\\\/\\\/visionarymarketing.com\\\/fr\\\/author\\\/yann-gourvennec\\\/\"}]}<\/script>\n<!-- \/ Yoast SEO plugin. -->","yoast_head_json":{"title":"Manifeste marketing : les 36 \u00e9vidences du marketing de l'ADETEM","description":"Le manifeste des 36 \u00e9vidences du marketing de l'ADETEM : la consommation reste un bienfait. Merci le Marketing, avec Fran\u00e7ois Laurent","robots":{"index":"index","follow":"follow","max-snippet":"max-snippet:-1","max-image-preview":"max-image-preview:large","max-video-preview":"max-video-preview:-1"},"canonical":"https:\/\/visionarymarketing.com\/fr\/2022\/02\/08\/manifeste-marketing-adetem\/","og_locale":"fr_FR","og_type":"article","og_title":"Manifeste marketing : les 36 \u00e9vidences du marketing de l'ADETEM","og_description":"Le manifeste des 36 \u00e9vidences du marketing de l'ADETEM : la consommation reste un bienfait. Merci le Marketing, avec Fran\u00e7ois Laurent","og_url":"https:\/\/visionarymarketing.com\/fr\/2022\/02\/08\/manifeste-marketing-adetem\/","og_site_name":"Marketing and Innovation","article_publisher":"https:\/\/www.facebook.com\/vismktg","article_author":"http:\/\/facebook.com\/ygourven","article_published_time":"2022-02-08T07:50:20+00:00","article_modified_time":"2024-04-15T14:04:40+00:00","og_image":[{"width":520,"height":340,"url":"https:\/\/visionarymarketing.com\/wp-content\/uploads\/2022\/02\/51852959690-b41cf97c3a-c.jpg","type":"image\/jpeg"}],"author":"Yann Gourvennec","twitter_card":"summary_large_image","twitter_creator":"@ygourven","twitter_site":"@ygourven","twitter_misc":{"\u00c9crit par":"Yann Gourvennec","Dur\u00e9e de lecture estim\u00e9e":"10 minutes"},"schema":{"@context":"https:\/\/schema.org","@graph":[{"@type":"NewsArticle","@id":"https:\/\/visionarymarketing.com\/fr\/2022\/02\/08\/manifeste-marketing-adetem\/#article","isPartOf":{"@id":"https:\/\/visionarymarketing.com\/fr\/2022\/02\/08\/manifeste-marketing-adetem\/"},"author":{"name":"Yann Gourvennec","@id":"https:\/\/visionarymarketing.com\/fr\/#\/schema\/person\/3754fee1e558f47b8deb46f53c37423e"},"headline":"Le manifeste des 36 \u00e9vidences du marketing de l&rsquo;ADETEM","datePublished":"2022-02-08T07:50:20+00:00","dateModified":"2024-04-15T14:04:40+00:00","mainEntityOfPage":{"@id":"https:\/\/visionarymarketing.com\/fr\/2022\/02\/08\/manifeste-marketing-adetem\/"},"wordCount":2246,"commentCount":3,"image":{"@id":"https:\/\/visionarymarketing.com\/fr\/2022\/02\/08\/manifeste-marketing-adetem\/#primaryimage"},"thumbnailUrl":"https:\/\/visionarymarketing.com\/wp-content\/uploads\/2022\/02\/51852959690-b41cf97c3a-c.jpg","articleSection":["livres marketing"],"inLanguage":"fr-FR","potentialAction":[{"@type":"CommentAction","name":"Comment","target":["https:\/\/visionarymarketing.com\/fr\/2022\/02\/08\/manifeste-marketing-adetem\/#respond"]}]},{"@type":"WebPage","@id":"https:\/\/visionarymarketing.com\/fr\/2022\/02\/08\/manifeste-marketing-adetem\/","url":"https:\/\/visionarymarketing.com\/fr\/2022\/02\/08\/manifeste-marketing-adetem\/","name":"Manifeste marketing : les 36 \u00e9vidences du marketing de l'ADETEM","isPartOf":{"@id":"https:\/\/visionarymarketing.com\/fr\/#website"},"primaryImageOfPage":{"@id":"https:\/\/visionarymarketing.com\/fr\/2022\/02\/08\/manifeste-marketing-adetem\/#primaryimage"},"image":{"@id":"https:\/\/visionarymarketing.com\/fr\/2022\/02\/08\/manifeste-marketing-adetem\/#primaryimage"},"thumbnailUrl":"https:\/\/visionarymarketing.com\/wp-content\/uploads\/2022\/02\/51852959690-b41cf97c3a-c.jpg","datePublished":"2022-02-08T07:50:20+00:00","dateModified":"2024-04-15T14:04:40+00:00","author":{"@id":"https:\/\/visionarymarketing.com\/fr\/#\/schema\/person\/3754fee1e558f47b8deb46f53c37423e"},"description":"Le manifeste des 36 \u00e9vidences du marketing de l'ADETEM : la consommation reste un bienfait. Merci le Marketing, avec Fran\u00e7ois Laurent","breadcrumb":{"@id":"https:\/\/visionarymarketing.com\/fr\/2022\/02\/08\/manifeste-marketing-adetem\/#breadcrumb"},"inLanguage":"fr-FR","potentialAction":[{"@type":"ReadAction","target":["https:\/\/visionarymarketing.com\/fr\/2022\/02\/08\/manifeste-marketing-adetem\/"]}]},{"@type":"ImageObject","inLanguage":"fr-FR","@id":"https:\/\/visionarymarketing.com\/fr\/2022\/02\/08\/manifeste-marketing-adetem\/#primaryimage","url":"https:\/\/visionarymarketing.com\/wp-content\/uploads\/2022\/02\/51852959690-b41cf97c3a-c.jpg","contentUrl":"https:\/\/visionarymarketing.com\/wp-content\/uploads\/2022\/02\/51852959690-b41cf97c3a-c.jpg","width":520,"height":340,"caption":"Le manifeste des 36 \u00e9vidences du marketing de l'Adetem remet l'\u00e9glise au milieu du village, comme l'a fait le Cluetrain manifesto en son temps pour le marketing digital\u00a0"},{"@type":"BreadcrumbList","@id":"https:\/\/visionarymarketing.com\/fr\/2022\/02\/08\/manifeste-marketing-adetem\/#breadcrumb","itemListElement":[{"@type":"ListItem","position":1,"name":"Home","item":"https:\/\/visionarymarketing.com\/fr\/"},{"@type":"ListItem","position":2,"name":"Le manifeste des 36 \u00e9vidences du marketing de l&#8217;ADETEM"}]},{"@type":"WebSite","@id":"https:\/\/visionarymarketing.com\/fr\/#website","url":"https:\/\/visionarymarketing.com\/fr\/","name":"Marketing and Innovation","description":"Site d&#039;infos ind\u00e9pendant, depuis 1996","potentialAction":[{"@type":"SearchAction","target":{"@type":"EntryPoint","urlTemplate":"https:\/\/visionarymarketing.com\/fr\/?s={search_term_string}"},"query-input":{"@type":"PropertyValueSpecification","valueRequired":true,"valueName":"search_term_string"}}],"inLanguage":"fr-FR"},{"@type":"Person","@id":"https:\/\/visionarymarketing.com\/fr\/#\/schema\/person\/3754fee1e558f47b8deb46f53c37423e","name":"Yann Gourvennec","image":{"@type":"ImageObject","inLanguage":"fr-FR","@id":"https:\/\/secure.gravatar.com\/avatar\/5972001801e8de5692a3e31224e85769f50a55fb8b679749f9c8d1868cceff14?s=96&d=initials&r=g&initials=yg","url":"https:\/\/secure.gravatar.com\/avatar\/5972001801e8de5692a3e31224e85769f50a55fb8b679749f9c8d1868cceff14?s=96&d=initials&r=g&initials=yg","contentUrl":"https:\/\/secure.gravatar.com\/avatar\/5972001801e8de5692a3e31224e85769f50a55fb8b679749f9c8d1868cceff14?s=96&d=initials&r=g&initials=yg","caption":"Yann Gourvennec"},"description":"Yann Gourvennec created visionarymarketing.com in 1996. He is a speaker and author of many books. In 2014 he went from intrapreneur to entrepreneur, when he created his digital marketing agency. Yann Gourvennec a cr\u00e9\u00e9 visionarymarketing.com en 1996. Il est conf\u00e9rencier et auteur de plusieurs livres. En 2014, il est pass\u00e9 d'intrapreneur \u00e0 entrepreneur en cr\u00e9ant son agence de marketing num\u00e9rique.","sameAs":["https:\/\/visionarymarketing.com","http:\/\/facebook.com\/ygourven","http:\/\/linkedin.com\/in\/ygourven","https:\/\/x.com\/ygourven","https:\/\/www.youtube.com\/c\/visionarymarketingagency"],"url":"https:\/\/visionarymarketing.com\/fr\/author\/yann-gourvennec\/"}]}},"_links":{"self":[{"href":"https:\/\/visionarymarketing.com\/fr\/wp-json\/wp\/v2\/posts\/66464","targetHints":{"allow":["GET"]}}],"collection":[{"href":"https:\/\/visionarymarketing.com\/fr\/wp-json\/wp\/v2\/posts"}],"about":[{"href":"https:\/\/visionarymarketing.com\/fr\/wp-json\/wp\/v2\/types\/post"}],"author":[{"embeddable":true,"href":"https:\/\/visionarymarketing.com\/fr\/wp-json\/wp\/v2\/users\/2"}],"replies":[{"embeddable":true,"href":"https:\/\/visionarymarketing.com\/fr\/wp-json\/wp\/v2\/comments?post=66464"}],"version-history":[{"count":0,"href":"https:\/\/visionarymarketing.com\/fr\/wp-json\/wp\/v2\/posts\/66464\/revisions"}],"wp:featuredmedia":[{"embeddable":true,"href":"https:\/\/visionarymarketing.com\/fr\/wp-json\/wp\/v2\/media\/66737"}],"wp:attachment":[{"href":"https:\/\/visionarymarketing.com\/fr\/wp-json\/wp\/v2\/media?parent=66464"}],"wp:term":[{"taxonomy":"category","embeddable":true,"href":"https:\/\/visionarymarketing.com\/fr\/wp-json\/wp\/v2\/categories?post=66464"},{"taxonomy":"post_tag","embeddable":true,"href":"https:\/\/visionarymarketing.com\/fr\/wp-json\/wp\/v2\/tags?post=66464"}],"curies":[{"name":"wp","href":"https:\/\/api.w.org\/{rel}","templated":true}]}}