{"id":6641,"date":"2012-07-12T04:46:39","date_gmt":"2012-07-12T02:46:39","guid":{"rendered":"https:\/\/visionary.wordpress.com\/?p=6641"},"modified":"2024-07-11T14:49:21","modified_gmt":"2024-07-11T12:49:21","slug":"france-digitale","status":"publish","type":"post","link":"https:\/\/visionarymarketing.com\/fr\/2012\/07\/12\/france-digitale\/","title":{"rendered":"Lancement de France digitale : une initiative \u00e0 encourager"},"content":{"rendered":"<p><em><span style=\"color: #4f81bd;\">Le lancement de France digitale s\u2019est r\u00e9alis\u00e9 de fa\u00e7on symbolique le jour de la mort du Minitel ! Fleur Pellerin, ministre d\u00e9l\u00e9gu\u00e9 aux PME, innovation \u00e9conomie num\u00e9rique a pr\u00e9sent\u00e9 l&rsquo;objectif de l&rsquo;association : \u00ab amorcer la relance de l&rsquo;\u00e9conomie fran\u00e7aise via le num\u00e9rique \u00bb. Voil\u00e0 un but ambitieux auquel on ne pourra que souscrire sur <\/span><\/em><a href=\"https:\/\/visionarymarketing.com\"><em><span style=\"color: #4f81bd;\">visionarymarketing<\/span><\/em><\/a><em><span style=\"color: #4f81bd;\">. Retour sur ce lancement et sur le contexte \u00e0 la fois enthousiasmant et ambigu de l&rsquo;\u00e9conomie num\u00e9rique et de la place de la France dans ce secteur.<\/span><\/em><\/p>\n<h2>Lancement de France digitale : une initiative \u00e0 encourager<\/h2>\n<p><figure id=\"attachment_34876\" aria-describedby=\"caption-attachment-34876\" style=\"width: 519px\" class=\"wp-caption aligncenter\"><img decoding=\"async\" class=\"wp-image-34876 size-full\" src=\"https:\/\/visionarymarketing.com\/wp-content\/uploads\/2012\/07\/brevannes-072012-DSC_1915-1-e1676581594490.jpg\" alt=\"France digitale \" width=\"519\" height=\"340\" \/><figcaption id=\"caption-attachment-34876\" class=\"wp-caption-text\">France Digitale : tous les voyants sont au vert [photo : voyant d\u2019autolib \u2026 YAG, cc 2012 http:\/\/antimusee.wordpress.com]<\/figcaption><\/figure>La semaine derni\u00e8re, je me suis rendu \u00e0 l&rsquo;invitation de Marc Rougier de <a href=\"https:\/\/www.scoop.it\/\">Scoop.it<\/a> \u00e0 la conf\u00e9rence de presse de l&rsquo;association France digitale (le <a href=\"http:\/\/www.francedigitale.org\/\" target=\"_blank\" rel=\"noopener\">.org<\/a>, pas le <a href=\"http:\/\/www.francedigitale.com\">.com qui est d\u00e9di\u00e9 aux promenades<\/a> !) dans le quartier de l&rsquo;Op\u00e9ra.<!--more--><\/p>\n<p>France digitale est une association qui regroupe de nombreux acteurs de l&rsquo;Internet, dont le but est de soutenir le d\u00e9veloppement de l&rsquo;\u00e9conomie num\u00e9rique en France.<\/p>\n<p>L&rsquo;association a \u00e9t\u00e9 lanc\u00e9e en pr\u00e9sence d\u2019une repr\u00e9sentante du gouvernement, \u00e0 savoir sa ministre de l&rsquo;\u00e9conomie num\u00e9rique, <a href=\"http:\/\/fr.wikipedia.org\/wiki\/Fleur_Pellerin\" target=\"_blank\" rel=\"noopener noreferrer\">la m\u00e9diatique Fleur Pellerin<\/a>. J&rsquo;y \u00e9tais invit\u00e9 \u00e0 la fois en tant que blogueur, et acteur professionnel de l&rsquo;Internet.<\/p>\n<p>Mon int\u00e9r\u00eat personnel pour ce genre de sujets n&rsquo;est plus \u00e0 d\u00e9montrer, tant depuis des ann\u00e9es d\u00e9j\u00e0 j&rsquo;essaie, \u00e0 mon niveau, d&rsquo;encourager les start-ups fran\u00e7aises, que ce soit au travers de ce blog ou des projets que je m\u00e8ne <a href=\"http:\/\/orange.com\">en entreprise<\/a>.<\/p>\n<h3>Le \u00ab\u00a0combat\u00a0\u00bb de France Digitale<\/h3>\n<p>Nul besoin donc d&rsquo;insister sur la justesse d&rsquo;un tel combat, qui consiste \u00e0 promouvoir l&rsquo;entreprenariat fran\u00e7ais. Mais voil\u00e0, nous sommes au c\u0153ur d&rsquo;un v\u00e9ritable paradoxe : d&rsquo;une part, la r\u00e9alit\u00e9 de l&rsquo;entreprenariat fran\u00e7ais dans le domaine de l&rsquo;Internet qui n&rsquo;est plus \u00e0 d\u00e9montrer, avec un barom\u00e8tre 2011 d\u2019Ernst &amp; Young (voir mes notes et le CP ci-dessous) r\u00e9alis\u00e9 pour l&rsquo;association qui confirme chiffres en main la grande vivacit\u00e9 de ce domaine dans notre pays.<\/p>\n<p>D&rsquo;autre part, les difficult\u00e9s auxquelles les entreprises num\u00e9riques sont confront\u00e9es en France, ainsi que la m\u00e9connaissance de ce secteur par le public (y-compris \u00e9conomique) ; souvent minimis\u00e9 voire raill\u00e9, dans d&rsquo;autres \u00e9conomies, comme celle du Royaume-Uni, ce secteur repr\u00e9sente d\u00e9j\u00e0 6 % du PIB (la moiti\u00e9 en France, o\u00f9 le commerce \u00e9lectronique repr\u00e9sente aussi la moiti\u00e9 de celui de l\u2019Allemagne etc. etc.)<\/p>\n<p><a href=\"https:\/\/visionarymarketing.com\/wp-content\/uploads\/2012\/07\/image.png\"><img decoding=\"async\" class=\"alignright\" style=\"background-image: none; margin: 0 10px 0 0; padding-left: 0; padding-right: 0; display: inline; float: left; padding-top: 0; border-width: 0;\" title=\"image\" src=\"https:\/\/visionarymarketing.com\/wp-content\/uploads\/2012\/07\/image_thumb.png\" alt=\"image\" width=\"150\" height=\"32\" align=\"left\" border=\"0\" \/><\/a>Le but de l&rsquo;association est donc louable : mettre en commun les meilleurs talents du num\u00e9rique (citons p\u00eale-m\u00eale Marie Ekeland (Elaia Partners), Jean David Chamboredon (ISAI), Marc M\u00e9nas\u00e9 (Meninvest), Marc Rougier (Scoop.it), Philippe Colombel (Partech Int&rsquo;l), Ga\u00ebl Duval (jechange.fr) et Giuseppe Demartino (Dailymotion) pour n&rsquo;en citer que quelques-uns, la liste compl\u00e8te pouvant \u00eatre consult\u00e9e dans le communiqu\u00e9 de presse ci-joint.<\/p>\n<p>Le dispositif est compl\u00e9t\u00e9 par l&rsquo;action de Gilles Babinet, fondateur de <a href=\"http:\/\/eyeka.com\">Eyeka<\/a> et <a href=\"http:\/\/www.ecrans.fr\/Decapite-le-Conseil-national-du,15005.html\">rescap\u00e9 du CNN<\/a>, qui m\u00e8nera son action de lobbying aupr\u00e8s de l&rsquo;union europ\u00e9enne. Salu\u00e9 par la ministre qui l\u2019a qualifi\u00e9 de \u00ab digital champion \u00bb son r\u00f4le va \u00eatre d&rsquo;encourager les politiques (je cite) \u00e0 \u00ab concentrer les moyens et \u00e9viter de les saupoudrer sur n&rsquo;importe quoi \u00bb.<\/p>\n<h3>Sauver le soldat Babinet<\/h3>\n<p>Il para\u00eet d\u00e9licat, voire suicidaire de critiquer une telle initiative. Je m&rsquo;en garderai donc bien. Bien entendu, nous souhaitons tous que cela r\u00e9ussisse et nous mettrons notre \u00e9nergie et notre soutien derri\u00e8re cette initiative dont le but est juste, et l&rsquo;objectif salutaire pour l&rsquo;\u00e9conomie de notre pays.<\/p>\n<p>C\u2019est dans le num\u00e9rique que se trouve la croissance, c&rsquo;est aussi au travers du num\u00e9rique que le commerce traditionnel va trouver de nouveaux relais de croissance ; on ne peut donc que se r\u00e9jouir de ce constat et de cette envie.<\/p>\n<h3>Des mots qui polluent<\/h3>\n<p>Ce qui m&rsquo;inqui\u00e8te plus, c&rsquo;est l&rsquo;image que nous projetons \u00e0 l&rsquo;ext\u00e9rieur, souvent d\u00e9connect\u00e9e de la r\u00e9alit\u00e9 et de la rationalit\u00e9. Mais voil\u00e0, l&rsquo;image d&rsquo;un produit, d&rsquo;une marque, et encore plus d&rsquo;un pays et d&rsquo;un secteur, n&rsquo;a rien \u00e0 voir avec la raison.<\/p>\n<p>Les d\u00e9g\u00e2ts r\u00e9alis\u00e9s par une seule petite phrase prononc\u00e9e il y a quelques mois autour d&rsquo;un chiffre (75 %)\u00a0a caus\u00e9 de tels d\u00e9g\u00e2ts, qu&rsquo;on se demande si la pente peut-\u00eatre remont\u00e9e.<\/p>\n<p>Il\u00a0n&rsquo;a probablement rien \u00e0 voir avec la r\u00e9alit\u00e9, ou \u00e0 tout le moins ne se raccroche \u00e0 rien de concret (pour l\u2019instant) et permet pas non plus de comparer \u00e0 niveau \u00e9gal la situation fran\u00e7aise avec ce qui se passe \u00e0 l&rsquo;\u00e9tranger, mais cela ne change rien \u00e0 la perception ; le mal est fait.<\/p>\n<h3>\u00ab Traversez la Manche ! \u00bb<\/h3>\n<p>Les quelques phrases d&rsquo;ouverture prononc\u00e9es\u00a0<span class=\"removed_link\" title=\"http:\/\/live.orange.com\/category\/high_tech\/conference\/leweb-conference\/\">par les participants britanniques \u00e0 la conf\u00e9rence le Web 2012<\/span>\u00a0(l&rsquo;organisation symbolique de ce clone de le Web outre-Manche \u00e9tant d\u00e9j\u00e0 un signal envoy\u00e9 par un de nos plus embl\u00e9matiques entrepreneurs) \u00e9tait sans ambigu\u00eft\u00e9 : \u00ab Entrepreneurs fran\u00e7ais, traversez la Manche et rejoignez-nous ! \u00bb. Tel \u00e9tait le message, en substance, qui fut re\u00e7u par l&rsquo;assistance ce jour-l\u00e0, il y a \u00e0 peine quelques semaines.<\/p>\n<p>Tout ceci me fait penser au fameux livre de psychologie des Messinger ? \u00ab <a href=\"http:\/\/www.amazon.fr\/Les-mots-qui-polluent-gu%C3%A9rissent\/dp\/2082014231\/ref=sr_1_1?ie=UTF8&amp;qid=1341941274&amp;sr=8-1\">Les mots qui polluent, les mots qui gu\u00e9rissent<\/a> \u00bb. Notre probl\u00e8me en France n&rsquo;est pas un probl\u00e8me d&rsquo;entrepreneurs (il n\u2019y a qu\u2019\u00e0 aller au <a href=\"http:\/\/connect.webdeux.info\/\">Web 2 connect<\/a> pour s\u2019en rendre compte).<\/p>\n<p>Il n\u2019est peut-\u00eatre m\u00eame pas un probl\u00e8me de capital (j&rsquo;ai entendu un capital-risqueur en fin de semaine derni\u00e8re se plaindre du manque de sujets s\u00e9rieux dans lequel il pouvait mettre de l&rsquo;argent, et r\u00e9futer la th\u00e8se souvent entendue comme quoi les banquiers ne voulaient pas investir).<\/p>\n<p>C&rsquo;est \u00e0 mon avis essentiellement un probl\u00e8me d&rsquo;image et de pr\u00e9sentation, de soin \u00e0 apporter dans les d\u00e9tails, et d&rsquo;\u00e9viter \u00e0 tout prix, <em>c&rsquo;est l\u00e0 \u00e0 mon avis le r\u00f4le du politique<\/em>, la phrase qui fait mal, celle qui va donner des armes irr\u00e9futables \u00e0 nos concurrents et n\u00e9anmoins amis et partenaires d&rsquo;outre-Manche et d&rsquo;ailleurs.<\/p>\n<p><span class=\"removed_link\" title=\"http:\/\/www.toutsurlisf.com\/quatre-millionnaires-francais-sur-dix-tentes-par-l-exil-fiscal.html\">Et je ne parle pas des entrepreneurs qui alimentent la machine en pronon\u00e7ant aussi les mots qui polluent<\/span>. On voudrait se tirer une balle dans le pied qu\u2019on ne s\u2019y prendrait pas autrement.<\/p>\n<p>Car il ne faut pas se le cacher, nous sommes dans une concurrence \u00e9conomique effr\u00e9n\u00e9e, et quiconque a fait de la vente le sait : l&rsquo;aspect psychologique compte autant sinon plus que l&rsquo;aspect rationnel.<\/p>\n<h3>Le fait de chacun d\u2019entre nous<\/h3>\n<p>L&rsquo;aventure de France digitale sera, gageons-le, une belle aventure et nous lui rendrons tous les services possibles, \u00e0 chaque fois que cela sera n\u00e9cessaire.<\/p>\n<p>J&rsquo;ai entendu trop d&rsquo;entrepreneurs de la Silicon Valley se plaindre du manque de solidarit\u00e9 entre Fran\u00e7ais m\u00eame \u00e0 l&rsquo;\u00e9tranger.<\/p>\n<p>Mais il serait judicieux de soigner notre pr\u00e9sentation, de savoir nous vendre \u00e0 l&rsquo;\u00e9tranger, et ceci malheureusement n&rsquo;est pas seulement du fait des entrepreneurs, mais de chacun d&rsquo;entre nous ; chacun des 70 millions d&rsquo;entre nous, dans ce monde globalis\u00e9, projette une image de son pays vers le reste du monde.<\/p>\n<p>Quelle est l&rsquo;image que nous voulons projeter, l\u00e0 est le v\u00e9ritable enjeu. Celle d&rsquo;un pays constamment en gr\u00e8ve noy\u00e9 d&rsquo;imp\u00f4t d\u00e9prim\u00e9 triste et peu dynamique, ou celle de jeunes entrepreneurs (et moins jeunes \u00e9galement), dynamiques internationaux et comp\u00e9titifs ?<\/p>\n<p>Telle est la question, et je ne suis pas s\u00fbr d&rsquo;avoir d&rsquo;autres r\u00e9ponses que celles de la deuxi\u00e8me proposition, et c&rsquo;est dans cet esprit que je continuerai \u00e0 intervenir \u00e0 l\u2019international pour promouvoir ce travail indispensable, dans la mesure de mes moyens.<\/p>\n<h3>Annexes et liens en rapport avec France Digitale<\/h3>\n<ol>\n<li>&gt; <a href=\"https:\/\/visionarymarketing.com\/wp-content\/uploads\/2012\/07\/lancementfrancedigitale.pdf\" target=\"_blank\" rel=\"noopener noreferrer\">le communiqu\u00e9 de presse de l\u2019association<\/a><\/li>\n<li>&gt; <a href=\"http:\/\/www.journaldunet.com\/ebusiness\/le-net\/etude-france-digitale-ernst-young\/\" target=\"_blank\" rel=\"noopener noreferrer\">\u00e9tude de Ernst &amp; Young sur les start-ups fran\u00e7aises pour France Digitale (JDNet)<\/a><\/li>\n<li>&gt; <span class=\"removed_link\" title=\"http:\/\/fr.locita.com\/technologie-2\/web\/lancement-de-france-digitale-promouvoir-le-numerique-en-france\/\">l\u2019article de Locita.fr sur le sujet<\/span><\/li>\n<li>&gt; <a href=\"http:\/\/frenchweb.fr\/barometre-association-france-digitale-devoile-les-bons-chiffres-du-numerique-62177\/\" target=\"_blank\" rel=\"noopener noreferrer\">l\u2019article de Frenchweb.fr sur le barom\u00e8tre France Digitale<\/a><\/li>\n<li>&gt; notes brutes de la r\u00e9union prises sur le vif (ci-apr\u00e8s)<\/li>\n<\/ol>\n","protected":false},"excerpt":{"rendered":"<p>Le lancement de France digitale s\u2019est r\u00e9alis\u00e9 de fa\u00e7on symbolique le jour de la mort du Minitel ! Fleur Pellerin, ministre d\u00e9l\u00e9gu\u00e9 aux PME, innovation \u00e9conomie num\u00e9rique a pr\u00e9sent\u00e9 l&rsquo;objectif de l&rsquo;association : \u00ab amorcer la relance de l&rsquo;\u00e9conomie fran\u00e7aise via le num\u00e9rique \u00bb. Voil\u00e0 un but ambitieux auquel on ne pourra que souscrire sur &hellip;<\/p>\n","protected":false},"author":2,"featured_media":34876,"comment_status":"open","ping_status":"open","sticky":false,"template":"","format":"standard","meta":{"footnotes":""},"categories":[1613],"tags":[],"class_list":["post-6641","post","type-post","status-publish","format-standard","has-post-thumbnail","hentry","category-marketing-digital-marketing"],"yoast_head":"<!-- This site is optimized with the Yoast SEO plugin v27.4 - https:\/\/yoast.com\/product\/yoast-seo-wordpress\/ -->\n<title>France digitale : un lancement et une initiative \u00e0 encourager<\/title>\n<meta name=\"description\" content=\"Le lancement de France digitale s\u2019est r\u00e9alis\u00e9 de fa\u00e7on symbolique le jour de la mort du Minitel avec Fleur Pellerin, ministre d\u00e9l\u00e9gu\u00e9 aux PME\" \/>\n<meta name=\"robots\" content=\"index, follow, max-snippet:-1, max-image-preview:large, max-video-preview:-1\" \/>\n<link rel=\"canonical\" href=\"https:\/\/visionarymarketing.com\/fr\/2012\/07\/12\/france-digitale\/\" \/>\n<meta property=\"og:locale\" content=\"fr_FR\" \/>\n<meta property=\"og:type\" content=\"article\" \/>\n<meta property=\"og:title\" content=\"France digitale : un lancement et une initiative \u00e0 encourager\" \/>\n<meta property=\"og:description\" content=\"Le lancement de France digitale s\u2019est r\u00e9alis\u00e9 de fa\u00e7on symbolique le jour de la mort du Minitel avec Fleur Pellerin, ministre d\u00e9l\u00e9gu\u00e9 aux PME\" \/>\n<meta property=\"og:url\" content=\"https:\/\/visionarymarketing.com\/fr\/2012\/07\/12\/france-digitale\/\" \/>\n<meta property=\"og:site_name\" content=\"Marketing and Innovation\" \/>\n<meta property=\"article:publisher\" content=\"https:\/\/www.facebook.com\/vismktg\" \/>\n<meta property=\"article:author\" content=\"http:\/\/facebook.com\/ygourven\" \/>\n<meta property=\"article:published_time\" content=\"2012-07-12T02:46:39+00:00\" \/>\n<meta property=\"article:modified_time\" content=\"2024-07-11T12:49:21+00:00\" \/>\n<meta property=\"og:image\" content=\"https:\/\/visionarymarketing.com\/wp-content\/uploads\/2012\/07\/brevannes-072012-DSC_1915-1-e1676581594490.jpg\" \/>\n\t<meta property=\"og:image:width\" content=\"519\" \/>\n\t<meta property=\"og:image:height\" content=\"340\" \/>\n\t<meta property=\"og:image:type\" content=\"image\/jpeg\" \/>\n<meta name=\"author\" content=\"Yann Gourvennec\" \/>\n<meta name=\"twitter:card\" content=\"summary_large_image\" \/>\n<meta name=\"twitter:creator\" content=\"@ygourven\" \/>\n<meta name=\"twitter:site\" content=\"@ygourven\" \/>\n<meta name=\"twitter:label1\" content=\"\u00c9crit par\" \/>\n\t<meta name=\"twitter:data1\" content=\"Yann Gourvennec\" \/>\n\t<meta name=\"twitter:label2\" content=\"Dur\u00e9e de lecture estim\u00e9e\" \/>\n\t<meta name=\"twitter:data2\" content=\"6 minutes\" \/>\n<script type=\"application\/ld+json\" class=\"yoast-schema-graph\">{\"@context\":\"https:\\\/\\\/schema.org\",\"@graph\":[{\"@type\":\"NewsArticle\",\"@id\":\"https:\\\/\\\/visionarymarketing.com\\\/fr\\\/2012\\\/07\\\/12\\\/france-digitale\\\/#article\",\"isPartOf\":{\"@id\":\"https:\\\/\\\/visionarymarketing.com\\\/fr\\\/2012\\\/07\\\/12\\\/france-digitale\\\/\"},\"author\":{\"name\":\"Yann Gourvennec\",\"@id\":\"https:\\\/\\\/visionarymarketing.com\\\/fr\\\/#\\\/schema\\\/person\\\/3754fee1e558f47b8deb46f53c37423e\"},\"headline\":\"Lancement de France digitale : une initiative \u00e0 encourager\",\"datePublished\":\"2012-07-12T02:46:39+00:00\",\"dateModified\":\"2024-07-11T12:49:21+00:00\",\"mainEntityOfPage\":{\"@id\":\"https:\\\/\\\/visionarymarketing.com\\\/fr\\\/2012\\\/07\\\/12\\\/france-digitale\\\/\"},\"wordCount\":1434,\"commentCount\":7,\"image\":{\"@id\":\"https:\\\/\\\/visionarymarketing.com\\\/fr\\\/2012\\\/07\\\/12\\\/france-digitale\\\/#primaryimage\"},\"thumbnailUrl\":\"https:\\\/\\\/visionarymarketing.com\\\/wp-content\\\/uploads\\\/2012\\\/07\\\/brevannes-072012-DSC_1915-1-e1676581594490.jpg\",\"articleSection\":[\"marketing digital\"],\"inLanguage\":\"fr-FR\",\"potentialAction\":[{\"@type\":\"CommentAction\",\"name\":\"Comment\",\"target\":[\"https:\\\/\\\/visionarymarketing.com\\\/fr\\\/2012\\\/07\\\/12\\\/france-digitale\\\/#respond\"]}]},{\"@type\":\"WebPage\",\"@id\":\"https:\\\/\\\/visionarymarketing.com\\\/fr\\\/2012\\\/07\\\/12\\\/france-digitale\\\/\",\"url\":\"https:\\\/\\\/visionarymarketing.com\\\/fr\\\/2012\\\/07\\\/12\\\/france-digitale\\\/\",\"name\":\"France digitale : un lancement et une initiative \u00e0 encourager\",\"isPartOf\":{\"@id\":\"https:\\\/\\\/visionarymarketing.com\\\/fr\\\/#website\"},\"primaryImageOfPage\":{\"@id\":\"https:\\\/\\\/visionarymarketing.com\\\/fr\\\/2012\\\/07\\\/12\\\/france-digitale\\\/#primaryimage\"},\"image\":{\"@id\":\"https:\\\/\\\/visionarymarketing.com\\\/fr\\\/2012\\\/07\\\/12\\\/france-digitale\\\/#primaryimage\"},\"thumbnailUrl\":\"https:\\\/\\\/visionarymarketing.com\\\/wp-content\\\/uploads\\\/2012\\\/07\\\/brevannes-072012-DSC_1915-1-e1676581594490.jpg\",\"datePublished\":\"2012-07-12T02:46:39+00:00\",\"dateModified\":\"2024-07-11T12:49:21+00:00\",\"author\":{\"@id\":\"https:\\\/\\\/visionarymarketing.com\\\/fr\\\/#\\\/schema\\\/person\\\/3754fee1e558f47b8deb46f53c37423e\"},\"description\":\"Le lancement de France digitale s\u2019est r\u00e9alis\u00e9 de fa\u00e7on symbolique le jour de la mort du Minitel avec Fleur Pellerin, ministre d\u00e9l\u00e9gu\u00e9 aux PME\",\"breadcrumb\":{\"@id\":\"https:\\\/\\\/visionarymarketing.com\\\/fr\\\/2012\\\/07\\\/12\\\/france-digitale\\\/#breadcrumb\"},\"inLanguage\":\"fr-FR\",\"potentialAction\":[{\"@type\":\"ReadAction\",\"target\":[\"https:\\\/\\\/visionarymarketing.com\\\/fr\\\/2012\\\/07\\\/12\\\/france-digitale\\\/\"]}]},{\"@type\":\"ImageObject\",\"inLanguage\":\"fr-FR\",\"@id\":\"https:\\\/\\\/visionarymarketing.com\\\/fr\\\/2012\\\/07\\\/12\\\/france-digitale\\\/#primaryimage\",\"url\":\"https:\\\/\\\/visionarymarketing.com\\\/wp-content\\\/uploads\\\/2012\\\/07\\\/brevannes-072012-DSC_1915-1-e1676581594490.jpg\",\"contentUrl\":\"https:\\\/\\\/visionarymarketing.com\\\/wp-content\\\/uploads\\\/2012\\\/07\\\/brevannes-072012-DSC_1915-1-e1676581594490.jpg\",\"width\":519,\"height\":340,\"caption\":\"autolib\"},{\"@type\":\"BreadcrumbList\",\"@id\":\"https:\\\/\\\/visionarymarketing.com\\\/fr\\\/2012\\\/07\\\/12\\\/france-digitale\\\/#breadcrumb\",\"itemListElement\":[{\"@type\":\"ListItem\",\"position\":1,\"name\":\"Home\",\"item\":\"https:\\\/\\\/visionarymarketing.com\\\/fr\\\/\"},{\"@type\":\"ListItem\",\"position\":2,\"name\":\"Lancement de France digitale : une initiative \u00e0 encourager\"}]},{\"@type\":\"WebSite\",\"@id\":\"https:\\\/\\\/visionarymarketing.com\\\/fr\\\/#website\",\"url\":\"https:\\\/\\\/visionarymarketing.com\\\/fr\\\/\",\"name\":\"Marketing and Innovation\",\"description\":\"Site d&#039;infos ind\u00e9pendant, depuis 1996\",\"potentialAction\":[{\"@type\":\"SearchAction\",\"target\":{\"@type\":\"EntryPoint\",\"urlTemplate\":\"https:\\\/\\\/visionarymarketing.com\\\/fr\\\/?s={search_term_string}\"},\"query-input\":{\"@type\":\"PropertyValueSpecification\",\"valueRequired\":true,\"valueName\":\"search_term_string\"}}],\"inLanguage\":\"fr-FR\"},{\"@type\":\"Person\",\"@id\":\"https:\\\/\\\/visionarymarketing.com\\\/fr\\\/#\\\/schema\\\/person\\\/3754fee1e558f47b8deb46f53c37423e\",\"name\":\"Yann Gourvennec\",\"image\":{\"@type\":\"ImageObject\",\"inLanguage\":\"fr-FR\",\"@id\":\"https:\\\/\\\/secure.gravatar.com\\\/avatar\\\/5972001801e8de5692a3e31224e85769f50a55fb8b679749f9c8d1868cceff14?s=96&d=initials&r=g&initials=yg\",\"url\":\"https:\\\/\\\/secure.gravatar.com\\\/avatar\\\/5972001801e8de5692a3e31224e85769f50a55fb8b679749f9c8d1868cceff14?s=96&d=initials&r=g&initials=yg\",\"contentUrl\":\"https:\\\/\\\/secure.gravatar.com\\\/avatar\\\/5972001801e8de5692a3e31224e85769f50a55fb8b679749f9c8d1868cceff14?s=96&d=initials&r=g&initials=yg\",\"caption\":\"Yann Gourvennec\"},\"description\":\"Yann Gourvennec created visionarymarketing.com in 1996. He is a speaker and author of many books. In 2014 he went from intrapreneur to entrepreneur, when he created his digital marketing agency. Yann Gourvennec a cr\u00e9\u00e9 visionarymarketing.com en 1996. Il est conf\u00e9rencier et auteur de plusieurs livres. En 2014, il est pass\u00e9 d'intrapreneur \u00e0 entrepreneur en cr\u00e9ant son agence de marketing num\u00e9rique.\",\"sameAs\":[\"https:\\\/\\\/visionarymarketing.com\",\"http:\\\/\\\/facebook.com\\\/ygourven\",\"http:\\\/\\\/linkedin.com\\\/in\\\/ygourven\",\"https:\\\/\\\/x.com\\\/ygourven\",\"https:\\\/\\\/www.youtube.com\\\/c\\\/visionarymarketingagency\"],\"url\":\"https:\\\/\\\/visionarymarketing.com\\\/fr\\\/author\\\/yann-gourvennec\\\/\"}]}<\/script>\n<!-- \/ Yoast SEO plugin. -->","yoast_head_json":{"title":"France digitale : un lancement et une initiative \u00e0 encourager","description":"Le lancement de France digitale s\u2019est r\u00e9alis\u00e9 de fa\u00e7on symbolique le jour de la mort du Minitel avec Fleur Pellerin, ministre d\u00e9l\u00e9gu\u00e9 aux PME","robots":{"index":"index","follow":"follow","max-snippet":"max-snippet:-1","max-image-preview":"max-image-preview:large","max-video-preview":"max-video-preview:-1"},"canonical":"https:\/\/visionarymarketing.com\/fr\/2012\/07\/12\/france-digitale\/","og_locale":"fr_FR","og_type":"article","og_title":"France digitale : un lancement et une initiative \u00e0 encourager","og_description":"Le lancement de France digitale s\u2019est r\u00e9alis\u00e9 de fa\u00e7on symbolique le jour de la mort du Minitel avec Fleur Pellerin, ministre d\u00e9l\u00e9gu\u00e9 aux PME","og_url":"https:\/\/visionarymarketing.com\/fr\/2012\/07\/12\/france-digitale\/","og_site_name":"Marketing and Innovation","article_publisher":"https:\/\/www.facebook.com\/vismktg","article_author":"http:\/\/facebook.com\/ygourven","article_published_time":"2012-07-12T02:46:39+00:00","article_modified_time":"2024-07-11T12:49:21+00:00","og_image":[{"width":519,"height":340,"url":"https:\/\/visionarymarketing.com\/wp-content\/uploads\/2012\/07\/brevannes-072012-DSC_1915-1-e1676581594490.jpg","type":"image\/jpeg"}],"author":"Yann Gourvennec","twitter_card":"summary_large_image","twitter_creator":"@ygourven","twitter_site":"@ygourven","twitter_misc":{"\u00c9crit par":"Yann Gourvennec","Dur\u00e9e de lecture estim\u00e9e":"6 minutes"},"schema":{"@context":"https:\/\/schema.org","@graph":[{"@type":"NewsArticle","@id":"https:\/\/visionarymarketing.com\/fr\/2012\/07\/12\/france-digitale\/#article","isPartOf":{"@id":"https:\/\/visionarymarketing.com\/fr\/2012\/07\/12\/france-digitale\/"},"author":{"name":"Yann Gourvennec","@id":"https:\/\/visionarymarketing.com\/fr\/#\/schema\/person\/3754fee1e558f47b8deb46f53c37423e"},"headline":"Lancement de France digitale : une initiative \u00e0 encourager","datePublished":"2012-07-12T02:46:39+00:00","dateModified":"2024-07-11T12:49:21+00:00","mainEntityOfPage":{"@id":"https:\/\/visionarymarketing.com\/fr\/2012\/07\/12\/france-digitale\/"},"wordCount":1434,"commentCount":7,"image":{"@id":"https:\/\/visionarymarketing.com\/fr\/2012\/07\/12\/france-digitale\/#primaryimage"},"thumbnailUrl":"https:\/\/visionarymarketing.com\/wp-content\/uploads\/2012\/07\/brevannes-072012-DSC_1915-1-e1676581594490.jpg","articleSection":["marketing digital"],"inLanguage":"fr-FR","potentialAction":[{"@type":"CommentAction","name":"Comment","target":["https:\/\/visionarymarketing.com\/fr\/2012\/07\/12\/france-digitale\/#respond"]}]},{"@type":"WebPage","@id":"https:\/\/visionarymarketing.com\/fr\/2012\/07\/12\/france-digitale\/","url":"https:\/\/visionarymarketing.com\/fr\/2012\/07\/12\/france-digitale\/","name":"France digitale : un lancement et une initiative \u00e0 encourager","isPartOf":{"@id":"https:\/\/visionarymarketing.com\/fr\/#website"},"primaryImageOfPage":{"@id":"https:\/\/visionarymarketing.com\/fr\/2012\/07\/12\/france-digitale\/#primaryimage"},"image":{"@id":"https:\/\/visionarymarketing.com\/fr\/2012\/07\/12\/france-digitale\/#primaryimage"},"thumbnailUrl":"https:\/\/visionarymarketing.com\/wp-content\/uploads\/2012\/07\/brevannes-072012-DSC_1915-1-e1676581594490.jpg","datePublished":"2012-07-12T02:46:39+00:00","dateModified":"2024-07-11T12:49:21+00:00","author":{"@id":"https:\/\/visionarymarketing.com\/fr\/#\/schema\/person\/3754fee1e558f47b8deb46f53c37423e"},"description":"Le lancement de France digitale s\u2019est r\u00e9alis\u00e9 de fa\u00e7on symbolique le jour de la mort du Minitel avec Fleur Pellerin, ministre d\u00e9l\u00e9gu\u00e9 aux PME","breadcrumb":{"@id":"https:\/\/visionarymarketing.com\/fr\/2012\/07\/12\/france-digitale\/#breadcrumb"},"inLanguage":"fr-FR","potentialAction":[{"@type":"ReadAction","target":["https:\/\/visionarymarketing.com\/fr\/2012\/07\/12\/france-digitale\/"]}]},{"@type":"ImageObject","inLanguage":"fr-FR","@id":"https:\/\/visionarymarketing.com\/fr\/2012\/07\/12\/france-digitale\/#primaryimage","url":"https:\/\/visionarymarketing.com\/wp-content\/uploads\/2012\/07\/brevannes-072012-DSC_1915-1-e1676581594490.jpg","contentUrl":"https:\/\/visionarymarketing.com\/wp-content\/uploads\/2012\/07\/brevannes-072012-DSC_1915-1-e1676581594490.jpg","width":519,"height":340,"caption":"autolib"},{"@type":"BreadcrumbList","@id":"https:\/\/visionarymarketing.com\/fr\/2012\/07\/12\/france-digitale\/#breadcrumb","itemListElement":[{"@type":"ListItem","position":1,"name":"Home","item":"https:\/\/visionarymarketing.com\/fr\/"},{"@type":"ListItem","position":2,"name":"Lancement de France digitale : une initiative \u00e0 encourager"}]},{"@type":"WebSite","@id":"https:\/\/visionarymarketing.com\/fr\/#website","url":"https:\/\/visionarymarketing.com\/fr\/","name":"Marketing and Innovation","description":"Site d&#039;infos ind\u00e9pendant, depuis 1996","potentialAction":[{"@type":"SearchAction","target":{"@type":"EntryPoint","urlTemplate":"https:\/\/visionarymarketing.com\/fr\/?s={search_term_string}"},"query-input":{"@type":"PropertyValueSpecification","valueRequired":true,"valueName":"search_term_string"}}],"inLanguage":"fr-FR"},{"@type":"Person","@id":"https:\/\/visionarymarketing.com\/fr\/#\/schema\/person\/3754fee1e558f47b8deb46f53c37423e","name":"Yann Gourvennec","image":{"@type":"ImageObject","inLanguage":"fr-FR","@id":"https:\/\/secure.gravatar.com\/avatar\/5972001801e8de5692a3e31224e85769f50a55fb8b679749f9c8d1868cceff14?s=96&d=initials&r=g&initials=yg","url":"https:\/\/secure.gravatar.com\/avatar\/5972001801e8de5692a3e31224e85769f50a55fb8b679749f9c8d1868cceff14?s=96&d=initials&r=g&initials=yg","contentUrl":"https:\/\/secure.gravatar.com\/avatar\/5972001801e8de5692a3e31224e85769f50a55fb8b679749f9c8d1868cceff14?s=96&d=initials&r=g&initials=yg","caption":"Yann Gourvennec"},"description":"Yann Gourvennec created visionarymarketing.com in 1996. He is a speaker and author of many books. In 2014 he went from intrapreneur to entrepreneur, when he created his digital marketing agency. Yann Gourvennec a cr\u00e9\u00e9 visionarymarketing.com en 1996. Il est conf\u00e9rencier et auteur de plusieurs livres. En 2014, il est pass\u00e9 d'intrapreneur \u00e0 entrepreneur en cr\u00e9ant son agence de marketing num\u00e9rique.","sameAs":["https:\/\/visionarymarketing.com","http:\/\/facebook.com\/ygourven","http:\/\/linkedin.com\/in\/ygourven","https:\/\/x.com\/ygourven","https:\/\/www.youtube.com\/c\/visionarymarketingagency"],"url":"https:\/\/visionarymarketing.com\/fr\/author\/yann-gourvennec\/"}]}},"_links":{"self":[{"href":"https:\/\/visionarymarketing.com\/fr\/wp-json\/wp\/v2\/posts\/6641","targetHints":{"allow":["GET"]}}],"collection":[{"href":"https:\/\/visionarymarketing.com\/fr\/wp-json\/wp\/v2\/posts"}],"about":[{"href":"https:\/\/visionarymarketing.com\/fr\/wp-json\/wp\/v2\/types\/post"}],"author":[{"embeddable":true,"href":"https:\/\/visionarymarketing.com\/fr\/wp-json\/wp\/v2\/users\/2"}],"replies":[{"embeddable":true,"href":"https:\/\/visionarymarketing.com\/fr\/wp-json\/wp\/v2\/comments?post=6641"}],"version-history":[{"count":0,"href":"https:\/\/visionarymarketing.com\/fr\/wp-json\/wp\/v2\/posts\/6641\/revisions"}],"wp:featuredmedia":[{"embeddable":true,"href":"https:\/\/visionarymarketing.com\/fr\/wp-json\/wp\/v2\/media\/34876"}],"wp:attachment":[{"href":"https:\/\/visionarymarketing.com\/fr\/wp-json\/wp\/v2\/media?parent=6641"}],"wp:term":[{"taxonomy":"category","embeddable":true,"href":"https:\/\/visionarymarketing.com\/fr\/wp-json\/wp\/v2\/categories?post=6641"},{"taxonomy":"post_tag","embeddable":true,"href":"https:\/\/visionarymarketing.com\/fr\/wp-json\/wp\/v2\/tags?post=6641"}],"curies":[{"name":"wp","href":"https:\/\/api.w.org\/{rel}","templated":true}]}}