{"id":66196,"date":"2022-01-04T08:40:31","date_gmt":"2022-01-04T07:40:31","guid":{"rendered":"https:\/\/visionarymarketing.com\/?p=66196"},"modified":"2022-07-01T13:25:17","modified_gmt":"2022-07-01T11:25:17","slug":"portrait-corporate","status":"publish","type":"post","link":"https:\/\/visionarymarketing.com\/fr\/2022\/01\/04\/portrait-corporate\/","title":{"rendered":"Portrait corporate : l&rsquo;image au c\u0153ur d&rsquo;un monde du travail qui change"},"content":{"rendered":"<p><i>Les images, la photographie, et le portrait corporate en particulier, sont au centre des usages comme nous l&rsquo;avons d\u00e9j\u00e0 d\u00e9montr\u00e9 avec <\/i><a style=\"font-style: italic;\" href=\"https:\/\/visionarymarketing.com\/fr\/2021\/06\/omnivisibilite\/\">Thierry Maillet dans un article pr\u00e9c\u00e9dent<\/a><i>. Pour aller plus loin, j&rsquo;ai invit\u00e9 une\u00a0photographe professionnelle et sp\u00e9cialiste du\u00a0portrait corporate, <\/i><a style=\"font-style: italic;\" href=\"https:\/\/www.linkedin.com\/in\/milenaperdriel\/\">Milena Perdriel<\/a><i>, afin de parler de son <\/i><a style=\"font-style: italic;\" href=\"https:\/\/www.milenap.com\/photographe-professionnel-developper-loffre-portrait-corporate-point-par-point\/\" target=\"_blank\" rel=\"noopener\">livre<\/a><i> sur ce sujet\u00a0<\/i><a style=\"font-style: italic;\" href=\"https:\/\/www.milenap.com\/photographe-professionnel-developper-loffre-portrait-corporate-point-par-point\/\" target=\"_blank\" rel=\"noopener\">publi\u00e9 aux \u00e9ditions Eyrolles<\/a><i>. L&rsquo;occasion parfaite pour \u00e9voquer non\u00a0seulement le portrait lui-m\u00eame, mais l&rsquo;avenir de la photographie et des photographes.<\/i><\/p>\n<h2>Portrait corporate : l&rsquo;image au c\u0153ur d&rsquo;un monde du travail qui change<\/h2>\n<figure id=\"attachment_66245\" aria-describedby=\"caption-attachment-66245\" style=\"width: 519px\" class=\"wp-caption aligncenter\"><img decoding=\"async\" class=\"wp-image-66245 size-full\" src=\"https:\/\/visionarymarketing.com\/wp-content\/uploads\/2022\/01\/grand-photo-portrait-femme-e1641281900769.jpg\" alt=\"Le portrait corporate est non seulement le signe que l'image est omnipr\u00e9sente et d'une importance cruciale, elle est aussi le r\u00e9v\u00e9lateur d'un monde du travail en plein bouleversement.\" width=\"519\" height=\"340\" srcset=\"https:\/\/visionarymarketing.com\/wp-content\/uploads\/2022\/01\/grand-photo-portrait-femme-e1641281900769.jpg 519w, https:\/\/visionarymarketing.com\/wp-content\/uploads\/2022\/01\/grand-photo-portrait-femme-e1641281900769-458x300.jpg 458w\" sizes=\"(max-width: 519px) 100vw, 519px\" \/><figcaption id=\"caption-attachment-66245\" class=\"wp-caption-text\">Le portrait corporate est non seulement le signe que l&rsquo;image est omnipr\u00e9sente et d&rsquo;une importance cruciale, elle est aussi le r\u00e9v\u00e9lateur d&rsquo;un monde du travail en plein bouleversement [photo Milena Perdriel]<\/figcaption><\/figure>\n<h3>Le portait corporate est le reflet d&rsquo;un monde du travail en plein changement<\/h3>\n<blockquote class=\"quote-light\"><p>En pratiquant le portrait corporate, je d\u00e9couvre de nouveaux m\u00e9tiers<\/p><\/blockquote>\n<p>Le monde du travail est en plein bouleversement, c&rsquo;est un euph\u00e9misme. Dans leur excellent livre \u00ab\u00a0La France sous nos yeux\u00a0\u00bb, J\u00e9r\u00f4me\u00a0Fourquet et Jean-Laurent Cassely [2021 \u00c9ditions du Seuil] d\u00e9crivent ces nouvelles tendances de mani\u00e8re tr\u00e8s fouill\u00e9e. Voici un passage tir\u00e9 de leur ouvrage, volontairement raccourci et \u00ab\u00a0caviard\u00e9\u00a0\u00bb.<!--more--><\/p>\n<p>\u00ab\u00a0[&#8230;] Nous avons \u00e9galement assist\u00e9 au cours des derni\u00e8res d\u00e9cennies \u00e0 l\u2019apparition de nouveaux m\u00e9tiers venant \u00e9largir l\u2019univers d\u00e9j\u00e0 tr\u00e8s h\u00e9t\u00e9rog\u00e8ne des ind\u00e9pendants. [&#8230;] Au-del\u00e0 des m\u00e9tiers de la sant\u00e9 \u00e0 proprement parler, c\u2019est toute une fili\u00e8re li\u00e9e au bien-\u00eatre, au souci de soi et \u00e0 la qu\u00eate de sens qui a vu ses effectifs exploser \u00e0 partir des ann\u00e9es 2000. [&#8230;]\u00a0La nomenclature des activit\u00e9s fran\u00e7aises (NAF)\u00a0[&#8230;] est construite dans un ordre de progressivit\u00e9 qui \u00e9pouse l\u2019histoire \u00e9conomique fran\u00e7aise [&#8230;], mais nombre de cases qui leur sont consacr\u00e9es sont d\u00e9sormais vides, les activit\u00e9s de production qu\u2019elles repr\u00e9sentaient n\u2019\u00e9tant plus pratiqu\u00e9es sur notre territoire. [&#8230;] De nouveaux codes sont r\u00e9guli\u00e8rement ajout\u00e9s \u00e0 la nomenclature pour tenir compte du surgissement des nouvelles activit\u00e9s dans le domaine des services.\u00a0\u00bb<\/p>\n<figure id=\"attachment_66262\" aria-describedby=\"caption-attachment-66262\" style=\"width: 850px\" class=\"wp-caption aligncenter\"><a href=\"https:\/\/us7.campaign-archive.com\/?u=b6e999b985be99d19dfa8e970&amp;id=8861d54990\" target=\"_blank\" rel=\"noopener\"><img decoding=\"async\" class=\"wp-image-66262 size-full\" src=\"https:\/\/visionarymarketing.com\/wp-content\/uploads\/2022\/01\/webinaires-ooshot-jan-2022-1080p-3dagtes-possibles-e1641285510684.jpg\" alt=\"\" width=\"850\" height=\"425\" srcset=\"https:\/\/visionarymarketing.com\/wp-content\/uploads\/2022\/01\/webinaires-ooshot-jan-2022-1080p-3dagtes-possibles-e1641285510684.jpg 850w, https:\/\/visionarymarketing.com\/wp-content\/uploads\/2022\/01\/webinaires-ooshot-jan-2022-1080p-3dagtes-possibles-e1641285510684-500x250.jpg 500w, https:\/\/visionarymarketing.com\/wp-content\/uploads\/2022\/01\/webinaires-ooshot-jan-2022-1080p-3dagtes-possibles-e1641285510684-768x384.jpg 768w\" sizes=\"(max-width: 850px) 100vw, 850px\" \/><\/a><figcaption id=\"caption-attachment-66262\" class=\"wp-caption-text\">\u00cates-vous int\u00e9ress\u00e9(e) par la photographie ? <a href=\"https:\/\/us7.campaign-archive.com\/?u=b6e999b985be99d19dfa8e970&amp;id=8861d54990\" target=\"_blank\" rel=\"noopener\">Venez donc participer \u00e0 nos focus groups<\/a> des 11 ou 12 janvier 2022<\/figcaption><\/figure>\n<h3>Des personnes qui ne savent pas toujours dans quelle case se ranger<\/h3>\n<figure id=\"attachment_66229\" aria-describedby=\"caption-attachment-66229\" style=\"width: 120px\" class=\"wp-caption alignright\"><img decoding=\"async\" class=\"wp-image-66229\" src=\"https:\/\/visionarymarketing.com\/wp-content\/uploads\/2022\/01\/portrait-corporate-190x300.jpg\" alt=\"\" width=\"120\" height=\"189\" srcset=\"https:\/\/visionarymarketing.com\/wp-content\/uploads\/2022\/01\/portrait-corporate-190x300.jpg 190w, https:\/\/visionarymarketing.com\/wp-content\/uploads\/2022\/01\/portrait-corporate.jpg 219w\" sizes=\"(max-width: 120px) 100vw, 120px\" \/><figcaption id=\"caption-attachment-66229\" class=\"wp-caption-text\">Un portrait pas tr\u00e8s bienveillant du monde corporate et des start-ups en particulier<\/figcaption><\/figure>\n<p>Et au-del\u00e0, dans le monde du num\u00e9rique que nos lecteurs connaissent bien, c&rsquo;est \u00e0 un ensemble de m\u00e9tiers nouveaux que les observateurs sont confront\u00e9s.<\/p>\n<p>Tout le monde n&rsquo;est pas extatique quant \u00e0 ces nouveaux postes et intitul\u00e9s, <a href=\"https:\/\/mathilderamadier.com\/2016\/12\/13\/bienvenue-dans-le-nouveau-monde-premier-parallele-23-fevrier-2017\/\" target=\"_blank\" rel=\"noopener\">Mathilde Ramadier<\/a> allant jusque les qualifier de \u00ab\u00a0<a href=\"https:\/\/libcom.org\/library\/phenomenon-bullshit-jobs-david-graeber\" target=\"_blank\" rel=\"noopener\">Bullshit Jobs<\/a>\u00ab\u00a0. Sans \u00eatre aussi m\u00e9chant, il faut bien reconna\u00eetre que parfois, nous sommes perdus face \u00e0 ces nouveaux m\u00e9tiers.<\/p>\n<p>Milena nous confirme que les principaux int\u00e9ress\u00e9s le sont aussi, mais avec un peu d&#8217;empathie on finit bien par comprendre ce qu&rsquo;ils font de leurs journ\u00e9es.<\/p>\n<p>\u00ab\u00a0Les personnes que je photographie expriment elles-m\u00eames que bien souvent, elles ne savent pas tr\u00e8s bien dans quelle case se ranger, car il s\u2019agit souvent de postes nouvellement cr\u00e9\u00e9s\u00a0\u00bb, explique Milena.<\/p>\n<p><iframe title=\"[Fr]\u00a0Le Portrait Corporate par Milena Perdriel - \u00e9ditions Eyrolles (2021)\" width=\"500\" height=\"281\" src=\"https:\/\/www.youtube.com\/embed\/uhXgTuGQFjI?feature=oembed\" frameborder=\"0\" allow=\"accelerometer; autoplay; clipboard-write; encrypted-media; gyroscope; picture-in-picture; web-share\" referrerpolicy=\"strict-origin-when-cross-origin\" allowfullscreen><\/iframe><\/p>\n<h3>Le Chief Happiness Officer ou le r\u00e9gisseur du bonheur au travail<\/h3>\n<p>Parmi ces nouveaux m\u00e9tiers, figure le Chief Happiness Officer. \u00ab\u00a0Un peu comme un r\u00e9gisseur dans une production cin\u00e9ma, il ou elle va veiller \u00e0 ce que tout se passe bien dans le travail au quotidien, \u00e0 ce que tout soit bien pr\u00e9vu pour, que le m\u00e9nage soit fait quand il faut, etc.\u00a0\u00bb Je ne suis pas s\u00fbr pour le m\u00e9nage, mais c&rsquo;est un fait, le Chief Happiness Officer est bien tendance.<\/p>\n<p>\u00ab\u00a0C&rsquo;est une t\u00e2che \u00e0 part enti\u00e8re, car la sant\u00e9 et le bonheur au travail sont de plus en plus importants, il faut donc une nouvelle fonction pour s&rsquo;en pr\u00e9occuper\u00a0\u00bb, explique Milena. Un m\u00e9tier qui a ses exigences nous avertit <a href=\"https:\/\/www.lecho.be\/entreprises\/general\/manager-du-bonheur-un-bullshit-job\/10197745.html\" target=\"_blank\" rel=\"noopener\">le quotidien belge l&rsquo;\u00c9cho<\/a> et qui fait <a href=\"https:\/\/duckduckgo.com\/?q=chief+happiness+officer+c%27st+du+bullsht\" target=\"_blank\" rel=\"noopener\">couler beaucoup d&rsquo;encre num\u00e9rique<\/a>.<\/p>\n<p>\u00ab\u00a0Les solos entrepreneurs \u00e9galement sont de plus en plus pr\u00e9sents dans le monde professionnel\u00a0\u00bb, ajoute Milena, qui fait d&rsquo;ailleurs partie de cette cat\u00e9gorie.<\/p>\n<h3>Bonnes et mauvaises pratiques pour un portrait corporate<\/h3>\n<p>Le rapport \u00e0 l&rsquo;image de soi et de l&rsquo;autre a chang\u00e9 depuis ces 10 derni\u00e8res ann\u00e9es, il est plus exigeant, souligne Milena. \u00ab\u00a0Lorsque l\u2019on fait une recherche sur LinkedIn, sur un m\u00e9tier par exemple, les profils qui n\u2019ont pas de photo, ou qui pr\u00e9sentent juste un logo, ne seront pas cliqu\u00e9s\u00a0\u00bb, affirme-t-elle \u00e0 juste titre.<\/p>\n<figure id=\"attachment_66249\" aria-describedby=\"caption-attachment-66249\" style=\"width: 850px\" class=\"wp-caption aligncenter\"><img decoding=\"async\" class=\"wp-image-66249 size-full\" src=\"https:\/\/visionarymarketing.com\/wp-content\/uploads\/2022\/01\/no-profile-e1641280908196.png\" alt=\"\" width=\"850\" height=\"708\" \/><figcaption id=\"caption-attachment-66249\" class=\"wp-caption-text\">Un joli profil sans nom (volontairement choisi pour cette raison afin de ne pas pointer le doigt sur une personne) et sans photo.<\/figcaption><\/figure>\n<p>Les profils pr\u00e9sentant une photo rassurante seront davantage pris\u00e9s : \u00ab\u00a0On regarde d\u2019abord les photos, ensuite le nom et apr\u00e8s \u00e9ventuellement l&rsquo;intitul\u00e9 du m\u00e9tier\u00a0\u00bb, poursuit la photographe experte en portrait corporate.<\/p>\n<blockquote class=\"quote-light\"><p>Ce qui attire l\u2019attention en premier dans la photo [de profil LinkedIn], c&rsquo;est un large sourire, puis une tache de couleur<\/p><\/blockquote>\n<p>\u00ab\u00a0Si vous aimez le rouge, mettez du rouge dans votre portrait, \u00e7a attire l&rsquo;attention\u00a0\u00bb. <strong>Les photos qui sortent de l&rsquo;ordinaire retiennent \u00e9galement davantage l\u2019attention<\/strong>.<\/p>\n<p>Les photos \u00e0 bannir sur son profil LinkedIn sont les photos floues, et les photos de mariage. Il est important de ne pas sugg\u00e9rer autre chose que ce pour quoi la photo est pr\u00e9vue. Imaginez que vous \u00eates un coach sportif et que vous avez une belle photo d\u2019un mariage auquel vous \u00eates all\u00e9 l\u2019\u00e9t\u00e9. Vous aviez des lunettes de soleil, un verre de champagne \u00e0 la main, et des gens autour. Ce n&rsquo;est pas l&rsquo;ambiance d\u2019une photo adapt\u00e9e \u00e0 un coach sportif. Cela le desservira au contraire.<\/p>\n<figure id=\"attachment_66240\" aria-describedby=\"caption-attachment-66240\" style=\"width: 850px\" class=\"wp-caption aligncenter\"><img decoding=\"async\" class=\"wp-image-66240 size-full\" src=\"https:\/\/visionarymarketing.com\/wp-content\/uploads\/2022\/01\/coach-sportif-e1641281134862.png\" alt=\"\" width=\"850\" height=\"528\" \/><figcaption id=\"caption-attachment-66240\" class=\"wp-caption-text\">Un coach sportif en plein effort avec la photo idoine. Le Noir et Blanc jouant le r\u00f4le ici de \u00ab\u00a0couleur\u00a0\u00bb originale qui tranche avec celle des autres profils. Bien vu, notamment en superposition avec l&rsquo;image de fond tr\u00e8s color\u00e9e<\/figcaption><\/figure>\n<h3>Le choc du num\u00e9rique dans le monde de la photographie<\/h3>\n<p>Le num\u00e9rique a popularis\u00e9 la photographie au d\u00e9but des ann\u00e9es 2000. Pour le m\u00e9tier de la photographie, cela \u00ab\u00a0a repr\u00e9sent\u00e9 l\u2019\u00e9quivalent du choc du passage du transport \u00e0 cheval au transport en automobile, et a mis fin \u00e0 quelque chose et \u00e9t\u00e9 le d\u00e9but d&rsquo;une autre chose\u00a0\u00bb.<\/p>\n<p>Beaucoup de photographes qui travaillaient en argentique n\u2019ont pas cru, <a href=\"https:\/\/lexpansion.lexpress.fr\/entreprises\/comment-kodak-s-est-tire-une-balle-dans-le-pied_1375031.html\" target=\"_blank\" rel=\"noopener\">comme la marque Kodak elle-m\u00eame<\/a>, \u00e0 la possibilit\u00e9 de qualit\u00e9 et d&rsquo;\u00e9volution du num\u00e9rique. Un comble quand on sait que Kodak a \u00e9t\u00e9 le premier \u00e0 produire un dispositif \u2014 certes un peu complexe \u2014 de prise d&rsquo;images num\u00e9riques.<\/p>\n<figure id=\"attachment_66253\" aria-describedby=\"caption-attachment-66253\" style=\"width: 640px\" class=\"wp-caption aligncenter\"><img decoding=\"async\" class=\"size-full wp-image-66253\" src=\"https:\/\/visionarymarketing.com\/wp-content\/uploads\/2022\/01\/img-5174.jpg\" alt=\"portrait corporate\" width=\"640\" height=\"480\" srcset=\"https:\/\/visionarymarketing.com\/wp-content\/uploads\/2022\/01\/img-5174.jpg 640w, https:\/\/visionarymarketing.com\/wp-content\/uploads\/2022\/01\/img-5174-400x300.jpg 400w\" sizes=\"(max-width: 640px) 100vw, 640px\" \/><figcaption id=\"caption-attachment-66253\" class=\"wp-caption-text\">Le syst\u00e8me DCS de Kodak (1991) avec ses diff\u00e9rents composants, au conservatoire des Arts et M\u00e9tiers \u00e0 Paris. \u00c0 noter que nous avons \u00e9galement poss\u00e9d\u00e9 un appareil num\u00e9rique Kodak en 1996 (il ne nous laissa pas un grand souvenir)<\/figcaption><\/figure>\n<blockquote class=\"quote-light\"><p>Les photographes professionnels [NDLR Au d\u00e9part de l&rsquo;essor du num\u00e9rique] ont perdu un peu de leur puissance<\/p><\/blockquote>\n<p>Les photographes \u00e9taient ceux qui avaient la comp\u00e9tence technique et les outils pour travailler une photographie. \u00ab\u00a0Cette r\u00e9volution du num\u00e9rique a permis \u00e0 quasiment \u00e0 tout le monde d\u2019aller dans un magasin sp\u00e9cialis\u00e9 acheter un appareil photo et de faire des photos\u00a0\u00bb, explique Milena.<\/p>\n<blockquote class=\"quote-light\"><p>Pour tous les amateurs d&rsquo;images, de souvenirs, c&rsquo;est une tr\u00e8s bonne chose<\/p><\/blockquote>\n<p>Depuis une dizaine d&rsquo;ann\u00e9es, tout le monde a un appareil photo dans la poche, qui fait des photos de tr\u00e8s belle qualit\u00e9. \u00ab\u00a0Il a fallu 10 \u00e0 15 ans pour que les photographes professionnels restent vivants pour certains, et que de jeunes photographes, beaucoup moins techniciens que ceux de l&rsquo;\u00e9poque, mais avec une d\u00e9marche tr\u00e8s honorable et tr\u00e8s personnelle, arrivent sur le march\u00e9\u00a0\u00bb.<\/p>\n<blockquote class=\"quote-light\"><p>Le march\u00e9 de la photographie maintenant se porte plut\u00f4t bien<\/p><\/blockquote>\n<h3>Le num\u00e9rique a rebattu les cartes pour reconstruire le photographe diff\u00e9remment<\/h3>\n<p>\u00ab\u00a0Le service d&rsquo;un photographe professionnel ne se limite pas \u00e0 la production d&rsquo;une image. C&rsquo;est encore plus vrai aujourd&rsquo;hui parce qu\u2019on est dans un monde de services\u00a0\u00bb poursuit la photographe. \u00ab\u00a0Et la force d&rsquo;un photographe r\u00e9side dans sa capacit\u00e9 \u00e0 r\u00e9pondre \u00e0 un besoin\u00a0\u00bb.<\/p>\n<figure id=\"attachment_66250\" aria-describedby=\"caption-attachment-66250\" style=\"width: 850px\" class=\"wp-caption aligncenter\"><img decoding=\"async\" class=\"wp-image-66250 size-full\" src=\"https:\/\/visionarymarketing.com\/wp-content\/uploads\/2022\/01\/site-milena-p-e1641283801727.png\" alt=\"portrait corporate\" width=\"850\" height=\"708\" \/><figcaption id=\"caption-attachment-66250\" class=\"wp-caption-text\">Le site de Milena <a href=\"https:\/\/milenap.com\" target=\"_blank\" rel=\"noopener\">Milenap.com<\/a> d\u00e9di\u00e9 au portrait corporate<\/figcaption><\/figure>\n<p>Le produit fini, c&rsquo;est une photographie. Mais le photographe va choisir le support sur lequel il va le pr\u00e9senter\u00a0: num\u00e9rique, tirage papier, agrandissement, coussin, coque de t\u00e9l\u00e9phone, tee-shirt, bo\u00eete lumineuse, etc.<\/p>\n<p>\u00ab\u00a0Tous ces choix font partie du m\u00e9tier de photographe, qui comporte donc la postproduction, la prise de vue, et tout ce qui pr\u00e9c\u00e8de, c\u2019est-\u00e0-dire la prospection, puis la r\u00e9flexion sur le brief\u00a0\u00bb.<\/p>\n<h3>Le futur de la photographie, du portrait corporate et du photographe<\/h3>\n<p>Milena voit un futur radieux pour la photographie. La banalisation de la photographie, o\u00f9 tout le monde fait des photos tout le temps, permet aussi de se rendre compte que les photos qui sont importantes pour nous ne sont pas tr\u00e8s nombreuses. Il n\u2019y en a peut-\u00eatre que 3, souligne-t-elle.<\/p>\n<blockquote class=\"quote-light\"><p>Dans le monde anglo-saxon, accrocher des photos au mur se fait et s&rsquo;est toujours fait. Aujourd&rsquo;hui en France, c&rsquo;est moins le cas, mais je pense que \u00e7a reviendra aussi.<\/p><\/blockquote>\n<figure id=\"attachment_66237\" aria-describedby=\"caption-attachment-66237\" style=\"width: 850px\" class=\"wp-caption aligncenter\"><img decoding=\"async\" class=\"wp-image-66237 size-full\" src=\"https:\/\/visionarymarketing.com\/wp-content\/uploads\/2022\/01\/tres-grande-photo-livre-e1641283883225.jpg\" alt=\"portrait corporate\" width=\"850\" height=\"482\" \/><figcaption id=\"caption-attachment-66237\" class=\"wp-caption-text\"><a href=\"https:\/\/www.milenap.com\/photographe-professionnel-developper-loffre-portrait-corporate-point-par-point\/\" target=\"_blank\" rel=\"noopener\">Le livre<\/a> \u00ab\u00a0Portrait Corporate &#8211; ma s\u00e9ance photo\u00a0\u00bb par Milena Perdriel <a href=\"https:\/\/www.milenap.com\/photographe-professionnel-developper-loffre-portrait-corporate-point-par-point\/\" target=\"_blank\" rel=\"noopener\">publi\u00e9 chez Eyrolles<\/a><\/figcaption><\/figure>\n<p>Il vaut mieux avoir un beau portrait sur son mur que 150 000 photos sur son disque dur ou sur une cl\u00e9 USB, qu\u2019on ne regardera jamais, et qu\u2019on finira par perdre malheureusement. Je pense qu&rsquo;on va s&rsquo;\u00e9puiser de toutes ces photos.<\/p>\n<p><figure id=\"attachment_66259\" aria-describedby=\"caption-attachment-66259\" style=\"width: 850px\" class=\"wp-caption aligncenter\"><img decoding=\"async\" class=\"wp-image-66259 size-full\" src=\"https:\/\/visionarymarketing.com\/wp-content\/uploads\/2022\/01\/portrait-corporate-jacques-froissant-1.jpg\" alt=\"\" width=\"850\" height=\"567\" srcset=\"https:\/\/visionarymarketing.com\/wp-content\/uploads\/2022\/01\/portrait-corporate-jacques-froissant-1.jpg 850w, https:\/\/visionarymarketing.com\/wp-content\/uploads\/2022\/01\/portrait-corporate-jacques-froissant-1-450x300.jpg 450w, https:\/\/visionarymarketing.com\/wp-content\/uploads\/2022\/01\/portrait-corporate-jacques-froissant-1-768x512.jpg 768w\" sizes=\"(max-width: 850px) 100vw, 850px\" \/><figcaption id=\"caption-attachment-66259\" class=\"wp-caption-text\">Jacques Froissant dans <a href=\"https:\/\/vismktg.info\/studio\" target=\"_blank\" rel=\"noopener\">le studio photo de Visionary Marketing<\/a> en d\u00e9cembre 2021 [photo Visionary Marketing &#8211; Antimuseum.com]<\/figcaption><\/figure>\u00ab\u00a0C&rsquo;est tr\u00e8s bien de faire des photos sur l&rsquo;instant et de remplir nos t\u00e9l\u00e9phones de souvenirs\u00a0\u00bb, conclut-elle, \u00ab\u00a0mais la photo annuelle qu\u2019on accrochera au-dessus de la chemin\u00e9e, ou celle qu&rsquo;on offrira \u00e0 mamie, elle, n&rsquo;a pas de prix\u00a0\u00bb.<\/p>\n<p>Une bonne nouvelle que tous les photographes, dont nous sommes, se r\u00e9jouiront.<\/p>\n<div itemscope itemtype=\"http:\/\/schema.org\/AudioObject\"><meta itemprop=\"name\" content=\"Portrait corporate : l&amp;rsquo;image au c\u0153ur d&amp;rsquo;un monde du travail qui change\" \/><meta itemprop=\"uploadDate\" content=\"2022-01-04T08:40:31+01:00\" \/><meta itemprop=\"encodingFormat\" content=\"audio\/mpeg\" \/><meta itemprop=\"duration\" content=\"PT8M32S\" \/><meta itemprop=\"description\" content=\"Les images, la photographie, et le portrait corporate en particulier, sont au centre des usages comme nous l&#039;avons d\u00e9j\u00e0 d\u00e9montr\u00e9 avec Thierry Maillet dans un article pr\u00e9c\u00e9dent. Pour aller plus loin, j&#039;ai invit\u00e9 une\u00a0photographe professionnelle et sp\u00e9c...\" \/><meta itemprop=\"contentUrl\" content=\"https:\/\/media.blubrry.com\/visionarymarketing_les\/agence.visionarymarketing.com\/files\/podcasts\/2022-01-04-Milena-Portrait-Corporate-Mixdown.mp3\" \/><meta itemprop=\"contentSize\" content=\"11.8\" \/><div class=\"powerpress_player\" id=\"powerpress_player_3620\"><audio class=\"wp-audio-shortcode\" id=\"audio-66196-1\" preload=\"none\" style=\"width: 100%;\" controls=\"controls\"><source type=\"audio\/mpeg\" src=\"https:\/\/media.blubrry.com\/visionarymarketing_les\/agence.visionarymarketing.com\/files\/podcasts\/2022-01-04-Milena-Portrait-Corporate-Mixdown.mp3?_=1\" \/><a href=\"https:\/\/media.blubrry.com\/visionarymarketing_les\/agence.visionarymarketing.com\/files\/podcasts\/2022-01-04-Milena-Portrait-Corporate-Mixdown.mp3\">https:\/\/media.blubrry.com\/visionarymarketing_les\/agence.visionarymarketing.com\/files\/podcasts\/2022-01-04-Milena-Portrait-Corporate-Mixdown.mp3<\/a><\/audio><\/div><\/div><p class=\"powerpress_links powerpress_links_mp3\" style=\"margin-bottom: 1px !important;\">Podcast: <a href=\"https:\/\/media.blubrry.com\/visionarymarketing_les\/agence.visionarymarketing.com\/files\/podcasts\/2022-01-04-Milena-Portrait-Corporate-Mixdown.mp3\" class=\"powerpress_link_pinw\" target=\"_blank\" title=\"Play in new window\" onclick=\"return powerpress_pinw('https:\/\/visionarymarketing.com\/fr\/\/?powerpress_pinw=66196-podcast');\" rel=\"nofollow\">Play in new window<\/a> | <a href=\"https:\/\/media.blubrry.com\/visionarymarketing_les\/agence.visionarymarketing.com\/files\/podcasts\/2022-01-04-Milena-Portrait-Corporate-Mixdown.mp3\" class=\"powerpress_link_d\" title=\"Download\" rel=\"nofollow\" download=\"2022-01-04-Milena-Portrait-Corporate-Mixdown.mp3\">Download<\/a> (Duration: 8:32 &#8212; 11.8MB)<\/p><p class=\"powerpress_links powerpress_subscribe_links\">Subscribe: <a href=\"https:\/\/itunes.apple.com\/us\/podcast\/visionarymarketing-les-interviews\/id731295319?mt=2&amp;ls=1#episodeGuid=https%3A%2F%2Fvisionarymarketing.com%2F%3Fp%3D66196\" class=\"powerpress_link_subscribe powerpress_link_subscribe_itunes\" target=\"_blank\" title=\"Subscribe on Apple Podcasts\" rel=\"nofollow\">Apple Podcasts<\/a> | <a href=\"https:\/\/open.spotify.com\/show\/52VnZ1mhVSnDs4tQOx7Vuc\" class=\"powerpress_link_subscribe powerpress_link_subscribe_spotify\" target=\"_blank\" title=\"Subscribe on Spotify\" rel=\"nofollow\">Spotify<\/a> | <a href=\"https:\/\/subscribeonandroid.com\/visionarymarketing.com\/fr\/feed\/podcast\/\" class=\"powerpress_link_subscribe powerpress_link_subscribe_android\" target=\"_blank\" title=\"Subscribe on Android\" rel=\"nofollow\">Android<\/a> | <a href=\"https:\/\/visionarymarketing.com\/fr\/feed\/podcast\/\" class=\"powerpress_link_subscribe powerpress_link_subscribe_rss\" target=\"_blank\" title=\"Subscribe via RSS\" rel=\"nofollow\">RSS<\/a><\/p>","protected":false},"excerpt":{"rendered":"<p>Les images, la photographie, et le portrait corporate en particulier, sont au centre des usages comme nous l&rsquo;avons d\u00e9j\u00e0 d\u00e9montr\u00e9 avec Thierry Maillet dans un article pr\u00e9c\u00e9dent. Pour aller plus loin, j&rsquo;ai invit\u00e9 une\u00a0photographe professionnelle et sp\u00e9cialiste du\u00a0portrait corporate, Milena Perdriel, afin de parler de son livre sur ce sujet\u00a0publi\u00e9 aux \u00e9ditions Eyrolles. L&rsquo;occasion parfaite &hellip;<\/p>\n","protected":false},"author":2,"featured_media":66245,"comment_status":"open","ping_status":"open","sticky":false,"template":"","format":"standard","meta":{"footnotes":""},"categories":[248],"tags":[],"class_list":["post-66196","post","type-post","status-publish","format-standard","has-post-thumbnail","hentry","category-livres-marketing"],"yoast_head":"<!-- This site is optimized with the Yoast SEO plugin v27.5 - https:\/\/yoast.com\/product\/yoast-seo-wordpress\/ -->\n<title>Portrait corporate : l&#039;image au c\u0153ur d&#039;un monde du travail qui change<\/title>\n<meta name=\"description\" content=\"Portrait corporate : bonnes et mauvaises pratiques, futur de la photographie, du portrait et du photographe avec Milena Perdriel.\" \/>\n<meta name=\"robots\" content=\"index, follow, max-snippet:-1, max-image-preview:large, max-video-preview:-1\" \/>\n<link rel=\"canonical\" href=\"https:\/\/visionarymarketing.com\/fr\/2022\/01\/04\/portrait-corporate\/\" \/>\n<meta property=\"og:locale\" content=\"fr_FR\" \/>\n<meta property=\"og:type\" content=\"article\" \/>\n<meta property=\"og:title\" content=\"Portrait corporate : l&#039;image au c\u0153ur d&#039;un monde du travail qui change\" \/>\n<meta property=\"og:description\" content=\"Portrait corporate : bonnes et mauvaises pratiques, futur de la photographie, du portrait et du photographe avec Milena Perdriel.\" \/>\n<meta property=\"og:url\" content=\"https:\/\/visionarymarketing.com\/fr\/2022\/01\/04\/portrait-corporate\/\" \/>\n<meta property=\"og:site_name\" content=\"Marketing and Innovation\" \/>\n<meta property=\"article:publisher\" content=\"https:\/\/www.facebook.com\/vismktg\" \/>\n<meta property=\"article:author\" content=\"http:\/\/facebook.com\/ygourven\" \/>\n<meta property=\"article:published_time\" content=\"2022-01-04T07:40:31+00:00\" \/>\n<meta property=\"article:modified_time\" content=\"2022-07-01T11:25:17+00:00\" \/>\n<meta property=\"og:image\" content=\"https:\/\/visionarymarketing.com\/wp-content\/uploads\/2022\/01\/grand-photo-portrait-femme-e1641281900769.jpg\" \/>\n\t<meta property=\"og:image:width\" content=\"519\" \/>\n\t<meta property=\"og:image:height\" content=\"340\" \/>\n\t<meta property=\"og:image:type\" content=\"image\/jpeg\" \/>\n<meta name=\"author\" content=\"Yann Gourvennec\" \/>\n<meta name=\"twitter:card\" content=\"summary_large_image\" \/>\n<meta name=\"twitter:creator\" content=\"@ygourven\" \/>\n<meta name=\"twitter:site\" content=\"@ygourven\" \/>\n<meta name=\"twitter:label1\" content=\"\u00c9crit par\" \/>\n\t<meta name=\"twitter:data1\" content=\"Yann Gourvennec\" \/>\n\t<meta name=\"twitter:label2\" content=\"Dur\u00e9e de lecture estim\u00e9e\" \/>\n\t<meta name=\"twitter:data2\" content=\"9 minutes\" \/>\n<script type=\"application\/ld+json\" class=\"yoast-schema-graph\">{\"@context\":\"https:\\\/\\\/schema.org\",\"@graph\":[{\"@type\":\"NewsArticle\",\"@id\":\"https:\\\/\\\/visionarymarketing.com\\\/fr\\\/2022\\\/01\\\/04\\\/portrait-corporate\\\/#article\",\"isPartOf\":{\"@id\":\"https:\\\/\\\/visionarymarketing.com\\\/fr\\\/2022\\\/01\\\/04\\\/portrait-corporate\\\/\"},\"author\":{\"name\":\"Yann Gourvennec\",\"@id\":\"https:\\\/\\\/visionarymarketing.com\\\/fr\\\/#\\\/schema\\\/person\\\/3754fee1e558f47b8deb46f53c37423e\"},\"headline\":\"Portrait corporate : l&rsquo;image au c\u0153ur d&rsquo;un monde du travail qui change\",\"datePublished\":\"2022-01-04T07:40:31+00:00\",\"dateModified\":\"2022-07-01T11:25:17+00:00\",\"mainEntityOfPage\":{\"@id\":\"https:\\\/\\\/visionarymarketing.com\\\/fr\\\/2022\\\/01\\\/04\\\/portrait-corporate\\\/\"},\"wordCount\":1803,\"commentCount\":0,\"image\":{\"@id\":\"https:\\\/\\\/visionarymarketing.com\\\/fr\\\/2022\\\/01\\\/04\\\/portrait-corporate\\\/#primaryimage\"},\"thumbnailUrl\":\"https:\\\/\\\/visionarymarketing.com\\\/wp-content\\\/uploads\\\/2022\\\/01\\\/grand-photo-portrait-femme-e1641281900769.jpg\",\"articleSection\":[\"livres marketing\"],\"inLanguage\":\"fr-FR\",\"potentialAction\":[{\"@type\":\"CommentAction\",\"name\":\"Comment\",\"target\":[\"https:\\\/\\\/visionarymarketing.com\\\/fr\\\/2022\\\/01\\\/04\\\/portrait-corporate\\\/#respond\"]}]},{\"@type\":\"WebPage\",\"@id\":\"https:\\\/\\\/visionarymarketing.com\\\/fr\\\/2022\\\/01\\\/04\\\/portrait-corporate\\\/\",\"url\":\"https:\\\/\\\/visionarymarketing.com\\\/fr\\\/2022\\\/01\\\/04\\\/portrait-corporate\\\/\",\"name\":\"Portrait corporate : l'image au c\u0153ur d'un monde du travail qui change\",\"isPartOf\":{\"@id\":\"https:\\\/\\\/visionarymarketing.com\\\/fr\\\/#website\"},\"primaryImageOfPage\":{\"@id\":\"https:\\\/\\\/visionarymarketing.com\\\/fr\\\/2022\\\/01\\\/04\\\/portrait-corporate\\\/#primaryimage\"},\"image\":{\"@id\":\"https:\\\/\\\/visionarymarketing.com\\\/fr\\\/2022\\\/01\\\/04\\\/portrait-corporate\\\/#primaryimage\"},\"thumbnailUrl\":\"https:\\\/\\\/visionarymarketing.com\\\/wp-content\\\/uploads\\\/2022\\\/01\\\/grand-photo-portrait-femme-e1641281900769.jpg\",\"datePublished\":\"2022-01-04T07:40:31+00:00\",\"dateModified\":\"2022-07-01T11:25:17+00:00\",\"author\":{\"@id\":\"https:\\\/\\\/visionarymarketing.com\\\/fr\\\/#\\\/schema\\\/person\\\/3754fee1e558f47b8deb46f53c37423e\"},\"description\":\"Portrait corporate : bonnes et mauvaises pratiques, futur de la photographie, du portrait et du photographe avec Milena Perdriel.\",\"breadcrumb\":{\"@id\":\"https:\\\/\\\/visionarymarketing.com\\\/fr\\\/2022\\\/01\\\/04\\\/portrait-corporate\\\/#breadcrumb\"},\"inLanguage\":\"fr-FR\",\"potentialAction\":[{\"@type\":\"ReadAction\",\"target\":[\"https:\\\/\\\/visionarymarketing.com\\\/fr\\\/2022\\\/01\\\/04\\\/portrait-corporate\\\/\"]}]},{\"@type\":\"ImageObject\",\"inLanguage\":\"fr-FR\",\"@id\":\"https:\\\/\\\/visionarymarketing.com\\\/fr\\\/2022\\\/01\\\/04\\\/portrait-corporate\\\/#primaryimage\",\"url\":\"https:\\\/\\\/visionarymarketing.com\\\/wp-content\\\/uploads\\\/2022\\\/01\\\/grand-photo-portrait-femme-e1641281900769.jpg\",\"contentUrl\":\"https:\\\/\\\/visionarymarketing.com\\\/wp-content\\\/uploads\\\/2022\\\/01\\\/grand-photo-portrait-femme-e1641281900769.jpg\",\"width\":519,\"height\":340},{\"@type\":\"BreadcrumbList\",\"@id\":\"https:\\\/\\\/visionarymarketing.com\\\/fr\\\/2022\\\/01\\\/04\\\/portrait-corporate\\\/#breadcrumb\",\"itemListElement\":[{\"@type\":\"ListItem\",\"position\":1,\"name\":\"Home\",\"item\":\"https:\\\/\\\/visionarymarketing.com\\\/fr\\\/\"},{\"@type\":\"ListItem\",\"position\":2,\"name\":\"Portrait corporate : l&rsquo;image au c\u0153ur d&rsquo;un monde du travail qui change\"}]},{\"@type\":\"WebSite\",\"@id\":\"https:\\\/\\\/visionarymarketing.com\\\/fr\\\/#website\",\"url\":\"https:\\\/\\\/visionarymarketing.com\\\/fr\\\/\",\"name\":\"Marketing and Innovation\",\"description\":\"Site d&#039;infos ind\u00e9pendant, depuis 1996\",\"potentialAction\":[{\"@type\":\"SearchAction\",\"target\":{\"@type\":\"EntryPoint\",\"urlTemplate\":\"https:\\\/\\\/visionarymarketing.com\\\/fr\\\/?s={search_term_string}\"},\"query-input\":{\"@type\":\"PropertyValueSpecification\",\"valueRequired\":true,\"valueName\":\"search_term_string\"}}],\"inLanguage\":\"fr-FR\"},{\"@type\":\"Person\",\"@id\":\"https:\\\/\\\/visionarymarketing.com\\\/fr\\\/#\\\/schema\\\/person\\\/3754fee1e558f47b8deb46f53c37423e\",\"name\":\"Yann Gourvennec\",\"image\":{\"@type\":\"ImageObject\",\"inLanguage\":\"fr-FR\",\"@id\":\"https:\\\/\\\/secure.gravatar.com\\\/avatar\\\/5972001801e8de5692a3e31224e85769f50a55fb8b679749f9c8d1868cceff14?s=96&d=initials&r=g&initials=yg\",\"url\":\"https:\\\/\\\/secure.gravatar.com\\\/avatar\\\/5972001801e8de5692a3e31224e85769f50a55fb8b679749f9c8d1868cceff14?s=96&d=initials&r=g&initials=yg\",\"contentUrl\":\"https:\\\/\\\/secure.gravatar.com\\\/avatar\\\/5972001801e8de5692a3e31224e85769f50a55fb8b679749f9c8d1868cceff14?s=96&d=initials&r=g&initials=yg\",\"caption\":\"Yann Gourvennec\"},\"description\":\"Yann Gourvennec created visionarymarketing.com in 1996. He is a speaker and author of many books. In 2014 he went from intrapreneur to entrepreneur, when he created his digital marketing agency. Yann Gourvennec a cr\u00e9\u00e9 visionarymarketing.com en 1996. Il est conf\u00e9rencier et auteur de plusieurs livres. En 2014, il est pass\u00e9 d'intrapreneur \u00e0 entrepreneur en cr\u00e9ant son agence de marketing num\u00e9rique.\",\"sameAs\":[\"https:\\\/\\\/visionarymarketing.com\",\"http:\\\/\\\/facebook.com\\\/ygourven\",\"http:\\\/\\\/linkedin.com\\\/in\\\/ygourven\",\"https:\\\/\\\/x.com\\\/ygourven\",\"https:\\\/\\\/www.youtube.com\\\/c\\\/visionarymarketingagency\"],\"url\":\"https:\\\/\\\/visionarymarketing.com\\\/fr\\\/author\\\/yann-gourvennec\\\/\"}]}<\/script>\n<!-- \/ Yoast SEO plugin. -->","yoast_head_json":{"title":"Portrait corporate : l'image au c\u0153ur d'un monde du travail qui change","description":"Portrait corporate : bonnes et mauvaises pratiques, futur de la photographie, du portrait et du photographe avec Milena Perdriel.","robots":{"index":"index","follow":"follow","max-snippet":"max-snippet:-1","max-image-preview":"max-image-preview:large","max-video-preview":"max-video-preview:-1"},"canonical":"https:\/\/visionarymarketing.com\/fr\/2022\/01\/04\/portrait-corporate\/","og_locale":"fr_FR","og_type":"article","og_title":"Portrait corporate : l'image au c\u0153ur d'un monde du travail qui change","og_description":"Portrait corporate : bonnes et mauvaises pratiques, futur de la photographie, du portrait et du photographe avec Milena Perdriel.","og_url":"https:\/\/visionarymarketing.com\/fr\/2022\/01\/04\/portrait-corporate\/","og_site_name":"Marketing and Innovation","article_publisher":"https:\/\/www.facebook.com\/vismktg","article_author":"http:\/\/facebook.com\/ygourven","article_published_time":"2022-01-04T07:40:31+00:00","article_modified_time":"2022-07-01T11:25:17+00:00","og_image":[{"width":519,"height":340,"url":"https:\/\/visionarymarketing.com\/wp-content\/uploads\/2022\/01\/grand-photo-portrait-femme-e1641281900769.jpg","type":"image\/jpeg"}],"author":"Yann Gourvennec","twitter_card":"summary_large_image","twitter_creator":"@ygourven","twitter_site":"@ygourven","twitter_misc":{"\u00c9crit par":"Yann Gourvennec","Dur\u00e9e de lecture estim\u00e9e":"9 minutes"},"schema":{"@context":"https:\/\/schema.org","@graph":[{"@type":"NewsArticle","@id":"https:\/\/visionarymarketing.com\/fr\/2022\/01\/04\/portrait-corporate\/#article","isPartOf":{"@id":"https:\/\/visionarymarketing.com\/fr\/2022\/01\/04\/portrait-corporate\/"},"author":{"name":"Yann Gourvennec","@id":"https:\/\/visionarymarketing.com\/fr\/#\/schema\/person\/3754fee1e558f47b8deb46f53c37423e"},"headline":"Portrait corporate : l&rsquo;image au c\u0153ur d&rsquo;un monde du travail qui change","datePublished":"2022-01-04T07:40:31+00:00","dateModified":"2022-07-01T11:25:17+00:00","mainEntityOfPage":{"@id":"https:\/\/visionarymarketing.com\/fr\/2022\/01\/04\/portrait-corporate\/"},"wordCount":1803,"commentCount":0,"image":{"@id":"https:\/\/visionarymarketing.com\/fr\/2022\/01\/04\/portrait-corporate\/#primaryimage"},"thumbnailUrl":"https:\/\/visionarymarketing.com\/wp-content\/uploads\/2022\/01\/grand-photo-portrait-femme-e1641281900769.jpg","articleSection":["livres marketing"],"inLanguage":"fr-FR","potentialAction":[{"@type":"CommentAction","name":"Comment","target":["https:\/\/visionarymarketing.com\/fr\/2022\/01\/04\/portrait-corporate\/#respond"]}]},{"@type":"WebPage","@id":"https:\/\/visionarymarketing.com\/fr\/2022\/01\/04\/portrait-corporate\/","url":"https:\/\/visionarymarketing.com\/fr\/2022\/01\/04\/portrait-corporate\/","name":"Portrait corporate : l'image au c\u0153ur d'un monde du travail qui change","isPartOf":{"@id":"https:\/\/visionarymarketing.com\/fr\/#website"},"primaryImageOfPage":{"@id":"https:\/\/visionarymarketing.com\/fr\/2022\/01\/04\/portrait-corporate\/#primaryimage"},"image":{"@id":"https:\/\/visionarymarketing.com\/fr\/2022\/01\/04\/portrait-corporate\/#primaryimage"},"thumbnailUrl":"https:\/\/visionarymarketing.com\/wp-content\/uploads\/2022\/01\/grand-photo-portrait-femme-e1641281900769.jpg","datePublished":"2022-01-04T07:40:31+00:00","dateModified":"2022-07-01T11:25:17+00:00","author":{"@id":"https:\/\/visionarymarketing.com\/fr\/#\/schema\/person\/3754fee1e558f47b8deb46f53c37423e"},"description":"Portrait corporate : bonnes et mauvaises pratiques, futur de la photographie, du portrait et du photographe avec Milena Perdriel.","breadcrumb":{"@id":"https:\/\/visionarymarketing.com\/fr\/2022\/01\/04\/portrait-corporate\/#breadcrumb"},"inLanguage":"fr-FR","potentialAction":[{"@type":"ReadAction","target":["https:\/\/visionarymarketing.com\/fr\/2022\/01\/04\/portrait-corporate\/"]}]},{"@type":"ImageObject","inLanguage":"fr-FR","@id":"https:\/\/visionarymarketing.com\/fr\/2022\/01\/04\/portrait-corporate\/#primaryimage","url":"https:\/\/visionarymarketing.com\/wp-content\/uploads\/2022\/01\/grand-photo-portrait-femme-e1641281900769.jpg","contentUrl":"https:\/\/visionarymarketing.com\/wp-content\/uploads\/2022\/01\/grand-photo-portrait-femme-e1641281900769.jpg","width":519,"height":340},{"@type":"BreadcrumbList","@id":"https:\/\/visionarymarketing.com\/fr\/2022\/01\/04\/portrait-corporate\/#breadcrumb","itemListElement":[{"@type":"ListItem","position":1,"name":"Home","item":"https:\/\/visionarymarketing.com\/fr\/"},{"@type":"ListItem","position":2,"name":"Portrait corporate : l&rsquo;image au c\u0153ur d&rsquo;un monde du travail qui change"}]},{"@type":"WebSite","@id":"https:\/\/visionarymarketing.com\/fr\/#website","url":"https:\/\/visionarymarketing.com\/fr\/","name":"Marketing and Innovation","description":"Site d&#039;infos ind\u00e9pendant, depuis 1996","potentialAction":[{"@type":"SearchAction","target":{"@type":"EntryPoint","urlTemplate":"https:\/\/visionarymarketing.com\/fr\/?s={search_term_string}"},"query-input":{"@type":"PropertyValueSpecification","valueRequired":true,"valueName":"search_term_string"}}],"inLanguage":"fr-FR"},{"@type":"Person","@id":"https:\/\/visionarymarketing.com\/fr\/#\/schema\/person\/3754fee1e558f47b8deb46f53c37423e","name":"Yann Gourvennec","image":{"@type":"ImageObject","inLanguage":"fr-FR","@id":"https:\/\/secure.gravatar.com\/avatar\/5972001801e8de5692a3e31224e85769f50a55fb8b679749f9c8d1868cceff14?s=96&d=initials&r=g&initials=yg","url":"https:\/\/secure.gravatar.com\/avatar\/5972001801e8de5692a3e31224e85769f50a55fb8b679749f9c8d1868cceff14?s=96&d=initials&r=g&initials=yg","contentUrl":"https:\/\/secure.gravatar.com\/avatar\/5972001801e8de5692a3e31224e85769f50a55fb8b679749f9c8d1868cceff14?s=96&d=initials&r=g&initials=yg","caption":"Yann Gourvennec"},"description":"Yann Gourvennec created visionarymarketing.com in 1996. He is a speaker and author of many books. In 2014 he went from intrapreneur to entrepreneur, when he created his digital marketing agency. Yann Gourvennec a cr\u00e9\u00e9 visionarymarketing.com en 1996. Il est conf\u00e9rencier et auteur de plusieurs livres. En 2014, il est pass\u00e9 d'intrapreneur \u00e0 entrepreneur en cr\u00e9ant son agence de marketing num\u00e9rique.","sameAs":["https:\/\/visionarymarketing.com","http:\/\/facebook.com\/ygourven","http:\/\/linkedin.com\/in\/ygourven","https:\/\/x.com\/ygourven","https:\/\/www.youtube.com\/c\/visionarymarketingagency"],"url":"https:\/\/visionarymarketing.com\/fr\/author\/yann-gourvennec\/"}]}},"_links":{"self":[{"href":"https:\/\/visionarymarketing.com\/fr\/wp-json\/wp\/v2\/posts\/66196","targetHints":{"allow":["GET"]}}],"collection":[{"href":"https:\/\/visionarymarketing.com\/fr\/wp-json\/wp\/v2\/posts"}],"about":[{"href":"https:\/\/visionarymarketing.com\/fr\/wp-json\/wp\/v2\/types\/post"}],"author":[{"embeddable":true,"href":"https:\/\/visionarymarketing.com\/fr\/wp-json\/wp\/v2\/users\/2"}],"replies":[{"embeddable":true,"href":"https:\/\/visionarymarketing.com\/fr\/wp-json\/wp\/v2\/comments?post=66196"}],"version-history":[{"count":0,"href":"https:\/\/visionarymarketing.com\/fr\/wp-json\/wp\/v2\/posts\/66196\/revisions"}],"wp:featuredmedia":[{"embeddable":true,"href":"https:\/\/visionarymarketing.com\/fr\/wp-json\/wp\/v2\/media\/66245"}],"wp:attachment":[{"href":"https:\/\/visionarymarketing.com\/fr\/wp-json\/wp\/v2\/media?parent=66196"}],"wp:term":[{"taxonomy":"category","embeddable":true,"href":"https:\/\/visionarymarketing.com\/fr\/wp-json\/wp\/v2\/categories?post=66196"},{"taxonomy":"post_tag","embeddable":true,"href":"https:\/\/visionarymarketing.com\/fr\/wp-json\/wp\/v2\/tags?post=66196"}],"curies":[{"name":"wp","href":"https:\/\/api.w.org\/{rel}","templated":true}]}}