{"id":6615,"date":"2012-07-05T04:41:14","date_gmt":"2012-07-05T02:41:14","guid":{"rendered":"https:\/\/visionary.wordpress.com\/?p=6615"},"modified":"2021-03-14T21:35:30","modified_gmt":"2021-03-14T20:35:30","slug":"le-livre-de-media-aces-livre-digital-de-lannee-au-hub-forum-2012","status":"publish","type":"post","link":"https:\/\/visionarymarketing.com\/fr\/2012\/07\/05\/le-livre-de-media-aces-livre-digital-de-lannee-au-hub-forum-2012\/","title":{"rendered":"Le livre de media aces livre digital de l&rsquo;ann\u00e9e au hub forum ?"},"content":{"rendered":"<p><em>Je me suis rendu au Park hyatt de la place Vend\u00f4me hier, dans le cadre du <span title=\"http:\/\/www.hubforum.org\/paris\/2012\/\">lancement de la version 2012 hub forum<\/span>, organis\u00e9 par Vincent Ducrey.\u00a0Un des moments forts de la pr\u00e9sentation d&rsquo;hier (voir photo), fut le d\u00e9voilement de la <span title=\"https:\/\/www.facebook.com\/hubforum\/app_164167473601477\">liste des nomin\u00e9s pour le livre digital 2012 dans le cadre cette \u00e9dition du hub forum<\/span>. La bonne surprise fut la pr\u00e9sence du livre de l&rsquo;association m\u00e9dia aces : <a href=\"http:\/\/amonboss.com\" target=\"_blank\" rel=\"noopener noreferrer\">les m\u00e9dias sociaux expliqu\u00e9s \u00e0 mon boss<\/a> dans la liste des 12 nomin\u00e9s pour cet cat\u00e9gorie. On notera \u00e9galement la pr\u00e9sence de l&rsquo;association au travers de deux autres les ouvrages de poids tout savoir sur l&rsquo;acquisition et la fid\u00e9lisation on line deux Herv\u00e9 Bloch, et le livre collectif \u00ab ils ont pens\u00e9 le futur \u00bb. Gageons qu\u2019au travers de cette sur la repr\u00e9sentativit\u00e9 de l&rsquo;association, un prix puisse nous \u00eatre attribu\u00e9 pour ce travail d&rsquo;\u00e9vang\u00e9lisation effectu\u00e9 maintenant depuis trois ans. Ajoutons avec sportivit\u00e9, que nous souhaitons bien entendu bonne chance \u00e0 tous les ouvrages concurrents, dont certains sont r\u00e9alis\u00e9s par des amis de l&rsquo;association comme Jean-Fran\u00e7ois Ruiz, ou \u00c9milie Ogez.<\/em><\/p>\n<p align=\"center\"><a href=\"https:\/\/visionarymarketing.com\/wp-content\/uploads\/2012\/07\/hubforum-livredigital2012.jpg\"><img decoding=\"async\" class=\"aligncenter\" style=\"background-image: none; padding-left: 0; padding-right: 0; display: block; float: none; margin-left: auto; margin-right: auto; padding-top: 0; border-width: 0;\" title=\"hubforum-livredigital2012\" src=\"https:\/\/visionarymarketing.com\/wp-content\/uploads\/2012\/07\/hubforum-livredigital2012_thumb.jpg\" alt=\"Media Aces nominee au Hub forum 2012\" width=\"644\" height=\"482\" border=\"0\" \/><\/a><em> [Vincent Ducrey et Emmanuel Vivier au lancement du Hub Forum 2012 le 4 juillet au Park Hyatt, place Vend\u00f4me \u00e0 Paris]<\/em><\/p>\n<p align=\"left\"><strong>liste compl\u00e8te des ouvrages nomin\u00e9s pour le prix du livre digital 2012 du Hub Forum<\/strong><\/p>\n","protected":false},"excerpt":{"rendered":"<p>Je me suis rendu au Park hyatt de la place Vend\u00f4me hier, dans le cadre du lancement de la version 2012 hub forum, organis\u00e9 par Vincent Ducrey.<\/p>\n<p>Un des moments forts de la pr\u00e9sentation d&rsquo;hier (voir photo), fut le d\u00e9voilement de la liste des nomin\u00e9s pour le livre digital 2012 dans le cadre cette \u00e9dition du hub forum. La bonne surprise fut la pr\u00e9sence du livre de l&rsquo;association m\u00e9dia aces : les m\u00e9dias sociaux expliqu\u00e9s \u00e0 mon boss dans la liste des 12 nomin\u00e9s pour cet cat\u00e9gorie. On notera \u00e9galement la pr\u00e9sence de l&rsquo;association au travers de deux autres les ouvrages de poids tout savoir sur l&rsquo;acquisition et la fid\u00e9lisation on line deux Herv\u00e9 bloc, et le livre collectif \u00ab ils ont pens\u00e9 le futur \u00bb. Gageons qu\u2019au travers de cette sur la repr\u00e9sentativit\u00e9 de l&rsquo;association, un prix puisse nous \u00eatre attribu\u00e9 pour ce travail d&rsquo;\u00e9vang\u00e9lisation effectu\u00e9 maintenant depuis trois ans. Ajoutons avec sportivit\u00e9, que nous souhaitons bien entendu bonne chance \u00e0 tous les ouvrages concurrents, dont certains sont r\u00e9alis\u00e9s par des amis de l&rsquo;association comme Jean-Fran\u00e7ois Ruiz, ou \u00c9milie Ogez.<\/p>\n","protected":false},"author":2,"featured_media":6614,"comment_status":"open","ping_status":"open","sticky":false,"template":"","format":"standard","meta":{"footnotes":""},"categories":[2898],"tags":[],"class_list":["post-6615","post","type-post","status-publish","format-standard","has-post-thumbnail","hentry","category-communication-digitale"],"yoast_head":"<!-- This site is optimized with the Yoast SEO plugin v27.4 - https:\/\/yoast.com\/product\/yoast-seo-wordpress\/ -->\n<title>Le livre de media aces livre digital de l&#039;ann\u00e9e au hub forum ?<\/title>\n<meta name=\"description\" content=\"Media Aces \u00e9tait nomin\u00e9 au livre digital de l&#039;ann\u00e9e 2012 au Hub Forum. Voici la pr\u00e9paration de la r\u00e9union .\" \/>\n<meta name=\"robots\" content=\"noindex, follow\" \/>\n<meta property=\"og:locale\" content=\"fr_FR\" \/>\n<meta property=\"og:type\" content=\"article\" \/>\n<meta property=\"og:title\" content=\"Le livre de media aces livre digital de l&#039;ann\u00e9e au hub forum ?\" \/>\n<meta property=\"og:description\" content=\"Media Aces \u00e9tait nomin\u00e9 au livre digital de l&#039;ann\u00e9e 2012 au Hub Forum. Voici la pr\u00e9paration de la r\u00e9union .\" \/>\n<meta property=\"og:url\" content=\"https:\/\/visionarymarketing.com\/fr\/2012\/07\/05\/le-livre-de-media-aces-livre-digital-de-lannee-au-hub-forum-2012\/\" \/>\n<meta property=\"og:site_name\" content=\"Marketing and Innovation\" \/>\n<meta property=\"article:publisher\" content=\"https:\/\/www.facebook.com\/vismktg\" \/>\n<meta property=\"article:author\" content=\"http:\/\/facebook.com\/ygourven\" \/>\n<meta property=\"article:published_time\" content=\"2012-07-05T02:41:14+00:00\" \/>\n<meta property=\"article:modified_time\" content=\"2021-03-14T20:35:30+00:00\" \/>\n<meta property=\"og:image\" content=\"https:\/\/visionarymarketing.com\/wp-content\/uploads\/2012\/07\/hubforum-livredigital2012_thumb.jpg\" \/>\n\t<meta property=\"og:image:width\" content=\"644\" \/>\n\t<meta property=\"og:image:height\" content=\"482\" \/>\n\t<meta property=\"og:image:type\" content=\"image\/jpeg\" \/>\n<meta name=\"author\" content=\"Yann Gourvennec\" \/>\n<meta name=\"twitter:card\" content=\"summary_large_image\" \/>\n<meta name=\"twitter:creator\" content=\"@ygourven\" \/>\n<meta name=\"twitter:site\" content=\"@ygourven\" \/>\n<meta name=\"twitter:label1\" content=\"\u00c9crit par\" \/>\n\t<meta name=\"twitter:data1\" content=\"Yann Gourvennec\" \/>\n\t<meta name=\"twitter:label2\" content=\"Dur\u00e9e de lecture estim\u00e9e\" \/>\n\t<meta name=\"twitter:data2\" content=\"2 minutes\" \/>\n<script type=\"application\/ld+json\" class=\"yoast-schema-graph\">{\"@context\":\"https:\\\/\\\/schema.org\",\"@graph\":[{\"@type\":\"NewsArticle\",\"@id\":\"https:\\\/\\\/visionarymarketing.com\\\/fr\\\/2012\\\/07\\\/05\\\/le-livre-de-media-aces-livre-digital-de-lannee-au-hub-forum-2012\\\/#article\",\"isPartOf\":{\"@id\":\"https:\\\/\\\/visionarymarketing.com\\\/fr\\\/2012\\\/07\\\/05\\\/le-livre-de-media-aces-livre-digital-de-lannee-au-hub-forum-2012\\\/\"},\"author\":{\"name\":\"Yann Gourvennec\",\"@id\":\"https:\\\/\\\/visionarymarketing.com\\\/fr\\\/#\\\/schema\\\/person\\\/3754fee1e558f47b8deb46f53c37423e\"},\"headline\":\"Le livre de media aces livre digital de l&rsquo;ann\u00e9e au hub forum ?\",\"datePublished\":\"2012-07-05T02:41:14+00:00\",\"dateModified\":\"2021-03-14T20:35:30+00:00\",\"mainEntityOfPage\":{\"@id\":\"https:\\\/\\\/visionarymarketing.com\\\/fr\\\/2012\\\/07\\\/05\\\/le-livre-de-media-aces-livre-digital-de-lannee-au-hub-forum-2012\\\/\"},\"wordCount\":247,\"commentCount\":0,\"image\":{\"@id\":\"https:\\\/\\\/visionarymarketing.com\\\/fr\\\/2012\\\/07\\\/05\\\/le-livre-de-media-aces-livre-digital-de-lannee-au-hub-forum-2012\\\/#primaryimage\"},\"thumbnailUrl\":\"https:\\\/\\\/visionarymarketing.com\\\/wp-content\\\/uploads\\\/2012\\\/07\\\/hubforum-livredigital2012_thumb.jpg\",\"articleSection\":[\"communication digitale\"],\"inLanguage\":\"fr-FR\",\"potentialAction\":[{\"@type\":\"CommentAction\",\"name\":\"Comment\",\"target\":[\"https:\\\/\\\/visionarymarketing.com\\\/fr\\\/2012\\\/07\\\/05\\\/le-livre-de-media-aces-livre-digital-de-lannee-au-hub-forum-2012\\\/#respond\"]}]},{\"@type\":\"WebPage\",\"@id\":\"https:\\\/\\\/visionarymarketing.com\\\/fr\\\/2012\\\/07\\\/05\\\/le-livre-de-media-aces-livre-digital-de-lannee-au-hub-forum-2012\\\/\",\"url\":\"https:\\\/\\\/visionarymarketing.com\\\/fr\\\/2012\\\/07\\\/05\\\/le-livre-de-media-aces-livre-digital-de-lannee-au-hub-forum-2012\\\/\",\"name\":\"Le livre de media aces livre digital de l'ann\u00e9e au hub forum ?\",\"isPartOf\":{\"@id\":\"https:\\\/\\\/visionarymarketing.com\\\/fr\\\/#website\"},\"primaryImageOfPage\":{\"@id\":\"https:\\\/\\\/visionarymarketing.com\\\/fr\\\/2012\\\/07\\\/05\\\/le-livre-de-media-aces-livre-digital-de-lannee-au-hub-forum-2012\\\/#primaryimage\"},\"image\":{\"@id\":\"https:\\\/\\\/visionarymarketing.com\\\/fr\\\/2012\\\/07\\\/05\\\/le-livre-de-media-aces-livre-digital-de-lannee-au-hub-forum-2012\\\/#primaryimage\"},\"thumbnailUrl\":\"https:\\\/\\\/visionarymarketing.com\\\/wp-content\\\/uploads\\\/2012\\\/07\\\/hubforum-livredigital2012_thumb.jpg\",\"datePublished\":\"2012-07-05T02:41:14+00:00\",\"dateModified\":\"2021-03-14T20:35:30+00:00\",\"author\":{\"@id\":\"https:\\\/\\\/visionarymarketing.com\\\/fr\\\/#\\\/schema\\\/person\\\/3754fee1e558f47b8deb46f53c37423e\"},\"description\":\"Media Aces \u00e9tait nomin\u00e9 au livre digital de l'ann\u00e9e 2012 au Hub Forum. Voici la pr\u00e9paration de la r\u00e9union .\",\"breadcrumb\":{\"@id\":\"https:\\\/\\\/visionarymarketing.com\\\/fr\\\/2012\\\/07\\\/05\\\/le-livre-de-media-aces-livre-digital-de-lannee-au-hub-forum-2012\\\/#breadcrumb\"},\"inLanguage\":\"fr-FR\",\"potentialAction\":[{\"@type\":\"ReadAction\",\"target\":[\"https:\\\/\\\/visionarymarketing.com\\\/fr\\\/2012\\\/07\\\/05\\\/le-livre-de-media-aces-livre-digital-de-lannee-au-hub-forum-2012\\\/\"]}]},{\"@type\":\"ImageObject\",\"inLanguage\":\"fr-FR\",\"@id\":\"https:\\\/\\\/visionarymarketing.com\\\/fr\\\/2012\\\/07\\\/05\\\/le-livre-de-media-aces-livre-digital-de-lannee-au-hub-forum-2012\\\/#primaryimage\",\"url\":\"https:\\\/\\\/visionarymarketing.com\\\/wp-content\\\/uploads\\\/2012\\\/07\\\/hubforum-livredigital2012_thumb.jpg\",\"contentUrl\":\"https:\\\/\\\/visionarymarketing.com\\\/wp-content\\\/uploads\\\/2012\\\/07\\\/hubforum-livredigital2012_thumb.jpg\",\"width\":644,\"height\":482},{\"@type\":\"BreadcrumbList\",\"@id\":\"https:\\\/\\\/visionarymarketing.com\\\/fr\\\/2012\\\/07\\\/05\\\/le-livre-de-media-aces-livre-digital-de-lannee-au-hub-forum-2012\\\/#breadcrumb\",\"itemListElement\":[{\"@type\":\"ListItem\",\"position\":1,\"name\":\"Home\",\"item\":\"https:\\\/\\\/visionarymarketing.com\\\/fr\\\/\"},{\"@type\":\"ListItem\",\"position\":2,\"name\":\"Le livre de media aces livre digital de l&rsquo;ann\u00e9e au hub forum ?\"}]},{\"@type\":\"WebSite\",\"@id\":\"https:\\\/\\\/visionarymarketing.com\\\/fr\\\/#website\",\"url\":\"https:\\\/\\\/visionarymarketing.com\\\/fr\\\/\",\"name\":\"Marketing and Innovation\",\"description\":\"Site d&#039;infos ind\u00e9pendant, depuis 1996\",\"potentialAction\":[{\"@type\":\"SearchAction\",\"target\":{\"@type\":\"EntryPoint\",\"urlTemplate\":\"https:\\\/\\\/visionarymarketing.com\\\/fr\\\/?s={search_term_string}\"},\"query-input\":{\"@type\":\"PropertyValueSpecification\",\"valueRequired\":true,\"valueName\":\"search_term_string\"}}],\"inLanguage\":\"fr-FR\"},{\"@type\":\"Person\",\"@id\":\"https:\\\/\\\/visionarymarketing.com\\\/fr\\\/#\\\/schema\\\/person\\\/3754fee1e558f47b8deb46f53c37423e\",\"name\":\"Yann Gourvennec\",\"image\":{\"@type\":\"ImageObject\",\"inLanguage\":\"fr-FR\",\"@id\":\"https:\\\/\\\/secure.gravatar.com\\\/avatar\\\/5972001801e8de5692a3e31224e85769f50a55fb8b679749f9c8d1868cceff14?s=96&d=initials&r=g&initials=yg\",\"url\":\"https:\\\/\\\/secure.gravatar.com\\\/avatar\\\/5972001801e8de5692a3e31224e85769f50a55fb8b679749f9c8d1868cceff14?s=96&d=initials&r=g&initials=yg\",\"contentUrl\":\"https:\\\/\\\/secure.gravatar.com\\\/avatar\\\/5972001801e8de5692a3e31224e85769f50a55fb8b679749f9c8d1868cceff14?s=96&d=initials&r=g&initials=yg\",\"caption\":\"Yann Gourvennec\"},\"description\":\"Yann Gourvennec created visionarymarketing.com in 1996. He is a speaker and author of many books. In 2014 he went from intrapreneur to entrepreneur, when he created his digital marketing agency. Yann Gourvennec a cr\u00e9\u00e9 visionarymarketing.com en 1996. Il est conf\u00e9rencier et auteur de plusieurs livres. En 2014, il est pass\u00e9 d'intrapreneur \u00e0 entrepreneur en cr\u00e9ant son agence de marketing num\u00e9rique.\",\"sameAs\":[\"https:\\\/\\\/visionarymarketing.com\",\"http:\\\/\\\/facebook.com\\\/ygourven\",\"http:\\\/\\\/linkedin.com\\\/in\\\/ygourven\",\"https:\\\/\\\/x.com\\\/ygourven\",\"https:\\\/\\\/www.youtube.com\\\/c\\\/visionarymarketingagency\"],\"url\":\"https:\\\/\\\/visionarymarketing.com\\\/fr\\\/author\\\/yann-gourvennec\\\/\"}]}<\/script>\n<!-- \/ Yoast SEO plugin. -->","yoast_head_json":{"title":"Le livre de media aces livre digital de l'ann\u00e9e au hub forum ?","description":"Media Aces \u00e9tait nomin\u00e9 au livre digital de l'ann\u00e9e 2012 au Hub Forum. Voici la pr\u00e9paration de la r\u00e9union .","robots":{"index":"noindex","follow":"follow"},"og_locale":"fr_FR","og_type":"article","og_title":"Le livre de media aces livre digital de l'ann\u00e9e au hub forum ?","og_description":"Media Aces \u00e9tait nomin\u00e9 au livre digital de l'ann\u00e9e 2012 au Hub Forum. Voici la pr\u00e9paration de la r\u00e9union .","og_url":"https:\/\/visionarymarketing.com\/fr\/2012\/07\/05\/le-livre-de-media-aces-livre-digital-de-lannee-au-hub-forum-2012\/","og_site_name":"Marketing and Innovation","article_publisher":"https:\/\/www.facebook.com\/vismktg","article_author":"http:\/\/facebook.com\/ygourven","article_published_time":"2012-07-05T02:41:14+00:00","article_modified_time":"2021-03-14T20:35:30+00:00","og_image":[{"width":644,"height":482,"url":"https:\/\/visionarymarketing.com\/wp-content\/uploads\/2012\/07\/hubforum-livredigital2012_thumb.jpg","type":"image\/jpeg"}],"author":"Yann Gourvennec","twitter_card":"summary_large_image","twitter_creator":"@ygourven","twitter_site":"@ygourven","twitter_misc":{"\u00c9crit par":"Yann Gourvennec","Dur\u00e9e de lecture estim\u00e9e":"2 minutes"},"schema":{"@context":"https:\/\/schema.org","@graph":[{"@type":"NewsArticle","@id":"https:\/\/visionarymarketing.com\/fr\/2012\/07\/05\/le-livre-de-media-aces-livre-digital-de-lannee-au-hub-forum-2012\/#article","isPartOf":{"@id":"https:\/\/visionarymarketing.com\/fr\/2012\/07\/05\/le-livre-de-media-aces-livre-digital-de-lannee-au-hub-forum-2012\/"},"author":{"name":"Yann Gourvennec","@id":"https:\/\/visionarymarketing.com\/fr\/#\/schema\/person\/3754fee1e558f47b8deb46f53c37423e"},"headline":"Le livre de media aces livre digital de l&rsquo;ann\u00e9e au hub forum ?","datePublished":"2012-07-05T02:41:14+00:00","dateModified":"2021-03-14T20:35:30+00:00","mainEntityOfPage":{"@id":"https:\/\/visionarymarketing.com\/fr\/2012\/07\/05\/le-livre-de-media-aces-livre-digital-de-lannee-au-hub-forum-2012\/"},"wordCount":247,"commentCount":0,"image":{"@id":"https:\/\/visionarymarketing.com\/fr\/2012\/07\/05\/le-livre-de-media-aces-livre-digital-de-lannee-au-hub-forum-2012\/#primaryimage"},"thumbnailUrl":"https:\/\/visionarymarketing.com\/wp-content\/uploads\/2012\/07\/hubforum-livredigital2012_thumb.jpg","articleSection":["communication digitale"],"inLanguage":"fr-FR","potentialAction":[{"@type":"CommentAction","name":"Comment","target":["https:\/\/visionarymarketing.com\/fr\/2012\/07\/05\/le-livre-de-media-aces-livre-digital-de-lannee-au-hub-forum-2012\/#respond"]}]},{"@type":"WebPage","@id":"https:\/\/visionarymarketing.com\/fr\/2012\/07\/05\/le-livre-de-media-aces-livre-digital-de-lannee-au-hub-forum-2012\/","url":"https:\/\/visionarymarketing.com\/fr\/2012\/07\/05\/le-livre-de-media-aces-livre-digital-de-lannee-au-hub-forum-2012\/","name":"Le livre de media aces livre digital de l'ann\u00e9e au hub forum ?","isPartOf":{"@id":"https:\/\/visionarymarketing.com\/fr\/#website"},"primaryImageOfPage":{"@id":"https:\/\/visionarymarketing.com\/fr\/2012\/07\/05\/le-livre-de-media-aces-livre-digital-de-lannee-au-hub-forum-2012\/#primaryimage"},"image":{"@id":"https:\/\/visionarymarketing.com\/fr\/2012\/07\/05\/le-livre-de-media-aces-livre-digital-de-lannee-au-hub-forum-2012\/#primaryimage"},"thumbnailUrl":"https:\/\/visionarymarketing.com\/wp-content\/uploads\/2012\/07\/hubforum-livredigital2012_thumb.jpg","datePublished":"2012-07-05T02:41:14+00:00","dateModified":"2021-03-14T20:35:30+00:00","author":{"@id":"https:\/\/visionarymarketing.com\/fr\/#\/schema\/person\/3754fee1e558f47b8deb46f53c37423e"},"description":"Media Aces \u00e9tait nomin\u00e9 au livre digital de l'ann\u00e9e 2012 au Hub Forum. Voici la pr\u00e9paration de la r\u00e9union .","breadcrumb":{"@id":"https:\/\/visionarymarketing.com\/fr\/2012\/07\/05\/le-livre-de-media-aces-livre-digital-de-lannee-au-hub-forum-2012\/#breadcrumb"},"inLanguage":"fr-FR","potentialAction":[{"@type":"ReadAction","target":["https:\/\/visionarymarketing.com\/fr\/2012\/07\/05\/le-livre-de-media-aces-livre-digital-de-lannee-au-hub-forum-2012\/"]}]},{"@type":"ImageObject","inLanguage":"fr-FR","@id":"https:\/\/visionarymarketing.com\/fr\/2012\/07\/05\/le-livre-de-media-aces-livre-digital-de-lannee-au-hub-forum-2012\/#primaryimage","url":"https:\/\/visionarymarketing.com\/wp-content\/uploads\/2012\/07\/hubforum-livredigital2012_thumb.jpg","contentUrl":"https:\/\/visionarymarketing.com\/wp-content\/uploads\/2012\/07\/hubforum-livredigital2012_thumb.jpg","width":644,"height":482},{"@type":"BreadcrumbList","@id":"https:\/\/visionarymarketing.com\/fr\/2012\/07\/05\/le-livre-de-media-aces-livre-digital-de-lannee-au-hub-forum-2012\/#breadcrumb","itemListElement":[{"@type":"ListItem","position":1,"name":"Home","item":"https:\/\/visionarymarketing.com\/fr\/"},{"@type":"ListItem","position":2,"name":"Le livre de media aces livre digital de l&rsquo;ann\u00e9e au hub forum ?"}]},{"@type":"WebSite","@id":"https:\/\/visionarymarketing.com\/fr\/#website","url":"https:\/\/visionarymarketing.com\/fr\/","name":"Marketing and Innovation","description":"Site d&#039;infos ind\u00e9pendant, depuis 1996","potentialAction":[{"@type":"SearchAction","target":{"@type":"EntryPoint","urlTemplate":"https:\/\/visionarymarketing.com\/fr\/?s={search_term_string}"},"query-input":{"@type":"PropertyValueSpecification","valueRequired":true,"valueName":"search_term_string"}}],"inLanguage":"fr-FR"},{"@type":"Person","@id":"https:\/\/visionarymarketing.com\/fr\/#\/schema\/person\/3754fee1e558f47b8deb46f53c37423e","name":"Yann Gourvennec","image":{"@type":"ImageObject","inLanguage":"fr-FR","@id":"https:\/\/secure.gravatar.com\/avatar\/5972001801e8de5692a3e31224e85769f50a55fb8b679749f9c8d1868cceff14?s=96&d=initials&r=g&initials=yg","url":"https:\/\/secure.gravatar.com\/avatar\/5972001801e8de5692a3e31224e85769f50a55fb8b679749f9c8d1868cceff14?s=96&d=initials&r=g&initials=yg","contentUrl":"https:\/\/secure.gravatar.com\/avatar\/5972001801e8de5692a3e31224e85769f50a55fb8b679749f9c8d1868cceff14?s=96&d=initials&r=g&initials=yg","caption":"Yann Gourvennec"},"description":"Yann Gourvennec created visionarymarketing.com in 1996. He is a speaker and author of many books. In 2014 he went from intrapreneur to entrepreneur, when he created his digital marketing agency. Yann Gourvennec a cr\u00e9\u00e9 visionarymarketing.com en 1996. Il est conf\u00e9rencier et auteur de plusieurs livres. En 2014, il est pass\u00e9 d'intrapreneur \u00e0 entrepreneur en cr\u00e9ant son agence de marketing num\u00e9rique.","sameAs":["https:\/\/visionarymarketing.com","http:\/\/facebook.com\/ygourven","http:\/\/linkedin.com\/in\/ygourven","https:\/\/x.com\/ygourven","https:\/\/www.youtube.com\/c\/visionarymarketingagency"],"url":"https:\/\/visionarymarketing.com\/fr\/author\/yann-gourvennec\/"}]}},"_links":{"self":[{"href":"https:\/\/visionarymarketing.com\/fr\/wp-json\/wp\/v2\/posts\/6615","targetHints":{"allow":["GET"]}}],"collection":[{"href":"https:\/\/visionarymarketing.com\/fr\/wp-json\/wp\/v2\/posts"}],"about":[{"href":"https:\/\/visionarymarketing.com\/fr\/wp-json\/wp\/v2\/types\/post"}],"author":[{"embeddable":true,"href":"https:\/\/visionarymarketing.com\/fr\/wp-json\/wp\/v2\/users\/2"}],"replies":[{"embeddable":true,"href":"https:\/\/visionarymarketing.com\/fr\/wp-json\/wp\/v2\/comments?post=6615"}],"version-history":[{"count":0,"href":"https:\/\/visionarymarketing.com\/fr\/wp-json\/wp\/v2\/posts\/6615\/revisions"}],"wp:featuredmedia":[{"embeddable":true,"href":"https:\/\/visionarymarketing.com\/fr\/wp-json\/wp\/v2\/media\/6614"}],"wp:attachment":[{"href":"https:\/\/visionarymarketing.com\/fr\/wp-json\/wp\/v2\/media?parent=6615"}],"wp:term":[{"taxonomy":"category","embeddable":true,"href":"https:\/\/visionarymarketing.com\/fr\/wp-json\/wp\/v2\/categories?post=6615"},{"taxonomy":"post_tag","embeddable":true,"href":"https:\/\/visionarymarketing.com\/fr\/wp-json\/wp\/v2\/tags?post=6615"}],"curies":[{"name":"wp","href":"https:\/\/api.w.org\/{rel}","templated":true}]}}