{"id":6596,"date":"2012-07-03T05:18:23","date_gmt":"2012-07-03T03:18:23","guid":{"rendered":"https:\/\/visionary.wordpress.com\/?p=6596"},"modified":"2021-03-14T21:34:46","modified_gmt":"2021-03-14T20:34:46","slug":"les-social-media-awards-2012-resumees-pour-les-absents","status":"publish","type":"post","link":"https:\/\/visionarymarketing.com\/fr\/2012\/07\/03\/les-social-media-awards-2012-resumees-pour-les-absents\/","title":{"rendered":"Les social media awards r\u00e9sum\u00e9es pour les absents"},"content":{"rendered":"<p><em>Le 14 juin 2012, \u00e0 la Sorbonne, <span class=\"removed_link\" title=\"http:\/\/www.chaire-digital-business.com\/lesg-management-school-et-luniversite-paris-1-pantheon-sorbonne-lancent-les-social-media-awards-le-14-juin-2012\/\">a eu lieu la premi\u00e8re \u00e9dition des social m\u00e9dia awards organis\u00e9 par l&rsquo;association m\u00e9dia aces en partenariat avec l&rsquo;\u00e9cole sup\u00e9rieure de gestion de Paris<\/span> et l\u2019universit\u00e9 Paris 1 Sorbonne (o\u00f9 se d\u00e9roulait l\u2019\u00e9v\u00e9nement). Je me rends compte 15 jours plus tard, apr\u00e8s avoir caval\u00e9 partout dans l&rsquo;Europe pour suivre notamment Le Web 2012 Londres et particip\u00e9 \u00e0 diverses conf\u00e9rences au Royaume Uni, que j&rsquo;ai compl\u00e8tement omis de faire un retour sur cet \u00e9v\u00e9nement exceptionnel. Heureusement, Fr\u00e9d\u00e9ric Canevet \u00e0 palli\u00e9 ce probl\u00e8me en postant sur son blog, <a href=\"http:\/\/www.conseilsmarketing.com\/\" target=\"_blank\" rel=\"noopener noreferrer\">conseilsmarketing.fr<\/a>, un compte rendu tr\u00e8s d\u00e9taill\u00e9 de l&rsquo;\u00e9v\u00e9nement. Vous y retrouvez \u00e9galement une <a href=\"http:\/\/vimeo.com\/44167087\" target=\"_blank\" rel=\"noopener noreferrer\">vid\u00e9o<\/a> que je reposte ici. Je m&rsquo;en remets donc \u00e0 Fr\u00e9d\u00e9ric et son sens de la pr\u00e9cision pour d\u00e9tailler les social media awards.<\/em><\/p>\n<h2>Les social media awards r\u00e9sum\u00e9es pour les absents<\/h2>\n<p><iframe title=\"Les Social Media Awards 2012 - Yann Gourvennec\" src=\"https:\/\/player.vimeo.com\/video\/44167087?dnt=1&amp;app_id=122963\" width=\"500\" height=\"281\" frameborder=\"0\" allow=\"autoplay; fullscreen; picture-in-picture; clipboard-write\"><\/iframe><\/p>\n<p><strong>Les Social Media Awards 2012 par Fr\u00e9d\u00e9ric Canevet<\/strong><\/p>\n<p><img decoding=\"async\" style=\"display: block; float: none; margin-left: auto; margin-right: auto;\" title=\"leroy-merlin\" src=\"https:\/\/www.conseilsmarketing.com\/wp-content\/uploads\/2012\/06\/leroy-merlin.jpg\" alt=\"leroy-merlin\" width=\"450\" height=\"209\" \/>Cette soir\u00e9e (14\/06\/2012) a vu le sacre de<strong> Leroy Merlin en tant que meilleur performer sur les Media Sociaux.<\/strong> C\u2019est tout particuli\u00e8rement <strong><a href=\"https:\/\/twitter.com\/#!\/leroymerlinfr\">les actions sur leur compte Twitter<\/a>\u2026<\/strong> <strong><a href=\"https:\/\/www.facebook.com\/leroymerlin\/posts\/331837803558458\">Facebook<\/a><\/strong>\u2026\u00a0 <strong><a href=\"http:\/\/www.youtube.com\/leroymerlin\">Et Youtube <\/a><\/strong>:<\/p>\n<p><iframe title=\"Leroy Merlin - Les Chaudi\u00e8res\" width=\"500\" height=\"281\" src=\"https:\/\/www.youtube.com\/embed\/JSyJ_X1hY3Y?feature=oembed\" frameborder=\"0\" allow=\"accelerometer; autoplay; clipboard-write; encrypted-media; gyroscope; picture-in-picture; web-share\" referrerpolicy=\"strict-origin-when-cross-origin\" allowfullscreen><\/iframe><\/p>\n<p>Avec comme petit plus<strong> le\u00a0 relais des magasins qui interviennent directement dans les discussions et qui laissent m\u00eame les clients discuter les uns avec les autres pour f\u00e9d\u00e9rer une communaut\u00e9<\/strong>.<\/p>\n<p>Dans la cat\u00e9gorie des \u00ab petits poucets \u00bb c\u2019est Charlott Lingerie (<a href=\"http:\/\/www.youtube.com\/user\/CharlottLingerie\"><strong>Youtube<\/strong><\/a>&amp; <strong><a href=\"https:\/\/www.facebook.com\/CharlottLingerie\">Facebook <\/a><\/strong>) et EntreParticuliers.com (<a href=\"https:\/\/twitter.com\/#!\/entparticuliers\" target=\"_blank\" rel=\"noopener noreferrer\">Twitter<\/a>).<\/p>\n<p><strong>Cela montre qu\u2019avec un peu d\u2019implication et d\u2019imagination on peut contrer les leaders<\/strong> qui ont parfois des budgets bien plus importants.<\/p>\n<blockquote class=\"quote-light\"><p>\n  <a href=\"http:\/\/www.conseilsmarketing.com\/e-marketing\/le-resume-express-du-social-media-awards-yann-gourvennec\" target=\"_blank\" rel=\"noopener noreferrer\"><strong>lire la suite sur le blog de Fr\u00e9d\u00e9ric Canevet, Conseilsmarketing.fr<\/strong><\/a>\n<\/p><\/blockquote>\n","protected":false},"excerpt":{"rendered":"<p>Le 14 juin 2012, \u00e0 la Sorbonne, a eu lieu la premi\u00e8re \u00e9dition des social m\u00e9dia awards organis\u00e9 par l&rsquo;association m\u00e9dia aces en partenariat avec l&rsquo;\u00e9cole sup\u00e9rieure de gestion de Paris et l\u2019universit\u00e9 Paris 1 Sorbonne (o\u00f9 se d\u00e9roulait l\u2019\u00e9v\u00e9nement). Je me rends compte 15 jours plus tard, apr\u00e8s avoir caval\u00e9 partout dans l&rsquo;Europe pour suivre notamment Le Web 2012 Londres et particip\u00e9 \u00e0 diverses conf\u00e9rences au Royaume Uni, que j&rsquo;ai compl\u00e8tement omis de faire un retour sur cet \u00e9v\u00e9nement exceptionnel. Heureusement, Fr\u00e9d\u00e9ric Canevet \u00e0 palli\u00e9 ce probl\u00e8me en postant sur son blog, conseilsmarketing.fr, un compte rendu tr\u00e8s d\u00e9taill\u00e9 de l&rsquo;\u00e9v\u00e9nement. Vous y retrouvez \u00e9galement une vid\u00e9o que je reposte ici. Je m&rsquo;en remets donc \u00e0 Fr\u00e9d\u00e9ric et son sens de la pr\u00e9cision pour d\u00e9tailler les social media awards.<\/p>\n","protected":false},"author":2,"featured_media":8955,"comment_status":"open","ping_status":"open","sticky":false,"template":"","format":"standard","meta":{"footnotes":""},"categories":[121,25],"tags":[],"class_list":["post-6596","post","type-post","status-publish","format-standard","has-post-thumbnail","hentry","category-e-business","category-medias-sociaux"],"yoast_head":"<!-- This site is optimized with the Yoast SEO plugin v27.4 - https:\/\/yoast.com\/product\/yoast-seo-wordpress\/ -->\n<title>Les social media awards r\u00e9sum\u00e9es pour les absents<\/title>\n<meta name=\"description\" content=\"Le 14 juin 2012, \u00e0 la Sorbonne, a eu lieu la premi\u00e8re \u00e9dition des social m\u00e9dia awards organis\u00e9 par l&#039;association m\u00e9dia aces en partenariat avec l&#039;\u00e9cole sup\u00e9rieure de gestion de Paris et l\u2019universit\u00e9 Paris 1 Sorbonne (o\u00f9 se d\u00e9roulait l\u2019\u00e9v\u00e9nement). Je me rends compte 15 jours plus tard, apr\u00e8s avoir caval\u00e9 partout dans l&#039;Europe pour suivre notamment Le Web 2012 Londres et particip\u00e9 \u00e0 diverses conf\u00e9rences au Royaume Uni, que j&#039;ai compl\u00e8tement omis de faire un retour sur cet \u00e9v\u00e9nement exceptionnel. Heureusement, Fr\u00e9d\u00e9ric Canevet \u00e0 palli\u00e9 ce probl\u00e8me en postant sur son blog, conseilsmarketing.fr, un compte rendu tr\u00e8s d\u00e9taill\u00e9 de l&#039;\u00e9v\u00e9nement. Vous y retrouvez \u00e9galement une vid\u00e9o que je reposte ici. Je m&#039;en remets donc \u00e0 Fr\u00e9d\u00e9ric et son sens de la pr\u00e9cision pour d\u00e9tailler les social media awards.\" \/>\n<meta name=\"robots\" content=\"index, follow, max-snippet:-1, max-image-preview:large, max-video-preview:-1\" \/>\n<link rel=\"canonical\" href=\"https:\/\/visionarymarketing.com\/fr\/2012\/07\/03\/les-social-media-awards-2012-resumees-pour-les-absents\/\" \/>\n<meta property=\"og:locale\" content=\"fr_FR\" \/>\n<meta property=\"og:type\" content=\"article\" \/>\n<meta property=\"og:title\" content=\"Les social media awards r\u00e9sum\u00e9es pour les absents\" \/>\n<meta property=\"og:description\" content=\"Le 14 juin 2012, \u00e0 la Sorbonne, a eu lieu la premi\u00e8re \u00e9dition des social m\u00e9dia awards organis\u00e9 par l&#039;association m\u00e9dia aces en partenariat avec l&#039;\u00e9cole sup\u00e9rieure de gestion de Paris et l\u2019universit\u00e9 Paris 1 Sorbonne (o\u00f9 se d\u00e9roulait l\u2019\u00e9v\u00e9nement). Je me rends compte 15 jours plus tard, apr\u00e8s avoir caval\u00e9 partout dans l&#039;Europe pour suivre notamment Le Web 2012 Londres et particip\u00e9 \u00e0 diverses conf\u00e9rences au Royaume Uni, que j&#039;ai compl\u00e8tement omis de faire un retour sur cet \u00e9v\u00e9nement exceptionnel. Heureusement, Fr\u00e9d\u00e9ric Canevet \u00e0 palli\u00e9 ce probl\u00e8me en postant sur son blog, conseilsmarketing.fr, un compte rendu tr\u00e8s d\u00e9taill\u00e9 de l&#039;\u00e9v\u00e9nement. Vous y retrouvez \u00e9galement une vid\u00e9o que je reposte ici. Je m&#039;en remets donc \u00e0 Fr\u00e9d\u00e9ric et son sens de la pr\u00e9cision pour d\u00e9tailler les social media awards.\" \/>\n<meta property=\"og:url\" content=\"https:\/\/visionarymarketing.com\/fr\/2012\/07\/03\/les-social-media-awards-2012-resumees-pour-les-absents\/\" \/>\n<meta property=\"og:site_name\" content=\"Marketing and Innovation\" \/>\n<meta property=\"article:publisher\" content=\"https:\/\/www.facebook.com\/vismktg\" \/>\n<meta property=\"article:author\" content=\"http:\/\/facebook.com\/ygourven\" \/>\n<meta property=\"article:published_time\" content=\"2012-07-03T03:18:23+00:00\" \/>\n<meta property=\"article:modified_time\" content=\"2021-03-14T20:34:46+00:00\" \/>\n<meta property=\"og:image\" content=\"https:\/\/visionarymarketing.com\/wp-content\/uploads\/2018\/07\/Social-Media-1-e1600286445343.png\" \/>\n\t<meta property=\"og:image:width\" content=\"519\" \/>\n\t<meta property=\"og:image:height\" content=\"340\" \/>\n\t<meta property=\"og:image:type\" content=\"image\/png\" \/>\n<meta name=\"author\" content=\"Yann Gourvennec\" \/>\n<meta name=\"twitter:card\" content=\"summary_large_image\" \/>\n<meta name=\"twitter:creator\" content=\"@ygourven\" \/>\n<meta name=\"twitter:site\" content=\"@ygourven\" \/>\n<meta name=\"twitter:label1\" content=\"\u00c9crit par\" \/>\n\t<meta name=\"twitter:data1\" content=\"Yann Gourvennec\" \/>\n\t<meta name=\"twitter:label2\" content=\"Dur\u00e9e de lecture estim\u00e9e\" \/>\n\t<meta name=\"twitter:data2\" content=\"2 minutes\" \/>\n<script type=\"application\/ld+json\" class=\"yoast-schema-graph\">{\"@context\":\"https:\\\/\\\/schema.org\",\"@graph\":[{\"@type\":\"NewsArticle\",\"@id\":\"https:\\\/\\\/visionarymarketing.com\\\/fr\\\/2012\\\/07\\\/03\\\/les-social-media-awards-2012-resumees-pour-les-absents\\\/#article\",\"isPartOf\":{\"@id\":\"https:\\\/\\\/visionarymarketing.com\\\/fr\\\/2012\\\/07\\\/03\\\/les-social-media-awards-2012-resumees-pour-les-absents\\\/\"},\"author\":{\"name\":\"Yann Gourvennec\",\"@id\":\"https:\\\/\\\/visionarymarketing.com\\\/fr\\\/#\\\/schema\\\/person\\\/3754fee1e558f47b8deb46f53c37423e\"},\"headline\":\"Les social media awards r\u00e9sum\u00e9es pour les absents\",\"datePublished\":\"2012-07-03T03:18:23+00:00\",\"dateModified\":\"2021-03-14T20:34:46+00:00\",\"mainEntityOfPage\":{\"@id\":\"https:\\\/\\\/visionarymarketing.com\\\/fr\\\/2012\\\/07\\\/03\\\/les-social-media-awards-2012-resumees-pour-les-absents\\\/\"},\"wordCount\":315,\"commentCount\":0,\"image\":{\"@id\":\"https:\\\/\\\/visionarymarketing.com\\\/fr\\\/2012\\\/07\\\/03\\\/les-social-media-awards-2012-resumees-pour-les-absents\\\/#primaryimage\"},\"thumbnailUrl\":\"https:\\\/\\\/visionarymarketing.com\\\/wp-content\\\/uploads\\\/2018\\\/07\\\/Social-Media-1-e1600286445343.png\",\"articleSection\":[\"e-business \\\/ e-commerce\",\"m\u00e9dias \\\/ r\u00e9seaux sociaux\"],\"inLanguage\":\"fr-FR\",\"potentialAction\":[{\"@type\":\"CommentAction\",\"name\":\"Comment\",\"target\":[\"https:\\\/\\\/visionarymarketing.com\\\/fr\\\/2012\\\/07\\\/03\\\/les-social-media-awards-2012-resumees-pour-les-absents\\\/#respond\"]}]},{\"@type\":\"WebPage\",\"@id\":\"https:\\\/\\\/visionarymarketing.com\\\/fr\\\/2012\\\/07\\\/03\\\/les-social-media-awards-2012-resumees-pour-les-absents\\\/\",\"url\":\"https:\\\/\\\/visionarymarketing.com\\\/fr\\\/2012\\\/07\\\/03\\\/les-social-media-awards-2012-resumees-pour-les-absents\\\/\",\"name\":\"Les social media awards r\u00e9sum\u00e9es pour les absents\",\"isPartOf\":{\"@id\":\"https:\\\/\\\/visionarymarketing.com\\\/fr\\\/#website\"},\"primaryImageOfPage\":{\"@id\":\"https:\\\/\\\/visionarymarketing.com\\\/fr\\\/2012\\\/07\\\/03\\\/les-social-media-awards-2012-resumees-pour-les-absents\\\/#primaryimage\"},\"image\":{\"@id\":\"https:\\\/\\\/visionarymarketing.com\\\/fr\\\/2012\\\/07\\\/03\\\/les-social-media-awards-2012-resumees-pour-les-absents\\\/#primaryimage\"},\"thumbnailUrl\":\"https:\\\/\\\/visionarymarketing.com\\\/wp-content\\\/uploads\\\/2018\\\/07\\\/Social-Media-1-e1600286445343.png\",\"datePublished\":\"2012-07-03T03:18:23+00:00\",\"dateModified\":\"2021-03-14T20:34:46+00:00\",\"author\":{\"@id\":\"https:\\\/\\\/visionarymarketing.com\\\/fr\\\/#\\\/schema\\\/person\\\/3754fee1e558f47b8deb46f53c37423e\"},\"description\":\"Le 14 juin 2012, \u00e0 la Sorbonne, a eu lieu la premi\u00e8re \u00e9dition des social m\u00e9dia awards organis\u00e9 par l'association m\u00e9dia aces en partenariat avec l'\u00e9cole sup\u00e9rieure de gestion de Paris et l\u2019universit\u00e9 Paris 1 Sorbonne (o\u00f9 se d\u00e9roulait l\u2019\u00e9v\u00e9nement). Je me rends compte 15 jours plus tard, apr\u00e8s avoir caval\u00e9 partout dans l'Europe pour suivre notamment Le Web 2012 Londres et particip\u00e9 \u00e0 diverses conf\u00e9rences au Royaume Uni, que j'ai compl\u00e8tement omis de faire un retour sur cet \u00e9v\u00e9nement exceptionnel. Heureusement, Fr\u00e9d\u00e9ric Canevet \u00e0 palli\u00e9 ce probl\u00e8me en postant sur son blog, conseilsmarketing.fr, un compte rendu tr\u00e8s d\u00e9taill\u00e9 de l'\u00e9v\u00e9nement. Vous y retrouvez \u00e9galement une vid\u00e9o que je reposte ici. Je m'en remets donc \u00e0 Fr\u00e9d\u00e9ric et son sens de la pr\u00e9cision pour d\u00e9tailler les social media awards.\",\"breadcrumb\":{\"@id\":\"https:\\\/\\\/visionarymarketing.com\\\/fr\\\/2012\\\/07\\\/03\\\/les-social-media-awards-2012-resumees-pour-les-absents\\\/#breadcrumb\"},\"inLanguage\":\"fr-FR\",\"potentialAction\":[{\"@type\":\"ReadAction\",\"target\":[\"https:\\\/\\\/visionarymarketing.com\\\/fr\\\/2012\\\/07\\\/03\\\/les-social-media-awards-2012-resumees-pour-les-absents\\\/\"]}]},{\"@type\":\"ImageObject\",\"inLanguage\":\"fr-FR\",\"@id\":\"https:\\\/\\\/visionarymarketing.com\\\/fr\\\/2012\\\/07\\\/03\\\/les-social-media-awards-2012-resumees-pour-les-absents\\\/#primaryimage\",\"url\":\"https:\\\/\\\/visionarymarketing.com\\\/wp-content\\\/uploads\\\/2018\\\/07\\\/Social-Media-1-e1600286445343.png\",\"contentUrl\":\"https:\\\/\\\/visionarymarketing.com\\\/wp-content\\\/uploads\\\/2018\\\/07\\\/Social-Media-1-e1600286445343.png\",\"width\":519,\"height\":340},{\"@type\":\"BreadcrumbList\",\"@id\":\"https:\\\/\\\/visionarymarketing.com\\\/fr\\\/2012\\\/07\\\/03\\\/les-social-media-awards-2012-resumees-pour-les-absents\\\/#breadcrumb\",\"itemListElement\":[{\"@type\":\"ListItem\",\"position\":1,\"name\":\"Home\",\"item\":\"https:\\\/\\\/visionarymarketing.com\\\/fr\\\/\"},{\"@type\":\"ListItem\",\"position\":2,\"name\":\"Les social media awards r\u00e9sum\u00e9es pour les absents\"}]},{\"@type\":\"WebSite\",\"@id\":\"https:\\\/\\\/visionarymarketing.com\\\/fr\\\/#website\",\"url\":\"https:\\\/\\\/visionarymarketing.com\\\/fr\\\/\",\"name\":\"Marketing and Innovation\",\"description\":\"Site d&#039;infos ind\u00e9pendant, depuis 1996\",\"potentialAction\":[{\"@type\":\"SearchAction\",\"target\":{\"@type\":\"EntryPoint\",\"urlTemplate\":\"https:\\\/\\\/visionarymarketing.com\\\/fr\\\/?s={search_term_string}\"},\"query-input\":{\"@type\":\"PropertyValueSpecification\",\"valueRequired\":true,\"valueName\":\"search_term_string\"}}],\"inLanguage\":\"fr-FR\"},{\"@type\":\"Person\",\"@id\":\"https:\\\/\\\/visionarymarketing.com\\\/fr\\\/#\\\/schema\\\/person\\\/3754fee1e558f47b8deb46f53c37423e\",\"name\":\"Yann Gourvennec\",\"image\":{\"@type\":\"ImageObject\",\"inLanguage\":\"fr-FR\",\"@id\":\"https:\\\/\\\/secure.gravatar.com\\\/avatar\\\/5972001801e8de5692a3e31224e85769f50a55fb8b679749f9c8d1868cceff14?s=96&d=initials&r=g&initials=yg\",\"url\":\"https:\\\/\\\/secure.gravatar.com\\\/avatar\\\/5972001801e8de5692a3e31224e85769f50a55fb8b679749f9c8d1868cceff14?s=96&d=initials&r=g&initials=yg\",\"contentUrl\":\"https:\\\/\\\/secure.gravatar.com\\\/avatar\\\/5972001801e8de5692a3e31224e85769f50a55fb8b679749f9c8d1868cceff14?s=96&d=initials&r=g&initials=yg\",\"caption\":\"Yann Gourvennec\"},\"description\":\"Yann Gourvennec created visionarymarketing.com in 1996. He is a speaker and author of many books. In 2014 he went from intrapreneur to entrepreneur, when he created his digital marketing agency. Yann Gourvennec a cr\u00e9\u00e9 visionarymarketing.com en 1996. Il est conf\u00e9rencier et auteur de plusieurs livres. En 2014, il est pass\u00e9 d'intrapreneur \u00e0 entrepreneur en cr\u00e9ant son agence de marketing num\u00e9rique.\",\"sameAs\":[\"https:\\\/\\\/visionarymarketing.com\",\"http:\\\/\\\/facebook.com\\\/ygourven\",\"http:\\\/\\\/linkedin.com\\\/in\\\/ygourven\",\"https:\\\/\\\/x.com\\\/ygourven\",\"https:\\\/\\\/www.youtube.com\\\/c\\\/visionarymarketingagency\"],\"url\":\"https:\\\/\\\/visionarymarketing.com\\\/fr\\\/author\\\/yann-gourvennec\\\/\"}]}<\/script>\n<!-- \/ Yoast SEO plugin. -->","yoast_head_json":{"title":"Les social media awards r\u00e9sum\u00e9es pour les absents","description":"Le 14 juin 2012, \u00e0 la Sorbonne, a eu lieu la premi\u00e8re \u00e9dition des social m\u00e9dia awards organis\u00e9 par l'association m\u00e9dia aces en partenariat avec l'\u00e9cole sup\u00e9rieure de gestion de Paris et l\u2019universit\u00e9 Paris 1 Sorbonne (o\u00f9 se d\u00e9roulait l\u2019\u00e9v\u00e9nement). Je me rends compte 15 jours plus tard, apr\u00e8s avoir caval\u00e9 partout dans l'Europe pour suivre notamment Le Web 2012 Londres et particip\u00e9 \u00e0 diverses conf\u00e9rences au Royaume Uni, que j'ai compl\u00e8tement omis de faire un retour sur cet \u00e9v\u00e9nement exceptionnel. Heureusement, Fr\u00e9d\u00e9ric Canevet \u00e0 palli\u00e9 ce probl\u00e8me en postant sur son blog, conseilsmarketing.fr, un compte rendu tr\u00e8s d\u00e9taill\u00e9 de l'\u00e9v\u00e9nement. Vous y retrouvez \u00e9galement une vid\u00e9o que je reposte ici. Je m'en remets donc \u00e0 Fr\u00e9d\u00e9ric et son sens de la pr\u00e9cision pour d\u00e9tailler les social media awards.","robots":{"index":"index","follow":"follow","max-snippet":"max-snippet:-1","max-image-preview":"max-image-preview:large","max-video-preview":"max-video-preview:-1"},"canonical":"https:\/\/visionarymarketing.com\/fr\/2012\/07\/03\/les-social-media-awards-2012-resumees-pour-les-absents\/","og_locale":"fr_FR","og_type":"article","og_title":"Les social media awards r\u00e9sum\u00e9es pour les absents","og_description":"Le 14 juin 2012, \u00e0 la Sorbonne, a eu lieu la premi\u00e8re \u00e9dition des social m\u00e9dia awards organis\u00e9 par l'association m\u00e9dia aces en partenariat avec l'\u00e9cole sup\u00e9rieure de gestion de Paris et l\u2019universit\u00e9 Paris 1 Sorbonne (o\u00f9 se d\u00e9roulait l\u2019\u00e9v\u00e9nement). Je me rends compte 15 jours plus tard, apr\u00e8s avoir caval\u00e9 partout dans l'Europe pour suivre notamment Le Web 2012 Londres et particip\u00e9 \u00e0 diverses conf\u00e9rences au Royaume Uni, que j'ai compl\u00e8tement omis de faire un retour sur cet \u00e9v\u00e9nement exceptionnel. Heureusement, Fr\u00e9d\u00e9ric Canevet \u00e0 palli\u00e9 ce probl\u00e8me en postant sur son blog, conseilsmarketing.fr, un compte rendu tr\u00e8s d\u00e9taill\u00e9 de l'\u00e9v\u00e9nement. Vous y retrouvez \u00e9galement une vid\u00e9o que je reposte ici. Je m'en remets donc \u00e0 Fr\u00e9d\u00e9ric et son sens de la pr\u00e9cision pour d\u00e9tailler les social media awards.","og_url":"https:\/\/visionarymarketing.com\/fr\/2012\/07\/03\/les-social-media-awards-2012-resumees-pour-les-absents\/","og_site_name":"Marketing and Innovation","article_publisher":"https:\/\/www.facebook.com\/vismktg","article_author":"http:\/\/facebook.com\/ygourven","article_published_time":"2012-07-03T03:18:23+00:00","article_modified_time":"2021-03-14T20:34:46+00:00","og_image":[{"width":519,"height":340,"url":"https:\/\/visionarymarketing.com\/wp-content\/uploads\/2018\/07\/Social-Media-1-e1600286445343.png","type":"image\/png"}],"author":"Yann Gourvennec","twitter_card":"summary_large_image","twitter_creator":"@ygourven","twitter_site":"@ygourven","twitter_misc":{"\u00c9crit par":"Yann Gourvennec","Dur\u00e9e de lecture estim\u00e9e":"2 minutes"},"schema":{"@context":"https:\/\/schema.org","@graph":[{"@type":"NewsArticle","@id":"https:\/\/visionarymarketing.com\/fr\/2012\/07\/03\/les-social-media-awards-2012-resumees-pour-les-absents\/#article","isPartOf":{"@id":"https:\/\/visionarymarketing.com\/fr\/2012\/07\/03\/les-social-media-awards-2012-resumees-pour-les-absents\/"},"author":{"name":"Yann Gourvennec","@id":"https:\/\/visionarymarketing.com\/fr\/#\/schema\/person\/3754fee1e558f47b8deb46f53c37423e"},"headline":"Les social media awards r\u00e9sum\u00e9es pour les absents","datePublished":"2012-07-03T03:18:23+00:00","dateModified":"2021-03-14T20:34:46+00:00","mainEntityOfPage":{"@id":"https:\/\/visionarymarketing.com\/fr\/2012\/07\/03\/les-social-media-awards-2012-resumees-pour-les-absents\/"},"wordCount":315,"commentCount":0,"image":{"@id":"https:\/\/visionarymarketing.com\/fr\/2012\/07\/03\/les-social-media-awards-2012-resumees-pour-les-absents\/#primaryimage"},"thumbnailUrl":"https:\/\/visionarymarketing.com\/wp-content\/uploads\/2018\/07\/Social-Media-1-e1600286445343.png","articleSection":["e-business \/ e-commerce","m\u00e9dias \/ r\u00e9seaux sociaux"],"inLanguage":"fr-FR","potentialAction":[{"@type":"CommentAction","name":"Comment","target":["https:\/\/visionarymarketing.com\/fr\/2012\/07\/03\/les-social-media-awards-2012-resumees-pour-les-absents\/#respond"]}]},{"@type":"WebPage","@id":"https:\/\/visionarymarketing.com\/fr\/2012\/07\/03\/les-social-media-awards-2012-resumees-pour-les-absents\/","url":"https:\/\/visionarymarketing.com\/fr\/2012\/07\/03\/les-social-media-awards-2012-resumees-pour-les-absents\/","name":"Les social media awards r\u00e9sum\u00e9es pour les absents","isPartOf":{"@id":"https:\/\/visionarymarketing.com\/fr\/#website"},"primaryImageOfPage":{"@id":"https:\/\/visionarymarketing.com\/fr\/2012\/07\/03\/les-social-media-awards-2012-resumees-pour-les-absents\/#primaryimage"},"image":{"@id":"https:\/\/visionarymarketing.com\/fr\/2012\/07\/03\/les-social-media-awards-2012-resumees-pour-les-absents\/#primaryimage"},"thumbnailUrl":"https:\/\/visionarymarketing.com\/wp-content\/uploads\/2018\/07\/Social-Media-1-e1600286445343.png","datePublished":"2012-07-03T03:18:23+00:00","dateModified":"2021-03-14T20:34:46+00:00","author":{"@id":"https:\/\/visionarymarketing.com\/fr\/#\/schema\/person\/3754fee1e558f47b8deb46f53c37423e"},"description":"Le 14 juin 2012, \u00e0 la Sorbonne, a eu lieu la premi\u00e8re \u00e9dition des social m\u00e9dia awards organis\u00e9 par l'association m\u00e9dia aces en partenariat avec l'\u00e9cole sup\u00e9rieure de gestion de Paris et l\u2019universit\u00e9 Paris 1 Sorbonne (o\u00f9 se d\u00e9roulait l\u2019\u00e9v\u00e9nement). Je me rends compte 15 jours plus tard, apr\u00e8s avoir caval\u00e9 partout dans l'Europe pour suivre notamment Le Web 2012 Londres et particip\u00e9 \u00e0 diverses conf\u00e9rences au Royaume Uni, que j'ai compl\u00e8tement omis de faire un retour sur cet \u00e9v\u00e9nement exceptionnel. Heureusement, Fr\u00e9d\u00e9ric Canevet \u00e0 palli\u00e9 ce probl\u00e8me en postant sur son blog, conseilsmarketing.fr, un compte rendu tr\u00e8s d\u00e9taill\u00e9 de l'\u00e9v\u00e9nement. Vous y retrouvez \u00e9galement une vid\u00e9o que je reposte ici. Je m'en remets donc \u00e0 Fr\u00e9d\u00e9ric et son sens de la pr\u00e9cision pour d\u00e9tailler les social media awards.","breadcrumb":{"@id":"https:\/\/visionarymarketing.com\/fr\/2012\/07\/03\/les-social-media-awards-2012-resumees-pour-les-absents\/#breadcrumb"},"inLanguage":"fr-FR","potentialAction":[{"@type":"ReadAction","target":["https:\/\/visionarymarketing.com\/fr\/2012\/07\/03\/les-social-media-awards-2012-resumees-pour-les-absents\/"]}]},{"@type":"ImageObject","inLanguage":"fr-FR","@id":"https:\/\/visionarymarketing.com\/fr\/2012\/07\/03\/les-social-media-awards-2012-resumees-pour-les-absents\/#primaryimage","url":"https:\/\/visionarymarketing.com\/wp-content\/uploads\/2018\/07\/Social-Media-1-e1600286445343.png","contentUrl":"https:\/\/visionarymarketing.com\/wp-content\/uploads\/2018\/07\/Social-Media-1-e1600286445343.png","width":519,"height":340},{"@type":"BreadcrumbList","@id":"https:\/\/visionarymarketing.com\/fr\/2012\/07\/03\/les-social-media-awards-2012-resumees-pour-les-absents\/#breadcrumb","itemListElement":[{"@type":"ListItem","position":1,"name":"Home","item":"https:\/\/visionarymarketing.com\/fr\/"},{"@type":"ListItem","position":2,"name":"Les social media awards r\u00e9sum\u00e9es pour les absents"}]},{"@type":"WebSite","@id":"https:\/\/visionarymarketing.com\/fr\/#website","url":"https:\/\/visionarymarketing.com\/fr\/","name":"Marketing and Innovation","description":"Site d&#039;infos ind\u00e9pendant, depuis 1996","potentialAction":[{"@type":"SearchAction","target":{"@type":"EntryPoint","urlTemplate":"https:\/\/visionarymarketing.com\/fr\/?s={search_term_string}"},"query-input":{"@type":"PropertyValueSpecification","valueRequired":true,"valueName":"search_term_string"}}],"inLanguage":"fr-FR"},{"@type":"Person","@id":"https:\/\/visionarymarketing.com\/fr\/#\/schema\/person\/3754fee1e558f47b8deb46f53c37423e","name":"Yann Gourvennec","image":{"@type":"ImageObject","inLanguage":"fr-FR","@id":"https:\/\/secure.gravatar.com\/avatar\/5972001801e8de5692a3e31224e85769f50a55fb8b679749f9c8d1868cceff14?s=96&d=initials&r=g&initials=yg","url":"https:\/\/secure.gravatar.com\/avatar\/5972001801e8de5692a3e31224e85769f50a55fb8b679749f9c8d1868cceff14?s=96&d=initials&r=g&initials=yg","contentUrl":"https:\/\/secure.gravatar.com\/avatar\/5972001801e8de5692a3e31224e85769f50a55fb8b679749f9c8d1868cceff14?s=96&d=initials&r=g&initials=yg","caption":"Yann Gourvennec"},"description":"Yann Gourvennec created visionarymarketing.com in 1996. He is a speaker and author of many books. In 2014 he went from intrapreneur to entrepreneur, when he created his digital marketing agency. Yann Gourvennec a cr\u00e9\u00e9 visionarymarketing.com en 1996. Il est conf\u00e9rencier et auteur de plusieurs livres. En 2014, il est pass\u00e9 d'intrapreneur \u00e0 entrepreneur en cr\u00e9ant son agence de marketing num\u00e9rique.","sameAs":["https:\/\/visionarymarketing.com","http:\/\/facebook.com\/ygourven","http:\/\/linkedin.com\/in\/ygourven","https:\/\/x.com\/ygourven","https:\/\/www.youtube.com\/c\/visionarymarketingagency"],"url":"https:\/\/visionarymarketing.com\/fr\/author\/yann-gourvennec\/"}]}},"_links":{"self":[{"href":"https:\/\/visionarymarketing.com\/fr\/wp-json\/wp\/v2\/posts\/6596","targetHints":{"allow":["GET"]}}],"collection":[{"href":"https:\/\/visionarymarketing.com\/fr\/wp-json\/wp\/v2\/posts"}],"about":[{"href":"https:\/\/visionarymarketing.com\/fr\/wp-json\/wp\/v2\/types\/post"}],"author":[{"embeddable":true,"href":"https:\/\/visionarymarketing.com\/fr\/wp-json\/wp\/v2\/users\/2"}],"replies":[{"embeddable":true,"href":"https:\/\/visionarymarketing.com\/fr\/wp-json\/wp\/v2\/comments?post=6596"}],"version-history":[{"count":0,"href":"https:\/\/visionarymarketing.com\/fr\/wp-json\/wp\/v2\/posts\/6596\/revisions"}],"wp:featuredmedia":[{"embeddable":true,"href":"https:\/\/visionarymarketing.com\/fr\/wp-json\/wp\/v2\/media\/8955"}],"wp:attachment":[{"href":"https:\/\/visionarymarketing.com\/fr\/wp-json\/wp\/v2\/media?parent=6596"}],"wp:term":[{"taxonomy":"category","embeddable":true,"href":"https:\/\/visionarymarketing.com\/fr\/wp-json\/wp\/v2\/categories?post=6596"},{"taxonomy":"post_tag","embeddable":true,"href":"https:\/\/visionarymarketing.com\/fr\/wp-json\/wp\/v2\/tags?post=6596"}],"curies":[{"name":"wp","href":"https:\/\/api.w.org\/{rel}","templated":true}]}}