{"id":65810,"date":"2021-11-26T08:32:06","date_gmt":"2021-11-26T07:32:06","guid":{"rendered":"https:\/\/visionarymarketing.com\/?p=65810"},"modified":"2025-05-08T17:18:08","modified_gmt":"2025-05-08T15:18:08","slug":"ethique-et-performance","status":"publish","type":"post","link":"https:\/\/visionarymarketing.com\/fr\/2021\/11\/26\/ethique-et-performance\/","title":{"rendered":"Ethique et performance : entre responsabilit\u00e9 soci\u00e9tale et logique \u00e9conomique"},"content":{"rendered":"<p style=\"padding-left: 40px;\"><em>Ethique et performance sont-ils compatibles ? <\/em><em>A l&rsquo;heure o\u00f9 le permafrost fond \u00e0 la vitesse V, o\u00f9 les zoonoses se multiplient et le Covid reprend h\u00e9las du poil de la b\u00eate \u00e0 picots, les appels \u00e0 la raison autour de marketing et \u00e9thique se font de plus en plus pressants. Ceux-ci prennent un grand nombre de formes, souvent couvertes dans nos colonnes : <a href=\"https:\/\/visionarymarketing.com\/fr\/2021\/10\/marketing-zero-zero-marketing\/\">marketing z\u00e9ro<\/a>, <a href=\"https:\/\/visionarymarketing.com\/fr\/glossaire\/marketing-ethique\/\">marketing \u00e9thique<\/a>\u00a0ou\u00a0<a href=\"https:\/\/visionarymarketing.com\/fr\/2021\/07\/marketing-responsable\/\">marketing responsable<\/a>. Autre avatar, et non des moindres, Philip Kotler, le Pape du marketing <a href=\"https:\/\/www.linkedin.com\/posts\/naviradjou_marketing-sustainability-climatechange-activity-6866671092019412992-e_f0\" target=\"_blank\" rel=\"noopener\">qui appelle au &#8230; DE-marketing<\/a>. Autant de <a href=\"https:\/\/visionarymarketing.com\/fr\/2006\/07\/bernard-cova-societing\/\">panac\u00e9es marketing<\/a> pour reprendre la terminologie de Bernard Cova, qui posent des questions l\u00e9gitimes. <a href=\"https:\/\/www.linkedin.com\/in\/vfournout\" target=\"_blank\" rel=\"noopener\">Vincent Fournout<\/a> et <a href=\"https:\/\/www.linkedin.com\/in\/guillaumelefriant\/\" target=\"_blank\" rel=\"noopener\">Guillaume Le Friant<\/a> de <a href=\"https:\/\/www.sendethic.com\" target=\"_blank\" rel=\"noopener\">Sendethic<\/a> ont anim\u00e9 le 24 novembre 2021 un panel de discussion sur Internet auquel Visionary Marketing \u00e9tait associ\u00e9e en tant que partenaire m\u00e9dia. Voici donc mon compte-rendu et mes remarques et interrogations \u00e0 l&rsquo;issue de cette conf\u00e9rence qui nous a gratifi\u00e9s d&rsquo;une grande vari\u00e9t\u00e9 de points de vue sur l\u2019\u00e9thique et la performance et a fini en point d&rsquo;orgue sur une question lanc\u00e9e par Fr\u00e9d\u00e9ric Cavazza : le marketing \u00e9thique r\u00e9sistera-t-il, malgr\u00e9 ses bonnes intentions, \u00e0 la logique \u00e9conomique ?\u00a0<\/em><\/p>\n<h2>Ethique et performance : entre responsabilit\u00e9 et logique \u00e9conomique<\/h2>\n<figure id=\"attachment_65812\" aria-describedby=\"caption-attachment-65812\" style=\"width: 520px\" class=\"wp-caption aligncenter\"><img decoding=\"async\" class=\"wp-image-65812 size-full\" src=\"https:\/\/visionarymarketing.com\/wp-content\/uploads\/2021\/11\/ethique-et-performance-intervenants.jpg\" alt=\"\u00e9thique et performance \" width=\"520\" height=\"340\" srcset=\"https:\/\/visionarymarketing.com\/wp-content\/uploads\/2021\/11\/ethique-et-performance-intervenants.jpg 520w, https:\/\/visionarymarketing.com\/wp-content\/uploads\/2021\/11\/ethique-et-performance-intervenants-459x300.jpg 459w\" sizes=\"(max-width: 520px) 100vw, 520px\" \/><figcaption id=\"caption-attachment-65812\" class=\"wp-caption-text\">Conf\u00e9rence en ligne \u00e9thique et performance : avec de haut en bas et de gauche \u00e0 droite : Isabelle Masholla, Florian Forestier, Lionel Curt, Guillaume Le Friant, Christophe Cousin, Liliane de Carvalho, Vincent Fournout, Fr\u00e9d\u00e9ric Cavazza et Benoit Dubos<\/figcaption><\/figure>\n<p><!--more--><\/p>\n<h3>Entre \u00e9thique et performance &#8230;<\/h3>\n<p>Entre \u00e9thique et performance le c\u0153ur des entreprises balance. Les publicit\u00e9s sont pleines de bonnes intentions, le green-washing bat son plein, les fausses solutions \u00e9cologiques \u2014 pourtant d\u00e9cri\u00e9es d\u00e8s les ann\u00e9es 70 par <a href=\"https:\/\/visionarymarketing.com\/fr\/2021\/07\/marketing-responsable\/\">Jo\u00ebl de Rosnay<\/a> \u2014 sont l\u00e9gion, et pourtant <a href=\"https:\/\/www.youtube.com\/watch?v=LCZQZMpfAWE&amp;t=161s\" target=\"_blank\" rel=\"noopener\">le monde n&rsquo;a jamais br\u00fbl\u00e9 autant de charbon<\/a>. Par charit\u00e9, nous jetterons un voile pudique sur les \u00ab\u00a0<a href=\"https:\/\/visionarymarketing.com\/fr\/2020\/01\/vendeurs-bourrins\/\">bourrins<\/a>\u00a0\u00bb du marketing et de la vente.<\/p>\n<p>Le marketing et au-del\u00e0 le management et m\u00eame la soci\u00e9t\u00e9 dans son ensemble se doivent de revoir leurs pratiques. Il semble y avoir consensus l\u00e0 dessus.<\/p>\n<p>Nous consommons trop, \u00e9mettons trop de CO2, g\u00e9n\u00e9rons trop de d\u00e9chets, d\u00e9truisons notre environnement (celui l\u00e0 m\u00eame qui nous permet de respirer) et les marketeurs c&rsquo;est \u00e0 dire nous, les professionnels de la vente et de la promotion, ajoutent sans cesse de l&rsquo;huile sur le feu en demandant de consommer plus. Il faut donc changer de paradigme, pour reprendre un vocable d\u00e9sormais \u00e9cul\u00e9.<\/p>\n<h3>Ethique, performance et logique \u00e9conomique<\/h3>\n<p>En m\u00eame temps cependant, il y a la logique \u00e9conomique et au-del\u00e0, sociale.<\/p>\n<p>Cette contradiction, je l&rsquo;ai bien entendu ressentie encore hier, au fil des pr\u00e9sentations du \u00a0webinaire organis\u00e9 par Sendethic. La diversit\u00e9 des intervenants, allant du publicitaire au philosophe en passant par un improbable Growth Hacker \u00e9thique (reconnaissable \u00e0 sa casquette comme cela est indiqu\u00e9 sur son profil LinkedIn) a garanti la richesse et la vari\u00e9t\u00e9 des points de vue.<\/p>\n<p>Mais revenons au sujet, changer de mod\u00e8le demande d&rsquo;abandonner l&rsquo;ancien. Et on peut se poser une question fondamentale :<\/p>\n<blockquote class=\"quote-light\"><p>Ceux qui vivent d&rsquo;un mod\u00e8le sont-ils les mieux plac\u00e9s pour le faire \u00e9voluer ?<\/p><\/blockquote>\n<p>Florian Forestier, philosophe et auteur, semble r\u00e9pondre clairement \u00e0 cette question par la n\u00e9gative. Je comprends cette position, mais le r\u00e9sultat offert par la d\u00e9marche politique ne semble pas tr\u00e8s \u00e9vident. Alors, finalement, l&rsquo;\u00e9thique efficace de quelques uns ne vaut-elle pas mieux que les r\u00e8glements pour tous quand ils sont sans effet ?<\/p>\n<p>Il existe des exemples o\u00f9 l&rsquo;\u00e9thique montre son efficacit\u00e9, m\u00eame si c&rsquo;est \u00e0 petite \u00e9chelle. Nous en avons eu quelques t\u00e9moignages lors de ce webinaire que vous pourrez r\u00e9\u00e9couter \u00e0 loisir dans ce post. \u00c0 commencer par\u00a0Sendethic eux-m\u00eames, les organisateurs de l&rsquo;\u00e9v\u00e9nement, qui ont montr\u00e9 la voie : ils ont en effet d\u00e9cid\u00e9 de faire pivoter leur plateforme d&#8217;emailing Message Business pour l&rsquo;orienter enti\u00e8rement vers l&#8217;emailing \u00e9thique (d\u2019o\u00f9 le changement de nom, sauf sur le profil de Guillaume).<\/p>\n<h3>Ethique et performance : les gestes isol\u00e9s sont ils suffisants ?<\/h3>\n<p>Des gestes isol\u00e9s sont donc possibles, c&rsquo;est m\u00eame un truisme.<\/p>\n<p>Mais la vraie question est de savoir si ces petits gestes sont suffisants ou s&rsquo;il faudra un jour en venir \u00e0 des solutions plus radicales, promues par, excusez du peu, le Pape du marketing lui-m\u00eame, Philip Kotler, auteur d&rsquo;un concept qui semble d\u00e9tricoter tous ses travaux ant\u00e9rieurs. Peut-\u00eatre s&rsquo;est-il converti au marketing des Amish, pour reprendre une expression d\u00e9sormais c\u00e9l\u00e8bre ? Extrait choisi :<\/p>\n<h4>Le DE-marketing selon Philip Kotler<\/h4>\n<p>[traduction d&rsquo;un billet de 2017 dans le Marketing Journal intitul\u00e9 \u00ab\u00a0<a href=\"https:\/\/www.marketingjournal.org\/welcome-to-the-age-of-demarketing-an-excerpt-from-philip-kotlers-autobiography-philip-kotler\/\" target=\"_blank\" rel=\"noopener\">bienvenue dans l&rsquo;\u00e8re du d\u00e9-marketing<\/a>\u00ab\u00a0]<\/p>\n<p><figure id=\"attachment_65842\" aria-describedby=\"caption-attachment-65842\" style=\"width: 620px\" class=\"wp-caption aligncenter\"><img decoding=\"async\" class=\"wp-image-65842 size-full\" src=\"https:\/\/visionarymarketing.com\/wp-content\/uploads\/2021\/11\/ethique-performance-marketing-kotler-e1637910313521.jpg\" alt=\"Ethique et performance\" width=\"620\" height=\"457\" \/><figcaption id=\"caption-attachment-65842\" class=\"wp-caption-text\">Il est bon ce Philip Kotler, d&rsquo;abord \u00ab\u00a0p\u00e8re du marketing\u00a0\u00bb puis du d\u00e9-marketing. C&rsquo;est comme \u00e0 la bourse, on peut faire de l&rsquo;argent \u00e0 l&rsquo;achat ou \u00e0 la revente. [Source Glogster \u2014 plus disponible]<\/figcaption><\/figure>\u00ab\u00a0Les entreprises doivent int\u00e9grer la notion de d\u00e9-marketing dans leur strat\u00e9gie de gestion de la demande.\u00a0 Le d\u00e9-marketing est une autre fa\u00e7on de nommer la r\u00e9duction de la demande. Quatre situations appellent \u00e0 une r\u00e9duction de la demande.<\/p>\n<ol>\n<li><strong>G\u00e9rer la p\u00e9nurie existante<\/strong>. Le Moyen-Orient manque d&rsquo;eau et doit la rationner pour le b\u00e9n\u00e9fice des diff\u00e9rents utilisateurs de la r\u00e9gion. Les fr\u00e9quentes coupures d&rsquo;\u00e9lectricit\u00e9 dans divers pays n\u00e9cessitent des campagnes visant \u00e0 d\u00e9courager la consommation inutile ou le gaspillage d&rsquo;\u00e9nergie.<\/li>\n<li><strong>\u00c9viter les p\u00e9nuries potentielles<\/strong>. La surp\u00eache doit \u00eatre limit\u00e9e afin de maintenir l&rsquo;approvisionnement en poissons. La coupe du bois doit \u00eatre suivie d&rsquo;une replantation active.<\/li>\n<li><strong>R\u00e9duire au minimum les dommages caus\u00e9s aux personnes<\/strong>. Des efforts sont n\u00e9cessaires pour r\u00e9duire le tabagisme et la consommation de drogues dures, ainsi que la consommation d&rsquo;aliments trop riches en sucre, en sel et en graisse.<\/li>\n<li><strong>R\u00e9duire au minimum les dommages caus\u00e9s \u00e0 la nature ou aux ressources uniques<\/strong>. D\u00e9courager la surpopulation au parc national de Yellowstone ou dans d&rsquo;autres zones touristiques sur fr\u00e9quent\u00e9es.\u00a0\u00bb<\/li>\n<\/ol>\n<p>Au-del\u00e0 des exemples parfois anecdotiques, les bisons de Yellowstone me pardonneront j&rsquo;en suis s\u00fbr, on peut partir du principe que si c&rsquo;est lui qui le dit, cela doit \u00eatre vrai : il faut donc r\u00e9duire la voilure, ce qui est un peu plus radical que ce que proposent nos amis du <a href=\"https:\/\/visionarymarketing.com\/fr\/2021\/10\/marketing-zero-zero-marketing\/\">Marketing Zero<\/a>, puisque l\u00e0 on est carr\u00e9ment dans le \u00ab\u00a0moins que zero\u00a0\u00bb marketing, l&rsquo;\u00e9pouvantail \u00e0 moineau du Medef : la d\u00e9croissance.<\/p>\n<p>Au del\u00e0 de ce d\u00e9bat, comme Voltaire, nous pouvons cultiver notre jardin et nous contenter de quelques gestes. Apr\u00e8s tout, changer le monde n&rsquo;est pas forc\u00e9ment \u00e0 notre port\u00e9e. Alors contentons-nous de regarder ces pionniers qui montrent la voie.<\/p>\n<p>Voici mon compte rendu de ce webinaire, avec mes commentaires. Vous pourrez aussi revoir cette table ronde qui est <a href=\"https:\/\/vimeo.com\/649519826\" target=\"_blank\" rel=\"noopener\">disponible en diff\u00e9r\u00e9 sur Vimeo<\/a>.<\/p>\n<p><iframe title=\"Table ronde Ethique et Performance Num\u00e9rique\" src=\"https:\/\/player.vimeo.com\/video\/649519826?dnt=1&amp;app_id=122963\" width=\"500\" height=\"281\" frameborder=\"0\" allow=\"autoplay; fullscreen; picture-in-picture; clipboard-write; encrypted-media\"><\/iframe><\/p>\n<p>Voyons donc ces 9 t\u00e9moignages en commen\u00e7ant par Isahit et <a href=\"https:\/\/www.linkedin.com\/in\/pignonmashola\/\" target=\"_blank\" rel=\"noopener\">Isabelle Masholla<\/a>.<\/p>\n<h3>Isahit vs Amazon Turk<\/h3>\n<p>\u00ab\u00a0Le digital peut ausi servir \u00e0 l&rsquo;inclusion sociale\u00a0\u00bb a expliqu\u00e9 Isabelle, fondatrice d&rsquo;<a href=\"https:\/\/www.isahit.com\" target=\"_blank\" rel=\"noopener\">Isahit<\/a>. La plateforme sp\u00e9cialis\u00e9e en <a href=\"https:\/\/visionarymarketing.com\/fr\/2019\/05\/deep-learning\/\">labellisation de donn\u00e9es<\/a> pour machine learning est une des nombreuses soci\u00e9t\u00e9s sur ce cr\u00e9neau, mais son approche est tr\u00e8s diff\u00e9rente. Son implication aupr\u00e8s de sa communaut\u00e9 promet\u00a0entraide et formation et surtout, des salaires raisonnables (jusque 5 fois le SMIC local selon la pr\u00e9sentatrice).<\/p>\n<p>Isabelle Mashola a positionn\u00e9 sa plateforme en opposition \u00e0 AMT (Amazon TURK) <a href=\"https:\/\/www.theguardian.com\/technology\/2014\/dec\/03\/amazon-mechanical-turk-workers-protest-jeff-bezos\" target=\"_blank\" rel=\"noopener\">une plateforme d\u00e9cri\u00e9e depuis longtemps pour ses pratiques<\/a>.<\/p>\n<p>Isahit regroupe 1200 jeunes femmes sur 4 continents et dans 38 pays, des femmes, notamment en Afrique, qui ne peuvent se d\u00e9placer et veulent pourtant travailler quand elles le souhaitent. Isahit les aide \u00e9galement dans leurs projets professionnels.<\/p>\n<blockquote class=\"quote-light\"><p>Ce qui a \u00e9t\u00e9 d\u00e9montr\u00e9, c&rsquo;est que quand on soutient des personnes d\u00e9favoris\u00e9es qui au d\u00e9part ne sont pas connect\u00e9es au monde du travail, on am\u00e9liore leur fid\u00e9lit\u00e9 de mani\u00e8re impressionnante<\/p><\/blockquote>\n<p>Cela s&rsquo;explique car elles se sentent bien dans cette communaut\u00e9, dans ce travail et qu&rsquo;elles voient cela comme une v\u00e9ritable chance d&rsquo;avenir pour elles.<\/p>\n<figure id=\"attachment_65814\" aria-describedby=\"caption-attachment-65814\" style=\"width: 850px\" class=\"wp-caption aligncenter\"><img decoding=\"async\" class=\"wp-image-65814 size-full\" src=\"https:\/\/visionarymarketing.com\/wp-content\/uploads\/2021\/11\/c5018b68-e467-455a-afa8-c7b91423c1de-1-102-o-e1637824476314.jpeg\" alt=\"\" width=\"850\" height=\"608\" \/><figcaption id=\"caption-attachment-65814\" class=\"wp-caption-text\">Isahit fait dans l&rsquo;\u00e9tiquetage pour le Machine learning mais le pratique de mani\u00e8re \u00e9thique et responsable.<\/figcaption><\/figure>\n<p>Dans le match d&rsquo;atteinte de la performance, Isabelle marque un point : Ethique 1, \u00a0Exploitation 0. Et on remarquera qu&rsquo;elle est suivie par de nombreuses grandes marques. C&rsquo;est encourageant.<\/p>\n<h3>Florian Forestier : une m\u00e9fiance par rapport \u00e0 l&rsquo;\u00e9thique<\/h3>\n<p>Poursuivons notre tour de table ronde, avec <a href=\"https:\/\/www.babelio.com\/auteur\/Florian-Forestier\/504049\" target=\"_blank\" rel=\"noopener\">Florian Forestier<\/a>, philosophe et auteur de romans.<\/p>\n<figure id=\"attachment_65846\" aria-describedby=\"caption-attachment-65846\" style=\"width: 153px\" class=\"wp-caption alignright\"><img decoding=\"async\" class=\"wp-image-65846\" src=\"https:\/\/visionarymarketing.com\/wp-content\/uploads\/2021\/11\/basculer-205x300.jpg\" alt=\"\u00e9thique et performance\" width=\"153\" height=\"224\" srcset=\"https:\/\/visionarymarketing.com\/wp-content\/uploads\/2021\/11\/basculer-205x300.jpg 205w, https:\/\/visionarymarketing.com\/wp-content\/uploads\/2021\/11\/basculer.jpg 353w\" sizes=\"(max-width: 153px) 100vw, 153px\" \/><figcaption id=\"caption-attachment-65846\" class=\"wp-caption-text\">Allons nous basculer du c\u00f4t\u00e9 obscur de l&rsquo;\u00e9thique \u00a0? &#8211; <a href=\"https:\/\/www.kobo.com\/us\/en\/ebook\/basculer\" target=\"_blank\" rel=\"noopener\">acheter le livre<\/a><\/figcaption><\/figure>\n<p>Le philosophe aborde le sujet franchement en exprimant sa \u00ab\u00a0petite m\u00e9fiance quand on aborde les choses simplement en termes d&rsquo;\u00e9thique\u00a0\u00bb. A cela, il pr\u00e9f\u00e8re \u00ab\u00a0qu&rsquo;on prenne d&#8217;embl\u00e9e, par rapport \u00e0 la technologie, la dimension politique dans le sens o\u00f9 il ne s&rsquo;agit pas seulement de faire de la r\u00e9gulation a posteriori, mais de prendre une d\u00e9cision collective par rapport \u00e0 ce qu&rsquo;on veut faire\u00a0\u00bb.<\/p>\n<p>En r\u00e9sum\u00e9, il ne faut pas laisser se d\u00e9velopper anarchiquement la technologie, comme cela s&rsquo;est h\u00e9las fait depuis la r\u00e9volution industrielle, mais imposer un cadre et laisser la technologie se d\u00e9velopper dans ce cadre. Sauf que la question est : est-ce efficace ?<\/p>\n<p>Ind\u00e9niablement, on sera d&rsquo;accord avec Florian quand il nous explique queles plateformes, <a href=\"https:\/\/visionarymarketing.com\/fr\/2016\/05\/uberisation-economie\/\">celles qui font d\u00e9bat<\/a>, ont \u00ab\u00a0tendance \u00e0 tirer les prix vers le bas et \u00e0 maintenir la pression sur leurs membres\u00a0\u00bb.<\/p>\n<p>C&rsquo;est m\u00eame devenu un classique de l&rsquo;Internet. Tout commence par un acc\u00e8s libre et communautaire, un partage des revenus \u00e9quitable, puis les conditions se resserrent, les prix baissent et les abonnements montent, la publicit\u00e9 arrive, et enfin la logique communautaire dispara\u00eet totalement.<\/p>\n<p>A cela, il faut un cadre r\u00e9clame Florian. Cette requ\u00eate est l\u00e9gitime, elle est d&rsquo;ailleurs en vigueur dans les pays anglo-saxons (exemple r\u00e9cent <a href=\"https:\/\/www.theguardian.com\/technology\/2021\/feb\/19\/uber-drivers-workers-uk-supreme-court-rules-rights\" target=\"_blank\" rel=\"noopener\">ici<\/a> et <a href=\"https:\/\/www.theguardian.com\/technology\/2021\/feb\/19\/uber-drivers-workers-uk-supreme-court-rules-rights\" target=\"_blank\" rel=\"noopener\">ici<\/a>) qui ont finalement \u00e9t\u00e9 plus prompts \u00e0 r\u00e9guler leur syst\u00e8me que les europ\u00e9ens.<\/p>\n<p>\u00ab\u00a0Il faut un dialogue social cadr\u00e9 pour r\u00e9\u00e9quilibrer le rapport de force\u00a0\u00bb poursuit Florian qui remarque aussi que \u00ab\u00a0\u00e7a discute\u00a0encore beaucoup\u00a0\u00bb et \u00ab\u00a0qu&rsquo;il n&rsquo;y a pas assez de travail sur les prix minimum et\u00a0le mode de fonctionnement de l&rsquo;algorithme\u00a0\u00bb car selon lui, on s&rsquo;est trop focalis\u00e9s sur la protection sociale.<\/p>\n<p>Le droit \u00e0 l&rsquo;interop\u00e9rabilit\u00e9 entre les plateformes est essentiel aussi selon lui, pour \u00a0\u00e9viter les syst\u00e8mes captifs qui permettent de changer les r\u00e8gles de mani\u00e8re unilat\u00e9rale sans laisser le choix \u00e0 la personne (c&rsquo;est ce qui explique que votre chauffeur Uber a aussi 2 autres t\u00e9l\u00e9phones branch\u00e9s sur des plateformes diff\u00e9rentes, \u00e0 d\u00e9faut d&rsquo;interop\u00e9rabilit\u00e9 il y a le syst\u00e8me D). Ce droit \u00e0 l&rsquo;interop\u00e9rabilit\u00e9 pourrait s&rsquo;appuyer sur des plateformes techniques comme <a href=\"https:\/\/visionarymarketing.com\/fr\/2019\/11\/contract-for-the-web\/\">SOLID du MIT<\/a> qui est promu par Tim Berners Lee, et dont malheureusement nous n&rsquo;avons pas encore vu la couleur sur le terrain.<\/p>\n<p>Bref, il faut un cadre, le dialogue social n&rsquo;est pas suffisant, mais les progr\u00e8s sont minces. Travailleurs de toutes les plateformes, unissez-vous !<\/p>\n<p>En conclusion, le temps qu&rsquo;on ait fini de discuter, cela pourrait peut-\u00eatre changer. Finalement, l&rsquo;\u00e9thique permettrait de combler utilement \u00a0l&rsquo;attente quand m\u00eame.<\/p>\n<h3>Publicit\u00e9 et \u00e9thique : comment sortir du \u00ab\u00a0putaclic\u00a0\u00bb ?<\/h3>\n<p><a href=\"https:\/\/www.linkedin.com\/in\/lionel-curt\/?locale=fr_FR\" target=\"_blank\" rel=\"noopener\">Lionel Curt<\/a> a encha\u00een\u00e9 tr\u00e8s fort en nous disant tout de go qu&rsquo;il fallait sortir du \u00ab\u00a0putaclic\u00a0\u00bb. Lionel est pr\u00e9sident de MNSTR (prononcer \u00ab\u00a0Minister\u00a0\u00bb) et a \u00e9t\u00e9 le fondateur et dirigeant de l&rsquo;agence Megalo (sic).<\/p>\n<p>Apr\u00e8s ce coup d&rsquo;\u00e9clat, auquel les lecteurs de Visionary Marketing qui sont adeptes du Permission Marketing seront sensibles, Lionel a poursuivi avec plus de prudence en pr\u00e9cisant que \u00ab\u00a0tous les maux sont personnalis\u00e9s par la publicit\u00e9\u00a0\u00bb. Il est vrai que les repentis du domaine \u00e0 commencer par Lauzier pour aller jusque Beigbeder et Voutch, ont d\u00e9j\u00e0 pas mal \u00e9gratign\u00e9 le syst\u00e8me. Pas la peine d&rsquo;en rajouter, la coupe est pleine.<\/p>\n<p>Alors, comment sortir du \u00ab\u00a0putaclic\u00a0\u00bb ? Lionel nous indique un principe fondamental :<\/p>\n<blockquote class=\"quote-light\"><p>Le discours doit se transformer, il doit \u00eatre audible et unifi\u00e9 et toucher toutes les parties prenantes, les consommateurs, mais aussi les collaborateurs<\/p><\/blockquote>\n<p>Pour cela, le discours doit adopter les approches du storytelling, un mot que Lionel \u00ab\u00a0aime et d\u00e9teste \u00e0 la fois\u00a0\u00bb. Ce qu&rsquo;il faut comprendre, c&rsquo;est que \u00ab\u00a0cette \u00e9volution de la marque ne peut plus \u00eatre un appendice, elle doit \u00eatre int\u00e9gr\u00e9e au produit\u00a0\u00bb nous dit-il.<\/p>\n<p>En d&rsquo;autres termes, le discours ne suffit plus, il faut un peu d&rsquo;authenticit\u00e9. Une grande sp\u00e9cialit\u00e9 de la publicit\u00e9.\u00a0Lionel pr\u00e9f\u00e8re\u00a0d&rsquo;ailleurs parler de communication, mais pour le coup c&rsquo;est moi qui ne voit pas vraiment ce qui change \u00e0 part le vocabulaire.<\/p>\n<figure id=\"attachment_65821\" aria-describedby=\"caption-attachment-65821\" style=\"width: 850px\" class=\"wp-caption aligncenter\"><img decoding=\"async\" class=\"wp-image-65821 size-full\" src=\"https:\/\/visionarymarketing.com\/wp-content\/uploads\/2021\/11\/ethique-et-performance-voutch-e1637853975347.jpeg\" alt=\"\u00e9thique et performance\" width=\"850\" height=\"651\" \/><figcaption id=\"caption-attachment-65821\" class=\"wp-caption-text\">Tout est <del>dans la publicit\u00e9<\/del> la fa\u00e7on de communiquer<\/figcaption><\/figure>\n<p><img decoding=\"async\" class=\"size-full wp-image-65824 alignright\" src=\"https:\/\/visionarymarketing.com\/wp-content\/uploads\/2021\/11\/ethique-et-performance-seguela.jpeg\" alt=\"\" width=\"241\" height=\"346\" srcset=\"https:\/\/visionarymarketing.com\/wp-content\/uploads\/2021\/11\/ethique-et-performance-seguela.jpeg 241w, https:\/\/visionarymarketing.com\/wp-content\/uploads\/2021\/11\/ethique-et-performance-seguela-209x300.jpeg 209w\" sizes=\"(max-width: 241px) 100vw, 241px\" \/>La publicit\u00e9 a toujours souffert de son image, et il faut dire que nombre de professionnels du domaine se sont donn\u00e9s \u00e0 fond pour qu&rsquo;on les aime. En m\u00eame temps cependant, c&rsquo;est ce c\u00f4t\u00e9 glamour qui fait que la publicit\u00e9 a attir\u00e9 autant de jeunes \u00e0 elle (cf. <a href=\"https:\/\/www.amazon.fr\/publicite-pianiste-bordel-French-Edition\/dp\/2080642170\" target=\"_blank\" rel=\"noopener\">le fameux bouquin<\/a> de l&rsquo;ineffable Seguela, l&rsquo;expert de l&rsquo;\u00e9thique \u00e0 la Rolex qui est paru au d\u00e9but des ann\u00e9es 1980 !) .<\/p>\n<p>Maintenant que la pub doit devenir plus \u00ab\u00a0responsable\u00a0\u00bb, la pente est raide, et peut-\u00eatre m\u00eame savonneuse.<\/p>\n<h3>La donn\u00e9e et la protection de la vie priv\u00e9e : pas d&rsquo;\u00e9thique et peu de performance<\/h3>\n<p><a href=\"https:\/\/www.linkedin.com\/in\/christophe-cousin-56536\/\" target=\"_blank\" rel=\"noopener\">Christophe Cousin<\/a> a poursuivi avec un sujet qui nous int\u00e9resse au plus haut point : le traitement de la <a href=\"https:\/\/visionarymarketing.com\/fr\/2019\/06\/ethique-des-donnees\/\">donn\u00e9e<\/a>. \u00ab\u00a0Mon quotidien consiste \u00e0 exploiter toutes les donn\u00e9es \u00e0 caract\u00e8re personnel pour am\u00e9liorer le business model des entreprises pour lesquelles j&rsquo;interviens\u00a0\u00bb a-t-il expliqu\u00e9.<\/p>\n<p>Christophe aussi a frapp\u00e9 fort d&rsquo;entr\u00e9e avec une citation d&rsquo;enthologie qui m&rsquo;a <a href=\"https:\/\/visionarymarketing.com\/fr\/2013\/03\/big-data-decisionnel\/\">rappel\u00e9 quelque chose<\/a>.<\/p>\n<blockquote class=\"quote-light\"><p>Il existe un \u00e9norme d\u00e9calage entre la volont\u00e9 de collecter plein d&rsquo;informations et l&rsquo;usage qui en est fait par les entreprises<\/p><\/blockquote>\n<p>Et de continuer : \u00ab\u00a0On voit encore 99 % des entreprises qui envoient le m\u00eame email \u00e0 tout le monde, qui ne personnalisent pas leur site Internet, qui personnalisent extr\u00eamement peu ce qui est dit sur les r\u00e9seaux sociaux et qui ne font pas de connaissance client\u00a0\u00bb. Bon, voil\u00e0 qui est dit. Comme l&rsquo;\u00e9crivait mon vieux prof de maths : peut mieux faire !<\/p>\n<p>Si les usages sont si faibles, alors pourquoi vouloir tout traquer avec un z\u00e8le qui frise la manie. Pour ma part je ne traque pas grand chose, sinon rien. Quelques liens raccourcis qui me donnent des statistiques, et surtout j&rsquo;alloue beaucoup de temps pour r\u00e9pondre avec patience et un int\u00e9r\u00eat non feint \u00e0 tous les commentaires de nos confr\u00e8res et clients.<\/p>\n<p>Je ne comprends pas personnellement cette manie de vouloir tout mesurer si on ne fait rien de ce qu\u2019on mesure. Mieux vaut commencer par utiliser les donn\u00e9es existantes et essayer d&rsquo;agir sur les probl\u00e8mes issus des remont\u00e9es des clients.<\/p>\n<p>A cela on rajoute, explique Christophe, que les \u00ab\u00a0data scientists ne sont pas\u00a0form\u00e9s au RGPD et n&rsquo;ont surtout pas de formation \u00e9thique\u00a0\u00bb. Il enfonce le clou en citant un exemple (il m&rsquo;a confi\u00e9 apr\u00e8s en avoir beaucoup d&rsquo;autres) o\u00f9 un digne repr\u00e9sentant de cette honorable profession \u00e9voque sans rire un segment de 18 millions de femmes enceintes (je vous laisse vous r\u00e9galer, moi je passe, je frise l&rsquo;overdose).<\/p>\n<p><iframe title=\"Christophe Poupinel (Ooreka): \u00abIl y a beaucoup de pipeau dans la data\u00bb\" frameborder=\"0\" width=\"500\" height=\"281\" src=\"https:\/\/geo.dailymotion.com\/player.html?video=x49ltc6&#038;\" allowfullscreen allow=\"autoplay; fullscreen; picture-in-picture; web-share\"><\/iframe><\/p>\n<p>Le vrai sujet est bien l\u00e0 selon lui et c&rsquo;est sa conclusion, \u00ab\u00a0la l\u00e9gitimit\u00e9 et la pertinence, un sujet de fond tr\u00e8s humain\u00a0\u00bb et c&rsquo;est cela qui va nous rendre \u00ab\u00a0plus \u00e9thique par nature\u00a0\u00bb.<\/p>\n<h3>Le RGPD, ce texte de loi rigide qui ne sert pas \u00e0 grand chose<\/h3>\n<p>Exit les donn\u00e9es, il est temps de faire entrer le roi de toutes les conf\u00e9rences, celui qui a plus servi de changement d&rsquo;\u00e9tiquette que de ligne de conduitre \u00e9thique, le bon vieux <a href=\"https:\/\/visionarymarketing.com\/fr\/2021\/05\/rgpd-en-b2b\/\">RGPD<\/a>, ce \u00ab\u00a0texte de loi rigide\u00a0\u00bb selon\u00a0<a href=\"https:\/\/www.linkedin.com\/in\/liliane-de-carvalho-061982a4\/\" target=\"_blank\" rel=\"noopener\">Liliane de Carvalho<\/a>, Responsable juridique et DPO de Madrigall (Gallimard, Flammarion etc.).<\/p>\n<figure id=\"attachment_65848\" aria-describedby=\"caption-attachment-65848\" style=\"width: 979px\" class=\"wp-caption aligncenter\"><img decoding=\"async\" class=\"size-full wp-image-65848\" src=\"https:\/\/visionarymarketing.com\/wp-content\/uploads\/2021\/11\/screenshot-2021-11-26-at-082127.png\" alt=\"Groupe Madrigall\" width=\"979\" height=\"497\" srcset=\"https:\/\/visionarymarketing.com\/wp-content\/uploads\/2021\/11\/screenshot-2021-11-26-at-082127.png 979w, https:\/\/visionarymarketing.com\/wp-content\/uploads\/2021\/11\/screenshot-2021-11-26-at-082127-500x254.png 500w, https:\/\/visionarymarketing.com\/wp-content\/uploads\/2021\/11\/screenshot-2021-11-26-at-082127-768x390.png 768w\" sizes=\"(max-width: 979px) 100vw, 979px\" \/><figcaption id=\"caption-attachment-65848\" class=\"wp-caption-text\">Le Groupe Madrigall est la holding des \u00e9ditions Gallimard<\/figcaption><\/figure>\n<p>\u00ab Il y a toujours un d\u00e9calage entre le texte et sa mise en \u0153uvre \u00bb avertit Liliane. Bon, nous nous en \u00e9tions d\u00e9j\u00e0 rendu compte. <a href=\"https:\/\/visionarymarketing.com\/fr\/2021\/05\/rgpd-en-b2b\/\">En B2B<\/a>, on peut m\u00eame dire que c\u2019est un coup d\u2019email dans l\u2019eau.<\/p>\n<p>\u00ab Mais le RGPD n\u2019est pas qu\u2019affaire de consentement \u00bb nous dit Liliane de Carvalho, \u00ab c\u2019est bien plus que \u00e7a \u00bb. Quiconque s\u2019est plong\u00e9 un tant soit peu dans ce texte, m\u00eame superficiellement, et qui s\u2019essaie \u00e0 la cartographie de ses donn\u00e9es est bon, \u00e0 moins d\u2019avoir du personnel \u00e0 d\u00e9dier \u00e0 cela, pour arr\u00eater de travailler. La cartographie de processus a \u00e9t\u00e9 mon m\u00e9tier, mais avec ma casquette de dirigeant de TPE, j\u2019ai bien d\u2019autres chats \u00e0 fouetter.<\/p>\n<p>Pour moi, le RGPD c\u2019est la quintessence de ce qu\u2019il y a de pire sur le sujet de la responsabilit\u00e9 du marketing. Une avalanche de contraintes administratives irr\u00e9alistes alli\u00e9es \u00e0 une efficacit\u00e9 proche du z\u00e9ro absolu. Le r\u00e9sultat ? Des cookie-walls la plupart du temps ill\u00e9gaux qui pourrissent le Web et font la synth\u00e8se de ce qu\u2019il y a de plus d\u00e9sastreux \u00e0 la fois en performance et en \u00e9thique.<\/p>\n<p>Ces cookie-walls qui sont autant de dispositifs de \u00ab CYA \u00bb (je ne traduis pas, c\u2019est vulgaire) pour \u00e9viter un coup de b\u00e2ton qui, de toute fa\u00e7on, ne viendra pas. Et pour quoi faire ? Je vous renvoie \u00e0 ce qu\u2019explique Christophe Cousin. Marketeurs arr\u00eatez cette obsession du \u00ab tracking \u00bb des utilisateurs et lisez vos donn\u00e9es existantes.<\/p>\n<p>D\u2019ailleurs, Liliane en rajoute une couche : \u00ab En tant qu\u2019utilisatrice je n&rsquo;ai pas le sentiment qu&rsquo;on me prot\u00e8ge, j&rsquo;ai juste l&rsquo;impression de cliquer partout et qu&rsquo;on m&#8217;emb\u00eate ! \u00bb Bref, un enfer pav\u00e9 de bonnes intentions.<\/p>\n<p>Voil\u00e0, c\u2019est dit, et cela nous renvoie \u00e0 ce qu\u2019exprimait Florian Forestier une nouvelle fois. Le cadre est l\u00e0, mais pas l\u2019\u00e9thique.\u00a0Rigidit\u00e9 administrative 1, \u00e9thique 0.<\/p>\n<h3>Un growth hacker sachant growth hacker est un bon growth hacker<\/h3>\n<p>Voici quasiment le meilleur moment de la journ\u00e9e du 24. Un growth hacker qui nous a expliqu\u00e9 que le summum du growth hacking c\u2019est le <a href=\"https:\/\/visionarymarketing.com\/fr\/2014\/10\/les-4-piliers-du-marketing-viral-par-seth-godin\/\">marketing de la permission<\/a>. Inutile de dire que j\u2019ai bu du petit lait en l\u2019\u00e9coutant.<\/p>\n<p>Beno\u00eet Dubos est CEO (c\u2019est plus chic que DG) de Scalezia, une soci\u00e9t\u00e9 qui forme des\u00a0growth hackers. Beno\u00eet avait un peu peur de la premi\u00e8re question de Vincent, cela s\u2019est senti. Mais il avait pr\u00e9par\u00e9 sa r\u00e9ponse.<\/p>\n<figure id=\"attachment_65849\" aria-describedby=\"caption-attachment-65849\" style=\"width: 773px\" class=\"wp-caption aligncenter\"><img decoding=\"async\" class=\"size-full wp-image-65849\" src=\"https:\/\/visionarymarketing.com\/wp-content\/uploads\/2021\/11\/screenshot-2021-11-26-at-082255.png\" alt=\"Ethioque et performance Benoit Dubos\" width=\"773\" height=\"511\" srcset=\"https:\/\/visionarymarketing.com\/wp-content\/uploads\/2021\/11\/screenshot-2021-11-26-at-082255.png 773w, https:\/\/visionarymarketing.com\/wp-content\/uploads\/2021\/11\/screenshot-2021-11-26-at-082255-454x300.png 454w, https:\/\/visionarymarketing.com\/wp-content\/uploads\/2021\/11\/screenshot-2021-11-26-at-082255-768x508.png 768w\" sizes=\"(max-width: 773px) 100vw, 773px\" \/><figcaption id=\"caption-attachment-65849\" class=\"wp-caption-text\">Beno\u00eet Dubos alias \u00ab\u00a0le mec \u00e0 la casquette\u00a0\u00bb ou le growth hacker qui a \u00e0 c\u0153ur de ne pas growth-hacker tout en growth-hackant. Performance \u00e9thique ou \u00e9thique de la performance ?<\/figcaption><\/figure>\n<p>\u00ab Pour beaucoup de\u00a0participants \u00e0 ce webinaire, le growth hacking repr\u00e9sente le mal absolu \u00bb a avanc\u00e9 l\u2019organisateur de la r\u00e9union. L\u2019attaque \u00e9tait frontale, il fallait r\u00e9agir : \u00ab\u00a0Nous ne parlons plus de growth hacking, mais de<br \/>\n\u00ab\u00a0croissance\u00a0\u00bb avec un C majuscule, nous passons du hack \u00e0 la vision holistique, pour r\u00e9internaliser les processus de croissance \u00bb a r\u00e9pondu le growth hacker.<\/p>\n<p>Bon, voil\u00e0 qui se complique. Le growth-hacking, finalement c\u2019est du bon vieux business development \u00e0 la grand papa, finalement j\u2019ai peut-\u00eatre mes chances. Il faudra que j\u2019essaie de mettre ma casquette en tweed \u00e0 l\u2019envers, peut-\u00eatre que je pourrai ainsi \u00eatre beaucoup plus \u00e0 la mode.<\/p>\n<p>Et de poursuivre : \u00ab Les tactiques de hack se p\u00e9riment de plus en plus vite, c\u2019est court-termiste et en plus on risque de franchir la ligne rouge \u00bb. Donc finalement, le growth-hacking haut de gamme ce n\u2019est pas du growth-hacking mais \u00e7a en prend le nom quand-m\u00eame.<\/p>\n<p>En fait, c\u2019est que nous n\u2019avons rien compris. \u00ab Le concept a \u00e9t\u00e9 formalis\u00e9 en 2017 (avec le <a href=\"https:\/\/livre.fnac.com\/a10408180\/Sean-Ellis-Hacking-growth\" target=\"_blank\" rel=\"noopener\">livre hacking growth de Sean Ellis<\/a>). Mais le concept a \u00e9t\u00e9 d\u00e9voy\u00e9 en Europe (probablement du fait d\u2019une mauvaise traduction) selon Beno\u00eet et c\u2019est ici qu\u2019on se serait mis \u00e0 bricoler des choses pas forc\u00e9ment kasher, comme le scraping, par exemple sans oublier les mitraillettes automatis\u00e9es pour LinkedIn de <a href=\"https:\/\/visionarymarketing.com\/fr\/2020\/01\/vendeurs-bourrins\/\">nos amis les bourrins de la vente<\/a>.<\/p>\n<p>\u00ab La performance est plus une affaire de m\u00e9thodologie que de petits hacks \u00bb a poursuivi le growth-hacker, nous avons \u00e0 c\u0153ur [sans jeu de mot a-t-il pr\u00e9cis\u00e9] de\u00a0respecter la logique de l\u2019inbound, nous sommes pour le permission marketing \u00bb.<\/p>\n<p>Recyclage ou \u00e9thique, \u00e0 vous de choisir.<\/p>\n<h3>Fr\u00e9d\u00e9ric Cavazza : le marketing \u00e9thique survivra-t-il au d\u00e9fi \u00e9conomique ?<\/h3>\n<p>Enfin est venu notre ami et confr\u00e8re Fr\u00e9d\u00e9ric Cavazza avec qui j\u2019ai l\u2019impression <a href=\"https:\/\/visionarymarketing.com\/fr\/2021\/10\/impact-recherche-sur-sites-web\/\">d\u2019\u00eatre en webinaire tous les jours en ce moment<\/a>.<\/p>\n<p>Fred a embray\u00e9 sur le RGPD pour faire remarquer avec justesse que cette l\u00e9gislation n\u2019est pas seule : ePrivacy 2 et le Data Protection Act sont l\u00e0 pour rajouter un peu du cadre politique cher \u00e0 Florian Forestier.<\/p>\n<figure id=\"attachment_65851\" aria-describedby=\"caption-attachment-65851\" style=\"width: 640px\" class=\"wp-caption aligncenter\"><img decoding=\"async\" class=\"wp-image-65851 size-full\" src=\"https:\/\/visionarymarketing.com\/wp-content\/uploads\/2021\/11\/jumpstory-download20211126-072804.jpg\" alt=\"\" width=\"640\" height=\"424\" srcset=\"https:\/\/visionarymarketing.com\/wp-content\/uploads\/2021\/11\/jumpstory-download20211126-072804.jpg 640w, https:\/\/visionarymarketing.com\/wp-content\/uploads\/2021\/11\/jumpstory-download20211126-072804-453x300.jpg 453w\" sizes=\"(max-width: 640px) 100vw, 640px\" \/><figcaption id=\"caption-attachment-65851\" class=\"wp-caption-text\">Ethique et performance : c&rsquo;est dans l&rsquo;air du temps nous dit Fr\u00e9d\u00e9ric Cavazza, les entreprises ont une obligation morale, mais celle-ci r\u00e9sistera-t-elle \u00e0 l&rsquo;obligation de chiffre d&rsquo;affaires&#8230; ?<\/figcaption><\/figure>\n<p>Il y a une \u00ab obligation morale des entreprises \u00bb nous dit Fr\u00e9d\u00e9ric, \u00ab c\u2019est dans l\u2019air \u00bb. Air qui est bien pollu\u00e9 soit dit en passant. Mais face \u00e0 cette obligation morale se dresse l\u2019imp\u00e9rieuse \u00ab obligation de faire du chiffre d\u2019affaires \u00bb. C\u2019est que nous avons souffert pendant cette crise, et il faut bien se refaire.<\/p>\n<p>L\u2019obligation morale attendra. \u00ab C\u2019est un retour \u00e0 la case d\u00e9part \u00bb explique Fr\u00e9d\u00e9ric Cavazza. Finies les belles envol\u00e9es lyriques sur le \u00ab <a href=\"https:\/\/visionarymarketing.com\/fr\/2021\/08\/travail-hybride\/\">monde d\u2019apr\u00e8s<\/a> \u00bb. Car c\u2019est \u00ab\u00a0la raison commerciale qui vient tout balayer, il y a des salaires \u00e0 payer \u00bb. Le retour sur terre est un peu brutal je dois avouer.<\/p>\n<h3>Beaucoup de points de vue diff\u00e9rents, c\u2019est ce dont nous avons besoin<\/h3>\n<p>Cette table ronde a permis \u00e0 \u00ab\u00a0beaucoup de points de vue diff\u00e9rents [de s\u2019exprimer] \u00bb a ajout\u00e9 Fr\u00e9d\u00e9ric en guise de conclusion. \u00ab C\u2019est ce dont nous avons le plus besoin. Nous n\u2019en sommes qu\u2019au d\u00e9but de la r\u00e9glementation du Net et nous avons besoin de tous ces points de vue \u00bb.<\/p>\n<p>Mais le mot de la fin est revenu \u00e0 Vincent. \u00ab Il faudrait parler de responsabilit\u00e9 environnementale du num\u00e9rique. Plut\u00f4t que de parler de croissance, mieux vaudrait parler de durabilit\u00e9 (\u00ab sustainability \u00bb) et se poser la question de savoir si cela est utile de faire ce que nous faisons \u00bb.<\/p>\n<p>Et bien oui Vincent, c\u2019est la bonne question, la question \u00e0 350 milliards d\u2019euros, la seule et unique question et avouons-le, il est bon que des entrepreneurs se la posent sans s\u2019insulter comme on le voit h\u00e9las souvent. C\u2019est un signe que certains d\u2019entre nous ont v\u00e9ritablement envie de faire changer les choses, et je ne vous cacherai pas que j\u2019en fais partie.<\/p>\n<p>Certes, mais cela sera-t-il suffisant pour r\u00e9sister \u00e0 la logique \u00e9conomique ? Et n\u2019est-ce pas \u00e0 cette logique \u00e9conomique qu\u2019il faudrait d\u00e9sormais s\u2019attaquer ? La question est pos\u00e9e, il ne manque plus qu\u2019une r\u00e9ponse, une r\u00e9ponse que nous attendons depuis les ann\u00e9es 70 et qui ne vient toujours pas, malgr\u00e9 les cadres politiques toujours plus contraignants.<\/p>\n<p>Gardons toutefois l\u2019espoir, \u00e0 force de taper sur le clou, et de compenser cette attente par un peu d&rsquo;\u00e9thique n&rsquo;en d\u00e9plaise \u00e0 Florian, il finira bien par s\u2019enfoncer un peu.<\/p>\n<div itemscope itemtype=\"http:\/\/schema.org\/AudioObject\"><meta itemprop=\"name\" content=\"Ethique et performance : entre responsabilit\u00e9 soci\u00e9tale et logique \u00e9conomique\" \/><meta itemprop=\"uploadDate\" content=\"2021-11-26T08:32:06+01:00\" \/><meta itemprop=\"encodingFormat\" content=\"audio\/mpeg\" \/><meta itemprop=\"duration\" content=\"PT1H50M44S\" \/><meta itemprop=\"description\" content=\"Ethique et performance sont-ils compatibles ? A l&#039;heure o\u00f9 le permafrost fond \u00e0 la vitesse V, o\u00f9 les zoonoses se multiplient et le Covid reprend h\u00e9las du poil de la b\u00eate \u00e0 picots, les appels \u00e0 la raison autour de marketing et \u00e9thique se font de plus ...\" \/><meta itemprop=\"contentUrl\" content=\"https:\/\/media.blubrry.com\/visionarymarketing_les\/agence.visionarymarketing.com\/files\/podcasts\/2021-11-26-ethique-performance-sendethic.mp3\" \/><meta itemprop=\"contentSize\" content=\"59.6\" \/><div class=\"powerpress_player\" id=\"powerpress_player_2517\"><audio class=\"wp-audio-shortcode\" id=\"audio-65810-1\" preload=\"none\" style=\"width: 100%;\" controls=\"controls\"><source type=\"audio\/mpeg\" src=\"https:\/\/media.blubrry.com\/visionarymarketing_les\/agence.visionarymarketing.com\/files\/podcasts\/2021-11-26-ethique-performance-sendethic.mp3?_=1\" \/><a href=\"https:\/\/media.blubrry.com\/visionarymarketing_les\/agence.visionarymarketing.com\/files\/podcasts\/2021-11-26-ethique-performance-sendethic.mp3\">https:\/\/media.blubrry.com\/visionarymarketing_les\/agence.visionarymarketing.com\/files\/podcasts\/2021-11-26-ethique-performance-sendethic.mp3<\/a><\/audio><\/div><\/div><p class=\"powerpress_links powerpress_links_mp3\" style=\"margin-bottom: 1px !important;\">Podcast: <a href=\"https:\/\/media.blubrry.com\/visionarymarketing_les\/agence.visionarymarketing.com\/files\/podcasts\/2021-11-26-ethique-performance-sendethic.mp3\" class=\"powerpress_link_pinw\" target=\"_blank\" title=\"Play in new window\" onclick=\"return powerpress_pinw('https:\/\/visionarymarketing.com\/fr\/\/?powerpress_pinw=65810-podcast');\" rel=\"nofollow\">Play in new window<\/a> | <a href=\"https:\/\/media.blubrry.com\/visionarymarketing_les\/agence.visionarymarketing.com\/files\/podcasts\/2021-11-26-ethique-performance-sendethic.mp3\" class=\"powerpress_link_d\" title=\"Download\" rel=\"nofollow\" download=\"2021-11-26-ethique-performance-sendethic.mp3\">Download<\/a> (Duration: 1:50:44 &#8212; 59.6MB)<\/p><p class=\"powerpress_links powerpress_subscribe_links\">Subscribe: <a href=\"https:\/\/itunes.apple.com\/us\/podcast\/visionarymarketing-les-interviews\/id731295319?mt=2&amp;ls=1#episodeGuid=https%3A%2F%2Fvisionarymarketing.com%2F%3Fp%3D65810\" class=\"powerpress_link_subscribe powerpress_link_subscribe_itunes\" target=\"_blank\" title=\"Subscribe on Apple Podcasts\" rel=\"nofollow\">Apple Podcasts<\/a> | <a href=\"https:\/\/open.spotify.com\/show\/52VnZ1mhVSnDs4tQOx7Vuc\" class=\"powerpress_link_subscribe powerpress_link_subscribe_spotify\" target=\"_blank\" title=\"Subscribe on Spotify\" rel=\"nofollow\">Spotify<\/a> | <a href=\"https:\/\/subscribeonandroid.com\/visionarymarketing.com\/fr\/feed\/podcast\/\" class=\"powerpress_link_subscribe powerpress_link_subscribe_android\" target=\"_blank\" title=\"Subscribe on Android\" rel=\"nofollow\">Android<\/a> | <a href=\"https:\/\/visionarymarketing.com\/fr\/feed\/podcast\/\" class=\"powerpress_link_subscribe powerpress_link_subscribe_rss\" target=\"_blank\" title=\"Subscribe via RSS\" rel=\"nofollow\">RSS<\/a><\/p>","protected":false},"excerpt":{"rendered":"<p>Ethique et performance sont-ils compatibles ? A l&rsquo;heure o\u00f9 le permafrost fond \u00e0 la vitesse V, o\u00f9 les zoonoses se multiplient et le Covid reprend h\u00e9las du poil de la b\u00eate \u00e0 picots, les appels \u00e0 la raison autour de marketing et \u00e9thique se font de plus en plus pressants. Ceux-ci prennent un grand nombre &hellip;<\/p>\n","protected":false},"author":2,"featured_media":65812,"comment_status":"open","ping_status":"open","sticky":false,"template":"","format":"standard","meta":{"footnotes":""},"categories":[134],"tags":[],"class_list":["post-65810","post","type-post","status-publish","format-standard","has-post-thumbnail","hentry","category-economie"],"yoast_head":"<!-- This site is optimized with the Yoast SEO plugin v27.4 - https:\/\/yoast.com\/product\/yoast-seo-wordpress\/ -->\n<title>Ethique et performance : responsabilit\u00e9 soci\u00e9tale et \u00e9conomie<\/title>\n<meta name=\"description\" content=\"Ethique et performance sont-ils compatibles ? Les appels \u00e0 la raison autour de marketing et \u00e9thique se font de plus en plus pressants.\" \/>\n<meta name=\"robots\" content=\"index, follow, max-snippet:-1, max-image-preview:large, max-video-preview:-1\" \/>\n<link rel=\"canonical\" href=\"https:\/\/visionarymarketing.com\/fr\/2021\/11\/26\/ethique-et-performance\/\" \/>\n<meta property=\"og:locale\" content=\"fr_FR\" \/>\n<meta property=\"og:type\" content=\"article\" \/>\n<meta property=\"og:title\" content=\"Ethique et performance : responsabilit\u00e9 soci\u00e9tale et \u00e9conomie\" \/>\n<meta property=\"og:description\" content=\"Ethique et performance sont-ils compatibles ? Les appels \u00e0 la raison autour de marketing et \u00e9thique se font de plus en plus pressants.\" \/>\n<meta property=\"og:url\" content=\"https:\/\/visionarymarketing.com\/fr\/2021\/11\/26\/ethique-et-performance\/\" \/>\n<meta property=\"og:site_name\" content=\"Marketing and Innovation\" \/>\n<meta property=\"article:publisher\" content=\"https:\/\/www.facebook.com\/vismktg\" \/>\n<meta property=\"article:author\" content=\"http:\/\/facebook.com\/ygourven\" \/>\n<meta property=\"article:published_time\" content=\"2021-11-26T07:32:06+00:00\" \/>\n<meta property=\"article:modified_time\" content=\"2025-05-08T15:18:08+00:00\" \/>\n<meta property=\"og:image\" content=\"https:\/\/visionarymarketing.com\/wp-content\/uploads\/2021\/11\/ethique-et-performance-intervenants.jpg\" \/>\n\t<meta property=\"og:image:width\" content=\"520\" \/>\n\t<meta property=\"og:image:height\" content=\"340\" \/>\n\t<meta property=\"og:image:type\" content=\"image\/jpeg\" \/>\n<meta name=\"author\" content=\"Yann Gourvennec\" \/>\n<meta name=\"twitter:card\" content=\"summary_large_image\" \/>\n<meta name=\"twitter:creator\" content=\"@ygourven\" \/>\n<meta name=\"twitter:site\" content=\"@ygourven\" \/>\n<meta name=\"twitter:label1\" content=\"\u00c9crit par\" \/>\n\t<meta name=\"twitter:data1\" content=\"Yann Gourvennec\" \/>\n\t<meta name=\"twitter:label2\" content=\"Dur\u00e9e de lecture estim\u00e9e\" \/>\n\t<meta name=\"twitter:data2\" content=\"18 minutes\" \/>\n<script type=\"application\/ld+json\" class=\"yoast-schema-graph\">{\"@context\":\"https:\\\/\\\/schema.org\",\"@graph\":[{\"@type\":\"NewsArticle\",\"@id\":\"https:\\\/\\\/visionarymarketing.com\\\/fr\\\/2021\\\/11\\\/26\\\/ethique-et-performance\\\/#article\",\"isPartOf\":{\"@id\":\"https:\\\/\\\/visionarymarketing.com\\\/fr\\\/2021\\\/11\\\/26\\\/ethique-et-performance\\\/\"},\"author\":{\"name\":\"Yann Gourvennec\",\"@id\":\"https:\\\/\\\/visionarymarketing.com\\\/fr\\\/#\\\/schema\\\/person\\\/3754fee1e558f47b8deb46f53c37423e\"},\"headline\":\"Ethique et performance : entre responsabilit\u00e9 soci\u00e9tale et logique \u00e9conomique\",\"datePublished\":\"2021-11-26T07:32:06+00:00\",\"dateModified\":\"2025-05-08T15:18:08+00:00\",\"mainEntityOfPage\":{\"@id\":\"https:\\\/\\\/visionarymarketing.com\\\/fr\\\/2021\\\/11\\\/26\\\/ethique-et-performance\\\/\"},\"wordCount\":4098,\"commentCount\":0,\"image\":{\"@id\":\"https:\\\/\\\/visionarymarketing.com\\\/fr\\\/2021\\\/11\\\/26\\\/ethique-et-performance\\\/#primaryimage\"},\"thumbnailUrl\":\"https:\\\/\\\/visionarymarketing.com\\\/wp-content\\\/uploads\\\/2021\\\/11\\\/ethique-et-performance-intervenants.jpg\",\"articleSection\":[\"\u00e9conomie et num\u00e9rique\"],\"inLanguage\":\"fr-FR\",\"potentialAction\":[{\"@type\":\"CommentAction\",\"name\":\"Comment\",\"target\":[\"https:\\\/\\\/visionarymarketing.com\\\/fr\\\/2021\\\/11\\\/26\\\/ethique-et-performance\\\/#respond\"]}]},{\"@type\":\"WebPage\",\"@id\":\"https:\\\/\\\/visionarymarketing.com\\\/fr\\\/2021\\\/11\\\/26\\\/ethique-et-performance\\\/\",\"url\":\"https:\\\/\\\/visionarymarketing.com\\\/fr\\\/2021\\\/11\\\/26\\\/ethique-et-performance\\\/\",\"name\":\"Ethique et performance : responsabilit\u00e9 soci\u00e9tale et \u00e9conomie\",\"isPartOf\":{\"@id\":\"https:\\\/\\\/visionarymarketing.com\\\/fr\\\/#website\"},\"primaryImageOfPage\":{\"@id\":\"https:\\\/\\\/visionarymarketing.com\\\/fr\\\/2021\\\/11\\\/26\\\/ethique-et-performance\\\/#primaryimage\"},\"image\":{\"@id\":\"https:\\\/\\\/visionarymarketing.com\\\/fr\\\/2021\\\/11\\\/26\\\/ethique-et-performance\\\/#primaryimage\"},\"thumbnailUrl\":\"https:\\\/\\\/visionarymarketing.com\\\/wp-content\\\/uploads\\\/2021\\\/11\\\/ethique-et-performance-intervenants.jpg\",\"datePublished\":\"2021-11-26T07:32:06+00:00\",\"dateModified\":\"2025-05-08T15:18:08+00:00\",\"author\":{\"@id\":\"https:\\\/\\\/visionarymarketing.com\\\/fr\\\/#\\\/schema\\\/person\\\/3754fee1e558f47b8deb46f53c37423e\"},\"description\":\"Ethique et performance sont-ils compatibles ? Les appels \u00e0 la raison autour de marketing et \u00e9thique se font de plus en plus pressants.\",\"breadcrumb\":{\"@id\":\"https:\\\/\\\/visionarymarketing.com\\\/fr\\\/2021\\\/11\\\/26\\\/ethique-et-performance\\\/#breadcrumb\"},\"inLanguage\":\"fr-FR\",\"potentialAction\":[{\"@type\":\"ReadAction\",\"target\":[\"https:\\\/\\\/visionarymarketing.com\\\/fr\\\/2021\\\/11\\\/26\\\/ethique-et-performance\\\/\"]}]},{\"@type\":\"ImageObject\",\"inLanguage\":\"fr-FR\",\"@id\":\"https:\\\/\\\/visionarymarketing.com\\\/fr\\\/2021\\\/11\\\/26\\\/ethique-et-performance\\\/#primaryimage\",\"url\":\"https:\\\/\\\/visionarymarketing.com\\\/wp-content\\\/uploads\\\/2021\\\/11\\\/ethique-et-performance-intervenants.jpg\",\"contentUrl\":\"https:\\\/\\\/visionarymarketing.com\\\/wp-content\\\/uploads\\\/2021\\\/11\\\/ethique-et-performance-intervenants.jpg\",\"width\":520,\"height\":340},{\"@type\":\"BreadcrumbList\",\"@id\":\"https:\\\/\\\/visionarymarketing.com\\\/fr\\\/2021\\\/11\\\/26\\\/ethique-et-performance\\\/#breadcrumb\",\"itemListElement\":[{\"@type\":\"ListItem\",\"position\":1,\"name\":\"Home\",\"item\":\"https:\\\/\\\/visionarymarketing.com\\\/fr\\\/\"},{\"@type\":\"ListItem\",\"position\":2,\"name\":\"Ethique et performance : entre responsabilit\u00e9 soci\u00e9tale et logique \u00e9conomique\"}]},{\"@type\":\"WebSite\",\"@id\":\"https:\\\/\\\/visionarymarketing.com\\\/fr\\\/#website\",\"url\":\"https:\\\/\\\/visionarymarketing.com\\\/fr\\\/\",\"name\":\"Marketing and Innovation\",\"description\":\"Site d&#039;infos ind\u00e9pendant, depuis 1996\",\"potentialAction\":[{\"@type\":\"SearchAction\",\"target\":{\"@type\":\"EntryPoint\",\"urlTemplate\":\"https:\\\/\\\/visionarymarketing.com\\\/fr\\\/?s={search_term_string}\"},\"query-input\":{\"@type\":\"PropertyValueSpecification\",\"valueRequired\":true,\"valueName\":\"search_term_string\"}}],\"inLanguage\":\"fr-FR\"},{\"@type\":\"Person\",\"@id\":\"https:\\\/\\\/visionarymarketing.com\\\/fr\\\/#\\\/schema\\\/person\\\/3754fee1e558f47b8deb46f53c37423e\",\"name\":\"Yann Gourvennec\",\"image\":{\"@type\":\"ImageObject\",\"inLanguage\":\"fr-FR\",\"@id\":\"https:\\\/\\\/secure.gravatar.com\\\/avatar\\\/5972001801e8de5692a3e31224e85769f50a55fb8b679749f9c8d1868cceff14?s=96&d=initials&r=g&initials=yg\",\"url\":\"https:\\\/\\\/secure.gravatar.com\\\/avatar\\\/5972001801e8de5692a3e31224e85769f50a55fb8b679749f9c8d1868cceff14?s=96&d=initials&r=g&initials=yg\",\"contentUrl\":\"https:\\\/\\\/secure.gravatar.com\\\/avatar\\\/5972001801e8de5692a3e31224e85769f50a55fb8b679749f9c8d1868cceff14?s=96&d=initials&r=g&initials=yg\",\"caption\":\"Yann Gourvennec\"},\"description\":\"Yann Gourvennec created visionarymarketing.com in 1996. He is a speaker and author of many books. In 2014 he went from intrapreneur to entrepreneur, when he created his digital marketing agency. Yann Gourvennec a cr\u00e9\u00e9 visionarymarketing.com en 1996. Il est conf\u00e9rencier et auteur de plusieurs livres. En 2014, il est pass\u00e9 d'intrapreneur \u00e0 entrepreneur en cr\u00e9ant son agence de marketing num\u00e9rique.\",\"sameAs\":[\"https:\\\/\\\/visionarymarketing.com\",\"http:\\\/\\\/facebook.com\\\/ygourven\",\"http:\\\/\\\/linkedin.com\\\/in\\\/ygourven\",\"https:\\\/\\\/x.com\\\/ygourven\",\"https:\\\/\\\/www.youtube.com\\\/c\\\/visionarymarketingagency\"],\"url\":\"https:\\\/\\\/visionarymarketing.com\\\/fr\\\/author\\\/yann-gourvennec\\\/\"}]}<\/script>\n<!-- \/ Yoast SEO plugin. -->","yoast_head_json":{"title":"Ethique et performance : responsabilit\u00e9 soci\u00e9tale et \u00e9conomie","description":"Ethique et performance sont-ils compatibles ? Les appels \u00e0 la raison autour de marketing et \u00e9thique se font de plus en plus pressants.","robots":{"index":"index","follow":"follow","max-snippet":"max-snippet:-1","max-image-preview":"max-image-preview:large","max-video-preview":"max-video-preview:-1"},"canonical":"https:\/\/visionarymarketing.com\/fr\/2021\/11\/26\/ethique-et-performance\/","og_locale":"fr_FR","og_type":"article","og_title":"Ethique et performance : responsabilit\u00e9 soci\u00e9tale et \u00e9conomie","og_description":"Ethique et performance sont-ils compatibles ? Les appels \u00e0 la raison autour de marketing et \u00e9thique se font de plus en plus pressants.","og_url":"https:\/\/visionarymarketing.com\/fr\/2021\/11\/26\/ethique-et-performance\/","og_site_name":"Marketing and Innovation","article_publisher":"https:\/\/www.facebook.com\/vismktg","article_author":"http:\/\/facebook.com\/ygourven","article_published_time":"2021-11-26T07:32:06+00:00","article_modified_time":"2025-05-08T15:18:08+00:00","og_image":[{"width":520,"height":340,"url":"https:\/\/visionarymarketing.com\/wp-content\/uploads\/2021\/11\/ethique-et-performance-intervenants.jpg","type":"image\/jpeg"}],"author":"Yann Gourvennec","twitter_card":"summary_large_image","twitter_creator":"@ygourven","twitter_site":"@ygourven","twitter_misc":{"\u00c9crit par":"Yann Gourvennec","Dur\u00e9e de lecture estim\u00e9e":"18 minutes"},"schema":{"@context":"https:\/\/schema.org","@graph":[{"@type":"NewsArticle","@id":"https:\/\/visionarymarketing.com\/fr\/2021\/11\/26\/ethique-et-performance\/#article","isPartOf":{"@id":"https:\/\/visionarymarketing.com\/fr\/2021\/11\/26\/ethique-et-performance\/"},"author":{"name":"Yann Gourvennec","@id":"https:\/\/visionarymarketing.com\/fr\/#\/schema\/person\/3754fee1e558f47b8deb46f53c37423e"},"headline":"Ethique et performance : entre responsabilit\u00e9 soci\u00e9tale et logique \u00e9conomique","datePublished":"2021-11-26T07:32:06+00:00","dateModified":"2025-05-08T15:18:08+00:00","mainEntityOfPage":{"@id":"https:\/\/visionarymarketing.com\/fr\/2021\/11\/26\/ethique-et-performance\/"},"wordCount":4098,"commentCount":0,"image":{"@id":"https:\/\/visionarymarketing.com\/fr\/2021\/11\/26\/ethique-et-performance\/#primaryimage"},"thumbnailUrl":"https:\/\/visionarymarketing.com\/wp-content\/uploads\/2021\/11\/ethique-et-performance-intervenants.jpg","articleSection":["\u00e9conomie et num\u00e9rique"],"inLanguage":"fr-FR","potentialAction":[{"@type":"CommentAction","name":"Comment","target":["https:\/\/visionarymarketing.com\/fr\/2021\/11\/26\/ethique-et-performance\/#respond"]}]},{"@type":"WebPage","@id":"https:\/\/visionarymarketing.com\/fr\/2021\/11\/26\/ethique-et-performance\/","url":"https:\/\/visionarymarketing.com\/fr\/2021\/11\/26\/ethique-et-performance\/","name":"Ethique et performance : responsabilit\u00e9 soci\u00e9tale et \u00e9conomie","isPartOf":{"@id":"https:\/\/visionarymarketing.com\/fr\/#website"},"primaryImageOfPage":{"@id":"https:\/\/visionarymarketing.com\/fr\/2021\/11\/26\/ethique-et-performance\/#primaryimage"},"image":{"@id":"https:\/\/visionarymarketing.com\/fr\/2021\/11\/26\/ethique-et-performance\/#primaryimage"},"thumbnailUrl":"https:\/\/visionarymarketing.com\/wp-content\/uploads\/2021\/11\/ethique-et-performance-intervenants.jpg","datePublished":"2021-11-26T07:32:06+00:00","dateModified":"2025-05-08T15:18:08+00:00","author":{"@id":"https:\/\/visionarymarketing.com\/fr\/#\/schema\/person\/3754fee1e558f47b8deb46f53c37423e"},"description":"Ethique et performance sont-ils compatibles ? Les appels \u00e0 la raison autour de marketing et \u00e9thique se font de plus en plus pressants.","breadcrumb":{"@id":"https:\/\/visionarymarketing.com\/fr\/2021\/11\/26\/ethique-et-performance\/#breadcrumb"},"inLanguage":"fr-FR","potentialAction":[{"@type":"ReadAction","target":["https:\/\/visionarymarketing.com\/fr\/2021\/11\/26\/ethique-et-performance\/"]}]},{"@type":"ImageObject","inLanguage":"fr-FR","@id":"https:\/\/visionarymarketing.com\/fr\/2021\/11\/26\/ethique-et-performance\/#primaryimage","url":"https:\/\/visionarymarketing.com\/wp-content\/uploads\/2021\/11\/ethique-et-performance-intervenants.jpg","contentUrl":"https:\/\/visionarymarketing.com\/wp-content\/uploads\/2021\/11\/ethique-et-performance-intervenants.jpg","width":520,"height":340},{"@type":"BreadcrumbList","@id":"https:\/\/visionarymarketing.com\/fr\/2021\/11\/26\/ethique-et-performance\/#breadcrumb","itemListElement":[{"@type":"ListItem","position":1,"name":"Home","item":"https:\/\/visionarymarketing.com\/fr\/"},{"@type":"ListItem","position":2,"name":"Ethique et performance : entre responsabilit\u00e9 soci\u00e9tale et logique \u00e9conomique"}]},{"@type":"WebSite","@id":"https:\/\/visionarymarketing.com\/fr\/#website","url":"https:\/\/visionarymarketing.com\/fr\/","name":"Marketing and Innovation","description":"Site d&#039;infos ind\u00e9pendant, depuis 1996","potentialAction":[{"@type":"SearchAction","target":{"@type":"EntryPoint","urlTemplate":"https:\/\/visionarymarketing.com\/fr\/?s={search_term_string}"},"query-input":{"@type":"PropertyValueSpecification","valueRequired":true,"valueName":"search_term_string"}}],"inLanguage":"fr-FR"},{"@type":"Person","@id":"https:\/\/visionarymarketing.com\/fr\/#\/schema\/person\/3754fee1e558f47b8deb46f53c37423e","name":"Yann Gourvennec","image":{"@type":"ImageObject","inLanguage":"fr-FR","@id":"https:\/\/secure.gravatar.com\/avatar\/5972001801e8de5692a3e31224e85769f50a55fb8b679749f9c8d1868cceff14?s=96&d=initials&r=g&initials=yg","url":"https:\/\/secure.gravatar.com\/avatar\/5972001801e8de5692a3e31224e85769f50a55fb8b679749f9c8d1868cceff14?s=96&d=initials&r=g&initials=yg","contentUrl":"https:\/\/secure.gravatar.com\/avatar\/5972001801e8de5692a3e31224e85769f50a55fb8b679749f9c8d1868cceff14?s=96&d=initials&r=g&initials=yg","caption":"Yann Gourvennec"},"description":"Yann Gourvennec created visionarymarketing.com in 1996. He is a speaker and author of many books. In 2014 he went from intrapreneur to entrepreneur, when he created his digital marketing agency. Yann Gourvennec a cr\u00e9\u00e9 visionarymarketing.com en 1996. Il est conf\u00e9rencier et auteur de plusieurs livres. En 2014, il est pass\u00e9 d'intrapreneur \u00e0 entrepreneur en cr\u00e9ant son agence de marketing num\u00e9rique.","sameAs":["https:\/\/visionarymarketing.com","http:\/\/facebook.com\/ygourven","http:\/\/linkedin.com\/in\/ygourven","https:\/\/x.com\/ygourven","https:\/\/www.youtube.com\/c\/visionarymarketingagency"],"url":"https:\/\/visionarymarketing.com\/fr\/author\/yann-gourvennec\/"}]}},"_links":{"self":[{"href":"https:\/\/visionarymarketing.com\/fr\/wp-json\/wp\/v2\/posts\/65810","targetHints":{"allow":["GET"]}}],"collection":[{"href":"https:\/\/visionarymarketing.com\/fr\/wp-json\/wp\/v2\/posts"}],"about":[{"href":"https:\/\/visionarymarketing.com\/fr\/wp-json\/wp\/v2\/types\/post"}],"author":[{"embeddable":true,"href":"https:\/\/visionarymarketing.com\/fr\/wp-json\/wp\/v2\/users\/2"}],"replies":[{"embeddable":true,"href":"https:\/\/visionarymarketing.com\/fr\/wp-json\/wp\/v2\/comments?post=65810"}],"version-history":[{"count":0,"href":"https:\/\/visionarymarketing.com\/fr\/wp-json\/wp\/v2\/posts\/65810\/revisions"}],"wp:featuredmedia":[{"embeddable":true,"href":"https:\/\/visionarymarketing.com\/fr\/wp-json\/wp\/v2\/media\/65812"}],"wp:attachment":[{"href":"https:\/\/visionarymarketing.com\/fr\/wp-json\/wp\/v2\/media?parent=65810"}],"wp:term":[{"taxonomy":"category","embeddable":true,"href":"https:\/\/visionarymarketing.com\/fr\/wp-json\/wp\/v2\/categories?post=65810"},{"taxonomy":"post_tag","embeddable":true,"href":"https:\/\/visionarymarketing.com\/fr\/wp-json\/wp\/v2\/tags?post=65810"}],"curies":[{"name":"wp","href":"https:\/\/api.w.org\/{rel}","templated":true}]}}