{"id":6566,"date":"2012-06-27T06:42:53","date_gmt":"2012-06-27T06:42:53","guid":{"rendered":"http:\/\/visionary.wordpress.com\/?p=6566"},"modified":"2021-03-14T21:29:39","modified_gmt":"2021-03-14T20:29:39","slug":"medias-sociaux-plateforme-message","status":"publish","type":"post","link":"https:\/\/visionarymarketing.com\/fr\/2012\/06\/27\/medias-sociaux-plateforme-message\/","title":{"rendered":"M\u00e9dias sociaux : quelle plateforme pour quel message"},"content":{"rendered":"<p><em><span style=\"color: #3366ff;\">A l&rsquo;inverse de lundi 25 juin, o\u00f9 j&rsquo;ai couvert <a href=\"https:\/\/visionarymarketing.com\" target=\"_blank\" rel=\"noopener noreferrer\"><span style=\"color: #3366ff;\">l&rsquo;\u00e9v\u00e9nement quasi int\u00e9gralement sur mon blog anglais<\/span><\/a>, je n\u2019ai pas blogu\u00e9 en live hier \u00e0 Londres, sur la conf\u00e9rence usefulsocialmedia. Ce n&rsquo;est pas parce que ce n&rsquo;est pas int\u00e9ressant, bien au contraire &#8211; la conf\u00e9rence a permis de voir beaucoup d&rsquo;initiatives europ\u00e9ennes de ces 2 derni\u00e8res ann\u00e9es &#8211; mais parce que j\u2019\u00e9tais animateur de 2 panels le matin et que je pr\u00e9sentais le soir. Ma pr\u00e9sentation (ci-dessous pour ceux qui veulent la voir en entier) \u00e9tait sur le th\u00e8me des outils des m\u00e9dias sociaux, et ce pour quoi ils sont plus ou moins adapt\u00e9s. Je me suis aussi permis de challenger le titre de la pr\u00e9sentation.\u00a0 La pr\u00e9sentation est disponible en creative commons. <\/span><\/em><\/p>\n<p style=\"text-align: center;\">[slideshare id=13421102&amp;doc=usefulsm-yag-2012-v4-120622112507-phpapp01]<\/p>\n","protected":false},"excerpt":{"rendered":"<p>A l&rsquo;inverse de lundi 25 juin, o\u00f9 j&rsquo;ai couvert l&rsquo;\u00e9v\u00e9nement quasi int\u00e9gralement sur mon blog anglais, je n\u2019ai pas blogu\u00e9 en live hier \u00e0 Londres, sur la conf\u00e9rence usefulsocialmedia. Ce n&rsquo;est pas parce que ce n&rsquo;est pas int\u00e9ressant, bien au contraire &#8211; la conf\u00e9rence a permis de voir beaucoup d&rsquo;initiatives europ\u00e9ennes de ces 2 derni\u00e8res ann\u00e9es &#8211; mais parce que j\u2019\u00e9tais animateur de 2 panels le matin et que je pr\u00e9sentais le soir. Ma pr\u00e9sentation (ci-dessous pour ceux qui veulent la voir en entier) \u00e9tait sur le th\u00e8me des outils des m\u00e9dias sociaux, et ce pour quoi ils sont plus ou moins adapt\u00e9s. Je me suis aussi permis de challenger le titre de la pr\u00e9sentation.  La pr\u00e9sentation est disponible en creative commons.<\/p>\n","protected":false},"author":2,"featured_media":8955,"comment_status":"open","ping_status":"open","sticky":false,"template":"","format":"standard","meta":{"footnotes":""},"categories":[25],"tags":[],"class_list":["post-6566","post","type-post","status-publish","format-standard","has-post-thumbnail","hentry","category-medias-sociaux"],"yoast_head":"<!-- This site is optimized with the Yoast SEO plugin v27.5 - https:\/\/yoast.com\/product\/yoast-seo-wordpress\/ -->\n<title>M\u00e9dias sociaux : quelle plateforme pour quel message<\/title>\n<meta name=\"description\" content=\"A l&#039;inverse de lundi 25 juin, o\u00f9 j&#039;ai couvert l&#039;\u00e9v\u00e9nement quasi int\u00e9gralement sur mon blog anglais, je n\u2019ai pas blogu\u00e9 en live hier \u00e0 Londres, sur la conf\u00e9rence usefulsocialmedia. Ce n&#039;est pas parce que ce n&#039;est pas int\u00e9ressant, bien au contraire - la conf\u00e9rence a permis de voir beaucoup d&#039;initiatives europ\u00e9ennes de ces 2 derni\u00e8res ann\u00e9es - mais parce que j\u2019\u00e9tais animateur de 2 panels le matin et que je pr\u00e9sentais le soir. Ma pr\u00e9sentation (ci-dessous pour ceux qui veulent la voir en entier) \u00e9tait sur le th\u00e8me des outils des m\u00e9dias sociaux, et ce pour quoi ils sont plus ou moins adapt\u00e9s. Je me suis aussi permis de challenger le titre de la pr\u00e9sentation. La pr\u00e9sentation est disponible en creative commons.\" \/>\n<meta name=\"robots\" content=\"noindex, follow\" \/>\n<meta property=\"og:locale\" content=\"fr_FR\" \/>\n<meta property=\"og:type\" content=\"article\" \/>\n<meta property=\"og:title\" content=\"M\u00e9dias sociaux : quelle plateforme pour quel message\" \/>\n<meta property=\"og:description\" content=\"A l&#039;inverse de lundi 25 juin, o\u00f9 j&#039;ai couvert l&#039;\u00e9v\u00e9nement quasi int\u00e9gralement sur mon blog anglais, je n\u2019ai pas blogu\u00e9 en live hier \u00e0 Londres, sur la conf\u00e9rence usefulsocialmedia. Ce n&#039;est pas parce que ce n&#039;est pas int\u00e9ressant, bien au contraire - la conf\u00e9rence a permis de voir beaucoup d&#039;initiatives europ\u00e9ennes de ces 2 derni\u00e8res ann\u00e9es - mais parce que j\u2019\u00e9tais animateur de 2 panels le matin et que je pr\u00e9sentais le soir. Ma pr\u00e9sentation (ci-dessous pour ceux qui veulent la voir en entier) \u00e9tait sur le th\u00e8me des outils des m\u00e9dias sociaux, et ce pour quoi ils sont plus ou moins adapt\u00e9s. Je me suis aussi permis de challenger le titre de la pr\u00e9sentation. La pr\u00e9sentation est disponible en creative commons.\" \/>\n<meta property=\"og:url\" content=\"https:\/\/visionarymarketing.com\/fr\/2012\/06\/27\/medias-sociaux-plateforme-message\/\" \/>\n<meta property=\"og:site_name\" content=\"Marketing and Innovation\" \/>\n<meta property=\"article:publisher\" content=\"https:\/\/www.facebook.com\/vismktg\" \/>\n<meta property=\"article:author\" content=\"http:\/\/facebook.com\/ygourven\" \/>\n<meta property=\"article:published_time\" content=\"2012-06-27T06:42:53+00:00\" \/>\n<meta property=\"article:modified_time\" content=\"2021-03-14T20:29:39+00:00\" \/>\n<meta property=\"og:image\" content=\"https:\/\/visionarymarketing.com\/wp-content\/uploads\/2018\/07\/Social-Media-1-e1600286445343.png\" \/>\n\t<meta property=\"og:image:width\" content=\"519\" \/>\n\t<meta property=\"og:image:height\" content=\"340\" \/>\n\t<meta property=\"og:image:type\" content=\"image\/png\" \/>\n<meta name=\"author\" content=\"Yann Gourvennec\" \/>\n<meta name=\"twitter:card\" content=\"summary_large_image\" \/>\n<meta name=\"twitter:creator\" content=\"@ygourven\" \/>\n<meta name=\"twitter:site\" content=\"@ygourven\" \/>\n<meta name=\"twitter:label1\" content=\"\u00c9crit par\" \/>\n\t<meta name=\"twitter:data1\" content=\"Yann Gourvennec\" \/>\n\t<meta name=\"twitter:label2\" content=\"Dur\u00e9e de lecture estim\u00e9e\" \/>\n\t<meta name=\"twitter:data2\" content=\"1 minute\" \/>\n<script type=\"application\/ld+json\" class=\"yoast-schema-graph\">{\"@context\":\"https:\\\/\\\/schema.org\",\"@graph\":[{\"@type\":\"NewsArticle\",\"@id\":\"https:\\\/\\\/visionarymarketing.com\\\/fr\\\/2012\\\/06\\\/27\\\/medias-sociaux-plateforme-message\\\/#article\",\"isPartOf\":{\"@id\":\"https:\\\/\\\/visionarymarketing.com\\\/fr\\\/2012\\\/06\\\/27\\\/medias-sociaux-plateforme-message\\\/\"},\"author\":{\"name\":\"Yann Gourvennec\",\"@id\":\"https:\\\/\\\/visionarymarketing.com\\\/fr\\\/#\\\/schema\\\/person\\\/3754fee1e558f47b8deb46f53c37423e\"},\"headline\":\"M\u00e9dias sociaux : quelle plateforme pour quel message\",\"datePublished\":\"2012-06-27T06:42:53+00:00\",\"dateModified\":\"2021-03-14T20:29:39+00:00\",\"mainEntityOfPage\":{\"@id\":\"https:\\\/\\\/visionarymarketing.com\\\/fr\\\/2012\\\/06\\\/27\\\/medias-sociaux-plateforme-message\\\/\"},\"wordCount\":157,\"commentCount\":0,\"image\":{\"@id\":\"https:\\\/\\\/visionarymarketing.com\\\/fr\\\/2012\\\/06\\\/27\\\/medias-sociaux-plateforme-message\\\/#primaryimage\"},\"thumbnailUrl\":\"https:\\\/\\\/visionarymarketing.com\\\/wp-content\\\/uploads\\\/2018\\\/07\\\/Social-Media-1-e1600286445343.png\",\"articleSection\":[\"m\u00e9dias \\\/ r\u00e9seaux sociaux\"],\"inLanguage\":\"fr-FR\",\"potentialAction\":[{\"@type\":\"CommentAction\",\"name\":\"Comment\",\"target\":[\"https:\\\/\\\/visionarymarketing.com\\\/fr\\\/2012\\\/06\\\/27\\\/medias-sociaux-plateforme-message\\\/#respond\"]}]},{\"@type\":\"WebPage\",\"@id\":\"https:\\\/\\\/visionarymarketing.com\\\/fr\\\/2012\\\/06\\\/27\\\/medias-sociaux-plateforme-message\\\/\",\"url\":\"https:\\\/\\\/visionarymarketing.com\\\/fr\\\/2012\\\/06\\\/27\\\/medias-sociaux-plateforme-message\\\/\",\"name\":\"M\u00e9dias sociaux : quelle plateforme pour quel message\",\"isPartOf\":{\"@id\":\"https:\\\/\\\/visionarymarketing.com\\\/fr\\\/#website\"},\"primaryImageOfPage\":{\"@id\":\"https:\\\/\\\/visionarymarketing.com\\\/fr\\\/2012\\\/06\\\/27\\\/medias-sociaux-plateforme-message\\\/#primaryimage\"},\"image\":{\"@id\":\"https:\\\/\\\/visionarymarketing.com\\\/fr\\\/2012\\\/06\\\/27\\\/medias-sociaux-plateforme-message\\\/#primaryimage\"},\"thumbnailUrl\":\"https:\\\/\\\/visionarymarketing.com\\\/wp-content\\\/uploads\\\/2018\\\/07\\\/Social-Media-1-e1600286445343.png\",\"datePublished\":\"2012-06-27T06:42:53+00:00\",\"dateModified\":\"2021-03-14T20:29:39+00:00\",\"author\":{\"@id\":\"https:\\\/\\\/visionarymarketing.com\\\/fr\\\/#\\\/schema\\\/person\\\/3754fee1e558f47b8deb46f53c37423e\"},\"description\":\"A l'inverse de lundi 25 juin, o\u00f9 j'ai couvert l'\u00e9v\u00e9nement quasi int\u00e9gralement sur mon blog anglais, je n\u2019ai pas blogu\u00e9 en live hier \u00e0 Londres, sur la conf\u00e9rence usefulsocialmedia. Ce n'est pas parce que ce n'est pas int\u00e9ressant, bien au contraire - la conf\u00e9rence a permis de voir beaucoup d'initiatives europ\u00e9ennes de ces 2 derni\u00e8res ann\u00e9es - mais parce que j\u2019\u00e9tais animateur de 2 panels le matin et que je pr\u00e9sentais le soir. Ma pr\u00e9sentation (ci-dessous pour ceux qui veulent la voir en entier) \u00e9tait sur le th\u00e8me des outils des m\u00e9dias sociaux, et ce pour quoi ils sont plus ou moins adapt\u00e9s. Je me suis aussi permis de challenger le titre de la pr\u00e9sentation. La pr\u00e9sentation est disponible en creative commons.\",\"breadcrumb\":{\"@id\":\"https:\\\/\\\/visionarymarketing.com\\\/fr\\\/2012\\\/06\\\/27\\\/medias-sociaux-plateforme-message\\\/#breadcrumb\"},\"inLanguage\":\"fr-FR\",\"potentialAction\":[{\"@type\":\"ReadAction\",\"target\":[\"https:\\\/\\\/visionarymarketing.com\\\/fr\\\/2012\\\/06\\\/27\\\/medias-sociaux-plateforme-message\\\/\"]}]},{\"@type\":\"ImageObject\",\"inLanguage\":\"fr-FR\",\"@id\":\"https:\\\/\\\/visionarymarketing.com\\\/fr\\\/2012\\\/06\\\/27\\\/medias-sociaux-plateforme-message\\\/#primaryimage\",\"url\":\"https:\\\/\\\/visionarymarketing.com\\\/wp-content\\\/uploads\\\/2018\\\/07\\\/Social-Media-1-e1600286445343.png\",\"contentUrl\":\"https:\\\/\\\/visionarymarketing.com\\\/wp-content\\\/uploads\\\/2018\\\/07\\\/Social-Media-1-e1600286445343.png\",\"width\":519,\"height\":340},{\"@type\":\"BreadcrumbList\",\"@id\":\"https:\\\/\\\/visionarymarketing.com\\\/fr\\\/2012\\\/06\\\/27\\\/medias-sociaux-plateforme-message\\\/#breadcrumb\",\"itemListElement\":[{\"@type\":\"ListItem\",\"position\":1,\"name\":\"Home\",\"item\":\"https:\\\/\\\/visionarymarketing.com\\\/fr\\\/\"},{\"@type\":\"ListItem\",\"position\":2,\"name\":\"M\u00e9dias sociaux : quelle plateforme pour quel message\"}]},{\"@type\":\"WebSite\",\"@id\":\"https:\\\/\\\/visionarymarketing.com\\\/fr\\\/#website\",\"url\":\"https:\\\/\\\/visionarymarketing.com\\\/fr\\\/\",\"name\":\"Marketing and Innovation\",\"description\":\"Site d&#039;infos ind\u00e9pendant, depuis 1996\",\"potentialAction\":[{\"@type\":\"SearchAction\",\"target\":{\"@type\":\"EntryPoint\",\"urlTemplate\":\"https:\\\/\\\/visionarymarketing.com\\\/fr\\\/?s={search_term_string}\"},\"query-input\":{\"@type\":\"PropertyValueSpecification\",\"valueRequired\":true,\"valueName\":\"search_term_string\"}}],\"inLanguage\":\"fr-FR\"},{\"@type\":\"Person\",\"@id\":\"https:\\\/\\\/visionarymarketing.com\\\/fr\\\/#\\\/schema\\\/person\\\/3754fee1e558f47b8deb46f53c37423e\",\"name\":\"Yann Gourvennec\",\"image\":{\"@type\":\"ImageObject\",\"inLanguage\":\"fr-FR\",\"@id\":\"https:\\\/\\\/secure.gravatar.com\\\/avatar\\\/5972001801e8de5692a3e31224e85769f50a55fb8b679749f9c8d1868cceff14?s=96&d=initials&r=g&initials=yg\",\"url\":\"https:\\\/\\\/secure.gravatar.com\\\/avatar\\\/5972001801e8de5692a3e31224e85769f50a55fb8b679749f9c8d1868cceff14?s=96&d=initials&r=g&initials=yg\",\"contentUrl\":\"https:\\\/\\\/secure.gravatar.com\\\/avatar\\\/5972001801e8de5692a3e31224e85769f50a55fb8b679749f9c8d1868cceff14?s=96&d=initials&r=g&initials=yg\",\"caption\":\"Yann Gourvennec\"},\"description\":\"Yann Gourvennec created visionarymarketing.com in 1996. He is a speaker and author of many books. In 2014 he went from intrapreneur to entrepreneur, when he created his digital marketing agency. Yann Gourvennec a cr\u00e9\u00e9 visionarymarketing.com en 1996. Il est conf\u00e9rencier et auteur de plusieurs livres. En 2014, il est pass\u00e9 d'intrapreneur \u00e0 entrepreneur en cr\u00e9ant son agence de marketing num\u00e9rique.\",\"sameAs\":[\"https:\\\/\\\/visionarymarketing.com\",\"http:\\\/\\\/facebook.com\\\/ygourven\",\"http:\\\/\\\/linkedin.com\\\/in\\\/ygourven\",\"https:\\\/\\\/x.com\\\/ygourven\",\"https:\\\/\\\/www.youtube.com\\\/c\\\/visionarymarketingagency\"],\"url\":\"https:\\\/\\\/visionarymarketing.com\\\/fr\\\/author\\\/yann-gourvennec\\\/\"}]}<\/script>\n<!-- \/ Yoast SEO plugin. -->","yoast_head_json":{"title":"M\u00e9dias sociaux : quelle plateforme pour quel message","description":"A l'inverse de lundi 25 juin, o\u00f9 j'ai couvert l'\u00e9v\u00e9nement quasi int\u00e9gralement sur mon blog anglais, je n\u2019ai pas blogu\u00e9 en live hier \u00e0 Londres, sur la conf\u00e9rence usefulsocialmedia. Ce n'est pas parce que ce n'est pas int\u00e9ressant, bien au contraire - la conf\u00e9rence a permis de voir beaucoup d'initiatives europ\u00e9ennes de ces 2 derni\u00e8res ann\u00e9es - mais parce que j\u2019\u00e9tais animateur de 2 panels le matin et que je pr\u00e9sentais le soir. Ma pr\u00e9sentation (ci-dessous pour ceux qui veulent la voir en entier) \u00e9tait sur le th\u00e8me des outils des m\u00e9dias sociaux, et ce pour quoi ils sont plus ou moins adapt\u00e9s. Je me suis aussi permis de challenger le titre de la pr\u00e9sentation. La pr\u00e9sentation est disponible en creative commons.","robots":{"index":"noindex","follow":"follow"},"og_locale":"fr_FR","og_type":"article","og_title":"M\u00e9dias sociaux : quelle plateforme pour quel message","og_description":"A l'inverse de lundi 25 juin, o\u00f9 j'ai couvert l'\u00e9v\u00e9nement quasi int\u00e9gralement sur mon blog anglais, je n\u2019ai pas blogu\u00e9 en live hier \u00e0 Londres, sur la conf\u00e9rence usefulsocialmedia. Ce n'est pas parce que ce n'est pas int\u00e9ressant, bien au contraire - la conf\u00e9rence a permis de voir beaucoup d'initiatives europ\u00e9ennes de ces 2 derni\u00e8res ann\u00e9es - mais parce que j\u2019\u00e9tais animateur de 2 panels le matin et que je pr\u00e9sentais le soir. Ma pr\u00e9sentation (ci-dessous pour ceux qui veulent la voir en entier) \u00e9tait sur le th\u00e8me des outils des m\u00e9dias sociaux, et ce pour quoi ils sont plus ou moins adapt\u00e9s. Je me suis aussi permis de challenger le titre de la pr\u00e9sentation. La pr\u00e9sentation est disponible en creative commons.","og_url":"https:\/\/visionarymarketing.com\/fr\/2012\/06\/27\/medias-sociaux-plateforme-message\/","og_site_name":"Marketing and Innovation","article_publisher":"https:\/\/www.facebook.com\/vismktg","article_author":"http:\/\/facebook.com\/ygourven","article_published_time":"2012-06-27T06:42:53+00:00","article_modified_time":"2021-03-14T20:29:39+00:00","og_image":[{"width":519,"height":340,"url":"https:\/\/visionarymarketing.com\/wp-content\/uploads\/2018\/07\/Social-Media-1-e1600286445343.png","type":"image\/png"}],"author":"Yann Gourvennec","twitter_card":"summary_large_image","twitter_creator":"@ygourven","twitter_site":"@ygourven","twitter_misc":{"\u00c9crit par":"Yann Gourvennec","Dur\u00e9e de lecture estim\u00e9e":"1 minute"},"schema":{"@context":"https:\/\/schema.org","@graph":[{"@type":"NewsArticle","@id":"https:\/\/visionarymarketing.com\/fr\/2012\/06\/27\/medias-sociaux-plateforme-message\/#article","isPartOf":{"@id":"https:\/\/visionarymarketing.com\/fr\/2012\/06\/27\/medias-sociaux-plateforme-message\/"},"author":{"name":"Yann Gourvennec","@id":"https:\/\/visionarymarketing.com\/fr\/#\/schema\/person\/3754fee1e558f47b8deb46f53c37423e"},"headline":"M\u00e9dias sociaux : quelle plateforme pour quel message","datePublished":"2012-06-27T06:42:53+00:00","dateModified":"2021-03-14T20:29:39+00:00","mainEntityOfPage":{"@id":"https:\/\/visionarymarketing.com\/fr\/2012\/06\/27\/medias-sociaux-plateforme-message\/"},"wordCount":157,"commentCount":0,"image":{"@id":"https:\/\/visionarymarketing.com\/fr\/2012\/06\/27\/medias-sociaux-plateforme-message\/#primaryimage"},"thumbnailUrl":"https:\/\/visionarymarketing.com\/wp-content\/uploads\/2018\/07\/Social-Media-1-e1600286445343.png","articleSection":["m\u00e9dias \/ r\u00e9seaux sociaux"],"inLanguage":"fr-FR","potentialAction":[{"@type":"CommentAction","name":"Comment","target":["https:\/\/visionarymarketing.com\/fr\/2012\/06\/27\/medias-sociaux-plateforme-message\/#respond"]}]},{"@type":"WebPage","@id":"https:\/\/visionarymarketing.com\/fr\/2012\/06\/27\/medias-sociaux-plateforme-message\/","url":"https:\/\/visionarymarketing.com\/fr\/2012\/06\/27\/medias-sociaux-plateforme-message\/","name":"M\u00e9dias sociaux : quelle plateforme pour quel message","isPartOf":{"@id":"https:\/\/visionarymarketing.com\/fr\/#website"},"primaryImageOfPage":{"@id":"https:\/\/visionarymarketing.com\/fr\/2012\/06\/27\/medias-sociaux-plateforme-message\/#primaryimage"},"image":{"@id":"https:\/\/visionarymarketing.com\/fr\/2012\/06\/27\/medias-sociaux-plateforme-message\/#primaryimage"},"thumbnailUrl":"https:\/\/visionarymarketing.com\/wp-content\/uploads\/2018\/07\/Social-Media-1-e1600286445343.png","datePublished":"2012-06-27T06:42:53+00:00","dateModified":"2021-03-14T20:29:39+00:00","author":{"@id":"https:\/\/visionarymarketing.com\/fr\/#\/schema\/person\/3754fee1e558f47b8deb46f53c37423e"},"description":"A l'inverse de lundi 25 juin, o\u00f9 j'ai couvert l'\u00e9v\u00e9nement quasi int\u00e9gralement sur mon blog anglais, je n\u2019ai pas blogu\u00e9 en live hier \u00e0 Londres, sur la conf\u00e9rence usefulsocialmedia. Ce n'est pas parce que ce n'est pas int\u00e9ressant, bien au contraire - la conf\u00e9rence a permis de voir beaucoup d'initiatives europ\u00e9ennes de ces 2 derni\u00e8res ann\u00e9es - mais parce que j\u2019\u00e9tais animateur de 2 panels le matin et que je pr\u00e9sentais le soir. Ma pr\u00e9sentation (ci-dessous pour ceux qui veulent la voir en entier) \u00e9tait sur le th\u00e8me des outils des m\u00e9dias sociaux, et ce pour quoi ils sont plus ou moins adapt\u00e9s. Je me suis aussi permis de challenger le titre de la pr\u00e9sentation. La pr\u00e9sentation est disponible en creative commons.","breadcrumb":{"@id":"https:\/\/visionarymarketing.com\/fr\/2012\/06\/27\/medias-sociaux-plateforme-message\/#breadcrumb"},"inLanguage":"fr-FR","potentialAction":[{"@type":"ReadAction","target":["https:\/\/visionarymarketing.com\/fr\/2012\/06\/27\/medias-sociaux-plateforme-message\/"]}]},{"@type":"ImageObject","inLanguage":"fr-FR","@id":"https:\/\/visionarymarketing.com\/fr\/2012\/06\/27\/medias-sociaux-plateforme-message\/#primaryimage","url":"https:\/\/visionarymarketing.com\/wp-content\/uploads\/2018\/07\/Social-Media-1-e1600286445343.png","contentUrl":"https:\/\/visionarymarketing.com\/wp-content\/uploads\/2018\/07\/Social-Media-1-e1600286445343.png","width":519,"height":340},{"@type":"BreadcrumbList","@id":"https:\/\/visionarymarketing.com\/fr\/2012\/06\/27\/medias-sociaux-plateforme-message\/#breadcrumb","itemListElement":[{"@type":"ListItem","position":1,"name":"Home","item":"https:\/\/visionarymarketing.com\/fr\/"},{"@type":"ListItem","position":2,"name":"M\u00e9dias sociaux : quelle plateforme pour quel message"}]},{"@type":"WebSite","@id":"https:\/\/visionarymarketing.com\/fr\/#website","url":"https:\/\/visionarymarketing.com\/fr\/","name":"Marketing and Innovation","description":"Site d&#039;infos ind\u00e9pendant, depuis 1996","potentialAction":[{"@type":"SearchAction","target":{"@type":"EntryPoint","urlTemplate":"https:\/\/visionarymarketing.com\/fr\/?s={search_term_string}"},"query-input":{"@type":"PropertyValueSpecification","valueRequired":true,"valueName":"search_term_string"}}],"inLanguage":"fr-FR"},{"@type":"Person","@id":"https:\/\/visionarymarketing.com\/fr\/#\/schema\/person\/3754fee1e558f47b8deb46f53c37423e","name":"Yann Gourvennec","image":{"@type":"ImageObject","inLanguage":"fr-FR","@id":"https:\/\/secure.gravatar.com\/avatar\/5972001801e8de5692a3e31224e85769f50a55fb8b679749f9c8d1868cceff14?s=96&d=initials&r=g&initials=yg","url":"https:\/\/secure.gravatar.com\/avatar\/5972001801e8de5692a3e31224e85769f50a55fb8b679749f9c8d1868cceff14?s=96&d=initials&r=g&initials=yg","contentUrl":"https:\/\/secure.gravatar.com\/avatar\/5972001801e8de5692a3e31224e85769f50a55fb8b679749f9c8d1868cceff14?s=96&d=initials&r=g&initials=yg","caption":"Yann Gourvennec"},"description":"Yann Gourvennec created visionarymarketing.com in 1996. He is a speaker and author of many books. In 2014 he went from intrapreneur to entrepreneur, when he created his digital marketing agency. Yann Gourvennec a cr\u00e9\u00e9 visionarymarketing.com en 1996. Il est conf\u00e9rencier et auteur de plusieurs livres. En 2014, il est pass\u00e9 d'intrapreneur \u00e0 entrepreneur en cr\u00e9ant son agence de marketing num\u00e9rique.","sameAs":["https:\/\/visionarymarketing.com","http:\/\/facebook.com\/ygourven","http:\/\/linkedin.com\/in\/ygourven","https:\/\/x.com\/ygourven","https:\/\/www.youtube.com\/c\/visionarymarketingagency"],"url":"https:\/\/visionarymarketing.com\/fr\/author\/yann-gourvennec\/"}]}},"_links":{"self":[{"href":"https:\/\/visionarymarketing.com\/fr\/wp-json\/wp\/v2\/posts\/6566","targetHints":{"allow":["GET"]}}],"collection":[{"href":"https:\/\/visionarymarketing.com\/fr\/wp-json\/wp\/v2\/posts"}],"about":[{"href":"https:\/\/visionarymarketing.com\/fr\/wp-json\/wp\/v2\/types\/post"}],"author":[{"embeddable":true,"href":"https:\/\/visionarymarketing.com\/fr\/wp-json\/wp\/v2\/users\/2"}],"replies":[{"embeddable":true,"href":"https:\/\/visionarymarketing.com\/fr\/wp-json\/wp\/v2\/comments?post=6566"}],"version-history":[{"count":0,"href":"https:\/\/visionarymarketing.com\/fr\/wp-json\/wp\/v2\/posts\/6566\/revisions"}],"wp:featuredmedia":[{"embeddable":true,"href":"https:\/\/visionarymarketing.com\/fr\/wp-json\/wp\/v2\/media\/8955"}],"wp:attachment":[{"href":"https:\/\/visionarymarketing.com\/fr\/wp-json\/wp\/v2\/media?parent=6566"}],"wp:term":[{"taxonomy":"category","embeddable":true,"href":"https:\/\/visionarymarketing.com\/fr\/wp-json\/wp\/v2\/categories?post=6566"},{"taxonomy":"post_tag","embeddable":true,"href":"https:\/\/visionarymarketing.com\/fr\/wp-json\/wp\/v2\/tags?post=6566"}],"curies":[{"name":"wp","href":"https:\/\/api.w.org\/{rel}","templated":true}]}}