{"id":6544,"date":"2012-06-26T07:30:07","date_gmt":"2012-06-26T05:30:07","guid":{"rendered":"https:\/\/visionary.wordpress.com\/?p=6544"},"modified":"2023-11-27T17:53:57","modified_gmt":"2023-11-27T16:53:57","slug":"art-digital","status":"publish","type":"post","link":"https:\/\/visionarymarketing.com\/fr\/2012\/06\/26\/art-digital\/","title":{"rendered":"Art contemporain : quand digital veut dire tactile"},"content":{"rendered":"<p><em><span class=\"removed_link\" title=\"http:\/\/live.orange.com\/fabfest-live-report-concert-total-warr-cascadeur\/\">L&rsquo;Art digital, d\u00e9j\u00e0 \u00e9voqu\u00e9 dans le cadre de Fabfest \u00e0 la Ga\u00eet\u00e9 lyrique<\/span>, est dans l&rsquo;air du temps. Mais on aurait tort de croire qu&rsquo;il est nouveau. Explications avec Anne C\u00e9cile Worms, cofondatrice de digitalarti, une jeune pousse qui m\u00eale intelligemment art, informatique, multim\u00e9dia et &#8230; business\u00a0<\/em><\/p>\n<h2>Art digital : quand digital veut dire tactile<\/h2>\n<p>Social et descriptif jusqu&rsquo;au milieu du XIXe si\u00e8cle, l&rsquo;Art est devenu all\u00e9gorique, onirique, puis d\u00e9monstratif et immersif. Cette tendance se confirme depuis bien des ann\u00e9es, avec le succ\u00e8s populaire, au d\u00e9part bien impr\u00e9visible, de lieux d&rsquo;Art contemporain comme le Mac Val \u00e0 Ivry-sur-Seine, o\u00f9 les installations plongent le spectateur dans l&rsquo;exp\u00e9rience artistique, voire le transforment en acteur.<\/p>\n<p>Poussons cette r\u00e9flexion un cran plus loin, et l&rsquo;on obtient la fusion parfaite entre univers artistique et monde \u00ab digital \u00bb, un barbarisme entr\u00e9 par force dans notre vocabulaire, qui justifie par son \u00e9tymologie qu\u2019on puisse enfin <em>toucher<\/em> les \u0153uvres d\u2019Art. Tour rapide des installations telles que celles de l&rsquo;exposition \u00ab\u00a0<strong>exposition natural\/digital<\/strong>\u00a0\u00bb qui s\u2019est tenue dans le \u00ab happen space \u00bb <a href=\"http:\/\/accenture.com\" target=\"_blank\" rel=\"noopener noreferrer\">d\u2019Accenture<\/a>, des 4 au 8 juin 2012<\/p>\n<p><figure id=\"attachment_6536\" aria-describedby=\"caption-attachment-6536\" style=\"width: 520px\" class=\"wp-caption aligncenter\"><img decoding=\"async\" class=\"wp-image-6536 size-full\" src=\"https:\/\/visionarymarketing.com\/wp-content\/uploads\/2012\/06\/image_thumb2-e1595494205487.jpg\" alt=\"art digital [regardons pousser l\u2019arbre num\u00e9rique: Samuel Rousseau, l\u2019arbre et son ombre,\u00a0 2008, installation vid\u00e9o]\" width=\"520\" height=\"339\" \/><figcaption id=\"caption-attachment-6536\" class=\"wp-caption-text\">[regardons pousser l\u2019arbre num\u00e9rique: Samuel Rousseau, l\u2019arbre et son ombre,\u00a0 2008, installation vid\u00e9o]<\/figcaption><\/figure><!--more--><\/p>\n<p><a href=\"https:\/\/visionarymarketing.com\/wp-content\/uploads\/2012\/06\/image4.png\"><img decoding=\"async\" style=\"background-image: none; margin: 0 10px; padding-left: 0; padding-right: 0; display: inline; float: right; padding-top: 0; border: 0;\" title=\"image\" src=\"https:\/\/visionarymarketing.com\/wp-content\/uploads\/2012\/06\/image_thumb3.png\" alt=\"image\" width=\"244\" height=\"139\" align=\"right\" border=\"0\" \/><\/a>J\u2019\u00e9tais accompagn\u00e9 de mon confr\u00e8re <a href=\"http:\/\/www.e-marketing.fr\/Videos\/NA-953.htm\" target=\"_blank\" rel=\"noopener noreferrer\">Georges Edouard Dias, le bien connu directeur du num\u00e9rique du groupe L\u2019Or\u00e9al<\/a> (l\u2019homme au doigt sur la g\u00e2chette sur la droite), et c\u2019est avec lui que nous avons fait le tour des installations de l\u2019exposition qui s\u2019est r\u00e9v\u00e9l\u00e9e aussi \u00e9tonnante que ludique ; Georges Edouard se pr\u00eatant m\u00eame plusieurs fois au r\u00f4le de d\u00e9monstrateur, notamment dans la vid\u00e9o situ\u00e9e \u00e0 la fin de cet article. Nous avons commenc\u00e9 notre visite par une partie de \u00ab tir au pissenlit \u00bb au s\u00e8che-cheveux (<a href=\"http:\/\/sennep.com\">Sennep<\/a> &amp; <span class=\"removed_link\" title=\"http:\/\/yoke.com\">Yoke<\/span>, 2009), extr\u00eamement amusante. Il est vrai qu\u2019un peu \u00e0 la mani\u00e8re des stands de foire, le visiteur se sent souvent attir\u00e9 par les attractions qui lui permettent de v\u00e9rifier la justesse de son tir.<\/p>\n<p><strong>l\u2019Art contemporain exprime des id\u00e9es fortes en un minimum de signes<\/strong><\/p>\n<p><em>[Sennep &amp; Yoke, DANDELION, 2009. Installation interactive <\/em><a href=\"http:\/\/www.sennep.com\"><em>www.sennep.com<\/em><\/a><em> \/ <\/em><span class=\"removed_link\" title=\"http:\/\/www.yoke.dk\"><em>www.yoke.dk<\/em><\/span><em>]<\/em><\/p>\n<p>Dans un sens, tout l\u2019humour et l\u2019astuce de l\u2019Art contemporain se r\u00e9sume dans cette installation a priori anodine : le d\u00e9tournement d\u2019une attraction connue et populaire (le stand de tir), l\u2019humour d\u00e9risoire de la substitution d\u2019une arme par un objet issu du quotidien, inoffensif et propre \u00e0 remettre en question notre vision du monde et cette propension \u00e0 aimer les armes, atavisme probable d\u2019une civilisation qui a \u00e9rig\u00e9 la guerre comme le premier et le plus commun des exercices, jusqu\u2019\u00e0 le qualifier lui aussi d\u2019Art ; ensuite l\u2019immersion car avec l\u2019Art contemporain, il n\u2019y a pas de panneau \u00ab ne pas toucher \u00bb, c\u2019est m\u00eame l\u2019inverse ; troisi\u00e8me caract\u00e9ristique, le num\u00e9rique, th\u00e8me de base de l\u2019exposition et du travail de DigitalArti en g\u00e9n\u00e9ral ; enfin, les graines de pissenlit qui remplissent la derni\u00e8re promesse, celle de la nature. On remarquera \u00e9galement le caract\u00e8re forc\u00e9ment m\u00e9taphorique du jeu de pissenlit, pour toute une g\u00e9n\u00e9ration de Fran\u00e7ais et de francophones, pour qui le Larousse a \u00e9t\u00e9 le livre de r\u00e9f\u00e9rence pendant de nombreuses ann\u00e9es. L\u00e0 aussi il y a ironie, car le num\u00e9rique, encore lui, vient changer la donne et met les livres de r\u00e9f\u00e9rence sur l\u2019Internet, voire, les rend collaboratifs et interactifs. Un jour, cette m\u00e9taphore vieille d\u2019un si\u00e8cle ne voudra plus rien dire \u00e0 personne.<\/p>\n<p><strong>quand Google maps devient une \u0153uvre d\u2019Art<\/strong><\/p>\n<p>Deuxi\u00e8me arr\u00eat devant une autre installation, sur un \u00e9cran d\u2019ordinateur (Street Views patchwork, 2009), et \u00e9merveillement devant tant d\u2019ing\u00e9niosit\u00e9 qui m\u2019a fait chercher \u00e0 comprendre l\u2019\u0153uvre pendant un bon moment. Un \u00e9cran partag\u00e9 en 4 montre des images prises via StreetView, la num\u00e9risation du monde r\u00e9alis\u00e9e par la firme de Mountain View, en soi d\u00e9j\u00e0 une prouesse et une \u0153uvre d\u2019Art, surtout dans sa version satellitaire (Google Earth).<\/p>\n<p>&nbsp;<\/p>\n<p><em>[Street Views patchwork : un exemple parmi tant d\u2019autres \u2026]<\/em><\/p>\n<p>L\u2019astuce trouv\u00e9e par <a href=\"http:\/\/julienlevesque.net\">Julien Levesque<\/a>\u00a0c\u2019est d\u2019avoir assembl\u00e9 \u00e0 chaque fois 4 images similaires, mais prises \u00e0 divers endroits de la plan\u00e8te, d\u00e9tournant ainsi le projet hyper r\u00e9aliste de l\u2019indexeur du Web en reconstituant des sc\u00e8nes r\u00e9alistes mais irr\u00e9elles : car les images sont superbement superpos\u00e9es afin de r\u00e9aliser des tableaux tr\u00e8s r\u00e9alistes (j\u2019ai cru un moment que les images repr\u00e9sentaient la m\u00eame sc\u00e8ne \u00e0 des \u00e9poques diff\u00e9rentes !). Prouesse technique impressionnante, mais aussi artistique, car Julien Levesque \u00ab fabrique \u00bb des paysages impossibles et pourtant probables. Cette fois-ci l\u2019immersion est, en surface, passive, mais en fait le spectateur est litt\u00e9ralement aimant\u00e9 par l\u2019\u00e9cran et reconstruit mentalement les diff\u00e9rents paysages (de Finlande, France, Am\u00e9rique ou ailleurs) afin d\u2019imaginer la partie cach\u00e9e de chacune des quatre photos. Dans ce cas l\u2019immersion est intellectuelle, mais quel tour de force !<\/p>\n<p><strong>la sculpture sort de l\u2019imprimante<\/strong><\/p>\n<p><a href=\"https:\/\/visionarymarketing.com\/wp-content\/uploads\/2012\/06\/image6.png\"><img decoding=\"async\" style=\"background-image: none; margin: 0 10px 0 0; padding-left: 0; padding-right: 0; display: inline; float: left; padding-top: 0; border: 0;\" title=\"image\" src=\"https:\/\/visionarymarketing.com\/wp-content\/uploads\/2012\/06\/image_thumb5.png\" alt=\"image\" width=\"198\" height=\"244\" align=\"left\" border=\"0\" \/><\/a>La troisi\u00e8me attraction que j\u2019ai choisie de relater ici est celle de <a href=\"http:\/\/mathieubriand.com\/\">Mathieu Briand<\/a>, Sculptures inhumaines (2009-2011) et ceci pour une raison qui m\u2019est tr\u00e8s personnelle : fin mars \u00e0 San Francisco, j\u2019assistai \u00e0 la cinquanti\u00e8me r\u00e9union de <a href=\"http:\/\/socialmedia.org\">Socialmedia.org<\/a>, l\u2019association des responsables des m\u00e9dias sociaux en grandes entreprise dont je fais partie au nom <a href=\"http:\/\/orange.com\" target=\"_blank\" rel=\"noopener noreferrer\">d\u2019Orange<\/a> depuis 2008. Nous e\u00fbmes alors la chance de rencontrer Chris Anderson, r\u00e9dacteur de chef de Wired, qui nous a d\u00e9dicac\u00e9 la version BD de son c\u00e9l\u00e8bre ouvrage The Long Tail. Anderson nous y pr\u00e9sentait sa vision de la prochaine innovation qui bouleverserait le monde (num\u00e9rique et non num\u00e9rique) : l\u2019impression 3D. Je dois avouer que j\u2019en avais d\u00e9j\u00e0 entendu parler mais que cela repr\u00e9sentait pour moi une de ces visions du futur un peu fumeuses et pas vraiment concr\u00e8te. Je prenais donc bonne note et passais \u00e0 la chose suivante \u2026 jusqu\u2019\u00e0 ce que je tombe sur la sculpture de Mathieu Briand et que j\u2019aie la r\u00e9v\u00e9lation ! Imaginer qu\u2019on puisse \u00ab imprimer \u00bb des objets en trois dimensions est une chose, mais voir une v\u00e9ritable sculpture sortie d\u2019un ordinateur et litt\u00e9ralement imprim\u00e9e dans un proc\u00e9d\u00e9 nomm\u00e9 \u00ab st\u00e9r\u00e9o lithographie \u00bb est autre chose.<\/p>\n<p><a href=\"http:\/\/fr.wikipedia.org\/wiki\/St%C3%A9r%C3%A9olithographie\" target=\"_blank\" rel=\"noopener noreferrer\">Le proc\u00e9d\u00e9, invent\u00e9 dans les ann\u00e9es 80 (sic !) Aux \u00c9tats-Unis<\/a>, permet de sculpter des objets dans la masse d&rsquo;une r\u00e9sine de poudre de polyamide. Cette technique, originellement r\u00e9serv\u00e9e \u00e0 la fabrication de prototypes du fait de la fragilit\u00e9 des sculptures a \u00e9t\u00e9 perfectionn\u00e9e dans les ann\u00e9es 2000 ce qui permet d\u00e9sormais de l&rsquo;utiliser \u00e0 la mani\u00e8re de la fonderie classique. Briand a utilis\u00e9 ce proc\u00e9d\u00e9 pour inventer des arbres impossibles, racines en l&rsquo;air, feuillage en bas, n&rsquo;h\u00e9sitant pas \u00e0 \u00ab planter \u00bb des personnages fantastiques comme le bonhomme au chapeau haut de forme sur le haut de l&rsquo;arbre synth\u00e9tique.<\/p>\n<p>Voici donc pr\u00e9sent\u00e9es succinctement quelques-unes des cr\u00e9ations montr\u00e9es en ce d\u00e9but juin dans les locaux d&rsquo;<a href=\"http:\/\/accenture.com\" target=\"_blank\" rel=\"noopener noreferrer\">Accenture<\/a>.<\/p>\n<p><strong>une nouveaut\u00e9 vieille de 50 ans !<\/strong><\/p>\n<p>\u00c9merveill\u00e9 par tous ces objets qui sortent l&rsquo;Art des mus\u00e9es et des vitrines pour le mettre dans toutes les mains, on pourrait se laisser aller \u00e0 croire qu&rsquo;il s&rsquo;agit d&rsquo;une invention r\u00e9cente : pas du tout, nous explique Anne-C\u00e9cile Worms, \u00ab l\u2019Art num\u00e9rique existe depuis 50 ans ! \u00bb Et je peux en t\u00e9moigner : fils d\u2019un pionnier de l\u2019informatique, j&rsquo;ai moi-m\u00eame eu entre les mains, alors que j&rsquo;\u00e9tais tr\u00e8s jeune, les premi\u00e8res tentatives artistiques qui sortirent des imprimantes \u00e0 aiguille des gros syst\u00e8mes de <a href=\"http:\/\/bull.com\" target=\"_blank\" rel=\"noopener noreferrer\">Bull<\/a> et <a href=\"http:\/\/unisys.com\" target=\"_blank\" rel=\"noopener noreferrer\">Burroughs<\/a>.<\/p>\n<p>C&rsquo;\u00e9tait dans les ann\u00e9es 60\u2026 que de chemin parcouru depuis lors !<\/p>\n<p><strong>_________________<\/strong><\/p>\n<p><strong>Anne-C\u00e9cile Worms, <\/strong>a co-fond\u00e9 avec <span class=\"removed_link\" title=\"http:\/\/fr.linkedin.com\/in\/malo21\">Malo Girod de l\u2019Ain<\/span> et dirige actuellement la soci\u00e9t\u00e9 <span class=\"removed_link\" title=\"http:\/\/www.digitalarti.com\">Digital Art International<\/span> et l\u2019association Musiques &amp; Cultures Digitales. Elle est dipl\u00f4m\u00e9e de l\u2019Institut d\u2019Etudes Politiques de Paris, \u00e9ditrice et journaliste. Digitalarti est un r\u00e9seau social d\u00e9di\u00e9 \u00e0 l\u2019art num\u00e9rique et \u00e0 l\u2019innovation (toutes plateformes, Internet et mobiles), un magazine trimestriel (disponible en version fran\u00e7aise et en version anglaise, en ligne avec vid\u00e9os int\u00e9gr\u00e9es, en pdf, iPad, et papier), une soci\u00e9t\u00e9 de services innovants aux entreprises. Retrouvez-les sur <span class=\"removed_link\" title=\"http:\/\/digitalarti.com\">http:\/\/digitalarti.com<\/span>.<\/p>\n","protected":false},"excerpt":{"rendered":"<p>L&rsquo;Art num\u00e9rique, d\u00e9j\u00e0 \u00e9voqu\u00e9 il y a quelque temps sur ce blog, dans le cadre de Fabfest \u00e0 la Ga\u00eet\u00e9 lyrique, est dans l&rsquo;air du temps. Mais on aurait tort de croire qu&rsquo;il est nouveau. Explications avec Anne C\u00e9cile Worms, cofondatrice de digitalarti, une jeune pousse qui m\u00eale intelligemment art, informatique, multim\u00e9dia et &#8230; business<\/p>\n","protected":false},"author":2,"featured_media":6536,"comment_status":"open","ping_status":"open","sticky":false,"template":"","format":"standard","meta":{"footnotes":""},"categories":[1613],"tags":[],"class_list":["post-6544","post","type-post","status-publish","format-standard","has-post-thumbnail","hentry","category-marketing-digital-marketing"],"yoast_head":"<!-- This site is optimized with the Yoast SEO plugin v27.5 - https:\/\/yoast.com\/product\/yoast-seo-wordpress\/ -->\n<title>Art contemporain : quand digital veut dire tactile - avec Digitalarti<\/title>\n<meta name=\"description\" content=\"L&#039;Art digital, d\u00e9j\u00e0 \u00e9voqu\u00e9 dans le cadre de Fabfest \u00e0 la Ga\u00eet\u00e9 lyrique, est dans l&#039;air du temps. mais est-ce nouveau ?\" \/>\n<meta name=\"robots\" content=\"index, follow, max-snippet:-1, max-image-preview:large, max-video-preview:-1\" \/>\n<link rel=\"canonical\" href=\"https:\/\/visionarymarketing.com\/fr\/2012\/06\/26\/art-digital\/\" \/>\n<meta property=\"og:locale\" content=\"fr_FR\" \/>\n<meta property=\"og:type\" content=\"article\" \/>\n<meta property=\"og:title\" content=\"Art contemporain : quand digital veut dire tactile - avec Digitalarti\" \/>\n<meta property=\"og:description\" content=\"L&#039;Art digital, d\u00e9j\u00e0 \u00e9voqu\u00e9 dans le cadre de Fabfest \u00e0 la Ga\u00eet\u00e9 lyrique, est dans l&#039;air du temps. mais est-ce nouveau ?\" \/>\n<meta property=\"og:url\" content=\"https:\/\/visionarymarketing.com\/fr\/2012\/06\/26\/art-digital\/\" \/>\n<meta property=\"og:site_name\" content=\"Marketing and Innovation\" \/>\n<meta property=\"article:publisher\" content=\"https:\/\/www.facebook.com\/vismktg\" \/>\n<meta property=\"article:author\" content=\"http:\/\/facebook.com\/ygourven\" \/>\n<meta property=\"article:published_time\" content=\"2012-06-26T05:30:07+00:00\" \/>\n<meta property=\"article:modified_time\" content=\"2023-11-27T16:53:57+00:00\" \/>\n<meta property=\"og:image\" content=\"https:\/\/visionarymarketing.com\/wp-content\/uploads\/2012\/06\/image_thumb2-e1595494205487.jpg\" \/>\n\t<meta property=\"og:image:width\" content=\"644\" \/>\n\t<meta property=\"og:image:height\" content=\"365\" \/>\n\t<meta property=\"og:image:type\" content=\"image\/jpeg\" \/>\n<meta name=\"author\" content=\"Yann Gourvennec\" \/>\n<meta name=\"twitter:card\" content=\"summary_large_image\" \/>\n<meta name=\"twitter:creator\" content=\"@ygourven\" \/>\n<meta name=\"twitter:site\" content=\"@ygourven\" \/>\n<meta name=\"twitter:label1\" content=\"\u00c9crit par\" \/>\n\t<meta name=\"twitter:data1\" content=\"Yann Gourvennec\" \/>\n\t<meta name=\"twitter:label2\" content=\"Dur\u00e9e de lecture estim\u00e9e\" \/>\n\t<meta name=\"twitter:data2\" content=\"7 minutes\" \/>\n<script type=\"application\/ld+json\" class=\"yoast-schema-graph\">{\"@context\":\"https:\\\/\\\/schema.org\",\"@graph\":[{\"@type\":\"NewsArticle\",\"@id\":\"https:\\\/\\\/visionarymarketing.com\\\/fr\\\/2012\\\/06\\\/26\\\/art-digital\\\/#article\",\"isPartOf\":{\"@id\":\"https:\\\/\\\/visionarymarketing.com\\\/fr\\\/2012\\\/06\\\/26\\\/art-digital\\\/\"},\"author\":{\"name\":\"Yann Gourvennec\",\"@id\":\"https:\\\/\\\/visionarymarketing.com\\\/fr\\\/#\\\/schema\\\/person\\\/3754fee1e558f47b8deb46f53c37423e\"},\"headline\":\"Art contemporain : quand digital veut dire tactile\",\"datePublished\":\"2012-06-26T05:30:07+00:00\",\"dateModified\":\"2023-11-27T16:53:57+00:00\",\"mainEntityOfPage\":{\"@id\":\"https:\\\/\\\/visionarymarketing.com\\\/fr\\\/2012\\\/06\\\/26\\\/art-digital\\\/\"},\"wordCount\":1467,\"commentCount\":0,\"image\":{\"@id\":\"https:\\\/\\\/visionarymarketing.com\\\/fr\\\/2012\\\/06\\\/26\\\/art-digital\\\/#primaryimage\"},\"thumbnailUrl\":\"https:\\\/\\\/visionarymarketing.com\\\/wp-content\\\/uploads\\\/2012\\\/06\\\/image_thumb2-e1595494205487.jpg\",\"articleSection\":[\"marketing digital\"],\"inLanguage\":\"fr-FR\",\"potentialAction\":[{\"@type\":\"CommentAction\",\"name\":\"Comment\",\"target\":[\"https:\\\/\\\/visionarymarketing.com\\\/fr\\\/2012\\\/06\\\/26\\\/art-digital\\\/#respond\"]}]},{\"@type\":\"WebPage\",\"@id\":\"https:\\\/\\\/visionarymarketing.com\\\/fr\\\/2012\\\/06\\\/26\\\/art-digital\\\/\",\"url\":\"https:\\\/\\\/visionarymarketing.com\\\/fr\\\/2012\\\/06\\\/26\\\/art-digital\\\/\",\"name\":\"Art contemporain : quand digital veut dire tactile - avec Digitalarti\",\"isPartOf\":{\"@id\":\"https:\\\/\\\/visionarymarketing.com\\\/fr\\\/#website\"},\"primaryImageOfPage\":{\"@id\":\"https:\\\/\\\/visionarymarketing.com\\\/fr\\\/2012\\\/06\\\/26\\\/art-digital\\\/#primaryimage\"},\"image\":{\"@id\":\"https:\\\/\\\/visionarymarketing.com\\\/fr\\\/2012\\\/06\\\/26\\\/art-digital\\\/#primaryimage\"},\"thumbnailUrl\":\"https:\\\/\\\/visionarymarketing.com\\\/wp-content\\\/uploads\\\/2012\\\/06\\\/image_thumb2-e1595494205487.jpg\",\"datePublished\":\"2012-06-26T05:30:07+00:00\",\"dateModified\":\"2023-11-27T16:53:57+00:00\",\"author\":{\"@id\":\"https:\\\/\\\/visionarymarketing.com\\\/fr\\\/#\\\/schema\\\/person\\\/3754fee1e558f47b8deb46f53c37423e\"},\"description\":\"L'Art digital, d\u00e9j\u00e0 \u00e9voqu\u00e9 dans le cadre de Fabfest \u00e0 la Ga\u00eet\u00e9 lyrique, est dans l'air du temps. mais est-ce nouveau ?\",\"breadcrumb\":{\"@id\":\"https:\\\/\\\/visionarymarketing.com\\\/fr\\\/2012\\\/06\\\/26\\\/art-digital\\\/#breadcrumb\"},\"inLanguage\":\"fr-FR\",\"potentialAction\":[{\"@type\":\"ReadAction\",\"target\":[\"https:\\\/\\\/visionarymarketing.com\\\/fr\\\/2012\\\/06\\\/26\\\/art-digital\\\/\"]}]},{\"@type\":\"ImageObject\",\"inLanguage\":\"fr-FR\",\"@id\":\"https:\\\/\\\/visionarymarketing.com\\\/fr\\\/2012\\\/06\\\/26\\\/art-digital\\\/#primaryimage\",\"url\":\"https:\\\/\\\/visionarymarketing.com\\\/wp-content\\\/uploads\\\/2012\\\/06\\\/image_thumb2-e1595494205487.jpg\",\"contentUrl\":\"https:\\\/\\\/visionarymarketing.com\\\/wp-content\\\/uploads\\\/2012\\\/06\\\/image_thumb2-e1595494205487.jpg\",\"width\":644,\"height\":365},{\"@type\":\"BreadcrumbList\",\"@id\":\"https:\\\/\\\/visionarymarketing.com\\\/fr\\\/2012\\\/06\\\/26\\\/art-digital\\\/#breadcrumb\",\"itemListElement\":[{\"@type\":\"ListItem\",\"position\":1,\"name\":\"Home\",\"item\":\"https:\\\/\\\/visionarymarketing.com\\\/fr\\\/\"},{\"@type\":\"ListItem\",\"position\":2,\"name\":\"Art contemporain : quand digital veut dire tactile\"}]},{\"@type\":\"WebSite\",\"@id\":\"https:\\\/\\\/visionarymarketing.com\\\/fr\\\/#website\",\"url\":\"https:\\\/\\\/visionarymarketing.com\\\/fr\\\/\",\"name\":\"Marketing and Innovation\",\"description\":\"Site d&#039;infos ind\u00e9pendant, depuis 1996\",\"potentialAction\":[{\"@type\":\"SearchAction\",\"target\":{\"@type\":\"EntryPoint\",\"urlTemplate\":\"https:\\\/\\\/visionarymarketing.com\\\/fr\\\/?s={search_term_string}\"},\"query-input\":{\"@type\":\"PropertyValueSpecification\",\"valueRequired\":true,\"valueName\":\"search_term_string\"}}],\"inLanguage\":\"fr-FR\"},{\"@type\":\"Person\",\"@id\":\"https:\\\/\\\/visionarymarketing.com\\\/fr\\\/#\\\/schema\\\/person\\\/3754fee1e558f47b8deb46f53c37423e\",\"name\":\"Yann Gourvennec\",\"image\":{\"@type\":\"ImageObject\",\"inLanguage\":\"fr-FR\",\"@id\":\"https:\\\/\\\/secure.gravatar.com\\\/avatar\\\/5972001801e8de5692a3e31224e85769f50a55fb8b679749f9c8d1868cceff14?s=96&d=initials&r=g&initials=yg\",\"url\":\"https:\\\/\\\/secure.gravatar.com\\\/avatar\\\/5972001801e8de5692a3e31224e85769f50a55fb8b679749f9c8d1868cceff14?s=96&d=initials&r=g&initials=yg\",\"contentUrl\":\"https:\\\/\\\/secure.gravatar.com\\\/avatar\\\/5972001801e8de5692a3e31224e85769f50a55fb8b679749f9c8d1868cceff14?s=96&d=initials&r=g&initials=yg\",\"caption\":\"Yann Gourvennec\"},\"description\":\"Yann Gourvennec created visionarymarketing.com in 1996. He is a speaker and author of many books. In 2014 he went from intrapreneur to entrepreneur, when he created his digital marketing agency. Yann Gourvennec a cr\u00e9\u00e9 visionarymarketing.com en 1996. Il est conf\u00e9rencier et auteur de plusieurs livres. En 2014, il est pass\u00e9 d'intrapreneur \u00e0 entrepreneur en cr\u00e9ant son agence de marketing num\u00e9rique.\",\"sameAs\":[\"https:\\\/\\\/visionarymarketing.com\",\"http:\\\/\\\/facebook.com\\\/ygourven\",\"http:\\\/\\\/linkedin.com\\\/in\\\/ygourven\",\"https:\\\/\\\/x.com\\\/ygourven\",\"https:\\\/\\\/www.youtube.com\\\/c\\\/visionarymarketingagency\"],\"url\":\"https:\\\/\\\/visionarymarketing.com\\\/fr\\\/author\\\/yann-gourvennec\\\/\"}]}<\/script>\n<!-- \/ Yoast SEO plugin. -->","yoast_head_json":{"title":"Art contemporain : quand digital veut dire tactile - avec Digitalarti","description":"L'Art digital, d\u00e9j\u00e0 \u00e9voqu\u00e9 dans le cadre de Fabfest \u00e0 la Ga\u00eet\u00e9 lyrique, est dans l'air du temps. mais est-ce nouveau ?","robots":{"index":"index","follow":"follow","max-snippet":"max-snippet:-1","max-image-preview":"max-image-preview:large","max-video-preview":"max-video-preview:-1"},"canonical":"https:\/\/visionarymarketing.com\/fr\/2012\/06\/26\/art-digital\/","og_locale":"fr_FR","og_type":"article","og_title":"Art contemporain : quand digital veut dire tactile - avec Digitalarti","og_description":"L'Art digital, d\u00e9j\u00e0 \u00e9voqu\u00e9 dans le cadre de Fabfest \u00e0 la Ga\u00eet\u00e9 lyrique, est dans l'air du temps. mais est-ce nouveau ?","og_url":"https:\/\/visionarymarketing.com\/fr\/2012\/06\/26\/art-digital\/","og_site_name":"Marketing and Innovation","article_publisher":"https:\/\/www.facebook.com\/vismktg","article_author":"http:\/\/facebook.com\/ygourven","article_published_time":"2012-06-26T05:30:07+00:00","article_modified_time":"2023-11-27T16:53:57+00:00","og_image":[{"width":644,"height":365,"url":"https:\/\/visionarymarketing.com\/wp-content\/uploads\/2012\/06\/image_thumb2-e1595494205487.jpg","type":"image\/jpeg"}],"author":"Yann Gourvennec","twitter_card":"summary_large_image","twitter_creator":"@ygourven","twitter_site":"@ygourven","twitter_misc":{"\u00c9crit par":"Yann Gourvennec","Dur\u00e9e de lecture estim\u00e9e":"7 minutes"},"schema":{"@context":"https:\/\/schema.org","@graph":[{"@type":"NewsArticle","@id":"https:\/\/visionarymarketing.com\/fr\/2012\/06\/26\/art-digital\/#article","isPartOf":{"@id":"https:\/\/visionarymarketing.com\/fr\/2012\/06\/26\/art-digital\/"},"author":{"name":"Yann Gourvennec","@id":"https:\/\/visionarymarketing.com\/fr\/#\/schema\/person\/3754fee1e558f47b8deb46f53c37423e"},"headline":"Art contemporain : quand digital veut dire tactile","datePublished":"2012-06-26T05:30:07+00:00","dateModified":"2023-11-27T16:53:57+00:00","mainEntityOfPage":{"@id":"https:\/\/visionarymarketing.com\/fr\/2012\/06\/26\/art-digital\/"},"wordCount":1467,"commentCount":0,"image":{"@id":"https:\/\/visionarymarketing.com\/fr\/2012\/06\/26\/art-digital\/#primaryimage"},"thumbnailUrl":"https:\/\/visionarymarketing.com\/wp-content\/uploads\/2012\/06\/image_thumb2-e1595494205487.jpg","articleSection":["marketing digital"],"inLanguage":"fr-FR","potentialAction":[{"@type":"CommentAction","name":"Comment","target":["https:\/\/visionarymarketing.com\/fr\/2012\/06\/26\/art-digital\/#respond"]}]},{"@type":"WebPage","@id":"https:\/\/visionarymarketing.com\/fr\/2012\/06\/26\/art-digital\/","url":"https:\/\/visionarymarketing.com\/fr\/2012\/06\/26\/art-digital\/","name":"Art contemporain : quand digital veut dire tactile - avec Digitalarti","isPartOf":{"@id":"https:\/\/visionarymarketing.com\/fr\/#website"},"primaryImageOfPage":{"@id":"https:\/\/visionarymarketing.com\/fr\/2012\/06\/26\/art-digital\/#primaryimage"},"image":{"@id":"https:\/\/visionarymarketing.com\/fr\/2012\/06\/26\/art-digital\/#primaryimage"},"thumbnailUrl":"https:\/\/visionarymarketing.com\/wp-content\/uploads\/2012\/06\/image_thumb2-e1595494205487.jpg","datePublished":"2012-06-26T05:30:07+00:00","dateModified":"2023-11-27T16:53:57+00:00","author":{"@id":"https:\/\/visionarymarketing.com\/fr\/#\/schema\/person\/3754fee1e558f47b8deb46f53c37423e"},"description":"L'Art digital, d\u00e9j\u00e0 \u00e9voqu\u00e9 dans le cadre de Fabfest \u00e0 la Ga\u00eet\u00e9 lyrique, est dans l'air du temps. mais est-ce nouveau ?","breadcrumb":{"@id":"https:\/\/visionarymarketing.com\/fr\/2012\/06\/26\/art-digital\/#breadcrumb"},"inLanguage":"fr-FR","potentialAction":[{"@type":"ReadAction","target":["https:\/\/visionarymarketing.com\/fr\/2012\/06\/26\/art-digital\/"]}]},{"@type":"ImageObject","inLanguage":"fr-FR","@id":"https:\/\/visionarymarketing.com\/fr\/2012\/06\/26\/art-digital\/#primaryimage","url":"https:\/\/visionarymarketing.com\/wp-content\/uploads\/2012\/06\/image_thumb2-e1595494205487.jpg","contentUrl":"https:\/\/visionarymarketing.com\/wp-content\/uploads\/2012\/06\/image_thumb2-e1595494205487.jpg","width":644,"height":365},{"@type":"BreadcrumbList","@id":"https:\/\/visionarymarketing.com\/fr\/2012\/06\/26\/art-digital\/#breadcrumb","itemListElement":[{"@type":"ListItem","position":1,"name":"Home","item":"https:\/\/visionarymarketing.com\/fr\/"},{"@type":"ListItem","position":2,"name":"Art contemporain : quand digital veut dire tactile"}]},{"@type":"WebSite","@id":"https:\/\/visionarymarketing.com\/fr\/#website","url":"https:\/\/visionarymarketing.com\/fr\/","name":"Marketing and Innovation","description":"Site d&#039;infos ind\u00e9pendant, depuis 1996","potentialAction":[{"@type":"SearchAction","target":{"@type":"EntryPoint","urlTemplate":"https:\/\/visionarymarketing.com\/fr\/?s={search_term_string}"},"query-input":{"@type":"PropertyValueSpecification","valueRequired":true,"valueName":"search_term_string"}}],"inLanguage":"fr-FR"},{"@type":"Person","@id":"https:\/\/visionarymarketing.com\/fr\/#\/schema\/person\/3754fee1e558f47b8deb46f53c37423e","name":"Yann Gourvennec","image":{"@type":"ImageObject","inLanguage":"fr-FR","@id":"https:\/\/secure.gravatar.com\/avatar\/5972001801e8de5692a3e31224e85769f50a55fb8b679749f9c8d1868cceff14?s=96&d=initials&r=g&initials=yg","url":"https:\/\/secure.gravatar.com\/avatar\/5972001801e8de5692a3e31224e85769f50a55fb8b679749f9c8d1868cceff14?s=96&d=initials&r=g&initials=yg","contentUrl":"https:\/\/secure.gravatar.com\/avatar\/5972001801e8de5692a3e31224e85769f50a55fb8b679749f9c8d1868cceff14?s=96&d=initials&r=g&initials=yg","caption":"Yann Gourvennec"},"description":"Yann Gourvennec created visionarymarketing.com in 1996. He is a speaker and author of many books. In 2014 he went from intrapreneur to entrepreneur, when he created his digital marketing agency. Yann Gourvennec a cr\u00e9\u00e9 visionarymarketing.com en 1996. Il est conf\u00e9rencier et auteur de plusieurs livres. En 2014, il est pass\u00e9 d'intrapreneur \u00e0 entrepreneur en cr\u00e9ant son agence de marketing num\u00e9rique.","sameAs":["https:\/\/visionarymarketing.com","http:\/\/facebook.com\/ygourven","http:\/\/linkedin.com\/in\/ygourven","https:\/\/x.com\/ygourven","https:\/\/www.youtube.com\/c\/visionarymarketingagency"],"url":"https:\/\/visionarymarketing.com\/fr\/author\/yann-gourvennec\/"}]}},"_links":{"self":[{"href":"https:\/\/visionarymarketing.com\/fr\/wp-json\/wp\/v2\/posts\/6544","targetHints":{"allow":["GET"]}}],"collection":[{"href":"https:\/\/visionarymarketing.com\/fr\/wp-json\/wp\/v2\/posts"}],"about":[{"href":"https:\/\/visionarymarketing.com\/fr\/wp-json\/wp\/v2\/types\/post"}],"author":[{"embeddable":true,"href":"https:\/\/visionarymarketing.com\/fr\/wp-json\/wp\/v2\/users\/2"}],"replies":[{"embeddable":true,"href":"https:\/\/visionarymarketing.com\/fr\/wp-json\/wp\/v2\/comments?post=6544"}],"version-history":[{"count":0,"href":"https:\/\/visionarymarketing.com\/fr\/wp-json\/wp\/v2\/posts\/6544\/revisions"}],"wp:featuredmedia":[{"embeddable":true,"href":"https:\/\/visionarymarketing.com\/fr\/wp-json\/wp\/v2\/media\/6536"}],"wp:attachment":[{"href":"https:\/\/visionarymarketing.com\/fr\/wp-json\/wp\/v2\/media?parent=6544"}],"wp:term":[{"taxonomy":"category","embeddable":true,"href":"https:\/\/visionarymarketing.com\/fr\/wp-json\/wp\/v2\/categories?post=6544"},{"taxonomy":"post_tag","embeddable":true,"href":"https:\/\/visionarymarketing.com\/fr\/wp-json\/wp\/v2\/tags?post=6544"}],"curies":[{"name":"wp","href":"https:\/\/api.w.org\/{rel}","templated":true}]}}