{"id":65163,"date":"2021-10-25T07:16:36","date_gmt":"2021-10-25T05:16:36","guid":{"rendered":"https:\/\/visionarymarketing.com\/?p=65163"},"modified":"2024-06-14T07:28:52","modified_gmt":"2024-06-14T05:28:52","slug":"vocabulaire-francais-tic","status":"publish","type":"post","link":"https:\/\/visionarymarketing.com\/fr\/2021\/10\/25\/vocabulaire-francais-tic\/","title":{"rendered":"Vocabulaire de l&rsquo;informatique et des TIC : parlons fran\u00e7ais !"},"content":{"rendered":"<p><em>La question du vocabulaire fran\u00e7ais des TIC est aussi passionnante que passionn\u00e9e. Faut-il remplacer tous les mots de l&rsquo;informatique (pardon, de <a href=\"https:\/\/visionarymarketing.com\/fr\/environnement-travail-futur\/\">l&rsquo;IT<\/a>) par des mots fran\u00e7ais ? La question est \u00e9pineuse et pol\u00e9mique. Mais fort heureusement, l&rsquo;\u00c9tat veille et <a href=\"https:\/\/visionarymarketing.com\/wp-content\/uploads\/2021\/10\/vocabulaire-tic-en-ligne-1.pdf\" target=\"_blank\" rel=\"noopener\">a produit pour nous<\/a> ce\u00a0vocabulaire fran\u00e7ais des techniques de l&rsquo;information et de la communication : les TIC. Un acronyme en trois lettres (Three-letter acronym pour les linguistes) aujourd&rsquo;hui disparu, nous le regrettons am\u00e8rement, mais encore valable sous les ors de la R\u00e9publique.\u00a0<\/em><i>Je vous offre ce petit divertissement linguistique qui pose n\u00e9anmoins des interrogations fondamentales sur les usages d&rsquo;une langue qui n&rsquo;en finit pas \u2014 c&rsquo;est heureux, car cela montre qu&rsquo;elle est vivante \u2014 de se transformer.\u00a0<\/i><\/p>\n<h2>Vocabulaire de l&rsquo;informatique et des TIC : parlons fran\u00e7ais !<\/h2>\n<figure id=\"attachment_65238\" aria-describedby=\"caption-attachment-65238\" style=\"width: 520px\" class=\"wp-caption aligncenter\"><img decoding=\"async\" class=\"size-full wp-image-65238\" src=\"https:\/\/visionarymarketing.com\/wp-content\/uploads\/2021\/10\/vocabulaire-de-informatique-et-des-tic.jpg\" alt=\"Vocabulaire de l'informatique et des TIC : parlons fran\u00e7ais !\" width=\"520\" height=\"340\" srcset=\"https:\/\/visionarymarketing.com\/wp-content\/uploads\/2021\/10\/vocabulaire-de-informatique-et-des-tic.jpg 520w, https:\/\/visionarymarketing.com\/wp-content\/uploads\/2021\/10\/vocabulaire-de-informatique-et-des-tic-459x300.jpg 459w\" sizes=\"(max-width: 520px) 100vw, 520px\" \/><figcaption id=\"caption-attachment-65238\" class=\"wp-caption-text\">Vocabulaire de l&rsquo;informatique et des TIC : parlons fran\u00e7ais !<\/figcaption><\/figure>\n<p>Comme ce sont les vacances de la Toussaint pour certains d&rsquo;entre nous, autant s&rsquo;octroyer un interm\u00e8de r\u00e9cr\u00e9atif en parcourant ensemble un ouvrage aussi divertissant qu&rsquo;instructif, le vocabulaire fran\u00e7ais des techniques de l&rsquo;information et de la communication (TIC).<!--more--><\/p>\n<p>Dans ces bagarres pseudolinguistiques, men\u00e9es par de non moins pseudolinguistes, dignes d&rsquo;un c\u00e9l\u00e8bre village d&rsquo;Armorique, il n&rsquo;y a pas de gagnant ni de perdant.<\/p>\n<p>Le lecteur bienveillant et non pol\u00e9mique \u2014 il para\u00eet que ces deux mots sont \u00e0 la mode \u2014 qui en son for int\u00e9rieur r\u00e9pugne aux salades langagi\u00e8res* et pr\u00e9f\u00e8rera le courriel \u00e0 l&rsquo;e-mail risquera fort de se faire taxer de ringard ; pour le coup, voici un mot bien fran\u00e7ais.<\/p>\n<p><em>*\u00a0\u00bblanguage salad\u00a0\u00bb en anglais pour ceux qui se demanderaient d&rsquo;o\u00f9 vient cette expression bizarre)<\/em><\/p>\n<p><!--more--><\/p>\n<p>D&rsquo;un autre c\u00f4t\u00e9 celui ou celle, toujours aussi bienveillant qui fera remarquer qu&rsquo;il vaut mieux utiliser les mots de tout le monde, y compris les barbarismes les plus laids, se fera quant \u00e0 lui montrer du doigt comme tra\u00eetre \u00e0 la nation. Vous remarquerez au passage, l&rsquo;usage \u00f4 combien os\u00e9 de l&rsquo;<a href=\"https:\/\/visionarymarketing.com\/wp-content\/uploads\/2024\/06\/allo-accent-026allophones.pdf\" target=\"_blank\" rel=\"noopener\">accent circonflexe<\/a>.<\/p>\n<figure id=\"attachment_65240\" aria-describedby=\"caption-attachment-65240\" style=\"width: 1271px\" class=\"wp-caption aligncenter\"><img decoding=\"async\" class=\"wp-image-65240 size-full\" src=\"https:\/\/visionarymarketing.com\/wp-content\/uploads\/2021\/10\/vocabulaire-informatique-francais-tic-bagarre.jpeg\" alt=\"Vocabulaire de l'informatique et des TIC : parlons fran\u00e7ais !\" width=\"1271\" height=\"571\" srcset=\"https:\/\/visionarymarketing.com\/wp-content\/uploads\/2021\/10\/vocabulaire-informatique-francais-tic-bagarre.jpeg 1271w, https:\/\/visionarymarketing.com\/wp-content\/uploads\/2021\/10\/vocabulaire-informatique-francais-tic-bagarre-500x225.jpeg 500w, https:\/\/visionarymarketing.com\/wp-content\/uploads\/2021\/10\/vocabulaire-informatique-francais-tic-bagarre-1024x460.jpeg 1024w, https:\/\/visionarymarketing.com\/wp-content\/uploads\/2021\/10\/vocabulaire-informatique-francais-tic-bagarre-768x345.jpeg 768w\" sizes=\"(max-width: 1271px) 100vw, 1271px\" \/><figcaption id=\"caption-attachment-65240\" class=\"wp-caption-text\">Illustration : Gaulois en pleine discussion sur l&rsquo;usage de leur idiome. Heureusement, ceux-l\u00e0 ne faisaient pas d&rsquo;informatique dont le langage est empreint de barbarismes import\u00e9s de l&rsquo;\u00e9tranger et m\u00eame pire, de l&rsquo;Am\u00e9rique, version moderne de l&rsquo;Empire romain. Sinon on se demande ce que cela aurait donn\u00e9.<\/figcaption><\/figure>\n<p>Et encore, je vous \u00e9pargne l&rsquo;usage de l&rsquo;\u00e9criture inclusive qui semble soulever les passions. J&rsquo;avoue avec honte que je me suis parfois empar\u00e9 de celle-ci en pensant bien faire, avant de m&rsquo;apercevoir que les noms d&rsquo;oiseaux volaient bas \u00e0 l&rsquo;encontre de ces supp\u00f4ts de Satan qui voulaient d\u00e9naturer un sacrosaint idiome dont pourtant la grammaire et l&rsquo;orthographe ont sans cesse \u00e9volu\u00e9.<\/p>\n<blockquote class=\"quote-light\"><p>Contrairement \u00e0 certaines id\u00e9es re\u00e7ues, l&rsquo;histoire du fran\u00e7ais et de son <a title=\"Orthographe\" href=\"https:\/\/fr.wikipedia.org\/wiki\/Orthographe\">orthographe<\/a> comporte de nombreuses r\u00e9formes. De tout temps, l&rsquo;orthographe du fran\u00e7ais a subi de nombreuses rectifications, mais l&rsquo;habitude litt\u00e9raire d&rsquo;adapter les ouvrages dans l&rsquo;orthographe officielle du moment nous donne une impression de continuit\u00e9 que la langue fran\u00e7aise \u00e9crite n&rsquo;a en fait jamais eue [<a href=\"https:\/\/fr.wikipedia.org\/wiki\/Histoire_de_la_langue_fran\u00e7aise#Enrichissement_et_simplification_de_la_langue_fran\u00e7aise\" target=\"_blank\" rel=\"noopener\">source<\/a>]<\/p><\/blockquote>\n<h3>Les luttes fratricides entre d\u00e9fenseurs de la langue fran\u00e7aise et barbares anglicis\u00e9s<\/h3>\n<p>Nous avons v\u00e9cu avec mon ami Herv\u00e9 Kabla \u00e0 de nombreuses reprises ces luttes fratricides, avec notre s\u00e9rie sur le \u00ab\u00a0digital\u00a0\u00bb (<a href=\"https:\/\/visionarymarketing.com\/fr\/2020\/05\/numerique-digital-hypercorrection\/\">a\u00efe<\/a>) publi\u00e9e aux \u00e9ditions Kawa. Kawa, \u00e7a ne sonne pas fran\u00e7ais non plus d&rsquo;ailleurs. Et notons pour notre d\u00e9fense que nous parlons six langues \u00e0 nous deux.<\/p>\n<figure style=\"width: 700px\" class=\"wp-caption alignnone\"><img decoding=\"async\" src=\"https:\/\/visionarymarketing.com\/wp-content\/uploads\/2020\/04\/livres-collection-explique-a-mon-boss-yann-gourvennec.png\" alt=\"vocabulaire informatique et TIC fran\u00e7ais\" width=\"700\" height=\"222\" \/><figcaption class=\"wp-caption-text\">La collection du digital expliqu\u00e9 \u00e0 mon boss&#8230;. euh pardon, du num\u00e9rique expliqu\u00e9 \u00e0 mon patron.<\/figcaption><\/figure>\n<p>Toutes nos tentatives d&rsquo;explication et de pacification ont \u00e9t\u00e9 vaines. Les bagarres ont fait rage. Je ne doute pas que j&rsquo;aurai encore des remarques de ce genre, m\u00eame si avec ce titre, nous ne cherchions pas \u00e0 nous prendre au s\u00e9rieux, car pire que les barbarismes, c&rsquo;est surtout la pr\u00e9tention et le manque d&rsquo;humour qui sont nocifs. Et Dieu sait que ces derniers sont fr\u00e9quemment rencontr\u00e9s ces temps-ci.<\/p>\n<figure id=\"attachment_65260\" aria-describedby=\"caption-attachment-65260\" style=\"width: 850px\" class=\"wp-caption aligncenter\"><img decoding=\"async\" class=\"wp-image-65260 size-full\" src=\"https:\/\/visionarymarketing.com\/wp-content\/uploads\/2021\/10\/le-digital-explique-a-mon-chef-e1635052468160.png\" alt=\"Digital explique a mon chef\" width=\"850\" height=\"454\" \/><figcaption id=\"caption-attachment-65260\" class=\"wp-caption-text\">La nouvelle Book cover de la version en paperback de notre eBook&#8230;<\/figcaption><\/figure>\n<p>Toujours est-il que voici comment nous nous justifiions dans notre dernier ouvrage, le digital expliqu\u00e9 \u00e0 mon boss. L\u00e0 encore, vous\u00a0remarquerez, lecteur avis\u00e9, l&rsquo;usage de l&rsquo;imparfait avec deux i, qui implique une prononciation sp\u00e9ciale et\u00a0particuli\u00e8rement difficultueuse et vous pointerez du\u00a0doigt ces horribles dictionnaires en ligne qui ignorent cette derni\u00e8re \u00e9pith\u00e8te, pourtant superlative. Revenons donc \u00e0 notre notice du digital expliqu\u00e9 \u00e0 mon boss ou plut\u00f4t du \u00a0num\u00e9rique expliqu\u00e9 \u00e0 notre chef bienaim\u00e9.<\/p>\n<p style=\"padding-left: 40px;\"><strong>Le digital, les doigts sur le clavier<\/strong> : doit-on dire digital ou num\u00e9rique ? Puisque nous en sommes aux pr\u00e9liminaires, revenons imm\u00e9diatement sur un sujet qui ne manquera pas encore de faire couler de l\u2019encre, m\u00eame virtuelle, dans les m\u00e9dias sociaux et les zones de commentaires de nos blogs. Faut-il dire \u00ab num\u00e9rique \u00bb ou \u00ab digital \u00bb ? Nous avons, dans l\u2019ouvrage pr\u00e9c\u00e9dent, tent\u00e9 une timide perc\u00e9e pour essayer de justifier ce qui est probablement un barbarisme. Certes, il est tir\u00e9 du latin, mais un barbarisme tout de m\u00eame. Nous avons bataill\u00e9 en ligne \u00e0 de nombreuses reprises contre des z\u00e9lotes du fran\u00e7ais parfait, \u00e0 une \u00e9poque d\u2019orthographe nouvelle o\u00f9 nous nous \u00ab entrainons \u00bb \u00e0 faire \u00ab disparaitre \u00bb (sic) les \u00ab couts \u00bb (re-sic), mais o\u00f9 le \u00ab je\u00fbne \u00bb ne cesse de \u00ab cro\u00eetre \u00bb sur un march\u00e9 \u00ab m\u00fbr \u00bb. En fin de compte, la situation, fort complexe au d\u00e9part, est bien confuse \u00e0 l\u2019arriv\u00e9e. Mais dans le domaine du \u00ab digital \u00bb (nous y venons), la situation est bien pire, car nous y faisons entrer le loup dans la bergerie : l\u2019ennemi h\u00e9r\u00e9ditaire, la perfide Albion (pour les nostalgiques), \u00e0 force de barbarismes et d\u2019emprunts linguistiques.<\/p>\n<p>Note : vous trouverez <a href=\"https:\/\/visionarymarketing.com\/fr\/2020\/05\/numerique-digital-hypercorrection\/\">plus d&rsquo;explications et de points de vue dans ce billet<\/a>.<\/p>\n<h3>Le vocabulaire fran\u00e7ais des TIC que plus personne ne nomme ainsi<\/h3>\n<p>Hormis cela, le monde de l&rsquo;informatique, que plus personne n&rsquo;appelle ainsi depuis maintenant au moins dix ans, s&rsquo;ing\u00e9nue \u00e0 rendre la vie difficile \u00e0 nos concitoyens d\u00e9sireux de comprendre quelque chose aux techniques (<a href=\"https:\/\/visionarymarketing.com\/fr\/2021\/09\/decrypter-les-innovations\/\">et non technologies<\/a> explique \u00e0 juste titre Alain Lefebvre) de l&rsquo;information et de la communication (ou TIC, vocable tomb\u00e9 en d\u00e9su\u00e9tude, mais bien plus po\u00e9tique et doux \u00e0 nos oreilles que l&rsquo;horrible IT [A\u00efe-Ty]).<\/p>\n<p>Il est vrai que les informaticiens exag\u00e8rent et cela ne date pas d&rsquo;aujourd&rsquo;hui. Moi-m\u00eame fils d&rsquo;informaticien, j&rsquo;ai toute ma vie \u00e9t\u00e9 berc\u00e9 des traitements par Batch(es), et du Real Time, des Hard Drives et des RAM (Random Access Memories). Que ces sauvages ne pouvaient-ils parler le langage de Moli\u00e8re ? Le traitement par lots n&rsquo;\u00e9tait pas mal non plus, le temps r\u00e9el, les disques durs et la m\u00e9moire vive se d\u00e9fendaient \u00e9galement.<\/p>\n<h3>L&rsquo;\u00c9tat \u00e0 la rescousse du vocabulaire fran\u00e7ais des TIC<\/h3>\n<p>Mais heureusement, les services de l&rsquo;\u00c9tat veillent au grain.<\/p>\n<p>La premi\u00e8re fois que j&rsquo;ai entendu ces mont\u00e9es au cr\u00e9neau pour la d\u00e9fense de la langue fran\u00e7aise \u2014 elle doit donc \u00eatre en danger, mais le danger ne serait-il pas un danger de l&rsquo;int\u00e9rieur \u2014 c&rsquo;\u00e9tait en 92. J&rsquo;\u00e9tais \u00e0 Londres \u00e0 l&rsquo;\u00e9poque et je parcourais l&rsquo;Europe. Les premiers d\u00e9bats qui men\u00e8rent \u00e0 la fameuse loi de M. Toubon (imm\u00e9diatement surnomm\u00e9 AllGood par les plus fac\u00e9tieux) faisaient des ravages dans l&rsquo;hexagone.<\/p>\n<p>Penaud, je baissais la t\u00eate dans les rues de Milan de peur de me prendre un scud. Notre image \u00e0 l&rsquo;\u00e9tranger n&rsquo;\u00e9tait d\u00e9j\u00e0 pas tr\u00e8s bonne et j&rsquo;avais quelques craintes. Heureusement, celles-ci \u00e9taient totalement injustifi\u00e9es, le monde s&rsquo;en fichait pas mal. Les Fran\u00e7ais de France aussi sans doute. Finalement, le fran\u00e7ais n&rsquo;\u00e9tait peut-\u00eatre pas menac\u00e9, ou en tout cas pas par des gens qui n&rsquo;en avaient rien \u00e0 faire.<\/p>\n<blockquote class=\"quote-light\"><p>La loi no 94-665 du 4 ao\u00fbt 1994 relative \u00e0 l&#8217;emploi de la langue fran\u00e7aise, plus connue sous le nom de loi Toubon, du nom de Jacques Toubon, le ministre de la Culture de l&rsquo;\u00e9poque, est une loi fran\u00e7aise destin\u00e9e \u00e0 prot\u00e9ger le patrimoine linguistique fran\u00e7ais.<\/p>\n<p>Elle vise trois objectifs principaux :<\/p>\n<p>l&rsquo;enrichissement de la langue ;<br \/>\nl&rsquo;obligation d&rsquo;utiliser la langue fran\u00e7aise ;<br \/>\nla d\u00e9fense du fran\u00e7ais en tant que langue de la R\u00e9publique (article 2 de la Constitution de 1958).<br \/>\nElle vise alors \u00e0 assurer la primaut\u00e9 de l&rsquo;usage de termes francophones traditionnels face aux anglicismes.<\/p><\/blockquote>\n<p>On remarquera aussi que le texte encourage le multilinguisme, mais fustige le bilinguisme. Apr\u00e8s tout, on ne sait jamais, au cas o\u00f9 un Breton se mettrait \u00e0 parler la langue qu&rsquo;on lui arrach\u00e9e peut-\u00eatre. Il faut bien se prot\u00e9ger des f\u00e2cheux.<\/p>\n<p>On remarquera enfin que des soci\u00e9t\u00e9s ont \u00e9t\u00e9 s\u00e9v\u00e8rement punies pour avoir fait circuler des documents en anglais. Heureusement qu&rsquo;ils n&rsquo;\u00e9taient pas en allemand ou en espagnol. On a eu chaud. Wikip\u00e9dia n\u2019indique pas le nombre de celles qui au contraire ont \u00e9chapp\u00e9 \u00e0 la punition tout en enfreignant gaillardement la loi, \u00e0 commencer par une grande soci\u00e9t\u00e9 nationale que je connais bien, pourtant \u00e9manation du service public.<\/p>\n<p>Gr\u00e2ce \u00e0 Dieu, le Premier ministre et ses services veillent, et nous ont fourni un vocabulaire des techniques de l&rsquo;information et de la communication (TIC), dont j&rsquo;ignorais jusqu&rsquo;ici l&rsquo;existence et que j&rsquo;ai d\u00e9couvert en fouillant dans ma biblioth\u00e8que \u00e0 la faveur d&rsquo;un d\u00e9m\u00e9nagement.<\/p>\n<h3>France Terme, pour retrouver les versions fran\u00e7aises des mots anglais<\/h3>\n<p>J&rsquo;ai m\u00eame trouv\u00e9 \u00e0 la suite de mes lectures un site web complet qui permet de tester sa capacit\u00e9 \u00e0 parler le sabir informatique francis\u00e9.<\/p>\n<figure id=\"attachment_65247\" aria-describedby=\"caption-attachment-65247\" style=\"width: 1018px\" class=\"wp-caption aligncenter\"><img decoding=\"async\" class=\"wp-image-65247 size-full\" src=\"https:\/\/visionarymarketing.com\/wp-content\/uploads\/2021\/10\/screenshot-2021-10-23-at-192728.png\" alt=\"\" width=\"1018\" height=\"624\" srcset=\"https:\/\/visionarymarketing.com\/wp-content\/uploads\/2021\/10\/screenshot-2021-10-23-at-192728.png 1018w, https:\/\/visionarymarketing.com\/wp-content\/uploads\/2021\/10\/screenshot-2021-10-23-at-192728-489x300.png 489w, https:\/\/visionarymarketing.com\/wp-content\/uploads\/2021\/10\/screenshot-2021-10-23-at-192728-768x471.png 768w\" sizes=\"(max-width: 1018px) 100vw, 1018px\" \/><figcaption id=\"caption-attachment-65247\" class=\"wp-caption-text\"><a href=\"http:\/\/www.culture.fr\/franceterme\/\" target=\"_blank\" rel=\"noopener\">Franceterme est un site<\/a> qui vous permet de rentrer un mot anglais (ici ransomware) et d&rsquo;en d\u00e9couvrir l&rsquo;\u00e9quivalent francis\u00e9. Ainsi, Ransomware devient gr\u00e2ce \u00e0 ce site \u00ab\u00a0logiciel ran\u00e7onneur\u00a0\u00bb au m\u00e9pris de la pratique po\u00e9tique et r\u00e9ussie du \u00ab\u00a0ran\u00e7ongiciel\u00a0\u00bb et en ravivant <a href=\"http:\/\/stella.atilf.fr\/Dendien\/scripts\/tlfiv5\/advanced.exe?8;s=2841019005;\" target=\"_blank\" rel=\"noopener\">une expression vieillie du 18e si\u00e8cle<\/a>.<\/figcaption><\/figure>\n<p>En fait, vous l&rsquo;avez compris, je n&rsquo;ai rien contre les mots francis\u00e9s, bien au contraire. L&rsquo;excellent \u00ab\u00a0<a href=\"https:\/\/visionarymarketing.com\/fr\/2014\/04\/sciences-po-reseautage\/\">r\u00e9seautage<\/a>\u00a0\u00bb invent\u00e9 par nos amis qu\u00e9b\u00e9cois en lieu et place de l&rsquo;horrible networking par exemple fait partie de mon vocabulaire courant.<\/p>\n<p>Mais apr\u00e8s tout, la punition est auto-inflig\u00e9e. Si tant de marketeurs se complaisent \u00e0 jargonner dans un pseudoanglais que ni les Fran\u00e7ais normaux ni les Anglais ne comprennent, ce n&rsquo;est sans doute pas la faute de George Bush (au passage, le \u00ab\u00a0Bushisme\u00a0\u00bb sur le <a href=\"https:\/\/visionarymarketing.com\/fr\/2011\/10\/mettre-en-oeuvre-changement\/\">mot entrepreneur qui n&rsquo;existerait pas en fran\u00e7ais<\/a> est une fausse nouvelle, alias \u00ab\u00a0fake news\u00a0\u00bb, oups !)<\/p>\n<p>Mais au-del\u00e0 de la francisation, c&rsquo;est la bureaucratisation qui m\u00e9rite toute notre attention et ce mot-l\u00e0 est bien fran\u00e7ais, qu&rsquo;on se rassure. Car l&rsquo;enrichissement de la\u00a0langue fran\u00e7aise est une usine \u00e0 gaz bien rod\u00e9e, avec un processus it\u00e9ratif qui passe par un grand nombre d&rsquo;experts et de savants qui nous concoctent une \u00ab\u00a0novlangue\u00a0\u00bb (\u00ab\u00a0newspeak\u00a0\u00bb en anglais pour les nostalgiques de l&rsquo;avant loi Toubon) parfaitement kasher si je puis dire.<\/p>\n<figure id=\"attachment_65244\" aria-describedby=\"caption-attachment-65244\" style=\"width: 739px\" class=\"wp-caption aligncenter\"><img decoding=\"async\" class=\"wp-image-65244 size-full\" src=\"https:\/\/visionarymarketing.com\/wp-content\/uploads\/2021\/10\/screenshot-2021-10-23-at-173220.png\" alt=\"\" width=\"739\" height=\"975\" srcset=\"https:\/\/visionarymarketing.com\/wp-content\/uploads\/2021\/10\/screenshot-2021-10-23-at-173220.png 739w, https:\/\/visionarymarketing.com\/wp-content\/uploads\/2021\/10\/screenshot-2021-10-23-at-173220-227x300.png 227w\" sizes=\"(max-width: 739px) 100vw, 739px\" \/><figcaption id=\"caption-attachment-65244\" class=\"wp-caption-text\">Le processus d&rsquo;enrichissement de la langue fran\u00e7aise passe par l&rsquo;ineffable Com\u00e9die, pardon, Acad\u00e9mie fran\u00e7aise.<\/figcaption><\/figure>\n<p>Voici venir la fin de ce divertissement. Apr\u00e8s tout, point trop n&rsquo;en faut. Comme je vous le disais au d\u00e9but de ce billet, dans ce d\u00e9bat sans fin il n&rsquo;y a ni gagnants ni perdants.<\/p>\n<p>L&rsquo;usage est ce qui fait d&rsquo;une langue ce qu&rsquo;elle est. Mais l&rsquo;histoire aussi, \u00e0 tout le moins. Si les Anglais \u00e9taient aussi intelligents que les Fran\u00e7ais, et s&rsquo;ils l&rsquo;\u00e9taient, cela se saurait, il y a longtemps par exemple qu&rsquo;ils auraient banni ce symbole de l&rsquo;imp\u00e9rialisme normand du 11e si\u00e8cle.<\/p>\n<figure id=\"attachment_65249\" aria-describedby=\"caption-attachment-65249\" style=\"width: 1000px\" class=\"wp-caption aligncenter\"><img decoding=\"async\" class=\"wp-image-65249 size-full\" src=\"https:\/\/visionarymarketing.com\/wp-content\/uploads\/2021\/10\/dieu-et-mon-droit.jpeg\" alt=\"vocabulaire fran\u00e7ais TIC\" width=\"1000\" height=\"734\" srcset=\"https:\/\/visionarymarketing.com\/wp-content\/uploads\/2021\/10\/dieu-et-mon-droit.jpeg 1000w, https:\/\/visionarymarketing.com\/wp-content\/uploads\/2021\/10\/dieu-et-mon-droit-409x300.jpeg 409w, https:\/\/visionarymarketing.com\/wp-content\/uploads\/2021\/10\/dieu-et-mon-droit-768x564.jpeg 768w\" sizes=\"(max-width: 1000px) 100vw, 1000px\" \/><figcaption id=\"caption-attachment-65249\" class=\"wp-caption-text\">Source <a href=\"https:\/\/www.monarchiebritannique.com\" target=\"_blank\" rel=\"noopener\">Monarchiebritannique.com<\/a>\u00a0&#8211; l&rsquo;honneur est sauf c&rsquo;est un site en fran\u00e7ais<\/figcaption><\/figure>\n<p>Ou celui-ci encore<\/p>\n<figure id=\"attachment_65250\" aria-describedby=\"caption-attachment-65250\" style=\"width: 698px\" class=\"wp-caption aligncenter\"><img decoding=\"async\" class=\"wp-image-65250 size-full\" src=\"https:\/\/visionarymarketing.com\/wp-content\/uploads\/2021\/10\/698px-order-of-the-garter-01.jpg\" alt=\"vocabulaire fran\u00e7ais TIC\" width=\"698\" height=\"720\" srcset=\"https:\/\/visionarymarketing.com\/wp-content\/uploads\/2021\/10\/698px-order-of-the-garter-01.jpg 698w, https:\/\/visionarymarketing.com\/wp-content\/uploads\/2021\/10\/698px-order-of-the-garter-01-291x300.jpg 291w\" sizes=\"(max-width: 698px) 100vw, 698px\" \/><figcaption id=\"caption-attachment-65250\" class=\"wp-caption-text\"><a href=\"https:\/\/en.wikipedia.org\/wiki\/Order_of_the_Garter\" target=\"_blank\" rel=\"noopener\">Source Wikip\u00e9dia<\/a><\/figcaption><\/figure>\n<p>Pourtant photographi\u00e9 au ch\u00e2teau de Windsor. Un peu comme si au-dessus de l&rsquo;\u00c9lys\u00e9e, on avait \u00ab\u00a0Shame on him who thinks evil of it\u00a0\u00bb ce qui ne serait probablement pas d\u00e9plac\u00e9 tant les gouvernants et notables anglais, qui \u00e9taient pour la plupart fran\u00e7ais au moins jusqu&rsquo;\u00e0 ce que la Grande Peste vienne les d\u00e9cimer \u00e0 partir de 1348*, \u00e9taient chez eux ici ou du moins en de nombreux endroits de la Normandie, de l&rsquo;Anjou et d&rsquo;ailleurs.<\/p>\n<p><i>*[source et lecture conseill\u00e9e : Christopher Lee, This Sceptred Isle pp 76-98 &#8211; o\u00f9 vous verrez que la moiti\u00e9 de la population a disparu sous l&rsquo;effet de ce virus, bien plus m\u00e9chant que le Covid, et qu&rsquo;il toucha plus durement les centre-villes o\u00f9 r\u00e9sidaient les nobles normands et angevins qui tenaient les r\u00eanes du pays. Ces derniers furent d\u00e9cim\u00e9s, ce qui contribua \u00e0 la disparition du fran\u00e7ais,\u00a0progressivement remplac\u00e9 par le vieil anglais, du\u00a0fait de l&rsquo;afflux de personnes ramen\u00e9es des campagnes afin de repeupler les villes]<\/i><\/p>\n<p>Plus croustillants, \u00e0 l&rsquo;aune de cette loi aussi exotique qu&rsquo;inapplicable, sont les cours et programmes scolaires dans les \u00e9coles de l&rsquo;enseignement sup\u00e9rieur, dispens\u00e9 en anglais, y compris dans la plus prestigieuse des universit\u00e9s de gestion du royaume. Je ne pourrai dissimuler ma jubilation \u00e0 avoir contribu\u00e9 \u00e0 enseigner dans la langue sc\u00e9l\u00e9rate au m\u00e9pris de cette r\u00e8gle si stricte. Une sorte de revanche de mes anc\u00eatres \u00e0 qui on a si intelligemment pourtant interdit de cracher par terre et de parler leur langue.<\/p>\n<p>Me zo ganet e kreiz er mor&#8230; \u00e9crivait le po\u00e8te qui s&rsquo;est battu pour un pays dont il ne pratiquait la langue. Nous avons bien besoin d&rsquo;un peu de po\u00e9sie dans ce monde de brutes.<\/p>\n<p>Je vous souhaite d&rsquo;excellentes vacances, avec le dictionnaire des techniques de l&rsquo;information et de la communication (ci-dessous), dans lequel vous trouverez \u2014 en oubliant mes remarques fac\u00e9tieuses \u2014 un peu d\u2019inspiration pour parler le fran\u00e7ais des TIC correctement.<\/p>\n<p>Et pour finir, je vous invite \u00e0 regarder cette vid\u00e9o de Linguisticae d\u00e9di\u00e9e \u00e0 l&rsquo;anglais et sa pratique, o\u00f9 vous comprendrez pourquoi les Fran\u00e7ais sont mauvais en anglais, pourquoi l&rsquo;anglais est une langue riche \u2014 et non pauvre comme vous l\u2019imaginez \u2014 que le fran\u00e7ais au contraire un idiome pauvre \u2014 au m\u00e9pris de ce que l\u2019on vous a probablement inculqu\u00e9, m\u00eame si vous pensez que cela est une injustice.<\/p>\n<p>On aurait pu ajouter aussi que le fran\u00e7ais est une langue nasale, beaucoup moins que le breton tout de m\u00eame, et que pour des Britanniques, il sonne un peu comme l&rsquo;allemand \u00e0 vos oreilles, avec des sons (on\/en\/ein, etc.) qui les font beaucoup rire. Comme quoi, v\u00e9rit\u00e9 en de\u00e7\u00e0 des Pyr\u00e9n\u00e9es, erreur au-del\u00e0&#8230;<\/p>\n<p><iframe title=\"Les fran\u00e7ais ont-ils un probl\u00e8me avec l&#039;anglais? - MLTP#9\" width=\"500\" height=\"281\" src=\"https:\/\/www.youtube.com\/embed\/kVOxyBDqD1k?feature=oembed\" frameborder=\"0\" allow=\"accelerometer; autoplay; clipboard-write; encrypted-media; gyroscope; picture-in-picture; web-share\" referrerpolicy=\"strict-origin-when-cross-origin\" allowfullscreen><\/iframe><\/p>\n<p><strong>Vocabulaire fran\u00e7ais des techniques de l&rsquo;information et de la communication (TIC)<\/strong><\/p>\n<p>https:\/\/visionarymarketing.com\/wp-content\/uploads\/2021\/10\/vocabulaire-tic-en-ligne.pdf<\/p>\n<div itemscope itemtype=\"http:\/\/schema.org\/AudioObject\"><meta itemprop=\"name\" content=\"Vocabulaire de l&amp;rsquo;informatique et des TIC : parlons fran\u00e7ais !\" \/><meta itemprop=\"uploadDate\" content=\"2021-10-25T07:16:36+02:00\" \/><meta itemprop=\"encodingFormat\" content=\"audio\/mpeg\" \/><meta itemprop=\"duration\" content=\"PT13M51S\" \/><meta itemprop=\"description\" content=\"La question du vocabulaire fran\u00e7ais des TIC est aussi passionnante que passionn\u00e9e. Faut-il remplacer tous les mots de l&#039;informatique (pardon, de l&#039;IT) par des mots fran\u00e7ais ? La question est \u00e9pineuse et pol\u00e9mique. Mais fort heureusement, l&#039;\u00c9tat veill...\" \/><meta itemprop=\"contentUrl\" content=\"https:\/\/media.blubrry.com\/visionarymarketing_les\/agence.visionarymarketing.com\/files\/podcasts\/2021-10-25-vocabulaire-TIC-francais-mixdown.mp3\" \/><meta itemprop=\"contentSize\" content=\"19.1\" \/><div class=\"powerpress_player\" id=\"powerpress_player_1993\"><audio class=\"wp-audio-shortcode\" id=\"audio-65163-1\" preload=\"none\" style=\"width: 100%;\" controls=\"controls\"><source type=\"audio\/mpeg\" src=\"https:\/\/media.blubrry.com\/visionarymarketing_les\/agence.visionarymarketing.com\/files\/podcasts\/2021-10-25-vocabulaire-TIC-francais-mixdown.mp3?_=1\" \/><a href=\"https:\/\/media.blubrry.com\/visionarymarketing_les\/agence.visionarymarketing.com\/files\/podcasts\/2021-10-25-vocabulaire-TIC-francais-mixdown.mp3\">https:\/\/media.blubrry.com\/visionarymarketing_les\/agence.visionarymarketing.com\/files\/podcasts\/2021-10-25-vocabulaire-TIC-francais-mixdown.mp3<\/a><\/audio><\/div><\/div><p class=\"powerpress_links powerpress_links_mp3\" style=\"margin-bottom: 1px !important;\">Podcast: <a href=\"https:\/\/media.blubrry.com\/visionarymarketing_les\/agence.visionarymarketing.com\/files\/podcasts\/2021-10-25-vocabulaire-TIC-francais-mixdown.mp3\" class=\"powerpress_link_pinw\" target=\"_blank\" title=\"Play in new window\" onclick=\"return powerpress_pinw('https:\/\/visionarymarketing.com\/fr\/\/?powerpress_pinw=65163-podcast');\" rel=\"nofollow\">Play in new window<\/a> | <a href=\"https:\/\/media.blubrry.com\/visionarymarketing_les\/agence.visionarymarketing.com\/files\/podcasts\/2021-10-25-vocabulaire-TIC-francais-mixdown.mp3\" class=\"powerpress_link_d\" title=\"Download\" rel=\"nofollow\" download=\"2021-10-25-vocabulaire-TIC-francais-mixdown.mp3\">Download<\/a> (Duration: 13:51 &#8212; 19.1MB)<\/p><p class=\"powerpress_links powerpress_subscribe_links\">Subscribe: <a href=\"https:\/\/itunes.apple.com\/us\/podcast\/visionarymarketing-les-interviews\/id731295319?mt=2&amp;ls=1#episodeGuid=https%3A%2F%2Fvisionarymarketing.com%2F%3Fp%3D65163\" class=\"powerpress_link_subscribe powerpress_link_subscribe_itunes\" target=\"_blank\" title=\"Subscribe on Apple Podcasts\" rel=\"nofollow\">Apple Podcasts<\/a> | <a href=\"https:\/\/open.spotify.com\/show\/52VnZ1mhVSnDs4tQOx7Vuc\" class=\"powerpress_link_subscribe powerpress_link_subscribe_spotify\" target=\"_blank\" title=\"Subscribe on Spotify\" rel=\"nofollow\">Spotify<\/a> | <a href=\"https:\/\/subscribeonandroid.com\/visionarymarketing.com\/fr\/feed\/podcast\/\" class=\"powerpress_link_subscribe powerpress_link_subscribe_android\" target=\"_blank\" title=\"Subscribe on Android\" rel=\"nofollow\">Android<\/a> | <a href=\"https:\/\/visionarymarketing.com\/fr\/feed\/podcast\/\" class=\"powerpress_link_subscribe powerpress_link_subscribe_rss\" target=\"_blank\" title=\"Subscribe via RSS\" rel=\"nofollow\">RSS<\/a><\/p>","protected":false},"excerpt":{"rendered":"<p>La question du vocabulaire fran\u00e7ais des TIC est aussi passionnante que passionn\u00e9e. Faut-il remplacer tous les mots de l&rsquo;informatique (pardon, de l&rsquo;IT) par des mots fran\u00e7ais ? La question est \u00e9pineuse et pol\u00e9mique. Mais fort heureusement, l&rsquo;\u00c9tat veille et a produit pour nous ce\u00a0vocabulaire fran\u00e7ais des techniques de l&rsquo;information et de la communication : les &hellip;<\/p>\n","protected":false},"author":2,"featured_media":65238,"comment_status":"open","ping_status":"open","sticky":false,"template":"","format":"standard","meta":{"footnotes":""},"categories":[134],"tags":[],"class_list":["post-65163","post","type-post","status-publish","format-standard","has-post-thumbnail","hentry","category-economie"],"yoast_head":"<!-- This site is optimized with the Yoast SEO plugin v27.5 - https:\/\/yoast.com\/product\/yoast-seo-wordpress\/ -->\n<title>Vocabulaire de l&#039;informatique et des TIC : parlons fran\u00e7ais !<\/title>\n<meta name=\"description\" content=\"Faut-il remplacer tous le vocabulaire de l&#039;informatique et TIC (pardon, de l&#039;IT) par des mots fran\u00e7ais ? La question est \u00e9pineuse\" \/>\n<meta name=\"robots\" content=\"index, follow, max-snippet:-1, max-image-preview:large, max-video-preview:-1\" \/>\n<link rel=\"canonical\" href=\"https:\/\/visionarymarketing.com\/fr\/2021\/10\/25\/vocabulaire-francais-tic\/\" \/>\n<meta property=\"og:locale\" content=\"fr_FR\" \/>\n<meta property=\"og:type\" content=\"article\" \/>\n<meta property=\"og:title\" content=\"Vocabulaire de l&#039;informatique et des TIC : parlons fran\u00e7ais !\" \/>\n<meta property=\"og:description\" content=\"Faut-il remplacer tous le vocabulaire de l&#039;informatique et TIC (pardon, de l&#039;IT) par des mots fran\u00e7ais ? La question est \u00e9pineuse\" \/>\n<meta property=\"og:url\" content=\"https:\/\/visionarymarketing.com\/fr\/2021\/10\/25\/vocabulaire-francais-tic\/\" \/>\n<meta property=\"og:site_name\" content=\"Marketing and Innovation\" \/>\n<meta property=\"article:publisher\" content=\"https:\/\/www.facebook.com\/vismktg\" \/>\n<meta property=\"article:author\" content=\"http:\/\/facebook.com\/ygourven\" \/>\n<meta property=\"article:published_time\" content=\"2021-10-25T05:16:36+00:00\" \/>\n<meta property=\"article:modified_time\" content=\"2024-06-14T05:28:52+00:00\" \/>\n<meta property=\"og:image\" content=\"https:\/\/visionarymarketing.com\/wp-content\/uploads\/2021\/10\/vocabulaire-de-informatique-et-des-tic.jpg\" \/>\n\t<meta property=\"og:image:width\" content=\"520\" \/>\n\t<meta property=\"og:image:height\" content=\"340\" \/>\n\t<meta property=\"og:image:type\" content=\"image\/jpeg\" \/>\n<meta name=\"author\" content=\"Yann Gourvennec\" \/>\n<meta name=\"twitter:card\" content=\"summary_large_image\" \/>\n<meta name=\"twitter:creator\" content=\"@ygourven\" \/>\n<meta name=\"twitter:site\" content=\"@ygourven\" \/>\n<meta name=\"twitter:label1\" content=\"\u00c9crit par\" \/>\n\t<meta name=\"twitter:data1\" content=\"Yann Gourvennec\" \/>\n\t<meta name=\"twitter:label2\" content=\"Dur\u00e9e de lecture estim\u00e9e\" \/>\n\t<meta name=\"twitter:data2\" content=\"12 minutes\" \/>\n<script type=\"application\/ld+json\" class=\"yoast-schema-graph\">{\"@context\":\"https:\\\/\\\/schema.org\",\"@graph\":[{\"@type\":\"NewsArticle\",\"@id\":\"https:\\\/\\\/visionarymarketing.com\\\/fr\\\/2021\\\/10\\\/25\\\/vocabulaire-francais-tic\\\/#article\",\"isPartOf\":{\"@id\":\"https:\\\/\\\/visionarymarketing.com\\\/fr\\\/2021\\\/10\\\/25\\\/vocabulaire-francais-tic\\\/\"},\"author\":{\"name\":\"Yann Gourvennec\",\"@id\":\"https:\\\/\\\/visionarymarketing.com\\\/fr\\\/#\\\/schema\\\/person\\\/3754fee1e558f47b8deb46f53c37423e\"},\"headline\":\"Vocabulaire de l&rsquo;informatique et des TIC : parlons fran\u00e7ais !\",\"datePublished\":\"2021-10-25T05:16:36+00:00\",\"dateModified\":\"2024-06-14T05:28:52+00:00\",\"mainEntityOfPage\":{\"@id\":\"https:\\\/\\\/visionarymarketing.com\\\/fr\\\/2021\\\/10\\\/25\\\/vocabulaire-francais-tic\\\/\"},\"wordCount\":2625,\"commentCount\":1,\"image\":{\"@id\":\"https:\\\/\\\/visionarymarketing.com\\\/fr\\\/2021\\\/10\\\/25\\\/vocabulaire-francais-tic\\\/#primaryimage\"},\"thumbnailUrl\":\"https:\\\/\\\/visionarymarketing.com\\\/wp-content\\\/uploads\\\/2021\\\/10\\\/vocabulaire-de-informatique-et-des-tic.jpg\",\"articleSection\":[\"\u00e9conomie et num\u00e9rique\"],\"inLanguage\":\"fr-FR\",\"potentialAction\":[{\"@type\":\"CommentAction\",\"name\":\"Comment\",\"target\":[\"https:\\\/\\\/visionarymarketing.com\\\/fr\\\/2021\\\/10\\\/25\\\/vocabulaire-francais-tic\\\/#respond\"]}]},{\"@type\":\"WebPage\",\"@id\":\"https:\\\/\\\/visionarymarketing.com\\\/fr\\\/2021\\\/10\\\/25\\\/vocabulaire-francais-tic\\\/\",\"url\":\"https:\\\/\\\/visionarymarketing.com\\\/fr\\\/2021\\\/10\\\/25\\\/vocabulaire-francais-tic\\\/\",\"name\":\"Vocabulaire de l'informatique et des TIC : parlons fran\u00e7ais !\",\"isPartOf\":{\"@id\":\"https:\\\/\\\/visionarymarketing.com\\\/fr\\\/#website\"},\"primaryImageOfPage\":{\"@id\":\"https:\\\/\\\/visionarymarketing.com\\\/fr\\\/2021\\\/10\\\/25\\\/vocabulaire-francais-tic\\\/#primaryimage\"},\"image\":{\"@id\":\"https:\\\/\\\/visionarymarketing.com\\\/fr\\\/2021\\\/10\\\/25\\\/vocabulaire-francais-tic\\\/#primaryimage\"},\"thumbnailUrl\":\"https:\\\/\\\/visionarymarketing.com\\\/wp-content\\\/uploads\\\/2021\\\/10\\\/vocabulaire-de-informatique-et-des-tic.jpg\",\"datePublished\":\"2021-10-25T05:16:36+00:00\",\"dateModified\":\"2024-06-14T05:28:52+00:00\",\"author\":{\"@id\":\"https:\\\/\\\/visionarymarketing.com\\\/fr\\\/#\\\/schema\\\/person\\\/3754fee1e558f47b8deb46f53c37423e\"},\"description\":\"Faut-il remplacer tous le vocabulaire de l'informatique et TIC (pardon, de l'IT) par des mots fran\u00e7ais ? La question est \u00e9pineuse\",\"breadcrumb\":{\"@id\":\"https:\\\/\\\/visionarymarketing.com\\\/fr\\\/2021\\\/10\\\/25\\\/vocabulaire-francais-tic\\\/#breadcrumb\"},\"inLanguage\":\"fr-FR\",\"potentialAction\":[{\"@type\":\"ReadAction\",\"target\":[\"https:\\\/\\\/visionarymarketing.com\\\/fr\\\/2021\\\/10\\\/25\\\/vocabulaire-francais-tic\\\/\"]}]},{\"@type\":\"ImageObject\",\"inLanguage\":\"fr-FR\",\"@id\":\"https:\\\/\\\/visionarymarketing.com\\\/fr\\\/2021\\\/10\\\/25\\\/vocabulaire-francais-tic\\\/#primaryimage\",\"url\":\"https:\\\/\\\/visionarymarketing.com\\\/wp-content\\\/uploads\\\/2021\\\/10\\\/vocabulaire-de-informatique-et-des-tic.jpg\",\"contentUrl\":\"https:\\\/\\\/visionarymarketing.com\\\/wp-content\\\/uploads\\\/2021\\\/10\\\/vocabulaire-de-informatique-et-des-tic.jpg\",\"width\":520,\"height\":340,\"caption\":\"Vocabulaire de l'informatique et des TIC : parlons fran\u00e7ais !\"},{\"@type\":\"BreadcrumbList\",\"@id\":\"https:\\\/\\\/visionarymarketing.com\\\/fr\\\/2021\\\/10\\\/25\\\/vocabulaire-francais-tic\\\/#breadcrumb\",\"itemListElement\":[{\"@type\":\"ListItem\",\"position\":1,\"name\":\"Home\",\"item\":\"https:\\\/\\\/visionarymarketing.com\\\/fr\\\/\"},{\"@type\":\"ListItem\",\"position\":2,\"name\":\"Vocabulaire de l&#8217;informatique et des TIC : parlons fran\u00e7ais !\"}]},{\"@type\":\"WebSite\",\"@id\":\"https:\\\/\\\/visionarymarketing.com\\\/fr\\\/#website\",\"url\":\"https:\\\/\\\/visionarymarketing.com\\\/fr\\\/\",\"name\":\"Marketing and Innovation\",\"description\":\"Site d&#039;infos ind\u00e9pendant, depuis 1996\",\"potentialAction\":[{\"@type\":\"SearchAction\",\"target\":{\"@type\":\"EntryPoint\",\"urlTemplate\":\"https:\\\/\\\/visionarymarketing.com\\\/fr\\\/?s={search_term_string}\"},\"query-input\":{\"@type\":\"PropertyValueSpecification\",\"valueRequired\":true,\"valueName\":\"search_term_string\"}}],\"inLanguage\":\"fr-FR\"},{\"@type\":\"Person\",\"@id\":\"https:\\\/\\\/visionarymarketing.com\\\/fr\\\/#\\\/schema\\\/person\\\/3754fee1e558f47b8deb46f53c37423e\",\"name\":\"Yann Gourvennec\",\"image\":{\"@type\":\"ImageObject\",\"inLanguage\":\"fr-FR\",\"@id\":\"https:\\\/\\\/secure.gravatar.com\\\/avatar\\\/5972001801e8de5692a3e31224e85769f50a55fb8b679749f9c8d1868cceff14?s=96&d=initials&r=g&initials=yg\",\"url\":\"https:\\\/\\\/secure.gravatar.com\\\/avatar\\\/5972001801e8de5692a3e31224e85769f50a55fb8b679749f9c8d1868cceff14?s=96&d=initials&r=g&initials=yg\",\"contentUrl\":\"https:\\\/\\\/secure.gravatar.com\\\/avatar\\\/5972001801e8de5692a3e31224e85769f50a55fb8b679749f9c8d1868cceff14?s=96&d=initials&r=g&initials=yg\",\"caption\":\"Yann Gourvennec\"},\"description\":\"Yann Gourvennec created visionarymarketing.com in 1996. He is a speaker and author of many books. In 2014 he went from intrapreneur to entrepreneur, when he created his digital marketing agency. Yann Gourvennec a cr\u00e9\u00e9 visionarymarketing.com en 1996. Il est conf\u00e9rencier et auteur de plusieurs livres. En 2014, il est pass\u00e9 d'intrapreneur \u00e0 entrepreneur en cr\u00e9ant son agence de marketing num\u00e9rique.\",\"sameAs\":[\"https:\\\/\\\/visionarymarketing.com\",\"http:\\\/\\\/facebook.com\\\/ygourven\",\"http:\\\/\\\/linkedin.com\\\/in\\\/ygourven\",\"https:\\\/\\\/x.com\\\/ygourven\",\"https:\\\/\\\/www.youtube.com\\\/c\\\/visionarymarketingagency\"],\"url\":\"https:\\\/\\\/visionarymarketing.com\\\/fr\\\/author\\\/yann-gourvennec\\\/\"}]}<\/script>\n<!-- \/ Yoast SEO plugin. -->","yoast_head_json":{"title":"Vocabulaire de l'informatique et des TIC : parlons fran\u00e7ais !","description":"Faut-il remplacer tous le vocabulaire de l'informatique et TIC (pardon, de l'IT) par des mots fran\u00e7ais ? La question est \u00e9pineuse","robots":{"index":"index","follow":"follow","max-snippet":"max-snippet:-1","max-image-preview":"max-image-preview:large","max-video-preview":"max-video-preview:-1"},"canonical":"https:\/\/visionarymarketing.com\/fr\/2021\/10\/25\/vocabulaire-francais-tic\/","og_locale":"fr_FR","og_type":"article","og_title":"Vocabulaire de l'informatique et des TIC : parlons fran\u00e7ais !","og_description":"Faut-il remplacer tous le vocabulaire de l'informatique et TIC (pardon, de l'IT) par des mots fran\u00e7ais ? La question est \u00e9pineuse","og_url":"https:\/\/visionarymarketing.com\/fr\/2021\/10\/25\/vocabulaire-francais-tic\/","og_site_name":"Marketing and Innovation","article_publisher":"https:\/\/www.facebook.com\/vismktg","article_author":"http:\/\/facebook.com\/ygourven","article_published_time":"2021-10-25T05:16:36+00:00","article_modified_time":"2024-06-14T05:28:52+00:00","og_image":[{"width":520,"height":340,"url":"https:\/\/visionarymarketing.com\/wp-content\/uploads\/2021\/10\/vocabulaire-de-informatique-et-des-tic.jpg","type":"image\/jpeg"}],"author":"Yann Gourvennec","twitter_card":"summary_large_image","twitter_creator":"@ygourven","twitter_site":"@ygourven","twitter_misc":{"\u00c9crit par":"Yann Gourvennec","Dur\u00e9e de lecture estim\u00e9e":"12 minutes"},"schema":{"@context":"https:\/\/schema.org","@graph":[{"@type":"NewsArticle","@id":"https:\/\/visionarymarketing.com\/fr\/2021\/10\/25\/vocabulaire-francais-tic\/#article","isPartOf":{"@id":"https:\/\/visionarymarketing.com\/fr\/2021\/10\/25\/vocabulaire-francais-tic\/"},"author":{"name":"Yann Gourvennec","@id":"https:\/\/visionarymarketing.com\/fr\/#\/schema\/person\/3754fee1e558f47b8deb46f53c37423e"},"headline":"Vocabulaire de l&rsquo;informatique et des TIC : parlons fran\u00e7ais !","datePublished":"2021-10-25T05:16:36+00:00","dateModified":"2024-06-14T05:28:52+00:00","mainEntityOfPage":{"@id":"https:\/\/visionarymarketing.com\/fr\/2021\/10\/25\/vocabulaire-francais-tic\/"},"wordCount":2625,"commentCount":1,"image":{"@id":"https:\/\/visionarymarketing.com\/fr\/2021\/10\/25\/vocabulaire-francais-tic\/#primaryimage"},"thumbnailUrl":"https:\/\/visionarymarketing.com\/wp-content\/uploads\/2021\/10\/vocabulaire-de-informatique-et-des-tic.jpg","articleSection":["\u00e9conomie et num\u00e9rique"],"inLanguage":"fr-FR","potentialAction":[{"@type":"CommentAction","name":"Comment","target":["https:\/\/visionarymarketing.com\/fr\/2021\/10\/25\/vocabulaire-francais-tic\/#respond"]}]},{"@type":"WebPage","@id":"https:\/\/visionarymarketing.com\/fr\/2021\/10\/25\/vocabulaire-francais-tic\/","url":"https:\/\/visionarymarketing.com\/fr\/2021\/10\/25\/vocabulaire-francais-tic\/","name":"Vocabulaire de l'informatique et des TIC : parlons fran\u00e7ais !","isPartOf":{"@id":"https:\/\/visionarymarketing.com\/fr\/#website"},"primaryImageOfPage":{"@id":"https:\/\/visionarymarketing.com\/fr\/2021\/10\/25\/vocabulaire-francais-tic\/#primaryimage"},"image":{"@id":"https:\/\/visionarymarketing.com\/fr\/2021\/10\/25\/vocabulaire-francais-tic\/#primaryimage"},"thumbnailUrl":"https:\/\/visionarymarketing.com\/wp-content\/uploads\/2021\/10\/vocabulaire-de-informatique-et-des-tic.jpg","datePublished":"2021-10-25T05:16:36+00:00","dateModified":"2024-06-14T05:28:52+00:00","author":{"@id":"https:\/\/visionarymarketing.com\/fr\/#\/schema\/person\/3754fee1e558f47b8deb46f53c37423e"},"description":"Faut-il remplacer tous le vocabulaire de l'informatique et TIC (pardon, de l'IT) par des mots fran\u00e7ais ? La question est \u00e9pineuse","breadcrumb":{"@id":"https:\/\/visionarymarketing.com\/fr\/2021\/10\/25\/vocabulaire-francais-tic\/#breadcrumb"},"inLanguage":"fr-FR","potentialAction":[{"@type":"ReadAction","target":["https:\/\/visionarymarketing.com\/fr\/2021\/10\/25\/vocabulaire-francais-tic\/"]}]},{"@type":"ImageObject","inLanguage":"fr-FR","@id":"https:\/\/visionarymarketing.com\/fr\/2021\/10\/25\/vocabulaire-francais-tic\/#primaryimage","url":"https:\/\/visionarymarketing.com\/wp-content\/uploads\/2021\/10\/vocabulaire-de-informatique-et-des-tic.jpg","contentUrl":"https:\/\/visionarymarketing.com\/wp-content\/uploads\/2021\/10\/vocabulaire-de-informatique-et-des-tic.jpg","width":520,"height":340,"caption":"Vocabulaire de l'informatique et des TIC : parlons fran\u00e7ais !"},{"@type":"BreadcrumbList","@id":"https:\/\/visionarymarketing.com\/fr\/2021\/10\/25\/vocabulaire-francais-tic\/#breadcrumb","itemListElement":[{"@type":"ListItem","position":1,"name":"Home","item":"https:\/\/visionarymarketing.com\/fr\/"},{"@type":"ListItem","position":2,"name":"Vocabulaire de l&#8217;informatique et des TIC : parlons fran\u00e7ais !"}]},{"@type":"WebSite","@id":"https:\/\/visionarymarketing.com\/fr\/#website","url":"https:\/\/visionarymarketing.com\/fr\/","name":"Marketing and Innovation","description":"Site d&#039;infos ind\u00e9pendant, depuis 1996","potentialAction":[{"@type":"SearchAction","target":{"@type":"EntryPoint","urlTemplate":"https:\/\/visionarymarketing.com\/fr\/?s={search_term_string}"},"query-input":{"@type":"PropertyValueSpecification","valueRequired":true,"valueName":"search_term_string"}}],"inLanguage":"fr-FR"},{"@type":"Person","@id":"https:\/\/visionarymarketing.com\/fr\/#\/schema\/person\/3754fee1e558f47b8deb46f53c37423e","name":"Yann Gourvennec","image":{"@type":"ImageObject","inLanguage":"fr-FR","@id":"https:\/\/secure.gravatar.com\/avatar\/5972001801e8de5692a3e31224e85769f50a55fb8b679749f9c8d1868cceff14?s=96&d=initials&r=g&initials=yg","url":"https:\/\/secure.gravatar.com\/avatar\/5972001801e8de5692a3e31224e85769f50a55fb8b679749f9c8d1868cceff14?s=96&d=initials&r=g&initials=yg","contentUrl":"https:\/\/secure.gravatar.com\/avatar\/5972001801e8de5692a3e31224e85769f50a55fb8b679749f9c8d1868cceff14?s=96&d=initials&r=g&initials=yg","caption":"Yann Gourvennec"},"description":"Yann Gourvennec created visionarymarketing.com in 1996. He is a speaker and author of many books. In 2014 he went from intrapreneur to entrepreneur, when he created his digital marketing agency. Yann Gourvennec a cr\u00e9\u00e9 visionarymarketing.com en 1996. Il est conf\u00e9rencier et auteur de plusieurs livres. En 2014, il est pass\u00e9 d'intrapreneur \u00e0 entrepreneur en cr\u00e9ant son agence de marketing num\u00e9rique.","sameAs":["https:\/\/visionarymarketing.com","http:\/\/facebook.com\/ygourven","http:\/\/linkedin.com\/in\/ygourven","https:\/\/x.com\/ygourven","https:\/\/www.youtube.com\/c\/visionarymarketingagency"],"url":"https:\/\/visionarymarketing.com\/fr\/author\/yann-gourvennec\/"}]}},"_links":{"self":[{"href":"https:\/\/visionarymarketing.com\/fr\/wp-json\/wp\/v2\/posts\/65163","targetHints":{"allow":["GET"]}}],"collection":[{"href":"https:\/\/visionarymarketing.com\/fr\/wp-json\/wp\/v2\/posts"}],"about":[{"href":"https:\/\/visionarymarketing.com\/fr\/wp-json\/wp\/v2\/types\/post"}],"author":[{"embeddable":true,"href":"https:\/\/visionarymarketing.com\/fr\/wp-json\/wp\/v2\/users\/2"}],"replies":[{"embeddable":true,"href":"https:\/\/visionarymarketing.com\/fr\/wp-json\/wp\/v2\/comments?post=65163"}],"version-history":[{"count":0,"href":"https:\/\/visionarymarketing.com\/fr\/wp-json\/wp\/v2\/posts\/65163\/revisions"}],"wp:featuredmedia":[{"embeddable":true,"href":"https:\/\/visionarymarketing.com\/fr\/wp-json\/wp\/v2\/media\/65238"}],"wp:attachment":[{"href":"https:\/\/visionarymarketing.com\/fr\/wp-json\/wp\/v2\/media?parent=65163"}],"wp:term":[{"taxonomy":"category","embeddable":true,"href":"https:\/\/visionarymarketing.com\/fr\/wp-json\/wp\/v2\/categories?post=65163"},{"taxonomy":"post_tag","embeddable":true,"href":"https:\/\/visionarymarketing.com\/fr\/wp-json\/wp\/v2\/tags?post=65163"}],"curies":[{"name":"wp","href":"https:\/\/api.w.org\/{rel}","templated":true}]}}