{"id":6503,"date":"2012-06-14T07:00:00","date_gmt":"2012-06-14T07:00:00","guid":{"rendered":"https:\/\/visionary.wordpress.com\/?p=6503"},"modified":"2021-04-23T15:43:12","modified_gmt":"2021-04-23T13:43:12","slug":"faut-il-reconsiderer-lutilisation-des-medias-sociaux-surtout-facebook","status":"publish","type":"post","link":"https:\/\/visionarymarketing.com\/fr\/2012\/06\/14\/faut-il-reconsiderer-lutilisation-des-medias-sociaux-surtout-facebook\/","title":{"rendered":"Faut-il reconsid\u00e9rer l&rsquo;utilisation des  m\u00e9dias sociaux (surtout Facebook) ?"},"content":{"rendered":"<p><em><span style=\"color: #646b86;\"><a href=\"https:\/\/visionarymarketing.com\/wp-content\/uploads\/2012\/06\/eye-large.gif\"><img decoding=\"async\" style=\"background-image: none; margin: 0 6px 0 0; padding-left: 0; padding-right: 0; display: inline; float: left; padding-top: 0; border-width: 0;\" title=\"eye-large\" src=\"https:\/\/visionarymarketing.com\/wp-content\/uploads\/2012\/06\/eye-large_thumb.gif\" alt=\"eye-large\" width=\"128\" height=\"100\" align=\"left\" border=\"0\" \/><\/a>Faut-il reconsid\u00e9rer son utilisation des m\u00e9dias sociaux ? Suite de ma s\u00e9rie sur les <a href=\"https:\/\/visionarymarketing.com\/fr\/2012\/06\/les-blogs-d-entreprise-2\/\" target=\"_blank\" rel=\"noopener noreferrer\">blogs d\u00e9marr\u00e9e il y a quelques jours<\/a>. Mes confr\u00e8res membres de <\/span><span class=\"removed_link\" title=\"http:\/\/media-aces.org\/facebook-twitter-avenir-des-blogs\/\"><span style=\"color: #646b86;\">Media Aces posent \u2013 dans leur d\u00e9bat du lundi \u2013 la question de l\u2019avenir des blogs<\/span><\/span><span style=\"color: #646b86;\">, et apportent des r\u00e9ponses vari\u00e9es \u00e0 ce sujet. Ceci est la troisi\u00e8me <\/span><\/em><em><span style=\"color: #646b86;\">question, les deux pieds dans le plat.<\/span><\/em><\/p>\n<p>Cette question se pose de fa\u00e7on de plus en plus aigu\u00eb. Nombreuses sont les entreprises qui se sont connect\u00e9es sur Facebook et qui embauchent des \u00e9quivalents temps plein, ou d\u00e9pensent du budget en ressources voire en publicit\u00e9 sans souci de proportions, ni de qualit\u00e9, ni de retour sur quoi que ce soit. Il faut une page Facebook parce que c&rsquo;est \u00e0 la mode ! <a href=\"http:\/\/vimeo.com\/8460617\" target=\"_blank\" rel=\"noopener noreferrer\">Je me suis toujours, d\u00e8s le d\u00e9but de la vague de popularit\u00e9 des m\u00e9dias sociaux, insurg\u00e9 contre cette fa\u00e7on de faire<\/a>. <strong>Si la seule motivation pour aller sur les m\u00e9dias sociaux est la mode, alors il est urgent de ne pas y aller !<\/strong><\/p>\n<h2>Faut-il reconsid\u00e9rer l&rsquo;utilisation des m\u00e9dias sociaux (surtout Facebook) ?<\/h2>\n<figure id=\"attachment_53479\" aria-describedby=\"caption-attachment-53479\" style=\"width: 519px\" class=\"wp-caption aligncenter\"><a href=\"https:\/\/visionarymarketing.com\/wp-content\/uploads\/2012\/11\/brassens-04032012-10-e1590673849711.jpg\"><img decoding=\"async\" class=\"wp-image-53479 size-full\" src=\"https:\/\/visionarymarketing.com\/wp-content\/uploads\/2012\/11\/brassens-04032012-10-e1590673849711.jpg\" alt=\"utilisation des m\u00e9dias sociaux \" width=\"519\" height=\"340\" srcset=\"https:\/\/visionarymarketing.com\/wp-content\/uploads\/2012\/11\/brassens-04032012-10-e1590673849711.jpg 519w, https:\/\/visionarymarketing.com\/wp-content\/uploads\/2012\/11\/brassens-04032012-10-e1590673849711-458x300.jpg 458w\" sizes=\"(max-width: 519px) 100vw, 519px\" \/><\/a><figcaption id=\"caption-attachment-53479\" class=\"wp-caption-text\">Utilisation des m\u00e9dias sociaux : sommes-nous condamn\u00e9s au cyberbabillage sur Facebook ?<\/figcaption><\/figure>\n<p>D&rsquo;ailleurs, de la m\u00eame fa\u00e7on que <a href=\"http:\/\/bit.ly\/wppfb\" target=\"_blank\" rel=\"noopener noreferrer\">Martin Sorrell de WPP<\/a>, je ne suis pas convaincu du potentiel <em>publicitaire classique <\/em>(je dis bien classique) de ces nouvelles plates-formes qui sont <strong>\u00ab\u00a0des ph\u00e9nom\u00e8nes sociaux et non pas commerciaux\u00a0\u00bb<\/strong>. Trop d&rsquo;entreprises essaient de <strong>plaquer des mod\u00e8les ant\u00e9rieurs sur de nouveaux outils<\/strong>, pouss\u00e9s en cela par des entreprises nouvelles qui se mettent sur les march\u00e9s (\u00e0 des prix qui permettent qu&rsquo;on se pose des questions \u00e9galement) et qui donc se trouvent pi\u00e9g\u00e9es par ces m\u00eames march\u00e9s pour toujours faire plus de volume, donc remettre la publicit\u00e9 de masse, et le marketing de masse, <em><strong>par interruption<\/strong><\/em>, m\u00eame s&rsquo;il est plus ou moins pseudo cibl\u00e9, sur des mod\u00e8les \u00e0 l&rsquo;origine non faits pour cela.<!--more--><\/p>\n<p><strong>la fin des bisounours du Web 2.0 \u2026 et du whuffie factor (h\u00e9las)<\/strong><\/p>\n<p>Les temps pionniers des m\u00e9dias sociaux, initi\u00e9s par des <a href=\"https:\/\/visionarymarketing.com\/fr\/2009\/06\/whuffie-tara-hunt\/\" target=\"_blank\" rel=\"noopener noreferrer\">passionn\u00e9s empreints d&rsquo;\u00e9thique et de romantisme post consum\u00e9riste comme Tara Hunt<\/a> sont h\u00e9las bien derri\u00e8re nous. Tout ceci, me rappelle la folie autour des banni\u00e8res Internet du d\u00e9but des ann\u00e9es 90. On a imagin\u00e9 beaucoup de choses qui ne se sont pas av\u00e9r\u00e9es. L&rsquo;efficacit\u00e9 des banni\u00e8res est tr\u00e8s mauvaise, leur impact en termes esth\u00e9tiques et d&rsquo;interruption est \u00e9norme. Et on se retrouve toujours dans cette situation, lorsqu&rsquo;on les ach\u00e8te, et si l&rsquo;on omet les nouvelles techniques de ciblage comportemental, o\u00f9 on est toujours aussi d\u00e9\u00e7u par leur peu d&rsquo;efficacit\u00e9. De la m\u00eame fa\u00e7on, les co\u00fbts publicitaires sur les m\u00e9dias sociaux sont exorbitants; compar\u00e9s aux publicit\u00e9s de masse sur les m\u00e9dias de masse, ils ont bien entendu tr\u00e8s peu cher, mais ramen\u00e9 \u00e0 leur propre environnement, de tels ROI publicitaires laissent pantois. Comptez en effet 1\u20ac environ par fan acquis, avec une moyenne plut\u00f4t orient\u00e9e vers 2\u20ac et des extr\u00eames situ\u00e9s \u00e0 7\u20ac par fan (exemples tir\u00e9s de l\u2019exp\u00e9rience terrain de plusieurs entreprises sur plusieurs campagnes). Cela a un int\u00e9r\u00eat dans les cas o\u00f9 le caract\u00e8re local (si possible assorti g\u00e9olocalisation) est fort ou d\u2019autres dans lesquels les populations de fans (les vrais fans) jouent un r\u00f4le moteur comme dans la musique par exemple.<\/p>\n<p><strong><a href=\"https:\/\/visionarymarketing.com\/fr\/2010\/11\/bob-pearson\/\" target=\"_blank\" rel=\"noopener noreferrer\">le Pre-commerce<\/a><\/strong><\/p>\n<p>Je crois \u00e0 un potentiel \u00e9norme pour les r\u00e9seaux sociaux en termes de recommandations de pair \u00e0 pair, sur la base de bons plans et de couponing (encore une fois assortis de g\u00e9olocalisation et de localisation) \u00e0 condition que ce genre de campagnes soit bien positionn\u00e9. Je croyais \u00e9galement \u00e0 un \u00e9norme potentiel sur les domaines du jeu, Facebook avait d&rsquo;ailleurs tr\u00e8s bien su se positionner sur ce domaine pour lequel il a cr\u00e9\u00e9 une monnaie virtuelle, mais les changements dans le mode de diffusion de Facebook (timeline) auraient pu avoir un impact n\u00e9gatif sur le d\u00e9veloppement du jeu dans les r\u00e9seaux sociaux, bien que cela puisse encore changer rapidement..<\/p>\n<p><strong>en B2B?<\/strong><\/p>\n<p>Pour le B2B par contre, on peut avancer sans crainte que Facebook n&rsquo;a pas une importance majeure, si ce n&rsquo;est celle de permettre aux responsables marketing de se d\u00e9douaner vis-\u00e0-vis de leur management et d&rsquo;afficher ainsi une simple pr\u00e9sence. D&rsquo;autres outils sont beaucoup plus appropri\u00e9s que Facebook au travail en business-to-business, moins chers, moins gourmands en ressources et plus directement li\u00e9s aux m\u00e9tiers des entreprises.<\/p>\n<p><strong>l\u2019exception qui confirme la r\u00e8gle<\/strong><\/p>\n<p><a href=\"https:\/\/visionarymarketing.com\/fr\/2011\/03\/medias-sociaux-paysan\/\" target=\"_blank\" rel=\"noopener noreferrer\">Il existe des exceptions, c&rsquo;est le cas de John Deere et de ses tracteurs par exemple, car dans ce cas pr\u00e9cis, il s&rsquo;agit d&rsquo;un v\u00e9ritable business de communaut\u00e9, o\u00f9 les agriculteurs conduisent des tracteurs John Deere<\/a> de p\u00e8re en fils, avec un sentiment d&rsquo;appartenance et de reconnaissance fort dans la marque. Il y a donc, certaines marques en B2B qui sont plus appropri\u00e9es que d&rsquo;autres pour cela. On peut envisager qu&rsquo;un fournisseur de produits high-tech peut avoir un besoin imp\u00e9rieux d&rsquo;avoir une communaut\u00e9 Facebook, surtout si le sentiment d&rsquo;entraide de communaut\u00e9 au sein de sa client\u00e8le est important. Si ce n&rsquo;est pas le cas, je conseillerais donc dans le domaine du business-to-business de se focaliser sur les outils les plus importants que sont les blogs (voir ci-dessus) quand ils permettent d&rsquo;\u00e9tablir et de diffuser l&rsquo;expertise de l&rsquo;entreprise, <a href=\"http:\/\/twitter.com\/ygourven\" target=\"_blank\" rel=\"noopener noreferrer\">Twitter<\/a> qui permet le lien entre professionnels (m\u00eame si en France le d\u00e9veloppement a tard\u00e9, 2012 sera la grande ann\u00e9e de Twitter ; voir <span class=\"removed_link\" title=\"http:\/\/wp.me\/pmy5-1jm\"><em>Twitter envahi par les ados, les influenceurs sur Google+ \u2026 ?<\/em><\/span> \u00e0 ce sujet) et surtout LinkedIn et Viadeo, qui s&rsquo;imposent v\u00e9ritablement comme les deux piliers incontournables des m\u00e9dias sociaux en business-to-business. Si votre commerce vous oriente \u00e9galement vers les pays germanophones, dans ce cas les circonstances vous imposent de regarder XING, qui reste encore la r\u00e9f\u00e9rence en business-to-business outre-Rhin et en Autriche, m\u00eame si les profils internationaux ont d\u00e9j\u00e0 migr\u00e9 dans LinkedIn.<\/p>\n<p><strong>En r\u00e9sum\u00e9<\/strong><\/p>\n<p>Soit vous \u00eates capables de faire le lien entre votre m\u00e9tier, vos populations, vos communaut\u00e9s, leur adh\u00e9sion (ou manque d&rsquo;adh\u00e9sion) \u00e0 la marque, dans ce cas il vous faudra pers\u00e9v\u00e9rer et vous professionnaliser dans votre implication dans les m\u00e9dias sociaux.<\/p>\n<p>Dans le cas contraire, il ne faut pas aller l\u00e0 o\u00f9 ne sont pas vos clients et donc bien choisir vos canaux.<\/p>\n<p>Enfin, cela me para\u00eet \u00eatre un conseil de bon sens : si vous n&rsquo;avez ni les ressources, ni les moyens, ni l&rsquo;\u00e9nergie, ni les comp\u00e9tences n\u00e9cessaires \u00e0 un investissement sur ces nouveaux m\u00e9dias, je conseille plut\u00f4t de vous concentrer sur la vente classique, il n&rsquo;y a pas de honte \u00e0 ne pas \u00eatre sur les m\u00e9dias sociaux, il y a plus de risques \u00e0 mal s\u2019y comporter.<\/p>\n<p>Et enfin, ne n\u00e9gligez pas votre site Web, il ne faut pas croire que ce format soit pass\u00e9 de mode, il faut au contraire faire \u00e9voluer le v\u00f4tre; les m\u00e9dias sociaux peuvent contribuer \u00e0 cette \u00e9volution.<\/p>\n","protected":false},"excerpt":{"rendered":"<p>Suite de ma s\u00e9rie sur les blogs d\u00e9marr\u00e9e il y a quelques jours. Mes confr\u00e8res membres de Media Aces posent \u2013 dans leur d\u00e9bat du lundi \u2013 la question de l\u2019avenir des blogs, et apportent des r\u00e9ponses vari\u00e9es \u00e0 ce sujet. Ceci est la troisi\u00e8me question, les deux pieds dans le plat :<\/p>\n<p>Cette question se pose de fa\u00e7on de plus en plus aigu\u00eb. Nombreuses sont les entreprises qui se sont connect\u00e9es sur Facebook et qui embauchent des \u00e9quivalents temps plein, ou d\u00e9pensent du budget en ressources voire en publicit\u00e9 sans souci de proportions, ni de qualit\u00e9, ni de retour sur quoi que ce soit. Il faut une page Facebook parce que c&rsquo;est \u00e0 la mode ! Je me suis toujours, d\u00e8s le d\u00e9but de la vague de popularit\u00e9 des m\u00e9dias sociaux, insurg\u00e9 contre cette fa\u00e7on de faire. Si la seule motivation pour aller sur les m\u00e9dias sociaux est la mode, alors il est urgent <\/p>\n","protected":false},"author":2,"featured_media":53479,"comment_status":"open","ping_status":"open","sticky":false,"template":"","format":"standard","meta":{"footnotes":""},"categories":[25],"tags":[],"class_list":["post-6503","post","type-post","status-publish","format-standard","has-post-thumbnail","hentry","category-medias-sociaux"],"yoast_head":"<!-- This site is optimized with the Yoast SEO plugin v27.5 - https:\/\/yoast.com\/product\/yoast-seo-wordpress\/ -->\n<title>Faut-il reconsid\u00e9rer l&#039;utilisation des m\u00e9dias sociaux (surtout Facebook) ?<\/title>\n<meta name=\"description\" content=\"Faut-il reconsid\u00e9rer son utilisation des m\u00e9dias sociaux ? Mes confr\u00e8res membres de Media Aces posent la question de l\u2019avenir des blogs ...\" \/>\n<meta name=\"robots\" content=\"index, follow, max-snippet:-1, max-image-preview:large, max-video-preview:-1\" \/>\n<link rel=\"canonical\" href=\"https:\/\/visionarymarketing.com\/fr\/2012\/06\/14\/faut-il-reconsiderer-lutilisation-des-medias-sociaux-surtout-facebook\/\" \/>\n<meta property=\"og:locale\" content=\"fr_FR\" \/>\n<meta property=\"og:type\" content=\"article\" \/>\n<meta property=\"og:title\" content=\"Faut-il reconsid\u00e9rer l&#039;utilisation des m\u00e9dias sociaux (surtout Facebook) ?\" \/>\n<meta property=\"og:description\" content=\"Faut-il reconsid\u00e9rer son utilisation des m\u00e9dias sociaux ? Mes confr\u00e8res membres de Media Aces posent la question de l\u2019avenir des blogs ...\" \/>\n<meta property=\"og:url\" content=\"https:\/\/visionarymarketing.com\/fr\/2012\/06\/14\/faut-il-reconsiderer-lutilisation-des-medias-sociaux-surtout-facebook\/\" \/>\n<meta property=\"og:site_name\" content=\"Marketing and Innovation\" \/>\n<meta property=\"article:publisher\" content=\"https:\/\/www.facebook.com\/vismktg\" \/>\n<meta property=\"article:author\" content=\"http:\/\/facebook.com\/ygourven\" \/>\n<meta property=\"article:published_time\" content=\"2012-06-14T07:00:00+00:00\" \/>\n<meta property=\"article:modified_time\" content=\"2021-04-23T13:43:12+00:00\" \/>\n<meta property=\"og:image\" content=\"https:\/\/visionarymarketing.com\/wp-content\/uploads\/2012\/11\/brassens-04032012-10-e1590673849711.jpg\" \/>\n\t<meta property=\"og:image:width\" content=\"519\" \/>\n\t<meta property=\"og:image:height\" content=\"340\" \/>\n\t<meta property=\"og:image:type\" content=\"image\/jpeg\" \/>\n<meta name=\"author\" content=\"Yann Gourvennec\" \/>\n<meta name=\"twitter:card\" content=\"summary_large_image\" \/>\n<meta name=\"twitter:creator\" content=\"@ygourven\" \/>\n<meta name=\"twitter:site\" content=\"@ygourven\" \/>\n<meta name=\"twitter:label1\" content=\"\u00c9crit par\" \/>\n\t<meta name=\"twitter:data1\" content=\"Yann Gourvennec\" \/>\n\t<meta name=\"twitter:label2\" content=\"Dur\u00e9e de lecture estim\u00e9e\" \/>\n\t<meta name=\"twitter:data2\" content=\"6 minutes\" \/>\n<script type=\"application\/ld+json\" class=\"yoast-schema-graph\">{\"@context\":\"https:\\\/\\\/schema.org\",\"@graph\":[{\"@type\":\"NewsArticle\",\"@id\":\"https:\\\/\\\/visionarymarketing.com\\\/fr\\\/2012\\\/06\\\/14\\\/faut-il-reconsiderer-lutilisation-des-medias-sociaux-surtout-facebook\\\/#article\",\"isPartOf\":{\"@id\":\"https:\\\/\\\/visionarymarketing.com\\\/fr\\\/2012\\\/06\\\/14\\\/faut-il-reconsiderer-lutilisation-des-medias-sociaux-surtout-facebook\\\/\"},\"author\":{\"name\":\"Yann Gourvennec\",\"@id\":\"https:\\\/\\\/visionarymarketing.com\\\/fr\\\/#\\\/schema\\\/person\\\/3754fee1e558f47b8deb46f53c37423e\"},\"headline\":\"Faut-il reconsid\u00e9rer l&rsquo;utilisation des m\u00e9dias sociaux (surtout Facebook) ?\",\"datePublished\":\"2012-06-14T07:00:00+00:00\",\"dateModified\":\"2021-04-23T13:43:12+00:00\",\"mainEntityOfPage\":{\"@id\":\"https:\\\/\\\/visionarymarketing.com\\\/fr\\\/2012\\\/06\\\/14\\\/faut-il-reconsiderer-lutilisation-des-medias-sociaux-surtout-facebook\\\/\"},\"wordCount\":1260,\"commentCount\":0,\"image\":{\"@id\":\"https:\\\/\\\/visionarymarketing.com\\\/fr\\\/2012\\\/06\\\/14\\\/faut-il-reconsiderer-lutilisation-des-medias-sociaux-surtout-facebook\\\/#primaryimage\"},\"thumbnailUrl\":\"https:\\\/\\\/visionarymarketing.com\\\/wp-content\\\/uploads\\\/2012\\\/11\\\/brassens-04032012-10-e1590673849711.jpg\",\"articleSection\":[\"m\u00e9dias \\\/ r\u00e9seaux sociaux\"],\"inLanguage\":\"fr-FR\",\"potentialAction\":[{\"@type\":\"CommentAction\",\"name\":\"Comment\",\"target\":[\"https:\\\/\\\/visionarymarketing.com\\\/fr\\\/2012\\\/06\\\/14\\\/faut-il-reconsiderer-lutilisation-des-medias-sociaux-surtout-facebook\\\/#respond\"]}]},{\"@type\":\"WebPage\",\"@id\":\"https:\\\/\\\/visionarymarketing.com\\\/fr\\\/2012\\\/06\\\/14\\\/faut-il-reconsiderer-lutilisation-des-medias-sociaux-surtout-facebook\\\/\",\"url\":\"https:\\\/\\\/visionarymarketing.com\\\/fr\\\/2012\\\/06\\\/14\\\/faut-il-reconsiderer-lutilisation-des-medias-sociaux-surtout-facebook\\\/\",\"name\":\"Faut-il reconsid\u00e9rer l'utilisation des m\u00e9dias sociaux (surtout Facebook) ?\",\"isPartOf\":{\"@id\":\"https:\\\/\\\/visionarymarketing.com\\\/fr\\\/#website\"},\"primaryImageOfPage\":{\"@id\":\"https:\\\/\\\/visionarymarketing.com\\\/fr\\\/2012\\\/06\\\/14\\\/faut-il-reconsiderer-lutilisation-des-medias-sociaux-surtout-facebook\\\/#primaryimage\"},\"image\":{\"@id\":\"https:\\\/\\\/visionarymarketing.com\\\/fr\\\/2012\\\/06\\\/14\\\/faut-il-reconsiderer-lutilisation-des-medias-sociaux-surtout-facebook\\\/#primaryimage\"},\"thumbnailUrl\":\"https:\\\/\\\/visionarymarketing.com\\\/wp-content\\\/uploads\\\/2012\\\/11\\\/brassens-04032012-10-e1590673849711.jpg\",\"datePublished\":\"2012-06-14T07:00:00+00:00\",\"dateModified\":\"2021-04-23T13:43:12+00:00\",\"author\":{\"@id\":\"https:\\\/\\\/visionarymarketing.com\\\/fr\\\/#\\\/schema\\\/person\\\/3754fee1e558f47b8deb46f53c37423e\"},\"description\":\"Faut-il reconsid\u00e9rer son utilisation des m\u00e9dias sociaux ? Mes confr\u00e8res membres de Media Aces posent la question de l\u2019avenir des blogs ...\",\"breadcrumb\":{\"@id\":\"https:\\\/\\\/visionarymarketing.com\\\/fr\\\/2012\\\/06\\\/14\\\/faut-il-reconsiderer-lutilisation-des-medias-sociaux-surtout-facebook\\\/#breadcrumb\"},\"inLanguage\":\"fr-FR\",\"potentialAction\":[{\"@type\":\"ReadAction\",\"target\":[\"https:\\\/\\\/visionarymarketing.com\\\/fr\\\/2012\\\/06\\\/14\\\/faut-il-reconsiderer-lutilisation-des-medias-sociaux-surtout-facebook\\\/\"]}]},{\"@type\":\"ImageObject\",\"inLanguage\":\"fr-FR\",\"@id\":\"https:\\\/\\\/visionarymarketing.com\\\/fr\\\/2012\\\/06\\\/14\\\/faut-il-reconsiderer-lutilisation-des-medias-sociaux-surtout-facebook\\\/#primaryimage\",\"url\":\"https:\\\/\\\/visionarymarketing.com\\\/wp-content\\\/uploads\\\/2012\\\/11\\\/brassens-04032012-10-e1590673849711.jpg\",\"contentUrl\":\"https:\\\/\\\/visionarymarketing.com\\\/wp-content\\\/uploads\\\/2012\\\/11\\\/brassens-04032012-10-e1590673849711.jpg\",\"width\":519,\"height\":340},{\"@type\":\"BreadcrumbList\",\"@id\":\"https:\\\/\\\/visionarymarketing.com\\\/fr\\\/2012\\\/06\\\/14\\\/faut-il-reconsiderer-lutilisation-des-medias-sociaux-surtout-facebook\\\/#breadcrumb\",\"itemListElement\":[{\"@type\":\"ListItem\",\"position\":1,\"name\":\"Home\",\"item\":\"https:\\\/\\\/visionarymarketing.com\\\/fr\\\/\"},{\"@type\":\"ListItem\",\"position\":2,\"name\":\"Faut-il reconsid\u00e9rer l&rsquo;utilisation des m\u00e9dias sociaux (surtout Facebook) ?\"}]},{\"@type\":\"WebSite\",\"@id\":\"https:\\\/\\\/visionarymarketing.com\\\/fr\\\/#website\",\"url\":\"https:\\\/\\\/visionarymarketing.com\\\/fr\\\/\",\"name\":\"Marketing and Innovation\",\"description\":\"Site d&#039;infos ind\u00e9pendant, depuis 1996\",\"potentialAction\":[{\"@type\":\"SearchAction\",\"target\":{\"@type\":\"EntryPoint\",\"urlTemplate\":\"https:\\\/\\\/visionarymarketing.com\\\/fr\\\/?s={search_term_string}\"},\"query-input\":{\"@type\":\"PropertyValueSpecification\",\"valueRequired\":true,\"valueName\":\"search_term_string\"}}],\"inLanguage\":\"fr-FR\"},{\"@type\":\"Person\",\"@id\":\"https:\\\/\\\/visionarymarketing.com\\\/fr\\\/#\\\/schema\\\/person\\\/3754fee1e558f47b8deb46f53c37423e\",\"name\":\"Yann Gourvennec\",\"image\":{\"@type\":\"ImageObject\",\"inLanguage\":\"fr-FR\",\"@id\":\"https:\\\/\\\/secure.gravatar.com\\\/avatar\\\/5972001801e8de5692a3e31224e85769f50a55fb8b679749f9c8d1868cceff14?s=96&d=initials&r=g&initials=yg\",\"url\":\"https:\\\/\\\/secure.gravatar.com\\\/avatar\\\/5972001801e8de5692a3e31224e85769f50a55fb8b679749f9c8d1868cceff14?s=96&d=initials&r=g&initials=yg\",\"contentUrl\":\"https:\\\/\\\/secure.gravatar.com\\\/avatar\\\/5972001801e8de5692a3e31224e85769f50a55fb8b679749f9c8d1868cceff14?s=96&d=initials&r=g&initials=yg\",\"caption\":\"Yann Gourvennec\"},\"description\":\"Yann Gourvennec created visionarymarketing.com in 1996. He is a speaker and author of many books. In 2014 he went from intrapreneur to entrepreneur, when he created his digital marketing agency. Yann Gourvennec a cr\u00e9\u00e9 visionarymarketing.com en 1996. Il est conf\u00e9rencier et auteur de plusieurs livres. En 2014, il est pass\u00e9 d'intrapreneur \u00e0 entrepreneur en cr\u00e9ant son agence de marketing num\u00e9rique.\",\"sameAs\":[\"https:\\\/\\\/visionarymarketing.com\",\"http:\\\/\\\/facebook.com\\\/ygourven\",\"http:\\\/\\\/linkedin.com\\\/in\\\/ygourven\",\"https:\\\/\\\/x.com\\\/ygourven\",\"https:\\\/\\\/www.youtube.com\\\/c\\\/visionarymarketingagency\"],\"url\":\"https:\\\/\\\/visionarymarketing.com\\\/fr\\\/author\\\/yann-gourvennec\\\/\"}]}<\/script>\n<!-- \/ Yoast SEO plugin. -->","yoast_head_json":{"title":"Faut-il reconsid\u00e9rer l'utilisation des m\u00e9dias sociaux (surtout Facebook) ?","description":"Faut-il reconsid\u00e9rer son utilisation des m\u00e9dias sociaux ? Mes confr\u00e8res membres de Media Aces posent la question de l\u2019avenir des blogs ...","robots":{"index":"index","follow":"follow","max-snippet":"max-snippet:-1","max-image-preview":"max-image-preview:large","max-video-preview":"max-video-preview:-1"},"canonical":"https:\/\/visionarymarketing.com\/fr\/2012\/06\/14\/faut-il-reconsiderer-lutilisation-des-medias-sociaux-surtout-facebook\/","og_locale":"fr_FR","og_type":"article","og_title":"Faut-il reconsid\u00e9rer l'utilisation des m\u00e9dias sociaux (surtout Facebook) ?","og_description":"Faut-il reconsid\u00e9rer son utilisation des m\u00e9dias sociaux ? Mes confr\u00e8res membres de Media Aces posent la question de l\u2019avenir des blogs ...","og_url":"https:\/\/visionarymarketing.com\/fr\/2012\/06\/14\/faut-il-reconsiderer-lutilisation-des-medias-sociaux-surtout-facebook\/","og_site_name":"Marketing and Innovation","article_publisher":"https:\/\/www.facebook.com\/vismktg","article_author":"http:\/\/facebook.com\/ygourven","article_published_time":"2012-06-14T07:00:00+00:00","article_modified_time":"2021-04-23T13:43:12+00:00","og_image":[{"width":519,"height":340,"url":"https:\/\/visionarymarketing.com\/wp-content\/uploads\/2012\/11\/brassens-04032012-10-e1590673849711.jpg","type":"image\/jpeg"}],"author":"Yann Gourvennec","twitter_card":"summary_large_image","twitter_creator":"@ygourven","twitter_site":"@ygourven","twitter_misc":{"\u00c9crit par":"Yann Gourvennec","Dur\u00e9e de lecture estim\u00e9e":"6 minutes"},"schema":{"@context":"https:\/\/schema.org","@graph":[{"@type":"NewsArticle","@id":"https:\/\/visionarymarketing.com\/fr\/2012\/06\/14\/faut-il-reconsiderer-lutilisation-des-medias-sociaux-surtout-facebook\/#article","isPartOf":{"@id":"https:\/\/visionarymarketing.com\/fr\/2012\/06\/14\/faut-il-reconsiderer-lutilisation-des-medias-sociaux-surtout-facebook\/"},"author":{"name":"Yann Gourvennec","@id":"https:\/\/visionarymarketing.com\/fr\/#\/schema\/person\/3754fee1e558f47b8deb46f53c37423e"},"headline":"Faut-il reconsid\u00e9rer l&rsquo;utilisation des m\u00e9dias sociaux (surtout Facebook) ?","datePublished":"2012-06-14T07:00:00+00:00","dateModified":"2021-04-23T13:43:12+00:00","mainEntityOfPage":{"@id":"https:\/\/visionarymarketing.com\/fr\/2012\/06\/14\/faut-il-reconsiderer-lutilisation-des-medias-sociaux-surtout-facebook\/"},"wordCount":1260,"commentCount":0,"image":{"@id":"https:\/\/visionarymarketing.com\/fr\/2012\/06\/14\/faut-il-reconsiderer-lutilisation-des-medias-sociaux-surtout-facebook\/#primaryimage"},"thumbnailUrl":"https:\/\/visionarymarketing.com\/wp-content\/uploads\/2012\/11\/brassens-04032012-10-e1590673849711.jpg","articleSection":["m\u00e9dias \/ r\u00e9seaux sociaux"],"inLanguage":"fr-FR","potentialAction":[{"@type":"CommentAction","name":"Comment","target":["https:\/\/visionarymarketing.com\/fr\/2012\/06\/14\/faut-il-reconsiderer-lutilisation-des-medias-sociaux-surtout-facebook\/#respond"]}]},{"@type":"WebPage","@id":"https:\/\/visionarymarketing.com\/fr\/2012\/06\/14\/faut-il-reconsiderer-lutilisation-des-medias-sociaux-surtout-facebook\/","url":"https:\/\/visionarymarketing.com\/fr\/2012\/06\/14\/faut-il-reconsiderer-lutilisation-des-medias-sociaux-surtout-facebook\/","name":"Faut-il reconsid\u00e9rer l'utilisation des m\u00e9dias sociaux (surtout Facebook) ?","isPartOf":{"@id":"https:\/\/visionarymarketing.com\/fr\/#website"},"primaryImageOfPage":{"@id":"https:\/\/visionarymarketing.com\/fr\/2012\/06\/14\/faut-il-reconsiderer-lutilisation-des-medias-sociaux-surtout-facebook\/#primaryimage"},"image":{"@id":"https:\/\/visionarymarketing.com\/fr\/2012\/06\/14\/faut-il-reconsiderer-lutilisation-des-medias-sociaux-surtout-facebook\/#primaryimage"},"thumbnailUrl":"https:\/\/visionarymarketing.com\/wp-content\/uploads\/2012\/11\/brassens-04032012-10-e1590673849711.jpg","datePublished":"2012-06-14T07:00:00+00:00","dateModified":"2021-04-23T13:43:12+00:00","author":{"@id":"https:\/\/visionarymarketing.com\/fr\/#\/schema\/person\/3754fee1e558f47b8deb46f53c37423e"},"description":"Faut-il reconsid\u00e9rer son utilisation des m\u00e9dias sociaux ? Mes confr\u00e8res membres de Media Aces posent la question de l\u2019avenir des blogs ...","breadcrumb":{"@id":"https:\/\/visionarymarketing.com\/fr\/2012\/06\/14\/faut-il-reconsiderer-lutilisation-des-medias-sociaux-surtout-facebook\/#breadcrumb"},"inLanguage":"fr-FR","potentialAction":[{"@type":"ReadAction","target":["https:\/\/visionarymarketing.com\/fr\/2012\/06\/14\/faut-il-reconsiderer-lutilisation-des-medias-sociaux-surtout-facebook\/"]}]},{"@type":"ImageObject","inLanguage":"fr-FR","@id":"https:\/\/visionarymarketing.com\/fr\/2012\/06\/14\/faut-il-reconsiderer-lutilisation-des-medias-sociaux-surtout-facebook\/#primaryimage","url":"https:\/\/visionarymarketing.com\/wp-content\/uploads\/2012\/11\/brassens-04032012-10-e1590673849711.jpg","contentUrl":"https:\/\/visionarymarketing.com\/wp-content\/uploads\/2012\/11\/brassens-04032012-10-e1590673849711.jpg","width":519,"height":340},{"@type":"BreadcrumbList","@id":"https:\/\/visionarymarketing.com\/fr\/2012\/06\/14\/faut-il-reconsiderer-lutilisation-des-medias-sociaux-surtout-facebook\/#breadcrumb","itemListElement":[{"@type":"ListItem","position":1,"name":"Home","item":"https:\/\/visionarymarketing.com\/fr\/"},{"@type":"ListItem","position":2,"name":"Faut-il reconsid\u00e9rer l&rsquo;utilisation des m\u00e9dias sociaux (surtout Facebook) ?"}]},{"@type":"WebSite","@id":"https:\/\/visionarymarketing.com\/fr\/#website","url":"https:\/\/visionarymarketing.com\/fr\/","name":"Marketing and Innovation","description":"Site d&#039;infos ind\u00e9pendant, depuis 1996","potentialAction":[{"@type":"SearchAction","target":{"@type":"EntryPoint","urlTemplate":"https:\/\/visionarymarketing.com\/fr\/?s={search_term_string}"},"query-input":{"@type":"PropertyValueSpecification","valueRequired":true,"valueName":"search_term_string"}}],"inLanguage":"fr-FR"},{"@type":"Person","@id":"https:\/\/visionarymarketing.com\/fr\/#\/schema\/person\/3754fee1e558f47b8deb46f53c37423e","name":"Yann Gourvennec","image":{"@type":"ImageObject","inLanguage":"fr-FR","@id":"https:\/\/secure.gravatar.com\/avatar\/5972001801e8de5692a3e31224e85769f50a55fb8b679749f9c8d1868cceff14?s=96&d=initials&r=g&initials=yg","url":"https:\/\/secure.gravatar.com\/avatar\/5972001801e8de5692a3e31224e85769f50a55fb8b679749f9c8d1868cceff14?s=96&d=initials&r=g&initials=yg","contentUrl":"https:\/\/secure.gravatar.com\/avatar\/5972001801e8de5692a3e31224e85769f50a55fb8b679749f9c8d1868cceff14?s=96&d=initials&r=g&initials=yg","caption":"Yann Gourvennec"},"description":"Yann Gourvennec created visionarymarketing.com in 1996. He is a speaker and author of many books. In 2014 he went from intrapreneur to entrepreneur, when he created his digital marketing agency. Yann Gourvennec a cr\u00e9\u00e9 visionarymarketing.com en 1996. Il est conf\u00e9rencier et auteur de plusieurs livres. En 2014, il est pass\u00e9 d'intrapreneur \u00e0 entrepreneur en cr\u00e9ant son agence de marketing num\u00e9rique.","sameAs":["https:\/\/visionarymarketing.com","http:\/\/facebook.com\/ygourven","http:\/\/linkedin.com\/in\/ygourven","https:\/\/x.com\/ygourven","https:\/\/www.youtube.com\/c\/visionarymarketingagency"],"url":"https:\/\/visionarymarketing.com\/fr\/author\/yann-gourvennec\/"}]}},"_links":{"self":[{"href":"https:\/\/visionarymarketing.com\/fr\/wp-json\/wp\/v2\/posts\/6503","targetHints":{"allow":["GET"]}}],"collection":[{"href":"https:\/\/visionarymarketing.com\/fr\/wp-json\/wp\/v2\/posts"}],"about":[{"href":"https:\/\/visionarymarketing.com\/fr\/wp-json\/wp\/v2\/types\/post"}],"author":[{"embeddable":true,"href":"https:\/\/visionarymarketing.com\/fr\/wp-json\/wp\/v2\/users\/2"}],"replies":[{"embeddable":true,"href":"https:\/\/visionarymarketing.com\/fr\/wp-json\/wp\/v2\/comments?post=6503"}],"version-history":[{"count":0,"href":"https:\/\/visionarymarketing.com\/fr\/wp-json\/wp\/v2\/posts\/6503\/revisions"}],"wp:featuredmedia":[{"embeddable":true,"href":"https:\/\/visionarymarketing.com\/fr\/wp-json\/wp\/v2\/media\/53479"}],"wp:attachment":[{"href":"https:\/\/visionarymarketing.com\/fr\/wp-json\/wp\/v2\/media?parent=6503"}],"wp:term":[{"taxonomy":"category","embeddable":true,"href":"https:\/\/visionarymarketing.com\/fr\/wp-json\/wp\/v2\/categories?post=6503"},{"taxonomy":"post_tag","embeddable":true,"href":"https:\/\/visionarymarketing.com\/fr\/wp-json\/wp\/v2\/tags?post=6503"}],"curies":[{"name":"wp","href":"https:\/\/api.w.org\/{rel}","templated":true}]}}