{"id":6435,"date":"2012-06-01T07:30:00","date_gmt":"2012-06-01T05:30:00","guid":{"rendered":"https:\/\/visionary.wordpress.com\/?p=6435"},"modified":"2025-04-23T19:11:33","modified_gmt":"2025-04-23T17:11:33","slug":"le-tres-haut-debit-sera-incontournable","status":"publish","type":"post","link":"https:\/\/visionarymarketing.com\/fr\/2012\/06\/01\/le-tres-haut-debit-sera-incontournable\/","title":{"rendered":"T\u00e9l\u00e9coms et Internet : le tr\u00e8s haut d\u00e9bit sera incontournable"},"content":{"rendered":"<p><em>Le tr\u00e8s haut d\u00e9bit est encore exceptionnel aujourd&rsquo;hui, mais il deviendra vite incontournable. Coup de projecteur sur un aspect m\u00e9connu, et pourtant fondamental, de l&rsquo;\u00e9quipement d&rsquo;un r\u00e9seau avec un de ses acteurs au quotidien<\/em><\/p>\n<h2>T\u00e9l\u00e9coms et Internet : le tr\u00e8s haut d\u00e9bit sera incontournable<\/h2>\n<p>&nbsp;<\/p>\n<figure id=\"attachment_83373\" aria-describedby=\"caption-attachment-83373\" style=\"width: 1920px\" class=\"wp-caption aligncenter\"><img decoding=\"async\" class=\"wp-image-83373 size-full\" src=\"https:\/\/visionarymarketing.com\/wp-content\/uploads\/2012\/06\/parispassion-dsc-9772.jpg\" alt=\"T\u00e9l\u00e9coms et Internet : le tr\u00e8s haut d\u00e9bit sera incontournable\" width=\"1920\" height=\"1080\" srcset=\"https:\/\/visionarymarketing.com\/wp-content\/uploads\/2012\/06\/parispassion-dsc-9772.jpg 1920w, https:\/\/visionarymarketing.com\/wp-content\/uploads\/2012\/06\/parispassion-dsc-9772-500x281.jpg 500w, https:\/\/visionarymarketing.com\/wp-content\/uploads\/2012\/06\/parispassion-dsc-9772-1024x576.jpg 1024w, https:\/\/visionarymarketing.com\/wp-content\/uploads\/2012\/06\/parispassion-dsc-9772-768x432.jpg 768w, https:\/\/visionarymarketing.com\/wp-content\/uploads\/2012\/06\/parispassion-dsc-9772-1536x864.jpg 1536w, https:\/\/visionarymarketing.com\/wp-content\/uploads\/2012\/06\/parispassion-dsc-9772-390x220.jpg 390w\" sizes=\"(max-width: 1920px) 100vw, 1920px\" \/><figcaption id=\"caption-attachment-83373\" class=\"wp-caption-text\">T\u00e9l\u00e9coms et Internet : le tr\u00e8s haut d\u00e9bit sera incontournable<\/figcaption><\/figure>\n<p><!--more--><\/p>\n<p><a href=\"https:\/\/twitter.com\/#!\/bruno_janet\">Bruno Janet<\/a> est un pionnier de la communication car il fut, au d\u00e9but des ann\u00e9es 80, le premier porte-parole d\u2019entreprise en France. Directeur des relations avec la presse en 1985 pour ce qui ne devint v\u00e9ritablement France Telecom qu\u2019en 1990, il a conseill\u00e9 tous les pr\u00e9sidents de l&rsquo;op\u00e9rateur historique depuis le d\u00e9but. Mais tout ceci est du pass\u00e9, or Bruno est passionn\u00e9 par l&rsquo;avenir, qu\u2019il contribue \u00e0 construire avec ses \u00e9quipes et ses partenaires des collectivit\u00e9s locales. Cet enthousiasme (visible au travers de son compte Twitter, tr\u00e8s suivi par ses partenaires : <a href=\"https:\/\/twitter.com\/#!\/bruno_janet\">@bruno_janet<\/a>) que j&rsquo;ai d\u00e9couvert pour ma part lors d&rsquo;un d\u00e9bat du <a href=\"https:\/\/sites.google.com\/site\/smartwipclub\/\">smartwipclub<\/a> \u2013 le club des professionnels des t\u00e9l\u00e9coms anim\u00e9 par <a href=\"https:\/\/sites.google.com\/site\/smartwipclub\/smartwipclubquoi\">notre confr\u00e8re, le journaliste Eric Montagne<\/a> \u2013 et qui m&rsquo;a donn\u00e9 l&rsquo;id\u00e9e d&rsquo;interviewer Bruno afin qu&rsquo;il nous explique son m\u00e9tier ainsi que le futur des t\u00e9l\u00e9coms et leur impact sur les usages de l&rsquo;Internet ; ce qu&rsquo;il a fait avec beaucoup de franchise et sans langue de bois !<\/p>\n<p><iframe title=\"la fibre \u00e0 tous les \u00e9tages ... par Bruno Janet\" frameborder=\"0\" width=\"500\" height=\"281\" src=\"https:\/\/geo.dailymotion.com\/player.html?video=xqnq1l&#038;\" allowfullscreen allow=\"autoplay; fullscreen; picture-in-picture; web-share\"><\/iframe><\/p>\n<p><strong>2003 : combler le retard \u2026<\/strong><\/p>\n<p>Car les d\u00e9buts furent laborieux, selon Bruno : \u00ab Au d\u00e9but des ann\u00e9es 2000, tout \u00e9tait en retard ! \u00bb nous explique-t-il. \u00ab Les tensions entre les partenaires pour la mise en \u0153uvre du haut d\u00e9bit \u00e9taient \u00e0 leur comble \u00bb, et c&rsquo;est ce qui faisait les difficult\u00e9s de l&rsquo;\u00e9quipement de la France cette \u00e9poque.<\/p>\n<p>\u00ab Avec l&rsquo;arriv\u00e9e de Thierry Breton en 2003 2004, nous avons d\u00e9marr\u00e9 le tr\u00e8s haut d\u00e9bit pour tous, avec un investissement de 1 milliard d&rsquo;euros qui fut une r\u00e9ussite \u00bb a poursuivi Bruno en rappelant cette p\u00e9riode qui a permis effectivement, \u00e0 l&rsquo;exception de \u00ab quelques zones blanches \u00bb, d&rsquo;\u00e9quiper non pas \u00ab 100 % des foyers, mais 100 % des centraux t\u00e9l\u00e9phoniques \u00bb.<\/p>\n<p>Ce n&rsquo;\u00e9tait certes pas parfait, mais cet effort significatif fut un \u00e9l\u00e9ment fondamental de comp\u00e9titivit\u00e9 non seulement pour l&rsquo;op\u00e9rateur, mais surtout pour la France et ses entreprises. Pour ceux qui en douteraient encore, je rappelle cette statistique cit\u00e9e <a href=\"https:\/\/web.archive.org\/web\/20070809100621\/http:\/\/blog.futurelab.net\/2007\/01\/one_third_of_iptv_global_subs.html\">par Lynette Webb qui montrait qu\u2019en 2006, un tiers des utilisateurs de la t\u00e9l\u00e9 sur Ip dans le monde \u00e9tait fran\u00e7ais<\/a> !<\/p>\n<p><a href=\"https:\/\/web.archive.org\/web\/20070809100621\/http:\/\/blog.futurelab.net\/2007\/01\/one_third_of_iptv_global_subs.html\" target=\"_blank\" rel=\"noopener noreferrer\"><img decoding=\"async\" style=\"background-image: none; padding-left: 0; padding-right: 0; display: inline; padding-top: 0; border-width: 0;\" title=\"366061416_df9913f1d1\" src=\"https:\/\/visionarymarketing.com\/wp-content\/uploads\/2012\/05\/366061416_df9913f1d11.jpg\" alt=\"366061416_df9913f1d1\" width=\"890\" height=\"668\" border=\"0\" \/><\/a><\/p>\n<p><strong>2005-2007 : les 40% restants \u2026<\/strong><\/p>\n<p>Mais il fallait aller plus loin. La couverture de l&rsquo;ADSL est pass\u00e9e de 60 % des foyers en 2004 \u00e0 98 % en 2007, \u00ab c&rsquo;\u00e9tait un pari tenu \u00bb ajoute Bruno, mais il restait encore des zones d&rsquo;ombre. \u00ab C&rsquo;est l\u00e0 qu&rsquo;une nouvelle loi a permis aux collectivit\u00e9s locales d&rsquo;investir dans les r\u00e9seaux \u00bb et m\u00eame si Bruno admet qu&rsquo;il a fallu \u00e0 l&rsquo;\u00e9poque surmonter une certaine \u00ab frilosit\u00e9 \u00bb il faut reconna\u00eetre que c\u2019est le d\u00e9but de l&rsquo;articulation d&rsquo;une strat\u00e9gie de compl\u00e9mentarit\u00e9 avec les collectivit\u00e9s locales qui a permis de partager les investissements et de faire la guerre \u00e0 ce qui dans le jargon s&rsquo;appelle les \u00ab NRA zones d&rsquo;ombre \u00bb (NRA zones d\u2019ombres, c\u2019est le terme des pros du m\u00e9tier pour les \u00ab n\u0153uds de raccordement abonn\u00e9s \u00bb non couverts). Avec cette nouvelle loi, c&rsquo;est la possibilit\u00e9 de constituer des \u00ab r\u00e9seaux d&rsquo;initiative publique \u00bb (RIP) pour lesquels ce sont les collectivit\u00e9s locales qui lancent le projet, qui choisissent une \u00ab d\u00e9l\u00e9gation de service public \u00bb (DSP) ou un partenariat public priv\u00e9 (PPP).<\/p>\n<p><strong>un changement radical \u2026<\/strong><\/p>\n<p>Dans le cadre de cette loi, au bout de 10, 15 ou 20 ans, c\u2019est la collectivit\u00e9 locale qui devient alors propri\u00e9taire du r\u00e9seau. C&rsquo;\u00e9tait un \u00ab changement fort \u00bb a ajout\u00e9 Bruno Janet, \u00ab car cela signifiait que le r\u00e9seau ne serait plus \u00e0 nous \u00e0 terme \u00bb. Cette nouvelle loi a permis de travailler en \u00e9troite collaboration avec un grand nombre de collectivit\u00e9s locales dont notamment la Corse, l\u2019Auvergne, le Languedoc-Roussillon, la Somme et \u00ab ces milliers de NRA zones d&rsquo;ombre sur l&rsquo;ensemble du territoire \u00bb. Ceci a constitu\u00e9 un changement radical pour l\u2019op\u00e9rateur et aussi pour l\u2019am\u00e9nagement du territoire.<\/p>\n<p>Toutefois, les limites de l&rsquo;ADSL ne sont pas seulement dues \u00e0 sa couverture, mais \u00e9galement \u00e0 son caract\u00e8re asym\u00e9trique (le d\u00e9bit montant et le d\u00e9bit descendant ne sont pas le m\u00eame), et \u00e0 sa limitation en puissance (en fonction de la distance au \u00ab n\u0153ud de raccordement \u00bb).<\/p>\n<p><strong>tr\u00e8s haut d\u00e9bit : premiers r\u00e9sultats \u2026<\/strong><\/p>\n<p>C&rsquo;est ainsi que nous en arrivons au nouveau plan qui se d\u00e9roule depuis quelques ann\u00e9es, et pour lequel un \u00ab v\u00e9ritable \u00e9lan a \u00e9t\u00e9 cr\u00e9\u00e9 depuis 2011 \u00bb. Il s&rsquo;agit du plan fibre, d\u00e9marr\u00e9 d\u00e8s 2010, et pour lequel France T\u00e9l\u00e9com Orange, en co-financement avec les autres op\u00e9rateurs du march\u00e9, s&rsquo;est engag\u00e9 \u00e0 couvrir 100 % des logements en France. Reste donc \u00e0 40 % de zones d&rsquo;ombre du futur tr\u00e8s haut d\u00e9bit, pour lequel le m\u00eame m\u00e9canisme que celui de 2005 sera appliqu\u00e9 : \u00ab Il y a des gens qui trouvent que \u00e7a ne va pas assez vite \u00bb pr\u00e9cise Bruno Janet, mais il pr\u00e9f\u00e8re se focaliser sur les efforts mis en place et les premiers r\u00e9sultats : \u00ab En 1 an, les \u00e9lus se sont rendu compte que l\u2019op\u00e9rateur avait une vraie volont\u00e9 industrielle \u00bb \u00e0 ajout\u00e9 Bruno qui insiste sur le facteur fondamental de cette alliance\/partenariat entre les op\u00e9rateurs et les puissances publiques.<\/p>\n<p><strong>un facteur de comp\u00e9titivit\u00e9 \u2026<\/strong><\/p>\n<p>C&rsquo;est tout d&rsquo;abord un facteur d&rsquo;attractivit\u00e9 pour le territoire insiste le Bruno Janet : \u00ab les entreprises ou les particuliers qui s&rsquo;installent demandent le tr\u00e8s haut d\u00e9bit ! C&rsquo;est une valorisation du patrimoine et un crit\u00e8re de choix pour l&rsquo;immobilier \u00bb. On le sait, le d\u00e9veloppement massif du t\u00e9l\u00e9travail, m\u00eame en France o\u00f9 traditionnellement celui-ci \u00e9tait en retard <span class=\"removed_link\" title=\"http:\/\/oran.ge\/ttravail\">(voir mes divers travaux sur ce sujet sur mon blog personnel<\/span>) est un \u00e9l\u00e9ment ind\u00e9niable de dynamisme du r\u00e9seau \u00e0 tr\u00e8s haut d\u00e9bit.<\/p>\n<p>D\u2019autre part, les usages explosent avec le tr\u00e8s haut d\u00e9bit. Bruno compare l&rsquo;ADSL \u00ab \u00e0 une autoroute \u00e0 2 voies, mais l&rsquo;autoroute va \u00eatre de plus en plus encombr\u00e9e \u00bb pr\u00e9cise-t-il. Les usages du tr\u00e8s haut d\u00e9bit sont donc un peu une affaire d\u2019 \u00ab \u0153uf et de poule \u00bb, car avec l&rsquo;arriv\u00e9e d&rsquo;un d\u00e9bit tr\u00e8s \u00e9lev\u00e9, de nouveaux usages vont appara\u00eetre, qui n&rsquo;\u00e9taient m\u00eame pas pensables auparavant.<\/p>\n<p><strong>la r\u00e9alit\u00e9 sur la situation internationale \u2026<\/strong><\/p>\n<p>D&rsquo;une part il y a toujours des pays en avance, comme la Cor\u00e9e et le Japon (\u00ab \u00e0 cause des d\u00e9cisions politiques volontaristes \u00bb pr\u00e9cise Bruno), et d&rsquo;autre part il y a les autres pays. La Su\u00e8de avait pris \u00e9norm\u00e9ment d&rsquo;avance sur le tr\u00e8s haut d\u00e9bit en Europe, mais le probl\u00e8me de la France est \u00ab la dispersion sur le territoire \u00bb ce que Bruno appelle \u00ab l&rsquo;\u00e9parsit\u00e9 \u00bb c&rsquo;est-\u00e0-dire un m\u00e9lange d&rsquo;\u00e9parpillement et de densit\u00e9. Et Bruno Janet de pr\u00e9ciser que nous (la France) sommes \u00ab dans la course \u00bb et que cela est confirm\u00e9 par le classement de <span class=\"removed_link\" title=\"http:\/\/www.idate.org\/fr\/Research\/FTTx-Watch-Service\/World-FTTx-Markets_57_54.html\">l&rsquo;idate<\/span> (<em>voir \u00e9galement la note en bas d\u2019article<\/em>).<\/p>\n<p><strong>Quels d\u00e9lais ?<\/strong><\/p>\n<p>\u00ab 60 % des logements seront \u00e9quip\u00e9s d&rsquo;ici 2020 promet Bruno Janet, avec 40 % restants pour les r\u00e9seaux d&rsquo;initiatives publiques qui seront r\u00e9alis\u00e9es concomitamment \u00bb. Le travail a d\u00e9j\u00e0 commenc\u00e9 en dehors de la Capitale, avec quelques exemples comme celui de Laval ou de Palaiseau-Saclay o\u00f9 le c\u0153ur de r\u00e9seau est fait par Orange et le reste est r\u00e9alis\u00e9 par l&rsquo;agglom\u00e9ration via une d\u00e9l\u00e9gation de service public.<\/p>\n<p>Mais il s&rsquo;agit en fin de compte d&rsquo;un v\u00e9ritable enjeu industriel pour le pays ; lorsqu\u2019on cherchera un logement ou un local pour son entreprise, le tr\u00e8s haut d\u00e9bit deviendra incontournable et se transformera en v\u00e9ritable argument de vente comme \u2013 il fut un temps \u2013 le gaz \u00e0 tous les \u00e9tages.<\/p>\n<p><em>note : on remarquera en toute transparence que des voix discordantes se font entendre ici et <a href=\"https:\/\/www.challenges.fr\/high-tech\/20120327.CHA4685\/la-france-est-en-retard-sur-le-tres-haut-debit.html\">l\u00e0<\/a> mais que cela ne met pas v\u00e9ritablement en cause le d\u00e9ploiement de l\u2019infrastructure en tant que tel. Si l\u2019article du Nouvel Observateur notamment souligne les difficult\u00e9s du mod\u00e8le de coop\u00e9ration, les causes du retard en question sont peut-\u00eatre \u00e0 chercher ailleurs, et notamment dans les crit\u00e8res d\u2019adoption des technologies et les facteurs sociologiques et \u00e9conomiques. Ceci \u00e0 mon avis ne venant pas contredire le propos, car l\u2019usage de la fibre se r\u00e9v\u00e8le avec la maturit\u00e9 des utilisateurs, et on sait que les technologies mettent toujours 10 \u00e0 15 ans \u00e0 s\u2019imposer au plus grand nombre ; pr\u00e8s de 700000 abonn\u00e9s au tr\u00e8s haut d\u00e9bit \u00e9tant d\u2019ailleurs loin d\u2019\u00eatre un chiffre n\u00e9gligeable.<\/em><\/p>\n","protected":false},"excerpt":{"rendered":"<p>Comme je l&rsquo;ai fait \u00e0 diverses reprises ces derni\u00e8res ann\u00e9es (coll\u00e8gues de la division services, cloud computing, et plus r\u00e9cemment Soumik Sinharoy \u00e0 Orange Silicon Valley), j&rsquo;ai interview\u00e9 il y a peu un de nos coll\u00e8gues du groupe France Telecom Orange, Bruno Janet, Directeur des Relations avec les Collectivit\u00e9s Locales, afin qu&rsquo;il nous explique le plan fibre, ses enjeux \u00e9conomiques et nationaux, son historique et sa vision du futur. Coup de projecteur sur un aspect m\u00e9connu, et pourtant fondamental, de l&rsquo;\u00e9quipement d&rsquo;un r\u00e9seau avec un de ses acteurs au quotidien (note: interview r\u00e9alis\u00e9e \u00e0 l\u2019origine pour le blog d\u2019Orange Business Services].<\/p>\n","protected":false},"author":2,"featured_media":83373,"comment_status":"open","ping_status":"open","sticky":false,"template":"","format":"standard","meta":{"footnotes":""},"categories":[134],"tags":[],"class_list":["post-6435","post","type-post","status-publish","format-standard","has-post-thumbnail","hentry","category-economie"],"yoast_head":"<!-- This site is optimized with the Yoast SEO plugin v27.4 - https:\/\/yoast.com\/product\/yoast-seo-wordpress\/ -->\n<title>T\u00e9l\u00e9coms et Internet : le tr\u00e8s haut d\u00e9bit sera incontournable<\/title>\n<meta name=\"description\" content=\"Le tr\u00e8s haut d\u00e9bit est encore exceptionnel aujourd&#039;hui, mais il deviendra vite incontournable. Coup de projecteur sur l&#039;\u00e9quipement d&#039;un r\u00e9seau\" \/>\n<meta name=\"robots\" content=\"index, follow, max-snippet:-1, max-image-preview:large, max-video-preview:-1\" \/>\n<link rel=\"canonical\" href=\"https:\/\/visionarymarketing.com\/fr\/2012\/06\/01\/le-tres-haut-debit-sera-incontournable\/\" \/>\n<meta property=\"og:locale\" content=\"fr_FR\" \/>\n<meta property=\"og:type\" content=\"article\" \/>\n<meta property=\"og:title\" content=\"T\u00e9l\u00e9coms et Internet : le tr\u00e8s haut d\u00e9bit sera incontournable\" \/>\n<meta property=\"og:description\" content=\"Le tr\u00e8s haut d\u00e9bit est encore exceptionnel aujourd&#039;hui, mais il deviendra vite incontournable. Coup de projecteur sur l&#039;\u00e9quipement d&#039;un r\u00e9seau\" \/>\n<meta property=\"og:url\" content=\"https:\/\/visionarymarketing.com\/fr\/2012\/06\/01\/le-tres-haut-debit-sera-incontournable\/\" \/>\n<meta property=\"og:site_name\" content=\"Marketing and Innovation\" \/>\n<meta property=\"article:publisher\" content=\"https:\/\/www.facebook.com\/vismktg\" \/>\n<meta property=\"article:author\" content=\"http:\/\/facebook.com\/ygourven\" \/>\n<meta property=\"article:published_time\" content=\"2012-06-01T05:30:00+00:00\" \/>\n<meta property=\"article:modified_time\" content=\"2025-04-23T17:11:33+00:00\" \/>\n<meta property=\"og:image\" content=\"https:\/\/visionarymarketing.com\/wp-content\/uploads\/2012\/06\/parispassion-dsc-9772.jpg\" \/>\n\t<meta property=\"og:image:width\" content=\"1920\" \/>\n\t<meta property=\"og:image:height\" content=\"1080\" \/>\n\t<meta property=\"og:image:type\" content=\"image\/jpeg\" \/>\n<meta name=\"author\" content=\"Yann Gourvennec\" \/>\n<meta name=\"twitter:card\" content=\"summary_large_image\" \/>\n<meta name=\"twitter:creator\" content=\"@ygourven\" \/>\n<meta name=\"twitter:site\" content=\"@ygourven\" \/>\n<meta name=\"twitter:label1\" content=\"\u00c9crit par\" \/>\n\t<meta name=\"twitter:data1\" content=\"Yann Gourvennec\" \/>\n\t<meta name=\"twitter:label2\" content=\"Dur\u00e9e de lecture estim\u00e9e\" \/>\n\t<meta name=\"twitter:data2\" content=\"7 minutes\" \/>\n<script type=\"application\/ld+json\" class=\"yoast-schema-graph\">{\"@context\":\"https:\\\/\\\/schema.org\",\"@graph\":[{\"@type\":\"NewsArticle\",\"@id\":\"https:\\\/\\\/visionarymarketing.com\\\/fr\\\/2012\\\/06\\\/01\\\/le-tres-haut-debit-sera-incontournable\\\/#article\",\"isPartOf\":{\"@id\":\"https:\\\/\\\/visionarymarketing.com\\\/fr\\\/2012\\\/06\\\/01\\\/le-tres-haut-debit-sera-incontournable\\\/\"},\"author\":{\"name\":\"Yann Gourvennec\",\"@id\":\"https:\\\/\\\/visionarymarketing.com\\\/fr\\\/#\\\/schema\\\/person\\\/3754fee1e558f47b8deb46f53c37423e\"},\"headline\":\"T\u00e9l\u00e9coms et Internet : le tr\u00e8s haut d\u00e9bit sera incontournable\",\"datePublished\":\"2012-06-01T05:30:00+00:00\",\"dateModified\":\"2025-04-23T17:11:33+00:00\",\"mainEntityOfPage\":{\"@id\":\"https:\\\/\\\/visionarymarketing.com\\\/fr\\\/2012\\\/06\\\/01\\\/le-tres-haut-debit-sera-incontournable\\\/\"},\"wordCount\":1556,\"commentCount\":0,\"image\":{\"@id\":\"https:\\\/\\\/visionarymarketing.com\\\/fr\\\/2012\\\/06\\\/01\\\/le-tres-haut-debit-sera-incontournable\\\/#primaryimage\"},\"thumbnailUrl\":\"https:\\\/\\\/visionarymarketing.com\\\/wp-content\\\/uploads\\\/2012\\\/06\\\/parispassion-dsc-9772.jpg\",\"articleSection\":[\"\u00e9conomie et num\u00e9rique\"],\"inLanguage\":\"fr-FR\",\"potentialAction\":[{\"@type\":\"CommentAction\",\"name\":\"Comment\",\"target\":[\"https:\\\/\\\/visionarymarketing.com\\\/fr\\\/2012\\\/06\\\/01\\\/le-tres-haut-debit-sera-incontournable\\\/#respond\"]}]},{\"@type\":\"WebPage\",\"@id\":\"https:\\\/\\\/visionarymarketing.com\\\/fr\\\/2012\\\/06\\\/01\\\/le-tres-haut-debit-sera-incontournable\\\/\",\"url\":\"https:\\\/\\\/visionarymarketing.com\\\/fr\\\/2012\\\/06\\\/01\\\/le-tres-haut-debit-sera-incontournable\\\/\",\"name\":\"T\u00e9l\u00e9coms et Internet : le tr\u00e8s haut d\u00e9bit sera incontournable\",\"isPartOf\":{\"@id\":\"https:\\\/\\\/visionarymarketing.com\\\/fr\\\/#website\"},\"primaryImageOfPage\":{\"@id\":\"https:\\\/\\\/visionarymarketing.com\\\/fr\\\/2012\\\/06\\\/01\\\/le-tres-haut-debit-sera-incontournable\\\/#primaryimage\"},\"image\":{\"@id\":\"https:\\\/\\\/visionarymarketing.com\\\/fr\\\/2012\\\/06\\\/01\\\/le-tres-haut-debit-sera-incontournable\\\/#primaryimage\"},\"thumbnailUrl\":\"https:\\\/\\\/visionarymarketing.com\\\/wp-content\\\/uploads\\\/2012\\\/06\\\/parispassion-dsc-9772.jpg\",\"datePublished\":\"2012-06-01T05:30:00+00:00\",\"dateModified\":\"2025-04-23T17:11:33+00:00\",\"author\":{\"@id\":\"https:\\\/\\\/visionarymarketing.com\\\/fr\\\/#\\\/schema\\\/person\\\/3754fee1e558f47b8deb46f53c37423e\"},\"description\":\"Le tr\u00e8s haut d\u00e9bit est encore exceptionnel aujourd'hui, mais il deviendra vite incontournable. Coup de projecteur sur l'\u00e9quipement d'un r\u00e9seau\",\"breadcrumb\":{\"@id\":\"https:\\\/\\\/visionarymarketing.com\\\/fr\\\/2012\\\/06\\\/01\\\/le-tres-haut-debit-sera-incontournable\\\/#breadcrumb\"},\"inLanguage\":\"fr-FR\",\"potentialAction\":[{\"@type\":\"ReadAction\",\"target\":[\"https:\\\/\\\/visionarymarketing.com\\\/fr\\\/2012\\\/06\\\/01\\\/le-tres-haut-debit-sera-incontournable\\\/\"]}]},{\"@type\":\"ImageObject\",\"inLanguage\":\"fr-FR\",\"@id\":\"https:\\\/\\\/visionarymarketing.com\\\/fr\\\/2012\\\/06\\\/01\\\/le-tres-haut-debit-sera-incontournable\\\/#primaryimage\",\"url\":\"https:\\\/\\\/visionarymarketing.com\\\/wp-content\\\/uploads\\\/2012\\\/06\\\/parispassion-dsc-9772.jpg\",\"contentUrl\":\"https:\\\/\\\/visionarymarketing.com\\\/wp-content\\\/uploads\\\/2012\\\/06\\\/parispassion-dsc-9772.jpg\",\"width\":1920,\"height\":1080,\"caption\":\"T\u00e9l\u00e9coms et Internet : le tr\u00e8s haut d\u00e9bit sera incontournable\"},{\"@type\":\"BreadcrumbList\",\"@id\":\"https:\\\/\\\/visionarymarketing.com\\\/fr\\\/2012\\\/06\\\/01\\\/le-tres-haut-debit-sera-incontournable\\\/#breadcrumb\",\"itemListElement\":[{\"@type\":\"ListItem\",\"position\":1,\"name\":\"Home\",\"item\":\"https:\\\/\\\/visionarymarketing.com\\\/fr\\\/\"},{\"@type\":\"ListItem\",\"position\":2,\"name\":\"T\u00e9l\u00e9coms et Internet : le tr\u00e8s haut d\u00e9bit sera incontournable\"}]},{\"@type\":\"WebSite\",\"@id\":\"https:\\\/\\\/visionarymarketing.com\\\/fr\\\/#website\",\"url\":\"https:\\\/\\\/visionarymarketing.com\\\/fr\\\/\",\"name\":\"Marketing and Innovation\",\"description\":\"Site d&#039;infos ind\u00e9pendant, depuis 1996\",\"potentialAction\":[{\"@type\":\"SearchAction\",\"target\":{\"@type\":\"EntryPoint\",\"urlTemplate\":\"https:\\\/\\\/visionarymarketing.com\\\/fr\\\/?s={search_term_string}\"},\"query-input\":{\"@type\":\"PropertyValueSpecification\",\"valueRequired\":true,\"valueName\":\"search_term_string\"}}],\"inLanguage\":\"fr-FR\"},{\"@type\":\"Person\",\"@id\":\"https:\\\/\\\/visionarymarketing.com\\\/fr\\\/#\\\/schema\\\/person\\\/3754fee1e558f47b8deb46f53c37423e\",\"name\":\"Yann Gourvennec\",\"image\":{\"@type\":\"ImageObject\",\"inLanguage\":\"fr-FR\",\"@id\":\"https:\\\/\\\/secure.gravatar.com\\\/avatar\\\/5972001801e8de5692a3e31224e85769f50a55fb8b679749f9c8d1868cceff14?s=96&d=initials&r=g&initials=yg\",\"url\":\"https:\\\/\\\/secure.gravatar.com\\\/avatar\\\/5972001801e8de5692a3e31224e85769f50a55fb8b679749f9c8d1868cceff14?s=96&d=initials&r=g&initials=yg\",\"contentUrl\":\"https:\\\/\\\/secure.gravatar.com\\\/avatar\\\/5972001801e8de5692a3e31224e85769f50a55fb8b679749f9c8d1868cceff14?s=96&d=initials&r=g&initials=yg\",\"caption\":\"Yann Gourvennec\"},\"description\":\"Yann Gourvennec created visionarymarketing.com in 1996. He is a speaker and author of many books. In 2014 he went from intrapreneur to entrepreneur, when he created his digital marketing agency. Yann Gourvennec a cr\u00e9\u00e9 visionarymarketing.com en 1996. Il est conf\u00e9rencier et auteur de plusieurs livres. En 2014, il est pass\u00e9 d'intrapreneur \u00e0 entrepreneur en cr\u00e9ant son agence de marketing num\u00e9rique.\",\"sameAs\":[\"https:\\\/\\\/visionarymarketing.com\",\"http:\\\/\\\/facebook.com\\\/ygourven\",\"http:\\\/\\\/linkedin.com\\\/in\\\/ygourven\",\"https:\\\/\\\/x.com\\\/ygourven\",\"https:\\\/\\\/www.youtube.com\\\/c\\\/visionarymarketingagency\"],\"url\":\"https:\\\/\\\/visionarymarketing.com\\\/fr\\\/author\\\/yann-gourvennec\\\/\"}]}<\/script>\n<!-- \/ Yoast SEO plugin. -->","yoast_head_json":{"title":"T\u00e9l\u00e9coms et Internet : le tr\u00e8s haut d\u00e9bit sera incontournable","description":"Le tr\u00e8s haut d\u00e9bit est encore exceptionnel aujourd'hui, mais il deviendra vite incontournable. Coup de projecteur sur l'\u00e9quipement d'un r\u00e9seau","robots":{"index":"index","follow":"follow","max-snippet":"max-snippet:-1","max-image-preview":"max-image-preview:large","max-video-preview":"max-video-preview:-1"},"canonical":"https:\/\/visionarymarketing.com\/fr\/2012\/06\/01\/le-tres-haut-debit-sera-incontournable\/","og_locale":"fr_FR","og_type":"article","og_title":"T\u00e9l\u00e9coms et Internet : le tr\u00e8s haut d\u00e9bit sera incontournable","og_description":"Le tr\u00e8s haut d\u00e9bit est encore exceptionnel aujourd'hui, mais il deviendra vite incontournable. Coup de projecteur sur l'\u00e9quipement d'un r\u00e9seau","og_url":"https:\/\/visionarymarketing.com\/fr\/2012\/06\/01\/le-tres-haut-debit-sera-incontournable\/","og_site_name":"Marketing and Innovation","article_publisher":"https:\/\/www.facebook.com\/vismktg","article_author":"http:\/\/facebook.com\/ygourven","article_published_time":"2012-06-01T05:30:00+00:00","article_modified_time":"2025-04-23T17:11:33+00:00","og_image":[{"width":1920,"height":1080,"url":"https:\/\/visionarymarketing.com\/wp-content\/uploads\/2012\/06\/parispassion-dsc-9772.jpg","type":"image\/jpeg"}],"author":"Yann Gourvennec","twitter_card":"summary_large_image","twitter_creator":"@ygourven","twitter_site":"@ygourven","twitter_misc":{"\u00c9crit par":"Yann Gourvennec","Dur\u00e9e de lecture estim\u00e9e":"7 minutes"},"schema":{"@context":"https:\/\/schema.org","@graph":[{"@type":"NewsArticle","@id":"https:\/\/visionarymarketing.com\/fr\/2012\/06\/01\/le-tres-haut-debit-sera-incontournable\/#article","isPartOf":{"@id":"https:\/\/visionarymarketing.com\/fr\/2012\/06\/01\/le-tres-haut-debit-sera-incontournable\/"},"author":{"name":"Yann Gourvennec","@id":"https:\/\/visionarymarketing.com\/fr\/#\/schema\/person\/3754fee1e558f47b8deb46f53c37423e"},"headline":"T\u00e9l\u00e9coms et Internet : le tr\u00e8s haut d\u00e9bit sera incontournable","datePublished":"2012-06-01T05:30:00+00:00","dateModified":"2025-04-23T17:11:33+00:00","mainEntityOfPage":{"@id":"https:\/\/visionarymarketing.com\/fr\/2012\/06\/01\/le-tres-haut-debit-sera-incontournable\/"},"wordCount":1556,"commentCount":0,"image":{"@id":"https:\/\/visionarymarketing.com\/fr\/2012\/06\/01\/le-tres-haut-debit-sera-incontournable\/#primaryimage"},"thumbnailUrl":"https:\/\/visionarymarketing.com\/wp-content\/uploads\/2012\/06\/parispassion-dsc-9772.jpg","articleSection":["\u00e9conomie et num\u00e9rique"],"inLanguage":"fr-FR","potentialAction":[{"@type":"CommentAction","name":"Comment","target":["https:\/\/visionarymarketing.com\/fr\/2012\/06\/01\/le-tres-haut-debit-sera-incontournable\/#respond"]}]},{"@type":"WebPage","@id":"https:\/\/visionarymarketing.com\/fr\/2012\/06\/01\/le-tres-haut-debit-sera-incontournable\/","url":"https:\/\/visionarymarketing.com\/fr\/2012\/06\/01\/le-tres-haut-debit-sera-incontournable\/","name":"T\u00e9l\u00e9coms et Internet : le tr\u00e8s haut d\u00e9bit sera incontournable","isPartOf":{"@id":"https:\/\/visionarymarketing.com\/fr\/#website"},"primaryImageOfPage":{"@id":"https:\/\/visionarymarketing.com\/fr\/2012\/06\/01\/le-tres-haut-debit-sera-incontournable\/#primaryimage"},"image":{"@id":"https:\/\/visionarymarketing.com\/fr\/2012\/06\/01\/le-tres-haut-debit-sera-incontournable\/#primaryimage"},"thumbnailUrl":"https:\/\/visionarymarketing.com\/wp-content\/uploads\/2012\/06\/parispassion-dsc-9772.jpg","datePublished":"2012-06-01T05:30:00+00:00","dateModified":"2025-04-23T17:11:33+00:00","author":{"@id":"https:\/\/visionarymarketing.com\/fr\/#\/schema\/person\/3754fee1e558f47b8deb46f53c37423e"},"description":"Le tr\u00e8s haut d\u00e9bit est encore exceptionnel aujourd'hui, mais il deviendra vite incontournable. Coup de projecteur sur l'\u00e9quipement d'un r\u00e9seau","breadcrumb":{"@id":"https:\/\/visionarymarketing.com\/fr\/2012\/06\/01\/le-tres-haut-debit-sera-incontournable\/#breadcrumb"},"inLanguage":"fr-FR","potentialAction":[{"@type":"ReadAction","target":["https:\/\/visionarymarketing.com\/fr\/2012\/06\/01\/le-tres-haut-debit-sera-incontournable\/"]}]},{"@type":"ImageObject","inLanguage":"fr-FR","@id":"https:\/\/visionarymarketing.com\/fr\/2012\/06\/01\/le-tres-haut-debit-sera-incontournable\/#primaryimage","url":"https:\/\/visionarymarketing.com\/wp-content\/uploads\/2012\/06\/parispassion-dsc-9772.jpg","contentUrl":"https:\/\/visionarymarketing.com\/wp-content\/uploads\/2012\/06\/parispassion-dsc-9772.jpg","width":1920,"height":1080,"caption":"T\u00e9l\u00e9coms et Internet : le tr\u00e8s haut d\u00e9bit sera incontournable"},{"@type":"BreadcrumbList","@id":"https:\/\/visionarymarketing.com\/fr\/2012\/06\/01\/le-tres-haut-debit-sera-incontournable\/#breadcrumb","itemListElement":[{"@type":"ListItem","position":1,"name":"Home","item":"https:\/\/visionarymarketing.com\/fr\/"},{"@type":"ListItem","position":2,"name":"T\u00e9l\u00e9coms et Internet : le tr\u00e8s haut d\u00e9bit sera incontournable"}]},{"@type":"WebSite","@id":"https:\/\/visionarymarketing.com\/fr\/#website","url":"https:\/\/visionarymarketing.com\/fr\/","name":"Marketing and Innovation","description":"Site d&#039;infos ind\u00e9pendant, depuis 1996","potentialAction":[{"@type":"SearchAction","target":{"@type":"EntryPoint","urlTemplate":"https:\/\/visionarymarketing.com\/fr\/?s={search_term_string}"},"query-input":{"@type":"PropertyValueSpecification","valueRequired":true,"valueName":"search_term_string"}}],"inLanguage":"fr-FR"},{"@type":"Person","@id":"https:\/\/visionarymarketing.com\/fr\/#\/schema\/person\/3754fee1e558f47b8deb46f53c37423e","name":"Yann Gourvennec","image":{"@type":"ImageObject","inLanguage":"fr-FR","@id":"https:\/\/secure.gravatar.com\/avatar\/5972001801e8de5692a3e31224e85769f50a55fb8b679749f9c8d1868cceff14?s=96&d=initials&r=g&initials=yg","url":"https:\/\/secure.gravatar.com\/avatar\/5972001801e8de5692a3e31224e85769f50a55fb8b679749f9c8d1868cceff14?s=96&d=initials&r=g&initials=yg","contentUrl":"https:\/\/secure.gravatar.com\/avatar\/5972001801e8de5692a3e31224e85769f50a55fb8b679749f9c8d1868cceff14?s=96&d=initials&r=g&initials=yg","caption":"Yann Gourvennec"},"description":"Yann Gourvennec created visionarymarketing.com in 1996. He is a speaker and author of many books. In 2014 he went from intrapreneur to entrepreneur, when he created his digital marketing agency. Yann Gourvennec a cr\u00e9\u00e9 visionarymarketing.com en 1996. Il est conf\u00e9rencier et auteur de plusieurs livres. En 2014, il est pass\u00e9 d'intrapreneur \u00e0 entrepreneur en cr\u00e9ant son agence de marketing num\u00e9rique.","sameAs":["https:\/\/visionarymarketing.com","http:\/\/facebook.com\/ygourven","http:\/\/linkedin.com\/in\/ygourven","https:\/\/x.com\/ygourven","https:\/\/www.youtube.com\/c\/visionarymarketingagency"],"url":"https:\/\/visionarymarketing.com\/fr\/author\/yann-gourvennec\/"}]}},"_links":{"self":[{"href":"https:\/\/visionarymarketing.com\/fr\/wp-json\/wp\/v2\/posts\/6435","targetHints":{"allow":["GET"]}}],"collection":[{"href":"https:\/\/visionarymarketing.com\/fr\/wp-json\/wp\/v2\/posts"}],"about":[{"href":"https:\/\/visionarymarketing.com\/fr\/wp-json\/wp\/v2\/types\/post"}],"author":[{"embeddable":true,"href":"https:\/\/visionarymarketing.com\/fr\/wp-json\/wp\/v2\/users\/2"}],"replies":[{"embeddable":true,"href":"https:\/\/visionarymarketing.com\/fr\/wp-json\/wp\/v2\/comments?post=6435"}],"version-history":[{"count":0,"href":"https:\/\/visionarymarketing.com\/fr\/wp-json\/wp\/v2\/posts\/6435\/revisions"}],"wp:featuredmedia":[{"embeddable":true,"href":"https:\/\/visionarymarketing.com\/fr\/wp-json\/wp\/v2\/media\/83373"}],"wp:attachment":[{"href":"https:\/\/visionarymarketing.com\/fr\/wp-json\/wp\/v2\/media?parent=6435"}],"wp:term":[{"taxonomy":"category","embeddable":true,"href":"https:\/\/visionarymarketing.com\/fr\/wp-json\/wp\/v2\/categories?post=6435"},{"taxonomy":"post_tag","embeddable":true,"href":"https:\/\/visionarymarketing.com\/fr\/wp-json\/wp\/v2\/tags?post=6435"}],"curies":[{"name":"wp","href":"https:\/\/api.w.org\/{rel}","templated":true}]}}