{"id":64122,"date":"2021-08-30T09:00:04","date_gmt":"2021-08-30T07:00:04","guid":{"rendered":"https:\/\/visionarymarketing.com\/?p=64122"},"modified":"2022-06-22T14:32:13","modified_gmt":"2022-06-22T12:32:13","slug":"travail-hybride","status":"publish","type":"post","link":"https:\/\/visionarymarketing.com\/fr\/2021\/08\/30\/travail-hybride\/","title":{"rendered":"Travail hybride : nouvelle norme du monde d\u2019apr\u00e8s ?"},"content":{"rendered":"<p><em>Que l&rsquo;on parle de travail hybride ou d&rsquo;\u00e9v\u00e9nement hybride, il faut faire remarquer que nous tenons l\u00e0 une \u00e9pith\u00e8te int\u00e9ressante et novatrice qui semble s&rsquo;\u00eatre empar\u00e9 de la blogosph\u00e8re et du monde des affaires en g\u00e9n\u00e9ral. M<\/em><em>onde des affaires qui est sorti un peu groggy de ces 18 mois de contraintes sanitaires, malgr\u00e9 des signes de reprise ind\u00e9niable en cette rentr\u00e9e, soulign\u00e9s tous les jours par les journaux \u00e9conomiques, sans nommer le miracle \u00e9conomique \u2014 toujours aussi myst\u00e9rieux \u2014 de la baisse historique des faillites et du ch\u00f4mage.\u00a0Et pour cause, avec la pand\u00e9mie que nous connaissons tous et qui finit par ressembler \u00e0 une histoire sans fin, il para\u00eet logique que travail hybride et \u00e9v\u00e9nements hybrides s&rsquo;imposent comme une \u00e9vidence. Qu&rsquo;en est-il r\u00e9ellement et quelles perspectives peut-on attendre de ce nouveau concept ? R\u00e9ponse avec <a href=\"https:\/\/visionarymarketing.com\/fr\/2019\/01\/predictions-2019\/\">Forrester<\/a> et <a href=\"https:\/\/klaxoon.com\" target=\"_blank\" rel=\"noopener\">Klaxoon<\/a>.<\/em><\/p>\n<h2>Travail hybride : nouvelle norme du monde d\u2019apr\u00e8s ?<\/h2>\n<figure id=\"attachment_64208\" aria-describedby=\"caption-attachment-64208\" style=\"width: 519px\" class=\"wp-caption aligncenter\"><img decoding=\"async\" class=\"wp-image-64208 size-full\" src=\"https:\/\/visionarymarketing.com\/wp-content\/uploads\/2021\/07\/img-9461-scaled-e1626246447571.jpeg\" alt=\"travail hybride\" width=\"519\" height=\"340\" srcset=\"https:\/\/visionarymarketing.com\/wp-content\/uploads\/2021\/07\/img-9461-scaled-e1626246447571.jpeg 519w, https:\/\/visionarymarketing.com\/wp-content\/uploads\/2021\/07\/img-9461-scaled-e1626246447571-458x300.jpeg 458w\" sizes=\"(max-width: 519px) 100vw, 519px\" \/><figcaption id=\"caption-attachment-64208\" class=\"wp-caption-text\">Travail hybride : Klaxoon avait ax\u00e9 son stand enti\u00e8rement autour de ce concept lors de l&rsquo;\u00e9v\u00e9nement Vivatech 2021. Est-ce suffisant pour en faire une nouvelle norme du monde d\u2019apr\u00e8s ? Visionary Marketing m\u00e8ne l&rsquo;enqu\u00eate.<\/figcaption><\/figure>\n<p><!--more--><\/p>\n<p>M\u00eame si les menaces de reconfinement se font moins pressantes en ce moment, du moins en m\u00e9tropole et si l&rsquo;on reste optimiste, les d\u00e9sirs des employ\u00e9s de conserver au minimum quelques jours de t\u00e9l\u00e9travail par semaine ne sont pas pr\u00eats de s\u2019\u00e9vaporer. La norme semble s\u2019orienter, avec des variantes selon les entreprises, vers un <a href=\"https:\/\/www.larevuedudigital.com\/axa-etend-le-teletravail-2-jours-par-semaine-a-tous-ses-employes-dans-le-monde\/\" target=\"_blank\" rel=\"noopener\">mix de 2 jours en t\u00e9l\u00e9travail et de 3 jours<\/a> en pr\u00e9sentiel.<\/p>\n<h3>Le t\u00e9l\u00e9travail s\u2019installe dans le paysage<\/h3>\n<figure id=\"attachment_64504\" aria-describedby=\"caption-attachment-64504\" style=\"width: 215px\" class=\"wp-caption alignleft\"><img decoding=\"async\" class=\" wp-image-64504\" src=\"https:\/\/visionarymarketing.com\/wp-content\/uploads\/2021\/08\/screenshot-2021-08-24-at-091429.jpg\" alt=\"travail hybride\" width=\"215\" height=\"271\" srcset=\"https:\/\/visionarymarketing.com\/wp-content\/uploads\/2021\/08\/screenshot-2021-08-24-at-091429.jpg 366w, https:\/\/visionarymarketing.com\/wp-content\/uploads\/2021\/08\/screenshot-2021-08-24-at-091429-238x300.jpg 238w\" sizes=\"(max-width: 215px) 100vw, 215px\" \/><figcaption id=\"caption-attachment-64504\" class=\"wp-caption-text\">\u00ab\u00a0Environ 40% des d\u00e9placements professionnels en avion pourraient \u00eatre d\u00e9finitivement remplac\u00e9s par la visioconf\u00e9rence\u00a0\u00bb annoncent les Echos dans leur Une du 24 ao\u00fbt 2021 : bienvenue dans le monde d&rsquo;apr\u00e8s et du travail hybride<\/figcaption><\/figure>\n<p>Autant dire que le t\u00e9l\u00e9travail s\u2019installe, enfin devrions-nous ajouter, dans le paysage, m\u00eame si cela se fera d\u2019une fa\u00e7on moins radicale que pendant le confinement. Rappelons n\u00e9anmoins que le t\u00e9l\u00e9travail ne concerne pas tout le monde, je vous renvoie \u00e0 mon billet dans notre ouvrage de l\u2019an dernier : \u00ab <a href=\"https:\/\/visionarymarketing.com\/fr\/2020\/04\/le-confinement-explique-a-mon-boss-est-arrive-et-il-est-plein-de-bonnes-intentions\/\">le confinement expliqu\u00e9 \u00e0 mon boss<\/a> \u00bb.<\/p>\n<p>Cette situation o\u00f9 le travail \u00e0 distance se m\u00e9lange avec le travail dans les espaces de bureau qui, n\u2019en d\u00e9plaisent \u00e0 certains, n\u2019ont pas disparu, c\u2019est cela qui se nomme travail hybride et cela pourrait bien devenir la norme du fameux \u00ab monde d\u2019apr\u00e8s \u00bb. C\u2019est ce que pense en tout ca Klaxoon qui a tout mis\u00e9 sur ce nouveau ph\u00e9nom\u00e8ne.<\/p>\n<h3>Le Travail hybride, r\u00e9ponse logique \u00e0 la situation actuelle ?<\/h3>\n<p>En un mot comme en cent, il faut passer \u00e0 l&rsquo;hybridation, au m\u00e9lange du physique et du virtuel, \u00e0 la virtualisation de l&rsquo;\u00e9v\u00e9nement physique, ou la transposition physique de l&rsquo;\u00e9v\u00e9nement en ligne, on peut voir cela comme on veut.<\/p>\n<figure id=\"attachment_64406\" aria-describedby=\"caption-attachment-64406\" style=\"width: 640px\" class=\"wp-caption aligncenter\"><img decoding=\"async\" class=\"wp-image-64406 size-full\" src=\"https:\/\/visionarymarketing.com\/wp-content\/uploads\/2021\/08\/img-9460.jpg\" alt=\"\u00e9v\u00e9nements B2B hybrides\" width=\"640\" height=\"480\" srcset=\"https:\/\/visionarymarketing.com\/wp-content\/uploads\/2021\/08\/img-9460.jpg 640w, https:\/\/visionarymarketing.com\/wp-content\/uploads\/2021\/08\/img-9460-400x300.jpg 400w\" sizes=\"(max-width: 640px) 100vw, 640px\" \/><figcaption id=\"caption-attachment-64406\" class=\"wp-caption-text\">La cabine \u00e0 \u00e9v\u00e9nements hybride cr\u00e9\u00e9e par Klaxoon en d\u00e9monstration sur le stand. Je n&rsquo;ai pu h\u00e9las la visiter.<\/figcaption><\/figure>\n<p>J&rsquo;ai interview\u00e9\u00a0<a href=\"https:\/\/www.linkedin.com\/in\/marie-barbesol-2a574065\/\" target=\"_blank\" rel=\"noopener\">Marie Barbesol<\/a>, \u00e9vang\u00e9liste chez Klaxoon, startup rennaise d\u00e9di\u00e9e aux dispositifs \u00e9v\u00e9nementiels sur le\u00a0salon Vivatech 2021 qui s\u2019est d\u00e9roul\u00e9 \u00e0 la Porte de Versailles du 15 au 19 juin. Interview que j&rsquo;ai agr\u00e9ment\u00e9e de remarques issues du rapport Forrester de Laura Ramos sur les \u00e9v\u00e9nements hybrides. Voici son t\u00e9moignage.<\/p>\n<h3>Un constat : les r\u00e9unions ne sont pas toujours tr\u00e8s efficaces<\/h3>\n<p>\u00ab\u00a0Klaxoon s&rsquo;est cr\u00e9\u00e9e en 2015 sur le constat que les <a href=\"https:\/\/visionarymarketing.com\/fr\/2017\/11\/productivite-reunion-openrainbow\/\">r\u00e9unions n&rsquo;\u00e9taient pas toujours tr\u00e8s efficaces<\/a>, qu&rsquo;elles\u00a0\u00e9taient souvent trop longues\u00a0et n&rsquo;aboutissaient pas forc\u00e9ment sur des prises de d\u00e9cisions. Chacun ne s&rsquo;y exprimait pas toujours tr\u00e8s librement non plus\u00a0\u00bb explique Marie.<\/p>\n<figure id=\"attachment_64499\" aria-describedby=\"caption-attachment-64499\" style=\"width: 150px\" class=\"wp-caption alignright\"><img decoding=\"async\" class=\"wp-image-64499 size-thumbnail\" src=\"https:\/\/visionarymarketing.com\/wp-content\/uploads\/2021\/08\/705b5881-924a-472f-bf63-5392a82070a1-150x150.jpeg\" alt=\"Travail Hybride\" width=\"150\" height=\"150\" \/><figcaption id=\"caption-attachment-64499\" class=\"wp-caption-text\">Marie Barbesol<\/figcaption><\/figure>\n<p>Sur ces constats, la startup a d\u00e9velopp\u00e9 des outils pens\u00e9s pour travailler de mani\u00e8re hybride, depuis le bureau mais avec des personnes \u00e0 distance, de mani\u00e8re synchrone et asynchrone.<\/p>\n<p>\u00ab Le monde dans lequel nous a plong\u00e9 la pand\u00e9mie en mars 2020 nous a mis au pied du mur pour apprendre \u00e0 <a href=\"https:\/\/visionarymarketing.com\/fr\/2020\/03\/teletravail-confinement\/\" target=\"_blank\" rel=\"noopener\">travailler \u00e0 distance avec les uns et les autres<\/a>, \u00e0 opter pour des r\u00e9unions et des temps collectifs qui soient \u00e0 distance. Ces moments offrent \u00e9norm\u00e9ment d&rsquo;opportunit\u00e9s \u00bb, constate Marie.<\/p>\n<h3>Travail en mode hybride : travailler avec de nouveaux talents \u00e0 l\u2019autre bout du monde<\/h3>\n<p>Travailler en mode hybride permet de s&rsquo;ouvrir \u00e0 de nouveaux talents qui sont \u00e0 l&rsquo;autre bout du monde, \u00e0 de nouveaux march\u00e9s, de nouveaux business. En travaillant de mani\u00e8re hybride, on doit faire extr\u00eamement attention de permettre \u00e0 chacun de trouver une mani\u00e8re de s&rsquo;exprimer. \u00ab Cela permet d&rsquo;avoir des collectifs tr\u00e8s forts, tr\u00e8s r\u00e9actifs, et tr\u00e8s cr\u00e9atifs \u00bb, souligne l\u2019\u00e9vang\u00e9liste de Klaxoon.<\/p>\n<h3>Travail hybride et conscience environnementale<\/h3>\n<p>Cette p\u00e9riode dans laquelle nous avons peu voyag\u00e9 a aussi permis aux gens de d\u00e9velopper une conscience environnementale autour du travail, de r\u00e9fl\u00e9chir si les r\u00e9unions auxquelles nous sommes convi\u00e9s au bureau sont vraiment indispensables, et aussi comment s&rsquo;y rendre : en train, en avion, en voiture ? Ou bien est-ce que, finalement, on ne pourrait pas la faire \u00e0 distance tout aussi efficacement.<\/p>\n<p>Ceci a par cons\u00e9quent entra\u00een\u00e9 des interrogations sur pourquoi ne pas s&rsquo;installer dans des endroits qui nous conviennent mieux, loin des zones satur\u00e9es, pour une vie qui, finalement, pourrait \u00eatre plus agr\u00e9able.<\/p>\n<blockquote class=\"quote-light\"><p>[\u2026] Les Parisiens ont d\u00e9cid\u00e9 de revoir leurs plans. Apr\u00e8s le confinement du printemps 2020, ils \u00e9taient deux fois plus nombreux \u00e0 rechercher leur prochaine r\u00e9sidence principale en province\u00a0: 13\u00a0% entre avril\u00a02020 et\u00a0mai\u00a02021 versus 7\u00a0% entre\u00a0janvier\u00a02019 et mars\u00a02020<br \/>\n<a href=\"https:\/\/www.lesechos.fr\/patrimoine\/immobilier\/immobilier-ou-vont-les-parisiens-apres-lepreuve-covid-1326524\" target=\"_blank\" rel=\"noopener\">Les \u00c9chos &#8211; Juin 2021<\/a><\/p><\/blockquote>\n<p>Le travail hybride nous permet ainsi de travailler un peu plus \u00e0 notre propre rythme, et de faire en sorte que les membres de l&rsquo;\u00e9quipe respectent ce rythme.<\/p>\n<p>\u00ab On peut de mieux en mieux travailler de mani\u00e8re synchrone, en\u00a0r\u00e9union tous ensemble, de mani\u00e8re plus efficace, mais \u00e9galement en dehors des r\u00e9unions, en se passant un petit peu le relais \u00bb, souligne Marie. Cela permet de ne pas mobiliser les personnes de l&rsquo;\u00e9quipe de mani\u00e8re excessive.<\/p>\n<h3>Une nouvelle g\u00e9n\u00e9ration d&rsquo;outils pens\u00e9s pour le travail hybride<\/h3>\n<p>Klaxoon a pr\u00e9sent\u00e9 la nouvelle g\u00e9n\u00e9ration de leur produit phare, <a href=\"https:\/\/klaxoon.com\" target=\"_blank\" rel=\"noopener\">Board<\/a> (voir la vid\u00e9o d&rsquo;Enrico Zamparo ci-apr\u00e8s), un tableau blanc interactif permettant de travailler de mani\u00e8re visuelle. Il constitue pour les collaborateurs \u00e0 distance et ceux sur site le lieu commun o\u00f9 sont rassembl\u00e9es de mani\u00e8re visible toutes les id\u00e9es, organis\u00e9es de mani\u00e8re simple et visuelle. L&rsquo;outil propose des centaines de m\u00e9thodes de travail pour s&rsquo;organiser, ainsi qu&rsquo;un outil de visioconf\u00e9rence int\u00e9gr\u00e9 au tableau blanc.<\/p>\n<blockquote class=\"quote-light\"><p>C&rsquo;est aussi simple d&rsquo;envoyer des id\u00e9es dans ce tableau blanc que d&rsquo;envoyer un SMS. Cela permet \u00e0 certaines personnes qui n&rsquo;osaient pas s&rsquo;exprimer en r\u00e9union de le faire, ce qui ram\u00e8ne de la valeur \u00e0 la r\u00e9union. C&rsquo;est primordial pour vraiment avancer ensemble<\/p><\/blockquote>\n<p><iframe title=\"Klaxoon BOARD Hybrid - WORTH IT?\" width=\"500\" height=\"281\" src=\"https:\/\/www.youtube.com\/embed\/r7KK57yPSDU?feature=oembed\" frameborder=\"0\" allow=\"accelerometer; autoplay; clipboard-write; encrypted-media; gyroscope; picture-in-picture; web-share\" referrerpolicy=\"strict-origin-when-cross-origin\" allowfullscreen><\/iframe><\/p>\n<p><em>Pour vous faire une id\u00e9e des fonctionnalit\u00e9s de ce produit je vous conseille la vid\u00e9o d\u2019Enrico Zamparo qui est tr\u00e8s \u00e9clairante sur le produit et permet de se faire une bonne id\u00e9e de ses potentialit\u00e9s. A noter la remarque finale d\u2019Enrico, particuli\u00e8rement pertinente, sur la n\u00e9cessaire adaptation du travail autour de ces outils. Je note pour ma part une avanc\u00e9e certaine vers des outils de collaboration synchrone pour l\u2019id\u00e9ation et le travail en commun \u00e0 distance. Pas utile seulement en cas de t\u00e9l\u00e9travail mais aussi pour les \u00e9quipes r\u00e9parties sur diverses g\u00e9ographies.<\/em><\/p>\n<h3>On ne fera pas machine arri\u00e8re, travailler de mani\u00e8re hybride est maintenant la norme<\/h3>\n<p>Gr\u00e2ce \u00e0 ce type d&rsquo;outils, souligne Marie, un collaborateur expliquant quelque chose \u00e0 l&rsquo;oral pendant qu&rsquo;un autre prend des notes, pourra tout de suite intervenir pour clarifier ou nuancer la prise de note. \u00ab\u00a0<strong>Ces outils permettent une compl\u00e9mentarit\u00e9 entre l&rsquo;oral et l&rsquo;\u00e9crit afin d&rsquo;avancer ensemble\u00a0lors d&rsquo;\u00e9v\u00e9nements ou de r\u00e9unions hybrides<\/strong>\u00ab\u00a0ajoute-t-elle.<\/p>\n<p>Klaxoon a \u00e9galement lanc\u00e9 \u00e0 Vivatech un nouveau produit nomm\u00e9 <a href=\"https:\/\/www.usine-digitale.fr\/article\/klaxoon-lance-des-outils-pour-le-travail-hybride-dont-une-salle-de-reunion-mobile.N1103389\" target=\"_blank\" rel=\"noopener\">Hybridity<\/a>, qui est une sorte de salle de tableaux blancs interactifs, avec \u00e9crans g\u00e9ants et cam\u00e9ras int\u00e9gr\u00e9es, r\u00e9unissant les\u00a0personnes connect\u00e9es \u00e0 distance et celles pr\u00e9sentes dans cet espace de travail sp\u00e9cifiquement con\u00e7u pour r\u00e9pondre aux nouveaux enjeux du travail hybride.<\/p>\n<figure id=\"attachment_64405\" aria-describedby=\"caption-attachment-64405\" style=\"width: 640px\" class=\"wp-caption aligncenter\"><img decoding=\"async\" class=\"wp-image-64405 size-full\" src=\"https:\/\/visionarymarketing.com\/wp-content\/uploads\/2021\/08\/img-9452.jpg\" alt=\"Evenements hybrides B2B\" width=\"640\" height=\"480\" srcset=\"https:\/\/visionarymarketing.com\/wp-content\/uploads\/2021\/08\/img-9452.jpg 640w, https:\/\/visionarymarketing.com\/wp-content\/uploads\/2021\/08\/img-9452-400x300.jpg 400w\" sizes=\"(max-width: 640px) 100vw, 640px\" \/><figcaption id=\"caption-attachment-64405\" class=\"wp-caption-text\">Vivatech 2021 avait opt\u00e9 pour l&rsquo;hybridation mais pour interviewer des gens \u2014 et faire des photos \u2014 rien de tel que l&rsquo;\u00e9v\u00e9nement physique.<\/figcaption><\/figure>\n<p>Chacun a son propre \u00e9cran, sa propre cam\u00e9ra, sa propre souris et son propre clavier pour pouvoir \u00e9crire. A distance ou de l&rsquo;int\u00e9rieur, chacun vit la m\u00eame exp\u00e9rience. \u00ab\u00a0Dans une salle de r\u00e9union classique, quand vous branchez une cam\u00e9ra, les gens qui sont \u00e0 distance vous voient, mais de tr\u00e8s loin\u00a0\u00bb souligne Marie. Ils ne peuvent pas d\u00e9crypter le non-verbal, la qualit\u00e9 d&rsquo;interaction n&rsquo;est pas tr\u00e8s forte. \u00ab\u00a0Hybridity permet d&rsquo;utiliser les tableaux blancs interactifs de mani\u00e8re tr\u00e8s centrale, tr\u00e8s fluide, et d&rsquo;en faire un point de connexion entre les gens \u00e0 distance et les gens sur sc\u00e8ne\u00a0\u00bb .<\/p>\n<blockquote class=\"quote-light\"><p>Les \u00e9v\u00e9nements hybrides ne sont pas une solution de repli par rapport \u00e0 ce qu&rsquo;il y avait avant la crise, mais finalement quelque chose de mieux<\/p><\/blockquote>\n<p>\u00ab\u00a0Quand nous \u00e9tions tous au bureau, c&rsquo;\u00e9tait facile, et on ne voyait pas l&rsquo;utilit\u00e9 de faire autrement \u00a0\u00bb souligne Marie, mais \u00ab\u00a0en mars 2020, nous nous sommes tous retrouv\u00e9s confront\u00e9s \u00e0 l&rsquo;urgence de faire autrement\u00a0\u00bb.<\/p>\n<blockquote class=\"quote-light\"><p>Le travail hybride a permis de mani\u00e8re positive davantage de responsabilisation et d&rsquo;autonomie des \u00e9quipes. Le management va devoir s&rsquo;y adapter<\/p><\/blockquote>\n<p>Comme l&rsquo;explique Enrico Zamparo dans sa vid\u00e9o, les m\u00e9thodes de travail doivent changer, il ne suffit pas de mettre en place des outils.<\/p>\n<p>On peut \u00e9galement retirer quelques enseignements des mois pass\u00e9s pour ce qui concerne le futur du travail et des \u00e9v\u00e9nements hybrides au travers d&rsquo;un article publi\u00e9 par Laura Ramos et repris par <a href=\"https:\/\/virtualeventsnews.tv\/hybrid-events-must-treat-in-person-and-remote-attendees-equally\/\" target=\"_blank\" rel=\"noopener\">virtualeventsnews.tv<\/a>\u00a0et intitul\u00e9 :\u00a0\u00ab\u00a0On se doit de traiter de mani\u00e8re \u00e9quitable participants \u00e0 distance et en physique aux \u00e9v\u00e9nements hybrides\u00a0\u00bb.<\/p>\n<p>58% des clients interview\u00e9s par Forrester d\u00e9clarent \u00ab\u00a0[souhaiter] avant tout que leurs fournisseurs am\u00e9liorent les capacit\u00e9s de participation des personnes pr\u00e9sentes\u00a0\u00bb ce qui semble bien correspondre \u00e0 la d\u00e9marche de Klaxoon.<\/p>\n<p>L&rsquo;\u00e9tude relat\u00e9e par l&rsquo;analyste am\u00e9ricaine est non moins p\u00e9remptoire que l&rsquo;article des Echos du 24 ao\u00fbt 2021 qui d\u00e9clare que 40% des voyages d&rsquo;affaires en avion seront \u00e0 jamais remplac\u00e9s par des visioconf\u00e9rences.<\/p>\n<p>Forrester confirme en effet que \u00ab\u00a0au travers de [ses] recherches et des conversations men\u00e9es avec [ses] clients, [il existe] un accord quasi unanime sur le fait que les \u00e9v\u00e9nements hybrides vont devenir le format d&rsquo;\u00e9v\u00e9nement de pr\u00e9dilection\u00a0\u00bb.<\/p>\n<h3>Travail hybride et \u00e9v\u00e9nements hybrides vs Zoom fatigue<\/h3>\n<p>Mais ce n&rsquo;est pas tout. Alors que souvent, trop souvent, de ce c\u00f4t\u00e9 ci de l&rsquo;Atlantique, on nous soutient que la \u00ab\u00a0Zoom fatigue\u00a0\u00bb est universelle, Laura Ramos cite des chiffres bien diff\u00e9rents : \u00ab\u00a0les r\u00e9pondants \u00e0 l&rsquo;enqu\u00eate ont signal\u00e9 des taux de participation plus \u00e9lev\u00e9s aux \u00e9v\u00e9nements virtuels qu&rsquo;aux \u00e9v\u00e9nements physiques ant\u00e9rieurs : 34 % ont attir\u00e9 au moins 2 500 participants en moyenne, tandis que 37 % ont obtenu des taux de participation et d&rsquo;inscription de 65 % ou plus\u00a0\u00bb.<\/p>\n<p>Les lecteurs de Visionary Marketing, t\u00e9moin de notre participation \u00e0 <a href=\"https:\/\/visionarymarketing.com\/fr\/2021\/05\/futur-du-marketing-digital-sans-cookies\/\">l&rsquo;Adobe Summit 2021<\/a> dont nous avons relat\u00e9 les audiences faramineuses, ne seront pas surpris.<\/p>\n<p>Les \u00e9v\u00e9nements et le travail ne seront plus jamais comme avant donc, dont acte, il nous restera \u00e0 v\u00e9rifier cela sur le terrain dans les ann\u00e9es qui viennent, mais il est certain que tous les signaux sont au vert.<\/p>\n<div itemscope itemtype=\"http:\/\/schema.org\/AudioObject\"><meta itemprop=\"name\" content=\"Travail hybride : nouvelle norme du monde d\u2019apr\u00e8s ?\" \/><meta itemprop=\"uploadDate\" content=\"2021-08-30T09:00:04+02:00\" \/><meta itemprop=\"encodingFormat\" content=\"audio\/mpeg\" \/><meta itemprop=\"duration\" content=\"PT18M22S\" \/><meta itemprop=\"description\" content=\"Que l&#039;on parle de travail hybride ou d&#039;\u00e9v\u00e9nement hybride, il faut faire remarquer que nous tenons l\u00e0 une \u00e9pith\u00e8te int\u00e9ressante et novatrice qui semble s&#039;\u00eatre empar\u00e9 de la blogosph\u00e8re et du monde des affaires en g\u00e9n\u00e9ral. Monde des affaires qui est sor...\" \/><meta itemprop=\"contentUrl\" content=\"https:\/\/media.blubrry.com\/visionarymarketing_les\/agence.visionarymarketing.com\/files\/podcasts\/2021-08-30-Klaxoon-Marie-Barbesol-mixdown.mp3\" \/><meta itemprop=\"contentSize\" content=\"25.2\" \/><div class=\"powerpress_player\" id=\"powerpress_player_8473\"><audio class=\"wp-audio-shortcode\" id=\"audio-64122-1\" preload=\"none\" style=\"width: 100%;\" controls=\"controls\"><source type=\"audio\/mpeg\" src=\"https:\/\/media.blubrry.com\/visionarymarketing_les\/agence.visionarymarketing.com\/files\/podcasts\/2021-08-30-Klaxoon-Marie-Barbesol-mixdown.mp3?_=1\" \/><a href=\"https:\/\/media.blubrry.com\/visionarymarketing_les\/agence.visionarymarketing.com\/files\/podcasts\/2021-08-30-Klaxoon-Marie-Barbesol-mixdown.mp3\">https:\/\/media.blubrry.com\/visionarymarketing_les\/agence.visionarymarketing.com\/files\/podcasts\/2021-08-30-Klaxoon-Marie-Barbesol-mixdown.mp3<\/a><\/audio><\/div><\/div><p class=\"powerpress_links powerpress_links_mp3\" style=\"margin-bottom: 1px !important;\">Podcast: <a href=\"https:\/\/media.blubrry.com\/visionarymarketing_les\/agence.visionarymarketing.com\/files\/podcasts\/2021-08-30-Klaxoon-Marie-Barbesol-mixdown.mp3\" class=\"powerpress_link_pinw\" target=\"_blank\" title=\"Play in new window\" onclick=\"return powerpress_pinw('https:\/\/visionarymarketing.com\/fr\/\/?powerpress_pinw=64122-podcast');\" rel=\"nofollow\">Play in new window<\/a> | <a href=\"https:\/\/media.blubrry.com\/visionarymarketing_les\/agence.visionarymarketing.com\/files\/podcasts\/2021-08-30-Klaxoon-Marie-Barbesol-mixdown.mp3\" class=\"powerpress_link_d\" title=\"Download\" rel=\"nofollow\" download=\"2021-08-30-Klaxoon-Marie-Barbesol-mixdown.mp3\">Download<\/a> (Duration: 18:22 &#8212; 25.2MB)<\/p><p class=\"powerpress_links powerpress_subscribe_links\">Subscribe: <a href=\"https:\/\/itunes.apple.com\/us\/podcast\/visionarymarketing-les-interviews\/id731295319?mt=2&amp;ls=1#episodeGuid=https%3A%2F%2Fvisionarymarketing.com%2F%3Fp%3D64122\" class=\"powerpress_link_subscribe powerpress_link_subscribe_itunes\" target=\"_blank\" title=\"Subscribe on Apple Podcasts\" rel=\"nofollow\">Apple Podcasts<\/a> | <a href=\"https:\/\/open.spotify.com\/show\/52VnZ1mhVSnDs4tQOx7Vuc\" class=\"powerpress_link_subscribe powerpress_link_subscribe_spotify\" target=\"_blank\" title=\"Subscribe on Spotify\" rel=\"nofollow\">Spotify<\/a> | <a href=\"https:\/\/subscribeonandroid.com\/visionarymarketing.com\/fr\/feed\/podcast\/\" class=\"powerpress_link_subscribe powerpress_link_subscribe_android\" target=\"_blank\" title=\"Subscribe on Android\" rel=\"nofollow\">Android<\/a> | <a href=\"https:\/\/visionarymarketing.com\/fr\/feed\/podcast\/\" class=\"powerpress_link_subscribe powerpress_link_subscribe_rss\" target=\"_blank\" title=\"Subscribe via RSS\" rel=\"nofollow\">RSS<\/a><\/p>","protected":false},"excerpt":{"rendered":"<p>Que l&rsquo;on parle de travail hybride ou d&rsquo;\u00e9v\u00e9nement hybride, il faut faire remarquer que nous tenons l\u00e0 une \u00e9pith\u00e8te int\u00e9ressante et novatrice qui semble s&rsquo;\u00eatre empar\u00e9 de la blogosph\u00e8re et du monde des affaires en g\u00e9n\u00e9ral. Monde des affaires qui est sorti un peu groggy de ces 18 mois de contraintes sanitaires, malgr\u00e9 des signes &hellip;<\/p>\n","protected":false},"author":2,"featured_media":64208,"comment_status":"open","ping_status":"open","sticky":false,"template":"","format":"standard","meta":{"footnotes":""},"categories":[744],"tags":[],"class_list":["post-64122","post","type-post","status-publish","format-standard","has-post-thumbnail","hentry","category-marketing-b2b"],"yoast_head":"<!-- This site is optimized with the Yoast SEO plugin v27.5 - https:\/\/yoast.com\/product\/yoast-seo-wordpress\/ -->\n<title>Travail hybride : nouvelle norme du monde d\u2019apr\u00e8s ?<\/title>\n<meta name=\"description\" content=\"Ev\u00e9nements hybrides B2B : nouvelle norme de l&#039;\u00e9v\u00e9nementiel en B2B ? On ne fera pas machine arri\u00e8re - interview de Marie Barbesol, Klaxoon\" \/>\n<meta name=\"robots\" content=\"index, follow, max-snippet:-1, max-image-preview:large, max-video-preview:-1\" \/>\n<link rel=\"canonical\" href=\"https:\/\/visionarymarketing.com\/fr\/2021\/08\/30\/travail-hybride\/\" \/>\n<meta property=\"og:locale\" content=\"fr_FR\" \/>\n<meta property=\"og:type\" content=\"article\" \/>\n<meta property=\"og:title\" content=\"Travail hybride : nouvelle norme du monde d\u2019apr\u00e8s ?\" \/>\n<meta property=\"og:description\" content=\"Ev\u00e9nements hybrides B2B : nouvelle norme de l&#039;\u00e9v\u00e9nementiel en B2B ? On ne fera pas machine arri\u00e8re - interview de Marie Barbesol, Klaxoon\" \/>\n<meta property=\"og:url\" content=\"https:\/\/visionarymarketing.com\/fr\/2021\/08\/30\/travail-hybride\/\" \/>\n<meta property=\"og:site_name\" content=\"Marketing and Innovation\" \/>\n<meta property=\"article:publisher\" content=\"https:\/\/www.facebook.com\/vismktg\" \/>\n<meta property=\"article:author\" content=\"http:\/\/facebook.com\/ygourven\" \/>\n<meta property=\"article:published_time\" content=\"2021-08-30T07:00:04+00:00\" \/>\n<meta property=\"article:modified_time\" content=\"2022-06-22T12:32:13+00:00\" \/>\n<meta property=\"og:image\" content=\"https:\/\/visionarymarketing.com\/wp-content\/uploads\/2021\/07\/img-9461-scaled-e1626246447571.jpeg\" \/>\n\t<meta property=\"og:image:width\" content=\"519\" \/>\n\t<meta property=\"og:image:height\" content=\"340\" \/>\n\t<meta property=\"og:image:type\" content=\"image\/jpeg\" \/>\n<meta name=\"author\" content=\"Yann Gourvennec\" \/>\n<meta name=\"twitter:card\" content=\"summary_large_image\" \/>\n<meta name=\"twitter:creator\" content=\"@ygourven\" \/>\n<meta name=\"twitter:site\" content=\"@ygourven\" \/>\n<meta name=\"twitter:label1\" content=\"\u00c9crit par\" \/>\n\t<meta name=\"twitter:data1\" content=\"Yann Gourvennec\" \/>\n\t<meta name=\"twitter:label2\" content=\"Dur\u00e9e de lecture estim\u00e9e\" \/>\n\t<meta name=\"twitter:data2\" content=\"10 minutes\" \/>\n<script type=\"application\/ld+json\" class=\"yoast-schema-graph\">{\"@context\":\"https:\\\/\\\/schema.org\",\"@graph\":[{\"@type\":\"NewsArticle\",\"@id\":\"https:\\\/\\\/visionarymarketing.com\\\/fr\\\/2021\\\/08\\\/30\\\/travail-hybride\\\/#article\",\"isPartOf\":{\"@id\":\"https:\\\/\\\/visionarymarketing.com\\\/fr\\\/2021\\\/08\\\/30\\\/travail-hybride\\\/\"},\"author\":{\"name\":\"Yann Gourvennec\",\"@id\":\"https:\\\/\\\/visionarymarketing.com\\\/fr\\\/#\\\/schema\\\/person\\\/3754fee1e558f47b8deb46f53c37423e\"},\"headline\":\"Travail hybride : nouvelle norme du monde d\u2019apr\u00e8s ?\",\"datePublished\":\"2021-08-30T07:00:04+00:00\",\"dateModified\":\"2022-06-22T12:32:13+00:00\",\"mainEntityOfPage\":{\"@id\":\"https:\\\/\\\/visionarymarketing.com\\\/fr\\\/2021\\\/08\\\/30\\\/travail-hybride\\\/\"},\"wordCount\":2089,\"commentCount\":1,\"image\":{\"@id\":\"https:\\\/\\\/visionarymarketing.com\\\/fr\\\/2021\\\/08\\\/30\\\/travail-hybride\\\/#primaryimage\"},\"thumbnailUrl\":\"https:\\\/\\\/visionarymarketing.com\\\/wp-content\\\/uploads\\\/2021\\\/07\\\/img-9461-scaled-e1626246447571.jpeg\",\"articleSection\":[\"marketing b2b\"],\"inLanguage\":\"fr-FR\",\"potentialAction\":[{\"@type\":\"CommentAction\",\"name\":\"Comment\",\"target\":[\"https:\\\/\\\/visionarymarketing.com\\\/fr\\\/2021\\\/08\\\/30\\\/travail-hybride\\\/#respond\"]}]},{\"@type\":\"WebPage\",\"@id\":\"https:\\\/\\\/visionarymarketing.com\\\/fr\\\/2021\\\/08\\\/30\\\/travail-hybride\\\/\",\"url\":\"https:\\\/\\\/visionarymarketing.com\\\/fr\\\/2021\\\/08\\\/30\\\/travail-hybride\\\/\",\"name\":\"Travail hybride : nouvelle norme du monde d\u2019apr\u00e8s ?\",\"isPartOf\":{\"@id\":\"https:\\\/\\\/visionarymarketing.com\\\/fr\\\/#website\"},\"primaryImageOfPage\":{\"@id\":\"https:\\\/\\\/visionarymarketing.com\\\/fr\\\/2021\\\/08\\\/30\\\/travail-hybride\\\/#primaryimage\"},\"image\":{\"@id\":\"https:\\\/\\\/visionarymarketing.com\\\/fr\\\/2021\\\/08\\\/30\\\/travail-hybride\\\/#primaryimage\"},\"thumbnailUrl\":\"https:\\\/\\\/visionarymarketing.com\\\/wp-content\\\/uploads\\\/2021\\\/07\\\/img-9461-scaled-e1626246447571.jpeg\",\"datePublished\":\"2021-08-30T07:00:04+00:00\",\"dateModified\":\"2022-06-22T12:32:13+00:00\",\"author\":{\"@id\":\"https:\\\/\\\/visionarymarketing.com\\\/fr\\\/#\\\/schema\\\/person\\\/3754fee1e558f47b8deb46f53c37423e\"},\"description\":\"Ev\u00e9nements hybrides B2B : nouvelle norme de l'\u00e9v\u00e9nementiel en B2B ? On ne fera pas machine arri\u00e8re - interview de Marie Barbesol, Klaxoon\",\"breadcrumb\":{\"@id\":\"https:\\\/\\\/visionarymarketing.com\\\/fr\\\/2021\\\/08\\\/30\\\/travail-hybride\\\/#breadcrumb\"},\"inLanguage\":\"fr-FR\",\"potentialAction\":[{\"@type\":\"ReadAction\",\"target\":[\"https:\\\/\\\/visionarymarketing.com\\\/fr\\\/2021\\\/08\\\/30\\\/travail-hybride\\\/\"]}]},{\"@type\":\"ImageObject\",\"inLanguage\":\"fr-FR\",\"@id\":\"https:\\\/\\\/visionarymarketing.com\\\/fr\\\/2021\\\/08\\\/30\\\/travail-hybride\\\/#primaryimage\",\"url\":\"https:\\\/\\\/visionarymarketing.com\\\/wp-content\\\/uploads\\\/2021\\\/07\\\/img-9461-scaled-e1626246447571.jpeg\",\"contentUrl\":\"https:\\\/\\\/visionarymarketing.com\\\/wp-content\\\/uploads\\\/2021\\\/07\\\/img-9461-scaled-e1626246447571.jpeg\",\"width\":519,\"height\":340},{\"@type\":\"BreadcrumbList\",\"@id\":\"https:\\\/\\\/visionarymarketing.com\\\/fr\\\/2021\\\/08\\\/30\\\/travail-hybride\\\/#breadcrumb\",\"itemListElement\":[{\"@type\":\"ListItem\",\"position\":1,\"name\":\"Home\",\"item\":\"https:\\\/\\\/visionarymarketing.com\\\/fr\\\/\"},{\"@type\":\"ListItem\",\"position\":2,\"name\":\"Travail hybride : nouvelle norme du monde d\u2019apr\u00e8s ?\"}]},{\"@type\":\"WebSite\",\"@id\":\"https:\\\/\\\/visionarymarketing.com\\\/fr\\\/#website\",\"url\":\"https:\\\/\\\/visionarymarketing.com\\\/fr\\\/\",\"name\":\"Marketing and Innovation\",\"description\":\"Site d&#039;infos ind\u00e9pendant, depuis 1996\",\"potentialAction\":[{\"@type\":\"SearchAction\",\"target\":{\"@type\":\"EntryPoint\",\"urlTemplate\":\"https:\\\/\\\/visionarymarketing.com\\\/fr\\\/?s={search_term_string}\"},\"query-input\":{\"@type\":\"PropertyValueSpecification\",\"valueRequired\":true,\"valueName\":\"search_term_string\"}}],\"inLanguage\":\"fr-FR\"},{\"@type\":\"Person\",\"@id\":\"https:\\\/\\\/visionarymarketing.com\\\/fr\\\/#\\\/schema\\\/person\\\/3754fee1e558f47b8deb46f53c37423e\",\"name\":\"Yann Gourvennec\",\"image\":{\"@type\":\"ImageObject\",\"inLanguage\":\"fr-FR\",\"@id\":\"https:\\\/\\\/secure.gravatar.com\\\/avatar\\\/5972001801e8de5692a3e31224e85769f50a55fb8b679749f9c8d1868cceff14?s=96&d=initials&r=g&initials=yg\",\"url\":\"https:\\\/\\\/secure.gravatar.com\\\/avatar\\\/5972001801e8de5692a3e31224e85769f50a55fb8b679749f9c8d1868cceff14?s=96&d=initials&r=g&initials=yg\",\"contentUrl\":\"https:\\\/\\\/secure.gravatar.com\\\/avatar\\\/5972001801e8de5692a3e31224e85769f50a55fb8b679749f9c8d1868cceff14?s=96&d=initials&r=g&initials=yg\",\"caption\":\"Yann Gourvennec\"},\"description\":\"Yann Gourvennec created visionarymarketing.com in 1996. He is a speaker and author of many books. In 2014 he went from intrapreneur to entrepreneur, when he created his digital marketing agency. Yann Gourvennec a cr\u00e9\u00e9 visionarymarketing.com en 1996. Il est conf\u00e9rencier et auteur de plusieurs livres. En 2014, il est pass\u00e9 d'intrapreneur \u00e0 entrepreneur en cr\u00e9ant son agence de marketing num\u00e9rique.\",\"sameAs\":[\"https:\\\/\\\/visionarymarketing.com\",\"http:\\\/\\\/facebook.com\\\/ygourven\",\"http:\\\/\\\/linkedin.com\\\/in\\\/ygourven\",\"https:\\\/\\\/x.com\\\/ygourven\",\"https:\\\/\\\/www.youtube.com\\\/c\\\/visionarymarketingagency\"],\"url\":\"https:\\\/\\\/visionarymarketing.com\\\/fr\\\/author\\\/yann-gourvennec\\\/\"}]}<\/script>\n<!-- \/ Yoast SEO plugin. -->","yoast_head_json":{"title":"Travail hybride : nouvelle norme du monde d\u2019apr\u00e8s ?","description":"Ev\u00e9nements hybrides B2B : nouvelle norme de l'\u00e9v\u00e9nementiel en B2B ? On ne fera pas machine arri\u00e8re - interview de Marie Barbesol, Klaxoon","robots":{"index":"index","follow":"follow","max-snippet":"max-snippet:-1","max-image-preview":"max-image-preview:large","max-video-preview":"max-video-preview:-1"},"canonical":"https:\/\/visionarymarketing.com\/fr\/2021\/08\/30\/travail-hybride\/","og_locale":"fr_FR","og_type":"article","og_title":"Travail hybride : nouvelle norme du monde d\u2019apr\u00e8s ?","og_description":"Ev\u00e9nements hybrides B2B : nouvelle norme de l'\u00e9v\u00e9nementiel en B2B ? On ne fera pas machine arri\u00e8re - interview de Marie Barbesol, Klaxoon","og_url":"https:\/\/visionarymarketing.com\/fr\/2021\/08\/30\/travail-hybride\/","og_site_name":"Marketing and Innovation","article_publisher":"https:\/\/www.facebook.com\/vismktg","article_author":"http:\/\/facebook.com\/ygourven","article_published_time":"2021-08-30T07:00:04+00:00","article_modified_time":"2022-06-22T12:32:13+00:00","og_image":[{"width":519,"height":340,"url":"https:\/\/visionarymarketing.com\/wp-content\/uploads\/2021\/07\/img-9461-scaled-e1626246447571.jpeg","type":"image\/jpeg"}],"author":"Yann Gourvennec","twitter_card":"summary_large_image","twitter_creator":"@ygourven","twitter_site":"@ygourven","twitter_misc":{"\u00c9crit par":"Yann Gourvennec","Dur\u00e9e de lecture estim\u00e9e":"10 minutes"},"schema":{"@context":"https:\/\/schema.org","@graph":[{"@type":"NewsArticle","@id":"https:\/\/visionarymarketing.com\/fr\/2021\/08\/30\/travail-hybride\/#article","isPartOf":{"@id":"https:\/\/visionarymarketing.com\/fr\/2021\/08\/30\/travail-hybride\/"},"author":{"name":"Yann Gourvennec","@id":"https:\/\/visionarymarketing.com\/fr\/#\/schema\/person\/3754fee1e558f47b8deb46f53c37423e"},"headline":"Travail hybride : nouvelle norme du monde d\u2019apr\u00e8s ?","datePublished":"2021-08-30T07:00:04+00:00","dateModified":"2022-06-22T12:32:13+00:00","mainEntityOfPage":{"@id":"https:\/\/visionarymarketing.com\/fr\/2021\/08\/30\/travail-hybride\/"},"wordCount":2089,"commentCount":1,"image":{"@id":"https:\/\/visionarymarketing.com\/fr\/2021\/08\/30\/travail-hybride\/#primaryimage"},"thumbnailUrl":"https:\/\/visionarymarketing.com\/wp-content\/uploads\/2021\/07\/img-9461-scaled-e1626246447571.jpeg","articleSection":["marketing b2b"],"inLanguage":"fr-FR","potentialAction":[{"@type":"CommentAction","name":"Comment","target":["https:\/\/visionarymarketing.com\/fr\/2021\/08\/30\/travail-hybride\/#respond"]}]},{"@type":"WebPage","@id":"https:\/\/visionarymarketing.com\/fr\/2021\/08\/30\/travail-hybride\/","url":"https:\/\/visionarymarketing.com\/fr\/2021\/08\/30\/travail-hybride\/","name":"Travail hybride : nouvelle norme du monde d\u2019apr\u00e8s ?","isPartOf":{"@id":"https:\/\/visionarymarketing.com\/fr\/#website"},"primaryImageOfPage":{"@id":"https:\/\/visionarymarketing.com\/fr\/2021\/08\/30\/travail-hybride\/#primaryimage"},"image":{"@id":"https:\/\/visionarymarketing.com\/fr\/2021\/08\/30\/travail-hybride\/#primaryimage"},"thumbnailUrl":"https:\/\/visionarymarketing.com\/wp-content\/uploads\/2021\/07\/img-9461-scaled-e1626246447571.jpeg","datePublished":"2021-08-30T07:00:04+00:00","dateModified":"2022-06-22T12:32:13+00:00","author":{"@id":"https:\/\/visionarymarketing.com\/fr\/#\/schema\/person\/3754fee1e558f47b8deb46f53c37423e"},"description":"Ev\u00e9nements hybrides B2B : nouvelle norme de l'\u00e9v\u00e9nementiel en B2B ? On ne fera pas machine arri\u00e8re - interview de Marie Barbesol, Klaxoon","breadcrumb":{"@id":"https:\/\/visionarymarketing.com\/fr\/2021\/08\/30\/travail-hybride\/#breadcrumb"},"inLanguage":"fr-FR","potentialAction":[{"@type":"ReadAction","target":["https:\/\/visionarymarketing.com\/fr\/2021\/08\/30\/travail-hybride\/"]}]},{"@type":"ImageObject","inLanguage":"fr-FR","@id":"https:\/\/visionarymarketing.com\/fr\/2021\/08\/30\/travail-hybride\/#primaryimage","url":"https:\/\/visionarymarketing.com\/wp-content\/uploads\/2021\/07\/img-9461-scaled-e1626246447571.jpeg","contentUrl":"https:\/\/visionarymarketing.com\/wp-content\/uploads\/2021\/07\/img-9461-scaled-e1626246447571.jpeg","width":519,"height":340},{"@type":"BreadcrumbList","@id":"https:\/\/visionarymarketing.com\/fr\/2021\/08\/30\/travail-hybride\/#breadcrumb","itemListElement":[{"@type":"ListItem","position":1,"name":"Home","item":"https:\/\/visionarymarketing.com\/fr\/"},{"@type":"ListItem","position":2,"name":"Travail hybride : nouvelle norme du monde d\u2019apr\u00e8s ?"}]},{"@type":"WebSite","@id":"https:\/\/visionarymarketing.com\/fr\/#website","url":"https:\/\/visionarymarketing.com\/fr\/","name":"Marketing and Innovation","description":"Site d&#039;infos ind\u00e9pendant, depuis 1996","potentialAction":[{"@type":"SearchAction","target":{"@type":"EntryPoint","urlTemplate":"https:\/\/visionarymarketing.com\/fr\/?s={search_term_string}"},"query-input":{"@type":"PropertyValueSpecification","valueRequired":true,"valueName":"search_term_string"}}],"inLanguage":"fr-FR"},{"@type":"Person","@id":"https:\/\/visionarymarketing.com\/fr\/#\/schema\/person\/3754fee1e558f47b8deb46f53c37423e","name":"Yann Gourvennec","image":{"@type":"ImageObject","inLanguage":"fr-FR","@id":"https:\/\/secure.gravatar.com\/avatar\/5972001801e8de5692a3e31224e85769f50a55fb8b679749f9c8d1868cceff14?s=96&d=initials&r=g&initials=yg","url":"https:\/\/secure.gravatar.com\/avatar\/5972001801e8de5692a3e31224e85769f50a55fb8b679749f9c8d1868cceff14?s=96&d=initials&r=g&initials=yg","contentUrl":"https:\/\/secure.gravatar.com\/avatar\/5972001801e8de5692a3e31224e85769f50a55fb8b679749f9c8d1868cceff14?s=96&d=initials&r=g&initials=yg","caption":"Yann Gourvennec"},"description":"Yann Gourvennec created visionarymarketing.com in 1996. He is a speaker and author of many books. In 2014 he went from intrapreneur to entrepreneur, when he created his digital marketing agency. Yann Gourvennec a cr\u00e9\u00e9 visionarymarketing.com en 1996. Il est conf\u00e9rencier et auteur de plusieurs livres. En 2014, il est pass\u00e9 d'intrapreneur \u00e0 entrepreneur en cr\u00e9ant son agence de marketing num\u00e9rique.","sameAs":["https:\/\/visionarymarketing.com","http:\/\/facebook.com\/ygourven","http:\/\/linkedin.com\/in\/ygourven","https:\/\/x.com\/ygourven","https:\/\/www.youtube.com\/c\/visionarymarketingagency"],"url":"https:\/\/visionarymarketing.com\/fr\/author\/yann-gourvennec\/"}]}},"_links":{"self":[{"href":"https:\/\/visionarymarketing.com\/fr\/wp-json\/wp\/v2\/posts\/64122","targetHints":{"allow":["GET"]}}],"collection":[{"href":"https:\/\/visionarymarketing.com\/fr\/wp-json\/wp\/v2\/posts"}],"about":[{"href":"https:\/\/visionarymarketing.com\/fr\/wp-json\/wp\/v2\/types\/post"}],"author":[{"embeddable":true,"href":"https:\/\/visionarymarketing.com\/fr\/wp-json\/wp\/v2\/users\/2"}],"replies":[{"embeddable":true,"href":"https:\/\/visionarymarketing.com\/fr\/wp-json\/wp\/v2\/comments?post=64122"}],"version-history":[{"count":0,"href":"https:\/\/visionarymarketing.com\/fr\/wp-json\/wp\/v2\/posts\/64122\/revisions"}],"wp:featuredmedia":[{"embeddable":true,"href":"https:\/\/visionarymarketing.com\/fr\/wp-json\/wp\/v2\/media\/64208"}],"wp:attachment":[{"href":"https:\/\/visionarymarketing.com\/fr\/wp-json\/wp\/v2\/media?parent=64122"}],"wp:term":[{"taxonomy":"category","embeddable":true,"href":"https:\/\/visionarymarketing.com\/fr\/wp-json\/wp\/v2\/categories?post=64122"},{"taxonomy":"post_tag","embeddable":true,"href":"https:\/\/visionarymarketing.com\/fr\/wp-json\/wp\/v2\/tags?post=64122"}],"curies":[{"name":"wp","href":"https:\/\/api.w.org\/{rel}","templated":true}]}}