{"id":6401,"date":"2012-05-29T14:59:01","date_gmt":"2012-05-29T14:59:01","guid":{"rendered":"https:\/\/visionary.wordpress.com\/?p=6401"},"modified":"2022-03-15T10:05:32","modified_gmt":"2022-03-15T09:05:32","slug":"medias-sociaux-en-entreprise-quelle-organisation-optimale-adopter","status":"publish","type":"post","link":"https:\/\/visionarymarketing.com\/fr\/2012\/05\/29\/medias-sociaux-en-entreprise-quelle-organisation-optimale-adopter\/","title":{"rendered":"Organisation des M\u00e9dias sociaux en entreprise : un dilemme majeur"},"content":{"rendered":"<p>&nbsp;<\/p>\n<h2>M\u00e9dias sociaux : le dilemme du choix de l&rsquo;organisation optimale<\/h2>\n<figure id=\"attachment_59792\" aria-describedby=\"caption-attachment-59792\" style=\"width: 519px\" class=\"wp-caption aligncenter\"><a href=\"https:\/\/visionarymarketing.com\/wp-content\/uploads\/2012\/05\/rallye-hiver2012-1-6878-1-e1606329473181.jpg\"><img decoding=\"async\" class=\"wp-image-59792 size-full\" src=\"https:\/\/visionarymarketing.com\/wp-content\/uploads\/2012\/05\/rallye-hiver2012-1-6878-1-e1606329473181.jpg\" alt=\"m\u00e9dias sociaux : le dilemme du choix de l'organisation optimale\" width=\"519\" height=\"340\" srcset=\"https:\/\/visionarymarketing.com\/wp-content\/uploads\/2012\/05\/rallye-hiver2012-1-6878-1-e1606329473181.jpg 519w, https:\/\/visionarymarketing.com\/wp-content\/uploads\/2012\/05\/rallye-hiver2012-1-6878-1-e1606329473181-458x300.jpg 458w\" sizes=\"(max-width: 519px) 100vw, 519px\" \/><\/a><figcaption id=\"caption-attachment-59792\" class=\"wp-caption-text\">m\u00e9dias sociaux : le dilemme du choix de l&rsquo;organisation optimale &#8211; une question d&rsquo;\u00e9quilibre<\/figcaption><\/figure>\n<p><a href=\"https:\/\/web.archive.org\/web\/20120602135752\/http:\/\/media-aces.org:80\/medias-sociaux-en-entreprise-quelle-organisation-optimale-adopter\/\" target=\"_blank\" rel=\"noopener noreferrer\">M\u00e9dias sociaux en entreprise: quelle organisation optimale adopter? | Media Aces &#8211; M\u00e9dias sociaux et entreprise<\/a><\/p>\n<p><em>Voil\u00e0 un sujet difficile \u00e0 aborder, pour lequel il n&rsquo;existe pas de r\u00e9ponse toute faite. Nous avons demand\u00e9 \u00e0 nos membres quelle serait, selon eux, l&rsquo;organisation la plus efficace pour g\u00e9rer les m\u00e9dias sociaux en entreprise, <\/em><span class=\"removed_link\" title=\"http:\/\/media-aces.org\/la-gestion-des-medias-sociaux-en-entreprise-doit-elle-etre-centralisee-ou-distribuee-au-sein-de-tous-les-departements-dune-entreprise\/\"><em>sujet d\u00e9j\u00e0 plus ou moins \u00e9voqu\u00e9 dans un pr\u00e9c\u00e9dent article<\/em><\/span><em>.<\/em><\/p>\n<p>Pour <strong>Jean-Paul Chapon (Soci\u00e9t\u00e9 G\u00e9n\u00e9rale)<\/strong>, difficile de donner une r\u00e9ponse unique \u00e0 une question aussi complexe et qui d\u00e9pend de beaucoup d\u2019\u00e9l\u00e9ments : taille de l\u2019entreprise, type d\u2019entreprise et notamment BtoB ou BtoC, pr\u00e9sence g\u00e9ographique resserr\u00e9e ou \u00e9tendue, filiales ou non, etc.<\/p>\n<p>Mais peut-\u00eatre quelques indications ou pistes peuvent \u00eatre propos\u00e9es.<\/p>\n<p>D\u2019abord la reconnaissance de la fonction de gestion des m\u00e9dias sociaux, que ce soit dans une perspective d\u2019image et de communication ou de relation client en les int\u00e9grant plus globalement dans le CRM. Reconnaissance au plus haut niveau et int\u00e9gration dans un process business, avec les ressources correspondantes : effectifs professionnels (pas de stagiaires \u00e0 occuper) et fonction \u00e0 part enti\u00e8re avec strat\u00e9gie et reporting.<\/p>\n<p>La question d\u2019une structure centralis\u00e9e ou r\u00e9partie n\u2019est pas facile \u00e0 trancher. Elle peut d\u2019ailleurs rejoindre celle de la fonction relations presse dans les grandes entreprises, o\u00f9 se pose toujours la question de la centralisation ou non. Mais quel que soit le choix de structure, la coordination est fondamentale pour \u00eatre s\u00fbr que les prises de paroles sur les r\u00e9seaux sociaux soient coh\u00e9rentes.<br \/>\nLa taille d\u2019une structure ou de diff\u00e9rentes structures, c\u2019est le cas par exemple lorsqu\u2019il y a d\u2019un c\u00f4t\u00e9 un usage communication image, et de l\u2019autre un usage CRM, doit prendre en compte les ambitions que l\u2019on a de r\u00e9pondre s\u00e9rieusement aux attentes des audiences sur les m\u00e9dias sociaux.<\/p>\n<p>Cela implique des \u00e9quipes qui peuvent assurer la pr\u00e9sence n\u00e9cessaire, compatible avec le droit du travail (et les limites de l\u2019exercice pour un collaborateur) en terme d\u2019horaire, de permanence ou d\u2019astreintes\u2026 et l\u00e0 il ne faut pas sous-estimer la charge et son \u00e9volution, au fur et \u00e0 mesure que certains usages se d\u00e9veloppent sur les r\u00e9seaux sociaux, en particulier en termes de relation client.<\/p>\n<p>Pour Yann Gourvennec (Orange), dans les petites organisations, la question semble assez facile \u00e0 r\u00e9gler, car les ressources sont limit\u00e9es et d\u2019autre part, la complexit\u00e9 organisationnelle est moindre. Dans les grandes organisations, c\u2019est une autre histoire. Jeremiah Owyang dans une pr\u00e9sentation importante a parl\u00e9 de l\u2019organisation r\u00e9partie (<a href=\"https:\/\/visionarymarketing.com\/en\/2011\/12\/social-media-teams\/\">dandelion, d\u00e9crite dans l\u2019article suivant<\/a>).<br \/>\nLe v\u00e9ritable enjeu dans les grandes entreprises est bien celle de la mont\u00e9e en charge. Il faut pouvoir faire face aux volumes, et sortir de l\u2019artisanat tel qu\u2019il \u00e9tait pratiqu\u00e9 au d\u00e9but du Web Social avec un CM isol\u00e9 qui essayait de faire face \u00e0 tous les probl\u00e8mes. Ceci n\u2019est pas viable et pas envisageable dans le long terme.<\/p>\n<p>[slideshare id=5839677&amp;doc=womma-101119180333-phpapp01-101122033721-phpapp02]<\/p>\n<p>C\u2019est pour cela qu\u2019il est pr\u00e9f\u00e9rable, selon lui, de r\u00e9partir le travail au travers de l\u2019organisation, et de faire sortir le community management de son pr\u00e9 carr\u00e9 pour le diss\u00e9miner au sein des diff\u00e9rentes entit\u00e9s m\u00e9tier de l\u2019entreprise.<br \/>\nLes enjeux sont donc sur le partage du savoir et la diffusion du savoir-faire, la coordination et le fonctionnement en r\u00e9seau au sein de l\u2019entreprise, pas dans l\u2019inflation de ressources au sein d\u2019un d\u00e9partement central.<\/p>\n<p>Ceci \u00e9tant, il faut bien des ressources pour coordonner et leur nombre est fonction de la taille de l\u2019organisation et des ressources r\u00e9parties. Jeremiah Owyang dans une pr\u00e9sentation qu\u2019il a faite il y a 15 jours annonce que la taille moyenne des \u00e9quipes SM est \u00e0 11, mais cela est une moyenne et ne veut pas dire grand chose en fait; surtout, cela ne tient pas compte des ressources externalis\u00e9es, souvent nombreuses dans les grandes soci\u00e9t\u00e9s.<\/p>\n<p>Chez Orange, la taille de l\u2019\u00e9quipe \u00ab medias sociaux \u00bb atteint 11 personnes, car il n\u2019est pas envisageable pour Yann de scinder web et web social ; au contraire, les 2 sont en train de fusionner de fa\u00e7on de plus en plus importante, et les aspects de contenu de marque occupent plus de 50% du travail de l\u2019\u00e9quipe. De mani\u00e8re r\u00e9partie, environ 200 personnes sont impliqu\u00e9es dans le Web social dans le monde. On ne les nomme pas \u00ab CM \u00bb car certains d\u2019entre eux ne le sont pas et surtout pas \u00e0 plein temps.<\/p>\n<p>D\u2019ailleurs, Yann n\u2019est pas fanatique de ce terme de Community Management, car d\u2019une part on ne \u00ab manage \u00bb pas des communaut\u00e9s, on les anime, et d\u2019autre part, ce vocable recouvre trop de r\u00e9alit\u00e9s diff\u00e9rentes pour vouloir dire quelque chose de pr\u00e9cis.<\/p>\n<p>Philippe G\u00e9rardPhilippe G\u00e9rard (CEGOS) apporte une touche finale, en pr\u00e9cisant qu\u2019il est en effet important que l\u2019organisation s\u2019appuie d\u2019abord sur les initiatives, les actions existantes et r\u00e9unisse les acteurs d\u00e9j\u00e0 impliqu\u00e9s. Pour les f\u00e9d\u00e9rer, leur donner une coh\u00e9rence et les d\u00e9velopper, un dispositif de gouvernance (com\/marketing, CRM, DSI, RH) para\u00eet l\u2019organisation minimale \u00e0 mettre en oeuvre.<\/p>\n<p>Voire pourquoi pas, une direction de la \u00ab strat\u00e9gie digitale \u00bb transversale qui fonctionne comme un \u00ab hub \u00bb. Une direction qui centralise les id\u00e9es, les bonnes pratiques, les retours d\u2019exp\u00e9rience et exerce la gouvernance de l\u2019ensemble, dans le cadre d\u2019une strat\u00e9gie globale. elle aurait aussi pour mission de concevoir et animer le dispositif digital (logistique, guidelines, monitoring) et de f\u00e9d\u00e9rer et coordonner les actions men\u00e9es par les directions op\u00e9rationnelles.<\/p>\n","protected":false},"excerpt":{"rendered":"<p>M\u00e9dias sociaux en entreprise: quelle organisation optimale adopter? | Media Aces &#8211; M\u00e9dias sociaux et entreprise<\/p>\n<p>Voil\u00e0 un sujet difficile \u00e0 aborder, pour lequel il n&rsquo;existe pas de r\u00e9ponse toute faite. Nous avons demand\u00e9 \u00e0 nos membres quelle serait, selon eux, l&rsquo;organisation la plus efficace pour g\u00e9rer les m\u00e9dias sociaux en entreprise, sujet d\u00e9j\u00e0 plus ou moins \u00e9voqu\u00e9 dans un pr\u00e9c\u00e9dent article.<\/p>\n","protected":false},"author":2,"featured_media":59792,"comment_status":"open","ping_status":"open","sticky":false,"template":"","format":"standard","meta":{"footnotes":""},"categories":[25],"tags":[],"class_list":["post-6401","post","type-post","status-publish","format-standard","has-post-thumbnail","hentry","category-medias-sociaux"],"yoast_head":"<!-- This site is optimized with the Yoast SEO plugin v27.4 - https:\/\/yoast.com\/product\/yoast-seo-wordpress\/ -->\n<title>Organisation des M\u00e9dias sociaux en entreprise : un dilemme majeur<\/title>\n<meta name=\"description\" content=\"Quelle organisation choisir pour les m\u00e9dias sociaux dans son entreprise ? La\u00a0question\u00a0peut para\u00eetre\u00a0triviale mais elle ne l&#039;est pas.\" \/>\n<meta name=\"robots\" content=\"index, follow, max-snippet:-1, max-image-preview:large, max-video-preview:-1\" \/>\n<link rel=\"canonical\" href=\"https:\/\/visionarymarketing.com\/fr\/2012\/05\/29\/medias-sociaux-en-entreprise-quelle-organisation-optimale-adopter\/\" \/>\n<meta property=\"og:locale\" content=\"fr_FR\" \/>\n<meta property=\"og:type\" content=\"article\" \/>\n<meta property=\"og:title\" content=\"Organisation des M\u00e9dias sociaux en entreprise : un dilemme majeur\" \/>\n<meta property=\"og:description\" content=\"Quelle organisation choisir pour les m\u00e9dias sociaux dans son entreprise ? La\u00a0question\u00a0peut para\u00eetre\u00a0triviale mais elle ne l&#039;est pas.\" \/>\n<meta property=\"og:url\" content=\"https:\/\/visionarymarketing.com\/fr\/2012\/05\/29\/medias-sociaux-en-entreprise-quelle-organisation-optimale-adopter\/\" \/>\n<meta property=\"og:site_name\" content=\"Marketing and Innovation\" \/>\n<meta property=\"article:publisher\" content=\"https:\/\/www.facebook.com\/vismktg\" \/>\n<meta property=\"article:author\" content=\"http:\/\/facebook.com\/ygourven\" \/>\n<meta property=\"article:published_time\" content=\"2012-05-29T14:59:01+00:00\" \/>\n<meta property=\"article:modified_time\" content=\"2022-03-15T09:05:32+00:00\" \/>\n<meta property=\"og:image\" content=\"https:\/\/visionarymarketing.com\/wp-content\/uploads\/2012\/05\/rallye-hiver2012-1-6878-1-e1606329473181.jpg\" \/>\n\t<meta property=\"og:image:width\" content=\"519\" \/>\n\t<meta property=\"og:image:height\" content=\"340\" \/>\n\t<meta property=\"og:image:type\" content=\"image\/jpeg\" \/>\n<meta name=\"author\" content=\"Yann Gourvennec\" \/>\n<meta name=\"twitter:card\" content=\"summary_large_image\" \/>\n<meta name=\"twitter:creator\" content=\"@ygourven\" \/>\n<meta name=\"twitter:site\" content=\"@ygourven\" \/>\n<meta name=\"twitter:label1\" content=\"\u00c9crit par\" \/>\n\t<meta name=\"twitter:data1\" content=\"Yann Gourvennec\" \/>\n\t<meta name=\"twitter:label2\" content=\"Dur\u00e9e de lecture estim\u00e9e\" \/>\n\t<meta name=\"twitter:data2\" content=\"5 minutes\" \/>\n<script type=\"application\/ld+json\" class=\"yoast-schema-graph\">{\"@context\":\"https:\\\/\\\/schema.org\",\"@graph\":[{\"@type\":\"NewsArticle\",\"@id\":\"https:\\\/\\\/visionarymarketing.com\\\/fr\\\/2012\\\/05\\\/29\\\/medias-sociaux-en-entreprise-quelle-organisation-optimale-adopter\\\/#article\",\"isPartOf\":{\"@id\":\"https:\\\/\\\/visionarymarketing.com\\\/fr\\\/2012\\\/05\\\/29\\\/medias-sociaux-en-entreprise-quelle-organisation-optimale-adopter\\\/\"},\"author\":{\"name\":\"Yann Gourvennec\",\"@id\":\"https:\\\/\\\/visionarymarketing.com\\\/fr\\\/#\\\/schema\\\/person\\\/3754fee1e558f47b8deb46f53c37423e\"},\"headline\":\"Organisation des M\u00e9dias sociaux en entreprise : un dilemme majeur\",\"datePublished\":\"2012-05-29T14:59:01+00:00\",\"dateModified\":\"2022-03-15T09:05:32+00:00\",\"mainEntityOfPage\":{\"@id\":\"https:\\\/\\\/visionarymarketing.com\\\/fr\\\/2012\\\/05\\\/29\\\/medias-sociaux-en-entreprise-quelle-organisation-optimale-adopter\\\/\"},\"wordCount\":1038,\"commentCount\":0,\"image\":{\"@id\":\"https:\\\/\\\/visionarymarketing.com\\\/fr\\\/2012\\\/05\\\/29\\\/medias-sociaux-en-entreprise-quelle-organisation-optimale-adopter\\\/#primaryimage\"},\"thumbnailUrl\":\"https:\\\/\\\/visionarymarketing.com\\\/wp-content\\\/uploads\\\/2012\\\/05\\\/rallye-hiver2012-1-6878-1-e1606329473181.jpg\",\"articleSection\":[\"m\u00e9dias \\\/ r\u00e9seaux sociaux\"],\"inLanguage\":\"fr-FR\",\"potentialAction\":[{\"@type\":\"CommentAction\",\"name\":\"Comment\",\"target\":[\"https:\\\/\\\/visionarymarketing.com\\\/fr\\\/2012\\\/05\\\/29\\\/medias-sociaux-en-entreprise-quelle-organisation-optimale-adopter\\\/#respond\"]}]},{\"@type\":\"WebPage\",\"@id\":\"https:\\\/\\\/visionarymarketing.com\\\/fr\\\/2012\\\/05\\\/29\\\/medias-sociaux-en-entreprise-quelle-organisation-optimale-adopter\\\/\",\"url\":\"https:\\\/\\\/visionarymarketing.com\\\/fr\\\/2012\\\/05\\\/29\\\/medias-sociaux-en-entreprise-quelle-organisation-optimale-adopter\\\/\",\"name\":\"Organisation des M\u00e9dias sociaux en entreprise : un dilemme majeur\",\"isPartOf\":{\"@id\":\"https:\\\/\\\/visionarymarketing.com\\\/fr\\\/#website\"},\"primaryImageOfPage\":{\"@id\":\"https:\\\/\\\/visionarymarketing.com\\\/fr\\\/2012\\\/05\\\/29\\\/medias-sociaux-en-entreprise-quelle-organisation-optimale-adopter\\\/#primaryimage\"},\"image\":{\"@id\":\"https:\\\/\\\/visionarymarketing.com\\\/fr\\\/2012\\\/05\\\/29\\\/medias-sociaux-en-entreprise-quelle-organisation-optimale-adopter\\\/#primaryimage\"},\"thumbnailUrl\":\"https:\\\/\\\/visionarymarketing.com\\\/wp-content\\\/uploads\\\/2012\\\/05\\\/rallye-hiver2012-1-6878-1-e1606329473181.jpg\",\"datePublished\":\"2012-05-29T14:59:01+00:00\",\"dateModified\":\"2022-03-15T09:05:32+00:00\",\"author\":{\"@id\":\"https:\\\/\\\/visionarymarketing.com\\\/fr\\\/#\\\/schema\\\/person\\\/3754fee1e558f47b8deb46f53c37423e\"},\"description\":\"Quelle organisation choisir pour les m\u00e9dias sociaux dans son entreprise ? La\u00a0question\u00a0peut para\u00eetre\u00a0triviale mais elle ne l'est pas.\",\"breadcrumb\":{\"@id\":\"https:\\\/\\\/visionarymarketing.com\\\/fr\\\/2012\\\/05\\\/29\\\/medias-sociaux-en-entreprise-quelle-organisation-optimale-adopter\\\/#breadcrumb\"},\"inLanguage\":\"fr-FR\",\"potentialAction\":[{\"@type\":\"ReadAction\",\"target\":[\"https:\\\/\\\/visionarymarketing.com\\\/fr\\\/2012\\\/05\\\/29\\\/medias-sociaux-en-entreprise-quelle-organisation-optimale-adopter\\\/\"]}]},{\"@type\":\"ImageObject\",\"inLanguage\":\"fr-FR\",\"@id\":\"https:\\\/\\\/visionarymarketing.com\\\/fr\\\/2012\\\/05\\\/29\\\/medias-sociaux-en-entreprise-quelle-organisation-optimale-adopter\\\/#primaryimage\",\"url\":\"https:\\\/\\\/visionarymarketing.com\\\/wp-content\\\/uploads\\\/2012\\\/05\\\/rallye-hiver2012-1-6878-1-e1606329473181.jpg\",\"contentUrl\":\"https:\\\/\\\/visionarymarketing.com\\\/wp-content\\\/uploads\\\/2012\\\/05\\\/rallye-hiver2012-1-6878-1-e1606329473181.jpg\",\"width\":519,\"height\":340},{\"@type\":\"BreadcrumbList\",\"@id\":\"https:\\\/\\\/visionarymarketing.com\\\/fr\\\/2012\\\/05\\\/29\\\/medias-sociaux-en-entreprise-quelle-organisation-optimale-adopter\\\/#breadcrumb\",\"itemListElement\":[{\"@type\":\"ListItem\",\"position\":1,\"name\":\"Home\",\"item\":\"https:\\\/\\\/visionarymarketing.com\\\/fr\\\/\"},{\"@type\":\"ListItem\",\"position\":2,\"name\":\"Organisation des M\u00e9dias sociaux en entreprise : un dilemme majeur\"}]},{\"@type\":\"WebSite\",\"@id\":\"https:\\\/\\\/visionarymarketing.com\\\/fr\\\/#website\",\"url\":\"https:\\\/\\\/visionarymarketing.com\\\/fr\\\/\",\"name\":\"Marketing and Innovation\",\"description\":\"Site d&#039;infos ind\u00e9pendant, depuis 1996\",\"potentialAction\":[{\"@type\":\"SearchAction\",\"target\":{\"@type\":\"EntryPoint\",\"urlTemplate\":\"https:\\\/\\\/visionarymarketing.com\\\/fr\\\/?s={search_term_string}\"},\"query-input\":{\"@type\":\"PropertyValueSpecification\",\"valueRequired\":true,\"valueName\":\"search_term_string\"}}],\"inLanguage\":\"fr-FR\"},{\"@type\":\"Person\",\"@id\":\"https:\\\/\\\/visionarymarketing.com\\\/fr\\\/#\\\/schema\\\/person\\\/3754fee1e558f47b8deb46f53c37423e\",\"name\":\"Yann Gourvennec\",\"image\":{\"@type\":\"ImageObject\",\"inLanguage\":\"fr-FR\",\"@id\":\"https:\\\/\\\/secure.gravatar.com\\\/avatar\\\/5972001801e8de5692a3e31224e85769f50a55fb8b679749f9c8d1868cceff14?s=96&d=initials&r=g&initials=yg\",\"url\":\"https:\\\/\\\/secure.gravatar.com\\\/avatar\\\/5972001801e8de5692a3e31224e85769f50a55fb8b679749f9c8d1868cceff14?s=96&d=initials&r=g&initials=yg\",\"contentUrl\":\"https:\\\/\\\/secure.gravatar.com\\\/avatar\\\/5972001801e8de5692a3e31224e85769f50a55fb8b679749f9c8d1868cceff14?s=96&d=initials&r=g&initials=yg\",\"caption\":\"Yann Gourvennec\"},\"description\":\"Yann Gourvennec created visionarymarketing.com in 1996. He is a speaker and author of many books. In 2014 he went from intrapreneur to entrepreneur, when he created his digital marketing agency. Yann Gourvennec a cr\u00e9\u00e9 visionarymarketing.com en 1996. Il est conf\u00e9rencier et auteur de plusieurs livres. En 2014, il est pass\u00e9 d'intrapreneur \u00e0 entrepreneur en cr\u00e9ant son agence de marketing num\u00e9rique.\",\"sameAs\":[\"https:\\\/\\\/visionarymarketing.com\",\"http:\\\/\\\/facebook.com\\\/ygourven\",\"http:\\\/\\\/linkedin.com\\\/in\\\/ygourven\",\"https:\\\/\\\/x.com\\\/ygourven\",\"https:\\\/\\\/www.youtube.com\\\/c\\\/visionarymarketingagency\"],\"url\":\"https:\\\/\\\/visionarymarketing.com\\\/fr\\\/author\\\/yann-gourvennec\\\/\"}]}<\/script>\n<!-- \/ Yoast SEO plugin. -->","yoast_head_json":{"title":"Organisation des M\u00e9dias sociaux en entreprise : un dilemme majeur","description":"Quelle organisation choisir pour les m\u00e9dias sociaux dans son entreprise ? La\u00a0question\u00a0peut para\u00eetre\u00a0triviale mais elle ne l'est pas.","robots":{"index":"index","follow":"follow","max-snippet":"max-snippet:-1","max-image-preview":"max-image-preview:large","max-video-preview":"max-video-preview:-1"},"canonical":"https:\/\/visionarymarketing.com\/fr\/2012\/05\/29\/medias-sociaux-en-entreprise-quelle-organisation-optimale-adopter\/","og_locale":"fr_FR","og_type":"article","og_title":"Organisation des M\u00e9dias sociaux en entreprise : un dilemme majeur","og_description":"Quelle organisation choisir pour les m\u00e9dias sociaux dans son entreprise ? La\u00a0question\u00a0peut para\u00eetre\u00a0triviale mais elle ne l'est pas.","og_url":"https:\/\/visionarymarketing.com\/fr\/2012\/05\/29\/medias-sociaux-en-entreprise-quelle-organisation-optimale-adopter\/","og_site_name":"Marketing and Innovation","article_publisher":"https:\/\/www.facebook.com\/vismktg","article_author":"http:\/\/facebook.com\/ygourven","article_published_time":"2012-05-29T14:59:01+00:00","article_modified_time":"2022-03-15T09:05:32+00:00","og_image":[{"width":519,"height":340,"url":"https:\/\/visionarymarketing.com\/wp-content\/uploads\/2012\/05\/rallye-hiver2012-1-6878-1-e1606329473181.jpg","type":"image\/jpeg"}],"author":"Yann Gourvennec","twitter_card":"summary_large_image","twitter_creator":"@ygourven","twitter_site":"@ygourven","twitter_misc":{"\u00c9crit par":"Yann Gourvennec","Dur\u00e9e de lecture estim\u00e9e":"5 minutes"},"schema":{"@context":"https:\/\/schema.org","@graph":[{"@type":"NewsArticle","@id":"https:\/\/visionarymarketing.com\/fr\/2012\/05\/29\/medias-sociaux-en-entreprise-quelle-organisation-optimale-adopter\/#article","isPartOf":{"@id":"https:\/\/visionarymarketing.com\/fr\/2012\/05\/29\/medias-sociaux-en-entreprise-quelle-organisation-optimale-adopter\/"},"author":{"name":"Yann Gourvennec","@id":"https:\/\/visionarymarketing.com\/fr\/#\/schema\/person\/3754fee1e558f47b8deb46f53c37423e"},"headline":"Organisation des M\u00e9dias sociaux en entreprise : un dilemme majeur","datePublished":"2012-05-29T14:59:01+00:00","dateModified":"2022-03-15T09:05:32+00:00","mainEntityOfPage":{"@id":"https:\/\/visionarymarketing.com\/fr\/2012\/05\/29\/medias-sociaux-en-entreprise-quelle-organisation-optimale-adopter\/"},"wordCount":1038,"commentCount":0,"image":{"@id":"https:\/\/visionarymarketing.com\/fr\/2012\/05\/29\/medias-sociaux-en-entreprise-quelle-organisation-optimale-adopter\/#primaryimage"},"thumbnailUrl":"https:\/\/visionarymarketing.com\/wp-content\/uploads\/2012\/05\/rallye-hiver2012-1-6878-1-e1606329473181.jpg","articleSection":["m\u00e9dias \/ r\u00e9seaux sociaux"],"inLanguage":"fr-FR","potentialAction":[{"@type":"CommentAction","name":"Comment","target":["https:\/\/visionarymarketing.com\/fr\/2012\/05\/29\/medias-sociaux-en-entreprise-quelle-organisation-optimale-adopter\/#respond"]}]},{"@type":"WebPage","@id":"https:\/\/visionarymarketing.com\/fr\/2012\/05\/29\/medias-sociaux-en-entreprise-quelle-organisation-optimale-adopter\/","url":"https:\/\/visionarymarketing.com\/fr\/2012\/05\/29\/medias-sociaux-en-entreprise-quelle-organisation-optimale-adopter\/","name":"Organisation des M\u00e9dias sociaux en entreprise : un dilemme majeur","isPartOf":{"@id":"https:\/\/visionarymarketing.com\/fr\/#website"},"primaryImageOfPage":{"@id":"https:\/\/visionarymarketing.com\/fr\/2012\/05\/29\/medias-sociaux-en-entreprise-quelle-organisation-optimale-adopter\/#primaryimage"},"image":{"@id":"https:\/\/visionarymarketing.com\/fr\/2012\/05\/29\/medias-sociaux-en-entreprise-quelle-organisation-optimale-adopter\/#primaryimage"},"thumbnailUrl":"https:\/\/visionarymarketing.com\/wp-content\/uploads\/2012\/05\/rallye-hiver2012-1-6878-1-e1606329473181.jpg","datePublished":"2012-05-29T14:59:01+00:00","dateModified":"2022-03-15T09:05:32+00:00","author":{"@id":"https:\/\/visionarymarketing.com\/fr\/#\/schema\/person\/3754fee1e558f47b8deb46f53c37423e"},"description":"Quelle organisation choisir pour les m\u00e9dias sociaux dans son entreprise ? La\u00a0question\u00a0peut para\u00eetre\u00a0triviale mais elle ne l'est pas.","breadcrumb":{"@id":"https:\/\/visionarymarketing.com\/fr\/2012\/05\/29\/medias-sociaux-en-entreprise-quelle-organisation-optimale-adopter\/#breadcrumb"},"inLanguage":"fr-FR","potentialAction":[{"@type":"ReadAction","target":["https:\/\/visionarymarketing.com\/fr\/2012\/05\/29\/medias-sociaux-en-entreprise-quelle-organisation-optimale-adopter\/"]}]},{"@type":"ImageObject","inLanguage":"fr-FR","@id":"https:\/\/visionarymarketing.com\/fr\/2012\/05\/29\/medias-sociaux-en-entreprise-quelle-organisation-optimale-adopter\/#primaryimage","url":"https:\/\/visionarymarketing.com\/wp-content\/uploads\/2012\/05\/rallye-hiver2012-1-6878-1-e1606329473181.jpg","contentUrl":"https:\/\/visionarymarketing.com\/wp-content\/uploads\/2012\/05\/rallye-hiver2012-1-6878-1-e1606329473181.jpg","width":519,"height":340},{"@type":"BreadcrumbList","@id":"https:\/\/visionarymarketing.com\/fr\/2012\/05\/29\/medias-sociaux-en-entreprise-quelle-organisation-optimale-adopter\/#breadcrumb","itemListElement":[{"@type":"ListItem","position":1,"name":"Home","item":"https:\/\/visionarymarketing.com\/fr\/"},{"@type":"ListItem","position":2,"name":"Organisation des M\u00e9dias sociaux en entreprise : un dilemme majeur"}]},{"@type":"WebSite","@id":"https:\/\/visionarymarketing.com\/fr\/#website","url":"https:\/\/visionarymarketing.com\/fr\/","name":"Marketing and Innovation","description":"Site d&#039;infos ind\u00e9pendant, depuis 1996","potentialAction":[{"@type":"SearchAction","target":{"@type":"EntryPoint","urlTemplate":"https:\/\/visionarymarketing.com\/fr\/?s={search_term_string}"},"query-input":{"@type":"PropertyValueSpecification","valueRequired":true,"valueName":"search_term_string"}}],"inLanguage":"fr-FR"},{"@type":"Person","@id":"https:\/\/visionarymarketing.com\/fr\/#\/schema\/person\/3754fee1e558f47b8deb46f53c37423e","name":"Yann Gourvennec","image":{"@type":"ImageObject","inLanguage":"fr-FR","@id":"https:\/\/secure.gravatar.com\/avatar\/5972001801e8de5692a3e31224e85769f50a55fb8b679749f9c8d1868cceff14?s=96&d=initials&r=g&initials=yg","url":"https:\/\/secure.gravatar.com\/avatar\/5972001801e8de5692a3e31224e85769f50a55fb8b679749f9c8d1868cceff14?s=96&d=initials&r=g&initials=yg","contentUrl":"https:\/\/secure.gravatar.com\/avatar\/5972001801e8de5692a3e31224e85769f50a55fb8b679749f9c8d1868cceff14?s=96&d=initials&r=g&initials=yg","caption":"Yann Gourvennec"},"description":"Yann Gourvennec created visionarymarketing.com in 1996. He is a speaker and author of many books. In 2014 he went from intrapreneur to entrepreneur, when he created his digital marketing agency. Yann Gourvennec a cr\u00e9\u00e9 visionarymarketing.com en 1996. Il est conf\u00e9rencier et auteur de plusieurs livres. En 2014, il est pass\u00e9 d'intrapreneur \u00e0 entrepreneur en cr\u00e9ant son agence de marketing num\u00e9rique.","sameAs":["https:\/\/visionarymarketing.com","http:\/\/facebook.com\/ygourven","http:\/\/linkedin.com\/in\/ygourven","https:\/\/x.com\/ygourven","https:\/\/www.youtube.com\/c\/visionarymarketingagency"],"url":"https:\/\/visionarymarketing.com\/fr\/author\/yann-gourvennec\/"}]}},"_links":{"self":[{"href":"https:\/\/visionarymarketing.com\/fr\/wp-json\/wp\/v2\/posts\/6401","targetHints":{"allow":["GET"]}}],"collection":[{"href":"https:\/\/visionarymarketing.com\/fr\/wp-json\/wp\/v2\/posts"}],"about":[{"href":"https:\/\/visionarymarketing.com\/fr\/wp-json\/wp\/v2\/types\/post"}],"author":[{"embeddable":true,"href":"https:\/\/visionarymarketing.com\/fr\/wp-json\/wp\/v2\/users\/2"}],"replies":[{"embeddable":true,"href":"https:\/\/visionarymarketing.com\/fr\/wp-json\/wp\/v2\/comments?post=6401"}],"version-history":[{"count":0,"href":"https:\/\/visionarymarketing.com\/fr\/wp-json\/wp\/v2\/posts\/6401\/revisions"}],"wp:featuredmedia":[{"embeddable":true,"href":"https:\/\/visionarymarketing.com\/fr\/wp-json\/wp\/v2\/media\/59792"}],"wp:attachment":[{"href":"https:\/\/visionarymarketing.com\/fr\/wp-json\/wp\/v2\/media?parent=6401"}],"wp:term":[{"taxonomy":"category","embeddable":true,"href":"https:\/\/visionarymarketing.com\/fr\/wp-json\/wp\/v2\/categories?post=6401"},{"taxonomy":"post_tag","embeddable":true,"href":"https:\/\/visionarymarketing.com\/fr\/wp-json\/wp\/v2\/tags?post=6401"}],"curies":[{"name":"wp","href":"https:\/\/api.w.org\/{rel}","templated":true}]}}