{"id":6378,"date":"2012-05-31T09:33:44","date_gmt":"2012-05-31T09:33:44","guid":{"rendered":"http:\/\/visionary.wordpress.com\/?p=6378"},"modified":"2021-03-14T20:55:12","modified_gmt":"2021-03-14T19:55:12","slug":"facebook-startup-ideale-ou-la-fin-la-silicon-valley","status":"publish","type":"post","link":"https:\/\/visionarymarketing.com\/fr\/2012\/05\/31\/facebook-startup-ideale-ou-la-fin-la-silicon-valley\/","title":{"rendered":"Facebook : startup id\u00e9ale ou fin de la Silicon Valley ?"},"content":{"rendered":"<p><em>Facebook est-elle la startup id\u00e9ale ou le d\u00e9but de la fin de la Silicon Valley. En relisant l&rsquo;article sur le blog de Media Aces sur le th\u00e8me de \u00ab ce que Facebook a chang\u00e9 dans la vie des entreprises \u00bb Je me suis aper\u00e7u qu&rsquo;il fallait gratter un peu et nuancer, car c&rsquo;est une question \u00e9minemment complexe qui va bien au-del\u00e0 de la simple stigmatisation d\u2019une bulle. Tentative d&rsquo;\u00e9clairage\u2026<\/em><\/p>\n<h2>Facebook : startup id\u00e9ale ou fin de la Silicon Valley ?<\/h2>\n<figure id=\"attachment_62443\" aria-describedby=\"caption-attachment-62443\" style=\"width: 519px\" class=\"wp-caption aligncenter\"><img decoding=\"async\" class=\"wp-image-62443 size-full\" src=\"https:\/\/visionarymarketing.com\/wp-content\/uploads\/2012\/05\/jumpstory-download20210314-194917-e1615751395178.jpg\" alt=\"Facebook : startup id\u00e9ale ou fin de la Silicon Valley ?\" width=\"519\" height=\"340\" srcset=\"https:\/\/visionarymarketing.com\/wp-content\/uploads\/2012\/05\/jumpstory-download20210314-194917-e1615751395178.jpg 519w, https:\/\/visionarymarketing.com\/wp-content\/uploads\/2012\/05\/jumpstory-download20210314-194917-e1615751395178-458x300.jpg 458w\" sizes=\"(max-width: 519px) 100vw, 519px\" \/><figcaption id=\"caption-attachment-62443\" class=\"wp-caption-text\">Facebook : startup id\u00e9ale ou fin de la Silicon Valley ?<\/figcaption><\/figure>\n<p><!--more--><\/p>\n<p><strong>le Web 2.0 est mort vive le Web !<\/strong><\/p>\n<p>D&rsquo;une part, la mise en bourse de le 18 mai 2012, a signal\u00e9 \u2013 c\u2019est ind\u00e9niable &#8211; la mort de ce que l&rsquo;on appelait encore quelquefois le \u00ab Web 2.0 \u00bb du vocable invent\u00e9 par Tim O&rsquo;Reilly en 2004, dans un texte fondateur, et qui devait signifier l&rsquo;av\u00e8nement d&rsquo;une nouvelle p\u00e9riode du Web, vite renomm\u00e9e \u00ab social media \u00bb en 2009.<\/p>\n<p><img decoding=\"async\" class=\"aligncenter wp-image-9311 size-full\" src=\"https:\/\/visionarymarketing.com\/wp-content\/uploads\/2012\/05\/image_thumb3_thumb_thumb.png\" alt=\"Facebook - Startup\" width=\"886\" height=\"332\" srcset=\"https:\/\/visionarymarketing.com\/wp-content\/uploads\/2012\/05\/image_thumb3_thumb_thumb.png 886w, https:\/\/visionarymarketing.com\/wp-content\/uploads\/2012\/05\/image_thumb3_thumb_thumb-500x187.png 500w, https:\/\/visionarymarketing.com\/wp-content\/uploads\/2012\/05\/image_thumb3_thumb_thumb-768x288.png 768w, https:\/\/visionarymarketing.com\/wp-content\/uploads\/2012\/05\/image_thumb3_thumb_thumb-300x112.png 300w\" sizes=\"(max-width: 886px) 100vw, 886px\" \/>En dehors des commentaires moraux, laudateurs ou indign\u00e9s, devant la fr\u00e9n\u00e9sie boursi\u00e8re autour de Facebook, d&rsquo;ailleurs lourdement et rapidement sanctionn\u00e9e (encore -10 % hier, voir le sch\u00e9ma ci-dessus pris dans Yahoo Finance) on ne peut qu&rsquo;\u00eatre d&rsquo;accord avec <a href=\"https:\/\/www.slideshare.net\/faberNovel\/facebook-the-perfect-startup\" target=\"_blank\" rel=\"noopener\">cette superbe \u00e9tude de Faber Novell<\/a> qui explique pourquoi Facebook doit sa r\u00e9ussite \u00e0 sa vision, sa qualit\u00e9 d&rsquo;ex\u00e9cution sa ma\u00eetrise technologique, mais aussi et c&rsquo;est moins \u00e9vident reconna\u00eetre pour les traditionnalistes du Management, \u00e0 l&rsquo;excellence de sa gouvernance.<\/p>\n<p>https:\/\/visionarymarketing.com\/wp-content\/uploads\/2012\/05\/facebook-theperfectstartupby-fabernovel-120529101300-phpapp02-1.pdf<\/p>\n<p><strong>une nouvelle \u00e8re : celle de la professionnalisation et de la publicit\u00e9<\/strong><\/p>\n<p>Car quoi qu&rsquo;on dise de la mise en bourse de Facebook, une nouvelle \u00e8re est n\u00e9e de la mort de ce Web 2.0, et la c\u00e9sure que nous sommes en train de vivre n&rsquo;est ni plus ni moins que la r\u00e9p\u00e9tition de celle que nous avons connue au d\u00e9but des ann\u00e9es 2000, apr\u00e8s la bulle, lors de laquelle le Web s&rsquo;est \u00e9norm\u00e9ment professionnalis\u00e9, et le commerce \u00e9lectronique devenu un pilier incontournable du business. De la m\u00eame fa\u00e7on, les m\u00e9dias sociaux sont en train de tourner la page, celle de l&rsquo;amateurisme, celle du \u00ab tout gratuit \u00bb, et nous sommes en train de rentrer dans cette affaire o\u00f9 le terme de \u00ab m\u00e9dia \u00bb n&rsquo;a jamais \u00e9t\u00e9 aussi justifi\u00e9. Ce n&rsquo;est pas comme on a pu h\u00e2tivement l&rsquo;\u00e9crire (<a href=\"https:\/\/visionarymarketing.com\/2012\/01\/2012-la-fin-des-medias-sociaux-tels-quils-sont-pratiques-aujourdhui\/\" target=\"_blank\" rel=\"noopener noreferrer\">reconnaissons notre erreur<\/a>) la fin des m\u00e9dias sociaux, mais au contraire la naissance des m\u00e9dias sociaux professionnels. <a href=\"https:\/\/www.slideshare.net\/jeremiah_owyang\/the-state-and-future-of-social-business\" target=\"_blank\" rel=\"noopener noreferrer\">Jeremiah Owyang a d\u2019ailleurs signal\u00e9 dans sa pr\u00e9sentation la plus r\u00e9cente \u2013 en d\u00e9tournant le Cluetrain Manifesto &#8211; que pour \u00eatre vu maintenant il va falloir payer<\/a> ; c&rsquo;est donc l&rsquo;entr\u00e9e dans une \u00e8re plus publicitaire, plus professionnelle aussi, o\u00f9 les enjeux de marque seront de plus en plus importants. Le Web 2.0 a cru tuer la publicit\u00e9; chassez le naturel &#8230;<\/p>\n<p>Et ceci, que la mise en bourse de Facebook soit une r\u00e9ussite ou un \u00e9chec\u2026<\/p>\n<p><strong>\u00e0 moins que cela ait tu\u00e9 l\u2019innovation \u2026 ?<\/strong><\/p>\n<p>Mais <span class=\"removed_link\" title=\"http:\/\/news.yahoo.com\/video\/syndicationdailyticker-28660048\/facebook-ipo-is-the-beginning-of-the-end-of-silicon-valley-steve-blank-29463940.html\">d&rsquo;autres comme le v\u00e9t\u00e9ran de la Silicon Valley Steve Blank<\/span> (voir ci-dessous) s&rsquo;\u00e9l\u00e8vent pour indiquer un autre changement d&rsquo;\u00e8re : celui d&rsquo;une vall\u00e9e essentiellement tourn\u00e9e vers l&rsquo;investissement industriel, \u00e0 long terme et qui devient aussi la charni\u00e8re d&rsquo;un changement au profit de l&rsquo;investissement \u00e0 court terme. Quoi que\u2026 Facebook a \u00e9t\u00e9 cr\u00e9\u00e9 en 2004, et m\u00eame si sa r\u00e9ussite est remarquablement rapide, cela fait quand m\u00eame 8 ans, et ils ont eu le temps de faire leurs preuves et de construire le plus grand r\u00e9seau humain du monde \u2026 Et si c\u2019\u00e9tait Fabernovel qui avait raison, et que le monde de l\u2019innovation avait chang\u00e9 pour toujours ?<\/p>\n<p><img decoding=\"async\" class=\"aligncenter size-full wp-image-9312\" src=\"https:\/\/visionarymarketing.com\/wp-content\/uploads\/2012\/05\/sans-titre4.jpg\" alt=\"Sans-titre4.jpg\" width=\"890\" height=\"504\" srcset=\"https:\/\/visionarymarketing.com\/wp-content\/uploads\/2012\/05\/sans-titre4.jpg 890w, https:\/\/visionarymarketing.com\/wp-content\/uploads\/2012\/05\/sans-titre4-500x283.jpg 500w, https:\/\/visionarymarketing.com\/wp-content\/uploads\/2012\/05\/sans-titre4-768x435.jpg 768w, https:\/\/visionarymarketing.com\/wp-content\/uploads\/2012\/05\/sans-titre4-300x169.jpg 300w\" sizes=\"(max-width: 890px) 100vw, 890px\" \/><\/p>\n","protected":false},"excerpt":{"rendered":"<p>En relisant l&rsquo;article sur le blog de Media Aces sur le th\u00e8me de \u00ab ce que Facebook a chang\u00e9 dans la vie des entreprises \u00bb Je me suis aper\u00e7u qu&rsquo;il fallait gratter un peu et nuancer, car c&rsquo;est une question \u00e9minemment complexe qui va bien au-del\u00e0 de la simple stigmatisation d\u2019une bulle. Tentative d&rsquo;\u00e9clairage<\/p>\n","protected":false},"author":2,"featured_media":9311,"comment_status":"open","ping_status":"open","sticky":false,"template":"","format":"standard","meta":{"footnotes":""},"categories":[25],"tags":[],"class_list":["post-6378","post","type-post","status-publish","format-standard","has-post-thumbnail","hentry","category-medias-sociaux"],"yoast_head":"<!-- This site is optimized with the Yoast SEO plugin v27.4 - https:\/\/yoast.com\/product\/yoast-seo-wordpress\/ -->\n<title>Facebook : startup id\u00e9ale ou fin de la Silicon Valley ?<\/title>\n<meta name=\"description\" content=\"Facebook est-elle la startup id\u00e9ale ou le d\u00e9but de la fin de la Silicon Valley. Facebook a chang\u00e9 dans la vie des entreprises ...\" \/>\n<meta name=\"robots\" content=\"index, follow, max-snippet:-1, max-image-preview:large, max-video-preview:-1\" \/>\n<link rel=\"canonical\" href=\"https:\/\/visionarymarketing.com\/fr\/2012\/05\/31\/facebook-startup-ideale-ou-la-fin-la-silicon-valley\/\" \/>\n<meta property=\"og:locale\" content=\"fr_FR\" \/>\n<meta property=\"og:type\" content=\"article\" \/>\n<meta property=\"og:title\" content=\"Facebook : startup id\u00e9ale ou fin de la Silicon Valley ?\" \/>\n<meta property=\"og:description\" content=\"Facebook est-elle la startup id\u00e9ale ou le d\u00e9but de la fin de la Silicon Valley. Facebook a chang\u00e9 dans la vie des entreprises ...\" \/>\n<meta property=\"og:url\" content=\"https:\/\/visionarymarketing.com\/fr\/2012\/05\/31\/facebook-startup-ideale-ou-la-fin-la-silicon-valley\/\" \/>\n<meta property=\"og:site_name\" content=\"Marketing and Innovation\" \/>\n<meta property=\"article:publisher\" content=\"https:\/\/www.facebook.com\/vismktg\" \/>\n<meta property=\"article:author\" content=\"http:\/\/facebook.com\/ygourven\" \/>\n<meta property=\"article:published_time\" content=\"2012-05-31T09:33:44+00:00\" \/>\n<meta property=\"article:modified_time\" content=\"2021-03-14T19:55:12+00:00\" \/>\n<meta property=\"og:image\" content=\"https:\/\/visionarymarketing.com\/wp-content\/uploads\/2012\/05\/image_thumb3_thumb_thumb.png\" \/>\n\t<meta property=\"og:image:width\" content=\"886\" \/>\n\t<meta property=\"og:image:height\" content=\"332\" \/>\n\t<meta property=\"og:image:type\" content=\"image\/png\" \/>\n<meta name=\"author\" content=\"Yann Gourvennec\" \/>\n<meta name=\"twitter:card\" content=\"summary_large_image\" \/>\n<meta name=\"twitter:creator\" content=\"@ygourven\" \/>\n<meta name=\"twitter:site\" content=\"@ygourven\" \/>\n<meta name=\"twitter:label1\" content=\"\u00c9crit par\" \/>\n\t<meta name=\"twitter:data1\" content=\"Yann Gourvennec\" \/>\n\t<meta name=\"twitter:label2\" content=\"Dur\u00e9e de lecture estim\u00e9e\" \/>\n\t<meta name=\"twitter:data2\" content=\"4 minutes\" \/>\n<script type=\"application\/ld+json\" class=\"yoast-schema-graph\">{\"@context\":\"https:\\\/\\\/schema.org\",\"@graph\":[{\"@type\":\"NewsArticle\",\"@id\":\"https:\\\/\\\/visionarymarketing.com\\\/fr\\\/2012\\\/05\\\/31\\\/facebook-startup-ideale-ou-la-fin-la-silicon-valley\\\/#article\",\"isPartOf\":{\"@id\":\"https:\\\/\\\/visionarymarketing.com\\\/fr\\\/2012\\\/05\\\/31\\\/facebook-startup-ideale-ou-la-fin-la-silicon-valley\\\/\"},\"author\":{\"name\":\"Yann Gourvennec\",\"@id\":\"https:\\\/\\\/visionarymarketing.com\\\/fr\\\/#\\\/schema\\\/person\\\/3754fee1e558f47b8deb46f53c37423e\"},\"headline\":\"Facebook : startup id\u00e9ale ou fin de la Silicon Valley ?\",\"datePublished\":\"2012-05-31T09:33:44+00:00\",\"dateModified\":\"2021-03-14T19:55:12+00:00\",\"mainEntityOfPage\":{\"@id\":\"https:\\\/\\\/visionarymarketing.com\\\/fr\\\/2012\\\/05\\\/31\\\/facebook-startup-ideale-ou-la-fin-la-silicon-valley\\\/\"},\"wordCount\":659,\"commentCount\":0,\"image\":{\"@id\":\"https:\\\/\\\/visionarymarketing.com\\\/fr\\\/2012\\\/05\\\/31\\\/facebook-startup-ideale-ou-la-fin-la-silicon-valley\\\/#primaryimage\"},\"thumbnailUrl\":\"https:\\\/\\\/visionarymarketing.com\\\/wp-content\\\/uploads\\\/2012\\\/05\\\/image_thumb3_thumb_thumb.png\",\"articleSection\":[\"m\u00e9dias \\\/ r\u00e9seaux sociaux\"],\"inLanguage\":\"fr-FR\",\"potentialAction\":[{\"@type\":\"CommentAction\",\"name\":\"Comment\",\"target\":[\"https:\\\/\\\/visionarymarketing.com\\\/fr\\\/2012\\\/05\\\/31\\\/facebook-startup-ideale-ou-la-fin-la-silicon-valley\\\/#respond\"]}]},{\"@type\":\"WebPage\",\"@id\":\"https:\\\/\\\/visionarymarketing.com\\\/fr\\\/2012\\\/05\\\/31\\\/facebook-startup-ideale-ou-la-fin-la-silicon-valley\\\/\",\"url\":\"https:\\\/\\\/visionarymarketing.com\\\/fr\\\/2012\\\/05\\\/31\\\/facebook-startup-ideale-ou-la-fin-la-silicon-valley\\\/\",\"name\":\"Facebook : startup id\u00e9ale ou fin de la Silicon Valley ?\",\"isPartOf\":{\"@id\":\"https:\\\/\\\/visionarymarketing.com\\\/fr\\\/#website\"},\"primaryImageOfPage\":{\"@id\":\"https:\\\/\\\/visionarymarketing.com\\\/fr\\\/2012\\\/05\\\/31\\\/facebook-startup-ideale-ou-la-fin-la-silicon-valley\\\/#primaryimage\"},\"image\":{\"@id\":\"https:\\\/\\\/visionarymarketing.com\\\/fr\\\/2012\\\/05\\\/31\\\/facebook-startup-ideale-ou-la-fin-la-silicon-valley\\\/#primaryimage\"},\"thumbnailUrl\":\"https:\\\/\\\/visionarymarketing.com\\\/wp-content\\\/uploads\\\/2012\\\/05\\\/image_thumb3_thumb_thumb.png\",\"datePublished\":\"2012-05-31T09:33:44+00:00\",\"dateModified\":\"2021-03-14T19:55:12+00:00\",\"author\":{\"@id\":\"https:\\\/\\\/visionarymarketing.com\\\/fr\\\/#\\\/schema\\\/person\\\/3754fee1e558f47b8deb46f53c37423e\"},\"description\":\"Facebook est-elle la startup id\u00e9ale ou le d\u00e9but de la fin de la Silicon Valley. Facebook a chang\u00e9 dans la vie des entreprises ...\",\"breadcrumb\":{\"@id\":\"https:\\\/\\\/visionarymarketing.com\\\/fr\\\/2012\\\/05\\\/31\\\/facebook-startup-ideale-ou-la-fin-la-silicon-valley\\\/#breadcrumb\"},\"inLanguage\":\"fr-FR\",\"potentialAction\":[{\"@type\":\"ReadAction\",\"target\":[\"https:\\\/\\\/visionarymarketing.com\\\/fr\\\/2012\\\/05\\\/31\\\/facebook-startup-ideale-ou-la-fin-la-silicon-valley\\\/\"]}]},{\"@type\":\"ImageObject\",\"inLanguage\":\"fr-FR\",\"@id\":\"https:\\\/\\\/visionarymarketing.com\\\/fr\\\/2012\\\/05\\\/31\\\/facebook-startup-ideale-ou-la-fin-la-silicon-valley\\\/#primaryimage\",\"url\":\"https:\\\/\\\/visionarymarketing.com\\\/wp-content\\\/uploads\\\/2012\\\/05\\\/image_thumb3_thumb_thumb.png\",\"contentUrl\":\"https:\\\/\\\/visionarymarketing.com\\\/wp-content\\\/uploads\\\/2012\\\/05\\\/image_thumb3_thumb_thumb.png\",\"width\":886,\"height\":332},{\"@type\":\"BreadcrumbList\",\"@id\":\"https:\\\/\\\/visionarymarketing.com\\\/fr\\\/2012\\\/05\\\/31\\\/facebook-startup-ideale-ou-la-fin-la-silicon-valley\\\/#breadcrumb\",\"itemListElement\":[{\"@type\":\"ListItem\",\"position\":1,\"name\":\"Home\",\"item\":\"https:\\\/\\\/visionarymarketing.com\\\/fr\\\/\"},{\"@type\":\"ListItem\",\"position\":2,\"name\":\"Facebook : startup id\u00e9ale ou fin de la Silicon Valley ?\"}]},{\"@type\":\"WebSite\",\"@id\":\"https:\\\/\\\/visionarymarketing.com\\\/fr\\\/#website\",\"url\":\"https:\\\/\\\/visionarymarketing.com\\\/fr\\\/\",\"name\":\"Marketing and Innovation\",\"description\":\"Site d&#039;infos ind\u00e9pendant, depuis 1996\",\"potentialAction\":[{\"@type\":\"SearchAction\",\"target\":{\"@type\":\"EntryPoint\",\"urlTemplate\":\"https:\\\/\\\/visionarymarketing.com\\\/fr\\\/?s={search_term_string}\"},\"query-input\":{\"@type\":\"PropertyValueSpecification\",\"valueRequired\":true,\"valueName\":\"search_term_string\"}}],\"inLanguage\":\"fr-FR\"},{\"@type\":\"Person\",\"@id\":\"https:\\\/\\\/visionarymarketing.com\\\/fr\\\/#\\\/schema\\\/person\\\/3754fee1e558f47b8deb46f53c37423e\",\"name\":\"Yann Gourvennec\",\"image\":{\"@type\":\"ImageObject\",\"inLanguage\":\"fr-FR\",\"@id\":\"https:\\\/\\\/secure.gravatar.com\\\/avatar\\\/5972001801e8de5692a3e31224e85769f50a55fb8b679749f9c8d1868cceff14?s=96&d=initials&r=g&initials=yg\",\"url\":\"https:\\\/\\\/secure.gravatar.com\\\/avatar\\\/5972001801e8de5692a3e31224e85769f50a55fb8b679749f9c8d1868cceff14?s=96&d=initials&r=g&initials=yg\",\"contentUrl\":\"https:\\\/\\\/secure.gravatar.com\\\/avatar\\\/5972001801e8de5692a3e31224e85769f50a55fb8b679749f9c8d1868cceff14?s=96&d=initials&r=g&initials=yg\",\"caption\":\"Yann Gourvennec\"},\"description\":\"Yann Gourvennec created visionarymarketing.com in 1996. He is a speaker and author of many books. In 2014 he went from intrapreneur to entrepreneur, when he created his digital marketing agency. Yann Gourvennec a cr\u00e9\u00e9 visionarymarketing.com en 1996. Il est conf\u00e9rencier et auteur de plusieurs livres. En 2014, il est pass\u00e9 d'intrapreneur \u00e0 entrepreneur en cr\u00e9ant son agence de marketing num\u00e9rique.\",\"sameAs\":[\"https:\\\/\\\/visionarymarketing.com\",\"http:\\\/\\\/facebook.com\\\/ygourven\",\"http:\\\/\\\/linkedin.com\\\/in\\\/ygourven\",\"https:\\\/\\\/x.com\\\/ygourven\",\"https:\\\/\\\/www.youtube.com\\\/c\\\/visionarymarketingagency\"],\"url\":\"https:\\\/\\\/visionarymarketing.com\\\/fr\\\/author\\\/yann-gourvennec\\\/\"}]}<\/script>\n<!-- \/ Yoast SEO plugin. -->","yoast_head_json":{"title":"Facebook : startup id\u00e9ale ou fin de la Silicon Valley ?","description":"Facebook est-elle la startup id\u00e9ale ou le d\u00e9but de la fin de la Silicon Valley. Facebook a chang\u00e9 dans la vie des entreprises ...","robots":{"index":"index","follow":"follow","max-snippet":"max-snippet:-1","max-image-preview":"max-image-preview:large","max-video-preview":"max-video-preview:-1"},"canonical":"https:\/\/visionarymarketing.com\/fr\/2012\/05\/31\/facebook-startup-ideale-ou-la-fin-la-silicon-valley\/","og_locale":"fr_FR","og_type":"article","og_title":"Facebook : startup id\u00e9ale ou fin de la Silicon Valley ?","og_description":"Facebook est-elle la startup id\u00e9ale ou le d\u00e9but de la fin de la Silicon Valley. Facebook a chang\u00e9 dans la vie des entreprises ...","og_url":"https:\/\/visionarymarketing.com\/fr\/2012\/05\/31\/facebook-startup-ideale-ou-la-fin-la-silicon-valley\/","og_site_name":"Marketing and Innovation","article_publisher":"https:\/\/www.facebook.com\/vismktg","article_author":"http:\/\/facebook.com\/ygourven","article_published_time":"2012-05-31T09:33:44+00:00","article_modified_time":"2021-03-14T19:55:12+00:00","og_image":[{"width":886,"height":332,"url":"https:\/\/visionarymarketing.com\/wp-content\/uploads\/2012\/05\/image_thumb3_thumb_thumb.png","type":"image\/png"}],"author":"Yann Gourvennec","twitter_card":"summary_large_image","twitter_creator":"@ygourven","twitter_site":"@ygourven","twitter_misc":{"\u00c9crit par":"Yann Gourvennec","Dur\u00e9e de lecture estim\u00e9e":"4 minutes"},"schema":{"@context":"https:\/\/schema.org","@graph":[{"@type":"NewsArticle","@id":"https:\/\/visionarymarketing.com\/fr\/2012\/05\/31\/facebook-startup-ideale-ou-la-fin-la-silicon-valley\/#article","isPartOf":{"@id":"https:\/\/visionarymarketing.com\/fr\/2012\/05\/31\/facebook-startup-ideale-ou-la-fin-la-silicon-valley\/"},"author":{"name":"Yann Gourvennec","@id":"https:\/\/visionarymarketing.com\/fr\/#\/schema\/person\/3754fee1e558f47b8deb46f53c37423e"},"headline":"Facebook : startup id\u00e9ale ou fin de la Silicon Valley ?","datePublished":"2012-05-31T09:33:44+00:00","dateModified":"2021-03-14T19:55:12+00:00","mainEntityOfPage":{"@id":"https:\/\/visionarymarketing.com\/fr\/2012\/05\/31\/facebook-startup-ideale-ou-la-fin-la-silicon-valley\/"},"wordCount":659,"commentCount":0,"image":{"@id":"https:\/\/visionarymarketing.com\/fr\/2012\/05\/31\/facebook-startup-ideale-ou-la-fin-la-silicon-valley\/#primaryimage"},"thumbnailUrl":"https:\/\/visionarymarketing.com\/wp-content\/uploads\/2012\/05\/image_thumb3_thumb_thumb.png","articleSection":["m\u00e9dias \/ r\u00e9seaux sociaux"],"inLanguage":"fr-FR","potentialAction":[{"@type":"CommentAction","name":"Comment","target":["https:\/\/visionarymarketing.com\/fr\/2012\/05\/31\/facebook-startup-ideale-ou-la-fin-la-silicon-valley\/#respond"]}]},{"@type":"WebPage","@id":"https:\/\/visionarymarketing.com\/fr\/2012\/05\/31\/facebook-startup-ideale-ou-la-fin-la-silicon-valley\/","url":"https:\/\/visionarymarketing.com\/fr\/2012\/05\/31\/facebook-startup-ideale-ou-la-fin-la-silicon-valley\/","name":"Facebook : startup id\u00e9ale ou fin de la Silicon Valley ?","isPartOf":{"@id":"https:\/\/visionarymarketing.com\/fr\/#website"},"primaryImageOfPage":{"@id":"https:\/\/visionarymarketing.com\/fr\/2012\/05\/31\/facebook-startup-ideale-ou-la-fin-la-silicon-valley\/#primaryimage"},"image":{"@id":"https:\/\/visionarymarketing.com\/fr\/2012\/05\/31\/facebook-startup-ideale-ou-la-fin-la-silicon-valley\/#primaryimage"},"thumbnailUrl":"https:\/\/visionarymarketing.com\/wp-content\/uploads\/2012\/05\/image_thumb3_thumb_thumb.png","datePublished":"2012-05-31T09:33:44+00:00","dateModified":"2021-03-14T19:55:12+00:00","author":{"@id":"https:\/\/visionarymarketing.com\/fr\/#\/schema\/person\/3754fee1e558f47b8deb46f53c37423e"},"description":"Facebook est-elle la startup id\u00e9ale ou le d\u00e9but de la fin de la Silicon Valley. Facebook a chang\u00e9 dans la vie des entreprises ...","breadcrumb":{"@id":"https:\/\/visionarymarketing.com\/fr\/2012\/05\/31\/facebook-startup-ideale-ou-la-fin-la-silicon-valley\/#breadcrumb"},"inLanguage":"fr-FR","potentialAction":[{"@type":"ReadAction","target":["https:\/\/visionarymarketing.com\/fr\/2012\/05\/31\/facebook-startup-ideale-ou-la-fin-la-silicon-valley\/"]}]},{"@type":"ImageObject","inLanguage":"fr-FR","@id":"https:\/\/visionarymarketing.com\/fr\/2012\/05\/31\/facebook-startup-ideale-ou-la-fin-la-silicon-valley\/#primaryimage","url":"https:\/\/visionarymarketing.com\/wp-content\/uploads\/2012\/05\/image_thumb3_thumb_thumb.png","contentUrl":"https:\/\/visionarymarketing.com\/wp-content\/uploads\/2012\/05\/image_thumb3_thumb_thumb.png","width":886,"height":332},{"@type":"BreadcrumbList","@id":"https:\/\/visionarymarketing.com\/fr\/2012\/05\/31\/facebook-startup-ideale-ou-la-fin-la-silicon-valley\/#breadcrumb","itemListElement":[{"@type":"ListItem","position":1,"name":"Home","item":"https:\/\/visionarymarketing.com\/fr\/"},{"@type":"ListItem","position":2,"name":"Facebook : startup id\u00e9ale ou fin de la Silicon Valley ?"}]},{"@type":"WebSite","@id":"https:\/\/visionarymarketing.com\/fr\/#website","url":"https:\/\/visionarymarketing.com\/fr\/","name":"Marketing and Innovation","description":"Site d&#039;infos ind\u00e9pendant, depuis 1996","potentialAction":[{"@type":"SearchAction","target":{"@type":"EntryPoint","urlTemplate":"https:\/\/visionarymarketing.com\/fr\/?s={search_term_string}"},"query-input":{"@type":"PropertyValueSpecification","valueRequired":true,"valueName":"search_term_string"}}],"inLanguage":"fr-FR"},{"@type":"Person","@id":"https:\/\/visionarymarketing.com\/fr\/#\/schema\/person\/3754fee1e558f47b8deb46f53c37423e","name":"Yann Gourvennec","image":{"@type":"ImageObject","inLanguage":"fr-FR","@id":"https:\/\/secure.gravatar.com\/avatar\/5972001801e8de5692a3e31224e85769f50a55fb8b679749f9c8d1868cceff14?s=96&d=initials&r=g&initials=yg","url":"https:\/\/secure.gravatar.com\/avatar\/5972001801e8de5692a3e31224e85769f50a55fb8b679749f9c8d1868cceff14?s=96&d=initials&r=g&initials=yg","contentUrl":"https:\/\/secure.gravatar.com\/avatar\/5972001801e8de5692a3e31224e85769f50a55fb8b679749f9c8d1868cceff14?s=96&d=initials&r=g&initials=yg","caption":"Yann Gourvennec"},"description":"Yann Gourvennec created visionarymarketing.com in 1996. He is a speaker and author of many books. In 2014 he went from intrapreneur to entrepreneur, when he created his digital marketing agency. Yann Gourvennec a cr\u00e9\u00e9 visionarymarketing.com en 1996. Il est conf\u00e9rencier et auteur de plusieurs livres. En 2014, il est pass\u00e9 d'intrapreneur \u00e0 entrepreneur en cr\u00e9ant son agence de marketing num\u00e9rique.","sameAs":["https:\/\/visionarymarketing.com","http:\/\/facebook.com\/ygourven","http:\/\/linkedin.com\/in\/ygourven","https:\/\/x.com\/ygourven","https:\/\/www.youtube.com\/c\/visionarymarketingagency"],"url":"https:\/\/visionarymarketing.com\/fr\/author\/yann-gourvennec\/"}]}},"_links":{"self":[{"href":"https:\/\/visionarymarketing.com\/fr\/wp-json\/wp\/v2\/posts\/6378","targetHints":{"allow":["GET"]}}],"collection":[{"href":"https:\/\/visionarymarketing.com\/fr\/wp-json\/wp\/v2\/posts"}],"about":[{"href":"https:\/\/visionarymarketing.com\/fr\/wp-json\/wp\/v2\/types\/post"}],"author":[{"embeddable":true,"href":"https:\/\/visionarymarketing.com\/fr\/wp-json\/wp\/v2\/users\/2"}],"replies":[{"embeddable":true,"href":"https:\/\/visionarymarketing.com\/fr\/wp-json\/wp\/v2\/comments?post=6378"}],"version-history":[{"count":0,"href":"https:\/\/visionarymarketing.com\/fr\/wp-json\/wp\/v2\/posts\/6378\/revisions"}],"wp:featuredmedia":[{"embeddable":true,"href":"https:\/\/visionarymarketing.com\/fr\/wp-json\/wp\/v2\/media\/9311"}],"wp:attachment":[{"href":"https:\/\/visionarymarketing.com\/fr\/wp-json\/wp\/v2\/media?parent=6378"}],"wp:term":[{"taxonomy":"category","embeddable":true,"href":"https:\/\/visionarymarketing.com\/fr\/wp-json\/wp\/v2\/categories?post=6378"},{"taxonomy":"post_tag","embeddable":true,"href":"https:\/\/visionarymarketing.com\/fr\/wp-json\/wp\/v2\/tags?post=6378"}],"curies":[{"name":"wp","href":"https:\/\/api.w.org\/{rel}","templated":true}]}}