{"id":63470,"date":"2021-05-28T08:50:25","date_gmt":"2021-05-28T06:50:25","guid":{"rendered":"https:\/\/visionarymarketing.com\/?p=63470"},"modified":"2023-07-26T15:49:46","modified_gmt":"2023-07-26T13:49:46","slug":"rgpd-en-b2b","status":"publish","type":"post","link":"https:\/\/visionarymarketing.com\/fr\/2021\/05\/28\/rgpd-en-b2b\/","title":{"rendered":"RGPD, ePrivacy : qu&rsquo;a-t-on droit de faire des donn\u00e9es en B2B ?"},"content":{"rendered":"<p><em>RGPD et ePrivacy : qu&rsquo;a-t-on le droit \u2014 r\u00e9ellement \u2014 de faire ou de ne pas faire en B2B ? Le\u00a0 RGPD fait partie des marronniers du monde des affaires \u00e0 tel point que cela en devient quasiment saoulant. D&rsquo;une part, comme je l&rsquo;ai d\u00e9crit dans un \u00e9pisode pr\u00e9c\u00e9dent, la protection des donn\u00e9es n&rsquo;est <a href=\"https:\/\/visionarymarketing.com\/fr\/2021\/05\/futur-du-marketing-digital-sans-cookies\/\">pas, contrairement \u00e0 ce que l&rsquo;on pourrait croire, l&rsquo;apanage des seuls Europ\u00e9ens<\/a>. D&rsquo;autre part, \u00e0 entendre les discours plus p\u00e9remptoires les uns que les autres sur ce r\u00e8glement (dont on a d\u00e9j\u00e0 vu qu&rsquo;il \u00e9tait <a href=\"https:\/\/visionarymarketing.com\/fr\/2019\/10\/rgpd-un-an-apres\/\">diversement appliqu\u00e9<\/a>), on croirait qu&rsquo;il s&rsquo;agit d&rsquo;un gendarme implacable. Mais qu&rsquo;en est-il vraiment en B2B ? <\/em><\/p>\n<h2>RGPD et ePrivacy : qu&rsquo;a-t-on droit de faire en B2B ?<\/h2>\n<figure id=\"attachment_63697\" aria-describedby=\"caption-attachment-63697\" style=\"width: 520px\" class=\"wp-caption aligncenter\"><img decoding=\"async\" class=\"wp-image-63697 size-full\" src=\"https:\/\/visionarymarketing.com\/wp-content\/uploads\/2021\/05\/jumpstory-download20210528-054136.jpg\" alt=\"RGPD en B2B : qu'a-t-on droit de faire en Business to Business ?\" width=\"520\" height=\"340\" srcset=\"https:\/\/visionarymarketing.com\/wp-content\/uploads\/2021\/05\/jumpstory-download20210528-054136.jpg 520w, https:\/\/visionarymarketing.com\/wp-content\/uploads\/2021\/05\/jumpstory-download20210528-054136-459x300.jpg 459w\" sizes=\"(max-width: 520px) 100vw, 520px\" \/><figcaption id=\"caption-attachment-63697\" class=\"wp-caption-text\">RGPD en B2B : qu&rsquo;a-t-on droit de faire en Business to Business ? L&rsquo;AFCDP nous dit tout, c&rsquo;est-\u00e0-dire qu&rsquo;en fait, il n&rsquo;y a pas beaucoup d&rsquo;interdits.<\/figcaption><\/figure>\n<p>Les associations professionnelles du business to business ont toujours, depuis les d\u00e9buts des r\u00e8glements sur la protection des donn\u00e9es vers la fin des ann\u00e9es 90, su \u00e9chapper aux pr\u00e9conisations sur l&rsquo;Opt-in en faisant valoir que la prospection \u00e9tait fondamentale pour nos m\u00e9tiers.<!--more--><\/p>\n<p>S&rsquo;il est compr\u00e9hensible et m\u00eame souhaitable de prot\u00e9ger le droit \u00e0 la prospection, l&rsquo;absence de cadre a malheureusement men\u00e9 \u00e0 nombre de d\u00e9rives qui, m\u00eame en B2B, <a href=\"https:\/\/visionarymarketing.com\/fr\/2019\/02\/autopsie-spam-social-selling\/\">frisent l&rsquo;insupportable<\/a>. Le r\u00e9sultat d&rsquo;ailleurs, on le conna\u00eet, Jean-Fran\u00e7ois Messier <a href=\"https:\/\/www.sparklane-group.com\/fr\/blog\/cold-calling\/\" target=\"_blank\" rel=\"noopener\">nous l&rsquo;a d\u00e9crit ici<\/a>, 323 lev\u00e9es de coudes pour obtenir un seul rendez-vous commercial en 2017, fermez le ban (et je ne pa rle pas du nombre de messages \u00e9lectroniques, les r\u00e9sultats sont encore plus mauvais quand les pratiques sont inad\u00e9quates).<\/p>\n<p>Pour bien comprendre ce qui est et n&rsquo;est pas autoris\u00e9, j&rsquo;ai donc interview\u00e9 Patrick Blum, d\u00e9l\u00e9gu\u00e9 g\u00e9n\u00e9ral \u00e0 l&rsquo;<a href=\"https:\/\/afcdp.net\" target=\"_blank\" rel=\"noopener\">AFCDP, l&rsquo;Association fran\u00e7aise des professionnels de la protection des donn\u00e9es personnelles.<\/a><\/p>\n<p>Celui-ci a h\u00e9las confirm\u00e9 mes doutes sur le caract\u00e8re faiblement contraignant de ces r\u00e8glements \u00e0 l&rsquo;\u00e9gard du B2B. Le <a href=\"https:\/\/visionarymarketing.com\/fr\/2021\/03\/comment-eviter-les-pieges-de-linbound-marketing\/\">permission marketing<\/a> attendra donc encore un peu et devra se contenter des chartes d&rsquo;\u00e9thique.<\/p>\n<h3>L&rsquo;Opt-in est-il uniquement fait pour le B2C ?<\/h3>\n<p>Il y a deux mondes dans la communication \u00e9lectronique, pr\u00e9cise Patrick Blum : la communication \u00e9lectronique qui s&rsquo;appuie sur des donn\u00e9es personnelles, est r\u00e9gie par la directive ePrivacy, qui a \u00e9t\u00e9 traduite dans les lois fran\u00e7aises et qui n&rsquo;est pas le RGPD, qui lui est la constitution des bases de donn\u00e9es, les traitements de donn\u00e9es \u00e0 part enti\u00e8re.<\/p>\n<p>D\u00e8s qu&rsquo;on est sur l&rsquo;utilisation des fichiers pour faire de la communication \u00e9lectronique, on est r\u00e9gi par la directive <a href=\"https:\/\/visionarymarketing.com\/fr\/2018\/11\/rgpd-eprivacy\/\" target=\"_blank\" rel=\"noopener\">ePrivacy<\/a>. Dans le cadre de cette directive et de la loi fran\u00e7aise, quand on communique avec des particuliers en B2C, on est dans le mode Opt-in, on doit demander l&rsquo;autorisation aux personnes avant de communiquer.<\/p>\n<p><strong>Dans le monde B2B, on est dans l&rsquo;Opt-out, ce qui signifie que l&rsquo;on peut \u00e9crire \u00e0 quelqu&rsquo;un dans le cadre de son activit\u00e9 professionnelle sans lui demander son avis pr\u00e9alable<\/strong>, en respectant un certain nombre de r\u00e8gles\u00a0:<\/p>\n<ol>\n<li>Il faut contacter une adresse (a priori) professionnelle ;<\/li>\n<li>Il faut s&rsquo;assurer que la communication qu\u2019on va lui apporter est bien relative \u00e0 son activit\u00e9 professionnelle\u00a0;<\/li>\n<li>Il faut aussi pr\u00e9voir dans le mail la possibilit\u00e9 de se d\u00e9sinscrire, le droit d&rsquo;opposition doit \u00eatre pr\u00e9vu dans le courrier.<\/li>\n<\/ol>\n<p>Bref, rien de nouveau depuis des si\u00e8cles ni m\u00eame avec l&rsquo;arriv\u00e9e du RGPD en B2B. Si tant est que ces r\u00e8gles minimum aient jamais \u00e9t\u00e9 respect\u00e9es.<\/p>\n<p>Le lien \u00e0 l&rsquo;int\u00e9rieur du mail doit \u00eatre explicite, mais il n&rsquo;y a pas de r\u00e8gle \u00e9crite sur ce point, pr\u00e9cise Patrick. Il est sous-entendu qu&rsquo;il faut \u00eatre \u00ab\u00a0de bonne foi\u00a0\u00bb, mettre un lien de d\u00e9sinscription en blanc sur blanc ou 25 pages plus bas avec du blanc en bas de la page, ce n&rsquo;est clairement pas de la bonne foi de la part de l&rsquo;\u00e9metteur. En cas de litige, on ne serait pas reconnu dans son droit.<\/p>\n<h3>Le recours ultime : la plainte aupr\u00e8s de la CNIL<\/h3>\n<p>Cela fonctionne-t-il ? \u00ab\u00a0La CNIL a les moyens qu&rsquo;elle a, et des obligations qui vont tr\u00e8s au-del\u00e0 des moyens dont elle dispose\u00a0\u00bb, reconna\u00eet Patrick. En d&rsquo;autres termes, elle n&rsquo;a pas les moyens de ses ambitions.<\/p>\n<p>Elle est donc oblig\u00e9e de s&rsquo;organiser et de traiter les urgences. Si vous \u00eates seul \u00e0 vous plaindre de la soci\u00e9t\u00e9 X ou Y, il y a donc de fortes chances que la CNIL ne puisse pas faire grand-chose.<\/p>\n<p>Par contre, si la soci\u00e9t\u00e9 X ou Y fait l&rsquo;objet de plaintes r\u00e9p\u00e9t\u00e9es et nombreuses, au bout d&rsquo;un certain temps \u2014 je n&rsquo;ai pas plus de pr\u00e9cisions \u2014 la CNIL risque bien de s&rsquo;apercevoir de l&rsquo;accumulation de plaintes aupr\u00e8s de la m\u00eame entreprise et dans ce cas, elle pourra \u00e9ventuellement diligenter des actions, soit des contr\u00f4les, soit m\u00eame directement des actions contre l&rsquo;entreprise [<em>NDLR voir ici quelques exemples avec les soci\u00e9t\u00e9s de ciblage Vectaury, Fidzup, Teemo et Singlespot <a href=\"https:\/\/www.frenchweb.fr\/apres-fidzup-teemo-et-singlespot-la-cnil-epingle-la-start-up-de-ciblage-publicitaire-vectaury\/340258\" target=\"_blank\" rel=\"noopener\">qui ont \u00e9t\u00e9 \u00e9pingl\u00e9es en 2018<\/a><\/em>].<\/p>\n<p>Dans certains cas, \u00e7a peut faire tr\u00e8s mal nous explique Patrick. On commence \u00e0 <a href=\"https:\/\/www.dailymotion.com\/video\/x7xzyzv\" target=\"_blank\" rel=\"noopener\">voir des amendes assez importantes<\/a>. Mais la CNIL va commencer en g\u00e9n\u00e9ral par \u00e9crire \u00e0 l&rsquo;entreprise en demandant des explications au vu du nombre de plaintes re\u00e7ues. S\u2019il existe un d\u00e9l\u00e9gu\u00e9 \u00e0 la protection des donn\u00e9es au sein de l&rsquo;entreprise, il sera inform\u00e9, et c&rsquo;est \u00e0 lui qu&rsquo;on demandera des explications, et si le probl\u00e8me peut \u00eatre r\u00e9gl\u00e9.<\/p>\n<p>M\u00eame <a href=\"https:\/\/web.archive.org\/web\/20230602153551\/https:\/\/etaxlawservices.ey-avocats.com\/actualite\/juridique-\/sanctions-de-2-250-000-euros-et-de-800-000-euros-prononcees-par-la-cnil-dans-le-secteur-de-la-grande-distribution\" target=\"_blank\" rel=\"noopener\">Carrefour s&rsquo;est fait \u00e9pingler<\/a> (deux fois) pour son manque de transparence et de respect des r\u00e8gles \u00ab\u00a0concernant notamment l\u2019information d\u00e9livr\u00e9e aux personnes et le respect de leurs droits\u00a0\u00bb.<\/p>\n<blockquote class=\"quote-light\"><p>Les sites web et listes de diffusion sont tellement nombreux dans les entreprises qu&rsquo;il est tr\u00e8s compliqu\u00e9 de s&rsquo;assurer que tout est conforme<\/p><\/blockquote>\n<p>Quand il existe, le d\u00e9l\u00e9gu\u00e9 \u00e0 la protection des donn\u00e9es essaie de r\u00e9guler, contr\u00f4ler, d&rsquo;auditer, mais il peut y avoir des choses qui passent \u00e0 travers les contr\u00f4les. C&rsquo;est in\u00e9vitable, nous explique Patrick Blum.<\/p>\n<p>La CNIL se penche aussi sur la posture de l&rsquo;entreprise. Si elle d\u00e9montre une volont\u00e9 d&rsquo;\u00eatre le plus possible en conformit\u00e9, de se mettre en r\u00e8gle d\u00e8s qu&rsquo;il y a une alerte, la CNIL fera alors le constat de ses efforts pour corriger ses erreurs. Elle est \u00e9videmment plus virulente si on y met de la mauvaise foi.<\/p>\n<p>En mati\u00e8re de protection des donn\u00e9es aussi, on a donc le droit \u00e0 l&rsquo;erreur, mais comme expliqu\u00e9 dans l&rsquo;exemple Fidzup ci-dessus, il ne faut pas trop mettre le pied en touche tout de m\u00eame.<\/p>\n<h3>RGPD et B2B : des r\u00e8gles claires et souples, mais l&rsquo;\u00e9tau se resserre peu \u00e0 peu<\/h3>\n<p>La fameuse directive ePrivacy va \u00eatre bient\u00f4t remplac\u00e9e par un r\u00e8glement qui sera beaucoup plus contraignant, pr\u00e9cise Patrick. Ce sera un texte europ\u00e9en, qui sera le m\u00eame dans toute l&rsquo;Europe, ce qui n&rsquo;est pas le cas actuellement.<\/p>\n<p>En conclusion, on peut recommander \u00e0 nos lecteurs marketeurs, quelle que soit la loi, de respecter l&rsquo;\u00e9thique et les utilisateurs, et si n\u00e9cessaire, de leur envoyer une invitation pour s&rsquo;inscrire, et de toujours bien \u00eatre en conformit\u00e9 avec les r\u00e8gles que l&rsquo;on vient d&rsquo;\u00e9dicter, qui sont simples et finalement assez peu contraignantes.<\/p>\n<hr \/>\n<p><em>(*) L&rsquo;AFCDP, Association fran\u00e7aise des professionnels de la protection des donn\u00e9es personnelles, regroupe des d\u00e9l\u00e9gu\u00e9s \u00e0 la protection des donn\u00e9es (DPO), et des professionnels, consultants, avocats qui s&rsquo;int\u00e9ressent \u00e0 la protection des donn\u00e9es dans leur activit\u00e9. Elle f\u00e9d\u00e8re les gardiens du temple de la protection des donn\u00e9es personnelles dans les organismes.<\/em><\/p>\n<p>&nbsp;<\/p>\n<p>&nbsp;<\/p>\n<div itemscope itemtype=\"http:\/\/schema.org\/AudioObject\"><meta itemprop=\"name\" content=\"RGPD, ePrivacy : qu&amp;rsquo;a-t-on droit de faire des donn\u00e9es en B2B ?\" \/><meta itemprop=\"uploadDate\" content=\"2021-05-28T08:50:25+02:00\" \/><meta itemprop=\"encodingFormat\" content=\"audio\/mpeg\" \/><meta itemprop=\"duration\" content=\"PT23M20S\" \/><meta itemprop=\"description\" content=\"RGPD et ePrivacy : qu&#039;a-t-on le droit \u2014 r\u00e9ellement \u2014 de faire ou de ne pas faire en B2B ? Le\u00a0 RGPD fait partie des marronniers du monde des affaires \u00e0 tel point que cela en devient quasiment saoulant. D&#039;une part, comme je l&#039;ai d\u00e9crit dans un \u00e9pisode ...\" \/><meta itemprop=\"contentUrl\" content=\"https:\/\/media.blubrry.com\/visionarymarketing_les\/agence.visionarymarketing.com\/files\/podcasts\/ePrivay-B2B-Patrick-Blum-mixdown.mp3\" \/><meta itemprop=\"contentSize\" content=\"32.1\" \/><div class=\"powerpress_player\" id=\"powerpress_player_9098\"><audio class=\"wp-audio-shortcode\" id=\"audio-63470-1\" preload=\"none\" style=\"width: 100%;\" controls=\"controls\"><source type=\"audio\/mpeg\" src=\"https:\/\/media.blubrry.com\/visionarymarketing_les\/agence.visionarymarketing.com\/files\/podcasts\/ePrivay-B2B-Patrick-Blum-mixdown.mp3?_=1\" \/><a href=\"https:\/\/media.blubrry.com\/visionarymarketing_les\/agence.visionarymarketing.com\/files\/podcasts\/ePrivay-B2B-Patrick-Blum-mixdown.mp3\">https:\/\/media.blubrry.com\/visionarymarketing_les\/agence.visionarymarketing.com\/files\/podcasts\/ePrivay-B2B-Patrick-Blum-mixdown.mp3<\/a><\/audio><\/div><\/div><p class=\"powerpress_links powerpress_links_mp3\" style=\"margin-bottom: 1px !important;\">Podcast: <a href=\"https:\/\/media.blubrry.com\/visionarymarketing_les\/agence.visionarymarketing.com\/files\/podcasts\/ePrivay-B2B-Patrick-Blum-mixdown.mp3\" class=\"powerpress_link_pinw\" target=\"_blank\" title=\"Play in new window\" onclick=\"return powerpress_pinw('https:\/\/visionarymarketing.com\/fr\/\/?powerpress_pinw=63470-podcast');\" rel=\"nofollow\">Play in new window<\/a> | <a href=\"https:\/\/media.blubrry.com\/visionarymarketing_les\/agence.visionarymarketing.com\/files\/podcasts\/ePrivay-B2B-Patrick-Blum-mixdown.mp3\" class=\"powerpress_link_d\" title=\"Download\" rel=\"nofollow\" download=\"ePrivay-B2B-Patrick-Blum-mixdown.mp3\">Download<\/a> (Duration: 23:20 &#8212; 32.1MB)<\/p><p class=\"powerpress_links powerpress_subscribe_links\">Subscribe: <a href=\"https:\/\/itunes.apple.com\/us\/podcast\/visionarymarketing-les-interviews\/id731295319?mt=2&amp;ls=1#episodeGuid=https%3A%2F%2Fvisionarymarketing.com%2F%3Fp%3D63470\" class=\"powerpress_link_subscribe powerpress_link_subscribe_itunes\" target=\"_blank\" title=\"Subscribe on Apple Podcasts\" rel=\"nofollow\">Apple Podcasts<\/a> | <a href=\"https:\/\/open.spotify.com\/show\/52VnZ1mhVSnDs4tQOx7Vuc\" class=\"powerpress_link_subscribe powerpress_link_subscribe_spotify\" target=\"_blank\" title=\"Subscribe on Spotify\" rel=\"nofollow\">Spotify<\/a> | <a href=\"https:\/\/subscribeonandroid.com\/visionarymarketing.com\/fr\/feed\/podcast\/\" class=\"powerpress_link_subscribe powerpress_link_subscribe_android\" target=\"_blank\" title=\"Subscribe on Android\" rel=\"nofollow\">Android<\/a> | <a href=\"https:\/\/visionarymarketing.com\/fr\/feed\/podcast\/\" class=\"powerpress_link_subscribe powerpress_link_subscribe_rss\" target=\"_blank\" title=\"Subscribe via RSS\" rel=\"nofollow\">RSS<\/a><\/p>","protected":false},"excerpt":{"rendered":"<p>RGPD et ePrivacy : qu&rsquo;a-t-on le droit \u2014 r\u00e9ellement \u2014 de faire ou de ne pas faire en B2B ? Le\u00a0 RGPD fait partie des marronniers du monde des affaires \u00e0 tel point que cela en devient quasiment saoulant. D&rsquo;une part, comme je l&rsquo;ai d\u00e9crit dans un \u00e9pisode pr\u00e9c\u00e9dent, la protection des donn\u00e9es n&rsquo;est pas, &hellip;<\/p>\n","protected":false},"author":2,"featured_media":63697,"comment_status":"open","ping_status":"open","sticky":false,"template":"","format":"standard","meta":{"footnotes":""},"categories":[744,1613],"tags":[],"class_list":["post-63470","post","type-post","status-publish","format-standard","has-post-thumbnail","hentry","category-marketing-b2b","category-marketing-digital-marketing"],"yoast_head":"<!-- This site is optimized with the Yoast SEO plugin v27.4 - https:\/\/yoast.com\/product\/yoast-seo-wordpress\/ -->\n<title>RGPD B2B : qu&#039;a-t-on droit de faire avec les donn\u00e9es des professionnels ?<\/title>\n<meta name=\"description\" content=\"RGPD et Business to Business, qu&#039;a-t-on le droit de faire ou de ne pas faire en B2B ?\u00a0La r\u00e8gle est beaucoup plus coulante que ce qu&#039;on croit\" \/>\n<meta name=\"robots\" content=\"index, follow, max-snippet:-1, max-image-preview:large, max-video-preview:-1\" \/>\n<link rel=\"canonical\" href=\"https:\/\/visionarymarketing.com\/fr\/2021\/05\/28\/rgpd-en-b2b\/\" \/>\n<meta property=\"og:locale\" content=\"fr_FR\" \/>\n<meta property=\"og:type\" content=\"article\" \/>\n<meta property=\"og:title\" content=\"RGPD B2B : qu&#039;a-t-on droit de faire avec les donn\u00e9es des professionnels ?\" \/>\n<meta property=\"og:description\" content=\"RGPD et Business to Business, qu&#039;a-t-on le droit de faire ou de ne pas faire en B2B ?\u00a0La r\u00e8gle est beaucoup plus coulante que ce qu&#039;on croit\" \/>\n<meta property=\"og:url\" content=\"https:\/\/visionarymarketing.com\/fr\/2021\/05\/28\/rgpd-en-b2b\/\" \/>\n<meta property=\"og:site_name\" content=\"Marketing and Innovation\" \/>\n<meta property=\"article:publisher\" content=\"https:\/\/www.facebook.com\/vismktg\" \/>\n<meta property=\"article:author\" content=\"http:\/\/facebook.com\/ygourven\" \/>\n<meta property=\"article:published_time\" content=\"2021-05-28T06:50:25+00:00\" \/>\n<meta property=\"article:modified_time\" content=\"2023-07-26T13:49:46+00:00\" \/>\n<meta property=\"og:image\" content=\"https:\/\/visionarymarketing.com\/wp-content\/uploads\/2021\/05\/jumpstory-download20210528-054136.jpg\" \/>\n\t<meta property=\"og:image:width\" content=\"520\" \/>\n\t<meta property=\"og:image:height\" content=\"340\" \/>\n\t<meta property=\"og:image:type\" content=\"image\/jpeg\" \/>\n<meta name=\"author\" content=\"Yann Gourvennec\" \/>\n<meta name=\"twitter:card\" content=\"summary_large_image\" \/>\n<meta name=\"twitter:creator\" content=\"@ygourven\" \/>\n<meta name=\"twitter:site\" content=\"@ygourven\" \/>\n<meta name=\"twitter:label1\" content=\"\u00c9crit par\" \/>\n\t<meta name=\"twitter:data1\" content=\"Yann Gourvennec\" \/>\n\t<meta name=\"twitter:label2\" content=\"Dur\u00e9e de lecture estim\u00e9e\" \/>\n\t<meta name=\"twitter:data2\" content=\"6 minutes\" \/>\n<script type=\"application\/ld+json\" class=\"yoast-schema-graph\">{\"@context\":\"https:\\\/\\\/schema.org\",\"@graph\":[{\"@type\":\"NewsArticle\",\"@id\":\"https:\\\/\\\/visionarymarketing.com\\\/fr\\\/2021\\\/05\\\/28\\\/rgpd-en-b2b\\\/#article\",\"isPartOf\":{\"@id\":\"https:\\\/\\\/visionarymarketing.com\\\/fr\\\/2021\\\/05\\\/28\\\/rgpd-en-b2b\\\/\"},\"author\":{\"name\":\"Yann Gourvennec\",\"@id\":\"https:\\\/\\\/visionarymarketing.com\\\/fr\\\/#\\\/schema\\\/person\\\/3754fee1e558f47b8deb46f53c37423e\"},\"headline\":\"RGPD, ePrivacy : qu&rsquo;a-t-on droit de faire des donn\u00e9es en B2B ?\",\"datePublished\":\"2021-05-28T06:50:25+00:00\",\"dateModified\":\"2023-07-26T13:49:46+00:00\",\"mainEntityOfPage\":{\"@id\":\"https:\\\/\\\/visionarymarketing.com\\\/fr\\\/2021\\\/05\\\/28\\\/rgpd-en-b2b\\\/\"},\"wordCount\":1402,\"commentCount\":3,\"image\":{\"@id\":\"https:\\\/\\\/visionarymarketing.com\\\/fr\\\/2021\\\/05\\\/28\\\/rgpd-en-b2b\\\/#primaryimage\"},\"thumbnailUrl\":\"https:\\\/\\\/visionarymarketing.com\\\/wp-content\\\/uploads\\\/2021\\\/05\\\/jumpstory-download20210528-054136.jpg\",\"articleSection\":[\"marketing b2b\",\"marketing digital\"],\"inLanguage\":\"fr-FR\",\"potentialAction\":[{\"@type\":\"CommentAction\",\"name\":\"Comment\",\"target\":[\"https:\\\/\\\/visionarymarketing.com\\\/fr\\\/2021\\\/05\\\/28\\\/rgpd-en-b2b\\\/#respond\"]}]},{\"@type\":\"WebPage\",\"@id\":\"https:\\\/\\\/visionarymarketing.com\\\/fr\\\/2021\\\/05\\\/28\\\/rgpd-en-b2b\\\/\",\"url\":\"https:\\\/\\\/visionarymarketing.com\\\/fr\\\/2021\\\/05\\\/28\\\/rgpd-en-b2b\\\/\",\"name\":\"RGPD B2B : qu'a-t-on droit de faire avec les donn\u00e9es des professionnels ?\",\"isPartOf\":{\"@id\":\"https:\\\/\\\/visionarymarketing.com\\\/fr\\\/#website\"},\"primaryImageOfPage\":{\"@id\":\"https:\\\/\\\/visionarymarketing.com\\\/fr\\\/2021\\\/05\\\/28\\\/rgpd-en-b2b\\\/#primaryimage\"},\"image\":{\"@id\":\"https:\\\/\\\/visionarymarketing.com\\\/fr\\\/2021\\\/05\\\/28\\\/rgpd-en-b2b\\\/#primaryimage\"},\"thumbnailUrl\":\"https:\\\/\\\/visionarymarketing.com\\\/wp-content\\\/uploads\\\/2021\\\/05\\\/jumpstory-download20210528-054136.jpg\",\"datePublished\":\"2021-05-28T06:50:25+00:00\",\"dateModified\":\"2023-07-26T13:49:46+00:00\",\"author\":{\"@id\":\"https:\\\/\\\/visionarymarketing.com\\\/fr\\\/#\\\/schema\\\/person\\\/3754fee1e558f47b8deb46f53c37423e\"},\"description\":\"RGPD et Business to Business, qu'a-t-on le droit de faire ou de ne pas faire en B2B ?\u00a0La r\u00e8gle est beaucoup plus coulante que ce qu'on croit\",\"breadcrumb\":{\"@id\":\"https:\\\/\\\/visionarymarketing.com\\\/fr\\\/2021\\\/05\\\/28\\\/rgpd-en-b2b\\\/#breadcrumb\"},\"inLanguage\":\"fr-FR\",\"potentialAction\":[{\"@type\":\"ReadAction\",\"target\":[\"https:\\\/\\\/visionarymarketing.com\\\/fr\\\/2021\\\/05\\\/28\\\/rgpd-en-b2b\\\/\"]}]},{\"@type\":\"ImageObject\",\"inLanguage\":\"fr-FR\",\"@id\":\"https:\\\/\\\/visionarymarketing.com\\\/fr\\\/2021\\\/05\\\/28\\\/rgpd-en-b2b\\\/#primaryimage\",\"url\":\"https:\\\/\\\/visionarymarketing.com\\\/wp-content\\\/uploads\\\/2021\\\/05\\\/jumpstory-download20210528-054136.jpg\",\"contentUrl\":\"https:\\\/\\\/visionarymarketing.com\\\/wp-content\\\/uploads\\\/2021\\\/05\\\/jumpstory-download20210528-054136.jpg\",\"width\":520,\"height\":340},{\"@type\":\"BreadcrumbList\",\"@id\":\"https:\\\/\\\/visionarymarketing.com\\\/fr\\\/2021\\\/05\\\/28\\\/rgpd-en-b2b\\\/#breadcrumb\",\"itemListElement\":[{\"@type\":\"ListItem\",\"position\":1,\"name\":\"Home\",\"item\":\"https:\\\/\\\/visionarymarketing.com\\\/fr\\\/\"},{\"@type\":\"ListItem\",\"position\":2,\"name\":\"RGPD, ePrivacy : qu&rsquo;a-t-on droit de faire des donn\u00e9es en B2B ?\"}]},{\"@type\":\"WebSite\",\"@id\":\"https:\\\/\\\/visionarymarketing.com\\\/fr\\\/#website\",\"url\":\"https:\\\/\\\/visionarymarketing.com\\\/fr\\\/\",\"name\":\"Marketing and Innovation\",\"description\":\"Site d&#039;infos ind\u00e9pendant, depuis 1996\",\"potentialAction\":[{\"@type\":\"SearchAction\",\"target\":{\"@type\":\"EntryPoint\",\"urlTemplate\":\"https:\\\/\\\/visionarymarketing.com\\\/fr\\\/?s={search_term_string}\"},\"query-input\":{\"@type\":\"PropertyValueSpecification\",\"valueRequired\":true,\"valueName\":\"search_term_string\"}}],\"inLanguage\":\"fr-FR\"},{\"@type\":\"Person\",\"@id\":\"https:\\\/\\\/visionarymarketing.com\\\/fr\\\/#\\\/schema\\\/person\\\/3754fee1e558f47b8deb46f53c37423e\",\"name\":\"Yann Gourvennec\",\"image\":{\"@type\":\"ImageObject\",\"inLanguage\":\"fr-FR\",\"@id\":\"https:\\\/\\\/secure.gravatar.com\\\/avatar\\\/5972001801e8de5692a3e31224e85769f50a55fb8b679749f9c8d1868cceff14?s=96&d=initials&r=g&initials=yg\",\"url\":\"https:\\\/\\\/secure.gravatar.com\\\/avatar\\\/5972001801e8de5692a3e31224e85769f50a55fb8b679749f9c8d1868cceff14?s=96&d=initials&r=g&initials=yg\",\"contentUrl\":\"https:\\\/\\\/secure.gravatar.com\\\/avatar\\\/5972001801e8de5692a3e31224e85769f50a55fb8b679749f9c8d1868cceff14?s=96&d=initials&r=g&initials=yg\",\"caption\":\"Yann Gourvennec\"},\"description\":\"Yann Gourvennec created visionarymarketing.com in 1996. He is a speaker and author of many books. In 2014 he went from intrapreneur to entrepreneur, when he created his digital marketing agency. Yann Gourvennec a cr\u00e9\u00e9 visionarymarketing.com en 1996. Il est conf\u00e9rencier et auteur de plusieurs livres. En 2014, il est pass\u00e9 d'intrapreneur \u00e0 entrepreneur en cr\u00e9ant son agence de marketing num\u00e9rique.\",\"sameAs\":[\"https:\\\/\\\/visionarymarketing.com\",\"http:\\\/\\\/facebook.com\\\/ygourven\",\"http:\\\/\\\/linkedin.com\\\/in\\\/ygourven\",\"https:\\\/\\\/x.com\\\/ygourven\",\"https:\\\/\\\/www.youtube.com\\\/c\\\/visionarymarketingagency\"],\"url\":\"https:\\\/\\\/visionarymarketing.com\\\/fr\\\/author\\\/yann-gourvennec\\\/\"}]}<\/script>\n<!-- \/ Yoast SEO plugin. -->","yoast_head_json":{"title":"RGPD B2B : qu'a-t-on droit de faire avec les donn\u00e9es des professionnels ?","description":"RGPD et Business to Business, qu'a-t-on le droit de faire ou de ne pas faire en B2B ?\u00a0La r\u00e8gle est beaucoup plus coulante que ce qu'on croit","robots":{"index":"index","follow":"follow","max-snippet":"max-snippet:-1","max-image-preview":"max-image-preview:large","max-video-preview":"max-video-preview:-1"},"canonical":"https:\/\/visionarymarketing.com\/fr\/2021\/05\/28\/rgpd-en-b2b\/","og_locale":"fr_FR","og_type":"article","og_title":"RGPD B2B : qu'a-t-on droit de faire avec les donn\u00e9es des professionnels ?","og_description":"RGPD et Business to Business, qu'a-t-on le droit de faire ou de ne pas faire en B2B ?\u00a0La r\u00e8gle est beaucoup plus coulante que ce qu'on croit","og_url":"https:\/\/visionarymarketing.com\/fr\/2021\/05\/28\/rgpd-en-b2b\/","og_site_name":"Marketing and Innovation","article_publisher":"https:\/\/www.facebook.com\/vismktg","article_author":"http:\/\/facebook.com\/ygourven","article_published_time":"2021-05-28T06:50:25+00:00","article_modified_time":"2023-07-26T13:49:46+00:00","og_image":[{"width":520,"height":340,"url":"https:\/\/visionarymarketing.com\/wp-content\/uploads\/2021\/05\/jumpstory-download20210528-054136.jpg","type":"image\/jpeg"}],"author":"Yann Gourvennec","twitter_card":"summary_large_image","twitter_creator":"@ygourven","twitter_site":"@ygourven","twitter_misc":{"\u00c9crit par":"Yann Gourvennec","Dur\u00e9e de lecture estim\u00e9e":"6 minutes"},"schema":{"@context":"https:\/\/schema.org","@graph":[{"@type":"NewsArticle","@id":"https:\/\/visionarymarketing.com\/fr\/2021\/05\/28\/rgpd-en-b2b\/#article","isPartOf":{"@id":"https:\/\/visionarymarketing.com\/fr\/2021\/05\/28\/rgpd-en-b2b\/"},"author":{"name":"Yann Gourvennec","@id":"https:\/\/visionarymarketing.com\/fr\/#\/schema\/person\/3754fee1e558f47b8deb46f53c37423e"},"headline":"RGPD, ePrivacy : qu&rsquo;a-t-on droit de faire des donn\u00e9es en B2B ?","datePublished":"2021-05-28T06:50:25+00:00","dateModified":"2023-07-26T13:49:46+00:00","mainEntityOfPage":{"@id":"https:\/\/visionarymarketing.com\/fr\/2021\/05\/28\/rgpd-en-b2b\/"},"wordCount":1402,"commentCount":3,"image":{"@id":"https:\/\/visionarymarketing.com\/fr\/2021\/05\/28\/rgpd-en-b2b\/#primaryimage"},"thumbnailUrl":"https:\/\/visionarymarketing.com\/wp-content\/uploads\/2021\/05\/jumpstory-download20210528-054136.jpg","articleSection":["marketing b2b","marketing digital"],"inLanguage":"fr-FR","potentialAction":[{"@type":"CommentAction","name":"Comment","target":["https:\/\/visionarymarketing.com\/fr\/2021\/05\/28\/rgpd-en-b2b\/#respond"]}]},{"@type":"WebPage","@id":"https:\/\/visionarymarketing.com\/fr\/2021\/05\/28\/rgpd-en-b2b\/","url":"https:\/\/visionarymarketing.com\/fr\/2021\/05\/28\/rgpd-en-b2b\/","name":"RGPD B2B : qu'a-t-on droit de faire avec les donn\u00e9es des professionnels ?","isPartOf":{"@id":"https:\/\/visionarymarketing.com\/fr\/#website"},"primaryImageOfPage":{"@id":"https:\/\/visionarymarketing.com\/fr\/2021\/05\/28\/rgpd-en-b2b\/#primaryimage"},"image":{"@id":"https:\/\/visionarymarketing.com\/fr\/2021\/05\/28\/rgpd-en-b2b\/#primaryimage"},"thumbnailUrl":"https:\/\/visionarymarketing.com\/wp-content\/uploads\/2021\/05\/jumpstory-download20210528-054136.jpg","datePublished":"2021-05-28T06:50:25+00:00","dateModified":"2023-07-26T13:49:46+00:00","author":{"@id":"https:\/\/visionarymarketing.com\/fr\/#\/schema\/person\/3754fee1e558f47b8deb46f53c37423e"},"description":"RGPD et Business to Business, qu'a-t-on le droit de faire ou de ne pas faire en B2B ?\u00a0La r\u00e8gle est beaucoup plus coulante que ce qu'on croit","breadcrumb":{"@id":"https:\/\/visionarymarketing.com\/fr\/2021\/05\/28\/rgpd-en-b2b\/#breadcrumb"},"inLanguage":"fr-FR","potentialAction":[{"@type":"ReadAction","target":["https:\/\/visionarymarketing.com\/fr\/2021\/05\/28\/rgpd-en-b2b\/"]}]},{"@type":"ImageObject","inLanguage":"fr-FR","@id":"https:\/\/visionarymarketing.com\/fr\/2021\/05\/28\/rgpd-en-b2b\/#primaryimage","url":"https:\/\/visionarymarketing.com\/wp-content\/uploads\/2021\/05\/jumpstory-download20210528-054136.jpg","contentUrl":"https:\/\/visionarymarketing.com\/wp-content\/uploads\/2021\/05\/jumpstory-download20210528-054136.jpg","width":520,"height":340},{"@type":"BreadcrumbList","@id":"https:\/\/visionarymarketing.com\/fr\/2021\/05\/28\/rgpd-en-b2b\/#breadcrumb","itemListElement":[{"@type":"ListItem","position":1,"name":"Home","item":"https:\/\/visionarymarketing.com\/fr\/"},{"@type":"ListItem","position":2,"name":"RGPD, ePrivacy : qu&rsquo;a-t-on droit de faire des donn\u00e9es en B2B ?"}]},{"@type":"WebSite","@id":"https:\/\/visionarymarketing.com\/fr\/#website","url":"https:\/\/visionarymarketing.com\/fr\/","name":"Marketing and Innovation","description":"Site d&#039;infos ind\u00e9pendant, depuis 1996","potentialAction":[{"@type":"SearchAction","target":{"@type":"EntryPoint","urlTemplate":"https:\/\/visionarymarketing.com\/fr\/?s={search_term_string}"},"query-input":{"@type":"PropertyValueSpecification","valueRequired":true,"valueName":"search_term_string"}}],"inLanguage":"fr-FR"},{"@type":"Person","@id":"https:\/\/visionarymarketing.com\/fr\/#\/schema\/person\/3754fee1e558f47b8deb46f53c37423e","name":"Yann Gourvennec","image":{"@type":"ImageObject","inLanguage":"fr-FR","@id":"https:\/\/secure.gravatar.com\/avatar\/5972001801e8de5692a3e31224e85769f50a55fb8b679749f9c8d1868cceff14?s=96&d=initials&r=g&initials=yg","url":"https:\/\/secure.gravatar.com\/avatar\/5972001801e8de5692a3e31224e85769f50a55fb8b679749f9c8d1868cceff14?s=96&d=initials&r=g&initials=yg","contentUrl":"https:\/\/secure.gravatar.com\/avatar\/5972001801e8de5692a3e31224e85769f50a55fb8b679749f9c8d1868cceff14?s=96&d=initials&r=g&initials=yg","caption":"Yann Gourvennec"},"description":"Yann Gourvennec created visionarymarketing.com in 1996. He is a speaker and author of many books. In 2014 he went from intrapreneur to entrepreneur, when he created his digital marketing agency. Yann Gourvennec a cr\u00e9\u00e9 visionarymarketing.com en 1996. Il est conf\u00e9rencier et auteur de plusieurs livres. En 2014, il est pass\u00e9 d'intrapreneur \u00e0 entrepreneur en cr\u00e9ant son agence de marketing num\u00e9rique.","sameAs":["https:\/\/visionarymarketing.com","http:\/\/facebook.com\/ygourven","http:\/\/linkedin.com\/in\/ygourven","https:\/\/x.com\/ygourven","https:\/\/www.youtube.com\/c\/visionarymarketingagency"],"url":"https:\/\/visionarymarketing.com\/fr\/author\/yann-gourvennec\/"}]}},"_links":{"self":[{"href":"https:\/\/visionarymarketing.com\/fr\/wp-json\/wp\/v2\/posts\/63470","targetHints":{"allow":["GET"]}}],"collection":[{"href":"https:\/\/visionarymarketing.com\/fr\/wp-json\/wp\/v2\/posts"}],"about":[{"href":"https:\/\/visionarymarketing.com\/fr\/wp-json\/wp\/v2\/types\/post"}],"author":[{"embeddable":true,"href":"https:\/\/visionarymarketing.com\/fr\/wp-json\/wp\/v2\/users\/2"}],"replies":[{"embeddable":true,"href":"https:\/\/visionarymarketing.com\/fr\/wp-json\/wp\/v2\/comments?post=63470"}],"version-history":[{"count":0,"href":"https:\/\/visionarymarketing.com\/fr\/wp-json\/wp\/v2\/posts\/63470\/revisions"}],"wp:featuredmedia":[{"embeddable":true,"href":"https:\/\/visionarymarketing.com\/fr\/wp-json\/wp\/v2\/media\/63697"}],"wp:attachment":[{"href":"https:\/\/visionarymarketing.com\/fr\/wp-json\/wp\/v2\/media?parent=63470"}],"wp:term":[{"taxonomy":"category","embeddable":true,"href":"https:\/\/visionarymarketing.com\/fr\/wp-json\/wp\/v2\/categories?post=63470"},{"taxonomy":"post_tag","embeddable":true,"href":"https:\/\/visionarymarketing.com\/fr\/wp-json\/wp\/v2\/tags?post=63470"}],"curies":[{"name":"wp","href":"https:\/\/api.w.org\/{rel}","templated":true}]}}