{"id":62838,"date":"2024-12-17T08:15:09","date_gmt":"2024-12-17T07:15:09","guid":{"rendered":"https:\/\/visionarymarketing.com\/?p=62838"},"modified":"2024-12-17T11:41:06","modified_gmt":"2024-12-17T10:41:06","slug":"enjeux-societaux-marketing","status":"publish","type":"post","link":"https:\/\/visionarymarketing.com\/fr\/2024\/12\/17\/enjeux-societaux-marketing\/","title":{"rendered":"S&rsquo;int\u00e9resser aux enjeux soci\u00e9taux est la nouvelle obligation du marketing"},"content":{"rendered":"<p><em>Les enjeux soci\u00e9taux du marketing sont \u00e0 l&rsquo;ordre du jour depuis de nombreuses ann\u00e9es. Ils sont m\u00eame \u00e0 l&rsquo;origine de la cr\u00e9ation de Visionary Marketing. En 1992, deux chercheurs fran\u00e7ais, Olivier Badot et Bernard Cova, \u00e9crivaient leur c\u00e9l\u00e8bre Neo Marketing, dont je r\u00e9utilisai alors un bon nombre de concepts pour mon dossier fondateur. Ils allaient jusqu&rsquo;\u00e0 exhorter les marketeurs \u00e0 changer de mati\u00e8re et \u00e0 passer du \u00ab\u00a0Marketing\u00a0\u00bb au \u00ab\u00a0Societing\u00a0\u00bb. Une injonction \u00e0 laquelle David Garbous, que j&rsquo;ai interview\u00e9 dans le cadre de la pr\u00e9paration de la <a href=\"http:\/\/vismktg.info\/comundi\" target=\"_blank\" rel=\"noopener\">conf\u00e9rence \u00ab\u00a0Inspirations Marketing\u00a0\u00bb de Comundi x Strat\u00e9gies du 1er juillet 2021<\/a>, adh\u00e8re compl\u00e8tement.\u00a0<\/em><\/p>\n<h2>S&rsquo;int\u00e9resser aux enjeux soci\u00e9taux est la nouvelle obligation du marketing<\/h2>\n<figure id=\"attachment_82372\" aria-describedby=\"caption-attachment-82372\" style=\"width: 1456px\" class=\"wp-caption aligncenter\"><img decoding=\"async\" class=\"wp-image-82372 size-full\" src=\"https:\/\/visionarymarketing.com\/wp-content\/uploads\/2021\/04\/ygourven-a-heart-shaped-hole-in-a-hedge-nikon-d850-nikoor-24-70-befbaa8a-2098-4010-b74d-e66bbe398bdb.jpg\" alt=\"S'int\u00e9resser aux enjeux soci\u00e9taux est la nouvelle obligation du marketing.\" width=\"1456\" height=\"816\" srcset=\"https:\/\/visionarymarketing.com\/wp-content\/uploads\/2021\/04\/ygourven-a-heart-shaped-hole-in-a-hedge-nikon-d850-nikoor-24-70-befbaa8a-2098-4010-b74d-e66bbe398bdb.jpg 1456w, https:\/\/visionarymarketing.com\/wp-content\/uploads\/2021\/04\/ygourven-a-heart-shaped-hole-in-a-hedge-nikon-d850-nikoor-24-70-befbaa8a-2098-4010-b74d-e66bbe398bdb-500x280.jpg 500w, https:\/\/visionarymarketing.com\/wp-content\/uploads\/2021\/04\/ygourven-a-heart-shaped-hole-in-a-hedge-nikon-d850-nikoor-24-70-befbaa8a-2098-4010-b74d-e66bbe398bdb-1024x574.jpg 1024w, https:\/\/visionarymarketing.com\/wp-content\/uploads\/2021\/04\/ygourven-a-heart-shaped-hole-in-a-hedge-nikon-d850-nikoor-24-70-befbaa8a-2098-4010-b74d-e66bbe398bdb-768x430.jpg 768w, https:\/\/visionarymarketing.com\/wp-content\/uploads\/2021\/04\/ygourven-a-heart-shaped-hole-in-a-hedge-nikon-d850-nikoor-24-70-befbaa8a-2098-4010-b74d-e66bbe398bdb-390x220.jpg 390w\" sizes=\"(max-width: 1456px) 100vw, 1456px\" \/><figcaption id=\"caption-attachment-82372\" class=\"wp-caption-text\">S&rsquo;int\u00e9resser aux enjeux soci\u00e9taux est la nouvelle obligation du marketing \u2014 image produite avec Midjourney<\/figcaption><\/figure>\n<p><!--more--><\/p>\n<p>30 ans ou presque apr\u00e8s la publication du Neo Marketing, David Garbous,\u00a0ex-directeur marketing de Danone, Lesieur, Fleury-Michon et fondateur de Transformation Positive, une soci\u00e9t\u00e9 de conseil dont la promesse est d&rsquo;acc\u00e9l\u00e9rer la transformation concr\u00e8te de l&rsquo;offre et de regagner la confiance des consommateurs, nous met les points sur les i : si vous \u00eates un marketeur et que vous ne vous int\u00e9ressez pas aux enjeux soci\u00e9taux et environnementaux de vos actions, vous commettez un crime contre l&rsquo;humanit\u00e9 !<\/p>\n<h3>Marketing : ne pas s&rsquo;int\u00e9resser aux enjeux soci\u00e9taux \u00ab\u00a0est un crime contre l&rsquo;humanit\u00e9\u00a0\u00bb<\/h3>\n<p>Une demande exigeante certes, mais qui \u00e9mane de quelqu&rsquo;un qui a montr\u00e9 la voie et qui a r\u00e9alis\u00e9 des actions concr\u00e8tes sur le terrain, avant de prendre son b\u00e2ton de P ellerin pour mener la foule des marketeurs derri\u00e8re lui.<\/p>\n<p>C&rsquo;est un honneur pour Visionary Marketing d&rsquo;\u00eatre \u00e0 ses c\u00f4t\u00e9s le 1er juillet 2021 \u00e0 14h00 lors de <a href=\"https:\/\/vismktg.info\/comundi\" target=\"_blank\" rel=\"noopener\">la conf\u00e9rence \u00ab\u00a0Inspirations Marketing\u00a0\u00bb 100 % en ligne organis\u00e9e par Comundi x Strat\u00e9gies<\/a> et pour laquelle nous vous invitons \u00e0 vous inscrire.<\/p>\n<h3>Une conviction profonde que le marketing peut changer le monde<\/h3>\n<figure id=\"attachment_62849\" aria-describedby=\"caption-attachment-62849\" style=\"width: 150px\" class=\"wp-caption alignleft\"><img decoding=\"async\" class=\"wp-image-62849 size-thumbnail\" src=\"https:\/\/visionarymarketing.com\/wp-content\/uploads\/2021\/04\/1586885424344-150x150.jpeg\" alt=\"Enjeux soci\u00e9taux du marketing\" width=\"150\" height=\"150\" srcset=\"https:\/\/visionarymarketing.com\/wp-content\/uploads\/2021\/04\/1586885424344-150x150.jpeg 150w, https:\/\/visionarymarketing.com\/wp-content\/uploads\/2021\/04\/1586885424344-300x300.jpeg 300w, https:\/\/visionarymarketing.com\/wp-content\/uploads\/2021\/04\/1586885424344.jpeg 735w\" sizes=\"(max-width: 150px) 100vw, 150px\" \/><figcaption id=\"caption-attachment-62849\" class=\"wp-caption-text\">David Garbous<\/figcaption><\/figure>\n<p>Il y a du travail, mais j&rsquo;ai une conviction profonde, c&rsquo;est que le marketing peut changer le monde. Simplement, il faut qu&rsquo;il ait les bonnes cl\u00e9s pour le faire. Et aujourd&rsquo;hui, les attentes des consommateurs, leurs pr\u00e9occupations sont \u00e0 un niveau in\u00e9gal\u00e9 de demandes d&rsquo;engagement de la part des entreprises.<\/p>\n<p>Et les entreprises sont souvent un peu d\u00e9pourvues. Elles ne savent pas par quel bout prendre ce sujet et on va essayer <a href=\"https:\/\/vismktg.info\/comundi\" target=\"_blank\" rel=\"noopener\">pendant cette conf\u00e9rence<\/a> de donner des cl\u00e9s tr\u00e8s op\u00e9rationnelles pour y arriver. Parce que la r\u00e9alit\u00e9, c&rsquo;est que les entreprises o\u00f9 tout va bien ou mal, cela n&rsquo;existe pas.<\/p>\n<p>Il y a toujours, c&rsquo;est ce qu&rsquo;on va expliquer, des p\u00e9pites dans les entreprises, c&rsquo;est \u00e0 dire soit des produits, des services ou des \u00e9quipes <strong>qui sont mobilis\u00e9s en avance sur certains sujets et qui ont la capacit\u00e9 \u00e0 montrer qu&rsquo;un mod\u00e8le diff\u00e9rent est possible<\/strong>.<\/p>\n<p>C&rsquo;est ce que j&rsquo;appelle un mod\u00e8le \u00e0 trois dimensions. C&rsquo;est-\u00e0-dire qu&rsquo;historiquement, on nous a appris \u00e0 faire du marketing en r\u00e9conciliant le savoir-faire d&rsquo;une entreprise d&rsquo;un c\u00f4t\u00e9, et les attentes des consommateurs de l&rsquo;autre. C&rsquo;est la base.<\/p>\n<blockquote class=\"quote-light\"><p>Aujourd&rsquo;hui, le marketing doit passer \u00e0 la troisi\u00e8me dimension et r\u00e9concilier ses deux dimensions (savoir-faire de l&rsquo;entreprise et attentes des consommateurs) avec une dimension soci\u00e9tale<\/p><\/blockquote>\n<p>Et \u00e0 chaque fois qu&rsquo;un marketeur d\u00e9veloppe un produit, il doit se dire : \u00ab\u00a0Est-ce que la d\u00e9cision que je prends aujourd&rsquo;hui permettra \u00e0 mon entreprise d&rsquo;\u00eatre plus vertueuse, plus performante dans les dix prochaines ann\u00e9es ?\u00a0\u00bb. \u00ab\u00a0Est-ce que pour mes enfants, cette d\u00e9cision va avoir plus de sens et va leur permettre de vivre dans un monde meilleur ?\u00a0\u00bb<\/p>\n<p>Cela peut para\u00eetre assez vertigineux, car se projeter \u00e0 20 ans, ce n&rsquo;est pas ce qu&rsquo;on nous a appris \u00e0 faire. Et puis, humainement, ce n&rsquo;est pas ce qu&rsquo;on fait spontan\u00e9ment, mais cela permet de mettre en place de grands changements et de les enclencher d\u00e8s maintenant.<\/p>\n<blockquote class=\"quote-light\"><p>Se projeter \u00e0 20 ans, ce n&rsquo;est pas ce qu&rsquo;on nous appris \u00e0 faire, mais cela permet de mettre en place de grands changements d\u00e8s maintenant<\/p><\/blockquote>\n<h4>On parle pourtant de ce genre de sujets, avec Badot et Cova, depuis 1992. C&rsquo;\u00e9tait tr\u00e8s visionnaire.<\/h4>\n<p>Je pense qu&rsquo;ils \u00e9taient pr\u00e9curseurs. 92, c&rsquo;est le sommet de Rio et les premi\u00e8res grandes pens\u00e9es sur ces sujets-l\u00e0 ont \u00e9t\u00e9 \u00e9mises \u00e0 ce moment. Je suis d&rsquo;accord avec toi sur le fait de dire que c&rsquo;est un peu triste que 30 ans apr\u00e8s, on en parle encore.<\/p>\n<p>Mais ce que je peux constater \u00e0 mon niveau, c&rsquo;est qu&rsquo;il y a une amplification vraiment ph\u00e9nom\u00e9nale de la prise en compte de ce sujet. J&rsquo;ai eu l&rsquo;occasion de cr\u00e9er en 2013 une plateforme qui s&rsquo;appelle \u00ab\u00a0<a href=\"https:\/\/reussir-avec-un-marketing-responsable.org\" target=\"_blank\" rel=\"noopener\">R\u00e9ussir avec un marketing responsable<\/a>\u00a0\u00bb avec l&rsquo;Ademe et l&rsquo;Adetem (cette derni\u00e8re sera pr\u00e9sente \u00e0 la conf\u00e9rence \u00e9galement).<\/p>\n<figure id=\"attachment_62854\" aria-describedby=\"caption-attachment-62854\" style=\"width: 500px\" class=\"wp-caption aligncenter\"><img decoding=\"async\" class=\"wp-image-62854 size-medium\" src=\"https:\/\/visionarymarketing.com\/wp-content\/uploads\/2021\/04\/screenshot-2021-04-07-at-082828-500x95.png\" alt=\"enjeux soci\u00e9taux marketing\" width=\"500\" height=\"95\" srcset=\"https:\/\/visionarymarketing.com\/wp-content\/uploads\/2021\/04\/screenshot-2021-04-07-at-082828-500x95.png 500w, https:\/\/visionarymarketing.com\/wp-content\/uploads\/2021\/04\/screenshot-2021-04-07-at-082828-1024x194.png 1024w, https:\/\/visionarymarketing.com\/wp-content\/uploads\/2021\/04\/screenshot-2021-04-07-at-082828-768x146.png 768w, https:\/\/visionarymarketing.com\/wp-content\/uploads\/2021\/04\/screenshot-2021-04-07-at-082828.png 1213w\" sizes=\"(max-width: 500px) 100vw, 500px\" \/><figcaption id=\"caption-attachment-62854\" class=\"wp-caption-text\"><a href=\"https:\/\/reussir-avec-un-marketing-responsable.org\" target=\"_blank\" rel=\"noopener\">La plateforme cr\u00e9\u00e9e<\/a> par David avec l&rsquo;Ademe, l&rsquo;Adetem et quelques autres partenaires afin de sensibiliser les marketeurs aux enjeux soci\u00e9taux de notre belle profession.<\/figcaption><\/figure>\n<p>C&rsquo;est une sorte de barom\u00e8tre extr\u00eamement concret de l&rsquo;engagement des entreprises. Je vois de plus en plus de dossiers arriver ann\u00e9e apr\u00e8s ann\u00e9e, des dossiers de plus en plus fournis, d&rsquo;entreprises sans cesse plus grandes. On observe une vraie acc\u00e9l\u00e9ration de la prise en consid\u00e9ration de ces sujets.<\/p>\n<p>Et objectivement, m\u00eame si tu fais du marketing en deux dimensions aujourd&rsquo;hui, si tu regardes les attentes des consommateurs et le savoir-faire de ton entreoprise, <strong>ne pas voir qu&rsquo;il y a une attente fondamentale d&rsquo;am\u00e9lioration de l&rsquo;offre et d&rsquo;engagement de la part des entreprises, c&rsquo;est presque une faute professionnelle<\/strong>.<\/p>\n<blockquote class=\"quote-light\"><p>Je suis tr\u00e8s confiant car les marketeurs sont des \u00e9ponges, par d\u00e9finition, et aujourd&rsquo;hui, ces \u00e9ponges absorbent cette demande de changement<\/p><\/blockquote>\n<p>Et la bonne nouvelle, c&rsquo;est que quand ils vont le faire, ils vont le faire de mani\u00e8re sinc\u00e8re, en \u00e9tant <a href=\"https:\/\/visionarymarketing.com\/fr\/2019\/03\/marketing-influence-transparence\/\">explicites et transparents<\/a>, en racontant de vraies histoires, sur la fa\u00e7on dont on le produit est fait.<\/p>\n<p>Ainsi, ils obtiendont des succ\u00e8s \u00e9conomiques beaucoup plus importants que s&rsquo;ils ne le font pas. <strong>Et s&rsquo;ils le font pas, \u00e0 l&rsquo;inverse, il aura des risques de disparition de marques extr\u00eamement forts<\/strong>.<\/p>\n<h4><img decoding=\"async\" class=\"alignright wp-image-62864 \" src=\"https:\/\/visionarymarketing.com\/wp-content\/uploads\/2021\/04\/fleur-colza-e1617777761480.jpeg\" alt=\"\" width=\"134\" height=\"305\" srcset=\"https:\/\/visionarymarketing.com\/wp-content\/uploads\/2021\/04\/fleur-colza-e1617777761480.jpeg 208w, https:\/\/visionarymarketing.com\/wp-content\/uploads\/2021\/04\/fleur-colza-e1617777761480-132x300.jpeg 132w\" sizes=\"(max-width: 134px) 100vw, 134px\" \/>Pour montrer l&rsquo;exemple, tu as toi m\u00eame r\u00e9alis\u00e9 ce genre de projets chez Lesieur avec un r\u00e9sultat impressionnant, aussi bien d&rsquo;un point de vue \u00e9cologique qu&rsquo;\u00e9conomique.<\/h4>\n<p>J&rsquo;ai eu la chance par deux fois de travailler sur des dispositifs de ce type-l\u00e0 en faisant changer l&rsquo;offre, d&rsquo;abord \u00e0 petite \u00e9chelle. Chez Lesieur, c&rsquo;\u00e9tait sur Fleur de colza, on avait mis en place une d\u00e9marche d&rsquo;agriculture raisonn\u00e9e qui a connu un succ\u00e8s incontestable. Et on est pass\u00e9 donc de 8 % du business, gr\u00e2ce \u00e0 ce succ\u00e8s, \u00e0 90 % des approvisionnements de Lesieur en agriculture raisonn\u00e9e.<\/p>\n<p><img decoding=\"async\" class=\"wp-image-62867 alignleft\" src=\"https:\/\/visionarymarketing.com\/wp-content\/uploads\/2021\/04\/fleury-michon-venez-verifier-300x300.jpeg\" alt=\"\" width=\"182\" height=\"182\" srcset=\"https:\/\/visionarymarketing.com\/wp-content\/uploads\/2021\/04\/fleury-michon-venez-verifier-300x300.jpeg 300w, https:\/\/visionarymarketing.com\/wp-content\/uploads\/2021\/04\/fleury-michon-venez-verifier-150x150.jpeg 150w, https:\/\/visionarymarketing.com\/wp-content\/uploads\/2021\/04\/fleury-michon-venez-verifier.jpeg 570w\" sizes=\"(max-width: 182px) 100vw, 182px\" \/>Chez Fleury-Michon, j&rsquo;avais commenc\u00e9 par le surimi suite \u00e0 la <a href=\"https:\/\/visionarymarketing.com\/fr\/2014\/01\/internet-foule-sentimentale-reputationwar\/\">crise du cheval dans les lasagnes<\/a>. \u00c7a a \u00e9t\u00e9 un succ\u00e8s incontestable. On a organis\u00e9 des op\u00e9rations \u00ab\u00a0venez v\u00e9rifier\u00a0\u00bb pour expliquer aux gens comment se faisaient les choses de mani\u00e8re tr\u00e8s transparente sur les autres produits, notamment la charcuterie. Et on est pass\u00e9s comme \u00e7a de 80 % d&rsquo;opinions n\u00e9gatives et neutres sur la marque \u00e0 60 % d&rsquo;opinions positives ou neutres.<\/p>\n<p>Ces changements ont \u00e9t\u00e9 rendus possibles car nous avons donn\u00e9 des preuves : notamment sur le jambon z\u00e9ro nitrites ou avec une innovation comme les barquettes en bois en plats cuisin\u00e9s qui supprimait le plastique. Et cette confiance est revenue parce qu&rsquo;il y a eu des preuves de confiance. <strong>C&rsquo;est comme l&rsquo;amour, \u00e7a ne s&rsquo;invente pas<\/strong>.<\/p>\n<blockquote class=\"quote-light\"><p>Il faut donner des preuves et aujourd&rsquo;hui, les consommateurs attendent des actes concrets et c&rsquo;est de cela dont on va parler le 1er juillet<\/p><\/blockquote>\n<h4><a href=\"https:\/\/kiosque.quechoisir.org\/magazine-mensuel-quechoisir-601-avril-2021\/\" target=\"_blank\" rel=\"noopener\"><img decoding=\"async\" class=\"alignright wp-image-62868 size-medium\" src=\"https:\/\/visionarymarketing.com\/wp-content\/uploads\/2021\/04\/image-sommaire-225x300.jpg\" alt=\"\" width=\"225\" height=\"300\" srcset=\"https:\/\/visionarymarketing.com\/wp-content\/uploads\/2021\/04\/image-sommaire-225x300.jpg 225w, https:\/\/visionarymarketing.com\/wp-content\/uploads\/2021\/04\/image-sommaire.jpg 271w\" sizes=\"(max-width: 225px) 100vw, 225px\" \/><\/a>Si on prend le jambon sans nitrites, tout le monde n&rsquo;est pas encore convaincu si j&rsquo;en crois <a href=\"https:\/\/kiosque.quechoisir.org\/magazine-mensuel-quechoisir-601-avril-2021\/\" target=\"_blank\" rel=\"noopener\">la Une de que choisir ce mois-ci<\/a> !<\/h4>\n<p>En fait, c&rsquo;est un des segments qui est en plus forte croissance aujourd&rsquo;hui. Le march\u00e9 du jambon est tr\u00e8s repr\u00e9sentatif de la mutation de la consommation.<\/p>\n<p>Quand tu rentres dans un rayon jambon, c&rsquo;est un mur rose un peu ind\u00e9fini.<\/p>\n<p>Et pourtant, dans cette offre pl\u00e9thorique, les consommateurs vont chercher le bio, le label rouge, le sans nitrites : <strong>c&rsquo;est 50 %, presque un achat sur deux aujourd&rsquo;hui, avec 10 % de croissance moyenne depuis 3 ans<\/strong>.<\/p>\n<p>Le changement est en place et les entreprises qui vont \u00eatre au devant de la vague de ce changement vont prendre les parts de march\u00e9. Les autres vont au devant de graves difficult\u00e9s.<\/p>\n<h3>Une conf\u00e9rence \u00ab\u00a0inspirations marketing\u00a0\u00bb pour s&rsquo;int\u00e9resser aux enjeux soci\u00e9taux du marketing<\/h3>\n<p>Pour le 1er juillet 2021, <a href=\"https:\/\/vismktg.info\/comundi\" target=\"_blank\" rel=\"noopener\">dans une conf\u00e9rence 100 % en ligne organis\u00e9e par Comundi et Strat\u00e9gies<\/a>, \u00e0 laquelle nous participerons tous les deux, qui aura pour titre \u00ab\u00a0Marketing durable : rep\u00e9rer les p\u00e9pites de votre entreprise pour en faire les points d&rsquo;appui d&rsquo;une strat\u00e9gie d&rsquo;engagement\u00a0\u00bb, nous accueillerons Jean-Paul Bouteloup, Directeur marketing, PwC France et Maghreb,\u00a0Nathalie Gonzalez, Directrice G\u00e9n\u00e9rale Adjointe, marketing &amp; commercial, Nespresso,\u00a0Maurice N&rsquo;Diaye, Co-pr\u00e9sident, ADETEM, Expert IA Marketing.<\/p>\n<p><strong>De quoi allons nous discuter dans cette conf\u00e9rence ?<\/strong><\/p>\n<p>L&rsquo;enjeu est de savoir rep\u00e9rer les p\u00e9pites dont j&rsquo;ai parl\u00e9 plus haut, de les mettre en coh\u00e9rence avec ce qu&rsquo;est l&rsquo;histoire de l&rsquo;entreprise et de la marque, avec sa raison d&rsquo;\u00eatre, dont on parlera aussi, et enfin de pouvoir d\u00e9rouler une strat\u00e9gie congruente et coh\u00e9rente dans la dur\u00e9e.<\/p>\n<p>C&rsquo;est par ces preuves d&rsquo;engagement que la relation avec les consommateurs va changer r\u00e9ellement et que l&rsquo;entreprise va survivre aux d\u00e9fis qui sont devant nous.<\/p>\n<h4>En conclusion, est-ce que le marketing peut sauver la plan\u00e8te ?<\/h4>\n<p>C&rsquo;est ma conviction.<\/p>\n<blockquote class=\"quote-light\"><p>Le marketing est en premi\u00e8re ligne pour changer les choses. S&rsquo;il le fait pas, c&rsquo;est presque un crime contre l&rsquo;humanit\u00e9<\/p><\/blockquote>\n<p>J&rsquo;ai eu l&rsquo;exp\u00e9rience de vivre ce changement. J&rsquo;ai vu \u00e0 quel point c&rsquo;\u00e9tait engageant pour les \u00e9quipes marketing, mais aussi pour l&rsquo;entreprise et pour la connexion que cela engendre avec les consommateurs.<\/p>\n<blockquote class=\"quote-light\"><p>Cette joie-l\u00e0, j&rsquo;ai envie qu&rsquo;un maximum de marketeurs la partagent<\/p><\/blockquote>\n<p>Parce que non seulement ce sera bien pour eux, pour l&rsquo;entreprise, mais \u00e7a nous permettra de laisser une terre plus belle \u00e0 nos enfants.<\/p>\n<div itemscope itemtype=\"http:\/\/schema.org\/AudioObject\"><meta itemprop=\"name\" content=\"S&amp;rsquo;int\u00e9resser aux enjeux soci\u00e9taux est la nouvelle obligation du marketing\" \/><meta itemprop=\"uploadDate\" content=\"2024-12-17T08:15:09+01:00\" \/><meta itemprop=\"encodingFormat\" content=\"audio\/mpeg\" \/><meta itemprop=\"duration\" content=\"PT12M18S\" \/><meta itemprop=\"description\" content=\"Les enjeux soci\u00e9taux du marketing sont \u00e0 l&#039;ordre du jour depuis de nombreuses ann\u00e9es. Ils sont m\u00eame \u00e0 l&#039;origine de la cr\u00e9ation de Visionary Marketing. En 1992, deux chercheurs fran\u00e7ais, Olivier Badot et Bernard Cova, \u00e9crivaient leur c\u00e9l\u00e8bre Neo Marke...\" \/><meta itemprop=\"contentUrl\" content=\"https:\/\/media.blubrry.com\/visionarymarketing_les\/agence.visionarymarketing.com\/files\/podcasts\/David-Garbous-Comundi-2021-04-06.mp3\" \/><meta itemprop=\"contentSize\" content=\"17.0\" \/><div class=\"powerpress_player\" id=\"powerpress_player_5722\"><audio class=\"wp-audio-shortcode\" id=\"audio-62838-1\" preload=\"none\" style=\"width: 100%;\" controls=\"controls\"><source type=\"audio\/mpeg\" src=\"https:\/\/media.blubrry.com\/visionarymarketing_les\/agence.visionarymarketing.com\/files\/podcasts\/David-Garbous-Comundi-2021-04-06.mp3?_=1\" \/><a href=\"https:\/\/media.blubrry.com\/visionarymarketing_les\/agence.visionarymarketing.com\/files\/podcasts\/David-Garbous-Comundi-2021-04-06.mp3\">https:\/\/media.blubrry.com\/visionarymarketing_les\/agence.visionarymarketing.com\/files\/podcasts\/David-Garbous-Comundi-2021-04-06.mp3<\/a><\/audio><\/div><\/div><p class=\"powerpress_links powerpress_links_mp3\" style=\"margin-bottom: 1px !important;\">Podcast: <a href=\"https:\/\/media.blubrry.com\/visionarymarketing_les\/agence.visionarymarketing.com\/files\/podcasts\/David-Garbous-Comundi-2021-04-06.mp3\" class=\"powerpress_link_pinw\" target=\"_blank\" title=\"Play in new window\" onclick=\"return powerpress_pinw('https:\/\/visionarymarketing.com\/fr\/\/?powerpress_pinw=62838-podcast');\" rel=\"nofollow\">Play in new window<\/a> | <a href=\"https:\/\/media.blubrry.com\/visionarymarketing_les\/agence.visionarymarketing.com\/files\/podcasts\/David-Garbous-Comundi-2021-04-06.mp3\" class=\"powerpress_link_d\" title=\"Download\" rel=\"nofollow\" download=\"David-Garbous-Comundi-2021-04-06.mp3\">Download<\/a> (Duration: 12:18 &#8212; 17.0MB)<\/p><p class=\"powerpress_links powerpress_subscribe_links\">Subscribe: <a href=\"https:\/\/itunes.apple.com\/us\/podcast\/visionarymarketing-les-interviews\/id731295319?mt=2&amp;ls=1#episodeGuid=https%3A%2F%2Fvisionarymarketing.com%2F%3Fp%3D62838\" class=\"powerpress_link_subscribe powerpress_link_subscribe_itunes\" target=\"_blank\" title=\"Subscribe on Apple Podcasts\" rel=\"nofollow\">Apple Podcasts<\/a> | <a href=\"https:\/\/open.spotify.com\/show\/52VnZ1mhVSnDs4tQOx7Vuc\" class=\"powerpress_link_subscribe powerpress_link_subscribe_spotify\" target=\"_blank\" title=\"Subscribe on Spotify\" rel=\"nofollow\">Spotify<\/a> | <a href=\"https:\/\/subscribeonandroid.com\/visionarymarketing.com\/fr\/feed\/podcast\/\" class=\"powerpress_link_subscribe powerpress_link_subscribe_android\" target=\"_blank\" title=\"Subscribe on Android\" rel=\"nofollow\">Android<\/a> | <a href=\"https:\/\/visionarymarketing.com\/fr\/feed\/podcast\/\" class=\"powerpress_link_subscribe powerpress_link_subscribe_rss\" target=\"_blank\" title=\"Subscribe via RSS\" rel=\"nofollow\">RSS<\/a><\/p>","protected":false},"excerpt":{"rendered":"<p>Les enjeux soci\u00e9taux du marketing sont \u00e0 l&rsquo;ordre du jour depuis de nombreuses ann\u00e9es. Ils sont m\u00eame \u00e0 l&rsquo;origine de la cr\u00e9ation de Visionary Marketing. En 1992, deux chercheurs fran\u00e7ais, Olivier Badot et Bernard Cova, \u00e9crivaient leur c\u00e9l\u00e8bre Neo Marketing, dont je r\u00e9utilisai alors un bon nombre de concepts pour mon dossier fondateur. Ils allaient &hellip;<\/p>\n","protected":false},"author":2,"featured_media":82373,"comment_status":"open","ping_status":"open","sticky":false,"template":"","format":"standard","meta":{"footnotes":""},"categories":[6],"tags":[],"class_list":["post-62838","post","type-post","status-publish","format-standard","has-post-thumbnail","hentry","category-marketing-innovation-fr"],"yoast_head":"<!-- This site is optimized with the Yoast SEO plugin v27.5 - https:\/\/yoast.com\/product\/yoast-seo-wordpress\/ -->\n<title>S&#039;int\u00e9resser aux enjeux soci\u00e9taux est la nouvelle obligation du marketing<\/title>\n<meta name=\"description\" content=\"Les enjeux soci\u00e9taux du marketing sont \u00e0 l&#039;ordre du jour depuis de nombreuses ann\u00e9es. Ils sont \u00e0 l&#039;origine de Visionary Marketing\" \/>\n<meta name=\"robots\" content=\"index, follow, max-snippet:-1, max-image-preview:large, max-video-preview:-1\" \/>\n<link rel=\"canonical\" href=\"https:\/\/visionarymarketing.com\/fr\/2024\/12\/17\/enjeux-societaux-marketing\/\" \/>\n<meta property=\"og:locale\" content=\"fr_FR\" \/>\n<meta property=\"og:type\" content=\"article\" \/>\n<meta property=\"og:title\" content=\"S&#039;int\u00e9resser aux enjeux soci\u00e9taux est la nouvelle obligation du marketing\" \/>\n<meta property=\"og:description\" content=\"Les enjeux soci\u00e9taux du marketing sont \u00e0 l&#039;ordre du jour depuis de nombreuses ann\u00e9es. Ils sont \u00e0 l&#039;origine de Visionary Marketing\" \/>\n<meta property=\"og:url\" content=\"https:\/\/visionarymarketing.com\/fr\/2024\/12\/17\/enjeux-societaux-marketing\/\" \/>\n<meta property=\"og:site_name\" content=\"Marketing and Innovation\" \/>\n<meta property=\"article:publisher\" content=\"https:\/\/www.facebook.com\/vismktg\" \/>\n<meta property=\"article:author\" content=\"http:\/\/facebook.com\/ygourven\" \/>\n<meta property=\"article:published_time\" content=\"2024-12-17T07:15:09+00:00\" \/>\n<meta property=\"article:modified_time\" content=\"2024-12-17T10:41:06+00:00\" \/>\n<meta property=\"og:image\" content=\"https:\/\/visionarymarketing.com\/wp-content\/uploads\/2021\/04\/ygourven-a-heart-shaped-hole-in-a-hedge-nikon-d850-nikoor-24-70-f0fa0d1b-e288-4b06-b24b-25d052099375.jpg\" \/>\n\t<meta property=\"og:image:width\" content=\"1456\" \/>\n\t<meta property=\"og:image:height\" content=\"816\" \/>\n\t<meta property=\"og:image:type\" content=\"image\/jpeg\" \/>\n<meta name=\"author\" content=\"Yann Gourvennec\" \/>\n<meta name=\"twitter:card\" content=\"summary_large_image\" \/>\n<meta name=\"twitter:creator\" content=\"@ygourven\" \/>\n<meta name=\"twitter:site\" content=\"@ygourven\" \/>\n<meta name=\"twitter:label1\" content=\"\u00c9crit par\" \/>\n\t<meta name=\"twitter:data1\" content=\"Yann Gourvennec\" \/>\n\t<meta name=\"twitter:label2\" content=\"Dur\u00e9e de lecture estim\u00e9e\" \/>\n\t<meta name=\"twitter:data2\" content=\"8 minutes\" \/>\n<script type=\"application\/ld+json\" class=\"yoast-schema-graph\">{\"@context\":\"https:\\\/\\\/schema.org\",\"@graph\":[{\"@type\":\"NewsArticle\",\"@id\":\"https:\\\/\\\/visionarymarketing.com\\\/fr\\\/2024\\\/12\\\/17\\\/enjeux-societaux-marketing\\\/#article\",\"isPartOf\":{\"@id\":\"https:\\\/\\\/visionarymarketing.com\\\/fr\\\/2024\\\/12\\\/17\\\/enjeux-societaux-marketing\\\/\"},\"author\":{\"name\":\"Yann Gourvennec\",\"@id\":\"https:\\\/\\\/visionarymarketing.com\\\/fr\\\/#\\\/schema\\\/person\\\/3754fee1e558f47b8deb46f53c37423e\"},\"headline\":\"S&rsquo;int\u00e9resser aux enjeux soci\u00e9taux est la nouvelle obligation du marketing\",\"datePublished\":\"2024-12-17T07:15:09+00:00\",\"dateModified\":\"2024-12-17T10:41:06+00:00\",\"mainEntityOfPage\":{\"@id\":\"https:\\\/\\\/visionarymarketing.com\\\/fr\\\/2024\\\/12\\\/17\\\/enjeux-societaux-marketing\\\/\"},\"wordCount\":1851,\"commentCount\":1,\"image\":{\"@id\":\"https:\\\/\\\/visionarymarketing.com\\\/fr\\\/2024\\\/12\\\/17\\\/enjeux-societaux-marketing\\\/#primaryimage\"},\"thumbnailUrl\":\"https:\\\/\\\/visionarymarketing.com\\\/wp-content\\\/uploads\\\/2021\\\/04\\\/ygourven-a-heart-shaped-hole-in-a-hedge-nikon-d850-nikoor-24-70-f0fa0d1b-e288-4b06-b24b-25d052099375.jpg\",\"articleSection\":[\"Marketing &amp; Innovation\"],\"inLanguage\":\"fr-FR\",\"potentialAction\":[{\"@type\":\"CommentAction\",\"name\":\"Comment\",\"target\":[\"https:\\\/\\\/visionarymarketing.com\\\/fr\\\/2024\\\/12\\\/17\\\/enjeux-societaux-marketing\\\/#respond\"]}]},{\"@type\":\"WebPage\",\"@id\":\"https:\\\/\\\/visionarymarketing.com\\\/fr\\\/2024\\\/12\\\/17\\\/enjeux-societaux-marketing\\\/\",\"url\":\"https:\\\/\\\/visionarymarketing.com\\\/fr\\\/2024\\\/12\\\/17\\\/enjeux-societaux-marketing\\\/\",\"name\":\"S'int\u00e9resser aux enjeux soci\u00e9taux est la nouvelle obligation du marketing\",\"isPartOf\":{\"@id\":\"https:\\\/\\\/visionarymarketing.com\\\/fr\\\/#website\"},\"primaryImageOfPage\":{\"@id\":\"https:\\\/\\\/visionarymarketing.com\\\/fr\\\/2024\\\/12\\\/17\\\/enjeux-societaux-marketing\\\/#primaryimage\"},\"image\":{\"@id\":\"https:\\\/\\\/visionarymarketing.com\\\/fr\\\/2024\\\/12\\\/17\\\/enjeux-societaux-marketing\\\/#primaryimage\"},\"thumbnailUrl\":\"https:\\\/\\\/visionarymarketing.com\\\/wp-content\\\/uploads\\\/2021\\\/04\\\/ygourven-a-heart-shaped-hole-in-a-hedge-nikon-d850-nikoor-24-70-f0fa0d1b-e288-4b06-b24b-25d052099375.jpg\",\"datePublished\":\"2024-12-17T07:15:09+00:00\",\"dateModified\":\"2024-12-17T10:41:06+00:00\",\"author\":{\"@id\":\"https:\\\/\\\/visionarymarketing.com\\\/fr\\\/#\\\/schema\\\/person\\\/3754fee1e558f47b8deb46f53c37423e\"},\"description\":\"Les enjeux soci\u00e9taux du marketing sont \u00e0 l'ordre du jour depuis de nombreuses ann\u00e9es. Ils sont \u00e0 l'origine de Visionary Marketing\",\"breadcrumb\":{\"@id\":\"https:\\\/\\\/visionarymarketing.com\\\/fr\\\/2024\\\/12\\\/17\\\/enjeux-societaux-marketing\\\/#breadcrumb\"},\"inLanguage\":\"fr-FR\",\"potentialAction\":[{\"@type\":\"ReadAction\",\"target\":[\"https:\\\/\\\/visionarymarketing.com\\\/fr\\\/2024\\\/12\\\/17\\\/enjeux-societaux-marketing\\\/\"]}]},{\"@type\":\"ImageObject\",\"inLanguage\":\"fr-FR\",\"@id\":\"https:\\\/\\\/visionarymarketing.com\\\/fr\\\/2024\\\/12\\\/17\\\/enjeux-societaux-marketing\\\/#primaryimage\",\"url\":\"https:\\\/\\\/visionarymarketing.com\\\/wp-content\\\/uploads\\\/2021\\\/04\\\/ygourven-a-heart-shaped-hole-in-a-hedge-nikon-d850-nikoor-24-70-f0fa0d1b-e288-4b06-b24b-25d052099375.jpg\",\"contentUrl\":\"https:\\\/\\\/visionarymarketing.com\\\/wp-content\\\/uploads\\\/2021\\\/04\\\/ygourven-a-heart-shaped-hole-in-a-hedge-nikon-d850-nikoor-24-70-f0fa0d1b-e288-4b06-b24b-25d052099375.jpg\",\"width\":1456,\"height\":816,\"caption\":\"S'int\u00e9resser aux enjeux soci\u00e9taux est la nouvelle obligation du marketing.\"},{\"@type\":\"BreadcrumbList\",\"@id\":\"https:\\\/\\\/visionarymarketing.com\\\/fr\\\/2024\\\/12\\\/17\\\/enjeux-societaux-marketing\\\/#breadcrumb\",\"itemListElement\":[{\"@type\":\"ListItem\",\"position\":1,\"name\":\"Home\",\"item\":\"https:\\\/\\\/visionarymarketing.com\\\/fr\\\/\"},{\"@type\":\"ListItem\",\"position\":2,\"name\":\"S&rsquo;int\u00e9resser aux enjeux soci\u00e9taux est la nouvelle obligation du marketing\"}]},{\"@type\":\"WebSite\",\"@id\":\"https:\\\/\\\/visionarymarketing.com\\\/fr\\\/#website\",\"url\":\"https:\\\/\\\/visionarymarketing.com\\\/fr\\\/\",\"name\":\"Marketing and Innovation\",\"description\":\"Site d&#039;infos ind\u00e9pendant, depuis 1996\",\"potentialAction\":[{\"@type\":\"SearchAction\",\"target\":{\"@type\":\"EntryPoint\",\"urlTemplate\":\"https:\\\/\\\/visionarymarketing.com\\\/fr\\\/?s={search_term_string}\"},\"query-input\":{\"@type\":\"PropertyValueSpecification\",\"valueRequired\":true,\"valueName\":\"search_term_string\"}}],\"inLanguage\":\"fr-FR\"},{\"@type\":\"Person\",\"@id\":\"https:\\\/\\\/visionarymarketing.com\\\/fr\\\/#\\\/schema\\\/person\\\/3754fee1e558f47b8deb46f53c37423e\",\"name\":\"Yann Gourvennec\",\"image\":{\"@type\":\"ImageObject\",\"inLanguage\":\"fr-FR\",\"@id\":\"https:\\\/\\\/secure.gravatar.com\\\/avatar\\\/5972001801e8de5692a3e31224e85769f50a55fb8b679749f9c8d1868cceff14?s=96&d=initials&r=g&initials=yg\",\"url\":\"https:\\\/\\\/secure.gravatar.com\\\/avatar\\\/5972001801e8de5692a3e31224e85769f50a55fb8b679749f9c8d1868cceff14?s=96&d=initials&r=g&initials=yg\",\"contentUrl\":\"https:\\\/\\\/secure.gravatar.com\\\/avatar\\\/5972001801e8de5692a3e31224e85769f50a55fb8b679749f9c8d1868cceff14?s=96&d=initials&r=g&initials=yg\",\"caption\":\"Yann Gourvennec\"},\"description\":\"Yann Gourvennec created visionarymarketing.com in 1996. He is a speaker and author of many books. In 2014 he went from intrapreneur to entrepreneur, when he created his digital marketing agency. Yann Gourvennec a cr\u00e9\u00e9 visionarymarketing.com en 1996. Il est conf\u00e9rencier et auteur de plusieurs livres. En 2014, il est pass\u00e9 d'intrapreneur \u00e0 entrepreneur en cr\u00e9ant son agence de marketing num\u00e9rique.\",\"sameAs\":[\"https:\\\/\\\/visionarymarketing.com\",\"http:\\\/\\\/facebook.com\\\/ygourven\",\"http:\\\/\\\/linkedin.com\\\/in\\\/ygourven\",\"https:\\\/\\\/x.com\\\/ygourven\",\"https:\\\/\\\/www.youtube.com\\\/c\\\/visionarymarketingagency\"],\"url\":\"https:\\\/\\\/visionarymarketing.com\\\/fr\\\/author\\\/yann-gourvennec\\\/\"}]}<\/script>\n<!-- \/ Yoast SEO plugin. -->","yoast_head_json":{"title":"S'int\u00e9resser aux enjeux soci\u00e9taux est la nouvelle obligation du marketing","description":"Les enjeux soci\u00e9taux du marketing sont \u00e0 l'ordre du jour depuis de nombreuses ann\u00e9es. Ils sont \u00e0 l'origine de Visionary Marketing","robots":{"index":"index","follow":"follow","max-snippet":"max-snippet:-1","max-image-preview":"max-image-preview:large","max-video-preview":"max-video-preview:-1"},"canonical":"https:\/\/visionarymarketing.com\/fr\/2024\/12\/17\/enjeux-societaux-marketing\/","og_locale":"fr_FR","og_type":"article","og_title":"S'int\u00e9resser aux enjeux soci\u00e9taux est la nouvelle obligation du marketing","og_description":"Les enjeux soci\u00e9taux du marketing sont \u00e0 l'ordre du jour depuis de nombreuses ann\u00e9es. Ils sont \u00e0 l'origine de Visionary Marketing","og_url":"https:\/\/visionarymarketing.com\/fr\/2024\/12\/17\/enjeux-societaux-marketing\/","og_site_name":"Marketing and Innovation","article_publisher":"https:\/\/www.facebook.com\/vismktg","article_author":"http:\/\/facebook.com\/ygourven","article_published_time":"2024-12-17T07:15:09+00:00","article_modified_time":"2024-12-17T10:41:06+00:00","og_image":[{"width":1456,"height":816,"url":"https:\/\/visionarymarketing.com\/wp-content\/uploads\/2021\/04\/ygourven-a-heart-shaped-hole-in-a-hedge-nikon-d850-nikoor-24-70-f0fa0d1b-e288-4b06-b24b-25d052099375.jpg","type":"image\/jpeg"}],"author":"Yann Gourvennec","twitter_card":"summary_large_image","twitter_creator":"@ygourven","twitter_site":"@ygourven","twitter_misc":{"\u00c9crit par":"Yann Gourvennec","Dur\u00e9e de lecture estim\u00e9e":"8 minutes"},"schema":{"@context":"https:\/\/schema.org","@graph":[{"@type":"NewsArticle","@id":"https:\/\/visionarymarketing.com\/fr\/2024\/12\/17\/enjeux-societaux-marketing\/#article","isPartOf":{"@id":"https:\/\/visionarymarketing.com\/fr\/2024\/12\/17\/enjeux-societaux-marketing\/"},"author":{"name":"Yann Gourvennec","@id":"https:\/\/visionarymarketing.com\/fr\/#\/schema\/person\/3754fee1e558f47b8deb46f53c37423e"},"headline":"S&rsquo;int\u00e9resser aux enjeux soci\u00e9taux est la nouvelle obligation du marketing","datePublished":"2024-12-17T07:15:09+00:00","dateModified":"2024-12-17T10:41:06+00:00","mainEntityOfPage":{"@id":"https:\/\/visionarymarketing.com\/fr\/2024\/12\/17\/enjeux-societaux-marketing\/"},"wordCount":1851,"commentCount":1,"image":{"@id":"https:\/\/visionarymarketing.com\/fr\/2024\/12\/17\/enjeux-societaux-marketing\/#primaryimage"},"thumbnailUrl":"https:\/\/visionarymarketing.com\/wp-content\/uploads\/2021\/04\/ygourven-a-heart-shaped-hole-in-a-hedge-nikon-d850-nikoor-24-70-f0fa0d1b-e288-4b06-b24b-25d052099375.jpg","articleSection":["Marketing &amp; Innovation"],"inLanguage":"fr-FR","potentialAction":[{"@type":"CommentAction","name":"Comment","target":["https:\/\/visionarymarketing.com\/fr\/2024\/12\/17\/enjeux-societaux-marketing\/#respond"]}]},{"@type":"WebPage","@id":"https:\/\/visionarymarketing.com\/fr\/2024\/12\/17\/enjeux-societaux-marketing\/","url":"https:\/\/visionarymarketing.com\/fr\/2024\/12\/17\/enjeux-societaux-marketing\/","name":"S'int\u00e9resser aux enjeux soci\u00e9taux est la nouvelle obligation du marketing","isPartOf":{"@id":"https:\/\/visionarymarketing.com\/fr\/#website"},"primaryImageOfPage":{"@id":"https:\/\/visionarymarketing.com\/fr\/2024\/12\/17\/enjeux-societaux-marketing\/#primaryimage"},"image":{"@id":"https:\/\/visionarymarketing.com\/fr\/2024\/12\/17\/enjeux-societaux-marketing\/#primaryimage"},"thumbnailUrl":"https:\/\/visionarymarketing.com\/wp-content\/uploads\/2021\/04\/ygourven-a-heart-shaped-hole-in-a-hedge-nikon-d850-nikoor-24-70-f0fa0d1b-e288-4b06-b24b-25d052099375.jpg","datePublished":"2024-12-17T07:15:09+00:00","dateModified":"2024-12-17T10:41:06+00:00","author":{"@id":"https:\/\/visionarymarketing.com\/fr\/#\/schema\/person\/3754fee1e558f47b8deb46f53c37423e"},"description":"Les enjeux soci\u00e9taux du marketing sont \u00e0 l'ordre du jour depuis de nombreuses ann\u00e9es. Ils sont \u00e0 l'origine de Visionary Marketing","breadcrumb":{"@id":"https:\/\/visionarymarketing.com\/fr\/2024\/12\/17\/enjeux-societaux-marketing\/#breadcrumb"},"inLanguage":"fr-FR","potentialAction":[{"@type":"ReadAction","target":["https:\/\/visionarymarketing.com\/fr\/2024\/12\/17\/enjeux-societaux-marketing\/"]}]},{"@type":"ImageObject","inLanguage":"fr-FR","@id":"https:\/\/visionarymarketing.com\/fr\/2024\/12\/17\/enjeux-societaux-marketing\/#primaryimage","url":"https:\/\/visionarymarketing.com\/wp-content\/uploads\/2021\/04\/ygourven-a-heart-shaped-hole-in-a-hedge-nikon-d850-nikoor-24-70-f0fa0d1b-e288-4b06-b24b-25d052099375.jpg","contentUrl":"https:\/\/visionarymarketing.com\/wp-content\/uploads\/2021\/04\/ygourven-a-heart-shaped-hole-in-a-hedge-nikon-d850-nikoor-24-70-f0fa0d1b-e288-4b06-b24b-25d052099375.jpg","width":1456,"height":816,"caption":"S'int\u00e9resser aux enjeux soci\u00e9taux est la nouvelle obligation du marketing."},{"@type":"BreadcrumbList","@id":"https:\/\/visionarymarketing.com\/fr\/2024\/12\/17\/enjeux-societaux-marketing\/#breadcrumb","itemListElement":[{"@type":"ListItem","position":1,"name":"Home","item":"https:\/\/visionarymarketing.com\/fr\/"},{"@type":"ListItem","position":2,"name":"S&rsquo;int\u00e9resser aux enjeux soci\u00e9taux est la nouvelle obligation du marketing"}]},{"@type":"WebSite","@id":"https:\/\/visionarymarketing.com\/fr\/#website","url":"https:\/\/visionarymarketing.com\/fr\/","name":"Marketing and Innovation","description":"Site d&#039;infos ind\u00e9pendant, depuis 1996","potentialAction":[{"@type":"SearchAction","target":{"@type":"EntryPoint","urlTemplate":"https:\/\/visionarymarketing.com\/fr\/?s={search_term_string}"},"query-input":{"@type":"PropertyValueSpecification","valueRequired":true,"valueName":"search_term_string"}}],"inLanguage":"fr-FR"},{"@type":"Person","@id":"https:\/\/visionarymarketing.com\/fr\/#\/schema\/person\/3754fee1e558f47b8deb46f53c37423e","name":"Yann Gourvennec","image":{"@type":"ImageObject","inLanguage":"fr-FR","@id":"https:\/\/secure.gravatar.com\/avatar\/5972001801e8de5692a3e31224e85769f50a55fb8b679749f9c8d1868cceff14?s=96&d=initials&r=g&initials=yg","url":"https:\/\/secure.gravatar.com\/avatar\/5972001801e8de5692a3e31224e85769f50a55fb8b679749f9c8d1868cceff14?s=96&d=initials&r=g&initials=yg","contentUrl":"https:\/\/secure.gravatar.com\/avatar\/5972001801e8de5692a3e31224e85769f50a55fb8b679749f9c8d1868cceff14?s=96&d=initials&r=g&initials=yg","caption":"Yann Gourvennec"},"description":"Yann Gourvennec created visionarymarketing.com in 1996. He is a speaker and author of many books. In 2014 he went from intrapreneur to entrepreneur, when he created his digital marketing agency. Yann Gourvennec a cr\u00e9\u00e9 visionarymarketing.com en 1996. Il est conf\u00e9rencier et auteur de plusieurs livres. En 2014, il est pass\u00e9 d'intrapreneur \u00e0 entrepreneur en cr\u00e9ant son agence de marketing num\u00e9rique.","sameAs":["https:\/\/visionarymarketing.com","http:\/\/facebook.com\/ygourven","http:\/\/linkedin.com\/in\/ygourven","https:\/\/x.com\/ygourven","https:\/\/www.youtube.com\/c\/visionarymarketingagency"],"url":"https:\/\/visionarymarketing.com\/fr\/author\/yann-gourvennec\/"}]}},"_links":{"self":[{"href":"https:\/\/visionarymarketing.com\/fr\/wp-json\/wp\/v2\/posts\/62838","targetHints":{"allow":["GET"]}}],"collection":[{"href":"https:\/\/visionarymarketing.com\/fr\/wp-json\/wp\/v2\/posts"}],"about":[{"href":"https:\/\/visionarymarketing.com\/fr\/wp-json\/wp\/v2\/types\/post"}],"author":[{"embeddable":true,"href":"https:\/\/visionarymarketing.com\/fr\/wp-json\/wp\/v2\/users\/2"}],"replies":[{"embeddable":true,"href":"https:\/\/visionarymarketing.com\/fr\/wp-json\/wp\/v2\/comments?post=62838"}],"version-history":[{"count":0,"href":"https:\/\/visionarymarketing.com\/fr\/wp-json\/wp\/v2\/posts\/62838\/revisions"}],"wp:featuredmedia":[{"embeddable":true,"href":"https:\/\/visionarymarketing.com\/fr\/wp-json\/wp\/v2\/media\/82373"}],"wp:attachment":[{"href":"https:\/\/visionarymarketing.com\/fr\/wp-json\/wp\/v2\/media?parent=62838"}],"wp:term":[{"taxonomy":"category","embeddable":true,"href":"https:\/\/visionarymarketing.com\/fr\/wp-json\/wp\/v2\/categories?post=62838"},{"taxonomy":"post_tag","embeddable":true,"href":"https:\/\/visionarymarketing.com\/fr\/wp-json\/wp\/v2\/tags?post=62838"}],"curies":[{"name":"wp","href":"https:\/\/api.w.org\/{rel}","templated":true}]}}