{"id":6237,"date":"2012-04-26T15:45:41","date_gmt":"2012-04-26T15:45:41","guid":{"rendered":"https:\/\/visionary.wordpress.com\/?p=6237"},"modified":"2024-07-11T14:58:40","modified_gmt":"2024-07-11T12:58:40","slug":"10-tendances-des-mdias-sociaux-en-entreprise-en-2012retour-sur-images","status":"publish","type":"post","link":"https:\/\/visionarymarketing.com\/fr\/2012\/04\/26\/10-tendances-des-mdias-sociaux-en-entreprise-en-2012retour-sur-images\/","title":{"rendered":"10 tendances des m\u00e9dias sociaux en entreprise en 2012 &#8211; correctif"},"content":{"rendered":"<p><em><span style=\"color: #4f81bd;\"><img decoding=\"async\" style=\"margin: 0 10px 0 0; display: inline; float: left;\" src=\"https:\/\/www.altaide.com\/wp-content\/uploads\/2012\/04\/guerilla-marketing-pour-trouver-un-emploi-Instagram-300x300.jpg\" alt=\"\" width=\"240\" height=\"240\" align=\"left\" \/><a href=\"https:\/\/visionarymarketing.com\/fr\/2012\/04\/10-tendances-des-mdias-sociaux-en-entreprise-en-2012retour-sur-images\/\" target=\"_blank\" rel=\"noopener noreferrer\">le 12 avril dernier, je publiai les 10 tendances des m\u00e9dias sociaux en entreprise en 2012<\/a> dans le cadre de <\/span><span style=\"color: #4f81bd;\"><a href=\"http:\/\/www.digitalparis.fr\/?IdNode=4380&amp;Lang=FR&amp;KM_Session=83b9cb95f15cb875257ec9feab030153\" target=\"_blank\" rel=\"noopener noreferrer\"><span style=\"color: #4f81bd;\">la conf\u00e9rence digitale Paris 2012<\/span><\/a><span style=\"color: #4f81bd;\">, anim\u00e9e de main de ma\u00eetre par <\/span><a href=\"https:\/\/www.facebook.com\/emmanuelvivier\" target=\"_blank\" rel=\"noopener noreferrer\"><span style=\"color: #4f81bd;\">Emmanuel Vivier<\/span><\/a><span style=\"color: #4f81bd;\">. Le post a eu pas mal de succ\u00e8s, malgr\u00e9 cette p\u00e9riode de vacances, et a d\u00e9pass\u00e9 les 220 tweets. H\u00e9las h\u00e9las \u2026 de tous ceux l\u00e0, seuls 2 dont <span class=\"removed_link\" title=\"http:\/\/www.blogpersonalbranding.com\/2012\/03\/photo-video-retour-sur-la-conference-mediaaces-sur-la-fin-des-medias-sociaux\/\">Fadhila Brahimi<\/span> &#8211; qui a l\u2019\u0153il affut\u00e9 \u2013 ont per\u00e7u que la 3\u00e8me tendance manquait. <\/span><span class=\"removed_link\" title=\"http:\/\/www.doppelganger.name\/2012\/04\/utiliser-les-concepts-de-guerilla.html?utm_source=feedburner&amp;utm_medium=feed&amp;utm_campaign=Feed%3A+doppelgangername+%28doppelganger.name%29\"><span style=\"color: #4f81bd;\">Alors je profite du jour du lancement du livre de Jacques Froissant (photo ci-dessus vol\u00e9e en toute amiti\u00e9 \u00e0 Emilie Ogez)<\/span><\/span><span style=\"color: #4f81bd;\"> pour rectifier cette erreur et souligner ce que la 3\u00e8me de ces tendances aurait d\u00fb \u00eatre. Pour ce faire, je vais reprendre un extrait de l&rsquo;a contribution que j\u2019ai effectu\u00e9e pour le livre avec mon comp\u00e8re <\/span><a href=\"http:\/\/twitter.com\/hervekabla\" target=\"_blank\" rel=\"noopener noreferrer\"><span style=\"color: #4f81bd;\">Herv\u00e9 Kabla<\/span><\/a><span style=\"color: #4f81bd;\"> de <\/span><span style=\"color: #4f81bd;\">Media Aces<\/span>. <\/span><\/em><\/p>\n<p><em><span style=\"color: #4f81bd;\">En lecture invers\u00e9e, on comprendra que si la tendance est de faire des r\u00e9seaux sociaux un outil incontournable de la recherche d\u2019emploi, les entreprises ne peuvent plus ignorer ce ph\u00e9nom\u00e8ne, et doivent m\u00eame l\u2019int\u00e9grer \u00e0 leurs politiques de marques employeur.<\/span><\/em><\/p>\n<blockquote class=\"quote-light\"><p><strong>\u201cPourquoi les r\u00e9seaux sociaux sont-ils devenus indispensables lors d\u2019une recherche d&#8217;emploi ?<\/strong><\/p>\n<p>En tout premier lieu, nous remonterons au milieu des ann\u00e9es 90, date \u00e0 laquelle l\u2019analyste irlandais Charles Handy, a d\u00e9crit la mont\u00e9e en puissance d&rsquo;une nouvelle forme de travail et de travailleurs, qu&rsquo;il a nomm\u00e9s les \u00ab analystes symboliques \u00bb. 15 ans plus tard, une \u00e9norme masse d&#8217;employ\u00e9s du domaine des services, dont nous faisons partie, constitue environ 70 % de la population active<span class=\"removed_link\" title=\"\/Users\/ygourven\/Documents\/blogposts\/#_ftn1_6790\"><\/span>[1] ; la th\u00e9orie de Charles Handy (<a href=\"http:\/\/bit.ly\/charleshandy\">http:\/\/bit.ly\/charleshandy<\/a>) r\u00e9sonne tout particuli\u00e8rement aujourd\u2019hui.<\/p>\n<p>La deuxi\u00e8me raison, c&rsquo;est que du fait de ce changement sociologique et structurel, le bon vieux curriculum vitae devient tr\u00e8s largement obsol\u00e8te de par sa rigidit\u00e9 et son c\u00f4t\u00e9 fig\u00e9, qui ne tient pas compte d\u2019un troisi\u00e8me \u00e9l\u00e9ment tr\u00e8s important, celui du contenu g\u00e9n\u00e9r\u00e9 par l&rsquo;utilisateur. Il existe un ensemble de contenus riches \u00e0 valeur ajout\u00e9e (issus des blogs, plates-formes de partage et r\u00e9seaux sociaux, sites d\u2019\u00e9changes de Bookmarks etc.) souvent produits par nos \u00ab analystes symboliques \u00bb qui peuvent ainsi enrichir leurs parcours en ajoutant ces contenus \u00e9labor\u00e9s. Les r\u00e9seaux sociaux, par leurs liens et leurs API ouvertes, permettent l\u2019agr\u00e9gation de ces contenus. LinkedIn l\u2019a particuli\u00e8rement bien compris et mis en \u0153uvre.\u201d<\/p>\n<p>[\u2026]<\/p>\n<p><a href=\"https:\/\/www.expertisme.com\/sortie-dulivre-guerrilla-marketing-pour-trouver-un-emploi-par-jacques-froissant-daltaide-partner\/\" target=\"_blank\" rel=\"noopener noreferrer\">la suite dans le livre de Jacques Froissant \u201cgu\u00e9rilla marketing pour les chercheurs d\u2019emploi\u201d aux \u00e9ditions diateino<\/a><\/p><\/blockquote>\n<hr align=\"left\" size=\"1\" width=\"33%\" \/>\n<p><span class=\"removed_link\" title=\"\/Users\/ygourven\/Documents\/blogposts\/#_ftnref1_6790\"><\/span>[1] 78% en France (<span class=\"removed_link\" title=\"http:\/\/wp.me\/pmy5-1ts\">http:\/\/wp.me\/pmy5-1ts<\/span>)<\/p>\n","protected":false},"excerpt":{"rendered":"<p>le 12 avril dernier, je publiai les 10 tendances des m\u00e9dias sociaux en entreprise en 2012 dans le cadre de la conf\u00e9rence digitale Paris 2012, anim\u00e9e de main de ma\u00eetre par Emmanuel Vivier. Le post a eu pas mal de succ\u00e8s, malgr\u00e9 cette p\u00e9riode de vacances, et a d\u00e9pass\u00e9 les 220 tweets. H\u00e9las h\u00e9las \u2026 de tous ceux l\u00e0, seuls 2 dont Fadhila Brahimi &#8211; qui a l\u2019\u0153il affut\u00e9 \u2013 ont per\u00e7u que la 3\u00e8me tendance manquait. Alors je profite du jour du lancement du livre de Jacques Froissant (photo ci-dessus vol\u00e9e en toute amiti\u00e9 \u00e0 Emilie Ogez) pour rectifier cette erreur et souligner ce que la 3\u00e8me de ces tendances aurait d\u00fb \u00eatre. Pour ce faire, je vais reprendre un extrait de l&rsquo;a contribution que j\u2019ai effectu\u00e9e pour le livre avec mon comp\u00e8re Herv\u00e9 Kabla de Media Aces.<\/p>\n","protected":false},"author":2,"featured_media":34061,"comment_status":"open","ping_status":"open","sticky":false,"template":"","format":"standard","meta":{"footnotes":""},"categories":[248],"tags":[],"class_list":["post-6237","post","type-post","status-publish","format-standard","has-post-thumbnail","hentry","category-livres-marketing"],"yoast_head":"<!-- This site is optimized with the Yoast SEO plugin v27.4 - https:\/\/yoast.com\/product\/yoast-seo-wordpress\/ -->\n<title>10 tendances des m\u00e9dias sociaux en entreprise en 2012 - correctif<\/title>\n<meta name=\"description\" content=\"le 12 avril dernier, je publiai les 10 tendances des m\u00e9dias sociaux en entreprise en 2012 dans le cadre de la conf\u00e9rence digitale Paris 2012, anim\u00e9e de main de ma\u00eetre par Emmanuel Vivier. Le post a eu pas mal de succ\u00e8s, malgr\u00e9 cette p\u00e9riode de vacances, et a d\u00e9pass\u00e9 les 220 tweets. H\u00e9las h\u00e9las \u2026 de tous ceux l\u00e0, seuls 2 dont Fadhila Brahimi - qui a l\u2019\u0153il affut\u00e9 \u2013 ont per\u00e7u que la 3\u00e8me tendance manquait. Alors je profite du jour du lancement du livre de Jacques Froissant (photo ci-dessus vol\u00e9e en toute amiti\u00e9 \u00e0 Emilie Ogez) pour rectifier cette erreur et souligner ce que la 3\u00e8me de ces tendances aurait d\u00fb \u00eatre. Pour ce faire, je vais reprendre un extrait de l&#039;a contribution que j\u2019ai effectu\u00e9e pour le livre avec mon comp\u00e8re Herv\u00e9 Kabla de Media Aces.\" \/>\n<meta name=\"robots\" content=\"index, follow, max-snippet:-1, max-image-preview:large, max-video-preview:-1\" \/>\n<link rel=\"canonical\" href=\"https:\/\/visionarymarketing.com\/fr\/2012\/04\/26\/10-tendances-des-mdias-sociaux-en-entreprise-en-2012retour-sur-images\/\" \/>\n<meta property=\"og:locale\" content=\"fr_FR\" \/>\n<meta property=\"og:type\" content=\"article\" \/>\n<meta property=\"og:title\" content=\"10 tendances des m\u00e9dias sociaux en entreprise en 2012 - correctif\" \/>\n<meta property=\"og:description\" content=\"le 12 avril dernier, je publiai les 10 tendances des m\u00e9dias sociaux en entreprise en 2012 dans le cadre de la conf\u00e9rence digitale Paris 2012, anim\u00e9e de main de ma\u00eetre par Emmanuel Vivier. Le post a eu pas mal de succ\u00e8s, malgr\u00e9 cette p\u00e9riode de vacances, et a d\u00e9pass\u00e9 les 220 tweets. H\u00e9las h\u00e9las \u2026 de tous ceux l\u00e0, seuls 2 dont Fadhila Brahimi - qui a l\u2019\u0153il affut\u00e9 \u2013 ont per\u00e7u que la 3\u00e8me tendance manquait. Alors je profite du jour du lancement du livre de Jacques Froissant (photo ci-dessus vol\u00e9e en toute amiti\u00e9 \u00e0 Emilie Ogez) pour rectifier cette erreur et souligner ce que la 3\u00e8me de ces tendances aurait d\u00fb \u00eatre. Pour ce faire, je vais reprendre un extrait de l&#039;a contribution que j\u2019ai effectu\u00e9e pour le livre avec mon comp\u00e8re Herv\u00e9 Kabla de Media Aces.\" \/>\n<meta property=\"og:url\" content=\"https:\/\/visionarymarketing.com\/fr\/2012\/04\/26\/10-tendances-des-mdias-sociaux-en-entreprise-en-2012retour-sur-images\/\" \/>\n<meta property=\"og:site_name\" content=\"Marketing and Innovation\" \/>\n<meta property=\"article:publisher\" content=\"https:\/\/www.facebook.com\/vismktg\" \/>\n<meta property=\"article:author\" content=\"http:\/\/facebook.com\/ygourven\" \/>\n<meta property=\"article:published_time\" content=\"2012-04-26T15:45:41+00:00\" \/>\n<meta property=\"article:modified_time\" content=\"2024-07-11T12:58:40+00:00\" \/>\n<meta property=\"og:image\" content=\"https:\/\/visionarymarketing.com\/wp-content\/uploads\/2019\/11\/48112468851_8a0cd1d162_c.jpg\" \/>\n\t<meta property=\"og:image:width\" content=\"644\" \/>\n\t<meta property=\"og:image:height\" content=\"430\" \/>\n\t<meta property=\"og:image:type\" content=\"image\/jpeg\" \/>\n<meta name=\"author\" content=\"Yann Gourvennec\" \/>\n<meta name=\"twitter:card\" content=\"summary_large_image\" \/>\n<meta name=\"twitter:creator\" content=\"@ygourven\" \/>\n<meta name=\"twitter:site\" content=\"@ygourven\" \/>\n<meta name=\"twitter:label1\" content=\"\u00c9crit par\" \/>\n\t<meta name=\"twitter:data1\" content=\"Yann Gourvennec\" \/>\n\t<meta name=\"twitter:label2\" content=\"Dur\u00e9e de lecture estim\u00e9e\" \/>\n\t<meta name=\"twitter:data2\" content=\"2 minutes\" \/>\n<script type=\"application\/ld+json\" class=\"yoast-schema-graph\">{\"@context\":\"https:\\\/\\\/schema.org\",\"@graph\":[{\"@type\":\"NewsArticle\",\"@id\":\"https:\\\/\\\/visionarymarketing.com\\\/fr\\\/2012\\\/04\\\/26\\\/10-tendances-des-mdias-sociaux-en-entreprise-en-2012retour-sur-images\\\/#article\",\"isPartOf\":{\"@id\":\"https:\\\/\\\/visionarymarketing.com\\\/fr\\\/2012\\\/04\\\/26\\\/10-tendances-des-mdias-sociaux-en-entreprise-en-2012retour-sur-images\\\/\"},\"author\":{\"name\":\"Yann Gourvennec\",\"@id\":\"https:\\\/\\\/visionarymarketing.com\\\/fr\\\/#\\\/schema\\\/person\\\/3754fee1e558f47b8deb46f53c37423e\"},\"headline\":\"10 tendances des m\u00e9dias sociaux en entreprise en 2012 &#8211; correctif\",\"datePublished\":\"2012-04-26T15:45:41+00:00\",\"dateModified\":\"2024-07-11T12:58:40+00:00\",\"mainEntityOfPage\":{\"@id\":\"https:\\\/\\\/visionarymarketing.com\\\/fr\\\/2012\\\/04\\\/26\\\/10-tendances-des-mdias-sociaux-en-entreprise-en-2012retour-sur-images\\\/\"},\"wordCount\":458,\"commentCount\":0,\"image\":{\"@id\":\"https:\\\/\\\/visionarymarketing.com\\\/fr\\\/2012\\\/04\\\/26\\\/10-tendances-des-mdias-sociaux-en-entreprise-en-2012retour-sur-images\\\/#primaryimage\"},\"thumbnailUrl\":\"https:\\\/\\\/visionarymarketing.com\\\/wp-content\\\/uploads\\\/2019\\\/11\\\/48112468851_8a0cd1d162_c.jpg\",\"articleSection\":[\"livres marketing\"],\"inLanguage\":\"fr-FR\",\"potentialAction\":[{\"@type\":\"CommentAction\",\"name\":\"Comment\",\"target\":[\"https:\\\/\\\/visionarymarketing.com\\\/fr\\\/2012\\\/04\\\/26\\\/10-tendances-des-mdias-sociaux-en-entreprise-en-2012retour-sur-images\\\/#respond\"]}]},{\"@type\":\"WebPage\",\"@id\":\"https:\\\/\\\/visionarymarketing.com\\\/fr\\\/2012\\\/04\\\/26\\\/10-tendances-des-mdias-sociaux-en-entreprise-en-2012retour-sur-images\\\/\",\"url\":\"https:\\\/\\\/visionarymarketing.com\\\/fr\\\/2012\\\/04\\\/26\\\/10-tendances-des-mdias-sociaux-en-entreprise-en-2012retour-sur-images\\\/\",\"name\":\"10 tendances des m\u00e9dias sociaux en entreprise en 2012 - correctif\",\"isPartOf\":{\"@id\":\"https:\\\/\\\/visionarymarketing.com\\\/fr\\\/#website\"},\"primaryImageOfPage\":{\"@id\":\"https:\\\/\\\/visionarymarketing.com\\\/fr\\\/2012\\\/04\\\/26\\\/10-tendances-des-mdias-sociaux-en-entreprise-en-2012retour-sur-images\\\/#primaryimage\"},\"image\":{\"@id\":\"https:\\\/\\\/visionarymarketing.com\\\/fr\\\/2012\\\/04\\\/26\\\/10-tendances-des-mdias-sociaux-en-entreprise-en-2012retour-sur-images\\\/#primaryimage\"},\"thumbnailUrl\":\"https:\\\/\\\/visionarymarketing.com\\\/wp-content\\\/uploads\\\/2019\\\/11\\\/48112468851_8a0cd1d162_c.jpg\",\"datePublished\":\"2012-04-26T15:45:41+00:00\",\"dateModified\":\"2024-07-11T12:58:40+00:00\",\"author\":{\"@id\":\"https:\\\/\\\/visionarymarketing.com\\\/fr\\\/#\\\/schema\\\/person\\\/3754fee1e558f47b8deb46f53c37423e\"},\"description\":\"le 12 avril dernier, je publiai les 10 tendances des m\u00e9dias sociaux en entreprise en 2012 dans le cadre de la conf\u00e9rence digitale Paris 2012, anim\u00e9e de main de ma\u00eetre par Emmanuel Vivier. Le post a eu pas mal de succ\u00e8s, malgr\u00e9 cette p\u00e9riode de vacances, et a d\u00e9pass\u00e9 les 220 tweets. H\u00e9las h\u00e9las \u2026 de tous ceux l\u00e0, seuls 2 dont Fadhila Brahimi - qui a l\u2019\u0153il affut\u00e9 \u2013 ont per\u00e7u que la 3\u00e8me tendance manquait. Alors je profite du jour du lancement du livre de Jacques Froissant (photo ci-dessus vol\u00e9e en toute amiti\u00e9 \u00e0 Emilie Ogez) pour rectifier cette erreur et souligner ce que la 3\u00e8me de ces tendances aurait d\u00fb \u00eatre. Pour ce faire, je vais reprendre un extrait de l'a contribution que j\u2019ai effectu\u00e9e pour le livre avec mon comp\u00e8re Herv\u00e9 Kabla de Media Aces.\",\"breadcrumb\":{\"@id\":\"https:\\\/\\\/visionarymarketing.com\\\/fr\\\/2012\\\/04\\\/26\\\/10-tendances-des-mdias-sociaux-en-entreprise-en-2012retour-sur-images\\\/#breadcrumb\"},\"inLanguage\":\"fr-FR\",\"potentialAction\":[{\"@type\":\"ReadAction\",\"target\":[\"https:\\\/\\\/visionarymarketing.com\\\/fr\\\/2012\\\/04\\\/26\\\/10-tendances-des-mdias-sociaux-en-entreprise-en-2012retour-sur-images\\\/\"]}]},{\"@type\":\"ImageObject\",\"inLanguage\":\"fr-FR\",\"@id\":\"https:\\\/\\\/visionarymarketing.com\\\/fr\\\/2012\\\/04\\\/26\\\/10-tendances-des-mdias-sociaux-en-entreprise-en-2012retour-sur-images\\\/#primaryimage\",\"url\":\"https:\\\/\\\/visionarymarketing.com\\\/wp-content\\\/uploads\\\/2019\\\/11\\\/48112468851_8a0cd1d162_c.jpg\",\"contentUrl\":\"https:\\\/\\\/visionarymarketing.com\\\/wp-content\\\/uploads\\\/2019\\\/11\\\/48112468851_8a0cd1d162_c.jpg\",\"width\":644,\"height\":430},{\"@type\":\"BreadcrumbList\",\"@id\":\"https:\\\/\\\/visionarymarketing.com\\\/fr\\\/2012\\\/04\\\/26\\\/10-tendances-des-mdias-sociaux-en-entreprise-en-2012retour-sur-images\\\/#breadcrumb\",\"itemListElement\":[{\"@type\":\"ListItem\",\"position\":1,\"name\":\"Home\",\"item\":\"https:\\\/\\\/visionarymarketing.com\\\/fr\\\/\"},{\"@type\":\"ListItem\",\"position\":2,\"name\":\"10 tendances des m\u00e9dias sociaux en entreprise en 2012 &#8211; correctif\"}]},{\"@type\":\"WebSite\",\"@id\":\"https:\\\/\\\/visionarymarketing.com\\\/fr\\\/#website\",\"url\":\"https:\\\/\\\/visionarymarketing.com\\\/fr\\\/\",\"name\":\"Marketing and Innovation\",\"description\":\"Site d&#039;infos ind\u00e9pendant, depuis 1996\",\"potentialAction\":[{\"@type\":\"SearchAction\",\"target\":{\"@type\":\"EntryPoint\",\"urlTemplate\":\"https:\\\/\\\/visionarymarketing.com\\\/fr\\\/?s={search_term_string}\"},\"query-input\":{\"@type\":\"PropertyValueSpecification\",\"valueRequired\":true,\"valueName\":\"search_term_string\"}}],\"inLanguage\":\"fr-FR\"},{\"@type\":\"Person\",\"@id\":\"https:\\\/\\\/visionarymarketing.com\\\/fr\\\/#\\\/schema\\\/person\\\/3754fee1e558f47b8deb46f53c37423e\",\"name\":\"Yann Gourvennec\",\"image\":{\"@type\":\"ImageObject\",\"inLanguage\":\"fr-FR\",\"@id\":\"https:\\\/\\\/secure.gravatar.com\\\/avatar\\\/5972001801e8de5692a3e31224e85769f50a55fb8b679749f9c8d1868cceff14?s=96&d=initials&r=g&initials=yg\",\"url\":\"https:\\\/\\\/secure.gravatar.com\\\/avatar\\\/5972001801e8de5692a3e31224e85769f50a55fb8b679749f9c8d1868cceff14?s=96&d=initials&r=g&initials=yg\",\"contentUrl\":\"https:\\\/\\\/secure.gravatar.com\\\/avatar\\\/5972001801e8de5692a3e31224e85769f50a55fb8b679749f9c8d1868cceff14?s=96&d=initials&r=g&initials=yg\",\"caption\":\"Yann Gourvennec\"},\"description\":\"Yann Gourvennec created visionarymarketing.com in 1996. He is a speaker and author of many books. In 2014 he went from intrapreneur to entrepreneur, when he created his digital marketing agency. Yann Gourvennec a cr\u00e9\u00e9 visionarymarketing.com en 1996. Il est conf\u00e9rencier et auteur de plusieurs livres. En 2014, il est pass\u00e9 d'intrapreneur \u00e0 entrepreneur en cr\u00e9ant son agence de marketing num\u00e9rique.\",\"sameAs\":[\"https:\\\/\\\/visionarymarketing.com\",\"http:\\\/\\\/facebook.com\\\/ygourven\",\"http:\\\/\\\/linkedin.com\\\/in\\\/ygourven\",\"https:\\\/\\\/x.com\\\/ygourven\",\"https:\\\/\\\/www.youtube.com\\\/c\\\/visionarymarketingagency\"],\"url\":\"https:\\\/\\\/visionarymarketing.com\\\/fr\\\/author\\\/yann-gourvennec\\\/\"}]}<\/script>\n<!-- \/ Yoast SEO plugin. -->","yoast_head_json":{"title":"10 tendances des m\u00e9dias sociaux en entreprise en 2012 - correctif","description":"le 12 avril dernier, je publiai les 10 tendances des m\u00e9dias sociaux en entreprise en 2012 dans le cadre de la conf\u00e9rence digitale Paris 2012, anim\u00e9e de main de ma\u00eetre par Emmanuel Vivier. Le post a eu pas mal de succ\u00e8s, malgr\u00e9 cette p\u00e9riode de vacances, et a d\u00e9pass\u00e9 les 220 tweets. H\u00e9las h\u00e9las \u2026 de tous ceux l\u00e0, seuls 2 dont Fadhila Brahimi - qui a l\u2019\u0153il affut\u00e9 \u2013 ont per\u00e7u que la 3\u00e8me tendance manquait. Alors je profite du jour du lancement du livre de Jacques Froissant (photo ci-dessus vol\u00e9e en toute amiti\u00e9 \u00e0 Emilie Ogez) pour rectifier cette erreur et souligner ce que la 3\u00e8me de ces tendances aurait d\u00fb \u00eatre. Pour ce faire, je vais reprendre un extrait de l'a contribution que j\u2019ai effectu\u00e9e pour le livre avec mon comp\u00e8re Herv\u00e9 Kabla de Media Aces.","robots":{"index":"index","follow":"follow","max-snippet":"max-snippet:-1","max-image-preview":"max-image-preview:large","max-video-preview":"max-video-preview:-1"},"canonical":"https:\/\/visionarymarketing.com\/fr\/2012\/04\/26\/10-tendances-des-mdias-sociaux-en-entreprise-en-2012retour-sur-images\/","og_locale":"fr_FR","og_type":"article","og_title":"10 tendances des m\u00e9dias sociaux en entreprise en 2012 - correctif","og_description":"le 12 avril dernier, je publiai les 10 tendances des m\u00e9dias sociaux en entreprise en 2012 dans le cadre de la conf\u00e9rence digitale Paris 2012, anim\u00e9e de main de ma\u00eetre par Emmanuel Vivier. Le post a eu pas mal de succ\u00e8s, malgr\u00e9 cette p\u00e9riode de vacances, et a d\u00e9pass\u00e9 les 220 tweets. H\u00e9las h\u00e9las \u2026 de tous ceux l\u00e0, seuls 2 dont Fadhila Brahimi - qui a l\u2019\u0153il affut\u00e9 \u2013 ont per\u00e7u que la 3\u00e8me tendance manquait. Alors je profite du jour du lancement du livre de Jacques Froissant (photo ci-dessus vol\u00e9e en toute amiti\u00e9 \u00e0 Emilie Ogez) pour rectifier cette erreur et souligner ce que la 3\u00e8me de ces tendances aurait d\u00fb \u00eatre. Pour ce faire, je vais reprendre un extrait de l'a contribution que j\u2019ai effectu\u00e9e pour le livre avec mon comp\u00e8re Herv\u00e9 Kabla de Media Aces.","og_url":"https:\/\/visionarymarketing.com\/fr\/2012\/04\/26\/10-tendances-des-mdias-sociaux-en-entreprise-en-2012retour-sur-images\/","og_site_name":"Marketing and Innovation","article_publisher":"https:\/\/www.facebook.com\/vismktg","article_author":"http:\/\/facebook.com\/ygourven","article_published_time":"2012-04-26T15:45:41+00:00","article_modified_time":"2024-07-11T12:58:40+00:00","og_image":[{"width":644,"height":430,"url":"https:\/\/visionarymarketing.com\/wp-content\/uploads\/2019\/11\/48112468851_8a0cd1d162_c.jpg","type":"image\/jpeg"}],"author":"Yann Gourvennec","twitter_card":"summary_large_image","twitter_creator":"@ygourven","twitter_site":"@ygourven","twitter_misc":{"\u00c9crit par":"Yann Gourvennec","Dur\u00e9e de lecture estim\u00e9e":"2 minutes"},"schema":{"@context":"https:\/\/schema.org","@graph":[{"@type":"NewsArticle","@id":"https:\/\/visionarymarketing.com\/fr\/2012\/04\/26\/10-tendances-des-mdias-sociaux-en-entreprise-en-2012retour-sur-images\/#article","isPartOf":{"@id":"https:\/\/visionarymarketing.com\/fr\/2012\/04\/26\/10-tendances-des-mdias-sociaux-en-entreprise-en-2012retour-sur-images\/"},"author":{"name":"Yann Gourvennec","@id":"https:\/\/visionarymarketing.com\/fr\/#\/schema\/person\/3754fee1e558f47b8deb46f53c37423e"},"headline":"10 tendances des m\u00e9dias sociaux en entreprise en 2012 &#8211; correctif","datePublished":"2012-04-26T15:45:41+00:00","dateModified":"2024-07-11T12:58:40+00:00","mainEntityOfPage":{"@id":"https:\/\/visionarymarketing.com\/fr\/2012\/04\/26\/10-tendances-des-mdias-sociaux-en-entreprise-en-2012retour-sur-images\/"},"wordCount":458,"commentCount":0,"image":{"@id":"https:\/\/visionarymarketing.com\/fr\/2012\/04\/26\/10-tendances-des-mdias-sociaux-en-entreprise-en-2012retour-sur-images\/#primaryimage"},"thumbnailUrl":"https:\/\/visionarymarketing.com\/wp-content\/uploads\/2019\/11\/48112468851_8a0cd1d162_c.jpg","articleSection":["livres marketing"],"inLanguage":"fr-FR","potentialAction":[{"@type":"CommentAction","name":"Comment","target":["https:\/\/visionarymarketing.com\/fr\/2012\/04\/26\/10-tendances-des-mdias-sociaux-en-entreprise-en-2012retour-sur-images\/#respond"]}]},{"@type":"WebPage","@id":"https:\/\/visionarymarketing.com\/fr\/2012\/04\/26\/10-tendances-des-mdias-sociaux-en-entreprise-en-2012retour-sur-images\/","url":"https:\/\/visionarymarketing.com\/fr\/2012\/04\/26\/10-tendances-des-mdias-sociaux-en-entreprise-en-2012retour-sur-images\/","name":"10 tendances des m\u00e9dias sociaux en entreprise en 2012 - correctif","isPartOf":{"@id":"https:\/\/visionarymarketing.com\/fr\/#website"},"primaryImageOfPage":{"@id":"https:\/\/visionarymarketing.com\/fr\/2012\/04\/26\/10-tendances-des-mdias-sociaux-en-entreprise-en-2012retour-sur-images\/#primaryimage"},"image":{"@id":"https:\/\/visionarymarketing.com\/fr\/2012\/04\/26\/10-tendances-des-mdias-sociaux-en-entreprise-en-2012retour-sur-images\/#primaryimage"},"thumbnailUrl":"https:\/\/visionarymarketing.com\/wp-content\/uploads\/2019\/11\/48112468851_8a0cd1d162_c.jpg","datePublished":"2012-04-26T15:45:41+00:00","dateModified":"2024-07-11T12:58:40+00:00","author":{"@id":"https:\/\/visionarymarketing.com\/fr\/#\/schema\/person\/3754fee1e558f47b8deb46f53c37423e"},"description":"le 12 avril dernier, je publiai les 10 tendances des m\u00e9dias sociaux en entreprise en 2012 dans le cadre de la conf\u00e9rence digitale Paris 2012, anim\u00e9e de main de ma\u00eetre par Emmanuel Vivier. Le post a eu pas mal de succ\u00e8s, malgr\u00e9 cette p\u00e9riode de vacances, et a d\u00e9pass\u00e9 les 220 tweets. H\u00e9las h\u00e9las \u2026 de tous ceux l\u00e0, seuls 2 dont Fadhila Brahimi - qui a l\u2019\u0153il affut\u00e9 \u2013 ont per\u00e7u que la 3\u00e8me tendance manquait. Alors je profite du jour du lancement du livre de Jacques Froissant (photo ci-dessus vol\u00e9e en toute amiti\u00e9 \u00e0 Emilie Ogez) pour rectifier cette erreur et souligner ce que la 3\u00e8me de ces tendances aurait d\u00fb \u00eatre. Pour ce faire, je vais reprendre un extrait de l'a contribution que j\u2019ai effectu\u00e9e pour le livre avec mon comp\u00e8re Herv\u00e9 Kabla de Media Aces.","breadcrumb":{"@id":"https:\/\/visionarymarketing.com\/fr\/2012\/04\/26\/10-tendances-des-mdias-sociaux-en-entreprise-en-2012retour-sur-images\/#breadcrumb"},"inLanguage":"fr-FR","potentialAction":[{"@type":"ReadAction","target":["https:\/\/visionarymarketing.com\/fr\/2012\/04\/26\/10-tendances-des-mdias-sociaux-en-entreprise-en-2012retour-sur-images\/"]}]},{"@type":"ImageObject","inLanguage":"fr-FR","@id":"https:\/\/visionarymarketing.com\/fr\/2012\/04\/26\/10-tendances-des-mdias-sociaux-en-entreprise-en-2012retour-sur-images\/#primaryimage","url":"https:\/\/visionarymarketing.com\/wp-content\/uploads\/2019\/11\/48112468851_8a0cd1d162_c.jpg","contentUrl":"https:\/\/visionarymarketing.com\/wp-content\/uploads\/2019\/11\/48112468851_8a0cd1d162_c.jpg","width":644,"height":430},{"@type":"BreadcrumbList","@id":"https:\/\/visionarymarketing.com\/fr\/2012\/04\/26\/10-tendances-des-mdias-sociaux-en-entreprise-en-2012retour-sur-images\/#breadcrumb","itemListElement":[{"@type":"ListItem","position":1,"name":"Home","item":"https:\/\/visionarymarketing.com\/fr\/"},{"@type":"ListItem","position":2,"name":"10 tendances des m\u00e9dias sociaux en entreprise en 2012 &#8211; correctif"}]},{"@type":"WebSite","@id":"https:\/\/visionarymarketing.com\/fr\/#website","url":"https:\/\/visionarymarketing.com\/fr\/","name":"Marketing and Innovation","description":"Site d&#039;infos ind\u00e9pendant, depuis 1996","potentialAction":[{"@type":"SearchAction","target":{"@type":"EntryPoint","urlTemplate":"https:\/\/visionarymarketing.com\/fr\/?s={search_term_string}"},"query-input":{"@type":"PropertyValueSpecification","valueRequired":true,"valueName":"search_term_string"}}],"inLanguage":"fr-FR"},{"@type":"Person","@id":"https:\/\/visionarymarketing.com\/fr\/#\/schema\/person\/3754fee1e558f47b8deb46f53c37423e","name":"Yann Gourvennec","image":{"@type":"ImageObject","inLanguage":"fr-FR","@id":"https:\/\/secure.gravatar.com\/avatar\/5972001801e8de5692a3e31224e85769f50a55fb8b679749f9c8d1868cceff14?s=96&d=initials&r=g&initials=yg","url":"https:\/\/secure.gravatar.com\/avatar\/5972001801e8de5692a3e31224e85769f50a55fb8b679749f9c8d1868cceff14?s=96&d=initials&r=g&initials=yg","contentUrl":"https:\/\/secure.gravatar.com\/avatar\/5972001801e8de5692a3e31224e85769f50a55fb8b679749f9c8d1868cceff14?s=96&d=initials&r=g&initials=yg","caption":"Yann Gourvennec"},"description":"Yann Gourvennec created visionarymarketing.com in 1996. He is a speaker and author of many books. In 2014 he went from intrapreneur to entrepreneur, when he created his digital marketing agency. Yann Gourvennec a cr\u00e9\u00e9 visionarymarketing.com en 1996. Il est conf\u00e9rencier et auteur de plusieurs livres. En 2014, il est pass\u00e9 d'intrapreneur \u00e0 entrepreneur en cr\u00e9ant son agence de marketing num\u00e9rique.","sameAs":["https:\/\/visionarymarketing.com","http:\/\/facebook.com\/ygourven","http:\/\/linkedin.com\/in\/ygourven","https:\/\/x.com\/ygourven","https:\/\/www.youtube.com\/c\/visionarymarketingagency"],"url":"https:\/\/visionarymarketing.com\/fr\/author\/yann-gourvennec\/"}]}},"_links":{"self":[{"href":"https:\/\/visionarymarketing.com\/fr\/wp-json\/wp\/v2\/posts\/6237","targetHints":{"allow":["GET"]}}],"collection":[{"href":"https:\/\/visionarymarketing.com\/fr\/wp-json\/wp\/v2\/posts"}],"about":[{"href":"https:\/\/visionarymarketing.com\/fr\/wp-json\/wp\/v2\/types\/post"}],"author":[{"embeddable":true,"href":"https:\/\/visionarymarketing.com\/fr\/wp-json\/wp\/v2\/users\/2"}],"replies":[{"embeddable":true,"href":"https:\/\/visionarymarketing.com\/fr\/wp-json\/wp\/v2\/comments?post=6237"}],"version-history":[{"count":0,"href":"https:\/\/visionarymarketing.com\/fr\/wp-json\/wp\/v2\/posts\/6237\/revisions"}],"wp:featuredmedia":[{"embeddable":true,"href":"https:\/\/visionarymarketing.com\/fr\/wp-json\/wp\/v2\/media\/34061"}],"wp:attachment":[{"href":"https:\/\/visionarymarketing.com\/fr\/wp-json\/wp\/v2\/media?parent=6237"}],"wp:term":[{"taxonomy":"category","embeddable":true,"href":"https:\/\/visionarymarketing.com\/fr\/wp-json\/wp\/v2\/categories?post=6237"},{"taxonomy":"post_tag","embeddable":true,"href":"https:\/\/visionarymarketing.com\/fr\/wp-json\/wp\/v2\/tags?post=6237"}],"curies":[{"name":"wp","href":"https:\/\/api.w.org\/{rel}","templated":true}]}}