{"id":6229,"date":"2012-04-25T07:30:00","date_gmt":"2012-04-25T07:30:00","guid":{"rendered":"https:\/\/visionary.wordpress.com\/?p=6229"},"modified":"2021-03-14T19:43:40","modified_gmt":"2021-03-14T18:43:40","slug":"medias-sociaux-europe","status":"publish","type":"post","link":"https:\/\/visionarymarketing.com\/fr\/2012\/04\/25\/medias-sociaux-europe\/","title":{"rendered":"Meilleures pratiques des m\u00e9dias sociaux en Europe"},"content":{"rendered":"<p><span style=\"color: #646b86;\"><em>Quelles sont les meilleures pratiques des m\u00e9dias sociaux en Europe. Je prendrai bient\u00f4t part au <\/em><\/span><span class=\"removed_link\" title=\"http:\/\/www.usefulsocialmedia.com\/b2c\"><span style=\"color: #646b86;\"><em><a href=\"https:\/\/visionarymarketing.com\/fr\/2018\/10\/strategie-de-contenus\/\">Social Media<\/a> B2C Marketing Summit<\/em><\/span><\/span><span style=\"color: #646b86;\"><em> qui aura lieu \u00e0 Londres les 25 et 26 juin 2012 et alors que je pr\u00e9pare mon intervention, je suis revenu sur le <\/em><span class=\"removed_link\" title=\"http:\/\/usefulsocialmedia.com\/b2c\/conference-event-brochure.php\"><em>programme de cette conf\u00e9rence<\/em><\/span><em>\u00a0 et je me suis rendu compte qu\u2019il ne sagissait pas d\u2019un rassemblement parmi tant d\u2019autres mais bien de <\/em><span style=\"text-decoration: underline;\">la<\/span><em>\u00a0<\/em><\/span><span style=\"color: #646b86;\"><em>conf\u00e9rence sur les m\u00e9dias sociaux en entreprise en Europe\u2026 Le panel de marques repr\u00e9sent\u00e9 est absolument remarquable et il \u00e9tait temps de faire quelque chose qui soit au niveau de <\/em><\/span><em><span style=\"color: #646b86;\"><a href=\"https:\/\/web.archive.org\/web\/20170915133159\/https:\/\/socialmedia.org\/blogwell\/\" target=\"_blank\" rel=\"noopener noreferrer\">Blogwell aux Etats Unis.<\/a> C\u2019est chose faite, voil\u00e0 donc un \u00e9v\u00e9nement que vous ne devriez pas rater !\u00a0<\/span><\/em><\/p>\n<h2>Meilleures pratiques europ\u00e9ennes en m\u00e9dias sociaux<\/h2>\n<p>&nbsp;<\/p>\n<p>Le pitch<\/p>\n<p>Sommet du marketing des m\u00e9dias sociaux (25-26 juin, Londres, Royaume-Uni)<br \/>\nLes m\u00e9dias sociaux repr\u00e9sentent une opportunit\u00e9 marketing croissante pour les entreprises qui souhaitent s&rsquo;engager directement aupr\u00e8s de leurs consommateurs. La croissance ph\u00e9nom\u00e9nale de l&rsquo;activit\u00e9 des m\u00e9dias sociaux signifie que les consommateurs interagissent d\u00e9sormais avec leurs marques pr\u00e9f\u00e9r\u00e9es et v\u00e9rifient r\u00e9guli\u00e8rement les derni\u00e8res mises \u00e0 jour en ligne.<\/p>\n<p><span class=\"removed_link\" title=\"http:\/\/live.orange.com\/en\"><strong>Orange<\/strong><\/span><strong>, <\/strong><a href=\"http:\/\/heineken.com\" target=\"_blank\" rel=\"noopener noreferrer\"><strong>Heineken<\/strong><\/a><strong>, <\/strong><a href=\"http:\/\/unilever.com\" target=\"_blank\" rel=\"noopener noreferrer\"><strong>Unilever<\/strong><\/a><strong> et <\/strong><a href=\"https:\/\/www.klm.com\/home\/us\/en\" target=\"_blank\" rel=\"noopener noreferrer\"><strong>KLM<\/strong><\/a> \u00a0sont quelques-unes des marques qui ont int\u00e9gr\u00e9 les m\u00e9dias sociaux dans leurs campagnes de marketing. Rejoignez ces grandes marques les 25 et 26 juin au sommet 2012 du marketing des m\u00e9dias sociaux, \u00e0 Londres<strong><span class=\"removed_link\" title=\"http:\/\/www.usefulsocialmedia.com\/b2c\">.<\/span><\/strong><\/p>\n<p><span class=\"removed_link\" title=\"http:\/\/usefulsocialmedia.com\/b2c\/conference-event-brochure.php\"><img decoding=\"async\" style=\"background-image: none; padding-left: 0; padding-right: 0; display: block; float: none; margin-left: auto; margin-right: auto; padding-top: 0; border-width: 0;\" title=\"useful socialmedia b2c conference in London - June 2012\" src=\"https:\/\/visionarymarketing.com\/wp-content\/uploads\/2012\/04\/usefulsocialmedia.jpg\" alt=\"usefulsocialmedia\" width=\"844\" height=\"804\" border=\"0\" \/><\/span><\/p>\n<p>Learn how to deliver engaging and interactive marketing tactics to entice your consumers to engage with your brand. <span class=\"removed_link\" title=\"http:\/\/o2.com\">O2<\/span>, <a href=\"http:\/\/honda.com\" target=\"_blank\" rel=\"noopener noreferrer\">Honda<\/a>, <a href=\"http:\/\/tomtom.com\" target=\"_blank\" rel=\"noopener noreferrer\">Tom Tom<\/a>, <a href=\"http:\/\/barclaycard.co.uk\" target=\"_blank\" rel=\"noopener noreferrer\">Barclaycard<\/a> and many more <strong>will share exclusive case studies, their everyday experiences and best practice, so you can improve your social media marketing efforts<\/strong>.<\/p>\n<p>\u00e0 propos de ma pr\u00e9sentation au sommet<\/p>\n<p>Orange est tr\u00e8s actif dans l&rsquo;espace des m\u00e9dias sociaux depuis le d\u00e9but de l&rsquo;ann\u00e9e 2008 et dispose d\u00e9sormais d&rsquo;une base de plus de 3 millions de fans en ligne. Avec une pr\u00e9sence sur Twitter,<br \/>\nGoogle+ et Dailymotion &#8211; dont Orange est actionnaire &#8211; Orange a l&rsquo;exp\u00e9rience de l&rsquo;utilisation de plusieurs r\u00e9seaux et sait quels sont les meilleurs r\u00e9seaux pour diff\u00e9rents types de marketing. D\u00e9couvrez comment ce g\u00e9ant des t\u00e9l\u00e9communications choisit les diff\u00e9rentes plateformes sociales pour s&rsquo;engager aupr\u00e8s de sa communaut\u00e9 et atteindre ses objectifs marketing.<\/p>\n<p>Comment choisir les outils qui vous conviennent : d\u00e9couvrez comment Orange choisit le r\u00e9seau social qui lui convient le mieux et comment vous pouvez d\u00e9cider en fonction des objectifs de votre organisation.<br \/>\nd\u00e9couvrez quelles sont les plateformes sociales les plus efficaces pour commercialiser votre marque et d\u00e9velopper sa notori\u00e9t\u00e9 :\u00a0 Orange vous dira quelles sont celles qui ont le mieux fonctionn\u00e9 pour eux et pourquoi.<br \/>\nd\u00e9couvrez pourquoi Orange ne se contente pas de Facebook et Twitter : d\u00e9couvrez quels autres r\u00e9seaux sociaux vous devriez utiliser et comment ils peuvent contribuer \u00e0 votre marketing en ligne.<\/p>\n","protected":false},"excerpt":{"rendered":"<p>Je prendrai bient\u00f4t part au Social Media B2C Marketing Summit qui aura lieu \u00e0 Londres les 25 et 26 juin 2012 et alors que je pr\u00e9pare mon intervention, je suis revenu sur le programme de cette conf\u00e9rence  et je me suis rendu compte qu\u2019il ne sagissait pas d\u2019un rassemblement parmi tant d\u2019autres mais bien de la conf\u00e9rence sur les m\u00e9dias sociaux en entreprise en Europe\u2026 Le panel de marques repr\u00e9sent\u00e9 est absolument remarquable et il \u00e9tait temps de faire quelque chose qui soit au niveau de Blogwell aux Etats Unis. C\u2019est chose faite, voil\u00e0 donc un \u00e9v\u00e9nement que vous ne devriez pas rater, d\u2019autant plus que je vous offre une jolie remise ! Le reste des explications en Anglais ci-dessous :<\/p>\n","protected":false},"author":2,"featured_media":43714,"comment_status":"open","ping_status":"open","sticky":false,"template":"","format":"standard","meta":{"footnotes":""},"categories":[25],"tags":[],"class_list":["post-6229","post","type-post","status-publish","format-standard","has-post-thumbnail","hentry","category-medias-sociaux"],"yoast_head":"<!-- This site is optimized with the Yoast SEO plugin v27.4 - https:\/\/yoast.com\/product\/yoast-seo-wordpress\/ -->\n<title>Meilleures pratiques des m\u00e9dias sociaux en Europe<\/title>\n<meta name=\"description\" content=\"Quelles sont les meilleures pratiques des m\u00e9dias sociaux en Europe. Je prendrai bient\u00f4t part au Social Media B2C Marketing Summit \u00e0 Londres\" \/>\n<meta name=\"robots\" content=\"index, follow, max-snippet:-1, max-image-preview:large, max-video-preview:-1\" \/>\n<link rel=\"canonical\" href=\"https:\/\/visionarymarketing.com\/fr\/2012\/04\/25\/medias-sociaux-europe\/\" \/>\n<meta property=\"og:locale\" content=\"fr_FR\" \/>\n<meta property=\"og:type\" content=\"article\" \/>\n<meta property=\"og:title\" content=\"Meilleures pratiques des m\u00e9dias sociaux en Europe\" \/>\n<meta property=\"og:description\" content=\"Quelles sont les meilleures pratiques des m\u00e9dias sociaux en Europe. Je prendrai bient\u00f4t part au Social Media B2C Marketing Summit \u00e0 Londres\" \/>\n<meta property=\"og:url\" content=\"https:\/\/visionarymarketing.com\/fr\/2012\/04\/25\/medias-sociaux-europe\/\" \/>\n<meta property=\"og:site_name\" content=\"Marketing and Innovation\" \/>\n<meta property=\"article:publisher\" content=\"https:\/\/www.facebook.com\/vismktg\" \/>\n<meta property=\"article:author\" content=\"http:\/\/facebook.com\/ygourven\" \/>\n<meta property=\"article:published_time\" content=\"2012-04-25T07:30:00+00:00\" \/>\n<meta property=\"article:modified_time\" content=\"2021-03-14T18:43:40+00:00\" \/>\n<meta property=\"og:image\" content=\"https:\/\/visionarymarketing.com\/wp-content\/uploads\/2010\/05\/yann-gourvennec-likeminds-1.jpg\" \/>\n\t<meta property=\"og:image:width\" content=\"355\" \/>\n\t<meta property=\"og:image:height\" content=\"229\" \/>\n\t<meta property=\"og:image:type\" content=\"image\/jpeg\" \/>\n<meta name=\"author\" content=\"Yann Gourvennec\" \/>\n<meta name=\"twitter:card\" content=\"summary_large_image\" \/>\n<meta name=\"twitter:creator\" content=\"@ygourven\" \/>\n<meta name=\"twitter:site\" content=\"@ygourven\" \/>\n<meta name=\"twitter:label1\" content=\"\u00c9crit par\" \/>\n\t<meta name=\"twitter:data1\" content=\"Yann Gourvennec\" \/>\n\t<meta name=\"twitter:label2\" content=\"Dur\u00e9e de lecture estim\u00e9e\" \/>\n\t<meta name=\"twitter:data2\" content=\"3 minutes\" \/>\n<script type=\"application\/ld+json\" class=\"yoast-schema-graph\">{\"@context\":\"https:\\\/\\\/schema.org\",\"@graph\":[{\"@type\":\"NewsArticle\",\"@id\":\"https:\\\/\\\/visionarymarketing.com\\\/fr\\\/2012\\\/04\\\/25\\\/medias-sociaux-europe\\\/#article\",\"isPartOf\":{\"@id\":\"https:\\\/\\\/visionarymarketing.com\\\/fr\\\/2012\\\/04\\\/25\\\/medias-sociaux-europe\\\/\"},\"author\":{\"name\":\"Yann Gourvennec\",\"@id\":\"https:\\\/\\\/visionarymarketing.com\\\/fr\\\/#\\\/schema\\\/person\\\/3754fee1e558f47b8deb46f53c37423e\"},\"headline\":\"Meilleures pratiques des m\u00e9dias sociaux en Europe\",\"datePublished\":\"2012-04-25T07:30:00+00:00\",\"dateModified\":\"2021-03-14T18:43:40+00:00\",\"mainEntityOfPage\":{\"@id\":\"https:\\\/\\\/visionarymarketing.com\\\/fr\\\/2012\\\/04\\\/25\\\/medias-sociaux-europe\\\/\"},\"wordCount\":510,\"commentCount\":0,\"image\":{\"@id\":\"https:\\\/\\\/visionarymarketing.com\\\/fr\\\/2012\\\/04\\\/25\\\/medias-sociaux-europe\\\/#primaryimage\"},\"thumbnailUrl\":\"https:\\\/\\\/visionarymarketing.com\\\/wp-content\\\/uploads\\\/2010\\\/05\\\/yann-gourvennec-likeminds-1.jpg\",\"articleSection\":[\"m\u00e9dias \\\/ r\u00e9seaux sociaux\"],\"inLanguage\":\"fr-FR\",\"potentialAction\":[{\"@type\":\"CommentAction\",\"name\":\"Comment\",\"target\":[\"https:\\\/\\\/visionarymarketing.com\\\/fr\\\/2012\\\/04\\\/25\\\/medias-sociaux-europe\\\/#respond\"]}]},{\"@type\":\"WebPage\",\"@id\":\"https:\\\/\\\/visionarymarketing.com\\\/fr\\\/2012\\\/04\\\/25\\\/medias-sociaux-europe\\\/\",\"url\":\"https:\\\/\\\/visionarymarketing.com\\\/fr\\\/2012\\\/04\\\/25\\\/medias-sociaux-europe\\\/\",\"name\":\"Meilleures pratiques des m\u00e9dias sociaux en Europe\",\"isPartOf\":{\"@id\":\"https:\\\/\\\/visionarymarketing.com\\\/fr\\\/#website\"},\"primaryImageOfPage\":{\"@id\":\"https:\\\/\\\/visionarymarketing.com\\\/fr\\\/2012\\\/04\\\/25\\\/medias-sociaux-europe\\\/#primaryimage\"},\"image\":{\"@id\":\"https:\\\/\\\/visionarymarketing.com\\\/fr\\\/2012\\\/04\\\/25\\\/medias-sociaux-europe\\\/#primaryimage\"},\"thumbnailUrl\":\"https:\\\/\\\/visionarymarketing.com\\\/wp-content\\\/uploads\\\/2010\\\/05\\\/yann-gourvennec-likeminds-1.jpg\",\"datePublished\":\"2012-04-25T07:30:00+00:00\",\"dateModified\":\"2021-03-14T18:43:40+00:00\",\"author\":{\"@id\":\"https:\\\/\\\/visionarymarketing.com\\\/fr\\\/#\\\/schema\\\/person\\\/3754fee1e558f47b8deb46f53c37423e\"},\"description\":\"Quelles sont les meilleures pratiques des m\u00e9dias sociaux en Europe. Je prendrai bient\u00f4t part au Social Media B2C Marketing Summit \u00e0 Londres\",\"breadcrumb\":{\"@id\":\"https:\\\/\\\/visionarymarketing.com\\\/fr\\\/2012\\\/04\\\/25\\\/medias-sociaux-europe\\\/#breadcrumb\"},\"inLanguage\":\"fr-FR\",\"potentialAction\":[{\"@type\":\"ReadAction\",\"target\":[\"https:\\\/\\\/visionarymarketing.com\\\/fr\\\/2012\\\/04\\\/25\\\/medias-sociaux-europe\\\/\"]}]},{\"@type\":\"ImageObject\",\"inLanguage\":\"fr-FR\",\"@id\":\"https:\\\/\\\/visionarymarketing.com\\\/fr\\\/2012\\\/04\\\/25\\\/medias-sociaux-europe\\\/#primaryimage\",\"url\":\"https:\\\/\\\/visionarymarketing.com\\\/wp-content\\\/uploads\\\/2010\\\/05\\\/yann-gourvennec-likeminds-1.jpg\",\"contentUrl\":\"https:\\\/\\\/visionarymarketing.com\\\/wp-content\\\/uploads\\\/2010\\\/05\\\/yann-gourvennec-likeminds-1.jpg\",\"width\":355,\"height\":229,\"caption\":\"Building outstanding brand advocacy with social media\"},{\"@type\":\"BreadcrumbList\",\"@id\":\"https:\\\/\\\/visionarymarketing.com\\\/fr\\\/2012\\\/04\\\/25\\\/medias-sociaux-europe\\\/#breadcrumb\",\"itemListElement\":[{\"@type\":\"ListItem\",\"position\":1,\"name\":\"Home\",\"item\":\"https:\\\/\\\/visionarymarketing.com\\\/fr\\\/\"},{\"@type\":\"ListItem\",\"position\":2,\"name\":\"Meilleures pratiques des m\u00e9dias sociaux en Europe\"}]},{\"@type\":\"WebSite\",\"@id\":\"https:\\\/\\\/visionarymarketing.com\\\/fr\\\/#website\",\"url\":\"https:\\\/\\\/visionarymarketing.com\\\/fr\\\/\",\"name\":\"Marketing and Innovation\",\"description\":\"Site d&#039;infos ind\u00e9pendant, depuis 1996\",\"potentialAction\":[{\"@type\":\"SearchAction\",\"target\":{\"@type\":\"EntryPoint\",\"urlTemplate\":\"https:\\\/\\\/visionarymarketing.com\\\/fr\\\/?s={search_term_string}\"},\"query-input\":{\"@type\":\"PropertyValueSpecification\",\"valueRequired\":true,\"valueName\":\"search_term_string\"}}],\"inLanguage\":\"fr-FR\"},{\"@type\":\"Person\",\"@id\":\"https:\\\/\\\/visionarymarketing.com\\\/fr\\\/#\\\/schema\\\/person\\\/3754fee1e558f47b8deb46f53c37423e\",\"name\":\"Yann Gourvennec\",\"image\":{\"@type\":\"ImageObject\",\"inLanguage\":\"fr-FR\",\"@id\":\"https:\\\/\\\/secure.gravatar.com\\\/avatar\\\/5972001801e8de5692a3e31224e85769f50a55fb8b679749f9c8d1868cceff14?s=96&d=initials&r=g&initials=yg\",\"url\":\"https:\\\/\\\/secure.gravatar.com\\\/avatar\\\/5972001801e8de5692a3e31224e85769f50a55fb8b679749f9c8d1868cceff14?s=96&d=initials&r=g&initials=yg\",\"contentUrl\":\"https:\\\/\\\/secure.gravatar.com\\\/avatar\\\/5972001801e8de5692a3e31224e85769f50a55fb8b679749f9c8d1868cceff14?s=96&d=initials&r=g&initials=yg\",\"caption\":\"Yann Gourvennec\"},\"description\":\"Yann Gourvennec created visionarymarketing.com in 1996. He is a speaker and author of many books. In 2014 he went from intrapreneur to entrepreneur, when he created his digital marketing agency. Yann Gourvennec a cr\u00e9\u00e9 visionarymarketing.com en 1996. Il est conf\u00e9rencier et auteur de plusieurs livres. En 2014, il est pass\u00e9 d'intrapreneur \u00e0 entrepreneur en cr\u00e9ant son agence de marketing num\u00e9rique.\",\"sameAs\":[\"https:\\\/\\\/visionarymarketing.com\",\"http:\\\/\\\/facebook.com\\\/ygourven\",\"http:\\\/\\\/linkedin.com\\\/in\\\/ygourven\",\"https:\\\/\\\/x.com\\\/ygourven\",\"https:\\\/\\\/www.youtube.com\\\/c\\\/visionarymarketingagency\"],\"url\":\"https:\\\/\\\/visionarymarketing.com\\\/fr\\\/author\\\/yann-gourvennec\\\/\"}]}<\/script>\n<!-- \/ Yoast SEO plugin. -->","yoast_head_json":{"title":"Meilleures pratiques des m\u00e9dias sociaux en Europe","description":"Quelles sont les meilleures pratiques des m\u00e9dias sociaux en Europe. Je prendrai bient\u00f4t part au Social Media B2C Marketing Summit \u00e0 Londres","robots":{"index":"index","follow":"follow","max-snippet":"max-snippet:-1","max-image-preview":"max-image-preview:large","max-video-preview":"max-video-preview:-1"},"canonical":"https:\/\/visionarymarketing.com\/fr\/2012\/04\/25\/medias-sociaux-europe\/","og_locale":"fr_FR","og_type":"article","og_title":"Meilleures pratiques des m\u00e9dias sociaux en Europe","og_description":"Quelles sont les meilleures pratiques des m\u00e9dias sociaux en Europe. Je prendrai bient\u00f4t part au Social Media B2C Marketing Summit \u00e0 Londres","og_url":"https:\/\/visionarymarketing.com\/fr\/2012\/04\/25\/medias-sociaux-europe\/","og_site_name":"Marketing and Innovation","article_publisher":"https:\/\/www.facebook.com\/vismktg","article_author":"http:\/\/facebook.com\/ygourven","article_published_time":"2012-04-25T07:30:00+00:00","article_modified_time":"2021-03-14T18:43:40+00:00","og_image":[{"width":355,"height":229,"url":"https:\/\/visionarymarketing.com\/wp-content\/uploads\/2010\/05\/yann-gourvennec-likeminds-1.jpg","type":"image\/jpeg"}],"author":"Yann Gourvennec","twitter_card":"summary_large_image","twitter_creator":"@ygourven","twitter_site":"@ygourven","twitter_misc":{"\u00c9crit par":"Yann Gourvennec","Dur\u00e9e de lecture estim\u00e9e":"3 minutes"},"schema":{"@context":"https:\/\/schema.org","@graph":[{"@type":"NewsArticle","@id":"https:\/\/visionarymarketing.com\/fr\/2012\/04\/25\/medias-sociaux-europe\/#article","isPartOf":{"@id":"https:\/\/visionarymarketing.com\/fr\/2012\/04\/25\/medias-sociaux-europe\/"},"author":{"name":"Yann Gourvennec","@id":"https:\/\/visionarymarketing.com\/fr\/#\/schema\/person\/3754fee1e558f47b8deb46f53c37423e"},"headline":"Meilleures pratiques des m\u00e9dias sociaux en Europe","datePublished":"2012-04-25T07:30:00+00:00","dateModified":"2021-03-14T18:43:40+00:00","mainEntityOfPage":{"@id":"https:\/\/visionarymarketing.com\/fr\/2012\/04\/25\/medias-sociaux-europe\/"},"wordCount":510,"commentCount":0,"image":{"@id":"https:\/\/visionarymarketing.com\/fr\/2012\/04\/25\/medias-sociaux-europe\/#primaryimage"},"thumbnailUrl":"https:\/\/visionarymarketing.com\/wp-content\/uploads\/2010\/05\/yann-gourvennec-likeminds-1.jpg","articleSection":["m\u00e9dias \/ r\u00e9seaux sociaux"],"inLanguage":"fr-FR","potentialAction":[{"@type":"CommentAction","name":"Comment","target":["https:\/\/visionarymarketing.com\/fr\/2012\/04\/25\/medias-sociaux-europe\/#respond"]}]},{"@type":"WebPage","@id":"https:\/\/visionarymarketing.com\/fr\/2012\/04\/25\/medias-sociaux-europe\/","url":"https:\/\/visionarymarketing.com\/fr\/2012\/04\/25\/medias-sociaux-europe\/","name":"Meilleures pratiques des m\u00e9dias sociaux en Europe","isPartOf":{"@id":"https:\/\/visionarymarketing.com\/fr\/#website"},"primaryImageOfPage":{"@id":"https:\/\/visionarymarketing.com\/fr\/2012\/04\/25\/medias-sociaux-europe\/#primaryimage"},"image":{"@id":"https:\/\/visionarymarketing.com\/fr\/2012\/04\/25\/medias-sociaux-europe\/#primaryimage"},"thumbnailUrl":"https:\/\/visionarymarketing.com\/wp-content\/uploads\/2010\/05\/yann-gourvennec-likeminds-1.jpg","datePublished":"2012-04-25T07:30:00+00:00","dateModified":"2021-03-14T18:43:40+00:00","author":{"@id":"https:\/\/visionarymarketing.com\/fr\/#\/schema\/person\/3754fee1e558f47b8deb46f53c37423e"},"description":"Quelles sont les meilleures pratiques des m\u00e9dias sociaux en Europe. Je prendrai bient\u00f4t part au Social Media B2C Marketing Summit \u00e0 Londres","breadcrumb":{"@id":"https:\/\/visionarymarketing.com\/fr\/2012\/04\/25\/medias-sociaux-europe\/#breadcrumb"},"inLanguage":"fr-FR","potentialAction":[{"@type":"ReadAction","target":["https:\/\/visionarymarketing.com\/fr\/2012\/04\/25\/medias-sociaux-europe\/"]}]},{"@type":"ImageObject","inLanguage":"fr-FR","@id":"https:\/\/visionarymarketing.com\/fr\/2012\/04\/25\/medias-sociaux-europe\/#primaryimage","url":"https:\/\/visionarymarketing.com\/wp-content\/uploads\/2010\/05\/yann-gourvennec-likeminds-1.jpg","contentUrl":"https:\/\/visionarymarketing.com\/wp-content\/uploads\/2010\/05\/yann-gourvennec-likeminds-1.jpg","width":355,"height":229,"caption":"Building outstanding brand advocacy with social media"},{"@type":"BreadcrumbList","@id":"https:\/\/visionarymarketing.com\/fr\/2012\/04\/25\/medias-sociaux-europe\/#breadcrumb","itemListElement":[{"@type":"ListItem","position":1,"name":"Home","item":"https:\/\/visionarymarketing.com\/fr\/"},{"@type":"ListItem","position":2,"name":"Meilleures pratiques des m\u00e9dias sociaux en Europe"}]},{"@type":"WebSite","@id":"https:\/\/visionarymarketing.com\/fr\/#website","url":"https:\/\/visionarymarketing.com\/fr\/","name":"Marketing and Innovation","description":"Site d&#039;infos ind\u00e9pendant, depuis 1996","potentialAction":[{"@type":"SearchAction","target":{"@type":"EntryPoint","urlTemplate":"https:\/\/visionarymarketing.com\/fr\/?s={search_term_string}"},"query-input":{"@type":"PropertyValueSpecification","valueRequired":true,"valueName":"search_term_string"}}],"inLanguage":"fr-FR"},{"@type":"Person","@id":"https:\/\/visionarymarketing.com\/fr\/#\/schema\/person\/3754fee1e558f47b8deb46f53c37423e","name":"Yann Gourvennec","image":{"@type":"ImageObject","inLanguage":"fr-FR","@id":"https:\/\/secure.gravatar.com\/avatar\/5972001801e8de5692a3e31224e85769f50a55fb8b679749f9c8d1868cceff14?s=96&d=initials&r=g&initials=yg","url":"https:\/\/secure.gravatar.com\/avatar\/5972001801e8de5692a3e31224e85769f50a55fb8b679749f9c8d1868cceff14?s=96&d=initials&r=g&initials=yg","contentUrl":"https:\/\/secure.gravatar.com\/avatar\/5972001801e8de5692a3e31224e85769f50a55fb8b679749f9c8d1868cceff14?s=96&d=initials&r=g&initials=yg","caption":"Yann Gourvennec"},"description":"Yann Gourvennec created visionarymarketing.com in 1996. He is a speaker and author of many books. In 2014 he went from intrapreneur to entrepreneur, when he created his digital marketing agency. Yann Gourvennec a cr\u00e9\u00e9 visionarymarketing.com en 1996. Il est conf\u00e9rencier et auteur de plusieurs livres. En 2014, il est pass\u00e9 d'intrapreneur \u00e0 entrepreneur en cr\u00e9ant son agence de marketing num\u00e9rique.","sameAs":["https:\/\/visionarymarketing.com","http:\/\/facebook.com\/ygourven","http:\/\/linkedin.com\/in\/ygourven","https:\/\/x.com\/ygourven","https:\/\/www.youtube.com\/c\/visionarymarketingagency"],"url":"https:\/\/visionarymarketing.com\/fr\/author\/yann-gourvennec\/"}]}},"_links":{"self":[{"href":"https:\/\/visionarymarketing.com\/fr\/wp-json\/wp\/v2\/posts\/6229","targetHints":{"allow":["GET"]}}],"collection":[{"href":"https:\/\/visionarymarketing.com\/fr\/wp-json\/wp\/v2\/posts"}],"about":[{"href":"https:\/\/visionarymarketing.com\/fr\/wp-json\/wp\/v2\/types\/post"}],"author":[{"embeddable":true,"href":"https:\/\/visionarymarketing.com\/fr\/wp-json\/wp\/v2\/users\/2"}],"replies":[{"embeddable":true,"href":"https:\/\/visionarymarketing.com\/fr\/wp-json\/wp\/v2\/comments?post=6229"}],"version-history":[{"count":0,"href":"https:\/\/visionarymarketing.com\/fr\/wp-json\/wp\/v2\/posts\/6229\/revisions"}],"wp:featuredmedia":[{"embeddable":true,"href":"https:\/\/visionarymarketing.com\/fr\/wp-json\/wp\/v2\/media\/43714"}],"wp:attachment":[{"href":"https:\/\/visionarymarketing.com\/fr\/wp-json\/wp\/v2\/media?parent=6229"}],"wp:term":[{"taxonomy":"category","embeddable":true,"href":"https:\/\/visionarymarketing.com\/fr\/wp-json\/wp\/v2\/categories?post=6229"},{"taxonomy":"post_tag","embeddable":true,"href":"https:\/\/visionarymarketing.com\/fr\/wp-json\/wp\/v2\/tags?post=6229"}],"curies":[{"name":"wp","href":"https:\/\/api.w.org\/{rel}","templated":true}]}}