{"id":61505,"date":"2021-03-19T09:15:06","date_gmt":"2021-03-19T08:15:06","guid":{"rendered":"https:\/\/visionarymarketing.com\/?p=61505"},"modified":"2022-05-18T06:40:04","modified_gmt":"2022-05-18T04:40:04","slug":"transformation-digitale-mentalites","status":"publish","type":"post","link":"https:\/\/visionarymarketing.com\/fr\/2021\/03\/19\/transformation-digitale-mentalites\/","title":{"rendered":"2021 : Une transformation digitale sans changements profonds des mentalit\u00e9s"},"content":{"rendered":"<p><em>La transformation digitale, c&rsquo;est un peu une fable d&rsquo;Esope revisit\u00e9e \u00e0 la sauce 21e si\u00e8cle : \u00ab\u00a0Le Digital et les Mentalit\u00e9s\u00a0\u00bb ont remplac\u00e9 \u00ab\u00a0Le Li\u00e8vre et la Tortue\u00a0\u00bb.\u00a0<\/em><em>Le billet sur le rapport Lecko annuel sur la transformation des organisations est un passage oblig\u00e9 de Visionary Marketing. L&rsquo;an dernier, nous avions assist\u00e9 \u00e0 la <a href=\"https:\/\/visionarymarketing.com\/fr\/2020\/02\/digital-workplace\/\">derni\u00e8re version de cette restitution d&rsquo;\u00e9tude en physique<\/a>, dans ce qui est d&rsquo;ailleurs rest\u00e9 notre dernier \u00e9v\u00e9nement non virtuel. Plaise \u00e0 Hermes que nous puissions bient\u00f4t nous retrouver autour d&rsquo;une sc\u00e8ne et d&rsquo;un micro. En attendant, j&rsquo;ai interview\u00e9 Arnaud Rayrole sur ce nouveau rapport, sorti \u00e0 une p\u00e9riode complexe des organisations, le temps de faire justement le bilan de cette ann\u00e9e 0 du t\u00e9l\u00e9travail dans notre pays. O\u00f9 l&rsquo;on verra que malgr\u00e9 la pand\u00e9mie, les choses n&rsquo;ont pas tant \u00e9volu\u00e9 que cela.\u00a0<\/em><\/p>\n<h2>Avec la pand\u00e9mie, la transformation digitale a pris un coup de boost, mais les mentalit\u00e9s restent<\/h2>\n<p><figure id=\"attachment_62546\" aria-describedby=\"caption-attachment-62546\" style=\"width: 520px\" class=\"wp-caption aligncenter\"><img decoding=\"async\" class=\"wp-image-62546 size-full\" src=\"https:\/\/visionarymarketing.com\/wp-content\/uploads\/2021\/03\/tortoise-and-hare-rackham.jpg\" alt=\"transformation digitale mentalit\u00e9s\" width=\"520\" height=\"340\" srcset=\"https:\/\/visionarymarketing.com\/wp-content\/uploads\/2021\/03\/tortoise-and-hare-rackham.jpg 520w, https:\/\/visionarymarketing.com\/wp-content\/uploads\/2021\/03\/tortoise-and-hare-rackham-459x300.jpg 459w\" sizes=\"(max-width: 520px) 100vw, 520px\" \/><figcaption id=\"caption-attachment-62546\" class=\"wp-caption-text\">Avec la pand\u00e9mie, la transformation digitale a pris un coup de boost, mais les mentalit\u00e9s restent [le <a href=\"https:\/\/archive.org\/details\/aesopsfables00aeso\/page\/n9\" target=\"_blank\" rel=\"noopener\">li\u00e8vre et la tortue d&rsquo;Arthur Rackham<\/a>, <a href=\"https:\/\/commons.wikimedia.org\/w\/index.php?curid=10844276\" target=\"_blank\" rel=\"noopener\">Domaine Public<\/a>]<\/figcaption><\/figure>La saillie drolatique d&rsquo;Emmanuel Macron sur <a href=\"https:\/\/www.ouest-france.fr\/politique\/emmanuel-macron\/gaulois-refractaires-au-changement-macron-reconnait-une-erreur-5989548\" target=\"_blank\" rel=\"noopener\">les Gaulois r\u00e9fractaires<\/a> lui a valu une vol\u00e9e de bois vert. Il est vrai que la formule n&rsquo;\u00e9tait pas flatteuse, mais elle n&rsquo;en \u00e9tait pas moins juste. A force d&rsquo;\u00e9crire tous les ans que le management n&rsquo;\u00e9volue pas, mon stylo va finir par s&rsquo;enrayer.<\/p>\n<p>Cependant, la fatigue des Europ\u00e9ens, et pas seulement des Fran\u00e7ais, vis \u00e0 vis du t\u00e9l\u00e9travail obligatoire commence \u00e0 se faire sentir durablement.<\/p>\n<h3>Transformation digitale ne vaut pas tranformation des mentalit\u00e9s<\/h3>\n<p>Pour en revenir \u00e0 ce qui \u00e9tait dit ci-dessus, on pourrait au contraire reprocher \u00e0 notre Pr\u00e9sident de ne pas avoir \u00e9t\u00e9 assez critique afin de stimuler le changement dans un pays qui s&rsquo;est fig\u00e9 tout seul dans son immobilisme et d\u00e9montre tous les jours \u2014 et\u00a0malgr\u00e9 ses nombreux talents individuels \u2014 son incapacit\u00e9 \u00e0 rentrer collectivement dans le 21e si\u00e8cle par le bon bout.<!--more--><\/p>\n<p>Nous avons ici m\u00eame lou\u00e9 <a href=\"https:\/\/visionarymarketing.com\/fr\/2020\/03\/teletravail-confinement\/\">l&rsquo;acc\u00e9l\u00e9ration de la transformation digitale en 2020<\/a>, mais cette acc\u00e9l\u00e9ration est en fait en demi-teinte.<\/p>\n<p>Sous l&rsquo;impulsion de la pand\u00e9mie, le retard technologique fran\u00e7ais est en train de se combler. Toutefois, ce que nous avons v\u00e9cu sur le t\u00e9l\u00e9travail \u00e0 marche forc\u00e9e l&rsquo;an dernier, je l&rsquo;avais observ\u00e9 au Royaume Uni &#8230; au milieu des ann\u00e9es 95, soit 25 ans plus t\u00f4t.<\/p>\n<p>Avec une diff\u00e9rence de taille : l&rsquo;accueil fait \u00e0 ce changement fut tr\u00e8s positif de l&rsquo;autre c\u00f4t\u00e9 de la Manche.<\/p>\n<p>Le changement ici s&rsquo;est fait au contraire sous la contrainte, et les menaces de t\u00e9l\u00e9travail obligatoire sur une population plus que fatigu\u00e9e des restrictions de libert\u00e9s ne fera rien, \u00e0 mon humble avis, pour en d\u00e9velopper positivement l&rsquo;adoption.<\/p>\n<p>D\u00e9j\u00e0 \u00a0on voyait les employ\u00e9s retourner en masse au bureau, et les 4 jours de travail au bureau autoris\u00e9s depuis hier soir ne changeront probablement rien \u00e0 cela.<\/p>\n<p>D&rsquo;ailleurs, je me demande m\u00eame si cette injonction paradoxale du t\u00e9l\u00e9travail obligatoire n&rsquo;aura pas l&rsquo;effet inverse de celui recherch\u00e9, <a href=\"https:\/\/www.lesechos.fr\/industrie-services\/conso-distribution\/les-europeens-pas-tres-fans-dune-vie-sans-contact-1295301\" target=\"_blank\" rel=\"noopener\">comme le montrent d\u00e9j\u00e0 des \u00e9tudes europ\u00e9ennes<\/a>. Pour le coup, en fait de transformation des mentalit\u00e9s sous le coup de l&rsquo;acc\u00e9l\u00e9ration du digital, <a href=\"https:\/\/www.lesechos.fr\/industrie-services\/conso-distribution\/les-europeens-pas-tres-fans-dune-vie-sans-contact-1295301\" target=\"_blank\" rel=\"noopener\">on risque au contraire d&rsquo;assister en Europe<\/a> \u2014 et pas seulement en France \u2014 \u00e0 un retour en arri\u00e8re.<\/p>\n<p>L&rsquo;overdose est consomm\u00e9e.<\/p>\n<p>En attendant de voir ce qui arrive r\u00e9ellement, retour \u00a0sur ce rapport Lecko de 2021 avec Arnaud Rayrole que j&rsquo;ai interview\u00e9 \u00e0 distance, comme il se doit.<\/p>\n<figure id=\"attachment_62551\" aria-describedby=\"caption-attachment-62551\" style=\"width: 697px\" class=\"wp-caption aligncenter\"><a href=\"https:\/\/web.archive.org\/web\/20220405211112\/https:\/\/referentiel.lecko.fr\/\" target=\"_blank\" rel=\"noopener\"><img decoding=\"async\" class=\"wp-image-62551 size-full\" src=\"https:\/\/visionarymarketing.com\/wp-content\/uploads\/2021\/03\/screenshot-2021-03-19-at-084103.png\" alt=\"transformation digitale mentalit\u00e9s\" width=\"697\" height=\"495\" srcset=\"https:\/\/visionarymarketing.com\/wp-content\/uploads\/2021\/03\/screenshot-2021-03-19-at-084103.png 697w, https:\/\/visionarymarketing.com\/wp-content\/uploads\/2021\/03\/screenshot-2021-03-19-at-084103-422x300.png 422w\" sizes=\"(max-width: 697px) 100vw, 697px\" \/><\/a><figcaption id=\"caption-attachment-62551\" class=\"wp-caption-text\">Entre transformation digitale et mentalit\u00e9s fig\u00e9es, <a href=\"https:\/\/web.archive.org\/web\/20220405211112\/https:\/\/referentiel.lecko.fr\/\" target=\"_blank\" rel=\"noopener\">le rapport Lecko de 2021<\/a><\/figcaption><\/figure>\n<p>Cette ann\u00e9e, nous sommes int\u00e9ress\u00e9s tout particuli\u00e8rement \u00e0 l&rsquo;impact de la crise sanitaire sur l&rsquo;\u00e9volution des pratiques de travail et de management chez nos clients.<\/p>\n<h3>Impact de la crise sanitaire sur l&rsquo;\u00e9volution des pratiques de travail et de management<\/h3>\n<p>Nous nous sommes appuy\u00e9s \u00e0 la fois sur des statistiques (\u00ab\u00a0analytics\u00a0\u00bb) install\u00e9es sur des environnements de travail de grands comptes, et <strong>sur un sondage r\u00e9alis\u00e9 avec l&rsquo;institut YouGov<\/strong>, pour avoir un panel repr\u00e9sentatif. Notre rapport porte sur <strong>un \u00e9chantillon de\u00a01000 personnes, repr\u00e9sentatif des entreprises de plus de 500 personnes<\/strong>.<\/p>\n<p>Nous avons tout simplement voulu savoir :<\/p>\n<ol>\n<li>si la transformation digitale des organisations s&rsquo;\u00e9tait acc\u00e9l\u00e9r\u00e9e<\/li>\n<li>en quoi elle a pu \u00eatre acc\u00e9l\u00e9r\u00e9e<\/li>\n<li>en quoi les choses n&rsquo;ont pas vraiment chang\u00e9<\/li>\n<li>quel est le nouveau contexte dans les entreprises<\/li>\n<li>comment elles g\u00e8rent ce travail en mode hybride qui va tr\u00e8s probablement perdurer ces prochains mois et au-del\u00e0<\/li>\n<\/ol>\n<blockquote class=\"quote-light\"><p>En r\u00e9sum\u00e9, la modernisation des organisations s&rsquo;est acc\u00e9l\u00e9r\u00e9e &#8230;<\/p><\/blockquote>\n<p>La modernisation signifie l&rsquo;\u00e9quipement en solutions num\u00e9riques et la transposition des pratiques existantes ou des processus existants en mode d\u00e9mat\u00e9rialis\u00e9 et en digital.<\/p>\n<blockquote class=\"quote-light\"><p>&#8230; mais la transformation culturelle, la transformation des pratiques, pas tant que \u00e7a.<\/p><\/blockquote>\n<p>Nous sommes davantage sur une sorte de d\u00e9formation \u00e9lastique, qui fait que d\u00e8s qu&rsquo;on enl\u00e8ve la pression on revient \u00e0 la situation initiale, que sur une d\u00e9formation plastique durable.<\/p>\n<h3>Le mail reste l&rsquo;outil principal de collaboration des entreprises apr\u00e8s cette crise sanitaire, comme il l&rsquo;\u00e9tait d\u00e9j\u00e0 avant<\/h3>\n<p><figure id=\"attachment_62552\" aria-describedby=\"caption-attachment-62552\" style=\"width: 614px\" class=\"wp-caption aligncenter\"><img decoding=\"async\" class=\"wp-image-62552 size-full\" src=\"https:\/\/visionarymarketing.com\/wp-content\/uploads\/2021\/03\/screenshot-2021-03-19-at-085658.png\" alt=\"transformation digitale mentalit\u00e9s\" width=\"614\" height=\"600\" srcset=\"https:\/\/visionarymarketing.com\/wp-content\/uploads\/2021\/03\/screenshot-2021-03-19-at-085658.png 614w, https:\/\/visionarymarketing.com\/wp-content\/uploads\/2021\/03\/screenshot-2021-03-19-at-085658-307x300.png 307w\" sizes=\"(max-width: 614px) 100vw, 614px\" \/><figcaption id=\"caption-attachment-62552\" class=\"wp-caption-text\">Rien \u00e0 faire, le mail est en pleine expansion. <a href=\"https:\/\/visionarymarketing.com\/fr\/2014\/04\/infobesite-et-zero-email-atos\/\">Plus \u00e7a change<\/a> &#8230; disait le po\u00e8te [source rapport Lecko 2021]<\/figcaption><\/figure>Du point de vue des outils l&rsquo;\u00e9volution porte surtout sur <strong>la d\u00e9mocratisation et la g\u00e9n\u00e9ralisation de l&rsquo;usage de la visio, mais l&#8217;email reste l&rsquo;outil de communication et de collaboration principal<\/strong>, avec \u00e9galement l&rsquo;usage d&rsquo;outils comme WhatsApp, Facebook, qui ne sont pas fournis par l&rsquo;entreprise, mais qui restent des outils de communication et de coordination pour les \u00e9quipes terrain.<\/p>\n<h3>Mentalit\u00e9s et transformation digitale : parlons collaboration et envoyons des emails !<\/h3>\n<p>Finalement, la digital workplace, les espaces d&rsquo;\u00e9changes au sens large, dans lesquels je mets les messageries d&rsquo;\u00e9quipe comme Slack, Teams ou les r\u00e9seaux sociaux d&rsquo;entreprise, <strong>arrivent en quatri\u00e8me position dans les outils de collaboration du quotidien<\/strong> cit\u00e9s par ce panel.<\/p>\n<p>Teams est un produit qui a plusieurs aspects : Teams en tant qu&rsquo;outil de visioconf\u00e9rence est en tr\u00e8s forte croissance, mais Teams en tant que messagerie d&rsquo;\u00e9quipe, dans lequel on va converser en discutant ouvertement au sein de l&rsquo;\u00e9quipe, dans lequel on va pouvoir coordonner ses activit\u00e9s avec des kanban, discuter autour des documents ou discuter autour du processus, a tr\u00e8s peu \u00e9volu\u00e9, et n&rsquo;a pas acc\u00e9l\u00e9r\u00e9 autant qu&rsquo;on peut l&rsquo;imaginer.<\/p>\n<h3>Tranformation digitale et des mentalit\u00e9s : 2020 a \u00e9t\u00e9 une \u00e9norme exp\u00e9rimentation<\/h3>\n<p>Actuellement, la situation des entreprises ressemble davantage \u00e0 des entreprises qui n&rsquo;ont pas de bureau, qu&rsquo;au t\u00e9l\u00e9travail.<\/p>\n<p>Cela a \u00e9t\u00e9 impos\u00e9 aux entreprises et elles ont constat\u00e9 que \u00e7a a fonctionn\u00e9.<\/p>\n<p>Mais elles ont aussi vu toutes les limites qu&rsquo;elles connaissaient d\u00e9j\u00e0.<\/p>\n<p>Le fait de pas assez faire confiance \u00e0 ses collaborateurs pour ne pas les rendre autonomes, et en capacit\u00e9 de s&rsquo;adapter plus rapidement \u00e0 un contexte que personne ne peut anticiper,\u00a0est un probl\u00e8me existant avant et qui s&rsquo;est amplifi\u00e9.<\/p>\n<p>Les trop nombreuses r\u00e9unions pas forc\u00e9ment utiles, pas efficaces, et qui viennent cannibaliser tout le temps des collaborateurs, \u00e9taient un probl\u00e8me pr\u00e9existant qui s&rsquo;est presque amplifi\u00e9.<\/p>\n<p>Le fait que tout passe dans l&#8217;email et qu&rsquo;on \u00e9miette l&rsquo;information dans 36 espaces \u00e9galement.<\/p>\n<p>Tous ces probl\u00e8mes pr\u00e9existaient et sont devenus encore plus difficiles \u00e0 supporter par les \u00e9quipes.<\/p>\n<h3>Les choses avancent et questionnent la fa\u00e7on de travailler au sein des \u00e9quipes<\/h3>\n<p>Des changements sont en cours. Du point de vue des entreprises et des organisations syndicales, il y a eu un accord sur le t\u00e9l\u00e9travail qui a permis de remettre tout le monde d&rsquo;\u00e9querre sur ce sujet. Les partenaires sociaux ne s&rsquo;\u00e9taient pas rencontr\u00e9s sur ce sujet depuis 2005.<\/p>\n<p>Aujourd&rsquo;hui de plus en plus d&rsquo;entreprises commencent \u00e0 int\u00e9grer ce mode de fonctionnement. R\u00e9cemment la Soci\u00e9t\u00e9 G\u00e9n\u00e9rale, auparavant Peugeot. Les grandes entreprises vont beaucoup dans ce sens, avec \u00e0 la fois une demande de certains collaborateurs \u00e0 plus de souplesse, et une demande aussi des entreprises.<\/p>\n<p>L&rsquo;inter\u00eat va \u00eatre \u00e9conomique avec la r\u00e9duction des co\u00fbts de bureau, mais \u00e9galement de pouvoir offrir d&rsquo;autres cadres de vie aux collaborateurs, ne pas les contraindre \u00e0 habiter \u00e0 proximit\u00e9 des si\u00e8ges sociaux, par exemple, et pouvoir finalement travailler plus facilement avec des gens qui sont localis\u00e9s ailleurs.<\/p>\n<h3>Un avantage \u00e0 ceux qui avaient engag\u00e9 cette transformation depuis plusieurs ann\u00e9es<\/h3>\n<p>Il n&rsquo;y a pas de grande r\u00e9volution avec cette crise sanitaire, mais la chose la plus marquante est que les entreprises constatent que la visio marche vraiment, alors que\u00a0\u00e7a va faire 10 ans que \u00e7a fonctionne correctement.<\/p>\n<p>Nous avons vu chez nos clients grands comptes une vraie diff\u00e9rence entre ceux qui avaient pris le sujet et la transformation depuis quelques ann\u00e9es, et ceux qui \u00e9taient en retard.<\/p>\n<h3>Les entreprises qui avaient pris de l&rsquo;avance s&rsquo;en sont mieux sortis<\/h3>\n<p>Les premiers \u00e9taient d\u00e9j\u00e0 \u00e9quip\u00e9s, avaient d\u00e9j\u00e0 mis en place un dispositif d&rsquo;accompagnement, avaient fait de l&rsquo;innovation manag\u00e9riale localement, et \u00e9taient ainsi assez \u00e9clair\u00e9s sur vers quoi ils devaient aller et avaient du mal \u00e0 g\u00e9n\u00e9raliser. Ceux-l\u00e0 s&rsquo;en sont tr\u00e8s bien sortis, en ont profit\u00e9 quelque part de la situation de confinement pour embarquer plus de monde.<\/p>\n<p>Les seconds, qui \u00e9taient en retard du point de vue des \u00e9quipements, dont concr\u00e8tement, les collaborateurs n&rsquo;avaient m\u00eame pas d&rsquo;ordinateur portable, sont partis avec des tours, pas d&rsquo;acc\u00e8s \u00e0 leur syst\u00e8me d&rsquo;information, car emmur\u00e9es avec des acc\u00e8s VPN insuffisants. N&rsquo;ayant pas bascul\u00e9 dans le cloud les activit\u00e9s non confidentielles, non strat\u00e9giques, \u00a0ils ont d\u00fb \u00e9voluer tr\u00e8s vite, et les collaborateurs se sont retrouv\u00e9s beaucoup plus d\u00e9sar\u00e7onn\u00e9s par ce changement d&rsquo;environnement de travail.<\/p>\n<h3>Globalement, la transformation avance, mais elle est beaucoup plus lente que le d\u00e9ploiement technologique<\/h3>\n<p>Au fur et \u00e0 mesure des ann\u00e9es, les outils se sont am\u00e9lior\u00e9s et sont de plus en plus sophistiqu\u00e9s.<\/p>\n<p>Les organisations sont de plus en plus apprenantes. Les managers sont plus audacieux pour \u00eatre les leaders de ces changements. Il y a un vrai progr\u00e8s.<\/p>\n<blockquote class=\"quote-light\"><p>On a vu l&rsquo;engagement sur ces r\u00e9seaux sociaux d&rsquo;entreprises augmenter.<\/p><\/blockquote>\n<p>On a constat\u00e9 par exemple, que les r\u00e9seaux sociaux d&rsquo;entreprise dont on ne parlait quasiment plus ont \u00e9t\u00e9 extr\u00eamement utilis\u00e9s. On l&rsquo;a vu avec nos analytics durant le premier confinement, et m\u00eame apr\u00e8s.<\/p>\n<p>On avait la visio pour communiquer avec ses proches, mais on avait le r\u00e9seau social pour rester en contact avec l&rsquo;ensemble de l&rsquo;organisation, avec ses comit\u00e9s de pratiques de pairs, pour faire circuler l&rsquo;information ou tout simplement se questionner sur comment appliquer les mesures sanitaires.<\/p>\n<blockquote class=\"quote-light\"><p>Ensuite, l&rsquo;entreprise ne maitrise pas tout. Elle a beau d\u00e9ployer la technologie, ce n&rsquo;est pas pour autant qu&rsquo;elle va \u00eatre utilis\u00e9e, et on a toujours la pr\u00e9sence d&rsquo;usages non g\u00e9r\u00e9s par l&rsquo;entreprise.<\/p><\/blockquote>\n<p>Facebook a cr\u00e9\u00e9 Workplace, son outil de r\u00e9seau social pour les entreprises, mais \u00a0aurait d\u00fb le faire avec WhatsApp. WhatsApp est tr\u00e8s utilis\u00e9 par les entreprises, que ce soit par les op\u00e9rateurs de terrain ou par les cadres dirigeants.<\/p>\n<h3>Emergence du management visuel<\/h3>\n<p>Un sujet qu&rsquo;on a vu \u00e9merger cette ann\u00e9e et qu&rsquo;on a trait\u00e9 avec attention, c&rsquo;est le management visuel, l&rsquo;agilit\u00e9.<\/p>\n<blockquote class=\"quote-light\"><p>Apr\u00e8s la mise en r\u00e9seau d&rsquo;organisation, l&rsquo;agilit\u00e9 pour s&rsquo;adapter est le sujet de 2020.<\/p><\/blockquote>\n<p>Comment les organisations ont pu s&rsquo;adapter \u00e0 un contexte qui n&rsquo;\u00e9tait pas pr\u00e9vu et comment elles ont pu supprimer tout un tas de processus lourds pour r\u00e9pondre \u00e0 l&rsquo;urgence ?<\/p>\n<p>Comment se sont-elles \u00e9tonn\u00e9s elles-m\u00eames de faire avancer leurs projets plus rapidement pendant cette p\u00e9riode que d&rsquo;habitude ?<\/p>\n<blockquote class=\"quote-light\"><p>Cette p\u00e9riode a montr\u00e9 les vertus d&rsquo;\u00eatre dans le faire, de rendre visibles les actions, d&rsquo;autonomiser des \u00e9quipes plut\u00f4t que d&rsquo;\u00eatre dans l&rsquo;\u00e9tude, la validation, dans la description de ce qu&rsquo;il faut faire.<\/p><\/blockquote>\n<p>Ce mode de fonctionnement a bien montr\u00e9 ses limites dans une p\u00e9riode comme celle qu&rsquo;on a v\u00e9cue.<\/p>\n<p>Et le management visuel qui a fait ses preuves dans l&rsquo;industrie est en train aussi d&rsquo;\u00eatre port\u00e9 maintenant dans l&rsquo;univers des travers de l&rsquo;information.<\/p>\n<figure id=\"attachment_62554\" aria-describedby=\"caption-attachment-62554\" style=\"width: 936px\" class=\"wp-caption aligncenter\"><img decoding=\"async\" class=\"wp-image-62554 size-full\" src=\"https:\/\/visionarymarketing.com\/wp-content\/uploads\/2021\/03\/screenshot-2021-03-19-at-090324-1.png\" alt=\"TRansformation digitale mentalit\u00e9s\" width=\"936\" height=\"652\" srcset=\"https:\/\/visionarymarketing.com\/wp-content\/uploads\/2021\/03\/screenshot-2021-03-19-at-090324-1.png 936w, https:\/\/visionarymarketing.com\/wp-content\/uploads\/2021\/03\/screenshot-2021-03-19-at-090324-1-431x300.png 431w, https:\/\/visionarymarketing.com\/wp-content\/uploads\/2021\/03\/screenshot-2021-03-19-at-090324-1-768x535.png 768w\" sizes=\"(max-width: 936px) 100vw, 936px\" \/><figcaption id=\"caption-attachment-62554\" class=\"wp-caption-text\">Quelques statistiques issues du rapport Lecko 2021 &#8211; ind\u00e9crotables, les utilisateurs pr\u00e9f\u00e8rent le mail, pourtant responsable de nombre de <a href=\"https:\/\/visionarymarketing.com\/fr\/2015\/04\/email-moitie-du-temps-de-travail\/\">malentendus et de dysfonctionnements<\/a>.<\/figcaption><\/figure>\n<p>Des solutions comme Klaxoon, Trello, Country, iObeya, permettent de trouver d&rsquo;autres mani\u00e8res d&rsquo;interagir autour des flux d&rsquo;activit\u00e9s. Ceci a vraiment \u00e9merg\u00e9 en 2020 chez nos clients. Et l&rsquo;offre du march\u00e9 aussi progresse beaucoup.<\/p>\n<h3>La prise de conscience des impacts environnementaux du num\u00e9rique<\/h3>\n<p>Le dernier sujet \u00e9mergeant, qui d\u00e9passe l&rsquo;entreprise, c&rsquo;est l&rsquo;environnement. Il y a une prise de conscience soci\u00e9tale des impacts environnementaux. On se rend compte que le num\u00e9rique permet d&rsquo;\u00e9conomiser des d\u00e9placements, de la production de papier, etc., mais aussi qu&rsquo;il y a un \u00e9norme effet rebond.<\/p>\n<p>Certes, on a une meilleure empreinte environnementale lorsqu&rsquo;on fait une visio plut\u00f4t que lorsqu&rsquo;on se r\u00e9unit physiquement, et qu&rsquo;on prend sa voiture, mais on en fait beaucoup plus. Au final, on consomme plus, et on va \u00e0 l&rsquo;encontre de l&rsquo;effet recherch\u00e9. On augmente notre impact environnemental.<\/p>\n<blockquote class=\"quote-light\"><p>Aujourd&rsquo;hui, le num\u00e9rique en France c&rsquo;est environ 2% de nos \u00e9missions carbone. Au rythme o\u00f9 va, \u00e7\u00e0 atteindra 6% en 2040 nous dit <a href=\"https:\/\/librairie.ademe.fr\/cadic\/2351\/guide-pratique-face-cachee-numerique.pdf?modal=false\" target=\"_blank\" rel=\"noopener\">l&rsquo;Ademe<\/a><\/p><\/blockquote>\n<p>Cela signifie que \u00e7a va <a href=\"https:\/\/www.usinenouvelle.com\/editorial\/en-2040-en-france-le-numerique-pourrait-emettre-plus-de-gaz-a-effet-de-serre-que-le-transport-aerien.N978986\" target=\"_blank\" rel=\"noopener\">d\u00e9passer ce que repr\u00e9sente le transport a\u00e9rien<\/a> en termes d&rsquo;\u00e9missions de carbone.<\/p>\n<p>En janvier, le S\u00e9nat a vot\u00e9 une proposition de loi qui va passer \u00e0 l&rsquo;Assembl\u00e9e nationale pour traiter le sujet de l&rsquo;<a href=\"https:\/\/www.senat.fr\/presse\/cp20210113c.html\" target=\"_blank\" rel=\"noopener\">impact environnemental du num\u00e9rique<\/a>.<\/p>\n<blockquote class=\"quote-light\"><p>On constate cette prise de conscience aussi dans les entreprises. Et coup de chance, avoir une meilleure empreinte environnementale dans ses pratiques de travail, c&rsquo;est aussi travailler plus efficacement.<\/p><\/blockquote>\n<p>Par exemple, plut\u00f4t que d&rsquo;envoyer une pi\u00e8ce jointe \u00e0 cinq personnes pour travailler sur un document, d\u00e9poser ces documents dans son espace de travail, co-\u00e9diter, discuter dans le document plut\u00f4t que par mail, a un impact carbone dix fois meilleur.\u00a0On travaille plus efficacement tout en limitant sa pollution num\u00e9rique.<\/p>\n<p>Ce sujet, depuis septembre, s&rsquo;acc\u00e9l\u00e8re. Les \u00ab\u00a0analytics\u00a0\u00bb qu&rsquo;on utilise permettent vraiment de le mesurer : \u00e0 la fois de renforcer la n\u00e9cessit\u00e9 de changer, puis d&rsquo;aider les \u00e9quipes \u00e0 se prendre en main et \u00e0 suivre leurs m\u00e9triques dans ce domaine.\u00a0Et \u00e0 mesurer les b\u00e9n\u00e9fices en \u00e9quivalent carbone \u00e9conomis\u00e9es lorsqu&rsquo;elles nettoient leur bo\u00eete mail, ou lorsqu&rsquo;elles suppriment des documents zombies dans les drive, ou lorsqu&rsquo;elles utilisent un peu plus la messagerie d&rsquo;\u00e9quipe plut\u00f4t que les pi\u00e8ces jointes dans le mail.<\/p>\n<p>Beaucoup de pistes de travail sont sorties de cette ann\u00e9e 2020, qu&rsquo;il va falloir certainement tenir dans la dur\u00e9e puisque 2021 s&rsquo;annonce \u00e9galement \u00eatre un d\u00e9fi.<\/p>\n<p><a href=\"https:\/\/web.archive.org\/web\/20220405211112\/https:\/\/referentiel.lecko.fr\/\" target=\"_blank\" rel=\"noopener\">Pour t\u00e9l\u00e9charger l&rsquo;\u00e9dition 2021 de l&rsquo;Etat de l&rsquo;art de la transformation interne des organisations, c&rsquo;est ici<\/a><\/p>\n<p>&nbsp;<\/p>\n<div itemscope itemtype=\"http:\/\/schema.org\/AudioObject\"><meta itemprop=\"name\" content=\"2021 : Une transformation digitale sans changements profonds des mentalit\u00e9s\" \/><meta itemprop=\"uploadDate\" content=\"2021-03-19T09:15:06+01:00\" \/><meta itemprop=\"encodingFormat\" content=\"audio\/mpeg\" \/><meta itemprop=\"duration\" content=\"PT22M25S\" \/><meta itemprop=\"description\" content=\"La transformation digitale, c&#039;est un peu une fable d&#039;Esope revisit\u00e9e \u00e0 la sauce 21e si\u00e8cle : &quot;Le Digital et les Mentalit\u00e9s&quot; ont remplac\u00e9 &quot;Le Li\u00e8vre et la Tortue&quot;.\u00a0Le billet sur le rapport Lecko annuel sur la transformation des organisations est un pa...\" \/><meta itemprop=\"contentUrl\" content=\"https:\/\/media.blubrry.com\/visionarymarketing_les\/agence.visionarymarketing.com\/files\/podcasts\/Arnaud-Rayrole-lecko-2021.mp3\" \/><meta itemprop=\"contentSize\" content=\"30.8\" \/><div class=\"powerpress_player\" id=\"powerpress_player_5738\"><audio class=\"wp-audio-shortcode\" id=\"audio-61505-1\" preload=\"none\" style=\"width: 100%;\" controls=\"controls\"><source type=\"audio\/mpeg\" src=\"https:\/\/media.blubrry.com\/visionarymarketing_les\/agence.visionarymarketing.com\/files\/podcasts\/Arnaud-Rayrole-lecko-2021.mp3?_=1\" \/><a href=\"https:\/\/media.blubrry.com\/visionarymarketing_les\/agence.visionarymarketing.com\/files\/podcasts\/Arnaud-Rayrole-lecko-2021.mp3\">https:\/\/media.blubrry.com\/visionarymarketing_les\/agence.visionarymarketing.com\/files\/podcasts\/Arnaud-Rayrole-lecko-2021.mp3<\/a><\/audio><\/div><\/div><p class=\"powerpress_links powerpress_links_mp3\" style=\"margin-bottom: 1px !important;\">Podcast: <a href=\"https:\/\/media.blubrry.com\/visionarymarketing_les\/agence.visionarymarketing.com\/files\/podcasts\/Arnaud-Rayrole-lecko-2021.mp3\" class=\"powerpress_link_pinw\" target=\"_blank\" title=\"Play in new window\" onclick=\"return powerpress_pinw('https:\/\/visionarymarketing.com\/fr\/\/?powerpress_pinw=61505-podcast');\" rel=\"nofollow\">Play in new window<\/a> | <a href=\"https:\/\/media.blubrry.com\/visionarymarketing_les\/agence.visionarymarketing.com\/files\/podcasts\/Arnaud-Rayrole-lecko-2021.mp3\" class=\"powerpress_link_d\" title=\"Download\" rel=\"nofollow\" download=\"Arnaud-Rayrole-lecko-2021.mp3\">Download<\/a> (Duration: 22:25 &#8212; 30.8MB)<\/p><p class=\"powerpress_links powerpress_subscribe_links\">Subscribe: <a href=\"https:\/\/itunes.apple.com\/us\/podcast\/visionarymarketing-les-interviews\/id731295319?mt=2&amp;ls=1#episodeGuid=https%3A%2F%2Fvisionarymarketing.com%2F%3Fp%3D61505\" class=\"powerpress_link_subscribe powerpress_link_subscribe_itunes\" target=\"_blank\" title=\"Subscribe on Apple Podcasts\" rel=\"nofollow\">Apple Podcasts<\/a> | <a href=\"https:\/\/open.spotify.com\/show\/52VnZ1mhVSnDs4tQOx7Vuc\" class=\"powerpress_link_subscribe powerpress_link_subscribe_spotify\" target=\"_blank\" title=\"Subscribe on Spotify\" rel=\"nofollow\">Spotify<\/a> | <a href=\"https:\/\/subscribeonandroid.com\/visionarymarketing.com\/fr\/feed\/podcast\/\" class=\"powerpress_link_subscribe powerpress_link_subscribe_android\" target=\"_blank\" title=\"Subscribe on Android\" rel=\"nofollow\">Android<\/a> | <a href=\"https:\/\/visionarymarketing.com\/fr\/feed\/podcast\/\" class=\"powerpress_link_subscribe powerpress_link_subscribe_rss\" target=\"_blank\" title=\"Subscribe via RSS\" rel=\"nofollow\">RSS<\/a><\/p>","protected":false},"excerpt":{"rendered":"<p>La transformation digitale, c&rsquo;est un peu une fable d&rsquo;Esope revisit\u00e9e \u00e0 la sauce 21e si\u00e8cle : \u00ab\u00a0Le Digital et les Mentalit\u00e9s\u00a0\u00bb ont remplac\u00e9 \u00ab\u00a0Le Li\u00e8vre et la Tortue\u00a0\u00bb.\u00a0Le billet sur le rapport Lecko annuel sur la transformation des organisations est un passage oblig\u00e9 de Visionary Marketing. L&rsquo;an dernier, nous avions assist\u00e9 \u00e0 la derni\u00e8re version &hellip;<\/p>\n","protected":false},"author":2,"featured_media":62546,"comment_status":"open","ping_status":"open","sticky":false,"template":"","format":"standard","meta":{"footnotes":""},"categories":[2808],"tags":[],"class_list":["post-61505","post","type-post","status-publish","format-standard","has-post-thumbnail","hentry","category-transformation-digitale"],"yoast_head":"<!-- This site is optimized with the Yoast SEO plugin v27.5 - https:\/\/yoast.com\/product\/yoast-seo-wordpress\/ -->\n<title>rapport Lecko 2021 : \u00e9tat de l&#039;art transformation interne des organisations<\/title>\n<meta name=\"description\" content=\"La transformation digitale, c&#039;est une fable d&#039;Esope revisit\u00e9e au 21e si\u00e8cle &quot;Le Digital et les Mentalit\u00e9s&quot; remplace &quot;Le Li\u00e8vre et la Tortue&quot;\" \/>\n<meta name=\"robots\" content=\"index, follow, max-snippet:-1, max-image-preview:large, max-video-preview:-1\" \/>\n<link rel=\"canonical\" href=\"https:\/\/visionarymarketing.com\/fr\/2021\/03\/19\/transformation-digitale-mentalites\/\" \/>\n<meta property=\"og:locale\" content=\"fr_FR\" \/>\n<meta property=\"og:type\" content=\"article\" \/>\n<meta property=\"og:title\" content=\"rapport Lecko 2021 : \u00e9tat de l&#039;art transformation interne des organisations\" \/>\n<meta property=\"og:description\" content=\"La transformation digitale, c&#039;est une fable d&#039;Esope revisit\u00e9e au 21e si\u00e8cle &quot;Le Digital et les Mentalit\u00e9s&quot; remplace &quot;Le Li\u00e8vre et la Tortue&quot;\" \/>\n<meta property=\"og:url\" content=\"https:\/\/visionarymarketing.com\/fr\/2021\/03\/19\/transformation-digitale-mentalites\/\" \/>\n<meta property=\"og:site_name\" content=\"Marketing and Innovation\" \/>\n<meta property=\"article:publisher\" content=\"https:\/\/www.facebook.com\/vismktg\" \/>\n<meta property=\"article:author\" content=\"http:\/\/facebook.com\/ygourven\" \/>\n<meta property=\"article:published_time\" content=\"2021-03-19T08:15:06+00:00\" \/>\n<meta property=\"article:modified_time\" content=\"2022-05-18T04:40:04+00:00\" \/>\n<meta property=\"og:image\" content=\"https:\/\/visionarymarketing.com\/wp-content\/uploads\/2021\/03\/tortoise-and-hare-rackham.jpg\" \/>\n\t<meta property=\"og:image:width\" content=\"520\" \/>\n\t<meta property=\"og:image:height\" content=\"340\" \/>\n\t<meta property=\"og:image:type\" content=\"image\/jpeg\" \/>\n<meta name=\"author\" content=\"Yann Gourvennec\" \/>\n<meta name=\"twitter:card\" content=\"summary_large_image\" \/>\n<meta name=\"twitter:creator\" content=\"@ygourven\" \/>\n<meta name=\"twitter:site\" content=\"@ygourven\" \/>\n<meta name=\"twitter:label1\" content=\"\u00c9crit par\" \/>\n\t<meta name=\"twitter:data1\" content=\"Yann Gourvennec\" \/>\n\t<meta name=\"twitter:label2\" content=\"Dur\u00e9e de lecture estim\u00e9e\" \/>\n\t<meta name=\"twitter:data2\" content=\"12 minutes\" \/>\n<script type=\"application\/ld+json\" class=\"yoast-schema-graph\">{\"@context\":\"https:\\\/\\\/schema.org\",\"@graph\":[{\"@type\":\"NewsArticle\",\"@id\":\"https:\\\/\\\/visionarymarketing.com\\\/fr\\\/2021\\\/03\\\/19\\\/transformation-digitale-mentalites\\\/#article\",\"isPartOf\":{\"@id\":\"https:\\\/\\\/visionarymarketing.com\\\/fr\\\/2021\\\/03\\\/19\\\/transformation-digitale-mentalites\\\/\"},\"author\":{\"name\":\"Yann Gourvennec\",\"@id\":\"https:\\\/\\\/visionarymarketing.com\\\/fr\\\/#\\\/schema\\\/person\\\/3754fee1e558f47b8deb46f53c37423e\"},\"headline\":\"2021 : Une transformation digitale sans changements profonds des mentalit\u00e9s\",\"datePublished\":\"2021-03-19T08:15:06+00:00\",\"dateModified\":\"2022-05-18T04:40:04+00:00\",\"mainEntityOfPage\":{\"@id\":\"https:\\\/\\\/visionarymarketing.com\\\/fr\\\/2021\\\/03\\\/19\\\/transformation-digitale-mentalites\\\/\"},\"wordCount\":2686,\"commentCount\":0,\"image\":{\"@id\":\"https:\\\/\\\/visionarymarketing.com\\\/fr\\\/2021\\\/03\\\/19\\\/transformation-digitale-mentalites\\\/#primaryimage\"},\"thumbnailUrl\":\"https:\\\/\\\/visionarymarketing.com\\\/wp-content\\\/uploads\\\/2021\\\/03\\\/tortoise-and-hare-rackham.jpg\",\"articleSection\":[\"Transformation\"],\"inLanguage\":\"fr-FR\",\"potentialAction\":[{\"@type\":\"CommentAction\",\"name\":\"Comment\",\"target\":[\"https:\\\/\\\/visionarymarketing.com\\\/fr\\\/2021\\\/03\\\/19\\\/transformation-digitale-mentalites\\\/#respond\"]}]},{\"@type\":\"WebPage\",\"@id\":\"https:\\\/\\\/visionarymarketing.com\\\/fr\\\/2021\\\/03\\\/19\\\/transformation-digitale-mentalites\\\/\",\"url\":\"https:\\\/\\\/visionarymarketing.com\\\/fr\\\/2021\\\/03\\\/19\\\/transformation-digitale-mentalites\\\/\",\"name\":\"rapport Lecko 2021 : \u00e9tat de l'art transformation interne des organisations\",\"isPartOf\":{\"@id\":\"https:\\\/\\\/visionarymarketing.com\\\/fr\\\/#website\"},\"primaryImageOfPage\":{\"@id\":\"https:\\\/\\\/visionarymarketing.com\\\/fr\\\/2021\\\/03\\\/19\\\/transformation-digitale-mentalites\\\/#primaryimage\"},\"image\":{\"@id\":\"https:\\\/\\\/visionarymarketing.com\\\/fr\\\/2021\\\/03\\\/19\\\/transformation-digitale-mentalites\\\/#primaryimage\"},\"thumbnailUrl\":\"https:\\\/\\\/visionarymarketing.com\\\/wp-content\\\/uploads\\\/2021\\\/03\\\/tortoise-and-hare-rackham.jpg\",\"datePublished\":\"2021-03-19T08:15:06+00:00\",\"dateModified\":\"2022-05-18T04:40:04+00:00\",\"author\":{\"@id\":\"https:\\\/\\\/visionarymarketing.com\\\/fr\\\/#\\\/schema\\\/person\\\/3754fee1e558f47b8deb46f53c37423e\"},\"description\":\"La transformation digitale, c'est une fable d'Esope revisit\u00e9e au 21e si\u00e8cle \\\"Le Digital et les Mentalit\u00e9s\\\" remplace \\\"Le Li\u00e8vre et la Tortue\\\"\",\"breadcrumb\":{\"@id\":\"https:\\\/\\\/visionarymarketing.com\\\/fr\\\/2021\\\/03\\\/19\\\/transformation-digitale-mentalites\\\/#breadcrumb\"},\"inLanguage\":\"fr-FR\",\"potentialAction\":[{\"@type\":\"ReadAction\",\"target\":[\"https:\\\/\\\/visionarymarketing.com\\\/fr\\\/2021\\\/03\\\/19\\\/transformation-digitale-mentalites\\\/\"]}]},{\"@type\":\"ImageObject\",\"inLanguage\":\"fr-FR\",\"@id\":\"https:\\\/\\\/visionarymarketing.com\\\/fr\\\/2021\\\/03\\\/19\\\/transformation-digitale-mentalites\\\/#primaryimage\",\"url\":\"https:\\\/\\\/visionarymarketing.com\\\/wp-content\\\/uploads\\\/2021\\\/03\\\/tortoise-and-hare-rackham.jpg\",\"contentUrl\":\"https:\\\/\\\/visionarymarketing.com\\\/wp-content\\\/uploads\\\/2021\\\/03\\\/tortoise-and-hare-rackham.jpg\",\"width\":520,\"height\":340,\"caption\":\"transformation digitale mentalit\u00e9s\"},{\"@type\":\"BreadcrumbList\",\"@id\":\"https:\\\/\\\/visionarymarketing.com\\\/fr\\\/2021\\\/03\\\/19\\\/transformation-digitale-mentalites\\\/#breadcrumb\",\"itemListElement\":[{\"@type\":\"ListItem\",\"position\":1,\"name\":\"Home\",\"item\":\"https:\\\/\\\/visionarymarketing.com\\\/fr\\\/\"},{\"@type\":\"ListItem\",\"position\":2,\"name\":\"2021 : Une transformation digitale sans changements profonds des mentalit\u00e9s\"}]},{\"@type\":\"WebSite\",\"@id\":\"https:\\\/\\\/visionarymarketing.com\\\/fr\\\/#website\",\"url\":\"https:\\\/\\\/visionarymarketing.com\\\/fr\\\/\",\"name\":\"Marketing and Innovation\",\"description\":\"Site d&#039;infos ind\u00e9pendant, depuis 1996\",\"potentialAction\":[{\"@type\":\"SearchAction\",\"target\":{\"@type\":\"EntryPoint\",\"urlTemplate\":\"https:\\\/\\\/visionarymarketing.com\\\/fr\\\/?s={search_term_string}\"},\"query-input\":{\"@type\":\"PropertyValueSpecification\",\"valueRequired\":true,\"valueName\":\"search_term_string\"}}],\"inLanguage\":\"fr-FR\"},{\"@type\":\"Person\",\"@id\":\"https:\\\/\\\/visionarymarketing.com\\\/fr\\\/#\\\/schema\\\/person\\\/3754fee1e558f47b8deb46f53c37423e\",\"name\":\"Yann Gourvennec\",\"image\":{\"@type\":\"ImageObject\",\"inLanguage\":\"fr-FR\",\"@id\":\"https:\\\/\\\/secure.gravatar.com\\\/avatar\\\/5972001801e8de5692a3e31224e85769f50a55fb8b679749f9c8d1868cceff14?s=96&d=initials&r=g&initials=yg\",\"url\":\"https:\\\/\\\/secure.gravatar.com\\\/avatar\\\/5972001801e8de5692a3e31224e85769f50a55fb8b679749f9c8d1868cceff14?s=96&d=initials&r=g&initials=yg\",\"contentUrl\":\"https:\\\/\\\/secure.gravatar.com\\\/avatar\\\/5972001801e8de5692a3e31224e85769f50a55fb8b679749f9c8d1868cceff14?s=96&d=initials&r=g&initials=yg\",\"caption\":\"Yann Gourvennec\"},\"description\":\"Yann Gourvennec created visionarymarketing.com in 1996. He is a speaker and author of many books. In 2014 he went from intrapreneur to entrepreneur, when he created his digital marketing agency. Yann Gourvennec a cr\u00e9\u00e9 visionarymarketing.com en 1996. Il est conf\u00e9rencier et auteur de plusieurs livres. En 2014, il est pass\u00e9 d'intrapreneur \u00e0 entrepreneur en cr\u00e9ant son agence de marketing num\u00e9rique.\",\"sameAs\":[\"https:\\\/\\\/visionarymarketing.com\",\"http:\\\/\\\/facebook.com\\\/ygourven\",\"http:\\\/\\\/linkedin.com\\\/in\\\/ygourven\",\"https:\\\/\\\/x.com\\\/ygourven\",\"https:\\\/\\\/www.youtube.com\\\/c\\\/visionarymarketingagency\"],\"url\":\"https:\\\/\\\/visionarymarketing.com\\\/fr\\\/author\\\/yann-gourvennec\\\/\"}]}<\/script>\n<!-- \/ Yoast SEO plugin. -->","yoast_head_json":{"title":"rapport Lecko 2021 : \u00e9tat de l'art transformation interne des organisations","description":"La transformation digitale, c'est une fable d'Esope revisit\u00e9e au 21e si\u00e8cle \"Le Digital et les Mentalit\u00e9s\" remplace \"Le Li\u00e8vre et la Tortue\"","robots":{"index":"index","follow":"follow","max-snippet":"max-snippet:-1","max-image-preview":"max-image-preview:large","max-video-preview":"max-video-preview:-1"},"canonical":"https:\/\/visionarymarketing.com\/fr\/2021\/03\/19\/transformation-digitale-mentalites\/","og_locale":"fr_FR","og_type":"article","og_title":"rapport Lecko 2021 : \u00e9tat de l'art transformation interne des organisations","og_description":"La transformation digitale, c'est une fable d'Esope revisit\u00e9e au 21e si\u00e8cle \"Le Digital et les Mentalit\u00e9s\" remplace \"Le Li\u00e8vre et la Tortue\"","og_url":"https:\/\/visionarymarketing.com\/fr\/2021\/03\/19\/transformation-digitale-mentalites\/","og_site_name":"Marketing and Innovation","article_publisher":"https:\/\/www.facebook.com\/vismktg","article_author":"http:\/\/facebook.com\/ygourven","article_published_time":"2021-03-19T08:15:06+00:00","article_modified_time":"2022-05-18T04:40:04+00:00","og_image":[{"width":520,"height":340,"url":"https:\/\/visionarymarketing.com\/wp-content\/uploads\/2021\/03\/tortoise-and-hare-rackham.jpg","type":"image\/jpeg"}],"author":"Yann Gourvennec","twitter_card":"summary_large_image","twitter_creator":"@ygourven","twitter_site":"@ygourven","twitter_misc":{"\u00c9crit par":"Yann Gourvennec","Dur\u00e9e de lecture estim\u00e9e":"12 minutes"},"schema":{"@context":"https:\/\/schema.org","@graph":[{"@type":"NewsArticle","@id":"https:\/\/visionarymarketing.com\/fr\/2021\/03\/19\/transformation-digitale-mentalites\/#article","isPartOf":{"@id":"https:\/\/visionarymarketing.com\/fr\/2021\/03\/19\/transformation-digitale-mentalites\/"},"author":{"name":"Yann Gourvennec","@id":"https:\/\/visionarymarketing.com\/fr\/#\/schema\/person\/3754fee1e558f47b8deb46f53c37423e"},"headline":"2021 : Une transformation digitale sans changements profonds des mentalit\u00e9s","datePublished":"2021-03-19T08:15:06+00:00","dateModified":"2022-05-18T04:40:04+00:00","mainEntityOfPage":{"@id":"https:\/\/visionarymarketing.com\/fr\/2021\/03\/19\/transformation-digitale-mentalites\/"},"wordCount":2686,"commentCount":0,"image":{"@id":"https:\/\/visionarymarketing.com\/fr\/2021\/03\/19\/transformation-digitale-mentalites\/#primaryimage"},"thumbnailUrl":"https:\/\/visionarymarketing.com\/wp-content\/uploads\/2021\/03\/tortoise-and-hare-rackham.jpg","articleSection":["Transformation"],"inLanguage":"fr-FR","potentialAction":[{"@type":"CommentAction","name":"Comment","target":["https:\/\/visionarymarketing.com\/fr\/2021\/03\/19\/transformation-digitale-mentalites\/#respond"]}]},{"@type":"WebPage","@id":"https:\/\/visionarymarketing.com\/fr\/2021\/03\/19\/transformation-digitale-mentalites\/","url":"https:\/\/visionarymarketing.com\/fr\/2021\/03\/19\/transformation-digitale-mentalites\/","name":"rapport Lecko 2021 : \u00e9tat de l'art transformation interne des organisations","isPartOf":{"@id":"https:\/\/visionarymarketing.com\/fr\/#website"},"primaryImageOfPage":{"@id":"https:\/\/visionarymarketing.com\/fr\/2021\/03\/19\/transformation-digitale-mentalites\/#primaryimage"},"image":{"@id":"https:\/\/visionarymarketing.com\/fr\/2021\/03\/19\/transformation-digitale-mentalites\/#primaryimage"},"thumbnailUrl":"https:\/\/visionarymarketing.com\/wp-content\/uploads\/2021\/03\/tortoise-and-hare-rackham.jpg","datePublished":"2021-03-19T08:15:06+00:00","dateModified":"2022-05-18T04:40:04+00:00","author":{"@id":"https:\/\/visionarymarketing.com\/fr\/#\/schema\/person\/3754fee1e558f47b8deb46f53c37423e"},"description":"La transformation digitale, c'est une fable d'Esope revisit\u00e9e au 21e si\u00e8cle \"Le Digital et les Mentalit\u00e9s\" remplace \"Le Li\u00e8vre et la Tortue\"","breadcrumb":{"@id":"https:\/\/visionarymarketing.com\/fr\/2021\/03\/19\/transformation-digitale-mentalites\/#breadcrumb"},"inLanguage":"fr-FR","potentialAction":[{"@type":"ReadAction","target":["https:\/\/visionarymarketing.com\/fr\/2021\/03\/19\/transformation-digitale-mentalites\/"]}]},{"@type":"ImageObject","inLanguage":"fr-FR","@id":"https:\/\/visionarymarketing.com\/fr\/2021\/03\/19\/transformation-digitale-mentalites\/#primaryimage","url":"https:\/\/visionarymarketing.com\/wp-content\/uploads\/2021\/03\/tortoise-and-hare-rackham.jpg","contentUrl":"https:\/\/visionarymarketing.com\/wp-content\/uploads\/2021\/03\/tortoise-and-hare-rackham.jpg","width":520,"height":340,"caption":"transformation digitale mentalit\u00e9s"},{"@type":"BreadcrumbList","@id":"https:\/\/visionarymarketing.com\/fr\/2021\/03\/19\/transformation-digitale-mentalites\/#breadcrumb","itemListElement":[{"@type":"ListItem","position":1,"name":"Home","item":"https:\/\/visionarymarketing.com\/fr\/"},{"@type":"ListItem","position":2,"name":"2021 : Une transformation digitale sans changements profonds des mentalit\u00e9s"}]},{"@type":"WebSite","@id":"https:\/\/visionarymarketing.com\/fr\/#website","url":"https:\/\/visionarymarketing.com\/fr\/","name":"Marketing and Innovation","description":"Site d&#039;infos ind\u00e9pendant, depuis 1996","potentialAction":[{"@type":"SearchAction","target":{"@type":"EntryPoint","urlTemplate":"https:\/\/visionarymarketing.com\/fr\/?s={search_term_string}"},"query-input":{"@type":"PropertyValueSpecification","valueRequired":true,"valueName":"search_term_string"}}],"inLanguage":"fr-FR"},{"@type":"Person","@id":"https:\/\/visionarymarketing.com\/fr\/#\/schema\/person\/3754fee1e558f47b8deb46f53c37423e","name":"Yann Gourvennec","image":{"@type":"ImageObject","inLanguage":"fr-FR","@id":"https:\/\/secure.gravatar.com\/avatar\/5972001801e8de5692a3e31224e85769f50a55fb8b679749f9c8d1868cceff14?s=96&d=initials&r=g&initials=yg","url":"https:\/\/secure.gravatar.com\/avatar\/5972001801e8de5692a3e31224e85769f50a55fb8b679749f9c8d1868cceff14?s=96&d=initials&r=g&initials=yg","contentUrl":"https:\/\/secure.gravatar.com\/avatar\/5972001801e8de5692a3e31224e85769f50a55fb8b679749f9c8d1868cceff14?s=96&d=initials&r=g&initials=yg","caption":"Yann Gourvennec"},"description":"Yann Gourvennec created visionarymarketing.com in 1996. He is a speaker and author of many books. In 2014 he went from intrapreneur to entrepreneur, when he created his digital marketing agency. Yann Gourvennec a cr\u00e9\u00e9 visionarymarketing.com en 1996. Il est conf\u00e9rencier et auteur de plusieurs livres. En 2014, il est pass\u00e9 d'intrapreneur \u00e0 entrepreneur en cr\u00e9ant son agence de marketing num\u00e9rique.","sameAs":["https:\/\/visionarymarketing.com","http:\/\/facebook.com\/ygourven","http:\/\/linkedin.com\/in\/ygourven","https:\/\/x.com\/ygourven","https:\/\/www.youtube.com\/c\/visionarymarketingagency"],"url":"https:\/\/visionarymarketing.com\/fr\/author\/yann-gourvennec\/"}]}},"_links":{"self":[{"href":"https:\/\/visionarymarketing.com\/fr\/wp-json\/wp\/v2\/posts\/61505","targetHints":{"allow":["GET"]}}],"collection":[{"href":"https:\/\/visionarymarketing.com\/fr\/wp-json\/wp\/v2\/posts"}],"about":[{"href":"https:\/\/visionarymarketing.com\/fr\/wp-json\/wp\/v2\/types\/post"}],"author":[{"embeddable":true,"href":"https:\/\/visionarymarketing.com\/fr\/wp-json\/wp\/v2\/users\/2"}],"replies":[{"embeddable":true,"href":"https:\/\/visionarymarketing.com\/fr\/wp-json\/wp\/v2\/comments?post=61505"}],"version-history":[{"count":0,"href":"https:\/\/visionarymarketing.com\/fr\/wp-json\/wp\/v2\/posts\/61505\/revisions"}],"wp:featuredmedia":[{"embeddable":true,"href":"https:\/\/visionarymarketing.com\/fr\/wp-json\/wp\/v2\/media\/62546"}],"wp:attachment":[{"href":"https:\/\/visionarymarketing.com\/fr\/wp-json\/wp\/v2\/media?parent=61505"}],"wp:term":[{"taxonomy":"category","embeddable":true,"href":"https:\/\/visionarymarketing.com\/fr\/wp-json\/wp\/v2\/categories?post=61505"},{"taxonomy":"post_tag","embeddable":true,"href":"https:\/\/visionarymarketing.com\/fr\/wp-json\/wp\/v2\/tags?post=61505"}],"curies":[{"name":"wp","href":"https:\/\/api.w.org\/{rel}","templated":true}]}}