{"id":61436,"date":"2021-02-16T07:50:39","date_gmt":"2021-02-16T06:50:39","guid":{"rendered":"https:\/\/visionarymarketing.com\/?p=61436"},"modified":"2022-12-05T14:28:24","modified_gmt":"2022-12-05T13:28:24","slug":"le-marketing-de-contenu-en-b2b-au-dela-de-2021","status":"publish","type":"post","link":"https:\/\/visionarymarketing.com\/fr\/2021\/02\/16\/le-marketing-de-contenu-en-b2b-au-dela-de-2021\/","title":{"rendered":"Le marketing de contenu en B2B au-del\u00e0 de 2021"},"content":{"rendered":"<p><em>Quel avenir pour le content marketing ? J&rsquo;avais particip\u00e9 \u00e0 un webinaire organis\u00e9 par Pushengage en ao\u00fbt 2020, mais je n&rsquo;avais jamais encore traduit cette pr\u00e9sentation, ni ne l&rsquo;avais montr\u00e9e devant un auditoire francophone. J&rsquo;ai propos\u00e9 ce sujet \u00e0 Laurent Ollivier d&rsquo;Aressy et voil\u00e0 : le jeudi 18 f\u00e9vrier 2021 \u00e0 9h30, je vous ferai part de mes r\u00e9flexions sur le sujet.\u00a0<\/em><\/p>\n<h2>Le marketing de contenu en B2B au-del\u00e0 de 2021<\/h2>\n<p><img decoding=\"async\" class=\"aligncenter wp-image-61437 size-full\" src=\"https:\/\/visionarymarketing.com\/wp-content\/uploads\/2021\/02\/image001-e1613412692371.jpg\" alt=\"Aressy Talk\" width=\"651\" height=\"340\" srcset=\"https:\/\/visionarymarketing.com\/wp-content\/uploads\/2021\/02\/image001-e1613412692371.jpg 651w, https:\/\/visionarymarketing.com\/wp-content\/uploads\/2021\/02\/image001-e1613412692371-500x261.jpg 500w\" sizes=\"(max-width: 651px) 100vw, 651px\" \/><\/p>\n<p><!--more-->Certes, faire des pr\u00e9visions en ce moment, c&rsquo;est assez difficile, mais je m&rsquo;inscris ici dans le temps long et non dans l&rsquo;illusoire et \u00e9ph\u00e9m\u00e8re gloire de l&rsquo;innovation. Beaucoup d&rsquo;hypoth\u00e8ses donc, et pas de jugements \u00e0 l&#8217;emporte-pi\u00e8ce mais un partage d&rsquo;exp\u00e9rience avec l&rsquo;auditoire qui, je l&rsquo;esp\u00e8re, sera riche. Pour m\u00e9moire, je vous ajoute la mini vid\u00e9o de j&rsquo;avais enregistr\u00e9 \u00e0 l&rsquo;\u00e9poque pour introduire ce sujet et qui vous en expliquera le contexte. Rendez-vous au 18 !<\/p>\n<p><iframe title=\"Le futur du marketing de contenu en 2020 - Webinaire\" width=\"500\" height=\"281\" src=\"https:\/\/www.youtube.com\/embed\/3-ZXHMXgqvU?start=128&#038;feature=oembed\" frameborder=\"0\" allow=\"accelerometer; autoplay; clipboard-write; encrypted-media; gyroscope; picture-in-picture; web-share\" referrerpolicy=\"strict-origin-when-cross-origin\" allowfullscreen><\/iframe><\/p>\n","protected":false},"excerpt":{"rendered":"<p>Quel avenir pour le content marketing ? J&rsquo;avais particip\u00e9 \u00e0 un webinaire organis\u00e9 par Pushengage en ao\u00fbt 2020, mais je n&rsquo;avais jamais encore traduit cette pr\u00e9sentation, ni ne l&rsquo;avais montr\u00e9e devant un auditoire francophone. J&rsquo;ai propos\u00e9 ce sujet \u00e0 Laurent Ollivier d&rsquo;Aressy et voil\u00e0 : le jeudi 18 f\u00e9vrier 2021 \u00e0 9h30, je vous ferai &hellip;<\/p>\n","protected":false},"author":2,"featured_media":61438,"comment_status":"open","ping_status":"open","sticky":false,"template":"","format":"standard","meta":{"footnotes":""},"categories":[2852],"tags":[],"class_list":["post-61436","post","type-post","status-publish","format-standard","has-post-thumbnail","hentry","category-content-marketing"],"yoast_head":"<!-- This site is optimized with the Yoast SEO plugin v27.4 - https:\/\/yoast.com\/product\/yoast-seo-wordpress\/ -->\n<title>Le marketing de contenu en B2B au-del\u00e0 de 2021<\/title>\n<meta name=\"description\" content=\"Quel avenir pour le content marketing ? J&#039;avais particip\u00e9 \u00e0 un webinaire organis\u00e9 par Pushengage en ao\u00fbt 2020, mais je n&#039;avais jamais encore traduit cette\" \/>\n<meta name=\"robots\" content=\"noindex, follow\" \/>\n<meta property=\"og:locale\" content=\"fr_FR\" \/>\n<meta property=\"og:type\" content=\"article\" \/>\n<meta property=\"og:title\" content=\"Le marketing de contenu en B2B au-del\u00e0 de 2021\" \/>\n<meta property=\"og:description\" content=\"Quel avenir pour le content marketing ? J&#039;avais particip\u00e9 \u00e0 un webinaire organis\u00e9 par Pushengage en ao\u00fbt 2020, mais je n&#039;avais jamais encore traduit cette\" \/>\n<meta property=\"og:url\" content=\"https:\/\/visionarymarketing.com\/fr\/2021\/02\/16\/le-marketing-de-contenu-en-b2b-au-dela-de-2021\/\" \/>\n<meta property=\"og:site_name\" content=\"Marketing and Innovation\" \/>\n<meta property=\"article:publisher\" content=\"https:\/\/www.facebook.com\/vismktg\" \/>\n<meta property=\"article:author\" content=\"http:\/\/facebook.com\/ygourven\" \/>\n<meta property=\"article:published_time\" content=\"2021-02-16T06:50:39+00:00\" \/>\n<meta property=\"article:modified_time\" content=\"2022-12-05T13:28:24+00:00\" \/>\n<meta property=\"og:image\" content=\"https:\/\/visionarymarketing.com\/wp-content\/uploads\/2021\/02\/thumbnail-image001.png\" \/>\n\t<meta property=\"og:image:width\" content=\"520\" \/>\n\t<meta property=\"og:image:height\" content=\"340\" \/>\n\t<meta property=\"og:image:type\" content=\"image\/png\" \/>\n<meta name=\"author\" content=\"Yann Gourvennec\" \/>\n<meta name=\"twitter:card\" content=\"summary_large_image\" \/>\n<meta name=\"twitter:creator\" content=\"@ygourven\" \/>\n<meta name=\"twitter:site\" content=\"@ygourven\" \/>\n<meta name=\"twitter:label1\" content=\"\u00c9crit par\" \/>\n\t<meta name=\"twitter:data1\" content=\"Yann Gourvennec\" \/>\n\t<meta name=\"twitter:label2\" content=\"Dur\u00e9e de lecture estim\u00e9e\" \/>\n\t<meta name=\"twitter:data2\" content=\"1 minute\" \/>\n<script type=\"application\/ld+json\" class=\"yoast-schema-graph\">{\"@context\":\"https:\\\/\\\/schema.org\",\"@graph\":[{\"@type\":\"NewsArticle\",\"@id\":\"https:\\\/\\\/visionarymarketing.com\\\/fr\\\/2021\\\/02\\\/16\\\/le-marketing-de-contenu-en-b2b-au-dela-de-2021\\\/#article\",\"isPartOf\":{\"@id\":\"https:\\\/\\\/visionarymarketing.com\\\/fr\\\/2021\\\/02\\\/16\\\/le-marketing-de-contenu-en-b2b-au-dela-de-2021\\\/\"},\"author\":{\"name\":\"Yann Gourvennec\",\"@id\":\"https:\\\/\\\/visionarymarketing.com\\\/fr\\\/#\\\/schema\\\/person\\\/3754fee1e558f47b8deb46f53c37423e\"},\"headline\":\"Le marketing de contenu en B2B au-del\u00e0 de 2021\",\"datePublished\":\"2021-02-16T06:50:39+00:00\",\"dateModified\":\"2022-12-05T13:28:24+00:00\",\"mainEntityOfPage\":{\"@id\":\"https:\\\/\\\/visionarymarketing.com\\\/fr\\\/2021\\\/02\\\/16\\\/le-marketing-de-contenu-en-b2b-au-dela-de-2021\\\/\"},\"wordCount\":187,\"commentCount\":0,\"image\":{\"@id\":\"https:\\\/\\\/visionarymarketing.com\\\/fr\\\/2021\\\/02\\\/16\\\/le-marketing-de-contenu-en-b2b-au-dela-de-2021\\\/#primaryimage\"},\"thumbnailUrl\":\"https:\\\/\\\/visionarymarketing.com\\\/wp-content\\\/uploads\\\/2021\\\/02\\\/thumbnail-image001.png\",\"articleSection\":[\"Content Marketing\"],\"inLanguage\":\"fr-FR\",\"potentialAction\":[{\"@type\":\"CommentAction\",\"name\":\"Comment\",\"target\":[\"https:\\\/\\\/visionarymarketing.com\\\/fr\\\/2021\\\/02\\\/16\\\/le-marketing-de-contenu-en-b2b-au-dela-de-2021\\\/#respond\"]}]},{\"@type\":\"WebPage\",\"@id\":\"https:\\\/\\\/visionarymarketing.com\\\/fr\\\/2021\\\/02\\\/16\\\/le-marketing-de-contenu-en-b2b-au-dela-de-2021\\\/\",\"url\":\"https:\\\/\\\/visionarymarketing.com\\\/fr\\\/2021\\\/02\\\/16\\\/le-marketing-de-contenu-en-b2b-au-dela-de-2021\\\/\",\"name\":\"Le marketing de contenu en B2B au-del\u00e0 de 2021\",\"isPartOf\":{\"@id\":\"https:\\\/\\\/visionarymarketing.com\\\/fr\\\/#website\"},\"primaryImageOfPage\":{\"@id\":\"https:\\\/\\\/visionarymarketing.com\\\/fr\\\/2021\\\/02\\\/16\\\/le-marketing-de-contenu-en-b2b-au-dela-de-2021\\\/#primaryimage\"},\"image\":{\"@id\":\"https:\\\/\\\/visionarymarketing.com\\\/fr\\\/2021\\\/02\\\/16\\\/le-marketing-de-contenu-en-b2b-au-dela-de-2021\\\/#primaryimage\"},\"thumbnailUrl\":\"https:\\\/\\\/visionarymarketing.com\\\/wp-content\\\/uploads\\\/2021\\\/02\\\/thumbnail-image001.png\",\"datePublished\":\"2021-02-16T06:50:39+00:00\",\"dateModified\":\"2022-12-05T13:28:24+00:00\",\"author\":{\"@id\":\"https:\\\/\\\/visionarymarketing.com\\\/fr\\\/#\\\/schema\\\/person\\\/3754fee1e558f47b8deb46f53c37423e\"},\"description\":\"Quel avenir pour le content marketing ? J'avais particip\u00e9 \u00e0 un webinaire organis\u00e9 par Pushengage en ao\u00fbt 2020, mais je n'avais jamais encore traduit cette\",\"breadcrumb\":{\"@id\":\"https:\\\/\\\/visionarymarketing.com\\\/fr\\\/2021\\\/02\\\/16\\\/le-marketing-de-contenu-en-b2b-au-dela-de-2021\\\/#breadcrumb\"},\"inLanguage\":\"fr-FR\",\"potentialAction\":[{\"@type\":\"ReadAction\",\"target\":[\"https:\\\/\\\/visionarymarketing.com\\\/fr\\\/2021\\\/02\\\/16\\\/le-marketing-de-contenu-en-b2b-au-dela-de-2021\\\/\"]}]},{\"@type\":\"ImageObject\",\"inLanguage\":\"fr-FR\",\"@id\":\"https:\\\/\\\/visionarymarketing.com\\\/fr\\\/2021\\\/02\\\/16\\\/le-marketing-de-contenu-en-b2b-au-dela-de-2021\\\/#primaryimage\",\"url\":\"https:\\\/\\\/visionarymarketing.com\\\/wp-content\\\/uploads\\\/2021\\\/02\\\/thumbnail-image001.png\",\"contentUrl\":\"https:\\\/\\\/visionarymarketing.com\\\/wp-content\\\/uploads\\\/2021\\\/02\\\/thumbnail-image001.png\",\"width\":520,\"height\":340},{\"@type\":\"BreadcrumbList\",\"@id\":\"https:\\\/\\\/visionarymarketing.com\\\/fr\\\/2021\\\/02\\\/16\\\/le-marketing-de-contenu-en-b2b-au-dela-de-2021\\\/#breadcrumb\",\"itemListElement\":[{\"@type\":\"ListItem\",\"position\":1,\"name\":\"Home\",\"item\":\"https:\\\/\\\/visionarymarketing.com\\\/fr\\\/\"},{\"@type\":\"ListItem\",\"position\":2,\"name\":\"Le marketing de contenu en B2B au-del\u00e0 de 2021\"}]},{\"@type\":\"WebSite\",\"@id\":\"https:\\\/\\\/visionarymarketing.com\\\/fr\\\/#website\",\"url\":\"https:\\\/\\\/visionarymarketing.com\\\/fr\\\/\",\"name\":\"Marketing and Innovation\",\"description\":\"Site d&#039;infos ind\u00e9pendant, depuis 1996\",\"potentialAction\":[{\"@type\":\"SearchAction\",\"target\":{\"@type\":\"EntryPoint\",\"urlTemplate\":\"https:\\\/\\\/visionarymarketing.com\\\/fr\\\/?s={search_term_string}\"},\"query-input\":{\"@type\":\"PropertyValueSpecification\",\"valueRequired\":true,\"valueName\":\"search_term_string\"}}],\"inLanguage\":\"fr-FR\"},{\"@type\":\"Person\",\"@id\":\"https:\\\/\\\/visionarymarketing.com\\\/fr\\\/#\\\/schema\\\/person\\\/3754fee1e558f47b8deb46f53c37423e\",\"name\":\"Yann Gourvennec\",\"image\":{\"@type\":\"ImageObject\",\"inLanguage\":\"fr-FR\",\"@id\":\"https:\\\/\\\/secure.gravatar.com\\\/avatar\\\/5972001801e8de5692a3e31224e85769f50a55fb8b679749f9c8d1868cceff14?s=96&d=initials&r=g&initials=yg\",\"url\":\"https:\\\/\\\/secure.gravatar.com\\\/avatar\\\/5972001801e8de5692a3e31224e85769f50a55fb8b679749f9c8d1868cceff14?s=96&d=initials&r=g&initials=yg\",\"contentUrl\":\"https:\\\/\\\/secure.gravatar.com\\\/avatar\\\/5972001801e8de5692a3e31224e85769f50a55fb8b679749f9c8d1868cceff14?s=96&d=initials&r=g&initials=yg\",\"caption\":\"Yann Gourvennec\"},\"description\":\"Yann Gourvennec created visionarymarketing.com in 1996. He is a speaker and author of many books. In 2014 he went from intrapreneur to entrepreneur, when he created his digital marketing agency. Yann Gourvennec a cr\u00e9\u00e9 visionarymarketing.com en 1996. Il est conf\u00e9rencier et auteur de plusieurs livres. En 2014, il est pass\u00e9 d'intrapreneur \u00e0 entrepreneur en cr\u00e9ant son agence de marketing num\u00e9rique.\",\"sameAs\":[\"https:\\\/\\\/visionarymarketing.com\",\"http:\\\/\\\/facebook.com\\\/ygourven\",\"http:\\\/\\\/linkedin.com\\\/in\\\/ygourven\",\"https:\\\/\\\/x.com\\\/ygourven\",\"https:\\\/\\\/www.youtube.com\\\/c\\\/visionarymarketingagency\"],\"url\":\"https:\\\/\\\/visionarymarketing.com\\\/fr\\\/author\\\/yann-gourvennec\\\/\"}]}<\/script>\n<!-- \/ Yoast SEO plugin. -->","yoast_head_json":{"title":"Le marketing de contenu en B2B au-del\u00e0 de 2021","description":"Quel avenir pour le content marketing ? J'avais particip\u00e9 \u00e0 un webinaire organis\u00e9 par Pushengage en ao\u00fbt 2020, mais je n'avais jamais encore traduit cette","robots":{"index":"noindex","follow":"follow"},"og_locale":"fr_FR","og_type":"article","og_title":"Le marketing de contenu en B2B au-del\u00e0 de 2021","og_description":"Quel avenir pour le content marketing ? J'avais particip\u00e9 \u00e0 un webinaire organis\u00e9 par Pushengage en ao\u00fbt 2020, mais je n'avais jamais encore traduit cette","og_url":"https:\/\/visionarymarketing.com\/fr\/2021\/02\/16\/le-marketing-de-contenu-en-b2b-au-dela-de-2021\/","og_site_name":"Marketing and Innovation","article_publisher":"https:\/\/www.facebook.com\/vismktg","article_author":"http:\/\/facebook.com\/ygourven","article_published_time":"2021-02-16T06:50:39+00:00","article_modified_time":"2022-12-05T13:28:24+00:00","og_image":[{"width":520,"height":340,"url":"https:\/\/visionarymarketing.com\/wp-content\/uploads\/2021\/02\/thumbnail-image001.png","type":"image\/png"}],"author":"Yann Gourvennec","twitter_card":"summary_large_image","twitter_creator":"@ygourven","twitter_site":"@ygourven","twitter_misc":{"\u00c9crit par":"Yann Gourvennec","Dur\u00e9e de lecture estim\u00e9e":"1 minute"},"schema":{"@context":"https:\/\/schema.org","@graph":[{"@type":"NewsArticle","@id":"https:\/\/visionarymarketing.com\/fr\/2021\/02\/16\/le-marketing-de-contenu-en-b2b-au-dela-de-2021\/#article","isPartOf":{"@id":"https:\/\/visionarymarketing.com\/fr\/2021\/02\/16\/le-marketing-de-contenu-en-b2b-au-dela-de-2021\/"},"author":{"name":"Yann Gourvennec","@id":"https:\/\/visionarymarketing.com\/fr\/#\/schema\/person\/3754fee1e558f47b8deb46f53c37423e"},"headline":"Le marketing de contenu en B2B au-del\u00e0 de 2021","datePublished":"2021-02-16T06:50:39+00:00","dateModified":"2022-12-05T13:28:24+00:00","mainEntityOfPage":{"@id":"https:\/\/visionarymarketing.com\/fr\/2021\/02\/16\/le-marketing-de-contenu-en-b2b-au-dela-de-2021\/"},"wordCount":187,"commentCount":0,"image":{"@id":"https:\/\/visionarymarketing.com\/fr\/2021\/02\/16\/le-marketing-de-contenu-en-b2b-au-dela-de-2021\/#primaryimage"},"thumbnailUrl":"https:\/\/visionarymarketing.com\/wp-content\/uploads\/2021\/02\/thumbnail-image001.png","articleSection":["Content Marketing"],"inLanguage":"fr-FR","potentialAction":[{"@type":"CommentAction","name":"Comment","target":["https:\/\/visionarymarketing.com\/fr\/2021\/02\/16\/le-marketing-de-contenu-en-b2b-au-dela-de-2021\/#respond"]}]},{"@type":"WebPage","@id":"https:\/\/visionarymarketing.com\/fr\/2021\/02\/16\/le-marketing-de-contenu-en-b2b-au-dela-de-2021\/","url":"https:\/\/visionarymarketing.com\/fr\/2021\/02\/16\/le-marketing-de-contenu-en-b2b-au-dela-de-2021\/","name":"Le marketing de contenu en B2B au-del\u00e0 de 2021","isPartOf":{"@id":"https:\/\/visionarymarketing.com\/fr\/#website"},"primaryImageOfPage":{"@id":"https:\/\/visionarymarketing.com\/fr\/2021\/02\/16\/le-marketing-de-contenu-en-b2b-au-dela-de-2021\/#primaryimage"},"image":{"@id":"https:\/\/visionarymarketing.com\/fr\/2021\/02\/16\/le-marketing-de-contenu-en-b2b-au-dela-de-2021\/#primaryimage"},"thumbnailUrl":"https:\/\/visionarymarketing.com\/wp-content\/uploads\/2021\/02\/thumbnail-image001.png","datePublished":"2021-02-16T06:50:39+00:00","dateModified":"2022-12-05T13:28:24+00:00","author":{"@id":"https:\/\/visionarymarketing.com\/fr\/#\/schema\/person\/3754fee1e558f47b8deb46f53c37423e"},"description":"Quel avenir pour le content marketing ? J'avais particip\u00e9 \u00e0 un webinaire organis\u00e9 par Pushengage en ao\u00fbt 2020, mais je n'avais jamais encore traduit cette","breadcrumb":{"@id":"https:\/\/visionarymarketing.com\/fr\/2021\/02\/16\/le-marketing-de-contenu-en-b2b-au-dela-de-2021\/#breadcrumb"},"inLanguage":"fr-FR","potentialAction":[{"@type":"ReadAction","target":["https:\/\/visionarymarketing.com\/fr\/2021\/02\/16\/le-marketing-de-contenu-en-b2b-au-dela-de-2021\/"]}]},{"@type":"ImageObject","inLanguage":"fr-FR","@id":"https:\/\/visionarymarketing.com\/fr\/2021\/02\/16\/le-marketing-de-contenu-en-b2b-au-dela-de-2021\/#primaryimage","url":"https:\/\/visionarymarketing.com\/wp-content\/uploads\/2021\/02\/thumbnail-image001.png","contentUrl":"https:\/\/visionarymarketing.com\/wp-content\/uploads\/2021\/02\/thumbnail-image001.png","width":520,"height":340},{"@type":"BreadcrumbList","@id":"https:\/\/visionarymarketing.com\/fr\/2021\/02\/16\/le-marketing-de-contenu-en-b2b-au-dela-de-2021\/#breadcrumb","itemListElement":[{"@type":"ListItem","position":1,"name":"Home","item":"https:\/\/visionarymarketing.com\/fr\/"},{"@type":"ListItem","position":2,"name":"Le marketing de contenu en B2B au-del\u00e0 de 2021"}]},{"@type":"WebSite","@id":"https:\/\/visionarymarketing.com\/fr\/#website","url":"https:\/\/visionarymarketing.com\/fr\/","name":"Marketing and Innovation","description":"Site d&#039;infos ind\u00e9pendant, depuis 1996","potentialAction":[{"@type":"SearchAction","target":{"@type":"EntryPoint","urlTemplate":"https:\/\/visionarymarketing.com\/fr\/?s={search_term_string}"},"query-input":{"@type":"PropertyValueSpecification","valueRequired":true,"valueName":"search_term_string"}}],"inLanguage":"fr-FR"},{"@type":"Person","@id":"https:\/\/visionarymarketing.com\/fr\/#\/schema\/person\/3754fee1e558f47b8deb46f53c37423e","name":"Yann Gourvennec","image":{"@type":"ImageObject","inLanguage":"fr-FR","@id":"https:\/\/secure.gravatar.com\/avatar\/5972001801e8de5692a3e31224e85769f50a55fb8b679749f9c8d1868cceff14?s=96&d=initials&r=g&initials=yg","url":"https:\/\/secure.gravatar.com\/avatar\/5972001801e8de5692a3e31224e85769f50a55fb8b679749f9c8d1868cceff14?s=96&d=initials&r=g&initials=yg","contentUrl":"https:\/\/secure.gravatar.com\/avatar\/5972001801e8de5692a3e31224e85769f50a55fb8b679749f9c8d1868cceff14?s=96&d=initials&r=g&initials=yg","caption":"Yann Gourvennec"},"description":"Yann Gourvennec created visionarymarketing.com in 1996. He is a speaker and author of many books. In 2014 he went from intrapreneur to entrepreneur, when he created his digital marketing agency. Yann Gourvennec a cr\u00e9\u00e9 visionarymarketing.com en 1996. Il est conf\u00e9rencier et auteur de plusieurs livres. En 2014, il est pass\u00e9 d'intrapreneur \u00e0 entrepreneur en cr\u00e9ant son agence de marketing num\u00e9rique.","sameAs":["https:\/\/visionarymarketing.com","http:\/\/facebook.com\/ygourven","http:\/\/linkedin.com\/in\/ygourven","https:\/\/x.com\/ygourven","https:\/\/www.youtube.com\/c\/visionarymarketingagency"],"url":"https:\/\/visionarymarketing.com\/fr\/author\/yann-gourvennec\/"}]}},"_links":{"self":[{"href":"https:\/\/visionarymarketing.com\/fr\/wp-json\/wp\/v2\/posts\/61436","targetHints":{"allow":["GET"]}}],"collection":[{"href":"https:\/\/visionarymarketing.com\/fr\/wp-json\/wp\/v2\/posts"}],"about":[{"href":"https:\/\/visionarymarketing.com\/fr\/wp-json\/wp\/v2\/types\/post"}],"author":[{"embeddable":true,"href":"https:\/\/visionarymarketing.com\/fr\/wp-json\/wp\/v2\/users\/2"}],"replies":[{"embeddable":true,"href":"https:\/\/visionarymarketing.com\/fr\/wp-json\/wp\/v2\/comments?post=61436"}],"version-history":[{"count":0,"href":"https:\/\/visionarymarketing.com\/fr\/wp-json\/wp\/v2\/posts\/61436\/revisions"}],"wp:featuredmedia":[{"embeddable":true,"href":"https:\/\/visionarymarketing.com\/fr\/wp-json\/wp\/v2\/media\/61438"}],"wp:attachment":[{"href":"https:\/\/visionarymarketing.com\/fr\/wp-json\/wp\/v2\/media?parent=61436"}],"wp:term":[{"taxonomy":"category","embeddable":true,"href":"https:\/\/visionarymarketing.com\/fr\/wp-json\/wp\/v2\/categories?post=61436"},{"taxonomy":"post_tag","embeddable":true,"href":"https:\/\/visionarymarketing.com\/fr\/wp-json\/wp\/v2\/tags?post=61436"}],"curies":[{"name":"wp","href":"https:\/\/api.w.org\/{rel}","templated":true}]}}