{"id":6049,"date":"2012-03-22T13:15:00","date_gmt":"2012-03-22T13:15:00","guid":{"rendered":"https:\/\/visionary.wordpress.com\/?p=6049"},"modified":"2023-05-08T11:05:17","modified_gmt":"2023-05-08T09:05:17","slug":"employee-advocacy-conseils","status":"publish","type":"post","link":"https:\/\/visionarymarketing.com\/fr\/2012\/03\/22\/employee-advocacy-conseils\/","title":{"rendered":"Employee advocacy : conseils pour faire rayonner votre entreprise"},"content":{"rendered":"<p><em>On appelle \u00e7a du terme barbare d&rsquo; \u00ab\u00a0employee advocacy\u00a0\u00bb et cela repr\u00e9sente les programmes d&rsquo;ambassadeurs de la marque (un vocable moins barbare mais plus long). Voici mes conseils pour mettre vos collaborateurs sur les m\u00e9dias sociaux. Ces cinq derni\u00e8res ann\u00e9es, de nombreuses entreprises se sont essay\u00e9es aux m\u00e9dias sociaux, parfois m\u00eame avec beaucoup de succ\u00e8s. Dans les meilleurs des cas, cela aboutit \u00e0 une situation o\u00f9 quelques salari\u00e9s, souvent communicants ou marketeurs, ont d\u00e9velopp\u00e9 de pr\u00e9cieuses comp\u00e9tences dans le Web social, mais qu&rsquo;en est-il de la majorit\u00e9 de la force de travail ? Or, <a href=\"https:\/\/visionarymarketing.com\/fr\/2011\/07\/orange-timeline\/\">l&rsquo;ensemble des salari\u00e9s peut servir, s&rsquo;ils le d\u00e9sirent [1] la cause de l&rsquo;entreprise<\/a>, dans l&rsquo;optique d&rsquo;un b\u00e9n\u00e9fice partag\u00e9. Comment y parvenir ? Il y a selon moi cinq \u00e9tapes majeures que l\u2019on pourra, selon les circonstances, adapter \u00e0 son propre contexte mettre dans l&rsquo;ordre que l&rsquo;on d\u00e9sire. Voici ces cinq \u00e9tapes \u00e0 l\u2019aune de mon travail \u00e0 la t\u00eate de l\u2019\u00e9quipe Web et m\u00e9dias sociaux du groupe <a href=\"http:\/\/orange.com\/\">Orange<\/a>.<\/em><\/p>\n<h2>Employee advocacy : 5 conseils pour mettre vos collaborateurs sur les m\u00e9dias sociaux<\/h2>\n<figure id=\"attachment_10737\" aria-describedby=\"caption-attachment-10737\" style=\"width: 519px\" class=\"wp-caption aligncenter\"><img decoding=\"async\" class=\"wp-image-10737 size-full\" src=\"https:\/\/visionarymarketing.com\/wp-content\/uploads\/2012\/03\/envol_thumb2-e1615617370582.jpg\" alt=\"Employee advocacy : conseils pour faire rayonner votre entreprise\" width=\"519\" height=\"340\" \/><figcaption id=\"caption-attachment-10737\" class=\"wp-caption-text\">L&#8217;employee advocacy ne consiste pas seulement \u00e0 mettre les employ\u00e9s sur les m\u00e9dias sociaux, mais \u00e0 faire rayonner, et d\u00e9coller, l&rsquo;entreprise.<\/figcaption><\/figure>\n<p><!--more--><\/p>\n<h3>1. montrer l&rsquo;exemple<\/h3>\n<p>En termes d&#8217;employee advocacy comme de projets d&rsquo;innovation en g\u00e9n\u00e9ral, je vois trop de responsables qui s&rsquo;attendent \u00e0 ce que la collaboration se g\u00e9n\u00e8re spontan\u00e9ment. Il faut mettre la main \u00e0 la p\u00e2te et montrer soi-m\u00eame le chemin, car il est plus facile de croire un pratiquant qu&rsquo;un non pratiquant. En montrant l&rsquo;exemple, vous g\u00e9n\u00e9rerez aussi l&rsquo;enthousiasme et attirerez les autres dans votre sillage. C&rsquo;est ce que nous avons fait chez Orange avec <span class=\"removed_link\" title=\"http:\/\/timeline.orange.com\/\"><em>timeline<\/em><\/span>, qui regroupe non seulement les comptes officiels des entit\u00e9s du groupe, mais aussi ceux des salari\u00e9s et de nos responsables d&rsquo;entreprise au plus haut niveau, pas seulement les communicants (<span class=\"removed_link\" title=\"http:\/\/timeline.orange.com\">http:\/\/timeline.orange.com<\/span>).<\/p>\n<h3>2. inciter<\/h3>\n<p>Le premier des sympt\u00f4mes observ\u00e9s dans les entreprises est la peur. Non celle des m\u00e9dias sociaux en soi qui sont d\u00e9j\u00e0 utilis\u00e9s \u00e0 pr\u00e8s de 70 % pour les employ\u00e9s \u00e0 titre personnel (voir l&rsquo;\u00e9tude CEGOS pr\u00e9sent\u00e9e \u00e0 <a href=\"https:\/\/visionarymarketing.com\/fr\/2013\/11\/communication-digitale-preuve-exemple\/\">Media Aces<\/a> le 6 mars : <a href=\"https:\/\/web.archive.org\/web\/20120311074844\/http:\/\/media-aces.org:80\/les-presentations-de-la-conference-sur-la-fin-des-medias-sociaux\/\">http:\/\/bit.ly\/macescegos<\/a>) ; il s&rsquo;agit plut\u00f4t de la peur de l&rsquo;utilisation de ces outils dans un cadre professionnel. Quoi de plus naturel d\u2019ailleurs, quand les <a href=\"http:\/\/bit.ly\/pointms\">messages les plus n\u00e9gatifs et les plus effrayants<\/a> circulent sur les employ\u00e9s qui se feraient licencier du fait des m\u00e9dias sociaux ; effrayants, car m\u00e9diatiques, pourtant bien peu fr\u00e9quents quand on y pense. Les employ\u00e9s voulant nuire \u00e0 leur entreprise ont des moyens bien plus discrets et efficaces que Facebook. Les erreurs qui sont commises sur ces plates-formes collaboratives ouvertes sont bien plus le fait de la maladresse et de l&rsquo;ignorance que du ressentiment. Plus on m\u00e9conna\u00eet un outil, plus les chances de mal l\u2019utiliser sont fortes, et il est donc indispensable d&rsquo;abord de rassurer les employ\u00e9s et de les d\u00e9culpabiliser. C&rsquo;est ce que je me suis employ\u00e9 \u00e0 faire, aid\u00e9 en cela par nos coll\u00e8gues responsables de la s\u00e9curit\u00e9 d&rsquo;information dans notre \u00ab <a href=\"http:\/\/orange.com\/smg\/fr\">guide des bonnes pratiques<\/a> \u00bb, devenu notre \u00ab bible \u00bb (<a href=\"https:\/\/web.archive.org\/web\/20120621051043\/http:\/\/orange.com:80\/smg\/fr\/\">http:\/\/Orange.com\/smg\/fr<\/a>). Et quand bien m\u00eame un employ\u00e9 d\u00e9vie de la ligne prescrite, loin de le sanctionner, nous l&rsquo;appelons \u2013 je l&rsquo;appelle parfois moi-m\u00eame \u2013 afin de passer du temps avec lui, expliquer les r\u00e8gles, et demander son concours pour essayer de les faire respecter autour de lui. Le salari\u00e9 qui voit ainsi la confiance s\u2019\u00e9tablir deviendra un alli\u00e9 ind\u00e9fectible.<\/p>\n<h3>3. former\/\u00e9changer<\/h3>\n<p>Ayant rappel\u00e9 ce qui pr\u00e9c\u00e8de, il nous reste \u00e0 former, \u00e9changer, informer et pratiquer avec nos coll\u00e8gues et ceci se passe \u00e0 plusieurs niveaux : d&rsquo;une part, au sein de la communaut\u00e9 des <em>community managers<\/em> (chez <a href=\"http:\/\/orange.com\/\">Orange<\/a>, elle s&rsquo;appelle come\u2019in). Celle-ci rassemble d\u00e9j\u00e0 plus de 200 participants sur notre r\u00e9seau social d\u2019entreprise <em>Plazza<\/em>. Ensuite, avec l&rsquo;ensemble des communicants que nous formons au sein de <em>l&rsquo;\u00e9cole de la communication<\/em>. L&rsquo;accent y est mis particuli\u00e8rement sur l&rsquo;importance du num\u00e9rique et au premier chef des m\u00e9dias sociaux. J\u2019en suis d\u2019ailleurs le sponsor. Plus informellement, s&rsquo;organisent \u00e7\u00e0 et l\u00e0, au gr\u00e9 des demandes et des attentes, des r\u00e9unions spontan\u00e9es o\u00f9 les membres de mon \u00e9quipe et moi-m\u00eame, \u00e0 tour de r\u00f4le, prenons notre b\u00e2ton de p\u00e8lerin et organisons des ateliers p\u00e9dagogiques et pratiques, de prise en main et d\u2019explication des outils des m\u00e9dias sociaux (Twitter en ce moment est au centre des pr\u00e9occupations, mais dans l&rsquo;entit\u00e9 business-to-business, les blogs attirent particuli\u00e8rement l\u2019attention). Ce m\u00e9lange de formation structur\u00e9e (organis\u00e9 de concert avec la communication interne et la DRH) et non structur\u00e9e, est un bon d\u00e9but, mais en aucun cas un aboutissement\u2026<\/p>\n<h3>4. distinguer\u2026 Les champions de l&#8217;employee advocacy<\/h3>\n<p>C&rsquo;est l\u00e0 qu&rsquo;intervient le dispositif suivant, destin\u00e9 \u00e0 rayonner dans l&rsquo;ensemble de l&rsquo;organisation : 35 pays et 170,000 personnes salari\u00e9s pour ce qui nous concerne\u2026 Ce n&rsquo;est pas rien. Pour arriver \u00e0 irriguer une pareille organisation humaine, de nombreux voyages et contacts directs avec les entit\u00e9s sont n\u00e9cessaires, des r\u00e9unions locales (come\u2019in en voie d\u2019internationalisation) \u00e9galement, mais ceci n\u2019est en aucun cas suffisant. Il faut donc trouver d&rsquo;autres moyens. C\u2019est ce que nous avons nomm\u00e9 le \u00ab label des champions \u00bb (<a href=\"http:\/\/oran.ge\/leschampions\">http:\/\/oran.ge\/leschampions<\/a>) qui est un programme de reconnaissance de ces salari\u00e9s qui ont, pour prendre une image, cinq minutes d&rsquo;avance sur leurs coll\u00e8gues et qui peuvent ainsi, de proche en proche, leur montrer comment utiliser les m\u00e9dias sociaux pour leurs besoins professionnels. En cela, ils re\u00e7oivent des supports et des formations d\u00e9di\u00e9es (par webinaires) et sont \u00e9galement charg\u00e9s de parrainer d&rsquo;autres coll\u00e8gues qui, \u00e0 leur tour, deviendront des champions et expliqueront les m\u00e9dias sociaux \u00e0 leurs voisins et confr\u00e8res ; et ainsi de suite. Pas besoin d&rsquo;\u00eatre expert pour devenir un champion, l\u2019expertise \u00e9tant si peu de chose dans ces domaines qui changent tous les jours. Il suffit de pratiquer ; et pas besoin non plus d&rsquo;en avoir fait son m\u00e9tier, au contraire, puisque nous voulons \u00e9tendre l&rsquo;usage le plus largement possible. Il faut donc d\u00e9complexer et encourager, f\u00e9liciter et g\u00e9n\u00e9rer l&rsquo;enthousiasme.<\/p>\n<h3>5. publier\/afficher<\/h3>\n<p>Tout ce qui pr\u00e9c\u00e8de n&rsquo;aurait ni valeur ni impact, sans la possibilit\u00e9 de communiquer aussi bien en interne qu&rsquo;en externe. Notre <a href=\"http:\/\/orange.com\/smg\/fr\">page d\u00e9di\u00e9e au guide des m\u00e9dias sociaux<\/a> est disponible en ligne, <a href=\"http:\/\/orange.com\/smg\">http:\/\/orange.com\/smg<\/a> et en anglais et en fran\u00e7ais. Ce guide, d&rsquo;abord \u00e9crit en anglais puis traduit, est disponible en format <a href=\"https:\/\/creativecommons.org\"><em>Creative Commons<\/em><\/a>, mis \u00e0 disposition de tous sur l\u2019Internet ouvert, accompagn\u00e9 d\u2019un bon nombre d&rsquo;autres documents qui sont en acc\u00e8s restreint sur le r\u00e9seau interne de l&rsquo;entreprise. Un programme de communication interne, en concertation avec la direction concern\u00e9e, a \u00e9t\u00e9 \u00e9galement d\u00e9ploy\u00e9 en ce d\u00e9but mars.<\/p>\n<p>Voil\u00e0 \u00e0 mes yeux les m\u00e9canismes les plus importants pour inciter vos collaborateurs \u00e0 utiliser les m\u00e9dias sociaux en entreprise, mais il en est un autre, le sixi\u00e8me, que vous avez rencontr\u00e9 dans ces lignes et qui m\u00e9riterait un chapitre \u00e0 lui seul : je veux parler de l\u2019enthousiasme ; le plus communicatif des ingr\u00e9dients, qui vous aidera dans cette t\u00e2che et qui \u00e0 lui seul vous fera faire plus de progr\u00e8s que tous les livres de recette en management que vous pourrez lire dans votre vie enti\u00e8re.<\/p>\n<h3>En employee advocacy, n\u2019omettons pas non plus les r\u00e8gles d\u2019\u00e9thique et de transparence<\/h3>\n<p><em>Rappelons enfin, que cet usage des m\u00e9dias sociaux dans le but de faire de vos employ\u00e9s des ambassadeurs de votre marque ne peut se concevoir en dehors de l\u2019\u00e9thique (et de la loi) et que pour cela, l\u2019<\/em><a href=\"https:\/\/visionarymarketing.com\/fr\/2013\/11\/communication-digitale-preuve-exemple\/\"><em>association Media Aces<\/em><\/a><em> dont je suis le pr\u00e9sident et le co-fondateur avec <\/em><a href=\"http:\/\/hervekabla.com\"><em>Herv\u00e9 Kabla<\/em><\/a><em>, a traduit les r\u00e8gles de la transparence dans les m\u00e9dias sociaux qui sont disponibles \u00e0 l\u2019adresse : <\/em><a href=\"https:\/\/web.archive.org\/web\/20120527135849\/http:\/\/media-aces.org:80\/transparence\/\"><em>http:\/\/media-aces.org\/transparence<\/em><\/a><em><strong>[2]<\/strong><\/em><em>. <\/em><\/p>\n<hr align=\"left\" size=\"1\" width=\"33%\" \/>\n<p>[1] il faut cependant scrupuleusement \u00e9viter de forcer cet \u00e9tat de fait, \u00e0 la fois pour des raisons \u00e9thiques et d&rsquo;efficacit\u00e9 (souvenons-nous de l&rsquo;exemple Cora ; voir <span class=\"removed_link\" title=\"http:\/\/dai.ly\/videocora\">http:\/\/dai.ly\/videocora<\/span> pour la vid\u00e9o et <span class=\"removed_link\" title=\"http:\/\/bit.ly\/inrockscora\">http:\/\/bit.ly\/inrockscora<\/span> pour l\u2019analyse des inrockuptibles<\/p>\n<p>[2] ceux qui l\u2019oublieraient s\u2019exposeraient \u00e0 des retours similaires \u00e0 ceux li\u00e9s \u00e0 l\u2019affaire Orangina en 2012<\/p>\n","protected":false},"excerpt":{"rendered":"<p>Ces cinq derni\u00e8res ann\u00e9es, de nombreuses entreprises se sont essay\u00e9es aux m\u00e9dias sociaux, parfois m\u00eame avec beaucoup de succ\u00e8s. Dans les meilleurs des cas, cela aboutit \u00e0 une situation o\u00f9 quelques salari\u00e9s, souvent communicants ou marketeurs, ont d\u00e9velopp\u00e9 de pr\u00e9cieuses comp\u00e9tences dans le Web social, mais qu&rsquo;en est-il de la majorit\u00e9 de la force de travail ? Or, l&rsquo;ensemble des salari\u00e9s peut servir, s&rsquo;ils le d\u00e9sirent [1] la cause de l&rsquo;entreprise, dans l&rsquo;optique d&rsquo;un b\u00e9n\u00e9fice partag\u00e9. Comment y parvenir ? Il y a selon moi cinq \u00e9tapes majeures que l\u2019on pourra, selon les circonstances, adapter \u00e0 son propre contexte mettre dans l&rsquo;ordre que l&rsquo;on d\u00e9sire. Voici ces cinq \u00e9tapes \u00e0 l\u2019aune de mon travail \u00e0 la t\u00eate de l\u2019\u00e9quipe Web et m\u00e9dias sociaux du groupe France Telecom Orange.<\/p>\n","protected":false},"author":2,"featured_media":6048,"comment_status":"open","ping_status":"open","sticky":false,"template":"","format":"standard","meta":{"footnotes":""},"categories":[25],"tags":[],"class_list":["post-6049","post","type-post","status-publish","format-standard","has-post-thumbnail","hentry","category-medias-sociaux"],"yoast_head":"<!-- This site is optimized with the Yoast SEO plugin v27.4 - https:\/\/yoast.com\/product\/yoast-seo-wordpress\/ -->\n<title>Employee advocacy : conseils pour faire rayonner votre entreprise<\/title>\n<meta name=\"description\" content=\"Employee advocacy : conseils pour mettre ses collaborateurs sur les m\u00e9dias sociaux et faire rayonner l&#039;entreprise sur Internet\" \/>\n<meta name=\"robots\" content=\"index, follow, max-snippet:-1, max-image-preview:large, max-video-preview:-1\" \/>\n<link rel=\"canonical\" href=\"https:\/\/visionarymarketing.com\/fr\/2012\/03\/22\/employee-advocacy-conseils\/\" \/>\n<meta property=\"og:locale\" content=\"fr_FR\" \/>\n<meta property=\"og:type\" content=\"article\" \/>\n<meta property=\"og:title\" content=\"Employee advocacy : conseils pour faire rayonner votre entreprise\" \/>\n<meta property=\"og:description\" content=\"Employee advocacy : conseils pour mettre ses collaborateurs sur les m\u00e9dias sociaux et faire rayonner l&#039;entreprise sur Internet\" \/>\n<meta property=\"og:url\" content=\"https:\/\/visionarymarketing.com\/fr\/2012\/03\/22\/employee-advocacy-conseils\/\" \/>\n<meta property=\"og:site_name\" content=\"Marketing and Innovation\" \/>\n<meta property=\"article:publisher\" content=\"https:\/\/www.facebook.com\/vismktg\" \/>\n<meta property=\"article:author\" content=\"http:\/\/facebook.com\/ygourven\" \/>\n<meta property=\"article:published_time\" content=\"2012-03-22T13:15:00+00:00\" \/>\n<meta property=\"article:modified_time\" content=\"2023-05-08T09:05:17+00:00\" \/>\n<meta property=\"og:image\" content=\"https:\/\/visionarymarketing.com\/wp-content\/uploads\/2012\/03\/envol_thumb-e1615744896390.jpg\" \/>\n\t<meta property=\"og:image:width\" content=\"519\" \/>\n\t<meta property=\"og:image:height\" content=\"340\" \/>\n\t<meta property=\"og:image:type\" content=\"image\/jpeg\" \/>\n<meta name=\"author\" content=\"Yann Gourvennec\" \/>\n<meta name=\"twitter:card\" content=\"summary_large_image\" \/>\n<meta name=\"twitter:creator\" content=\"@ygourven\" \/>\n<meta name=\"twitter:site\" content=\"@ygourven\" \/>\n<meta name=\"twitter:label1\" content=\"\u00c9crit par\" \/>\n\t<meta name=\"twitter:data1\" content=\"Yann Gourvennec\" \/>\n\t<meta name=\"twitter:label2\" content=\"Dur\u00e9e de lecture estim\u00e9e\" \/>\n\t<meta name=\"twitter:data2\" content=\"6 minutes\" \/>\n<script type=\"application\/ld+json\" class=\"yoast-schema-graph\">{\"@context\":\"https:\\\/\\\/schema.org\",\"@graph\":[{\"@type\":\"NewsArticle\",\"@id\":\"https:\\\/\\\/visionarymarketing.com\\\/fr\\\/2012\\\/03\\\/22\\\/employee-advocacy-conseils\\\/#article\",\"isPartOf\":{\"@id\":\"https:\\\/\\\/visionarymarketing.com\\\/fr\\\/2012\\\/03\\\/22\\\/employee-advocacy-conseils\\\/\"},\"author\":{\"name\":\"Yann Gourvennec\",\"@id\":\"https:\\\/\\\/visionarymarketing.com\\\/fr\\\/#\\\/schema\\\/person\\\/3754fee1e558f47b8deb46f53c37423e\"},\"headline\":\"Employee advocacy : conseils pour faire rayonner votre entreprise\",\"datePublished\":\"2012-03-22T13:15:00+00:00\",\"dateModified\":\"2023-05-08T09:05:17+00:00\",\"mainEntityOfPage\":{\"@id\":\"https:\\\/\\\/visionarymarketing.com\\\/fr\\\/2012\\\/03\\\/22\\\/employee-advocacy-conseils\\\/\"},\"wordCount\":1494,\"commentCount\":0,\"image\":{\"@id\":\"https:\\\/\\\/visionarymarketing.com\\\/fr\\\/2012\\\/03\\\/22\\\/employee-advocacy-conseils\\\/#primaryimage\"},\"thumbnailUrl\":\"https:\\\/\\\/visionarymarketing.com\\\/wp-content\\\/uploads\\\/2012\\\/03\\\/envol_thumb-e1615744896390.jpg\",\"articleSection\":[\"m\u00e9dias \\\/ r\u00e9seaux sociaux\"],\"inLanguage\":\"fr-FR\",\"potentialAction\":[{\"@type\":\"CommentAction\",\"name\":\"Comment\",\"target\":[\"https:\\\/\\\/visionarymarketing.com\\\/fr\\\/2012\\\/03\\\/22\\\/employee-advocacy-conseils\\\/#respond\"]}]},{\"@type\":\"WebPage\",\"@id\":\"https:\\\/\\\/visionarymarketing.com\\\/fr\\\/2012\\\/03\\\/22\\\/employee-advocacy-conseils\\\/\",\"url\":\"https:\\\/\\\/visionarymarketing.com\\\/fr\\\/2012\\\/03\\\/22\\\/employee-advocacy-conseils\\\/\",\"name\":\"Employee advocacy : conseils pour faire rayonner votre entreprise\",\"isPartOf\":{\"@id\":\"https:\\\/\\\/visionarymarketing.com\\\/fr\\\/#website\"},\"primaryImageOfPage\":{\"@id\":\"https:\\\/\\\/visionarymarketing.com\\\/fr\\\/2012\\\/03\\\/22\\\/employee-advocacy-conseils\\\/#primaryimage\"},\"image\":{\"@id\":\"https:\\\/\\\/visionarymarketing.com\\\/fr\\\/2012\\\/03\\\/22\\\/employee-advocacy-conseils\\\/#primaryimage\"},\"thumbnailUrl\":\"https:\\\/\\\/visionarymarketing.com\\\/wp-content\\\/uploads\\\/2012\\\/03\\\/envol_thumb-e1615744896390.jpg\",\"datePublished\":\"2012-03-22T13:15:00+00:00\",\"dateModified\":\"2023-05-08T09:05:17+00:00\",\"author\":{\"@id\":\"https:\\\/\\\/visionarymarketing.com\\\/fr\\\/#\\\/schema\\\/person\\\/3754fee1e558f47b8deb46f53c37423e\"},\"description\":\"Employee advocacy : conseils pour mettre ses collaborateurs sur les m\u00e9dias sociaux et faire rayonner l'entreprise sur Internet\",\"breadcrumb\":{\"@id\":\"https:\\\/\\\/visionarymarketing.com\\\/fr\\\/2012\\\/03\\\/22\\\/employee-advocacy-conseils\\\/#breadcrumb\"},\"inLanguage\":\"fr-FR\",\"potentialAction\":[{\"@type\":\"ReadAction\",\"target\":[\"https:\\\/\\\/visionarymarketing.com\\\/fr\\\/2012\\\/03\\\/22\\\/employee-advocacy-conseils\\\/\"]}]},{\"@type\":\"ImageObject\",\"inLanguage\":\"fr-FR\",\"@id\":\"https:\\\/\\\/visionarymarketing.com\\\/fr\\\/2012\\\/03\\\/22\\\/employee-advocacy-conseils\\\/#primaryimage\",\"url\":\"https:\\\/\\\/visionarymarketing.com\\\/wp-content\\\/uploads\\\/2012\\\/03\\\/envol_thumb-e1615744896390.jpg\",\"contentUrl\":\"https:\\\/\\\/visionarymarketing.com\\\/wp-content\\\/uploads\\\/2012\\\/03\\\/envol_thumb-e1615744896390.jpg\",\"width\":624,\"height\":484},{\"@type\":\"BreadcrumbList\",\"@id\":\"https:\\\/\\\/visionarymarketing.com\\\/fr\\\/2012\\\/03\\\/22\\\/employee-advocacy-conseils\\\/#breadcrumb\",\"itemListElement\":[{\"@type\":\"ListItem\",\"position\":1,\"name\":\"Home\",\"item\":\"https:\\\/\\\/visionarymarketing.com\\\/fr\\\/\"},{\"@type\":\"ListItem\",\"position\":2,\"name\":\"Employee advocacy : conseils pour faire rayonner votre entreprise\"}]},{\"@type\":\"WebSite\",\"@id\":\"https:\\\/\\\/visionarymarketing.com\\\/fr\\\/#website\",\"url\":\"https:\\\/\\\/visionarymarketing.com\\\/fr\\\/\",\"name\":\"Marketing and Innovation\",\"description\":\"Site d&#039;infos ind\u00e9pendant, depuis 1996\",\"potentialAction\":[{\"@type\":\"SearchAction\",\"target\":{\"@type\":\"EntryPoint\",\"urlTemplate\":\"https:\\\/\\\/visionarymarketing.com\\\/fr\\\/?s={search_term_string}\"},\"query-input\":{\"@type\":\"PropertyValueSpecification\",\"valueRequired\":true,\"valueName\":\"search_term_string\"}}],\"inLanguage\":\"fr-FR\"},{\"@type\":\"Person\",\"@id\":\"https:\\\/\\\/visionarymarketing.com\\\/fr\\\/#\\\/schema\\\/person\\\/3754fee1e558f47b8deb46f53c37423e\",\"name\":\"Yann Gourvennec\",\"image\":{\"@type\":\"ImageObject\",\"inLanguage\":\"fr-FR\",\"@id\":\"https:\\\/\\\/secure.gravatar.com\\\/avatar\\\/5972001801e8de5692a3e31224e85769f50a55fb8b679749f9c8d1868cceff14?s=96&d=initials&r=g&initials=yg\",\"url\":\"https:\\\/\\\/secure.gravatar.com\\\/avatar\\\/5972001801e8de5692a3e31224e85769f50a55fb8b679749f9c8d1868cceff14?s=96&d=initials&r=g&initials=yg\",\"contentUrl\":\"https:\\\/\\\/secure.gravatar.com\\\/avatar\\\/5972001801e8de5692a3e31224e85769f50a55fb8b679749f9c8d1868cceff14?s=96&d=initials&r=g&initials=yg\",\"caption\":\"Yann Gourvennec\"},\"description\":\"Yann Gourvennec created visionarymarketing.com in 1996. He is a speaker and author of many books. In 2014 he went from intrapreneur to entrepreneur, when he created his digital marketing agency. Yann Gourvennec a cr\u00e9\u00e9 visionarymarketing.com en 1996. Il est conf\u00e9rencier et auteur de plusieurs livres. En 2014, il est pass\u00e9 d'intrapreneur \u00e0 entrepreneur en cr\u00e9ant son agence de marketing num\u00e9rique.\",\"sameAs\":[\"https:\\\/\\\/visionarymarketing.com\",\"http:\\\/\\\/facebook.com\\\/ygourven\",\"http:\\\/\\\/linkedin.com\\\/in\\\/ygourven\",\"https:\\\/\\\/x.com\\\/ygourven\",\"https:\\\/\\\/www.youtube.com\\\/c\\\/visionarymarketingagency\"],\"url\":\"https:\\\/\\\/visionarymarketing.com\\\/fr\\\/author\\\/yann-gourvennec\\\/\"}]}<\/script>\n<!-- \/ Yoast SEO plugin. -->","yoast_head_json":{"title":"Employee advocacy : conseils pour faire rayonner votre entreprise","description":"Employee advocacy : conseils pour mettre ses collaborateurs sur les m\u00e9dias sociaux et faire rayonner l'entreprise sur Internet","robots":{"index":"index","follow":"follow","max-snippet":"max-snippet:-1","max-image-preview":"max-image-preview:large","max-video-preview":"max-video-preview:-1"},"canonical":"https:\/\/visionarymarketing.com\/fr\/2012\/03\/22\/employee-advocacy-conseils\/","og_locale":"fr_FR","og_type":"article","og_title":"Employee advocacy : conseils pour faire rayonner votre entreprise","og_description":"Employee advocacy : conseils pour mettre ses collaborateurs sur les m\u00e9dias sociaux et faire rayonner l'entreprise sur Internet","og_url":"https:\/\/visionarymarketing.com\/fr\/2012\/03\/22\/employee-advocacy-conseils\/","og_site_name":"Marketing and Innovation","article_publisher":"https:\/\/www.facebook.com\/vismktg","article_author":"http:\/\/facebook.com\/ygourven","article_published_time":"2012-03-22T13:15:00+00:00","article_modified_time":"2023-05-08T09:05:17+00:00","og_image":[{"width":519,"height":340,"url":"https:\/\/visionarymarketing.com\/wp-content\/uploads\/2012\/03\/envol_thumb-e1615744896390.jpg","type":"image\/jpeg"}],"author":"Yann Gourvennec","twitter_card":"summary_large_image","twitter_creator":"@ygourven","twitter_site":"@ygourven","twitter_misc":{"\u00c9crit par":"Yann Gourvennec","Dur\u00e9e de lecture estim\u00e9e":"6 minutes"},"schema":{"@context":"https:\/\/schema.org","@graph":[{"@type":"NewsArticle","@id":"https:\/\/visionarymarketing.com\/fr\/2012\/03\/22\/employee-advocacy-conseils\/#article","isPartOf":{"@id":"https:\/\/visionarymarketing.com\/fr\/2012\/03\/22\/employee-advocacy-conseils\/"},"author":{"name":"Yann Gourvennec","@id":"https:\/\/visionarymarketing.com\/fr\/#\/schema\/person\/3754fee1e558f47b8deb46f53c37423e"},"headline":"Employee advocacy : conseils pour faire rayonner votre entreprise","datePublished":"2012-03-22T13:15:00+00:00","dateModified":"2023-05-08T09:05:17+00:00","mainEntityOfPage":{"@id":"https:\/\/visionarymarketing.com\/fr\/2012\/03\/22\/employee-advocacy-conseils\/"},"wordCount":1494,"commentCount":0,"image":{"@id":"https:\/\/visionarymarketing.com\/fr\/2012\/03\/22\/employee-advocacy-conseils\/#primaryimage"},"thumbnailUrl":"https:\/\/visionarymarketing.com\/wp-content\/uploads\/2012\/03\/envol_thumb-e1615744896390.jpg","articleSection":["m\u00e9dias \/ r\u00e9seaux sociaux"],"inLanguage":"fr-FR","potentialAction":[{"@type":"CommentAction","name":"Comment","target":["https:\/\/visionarymarketing.com\/fr\/2012\/03\/22\/employee-advocacy-conseils\/#respond"]}]},{"@type":"WebPage","@id":"https:\/\/visionarymarketing.com\/fr\/2012\/03\/22\/employee-advocacy-conseils\/","url":"https:\/\/visionarymarketing.com\/fr\/2012\/03\/22\/employee-advocacy-conseils\/","name":"Employee advocacy : conseils pour faire rayonner votre entreprise","isPartOf":{"@id":"https:\/\/visionarymarketing.com\/fr\/#website"},"primaryImageOfPage":{"@id":"https:\/\/visionarymarketing.com\/fr\/2012\/03\/22\/employee-advocacy-conseils\/#primaryimage"},"image":{"@id":"https:\/\/visionarymarketing.com\/fr\/2012\/03\/22\/employee-advocacy-conseils\/#primaryimage"},"thumbnailUrl":"https:\/\/visionarymarketing.com\/wp-content\/uploads\/2012\/03\/envol_thumb-e1615744896390.jpg","datePublished":"2012-03-22T13:15:00+00:00","dateModified":"2023-05-08T09:05:17+00:00","author":{"@id":"https:\/\/visionarymarketing.com\/fr\/#\/schema\/person\/3754fee1e558f47b8deb46f53c37423e"},"description":"Employee advocacy : conseils pour mettre ses collaborateurs sur les m\u00e9dias sociaux et faire rayonner l'entreprise sur Internet","breadcrumb":{"@id":"https:\/\/visionarymarketing.com\/fr\/2012\/03\/22\/employee-advocacy-conseils\/#breadcrumb"},"inLanguage":"fr-FR","potentialAction":[{"@type":"ReadAction","target":["https:\/\/visionarymarketing.com\/fr\/2012\/03\/22\/employee-advocacy-conseils\/"]}]},{"@type":"ImageObject","inLanguage":"fr-FR","@id":"https:\/\/visionarymarketing.com\/fr\/2012\/03\/22\/employee-advocacy-conseils\/#primaryimage","url":"https:\/\/visionarymarketing.com\/wp-content\/uploads\/2012\/03\/envol_thumb-e1615744896390.jpg","contentUrl":"https:\/\/visionarymarketing.com\/wp-content\/uploads\/2012\/03\/envol_thumb-e1615744896390.jpg","width":624,"height":484},{"@type":"BreadcrumbList","@id":"https:\/\/visionarymarketing.com\/fr\/2012\/03\/22\/employee-advocacy-conseils\/#breadcrumb","itemListElement":[{"@type":"ListItem","position":1,"name":"Home","item":"https:\/\/visionarymarketing.com\/fr\/"},{"@type":"ListItem","position":2,"name":"Employee advocacy : conseils pour faire rayonner votre entreprise"}]},{"@type":"WebSite","@id":"https:\/\/visionarymarketing.com\/fr\/#website","url":"https:\/\/visionarymarketing.com\/fr\/","name":"Marketing and Innovation","description":"Site d&#039;infos ind\u00e9pendant, depuis 1996","potentialAction":[{"@type":"SearchAction","target":{"@type":"EntryPoint","urlTemplate":"https:\/\/visionarymarketing.com\/fr\/?s={search_term_string}"},"query-input":{"@type":"PropertyValueSpecification","valueRequired":true,"valueName":"search_term_string"}}],"inLanguage":"fr-FR"},{"@type":"Person","@id":"https:\/\/visionarymarketing.com\/fr\/#\/schema\/person\/3754fee1e558f47b8deb46f53c37423e","name":"Yann Gourvennec","image":{"@type":"ImageObject","inLanguage":"fr-FR","@id":"https:\/\/secure.gravatar.com\/avatar\/5972001801e8de5692a3e31224e85769f50a55fb8b679749f9c8d1868cceff14?s=96&d=initials&r=g&initials=yg","url":"https:\/\/secure.gravatar.com\/avatar\/5972001801e8de5692a3e31224e85769f50a55fb8b679749f9c8d1868cceff14?s=96&d=initials&r=g&initials=yg","contentUrl":"https:\/\/secure.gravatar.com\/avatar\/5972001801e8de5692a3e31224e85769f50a55fb8b679749f9c8d1868cceff14?s=96&d=initials&r=g&initials=yg","caption":"Yann Gourvennec"},"description":"Yann Gourvennec created visionarymarketing.com in 1996. He is a speaker and author of many books. In 2014 he went from intrapreneur to entrepreneur, when he created his digital marketing agency. Yann Gourvennec a cr\u00e9\u00e9 visionarymarketing.com en 1996. Il est conf\u00e9rencier et auteur de plusieurs livres. En 2014, il est pass\u00e9 d'intrapreneur \u00e0 entrepreneur en cr\u00e9ant son agence de marketing num\u00e9rique.","sameAs":["https:\/\/visionarymarketing.com","http:\/\/facebook.com\/ygourven","http:\/\/linkedin.com\/in\/ygourven","https:\/\/x.com\/ygourven","https:\/\/www.youtube.com\/c\/visionarymarketingagency"],"url":"https:\/\/visionarymarketing.com\/fr\/author\/yann-gourvennec\/"}]}},"_links":{"self":[{"href":"https:\/\/visionarymarketing.com\/fr\/wp-json\/wp\/v2\/posts\/6049","targetHints":{"allow":["GET"]}}],"collection":[{"href":"https:\/\/visionarymarketing.com\/fr\/wp-json\/wp\/v2\/posts"}],"about":[{"href":"https:\/\/visionarymarketing.com\/fr\/wp-json\/wp\/v2\/types\/post"}],"author":[{"embeddable":true,"href":"https:\/\/visionarymarketing.com\/fr\/wp-json\/wp\/v2\/users\/2"}],"replies":[{"embeddable":true,"href":"https:\/\/visionarymarketing.com\/fr\/wp-json\/wp\/v2\/comments?post=6049"}],"version-history":[{"count":0,"href":"https:\/\/visionarymarketing.com\/fr\/wp-json\/wp\/v2\/posts\/6049\/revisions"}],"wp:featuredmedia":[{"embeddable":true,"href":"https:\/\/visionarymarketing.com\/fr\/wp-json\/wp\/v2\/media\/6048"}],"wp:attachment":[{"href":"https:\/\/visionarymarketing.com\/fr\/wp-json\/wp\/v2\/media?parent=6049"}],"wp:term":[{"taxonomy":"category","embeddable":true,"href":"https:\/\/visionarymarketing.com\/fr\/wp-json\/wp\/v2\/categories?post=6049"},{"taxonomy":"post_tag","embeddable":true,"href":"https:\/\/visionarymarketing.com\/fr\/wp-json\/wp\/v2\/tags?post=6049"}],"curies":[{"name":"wp","href":"https:\/\/api.w.org\/{rel}","templated":true}]}}