{"id":5979,"date":"2012-03-13T14:00:17","date_gmt":"2012-03-13T14:00:17","guid":{"rendered":"http:\/\/visionary.wordpress.com\/?p=5979"},"modified":"2021-03-14T19:08:14","modified_gmt":"2021-03-14T18:08:14","slug":"pause-numerique-peut-on-encore-debrancher-internet","status":"publish","type":"post","link":"https:\/\/visionarymarketing.com\/fr\/2012\/03\/13\/pause-numerique-peut-on-encore-debrancher-internet\/","title":{"rendered":"Pause num\u00e9rique : peut-on encore d\u00e9brancher Internet ?"},"content":{"rendered":"<p><em>La pause num\u00e9rique est \u00e0 la mode. C&rsquo;est le sujet de\u00a0 la <a href=\"http:\/\/michaeltartar.com\/2012\/03\/13\/jai-debranche-note-de-lecture\/\" target=\"_blank\" rel=\"noopener noreferrer\">note de lecture de Micha\u00ebl Tartar<\/a>, sur le sujet du livre de Thierry Crouzet intitul\u00e9 \u00ab\u00a0j&rsquo;ai d\u00e9branch\u00e9\u00a0\u00bb. Nous sommes nombreux \u00e0 nous \u00eatre int\u00e9ress\u00e9s \u00e0 l&rsquo;exp\u00e9rience de Crouzet que j&rsquo;ai suivie par France Culture interpos\u00e9 au long des 6 mois qu&rsquo;a dur\u00e9 l&rsquo;exp\u00e9rience. Je suis moi-m\u00eame adepte de la pause num\u00e9rique comme<span class=\"removed_link\" title=\"https:\/\/visionarymarketing.com\/tag\/pause-numerique\/\"> l&rsquo;attestent certains articles \u00e9crits sur le sujet (apr\u00e8s la dite pause num\u00e9rique s&rsquo;entend)<\/span>. <\/em><\/p>\n<h2>Pause num\u00e9rique : peut-on encore d\u00e9brancher Internet ?<\/h2>\n<figure id=\"attachment_62090\" aria-describedby=\"caption-attachment-62090\" style=\"width: 520px\" class=\"wp-caption aligncenter\"><img decoding=\"async\" class=\"wp-image-62090 size-full\" src=\"https:\/\/visionarymarketing.com\/wp-content\/uploads\/2012\/02\/jumpstory-download20210308-080137.jpg\" alt=\"Pause num\u00e9rique : peut-on encore d\u00e9brancher Internet ?\" width=\"520\" height=\"340\" srcset=\"https:\/\/visionarymarketing.com\/wp-content\/uploads\/2012\/02\/jumpstory-download20210308-080137.jpg 520w, https:\/\/visionarymarketing.com\/wp-content\/uploads\/2012\/02\/jumpstory-download20210308-080137-459x300.jpg 459w\" sizes=\"(max-width: 520px) 100vw, 520px\" \/><figcaption id=\"caption-attachment-62090\" class=\"wp-caption-text\">Pause num\u00e9rique : peut-on encore d\u00e9brancher Internet ?<\/figcaption><\/figure>\n<p><!--more--><\/p>\n<p><em>Mais il y a pause num\u00e9rique et pause num\u00e9rique ; Thierry Crouzet a un peu trich\u00e9 : en arr\u00eatant de se brancher \u00e0 Internet il s&rsquo;est d\u00e9connect\u00e9 du Web mais en aucun cas n&rsquo;a fait une pause num\u00e9rique puisqu&rsquo;il a continu\u00e9 \u00e0 utiliser son ordinateur. On peut donc en effet parler d&rsquo;addiction. Mais en fait, et c&rsquo;est Micha\u00ebl qui a raison dans sa longue et pertinente d\u00e9monstration, il n&rsquo;est\u00a0<strong>plus possible<\/strong> de d\u00e9brancher, l&rsquo;Internet fait partie de chacun de nos gestes, de nos pens\u00e9es, de nos actions. Une recherche d&rsquo;info ? Internet. Une orientation sur une carte, un itin\u00e9raire, un horaire de bus ? Internet. Un article \u00e0 lire (ou \u00e0 \u00e9crire) ? Internet etc. Un monde sans informatique et sans r\u00e9seau est devenu une chim\u00e8re, un\u00a0Graal\u00a0impossible. Et d&rsquo;une certaine mani\u00e8re, cela me rappelle <a href=\"https:\/\/visionarymarketing.com\/2007\/04\/20\/ubiquitous-computing\/\" target=\"_blank\" rel=\"noopener noreferrer\">l&rsquo;article du c\u00e9l\u00e8bre et regrett\u00e9 Mark Weiser sur l&rsquo;ordinateur du 21\u00e8me si\u00e8cle<\/a> : quand on a fini d&rsquo;oublier qu&rsquo;on utilise une technologie, c&rsquo;est que celle ci a cess\u00e9 d&rsquo;\u00eatre un objet technique et qu&rsquo;elle fait d\u00e9sormais partie de nos vies. Qui, par exemple, est conscient de la difficult\u00e9 technique &#8211; pourtant bien r\u00e9elle &#8211; de la production industrielle d&rsquo;une petite bille de tungst\u00e8ne qui nous sert \u00e0 \u00e9crire tous les jours gr\u00e2ce \u00e0 l&rsquo;invention de M. Biro ? Je vois plut\u00f4t la pause num\u00e9rique comme une hygi\u00e8ne de vie, une mesure destin\u00e9e \u00e0 contr\u00f4ler l&rsquo;exag\u00e9ration, voire m\u00eame un instant n\u00e9cessaire pour souffler au m\u00eame titre qu&rsquo;on ch\u00f4me le Dimanche (ou un autre jour selon sa religion), mais en aucun cas une position tenable \u00e0 long terme. Et encore faut-il supprimer toute utilisation num\u00e9rique, m\u00eame d\u00e9connect\u00e9e, pour que le b\u00e9n\u00e9fice de cette pause soit total. \u00a0<\/em><em>Allez &#8230; je retourne bosser sur mon ordinateur !<\/em><\/p>\n<p><em>PS : au passage, vous saluerez la dur\u00e9e d&rsquo;utilisation du Web par Micha\u00ebl, le plus ancien utilisateur que je connaisse, m\u00eame moi avec mes 17 ans de pratique, j&rsquo;ai l&rsquo;air d&rsquo;un petit gar\u00e7on. Voil\u00e0 un pionner !<\/em><\/p>\n<p><strong>J\u2019ai d\u00e9branch\u00e9, note de lecture \u00ab Micha\u00ebl Tartar<\/strong><\/p>\n<p>Comment vivre sans Internet apr\u00e8s une overdose ? C\u2019est la question que s\u2019est pos\u00e9 Thierry Crouzet (@tcrouzet). Et pour y r\u00e9pondre, il s\u2019est coup\u00e9 du monde merveilleux d\u2019Internet pendant 6 mois et raconte son exp\u00e9rience dans son livre.<\/p>\n<p>Au fil de son livre, Thierry Crouzet explique comment il a \u00e9t\u00e9 amen\u00e9 \u00e0 s\u2019interroger sur sa psychologie, comment il a red\u00e9couvert les plaisirs simples de la vie, comment il a repris go\u00fbt aux \u00e9changes directs avec ses semblables, ces humains pas forc\u00e9ment tous connect\u00e9s en permanence \u00e0 Internet.<\/p>\n<p>La lecture de l\u2019ouvrage m\u2019a \u00e9galement amen\u00e9 \u00e0 r\u00e9fl\u00e9chir sur ma propre consommation d\u2019Internet et \u00e0 me poser la question : et si je d\u00e9branchais aussi ?<\/p>\n<p>Ce que j\u2019ai aim\u00e9 et ce que j\u2019ai moins aim\u00e9<\/p>\n<p>\u00c9tant un utilisateur d\u2019Internet depuis un peu plus de 20 ans maintenant, cette exp\u00e9rience n\u2019a pas manqu\u00e9 d\u2019aiguiser ma curiosit\u00e9. D\u2019autant plus que c\u2019est par l\u2019interm\u00e9diaire d\u2019une publication de Loic Le Meur sur Google+ (si mes souvenirs sont exacts) que j\u2019ai eu connaissance de la sortie du livre. En d\u2019autres termes, si je ne suivais pas Loic sur les m\u00e9dias sociaux (et donc via Internet), je n\u2019aurais probablement pas su que le livre \u00e9tait sorti. Une belle illustration de l\u2019apport d\u2019Internet dans ma vie.<\/p>\n<p>via J\u2019ai d\u00e9branch\u00e9, note de lecture \u00ab Micha\u00ebl Tartar.<\/p>\n","protected":false},"excerpt":{"rendered":"<p>La lecture du jour &#8230;<\/p>\n<p>C&rsquo;est la note de lecture de Micha\u00ebl Tartar,<\/p>\n<p>J\u2019ai d\u00e9branch\u00e9, note de lecture \u00ab Micha\u00ebl Tartar<\/p>\n<p>Comment vivre sans Internet apr\u00e8s une overdose ? C\u2019est la question que s\u2019est pos\u00e9 Thierry Crouzet (@tcrouzet). Et pour y r\u00e9pondre, il s\u2019est coup\u00e9 du monde merveilleux d\u2019Internet pendant 6 mois et raconte son exp\u00e9rience dans son livre.<\/p>\n","protected":false},"author":2,"featured_media":62090,"comment_status":"open","ping_status":"open","sticky":false,"template":"","format":"standard","meta":{"footnotes":""},"categories":[134],"tags":[],"class_list":["post-5979","post","type-post","status-publish","format-standard","has-post-thumbnail","hentry","category-economie"],"yoast_head":"<!-- This site is optimized with the Yoast SEO plugin v27.4 - https:\/\/yoast.com\/product\/yoast-seo-wordpress\/ -->\n<title>Pause num\u00e9rique : peut-on encore d\u00e9brancher Internet ?<\/title>\n<meta name=\"description\" content=\"La pause num\u00e9rique est \u00e0 la mode. C&#039;est le sujet de\u00a0 la note de lecture de Micha\u00ebl Tartar, sur le livre de Thierry Crouzet &quot;j&#039;ai d\u00e9branch\u00e9&quot;\" \/>\n<meta name=\"robots\" content=\"index, follow, max-snippet:-1, max-image-preview:large, max-video-preview:-1\" \/>\n<link rel=\"canonical\" href=\"https:\/\/visionarymarketing.com\/fr\/2012\/03\/13\/pause-numerique-peut-on-encore-debrancher-internet\/\" \/>\n<meta property=\"og:locale\" content=\"fr_FR\" \/>\n<meta property=\"og:type\" content=\"article\" \/>\n<meta property=\"og:title\" content=\"Pause num\u00e9rique : peut-on encore d\u00e9brancher Internet ?\" \/>\n<meta property=\"og:description\" content=\"La pause num\u00e9rique est \u00e0 la mode. C&#039;est le sujet de\u00a0 la note de lecture de Micha\u00ebl Tartar, sur le livre de Thierry Crouzet &quot;j&#039;ai d\u00e9branch\u00e9&quot;\" \/>\n<meta property=\"og:url\" content=\"https:\/\/visionarymarketing.com\/fr\/2012\/03\/13\/pause-numerique-peut-on-encore-debrancher-internet\/\" \/>\n<meta property=\"og:site_name\" content=\"Marketing and Innovation\" \/>\n<meta property=\"article:publisher\" content=\"https:\/\/www.facebook.com\/vismktg\" \/>\n<meta property=\"article:author\" content=\"http:\/\/facebook.com\/ygourven\" \/>\n<meta property=\"article:published_time\" content=\"2012-03-13T14:00:17+00:00\" \/>\n<meta property=\"article:modified_time\" content=\"2021-03-14T18:08:14+00:00\" \/>\n<meta property=\"og:image\" content=\"https:\/\/visionarymarketing.com\/wp-content\/uploads\/2012\/02\/jumpstory-download20210308-080137.jpg\" \/>\n\t<meta property=\"og:image:width\" content=\"520\" \/>\n\t<meta property=\"og:image:height\" content=\"340\" \/>\n\t<meta property=\"og:image:type\" content=\"image\/jpeg\" \/>\n<meta name=\"author\" content=\"Yann Gourvennec\" \/>\n<meta name=\"twitter:card\" content=\"summary_large_image\" \/>\n<meta name=\"twitter:creator\" content=\"@ygourven\" \/>\n<meta name=\"twitter:site\" content=\"@ygourven\" \/>\n<meta name=\"twitter:label1\" content=\"\u00c9crit par\" \/>\n\t<meta name=\"twitter:data1\" content=\"Yann Gourvennec\" \/>\n\t<meta name=\"twitter:label2\" content=\"Dur\u00e9e de lecture estim\u00e9e\" \/>\n\t<meta name=\"twitter:data2\" content=\"3 minutes\" \/>\n<script type=\"application\/ld+json\" class=\"yoast-schema-graph\">{\"@context\":\"https:\\\/\\\/schema.org\",\"@graph\":[{\"@type\":\"NewsArticle\",\"@id\":\"https:\\\/\\\/visionarymarketing.com\\\/fr\\\/2012\\\/03\\\/13\\\/pause-numerique-peut-on-encore-debrancher-internet\\\/#article\",\"isPartOf\":{\"@id\":\"https:\\\/\\\/visionarymarketing.com\\\/fr\\\/2012\\\/03\\\/13\\\/pause-numerique-peut-on-encore-debrancher-internet\\\/\"},\"author\":{\"name\":\"Yann Gourvennec\",\"@id\":\"https:\\\/\\\/visionarymarketing.com\\\/fr\\\/#\\\/schema\\\/person\\\/3754fee1e558f47b8deb46f53c37423e\"},\"headline\":\"Pause num\u00e9rique : peut-on encore d\u00e9brancher Internet ?\",\"datePublished\":\"2012-03-13T14:00:17+00:00\",\"dateModified\":\"2021-03-14T18:08:14+00:00\",\"mainEntityOfPage\":{\"@id\":\"https:\\\/\\\/visionarymarketing.com\\\/fr\\\/2012\\\/03\\\/13\\\/pause-numerique-peut-on-encore-debrancher-internet\\\/\"},\"wordCount\":748,\"commentCount\":0,\"image\":{\"@id\":\"https:\\\/\\\/visionarymarketing.com\\\/fr\\\/2012\\\/03\\\/13\\\/pause-numerique-peut-on-encore-debrancher-internet\\\/#primaryimage\"},\"thumbnailUrl\":\"https:\\\/\\\/visionarymarketing.com\\\/wp-content\\\/uploads\\\/2012\\\/02\\\/jumpstory-download20210308-080137.jpg\",\"articleSection\":[\"\u00e9conomie et num\u00e9rique\"],\"inLanguage\":\"fr-FR\",\"potentialAction\":[{\"@type\":\"CommentAction\",\"name\":\"Comment\",\"target\":[\"https:\\\/\\\/visionarymarketing.com\\\/fr\\\/2012\\\/03\\\/13\\\/pause-numerique-peut-on-encore-debrancher-internet\\\/#respond\"]}]},{\"@type\":\"WebPage\",\"@id\":\"https:\\\/\\\/visionarymarketing.com\\\/fr\\\/2012\\\/03\\\/13\\\/pause-numerique-peut-on-encore-debrancher-internet\\\/\",\"url\":\"https:\\\/\\\/visionarymarketing.com\\\/fr\\\/2012\\\/03\\\/13\\\/pause-numerique-peut-on-encore-debrancher-internet\\\/\",\"name\":\"Pause num\u00e9rique : peut-on encore d\u00e9brancher Internet ?\",\"isPartOf\":{\"@id\":\"https:\\\/\\\/visionarymarketing.com\\\/fr\\\/#website\"},\"primaryImageOfPage\":{\"@id\":\"https:\\\/\\\/visionarymarketing.com\\\/fr\\\/2012\\\/03\\\/13\\\/pause-numerique-peut-on-encore-debrancher-internet\\\/#primaryimage\"},\"image\":{\"@id\":\"https:\\\/\\\/visionarymarketing.com\\\/fr\\\/2012\\\/03\\\/13\\\/pause-numerique-peut-on-encore-debrancher-internet\\\/#primaryimage\"},\"thumbnailUrl\":\"https:\\\/\\\/visionarymarketing.com\\\/wp-content\\\/uploads\\\/2012\\\/02\\\/jumpstory-download20210308-080137.jpg\",\"datePublished\":\"2012-03-13T14:00:17+00:00\",\"dateModified\":\"2021-03-14T18:08:14+00:00\",\"author\":{\"@id\":\"https:\\\/\\\/visionarymarketing.com\\\/fr\\\/#\\\/schema\\\/person\\\/3754fee1e558f47b8deb46f53c37423e\"},\"description\":\"La pause num\u00e9rique est \u00e0 la mode. C'est le sujet de\u00a0 la note de lecture de Micha\u00ebl Tartar, sur le livre de Thierry Crouzet \\\"j'ai d\u00e9branch\u00e9\\\"\",\"breadcrumb\":{\"@id\":\"https:\\\/\\\/visionarymarketing.com\\\/fr\\\/2012\\\/03\\\/13\\\/pause-numerique-peut-on-encore-debrancher-internet\\\/#breadcrumb\"},\"inLanguage\":\"fr-FR\",\"potentialAction\":[{\"@type\":\"ReadAction\",\"target\":[\"https:\\\/\\\/visionarymarketing.com\\\/fr\\\/2012\\\/03\\\/13\\\/pause-numerique-peut-on-encore-debrancher-internet\\\/\"]}]},{\"@type\":\"ImageObject\",\"inLanguage\":\"fr-FR\",\"@id\":\"https:\\\/\\\/visionarymarketing.com\\\/fr\\\/2012\\\/03\\\/13\\\/pause-numerique-peut-on-encore-debrancher-internet\\\/#primaryimage\",\"url\":\"https:\\\/\\\/visionarymarketing.com\\\/wp-content\\\/uploads\\\/2012\\\/02\\\/jumpstory-download20210308-080137.jpg\",\"contentUrl\":\"https:\\\/\\\/visionarymarketing.com\\\/wp-content\\\/uploads\\\/2012\\\/02\\\/jumpstory-download20210308-080137.jpg\",\"width\":520,\"height\":340},{\"@type\":\"BreadcrumbList\",\"@id\":\"https:\\\/\\\/visionarymarketing.com\\\/fr\\\/2012\\\/03\\\/13\\\/pause-numerique-peut-on-encore-debrancher-internet\\\/#breadcrumb\",\"itemListElement\":[{\"@type\":\"ListItem\",\"position\":1,\"name\":\"Home\",\"item\":\"https:\\\/\\\/visionarymarketing.com\\\/fr\\\/\"},{\"@type\":\"ListItem\",\"position\":2,\"name\":\"Pause num\u00e9rique : peut-on encore d\u00e9brancher Internet ?\"}]},{\"@type\":\"WebSite\",\"@id\":\"https:\\\/\\\/visionarymarketing.com\\\/fr\\\/#website\",\"url\":\"https:\\\/\\\/visionarymarketing.com\\\/fr\\\/\",\"name\":\"Marketing and Innovation\",\"description\":\"Site d&#039;infos ind\u00e9pendant, depuis 1996\",\"potentialAction\":[{\"@type\":\"SearchAction\",\"target\":{\"@type\":\"EntryPoint\",\"urlTemplate\":\"https:\\\/\\\/visionarymarketing.com\\\/fr\\\/?s={search_term_string}\"},\"query-input\":{\"@type\":\"PropertyValueSpecification\",\"valueRequired\":true,\"valueName\":\"search_term_string\"}}],\"inLanguage\":\"fr-FR\"},{\"@type\":\"Person\",\"@id\":\"https:\\\/\\\/visionarymarketing.com\\\/fr\\\/#\\\/schema\\\/person\\\/3754fee1e558f47b8deb46f53c37423e\",\"name\":\"Yann Gourvennec\",\"image\":{\"@type\":\"ImageObject\",\"inLanguage\":\"fr-FR\",\"@id\":\"https:\\\/\\\/secure.gravatar.com\\\/avatar\\\/5972001801e8de5692a3e31224e85769f50a55fb8b679749f9c8d1868cceff14?s=96&d=initials&r=g&initials=yg\",\"url\":\"https:\\\/\\\/secure.gravatar.com\\\/avatar\\\/5972001801e8de5692a3e31224e85769f50a55fb8b679749f9c8d1868cceff14?s=96&d=initials&r=g&initials=yg\",\"contentUrl\":\"https:\\\/\\\/secure.gravatar.com\\\/avatar\\\/5972001801e8de5692a3e31224e85769f50a55fb8b679749f9c8d1868cceff14?s=96&d=initials&r=g&initials=yg\",\"caption\":\"Yann Gourvennec\"},\"description\":\"Yann Gourvennec created visionarymarketing.com in 1996. He is a speaker and author of many books. In 2014 he went from intrapreneur to entrepreneur, when he created his digital marketing agency. Yann Gourvennec a cr\u00e9\u00e9 visionarymarketing.com en 1996. Il est conf\u00e9rencier et auteur de plusieurs livres. En 2014, il est pass\u00e9 d'intrapreneur \u00e0 entrepreneur en cr\u00e9ant son agence de marketing num\u00e9rique.\",\"sameAs\":[\"https:\\\/\\\/visionarymarketing.com\",\"http:\\\/\\\/facebook.com\\\/ygourven\",\"http:\\\/\\\/linkedin.com\\\/in\\\/ygourven\",\"https:\\\/\\\/x.com\\\/ygourven\",\"https:\\\/\\\/www.youtube.com\\\/c\\\/visionarymarketingagency\"],\"url\":\"https:\\\/\\\/visionarymarketing.com\\\/fr\\\/author\\\/yann-gourvennec\\\/\"}]}<\/script>\n<!-- \/ Yoast SEO plugin. -->","yoast_head_json":{"title":"Pause num\u00e9rique : peut-on encore d\u00e9brancher Internet ?","description":"La pause num\u00e9rique est \u00e0 la mode. C'est le sujet de\u00a0 la note de lecture de Micha\u00ebl Tartar, sur le livre de Thierry Crouzet \"j'ai d\u00e9branch\u00e9\"","robots":{"index":"index","follow":"follow","max-snippet":"max-snippet:-1","max-image-preview":"max-image-preview:large","max-video-preview":"max-video-preview:-1"},"canonical":"https:\/\/visionarymarketing.com\/fr\/2012\/03\/13\/pause-numerique-peut-on-encore-debrancher-internet\/","og_locale":"fr_FR","og_type":"article","og_title":"Pause num\u00e9rique : peut-on encore d\u00e9brancher Internet ?","og_description":"La pause num\u00e9rique est \u00e0 la mode. C'est le sujet de\u00a0 la note de lecture de Micha\u00ebl Tartar, sur le livre de Thierry Crouzet \"j'ai d\u00e9branch\u00e9\"","og_url":"https:\/\/visionarymarketing.com\/fr\/2012\/03\/13\/pause-numerique-peut-on-encore-debrancher-internet\/","og_site_name":"Marketing and Innovation","article_publisher":"https:\/\/www.facebook.com\/vismktg","article_author":"http:\/\/facebook.com\/ygourven","article_published_time":"2012-03-13T14:00:17+00:00","article_modified_time":"2021-03-14T18:08:14+00:00","og_image":[{"width":520,"height":340,"url":"https:\/\/visionarymarketing.com\/wp-content\/uploads\/2012\/02\/jumpstory-download20210308-080137.jpg","type":"image\/jpeg"}],"author":"Yann Gourvennec","twitter_card":"summary_large_image","twitter_creator":"@ygourven","twitter_site":"@ygourven","twitter_misc":{"\u00c9crit par":"Yann Gourvennec","Dur\u00e9e de lecture estim\u00e9e":"3 minutes"},"schema":{"@context":"https:\/\/schema.org","@graph":[{"@type":"NewsArticle","@id":"https:\/\/visionarymarketing.com\/fr\/2012\/03\/13\/pause-numerique-peut-on-encore-debrancher-internet\/#article","isPartOf":{"@id":"https:\/\/visionarymarketing.com\/fr\/2012\/03\/13\/pause-numerique-peut-on-encore-debrancher-internet\/"},"author":{"name":"Yann Gourvennec","@id":"https:\/\/visionarymarketing.com\/fr\/#\/schema\/person\/3754fee1e558f47b8deb46f53c37423e"},"headline":"Pause num\u00e9rique : peut-on encore d\u00e9brancher Internet ?","datePublished":"2012-03-13T14:00:17+00:00","dateModified":"2021-03-14T18:08:14+00:00","mainEntityOfPage":{"@id":"https:\/\/visionarymarketing.com\/fr\/2012\/03\/13\/pause-numerique-peut-on-encore-debrancher-internet\/"},"wordCount":748,"commentCount":0,"image":{"@id":"https:\/\/visionarymarketing.com\/fr\/2012\/03\/13\/pause-numerique-peut-on-encore-debrancher-internet\/#primaryimage"},"thumbnailUrl":"https:\/\/visionarymarketing.com\/wp-content\/uploads\/2012\/02\/jumpstory-download20210308-080137.jpg","articleSection":["\u00e9conomie et num\u00e9rique"],"inLanguage":"fr-FR","potentialAction":[{"@type":"CommentAction","name":"Comment","target":["https:\/\/visionarymarketing.com\/fr\/2012\/03\/13\/pause-numerique-peut-on-encore-debrancher-internet\/#respond"]}]},{"@type":"WebPage","@id":"https:\/\/visionarymarketing.com\/fr\/2012\/03\/13\/pause-numerique-peut-on-encore-debrancher-internet\/","url":"https:\/\/visionarymarketing.com\/fr\/2012\/03\/13\/pause-numerique-peut-on-encore-debrancher-internet\/","name":"Pause num\u00e9rique : peut-on encore d\u00e9brancher Internet ?","isPartOf":{"@id":"https:\/\/visionarymarketing.com\/fr\/#website"},"primaryImageOfPage":{"@id":"https:\/\/visionarymarketing.com\/fr\/2012\/03\/13\/pause-numerique-peut-on-encore-debrancher-internet\/#primaryimage"},"image":{"@id":"https:\/\/visionarymarketing.com\/fr\/2012\/03\/13\/pause-numerique-peut-on-encore-debrancher-internet\/#primaryimage"},"thumbnailUrl":"https:\/\/visionarymarketing.com\/wp-content\/uploads\/2012\/02\/jumpstory-download20210308-080137.jpg","datePublished":"2012-03-13T14:00:17+00:00","dateModified":"2021-03-14T18:08:14+00:00","author":{"@id":"https:\/\/visionarymarketing.com\/fr\/#\/schema\/person\/3754fee1e558f47b8deb46f53c37423e"},"description":"La pause num\u00e9rique est \u00e0 la mode. C'est le sujet de\u00a0 la note de lecture de Micha\u00ebl Tartar, sur le livre de Thierry Crouzet \"j'ai d\u00e9branch\u00e9\"","breadcrumb":{"@id":"https:\/\/visionarymarketing.com\/fr\/2012\/03\/13\/pause-numerique-peut-on-encore-debrancher-internet\/#breadcrumb"},"inLanguage":"fr-FR","potentialAction":[{"@type":"ReadAction","target":["https:\/\/visionarymarketing.com\/fr\/2012\/03\/13\/pause-numerique-peut-on-encore-debrancher-internet\/"]}]},{"@type":"ImageObject","inLanguage":"fr-FR","@id":"https:\/\/visionarymarketing.com\/fr\/2012\/03\/13\/pause-numerique-peut-on-encore-debrancher-internet\/#primaryimage","url":"https:\/\/visionarymarketing.com\/wp-content\/uploads\/2012\/02\/jumpstory-download20210308-080137.jpg","contentUrl":"https:\/\/visionarymarketing.com\/wp-content\/uploads\/2012\/02\/jumpstory-download20210308-080137.jpg","width":520,"height":340},{"@type":"BreadcrumbList","@id":"https:\/\/visionarymarketing.com\/fr\/2012\/03\/13\/pause-numerique-peut-on-encore-debrancher-internet\/#breadcrumb","itemListElement":[{"@type":"ListItem","position":1,"name":"Home","item":"https:\/\/visionarymarketing.com\/fr\/"},{"@type":"ListItem","position":2,"name":"Pause num\u00e9rique : peut-on encore d\u00e9brancher Internet ?"}]},{"@type":"WebSite","@id":"https:\/\/visionarymarketing.com\/fr\/#website","url":"https:\/\/visionarymarketing.com\/fr\/","name":"Marketing and Innovation","description":"Site d&#039;infos ind\u00e9pendant, depuis 1996","potentialAction":[{"@type":"SearchAction","target":{"@type":"EntryPoint","urlTemplate":"https:\/\/visionarymarketing.com\/fr\/?s={search_term_string}"},"query-input":{"@type":"PropertyValueSpecification","valueRequired":true,"valueName":"search_term_string"}}],"inLanguage":"fr-FR"},{"@type":"Person","@id":"https:\/\/visionarymarketing.com\/fr\/#\/schema\/person\/3754fee1e558f47b8deb46f53c37423e","name":"Yann Gourvennec","image":{"@type":"ImageObject","inLanguage":"fr-FR","@id":"https:\/\/secure.gravatar.com\/avatar\/5972001801e8de5692a3e31224e85769f50a55fb8b679749f9c8d1868cceff14?s=96&d=initials&r=g&initials=yg","url":"https:\/\/secure.gravatar.com\/avatar\/5972001801e8de5692a3e31224e85769f50a55fb8b679749f9c8d1868cceff14?s=96&d=initials&r=g&initials=yg","contentUrl":"https:\/\/secure.gravatar.com\/avatar\/5972001801e8de5692a3e31224e85769f50a55fb8b679749f9c8d1868cceff14?s=96&d=initials&r=g&initials=yg","caption":"Yann Gourvennec"},"description":"Yann Gourvennec created visionarymarketing.com in 1996. He is a speaker and author of many books. In 2014 he went from intrapreneur to entrepreneur, when he created his digital marketing agency. Yann Gourvennec a cr\u00e9\u00e9 visionarymarketing.com en 1996. Il est conf\u00e9rencier et auteur de plusieurs livres. En 2014, il est pass\u00e9 d'intrapreneur \u00e0 entrepreneur en cr\u00e9ant son agence de marketing num\u00e9rique.","sameAs":["https:\/\/visionarymarketing.com","http:\/\/facebook.com\/ygourven","http:\/\/linkedin.com\/in\/ygourven","https:\/\/x.com\/ygourven","https:\/\/www.youtube.com\/c\/visionarymarketingagency"],"url":"https:\/\/visionarymarketing.com\/fr\/author\/yann-gourvennec\/"}]}},"_links":{"self":[{"href":"https:\/\/visionarymarketing.com\/fr\/wp-json\/wp\/v2\/posts\/5979","targetHints":{"allow":["GET"]}}],"collection":[{"href":"https:\/\/visionarymarketing.com\/fr\/wp-json\/wp\/v2\/posts"}],"about":[{"href":"https:\/\/visionarymarketing.com\/fr\/wp-json\/wp\/v2\/types\/post"}],"author":[{"embeddable":true,"href":"https:\/\/visionarymarketing.com\/fr\/wp-json\/wp\/v2\/users\/2"}],"replies":[{"embeddable":true,"href":"https:\/\/visionarymarketing.com\/fr\/wp-json\/wp\/v2\/comments?post=5979"}],"version-history":[{"count":0,"href":"https:\/\/visionarymarketing.com\/fr\/wp-json\/wp\/v2\/posts\/5979\/revisions"}],"wp:featuredmedia":[{"embeddable":true,"href":"https:\/\/visionarymarketing.com\/fr\/wp-json\/wp\/v2\/media\/62090"}],"wp:attachment":[{"href":"https:\/\/visionarymarketing.com\/fr\/wp-json\/wp\/v2\/media?parent=5979"}],"wp:term":[{"taxonomy":"category","embeddable":true,"href":"https:\/\/visionarymarketing.com\/fr\/wp-json\/wp\/v2\/categories?post=5979"},{"taxonomy":"post_tag","embeddable":true,"href":"https:\/\/visionarymarketing.com\/fr\/wp-json\/wp\/v2\/tags?post=5979"}],"curies":[{"name":"wp","href":"https:\/\/api.w.org\/{rel}","templated":true}]}}