{"id":5975,"date":"2012-03-14T09:15:37","date_gmt":"2012-03-14T09:15:37","guid":{"rendered":"http:\/\/visionary.wordpress.com\/?p=5975"},"modified":"2023-10-16T08:21:13","modified_gmt":"2023-10-16T06:21:13","slug":"loi-teletravail","status":"publish","type":"post","link":"https:\/\/visionarymarketing.com\/fr\/2012\/03\/14\/loi-teletravail\/","title":{"rendered":"Loi t\u00e9l\u00e9travail : une loi pour rien mais ce n&rsquo;est pas grave &#8230;"},"content":{"rendered":"<p><em>Une loi pour rien sur le t\u00e9l\u00e9travail mais ce n&rsquo;est pas grave &#8230; En France, quand on a un probl\u00e8me \u2026 \u00a0on fait une loi ! Voici une pratique bien singuli\u00e8re et qui doit sans doute correspondre \u00e0 un besoin sociologique profond. C\u2019est ce que semble nous dire <a href=\"http:\/\/zevillage.com\" target=\"_blank\" rel=\"noopener noreferrer\">Xavier de Mazenod<\/a> dans ce commentaire d\u2019une loi r\u00e9cente sur le t\u00e9l\u00e9travail, lors d\u2019une interview r\u00e9alis\u00e9e avec lui par t\u00e9l\u00e9phone le Vendredi 09 mars 2012. Mais cela est-il grave ?<\/em><\/p>\n<h2>Une loi pour rien sur le t\u00e9l\u00e9travail mais ce n&rsquo;est pas grave &#8230;<\/h2>\n<figure id=\"attachment_6013\" aria-describedby=\"caption-attachment-6013\" style=\"width: 519px\" class=\"wp-caption aligncenter\"><a href=\"https:\/\/visionarymarketing.com\/wp-content\/uploads\/2012\/03\/ilnesestrienpassc3a9.jpg\"><img decoding=\"async\" class=\"wp-image-6013 size-full\" title=\"ilnesestrienpass\u00e9\" src=\"https:\/\/visionarymarketing.com\/wp-content\/uploads\/2012\/03\/ilnesestrienpassc3a9-e1615713622434.jpg\" alt=\"Une loi pour rien sur le t\u00e9l\u00e9travail mais ce n'est pas grave ...\" width=\"519\" height=\"340\" \/><\/a><figcaption id=\"caption-attachment-6013\" class=\"wp-caption-text\">Une loi pour rien sur le t\u00e9l\u00e9travail mais ce n&rsquo;est pas grave &#8230;<\/figcaption><\/figure>\n<p><strong>O\u00f9 en est le t\u00e9l\u00e9travail un an apr\u00e8s notre dernier point ? <\/strong><\/p>\n<p><a href=\"https:\/\/visionarymarketing.com\/wp-content\/uploads\/2012\/03\/computer-large.gif\"><img decoding=\"async\" style=\"background-image: none; padding-left: 0; padding-right: 0; display: inline; float: left; padding-top: 0; border-width: 0;\" title=\"computer-large\" src=\"https:\/\/visionarymarketing.com\/wp-content\/uploads\/2012\/03\/computer-large_thumb.gif\" alt=\"computer-large\" width=\"100\" height=\"120\" align=\"left\" border=\"0\" \/><\/a>Il y a un an, nous avions fait le constat que \u00e7a ne marchait pas . Les seuls chiffres \u00e9taient ceux du centre d&rsquo;analyse strat\u00e9gique, qui disaient qu\u2019environ 10% de salari\u00e9s fran\u00e7ais s\u2019adonnaient aux joies du t\u00e9l\u00e9travail \u00e0 distance. On \u00e9tait donc \u00e0 la tra\u00eene, \u201cavec un indicateur tr\u00e8s bas, 1 jour par semaine\u201d ajoute Xavier de Mazenod, \u201cle seul pire que nous, c&rsquo;\u00e9tait l&rsquo;Italie\u201d. Les num\u00e9ros 1 n&rsquo;\u00e9taient pas les pays anglo-saxons cependant, m\u00eame si les pays dits latins \u00e9taient en retrait.<!--more--><\/p>\n<p>Un an apr\u00e8s on n&rsquo;a pas de chiffres plus pr\u00e9cis\u00a0 mais \u201con voit des fr\u00e9missements partout\u201d (colloques, journaux, mentions de Google &#8230;) nous affirme Xavier avec un certain enthousiasme. \u201cOn parle de plus en plus de tous ces sujets : t\u00e9l\u00e9travail, co-working, espaces partag\u00e9s etc. Les gens les opposent mais rien n&rsquo;est opposable\u201d. Car il s\u2019agit de cat\u00e9gories plus compl\u00e9mentaires qu\u2019il n\u2019y para\u00eet.\u00a0 Le <strong>t\u00e9l\u00e9travail gris <\/strong>(c\u2019est \u00e0 dire le t\u00e9l\u00e9travail pratiqu\u00e9 sans d\u00e9claration, de gr\u00e9 \u00e0 gr\u00e9 entre manager et manag\u00e9) est toujours l\u00e0, \u201c<strong>d&rsquo;o\u00f9 la n\u00e9cessit\u00e9 de rassurer l&rsquo;ensemble des partenaires sociaux\u201d<\/strong> ajoute Xavier de Mazenod et donc \u201cil n&rsquo;y a pas d&rsquo;excuses pour ne pas cadrer le travail \u00e0 distance\u201d.<\/p>\n<p><strong>\u201cEn Hollande, l&#8217;employeur (le manager) a le droit d&rsquo;aller voir si l&#8217;employ\u00e9 est bien install\u00e9 quand il t\u00e9l\u00e9travaille\u201d <\/strong>poursuit le fondateur de Zevillage, \u201cce qui est inimaginable en France\u201d. En France, on est dans l&rsquo;affrontement et la m\u00e9fiance&#8230; \u201c<strong>donc en France il fallait une loi\u201d<\/strong>.<\/p>\n<p><strong>la r\u00e9alit\u00e9 : environ la moiti\u00e9 des employ\u00e9s travaillent \u00e0 distance<\/strong><\/p>\n<p>Mais la r\u00e9alit\u00e9 du travail \u00e0 distance est bien autre que celle transmise par ce chiffre de 9 ou 10%. \u201cT\u00e9l\u00e9travailleurs gris + t\u00e9l\u00e9travail + co-working + nomades = 40-50% des salari\u00e9s\u201d confie Xavier de Mazenod, car les \u00e9tudes qui mesurent l&rsquo;occupation des bureaux montrent toujours la m\u00eame chose : \u201cun taux d\u2019occupation \u00e0 environ 50%\u201d.<\/p>\n<p><strong>La loi qui vient d&rsquo;\u00eatre vot\u00e9e<\/strong><\/p>\n<p><a href=\"https:\/\/visionarymarketing.com\/wp-content\/uploads\/2012\/03\/question-large.gif\"><img decoding=\"async\" style=\"background-image: none; padding-left: 0; padding-right: 0; display: inline; float: left; padding-top: 0; border-width: 0;\" title=\"question-large\" src=\"https:\/\/visionarymarketing.com\/wp-content\/uploads\/2012\/03\/question-large_thumb.gif\" alt=\"question-large\" width=\"146\" height=\"240\" align=\"left\" border=\"0\" \/><\/a>C&rsquo;est une loi \u201cqui n&rsquo;a rien \u00e0 voir avec le t\u00e9l\u00e9travail\u201d commente Xavier : c\u2019est une proposition de loi <strong>relative \u00e0 la simplification du droit et l&rsquo;all\u00e8gement des d\u00e9marches administratives<\/strong> et il y a l&rsquo;article 46 qui \u00e9voque le t\u00e9l\u00e9travail et qui <strong>le fait entrer dans le code du travail<\/strong>. En 2005, une avanc\u00e9e notable avait d\u00e9j\u00e0 \u00e9t\u00e9 faite, r\u00e9gie par 3 grands principes au sein d\u2019un <strong>accord national inter-professionnel (ANI) <\/strong>sign\u00e9 par tous les partenaires sociaux en 2005 (\u201cc&rsquo;est un texte intelligent\u201d affirme Xavier de Mazenod). Voici ces 3 principes de base :<\/p>\n<ol>\n<li>le salari\u00e9 doit \u00eatre volontaire<\/li>\n<li>la contractualisation (accord entre les partenaires sociaux et\/ou avenant au contrat de travail)<\/li>\n<li>la r\u00e9versibilit\u00e9<\/li>\n<\/ol>\n<p>\u201cIl n&rsquo;y avait pas besoin de loi mais on est en France et on adore l\u00e9gif\u00e9rer pour rien ; c&rsquo;est de l&rsquo;archa\u00efsme\u201d poursuit-il. Tous les syndicats ont sign\u00e9 mais ils ne sont pas unanimes. Certains poussent le t\u00e9l\u00e9travail, d&rsquo;autres non. De m\u00eame au Medef, il y a des groupes qui s\u2019opposent sur ces th\u00e8ses.<\/p>\n<p><strong>une autre proposition de loi en 2009 \u2026 qui a heureusement capot\u00e9<\/strong><\/p>\n<p>\u201cUn groupe de 50 parlementaires en 2009 avait produit un texte compl\u00e8tement fourre-tout sur le maintien de l&#8217;emploi et elle n&rsquo;est jamais sortie du S\u00e9nat. Celle ci est enterr\u00e9e et elle ne sortira plus car la nouvelle loi l\u2019a devanc\u00e9e\u201d avance Xavier de Mazenod.<\/p>\n<p><strong>juste un symbole pour rassurer \u2026 <\/strong><\/p>\n<p><a href=\"https:\/\/visionarymarketing.com\/wp-content\/uploads\/2012\/03\/exclamation-large.gif\"><img decoding=\"async\" style=\"background-image: none; padding-left: 0; padding-right: 0; display: inline; float: right; padding-top: 0; border-width: 0;\" title=\"exclamation-large\" src=\"https:\/\/visionarymarketing.com\/wp-content\/uploads\/2012\/03\/exclamation-large_thumb.gif\" alt=\"exclamation-large\" width=\"150\" height=\"298\" align=\"right\" border=\"0\" \/><\/a>Mais pourquoi faire une loi ? \u201c\u00c7a ne modifie rien par rapport \u00e0 la situation, l&rsquo;ANI suffisait\u201d ajoute Xavier, \u201c\u00e7a fait cependant sauter les fausses excuse et \u00e7a va rassurer tous les gens qui ont une culture du code du travail, c&rsquo;est donc \u00e0 prendre comme un \u2018signe de l&rsquo;Etat\u2019,\u00a0 un symbole\u00a0\u00bb. <strong>Gr\u00e2ce \u00e0 cela, on ne peut plus avoir deux types de salari\u00e9s, ceux qui ont droit et ceux qui n&rsquo;ont plus droit<\/strong>. \u201cDans les pays anglo-saxons \u00e7a s&rsquo;est r\u00e9gl\u00e9 par la jurisprudence, cela se serait pass\u00e9 ainsi \u00e9galement en France &#8211; de fa\u00e7on adulte &#8211; mais maintenant on a cette loi. Et puis ce qui est valable pour (certains employ\u00e9s) d&rsquo;Orange n&rsquo;est pas valable pour les ouvriers de PSA\u201d commente Xavier de Mazenod.<\/p>\n<p><strong>Quel impact sur le d\u00e9veloppement du t\u00e9l\u00e9travail ?<\/strong><\/p>\n<p>\u201cAucun ! C&rsquo;est juste un \u00e9pisode amusant qui est r\u00e9v\u00e9lateur de l&rsquo;\u00e9tat d&rsquo;esprit fran\u00e7ais, l&rsquo;esprit des lois ! m\u00eame si ce texte est moins grave que celui de 2009 qui pr\u00e9cisait des d\u00e9tails juridiques et techniques et qui visait des employ\u00e9s non concern\u00e9s par l&rsquo;ANI\u201d.<\/p>\n<p><strong>en conclusion : une autre forme de \u201ctravail en miettes\u201d<\/strong><\/p>\n<p>En conclusion, beaucoup de bruit pour rien, mais ce qu\u2019il faut retenir de cet \u00e9pisode, outre le c\u00f4t\u00e9 amusant du l\u00e9gislateur fa\u00e7on \u201callumeur de r\u00e9verb\u00e8re\u201d du Petit Prince, c\u2019est que le mouvement qui est en marche est in\u00e9luctable, et que nous entrons bel et bien dans l\u2019\u00e8re des \u201canalystes symboliques\u201d d\u00e9crits il y a un peu moins de vingt ans par l\u2019observateur irlandais Charles Handy. Quand je me repenche sur mes ann\u00e9es \u00e0 l\u2019\u00e9cole, cela me rem\u00e9more les ouvrages du sociologue Roger Friedmann, \u201cle travail en miettes\u201d, qui d\u00e9crivait \u2013 \u00e0 l\u2019heure o\u00f9 la soci\u00e9t\u00e9 \u00e9tait encore largement industrielle, un travail enti\u00e8rement vid\u00e9 de son sens par la taylorisation. Aujourd\u2019hui, c\u2019est en quelque sorte l\u2019inverse, avec chaque employ\u00e9 qui devient sa propre entreprise, mais pour arriver \u00e0 un r\u00e9sultat similaire, o\u00f9 l\u2019\u00e9miettement des acteurs est flagrant. Ceux qui ont su ou sauront s\u2019adapter en sortiront grandis, les autres subiront ces changements. Une nouvelle r\u00e9volution industrielle se d\u00e9roule sous nos yeux, \u00e0 laquelle la loi ne peut rien.<\/p>\n<div itemscope itemtype=\"http:\/\/schema.org\/AudioObject\"><meta itemprop=\"name\" content=\"Loi t\u00e9l\u00e9travail : une loi pour rien mais ce n&amp;rsquo;est pas grave &amp;#8230;\" \/><meta itemprop=\"uploadDate\" content=\"2012-03-14T09:15:37+01:00\" \/><meta itemprop=\"encodingFormat\" content=\"audio\/mpeg\" \/><meta itemprop=\"duration\" content=\"PT8M01S\" \/><meta itemprop=\"description\" content=\"En France, quand on a un probl\u00e8me \u2026 ? on fait une loi ! Voici une pratique bien singuli\u00e8re et qui doit sans doute correspondre \u00e0 un besoin sociologique profond. C\u2019est ce que semble nous dire Xavier de Mazenod dans ce commentaire d\u2019une loi r\u00e9cente sur le t\u00e9l\u00e9travail, lors d\u2019une interview r\u00e9alis\u00e9e avec lui par t\u00e9l\u00e9phone le Vendredi 09 mars 2012. Mais cela est-il grave ?\" \/><meta itemprop=\"contentUrl\" content=\"https:\/\/media.blubrry.com\/visionarymarketing_les\/visionarymarketing.com\/files\/podcasts\/xaviermazenond032012.mp3\" \/><meta itemprop=\"contentSize\" content=\"3.7\" \/><div class=\"powerpress_player\" id=\"powerpress_player_2969\"><audio class=\"wp-audio-shortcode\" id=\"audio-5975-1\" preload=\"none\" style=\"width: 100%;\" controls=\"controls\"><source type=\"audio\/mpeg\" src=\"https:\/\/media.blubrry.com\/visionarymarketing_les\/visionarymarketing.com\/files\/podcasts\/xaviermazenond032012.mp3?_=1\" \/><a href=\"https:\/\/media.blubrry.com\/visionarymarketing_les\/visionarymarketing.com\/files\/podcasts\/xaviermazenond032012.mp3\">https:\/\/media.blubrry.com\/visionarymarketing_les\/visionarymarketing.com\/files\/podcasts\/xaviermazenond032012.mp3<\/a><\/audio><\/div><\/div><p class=\"powerpress_links powerpress_links_mp3\" style=\"margin-bottom: 1px !important;\">Podcast: <a href=\"https:\/\/media.blubrry.com\/visionarymarketing_les\/visionarymarketing.com\/files\/podcasts\/xaviermazenond032012.mp3\" class=\"powerpress_link_pinw\" target=\"_blank\" title=\"Play in new window\" onclick=\"return powerpress_pinw('https:\/\/visionarymarketing.com\/fr\/\/?powerpress_pinw=5975-podcast');\" rel=\"nofollow\">Play in new window<\/a> | <a href=\"https:\/\/media.blubrry.com\/visionarymarketing_les\/visionarymarketing.com\/files\/podcasts\/xaviermazenond032012.mp3\" class=\"powerpress_link_d\" title=\"Download\" rel=\"nofollow\" download=\"xaviermazenond032012.mp3\">Download<\/a> (Duration: 8:01 &#8212; 3.7MB)<\/p><p class=\"powerpress_links powerpress_subscribe_links\">Subscribe: <a href=\"https:\/\/itunes.apple.com\/us\/podcast\/visionarymarketing-les-interviews\/id731295319?mt=2&amp;ls=1#episodeGuid=http%3A%2F%2Fvisionary.wordpress.com%2F%3Fp%3D5975\" class=\"powerpress_link_subscribe powerpress_link_subscribe_itunes\" target=\"_blank\" title=\"Subscribe on Apple Podcasts\" rel=\"nofollow\">Apple Podcasts<\/a> | <a href=\"https:\/\/open.spotify.com\/show\/52VnZ1mhVSnDs4tQOx7Vuc\" class=\"powerpress_link_subscribe powerpress_link_subscribe_spotify\" target=\"_blank\" title=\"Subscribe on Spotify\" rel=\"nofollow\">Spotify<\/a> | <a href=\"https:\/\/subscribeonandroid.com\/visionarymarketing.com\/fr\/feed\/podcast\/\" class=\"powerpress_link_subscribe powerpress_link_subscribe_android\" target=\"_blank\" title=\"Subscribe on Android\" rel=\"nofollow\">Android<\/a> | <a href=\"https:\/\/visionarymarketing.com\/fr\/feed\/podcast\/\" class=\"powerpress_link_subscribe powerpress_link_subscribe_rss\" target=\"_blank\" title=\"Subscribe via RSS\" rel=\"nofollow\">RSS<\/a><\/p>","protected":false},"excerpt":{"rendered":"<p>En France, quand on a un probl\u00e8me \u2026 ? on fait une loi ! Voici une pratique bien singuli\u00e8re et qui doit sans doute correspondre \u00e0 un besoin sociologique profond. C\u2019est ce que semble nous dire Xavier de Mazenod dans ce commentaire d\u2019une loi r\u00e9cente sur le t\u00e9l\u00e9travail, lors d\u2019une interview r\u00e9alis\u00e9e avec lui par t\u00e9l\u00e9phone le Vendredi 09 mars 2012. Mais cela est-il grave ?<\/p>\n","protected":false},"author":2,"featured_media":6013,"comment_status":"open","ping_status":"open","sticky":false,"template":"","format":"standard","meta":{"footnotes":""},"categories":[10],"tags":[],"class_list":["post-5975","post","type-post","status-publish","format-standard","has-post-thumbnail","hentry","category-collaboration-et-teletravail"],"yoast_head":"<!-- This site is optimized with the Yoast SEO plugin v27.5 - https:\/\/yoast.com\/product\/yoast-seo-wordpress\/ -->\n<title>Loi t\u00e9l\u00e9travail : une loi pour rien mais ce n&#039;est pas grave ...<\/title>\n<meta name=\"description\" content=\"Une loi pour rien sur le t\u00e9l\u00e9travail mais ce n&#039;est pas grave ... En France, quand on a un probl\u00e8me on fait une loi ! Une pratique singuli\u00e8re\" \/>\n<meta name=\"robots\" content=\"index, follow, max-snippet:-1, max-image-preview:large, max-video-preview:-1\" \/>\n<link rel=\"canonical\" href=\"https:\/\/visionarymarketing.com\/fr\/2012\/03\/14\/loi-teletravail\/\" \/>\n<meta property=\"og:locale\" content=\"fr_FR\" \/>\n<meta property=\"og:type\" content=\"article\" \/>\n<meta property=\"og:title\" content=\"Loi t\u00e9l\u00e9travail : une loi pour rien mais ce n&#039;est pas grave ...\" \/>\n<meta property=\"og:description\" content=\"Une loi pour rien sur le t\u00e9l\u00e9travail mais ce n&#039;est pas grave ... En France, quand on a un probl\u00e8me on fait une loi ! Une pratique singuli\u00e8re\" \/>\n<meta property=\"og:url\" content=\"https:\/\/visionarymarketing.com\/fr\/2012\/03\/14\/loi-teletravail\/\" \/>\n<meta property=\"og:site_name\" content=\"Marketing and Innovation\" \/>\n<meta property=\"article:publisher\" content=\"https:\/\/www.facebook.com\/vismktg\" \/>\n<meta property=\"article:author\" content=\"http:\/\/facebook.com\/ygourven\" \/>\n<meta property=\"article:published_time\" content=\"2012-03-14T09:15:37+00:00\" \/>\n<meta property=\"article:modified_time\" content=\"2023-10-16T06:21:13+00:00\" \/>\n<meta property=\"og:image\" content=\"https:\/\/visionarymarketing.com\/wp-content\/uploads\/2012\/03\/ilnesestrienpassc3a9-e1615713622434.jpg\" \/>\n\t<meta property=\"og:image:width\" content=\"519\" \/>\n\t<meta property=\"og:image:height\" content=\"340\" \/>\n\t<meta property=\"og:image:type\" content=\"image\/jpeg\" \/>\n<meta name=\"author\" content=\"Yann Gourvennec\" \/>\n<meta name=\"twitter:card\" content=\"summary_large_image\" \/>\n<meta name=\"twitter:creator\" content=\"@ygourven\" \/>\n<meta name=\"twitter:site\" content=\"@ygourven\" \/>\n<meta name=\"twitter:label1\" content=\"\u00c9crit par\" \/>\n\t<meta name=\"twitter:data1\" content=\"Yann Gourvennec\" \/>\n\t<meta name=\"twitter:label2\" content=\"Dur\u00e9e de lecture estim\u00e9e\" \/>\n\t<meta name=\"twitter:data2\" content=\"6 minutes\" \/>\n<script type=\"application\/ld+json\" class=\"yoast-schema-graph\">{\"@context\":\"https:\\\/\\\/schema.org\",\"@graph\":[{\"@type\":\"NewsArticle\",\"@id\":\"https:\\\/\\\/visionarymarketing.com\\\/fr\\\/2012\\\/03\\\/14\\\/loi-teletravail\\\/#article\",\"isPartOf\":{\"@id\":\"https:\\\/\\\/visionarymarketing.com\\\/fr\\\/2012\\\/03\\\/14\\\/loi-teletravail\\\/\"},\"author\":{\"name\":\"Yann Gourvennec\",\"@id\":\"https:\\\/\\\/visionarymarketing.com\\\/fr\\\/#\\\/schema\\\/person\\\/3754fee1e558f47b8deb46f53c37423e\"},\"headline\":\"Loi t\u00e9l\u00e9travail : une loi pour rien mais ce n&rsquo;est pas grave &#8230;\",\"datePublished\":\"2012-03-14T09:15:37+00:00\",\"dateModified\":\"2023-10-16T06:21:13+00:00\",\"mainEntityOfPage\":{\"@id\":\"https:\\\/\\\/visionarymarketing.com\\\/fr\\\/2012\\\/03\\\/14\\\/loi-teletravail\\\/\"},\"wordCount\":1149,\"commentCount\":0,\"image\":{\"@id\":\"https:\\\/\\\/visionarymarketing.com\\\/fr\\\/2012\\\/03\\\/14\\\/loi-teletravail\\\/#primaryimage\"},\"thumbnailUrl\":\"https:\\\/\\\/visionarymarketing.com\\\/wp-content\\\/uploads\\\/2012\\\/03\\\/ilnesestrienpassc3a9-e1615713622434.jpg\",\"articleSection\":[\"collaboration \\\/ t\u00e9l\u00e9travail\"],\"inLanguage\":\"fr-FR\",\"potentialAction\":[{\"@type\":\"CommentAction\",\"name\":\"Comment\",\"target\":[\"https:\\\/\\\/visionarymarketing.com\\\/fr\\\/2012\\\/03\\\/14\\\/loi-teletravail\\\/#respond\"]}]},{\"@type\":\"WebPage\",\"@id\":\"https:\\\/\\\/visionarymarketing.com\\\/fr\\\/2012\\\/03\\\/14\\\/loi-teletravail\\\/\",\"url\":\"https:\\\/\\\/visionarymarketing.com\\\/fr\\\/2012\\\/03\\\/14\\\/loi-teletravail\\\/\",\"name\":\"Loi t\u00e9l\u00e9travail : une loi pour rien mais ce n'est pas grave ...\",\"isPartOf\":{\"@id\":\"https:\\\/\\\/visionarymarketing.com\\\/fr\\\/#website\"},\"primaryImageOfPage\":{\"@id\":\"https:\\\/\\\/visionarymarketing.com\\\/fr\\\/2012\\\/03\\\/14\\\/loi-teletravail\\\/#primaryimage\"},\"image\":{\"@id\":\"https:\\\/\\\/visionarymarketing.com\\\/fr\\\/2012\\\/03\\\/14\\\/loi-teletravail\\\/#primaryimage\"},\"thumbnailUrl\":\"https:\\\/\\\/visionarymarketing.com\\\/wp-content\\\/uploads\\\/2012\\\/03\\\/ilnesestrienpassc3a9-e1615713622434.jpg\",\"datePublished\":\"2012-03-14T09:15:37+00:00\",\"dateModified\":\"2023-10-16T06:21:13+00:00\",\"author\":{\"@id\":\"https:\\\/\\\/visionarymarketing.com\\\/fr\\\/#\\\/schema\\\/person\\\/3754fee1e558f47b8deb46f53c37423e\"},\"description\":\"Une loi pour rien sur le t\u00e9l\u00e9travail mais ce n'est pas grave ... En France, quand on a un probl\u00e8me on fait une loi ! Une pratique singuli\u00e8re\",\"breadcrumb\":{\"@id\":\"https:\\\/\\\/visionarymarketing.com\\\/fr\\\/2012\\\/03\\\/14\\\/loi-teletravail\\\/#breadcrumb\"},\"inLanguage\":\"fr-FR\",\"potentialAction\":[{\"@type\":\"ReadAction\",\"target\":[\"https:\\\/\\\/visionarymarketing.com\\\/fr\\\/2012\\\/03\\\/14\\\/loi-teletravail\\\/\"]}]},{\"@type\":\"ImageObject\",\"inLanguage\":\"fr-FR\",\"@id\":\"https:\\\/\\\/visionarymarketing.com\\\/fr\\\/2012\\\/03\\\/14\\\/loi-teletravail\\\/#primaryimage\",\"url\":\"https:\\\/\\\/visionarymarketing.com\\\/wp-content\\\/uploads\\\/2012\\\/03\\\/ilnesestrienpassc3a9-e1615713622434.jpg\",\"contentUrl\":\"https:\\\/\\\/visionarymarketing.com\\\/wp-content\\\/uploads\\\/2012\\\/03\\\/ilnesestrienpassc3a9-e1615713622434.jpg\",\"width\":619,\"height\":441,\"caption\":\"il ne s'est rien pass\u00e9 !\"},{\"@type\":\"BreadcrumbList\",\"@id\":\"https:\\\/\\\/visionarymarketing.com\\\/fr\\\/2012\\\/03\\\/14\\\/loi-teletravail\\\/#breadcrumb\",\"itemListElement\":[{\"@type\":\"ListItem\",\"position\":1,\"name\":\"Home\",\"item\":\"https:\\\/\\\/visionarymarketing.com\\\/fr\\\/\"},{\"@type\":\"ListItem\",\"position\":2,\"name\":\"Loi t\u00e9l\u00e9travail : une loi pour rien mais ce n&rsquo;est pas grave &#8230;\"}]},{\"@type\":\"WebSite\",\"@id\":\"https:\\\/\\\/visionarymarketing.com\\\/fr\\\/#website\",\"url\":\"https:\\\/\\\/visionarymarketing.com\\\/fr\\\/\",\"name\":\"Marketing and Innovation\",\"description\":\"Site d&#039;infos ind\u00e9pendant, depuis 1996\",\"potentialAction\":[{\"@type\":\"SearchAction\",\"target\":{\"@type\":\"EntryPoint\",\"urlTemplate\":\"https:\\\/\\\/visionarymarketing.com\\\/fr\\\/?s={search_term_string}\"},\"query-input\":{\"@type\":\"PropertyValueSpecification\",\"valueRequired\":true,\"valueName\":\"search_term_string\"}}],\"inLanguage\":\"fr-FR\"},{\"@type\":\"Person\",\"@id\":\"https:\\\/\\\/visionarymarketing.com\\\/fr\\\/#\\\/schema\\\/person\\\/3754fee1e558f47b8deb46f53c37423e\",\"name\":\"Yann Gourvennec\",\"image\":{\"@type\":\"ImageObject\",\"inLanguage\":\"fr-FR\",\"@id\":\"https:\\\/\\\/secure.gravatar.com\\\/avatar\\\/5972001801e8de5692a3e31224e85769f50a55fb8b679749f9c8d1868cceff14?s=96&d=initials&r=g&initials=yg\",\"url\":\"https:\\\/\\\/secure.gravatar.com\\\/avatar\\\/5972001801e8de5692a3e31224e85769f50a55fb8b679749f9c8d1868cceff14?s=96&d=initials&r=g&initials=yg\",\"contentUrl\":\"https:\\\/\\\/secure.gravatar.com\\\/avatar\\\/5972001801e8de5692a3e31224e85769f50a55fb8b679749f9c8d1868cceff14?s=96&d=initials&r=g&initials=yg\",\"caption\":\"Yann Gourvennec\"},\"description\":\"Yann Gourvennec created visionarymarketing.com in 1996. He is a speaker and author of many books. In 2014 he went from intrapreneur to entrepreneur, when he created his digital marketing agency. Yann Gourvennec a cr\u00e9\u00e9 visionarymarketing.com en 1996. Il est conf\u00e9rencier et auteur de plusieurs livres. En 2014, il est pass\u00e9 d'intrapreneur \u00e0 entrepreneur en cr\u00e9ant son agence de marketing num\u00e9rique.\",\"sameAs\":[\"https:\\\/\\\/visionarymarketing.com\",\"http:\\\/\\\/facebook.com\\\/ygourven\",\"http:\\\/\\\/linkedin.com\\\/in\\\/ygourven\",\"https:\\\/\\\/x.com\\\/ygourven\",\"https:\\\/\\\/www.youtube.com\\\/c\\\/visionarymarketingagency\"],\"url\":\"https:\\\/\\\/visionarymarketing.com\\\/fr\\\/author\\\/yann-gourvennec\\\/\"}]}<\/script>\n<!-- \/ Yoast SEO plugin. -->","yoast_head_json":{"title":"Loi t\u00e9l\u00e9travail : une loi pour rien mais ce n'est pas grave ...","description":"Une loi pour rien sur le t\u00e9l\u00e9travail mais ce n'est pas grave ... En France, quand on a un probl\u00e8me on fait une loi ! Une pratique singuli\u00e8re","robots":{"index":"index","follow":"follow","max-snippet":"max-snippet:-1","max-image-preview":"max-image-preview:large","max-video-preview":"max-video-preview:-1"},"canonical":"https:\/\/visionarymarketing.com\/fr\/2012\/03\/14\/loi-teletravail\/","og_locale":"fr_FR","og_type":"article","og_title":"Loi t\u00e9l\u00e9travail : une loi pour rien mais ce n'est pas grave ...","og_description":"Une loi pour rien sur le t\u00e9l\u00e9travail mais ce n'est pas grave ... En France, quand on a un probl\u00e8me on fait une loi ! Une pratique singuli\u00e8re","og_url":"https:\/\/visionarymarketing.com\/fr\/2012\/03\/14\/loi-teletravail\/","og_site_name":"Marketing and Innovation","article_publisher":"https:\/\/www.facebook.com\/vismktg","article_author":"http:\/\/facebook.com\/ygourven","article_published_time":"2012-03-14T09:15:37+00:00","article_modified_time":"2023-10-16T06:21:13+00:00","og_image":[{"width":519,"height":340,"url":"https:\/\/visionarymarketing.com\/wp-content\/uploads\/2012\/03\/ilnesestrienpassc3a9-e1615713622434.jpg","type":"image\/jpeg"}],"author":"Yann Gourvennec","twitter_card":"summary_large_image","twitter_creator":"@ygourven","twitter_site":"@ygourven","twitter_misc":{"\u00c9crit par":"Yann Gourvennec","Dur\u00e9e de lecture estim\u00e9e":"6 minutes"},"schema":{"@context":"https:\/\/schema.org","@graph":[{"@type":"NewsArticle","@id":"https:\/\/visionarymarketing.com\/fr\/2012\/03\/14\/loi-teletravail\/#article","isPartOf":{"@id":"https:\/\/visionarymarketing.com\/fr\/2012\/03\/14\/loi-teletravail\/"},"author":{"name":"Yann Gourvennec","@id":"https:\/\/visionarymarketing.com\/fr\/#\/schema\/person\/3754fee1e558f47b8deb46f53c37423e"},"headline":"Loi t\u00e9l\u00e9travail : une loi pour rien mais ce n&rsquo;est pas grave &#8230;","datePublished":"2012-03-14T09:15:37+00:00","dateModified":"2023-10-16T06:21:13+00:00","mainEntityOfPage":{"@id":"https:\/\/visionarymarketing.com\/fr\/2012\/03\/14\/loi-teletravail\/"},"wordCount":1149,"commentCount":0,"image":{"@id":"https:\/\/visionarymarketing.com\/fr\/2012\/03\/14\/loi-teletravail\/#primaryimage"},"thumbnailUrl":"https:\/\/visionarymarketing.com\/wp-content\/uploads\/2012\/03\/ilnesestrienpassc3a9-e1615713622434.jpg","articleSection":["collaboration \/ t\u00e9l\u00e9travail"],"inLanguage":"fr-FR","potentialAction":[{"@type":"CommentAction","name":"Comment","target":["https:\/\/visionarymarketing.com\/fr\/2012\/03\/14\/loi-teletravail\/#respond"]}]},{"@type":"WebPage","@id":"https:\/\/visionarymarketing.com\/fr\/2012\/03\/14\/loi-teletravail\/","url":"https:\/\/visionarymarketing.com\/fr\/2012\/03\/14\/loi-teletravail\/","name":"Loi t\u00e9l\u00e9travail : une loi pour rien mais ce n'est pas grave ...","isPartOf":{"@id":"https:\/\/visionarymarketing.com\/fr\/#website"},"primaryImageOfPage":{"@id":"https:\/\/visionarymarketing.com\/fr\/2012\/03\/14\/loi-teletravail\/#primaryimage"},"image":{"@id":"https:\/\/visionarymarketing.com\/fr\/2012\/03\/14\/loi-teletravail\/#primaryimage"},"thumbnailUrl":"https:\/\/visionarymarketing.com\/wp-content\/uploads\/2012\/03\/ilnesestrienpassc3a9-e1615713622434.jpg","datePublished":"2012-03-14T09:15:37+00:00","dateModified":"2023-10-16T06:21:13+00:00","author":{"@id":"https:\/\/visionarymarketing.com\/fr\/#\/schema\/person\/3754fee1e558f47b8deb46f53c37423e"},"description":"Une loi pour rien sur le t\u00e9l\u00e9travail mais ce n'est pas grave ... En France, quand on a un probl\u00e8me on fait une loi ! Une pratique singuli\u00e8re","breadcrumb":{"@id":"https:\/\/visionarymarketing.com\/fr\/2012\/03\/14\/loi-teletravail\/#breadcrumb"},"inLanguage":"fr-FR","potentialAction":[{"@type":"ReadAction","target":["https:\/\/visionarymarketing.com\/fr\/2012\/03\/14\/loi-teletravail\/"]}]},{"@type":"ImageObject","inLanguage":"fr-FR","@id":"https:\/\/visionarymarketing.com\/fr\/2012\/03\/14\/loi-teletravail\/#primaryimage","url":"https:\/\/visionarymarketing.com\/wp-content\/uploads\/2012\/03\/ilnesestrienpassc3a9-e1615713622434.jpg","contentUrl":"https:\/\/visionarymarketing.com\/wp-content\/uploads\/2012\/03\/ilnesestrienpassc3a9-e1615713622434.jpg","width":619,"height":441,"caption":"il ne s'est rien pass\u00e9 !"},{"@type":"BreadcrumbList","@id":"https:\/\/visionarymarketing.com\/fr\/2012\/03\/14\/loi-teletravail\/#breadcrumb","itemListElement":[{"@type":"ListItem","position":1,"name":"Home","item":"https:\/\/visionarymarketing.com\/fr\/"},{"@type":"ListItem","position":2,"name":"Loi t\u00e9l\u00e9travail : une loi pour rien mais ce n&rsquo;est pas grave &#8230;"}]},{"@type":"WebSite","@id":"https:\/\/visionarymarketing.com\/fr\/#website","url":"https:\/\/visionarymarketing.com\/fr\/","name":"Marketing and Innovation","description":"Site d&#039;infos ind\u00e9pendant, depuis 1996","potentialAction":[{"@type":"SearchAction","target":{"@type":"EntryPoint","urlTemplate":"https:\/\/visionarymarketing.com\/fr\/?s={search_term_string}"},"query-input":{"@type":"PropertyValueSpecification","valueRequired":true,"valueName":"search_term_string"}}],"inLanguage":"fr-FR"},{"@type":"Person","@id":"https:\/\/visionarymarketing.com\/fr\/#\/schema\/person\/3754fee1e558f47b8deb46f53c37423e","name":"Yann Gourvennec","image":{"@type":"ImageObject","inLanguage":"fr-FR","@id":"https:\/\/secure.gravatar.com\/avatar\/5972001801e8de5692a3e31224e85769f50a55fb8b679749f9c8d1868cceff14?s=96&d=initials&r=g&initials=yg","url":"https:\/\/secure.gravatar.com\/avatar\/5972001801e8de5692a3e31224e85769f50a55fb8b679749f9c8d1868cceff14?s=96&d=initials&r=g&initials=yg","contentUrl":"https:\/\/secure.gravatar.com\/avatar\/5972001801e8de5692a3e31224e85769f50a55fb8b679749f9c8d1868cceff14?s=96&d=initials&r=g&initials=yg","caption":"Yann Gourvennec"},"description":"Yann Gourvennec created visionarymarketing.com in 1996. He is a speaker and author of many books. In 2014 he went from intrapreneur to entrepreneur, when he created his digital marketing agency. Yann Gourvennec a cr\u00e9\u00e9 visionarymarketing.com en 1996. Il est conf\u00e9rencier et auteur de plusieurs livres. En 2014, il est pass\u00e9 d'intrapreneur \u00e0 entrepreneur en cr\u00e9ant son agence de marketing num\u00e9rique.","sameAs":["https:\/\/visionarymarketing.com","http:\/\/facebook.com\/ygourven","http:\/\/linkedin.com\/in\/ygourven","https:\/\/x.com\/ygourven","https:\/\/www.youtube.com\/c\/visionarymarketingagency"],"url":"https:\/\/visionarymarketing.com\/fr\/author\/yann-gourvennec\/"}]}},"_links":{"self":[{"href":"https:\/\/visionarymarketing.com\/fr\/wp-json\/wp\/v2\/posts\/5975","targetHints":{"allow":["GET"]}}],"collection":[{"href":"https:\/\/visionarymarketing.com\/fr\/wp-json\/wp\/v2\/posts"}],"about":[{"href":"https:\/\/visionarymarketing.com\/fr\/wp-json\/wp\/v2\/types\/post"}],"author":[{"embeddable":true,"href":"https:\/\/visionarymarketing.com\/fr\/wp-json\/wp\/v2\/users\/2"}],"replies":[{"embeddable":true,"href":"https:\/\/visionarymarketing.com\/fr\/wp-json\/wp\/v2\/comments?post=5975"}],"version-history":[{"count":0,"href":"https:\/\/visionarymarketing.com\/fr\/wp-json\/wp\/v2\/posts\/5975\/revisions"}],"wp:featuredmedia":[{"embeddable":true,"href":"https:\/\/visionarymarketing.com\/fr\/wp-json\/wp\/v2\/media\/6013"}],"wp:attachment":[{"href":"https:\/\/visionarymarketing.com\/fr\/wp-json\/wp\/v2\/media?parent=5975"}],"wp:term":[{"taxonomy":"category","embeddable":true,"href":"https:\/\/visionarymarketing.com\/fr\/wp-json\/wp\/v2\/categories?post=5975"},{"taxonomy":"post_tag","embeddable":true,"href":"https:\/\/visionarymarketing.com\/fr\/wp-json\/wp\/v2\/tags?post=5975"}],"curies":[{"name":"wp","href":"https:\/\/api.w.org\/{rel}","templated":true}]}}