{"id":5956,"date":"2012-03-12T08:15:00","date_gmt":"2012-03-12T08:15:00","guid":{"rendered":"https:\/\/visionary.wordpress.com\/?p=5956"},"modified":"2023-12-27T07:53:57","modified_gmt":"2023-12-27T06:53:57","slug":"retour-sur-media-aces-du-06-mars","status":"publish","type":"post","link":"https:\/\/visionarymarketing.com\/fr\/2012\/03\/12\/retour-sur-media-aces-du-06-mars\/","title":{"rendered":"Retour sur Media Aces du 06 Mars"},"content":{"rendered":"<p><em><span style=\"color: #646b86;\">La <\/span><\/em><a href=\"https:\/\/web.archive.org\/web\/20120615210959\/http:\/\/media-aces.org:80\/conference-media-aces-le-6-mars-2012-esg-ecole-de-management\/\" target=\"_blank\" rel=\"noopener noreferrer\"><em><span style=\"color: #646b86;\">conf\u00e9rence Media Aces\u00a0 du 06 mars 2012<\/span><\/em><\/a><em><span style=\"color: #646b86;\"> fut de l\u2019avis de tous un r\u00e9ussite, sur la base des tr\u00e8s sympathiques encouragements que tous les membres du bureau ont re\u00e7u en direct et sur <\/span><\/em><a href=\"http:\/\/twitter.com\/mediaaces\" target=\"_blank\" rel=\"noopener noreferrer\"><em><span style=\"color: #646b86;\">Twitter<\/span><\/em><\/a><em><span style=\"color: #646b86;\">. Voici pour nos lecteurs l&rsquo;ensemble des contenus de la conf\u00e9rence en un seul post : vid\u00e9os, slides et photographies.<\/span><\/em><\/p>\n<p><span style=\"color: #000000;\"><strong>1. LES VIDEOS<\/strong><\/span><\/p>\n<p>Un grand merci \u00e0 <span class=\"removed_link\" title=\"http:\/\/www.fabienmacchietti.com\/\">Fabien Machietti<\/span> pour la captation. Vous pourrez acc\u00e9der au vid\u00e9os de l\u2019association sur la <a href=\"http:\/\/www.youtube.com\/MediaAces\/\" target=\"_blank\" rel=\"noopener noreferrer\">cha\u00eene Youtube<\/a>, et vous verrez la vid\u00e9o de l\u2019introduction ci-apr\u00e8s :<\/p>\n<div id=\"scid:5737277B-5D6D-4f48-ABFC-DD9C333F4C5D:481ee240-6ed8-48db-bdb5-56995770f14c\" class=\"wlWriterEditableSmartContent\" style=\"display: inline; float: none; margin: 0; padding: 0;\">\n<div>[youtube=http:\/\/www.youtube.com\/watch?v=CbQ8EVtFfGY&amp;w=448&amp;h=252&amp;hd=1]<\/div>\n<div style=\"width: 448px; clear: both; font-size: .8em;\">introduction de la conf\u00e9rence par Fadhila Brahimi<\/div>\n<\/div>\n<p><strong><span style=\"color: #000000;\">2. LES PRESENTATIONS<\/span><\/strong><\/p>\n<p><span style=\"color: #000000;\">Les slides des pr\u00e9sentations de la conf\u00e9rence sont disponibles sur le site de l\u2019association <a href=\"https:\/\/web.archive.org\/web\/20120311074844\/http:\/\/media-aces.org:80\/les-presentations-de-la-conference-sur-la-fin-des-medias-sociaux\/\" target=\"_blank\" rel=\"noopener noreferrer\">Media-Aces.org<\/a>.<\/span><\/p>\n<p>[slideshare id=11893408&amp;doc=slidestuderseauxsociauxv2-120306155652-<span style=\"color: #000000;\">phpapp02]<\/span><\/p>\n<p><strong><span style=\"color: #000000;\">3. LES PHOTOS <\/span><\/strong><\/p>\n<p><span style=\"color: #000000;\">C\u2019\u00e9tait le clou du spectacle, les <\/span><span class=\"removed_link\" title=\"http:\/\/oran.ge\/maaverty\"><span style=\"color: #000000;\">photos des participants \u00e0 la conf\u00e9rence<\/span><\/span><span style=\"color: #000000;\"> r\u00e9alis\u00e9es par <\/span><a href=\"https:\/\/web.archive.org\/web\/20230118023550\/http:\/\/christopheaverty.fr\/\" target=\"_blank\" rel=\"noopener noreferrer\"><span style=\"color: #000000;\">Christophe Averty<\/span><\/a><span style=\"color: #000000;\">, un superbe cadeau \u00e0 nos participants, pour lequel nous remercions Christophe bien chaleureusement. <\/span><\/p>\n<p><span style=\"color: #000000;\">Vous trouverez aussi les photos de la conf\u00e9rence prises par moi-m\u00eame sur <\/span><a href=\"https:\/\/get.google.com\/albumarchive\/pwa\/102426817116631370525\/Mediaaces06032012\" target=\"_blank\" rel=\"noopener noreferrer\"><span style=\"color: #000000;\">l\u2019espace Picasa de l\u2019association Media Aces<\/span><\/a><span style=\"color: #000000;\">.<\/span>\u00a0<span style=\"color: #000000;\">\u00a0\u00a0<\/span><\/p>\n<p><img decoding=\"async\" class=\"aligncenter size-full wp-image-62402\" src=\"https:\/\/visionarymarketing.com\/wp-content\/uploads\/2012\/03\/dsc-7533-1.jpg\" alt=\"\" width=\"720\" height=\"480\" srcset=\"https:\/\/visionarymarketing.com\/wp-content\/uploads\/2012\/03\/dsc-7533-1.jpg 720w, https:\/\/visionarymarketing.com\/wp-content\/uploads\/2012\/03\/dsc-7533-1-450x300.jpg 450w\" sizes=\"(max-width: 720px) 100vw, 720px\" \/><\/p>\n<p>&nbsp;<\/p>\n<p>Le <span class=\"removed_link\" title=\"http:\/\/wwww.christopheaverty.fr\">photographe professionnel Christophe Averty<\/span>, qui nous a tir\u00e9 le portrait \u00e0 Media Aces, sur son stand improvis\u00e9, un superbe moment de bonne humeur et un r\u00e9sultat (voir ci-dessous) tr\u00e8s r\u00e9ussi. Enfin, nous allons avoir des avatars corrects pour nos comptes m\u00e9dias sociaux !<\/p>\n<p><img decoding=\"async\" style=\"background-image: none; padding-left: 0; padding-right: 0; display: block; float: none; margin-left: auto; margin-right: auto; padding-top: 0; border: 0;\" title=\"image\" src=\"https:\/\/visionarymarketing.com\/wp-content\/uploads\/2012\/03\/image.png\" alt=\"image\" width=\"712\" height=\"770\" border=\"0\" \/><\/p>\n<p><em>Quelques un des superbes portraits de Christophe Averty, cliquez sur l\u2019image pour les afficher tous<\/em><\/p>\n","protected":false},"excerpt":{"rendered":"<p>La conf\u00e9rence Media Aces  du 06 mars 2012 fut de l\u2019avis de tous un r\u00e9ussite, sur la base des tr\u00e8s sympathiques encouragements que tous les membres du bureau ont re\u00e7u en direct et sur Twitter.<\/p>\n","protected":false},"author":2,"featured_media":34065,"comment_status":"open","ping_status":"open","sticky":false,"template":"","format":"standard","meta":{"footnotes":""},"categories":[248,25],"tags":[],"class_list":["post-5956","post","type-post","status-publish","format-standard","has-post-thumbnail","hentry","category-livres-marketing","category-medias-sociaux"],"yoast_head":"<!-- This site is optimized with the Yoast SEO plugin v27.5 - https:\/\/yoast.com\/product\/yoast-seo-wordpress\/ -->\n<title>Retour sur Media Aces du 06 Mars<\/title>\n<meta name=\"description\" content=\"La conf\u00e9rence Media Aces du 06 mars 2012 fut de l\u2019avis de tous un r\u00e9ussite, sur la base des tr\u00e8s sympathiques encouragements que tous les membres du bureau ont re\u00e7u en direct et sur Twitter.\" \/>\n<meta name=\"robots\" content=\"noindex, follow\" \/>\n<meta property=\"og:locale\" content=\"fr_FR\" \/>\n<meta property=\"og:type\" content=\"article\" \/>\n<meta property=\"og:title\" content=\"Retour sur Media Aces du 06 Mars\" \/>\n<meta property=\"og:description\" content=\"La conf\u00e9rence Media Aces du 06 mars 2012 fut de l\u2019avis de tous un r\u00e9ussite, sur la base des tr\u00e8s sympathiques encouragements que tous les membres du bureau ont re\u00e7u en direct et sur Twitter.\" \/>\n<meta property=\"og:url\" content=\"https:\/\/visionarymarketing.com\/fr\/2012\/03\/12\/retour-sur-media-aces-du-06-mars\/\" \/>\n<meta property=\"og:site_name\" content=\"Marketing and Innovation\" \/>\n<meta property=\"article:publisher\" content=\"https:\/\/www.facebook.com\/vismktg\" \/>\n<meta property=\"article:author\" content=\"http:\/\/facebook.com\/ygourven\" \/>\n<meta property=\"article:published_time\" content=\"2012-03-12T08:15:00+00:00\" \/>\n<meta property=\"article:modified_time\" content=\"2023-12-27T06:53:57+00:00\" \/>\n<meta property=\"og:image\" content=\"https:\/\/visionarymarketing.com\/wp-content\/uploads\/2019\/11\/47991153671_3335ccd665_c.jpg\" \/>\n\t<meta property=\"og:image:width\" content=\"644\" \/>\n\t<meta property=\"og:image:height\" content=\"430\" \/>\n\t<meta property=\"og:image:type\" content=\"image\/jpeg\" \/>\n<meta name=\"author\" content=\"Yann Gourvennec\" \/>\n<meta name=\"twitter:card\" content=\"summary_large_image\" \/>\n<meta name=\"twitter:creator\" content=\"@ygourven\" \/>\n<meta name=\"twitter:site\" content=\"@ygourven\" \/>\n<meta name=\"twitter:label1\" content=\"\u00c9crit par\" \/>\n\t<meta name=\"twitter:data1\" content=\"Yann Gourvennec\" \/>\n\t<meta name=\"twitter:label2\" content=\"Dur\u00e9e de lecture estim\u00e9e\" \/>\n\t<meta name=\"twitter:data2\" content=\"2 minutes\" \/>\n<script type=\"application\/ld+json\" class=\"yoast-schema-graph\">{\"@context\":\"https:\\\/\\\/schema.org\",\"@graph\":[{\"@type\":\"NewsArticle\",\"@id\":\"https:\\\/\\\/visionarymarketing.com\\\/fr\\\/2012\\\/03\\\/12\\\/retour-sur-media-aces-du-06-mars\\\/#article\",\"isPartOf\":{\"@id\":\"https:\\\/\\\/visionarymarketing.com\\\/fr\\\/2012\\\/03\\\/12\\\/retour-sur-media-aces-du-06-mars\\\/\"},\"author\":{\"name\":\"Yann Gourvennec\",\"@id\":\"https:\\\/\\\/visionarymarketing.com\\\/fr\\\/#\\\/schema\\\/person\\\/3754fee1e558f47b8deb46f53c37423e\"},\"headline\":\"Retour sur Media Aces du 06 Mars\",\"datePublished\":\"2012-03-12T08:15:00+00:00\",\"dateModified\":\"2023-12-27T06:53:57+00:00\",\"mainEntityOfPage\":{\"@id\":\"https:\\\/\\\/visionarymarketing.com\\\/fr\\\/2012\\\/03\\\/12\\\/retour-sur-media-aces-du-06-mars\\\/\"},\"wordCount\":270,\"commentCount\":0,\"image\":{\"@id\":\"https:\\\/\\\/visionarymarketing.com\\\/fr\\\/2012\\\/03\\\/12\\\/retour-sur-media-aces-du-06-mars\\\/#primaryimage\"},\"thumbnailUrl\":\"https:\\\/\\\/visionarymarketing.com\\\/wp-content\\\/uploads\\\/2019\\\/11\\\/47991153671_3335ccd665_c.jpg\",\"articleSection\":[\"livres marketing\",\"m\u00e9dias \\\/ r\u00e9seaux sociaux\"],\"inLanguage\":\"fr-FR\",\"potentialAction\":[{\"@type\":\"CommentAction\",\"name\":\"Comment\",\"target\":[\"https:\\\/\\\/visionarymarketing.com\\\/fr\\\/2012\\\/03\\\/12\\\/retour-sur-media-aces-du-06-mars\\\/#respond\"]}]},{\"@type\":\"WebPage\",\"@id\":\"https:\\\/\\\/visionarymarketing.com\\\/fr\\\/2012\\\/03\\\/12\\\/retour-sur-media-aces-du-06-mars\\\/\",\"url\":\"https:\\\/\\\/visionarymarketing.com\\\/fr\\\/2012\\\/03\\\/12\\\/retour-sur-media-aces-du-06-mars\\\/\",\"name\":\"Retour sur Media Aces du 06 Mars\",\"isPartOf\":{\"@id\":\"https:\\\/\\\/visionarymarketing.com\\\/fr\\\/#website\"},\"primaryImageOfPage\":{\"@id\":\"https:\\\/\\\/visionarymarketing.com\\\/fr\\\/2012\\\/03\\\/12\\\/retour-sur-media-aces-du-06-mars\\\/#primaryimage\"},\"image\":{\"@id\":\"https:\\\/\\\/visionarymarketing.com\\\/fr\\\/2012\\\/03\\\/12\\\/retour-sur-media-aces-du-06-mars\\\/#primaryimage\"},\"thumbnailUrl\":\"https:\\\/\\\/visionarymarketing.com\\\/wp-content\\\/uploads\\\/2019\\\/11\\\/47991153671_3335ccd665_c.jpg\",\"datePublished\":\"2012-03-12T08:15:00+00:00\",\"dateModified\":\"2023-12-27T06:53:57+00:00\",\"author\":{\"@id\":\"https:\\\/\\\/visionarymarketing.com\\\/fr\\\/#\\\/schema\\\/person\\\/3754fee1e558f47b8deb46f53c37423e\"},\"description\":\"La conf\u00e9rence Media Aces du 06 mars 2012 fut de l\u2019avis de tous un r\u00e9ussite, sur la base des tr\u00e8s sympathiques encouragements que tous les membres du bureau ont re\u00e7u en direct et sur Twitter.\",\"breadcrumb\":{\"@id\":\"https:\\\/\\\/visionarymarketing.com\\\/fr\\\/2012\\\/03\\\/12\\\/retour-sur-media-aces-du-06-mars\\\/#breadcrumb\"},\"inLanguage\":\"fr-FR\",\"potentialAction\":[{\"@type\":\"ReadAction\",\"target\":[\"https:\\\/\\\/visionarymarketing.com\\\/fr\\\/2012\\\/03\\\/12\\\/retour-sur-media-aces-du-06-mars\\\/\"]}]},{\"@type\":\"ImageObject\",\"inLanguage\":\"fr-FR\",\"@id\":\"https:\\\/\\\/visionarymarketing.com\\\/fr\\\/2012\\\/03\\\/12\\\/retour-sur-media-aces-du-06-mars\\\/#primaryimage\",\"url\":\"https:\\\/\\\/visionarymarketing.com\\\/wp-content\\\/uploads\\\/2019\\\/11\\\/47991153671_3335ccd665_c.jpg\",\"contentUrl\":\"https:\\\/\\\/visionarymarketing.com\\\/wp-content\\\/uploads\\\/2019\\\/11\\\/47991153671_3335ccd665_c.jpg\",\"width\":644,\"height\":430,\"caption\":\"Juin 2019\"},{\"@type\":\"BreadcrumbList\",\"@id\":\"https:\\\/\\\/visionarymarketing.com\\\/fr\\\/2012\\\/03\\\/12\\\/retour-sur-media-aces-du-06-mars\\\/#breadcrumb\",\"itemListElement\":[{\"@type\":\"ListItem\",\"position\":1,\"name\":\"Home\",\"item\":\"https:\\\/\\\/visionarymarketing.com\\\/fr\\\/\"},{\"@type\":\"ListItem\",\"position\":2,\"name\":\"Retour sur Media Aces du 06 Mars\"}]},{\"@type\":\"WebSite\",\"@id\":\"https:\\\/\\\/visionarymarketing.com\\\/fr\\\/#website\",\"url\":\"https:\\\/\\\/visionarymarketing.com\\\/fr\\\/\",\"name\":\"Marketing and Innovation\",\"description\":\"Site d&#039;infos ind\u00e9pendant, depuis 1996\",\"potentialAction\":[{\"@type\":\"SearchAction\",\"target\":{\"@type\":\"EntryPoint\",\"urlTemplate\":\"https:\\\/\\\/visionarymarketing.com\\\/fr\\\/?s={search_term_string}\"},\"query-input\":{\"@type\":\"PropertyValueSpecification\",\"valueRequired\":true,\"valueName\":\"search_term_string\"}}],\"inLanguage\":\"fr-FR\"},{\"@type\":\"Person\",\"@id\":\"https:\\\/\\\/visionarymarketing.com\\\/fr\\\/#\\\/schema\\\/person\\\/3754fee1e558f47b8deb46f53c37423e\",\"name\":\"Yann Gourvennec\",\"image\":{\"@type\":\"ImageObject\",\"inLanguage\":\"fr-FR\",\"@id\":\"https:\\\/\\\/secure.gravatar.com\\\/avatar\\\/5972001801e8de5692a3e31224e85769f50a55fb8b679749f9c8d1868cceff14?s=96&d=initials&r=g&initials=yg\",\"url\":\"https:\\\/\\\/secure.gravatar.com\\\/avatar\\\/5972001801e8de5692a3e31224e85769f50a55fb8b679749f9c8d1868cceff14?s=96&d=initials&r=g&initials=yg\",\"contentUrl\":\"https:\\\/\\\/secure.gravatar.com\\\/avatar\\\/5972001801e8de5692a3e31224e85769f50a55fb8b679749f9c8d1868cceff14?s=96&d=initials&r=g&initials=yg\",\"caption\":\"Yann Gourvennec\"},\"description\":\"Yann Gourvennec created visionarymarketing.com in 1996. He is a speaker and author of many books. In 2014 he went from intrapreneur to entrepreneur, when he created his digital marketing agency. Yann Gourvennec a cr\u00e9\u00e9 visionarymarketing.com en 1996. Il est conf\u00e9rencier et auteur de plusieurs livres. En 2014, il est pass\u00e9 d'intrapreneur \u00e0 entrepreneur en cr\u00e9ant son agence de marketing num\u00e9rique.\",\"sameAs\":[\"https:\\\/\\\/visionarymarketing.com\",\"http:\\\/\\\/facebook.com\\\/ygourven\",\"http:\\\/\\\/linkedin.com\\\/in\\\/ygourven\",\"https:\\\/\\\/x.com\\\/ygourven\",\"https:\\\/\\\/www.youtube.com\\\/c\\\/visionarymarketingagency\"],\"url\":\"https:\\\/\\\/visionarymarketing.com\\\/fr\\\/author\\\/yann-gourvennec\\\/\"}]}<\/script>\n<!-- \/ Yoast SEO plugin. -->","yoast_head_json":{"title":"Retour sur Media Aces du 06 Mars","description":"La conf\u00e9rence Media Aces du 06 mars 2012 fut de l\u2019avis de tous un r\u00e9ussite, sur la base des tr\u00e8s sympathiques encouragements que tous les membres du bureau ont re\u00e7u en direct et sur Twitter.","robots":{"index":"noindex","follow":"follow"},"og_locale":"fr_FR","og_type":"article","og_title":"Retour sur Media Aces du 06 Mars","og_description":"La conf\u00e9rence Media Aces du 06 mars 2012 fut de l\u2019avis de tous un r\u00e9ussite, sur la base des tr\u00e8s sympathiques encouragements que tous les membres du bureau ont re\u00e7u en direct et sur Twitter.","og_url":"https:\/\/visionarymarketing.com\/fr\/2012\/03\/12\/retour-sur-media-aces-du-06-mars\/","og_site_name":"Marketing and Innovation","article_publisher":"https:\/\/www.facebook.com\/vismktg","article_author":"http:\/\/facebook.com\/ygourven","article_published_time":"2012-03-12T08:15:00+00:00","article_modified_time":"2023-12-27T06:53:57+00:00","og_image":[{"width":644,"height":430,"url":"https:\/\/visionarymarketing.com\/wp-content\/uploads\/2019\/11\/47991153671_3335ccd665_c.jpg","type":"image\/jpeg"}],"author":"Yann Gourvennec","twitter_card":"summary_large_image","twitter_creator":"@ygourven","twitter_site":"@ygourven","twitter_misc":{"\u00c9crit par":"Yann Gourvennec","Dur\u00e9e de lecture estim\u00e9e":"2 minutes"},"schema":{"@context":"https:\/\/schema.org","@graph":[{"@type":"NewsArticle","@id":"https:\/\/visionarymarketing.com\/fr\/2012\/03\/12\/retour-sur-media-aces-du-06-mars\/#article","isPartOf":{"@id":"https:\/\/visionarymarketing.com\/fr\/2012\/03\/12\/retour-sur-media-aces-du-06-mars\/"},"author":{"name":"Yann Gourvennec","@id":"https:\/\/visionarymarketing.com\/fr\/#\/schema\/person\/3754fee1e558f47b8deb46f53c37423e"},"headline":"Retour sur Media Aces du 06 Mars","datePublished":"2012-03-12T08:15:00+00:00","dateModified":"2023-12-27T06:53:57+00:00","mainEntityOfPage":{"@id":"https:\/\/visionarymarketing.com\/fr\/2012\/03\/12\/retour-sur-media-aces-du-06-mars\/"},"wordCount":270,"commentCount":0,"image":{"@id":"https:\/\/visionarymarketing.com\/fr\/2012\/03\/12\/retour-sur-media-aces-du-06-mars\/#primaryimage"},"thumbnailUrl":"https:\/\/visionarymarketing.com\/wp-content\/uploads\/2019\/11\/47991153671_3335ccd665_c.jpg","articleSection":["livres marketing","m\u00e9dias \/ r\u00e9seaux sociaux"],"inLanguage":"fr-FR","potentialAction":[{"@type":"CommentAction","name":"Comment","target":["https:\/\/visionarymarketing.com\/fr\/2012\/03\/12\/retour-sur-media-aces-du-06-mars\/#respond"]}]},{"@type":"WebPage","@id":"https:\/\/visionarymarketing.com\/fr\/2012\/03\/12\/retour-sur-media-aces-du-06-mars\/","url":"https:\/\/visionarymarketing.com\/fr\/2012\/03\/12\/retour-sur-media-aces-du-06-mars\/","name":"Retour sur Media Aces du 06 Mars","isPartOf":{"@id":"https:\/\/visionarymarketing.com\/fr\/#website"},"primaryImageOfPage":{"@id":"https:\/\/visionarymarketing.com\/fr\/2012\/03\/12\/retour-sur-media-aces-du-06-mars\/#primaryimage"},"image":{"@id":"https:\/\/visionarymarketing.com\/fr\/2012\/03\/12\/retour-sur-media-aces-du-06-mars\/#primaryimage"},"thumbnailUrl":"https:\/\/visionarymarketing.com\/wp-content\/uploads\/2019\/11\/47991153671_3335ccd665_c.jpg","datePublished":"2012-03-12T08:15:00+00:00","dateModified":"2023-12-27T06:53:57+00:00","author":{"@id":"https:\/\/visionarymarketing.com\/fr\/#\/schema\/person\/3754fee1e558f47b8deb46f53c37423e"},"description":"La conf\u00e9rence Media Aces du 06 mars 2012 fut de l\u2019avis de tous un r\u00e9ussite, sur la base des tr\u00e8s sympathiques encouragements que tous les membres du bureau ont re\u00e7u en direct et sur Twitter.","breadcrumb":{"@id":"https:\/\/visionarymarketing.com\/fr\/2012\/03\/12\/retour-sur-media-aces-du-06-mars\/#breadcrumb"},"inLanguage":"fr-FR","potentialAction":[{"@type":"ReadAction","target":["https:\/\/visionarymarketing.com\/fr\/2012\/03\/12\/retour-sur-media-aces-du-06-mars\/"]}]},{"@type":"ImageObject","inLanguage":"fr-FR","@id":"https:\/\/visionarymarketing.com\/fr\/2012\/03\/12\/retour-sur-media-aces-du-06-mars\/#primaryimage","url":"https:\/\/visionarymarketing.com\/wp-content\/uploads\/2019\/11\/47991153671_3335ccd665_c.jpg","contentUrl":"https:\/\/visionarymarketing.com\/wp-content\/uploads\/2019\/11\/47991153671_3335ccd665_c.jpg","width":644,"height":430,"caption":"Juin 2019"},{"@type":"BreadcrumbList","@id":"https:\/\/visionarymarketing.com\/fr\/2012\/03\/12\/retour-sur-media-aces-du-06-mars\/#breadcrumb","itemListElement":[{"@type":"ListItem","position":1,"name":"Home","item":"https:\/\/visionarymarketing.com\/fr\/"},{"@type":"ListItem","position":2,"name":"Retour sur Media Aces du 06 Mars"}]},{"@type":"WebSite","@id":"https:\/\/visionarymarketing.com\/fr\/#website","url":"https:\/\/visionarymarketing.com\/fr\/","name":"Marketing and Innovation","description":"Site d&#039;infos ind\u00e9pendant, depuis 1996","potentialAction":[{"@type":"SearchAction","target":{"@type":"EntryPoint","urlTemplate":"https:\/\/visionarymarketing.com\/fr\/?s={search_term_string}"},"query-input":{"@type":"PropertyValueSpecification","valueRequired":true,"valueName":"search_term_string"}}],"inLanguage":"fr-FR"},{"@type":"Person","@id":"https:\/\/visionarymarketing.com\/fr\/#\/schema\/person\/3754fee1e558f47b8deb46f53c37423e","name":"Yann Gourvennec","image":{"@type":"ImageObject","inLanguage":"fr-FR","@id":"https:\/\/secure.gravatar.com\/avatar\/5972001801e8de5692a3e31224e85769f50a55fb8b679749f9c8d1868cceff14?s=96&d=initials&r=g&initials=yg","url":"https:\/\/secure.gravatar.com\/avatar\/5972001801e8de5692a3e31224e85769f50a55fb8b679749f9c8d1868cceff14?s=96&d=initials&r=g&initials=yg","contentUrl":"https:\/\/secure.gravatar.com\/avatar\/5972001801e8de5692a3e31224e85769f50a55fb8b679749f9c8d1868cceff14?s=96&d=initials&r=g&initials=yg","caption":"Yann Gourvennec"},"description":"Yann Gourvennec created visionarymarketing.com in 1996. He is a speaker and author of many books. In 2014 he went from intrapreneur to entrepreneur, when he created his digital marketing agency. Yann Gourvennec a cr\u00e9\u00e9 visionarymarketing.com en 1996. Il est conf\u00e9rencier et auteur de plusieurs livres. En 2014, il est pass\u00e9 d'intrapreneur \u00e0 entrepreneur en cr\u00e9ant son agence de marketing num\u00e9rique.","sameAs":["https:\/\/visionarymarketing.com","http:\/\/facebook.com\/ygourven","http:\/\/linkedin.com\/in\/ygourven","https:\/\/x.com\/ygourven","https:\/\/www.youtube.com\/c\/visionarymarketingagency"],"url":"https:\/\/visionarymarketing.com\/fr\/author\/yann-gourvennec\/"}]}},"_links":{"self":[{"href":"https:\/\/visionarymarketing.com\/fr\/wp-json\/wp\/v2\/posts\/5956","targetHints":{"allow":["GET"]}}],"collection":[{"href":"https:\/\/visionarymarketing.com\/fr\/wp-json\/wp\/v2\/posts"}],"about":[{"href":"https:\/\/visionarymarketing.com\/fr\/wp-json\/wp\/v2\/types\/post"}],"author":[{"embeddable":true,"href":"https:\/\/visionarymarketing.com\/fr\/wp-json\/wp\/v2\/users\/2"}],"replies":[{"embeddable":true,"href":"https:\/\/visionarymarketing.com\/fr\/wp-json\/wp\/v2\/comments?post=5956"}],"version-history":[{"count":0,"href":"https:\/\/visionarymarketing.com\/fr\/wp-json\/wp\/v2\/posts\/5956\/revisions"}],"wp:featuredmedia":[{"embeddable":true,"href":"https:\/\/visionarymarketing.com\/fr\/wp-json\/wp\/v2\/media\/34065"}],"wp:attachment":[{"href":"https:\/\/visionarymarketing.com\/fr\/wp-json\/wp\/v2\/media?parent=5956"}],"wp:term":[{"taxonomy":"category","embeddable":true,"href":"https:\/\/visionarymarketing.com\/fr\/wp-json\/wp\/v2\/categories?post=5956"},{"taxonomy":"post_tag","embeddable":true,"href":"https:\/\/visionarymarketing.com\/fr\/wp-json\/wp\/v2\/tags?post=5956"}],"curies":[{"name":"wp","href":"https:\/\/api.w.org\/{rel}","templated":true}]}}