{"id":5906,"date":"2012-02-23T08:30:31","date_gmt":"2012-02-23T07:30:31","guid":{"rendered":"http:\/\/visionary.wordpress.com\/?p=5906"},"modified":"2022-06-08T19:39:17","modified_gmt":"2022-06-08T17:39:17","slug":"medias-sociaux-start-ups","status":"publish","type":"post","link":"https:\/\/visionarymarketing.com\/fr\/2012\/02\/23\/medias-sociaux-start-ups\/","title":{"rendered":"Les m\u00e9dias sociaux, \u00e7a marche aussi pour les start-ups ?"},"content":{"rendered":"<p style=\"margin: 1em 0; padding: 0;\"><span style=\"color: #000000;\">Les m\u00e9dias sociaux sont-ils utiles aux start-ups ? A chaque fois que j&rsquo;entends cette question, je tombe un peu de ma chaise. Voici le<\/span><span style=\"color: #000000;\">\u00a0compte-rendu de <a href=\"https:\/\/viadeo.journaldunet.com\/\" target=\"_blank\" rel=\"noopener noreferrer\">la table ronde organis\u00e9e par Viadeo<\/a>, \u00e0 laquelle j\u2019ai particip\u00e9 le <\/span><span style=\"color: #000000;\">16 F\u00e9vrier, <span class=\"removed_link\" title=\"http:\/\/www.palaisbrongniart.com\/news-le-camping.php\">au Camping (l\u2019incubateur de Silicon Sentier)<\/span>, avec un panel d\u2019experts d\u2019horizons divers sur un sujet moins anodin qu\u2019il n\u2019y para\u00eet : les m\u00e9dias sociaux pour booster sa start up ! <\/span><\/p>\n<h2>Les m\u00e9dias sociaux, \u00e7a marche aussi pour les start ups?<\/h2>\n<figure id=\"attachment_62090\" aria-describedby=\"caption-attachment-62090\" style=\"width: 520px\" class=\"wp-caption aligncenter\"><img decoding=\"async\" class=\"wp-image-62090 size-full\" src=\"https:\/\/visionarymarketing.com\/wp-content\/uploads\/2012\/02\/jumpstory-download20210308-080137.jpg\" alt=\"Les m\u00e9dias sociaux, \u00e7a marche aussi pour les start ups?\" width=\"520\" height=\"340\" srcset=\"https:\/\/visionarymarketing.com\/wp-content\/uploads\/2012\/02\/jumpstory-download20210308-080137.jpg 520w, https:\/\/visionarymarketing.com\/wp-content\/uploads\/2012\/02\/jumpstory-download20210308-080137-459x300.jpg 459w\" sizes=\"(max-width: 520px) 100vw, 520px\" \/><figcaption id=\"caption-attachment-62090\" class=\"wp-caption-text\">Les m\u00e9dias sociaux, \u00e7a marche aussi pour les start ups?<\/figcaption><\/figure>\n<p style=\"margin: 1em 0; padding: 0;\"><span style=\"color: #000000;\">A premi\u00e8re vue, on pourrait croire que la question se passe de commentaires. Il para\u00eet tellement \u00e9vident pour ces jeunes pousses des high tech de faire son lobbying sur les m\u00e9dias sociaux qu\u2019on pourrait croire la question compl\u00e8tement idiote. <\/span><\/p>\n<p style=\"margin: 1em 0; padding: 0;\"><span style=\"color: #000000;\">Et il n\u2019en est rien ! Les m\u00eames questions, les m\u00eames interrogations (\u201cfaut-il \u00eatre sur Twitter ou sur LinkedIn ?\u201d, les m\u00eames fausses barbes (\u201cje n\u2019ai pas le temps\u201d) que celles qu\u2019on entend dans les grands groupes, voire encore pire \u2026 Beaucoup d\u2019inhibition et aussi une faible compr\u00e9hension du networking, pourtant une valeur essentielle pour un entrepreneur (que ce soit un intrapreneur comme moi ou un entrepreneur comme notre public du 16 f\u00e9vrier au palais Brongiart). Mais en fait, la question n\u2019est pas de savoir s\u2019il faut \u00eatre sur LinkedIn, mais si LinkedIn, ou mon blog, ou mon profil slideshare etc. va me permettre de d\u00e9velopper mon business.<\/span><\/p>\n<p style=\"margin: 1em 0; padding: 0;\"><span style=\"color: #000000;\"> Comme je le disais \u00e0 mes blogueurs d\u2019Orange Business Services, \u201cvous n\u2019\u00eates pas des blogueurs, vous \u00eates des professionnels qui bloguent\u201d \u2026 nuance. Vu sous cet angle, toute activit\u00e9 sur les m\u00e9dias sociaux qui soutient le business vaut qu\u2019on y consacre du temps, c\u2019est de la prospection. Tout le reste \u2013 et notamment le cyberbabillage sur Facebook \u2013 m\u00e9rite d\u2019\u00eatre optimis\u00e9 ou minimis\u00e9. Entrepreneurs : \u00e0 vos souris ! \u2026<\/span><\/p>\n<h3>Boostez votre start-up avec les r\u00e9seaux sociaux \u00bb | Viadeo Blog<\/h3>\n<p>Le 16 f\u00e9vrier, \u00e0 l\u2019occasion de la <a href=\"https:\/\/web.archive.org\/web\/20130401111001\/http:\/\/blog.viadeo.com\/fr\/2012\/02\/01\/viadeo-social-media-week-paris-2012\/\" target=\"_blank\" rel=\"noopener noreferrer\">Social Media Week<\/a>, Le Camping a accueilli des pan\u00e9listes de diff\u00e9rents horizons pour une conf\u00e9rence co-organis\u00e9e par Viadeo sur le th\u00e8me\u00ab <span title=\"http:\/\/new.livestream.com\/smwparis\/supercharging\">Supercharging Your Start-up<\/span> \u2013 comment les m\u00e9dias sociaux peuvent contribuer au d\u00e9veloppement d\u2019une start-up ? \u00bb<\/p>\n<p>Rassembl\u00e9s autour d\u2019un mod\u00e9rateur, <span title=\"http:\/\/hackfwd.com\/people#david-bizer\">David Bizer<\/span> (Chief Talent Geek, <span title=\"http:\/\/hackfwd.com\/\">Hackfwd<\/span>) 6 pan\u00e9listes, 6 profils bien diff\u00e9rents ont \u00e9t\u00e9 invit\u00e9s \u00e0 s\u2019exprimer : Nicholas Vieuxloup (Directeur du d\u00e9veloppement sur les pays \u00e9mergents, <a href=\"https:\/\/viadeo.journaldunet.com\/\" target=\"_blank\" rel=\"noopener noreferrer\">Viadeo<\/a>), Yann Gourvennec (Social Media Director, <a href=\"http:\/\/www.orange.com\" target=\"_blank\" rel=\"noopener noreferrer\">Orange<\/a>), <a href=\"https:\/\/twitter.com\/#!\/f_halley\" target=\"_blank\" rel=\"noopener noreferrer\">Fr\u00e9d\u00e9ric Halley<\/a> (Venture Partner, News Corp Capital), <a href=\"https:\/\/twitter.com\/#!\/michmski\" target=\"_blank\" rel=\"noopener noreferrer\">Michelle Chmielewski<\/a>(Community Manager, <span title=\"https:\/\/www.uber.com\/cities\/paris#cities\">Uber Paris<\/span>), <span title=\"http:\/\/fr.viadeo.com\/profile\/00215mworvhu2idy\">Elise Nebout<\/span>(Community Manager, <a href=\"http:\/\/www.lecamping.org\/\" target=\"_blank\" rel=\"noopener noreferrer\">Le Camping<\/a>)\u00a0 et <span title=\"http:\/\/fr.viadeo.com\/profile\/002246xh6mc8odds\">Nicolas Woirhaye<\/span> (Fondateur, <a href=\"https:\/\/web.archive.org\/web\/20200617203415\/https:\/\/www.iko-system.com\/fr\/\" target=\"_blank\" rel=\"noopener noreferrer\">IKO System<\/a>)<\/p>\n<blockquote class=\"quote-light\"><p>\n  &gt; L\u2019utilisation des m\u00e9dias sociaux : \u00ab relations publiques low cost \u00bb ou \u00ab outil marketing \u00e0 fort investissement \u00bb ?\n<\/p><\/blockquote>\n<p>Prendre du temps et construire du contenu \u2013 Michelle Chmielewski prend en consid\u00e9ration les deux\u00a0 : \u00ab la construction d\u2019une communaut\u00e9 prend du temps, il faut rentrer en contact avec les gens, construire une relation, comme dans la vraie vie. Ce n\u2019est qu\u2019une fois que l\u2019on a fait quelque chose pour eux qu\u2019ils feront quelque chose pour nous \u00bb.<\/p>\n<p>L\u2019\u00e9change est donc primordial sur les r\u00e9seaux mais comme le souligne Fr\u00e9d\u00e9ric Halley, \u00ab il faut aussi construire du contenu pour communiquer \u00e0 son audience les sujets sur lesquels on veut la faire r\u00e9agir \u00bb. Sans contenu solide \u00e0 sa disposition, peu de chance de retenir l\u2019attention des r\u00e9seaux tr\u00e8s longtemps, surtout lorsqu\u2019on se lance ! Les m\u00e9dias sociaux font partie des relations publiques et Yann Gourvennec ajoute que \u00ab les agences RP qui n\u2019ont pas pris le virage des m\u00e9dias sociaux ne dureront pas \u00bb.<\/p>\n<p><em><strong>Multiplier les canaux et les entretenir<\/strong><\/em> \u2013 Fr\u00e9d\u00e9ric conseille d\u2019embl\u00e9e aux jeunes entrepreneurs de se positionner sur le maximum de canaux afin d\u2019acqu\u00e9rir de la visibilit\u00e9 \u00ab\u00a0<em>Facebook, twitter, les blogs, les r\u00e9seaux sociaux professionnels (Viadeo, Linkedin) sont incontournables. Cela prend du temps, de la r\u00e9flexion et de l\u2019argent, en fonction du niveau de croissance de l\u2019entreprise bien s\u00fbr<\/em>\u00a0\u00bb. Il est possible d\u2019\u00eatre actif sans d\u00e9penser des fortunes. \u00ab\u00a0 <em>Il faut \u00eatre malin en terme de contenu, seul moyen de diff\u00e9renciation pur\u00a0<\/em>\u00bb. Une grande majorit\u00e9 des entreprises sont pr\u00e9sentes sur ces canaux, mais les degr\u00e9s d\u2019investissement sont marqu\u00e9s. <strong>Des comptes vides de contenu ne servent \u00e0 rien et d\u00e9montrent m\u00eame votre inactivit\u00e9\u00a0!<\/strong><\/p>\n<p><img decoding=\"async\" class=\"alignleft\" src=\"https:\/\/web.archive.org\/web\/20130525154907im_\/http:\/\/blog.viadeo.com\/fr\/files\/2012\/02\/smw3.jpg\" alt=\"\" width=\"335\" height=\"185\" \/><strong>Time is money\u00a0! <\/strong>&#8211;\u00a0La quantit\u00e9 de temps pass\u00e9 sur les r\u00e9seaux sociaux pour interagir avec son audience \u00ab\u00a0<em>\u00e0 un co\u00fbt car c\u2019est du temps qui n\u2019est pas consacr\u00e9 \u00e0 autre chose\u00a0<\/em>\u00bb confie Nicholas Vieuxloup.<\/p>\n<p><strong>Solliciter sa communaut\u00e9<\/strong> \u2013 Selon Nicolas Woirhaye, <strong>tenir un blog est le meilleur moyen d\u2019atteindre sa cible<\/strong> : \u00ab\u00a0<em>il permet de <strong>guider l\u2019audience vers le contenu<\/strong> pour l\u2019inciter \u00e0 le partager ensuite sur les r\u00e9seaux sociaux via les boutons. Il est n\u00e9cessaire d\u2019\u00e9veiller la conscience de l\u2019audience et elle vous trouvera quand elle aura besoin du service\/produit que vous proposez<\/em>\u00a0\u00bb<\/p>\n<p>En guise d\u2019exemple, Michelle explique que lors d\u2019un probl\u00e8me rencontr\u00e9 par son service \u00e0 Washington, <strong>elle a demand\u00e9 \u00e0 sa communaut\u00e9 sur Twitter d\u2019exprimer son \u00ab\u00a0affection\u00a0\u00bb<\/strong> via des messages de soutien. R\u00e9sultat\u00a0: une vague positive de commentaires et des articles relatant l\u2019histoire dont un sur <strong><a href=\"https:\/\/web.archive.org\/web\/20130525154907\/http:\/\/techcrunch.com\/2012\/01\/14\/ubercommissioner\/\" target=\"_blank\" rel=\"noopener\">Techcrunch<\/a><\/strong>. Ce type d\u2019exercice, en apparence simple, peut se r\u00e9v\u00e9ler hautement efficace.<\/p>\n<p>Les moyens d\u2019atteindre les diffuseurs d\u2019information sont devenus plus faciles avec twitter, les journalistes ont tous un compte qui permet de les atteindre plus facilement qu\u2019avant en les mentionnant dans les tweets. \u00ab\u00a0<strong><em>Un syst\u00e8me bien huil\u00e9 sur les r\u00e9seaux sociaux permet presque de faire le travail d\u2019une agence<\/em><\/strong>\u00a0\u00bb confie Fr\u00e9d\u00e9ric Halley.<\/p>\n<p><strong>&gt;&gt; Comment proposer du contenu sur les canaux de communication\u00a0quand on lance son projet\u00a0?\u00a0<\/strong><\/p>\n<p>Les contenus diff\u00e8rent selon le canal de communication utilis\u00e9, \u00e0 savoir qu\u2019on ne\u00a0partage pas la m\u00eame chose sur Twitter que sur un blog par exemple.<\/p>\n<p><em><strong>Montrer son expertise, \u00eatre \u00e0 l\u2019\u00e9coute<\/strong><\/em> \u2013 Sur le fond, Nicolas Woirhaye estime qu\u2019il est important \u00ab\u00a0<em>d\u2019exprimer son ADN\u00a0;\u00a0<strong>il faut \u00eatre expert sur un sujet, pas seulement sur le produit \/ service propos\u00e9 car la cible veut savoir quelle est votre sp\u00e9cificit\u00e9<\/strong><\/em>\u00a0\u00bb<\/p>\n<p>\u00ab\u00a0<em>Vous \u00eates sous le radar<\/em>\u00a0\u00bb compl\u00e8te Yann Gourvennec en s\u2019adressant \u00e0 la moiti\u00e9 du public, compos\u00e9 de fondateurs de startups , \u00ab\u00a0<em>personne ne vous conna\u00eet, m\u00eame si votre produit \/ service est excellent\u00a0; <strong>montrez votre valeur ajout\u00e9e<\/strong> et faites la comprendre aux gens<\/em>\u00a0\u00bb<\/p>\n<p>En tant que Community Manager, Michelle communique sur \u00ab\u00a0<em>2 cl\u00e9s\u00a0: \u00eatre r\u00e9actif dans les r\u00e9ponses aux questions et montrer que l\u2019on porte de l\u2019attention aux r\u00e9actions de son audience. L\u2019\u00e9coute de son audience mais aussi du march\u00e9 et de ses concurrents est primordiale pour se diff\u00e9rencier<\/em>\u00a0\u00bb Une mani\u00e8re de dire, \u2018que puis-je faire pour vous en plus aujourd\u2019hui\u00a0?\u2019<\/p>\n<p><img decoding=\"async\" class=\"alignright wp-image-17023\" src=\"https:\/\/web.archive.org\/web\/20130525154907im_\/http:\/\/blog.viadeo.com\/fr\/files\/2012\/02\/smw2.jpg\" alt=\"\" width=\"341\" height=\"185\" \/><\/p>\n<p>Interrog\u00e9 sur le futur des r\u00e9seaux sociaux et en tant qu\u2019expert depuis de nombreuses ann\u00e9es sur les probl\u00e9matiques autour des r\u00e9seaux sociaux et des sites internet, Yann l\u2019envisage sous un angle qui \u00ab\u00a0<em><strong>am\u00e8ne les gens \u00e0 partager du contenu sur leurs propres pages<\/strong> et non en faisant un \u00ab\u00a0like<\/em>\u00a0\u00bb <em>d\u2019une page ou en devenant fan, sans r\u00e9el int\u00e9r\u00eat. Il faut <strong>rendre le site web social<\/strong>, sans le besoin de passer par des plateformes annexes\u00a0<\/em>\u00bb Une int\u00e9gration pure et simple des r\u00e9seaux sur les sites\u00a0? Le temps nous le dira\u00a0!<\/p>\n<p>via <a href=\"https:\/\/web.archive.org\/web\/20130525154907\/http:\/\/blog.viadeo.com:80\/fr\/2012\/02\/21\/boostez-votre-start-up-avec-les-reseaux-sociaux\/\">\u00ab Boostez votre start-up avec les r\u00e9seaux sociaux \u00bb | Viadeo Blog<\/a>.<\/p>\n","protected":false},"excerpt":{"rendered":"<p>C\u2019est le compte-rendu de la table ronde organis\u00e9e par Viadeo, \u00e0 laquelle j\u2019ai particip\u00e9 le 16 F\u00e9vrier, au Camping (l\u2019incubateur de Silicon Sentier), avec un panel d\u2019experts d\u2019horizons divers sur un sujet moins anodin qu\u2019il n\u2019y para\u00eet : les m\u00e9dias sociaux pour booster sa start up ! A premi\u00e8re vue, on pourrait croire que la question se passe de commentaires. Il para\u00eet tellement \u00e9vident pour ces jeunes pousses des high tech de faire son lobbying sur les m\u00e9dias sociaux qu\u2019on pourrait croire la question compl\u00e8tement idiote. Et il n\u2019en est rien ! Les m\u00eames questions, les m\u00eames interrogations (\u201cfaut-il \u00eatre sur Twitter ou sur LinkedIn ?\u201d, les m\u00eames fausses barbes (\u201cje n\u2019ai pas le temps\u201d) que celles qu\u2019on entend dans les grands groupes, voire encore pire \u2026 Beaucoup d\u2019inhibition et aussi une faible compr\u00e9hension du networking, pourtant une valeur essentielle pour un entrepreneur (que ce soit un intrapreneur comme moi ou un entrepreneur comme notre public du 16 f\u00e9vrier au palais Brongiart). Mais en fait, la question n\u2019est pas de savoir s\u2019il faut \u00eatre sur LinkedIn, mais si LinkedIn, ou mon blog, ou mon profil slideshare etc. va me permettre de d\u00e9velopper mon business. Comme je le disais \u00e0 mes blogueurs d\u2019Orange Business Services, \u201cvous n\u2019\u00eates pas des blogueurs, vous \u00eates des professionnels qui bloguent\u201d \u2026 nuance. Vu sous cet angle, toute activit\u00e9 sur les m\u00e9dias sociaux qui soutient le business vaut qu\u2019on y consacre du temps, c\u2019est de la prospection. Tout le reste \u2013 et notamment le cyberbabillage sur Facebook \u2013 m\u00e9rite d\u2019\u00eatre optimis\u00e9 ou minimis\u00e9. Entrepreneurs : \u00e0 vos souris ! \u2026<\/p>\n","protected":false},"author":2,"featured_media":62090,"comment_status":"open","ping_status":"open","sticky":false,"template":"","format":"standard","meta":{"footnotes":""},"categories":[25],"tags":[],"class_list":["post-5906","post","type-post","status-publish","format-standard","has-post-thumbnail","hentry","category-medias-sociaux"],"yoast_head":"<!-- This site is optimized with the Yoast SEO plugin v27.4 - https:\/\/yoast.com\/product\/yoast-seo-wordpress\/ -->\n<title>Les m\u00e9dias sociaux, \u00e7a marche aussi pour les start-ups ?<\/title>\n<meta name=\"description\" content=\"Les m\u00e9dias sociaux sont-ils utiles aux start-ups ? A chaque fois que j&#039;entends cette question, je tombe un peu de ma chaise.\" \/>\n<meta name=\"robots\" content=\"index, follow, max-snippet:-1, max-image-preview:large, max-video-preview:-1\" \/>\n<link rel=\"canonical\" href=\"https:\/\/visionarymarketing.com\/fr\/2012\/02\/23\/medias-sociaux-start-ups\/\" \/>\n<meta property=\"og:locale\" content=\"fr_FR\" \/>\n<meta property=\"og:type\" content=\"article\" \/>\n<meta property=\"og:title\" content=\"Les m\u00e9dias sociaux, \u00e7a marche aussi pour les start-ups ?\" \/>\n<meta property=\"og:description\" content=\"Les m\u00e9dias sociaux sont-ils utiles aux start-ups ? A chaque fois que j&#039;entends cette question, je tombe un peu de ma chaise.\" \/>\n<meta property=\"og:url\" content=\"https:\/\/visionarymarketing.com\/fr\/2012\/02\/23\/medias-sociaux-start-ups\/\" \/>\n<meta property=\"og:site_name\" content=\"Marketing and Innovation\" \/>\n<meta property=\"article:publisher\" content=\"https:\/\/www.facebook.com\/vismktg\" \/>\n<meta property=\"article:author\" content=\"http:\/\/facebook.com\/ygourven\" \/>\n<meta property=\"article:published_time\" content=\"2012-02-23T07:30:31+00:00\" \/>\n<meta property=\"article:modified_time\" content=\"2022-06-08T17:39:17+00:00\" \/>\n<meta property=\"og:image\" content=\"https:\/\/visionarymarketing.com\/wp-content\/uploads\/2012\/02\/jumpstory-download20210308-080137.jpg\" \/>\n\t<meta property=\"og:image:width\" content=\"520\" \/>\n\t<meta property=\"og:image:height\" content=\"340\" \/>\n\t<meta property=\"og:image:type\" content=\"image\/jpeg\" \/>\n<meta name=\"author\" content=\"Yann Gourvennec\" \/>\n<meta name=\"twitter:card\" content=\"summary_large_image\" \/>\n<meta name=\"twitter:creator\" content=\"@ygourven\" \/>\n<meta name=\"twitter:site\" content=\"@ygourven\" \/>\n<meta name=\"twitter:label1\" content=\"\u00c9crit par\" \/>\n\t<meta name=\"twitter:data1\" content=\"Yann Gourvennec\" \/>\n\t<meta name=\"twitter:label2\" content=\"Dur\u00e9e de lecture estim\u00e9e\" \/>\n\t<meta name=\"twitter:data2\" content=\"6 minutes\" \/>\n<script type=\"application\/ld+json\" class=\"yoast-schema-graph\">{\"@context\":\"https:\\\/\\\/schema.org\",\"@graph\":[{\"@type\":\"NewsArticle\",\"@id\":\"https:\\\/\\\/visionarymarketing.com\\\/fr\\\/2012\\\/02\\\/23\\\/medias-sociaux-start-ups\\\/#article\",\"isPartOf\":{\"@id\":\"https:\\\/\\\/visionarymarketing.com\\\/fr\\\/2012\\\/02\\\/23\\\/medias-sociaux-start-ups\\\/\"},\"author\":{\"name\":\"Yann Gourvennec\",\"@id\":\"https:\\\/\\\/visionarymarketing.com\\\/fr\\\/#\\\/schema\\\/person\\\/3754fee1e558f47b8deb46f53c37423e\"},\"headline\":\"Les m\u00e9dias sociaux, \u00e7a marche aussi pour les start-ups ?\",\"datePublished\":\"2012-02-23T07:30:31+00:00\",\"dateModified\":\"2022-06-08T17:39:17+00:00\",\"mainEntityOfPage\":{\"@id\":\"https:\\\/\\\/visionarymarketing.com\\\/fr\\\/2012\\\/02\\\/23\\\/medias-sociaux-start-ups\\\/\"},\"wordCount\":1305,\"commentCount\":0,\"image\":{\"@id\":\"https:\\\/\\\/visionarymarketing.com\\\/fr\\\/2012\\\/02\\\/23\\\/medias-sociaux-start-ups\\\/#primaryimage\"},\"thumbnailUrl\":\"https:\\\/\\\/visionarymarketing.com\\\/wp-content\\\/uploads\\\/2012\\\/02\\\/jumpstory-download20210308-080137.jpg\",\"articleSection\":[\"m\u00e9dias \\\/ r\u00e9seaux sociaux\"],\"inLanguage\":\"fr-FR\",\"potentialAction\":[{\"@type\":\"CommentAction\",\"name\":\"Comment\",\"target\":[\"https:\\\/\\\/visionarymarketing.com\\\/fr\\\/2012\\\/02\\\/23\\\/medias-sociaux-start-ups\\\/#respond\"]}]},{\"@type\":\"WebPage\",\"@id\":\"https:\\\/\\\/visionarymarketing.com\\\/fr\\\/2012\\\/02\\\/23\\\/medias-sociaux-start-ups\\\/\",\"url\":\"https:\\\/\\\/visionarymarketing.com\\\/fr\\\/2012\\\/02\\\/23\\\/medias-sociaux-start-ups\\\/\",\"name\":\"Les m\u00e9dias sociaux, \u00e7a marche aussi pour les start-ups ?\",\"isPartOf\":{\"@id\":\"https:\\\/\\\/visionarymarketing.com\\\/fr\\\/#website\"},\"primaryImageOfPage\":{\"@id\":\"https:\\\/\\\/visionarymarketing.com\\\/fr\\\/2012\\\/02\\\/23\\\/medias-sociaux-start-ups\\\/#primaryimage\"},\"image\":{\"@id\":\"https:\\\/\\\/visionarymarketing.com\\\/fr\\\/2012\\\/02\\\/23\\\/medias-sociaux-start-ups\\\/#primaryimage\"},\"thumbnailUrl\":\"https:\\\/\\\/visionarymarketing.com\\\/wp-content\\\/uploads\\\/2012\\\/02\\\/jumpstory-download20210308-080137.jpg\",\"datePublished\":\"2012-02-23T07:30:31+00:00\",\"dateModified\":\"2022-06-08T17:39:17+00:00\",\"author\":{\"@id\":\"https:\\\/\\\/visionarymarketing.com\\\/fr\\\/#\\\/schema\\\/person\\\/3754fee1e558f47b8deb46f53c37423e\"},\"description\":\"Les m\u00e9dias sociaux sont-ils utiles aux start-ups ? A chaque fois que j'entends cette question, je tombe un peu de ma chaise.\",\"breadcrumb\":{\"@id\":\"https:\\\/\\\/visionarymarketing.com\\\/fr\\\/2012\\\/02\\\/23\\\/medias-sociaux-start-ups\\\/#breadcrumb\"},\"inLanguage\":\"fr-FR\",\"potentialAction\":[{\"@type\":\"ReadAction\",\"target\":[\"https:\\\/\\\/visionarymarketing.com\\\/fr\\\/2012\\\/02\\\/23\\\/medias-sociaux-start-ups\\\/\"]}]},{\"@type\":\"ImageObject\",\"inLanguage\":\"fr-FR\",\"@id\":\"https:\\\/\\\/visionarymarketing.com\\\/fr\\\/2012\\\/02\\\/23\\\/medias-sociaux-start-ups\\\/#primaryimage\",\"url\":\"https:\\\/\\\/visionarymarketing.com\\\/wp-content\\\/uploads\\\/2012\\\/02\\\/jumpstory-download20210308-080137.jpg\",\"contentUrl\":\"https:\\\/\\\/visionarymarketing.com\\\/wp-content\\\/uploads\\\/2012\\\/02\\\/jumpstory-download20210308-080137.jpg\",\"width\":520,\"height\":340},{\"@type\":\"BreadcrumbList\",\"@id\":\"https:\\\/\\\/visionarymarketing.com\\\/fr\\\/2012\\\/02\\\/23\\\/medias-sociaux-start-ups\\\/#breadcrumb\",\"itemListElement\":[{\"@type\":\"ListItem\",\"position\":1,\"name\":\"Home\",\"item\":\"https:\\\/\\\/visionarymarketing.com\\\/fr\\\/\"},{\"@type\":\"ListItem\",\"position\":2,\"name\":\"Les m\u00e9dias sociaux, \u00e7a marche aussi pour les start-ups ?\"}]},{\"@type\":\"WebSite\",\"@id\":\"https:\\\/\\\/visionarymarketing.com\\\/fr\\\/#website\",\"url\":\"https:\\\/\\\/visionarymarketing.com\\\/fr\\\/\",\"name\":\"Marketing and Innovation\",\"description\":\"Site d&#039;infos ind\u00e9pendant, depuis 1996\",\"potentialAction\":[{\"@type\":\"SearchAction\",\"target\":{\"@type\":\"EntryPoint\",\"urlTemplate\":\"https:\\\/\\\/visionarymarketing.com\\\/fr\\\/?s={search_term_string}\"},\"query-input\":{\"@type\":\"PropertyValueSpecification\",\"valueRequired\":true,\"valueName\":\"search_term_string\"}}],\"inLanguage\":\"fr-FR\"},{\"@type\":\"Person\",\"@id\":\"https:\\\/\\\/visionarymarketing.com\\\/fr\\\/#\\\/schema\\\/person\\\/3754fee1e558f47b8deb46f53c37423e\",\"name\":\"Yann Gourvennec\",\"image\":{\"@type\":\"ImageObject\",\"inLanguage\":\"fr-FR\",\"@id\":\"https:\\\/\\\/secure.gravatar.com\\\/avatar\\\/5972001801e8de5692a3e31224e85769f50a55fb8b679749f9c8d1868cceff14?s=96&d=initials&r=g&initials=yg\",\"url\":\"https:\\\/\\\/secure.gravatar.com\\\/avatar\\\/5972001801e8de5692a3e31224e85769f50a55fb8b679749f9c8d1868cceff14?s=96&d=initials&r=g&initials=yg\",\"contentUrl\":\"https:\\\/\\\/secure.gravatar.com\\\/avatar\\\/5972001801e8de5692a3e31224e85769f50a55fb8b679749f9c8d1868cceff14?s=96&d=initials&r=g&initials=yg\",\"caption\":\"Yann Gourvennec\"},\"description\":\"Yann Gourvennec created visionarymarketing.com in 1996. He is a speaker and author of many books. In 2014 he went from intrapreneur to entrepreneur, when he created his digital marketing agency. Yann Gourvennec a cr\u00e9\u00e9 visionarymarketing.com en 1996. Il est conf\u00e9rencier et auteur de plusieurs livres. En 2014, il est pass\u00e9 d'intrapreneur \u00e0 entrepreneur en cr\u00e9ant son agence de marketing num\u00e9rique.\",\"sameAs\":[\"https:\\\/\\\/visionarymarketing.com\",\"http:\\\/\\\/facebook.com\\\/ygourven\",\"http:\\\/\\\/linkedin.com\\\/in\\\/ygourven\",\"https:\\\/\\\/x.com\\\/ygourven\",\"https:\\\/\\\/www.youtube.com\\\/c\\\/visionarymarketingagency\"],\"url\":\"https:\\\/\\\/visionarymarketing.com\\\/fr\\\/author\\\/yann-gourvennec\\\/\"}]}<\/script>\n<!-- \/ Yoast SEO plugin. -->","yoast_head_json":{"title":"Les m\u00e9dias sociaux, \u00e7a marche aussi pour les start-ups ?","description":"Les m\u00e9dias sociaux sont-ils utiles aux start-ups ? A chaque fois que j'entends cette question, je tombe un peu de ma chaise.","robots":{"index":"index","follow":"follow","max-snippet":"max-snippet:-1","max-image-preview":"max-image-preview:large","max-video-preview":"max-video-preview:-1"},"canonical":"https:\/\/visionarymarketing.com\/fr\/2012\/02\/23\/medias-sociaux-start-ups\/","og_locale":"fr_FR","og_type":"article","og_title":"Les m\u00e9dias sociaux, \u00e7a marche aussi pour les start-ups ?","og_description":"Les m\u00e9dias sociaux sont-ils utiles aux start-ups ? A chaque fois que j'entends cette question, je tombe un peu de ma chaise.","og_url":"https:\/\/visionarymarketing.com\/fr\/2012\/02\/23\/medias-sociaux-start-ups\/","og_site_name":"Marketing and Innovation","article_publisher":"https:\/\/www.facebook.com\/vismktg","article_author":"http:\/\/facebook.com\/ygourven","article_published_time":"2012-02-23T07:30:31+00:00","article_modified_time":"2022-06-08T17:39:17+00:00","og_image":[{"width":520,"height":340,"url":"https:\/\/visionarymarketing.com\/wp-content\/uploads\/2012\/02\/jumpstory-download20210308-080137.jpg","type":"image\/jpeg"}],"author":"Yann Gourvennec","twitter_card":"summary_large_image","twitter_creator":"@ygourven","twitter_site":"@ygourven","twitter_misc":{"\u00c9crit par":"Yann Gourvennec","Dur\u00e9e de lecture estim\u00e9e":"6 minutes"},"schema":{"@context":"https:\/\/schema.org","@graph":[{"@type":"NewsArticle","@id":"https:\/\/visionarymarketing.com\/fr\/2012\/02\/23\/medias-sociaux-start-ups\/#article","isPartOf":{"@id":"https:\/\/visionarymarketing.com\/fr\/2012\/02\/23\/medias-sociaux-start-ups\/"},"author":{"name":"Yann Gourvennec","@id":"https:\/\/visionarymarketing.com\/fr\/#\/schema\/person\/3754fee1e558f47b8deb46f53c37423e"},"headline":"Les m\u00e9dias sociaux, \u00e7a marche aussi pour les start-ups ?","datePublished":"2012-02-23T07:30:31+00:00","dateModified":"2022-06-08T17:39:17+00:00","mainEntityOfPage":{"@id":"https:\/\/visionarymarketing.com\/fr\/2012\/02\/23\/medias-sociaux-start-ups\/"},"wordCount":1305,"commentCount":0,"image":{"@id":"https:\/\/visionarymarketing.com\/fr\/2012\/02\/23\/medias-sociaux-start-ups\/#primaryimage"},"thumbnailUrl":"https:\/\/visionarymarketing.com\/wp-content\/uploads\/2012\/02\/jumpstory-download20210308-080137.jpg","articleSection":["m\u00e9dias \/ r\u00e9seaux sociaux"],"inLanguage":"fr-FR","potentialAction":[{"@type":"CommentAction","name":"Comment","target":["https:\/\/visionarymarketing.com\/fr\/2012\/02\/23\/medias-sociaux-start-ups\/#respond"]}]},{"@type":"WebPage","@id":"https:\/\/visionarymarketing.com\/fr\/2012\/02\/23\/medias-sociaux-start-ups\/","url":"https:\/\/visionarymarketing.com\/fr\/2012\/02\/23\/medias-sociaux-start-ups\/","name":"Les m\u00e9dias sociaux, \u00e7a marche aussi pour les start-ups ?","isPartOf":{"@id":"https:\/\/visionarymarketing.com\/fr\/#website"},"primaryImageOfPage":{"@id":"https:\/\/visionarymarketing.com\/fr\/2012\/02\/23\/medias-sociaux-start-ups\/#primaryimage"},"image":{"@id":"https:\/\/visionarymarketing.com\/fr\/2012\/02\/23\/medias-sociaux-start-ups\/#primaryimage"},"thumbnailUrl":"https:\/\/visionarymarketing.com\/wp-content\/uploads\/2012\/02\/jumpstory-download20210308-080137.jpg","datePublished":"2012-02-23T07:30:31+00:00","dateModified":"2022-06-08T17:39:17+00:00","author":{"@id":"https:\/\/visionarymarketing.com\/fr\/#\/schema\/person\/3754fee1e558f47b8deb46f53c37423e"},"description":"Les m\u00e9dias sociaux sont-ils utiles aux start-ups ? A chaque fois que j'entends cette question, je tombe un peu de ma chaise.","breadcrumb":{"@id":"https:\/\/visionarymarketing.com\/fr\/2012\/02\/23\/medias-sociaux-start-ups\/#breadcrumb"},"inLanguage":"fr-FR","potentialAction":[{"@type":"ReadAction","target":["https:\/\/visionarymarketing.com\/fr\/2012\/02\/23\/medias-sociaux-start-ups\/"]}]},{"@type":"ImageObject","inLanguage":"fr-FR","@id":"https:\/\/visionarymarketing.com\/fr\/2012\/02\/23\/medias-sociaux-start-ups\/#primaryimage","url":"https:\/\/visionarymarketing.com\/wp-content\/uploads\/2012\/02\/jumpstory-download20210308-080137.jpg","contentUrl":"https:\/\/visionarymarketing.com\/wp-content\/uploads\/2012\/02\/jumpstory-download20210308-080137.jpg","width":520,"height":340},{"@type":"BreadcrumbList","@id":"https:\/\/visionarymarketing.com\/fr\/2012\/02\/23\/medias-sociaux-start-ups\/#breadcrumb","itemListElement":[{"@type":"ListItem","position":1,"name":"Home","item":"https:\/\/visionarymarketing.com\/fr\/"},{"@type":"ListItem","position":2,"name":"Les m\u00e9dias sociaux, \u00e7a marche aussi pour les start-ups ?"}]},{"@type":"WebSite","@id":"https:\/\/visionarymarketing.com\/fr\/#website","url":"https:\/\/visionarymarketing.com\/fr\/","name":"Marketing and Innovation","description":"Site d&#039;infos ind\u00e9pendant, depuis 1996","potentialAction":[{"@type":"SearchAction","target":{"@type":"EntryPoint","urlTemplate":"https:\/\/visionarymarketing.com\/fr\/?s={search_term_string}"},"query-input":{"@type":"PropertyValueSpecification","valueRequired":true,"valueName":"search_term_string"}}],"inLanguage":"fr-FR"},{"@type":"Person","@id":"https:\/\/visionarymarketing.com\/fr\/#\/schema\/person\/3754fee1e558f47b8deb46f53c37423e","name":"Yann Gourvennec","image":{"@type":"ImageObject","inLanguage":"fr-FR","@id":"https:\/\/secure.gravatar.com\/avatar\/5972001801e8de5692a3e31224e85769f50a55fb8b679749f9c8d1868cceff14?s=96&d=initials&r=g&initials=yg","url":"https:\/\/secure.gravatar.com\/avatar\/5972001801e8de5692a3e31224e85769f50a55fb8b679749f9c8d1868cceff14?s=96&d=initials&r=g&initials=yg","contentUrl":"https:\/\/secure.gravatar.com\/avatar\/5972001801e8de5692a3e31224e85769f50a55fb8b679749f9c8d1868cceff14?s=96&d=initials&r=g&initials=yg","caption":"Yann Gourvennec"},"description":"Yann Gourvennec created visionarymarketing.com in 1996. He is a speaker and author of many books. In 2014 he went from intrapreneur to entrepreneur, when he created his digital marketing agency. Yann Gourvennec a cr\u00e9\u00e9 visionarymarketing.com en 1996. Il est conf\u00e9rencier et auteur de plusieurs livres. En 2014, il est pass\u00e9 d'intrapreneur \u00e0 entrepreneur en cr\u00e9ant son agence de marketing num\u00e9rique.","sameAs":["https:\/\/visionarymarketing.com","http:\/\/facebook.com\/ygourven","http:\/\/linkedin.com\/in\/ygourven","https:\/\/x.com\/ygourven","https:\/\/www.youtube.com\/c\/visionarymarketingagency"],"url":"https:\/\/visionarymarketing.com\/fr\/author\/yann-gourvennec\/"}]}},"_links":{"self":[{"href":"https:\/\/visionarymarketing.com\/fr\/wp-json\/wp\/v2\/posts\/5906","targetHints":{"allow":["GET"]}}],"collection":[{"href":"https:\/\/visionarymarketing.com\/fr\/wp-json\/wp\/v2\/posts"}],"about":[{"href":"https:\/\/visionarymarketing.com\/fr\/wp-json\/wp\/v2\/types\/post"}],"author":[{"embeddable":true,"href":"https:\/\/visionarymarketing.com\/fr\/wp-json\/wp\/v2\/users\/2"}],"replies":[{"embeddable":true,"href":"https:\/\/visionarymarketing.com\/fr\/wp-json\/wp\/v2\/comments?post=5906"}],"version-history":[{"count":0,"href":"https:\/\/visionarymarketing.com\/fr\/wp-json\/wp\/v2\/posts\/5906\/revisions"}],"wp:featuredmedia":[{"embeddable":true,"href":"https:\/\/visionarymarketing.com\/fr\/wp-json\/wp\/v2\/media\/62090"}],"wp:attachment":[{"href":"https:\/\/visionarymarketing.com\/fr\/wp-json\/wp\/v2\/media?parent=5906"}],"wp:term":[{"taxonomy":"category","embeddable":true,"href":"https:\/\/visionarymarketing.com\/fr\/wp-json\/wp\/v2\/categories?post=5906"},{"taxonomy":"post_tag","embeddable":true,"href":"https:\/\/visionarymarketing.com\/fr\/wp-json\/wp\/v2\/tags?post=5906"}],"curies":[{"name":"wp","href":"https:\/\/api.w.org\/{rel}","templated":true}]}}