{"id":5786,"date":"2012-02-06T08:15:00","date_gmt":"2012-02-06T08:15:00","guid":{"rendered":"https:\/\/visionary.wordpress.com\/?p=5786"},"modified":"2021-03-14T12:02:25","modified_gmt":"2021-03-14T11:02:25","slug":"facebook-bulle-ou-pas-bulle","status":"publish","type":"post","link":"https:\/\/visionarymarketing.com\/fr\/2012\/02\/06\/facebook-bulle-ou-pas-bulle\/","title":{"rendered":"Entr\u00e9e en bourse de Facebook : bulle ou pas bulle ?"},"content":{"rendered":"<p><em>Facebook fait-il entrer l&rsquo;Internet dans une nouvelle bulle ? La question \u00e0 100 milliards de $ du jour \u2026 <a href=\"https:\/\/visionarymarketing.com\/wp-content\/uploads\/2011\/10\/radio-large.gif\" target=\"_blank\" rel=\"noopener noreferrer\"><img decoding=\"async\" class=\"wp-image-4976 alignright\" style=\"margin-left: 10px; margin-right: 10px;\" title=\"radio-large\" src=\"https:\/\/visionarymarketing.com\/wp-content\/uploads\/2011\/10\/radio-large.gif\" alt=\"\" width=\"150\" \/><\/a>Est cette interview de la <a href=\"http:\/\/www.rsr.ch\/#\/la-1ere\/\" target=\"_blank\" rel=\"noopener noreferrer\">Radio Suisse Romande (la 1\u00e8re)<\/a> \u00e0 laquelle j\u2019ai particip\u00e9. Tr\u00e8s bien men\u00e9e elle se d\u00e9roule en 3 temps :<\/em><\/p>\n<h2>Entr\u00e9e en bourse de Facebook : bulle ou pas bulle ?<\/h2>\n<figure id=\"attachment_11150\" aria-describedby=\"caption-attachment-11150\" style=\"width: 490px\" class=\"wp-caption aligncenter\"><img decoding=\"async\" class=\"wp-image-11150 size-full\" src=\"https:\/\/visionarymarketing.com\/wp-content\/uploads\/2013\/04\/facebook.jpg\" alt=\"Entr\u00e9e en bourse de Facebook : bulle ou pas bulle ?\" width=\"490\" height=\"241\" srcset=\"https:\/\/visionarymarketing.com\/wp-content\/uploads\/2013\/04\/facebook.jpg 490w, https:\/\/visionarymarketing.com\/wp-content\/uploads\/2013\/04\/facebook-300x147.jpg 300w\" sizes=\"(max-width: 490px) 100vw, 490px\" \/><figcaption id=\"caption-attachment-11150\" class=\"wp-caption-text\">Entr\u00e9e en bourse de Facebook : bulle ou pas bulle ?<\/figcaption><\/figure>\n<p><!--more--><\/p>\n<ol>\n<li>un professeur belge de Z\u00fcrich, <span class=\"removed_link\" title=\"http:\/\/www.er.ethz.ch\/people\/cauwelsp\">Peter Cauwels<\/span>, sp\u00e9cialiste des risques entrepreneuriaux y d\u00e9nonce la sur\u00e9valuation de la <span class=\"removed_link\" title=\"http:\/\/stockstobuytoday.ning.com\/forum\/topics\/facebook-fb-ipo-filing-due-february-1-2012\">valeur \u00ab\u00a0FB\u00a0\u00bb<\/span> (75 \u00e0 100 milliards de $ alors que notre interlocuteur la voit plut\u00f4t de 20 milliards ;<\/li>\n<li>j\u2019interviens pour souligner que les m\u00e9dias sociaux sont un ph\u00e9nom\u00e8ne social et non mercantile, et que nous \u00e9tions en droit d\u2019attendre de Facebook la cr\u00e9ation d\u2019un mod\u00e8le de publicit\u00e9s plus respectueux et plus novateur, mais que ces attentes ont \u00e9t\u00e9 \u2013 pour l\u2019instant \u2013 d\u00e9\u00e7ues :<\/li>\n<li>un expert de Pierre Audoin Conseil souligne l\u2019excellente rentabilit\u00e9 de Facebook qui fera de la nouvelle valeur, apr\u00e8s correction de la sur\u00e9valuation initiale, une valeur extr\u00eamement attractive, mais qui restera \u00e0 surveiller car tr\u00e8s fragile du fait de son caract\u00e8re g\u00e9n\u00e9rationnel et le fait qu\u2019elle ne sera pas \u00e0 l\u2019abri d\u2019une erreur de jugement ou d\u2019investissement.<\/li>\n<\/ol>\n<p>Comme \u00e0 l\u2019habitude, la Radio Suisse Romande montre son professionnalisme et son s\u00e9rieux (j\u2019ai \u00e9t\u00e9 appel\u00e9 2 fois !). Quelle le\u00e7on\u00a0 pour la Presse fran\u00e7aise.<\/p>\n<p>La suite en podcast si vous cliquez sur le bouton \u201cplay\u201d [dur\u00e9e 4\u2019 38\u201d]<\/p>\n<div itemscope itemtype=\"http:\/\/schema.org\/AudioObject\"><meta itemprop=\"name\" content=\"Entr\u00e9e en bourse de Facebook : bulle ou pas bulle ?\" \/><meta itemprop=\"uploadDate\" content=\"2012-02-06T08:15:00+01:00\" \/><meta itemprop=\"encodingFormat\" content=\"audio\/mpeg\" \/><meta itemprop=\"duration\" content=\"PT4M38S\" \/><meta itemprop=\"description\" content=\"La question \u00e0 100 milliards de $ du jour \u2026\r\n\r\nEst cette interview de la Radio Suisse Romande (la 1\u00e8re) \u00e0 laquelle j\u2019ai particip\u00e9. Tr\u00e8s bien men\u00e9e elle se d\u00e9roule en 3 temps :\r\n\r\nun professeur belge de Z\u00fcrich, Peter Cauwels, sp\u00e9cialiste des risques entrepreneuriaux y d\u00e9nonce la sur\u00e9valuation de la valeur &quot;FB&quot; (75 \u00e0 100 milliards de $ alors que notre interlocuteur la voit plut\u00f4t de 20 milliards ;\" \/><meta itemprop=\"contentUrl\" content=\"http:\/\/media.blubrry.com\/visionarymarketing_les\/ygourven2.online.fr\/podcasts\/rsryann.mp3\" \/><meta itemprop=\"contentSize\" content=\"3.9\" \/><div class=\"powerpress_player\" id=\"powerpress_player_998\"><audio class=\"wp-audio-shortcode\" id=\"audio-5786-1\" preload=\"none\" style=\"width: 100%;\" controls=\"controls\"><source type=\"audio\/mpeg\" src=\"http:\/\/media.blubrry.com\/visionarymarketing_les\/ygourven2.online.fr\/podcasts\/rsryann.mp3?_=1\" \/><a href=\"http:\/\/media.blubrry.com\/visionarymarketing_les\/ygourven2.online.fr\/podcasts\/rsryann.mp3\">http:\/\/media.blubrry.com\/visionarymarketing_les\/ygourven2.online.fr\/podcasts\/rsryann.mp3<\/a><\/audio><\/div><\/div><p class=\"powerpress_links powerpress_links_mp3\" style=\"margin-bottom: 1px !important;\">Podcast: <a href=\"http:\/\/media.blubrry.com\/visionarymarketing_les\/ygourven2.online.fr\/podcasts\/rsryann.mp3\" class=\"powerpress_link_pinw\" target=\"_blank\" title=\"Play in new window\" onclick=\"return powerpress_pinw('https:\/\/visionarymarketing.com\/fr\/\/?powerpress_pinw=5786-podcast');\" rel=\"nofollow\">Play in new window<\/a> | <a href=\"http:\/\/media.blubrry.com\/visionarymarketing_les\/ygourven2.online.fr\/podcasts\/rsryann.mp3\" class=\"powerpress_link_d\" title=\"Download\" rel=\"nofollow\" download=\"rsryann.mp3\">Download<\/a> (Duration: 4:38 &#8212; 3.9MB)<\/p><p class=\"powerpress_links powerpress_subscribe_links\">Subscribe: <a href=\"https:\/\/itunes.apple.com\/us\/podcast\/visionarymarketing-les-interviews\/id731295319?mt=2&amp;ls=1#episodeGuid=https%3A%2F%2Fvisionary.wordpress.com%2F%3Fp%3D5786\" class=\"powerpress_link_subscribe powerpress_link_subscribe_itunes\" target=\"_blank\" title=\"Subscribe on Apple Podcasts\" rel=\"nofollow\">Apple Podcasts<\/a> | <a href=\"https:\/\/open.spotify.com\/show\/52VnZ1mhVSnDs4tQOx7Vuc\" class=\"powerpress_link_subscribe powerpress_link_subscribe_spotify\" target=\"_blank\" title=\"Subscribe on Spotify\" rel=\"nofollow\">Spotify<\/a> | <a href=\"https:\/\/subscribeonandroid.com\/visionarymarketing.com\/fr\/feed\/podcast\/\" class=\"powerpress_link_subscribe powerpress_link_subscribe_android\" target=\"_blank\" title=\"Subscribe on Android\" rel=\"nofollow\">Android<\/a> | <a href=\"https:\/\/visionarymarketing.com\/fr\/feed\/podcast\/\" class=\"powerpress_link_subscribe powerpress_link_subscribe_rss\" target=\"_blank\" title=\"Subscribe via RSS\" rel=\"nofollow\">RSS<\/a><\/p>","protected":false},"excerpt":{"rendered":"<p>La question \u00e0 100 milliards de $ du jour \u2026<\/p>\n<p>Est cette interview de la Radio Suisse Romande (la 1\u00e8re) \u00e0 laquelle j\u2019ai particip\u00e9. Tr\u00e8s bien men\u00e9e elle se d\u00e9roule en 3 temps :<\/p>\n<p>un professeur belge de Z\u00fcrich, Peter Cauwels, sp\u00e9cialiste des risques entrepreneuriaux y d\u00e9nonce la sur\u00e9valuation de la valeur \u00ab\u00a0FB\u00a0\u00bb (75 \u00e0 100 milliards de $ alors que notre interlocuteur la voit plut\u00f4t de 20 milliards ;<\/p>\n","protected":false},"author":2,"featured_media":10558,"comment_status":"open","ping_status":"open","sticky":false,"template":"","format":"standard","meta":{"footnotes":""},"categories":[134],"tags":[],"class_list":["post-5786","post","type-post","status-publish","format-standard","has-post-thumbnail","hentry","category-economie"],"yoast_head":"<!-- This site is optimized with the Yoast SEO plugin v27.5 - https:\/\/yoast.com\/product\/yoast-seo-wordpress\/ -->\n<title>Entr\u00e9e en bourse de Facebook : bulle ou pas bulle ?<\/title>\n<meta name=\"description\" content=\"Facebook fait-il entrer l&#039;Internet dans une nouvelle bulle ? La question \u00e0 100 milliards de $ du jour \u2026 interview de la Radio Suisse Romande\" \/>\n<meta name=\"robots\" content=\"index, follow, max-snippet:-1, max-image-preview:large, max-video-preview:-1\" \/>\n<link rel=\"canonical\" href=\"https:\/\/visionarymarketing.com\/fr\/2012\/02\/06\/facebook-bulle-ou-pas-bulle\/\" \/>\n<meta property=\"og:locale\" content=\"fr_FR\" \/>\n<meta property=\"og:type\" content=\"article\" \/>\n<meta property=\"og:title\" content=\"Entr\u00e9e en bourse de Facebook : bulle ou pas bulle ?\" \/>\n<meta property=\"og:description\" content=\"Facebook fait-il entrer l&#039;Internet dans une nouvelle bulle ? La question \u00e0 100 milliards de $ du jour \u2026 interview de la Radio Suisse Romande\" \/>\n<meta property=\"og:url\" content=\"https:\/\/visionarymarketing.com\/fr\/2012\/02\/06\/facebook-bulle-ou-pas-bulle\/\" \/>\n<meta property=\"og:site_name\" content=\"Marketing and Innovation\" \/>\n<meta property=\"article:publisher\" content=\"https:\/\/www.facebook.com\/vismktg\" \/>\n<meta property=\"article:author\" content=\"http:\/\/facebook.com\/ygourven\" \/>\n<meta property=\"article:published_time\" content=\"2012-02-06T08:15:00+00:00\" \/>\n<meta property=\"article:modified_time\" content=\"2021-03-14T11:02:25+00:00\" \/>\n<meta property=\"og:image\" content=\"https:\/\/visionarymarketing.com\/wp-content\/uploads\/2011\/10\/article_0701-MAG-UNE-MOISE_twitter_facebook-e1611390886224.jpg\" \/>\n\t<meta property=\"og:image:width\" content=\"519\" \/>\n\t<meta property=\"og:image:height\" content=\"340\" \/>\n\t<meta property=\"og:image:type\" content=\"image\/jpeg\" \/>\n<meta name=\"author\" content=\"Yann Gourvennec\" \/>\n<meta name=\"twitter:card\" content=\"summary_large_image\" \/>\n<meta name=\"twitter:creator\" content=\"@ygourven\" \/>\n<meta name=\"twitter:site\" content=\"@ygourven\" \/>\n<meta name=\"twitter:label1\" content=\"\u00c9crit par\" \/>\n\t<meta name=\"twitter:data1\" content=\"Yann Gourvennec\" \/>\n\t<meta name=\"twitter:label2\" content=\"Dur\u00e9e de lecture estim\u00e9e\" \/>\n\t<meta name=\"twitter:data2\" content=\"2 minutes\" \/>\n<script type=\"application\/ld+json\" class=\"yoast-schema-graph\">{\"@context\":\"https:\\\/\\\/schema.org\",\"@graph\":[{\"@type\":\"NewsArticle\",\"@id\":\"https:\\\/\\\/visionarymarketing.com\\\/fr\\\/2012\\\/02\\\/06\\\/facebook-bulle-ou-pas-bulle\\\/#article\",\"isPartOf\":{\"@id\":\"https:\\\/\\\/visionarymarketing.com\\\/fr\\\/2012\\\/02\\\/06\\\/facebook-bulle-ou-pas-bulle\\\/\"},\"author\":{\"name\":\"Yann Gourvennec\",\"@id\":\"https:\\\/\\\/visionarymarketing.com\\\/fr\\\/#\\\/schema\\\/person\\\/3754fee1e558f47b8deb46f53c37423e\"},\"headline\":\"Entr\u00e9e en bourse de Facebook : bulle ou pas bulle ?\",\"datePublished\":\"2012-02-06T08:15:00+00:00\",\"dateModified\":\"2021-03-14T11:02:25+00:00\",\"mainEntityOfPage\":{\"@id\":\"https:\\\/\\\/visionarymarketing.com\\\/fr\\\/2012\\\/02\\\/06\\\/facebook-bulle-ou-pas-bulle\\\/\"},\"wordCount\":272,\"commentCount\":0,\"image\":{\"@id\":\"https:\\\/\\\/visionarymarketing.com\\\/fr\\\/2012\\\/02\\\/06\\\/facebook-bulle-ou-pas-bulle\\\/#primaryimage\"},\"thumbnailUrl\":\"https:\\\/\\\/visionarymarketing.com\\\/wp-content\\\/uploads\\\/2011\\\/10\\\/article_0701-MAG-UNE-MOISE_twitter_facebook-e1611390886224.jpg\",\"articleSection\":[\"\u00e9conomie et num\u00e9rique\"],\"inLanguage\":\"fr-FR\",\"potentialAction\":[{\"@type\":\"CommentAction\",\"name\":\"Comment\",\"target\":[\"https:\\\/\\\/visionarymarketing.com\\\/fr\\\/2012\\\/02\\\/06\\\/facebook-bulle-ou-pas-bulle\\\/#respond\"]}]},{\"@type\":\"WebPage\",\"@id\":\"https:\\\/\\\/visionarymarketing.com\\\/fr\\\/2012\\\/02\\\/06\\\/facebook-bulle-ou-pas-bulle\\\/\",\"url\":\"https:\\\/\\\/visionarymarketing.com\\\/fr\\\/2012\\\/02\\\/06\\\/facebook-bulle-ou-pas-bulle\\\/\",\"name\":\"Entr\u00e9e en bourse de Facebook : bulle ou pas bulle ?\",\"isPartOf\":{\"@id\":\"https:\\\/\\\/visionarymarketing.com\\\/fr\\\/#website\"},\"primaryImageOfPage\":{\"@id\":\"https:\\\/\\\/visionarymarketing.com\\\/fr\\\/2012\\\/02\\\/06\\\/facebook-bulle-ou-pas-bulle\\\/#primaryimage\"},\"image\":{\"@id\":\"https:\\\/\\\/visionarymarketing.com\\\/fr\\\/2012\\\/02\\\/06\\\/facebook-bulle-ou-pas-bulle\\\/#primaryimage\"},\"thumbnailUrl\":\"https:\\\/\\\/visionarymarketing.com\\\/wp-content\\\/uploads\\\/2011\\\/10\\\/article_0701-MAG-UNE-MOISE_twitter_facebook-e1611390886224.jpg\",\"datePublished\":\"2012-02-06T08:15:00+00:00\",\"dateModified\":\"2021-03-14T11:02:25+00:00\",\"author\":{\"@id\":\"https:\\\/\\\/visionarymarketing.com\\\/fr\\\/#\\\/schema\\\/person\\\/3754fee1e558f47b8deb46f53c37423e\"},\"description\":\"Facebook fait-il entrer l'Internet dans une nouvelle bulle ? La question \u00e0 100 milliards de $ du jour \u2026 interview de la Radio Suisse Romande\",\"breadcrumb\":{\"@id\":\"https:\\\/\\\/visionarymarketing.com\\\/fr\\\/2012\\\/02\\\/06\\\/facebook-bulle-ou-pas-bulle\\\/#breadcrumb\"},\"inLanguage\":\"fr-FR\",\"potentialAction\":[{\"@type\":\"ReadAction\",\"target\":[\"https:\\\/\\\/visionarymarketing.com\\\/fr\\\/2012\\\/02\\\/06\\\/facebook-bulle-ou-pas-bulle\\\/\"]}]},{\"@type\":\"ImageObject\",\"inLanguage\":\"fr-FR\",\"@id\":\"https:\\\/\\\/visionarymarketing.com\\\/fr\\\/2012\\\/02\\\/06\\\/facebook-bulle-ou-pas-bulle\\\/#primaryimage\",\"url\":\"https:\\\/\\\/visionarymarketing.com\\\/wp-content\\\/uploads\\\/2011\\\/10\\\/article_0701-MAG-UNE-MOISE_twitter_facebook-e1611390886224.jpg\",\"contentUrl\":\"https:\\\/\\\/visionarymarketing.com\\\/wp-content\\\/uploads\\\/2011\\\/10\\\/article_0701-MAG-UNE-MOISE_twitter_facebook-e1611390886224.jpg\",\"width\":519,\"height\":340},{\"@type\":\"BreadcrumbList\",\"@id\":\"https:\\\/\\\/visionarymarketing.com\\\/fr\\\/2012\\\/02\\\/06\\\/facebook-bulle-ou-pas-bulle\\\/#breadcrumb\",\"itemListElement\":[{\"@type\":\"ListItem\",\"position\":1,\"name\":\"Home\",\"item\":\"https:\\\/\\\/visionarymarketing.com\\\/fr\\\/\"},{\"@type\":\"ListItem\",\"position\":2,\"name\":\"Entr\u00e9e en bourse de Facebook : bulle ou pas bulle ?\"}]},{\"@type\":\"WebSite\",\"@id\":\"https:\\\/\\\/visionarymarketing.com\\\/fr\\\/#website\",\"url\":\"https:\\\/\\\/visionarymarketing.com\\\/fr\\\/\",\"name\":\"Marketing and Innovation\",\"description\":\"Site d&#039;infos ind\u00e9pendant, depuis 1996\",\"potentialAction\":[{\"@type\":\"SearchAction\",\"target\":{\"@type\":\"EntryPoint\",\"urlTemplate\":\"https:\\\/\\\/visionarymarketing.com\\\/fr\\\/?s={search_term_string}\"},\"query-input\":{\"@type\":\"PropertyValueSpecification\",\"valueRequired\":true,\"valueName\":\"search_term_string\"}}],\"inLanguage\":\"fr-FR\"},{\"@type\":\"Person\",\"@id\":\"https:\\\/\\\/visionarymarketing.com\\\/fr\\\/#\\\/schema\\\/person\\\/3754fee1e558f47b8deb46f53c37423e\",\"name\":\"Yann Gourvennec\",\"image\":{\"@type\":\"ImageObject\",\"inLanguage\":\"fr-FR\",\"@id\":\"https:\\\/\\\/secure.gravatar.com\\\/avatar\\\/5972001801e8de5692a3e31224e85769f50a55fb8b679749f9c8d1868cceff14?s=96&d=initials&r=g&initials=yg\",\"url\":\"https:\\\/\\\/secure.gravatar.com\\\/avatar\\\/5972001801e8de5692a3e31224e85769f50a55fb8b679749f9c8d1868cceff14?s=96&d=initials&r=g&initials=yg\",\"contentUrl\":\"https:\\\/\\\/secure.gravatar.com\\\/avatar\\\/5972001801e8de5692a3e31224e85769f50a55fb8b679749f9c8d1868cceff14?s=96&d=initials&r=g&initials=yg\",\"caption\":\"Yann Gourvennec\"},\"description\":\"Yann Gourvennec created visionarymarketing.com in 1996. He is a speaker and author of many books. In 2014 he went from intrapreneur to entrepreneur, when he created his digital marketing agency. Yann Gourvennec a cr\u00e9\u00e9 visionarymarketing.com en 1996. Il est conf\u00e9rencier et auteur de plusieurs livres. En 2014, il est pass\u00e9 d'intrapreneur \u00e0 entrepreneur en cr\u00e9ant son agence de marketing num\u00e9rique.\",\"sameAs\":[\"https:\\\/\\\/visionarymarketing.com\",\"http:\\\/\\\/facebook.com\\\/ygourven\",\"http:\\\/\\\/linkedin.com\\\/in\\\/ygourven\",\"https:\\\/\\\/x.com\\\/ygourven\",\"https:\\\/\\\/www.youtube.com\\\/c\\\/visionarymarketingagency\"],\"url\":\"https:\\\/\\\/visionarymarketing.com\\\/fr\\\/author\\\/yann-gourvennec\\\/\"}]}<\/script>\n<!-- \/ Yoast SEO plugin. -->","yoast_head_json":{"title":"Entr\u00e9e en bourse de Facebook : bulle ou pas bulle ?","description":"Facebook fait-il entrer l'Internet dans une nouvelle bulle ? La question \u00e0 100 milliards de $ du jour \u2026 interview de la Radio Suisse Romande","robots":{"index":"index","follow":"follow","max-snippet":"max-snippet:-1","max-image-preview":"max-image-preview:large","max-video-preview":"max-video-preview:-1"},"canonical":"https:\/\/visionarymarketing.com\/fr\/2012\/02\/06\/facebook-bulle-ou-pas-bulle\/","og_locale":"fr_FR","og_type":"article","og_title":"Entr\u00e9e en bourse de Facebook : bulle ou pas bulle ?","og_description":"Facebook fait-il entrer l'Internet dans une nouvelle bulle ? La question \u00e0 100 milliards de $ du jour \u2026 interview de la Radio Suisse Romande","og_url":"https:\/\/visionarymarketing.com\/fr\/2012\/02\/06\/facebook-bulle-ou-pas-bulle\/","og_site_name":"Marketing and Innovation","article_publisher":"https:\/\/www.facebook.com\/vismktg","article_author":"http:\/\/facebook.com\/ygourven","article_published_time":"2012-02-06T08:15:00+00:00","article_modified_time":"2021-03-14T11:02:25+00:00","og_image":[{"width":519,"height":340,"url":"https:\/\/visionarymarketing.com\/wp-content\/uploads\/2011\/10\/article_0701-MAG-UNE-MOISE_twitter_facebook-e1611390886224.jpg","type":"image\/jpeg"}],"author":"Yann Gourvennec","twitter_card":"summary_large_image","twitter_creator":"@ygourven","twitter_site":"@ygourven","twitter_misc":{"\u00c9crit par":"Yann Gourvennec","Dur\u00e9e de lecture estim\u00e9e":"2 minutes"},"schema":{"@context":"https:\/\/schema.org","@graph":[{"@type":"NewsArticle","@id":"https:\/\/visionarymarketing.com\/fr\/2012\/02\/06\/facebook-bulle-ou-pas-bulle\/#article","isPartOf":{"@id":"https:\/\/visionarymarketing.com\/fr\/2012\/02\/06\/facebook-bulle-ou-pas-bulle\/"},"author":{"name":"Yann Gourvennec","@id":"https:\/\/visionarymarketing.com\/fr\/#\/schema\/person\/3754fee1e558f47b8deb46f53c37423e"},"headline":"Entr\u00e9e en bourse de Facebook : bulle ou pas bulle ?","datePublished":"2012-02-06T08:15:00+00:00","dateModified":"2021-03-14T11:02:25+00:00","mainEntityOfPage":{"@id":"https:\/\/visionarymarketing.com\/fr\/2012\/02\/06\/facebook-bulle-ou-pas-bulle\/"},"wordCount":272,"commentCount":0,"image":{"@id":"https:\/\/visionarymarketing.com\/fr\/2012\/02\/06\/facebook-bulle-ou-pas-bulle\/#primaryimage"},"thumbnailUrl":"https:\/\/visionarymarketing.com\/wp-content\/uploads\/2011\/10\/article_0701-MAG-UNE-MOISE_twitter_facebook-e1611390886224.jpg","articleSection":["\u00e9conomie et num\u00e9rique"],"inLanguage":"fr-FR","potentialAction":[{"@type":"CommentAction","name":"Comment","target":["https:\/\/visionarymarketing.com\/fr\/2012\/02\/06\/facebook-bulle-ou-pas-bulle\/#respond"]}]},{"@type":"WebPage","@id":"https:\/\/visionarymarketing.com\/fr\/2012\/02\/06\/facebook-bulle-ou-pas-bulle\/","url":"https:\/\/visionarymarketing.com\/fr\/2012\/02\/06\/facebook-bulle-ou-pas-bulle\/","name":"Entr\u00e9e en bourse de Facebook : bulle ou pas bulle ?","isPartOf":{"@id":"https:\/\/visionarymarketing.com\/fr\/#website"},"primaryImageOfPage":{"@id":"https:\/\/visionarymarketing.com\/fr\/2012\/02\/06\/facebook-bulle-ou-pas-bulle\/#primaryimage"},"image":{"@id":"https:\/\/visionarymarketing.com\/fr\/2012\/02\/06\/facebook-bulle-ou-pas-bulle\/#primaryimage"},"thumbnailUrl":"https:\/\/visionarymarketing.com\/wp-content\/uploads\/2011\/10\/article_0701-MAG-UNE-MOISE_twitter_facebook-e1611390886224.jpg","datePublished":"2012-02-06T08:15:00+00:00","dateModified":"2021-03-14T11:02:25+00:00","author":{"@id":"https:\/\/visionarymarketing.com\/fr\/#\/schema\/person\/3754fee1e558f47b8deb46f53c37423e"},"description":"Facebook fait-il entrer l'Internet dans une nouvelle bulle ? La question \u00e0 100 milliards de $ du jour \u2026 interview de la Radio Suisse Romande","breadcrumb":{"@id":"https:\/\/visionarymarketing.com\/fr\/2012\/02\/06\/facebook-bulle-ou-pas-bulle\/#breadcrumb"},"inLanguage":"fr-FR","potentialAction":[{"@type":"ReadAction","target":["https:\/\/visionarymarketing.com\/fr\/2012\/02\/06\/facebook-bulle-ou-pas-bulle\/"]}]},{"@type":"ImageObject","inLanguage":"fr-FR","@id":"https:\/\/visionarymarketing.com\/fr\/2012\/02\/06\/facebook-bulle-ou-pas-bulle\/#primaryimage","url":"https:\/\/visionarymarketing.com\/wp-content\/uploads\/2011\/10\/article_0701-MAG-UNE-MOISE_twitter_facebook-e1611390886224.jpg","contentUrl":"https:\/\/visionarymarketing.com\/wp-content\/uploads\/2011\/10\/article_0701-MAG-UNE-MOISE_twitter_facebook-e1611390886224.jpg","width":519,"height":340},{"@type":"BreadcrumbList","@id":"https:\/\/visionarymarketing.com\/fr\/2012\/02\/06\/facebook-bulle-ou-pas-bulle\/#breadcrumb","itemListElement":[{"@type":"ListItem","position":1,"name":"Home","item":"https:\/\/visionarymarketing.com\/fr\/"},{"@type":"ListItem","position":2,"name":"Entr\u00e9e en bourse de Facebook : bulle ou pas bulle ?"}]},{"@type":"WebSite","@id":"https:\/\/visionarymarketing.com\/fr\/#website","url":"https:\/\/visionarymarketing.com\/fr\/","name":"Marketing and Innovation","description":"Site d&#039;infos ind\u00e9pendant, depuis 1996","potentialAction":[{"@type":"SearchAction","target":{"@type":"EntryPoint","urlTemplate":"https:\/\/visionarymarketing.com\/fr\/?s={search_term_string}"},"query-input":{"@type":"PropertyValueSpecification","valueRequired":true,"valueName":"search_term_string"}}],"inLanguage":"fr-FR"},{"@type":"Person","@id":"https:\/\/visionarymarketing.com\/fr\/#\/schema\/person\/3754fee1e558f47b8deb46f53c37423e","name":"Yann Gourvennec","image":{"@type":"ImageObject","inLanguage":"fr-FR","@id":"https:\/\/secure.gravatar.com\/avatar\/5972001801e8de5692a3e31224e85769f50a55fb8b679749f9c8d1868cceff14?s=96&d=initials&r=g&initials=yg","url":"https:\/\/secure.gravatar.com\/avatar\/5972001801e8de5692a3e31224e85769f50a55fb8b679749f9c8d1868cceff14?s=96&d=initials&r=g&initials=yg","contentUrl":"https:\/\/secure.gravatar.com\/avatar\/5972001801e8de5692a3e31224e85769f50a55fb8b679749f9c8d1868cceff14?s=96&d=initials&r=g&initials=yg","caption":"Yann Gourvennec"},"description":"Yann Gourvennec created visionarymarketing.com in 1996. He is a speaker and author of many books. In 2014 he went from intrapreneur to entrepreneur, when he created his digital marketing agency. Yann Gourvennec a cr\u00e9\u00e9 visionarymarketing.com en 1996. Il est conf\u00e9rencier et auteur de plusieurs livres. En 2014, il est pass\u00e9 d'intrapreneur \u00e0 entrepreneur en cr\u00e9ant son agence de marketing num\u00e9rique.","sameAs":["https:\/\/visionarymarketing.com","http:\/\/facebook.com\/ygourven","http:\/\/linkedin.com\/in\/ygourven","https:\/\/x.com\/ygourven","https:\/\/www.youtube.com\/c\/visionarymarketingagency"],"url":"https:\/\/visionarymarketing.com\/fr\/author\/yann-gourvennec\/"}]}},"_links":{"self":[{"href":"https:\/\/visionarymarketing.com\/fr\/wp-json\/wp\/v2\/posts\/5786","targetHints":{"allow":["GET"]}}],"collection":[{"href":"https:\/\/visionarymarketing.com\/fr\/wp-json\/wp\/v2\/posts"}],"about":[{"href":"https:\/\/visionarymarketing.com\/fr\/wp-json\/wp\/v2\/types\/post"}],"author":[{"embeddable":true,"href":"https:\/\/visionarymarketing.com\/fr\/wp-json\/wp\/v2\/users\/2"}],"replies":[{"embeddable":true,"href":"https:\/\/visionarymarketing.com\/fr\/wp-json\/wp\/v2\/comments?post=5786"}],"version-history":[{"count":0,"href":"https:\/\/visionarymarketing.com\/fr\/wp-json\/wp\/v2\/posts\/5786\/revisions"}],"wp:featuredmedia":[{"embeddable":true,"href":"https:\/\/visionarymarketing.com\/fr\/wp-json\/wp\/v2\/media\/10558"}],"wp:attachment":[{"href":"https:\/\/visionarymarketing.com\/fr\/wp-json\/wp\/v2\/media?parent=5786"}],"wp:term":[{"taxonomy":"category","embeddable":true,"href":"https:\/\/visionarymarketing.com\/fr\/wp-json\/wp\/v2\/categories?post=5786"},{"taxonomy":"post_tag","embeddable":true,"href":"https:\/\/visionarymarketing.com\/fr\/wp-json\/wp\/v2\/tags?post=5786"}],"curies":[{"name":"wp","href":"https:\/\/api.w.org\/{rel}","templated":true}]}}