{"id":57623,"date":"2020-10-05T08:30:14","date_gmt":"2020-10-05T06:30:14","guid":{"rendered":"https:\/\/visionarymarketing.com\/?p=57623"},"modified":"2023-12-24T10:58:52","modified_gmt":"2023-12-24T09:58:52","slug":"digital-first","status":"publish","type":"post","link":"https:\/\/visionarymarketing.com\/fr\/2020\/10\/05\/digital-first\/","title":{"rendered":"Vente et marketing B2B : il est temps de passer au \u00ab\u00a0Digital First\u00a0\u00bb"},"content":{"rendered":"<p><em>Depuis le temps que nous stimulons les entreprises pour passer au digital, voici que la Covid-19 est en train de leur faire sauter une \u00e9tape, et de les emmener directement au \u00ab\u00a0Digital First\u00a0\u00bb.\u00a0<\/em><em>Alors que la rentr\u00e9e est d\u00e9j\u00e0 derri\u00e8re nous et que les entreprises se pr\u00e9parent \u00e0 une fin d&rsquo;ann\u00e9e difficile, la perspective de remplir ses quotas de vente avec les veilles m\u00e9thodes semble de plus en plus hasardeuse. Raison de plus pour passer la surmultipli\u00e9e et, au lieu de se replier sur soi-m\u00eame, de jeter au loin les vieux pr\u00e9jug\u00e9s sur le digital et se lancer \u00e0 fond dans le num\u00e9rique. C&rsquo;est ce que j&rsquo;appelle le \u00ab\u00a0Digital First\u00a0\u00bb et il est temps de s&rsquo;y mettre ! Laissez-moi vous expliquer pourquoi.\u00a0<\/em><\/p>\n<h2>\u00ab\u00a0Digital First\u00a0\u00bb : B2B, il est temps de passer le num\u00e9rique en priorit\u00e9 1<\/h2>\n<figure id=\"attachment_57625\" aria-describedby=\"caption-attachment-57625\" style=\"width: 640px\" class=\"wp-caption aligncenter\"><a href=\"https:\/\/visionarymarketing.com\/wp-content\/uploads\/2020\/10\/jumpstory-download20201004-082847-e1601800220628.jpg\"><img decoding=\"async\" class=\"wp-image-57625 size-full\" src=\"https:\/\/visionarymarketing.com\/wp-content\/uploads\/2020\/10\/jumpstory-download20201004-082847.jpg\" alt=\"&quot;Digital First&quot; : B2B, il est temps de passer le num\u00e9rique en priorit\u00e9 1\" width=\"640\" height=\"427\" \/><\/a><figcaption id=\"caption-attachment-57625\" class=\"wp-caption-text\">\u00ab\u00a0Digital First\u00a0\u00bb : B2B, il est temps d&rsquo;acc\u00e9l\u00e9rer sur le num\u00e9rique et de la passer en priorit\u00e9 n\u00b01<\/figcaption><\/figure>\n<h3>Une ann\u00e9e dont nous allons nous souvenir &#8230; pour longtemps<\/h3>\n<p>Au cours des derniers mois, nous avons vu des plans de relance gouvernementaux sans pr\u00e9c\u00e9dent se chiffrant en milliards d&rsquo;euros, des taux de ch\u00f4mage atteignant des sommets historiques et des entreprises \u00e9tablies de longue date qui ont d\u00e9pos\u00e9 leur bilan.<span class=\"Apple-converted-space\">\u00a0<\/span><\/p>\n<p>Nos vies personnelles se sont \u00e9galement perdues dans le brouillard des confinements, des fronti\u00e8res ferm\u00e9es, des manifestations pour l&rsquo;\u00e9galit\u00e9 des chances, de l&rsquo;enseignement \u00e0 domicile et du travail \u00e0 distance.<\/p>\n<figure id=\"attachment_57630\" aria-describedby=\"caption-attachment-57630\" style=\"width: 640px\" class=\"wp-caption aligncenter\"><a href=\"https:\/\/visionarymarketing.com\/wp-content\/uploads\/2020\/10\/jumpstory-download20201004-083613.jpg\"><img decoding=\"async\" class=\"wp-image-57630 size-full\" src=\"https:\/\/visionarymarketing.com\/wp-content\/uploads\/2020\/10\/jumpstory-download20201004-083613.jpg\" alt=\"&quot;Digital First&quot; : B2B, il est temps de passer le num\u00e9rique en priorit\u00e9 1\" width=\"640\" height=\"427\" \/><\/a><figcaption id=\"caption-attachment-57630\" class=\"wp-caption-text\">Nous \u00e9tions bien partis, mais peut-\u00eatre que les pneus n&rsquo;\u00e9taient pas assez gonfl\u00e9s, la crevaison nous guettait en plein confinement. Il est temps de se remettre en selle et de passer au \u00ab\u00a0Digital First\u00a0\u00bb !<\/figcaption><\/figure>\n<p>Voil\u00e0 une ann\u00e9e dont nous nous souviendrons et \u00e0 laquelle nous dirons au revoir avec plaisir en janvier prochain.<\/p>\n<h3>Aux marketeurs de trouver de nouveaux relais de croissance<\/h3>\n<p>D&rsquo;ici l\u00e0, les marketeurs doivent trouver de nouveaux relais de croissance, en mettant en place des plans marketing ax\u00e9s sur le num\u00e9rique (voire <strong>uniquement sur le num\u00e9rique<\/strong>), car les \u00e9v\u00e9nements et les r\u00e9unions physiques sont annul\u00e9s ou report\u00e9s tout en g\u00e9rant les employ\u00e9s \u00e0 distance, dans le but de ramener des ventes \u00e0 tr\u00e8s court terme, tout en repensant son marketing de contenu et en explorant de nouveaux m\u00e9dias num\u00e9riques, et en maintenant (bien s\u00fbr) la paix des m\u00e9nages avec les enfants qui font les indiens \u00e0 la maison.<span class=\"Apple-converted-space\">\u00a0<\/span><\/p>\n<p>Cela signifie \u00e9galement que les <a href=\"https:\/\/visionarymarketing.com\/fr\/2020\/09\/achats-b2b\/\">acheteurs en B2B<\/a> doivent s&rsquo;adapter et changer leur fa\u00e7on de rechercher et de s\u00e9lectionner leurs fournisseurs.<span class=\"Apple-converted-space\">\u00a0<\/span><\/p>\n<p>Un d\u00e9fi de taille, on en conviendra ais\u00e9ment.<\/p>\n<h3>Les professionnels pl\u00e9biscitent les achats en self service, comme le grand public<\/h3>\n<p>Dans une \u00e9tude r\u00e9cente de McKinsey\u00a0 portant sur les d\u00e9cideurs de 11 pays et de sept secteurs, on d\u00e9couvre, sans trop de surprise, que le marketing num\u00e9rique et le travail \u00e0 distance seront des \u00e9l\u00e9ments essentiels du processus de vente des \u00a0mois \u00e0 venir. Ce d\u00e9placement des transactions vers le num\u00e9rique n&rsquo;est pas nouveau en soi, mais ce qui ressort de l&rsquo;\u00e9tude est que ce mouvement prend une importance primordiale aujourd&rsquo;hui .<span class=\"Apple-converted-space\">\u00a0<\/span><!--more--><\/p>\n<h3>McKinsey : 90 % des acheteurs B2B \u00e0 distance<\/h3>\n<p>Non seulement 90 % des acheteurs en B2B travaillent \u00e0 distance &#8211; par vid\u00e9oconf\u00e9rence, par t\u00e9l\u00e9phone ou par Internet &#8211; mais <strong>les d\u00e9cideurs de l&rsquo;\u00e9tude McKinsey<\/strong> consid\u00e8rent que les interactions num\u00e9riques sont <strong>deux \u00e0 trois fois plus importantes pour leurs clients que les interactions commerciales traditionnelles<\/strong>.<\/p>\n<figure id=\"attachment_57645\" aria-describedby=\"caption-attachment-57645\" style=\"width: 749px\" class=\"wp-caption aligncenter\"><a href=\"https:\/\/visionarymarketing.com\/wp-content\/uploads\/2020\/10\/screen-shot-2020-10-04-at-11-27-27.png\"><img decoding=\"async\" class=\"wp-image-57645 size-full\" src=\"https:\/\/visionarymarketing.com\/wp-content\/uploads\/2020\/10\/screen-shot-2020-10-04-at-11-27-27.png\" alt=\"Digital First\" width=\"749\" height=\"601\" srcset=\"https:\/\/visionarymarketing.com\/wp-content\/uploads\/2020\/10\/screen-shot-2020-10-04-at-11-27-27.png 749w, https:\/\/visionarymarketing.com\/wp-content\/uploads\/2020\/10\/screen-shot-2020-10-04-at-11-27-27-374x300.png 374w\" sizes=\"(max-width: 749px) 100vw, 749px\" \/><\/a><figcaption id=\"caption-attachment-57645\" class=\"wp-caption-text\">90 % du B2B sont pass\u00e9s au mod\u00e8le de vente virtuel sous l&rsquo;influence du Covid-19 (source : McKinsey &#8211; 2020)<\/figcaption><\/figure>\n<p>Bien que l&rsquo;\u00e9tude ait montr\u00e9 que certains restent sceptiques \u00e0 long terme, plus de la moiti\u00e9 des personnes interrog\u00e9es ont estim\u00e9 que les ventes \u00e0 distance \u00e9taient aussi efficaces, voire plus, que les mod\u00e8les de vente utilis\u00e9s avant la COVID-19.<span class=\"Apple-converted-space\">\u00a0<\/span><\/p>\n<p>Cette tendance \u00e0 accorder une plus grande importance aux interactions num\u00e9riques refl\u00e8te les changements dans les comportements d&rsquo;achat interentreprises observ\u00e9s au cours des deux derni\u00e8res ann\u00e9es et qui ont maintenant \u00e9t\u00e9 amplifi\u00e9s en raison de la pand\u00e9mie.<\/p>\n<h3>Le B2C comme mod\u00e8le pour le B2B<\/h3>\n<p><span style=\"color: #000000;\">Il n&rsquo;est pas surprenant que les clients B2B se soient fait \u00e0 l&rsquo;achat en ligne et le comparent naturellement \u00e0 leurs exp\u00e9riences personnelles de consommateurs. Dans l&rsquo;\u00e9tude McKinsey 2019 (pr\u00e9-Covid-19), cette tendance se dessinait d\u00e9j\u00e0.<\/span><\/p>\n<p><span style=\"color: #000000;\">En effet, cette enqu\u00eate mettait d\u00e9j\u00e0 en \u00e9vidence que <strong>les entreprises offrant une \u00ab\u00a0exp\u00e9rience num\u00e9rique exceptionnelle \u00e0 leurs acheteurs\u00a0\u00bb<\/strong> avaient <strong>deux fois plus de chances d&rsquo;\u00eatre choisies comme fournisseurs de r\u00e9f\u00e9rence<\/strong> que ceux dont l&rsquo; \u00ab\u00a0exp\u00e9rience num\u00e9rique \u00e9tait m\u00e9diocre\u00a0\u00bb.<\/span><\/p>\n<h3>Le site Web de l&rsquo;entreprise est un outil de vente B2B<\/h3>\n<p>Ce passage sans pr\u00e9c\u00e9dent \u00e0 une approche num\u00e9rique \u00ab\u00a0Digital First\u00a0\u00bb n&rsquo;est pas r\u00e9serv\u00e9 aux acheteurs des entreprises B2B ; <strong>les commerciaux, eux aussi, sont en train de changer de mod\u00e8le \u00e0 une vitesse inou\u00efe<\/strong>.<\/p>\n<p>Dans un r\u00e9cent <a href=\"https:\/\/web.archive.org\/web\/20230325044325\/https:\/\/contently.com\/2020\/07\/20\/content-everything-now\/\">article du magazine Contently<\/a>, il est indiqu\u00e9 qu&rsquo;un responsable marketing d&rsquo;une grande entreprise avait allou\u00e9, avant la pand\u00e9mie, 80 % de son budget marketing aux \u00e9v\u00e9nements physiques.<\/p>\n<p>Comme la plupart, voire la totalit\u00e9, des \u00e9v\u00e9nements passent au tout-num\u00e9rique, cela signifie que chaque point de contact de son cycle de vente prend \u00a0encore plus d&rsquo;importance, \u00e0 commencer par le site Web de son entreprise.<\/p>\n<figure id=\"attachment_57624\" aria-describedby=\"caption-attachment-57624\" style=\"width: 640px\" class=\"wp-caption aligncenter\"><a href=\"https:\/\/visionarymarketing.com\/wp-content\/uploads\/2020\/10\/jumpstory-download20201004-082710.jpg\"><img decoding=\"async\" class=\"wp-image-57624 size-full\" src=\"https:\/\/visionarymarketing.com\/wp-content\/uploads\/2020\/10\/jumpstory-download20201004-082710.jpg\" alt=\"Vente et marketing B2B : il est temps de passer au &quot;Digital First&quot;\" width=\"640\" height=\"408\" \/><\/a><figcaption id=\"caption-attachment-57624\" class=\"wp-caption-text\">Faisons un arr\u00eat au stand et revenons aux fondamentaux : votre site Web B2B est incontournable, c&rsquo;est un outil de vente.<\/figcaption><\/figure>\n<h3>Le business to business se met au num\u00e9rique<\/h3>\n<p>Ces derni\u00e8res ann\u00e9es, nous avons vu les marques du secteur business to business d\u00e9velopper leurs sites Web et en exploiter les potentialit\u00e9s, au-del\u00e0 des aspects de communication de marque, en mettant davantage l&rsquo;accent sur les ventes, la g\u00e9n\u00e9ration de leads et l&rsquo;acquisition de nouveaux clients.<span class=\"Apple-converted-space\">\u00a0<\/span><\/p>\n<p>Il va sans dire que dans les circonstances actuelles, un site Web B2B joue un r\u00f4le encore plus important en mettant en exergue l&rsquo;importance d&rsquo;une approche centr\u00e9e sur le client et donc, en stimulant les ventes futures.<span class=\"Apple-converted-space\">\u00a0<\/span><\/p>\n<p>Dans un environnement actuel o\u00f9 les interactions en face \u00e0 face sont faibles voire inexistantes, le <strong>commercial B2B doit \u00e9tablir une connexion humaine et r\u00e9pondre aux questions de l&rsquo;acheteur potentiel \u00e0 chaque point de contact sur le site Web<\/strong>. Ce n&rsquo;est pas chose facile, surtout lorsque les produits ou services propos\u00e9s sont complexes.<\/p>\n<h3>La fusion vente et marketing va s&rsquo;imposer \u00e0 tous comme une \u00e9vidence<\/h3>\n<p>Comme c&rsquo;est le marketing qui g\u00e8re, la plupart du temps, l&rsquo;exp\u00e9rience num\u00e9rique, la fa\u00e7on dont il interagit avec le commercial est fondamentale dans un parcours d&rsquo;acheteur B2B \u00ab\u00a0Digital-First\u00a0\u00bb.<\/p>\n<p>Ce rapprochement entre les deux d\u00e9partements d\u00e9pend du degr\u00e9 d&rsquo;adoption du mod\u00e8le de vente num\u00e9rique par les d\u00e9cideurs B2B. L&rsquo;\u00e9tude de McKinsey mentionn\u00e9e plus haut fournit quelques indications pays par pays. Ainsi, il n&rsquo;est peut-\u00eatre pas surprenant que la plupart des d\u00e9cideurs am\u00e9ricains soient favorables au passage au num\u00e9rique.<\/p>\n<p>La mani\u00e8re dont les entreprises B2B passeront au mod\u00e8le de vente num\u00e9rique sera principalement d\u00e9termin\u00e9e par leur volont\u00e9 de s&rsquo;adapter aux besoins de leurs clients potentiels et par la mani\u00e8re dont elles s&rsquo;organisent en interne pour \u00eatre en permanence agiles. Et, comme on le voit dans de nombreux domaines, l&rsquo;adoption des tactiques marketing B2C dans le domaine B2B se poursuivra, comme le d\u00e9montre l&rsquo;\u00e9tude McKinsey 2019.<\/p>\n<h3>Le chat en ligne parmi les priorit\u00e9s<\/h3>\n<p>L&rsquo;\u00e9tude a r\u00e9v\u00e9l\u00e9 que <strong>33 % des personnes interrog\u00e9es ont class\u00e9 l&rsquo;option de chat en ligne parmi les trois premi\u00e8res exigences pour un \u00ab\u00a0fournisseur de premier ordre\u00a0\u00bb<\/strong>.<\/p>\n<p>Lorsqu&rsquo;on leur a demand\u00e9 de citer les trois probl\u00e8mes les plus frustrants concernant les sites web des fournisseurs, les d\u00e9cideurs de l&rsquo;enqu\u00eate McKinsey ont cit\u00e9 la longueur du processus de commande, la difficult\u00e9 \u00e0 trouver les produits et les probl\u00e8mes techniques li\u00e9s \u00e0 la commande.<\/p>\n<p>A cela, les r\u00e9pondants ont ajout\u00e9 les sites Web confus ou anarchiques, le manque d&rsquo;informations sur les d\u00e9lais de livraison et le support technique, ainsi que la difficult\u00e9 \u00e0 param\u00e9trer le paiement en ligne.<\/p>\n<p>On peut dire qu&rsquo;il s&rsquo;agit des m\u00eames douleurs et frustrations que celles v\u00e9cues par les consommateurs sur les sites B2C aux premiers jours du commerce \u00e9lectronique.<span class=\"Apple-converted-space\">\u00a0<\/span><\/p>\n<h3>L&rsquo;importance accrue d&rsquo;un bon contenu<\/h3>\n<p>Comme les ventes d\u00e9pendent plus fortement du contenu pour alimenter le haut de l&rsquo;entonnoir de vente, les strat\u00e9gies de cr\u00e9ation de contenus au petit bonheur la chance n&rsquo;ont plus cours. Pendant trop longtemps, les marketeurs se sont content\u00e9 de publier \u00a0des contenus m\u00e9diocres en se focalisant sur la guerre de position dans les classements de Google, souvent au d\u00e9triment des taux de conversion se traduisant en ventes sonnantes et tr\u00e9buchantes.<span class=\"Apple-converted-space\">\u00a0<\/span><\/p>\n<p>Maintenant que le num\u00e9rique devient une bou\u00e9e de sauvetage pour les ventes, il est essentiel de cr\u00e9er et de diffuser des contenus qui r\u00e9pondent aux besoins des acheteurs et s&rsquo;alignent sur leur parcours. Les clients B2B d\u00e9sirent des contenus frais, nouveaux, en avance de phase, qui incitent \u00e0 la r\u00e9flexion et, disons-le, qui apportent des r\u00e9ponses \u00e0 leurs probl\u00e8mes.<\/p>\n<p>Pendant trop longtemps, le but du jeu a consist\u00e9 \u00e0 faire atterrir n&rsquo;importe qui &#8211; oui, n&rsquo;importe qui &#8211; sur une page Web gr\u00e2ce \u00e0 une recherche rapide dans Google. M\u00eame si les moteurs de recherche ont consid\u00e9rablement am\u00e9lior\u00e9 la pertinence des r\u00e9sultats de recherche, la responsabilit\u00e9 de la marque consiste \u00e0 servir le bon contenu, au bon moment, au bon public.<\/p>\n<p>Il ne devrait pas s&rsquo;agir &#8211; ni ne doit s&rsquo;agir &#8211; d&rsquo;une strat\u00e9gie de \u00ab\u00a0tir en aveugle\u00a0\u00bb. Pour y parvenir, il faut adopter une approche plus volontariste de cr\u00e9ation et de diffusion du contenu, li\u00e9e \u00e0 l&rsquo;entonnoir de vente et au cycle de vie de l&rsquo;acheteur, et rencontrer le public \u00e0 chaque \u00e9tape de son parcours d&rsquo;achat. C&rsquo;est \u00e0 ce stade que le contenu joue un r\u00f4le dans l&rsquo;am\u00e9lioration de l&rsquo;exp\u00e9rience de l&rsquo;acheteur et qu&rsquo;il a une r\u00e9elle valeur pour les ventes et la sant\u00e9 financi\u00e8re d&rsquo;une entreprise.<\/p>\n<h3>Avec le \u00ab\u00a0Digital First\u00a0\u00bb il faut apprendre \u00e0 \u00e9couter les besoins du public<\/h3>\n<p>\u00c0 mesure que les marques B2B passent \u00e0 un mod\u00e8le de vente \u00ab\u00a0Digital First\u00a0\u00bb, la possibilit\u00e9 de cr\u00e9er un contenu pertinent et opportun augmente gr\u00e2ce \u00e0 l&rsquo;\u00e9coute des besoins du public en s&rsquo;adaptant aux changements lorsque cela est n\u00e9cessaire.<\/p>\n<p>Les canaux digitaux offrent un large \u00e9ventail de possibilit\u00e9s pour se connecter, \u00e9couter et interagir avec des acheteurs potentiels, actuels et pass\u00e9s ; cela signifie que lorsque les entreprises utilisent strat\u00e9giquement le marketing de contenu, elles disposent d&rsquo;un avantage concurrentiel gr\u00e2ce \u00e0 leur connaissance approfondie des besoins de leur public. S&rsquo;ouvrir \u00e0 de nouveaux canaux peut signifier interagir avec des clients potentiels tout au long du processus d&rsquo;achat selon des modalit\u00e9s rarement utilis\u00e9es avant la COVID-19.<span class=\"Apple-converted-space\">\u00a0<\/span><\/p>\n<p>Rares \u00e9taient les marques B2B qui organisaient des chats sur Twitter, des pauses caf\u00e9 virtuelles, des \u00e9v\u00e9nements \u00ab\u00a0live\u00a0\u00bb sur LinkedIn et des \u00e9v\u00e9nements exclusivement num\u00e9riques, avant le coronavirus, mais c&rsquo;est maintenant presque une pratique courante. Pour souligner encore davantage ce changement, on note le doublement des budgets publicitaires des marketeurs \u00e0 destination des webinaires B2B, comme le rapporte <a href=\"https:\/\/mediaradar.com\/blog\/biggest-b2b-movers-may\/\">MediaRadar<\/a>.<\/p>\n<h3>Exploiter les podcasts pour accro\u00eetre la notori\u00e9t\u00e9 de la marque et la confiance des acheteurs<\/h3>\n<p>Il est probable que quelques marques B2B se soient lanc\u00e9es dans le podcast, en participant \u00e0 des podcasts de niche, en publiant l&rsquo;\u00e9pisode sur leur page de blog, ou peut-\u00eatre m\u00eame en essayant de lancer elles-m\u00eames un podcast.<\/p>\n<p>Quoi qu&rsquo;il en soit, \u00e0 mesure que l&rsquo;audio devient plus r\u00e9pandu pour renforcer la confiance et la notori\u00e9t\u00e9 des marques, le podcast pourrait \u00eatre le prochain grand moteur de vente pour les entreprises.<\/p>\n<p>Le nombre de podcasts ne cesse de cro\u00eetre d&rsquo;ann\u00e9e en ann\u00e9e, tout comme leur popularit\u00e9. Contrairement aux blogs, o\u00f9 les lecteurs ont tendance \u00e0 parcourir et \u00e0 abandonner rapidement, les auditeurs de podcasts passent plus de temps \u00e0 s&rsquo;int\u00e9resser au contenu.<span class=\"Apple-converted-space\">\u00a0<\/span><\/p>\n<p>Selon <a href=\"http:\/\/www.edisonresearch.com\/wp-content\/uploads\/2019\/04\/Edison-Research-Podcast-Consumer-2019.pdf\">l&rsquo;\u00e9tude d&rsquo;Edison Research de 2019<\/a>, 52 % des auditeurs de podcasts \u00e9couteront la totalit\u00e9 d&rsquo;un \u00e9pisode de podcast audio, et ils ont tendance \u00e0 \u00e9couter la plupart des \u00e9missions qu&rsquo;ils t\u00e9l\u00e9chargent sur leurs smartphones et autres appareils mobiles. Parmi les personnes interrog\u00e9es, 58 % \u00e9couteront entre 76 % et 100 % des \u00e9missions qu&rsquo;elles t\u00e9l\u00e9chargent.<span class=\"Apple-converted-space\">\u00a0<\/span><\/p>\n<p>La dur\u00e9e de vie des podcasts tend \u00e9galement \u00e0 \u00eatre plus longue, les auditeurs revenant souvent sur des \u00e9pisodes plus anciens.<span class=\"Apple-converted-space\">\u00a0<\/span><\/p>\n<p>Les podcasts continuent \u00e0 gagner en popularit\u00e9 dans tous les secteurs de l&rsquo;\u00e9conomie, et peuvent \u00eatre un excellent moyen de renforcer la notori\u00e9t\u00e9 et la confiance dans une marque et de se connecter \u00e0 un large public d&rsquo;auditeurs actifs.<\/p>\n<p>L&rsquo;avantage le plus convaincant des podcasts est peut-\u00eatre leur capacit\u00e9 \u00e0 mettre en relation les auditeurs de mani\u00e8re plus personnelle et, par cons\u00e9quent, \u00e0 \u00e9tablir des relations \u00e0 un niveau difficile \u00e0 atteindre par le biais, par exemple, d&rsquo;un blog.<span class=\"Apple-converted-space\">\u00a0<\/span><\/p>\n<p>Ils permettent aussi aux marques de lancer leur propre \u00e9mission ou d&rsquo;\u00eatre activement invit\u00e9es sur des podcasts partenaires qui sont sur des sujets connexes, voire potentiellement li\u00e9s \u00e0 leurs produits ou services ou encore \u00e0 des audiences faisant partie de relais de croissance potentiels.<span class=\"Apple-converted-space\">\u00a0<\/span><\/p>\n<h3>Faire fonctionner tout cela ensemble en temps de travail \u00e0 distance<\/h3>\n<p>L&rsquo;annonce par le PDG de Google que l&rsquo;entreprise <a href=\"https:\/\/www.wsj.com\/articles\/google-to-keep-employees-home-until-summer-2021-amid-coronavirus-pandemic-11595854201?mod=hp_lead_pos1\">prolongerait sa politique de travail \u00e0 distance<\/a> jusqu&rsquo;en 2021 est un signal d&rsquo;alarme pour les entreprises du monde entier, qui savent que la mani\u00e8re dont elles g\u00e8rent leur main-d&rsquo;\u0153uvre sera un long sprint vers l&rsquo;inconnu.<\/p>\n<p>D&rsquo;autres g\u00e9ants de la technologie ont suivi leur exemple, comme Mark Zuckerberg, qui s&rsquo;attend \u00e0 ce que la moiti\u00e9 des employ\u00e9s de Facebook soient \u00e0 distance d&rsquo;ici <a href=\"https:\/\/www.wsj.com\/articles\/facebook-to-shift-permanently-toward-more-remote-work-after-coronavirus-11590081300\">dix ans,<\/a> et Twitter, qui dit \u00e0 ses employ\u00e9s qu&rsquo;ils peuvent rester chez eux en permanence.<\/p>\n<p>Le d\u00e9fi consiste \u00e0 faire en sorte que les employ\u00e9s \u00e0 distance travaillent ensemble et atteignent les objectifs de vente des\u00a0mois \u00e0 venir. Pour le marketing, cela implique de d\u00e9ployer rapidement des campagnes dont l&rsquo;importance est vitale.<\/p>\n<h3>Comment les marketeurs B2B vont passer au num\u00e9rique<\/h3>\n<p>Le <a href=\"https:\/\/web.archive.org\/web\/20210105130921\/https:\/\/welcomesoftware.com\/top-martech-trends-2021\/\">rapport Insight de NewsCreds<\/a>, publi\u00e9 en juin de cette ann\u00e9e, donne un aper\u00e7u de la mani\u00e8re dont les responsables marketing pr\u00e9voient un passage au num\u00e9rique et \u00e0 une plus grande d\u00e9pendance aux technologies de marketing (martech) pour g\u00e9rer leurs campagnes \u00e0 l&rsquo;avenir.<\/p>\n<p>Selon cette \u00e9tude, l&rsquo;acc\u00e9l\u00e9ration de l&rsquo;ex\u00e9cution des campagnes est une priorit\u00e9 absolue pour 70 % des sp\u00e9cialistes du marketing interrog\u00e9s, ce qui pourrait entra\u00eener une augmentation des d\u00e9penses en technologies martech dans les mois \u00e0 venir.<\/p>\n<p>L&rsquo;enqu\u00eate CMO de<a href=\"https:\/\/www.gartner.com\/en\/newsroom\/press-releases\/2020-07-01-gartner-says-cmos-remain-optimistic-about-budgets-pos\"> Gartner, <\/a>publi\u00e9e en juillet dernier, fait \u00e9cho \u00e0 ce constat. La soci\u00e9t\u00e9 d&rsquo;analyse IT pr\u00e9voit que les d\u00e9penses en mati\u00e8re de martech se situeront \u00e0 26 % des budgets de marketing en 2020 ; sur les 432 directeurs marketing interrog\u00e9s, 68 % pr\u00e9voient une augmentation des investissements en martech dans les 12 prochains mois.<\/p>\n<h3>Beaucoup d&rsquo;achats en suites martech &#8230; pas toujours bien utilis\u00e9es<\/h3>\n<p>M\u00eame si les niveaux de d\u00e9penses restent au niveau d&rsquo;avant COVID-19, la plupart des march\u00e9s ont encore du mal \u00e0 utiliser toutes les capacit\u00e9s de leurs plateformes martech. Par exemple, les sp\u00e9cialistes du marketing de l&rsquo;\u00e9tude Gartner indiquent qu&rsquo;ils n&rsquo;utilisent que 58 % des capacit\u00e9s de leur suite \u00a0logicielle martech.<\/p>\n<p>Alors que le monde entier est dans l&rsquo;attente d&rsquo;un vaccin, les entreprises pr\u00e9parent leurs employ\u00e9s \u00e0 prolonger le travail \u00e0 distance, ce qui pourrait faire grimper les d\u00e9penses en martech au-del\u00e0 des pr\u00e9visions actuelles, car les \u00e9quipes de marketing doivent s&rsquo;appuyer sur la technologie pour collaborer aux campagnes et g\u00e9rer la collaboration au travail.<span class=\"Apple-converted-space\">\u00a0<\/span><\/p>\n<p>Aux \u00c9tats-Unis, selon une r\u00e9cente enqu\u00eate men\u00e9e par des \u00e9conomistes de la Harvard Business School, un travailleur sur six devrait continuer \u00e0 travailler \u00e0 domicile ou \u00e0 collaborer au moins deux jours par semaine. Ce changement dans l&rsquo;environnement de travail joue un r\u00f4le important dans la mani\u00e8re dont les plates-formes peuvent maintenir les \u00e9quipes dans le droit chemin et les faire travailler ensemble. Les responsables devront pr\u00e9venir ces changements et s&rsquo;assurer qu&rsquo;ils disposent des outils n\u00e9cessaires.<span class=\"Apple-converted-space\">\u00a0<\/span><\/p>\n<p>Une enqu\u00eate men\u00e9e aupr\u00e8s des responsables du recrutement sur Upwork a r\u00e9v\u00e9l\u00e9 qu&rsquo;un cinqui\u00e8me de la main-d&rsquo;\u0153uvre pourrait se retrouver ainsi totalement isol\u00e9e apr\u00e8s la pand\u00e9mie.<span class=\"Apple-converted-space\">\u00a0<\/span><\/p>\n<p>Alors que les directions g\u00e9n\u00e9rales s&rsquo;attaqueront aux incertitudes financi\u00e8res et commerciales des mois \u00e0 venir, il reste \u00e0 voir comment les budgets de marketing finiront par \u00eatre utilis\u00e9s.<span class=\"Apple-converted-space\">\u00a0<\/span><\/p>\n<p>M\u00eame si les directeurs marketing interrog\u00e9s dans l&rsquo;enqu\u00eate du Gartner restent optimistes, ils estiment qu&rsquo;ils sont d\u00e9connect\u00e9s du reste de la direction de l&rsquo;entreprise.<span class=\"Apple-converted-space\">\u00a0<\/span><\/p>\n<p>\u00ab\u00a0Les marketers restent sto\u00efques face \u00e0 l&rsquo;adversit\u00e9 et sont nettement d\u00e9phas\u00e9s par rapport aux autres membres de la direction\u00a0\u00bb, a d\u00e9clar\u00e9 <a href=\"https:\/\/www.gartner.com\/en\/experts\/ewan-mcintyre\">Ewan McIntyre<\/a>, vice-pr\u00e9sident et analyste du <a href=\"https:\/\/www.gartner.com\/en\/marketing\">Gartner for Marketers<\/a>. \u00ab\u00a0Nous observons un nombre important de PDG et de directeurs financiers qui \u00e9laborent des sc\u00e9narios qui incluant une deuxi\u00e8me vague de la pand\u00e9mie COVID-19. Alors que nous entrons dans les phases de \u00ab\u00a0reprise\u00a0\u00bb et de \u00ab\u00a0renouvellement\u00a0\u00bb de cette pand\u00e9mie, les directeurs financiers vont se concentrer sur la rentabilit\u00e9, et le marketing a le d\u00e9sagr\u00e9able avantage d&rsquo;\u00eatre en t\u00eate de liste des fonctions pour lesquelles les financiers chercheront \u00e0 r\u00e9duire encore plus les d\u00e9penses\u00a0\u00bb.<\/p>\n<p>Il est difficile de pr\u00e9voir comment se terminera le dernier trimestre de 2020. Alors que les pays se pr\u00e9parent \u00e0 une deuxi\u00e8me vague potentielle de fermetures en raison de l&rsquo;augmentation des cas de coronavirus apr\u00e8s les mois d&rsquo;\u00e9t\u00e9, les entreprises vont probablement proc\u00e9der \u00e0 des coupes budg\u00e9taires. Dans l&rsquo;\u00e9tude de Gartner, plus de 44 % des directeurs marketing interrog\u00e9s ont d\u00e9clar\u00e9 en avoir subi en milieu d&rsquo;ann\u00e9e en raison de la COVID-19, et parmi ceux-ci, 10,7 % pr\u00e9voient des r\u00e9ductions additionnelles de plus de 15 %.<\/p>\n<p>Dans ce contexte, la vraie question est de savoir si une approche \u00ab\u00a0Digital First\u00a0\u00bb permettra aux entreprises de se maintenir dans les mois \u00e0 venir, et ceci jusqu&rsquo;en 2021.<\/p>\n<div itemscope itemtype=\"http:\/\/schema.org\/AudioObject\"><meta itemprop=\"name\" content=\"Vente et marketing B2B : il est temps de passer au \u00ab\u00a0Digital First\u00a0\u00bb\" \/><meta itemprop=\"uploadDate\" content=\"2020-10-05T08:30:14+02:00\" \/><meta itemprop=\"encodingFormat\" content=\"audio\/mpeg\" \/><meta itemprop=\"duration\" content=\"PT15M58S\" \/><meta itemprop=\"description\" content=\"Depuis le temps que nous stimulons les entreprises pour passer au digital, voici que la Covid-19 est en train de leur faire sauter une \u00e9tape, et de les emmener directement au &quot;Digital First&quot;.\u00a0Alors que la rentr\u00e9e est d\u00e9j\u00e0 derri\u00e8re nous et que les ent...\" \/><meta itemprop=\"contentUrl\" content=\"https:\/\/media.blubrry.com\/visionarymarketing_les\/agence.visionarymarketing.com\/files\/podcasts\/Digital-first-mixdown.mp3\" \/><meta itemprop=\"contentSize\" content=\"22.0\" \/><div class=\"powerpress_player\" id=\"powerpress_player_449\"><audio class=\"wp-audio-shortcode\" id=\"audio-57623-1\" preload=\"none\" style=\"width: 100%;\" controls=\"controls\"><source type=\"audio\/mpeg\" src=\"https:\/\/media.blubrry.com\/visionarymarketing_les\/agence.visionarymarketing.com\/files\/podcasts\/Digital-first-mixdown.mp3?_=1\" \/><a href=\"https:\/\/media.blubrry.com\/visionarymarketing_les\/agence.visionarymarketing.com\/files\/podcasts\/Digital-first-mixdown.mp3\">https:\/\/media.blubrry.com\/visionarymarketing_les\/agence.visionarymarketing.com\/files\/podcasts\/Digital-first-mixdown.mp3<\/a><\/audio><\/div><\/div><p class=\"powerpress_links powerpress_links_mp3\" style=\"margin-bottom: 1px !important;\">Podcast: <a href=\"https:\/\/media.blubrry.com\/visionarymarketing_les\/agence.visionarymarketing.com\/files\/podcasts\/Digital-first-mixdown.mp3\" class=\"powerpress_link_pinw\" target=\"_blank\" title=\"Play in new window\" onclick=\"return powerpress_pinw('https:\/\/visionarymarketing.com\/fr\/\/?powerpress_pinw=57623-podcast');\" rel=\"nofollow\">Play in new window<\/a> | <a href=\"https:\/\/media.blubrry.com\/visionarymarketing_les\/agence.visionarymarketing.com\/files\/podcasts\/Digital-first-mixdown.mp3\" class=\"powerpress_link_d\" title=\"Download\" rel=\"nofollow\" download=\"Digital-first-mixdown.mp3\">Download<\/a> (Duration: 15:58 &#8212; 22.0MB)<\/p><p class=\"powerpress_links powerpress_subscribe_links\">Subscribe: <a href=\"https:\/\/itunes.apple.com\/us\/podcast\/visionarymarketing-les-interviews\/id731295319?mt=2&amp;ls=1#episodeGuid=https%3A%2F%2Fvisionarymarketing.com%2F%3Fp%3D57623\" class=\"powerpress_link_subscribe powerpress_link_subscribe_itunes\" target=\"_blank\" title=\"Subscribe on Apple Podcasts\" rel=\"nofollow\">Apple Podcasts<\/a> | <a href=\"https:\/\/open.spotify.com\/show\/52VnZ1mhVSnDs4tQOx7Vuc\" class=\"powerpress_link_subscribe powerpress_link_subscribe_spotify\" target=\"_blank\" title=\"Subscribe on Spotify\" rel=\"nofollow\">Spotify<\/a> | <a href=\"https:\/\/subscribeonandroid.com\/visionarymarketing.com\/fr\/feed\/podcast\/\" class=\"powerpress_link_subscribe powerpress_link_subscribe_android\" target=\"_blank\" title=\"Subscribe on Android\" rel=\"nofollow\">Android<\/a> | <a href=\"https:\/\/visionarymarketing.com\/fr\/feed\/podcast\/\" class=\"powerpress_link_subscribe powerpress_link_subscribe_rss\" target=\"_blank\" title=\"Subscribe via RSS\" rel=\"nofollow\">RSS<\/a><\/p>","protected":false},"excerpt":{"rendered":"<p>Depuis le temps que nous stimulons les entreprises pour passer au digital, voici que la Covid-19 est en train de leur faire sauter une \u00e9tape, et de les emmener directement au \u00ab\u00a0Digital First\u00a0\u00bb.\u00a0Alors que la rentr\u00e9e est d\u00e9j\u00e0 derri\u00e8re nous et que les entreprises se pr\u00e9parent \u00e0 une fin d&rsquo;ann\u00e9e difficile, la perspective de remplir &hellip;<\/p>\n","protected":false},"author":105,"featured_media":57625,"comment_status":"open","ping_status":"open","sticky":false,"template":"","format":"standard","meta":{"footnotes":""},"categories":[2808],"tags":[],"class_list":["post-57623","post","type-post","status-publish","format-standard","has-post-thumbnail","hentry","category-transformation-digitale"],"yoast_head":"<!-- This site is optimized with the Yoast SEO plugin v27.5 - https:\/\/yoast.com\/product\/yoast-seo-wordpress\/ -->\n<title>Vente et marketing B2B : il est temps de passer au &quot;Digital First&quot;<\/title>\n<meta name=\"description\" content=\"Le Covid-19 est en train de leur faire sauter une \u00e9tape, et de les emmener directement au &quot;Digital First&quot; o\u00f9 le num\u00e9rique joue le premier r\u00f4le\" \/>\n<meta name=\"robots\" content=\"index, follow, max-snippet:-1, max-image-preview:large, max-video-preview:-1\" \/>\n<link rel=\"canonical\" href=\"https:\/\/visionarymarketing.com\/fr\/2020\/10\/05\/digital-first\/\" \/>\n<meta property=\"og:locale\" content=\"fr_FR\" \/>\n<meta property=\"og:type\" content=\"article\" \/>\n<meta property=\"og:title\" content=\"Vente et marketing B2B : il est temps de passer au &quot;Digital First&quot;\" \/>\n<meta property=\"og:description\" content=\"Le Covid-19 est en train de leur faire sauter une \u00e9tape, et de les emmener directement au &quot;Digital First&quot; o\u00f9 le num\u00e9rique joue le premier r\u00f4le\" \/>\n<meta property=\"og:url\" content=\"https:\/\/visionarymarketing.com\/fr\/2020\/10\/05\/digital-first\/\" \/>\n<meta property=\"og:site_name\" content=\"Marketing and Innovation\" \/>\n<meta property=\"article:publisher\" content=\"https:\/\/www.facebook.com\/vismktg\" \/>\n<meta property=\"article:published_time\" content=\"2020-10-05T06:30:14+00:00\" \/>\n<meta property=\"article:modified_time\" content=\"2023-12-24T09:58:52+00:00\" \/>\n<meta property=\"og:image\" content=\"https:\/\/visionarymarketing.com\/wp-content\/uploads\/2020\/10\/jumpstory-download20201004-082847.jpg\" \/>\n\t<meta property=\"og:image:width\" content=\"640\" \/>\n\t<meta property=\"og:image:height\" content=\"427\" \/>\n\t<meta property=\"og:image:type\" content=\"image\/jpeg\" \/>\n<meta name=\"author\" content=\"Susan Langmann\" \/>\n<meta name=\"twitter:card\" content=\"summary_large_image\" \/>\n<meta name=\"twitter:creator\" content=\"@ygourven\" \/>\n<meta name=\"twitter:site\" content=\"@ygourven\" \/>\n<meta name=\"twitter:label1\" content=\"\u00c9crit par\" \/>\n\t<meta name=\"twitter:data1\" content=\"Susan Langmann\" \/>\n\t<meta name=\"twitter:label2\" content=\"Dur\u00e9e de lecture estim\u00e9e\" \/>\n\t<meta name=\"twitter:data2\" content=\"14 minutes\" \/>\n<script type=\"application\/ld+json\" class=\"yoast-schema-graph\">{\"@context\":\"https:\\\/\\\/schema.org\",\"@graph\":[{\"@type\":\"NewsArticle\",\"@id\":\"https:\\\/\\\/visionarymarketing.com\\\/fr\\\/2020\\\/10\\\/05\\\/digital-first\\\/#article\",\"isPartOf\":{\"@id\":\"https:\\\/\\\/visionarymarketing.com\\\/fr\\\/2020\\\/10\\\/05\\\/digital-first\\\/\"},\"author\":{\"name\":\"Susan Langmann\",\"@id\":\"https:\\\/\\\/visionarymarketing.com\\\/fr\\\/#\\\/schema\\\/person\\\/a5d8980ad0476c098ae16995fc4f3dc8\"},\"headline\":\"Vente et marketing B2B : il est temps de passer au \u00ab\u00a0Digital First\u00a0\u00bb\",\"datePublished\":\"2020-10-05T06:30:14+00:00\",\"dateModified\":\"2023-12-24T09:58:52+00:00\",\"mainEntityOfPage\":{\"@id\":\"https:\\\/\\\/visionarymarketing.com\\\/fr\\\/2020\\\/10\\\/05\\\/digital-first\\\/\"},\"wordCount\":3221,\"commentCount\":2,\"image\":{\"@id\":\"https:\\\/\\\/visionarymarketing.com\\\/fr\\\/2020\\\/10\\\/05\\\/digital-first\\\/#primaryimage\"},\"thumbnailUrl\":\"https:\\\/\\\/visionarymarketing.com\\\/wp-content\\\/uploads\\\/2020\\\/10\\\/jumpstory-download20201004-082847.jpg\",\"articleSection\":[\"Transformation\"],\"inLanguage\":\"fr-FR\",\"potentialAction\":[{\"@type\":\"CommentAction\",\"name\":\"Comment\",\"target\":[\"https:\\\/\\\/visionarymarketing.com\\\/fr\\\/2020\\\/10\\\/05\\\/digital-first\\\/#respond\"]}]},{\"@type\":\"WebPage\",\"@id\":\"https:\\\/\\\/visionarymarketing.com\\\/fr\\\/2020\\\/10\\\/05\\\/digital-first\\\/\",\"url\":\"https:\\\/\\\/visionarymarketing.com\\\/fr\\\/2020\\\/10\\\/05\\\/digital-first\\\/\",\"name\":\"Vente et marketing B2B : il est temps de passer au \\\"Digital First\\\"\",\"isPartOf\":{\"@id\":\"https:\\\/\\\/visionarymarketing.com\\\/fr\\\/#website\"},\"primaryImageOfPage\":{\"@id\":\"https:\\\/\\\/visionarymarketing.com\\\/fr\\\/2020\\\/10\\\/05\\\/digital-first\\\/#primaryimage\"},\"image\":{\"@id\":\"https:\\\/\\\/visionarymarketing.com\\\/fr\\\/2020\\\/10\\\/05\\\/digital-first\\\/#primaryimage\"},\"thumbnailUrl\":\"https:\\\/\\\/visionarymarketing.com\\\/wp-content\\\/uploads\\\/2020\\\/10\\\/jumpstory-download20201004-082847.jpg\",\"datePublished\":\"2020-10-05T06:30:14+00:00\",\"dateModified\":\"2023-12-24T09:58:52+00:00\",\"author\":{\"@id\":\"https:\\\/\\\/visionarymarketing.com\\\/fr\\\/#\\\/schema\\\/person\\\/a5d8980ad0476c098ae16995fc4f3dc8\"},\"description\":\"Le Covid-19 est en train de leur faire sauter une \u00e9tape, et de les emmener directement au \\\"Digital First\\\" o\u00f9 le num\u00e9rique joue le premier r\u00f4le\",\"breadcrumb\":{\"@id\":\"https:\\\/\\\/visionarymarketing.com\\\/fr\\\/2020\\\/10\\\/05\\\/digital-first\\\/#breadcrumb\"},\"inLanguage\":\"fr-FR\",\"potentialAction\":[{\"@type\":\"ReadAction\",\"target\":[\"https:\\\/\\\/visionarymarketing.com\\\/fr\\\/2020\\\/10\\\/05\\\/digital-first\\\/\"]}]},{\"@type\":\"ImageObject\",\"inLanguage\":\"fr-FR\",\"@id\":\"https:\\\/\\\/visionarymarketing.com\\\/fr\\\/2020\\\/10\\\/05\\\/digital-first\\\/#primaryimage\",\"url\":\"https:\\\/\\\/visionarymarketing.com\\\/wp-content\\\/uploads\\\/2020\\\/10\\\/jumpstory-download20201004-082847.jpg\",\"contentUrl\":\"https:\\\/\\\/visionarymarketing.com\\\/wp-content\\\/uploads\\\/2020\\\/10\\\/jumpstory-download20201004-082847.jpg\",\"width\":519,\"height\":346},{\"@type\":\"BreadcrumbList\",\"@id\":\"https:\\\/\\\/visionarymarketing.com\\\/fr\\\/2020\\\/10\\\/05\\\/digital-first\\\/#breadcrumb\",\"itemListElement\":[{\"@type\":\"ListItem\",\"position\":1,\"name\":\"Home\",\"item\":\"https:\\\/\\\/visionarymarketing.com\\\/fr\\\/\"},{\"@type\":\"ListItem\",\"position\":2,\"name\":\"Vente et marketing B2B : il est temps de passer au \u00ab\u00a0Digital First\u00a0\u00bb\"}]},{\"@type\":\"WebSite\",\"@id\":\"https:\\\/\\\/visionarymarketing.com\\\/fr\\\/#website\",\"url\":\"https:\\\/\\\/visionarymarketing.com\\\/fr\\\/\",\"name\":\"Marketing and Innovation\",\"description\":\"Site d&#039;infos ind\u00e9pendant, depuis 1996\",\"potentialAction\":[{\"@type\":\"SearchAction\",\"target\":{\"@type\":\"EntryPoint\",\"urlTemplate\":\"https:\\\/\\\/visionarymarketing.com\\\/fr\\\/?s={search_term_string}\"},\"query-input\":{\"@type\":\"PropertyValueSpecification\",\"valueRequired\":true,\"valueName\":\"search_term_string\"}}],\"inLanguage\":\"fr-FR\"},{\"@type\":\"Person\",\"@id\":\"https:\\\/\\\/visionarymarketing.com\\\/fr\\\/#\\\/schema\\\/person\\\/a5d8980ad0476c098ae16995fc4f3dc8\",\"name\":\"Susan Langmann\",\"image\":{\"@type\":\"ImageObject\",\"inLanguage\":\"fr-FR\",\"@id\":\"https:\\\/\\\/secure.gravatar.com\\\/avatar\\\/ea303e01ab3722bb1fb90ae5c7927df9db1b8418943f87d440289a1159ac377f?s=96&d=initials&r=g&initials=su\",\"url\":\"https:\\\/\\\/secure.gravatar.com\\\/avatar\\\/ea303e01ab3722bb1fb90ae5c7927df9db1b8418943f87d440289a1159ac377f?s=96&d=initials&r=g&initials=su\",\"contentUrl\":\"https:\\\/\\\/secure.gravatar.com\\\/avatar\\\/ea303e01ab3722bb1fb90ae5c7927df9db1b8418943f87d440289a1159ac377f?s=96&d=initials&r=g&initials=su\",\"caption\":\"Susan Langmann\"},\"description\":\"Founder sl.digital - B2B Brand Content Writer and Strategist\",\"sameAs\":[\"https:\\\/\\\/www.susanlangmann.com\"],\"url\":\"https:\\\/\\\/visionarymarketing.com\\\/fr\\\/author\\\/susanlangman\\\/\"}]}<\/script>\n<!-- \/ Yoast SEO plugin. -->","yoast_head_json":{"title":"Vente et marketing B2B : il est temps de passer au \"Digital First\"","description":"Le Covid-19 est en train de leur faire sauter une \u00e9tape, et de les emmener directement au \"Digital First\" o\u00f9 le num\u00e9rique joue le premier r\u00f4le","robots":{"index":"index","follow":"follow","max-snippet":"max-snippet:-1","max-image-preview":"max-image-preview:large","max-video-preview":"max-video-preview:-1"},"canonical":"https:\/\/visionarymarketing.com\/fr\/2020\/10\/05\/digital-first\/","og_locale":"fr_FR","og_type":"article","og_title":"Vente et marketing B2B : il est temps de passer au \"Digital First\"","og_description":"Le Covid-19 est en train de leur faire sauter une \u00e9tape, et de les emmener directement au \"Digital First\" o\u00f9 le num\u00e9rique joue le premier r\u00f4le","og_url":"https:\/\/visionarymarketing.com\/fr\/2020\/10\/05\/digital-first\/","og_site_name":"Marketing and Innovation","article_publisher":"https:\/\/www.facebook.com\/vismktg","article_published_time":"2020-10-05T06:30:14+00:00","article_modified_time":"2023-12-24T09:58:52+00:00","og_image":[{"width":640,"height":427,"url":"https:\/\/visionarymarketing.com\/wp-content\/uploads\/2020\/10\/jumpstory-download20201004-082847.jpg","type":"image\/jpeg"}],"author":"Susan Langmann","twitter_card":"summary_large_image","twitter_creator":"@ygourven","twitter_site":"@ygourven","twitter_misc":{"\u00c9crit par":"Susan Langmann","Dur\u00e9e de lecture estim\u00e9e":"14 minutes"},"schema":{"@context":"https:\/\/schema.org","@graph":[{"@type":"NewsArticle","@id":"https:\/\/visionarymarketing.com\/fr\/2020\/10\/05\/digital-first\/#article","isPartOf":{"@id":"https:\/\/visionarymarketing.com\/fr\/2020\/10\/05\/digital-first\/"},"author":{"name":"Susan Langmann","@id":"https:\/\/visionarymarketing.com\/fr\/#\/schema\/person\/a5d8980ad0476c098ae16995fc4f3dc8"},"headline":"Vente et marketing B2B : il est temps de passer au \u00ab\u00a0Digital First\u00a0\u00bb","datePublished":"2020-10-05T06:30:14+00:00","dateModified":"2023-12-24T09:58:52+00:00","mainEntityOfPage":{"@id":"https:\/\/visionarymarketing.com\/fr\/2020\/10\/05\/digital-first\/"},"wordCount":3221,"commentCount":2,"image":{"@id":"https:\/\/visionarymarketing.com\/fr\/2020\/10\/05\/digital-first\/#primaryimage"},"thumbnailUrl":"https:\/\/visionarymarketing.com\/wp-content\/uploads\/2020\/10\/jumpstory-download20201004-082847.jpg","articleSection":["Transformation"],"inLanguage":"fr-FR","potentialAction":[{"@type":"CommentAction","name":"Comment","target":["https:\/\/visionarymarketing.com\/fr\/2020\/10\/05\/digital-first\/#respond"]}]},{"@type":"WebPage","@id":"https:\/\/visionarymarketing.com\/fr\/2020\/10\/05\/digital-first\/","url":"https:\/\/visionarymarketing.com\/fr\/2020\/10\/05\/digital-first\/","name":"Vente et marketing B2B : il est temps de passer au \"Digital First\"","isPartOf":{"@id":"https:\/\/visionarymarketing.com\/fr\/#website"},"primaryImageOfPage":{"@id":"https:\/\/visionarymarketing.com\/fr\/2020\/10\/05\/digital-first\/#primaryimage"},"image":{"@id":"https:\/\/visionarymarketing.com\/fr\/2020\/10\/05\/digital-first\/#primaryimage"},"thumbnailUrl":"https:\/\/visionarymarketing.com\/wp-content\/uploads\/2020\/10\/jumpstory-download20201004-082847.jpg","datePublished":"2020-10-05T06:30:14+00:00","dateModified":"2023-12-24T09:58:52+00:00","author":{"@id":"https:\/\/visionarymarketing.com\/fr\/#\/schema\/person\/a5d8980ad0476c098ae16995fc4f3dc8"},"description":"Le Covid-19 est en train de leur faire sauter une \u00e9tape, et de les emmener directement au \"Digital First\" o\u00f9 le num\u00e9rique joue le premier r\u00f4le","breadcrumb":{"@id":"https:\/\/visionarymarketing.com\/fr\/2020\/10\/05\/digital-first\/#breadcrumb"},"inLanguage":"fr-FR","potentialAction":[{"@type":"ReadAction","target":["https:\/\/visionarymarketing.com\/fr\/2020\/10\/05\/digital-first\/"]}]},{"@type":"ImageObject","inLanguage":"fr-FR","@id":"https:\/\/visionarymarketing.com\/fr\/2020\/10\/05\/digital-first\/#primaryimage","url":"https:\/\/visionarymarketing.com\/wp-content\/uploads\/2020\/10\/jumpstory-download20201004-082847.jpg","contentUrl":"https:\/\/visionarymarketing.com\/wp-content\/uploads\/2020\/10\/jumpstory-download20201004-082847.jpg","width":519,"height":346},{"@type":"BreadcrumbList","@id":"https:\/\/visionarymarketing.com\/fr\/2020\/10\/05\/digital-first\/#breadcrumb","itemListElement":[{"@type":"ListItem","position":1,"name":"Home","item":"https:\/\/visionarymarketing.com\/fr\/"},{"@type":"ListItem","position":2,"name":"Vente et marketing B2B : il est temps de passer au \u00ab\u00a0Digital First\u00a0\u00bb"}]},{"@type":"WebSite","@id":"https:\/\/visionarymarketing.com\/fr\/#website","url":"https:\/\/visionarymarketing.com\/fr\/","name":"Marketing and Innovation","description":"Site d&#039;infos ind\u00e9pendant, depuis 1996","potentialAction":[{"@type":"SearchAction","target":{"@type":"EntryPoint","urlTemplate":"https:\/\/visionarymarketing.com\/fr\/?s={search_term_string}"},"query-input":{"@type":"PropertyValueSpecification","valueRequired":true,"valueName":"search_term_string"}}],"inLanguage":"fr-FR"},{"@type":"Person","@id":"https:\/\/visionarymarketing.com\/fr\/#\/schema\/person\/a5d8980ad0476c098ae16995fc4f3dc8","name":"Susan Langmann","image":{"@type":"ImageObject","inLanguage":"fr-FR","@id":"https:\/\/secure.gravatar.com\/avatar\/ea303e01ab3722bb1fb90ae5c7927df9db1b8418943f87d440289a1159ac377f?s=96&d=initials&r=g&initials=su","url":"https:\/\/secure.gravatar.com\/avatar\/ea303e01ab3722bb1fb90ae5c7927df9db1b8418943f87d440289a1159ac377f?s=96&d=initials&r=g&initials=su","contentUrl":"https:\/\/secure.gravatar.com\/avatar\/ea303e01ab3722bb1fb90ae5c7927df9db1b8418943f87d440289a1159ac377f?s=96&d=initials&r=g&initials=su","caption":"Susan Langmann"},"description":"Founder sl.digital - B2B Brand Content Writer and Strategist","sameAs":["https:\/\/www.susanlangmann.com"],"url":"https:\/\/visionarymarketing.com\/fr\/author\/susanlangman\/"}]}},"_links":{"self":[{"href":"https:\/\/visionarymarketing.com\/fr\/wp-json\/wp\/v2\/posts\/57623","targetHints":{"allow":["GET"]}}],"collection":[{"href":"https:\/\/visionarymarketing.com\/fr\/wp-json\/wp\/v2\/posts"}],"about":[{"href":"https:\/\/visionarymarketing.com\/fr\/wp-json\/wp\/v2\/types\/post"}],"author":[{"embeddable":true,"href":"https:\/\/visionarymarketing.com\/fr\/wp-json\/wp\/v2\/users\/105"}],"replies":[{"embeddable":true,"href":"https:\/\/visionarymarketing.com\/fr\/wp-json\/wp\/v2\/comments?post=57623"}],"version-history":[{"count":0,"href":"https:\/\/visionarymarketing.com\/fr\/wp-json\/wp\/v2\/posts\/57623\/revisions"}],"wp:featuredmedia":[{"embeddable":true,"href":"https:\/\/visionarymarketing.com\/fr\/wp-json\/wp\/v2\/media\/57625"}],"wp:attachment":[{"href":"https:\/\/visionarymarketing.com\/fr\/wp-json\/wp\/v2\/media?parent=57623"}],"wp:term":[{"taxonomy":"category","embeddable":true,"href":"https:\/\/visionarymarketing.com\/fr\/wp-json\/wp\/v2\/categories?post=57623"},{"taxonomy":"post_tag","embeddable":true,"href":"https:\/\/visionarymarketing.com\/fr\/wp-json\/wp\/v2\/tags?post=57623"}],"curies":[{"name":"wp","href":"https:\/\/api.w.org\/{rel}","templated":true}]}}