{"id":56551,"date":"2020-10-06T08:30:50","date_gmt":"2020-10-06T06:30:50","guid":{"rendered":"https:\/\/visionarymarketing.com\/?p=56551"},"modified":"2025-05-07T17:56:39","modified_gmt":"2025-05-07T15:56:39","slug":"enceintes-connectees","status":"publish","type":"post","link":"https:\/\/visionarymarketing.com\/fr\/2020\/10\/06\/enceintes-connectees\/","title":{"rendered":"Enceintes connect\u00e9es dans les foyers fran\u00e7ais &#8211; Etude en ligne 2020"},"content":{"rendered":"<p><em>Voil\u00e0 bien longtemps maintenant que nous entendons parler des enceintes connect\u00e9es, assistants vocaux, ou autres d\u00e9nominations pour ces nouveaux terminaux intelligents, dont on n&rsquo;a pas h\u00e9sit\u00e9 \u00e0 dire ces derni\u00e8res ann\u00e9es qu&rsquo;ils allaient reconfigurer\u00a0notre usage d\u2019Internet, pour rechercher, consulter de l\u2019information et m\u00eame pour acheter.\u00a0<\/em> <em>Cette reconfiguration de l&rsquo;Internet par l&rsquo;assistant vocal, devait m\u00eame aller bien au-del\u00e0\u00a0de ce que l&rsquo;on conna\u00eet traditionnellement depuis des ann\u00e9es avec les assistants vocaux sur les t\u00e9l\u00e9phones comme\u00a0Siri\u00a0ou\u00a0Google.\u00a0\u00a0<\/em><\/p>\n<h2>Etude flash : les enceintes connect\u00e9es dans les foyers fran\u00e7ais (livre blanc)<\/h2>\n<figure id=\"attachment_57482\" aria-describedby=\"caption-attachment-57482\" style=\"width: 520px\" class=\"wp-caption aligncenter\"><a href=\"https:\/\/vismktg.info\/enc2020\" target=\"_blank\" rel=\"noopener noreferrer\"><img decoding=\"async\" class=\"wp-image-57482 size-full\" src=\"https:\/\/visionarymarketing.com\/wp-content\/uploads\/2020\/09\/etude-enceintes-connectees.jpg\" alt=\"\u00e9tude enceintes connect\u00e9es 2020\" width=\"520\" height=\"340\" srcset=\"https:\/\/visionarymarketing.com\/wp-content\/uploads\/2020\/09\/etude-enceintes-connectees.jpg 520w, https:\/\/visionarymarketing.com\/wp-content\/uploads\/2020\/09\/etude-enceintes-connectees-459x300.jpg 459w\" sizes=\"(max-width: 520px) 100vw, 520px\" \/><\/a><figcaption id=\"caption-attachment-57482\" class=\"wp-caption-text\">\u00e9tude enceintes connect\u00e9es 2020 &#8211; sur\u00a0<a href=\"https:\/\/vismktg.info\/enc2020\" target=\"_blank\" rel=\"noopener noreferrer\">https:\/\/vismktg.info\/enc2020<\/a><\/figcaption><\/figure>\n<p>L&rsquo;ann\u00e9e derni\u00e8re, <a href=\"https:\/\/visionarymarketing.com\/fr\/2019\/07\/interfaces-vocales\/\" target=\"_blank\" rel=\"noopener noreferrer\">une \u00e9tude r\u00e9alis\u00e9e<\/a>\u00a0par\u00a0EMLyon\u00a0et\u00a0dont les r\u00e9sultats ont \u00e9t\u00e9 comment\u00e9s\u00a0sur les colonnes de\u00a0Visionary Marketing\u00a0avait\u00a0cependant jet\u00e9\u00a0le doute sur l&rsquo;importance de cette avanc\u00e9e technologique de l&rsquo;assistant vocal.\u00a0\u00a0 <strong>S&rsquo;agit-il d&rsquo;une v\u00e9ritable perc\u00e9e pour le Web ? Quelle est la r\u00e9alit\u00e9 derri\u00e8re l&rsquo;usage de ces enceintes connect\u00e9es ? Quel est le niveau de compr\u00e9hension de leurs utilisateurs ? Autant de questions que nous nous posions sans forc\u00e9ment pouvoir y r\u00e9pondre.\u00a0\u00a0<\/strong><\/p>\n<p><!--more--><\/p>\n<h3>Micro-\u00e9tude enceintes connect\u00e9es lanc\u00e9e pendant le confinement du printemps 2020<\/h3>\n<p>A la faveur d&rsquo;une mise en relation avec les responsables de <a href=\"https:\/\/www.generationsandco.com\/qui-sommes-nous\/\" target=\"_blank\" rel=\"noopener noreferrer\">monpanelfamille.com<\/a>, nous avons d\u00e9cid\u00e9 en commun de lancer une enqu\u00eate sur leur panel grand public. Nous avions les questions, ils avaient les panels disponibles, nous avons donc\u00a0fait \u00e9quipe pour lancer\u00a0une micro-\u00e9tude, pendant le confinement\u00a0du printemps 2020, afin de <strong>mieux comprendre les limites et les espoirs que nous r\u00e9serv<\/strong><strong>aient\u00a0les innovations\u00a0vocales\u00a0sur\u00a0Internet<\/strong>.\u00a0\u00a0 Et force est de constater que nous n&rsquo;avons pas \u00e9t\u00e9 d\u00e9\u00e7us par les r\u00e9sultats.\u00a0Ceux-ci ont \u00e9t\u00e9 tr\u00e8s surprenants. Et aussi encourageants\u00a0pour le d\u00e9veloppement de ces nouvelles technologies et de\u00a0ces nouvelles interfaces\u00a0naturelles\u00a0dont nous suivons les d\u00e9veloppements\u00a0sur Visionary Marketing\u00a0depuis\u00a0plus de vingt ans.<\/p>\n<h3>Enseignements de cette \u00e9tude sur les usages des enceintes connect\u00e9es par les foyers fran\u00e7ais<\/h3>\n<p>Ce bref sondage sur un large \u00e9chantillon de repr\u00e9sentants de\u00a0foyers fran\u00e7ais prix au fil de l&rsquo;eau parmi\u00a0le panel\u00a0de\u00a0monpanelfamille.com (719 r\u00e9ponses, dont 356 ) a permis de dresser un portrait-robot de l&rsquo;\u00e9quipement des foyers\u00a0en France en termes\u00a0d\u2019enceintes connect\u00e9es\u00a0et\u00a0de\u00a0leurs usages.<\/p>\n<ul>\n<li>Premi\u00e8re surprise,\u00a0le <strong>nombre relativement important<\/strong><strong>,\u00a0et probablement un peu sur\u00e9valu\u00e9, de\u00a0foyers \u00e9quip\u00e9<\/strong><strong>s<\/strong>. Sur nos 719 r\u00e9pondants, 356 d\u00e9clarent \u00eatre \u00e9quip\u00e9s de 1 ou plusieurs enceintes connect\u00e9es, soit <strong>49,5 %<\/strong>. Cela traduit certainement un l\u00e9ger biais du fait de la large majorit\u00e9 d&rsquo;hommes ayant r\u00e9pondu \u00e0 ce sondage (93%). Les chiffres et les autres \u00e9tudes et des statistiques disponibles, nous permettent d&rsquo;apporter des nuances \u00e0 ces r\u00e9sultats.<\/li>\n<li>Deuxi\u00e8mement, nous observons un <strong>usage<\/strong> de ces outils qui\u00a0n\u2019est finalement <strong>pas si r\u00e9volutionnaire<\/strong> que cela puisqu&rsquo;il se concentre essentiellement\u00a0sur de\u00a0l&rsquo;<strong>\u00e9coute musi<\/strong><strong>cale<\/strong> (apr\u00e8s tout, une enceinte connect\u00e9e\u00a0sert\u00a0essentiellement \u00e0 \u00e9couter de la musique au d\u00e9part).<\/li>\n<li>Enfin, des <strong>usages\u00a0\u00e0 des fr\u00e9quences moyennement importantes<\/strong>, pour environ la moiti\u00e9 de la population.<\/li>\n<\/ul>\n<h3>Les\u00a0r\u00e9sultats de ce petit sondage\u00a0semblent\u00a0donc en demi-teinte, voire paradoxaux<\/h3>\n<p>D&rsquo;une part, ils paraissent <strong>beaucoup plus positif<\/strong><strong>s<\/strong><strong>\u00a0que ce \u00e0 quoi nous nous attendions au d\u00e9part<\/strong>. Notre premi\u00e8re crainte \u00e9tait\u00a0m\u00eame, avouons-le,\u00a0de tomber sur des utilisateurs qui ne comprennent pas le vocabulaire\u00a0des questions,\u00a0et cette crainte il faut le reconna\u00eetre, a\u00a0tout de suite \u00e9t\u00e9 lev\u00e9e.<\/p>\n<blockquote class=\"quote-light\"><p>Vis-\u00e0-vis de l&rsquo;annonce proph\u00e9tique d&rsquo;une r\u00e9volution de l&rsquo;usage de l&rsquo;Internet par la reconnaissance et la commande vocales, certainement qu&rsquo;il faudra entendre encore un bon moment avant que ces usages\u00a0trouvent leur niche et que les utilisateurs apprennent \u00e0 utiliser\u00a0ces outils\u00a0pour un plus grand nombre de fonctions.<\/p><\/blockquote>\n<p>Reste que ce sondage pourrait agr\u00e9ablement <strong>\u00eatre compl\u00e9t\u00e9 par une analyse plus repr\u00e9sentative de la population<\/strong>,\u00a0et qu&rsquo;il serait sans doute plus int\u00e9ressant de suivre les r\u00e9sultats\u00a0\u00e0\u00a0ces questions dans le futur, une fois la d\u00e9sastreuse parenth\u00e8se\u00a0\u00e9conomique et sanitaire\u00a0de 2020 referm\u00e9e, ce que nous esp\u00e9rons ardemment.<\/p>\n<p style=\"text-align: center;\"><strong>Alors,\u00a0place \u00e0 l&rsquo;analyse avec cette \u00e9tude mon panelfamille.com et\u00a0Visionary\u00a0Marketing 2020<\/strong><\/p>\n<p>https:\/\/visionarymarketing.com\/wp-content\/uploads\/2020\/09\/enceintes-connectees-infographie-ok.pdf<br \/>\n<a href=\"https:\/\/vismktg.info\/enc2020\" target=\"_blank\" rel=\"noopener noreferrer\">T\u00e9l\u00e9chargez ici l&rsquo;\u00e9tude compl\u00e8te : \u00ab\u00a0Enceintes connect\u00e9es dans les foyers fran\u00e7ais &#8211; Etude en ligne &#8211; Septembre 2020\u00a0\u00bb\u00a0<\/a><\/p>\n<p><a href=\"https:\/\/vismktg.info\/enc2020\" target=\"_blank\" rel=\"noopener noreferrer\"><img decoding=\"async\" class=\"aligncenter wp-image-29855 size-full\" src=\"https:\/\/visionarymarketing.com\/wp-content\/uploads\/2018\/12\/bouton-telecharger.png\" alt=\"\" width=\"336\" height=\"43\" \/><\/a><\/p>\n<h3>\u00e0 propos de monpanelfamille.com<\/h3>\n<p>Monpanelfamille.com est une solution autonome d&rsquo;\u00e9tude de march\u00e9 coupl\u00e9e \u00e0 une expertise ad hoc.\u00a0Mon Panel Famille offre la souplesse d\u2019une solution autonome et l\u2019expertise d\u2019un institut d\u2019\u00e9tudes. Plus de 8\u00a0000\u00a0familles fran\u00e7aises sont ainsi accessibles directement en ligne par ce service.<br \/>\ncontact \u00ab\u00a0@\u00a0\u00bb monpanelfamille.com \u2014 <a href=\"https:\/\/www.generationsandco.com\/qui-sommes-nous\/\" target=\"_blank\" rel=\"noopener noreferrer\">monpanelfamille.com<\/a><\/p>\n","protected":false},"excerpt":{"rendered":"<p>Voil\u00e0 bien longtemps maintenant que nous entendons parler des enceintes connect\u00e9es, assistants vocaux, ou autres d\u00e9nominations pour ces nouveaux terminaux intelligents, dont on n&rsquo;a pas h\u00e9sit\u00e9 \u00e0 dire ces derni\u00e8res ann\u00e9es qu&rsquo;ils allaient reconfigurer\u00a0notre usage d\u2019Internet, pour rechercher, consulter de l\u2019information et m\u00eame pour acheter.\u00a0 Cette reconfiguration de l&rsquo;Internet par l&rsquo;assistant vocal, devait m\u00eame aller &hellip;<\/p>\n","protected":false},"author":41,"featured_media":57482,"comment_status":"open","ping_status":"open","sticky":false,"template":"","format":"standard","meta":{"footnotes":""},"categories":[6],"tags":[],"class_list":["post-56551","post","type-post","status-publish","format-standard","has-post-thumbnail","hentry","category-marketing-innovation-fr"],"yoast_head":"<!-- This site is optimized with the Yoast SEO plugin v27.5 - https:\/\/yoast.com\/product\/yoast-seo-wordpress\/ -->\n<title>Enceintes connect\u00e9es dans les foyers fran\u00e7ais - Etude en ligne 2020<\/title>\n<meta name=\"description\" content=\"Enceintes connect\u00e9es dans les foyers fran\u00e7ais - Etude en ligne 2020 : quelle est la r\u00e9alit\u00e9 derri\u00e8re l&#039;usage de ces enceintes connect\u00e9es ?\" \/>\n<meta name=\"robots\" content=\"index, follow, max-snippet:-1, max-image-preview:large, max-video-preview:-1\" \/>\n<link rel=\"canonical\" href=\"https:\/\/visionarymarketing.com\/fr\/2020\/10\/06\/enceintes-connectees\/\" \/>\n<meta property=\"og:locale\" content=\"fr_FR\" \/>\n<meta property=\"og:type\" content=\"article\" \/>\n<meta property=\"og:title\" content=\"Enceintes connect\u00e9es dans les foyers fran\u00e7ais - Etude en ligne 2020\" \/>\n<meta property=\"og:description\" content=\"Enceintes connect\u00e9es dans les foyers fran\u00e7ais - Etude en ligne 2020 : quelle est la r\u00e9alit\u00e9 derri\u00e8re l&#039;usage de ces enceintes connect\u00e9es ?\" \/>\n<meta property=\"og:url\" content=\"https:\/\/visionarymarketing.com\/fr\/2020\/10\/06\/enceintes-connectees\/\" \/>\n<meta property=\"og:site_name\" content=\"Marketing and Innovation\" \/>\n<meta property=\"article:publisher\" content=\"https:\/\/www.facebook.com\/vismktg\" \/>\n<meta property=\"article:published_time\" content=\"2020-10-06T06:30:50+00:00\" \/>\n<meta property=\"article:modified_time\" content=\"2025-05-07T15:56:39+00:00\" \/>\n<meta property=\"og:image\" content=\"https:\/\/visionarymarketing.com\/wp-content\/uploads\/2020\/09\/etude-enceintes-connectees.jpg\" \/>\n\t<meta property=\"og:image:width\" content=\"520\" \/>\n\t<meta property=\"og:image:height\" content=\"340\" \/>\n\t<meta property=\"og:image:type\" content=\"image\/jpeg\" \/>\n<meta name=\"author\" content=\"Isabelle Lefaucheur\" \/>\n<meta name=\"twitter:card\" content=\"summary_large_image\" \/>\n<meta name=\"twitter:creator\" content=\"@isalef75\" \/>\n<meta name=\"twitter:site\" content=\"@ygourven\" \/>\n<meta name=\"twitter:label1\" content=\"\u00c9crit par\" \/>\n\t<meta name=\"twitter:data1\" content=\"Isabelle Lefaucheur\" \/>\n\t<meta name=\"twitter:label2\" content=\"Dur\u00e9e de lecture estim\u00e9e\" \/>\n\t<meta name=\"twitter:data2\" content=\"4 minutes\" \/>\n<script type=\"application\/ld+json\" class=\"yoast-schema-graph\">{\"@context\":\"https:\\\/\\\/schema.org\",\"@graph\":[{\"@type\":\"NewsArticle\",\"@id\":\"https:\\\/\\\/visionarymarketing.com\\\/fr\\\/2020\\\/10\\\/06\\\/enceintes-connectees\\\/#article\",\"isPartOf\":{\"@id\":\"https:\\\/\\\/visionarymarketing.com\\\/fr\\\/2020\\\/10\\\/06\\\/enceintes-connectees\\\/\"},\"author\":{\"name\":\"Isabelle Lefaucheur\",\"@id\":\"https:\\\/\\\/visionarymarketing.com\\\/fr\\\/#\\\/schema\\\/person\\\/dd8adec3ca792a408ff6b4bea5fea497\"},\"headline\":\"Enceintes connect\u00e9es dans les foyers fran\u00e7ais &#8211; Etude en ligne 2020\",\"datePublished\":\"2020-10-06T06:30:50+00:00\",\"dateModified\":\"2025-05-07T15:56:39+00:00\",\"mainEntityOfPage\":{\"@id\":\"https:\\\/\\\/visionarymarketing.com\\\/fr\\\/2020\\\/10\\\/06\\\/enceintes-connectees\\\/\"},\"wordCount\":848,\"commentCount\":2,\"image\":{\"@id\":\"https:\\\/\\\/visionarymarketing.com\\\/fr\\\/2020\\\/10\\\/06\\\/enceintes-connectees\\\/#primaryimage\"},\"thumbnailUrl\":\"https:\\\/\\\/visionarymarketing.com\\\/wp-content\\\/uploads\\\/2020\\\/09\\\/etude-enceintes-connectees.jpg\",\"articleSection\":[\"Marketing &amp; Innovation\"],\"inLanguage\":\"fr-FR\",\"potentialAction\":[{\"@type\":\"CommentAction\",\"name\":\"Comment\",\"target\":[\"https:\\\/\\\/visionarymarketing.com\\\/fr\\\/2020\\\/10\\\/06\\\/enceintes-connectees\\\/#respond\"]}]},{\"@type\":\"WebPage\",\"@id\":\"https:\\\/\\\/visionarymarketing.com\\\/fr\\\/2020\\\/10\\\/06\\\/enceintes-connectees\\\/\",\"url\":\"https:\\\/\\\/visionarymarketing.com\\\/fr\\\/2020\\\/10\\\/06\\\/enceintes-connectees\\\/\",\"name\":\"Enceintes connect\u00e9es dans les foyers fran\u00e7ais - Etude en ligne 2020\",\"isPartOf\":{\"@id\":\"https:\\\/\\\/visionarymarketing.com\\\/fr\\\/#website\"},\"primaryImageOfPage\":{\"@id\":\"https:\\\/\\\/visionarymarketing.com\\\/fr\\\/2020\\\/10\\\/06\\\/enceintes-connectees\\\/#primaryimage\"},\"image\":{\"@id\":\"https:\\\/\\\/visionarymarketing.com\\\/fr\\\/2020\\\/10\\\/06\\\/enceintes-connectees\\\/#primaryimage\"},\"thumbnailUrl\":\"https:\\\/\\\/visionarymarketing.com\\\/wp-content\\\/uploads\\\/2020\\\/09\\\/etude-enceintes-connectees.jpg\",\"datePublished\":\"2020-10-06T06:30:50+00:00\",\"dateModified\":\"2025-05-07T15:56:39+00:00\",\"author\":{\"@id\":\"https:\\\/\\\/visionarymarketing.com\\\/fr\\\/#\\\/schema\\\/person\\\/dd8adec3ca792a408ff6b4bea5fea497\"},\"description\":\"Enceintes connect\u00e9es dans les foyers fran\u00e7ais - Etude en ligne 2020 : quelle est la r\u00e9alit\u00e9 derri\u00e8re l'usage de ces enceintes connect\u00e9es ?\",\"breadcrumb\":{\"@id\":\"https:\\\/\\\/visionarymarketing.com\\\/fr\\\/2020\\\/10\\\/06\\\/enceintes-connectees\\\/#breadcrumb\"},\"inLanguage\":\"fr-FR\",\"potentialAction\":[{\"@type\":\"ReadAction\",\"target\":[\"https:\\\/\\\/visionarymarketing.com\\\/fr\\\/2020\\\/10\\\/06\\\/enceintes-connectees\\\/\"]}]},{\"@type\":\"ImageObject\",\"inLanguage\":\"fr-FR\",\"@id\":\"https:\\\/\\\/visionarymarketing.com\\\/fr\\\/2020\\\/10\\\/06\\\/enceintes-connectees\\\/#primaryimage\",\"url\":\"https:\\\/\\\/visionarymarketing.com\\\/wp-content\\\/uploads\\\/2020\\\/09\\\/etude-enceintes-connectees.jpg\",\"contentUrl\":\"https:\\\/\\\/visionarymarketing.com\\\/wp-content\\\/uploads\\\/2020\\\/09\\\/etude-enceintes-connectees.jpg\",\"width\":520,\"height\":340,\"caption\":\"\u00e9tude enceintes connect\u00e9es 2020\"},{\"@type\":\"BreadcrumbList\",\"@id\":\"https:\\\/\\\/visionarymarketing.com\\\/fr\\\/2020\\\/10\\\/06\\\/enceintes-connectees\\\/#breadcrumb\",\"itemListElement\":[{\"@type\":\"ListItem\",\"position\":1,\"name\":\"Home\",\"item\":\"https:\\\/\\\/visionarymarketing.com\\\/fr\\\/\"},{\"@type\":\"ListItem\",\"position\":2,\"name\":\"Enceintes connect\u00e9es dans les foyers fran\u00e7ais &#8211; Etude en ligne 2020\"}]},{\"@type\":\"WebSite\",\"@id\":\"https:\\\/\\\/visionarymarketing.com\\\/fr\\\/#website\",\"url\":\"https:\\\/\\\/visionarymarketing.com\\\/fr\\\/\",\"name\":\"Marketing and Innovation\",\"description\":\"Site d&#039;infos ind\u00e9pendant, depuis 1996\",\"potentialAction\":[{\"@type\":\"SearchAction\",\"target\":{\"@type\":\"EntryPoint\",\"urlTemplate\":\"https:\\\/\\\/visionarymarketing.com\\\/fr\\\/?s={search_term_string}\"},\"query-input\":{\"@type\":\"PropertyValueSpecification\",\"valueRequired\":true,\"valueName\":\"search_term_string\"}}],\"inLanguage\":\"fr-FR\"},{\"@type\":\"Person\",\"@id\":\"https:\\\/\\\/visionarymarketing.com\\\/fr\\\/#\\\/schema\\\/person\\\/dd8adec3ca792a408ff6b4bea5fea497\",\"name\":\"Isabelle Lefaucheur\",\"image\":{\"@type\":\"ImageObject\",\"inLanguage\":\"fr-FR\",\"@id\":\"https:\\\/\\\/secure.gravatar.com\\\/avatar\\\/17257f8c913015ac1ff23a9254cbe68f18f6e8c09e28e59af054b328d494d779?s=96&d=initials&r=g&initials=is\",\"url\":\"https:\\\/\\\/secure.gravatar.com\\\/avatar\\\/17257f8c913015ac1ff23a9254cbe68f18f6e8c09e28e59af054b328d494d779?s=96&d=initials&r=g&initials=is\",\"contentUrl\":\"https:\\\/\\\/secure.gravatar.com\\\/avatar\\\/17257f8c913015ac1ff23a9254cbe68f18f6e8c09e28e59af054b328d494d779?s=96&d=initials&r=g&initials=is\",\"caption\":\"Isabelle Lefaucheur\"},\"description\":\"Isabelle est consultante en organisation et suivi des projets chez Visionary Marketing. Elle a une exp\u00e9rience de 15 ann\u00e9es dans le web marketing \u00e0 la co-direction de la Web Agency Medianet (cr\u00e9\u00e9e en 1998, et sp\u00e9cialis\u00e9e dans la cr\u00e9ation et l'h\u00e9bergement de sites internet orient\u00e9s Tourisme). Elle a rejoint Visionary Marketing au d\u00e9but de 2016. https:\\\/\\\/www.linkedin.com\\\/in\\\/isabelle-lefaucheur-42523346\\\/\",\"sameAs\":[\"http:\\\/\\\/visionarymarketing.com\",\"https:\\\/\\\/x.com\\\/isalef75\"],\"url\":\"https:\\\/\\\/visionarymarketing.com\\\/fr\\\/author\\\/isabelle-lefaucheur\\\/\"}]}<\/script>\n<!-- \/ Yoast SEO plugin. -->","yoast_head_json":{"title":"Enceintes connect\u00e9es dans les foyers fran\u00e7ais - Etude en ligne 2020","description":"Enceintes connect\u00e9es dans les foyers fran\u00e7ais - Etude en ligne 2020 : quelle est la r\u00e9alit\u00e9 derri\u00e8re l'usage de ces enceintes connect\u00e9es ?","robots":{"index":"index","follow":"follow","max-snippet":"max-snippet:-1","max-image-preview":"max-image-preview:large","max-video-preview":"max-video-preview:-1"},"canonical":"https:\/\/visionarymarketing.com\/fr\/2020\/10\/06\/enceintes-connectees\/","og_locale":"fr_FR","og_type":"article","og_title":"Enceintes connect\u00e9es dans les foyers fran\u00e7ais - Etude en ligne 2020","og_description":"Enceintes connect\u00e9es dans les foyers fran\u00e7ais - Etude en ligne 2020 : quelle est la r\u00e9alit\u00e9 derri\u00e8re l'usage de ces enceintes connect\u00e9es ?","og_url":"https:\/\/visionarymarketing.com\/fr\/2020\/10\/06\/enceintes-connectees\/","og_site_name":"Marketing and Innovation","article_publisher":"https:\/\/www.facebook.com\/vismktg","article_published_time":"2020-10-06T06:30:50+00:00","article_modified_time":"2025-05-07T15:56:39+00:00","og_image":[{"width":520,"height":340,"url":"https:\/\/visionarymarketing.com\/wp-content\/uploads\/2020\/09\/etude-enceintes-connectees.jpg","type":"image\/jpeg"}],"author":"Isabelle Lefaucheur","twitter_card":"summary_large_image","twitter_creator":"@isalef75","twitter_site":"@ygourven","twitter_misc":{"\u00c9crit par":"Isabelle Lefaucheur","Dur\u00e9e de lecture estim\u00e9e":"4 minutes"},"schema":{"@context":"https:\/\/schema.org","@graph":[{"@type":"NewsArticle","@id":"https:\/\/visionarymarketing.com\/fr\/2020\/10\/06\/enceintes-connectees\/#article","isPartOf":{"@id":"https:\/\/visionarymarketing.com\/fr\/2020\/10\/06\/enceintes-connectees\/"},"author":{"name":"Isabelle Lefaucheur","@id":"https:\/\/visionarymarketing.com\/fr\/#\/schema\/person\/dd8adec3ca792a408ff6b4bea5fea497"},"headline":"Enceintes connect\u00e9es dans les foyers fran\u00e7ais &#8211; Etude en ligne 2020","datePublished":"2020-10-06T06:30:50+00:00","dateModified":"2025-05-07T15:56:39+00:00","mainEntityOfPage":{"@id":"https:\/\/visionarymarketing.com\/fr\/2020\/10\/06\/enceintes-connectees\/"},"wordCount":848,"commentCount":2,"image":{"@id":"https:\/\/visionarymarketing.com\/fr\/2020\/10\/06\/enceintes-connectees\/#primaryimage"},"thumbnailUrl":"https:\/\/visionarymarketing.com\/wp-content\/uploads\/2020\/09\/etude-enceintes-connectees.jpg","articleSection":["Marketing &amp; Innovation"],"inLanguage":"fr-FR","potentialAction":[{"@type":"CommentAction","name":"Comment","target":["https:\/\/visionarymarketing.com\/fr\/2020\/10\/06\/enceintes-connectees\/#respond"]}]},{"@type":"WebPage","@id":"https:\/\/visionarymarketing.com\/fr\/2020\/10\/06\/enceintes-connectees\/","url":"https:\/\/visionarymarketing.com\/fr\/2020\/10\/06\/enceintes-connectees\/","name":"Enceintes connect\u00e9es dans les foyers fran\u00e7ais - Etude en ligne 2020","isPartOf":{"@id":"https:\/\/visionarymarketing.com\/fr\/#website"},"primaryImageOfPage":{"@id":"https:\/\/visionarymarketing.com\/fr\/2020\/10\/06\/enceintes-connectees\/#primaryimage"},"image":{"@id":"https:\/\/visionarymarketing.com\/fr\/2020\/10\/06\/enceintes-connectees\/#primaryimage"},"thumbnailUrl":"https:\/\/visionarymarketing.com\/wp-content\/uploads\/2020\/09\/etude-enceintes-connectees.jpg","datePublished":"2020-10-06T06:30:50+00:00","dateModified":"2025-05-07T15:56:39+00:00","author":{"@id":"https:\/\/visionarymarketing.com\/fr\/#\/schema\/person\/dd8adec3ca792a408ff6b4bea5fea497"},"description":"Enceintes connect\u00e9es dans les foyers fran\u00e7ais - Etude en ligne 2020 : quelle est la r\u00e9alit\u00e9 derri\u00e8re l'usage de ces enceintes connect\u00e9es ?","breadcrumb":{"@id":"https:\/\/visionarymarketing.com\/fr\/2020\/10\/06\/enceintes-connectees\/#breadcrumb"},"inLanguage":"fr-FR","potentialAction":[{"@type":"ReadAction","target":["https:\/\/visionarymarketing.com\/fr\/2020\/10\/06\/enceintes-connectees\/"]}]},{"@type":"ImageObject","inLanguage":"fr-FR","@id":"https:\/\/visionarymarketing.com\/fr\/2020\/10\/06\/enceintes-connectees\/#primaryimage","url":"https:\/\/visionarymarketing.com\/wp-content\/uploads\/2020\/09\/etude-enceintes-connectees.jpg","contentUrl":"https:\/\/visionarymarketing.com\/wp-content\/uploads\/2020\/09\/etude-enceintes-connectees.jpg","width":520,"height":340,"caption":"\u00e9tude enceintes connect\u00e9es 2020"},{"@type":"BreadcrumbList","@id":"https:\/\/visionarymarketing.com\/fr\/2020\/10\/06\/enceintes-connectees\/#breadcrumb","itemListElement":[{"@type":"ListItem","position":1,"name":"Home","item":"https:\/\/visionarymarketing.com\/fr\/"},{"@type":"ListItem","position":2,"name":"Enceintes connect\u00e9es dans les foyers fran\u00e7ais &#8211; Etude en ligne 2020"}]},{"@type":"WebSite","@id":"https:\/\/visionarymarketing.com\/fr\/#website","url":"https:\/\/visionarymarketing.com\/fr\/","name":"Marketing and Innovation","description":"Site d&#039;infos ind\u00e9pendant, depuis 1996","potentialAction":[{"@type":"SearchAction","target":{"@type":"EntryPoint","urlTemplate":"https:\/\/visionarymarketing.com\/fr\/?s={search_term_string}"},"query-input":{"@type":"PropertyValueSpecification","valueRequired":true,"valueName":"search_term_string"}}],"inLanguage":"fr-FR"},{"@type":"Person","@id":"https:\/\/visionarymarketing.com\/fr\/#\/schema\/person\/dd8adec3ca792a408ff6b4bea5fea497","name":"Isabelle Lefaucheur","image":{"@type":"ImageObject","inLanguage":"fr-FR","@id":"https:\/\/secure.gravatar.com\/avatar\/17257f8c913015ac1ff23a9254cbe68f18f6e8c09e28e59af054b328d494d779?s=96&d=initials&r=g&initials=is","url":"https:\/\/secure.gravatar.com\/avatar\/17257f8c913015ac1ff23a9254cbe68f18f6e8c09e28e59af054b328d494d779?s=96&d=initials&r=g&initials=is","contentUrl":"https:\/\/secure.gravatar.com\/avatar\/17257f8c913015ac1ff23a9254cbe68f18f6e8c09e28e59af054b328d494d779?s=96&d=initials&r=g&initials=is","caption":"Isabelle Lefaucheur"},"description":"Isabelle est consultante en organisation et suivi des projets chez Visionary Marketing. Elle a une exp\u00e9rience de 15 ann\u00e9es dans le web marketing \u00e0 la co-direction de la Web Agency Medianet (cr\u00e9\u00e9e en 1998, et sp\u00e9cialis\u00e9e dans la cr\u00e9ation et l'h\u00e9bergement de sites internet orient\u00e9s Tourisme). Elle a rejoint Visionary Marketing au d\u00e9but de 2016. https:\/\/www.linkedin.com\/in\/isabelle-lefaucheur-42523346\/","sameAs":["http:\/\/visionarymarketing.com","https:\/\/x.com\/isalef75"],"url":"https:\/\/visionarymarketing.com\/fr\/author\/isabelle-lefaucheur\/"}]}},"_links":{"self":[{"href":"https:\/\/visionarymarketing.com\/fr\/wp-json\/wp\/v2\/posts\/56551","targetHints":{"allow":["GET"]}}],"collection":[{"href":"https:\/\/visionarymarketing.com\/fr\/wp-json\/wp\/v2\/posts"}],"about":[{"href":"https:\/\/visionarymarketing.com\/fr\/wp-json\/wp\/v2\/types\/post"}],"author":[{"embeddable":true,"href":"https:\/\/visionarymarketing.com\/fr\/wp-json\/wp\/v2\/users\/41"}],"replies":[{"embeddable":true,"href":"https:\/\/visionarymarketing.com\/fr\/wp-json\/wp\/v2\/comments?post=56551"}],"version-history":[{"count":0,"href":"https:\/\/visionarymarketing.com\/fr\/wp-json\/wp\/v2\/posts\/56551\/revisions"}],"wp:featuredmedia":[{"embeddable":true,"href":"https:\/\/visionarymarketing.com\/fr\/wp-json\/wp\/v2\/media\/57482"}],"wp:attachment":[{"href":"https:\/\/visionarymarketing.com\/fr\/wp-json\/wp\/v2\/media?parent=56551"}],"wp:term":[{"taxonomy":"category","embeddable":true,"href":"https:\/\/visionarymarketing.com\/fr\/wp-json\/wp\/v2\/categories?post=56551"},{"taxonomy":"post_tag","embeddable":true,"href":"https:\/\/visionarymarketing.com\/fr\/wp-json\/wp\/v2\/tags?post=56551"}],"curies":[{"name":"wp","href":"https:\/\/api.w.org\/{rel}","templated":true}]}}