{"id":55604,"date":"2012-02-25T10:09:09","date_gmt":"2012-02-25T09:09:09","guid":{"rendered":"https:\/\/visionarymarketing.com\/?p=55604"},"modified":"2020-08-26T17:23:10","modified_gmt":"2020-08-26T15:23:10","slug":"tim-berners-lee","status":"publish","type":"post","link":"https:\/\/visionarymarketing.com\/fr\/2012\/02\/25\/tim-berners-lee\/","title":{"rendered":"Le point de vue de Sir Tim Berners Lee est-il biais\u00e9 ?"},"content":{"rendered":"<p><i>Le point de vue de Sir Tim Berners Lee est-il biais\u00e9 ? Voici en guise de r\u00e9f\u00e9rence historique (ce billet n&rsquo;avait pas \u00e9t\u00e9\u00a0traduit de notre site anglais) un rapport d&rsquo;Edouard Austin, de mon \u00e9quipe, qui assistait au discours d&rsquo;ouverture (pr\u00e9monitoire) de la conf\u00e9rence WW2012 prononc\u00e9 par l&rsquo;un des fondateurs du Web, Sir Tim Berners Lee. Celui-ci lan\u00e7ait alors un avertissement clair quant \u00e0 la menace croissante qui pesait sur la libert\u00e9 d&rsquo;expression sur Internet. Pr\u00e8s de 10 ans\u00a0apr\u00e8s, le constat est encore plus sombre et c&rsquo;est cette r\u00e9flexion qui, \u00e0 terme, a men\u00e9 \u00e0 la constitution en 2019 de \u00ab\u00a0Contract for the Web\u00a0\u00bb.\u00a0<\/i><em>Dans ce discours, il adressait un commentaire clair \u00e0 Mark Zuckerberg qui a annonc\u00e9 il y a quelques ann\u00e9es que \u00ab\u00a0<a href=\"https:\/\/www.theguardian.com\/technology\/2010\/jan\/11\/facebook-privacy\" target=\"_blank\" rel=\"noopener noreferrer\">la vie priv\u00e9e n&rsquo;\u00e9tait plus une norme sociale<\/a>\u00ab\u00a0.<\/em><\/p>\n<figure id=\"attachment_55586\" aria-describedby=\"caption-attachment-55586\" style=\"width: 750px\" class=\"wp-caption aligncenter\"><a href=\"https:\/\/visionarymarketing.com\/wp-content\/uploads\/2020\/08\/image001-e1597990879200.jpg\"><img decoding=\"async\" class=\"wp-image-55586 size-full\" src=\"https:\/\/visionarymarketing.com\/wp-content\/uploads\/2020\/08\/image001-e1597990879200.jpg\" alt=\"Is Sir Tim Berners Lee\u2019s view one-sided?\" width=\"750\" height=\"429\" srcset=\"https:\/\/visionarymarketing.com\/wp-content\/uploads\/2020\/08\/image001-e1597990879200.jpg 750w, https:\/\/visionarymarketing.com\/wp-content\/uploads\/2020\/08\/image001-e1597990879200-500x286.jpg 500w\" sizes=\"(max-width: 750px) 100vw, 750px\" \/><\/a><figcaption id=\"caption-attachment-55586\" class=\"wp-caption-text\">Le point de vue de Sir Tim Berners Lee \u00e9tait-il biais\u00e9 en 2012 ? La r\u00e9alit\u00e9 de l&rsquo;Internet \u00ab\u00a0libre\u00a0\u00bb en 2020 semble lui avoir donn\u00e9 raison<\/figcaption><\/figure>\n<h2>Le point de vue de Sir Tim Berners Lee \u00e9tait-il biais\u00e9 ? (en 2012)<\/h2>\n<p>Je vous livre ici mes r\u00e9flexions d&rsquo;alors. Elles se r\u00e9v\u00e9l\u00e8rent h\u00e9las pr\u00e9monitoires. Un tr\u00e8s long article est en pr\u00e9paration sur ce sujet de l&rsquo;\u00e9tat du Web en 2020 et des sc\u00e9narios sur ce qu&rsquo;il pourrait devenir au-del\u00e0.<\/p>\n<p>Alors que la menace croissante qui p\u00e8se sur la libert\u00e9 d&rsquo;expression est une menace non discutable et de plus en plus inqui\u00e9tante, j&rsquo;oserais dire que cette intervention n&rsquo;aborde pas l&rsquo;autre aspect de la question et le fait que l&rsquo;absence de r\u00e9glementation a \u00e9galement port\u00e9 atteinte aux droits d&rsquo;autrui et notamment \u00e0 ceux des artistes, parfois au profit de voleurs qui ont amass\u00e9 des fortunes colossales.<!--more--><\/p>\n<p>Je sais que cette question est discutable mais, bien que je sois un partisan de l&rsquo;Internet libre et de la libert\u00e9 d&rsquo;expression en ligne depuis le premier jour &#8211; c&rsquo;est-\u00e0-dire depuis 17 ans &#8211; je ne peux pas croire que l&rsquo;on puisse faire quoi que ce soit. Ou du moins, je crois qu&rsquo;il faut analyser et d\u00e9battre des deux c\u00f4t\u00e9s de la question, et placer la libert\u00e9 d&rsquo;expression dans les limites saines \u00e9tablies par la loi (vous savez, cette chose d\u00e9mod\u00e9e que l&rsquo;on avait l&rsquo;habitude de respecter). En fait, je suis un fervent partisan de la libert\u00e9 d&rsquo;expression et de la cr\u00e9ativit\u00e9 ouverte, mais je ne suis pas convaincu que copier et approuver ill\u00e9galement le contenu d&rsquo;autrui soit une option.<\/p>\n<p>Sir Berners Lee, le fondateur du Web, met en garde contre le manque de libert\u00e9 en ligne<\/p>\n<p>Orateur principal du World Wide Web 12 \u00e0 Lyon, le fondateur du Web Sir Tim Berners-Lee a fait part de ses pr\u00e9occupations croissantes concernant la libert\u00e9 et les libert\u00e9s sur le web.<\/p>\n<p>\u00ab\u00a0C&rsquo;est un danger pour la s\u00e9curit\u00e9 nationale d&rsquo;un pays que d&rsquo;avoir des informations sur toutes les personnes stock\u00e9es sur un seul disque\u00a0\u00bb. En arrivant (en retard) dans l&rsquo;imposante salle de conf\u00e9rence de la Cit\u00e9 internationale, Sir Tim Berners-Lee commen\u00e7ait \u00e0 peine \u00e0 souligner les dangers du web pour la d\u00e9mocratie d&rsquo;aujourd&rsquo;hui. \u00ab\u00a0Ce n&rsquo;est pas seulement le march\u00e9 ouvert qui d\u00e9pend d&rsquo;un Internet ouvert, mais la d\u00e9mocratie, le discours humain\u00a0\u00bb.<\/p>\n<p>Le fondateur du Web s&rsquo;inqui\u00e8te de plus en plus de la quantit\u00e9 d&rsquo;informations confidentielles qui circulent sur le web et de la mani\u00e8re dont les donn\u00e9es personnelles peuvent \u00eatre utilis\u00e9es par les entreprises ou la politique. Internet doit rester une plateforme d&rsquo;innovation et de cr\u00e9ation mais Berners-Lee insiste sur le fait que \u00ab\u00a0nous devons \u00eatre vigilants. 90% du temps, nous devons passer \u00e0 cr\u00e9er, \u00e0 faire des choses cool et \u00e0 innover, mais 10% du temps, nous devons passer \u00e0 prot\u00e9ger la plateforme sur laquelle nous le faisons\u00a0\u00bb.<\/p>\n<p>via le blog d&rsquo;Orange<\/p>\n","protected":false},"excerpt":{"rendered":"<p>today\u2019s selection is \u2026<br \/>\nA report from Edouard Austin in my team at Orange who was attending the WW2012 keynote speech by one of the Web\u2019s founders, Sir Tim Berners Lee who issued a clear warning as to the growing threat to freedom of speech on the Internet. In that speech, he addresses a clear comment to Mark Zuckerberg who announced a few years ago that \u201cprivacy was no longer a social norm\u201d. Whereas the growing threat to freedom of speech is a non debatable and an increasingly worrying threat, I would venture to say that this keynote fails to address the other side of the issue and the fact that the lack of regulations has also impinged the rights of others and namely those of artists, sometimes in favour of thieves who have amassed humongous fortunes. <\/p>\n","protected":false},"author":2,"featured_media":55708,"comment_status":"closed","ping_status":"closed","sticky":false,"template":"","format":"standard","meta":{"footnotes":""},"categories":[134],"tags":[],"class_list":["post-55604","post","type-post","status-publish","format-standard","has-post-thumbnail","hentry","category-economie"],"yoast_head":"<!-- This site is optimized with the Yoast SEO plugin v27.5 - https:\/\/yoast.com\/product\/yoast-seo-wordpress\/ -->\n<title>Le point de vue de Sir Tim Berners Lee est-il biais\u00e9 ? Libert\u00e9 sur Internet<\/title>\n<meta name=\"description\" content=\"Le point de vue de Sir Tim Berners Lee est-il biais\u00e9 ? Voici un rapport sur le discours d&#039;ouverture de la guerre de 2012\" \/>\n<meta name=\"robots\" content=\"index, follow, max-snippet:-1, max-image-preview:large, max-video-preview:-1\" \/>\n<link rel=\"canonical\" href=\"https:\/\/visionarymarketing.com\/fr\/2012\/02\/25\/tim-berners-lee\/\" \/>\n<meta property=\"og:locale\" content=\"fr_FR\" \/>\n<meta property=\"og:type\" content=\"article\" \/>\n<meta property=\"og:title\" content=\"Le point de vue de Sir Tim Berners Lee est-il biais\u00e9 ? Libert\u00e9 sur Internet\" \/>\n<meta property=\"og:description\" content=\"Le point de vue de Sir Tim Berners Lee est-il biais\u00e9 ? Voici un rapport sur le discours d&#039;ouverture de la guerre de 2012\" \/>\n<meta property=\"og:url\" content=\"https:\/\/visionarymarketing.com\/fr\/2012\/02\/25\/tim-berners-lee\/\" \/>\n<meta property=\"og:site_name\" content=\"Marketing and Innovation\" \/>\n<meta property=\"article:publisher\" content=\"https:\/\/www.facebook.com\/vismktg\" \/>\n<meta property=\"article:author\" content=\"http:\/\/facebook.com\/ygourven\" \/>\n<meta property=\"article:published_time\" content=\"2012-02-25T09:09:09+00:00\" \/>\n<meta property=\"article:modified_time\" content=\"2020-08-26T15:23:10+00:00\" \/>\n<meta property=\"og:image\" content=\"https:\/\/visionarymarketing.com\/wp-content\/uploads\/2020\/08\/image001-e1597990879200.jpg\" \/>\n\t<meta property=\"og:image:width\" content=\"750\" \/>\n\t<meta property=\"og:image:height\" content=\"429\" \/>\n\t<meta property=\"og:image:type\" content=\"image\/jpeg\" \/>\n<meta name=\"author\" content=\"Yann Gourvennec\" \/>\n<meta name=\"twitter:card\" content=\"summary_large_image\" \/>\n<meta name=\"twitter:creator\" content=\"@ygourven\" \/>\n<meta name=\"twitter:site\" content=\"@ygourven\" \/>\n<meta name=\"twitter:label1\" content=\"\u00c9crit par\" \/>\n\t<meta name=\"twitter:data1\" content=\"Yann Gourvennec\" \/>\n\t<meta name=\"twitter:label2\" content=\"Dur\u00e9e de lecture estim\u00e9e\" \/>\n\t<meta name=\"twitter:data2\" content=\"3 minutes\" \/>\n<script type=\"application\/ld+json\" class=\"yoast-schema-graph\">{\"@context\":\"https:\\\/\\\/schema.org\",\"@graph\":[{\"@type\":\"NewsArticle\",\"@id\":\"https:\\\/\\\/visionarymarketing.com\\\/fr\\\/2012\\\/02\\\/25\\\/tim-berners-lee\\\/#article\",\"isPartOf\":{\"@id\":\"https:\\\/\\\/visionarymarketing.com\\\/fr\\\/2012\\\/02\\\/25\\\/tim-berners-lee\\\/\"},\"author\":{\"name\":\"Yann Gourvennec\",\"@id\":\"https:\\\/\\\/visionarymarketing.com\\\/fr\\\/#\\\/schema\\\/person\\\/3754fee1e558f47b8deb46f53c37423e\"},\"headline\":\"Le point de vue de Sir Tim Berners Lee est-il biais\u00e9 ?\",\"datePublished\":\"2012-02-25T09:09:09+00:00\",\"dateModified\":\"2020-08-26T15:23:10+00:00\",\"mainEntityOfPage\":{\"@id\":\"https:\\\/\\\/visionarymarketing.com\\\/fr\\\/2012\\\/02\\\/25\\\/tim-berners-lee\\\/\"},\"wordCount\":684,\"image\":{\"@id\":\"https:\\\/\\\/visionarymarketing.com\\\/fr\\\/2012\\\/02\\\/25\\\/tim-berners-lee\\\/#primaryimage\"},\"thumbnailUrl\":\"https:\\\/\\\/visionarymarketing.com\\\/wp-content\\\/uploads\\\/2020\\\/08\\\/image001-e1597990879200.jpg\",\"articleSection\":[\"\u00e9conomie et num\u00e9rique\"],\"inLanguage\":\"fr-FR\"},{\"@type\":\"WebPage\",\"@id\":\"https:\\\/\\\/visionarymarketing.com\\\/fr\\\/2012\\\/02\\\/25\\\/tim-berners-lee\\\/\",\"url\":\"https:\\\/\\\/visionarymarketing.com\\\/fr\\\/2012\\\/02\\\/25\\\/tim-berners-lee\\\/\",\"name\":\"Le point de vue de Sir Tim Berners Lee est-il biais\u00e9 ? Libert\u00e9 sur Internet\",\"isPartOf\":{\"@id\":\"https:\\\/\\\/visionarymarketing.com\\\/fr\\\/#website\"},\"primaryImageOfPage\":{\"@id\":\"https:\\\/\\\/visionarymarketing.com\\\/fr\\\/2012\\\/02\\\/25\\\/tim-berners-lee\\\/#primaryimage\"},\"image\":{\"@id\":\"https:\\\/\\\/visionarymarketing.com\\\/fr\\\/2012\\\/02\\\/25\\\/tim-berners-lee\\\/#primaryimage\"},\"thumbnailUrl\":\"https:\\\/\\\/visionarymarketing.com\\\/wp-content\\\/uploads\\\/2020\\\/08\\\/image001-e1597990879200.jpg\",\"datePublished\":\"2012-02-25T09:09:09+00:00\",\"dateModified\":\"2020-08-26T15:23:10+00:00\",\"author\":{\"@id\":\"https:\\\/\\\/visionarymarketing.com\\\/fr\\\/#\\\/schema\\\/person\\\/3754fee1e558f47b8deb46f53c37423e\"},\"description\":\"Le point de vue de Sir Tim Berners Lee est-il biais\u00e9 ? Voici un rapport sur le discours d'ouverture de la guerre de 2012\",\"breadcrumb\":{\"@id\":\"https:\\\/\\\/visionarymarketing.com\\\/fr\\\/2012\\\/02\\\/25\\\/tim-berners-lee\\\/#breadcrumb\"},\"inLanguage\":\"fr-FR\",\"potentialAction\":[{\"@type\":\"ReadAction\",\"target\":[\"https:\\\/\\\/visionarymarketing.com\\\/fr\\\/2012\\\/02\\\/25\\\/tim-berners-lee\\\/\"]}]},{\"@type\":\"ImageObject\",\"inLanguage\":\"fr-FR\",\"@id\":\"https:\\\/\\\/visionarymarketing.com\\\/fr\\\/2012\\\/02\\\/25\\\/tim-berners-lee\\\/#primaryimage\",\"url\":\"https:\\\/\\\/visionarymarketing.com\\\/wp-content\\\/uploads\\\/2020\\\/08\\\/image001-e1597990879200.jpg\",\"contentUrl\":\"https:\\\/\\\/visionarymarketing.com\\\/wp-content\\\/uploads\\\/2020\\\/08\\\/image001-e1597990879200.jpg\",\"width\":750,\"height\":429},{\"@type\":\"BreadcrumbList\",\"@id\":\"https:\\\/\\\/visionarymarketing.com\\\/fr\\\/2012\\\/02\\\/25\\\/tim-berners-lee\\\/#breadcrumb\",\"itemListElement\":[{\"@type\":\"ListItem\",\"position\":1,\"name\":\"Home\",\"item\":\"https:\\\/\\\/visionarymarketing.com\\\/fr\\\/\"},{\"@type\":\"ListItem\",\"position\":2,\"name\":\"Le point de vue de Sir Tim Berners Lee est-il biais\u00e9 ?\"}]},{\"@type\":\"WebSite\",\"@id\":\"https:\\\/\\\/visionarymarketing.com\\\/fr\\\/#website\",\"url\":\"https:\\\/\\\/visionarymarketing.com\\\/fr\\\/\",\"name\":\"Marketing and Innovation\",\"description\":\"Site d&#039;infos ind\u00e9pendant, depuis 1996\",\"potentialAction\":[{\"@type\":\"SearchAction\",\"target\":{\"@type\":\"EntryPoint\",\"urlTemplate\":\"https:\\\/\\\/visionarymarketing.com\\\/fr\\\/?s={search_term_string}\"},\"query-input\":{\"@type\":\"PropertyValueSpecification\",\"valueRequired\":true,\"valueName\":\"search_term_string\"}}],\"inLanguage\":\"fr-FR\"},{\"@type\":\"Person\",\"@id\":\"https:\\\/\\\/visionarymarketing.com\\\/fr\\\/#\\\/schema\\\/person\\\/3754fee1e558f47b8deb46f53c37423e\",\"name\":\"Yann Gourvennec\",\"image\":{\"@type\":\"ImageObject\",\"inLanguage\":\"fr-FR\",\"@id\":\"https:\\\/\\\/secure.gravatar.com\\\/avatar\\\/5972001801e8de5692a3e31224e85769f50a55fb8b679749f9c8d1868cceff14?s=96&d=initials&r=g&initials=yg\",\"url\":\"https:\\\/\\\/secure.gravatar.com\\\/avatar\\\/5972001801e8de5692a3e31224e85769f50a55fb8b679749f9c8d1868cceff14?s=96&d=initials&r=g&initials=yg\",\"contentUrl\":\"https:\\\/\\\/secure.gravatar.com\\\/avatar\\\/5972001801e8de5692a3e31224e85769f50a55fb8b679749f9c8d1868cceff14?s=96&d=initials&r=g&initials=yg\",\"caption\":\"Yann Gourvennec\"},\"description\":\"Yann Gourvennec created visionarymarketing.com in 1996. He is a speaker and author of many books. In 2014 he went from intrapreneur to entrepreneur, when he created his digital marketing agency. Yann Gourvennec a cr\u00e9\u00e9 visionarymarketing.com en 1996. Il est conf\u00e9rencier et auteur de plusieurs livres. En 2014, il est pass\u00e9 d'intrapreneur \u00e0 entrepreneur en cr\u00e9ant son agence de marketing num\u00e9rique.\",\"sameAs\":[\"https:\\\/\\\/visionarymarketing.com\",\"http:\\\/\\\/facebook.com\\\/ygourven\",\"http:\\\/\\\/linkedin.com\\\/in\\\/ygourven\",\"https:\\\/\\\/x.com\\\/ygourven\",\"https:\\\/\\\/www.youtube.com\\\/c\\\/visionarymarketingagency\"],\"url\":\"https:\\\/\\\/visionarymarketing.com\\\/fr\\\/author\\\/yann-gourvennec\\\/\"}]}<\/script>\n<!-- \/ Yoast SEO plugin. -->","yoast_head_json":{"title":"Le point de vue de Sir Tim Berners Lee est-il biais\u00e9 ? Libert\u00e9 sur Internet","description":"Le point de vue de Sir Tim Berners Lee est-il biais\u00e9 ? Voici un rapport sur le discours d'ouverture de la guerre de 2012","robots":{"index":"index","follow":"follow","max-snippet":"max-snippet:-1","max-image-preview":"max-image-preview:large","max-video-preview":"max-video-preview:-1"},"canonical":"https:\/\/visionarymarketing.com\/fr\/2012\/02\/25\/tim-berners-lee\/","og_locale":"fr_FR","og_type":"article","og_title":"Le point de vue de Sir Tim Berners Lee est-il biais\u00e9 ? Libert\u00e9 sur Internet","og_description":"Le point de vue de Sir Tim Berners Lee est-il biais\u00e9 ? Voici un rapport sur le discours d'ouverture de la guerre de 2012","og_url":"https:\/\/visionarymarketing.com\/fr\/2012\/02\/25\/tim-berners-lee\/","og_site_name":"Marketing and Innovation","article_publisher":"https:\/\/www.facebook.com\/vismktg","article_author":"http:\/\/facebook.com\/ygourven","article_published_time":"2012-02-25T09:09:09+00:00","article_modified_time":"2020-08-26T15:23:10+00:00","og_image":[{"width":750,"height":429,"url":"https:\/\/visionarymarketing.com\/wp-content\/uploads\/2020\/08\/image001-e1597990879200.jpg","type":"image\/jpeg"}],"author":"Yann Gourvennec","twitter_card":"summary_large_image","twitter_creator":"@ygourven","twitter_site":"@ygourven","twitter_misc":{"\u00c9crit par":"Yann Gourvennec","Dur\u00e9e de lecture estim\u00e9e":"3 minutes"},"schema":{"@context":"https:\/\/schema.org","@graph":[{"@type":"NewsArticle","@id":"https:\/\/visionarymarketing.com\/fr\/2012\/02\/25\/tim-berners-lee\/#article","isPartOf":{"@id":"https:\/\/visionarymarketing.com\/fr\/2012\/02\/25\/tim-berners-lee\/"},"author":{"name":"Yann Gourvennec","@id":"https:\/\/visionarymarketing.com\/fr\/#\/schema\/person\/3754fee1e558f47b8deb46f53c37423e"},"headline":"Le point de vue de Sir Tim Berners Lee est-il biais\u00e9 ?","datePublished":"2012-02-25T09:09:09+00:00","dateModified":"2020-08-26T15:23:10+00:00","mainEntityOfPage":{"@id":"https:\/\/visionarymarketing.com\/fr\/2012\/02\/25\/tim-berners-lee\/"},"wordCount":684,"image":{"@id":"https:\/\/visionarymarketing.com\/fr\/2012\/02\/25\/tim-berners-lee\/#primaryimage"},"thumbnailUrl":"https:\/\/visionarymarketing.com\/wp-content\/uploads\/2020\/08\/image001-e1597990879200.jpg","articleSection":["\u00e9conomie et num\u00e9rique"],"inLanguage":"fr-FR"},{"@type":"WebPage","@id":"https:\/\/visionarymarketing.com\/fr\/2012\/02\/25\/tim-berners-lee\/","url":"https:\/\/visionarymarketing.com\/fr\/2012\/02\/25\/tim-berners-lee\/","name":"Le point de vue de Sir Tim Berners Lee est-il biais\u00e9 ? Libert\u00e9 sur Internet","isPartOf":{"@id":"https:\/\/visionarymarketing.com\/fr\/#website"},"primaryImageOfPage":{"@id":"https:\/\/visionarymarketing.com\/fr\/2012\/02\/25\/tim-berners-lee\/#primaryimage"},"image":{"@id":"https:\/\/visionarymarketing.com\/fr\/2012\/02\/25\/tim-berners-lee\/#primaryimage"},"thumbnailUrl":"https:\/\/visionarymarketing.com\/wp-content\/uploads\/2020\/08\/image001-e1597990879200.jpg","datePublished":"2012-02-25T09:09:09+00:00","dateModified":"2020-08-26T15:23:10+00:00","author":{"@id":"https:\/\/visionarymarketing.com\/fr\/#\/schema\/person\/3754fee1e558f47b8deb46f53c37423e"},"description":"Le point de vue de Sir Tim Berners Lee est-il biais\u00e9 ? Voici un rapport sur le discours d'ouverture de la guerre de 2012","breadcrumb":{"@id":"https:\/\/visionarymarketing.com\/fr\/2012\/02\/25\/tim-berners-lee\/#breadcrumb"},"inLanguage":"fr-FR","potentialAction":[{"@type":"ReadAction","target":["https:\/\/visionarymarketing.com\/fr\/2012\/02\/25\/tim-berners-lee\/"]}]},{"@type":"ImageObject","inLanguage":"fr-FR","@id":"https:\/\/visionarymarketing.com\/fr\/2012\/02\/25\/tim-berners-lee\/#primaryimage","url":"https:\/\/visionarymarketing.com\/wp-content\/uploads\/2020\/08\/image001-e1597990879200.jpg","contentUrl":"https:\/\/visionarymarketing.com\/wp-content\/uploads\/2020\/08\/image001-e1597990879200.jpg","width":750,"height":429},{"@type":"BreadcrumbList","@id":"https:\/\/visionarymarketing.com\/fr\/2012\/02\/25\/tim-berners-lee\/#breadcrumb","itemListElement":[{"@type":"ListItem","position":1,"name":"Home","item":"https:\/\/visionarymarketing.com\/fr\/"},{"@type":"ListItem","position":2,"name":"Le point de vue de Sir Tim Berners Lee est-il biais\u00e9 ?"}]},{"@type":"WebSite","@id":"https:\/\/visionarymarketing.com\/fr\/#website","url":"https:\/\/visionarymarketing.com\/fr\/","name":"Marketing and Innovation","description":"Site d&#039;infos ind\u00e9pendant, depuis 1996","potentialAction":[{"@type":"SearchAction","target":{"@type":"EntryPoint","urlTemplate":"https:\/\/visionarymarketing.com\/fr\/?s={search_term_string}"},"query-input":{"@type":"PropertyValueSpecification","valueRequired":true,"valueName":"search_term_string"}}],"inLanguage":"fr-FR"},{"@type":"Person","@id":"https:\/\/visionarymarketing.com\/fr\/#\/schema\/person\/3754fee1e558f47b8deb46f53c37423e","name":"Yann Gourvennec","image":{"@type":"ImageObject","inLanguage":"fr-FR","@id":"https:\/\/secure.gravatar.com\/avatar\/5972001801e8de5692a3e31224e85769f50a55fb8b679749f9c8d1868cceff14?s=96&d=initials&r=g&initials=yg","url":"https:\/\/secure.gravatar.com\/avatar\/5972001801e8de5692a3e31224e85769f50a55fb8b679749f9c8d1868cceff14?s=96&d=initials&r=g&initials=yg","contentUrl":"https:\/\/secure.gravatar.com\/avatar\/5972001801e8de5692a3e31224e85769f50a55fb8b679749f9c8d1868cceff14?s=96&d=initials&r=g&initials=yg","caption":"Yann Gourvennec"},"description":"Yann Gourvennec created visionarymarketing.com in 1996. He is a speaker and author of many books. In 2014 he went from intrapreneur to entrepreneur, when he created his digital marketing agency. Yann Gourvennec a cr\u00e9\u00e9 visionarymarketing.com en 1996. Il est conf\u00e9rencier et auteur de plusieurs livres. En 2014, il est pass\u00e9 d'intrapreneur \u00e0 entrepreneur en cr\u00e9ant son agence de marketing num\u00e9rique.","sameAs":["https:\/\/visionarymarketing.com","http:\/\/facebook.com\/ygourven","http:\/\/linkedin.com\/in\/ygourven","https:\/\/x.com\/ygourven","https:\/\/www.youtube.com\/c\/visionarymarketingagency"],"url":"https:\/\/visionarymarketing.com\/fr\/author\/yann-gourvennec\/"}]}},"_links":{"self":[{"href":"https:\/\/visionarymarketing.com\/fr\/wp-json\/wp\/v2\/posts\/55604","targetHints":{"allow":["GET"]}}],"collection":[{"href":"https:\/\/visionarymarketing.com\/fr\/wp-json\/wp\/v2\/posts"}],"about":[{"href":"https:\/\/visionarymarketing.com\/fr\/wp-json\/wp\/v2\/types\/post"}],"author":[{"embeddable":true,"href":"https:\/\/visionarymarketing.com\/fr\/wp-json\/wp\/v2\/users\/2"}],"replies":[{"embeddable":true,"href":"https:\/\/visionarymarketing.com\/fr\/wp-json\/wp\/v2\/comments?post=55604"}],"version-history":[{"count":0,"href":"https:\/\/visionarymarketing.com\/fr\/wp-json\/wp\/v2\/posts\/55604\/revisions"}],"wp:featuredmedia":[{"embeddable":true,"href":"https:\/\/visionarymarketing.com\/fr\/wp-json\/wp\/v2\/media\/55708"}],"wp:attachment":[{"href":"https:\/\/visionarymarketing.com\/fr\/wp-json\/wp\/v2\/media?parent=55604"}],"wp:term":[{"taxonomy":"category","embeddable":true,"href":"https:\/\/visionarymarketing.com\/fr\/wp-json\/wp\/v2\/categories?post=55604"},{"taxonomy":"post_tag","embeddable":true,"href":"https:\/\/visionarymarketing.com\/fr\/wp-json\/wp\/v2\/tags?post=55604"}],"curies":[{"name":"wp","href":"https:\/\/api.w.org\/{rel}","templated":true}]}}