{"id":555,"date":"2008-02-10T09:43:56","date_gmt":"2008-02-10T08:43:56","guid":{"rendered":"http:\/\/visionary.wordpress.com\/?p=555"},"modified":"2021-04-23T15:13:11","modified_gmt":"2021-04-23T13:13:11","slug":"pme-tic","status":"publish","type":"post","link":"https:\/\/visionarymarketing.com\/fr\/2008\/02\/10\/pme-tic\/","title":{"rendered":"usage des TIC dans les PME avec Philippe Lemoine et autres experts"},"content":{"rendered":"<p align=\"justify\">Je me suis rendu le 6 f\u00e9vrier 2008 \u00e0 l&rsquo;invitation d&rsquo;Alain Kergoat et de Pascal Pr\u00e9vost du <a title=\"Le CMIT - Club des directeurs Marketing des TIC\" href=\"https:\/\/cmit.fr\" target=\"_blank\" rel=\"noopener noreferrer\">CMIT<\/a>, que je tiens \u00e0 remercier particuli\u00e8rement, \u00e0 l&rsquo;h\u00f4tel Newport Disney de Marne-la-Vall\u00e9e, dans le cadre d&rsquo;une conf\u00e9rence organis\u00e9e par la soci\u00e9t\u00e9 Reed, sur <a href=\"http:\/\/www.directeurmarketing.com\/index.php?option=com_events&amp;task=view_detail&amp;agid=84\" target=\"_blank\" rel=\"noopener noreferrer\">les attentes des PME et des TPE en mati\u00e8re de nouvelles technologies de l&rsquo;information et la communication<\/a>.<\/p>\n<p align=\"justify\">Je croyais avant cette visite, qu&rsquo;on ne disait plus <i>nouvelles <\/i>technologies de l&rsquo;information (<b>n<\/b>TIC) mais tout simplement technologies de l&rsquo;information (TIC), mais je me suis aper\u00e7u que nous sommes encore tr\u00e8s tr\u00e8s loin du compte en termes d&rsquo;usage des dites TIC dans les petites entreprises.<\/p>\n<figure id=\"attachment_22617\" aria-describedby=\"caption-attachment-22617\" style=\"width: 220px\" class=\"wp-caption alignright\"><a href=\"https:\/\/visionarymarketing.com\/wp-content\/uploads\/2008\/02\/Ph_Lemoine.jpg\"><img decoding=\"async\" class=\"size-full wp-image-22617\" src=\"https:\/\/visionarymarketing.com\/wp-content\/uploads\/2008\/02\/Ph_Lemoine.jpg\" alt=\"TIC Philippe Lemoine\" width=\"220\" height=\"330\" srcset=\"https:\/\/visionarymarketing.com\/wp-content\/uploads\/2008\/02\/Ph_Lemoine.jpg 220w, https:\/\/visionarymarketing.com\/wp-content\/uploads\/2008\/02\/Ph_Lemoine-200x300.jpg 200w\" sizes=\"(max-width: 220px) 100vw, 220px\" \/><\/a><figcaption id=\"caption-attachment-22617\" class=\"wp-caption-text\">Philippe Lemoine (photo Wikipedia)<\/figcaption><\/figure>\n<p align=\"justify\">Plusieurs constatations se sont fait jour au fil des conf\u00e9rences et des entretiens, tous fort riches d&rsquo;enseignements. D&rsquo;une part, une prestation fort int\u00e9ressante de <a title=\"Philippe Lemoine\" href=\"https:\/\/web.archive.org\/web\/20190815201557\/http:\/\/www.csti.pm.gouv.fr:80\/fr\/cv\/lemoine.html\" target=\"_blank\" rel=\"noopener noreferrer\">Philippe Lemoine<\/a>, le Pr\u00e9sident de <a title=\"L'\u00e9changeur\" href=\"http:\/\/www.lechangeur.org\/\" target=\"_blank\" rel=\"noopener noreferrer\">L&rsquo;\u00e9changeur<\/a>, et de <span class=\"removed_link\" title=\"http:\/\/www.laser.fr\/fr\/\">Laser<\/span> (alias Lafayette Services &#8211; voir aussi le blog <span class=\"removed_link\" title=\"http:\/\/b-r-ent.com\/\">BRENT<\/span> ici), qui se penche sur ce ph\u00e9nom\u00e8ne des petites entreprises depuis fort longtemps.<\/p>\n<p align=\"justify\">Avant d&rsquo;\u00e9tudier l&rsquo;usage des TIC dans les petites entreprises de France, Philippe Lemoine nous invite \u00e0 regarder le paysage de la PME en g\u00e9n\u00e9ral. Et ce panorama nous laisse penser qu&rsquo;une forte marge de progression existe. Certes, nous cr\u00e9ons beaucoup d&rsquo;entreprises en France, mais ce n&rsquo;est pas l\u00e0, si l&rsquo;on en croit Monsieur Lemoine, le seul crit\u00e8re \u00e0 prendre en compte.<!--more--><\/p>\n<p align=\"justify\">Il y a en effet un \u00e9l\u00e9ment dynamique tr\u00e8s important, qui fait d\u00e9faut dans les analyses habituelles et dans les statistiques, c&rsquo;est le <i>dynamisme <\/i>de ces PME nouvellement cr\u00e9\u00e9es. Selon P. Lemoine, 7 ans apr\u00e8s leur cr\u00e9ation, la majorit\u00e9 des entreprises unipersonnelles restent des entreprises unipersonnelles, et on s&rsquo;aper\u00e7oit que nous avons encore des progr\u00e8s \u00e0 faire, m\u00eame si tout compte fait aux \u00c9tats-Unis la moyenne apr\u00e8s 7 ans de cr\u00e9ation pour ces m\u00eames entreprises n&rsquo;est que d&rsquo;un peu plus de 3 personnes. Eux aussi ont encore des progr\u00e8s \u00e0 faire, c&rsquo;est rassurant.<\/p>\n<figure id=\"attachment_54786\" aria-describedby=\"caption-attachment-54786\" style=\"width: 519px\" class=\"wp-caption aligncenter\"><img decoding=\"async\" class=\"wp-image-54786 size-full\" src=\"https:\/\/visionarymarketing.com\/wp-content\/uploads\/2008\/02\/50001362161_583a86b163_c-e1596817449688.jpg\" alt=\"PME TIC\" width=\"519\" height=\"340\" srcset=\"https:\/\/visionarymarketing.com\/wp-content\/uploads\/2008\/02\/50001362161_583a86b163_c-e1596817449688.jpg 519w, https:\/\/visionarymarketing.com\/wp-content\/uploads\/2008\/02\/50001362161_583a86b163_c-e1596817449688-458x300.jpg 458w\" sizes=\"(max-width: 519px) 100vw, 519px\" \/><figcaption id=\"caption-attachment-54786\" class=\"wp-caption-text\">La faiblesse de l&rsquo;usage des PME en mati\u00e8re de TIC est une \u00e9nigme qui , en 2008, reste \u00e0 r\u00e9soudre<\/figcaption><\/figure>\n<p align=\"justify\">Mais, les chiffres sont \u00e9difiants lorsqu&rsquo;on regarde la proportion d&rsquo;entreprise cr\u00e9\u00e9es il y a de moins de 30 ans dans les 100 premi\u00e8res en France et aux \u00c9tats-Unis on passe de 63 \u00e0 &#8230; 0 (voir le compte-rendu ci-dessous) ! Et c&rsquo;est l\u00e0 qu&rsquo;on s&rsquo;aper\u00e7oit que nous avons un v\u00e9ritable probl\u00e8me, car les PME comme l&rsquo;indique Philippe Lemoine, sont les grandes entreprises de demain. Le monde a en t\u00eate les exemples les plus frappants comme Google, Starbucks, Webex ou Yahoo, mais il en existe beaucoup d&rsquo;autres.<\/p>\n<p align=\"justify\">Autre enseignement de cette r\u00e9union, quelque chose qui est bien connu des gens qui ont d\u00e9j\u00e0 travaill\u00e9 sur ces segments, et c&rsquo;\u00e9tait mon cas il y a une petite dizaine d&rsquo;ann\u00e9es, les termes de PME et de TPE cachent des r\u00e9alit\u00e9s souvent fort diff\u00e9rentes, \u00e0 la fois en termes de secteurs, de comportements, et de besoins. Ainsi, faire de la taille le seul crit\u00e8re de segmentation n&rsquo;est pas suffisant, m\u00eame s&rsquo;il suffit \u00e0 isoler 80 % de ces entreprises, qui sont des entreprises tr\u00e8s petites ou unipersonnelles (en anglais Soho, <i>Small Office, Home Office<\/i>). A noter \u00e9galement dans cette conf\u00e9rence, les interventions int\u00e9ressantes des autres intervenants, consign\u00e9es dans le compte-rendu ci-dessous :<\/p>\n<p align=\"justify\">Enfin, notons une discussion int\u00e9ressante avec mes voisins de table, sur les usages des technologies et les difficult\u00e9s qui semblent assez remarquables, rencontr\u00e9es par les formateurs de <i>L&rsquo;\u00e9changeur<\/i> dans les r\u00e9gions, avec des utilisateurs (PME\/TPE) qui semblent absolument perdus faces nouvelles technologies. Je dois avouer et que je suis un peu perplexe. Dieu sait que j&rsquo;aime passer du temps \u00e0 expliquer les choses, et tenter de faire preuve de p\u00e9dagogie (<a href=\"https:\/\/visionarymarketing.com\/fr\/2007\/05\/cours-innovation-mib-dauphine\/\" target=\"_blank\" rel=\"noopener noreferrer\">voir notamment mes cours de Marketing des <\/a>TIC<a href=\"https:\/\/visionarymarketing.com\/fr\/2007\/05\/cours-innovation-mib-dauphine\/\" target=\"_blank\" rel=\"noopener noreferrer\"> \u00e0 Dauphine<\/a>). Mais les t\u00e9moignages du terrain relay\u00e9s par le directeur de <i>L&rsquo;\u00e9changeur<\/i> de Marseille, ou les divers interlocuteurs de L&rsquo;\u00e9changeur avec lesquels j&rsquo;ai pu parler sont \u00e9difiants. Certains patrons ach\u00e8tent des objets technologiques tels des PDA communiquants et les tendent \u00e0 leur formateurs, en demandant ce qu&rsquo;ils peuvent en faire (sic). Ailleurs, le patron de <i>L&rsquo;\u00e9changeur<\/i> de Marseille d\u00e9crit ces utilisateurs qui enferment leur PC dans un placard car il a attrap\u00e9 un virus et qu&rsquo;ils veulent \u00e9viter la contagion (re sic). L\u00e0, les bras m&rsquo;en sont tomb\u00e9s, car il ne s&rsquo;agit pas si je l&rsquo;en crois, d&rsquo;un b\u00eatisier occasionnel, mais d&rsquo;incidents r\u00e9pandus et r\u00e9currents.<!--more--><\/p>\n<p align=\"justify\">Dans notre monde est excessivement technologique, tout le monde, Philippe Lemoine en t\u00eate, a remarqu\u00e9 que les march\u00e9s des technologies se d\u00e9veloppent gr\u00e2ce au grand public, \u00e0 monsieur et madame <i>tout-le-monde<\/i>, pas forc\u00e9ment \u00e9duqu\u00e9s, par forc\u00e9ment en attente d&rsquo;un besoin particulier, mais aussi un grand public avide de conna\u00eetre les possibilit\u00e9s nouvelles que les nouvelles technologies mettent \u00e0 leur port\u00e9e. De l&rsquo;autre c\u00f4t\u00e9, on nous d\u00e9crit les TPE et les PME, provinciales principalement, comme des sortes de <a title=\"Les Luddites\" href=\"https:\/\/en.wikipedia.org\/wiki\/Luddites\" target=\"_blank\" rel=\"noopener noreferrer\"><i>Luddites<\/i><\/a>, que la technologie plonge dans des ab\u00eemes de perplexit\u00e9. Que peut faire le formateur dans ces conditions ? S&rsquo;agit-il d&rsquo;ailleurs v\u00e9ritablement un probl\u00e8me de formation ? Ne s&rsquo;agit-il pas plus particuli\u00e8rement d&rsquo;un frein culturel vis-\u00e0-vis de l&rsquo;intrusion de technologie qui oblige l&rsquo;utilisateur \u00e0 changer sa fa\u00e7on de faire, \u00e0 revoir sa fa\u00e7on de travailler ? (d&rsquo;o\u00f9 mon parall\u00e8le avec les <a title=\"Les Luddites\" href=\"https:\/\/en.wikipedia.org\/wiki\/Luddites\" target=\"_blank\" rel=\"noopener noreferrer\"><i>Luddites<\/i><\/a>) Lorsque le directeur de <i>L&rsquo;\u00e9changeur<\/i> de Marseille cite que la moiti\u00e9 des \u00e9changes entre les chefs des petites entreprises et tr\u00e8s petites entreprises, et leurs comptables (c&rsquo;est \u00e0 dire les \u00e9changes les plus importants pour ces entreprises) se font encore en <i>utilisant du papier<\/i> et du crayon, je dois avouer que les bras m&rsquo;en sont tomb\u00e9s \u00e0 nouveau.<\/p>\n<p align=\"justify\">\u00c0 une \u00e9poque o\u00f9 le n&rsquo;importe quelle caisse enregistreuse est reli\u00e9e \u00e0 un ordinateur, voire est bas\u00e9e enti\u00e8rement sur un ordinateur, je n&rsquo;arrive pas \u00e0 comprendre. De m\u00eame, l&rsquo;informatisation d&rsquo;un bon de commande ou de livraison ne me para\u00eet pas, m\u00eame pour une TPE ou une PME hors d&rsquo;atteinte d&rsquo;un point de vue technologique. Il suffit d&rsquo;acheter un logiciel en Supermarch\u00e9 (Sage\/Ciel ou autre) et de se pr\u00e9occuper de son m\u00e9tier et pas de choses technologiques complexes. <strong>Tout ceci me semble pas \u00eatre un probl\u00e8me de comportement vis-\u00e0-vis des nouvelles technologies, mais essentiellement un probl\u00e8me d&rsquo;organisation du travail, et de r\u00e9flexion essentielle sur la fa\u00e7on de conduire ses affaires.<\/strong><\/p>\n<p align=\"justify\">Et force est de constater, pour quiconque a eu affaire \u00e0 des artisans par exemple, qu&rsquo;ils perdent un temps infini \u00e0 vous envoyer leurs devis, \u00e0 vous envoyer leurs factures, et \u00e0 recouvrer leur argent alors que ce sont les colonnes vert\u00e9brales de l&rsquo;entreprise, et que cette activit\u00e9 n&rsquo;est pas annexe, mais indispensable. Ce qui me choque le plus dans ce constat, ce n&rsquo;est pas que les tr\u00e8s petites entreprises ne consid\u00e8rent pas la technologie comme int\u00e9ressante, car la plupart du temps elle n&rsquo;est en effet pas pertinente de leur m\u00e9tier (quelle importance pour un patron de perdre son temps \u00e0 regarder des vid\u00e9os sur Internet ? je vous le demande) mais plut\u00f4t que l&rsquo;automatisation du commerce et de la gestion soient v\u00e9ritablement en retard dans notre pays; ce n&rsquo;est pas un probl\u00e8me technologique, mais un v\u00e9ritable souci de comp\u00e9titivit\u00e9 et de performance. Il faut savoir accepter de perdre une demi journ\u00e9e par an pour gagner 1 heure de travail tous les jours.<\/p>\n<p align=\"justify\">Je crois donc, c&rsquo;est l\u00e0 la phase positive du constat fait \u00e0 l&rsquo;issue de cette conf\u00e9rence, que nous avons de beaux jours devant nous, Medef, L&rsquo;\u00e9changeur et autres consultants en organisation, TIC etc. pour d\u00e9velopper l&rsquo;usage des technologies utiles, quel qu&rsquo;en soit le jargon, car c&rsquo;est une urgence \u00e9conomique, un point c&rsquo;est tout (voir la remarque chiffr\u00e9e de P Lemoine sur le retard de comp\u00e9titivit\u00e9 de la France et son origine).<\/p>\n<p align=\"justify\"><i><span class=\"removed_link\" title=\"http:\/\/www.phatware.com\/calligrapher\/index.html\">Voici, prises en reconnaissance de caract\u00e8res sur mon PDA les notes de la conf\u00e9rence<\/span><\/i><\/p>\n<p align=\"justify\"><b>Notes de la conf\u00e9rence<br \/>\n<\/b><\/p>\n<ul class=\"unIndentedList\">\n<li>Sujet: les attentes des PME en TIC<\/li>\n<li>Date: 06\/02\/08<\/li>\n<li>Participants: invit\u00e9s du CMIT &amp; de L&rsquo; \u00e9changeur<\/li>\n<li>Conf\u00e9rence organis\u00e9e par Reed<\/li>\n<\/ul>\n<p align=\"justify\"><b>P Lemoine<\/b><b>:<\/b><b> Pdt de laser et du r\u00e9seau \u00e9changeur <\/b><\/p>\n<div align=\"justify\">\n<ul class=\"unIndentedList\">\n<li>Commission du Medef sur l&rsquo;\u00e9conomie num\u00e9rique<\/li>\n<li>Nouveau livre =&gt; nouvelle origine<\/li>\n<li>L&rsquo;\u00e9changeur aussi pr\u00e9senten r\u00e9gion.<\/li>\n<li>Renforcer la Comp\u00e9titivit\u00e9 des Pme et Tpe.<\/li>\n<li>Pourquoi le r\u00e9seau \u00e9changeur?<\/li>\n<li>La <i>tornade<\/i> du num\u00e9rique = Convergence et meta-convergence. Passage de l&rsquo;\u00e9chelle micro \u00e0 nano (atome). Connexions possibles avec d&rsquo;autres domaines : Biotechnologie etc.<\/li>\n<li>Le centre de la tornade c&rsquo;est l&rsquo;\u00e9change (ce n&rsquo;est plus la production. ce n&rsquo;est plus le travail). Maintenant toutes les entreprises sont \u00ab\u00a0\u00e9tendues\u00a0\u00bb. C&rsquo;est un bouleversement qui est un formidable gisement d&rsquo;innovation<\/li>\n<li>Alors, quelles sont les forces et faiblesses de la France dans les bouleversements? Nous accusons un retard de connexions ( 53%).\n<ul>\n<li><span style=\"color: #ff0000;\"><b>3\/4 de notre retard de croissance (3,2%) par rapport aux US, est d\u00fb \u00e0 la faiblesse d&rsquo;usage des technologies par les entreprises<\/b><\/span><\/li>\n<\/ul>\n<\/li>\n<li>D&rsquo;o\u00f9 la cr\u00e9ation il y a 10 ans (1997) de l&rsquo;\u00e9changeur. Avec la bulle, les entreprises fran\u00e7aises se sont rassur\u00e9es toutes seules. Mais elles ont eu tort, cela \u00e9tait bel et bien une r\u00e9volution num\u00e9rique. Les pr\u00e9visions de Gartner et Forrester \u00e9taient en fait tr\u00e8s justes. Les plus gros d\u00e9calages \u00e9taient de six mois. Beaucoup des erreurs de la bulle, aux 3\/4 \u00e9taient des erreurs de grands groupes (en volume d&rsquo;argent parti en fum\u00e9e, notamment dans les t\u00e9l\u00e9coms et les m\u00e9dias) =&gt; c&rsquo;\u00e9tait une erreur de diagnostic!<\/li>\n<li>Les TIC, c&rsquo;est concret, on peut les toucher. C&rsquo;est ce que permet l&rsquo; \u00e9changeur. \u00c7a permet le dialogue. C&rsquo;est une machine \u00e0 susciter des id\u00e9es justes\n<ul>\n<li>=&gt; \u00e9norme succ\u00e8s, celui de Paris a eu plus de 13000 visiteurs en 2007.<\/li>\n<\/ul>\n<\/li>\n<li>Mais il y a encore plus de potentiel en r\u00e9gion.<\/li>\n<li>Et France, on continue \u00e0 avoir du retard dans les entreprises, <i>mais le grand public est plut\u00f4t en avance, or c&rsquo;est le grand public qui tire l&rsquo;ensemble<\/i>.<\/li>\n<li>France = 20 milliards \u20ac, alors que les US =&gt; 100 milliards \u20ac.\n<ul>\n<li>On est meilleurs en participation, Sur Le 2.0 on est leaders<\/li>\n<\/ul>\n<\/li>\n<li>La Cnil s&rsquo;appuie sur le tissu local de l&rsquo;\u00e9changeur pour entrer en contact avec les entreprises.<\/li>\n<li>On travaille avec des entreprises; Orange, Microsoft etc.\n<ul>\n<li>Il faut cristalliser les \u00e9cosyst\u00e8mes =&gt; mash-ups.<\/li>\n<li>Ebay =&gt; 600000 personnes tirent plus du 1\/4 de leurs revenus d&rsquo;ebay (US).<\/li>\n<li>Price Minister travaille avec 13000 acheteurs\/vendeurs.<\/li>\n<li>C&rsquo;est un autre type d&rsquo;inter m\u00e9diation.<\/li>\n<\/ul>\n<\/li>\n<li>Q&amp;R:\n<ul>\n<li>R\u00e9seaux \u00e0 l&rsquo;\u00e9tranger et liens ?\n<ul>\n<li>Oui et non, on a vu passer les patrons IT du monde.<\/li>\n<li>\u00e7a n&rsquo;existe pas \u00e0 l&rsquo;\u00e9tranger<\/li>\n<li>Mais on cherche \u00e0 d\u00e9velopper des partenarats , notamment au Qu\u00e9bec et en Suisse<\/li>\n<\/ul>\n<p>Diff\u00e9rence entre entreprises France et US?<\/li>\n<li>On s&rsquo;obs\u00e8de Sur Le nombre de cr\u00e9ations.<\/li>\n<li>Il faut s&rsquo;int\u00e9resser \u00e0 la dynamique de cr\u00e9ation !<\/li>\n<\/ul>\n<\/li>\n<\/ul>\n<\/div>\n<ul>\n<li>\n<ul>\n<li>\n<ul>\n<li>Le probl\u00e8me c&rsquo;est qu&rsquo;il n&rsquo;y a pas assez de vitesse de parcours.<\/li>\n<li>Proportion importante de Pizza et Couscous locales mais peu d&rsquo;entreprises qui pourraient se d\u00e9velopper \u00e0 l &lsquo;international.<\/li>\n<li>7 ans apr\u00e8s, une entreprise de 1 personne a toujours 1 personne en majorit\u00e9<\/li>\n<\/ul>\n<\/li>\n<\/ul>\n<ul>\n<li>\n<ul>\n<li>100 premi\u00e8res US =&gt; 63 ont \u00e9t\u00e9 cr\u00e9es depuis 30 ans. En France, 0 !<\/li>\n<\/ul>\n<\/li>\n<\/ul>\n<ul>\n<li>Quid de la deuxi\u00e8me fracture num\u00e9rique (fibre)?<\/li>\n<\/ul>\n<ul>\n<li>\n<ul>\n<li>On parle de plusieurs choses<\/li>\n<\/ul>\n<\/li>\n<\/ul>\n<ul>\n<li>\n<ul>\n<li>Quand on parle de haut d\u00e9bit, on m\u00e9lange tout; s&rsquo;il y a 1 seul point dans 1 commune on met le village sur la carte. Et il y a l&rsquo;enjeu du tr\u00e8s haut d\u00e9bit.<\/li>\n<\/ul>\n<\/li>\n<\/ul>\n<\/li>\n<\/ul>\n<div align=\"justify\"><\/div>\n<p align=\"justify\"><b>Eric Notin, directeur \u00e9changeur Marseille <\/b><\/p>\n<div align=\"justify\">\n<ul class=\"unIndentedList\">\n<li>Apporter un rem\u00e8de \u00e0 l&rsquo;absence de vision des PME et TPE en TIC.<\/li>\n<li>Maillage des acteurs r\u00e9gionaux<\/li>\n<li>3 missions:\n<ul>\n<li>1) Comp\u00e9titivit\u00e9<\/li>\n<li>2) D\u00e9tection des entreprises innovantes. L&rsquo; innovation n&rsquo;est pas forc\u00e9ment technologique!<\/li>\n<li>3) Promouvoir la fili\u00e8re r\u00e9gionale pour cr\u00e9er des relais<\/li>\n<\/ul>\n<\/li>\n<li>Beaucoup de situations conflictuelles dans l&rsquo;innovation (a\u00e9ronautique)<\/li>\n<li>Trois caract\u00e9ristiques d&rsquo;un \u00e9changeur: 1) Vision partag\u00e9e sur les usages 2) un endroit magique qu&rsquo;on peut toucher les tic 3) Confiance 4) Interm\u00e9diaire entre l&rsquo;entreprise et les gens qui ont de la VA \u00e0 apporter<\/li>\n<li>Constat dans le 13:\n<ul>\n<li>1) Beaucoup de PME et de tr\u00e8s petites PME en g\u00e9n\u00e9ral =&gt; le Patron est tr\u00e8s important<\/li>\n<li>2) peu de grandes ertreprises. Pas de centres de d\u00e9cision<\/li>\n<li>3) le r\u00e9seau est important<\/li>\n<\/ul>\n<\/li>\n<li>Beaucoup de sites Web, mais peu en font quoi que ce soit.<\/li>\n<li>L&rsquo;innovation n&rsquo;est pas anticip\u00e9e, les pme ne bougent que quand le client l&rsquo;a demand\u00e9<\/li>\n<li>Le passeport num\u00e9rique: a permis de faire venir des gens qui ont besoin d&rsquo;accompagnement<\/li>\n<li>Accompagnement dans les projets<\/li>\n<li>Bilan 2007:\n<ul>\n<li>40000 visiteurs,<\/li>\n<li>900 S\u00e9minaires,<\/li>\n<li>250 partenaires. Les partenaires seront vus dans l&rsquo;ensemble du r\u00e9seau, m\u00eame \u00e0 Lille<\/li>\n<\/ul>\n<\/li>\n<li>En synth\u00e8se: mise en relation des entreprises qui n&rsquo;ont pas de besoins avec les fili\u00e8re<\/li>\n<\/ul>\n<\/div>\n<p align=\"justify\"><b>C\u00e9line Alvergnat, D\u00e9l\u00e9gu\u00e9e g\u00e9n\u00e9rale de r\u00e9seau<\/b><\/p>\n<div align=\"justify\">\n<ul>\n<li>Echangeur grand comptes de Paris cr\u00e9\u00e9 par P Lemoine dans le cadre du projet europ\u00e9en Esprit.<\/li>\n<li>Il \u00e9tait trop grand Compte. C&rsquo;est pour \u00e7a qu&rsquo;il fallait cr\u00e9er les autres. C&rsquo;est pour \u00e7a qu&rsquo;il y en a un autre pour Paris\/\u00eele de France.<\/li>\n<li>Association 1901 =&gt; vrai r\u00e9seau<\/li>\n<li>Comit\u00e9 de pilotage (utilise la techno)<\/li>\n<li>Objectif 2010= plus de 20 \u00e9changeurs dans le r\u00e9seau<\/li>\n<li>Rencontres Public\/Priv\u00e9es :\n<ul>\n<li>Dynamiser le tissu \u00e9conomique<\/li>\n<li>R\u00e9gions =&gt; Cci, Drire et<\/li>\n<li>Priv\u00e9s =&gt; La Poste, Orange , GS1<\/li>\n<li>Participent \u00e0 cr\u00e9er des \u00e9changeurs<\/li>\n<li>300000 contacts PME et Tpe. Tous les \u00e9changeurs ont cru de 30 \u00e0 40%<\/li>\n<li>Plus les Salons: F\u00e9matech, Tech Bordeaux, num\u00e9riglobe (par Conf\u00e9rence!)<\/li>\n<li>Aider \u00e0 la cr\u00e9ation de Start-ups.<\/li>\n<li>Les Poste: Veulent aussi motiver et former leur personnel<\/li>\n<li>Mettre la marque des partenaires plus en avant.<\/li>\n<li>Orange veut des retours d&rsquo;exp\u00e9rience en amont. C&rsquo;est pour \u00e7a qu&rsquo;ils ont fait un partenariat avec l&rsquo;\u00e9changeur.\n<ul>\n<li><span style=\"color: #ff6600;\"><span class=\"removed_link\" title=\"http:\/\/www.resechangeur.com\">http:\/\/www.resechangeur.com<\/span><\/span><\/li>\n<\/ul>\n<\/li>\n<li>Questions &amp; r\u00e9ponses\n<ul>\n<li>250 partenaires ?\n<ul>\n<li>=&gt; l&rsquo;\u00e9changeur choisit,<\/li>\n<\/ul>\n<ul>\n<li>mais tous les acteurs l&rsquo;int\u00e9ressent.<\/li>\n<\/ul>\n<ul>\n<li>Nationaux. R\u00e9gionaux etc.<\/li>\n<\/ul>\n<ul>\n<li>Mais l&rsquo;\u00e9changeur ne fait pas de recommandations<\/li>\n<\/ul>\n<ul>\n<li>Les partenaires sont sollicit\u00e9s pour prendre de la hauteur sur les sujets et ne pas faire de pub, indirectement ils sont mis en avant. Ceux qui ne prennent pas de hauteur n&rsquo;ont jamais de contacts<\/li>\n<\/ul>\n<\/li>\n<\/ul>\n<\/li>\n<\/ul>\n<\/li>\n<\/ul>\n<\/div>\n<p align=\"justify\"><b>Alain Kergoat (Pr\u00e9sident du CMIT) <\/b><\/p>\n<div align=\"justify\">\n<ul>\n<li>Esprit d&rsquo;\u00e9change<\/li>\n<li>Le CMIT a 5 ans<\/li>\n<li>A Kergoat a repris la pr\u00e9sidence<\/li>\n<li>Rencontr\u00e9s une \u00e0 deux fois par mois<\/li>\n<li>2008: marketing de la prescription et des r\u00e9seaux<\/li>\n<li>Faire \u00e9merger des lieux de d\u00e9bat au travers de partenariats (REED aujourd&rsquo;hui)<\/li>\n<li>Les TIC se d\u00e9veloppent \u00e9norm\u00e9ment dans le grand public (GSK) que dans l&rsquo;entreprise.<\/li>\n<li>Par les d\u00e9tails se r\u00e9f\u00e9rer \u00e0 <b><a title=\"CMIT\" href=\"https:\/\/cmit.fr\" target=\"_blank\" rel=\"noopener noreferrer\">http:\/\/www.cmit.info<\/a><\/b><\/li>\n<\/ul>\n<\/div>\n<p align=\"justify\"><b>D\u00e9bat Table ronde<\/b><\/p>\n<div align=\"justify\">\n<ul>\n<li>On s&rsquo;est toujours tromp\u00e9s sur les Pme: IBM a lanc\u00e9 le PC pour eux et 80% des ventes se sont faites en grands comptes.<\/li>\n<li><b>Val\u00e9rie Beaulieu (ms)<br \/>\n<\/b><\/p>\n<ul>\n<li>=&gt; 1) \u00e7a n&rsquo;existe pas la Pme il faut segmenter.<\/li>\n<li>2) les Pme connaissent mal les tic, il faut toucher (Cd de test =&gt; doublement des ventes). Relais par les partenaires. Environ 30% de nos ventes les PME mais 40% des softs sont pirat\u00e9s! C&rsquo;est un gros probl\u00e8me. C&rsquo;est aussi un signe d&rsquo;une mauvaise perception de la valeur. On croit aussi beaucoup au service versus juste le serveur. Il faut adapter les terminaux, car les fronti\u00e8res sont de plus en plus t\u00e9nues. Ceci tire l&rsquo;usage vers le haut. Il n&rsquo;y a pas d&rsquo;h\u00e9ritage dans les PME comme dans les grandes entreprises c&rsquo;est un facteur de changement important.<\/li>\n<\/ul>\n<\/li>\n<li>Henry Benamram (ciel \/ Sage) =&gt; entreprises de main de 10 personnes. 80% de march\u00e9.\n<ul>\n<li>1) \u00e9change avec les comptables, \u00e0 50% papier<\/li>\n<li>2) Administrations resaisie<\/li>\n<li>3) 1\/4 des entreprises ont des sites marchands. =&gt; on a essay\u00e9 de d\u00e9grader les fonctions pour rendre les Soft plus accessibles. Puis pub tv. Puis Webinaires. Pour les revendeurs, il faut qu&rsquo;ils soient conseillers et \u00e9duquer le client. Ce qui nous int\u00e9resse c&rsquo;est de d\u00e9velopper les usages m\u00eame avec du produit d&rsquo;entr\u00e9e de gamme.<\/li>\n<\/ul>\n<\/li>\n<li>Isabelle Flory (Intel) =&gt; Services publics.\n<ul>\n<li>Au dessous de 500 personnes, environ 50% de la partie entreprises. 50% est le B2C. Pour la premi\u00e8re fois on observe que c&rsquo;est le B2B qui est le plus dynamique. Il y a l&rsquo;arriv\u00e9e des produits low cost, mais forte hausse en mobilit\u00e9 et serveurs qui sont beaucoup plus chers. Changement de paradigme car les TPE achetaient du produit et maintenant ils se mettent \u00e0 acheter du service avant tout.<\/li>\n<\/ul>\n<\/li>\n<li>Christophe Bubola, Toshiba, responsable des ope mkg:\n<ul>\n<li>il faut expliquer que les TIC et la mobilit\u00e9 ce n&rsquo;est pas tellement compliqu\u00e9. La notion de passeport num\u00e9rique est donc essentiellement importante. Des op\u00e9rations plus pragmatiques aussi. Il ne faut pas avoir de d\u00e9marche produit mais opter pour une d\u00e9marche solution. Les experts comptables ? Comment les int\u00e9resser ? Toshiba est sur un ratip de 60\/40 entre B2C et B2B. environ 80% des ventes sont faites sur les TPE\/PME. Les TPE vont aussi aller chez les grands distributeurs. Il faut donc \u00e9duquer les distributeurs \u00e9galement. On vise en 2010 d&rsquo;avoir une progression et 35% de nos ventes sur les TPE\/PME<\/li>\n<\/ul>\n<\/li>\n<li>Pierre Yves Rallet, directeur Marketing entreprises SFR:\n<ul>\n<li>SFR surtout connu pour la voix mais en entreprise, la data c&rsquo;est 1 vente sur 2. On est rentr\u00e9s par le radio t\u00e9l\u00e9phone. Client\u00e8le de patrons en r\u00e9gion. On est li\u00e9s au monde IT. On peut prendre des paris risqu\u00e9s comme Asus eeepc \u00e0 \u20ac199. Il y a des gens qui ach\u00e8tent \u00e7a perso mais pour un usage professionnel. Il faut prendre la parole fortement car il y a forte inertie sur ces march\u00e9s et il faut susciter la demande. Et ainsi on gagne des mois. Sur les PME, acc\u00e9l\u00e9ration des ventes de cl\u00e9s USB etc. gr\u00e2ce \u00e0 la campagne TV. Beaucoup de formation, de d\u00e9mos notamment pour \u00e9duquer les vendeurs des distributeurs (auto\u00e9quipement). Il faut aussi faire du fax mailing qui est + traditionnel mais qui marche bien sur cette cible. Sur le march\u00e9 pro, c&rsquo;est le m\u00eame canal de vente et c&rsquo;est la m\u00eame part de march\u00e9 que dans le grand public. Mais la difficult\u00e9 c&rsquo;est de bien traiter les clients pro sur ces canaux.<\/li>\n<\/ul>\n<\/li>\n<\/ul>\n<\/div>\n","protected":false},"excerpt":{"rendered":"<p>Je me suis rendu le 6 f\u00e9vrier 2008 \u00e0 l&rsquo;invitation d&rsquo;Alain Kergoat et de Pascal Pr\u00e9vost du CMIT, que je tiens \u00e0 remercier particuli\u00e8rement, \u00e0 l&rsquo;h\u00f4tel Newport Disney de Marne-la-Vall\u00e9e, dans le cadre d&rsquo;une conf\u00e9rence organis\u00e9e par la soci\u00e9t\u00e9 Reed, sur les attentes des PME et des TPE en mati\u00e8re de nouvelles technologies de l&rsquo;information &hellip;<\/p>\n","protected":false},"author":2,"featured_media":54786,"comment_status":"open","ping_status":"open","sticky":false,"template":"","format":"standard","meta":{"footnotes":""},"categories":[121],"tags":[],"class_list":["post-555","post","type-post","status-publish","format-standard","has-post-thumbnail","hentry","category-e-business"],"yoast_head":"<!-- This site is optimized with the Yoast SEO plugin v27.5 - https:\/\/yoast.com\/product\/yoast-seo-wordpress\/ -->\n<title>usage des TIC dans les PME avec Philippe Lemoine et autres experts<\/title>\n<meta name=\"description\" content=\"Usage des TIC dans les TPE et les PME au travers de cette conf\u00e9rence de 2008 dans laquelle Philippe Lemoine a dress\u00e9 un panorama des usages\" \/>\n<meta name=\"robots\" content=\"index, follow, max-snippet:-1, max-image-preview:large, max-video-preview:-1\" \/>\n<link rel=\"canonical\" href=\"https:\/\/visionarymarketing.com\/fr\/2008\/02\/10\/pme-tic\/\" \/>\n<meta property=\"og:locale\" content=\"fr_FR\" \/>\n<meta property=\"og:type\" content=\"article\" \/>\n<meta property=\"og:title\" content=\"usage des TIC dans les PME avec Philippe Lemoine et autres experts\" \/>\n<meta property=\"og:description\" content=\"Usage des TIC dans les TPE et les PME au travers de cette conf\u00e9rence de 2008 dans laquelle Philippe Lemoine a dress\u00e9 un panorama des usages\" \/>\n<meta property=\"og:url\" content=\"https:\/\/visionarymarketing.com\/fr\/2008\/02\/10\/pme-tic\/\" \/>\n<meta property=\"og:site_name\" content=\"Marketing and Innovation\" \/>\n<meta property=\"article:publisher\" content=\"https:\/\/www.facebook.com\/vismktg\" \/>\n<meta property=\"article:author\" content=\"http:\/\/facebook.com\/ygourven\" \/>\n<meta property=\"article:published_time\" content=\"2008-02-10T08:43:56+00:00\" \/>\n<meta property=\"article:modified_time\" content=\"2021-04-23T13:13:11+00:00\" \/>\n<meta property=\"og:image\" content=\"https:\/\/visionarymarketing.com\/wp-content\/uploads\/2008\/02\/50001362161_583a86b163_c-e1596817449688.jpg\" \/>\n\t<meta property=\"og:image:width\" content=\"519\" \/>\n\t<meta property=\"og:image:height\" content=\"340\" \/>\n\t<meta property=\"og:image:type\" content=\"image\/jpeg\" \/>\n<meta name=\"author\" content=\"Yann Gourvennec\" \/>\n<meta name=\"twitter:card\" content=\"summary_large_image\" \/>\n<meta name=\"twitter:creator\" content=\"@ygourven\" \/>\n<meta name=\"twitter:site\" content=\"@ygourven\" \/>\n<meta name=\"twitter:label1\" content=\"\u00c9crit par\" \/>\n\t<meta name=\"twitter:data1\" content=\"Yann Gourvennec\" \/>\n\t<meta name=\"twitter:label2\" content=\"Dur\u00e9e de lecture estim\u00e9e\" \/>\n\t<meta name=\"twitter:data2\" content=\"15 minutes\" \/>\n<script type=\"application\/ld+json\" class=\"yoast-schema-graph\">{\"@context\":\"https:\\\/\\\/schema.org\",\"@graph\":[{\"@type\":\"NewsArticle\",\"@id\":\"https:\\\/\\\/visionarymarketing.com\\\/fr\\\/2008\\\/02\\\/10\\\/pme-tic\\\/#article\",\"isPartOf\":{\"@id\":\"https:\\\/\\\/visionarymarketing.com\\\/fr\\\/2008\\\/02\\\/10\\\/pme-tic\\\/\"},\"author\":{\"name\":\"Yann Gourvennec\",\"@id\":\"https:\\\/\\\/visionarymarketing.com\\\/fr\\\/#\\\/schema\\\/person\\\/3754fee1e558f47b8deb46f53c37423e\"},\"headline\":\"usage des TIC dans les PME avec Philippe Lemoine et autres experts\",\"datePublished\":\"2008-02-10T08:43:56+00:00\",\"dateModified\":\"2021-04-23T13:13:11+00:00\",\"mainEntityOfPage\":{\"@id\":\"https:\\\/\\\/visionarymarketing.com\\\/fr\\\/2008\\\/02\\\/10\\\/pme-tic\\\/\"},\"wordCount\":3211,\"commentCount\":7,\"image\":{\"@id\":\"https:\\\/\\\/visionarymarketing.com\\\/fr\\\/2008\\\/02\\\/10\\\/pme-tic\\\/#primaryimage\"},\"thumbnailUrl\":\"https:\\\/\\\/visionarymarketing.com\\\/wp-content\\\/uploads\\\/2008\\\/02\\\/50001362161_583a86b163_c-e1596817449688.jpg\",\"articleSection\":[\"e-business \\\/ e-commerce\"],\"inLanguage\":\"fr-FR\",\"potentialAction\":[{\"@type\":\"CommentAction\",\"name\":\"Comment\",\"target\":[\"https:\\\/\\\/visionarymarketing.com\\\/fr\\\/2008\\\/02\\\/10\\\/pme-tic\\\/#respond\"]}]},{\"@type\":\"WebPage\",\"@id\":\"https:\\\/\\\/visionarymarketing.com\\\/fr\\\/2008\\\/02\\\/10\\\/pme-tic\\\/\",\"url\":\"https:\\\/\\\/visionarymarketing.com\\\/fr\\\/2008\\\/02\\\/10\\\/pme-tic\\\/\",\"name\":\"usage des TIC dans les PME avec Philippe Lemoine et autres experts\",\"isPartOf\":{\"@id\":\"https:\\\/\\\/visionarymarketing.com\\\/fr\\\/#website\"},\"primaryImageOfPage\":{\"@id\":\"https:\\\/\\\/visionarymarketing.com\\\/fr\\\/2008\\\/02\\\/10\\\/pme-tic\\\/#primaryimage\"},\"image\":{\"@id\":\"https:\\\/\\\/visionarymarketing.com\\\/fr\\\/2008\\\/02\\\/10\\\/pme-tic\\\/#primaryimage\"},\"thumbnailUrl\":\"https:\\\/\\\/visionarymarketing.com\\\/wp-content\\\/uploads\\\/2008\\\/02\\\/50001362161_583a86b163_c-e1596817449688.jpg\",\"datePublished\":\"2008-02-10T08:43:56+00:00\",\"dateModified\":\"2021-04-23T13:13:11+00:00\",\"author\":{\"@id\":\"https:\\\/\\\/visionarymarketing.com\\\/fr\\\/#\\\/schema\\\/person\\\/3754fee1e558f47b8deb46f53c37423e\"},\"description\":\"Usage des TIC dans les TPE et les PME au travers de cette conf\u00e9rence de 2008 dans laquelle Philippe Lemoine a dress\u00e9 un panorama des usages\",\"breadcrumb\":{\"@id\":\"https:\\\/\\\/visionarymarketing.com\\\/fr\\\/2008\\\/02\\\/10\\\/pme-tic\\\/#breadcrumb\"},\"inLanguage\":\"fr-FR\",\"potentialAction\":[{\"@type\":\"ReadAction\",\"target\":[\"https:\\\/\\\/visionarymarketing.com\\\/fr\\\/2008\\\/02\\\/10\\\/pme-tic\\\/\"]}]},{\"@type\":\"ImageObject\",\"inLanguage\":\"fr-FR\",\"@id\":\"https:\\\/\\\/visionarymarketing.com\\\/fr\\\/2008\\\/02\\\/10\\\/pme-tic\\\/#primaryimage\",\"url\":\"https:\\\/\\\/visionarymarketing.com\\\/wp-content\\\/uploads\\\/2008\\\/02\\\/50001362161_583a86b163_c-e1596817449688.jpg\",\"contentUrl\":\"https:\\\/\\\/visionarymarketing.com\\\/wp-content\\\/uploads\\\/2008\\\/02\\\/50001362161_583a86b163_c-e1596817449688.jpg\",\"width\":519,\"height\":340},{\"@type\":\"BreadcrumbList\",\"@id\":\"https:\\\/\\\/visionarymarketing.com\\\/fr\\\/2008\\\/02\\\/10\\\/pme-tic\\\/#breadcrumb\",\"itemListElement\":[{\"@type\":\"ListItem\",\"position\":1,\"name\":\"Home\",\"item\":\"https:\\\/\\\/visionarymarketing.com\\\/fr\\\/\"},{\"@type\":\"ListItem\",\"position\":2,\"name\":\"usage des TIC dans les PME avec Philippe Lemoine et autres experts\"}]},{\"@type\":\"WebSite\",\"@id\":\"https:\\\/\\\/visionarymarketing.com\\\/fr\\\/#website\",\"url\":\"https:\\\/\\\/visionarymarketing.com\\\/fr\\\/\",\"name\":\"Marketing and Innovation\",\"description\":\"Site d&#039;infos ind\u00e9pendant, depuis 1996\",\"potentialAction\":[{\"@type\":\"SearchAction\",\"target\":{\"@type\":\"EntryPoint\",\"urlTemplate\":\"https:\\\/\\\/visionarymarketing.com\\\/fr\\\/?s={search_term_string}\"},\"query-input\":{\"@type\":\"PropertyValueSpecification\",\"valueRequired\":true,\"valueName\":\"search_term_string\"}}],\"inLanguage\":\"fr-FR\"},{\"@type\":\"Person\",\"@id\":\"https:\\\/\\\/visionarymarketing.com\\\/fr\\\/#\\\/schema\\\/person\\\/3754fee1e558f47b8deb46f53c37423e\",\"name\":\"Yann Gourvennec\",\"image\":{\"@type\":\"ImageObject\",\"inLanguage\":\"fr-FR\",\"@id\":\"https:\\\/\\\/secure.gravatar.com\\\/avatar\\\/5972001801e8de5692a3e31224e85769f50a55fb8b679749f9c8d1868cceff14?s=96&d=initials&r=g&initials=yg\",\"url\":\"https:\\\/\\\/secure.gravatar.com\\\/avatar\\\/5972001801e8de5692a3e31224e85769f50a55fb8b679749f9c8d1868cceff14?s=96&d=initials&r=g&initials=yg\",\"contentUrl\":\"https:\\\/\\\/secure.gravatar.com\\\/avatar\\\/5972001801e8de5692a3e31224e85769f50a55fb8b679749f9c8d1868cceff14?s=96&d=initials&r=g&initials=yg\",\"caption\":\"Yann Gourvennec\"},\"description\":\"Yann Gourvennec created visionarymarketing.com in 1996. He is a speaker and author of many books. In 2014 he went from intrapreneur to entrepreneur, when he created his digital marketing agency. Yann Gourvennec a cr\u00e9\u00e9 visionarymarketing.com en 1996. Il est conf\u00e9rencier et auteur de plusieurs livres. En 2014, il est pass\u00e9 d'intrapreneur \u00e0 entrepreneur en cr\u00e9ant son agence de marketing num\u00e9rique.\",\"sameAs\":[\"https:\\\/\\\/visionarymarketing.com\",\"http:\\\/\\\/facebook.com\\\/ygourven\",\"http:\\\/\\\/linkedin.com\\\/in\\\/ygourven\",\"https:\\\/\\\/x.com\\\/ygourven\",\"https:\\\/\\\/www.youtube.com\\\/c\\\/visionarymarketingagency\"],\"url\":\"https:\\\/\\\/visionarymarketing.com\\\/fr\\\/author\\\/yann-gourvennec\\\/\"}]}<\/script>\n<!-- \/ Yoast SEO plugin. -->","yoast_head_json":{"title":"usage des TIC dans les PME avec Philippe Lemoine et autres experts","description":"Usage des TIC dans les TPE et les PME au travers de cette conf\u00e9rence de 2008 dans laquelle Philippe Lemoine a dress\u00e9 un panorama des usages","robots":{"index":"index","follow":"follow","max-snippet":"max-snippet:-1","max-image-preview":"max-image-preview:large","max-video-preview":"max-video-preview:-1"},"canonical":"https:\/\/visionarymarketing.com\/fr\/2008\/02\/10\/pme-tic\/","og_locale":"fr_FR","og_type":"article","og_title":"usage des TIC dans les PME avec Philippe Lemoine et autres experts","og_description":"Usage des TIC dans les TPE et les PME au travers de cette conf\u00e9rence de 2008 dans laquelle Philippe Lemoine a dress\u00e9 un panorama des usages","og_url":"https:\/\/visionarymarketing.com\/fr\/2008\/02\/10\/pme-tic\/","og_site_name":"Marketing and Innovation","article_publisher":"https:\/\/www.facebook.com\/vismktg","article_author":"http:\/\/facebook.com\/ygourven","article_published_time":"2008-02-10T08:43:56+00:00","article_modified_time":"2021-04-23T13:13:11+00:00","og_image":[{"width":519,"height":340,"url":"https:\/\/visionarymarketing.com\/wp-content\/uploads\/2008\/02\/50001362161_583a86b163_c-e1596817449688.jpg","type":"image\/jpeg"}],"author":"Yann Gourvennec","twitter_card":"summary_large_image","twitter_creator":"@ygourven","twitter_site":"@ygourven","twitter_misc":{"\u00c9crit par":"Yann Gourvennec","Dur\u00e9e de lecture estim\u00e9e":"15 minutes"},"schema":{"@context":"https:\/\/schema.org","@graph":[{"@type":"NewsArticle","@id":"https:\/\/visionarymarketing.com\/fr\/2008\/02\/10\/pme-tic\/#article","isPartOf":{"@id":"https:\/\/visionarymarketing.com\/fr\/2008\/02\/10\/pme-tic\/"},"author":{"name":"Yann Gourvennec","@id":"https:\/\/visionarymarketing.com\/fr\/#\/schema\/person\/3754fee1e558f47b8deb46f53c37423e"},"headline":"usage des TIC dans les PME avec Philippe Lemoine et autres experts","datePublished":"2008-02-10T08:43:56+00:00","dateModified":"2021-04-23T13:13:11+00:00","mainEntityOfPage":{"@id":"https:\/\/visionarymarketing.com\/fr\/2008\/02\/10\/pme-tic\/"},"wordCount":3211,"commentCount":7,"image":{"@id":"https:\/\/visionarymarketing.com\/fr\/2008\/02\/10\/pme-tic\/#primaryimage"},"thumbnailUrl":"https:\/\/visionarymarketing.com\/wp-content\/uploads\/2008\/02\/50001362161_583a86b163_c-e1596817449688.jpg","articleSection":["e-business \/ e-commerce"],"inLanguage":"fr-FR","potentialAction":[{"@type":"CommentAction","name":"Comment","target":["https:\/\/visionarymarketing.com\/fr\/2008\/02\/10\/pme-tic\/#respond"]}]},{"@type":"WebPage","@id":"https:\/\/visionarymarketing.com\/fr\/2008\/02\/10\/pme-tic\/","url":"https:\/\/visionarymarketing.com\/fr\/2008\/02\/10\/pme-tic\/","name":"usage des TIC dans les PME avec Philippe Lemoine et autres experts","isPartOf":{"@id":"https:\/\/visionarymarketing.com\/fr\/#website"},"primaryImageOfPage":{"@id":"https:\/\/visionarymarketing.com\/fr\/2008\/02\/10\/pme-tic\/#primaryimage"},"image":{"@id":"https:\/\/visionarymarketing.com\/fr\/2008\/02\/10\/pme-tic\/#primaryimage"},"thumbnailUrl":"https:\/\/visionarymarketing.com\/wp-content\/uploads\/2008\/02\/50001362161_583a86b163_c-e1596817449688.jpg","datePublished":"2008-02-10T08:43:56+00:00","dateModified":"2021-04-23T13:13:11+00:00","author":{"@id":"https:\/\/visionarymarketing.com\/fr\/#\/schema\/person\/3754fee1e558f47b8deb46f53c37423e"},"description":"Usage des TIC dans les TPE et les PME au travers de cette conf\u00e9rence de 2008 dans laquelle Philippe Lemoine a dress\u00e9 un panorama des usages","breadcrumb":{"@id":"https:\/\/visionarymarketing.com\/fr\/2008\/02\/10\/pme-tic\/#breadcrumb"},"inLanguage":"fr-FR","potentialAction":[{"@type":"ReadAction","target":["https:\/\/visionarymarketing.com\/fr\/2008\/02\/10\/pme-tic\/"]}]},{"@type":"ImageObject","inLanguage":"fr-FR","@id":"https:\/\/visionarymarketing.com\/fr\/2008\/02\/10\/pme-tic\/#primaryimage","url":"https:\/\/visionarymarketing.com\/wp-content\/uploads\/2008\/02\/50001362161_583a86b163_c-e1596817449688.jpg","contentUrl":"https:\/\/visionarymarketing.com\/wp-content\/uploads\/2008\/02\/50001362161_583a86b163_c-e1596817449688.jpg","width":519,"height":340},{"@type":"BreadcrumbList","@id":"https:\/\/visionarymarketing.com\/fr\/2008\/02\/10\/pme-tic\/#breadcrumb","itemListElement":[{"@type":"ListItem","position":1,"name":"Home","item":"https:\/\/visionarymarketing.com\/fr\/"},{"@type":"ListItem","position":2,"name":"usage des TIC dans les PME avec Philippe Lemoine et autres experts"}]},{"@type":"WebSite","@id":"https:\/\/visionarymarketing.com\/fr\/#website","url":"https:\/\/visionarymarketing.com\/fr\/","name":"Marketing and Innovation","description":"Site d&#039;infos ind\u00e9pendant, depuis 1996","potentialAction":[{"@type":"SearchAction","target":{"@type":"EntryPoint","urlTemplate":"https:\/\/visionarymarketing.com\/fr\/?s={search_term_string}"},"query-input":{"@type":"PropertyValueSpecification","valueRequired":true,"valueName":"search_term_string"}}],"inLanguage":"fr-FR"},{"@type":"Person","@id":"https:\/\/visionarymarketing.com\/fr\/#\/schema\/person\/3754fee1e558f47b8deb46f53c37423e","name":"Yann Gourvennec","image":{"@type":"ImageObject","inLanguage":"fr-FR","@id":"https:\/\/secure.gravatar.com\/avatar\/5972001801e8de5692a3e31224e85769f50a55fb8b679749f9c8d1868cceff14?s=96&d=initials&r=g&initials=yg","url":"https:\/\/secure.gravatar.com\/avatar\/5972001801e8de5692a3e31224e85769f50a55fb8b679749f9c8d1868cceff14?s=96&d=initials&r=g&initials=yg","contentUrl":"https:\/\/secure.gravatar.com\/avatar\/5972001801e8de5692a3e31224e85769f50a55fb8b679749f9c8d1868cceff14?s=96&d=initials&r=g&initials=yg","caption":"Yann Gourvennec"},"description":"Yann Gourvennec created visionarymarketing.com in 1996. He is a speaker and author of many books. In 2014 he went from intrapreneur to entrepreneur, when he created his digital marketing agency. Yann Gourvennec a cr\u00e9\u00e9 visionarymarketing.com en 1996. Il est conf\u00e9rencier et auteur de plusieurs livres. En 2014, il est pass\u00e9 d'intrapreneur \u00e0 entrepreneur en cr\u00e9ant son agence de marketing num\u00e9rique.","sameAs":["https:\/\/visionarymarketing.com","http:\/\/facebook.com\/ygourven","http:\/\/linkedin.com\/in\/ygourven","https:\/\/x.com\/ygourven","https:\/\/www.youtube.com\/c\/visionarymarketingagency"],"url":"https:\/\/visionarymarketing.com\/fr\/author\/yann-gourvennec\/"}]}},"_links":{"self":[{"href":"https:\/\/visionarymarketing.com\/fr\/wp-json\/wp\/v2\/posts\/555","targetHints":{"allow":["GET"]}}],"collection":[{"href":"https:\/\/visionarymarketing.com\/fr\/wp-json\/wp\/v2\/posts"}],"about":[{"href":"https:\/\/visionarymarketing.com\/fr\/wp-json\/wp\/v2\/types\/post"}],"author":[{"embeddable":true,"href":"https:\/\/visionarymarketing.com\/fr\/wp-json\/wp\/v2\/users\/2"}],"replies":[{"embeddable":true,"href":"https:\/\/visionarymarketing.com\/fr\/wp-json\/wp\/v2\/comments?post=555"}],"version-history":[{"count":0,"href":"https:\/\/visionarymarketing.com\/fr\/wp-json\/wp\/v2\/posts\/555\/revisions"}],"wp:featuredmedia":[{"embeddable":true,"href":"https:\/\/visionarymarketing.com\/fr\/wp-json\/wp\/v2\/media\/54786"}],"wp:attachment":[{"href":"https:\/\/visionarymarketing.com\/fr\/wp-json\/wp\/v2\/media?parent=555"}],"wp:term":[{"taxonomy":"category","embeddable":true,"href":"https:\/\/visionarymarketing.com\/fr\/wp-json\/wp\/v2\/categories?post=555"},{"taxonomy":"post_tag","embeddable":true,"href":"https:\/\/visionarymarketing.com\/fr\/wp-json\/wp\/v2\/tags?post=555"}],"curies":[{"name":"wp","href":"https:\/\/api.w.org\/{rel}","templated":true}]}}